{"id":56285,"date":"2025-11-29T22:22:00","date_gmt":"2025-11-29T22:22:00","guid":{"rendered":"https:\/\/bceco.cd\/?p=55559"},"modified":"2025-12-23T17:22:01","modified_gmt":"2025-12-23T16:22:01","slug":"construction-et-rehabilitation-de-la-voirie-urbaine-de-kinshasa-jean-mabi-annonce-pour-decembre-la-fin-des-travaux-de-voirie-autour-du-marche-central","status":"publish","type":"post","link":"https:\/\/ikar.dev\/bceco-v2\/construction-et-rehabilitation-de-la-voirie-urbaine-de-kinshasa-jean-mabi-annonce-pour-decembre-la-fin-des-travaux-de-voirie-autour-du-marche-central\/","title":{"rendered":"Construction et r\u00e9habilitation de la voirie urbaine de Kinshasa : Jean Mabi annonce pour D\u00e9cembre la fin des travaux de voirie autour du march\u00e9 Central !"},"content":{"rendered":"\t\t<div data-elementor-type=\"wp-post\" data-elementor-id=\"56285\" class=\"elementor elementor-56285\" data-elementor-post-type=\"post\">\n\t\t\t\t\t\t<section class=\"elementor-section elementor-top-section elementor-element elementor-element-3b4ef288 elementor-section-boxed elementor-section-height-default elementor-section-height-default\" data-id=\"3b4ef288\" data-element_type=\"section\" data-e-type=\"section\">\n\t\t\t\t\t\t<div class=\"elementor-container elementor-column-gap-default\">\n\t\t\t\t\t<div class=\"elementor-column elementor-col-100 elementor-top-column elementor-element elementor-element-10145a38\" data-id=\"10145a38\" data-element_type=\"column\" data-e-type=\"column\">\n\t\t\t<div class=\"elementor-widget-wrap elementor-element-populated\">\n\t\t\t\t\t\t<div class=\"elementor-element elementor-element-56c30c9d elementor-widget elementor-widget-text-editor\" data-id=\"56c30c9d\" data-element_type=\"widget\" data-e-type=\"widget\" data-widget_type=\"text-editor.default\">\n\t\t\t\t\t\t\t\t\t\n<p>Samedi 29 novembre 2025 n&#8217;\u00e9tait pas de tout repos pour le Directeur G\u00e9n\u00e9ral du Bureau central de coordination BCECO qui n&#8217;a pas d\u00e9rog\u00e9 \u00e0 la r\u00e8gle de suivre l&#8217;\u00e9volution des travaux sur terrain.<\/p>\n\n\n\n<p>Jean Mabi qui a mis sa casquette d&#8217;inspecteur des chantiers a commenc\u00e9 sa visite sur l&#8217;avenue de la lib\u00e9ration ex 24 novembre au niveau du rond point kimbondo o\u00f9 il a rencontr\u00e9 les ing\u00e9nieurs de l&#8217;Entreprise Malta Forest qui lui ont fourni toutes les informations sur l&#8217;\u00e9tat d&#8217;avancement des travaux, et aussi les difficult\u00e9s rencontr\u00e9es sur cet axe longue de plus de 8km allant du rond point molaert jusqu&#8217;au rond UPN.<\/p>\n\n\n\n<figure class=\"wp-block-image size-full\"><img decoding=\"async\" src=\"https:\/\/bceco.cd\/wp-content\/uploads\/2025\/12\/9F2A6094.jpg\" alt=\"\" class=\"wp-image-55561\"\/><\/figure>\n\n\n\n<p>Le cap est mis ensuite sur l&#8217;avenue kasa- vubu en son croisement avec l&#8217;avenue de l&#8217;enseignement o\u00f9 la route est b\u00e9tonn\u00e9e. Ici, les ouvriers sont \u00e0 pied d&#8217;oeuvre pour les travaux de finissage ainsi que le trottoir.<\/p>\n\n\n\n<p>L&#8217;avenue Nyangwe qui va de l&#8217;avenue de la lib\u00e9ration ex 24 novembre \u00e0 l&#8217;avenue des huilleries, passera de 2 \u00e0 4 bandes. Sur place le projet avance bien. De l&#8217;avenue major \u00e0 l&#8217;avenue des assassins, l&#8217;entreprise \u00e0 entam\u00e9 la couche de structure.<\/p>\n\n\n\n<p>Au niveau de kalembelembe et Kutu, l&#8217;assainissement se poursuit et aussi les travaux de la chauss\u00e9e ont d\u00e9but\u00e9.<\/p>\n\n\n\n<p>La visite s&#8217;est poursuivi sur le tron\u00e7on itaga 2, l\u00e0 encore les travaux sont \u00e0 la fin, m\u00eame le trottoir est en pleine construction.<\/p>\n\n\n\n<p>La Bourgoumestre adjointe de lingwala venue suivre l&#8217;avancement des travaux, appelle ses administr\u00e9s au civisme pour garder la commune propre. Elle rench\u00e9rit en disant que les r\u00e9calcitrants paieront de lourdes amendes.<\/p>\n\n\n\n<figure class=\"wp-block-image size-full\"><img decoding=\"async\" src=\"https:\/\/bceco.cd\/wp-content\/uploads\/2025\/12\/9F2A6154.jpg\" alt=\"\" class=\"wp-image-55567\"\/><\/figure>\n\n\n\n<p>D&#8217;une commune \u00e0 une autre, la d\u00e9l\u00e9gation a travers\u00e9 l&#8217;avenue des huilleries pour entrer dans la commune de kinshasa, et retrouver l&#8217;avenue rwakading o\u00f9 les travaux de b\u00e9tonnage sont pr\u00e8sque termin\u00e9s.<\/p>\n\n\n\n<p>Plusieurs autres art\u00e8res qui donnent acc\u00e8s au grand March\u00e9 sont \u00e9galement b\u00e9tonn\u00e9es.<\/p>\n\n\n\n<p>Jean Mabi Mulumba est aussi pass\u00e9 sur l&#8217;avenue kabasele ex flambeau qui conna\u00eet quelques soucis li\u00e9s aux r\u00e9seaux de la SNEL et la REGIDESO.<br>Selon l&#8217;ing\u00e9nieur Cyrielle Nyamabo, 1.2 km sont d\u00e9j\u00e0 asphalt\u00e9s, 500m de lin\u00e9aire de caniveaux construits, 500m de trottoir, 45m de travers\u00e9 construits. Ici encore les c\u00e2bles de la SNEL moyenne tension constituent un blocage \u00e0 l&#8217;avanc\u00e9e des travaux.<\/p>\n\n\n\n<p>L&#8217;avenue de l&#8217;a\u00e9rodrome au niveau de Ndolo a aussi \u00e9t\u00e9 visit\u00e9, axe croisement kabinda- flambeau, et kabinda-kasa- vubu long de3, 7 km, les assainissements sont en cours de r\u00e9alisation.<br>Sur Kabambare, dans son troncon rond point Kabambare avec flambeau, le b\u00e9tonnage est d\u00e9j\u00e0 termin\u00e9 et d&#8217;autres partie subissent les \u00e9tapes essentielles avant le b\u00e9tonnage.<\/p>\n\n\n\n<figure class=\"wp-block-image size-full\"><img decoding=\"async\" src=\"https:\/\/bceco.cd\/wp-content\/uploads\/2025\/12\/9F2A6380.jpg\" alt=\"\" class=\"wp-image-55580\"\/><\/figure>\n\n\n\n<p>Quant \u00e0 l&#8217;avenue kabinda , elle est totalement b\u00e9tonn\u00e9e allant de l&#8217;avenue des huilleries jusqu&#8217;\u00e0 son croisement avec l&#8217;avenue kabasele ex flambeau, \u00e0 l&#8217;exception de quelques zones o\u00f9 logent encore les tuyaux de la REGIDESO et les c\u00e2bles de la SNEL.<\/p>\n\n\n\n<p>Au terme de cette ronde de plus de 6 heures, le Directeur G\u00e9n\u00e9ral du BCECO Jean Mabi Mulumba s&#8217;est dit satisfait de l&#8217;\u00e9volution des travaux et annonce par la m\u00eame occasion que toutes les routes environnant le grand March\u00e9 seront pr\u00eates d&#8217;ici fin d\u00e9cembre, d&#8217;o\u00f9 l&#8217;ouverture imminente de ce March\u00e9, mais souligne tout de m\u00eame que cette question rel\u00e8ve de la comp\u00e9tence de l&#8217;autorit\u00e9 provinciale.<\/p>\n\n\n\n<figure class=\"wp-block-image size-full\"><img decoding=\"async\" src=\"https:\/\/bceco.cd\/wp-content\/uploads\/2025\/12\/9F2A6314.jpg\" alt=\"\" class=\"wp-image-55574\"\/><\/figure>\n\n\n\n<p><\/p>\n\t\t\t\t\t\t\t\t<\/div>\n\t\t\t\t\t<\/div>\n\t\t<\/div>\n\t\t\t\t\t<\/div>\n\t\t<\/section>\n\t\t\t\t<section class=\"elementor-section elementor-top-section elementor-element elementor-element-359a12e elementor-section-boxed elementor-section-height-default elementor-section-height-default\" data-id=\"359a12e\" data-element_type=\"section\" data-e-type=\"section\">\n\t\t\t\t\t\t<div class=\"elementor-container elementor-column-gap-default\">\n\t\t\t\t\t<div class=\"elementor-column elementor-col-100 elementor-top-column elementor-element elementor-element-c24cfa8\" data-id=\"c24cfa8\" data-element_type=\"column\" data-e-type=\"column\">\n\t\t\t<div class=\"elementor-widget-wrap elementor-element-populated\">\n\t\t\t\t\t\t<div class=\"elementor-element elementor-element-cddb0da elementor-arrows-position-inside elementor-pagination-position-outside elementor-widget elementor-widget-image-carousel\" data-id=\"cddb0da\" data-element_type=\"widget\" data-e-type=\"widget\" data-settings=\"{&quot;slides_to_show&quot;:&quot;1&quot;,&quot;navigation&quot;:&quot;both&quot;,&quot;autoplay&quot;:&quot;yes&quot;,&quot;pause_on_hover&quot;:&quot;yes&quot;,&quot;pause_on_interaction&quot;:&quot;yes&quot;,&quot;autoplay_speed&quot;:5000,&quot;infinite&quot;:&quot;yes&quot;,&quot;effect&quot;:&quot;slide&quot;,&quot;speed&quot;:500}\" data-widget_type=\"image-carousel.default\">\n\t\t\t\t\t\t\t<div class=\"elementor-image-carousel-wrapper swiper\" role=\"region\" aria-roledescription=\"carousel\" aria-label=\"Image Carousel\" dir=\"ltr\">\n\t\t\t<div class=\"elementor-image-carousel swiper-wrapper\" aria-live=\"off\">\n\t\t\t\t\t\t\t\t<div class=\"swiper-slide\" role=\"group\" aria-roledescription=\"slide\" aria-label=\"1 of 20\"><figure class=\"swiper-slide-inner\"><img decoding=\"async\" class=\"swiper-slide-image\" src=\"https:\/\/ikar.dev\/bceco-v2\/wp-content\/uploads\/2025\/09\/BOKASA-2-1-80x80.jpg\" alt=\"BOKASA (2)\" \/><\/figure><\/div><div class=\"swiper-slide\" role=\"group\" aria-roledescription=\"slide\" aria-label=\"2 of 20\"><figure class=\"swiper-slide-inner\"><img decoding=\"async\" class=\"swiper-slide-image\" src=\"https:\/\/ikar.dev\/bceco-v2\/wp-content\/uploads\/2025\/09\/BOKASA-3-1-80x80.jpg\" alt=\"BOKASA (3)\" \/><\/figure><\/div><div class=\"swiper-slide\" role=\"group\" aria-roledescription=\"slide\" aria-label=\"3 of 20\"><figure class=\"swiper-slide-inner\"><img decoding=\"async\" class=\"swiper-slide-image\" src=\"https:\/\/ikar.dev\/bceco-v2\/wp-content\/uploads\/2025\/09\/FLAMBEAU-1-1-80x80.jpg\" alt=\"FLAMBEAU (1)\" \/><\/figure><\/div><div class=\"swiper-slide\" role=\"group\" aria-roledescription=\"slide\" aria-label=\"4 of 20\"><figure class=\"swiper-slide-inner\"><img decoding=\"async\" class=\"swiper-slide-image\" src=\"https:\/\/ikar.dev\/bceco-v2\/wp-content\/uploads\/2025\/09\/FLAMBEAU-2-1-80x80.jpg\" alt=\"FLAMBEAU (2)\" \/><\/figure><\/div><div class=\"swiper-slide\" role=\"group\" aria-roledescription=\"slide\" aria-label=\"5 of 20\"><figure class=\"swiper-slide-inner\"><img decoding=\"async\" class=\"swiper-slide-image\" src=\"https:\/\/ikar.dev\/bceco-v2\/wp-content\/uploads\/2025\/09\/FLAMBEAU-5-1-80x80.jpg\" alt=\"FLAMBEAU (5)\" \/><\/figure><\/div><div class=\"swiper-slide\" role=\"group\" aria-roledescription=\"slide\" aria-label=\"6 of 20\"><figure class=\"swiper-slide-inner\"><img decoding=\"async\" class=\"swiper-slide-image\" src=\"https:\/\/ikar.dev\/bceco-v2\/wp-content\/uploads\/2025\/09\/ITANGA-2-1-1-80x80.jpg\" alt=\"ITANGA 2 (1)\" \/><\/figure><\/div><div class=\"swiper-slide\" role=\"group\" aria-roledescription=\"slide\" aria-label=\"7 of 20\"><figure class=\"swiper-slide-inner\"><img decoding=\"async\" class=\"swiper-slide-image\" src=\"https:\/\/ikar.dev\/bceco-v2\/wp-content\/uploads\/2025\/09\/ITANGA-2-2-1-80x80.jpg\" alt=\"ITANGA 2 (2)\" \/><\/figure><\/div><div class=\"swiper-slide\" role=\"group\" aria-roledescription=\"slide\" aria-label=\"8 of 20\"><figure class=\"swiper-slide-inner\"><img decoding=\"async\" class=\"swiper-slide-image\" src=\"https:\/\/ikar.dev\/bceco-v2\/wp-content\/uploads\/2025\/09\/KABINDA-1-1-80x80.jpg\" alt=\"KABINDA (1)\" \/><\/figure><\/div><div class=\"swiper-slide\" role=\"group\" aria-roledescription=\"slide\" aria-label=\"9 of 20\"><figure class=\"swiper-slide-inner\"><img decoding=\"async\" class=\"swiper-slide-image\" src=\"https:\/\/ikar.dev\/bceco-v2\/wp-content\/uploads\/2025\/09\/KABINDA-2-1-80x80.jpg\" alt=\"KABINDA (2)\" \/><\/figure><\/div><div class=\"swiper-slide\" role=\"group\" aria-roledescription=\"slide\" aria-label=\"10 of 20\"><figure class=\"swiper-slide-inner\"><img decoding=\"async\" class=\"swiper-slide-image\" src=\"https:\/\/ikar.dev\/bceco-v2\/wp-content\/uploads\/2025\/09\/KABINDA-3-1-80x80.jpg\" alt=\"KABINDA (3)\" \/><\/figure><\/div><div class=\"swiper-slide\" role=\"group\" aria-roledescription=\"slide\" aria-label=\"11 of 20\"><figure class=\"swiper-slide-inner\"><img decoding=\"async\" class=\"swiper-slide-image\" src=\"https:\/\/ikar.dev\/bceco-v2\/wp-content\/uploads\/2025\/09\/LIBERATION-1-1-80x80.jpg\" alt=\"LIBERATION (1)\" \/><\/figure><\/div><div class=\"swiper-slide\" role=\"group\" aria-roledescription=\"slide\" aria-label=\"12 of 20\"><figure class=\"swiper-slide-inner\"><img decoding=\"async\" class=\"swiper-slide-image\" src=\"https:\/\/ikar.dev\/bceco-v2\/wp-content\/uploads\/2025\/09\/LIBERATION-2-1-80x80.jpg\" alt=\"LIBERATION (2)\" \/><\/figure><\/div><div class=\"swiper-slide\" role=\"group\" aria-roledescription=\"slide\" aria-label=\"13 of 20\"><figure class=\"swiper-slide-inner\"><img decoding=\"async\" class=\"swiper-slide-image\" src=\"https:\/\/ikar.dev\/bceco-v2\/wp-content\/uploads\/2025\/11\/9F2A6052-80x80.jpg\" alt=\"9F2A6052\" \/><\/figure><\/div><div class=\"swiper-slide\" role=\"group\" aria-roledescription=\"slide\" aria-label=\"14 of 20\"><figure class=\"swiper-slide-inner\"><img decoding=\"async\" class=\"swiper-slide-image\" src=\"https:\/\/ikar.dev\/bceco-v2\/wp-content\/uploads\/2025\/11\/9F2A6037-80x80.jpg\" alt=\"9F2A6037\" \/><\/figure><\/div><div class=\"swiper-slide\" role=\"group\" aria-roledescription=\"slide\" aria-label=\"15 of 20\"><figure class=\"swiper-slide-inner\"><img decoding=\"async\" class=\"swiper-slide-image\" src=\"https:\/\/ikar.dev\/bceco-v2\/wp-content\/uploads\/2025\/11\/9F2A6038-80x80.jpg\" alt=\"9F2A6038\" \/><\/figure><\/div><div class=\"swiper-slide\" role=\"group\" aria-roledescription=\"slide\" aria-label=\"16 of 20\"><figure class=\"swiper-slide-inner\"><img decoding=\"async\" class=\"swiper-slide-image\" src=\"https:\/\/ikar.dev\/bceco-v2\/wp-content\/uploads\/2025\/11\/9F2A6047-80x80.jpg\" alt=\"9F2A6047\" \/><\/figure><\/div><div class=\"swiper-slide\" role=\"group\" aria-roledescription=\"slide\" aria-label=\"17 of 20\"><figure class=\"swiper-slide-inner\"><img decoding=\"async\" class=\"swiper-slide-image\" src=\"https:\/\/ikar.dev\/bceco-v2\/wp-content\/uploads\/2025\/12\/9F2A6356-80x80.jpg\" alt=\"9F2A6356\" \/><\/figure><\/div><div class=\"swiper-slide\" role=\"group\" aria-roledescription=\"slide\" aria-label=\"18 of 20\"><figure class=\"swiper-slide-inner\"><img decoding=\"async\" class=\"swiper-slide-image\" src=\"https:\/\/ikar.dev\/bceco-v2\/wp-content\/uploads\/2025\/12\/9F2A6375-80x80.jpg\" alt=\"9F2A6375\" \/><\/figure><\/div><div class=\"swiper-slide\" role=\"group\" aria-roledescription=\"slide\" aria-label=\"19 of 20\"><figure class=\"swiper-slide-inner\"><img decoding=\"async\" class=\"swiper-slide-image\" src=\"https:\/\/ikar.dev\/bceco-v2\/wp-content\/uploads\/2025\/12\/9F2A6380-80x80.jpg\" alt=\"9F2A6380\" \/><\/figure><\/div><div class=\"swiper-slide\" role=\"group\" aria-roledescription=\"slide\" aria-label=\"20 of 20\"><figure class=\"swiper-slide-inner\"><img decoding=\"async\" class=\"swiper-slide-image\" src=\"https:\/\/ikar.dev\/bceco-v2\/wp-content\/uploads\/2025\/12\/9F2A6379-80x80.jpg\" alt=\"9F2A6379\" \/><\/figure><\/div>\t\t\t<\/div>\n\t\t\t\t\t\t\t\t\t\t\t\t<div class=\"elementor-swiper-button elementor-swiper-button-prev\" role=\"button\" tabindex=\"0\">\n\t\t\t\t\t\t<svg aria-hidden=\"true\" class=\"e-font-icon-svg e-eicon-chevron-left\" viewBox=\"0 0 1000 1000\" xmlns=\"http:\/\/www.w3.org\/2000\/svg\"><path d=\"M646 125C629 125 613 133 604 142L308 442C296 454 292 471 292 487 292 504 296 521 308 533L604 854C617 867 629 875 646 875 663 875 679 871 692 858 704 846 713 829 713 812 713 796 708 779 692 767L438 487 692 225C700 217 708 204 708 187 708 171 704 154 692 142 675 129 663 125 646 125Z\"><\/path><\/svg>\t\t\t\t\t<\/div>\n\t\t\t\t\t<div class=\"elementor-swiper-button elementor-swiper-button-next\" role=\"button\" tabindex=\"0\">\n\t\t\t\t\t\t<svg aria-hidden=\"true\" class=\"e-font-icon-svg e-eicon-chevron-right\" viewBox=\"0 0 1000 1000\" xmlns=\"http:\/\/www.w3.org\/2000\/svg\"><path d=\"M696 533C708 521 713 504 713 487 713 471 708 454 696 446L400 146C388 133 375 125 354 125 338 125 325 129 313 142 300 154 292 171 292 187 292 204 296 221 308 233L563 492 304 771C292 783 288 800 288 817 288 833 296 850 308 863 321 871 338 875 354 875 371 875 388 867 400 854L696 533Z\"><\/path><\/svg>\t\t\t\t\t<\/div>\n\t\t\t\t\n\t\t\t\t\t\t\t\t\t<div class=\"swiper-pagination\"><\/div>\n\t\t\t\t\t\t\t\t\t<\/div>\n\t\t\t\t\t\t<\/div>\n\t\t\t\t\t<\/div>\n\t\t<\/div>\n\t\t\t\t\t<\/div>\n\t\t<\/section>\n\t\t\t\t<\/div>\n\t\t","protected":false},"excerpt":{"rendered":"<p>Samedi 29 novembre 2025 n&#8217;\u00e9tait pas de tout repos pour le Directeur G\u00e9n\u00e9ral du Bureau central de coordination BCECO qui n&#8217;a pas d\u00e9rog\u00e9 \u00e0 la r\u00e8gle de suivre l&#8217;\u00e9volution des travaux sur terrain. Jean Mabi qui a mis sa casquette d&#8217;inspecteur des chantiers a commenc\u00e9 sa visite sur l&#8217;avenue de la lib\u00e9ration ex 24 novembre<\/p>\n","protected":false},"author":1,"featured_media":56289,"comment_status":"open","ping_status":"open","sticky":false,"template":"","format":"standard","meta":{"footnotes":""},"categories":[69,62,63],"tags":[],"class_list":["post-56285","post","type-post","status-publish","format-standard","has-post-thumbnail","hentry","category-actualites","category-developpement","category-infrastructures"],"yoast_head":"<!-- This site is optimized with the Yoast SEO plugin v27.0 - https:\/\/yoast.com\/product\/yoast-seo-wordpress\/ -->\n<title>Construction et r\u00e9habilitation de la voirie urbaine de Kinshasa : Jean Mabi annonce pour D\u00e9cembre la fin des travaux de voirie autour du march\u00e9 Central ! - Bureau Central de Coordination<\/title>\n<meta name=\"description\" content=\"Construction et r\u00e9habilitation de la voirie urbaine de Kinshasa : Jean Mabi annonce pour D\u00e9cembre la fin des travaux de voirie autour du march\u00e9 Central !\" \/>\n<meta name=\"robots\" content=\"index, follow, max-snippet:-1, max-image-preview:large, max-video-preview:-1\" \/>\n<link rel=\"canonical\" href=\"https:\/\/ikar.dev\/bceco-v2\/construction-et-rehabilitation-de-la-voirie-urbaine-de-kinshasa-jean-mabi-annonce-pour-decembre-la-fin-des-travaux-de-voirie-autour-du-marche-central\/\" \/>\n<meta property=\"og:locale\" content=\"en_US\" \/>\n<meta property=\"og:type\" content=\"article\" \/>\n<meta property=\"og:title\" content=\"Construction et r\u00e9habilitation de la voirie urbaine de Kinshasa : Jean Mabi annonce pour D\u00e9cembre la fin des travaux de voirie autour du march\u00e9 Central ! - Bureau Central de Coordination\" \/>\n<meta property=\"og:description\" content=\"Construction et r\u00e9habilitation de la voirie urbaine de Kinshasa : Jean Mabi annonce pour D\u00e9cembre la fin des travaux de voirie autour du march\u00e9 Central !\" \/>\n<meta property=\"og:url\" content=\"https:\/\/ikar.dev\/bceco-v2\/construction-et-rehabilitation-de-la-voirie-urbaine-de-kinshasa-jean-mabi-annonce-pour-decembre-la-fin-des-travaux-de-voirie-autour-du-marche-central\/\" \/>\n<meta property=\"og:site_name\" content=\"Bureau Central de Coordination\" \/>\n<meta property=\"article:publisher\" content=\"https:\/\/www.facebook.com\/BCeCoRDC\" \/>\n<meta property=\"article:published_time\" content=\"2025-11-29T22:22:00+00:00\" \/>\n<meta property=\"article:modified_time\" content=\"2025-12-23T16:22:01+00:00\" \/>\n<meta property=\"og:image\" content=\"https:\/\/ikar.dev\/bceco-v2\/wp-content\/uploads\/2025\/12\/9F2A6358-scaled.jpg\" \/>\n\t<meta property=\"og:image:width\" content=\"2560\" \/>\n\t<meta property=\"og:image:height\" content=\"1707\" \/>\n\t<meta property=\"og:image:type\" content=\"image\/jpeg\" \/>\n<meta name=\"author\" content=\"bceco\" \/>\n<meta name=\"twitter:card\" content=\"summary_large_image\" \/>\n<meta name=\"twitter:creator\" content=\"@BCeCoRDC\" \/>\n<meta name=\"twitter:site\" content=\"@BCeCoRDC\" \/>\n<meta name=\"twitter:label1\" content=\"Written by\" \/>\n\t<meta name=\"twitter:data1\" content=\"bceco\" \/>\n\t<meta name=\"twitter:label2\" content=\"Est. reading time\" \/>\n\t<meta name=\"twitter:data2\" content=\"8 minutes\" \/>\n<script type=\"application\/ld+json\" class=\"yoast-schema-graph\">{\"@context\":\"https:\/\/schema.org\",\"@graph\":[{\"@type\":\"Article\",\"@id\":\"https:\/\/ikar.dev\/bceco-v2\/construction-et-rehabilitation-de-la-voirie-urbaine-de-kinshasa-jean-mabi-annonce-pour-decembre-la-fin-des-travaux-de-voirie-autour-du-marche-central\/#article\",\"isPartOf\":{\"@id\":\"https:\/\/ikar.dev\/bceco-v2\/construction-et-rehabilitation-de-la-voirie-urbaine-de-kinshasa-jean-mabi-annonce-pour-decembre-la-fin-des-travaux-de-voirie-autour-du-marche-central\/\"},\"author\":{\"name\":\"bceco\",\"@id\":\"https:\/\/ikar.dev\/bceco-v2\/#\/schema\/person\/6ee74807ffb016a78852fec6a295d503\"},\"headline\":\"Construction et r\u00e9habilitation de la voirie urbaine de Kinshasa : Jean Mabi annonce pour D\u00e9cembre la fin des travaux de voirie autour du march\u00e9 Central !\",\"datePublished\":\"2025-11-29T22:22:00+00:00\",\"dateModified\":\"2025-12-23T16:22:01+00:00\",\"mainEntityOfPage\":{\"@id\":\"https:\/\/ikar.dev\/bceco-v2\/construction-et-rehabilitation-de-la-voirie-urbaine-de-kinshasa-jean-mabi-annonce-pour-decembre-la-fin-des-travaux-de-voirie-autour-du-marche-central\/\"},\"wordCount\":618,\"commentCount\":0,\"publisher\":{\"@id\":\"https:\/\/ikar.dev\/bceco-v2\/#organization\"},\"image\":{\"@id\":\"https:\/\/ikar.dev\/bceco-v2\/construction-et-rehabilitation-de-la-voirie-urbaine-de-kinshasa-jean-mabi-annonce-pour-decembre-la-fin-des-travaux-de-voirie-autour-du-marche-central\/#primaryimage\"},\"thumbnailUrl\":\"https:\/\/ikar.dev\/bceco-v2\/wp-content\/uploads\/2025\/12\/9F2A6358-scaled.jpg\",\"articleSection\":[\"Actualit\u00e9s\",\"D\u00e9veloppement\",\"Infrastructures\"],\"inLanguage\":\"en-US\",\"potentialAction\":[{\"@type\":\"CommentAction\",\"name\":\"Comment\",\"target\":[\"https:\/\/ikar.dev\/bceco-v2\/construction-et-rehabilitation-de-la-voirie-urbaine-de-kinshasa-jean-mabi-annonce-pour-decembre-la-fin-des-travaux-de-voirie-autour-du-marche-central\/#respond\"]}]},{\"@type\":\"WebPage\",\"@id\":\"https:\/\/ikar.dev\/bceco-v2\/construction-et-rehabilitation-de-la-voirie-urbaine-de-kinshasa-jean-mabi-annonce-pour-decembre-la-fin-des-travaux-de-voirie-autour-du-marche-central\/\",\"url\":\"https:\/\/ikar.dev\/bceco-v2\/construction-et-rehabilitation-de-la-voirie-urbaine-de-kinshasa-jean-mabi-annonce-pour-decembre-la-fin-des-travaux-de-voirie-autour-du-marche-central\/\",\"name\":\"Construction et r\u00e9habilitation de la voirie urbaine de Kinshasa : Jean Mabi annonce pour D\u00e9cembre la fin des travaux de voirie autour du march\u00e9 Central ! - Bureau Central de Coordination\",\"isPartOf\":{\"@id\":\"https:\/\/ikar.dev\/bceco-v2\/#website\"},\"primaryImageOfPage\":{\"@id\":\"https:\/\/ikar.dev\/bceco-v2\/construction-et-rehabilitation-de-la-voirie-urbaine-de-kinshasa-jean-mabi-annonce-pour-decembre-la-fin-des-travaux-de-voirie-autour-du-marche-central\/#primaryimage\"},\"image\":{\"@id\":\"https:\/\/ikar.dev\/bceco-v2\/construction-et-rehabilitation-de-la-voirie-urbaine-de-kinshasa-jean-mabi-annonce-pour-decembre-la-fin-des-travaux-de-voirie-autour-du-marche-central\/#primaryimage\"},\"thumbnailUrl\":\"https:\/\/ikar.dev\/bceco-v2\/wp-content\/uploads\/2025\/12\/9F2A6358-scaled.jpg\",\"datePublished\":\"2025-11-29T22:22:00+00:00\",\"dateModified\":\"2025-12-23T16:22:01+00:00\",\"description\":\"Construction et r\u00e9habilitation de la voirie urbaine de Kinshasa : Jean Mabi annonce pour D\u00e9cembre la fin des travaux de voirie autour du march\u00e9 Central !\",\"breadcrumb\":{\"@id\":\"https:\/\/ikar.dev\/bceco-v2\/construction-et-rehabilitation-de-la-voirie-urbaine-de-kinshasa-jean-mabi-annonce-pour-decembre-la-fin-des-travaux-de-voirie-autour-du-marche-central\/#breadcrumb\"},\"inLanguage\":\"en-US\",\"potentialAction\":[{\"@type\":\"ReadAction\",\"target\":[\"https:\/\/ikar.dev\/bceco-v2\/construction-et-rehabilitation-de-la-voirie-urbaine-de-kinshasa-jean-mabi-annonce-pour-decembre-la-fin-des-travaux-de-voirie-autour-du-marche-central\/\"]}]},{\"@type\":\"ImageObject\",\"inLanguage\":\"en-US\",\"@id\":\"https:\/\/ikar.dev\/bceco-v2\/construction-et-rehabilitation-de-la-voirie-urbaine-de-kinshasa-jean-mabi-annonce-pour-decembre-la-fin-des-travaux-de-voirie-autour-du-marche-central\/#primaryimage\",\"url\":\"https:\/\/ikar.dev\/bceco-v2\/wp-content\/uploads\/2025\/12\/9F2A6358-scaled.jpg\",\"contentUrl\":\"https:\/\/ikar.dev\/bceco-v2\/wp-content\/uploads\/2025\/12\/9F2A6358-scaled.jpg\",\"width\":2560,\"height\":1707},{\"@type\":\"BreadcrumbList\",\"@id\":\"https:\/\/ikar.dev\/bceco-v2\/construction-et-rehabilitation-de-la-voirie-urbaine-de-kinshasa-jean-mabi-annonce-pour-decembre-la-fin-des-travaux-de-voirie-autour-du-marche-central\/#breadcrumb\",\"itemListElement\":[{\"@type\":\"ListItem\",\"position\":1,\"name\":\"Accueil\",\"item\":\"https:\/\/ikar.dev\/bceco-v2\/\"},{\"@type\":\"ListItem\",\"position\":2,\"name\":\"Construction et r\u00e9habilitation de la voirie urbaine de Kinshasa : Jean Mabi annonce pour D\u00e9cembre la fin des travaux de voirie autour du march\u00e9 Central !\"}]},{\"@type\":\"WebSite\",\"@id\":\"https:\/\/ikar.dev\/bceco-v2\/#website\",\"url\":\"https:\/\/ikar.dev\/bceco-v2\/\",\"name\":\"Bureau Central de Coordination\",\"description\":\"B.Ce.Co \u2013 Au c\u0153ur de l\u2019ex\u00e9cution des projets de d\u00e9veloppement en RDC\",\"publisher\":{\"@id\":\"https:\/\/ikar.dev\/bceco-v2\/#organization\"},\"potentialAction\":[{\"@type\":\"SearchAction\",\"target\":{\"@type\":\"EntryPoint\",\"urlTemplate\":\"https:\/\/ikar.dev\/bceco-v2\/?s={search_term_string}\"},\"query-input\":{\"@type\":\"PropertyValueSpecification\",\"valueRequired\":true,\"valueName\":\"search_term_string\"}}],\"inLanguage\":\"en-US\"},{\"@type\":\"Organization\",\"@id\":\"https:\/\/ikar.dev\/bceco-v2\/#organization\",\"name\":\"Bureau Central de Coordination\",\"url\":\"https:\/\/ikar.dev\/bceco-v2\/\",\"logo\":{\"@type\":\"ImageObject\",\"inLanguage\":\"en-US\",\"@id\":\"https:\/\/ikar.dev\/bceco-v2\/#\/schema\/logo\/image\/\",\"url\":\"https:\/\/ikar.dev\/bceco-v2\/wp-content\/uploads\/2025\/12\/BCECO-Bureau-Central-de-Coordination.jpg\",\"contentUrl\":\"https:\/\/ikar.dev\/bceco-v2\/wp-content\/uploads\/2025\/12\/BCECO-Bureau-Central-de-Coordination.jpg\",\"width\":2048,\"height\":2048,\"caption\":\"Bureau Central de Coordination\"},\"image\":{\"@id\":\"https:\/\/ikar.dev\/bceco-v2\/#\/schema\/logo\/image\/\"},\"sameAs\":[\"https:\/\/www.facebook.com\/BCeCoRDC\",\"https:\/\/x.com\/BCeCoRDC\"]},{\"@type\":\"Person\",\"@id\":\"https:\/\/ikar.dev\/bceco-v2\/#\/schema\/person\/6ee74807ffb016a78852fec6a295d503\",\"name\":\"bceco\",\"image\":{\"@type\":\"ImageObject\",\"inLanguage\":\"en-US\",\"@id\":\"https:\/\/ikar.dev\/bceco-v2\/#\/schema\/person\/image\/\",\"url\":\"https:\/\/secure.gravatar.com\/avatar\/55c07e1707f50774ef3c842c9d074773a6b558a20fbd1608c8e4871bc88f3455?s=96&d=mm&r=g\",\"contentUrl\":\"https:\/\/secure.gravatar.com\/avatar\/55c07e1707f50774ef3c842c9d074773a6b558a20fbd1608c8e4871bc88f3455?s=96&d=mm&r=g\",\"caption\":\"bceco\"},\"sameAs\":[\"https:\/\/ikar.dev\/bceco-v2\"],\"url\":\"https:\/\/ikar.dev\/bceco-v2\/author\/bceco\/\"}]}<\/script>\n<!-- \/ Yoast SEO plugin. -->","yoast_head_json":{"title":"Construction et r\u00e9habilitation de la voirie urbaine de Kinshasa : Jean Mabi annonce pour D\u00e9cembre la fin des travaux de voirie autour du march\u00e9 Central ! - Bureau Central de Coordination","description":"Construction et r\u00e9habilitation de la voirie urbaine de Kinshasa : Jean Mabi annonce pour D\u00e9cembre la fin des travaux de voirie autour du march\u00e9 Central !","robots":{"index":"index","follow":"follow","max-snippet":"max-snippet:-1","max-image-preview":"max-image-preview:large","max-video-preview":"max-video-preview:-1"},"canonical":"https:\/\/ikar.dev\/bceco-v2\/construction-et-rehabilitation-de-la-voirie-urbaine-de-kinshasa-jean-mabi-annonce-pour-decembre-la-fin-des-travaux-de-voirie-autour-du-marche-central\/","og_locale":"en_US","og_type":"article","og_title":"Construction et r\u00e9habilitation de la voirie urbaine de Kinshasa : Jean Mabi annonce pour D\u00e9cembre la fin des travaux de voirie autour du march\u00e9 Central ! - Bureau Central de Coordination","og_description":"Construction et r\u00e9habilitation de la voirie urbaine de Kinshasa : Jean Mabi annonce pour D\u00e9cembre la fin des travaux de voirie autour du march\u00e9 Central !","og_url":"https:\/\/ikar.dev\/bceco-v2\/construction-et-rehabilitation-de-la-voirie-urbaine-de-kinshasa-jean-mabi-annonce-pour-decembre-la-fin-des-travaux-de-voirie-autour-du-marche-central\/","og_site_name":"Bureau Central de Coordination","article_publisher":"https:\/\/www.facebook.com\/BCeCoRDC","article_published_time":"2025-11-29T22:22:00+00:00","article_modified_time":"2025-12-23T16:22:01+00:00","og_image":[{"width":2560,"height":1707,"url":"https:\/\/ikar.dev\/bceco-v2\/wp-content\/uploads\/2025\/12\/9F2A6358-scaled.jpg","type":"image\/jpeg"}],"author":"bceco","twitter_card":"summary_large_image","twitter_creator":"@BCeCoRDC","twitter_site":"@BCeCoRDC","twitter_misc":{"Written by":"bceco","Est. reading time":"8 minutes"},"schema":{"@context":"https:\/\/schema.org","@graph":[{"@type":"Article","@id":"https:\/\/ikar.dev\/bceco-v2\/construction-et-rehabilitation-de-la-voirie-urbaine-de-kinshasa-jean-mabi-annonce-pour-decembre-la-fin-des-travaux-de-voirie-autour-du-marche-central\/#article","isPartOf":{"@id":"https:\/\/ikar.dev\/bceco-v2\/construction-et-rehabilitation-de-la-voirie-urbaine-de-kinshasa-jean-mabi-annonce-pour-decembre-la-fin-des-travaux-de-voirie-autour-du-marche-central\/"},"author":{"name":"bceco","@id":"https:\/\/ikar.dev\/bceco-v2\/#\/schema\/person\/6ee74807ffb016a78852fec6a295d503"},"headline":"Construction et r\u00e9habilitation de la voirie urbaine de Kinshasa : Jean Mabi annonce pour D\u00e9cembre la fin des travaux de voirie autour du march\u00e9 Central !","datePublished":"2025-11-29T22:22:00+00:00","dateModified":"2025-12-23T16:22:01+00:00","mainEntityOfPage":{"@id":"https:\/\/ikar.dev\/bceco-v2\/construction-et-rehabilitation-de-la-voirie-urbaine-de-kinshasa-jean-mabi-annonce-pour-decembre-la-fin-des-travaux-de-voirie-autour-du-marche-central\/"},"wordCount":618,"commentCount":0,"publisher":{"@id":"https:\/\/ikar.dev\/bceco-v2\/#organization"},"image":{"@id":"https:\/\/ikar.dev\/bceco-v2\/construction-et-rehabilitation-de-la-voirie-urbaine-de-kinshasa-jean-mabi-annonce-pour-decembre-la-fin-des-travaux-de-voirie-autour-du-marche-central\/#primaryimage"},"thumbnailUrl":"https:\/\/ikar.dev\/bceco-v2\/wp-content\/uploads\/2025\/12\/9F2A6358-scaled.jpg","articleSection":["Actualit\u00e9s","D\u00e9veloppement","Infrastructures"],"inLanguage":"en-US","potentialAction":[{"@type":"CommentAction","name":"Comment","target":["https:\/\/ikar.dev\/bceco-v2\/construction-et-rehabilitation-de-la-voirie-urbaine-de-kinshasa-jean-mabi-annonce-pour-decembre-la-fin-des-travaux-de-voirie-autour-du-marche-central\/#respond"]}]},{"@type":"WebPage","@id":"https:\/\/ikar.dev\/bceco-v2\/construction-et-rehabilitation-de-la-voirie-urbaine-de-kinshasa-jean-mabi-annonce-pour-decembre-la-fin-des-travaux-de-voirie-autour-du-marche-central\/","url":"https:\/\/ikar.dev\/bceco-v2\/construction-et-rehabilitation-de-la-voirie-urbaine-de-kinshasa-jean-mabi-annonce-pour-decembre-la-fin-des-travaux-de-voirie-autour-du-marche-central\/","name":"Construction et r\u00e9habilitation de la voirie urbaine de Kinshasa : Jean Mabi annonce pour D\u00e9cembre la fin des travaux de voirie autour du march\u00e9 Central ! - Bureau Central de Coordination","isPartOf":{"@id":"https:\/\/ikar.dev\/bceco-v2\/#website"},"primaryImageOfPage":{"@id":"https:\/\/ikar.dev\/bceco-v2\/construction-et-rehabilitation-de-la-voirie-urbaine-de-kinshasa-jean-mabi-annonce-pour-decembre-la-fin-des-travaux-de-voirie-autour-du-marche-central\/#primaryimage"},"image":{"@id":"https:\/\/ikar.dev\/bceco-v2\/construction-et-rehabilitation-de-la-voirie-urbaine-de-kinshasa-jean-mabi-annonce-pour-decembre-la-fin-des-travaux-de-voirie-autour-du-marche-central\/#primaryimage"},"thumbnailUrl":"https:\/\/ikar.dev\/bceco-v2\/wp-content\/uploads\/2025\/12\/9F2A6358-scaled.jpg","datePublished":"2025-11-29T22:22:00+00:00","dateModified":"2025-12-23T16:22:01+00:00","description":"Construction et r\u00e9habilitation de la voirie urbaine de Kinshasa : Jean Mabi annonce pour D\u00e9cembre la fin des travaux de voirie autour du march\u00e9 Central !","breadcrumb":{"@id":"https:\/\/ikar.dev\/bceco-v2\/construction-et-rehabilitation-de-la-voirie-urbaine-de-kinshasa-jean-mabi-annonce-pour-decembre-la-fin-des-travaux-de-voirie-autour-du-marche-central\/#breadcrumb"},"inLanguage":"en-US","potentialAction":[{"@type":"ReadAction","target":["https:\/\/ikar.dev\/bceco-v2\/construction-et-rehabilitation-de-la-voirie-urbaine-de-kinshasa-jean-mabi-annonce-pour-decembre-la-fin-des-travaux-de-voirie-autour-du-marche-central\/"]}]},{"@type":"ImageObject","inLanguage":"en-US","@id":"https:\/\/ikar.dev\/bceco-v2\/construction-et-rehabilitation-de-la-voirie-urbaine-de-kinshasa-jean-mabi-annonce-pour-decembre-la-fin-des-travaux-de-voirie-autour-du-marche-central\/#primaryimage","url":"https:\/\/ikar.dev\/bceco-v2\/wp-content\/uploads\/2025\/12\/9F2A6358-scaled.jpg","contentUrl":"https:\/\/ikar.dev\/bceco-v2\/wp-content\/uploads\/2025\/12\/9F2A6358-scaled.jpg","width":2560,"height":1707},{"@type":"BreadcrumbList","@id":"https:\/\/ikar.dev\/bceco-v2\/construction-et-rehabilitation-de-la-voirie-urbaine-de-kinshasa-jean-mabi-annonce-pour-decembre-la-fin-des-travaux-de-voirie-autour-du-marche-central\/#breadcrumb","itemListElement":[{"@type":"ListItem","position":1,"name":"Accueil","item":"https:\/\/ikar.dev\/bceco-v2\/"},{"@type":"ListItem","position":2,"name":"Construction et r\u00e9habilitation de la voirie urbaine de Kinshasa : Jean Mabi annonce pour D\u00e9cembre la fin des travaux de voirie autour du march\u00e9 Central !"}]},{"@type":"WebSite","@id":"https:\/\/ikar.dev\/bceco-v2\/#website","url":"https:\/\/ikar.dev\/bceco-v2\/","name":"Bureau Central de Coordination","description":"B.Ce.Co \u2013 Au c\u0153ur de l\u2019ex\u00e9cution des projets de d\u00e9veloppement en RDC","publisher":{"@id":"https:\/\/ikar.dev\/bceco-v2\/#organization"},"potentialAction":[{"@type":"SearchAction","target":{"@type":"EntryPoint","urlTemplate":"https:\/\/ikar.dev\/bceco-v2\/?s={search_term_string}"},"query-input":{"@type":"PropertyValueSpecification","valueRequired":true,"valueName":"search_term_string"}}],"inLanguage":"en-US"},{"@type":"Organization","@id":"https:\/\/ikar.dev\/bceco-v2\/#organization","name":"Bureau Central de Coordination","url":"https:\/\/ikar.dev\/bceco-v2\/","logo":{"@type":"ImageObject","inLanguage":"en-US","@id":"https:\/\/ikar.dev\/bceco-v2\/#\/schema\/logo\/image\/","url":"https:\/\/ikar.dev\/bceco-v2\/wp-content\/uploads\/2025\/12\/BCECO-Bureau-Central-de-Coordination.jpg","contentUrl":"https:\/\/ikar.dev\/bceco-v2\/wp-content\/uploads\/2025\/12\/BCECO-Bureau-Central-de-Coordination.jpg","width":2048,"height":2048,"caption":"Bureau Central de Coordination"},"image":{"@id":"https:\/\/ikar.dev\/bceco-v2\/#\/schema\/logo\/image\/"},"sameAs":["https:\/\/www.facebook.com\/BCeCoRDC","https:\/\/x.com\/BCeCoRDC"]},{"@type":"Person","@id":"https:\/\/ikar.dev\/bceco-v2\/#\/schema\/person\/6ee74807ffb016a78852fec6a295d503","name":"bceco","image":{"@type":"ImageObject","inLanguage":"en-US","@id":"https:\/\/ikar.dev\/bceco-v2\/#\/schema\/person\/image\/","url":"https:\/\/secure.gravatar.com\/avatar\/55c07e1707f50774ef3c842c9d074773a6b558a20fbd1608c8e4871bc88f3455?s=96&d=mm&r=g","contentUrl":"https:\/\/secure.gravatar.com\/avatar\/55c07e1707f50774ef3c842c9d074773a6b558a20fbd1608c8e4871bc88f3455?s=96&d=mm&r=g","caption":"bceco"},"sameAs":["https:\/\/ikar.dev\/bceco-v2"],"url":"https:\/\/ikar.dev\/bceco-v2\/author\/bceco\/"}]}},"_links":{"self":[{"href":"https:\/\/ikar.dev\/bceco-v2\/wp-json\/wp\/v2\/posts\/56285","targetHints":{"allow":["GET"]}}],"collection":[{"href":"https:\/\/ikar.dev\/bceco-v2\/wp-json\/wp\/v2\/posts"}],"about":[{"href":"https:\/\/ikar.dev\/bceco-v2\/wp-json\/wp\/v2\/types\/post"}],"author":[{"embeddable":true,"href":"https:\/\/ikar.dev\/bceco-v2\/wp-json\/wp\/v2\/users\/1"}],"replies":[{"embeddable":true,"href":"https:\/\/ikar.dev\/bceco-v2\/wp-json\/wp\/v2\/comments?post=56285"}],"version-history":[{"count":1,"href":"https:\/\/ikar.dev\/bceco-v2\/wp-json\/wp\/v2\/posts\/56285\/revisions"}],"predecessor-version":[{"id":56335,"href":"https:\/\/ikar.dev\/bceco-v2\/wp-json\/wp\/v2\/posts\/56285\/revisions\/56335"}],"wp:featuredmedia":[{"embeddable":true,"href":"https:\/\/ikar.dev\/bceco-v2\/wp-json\/wp\/v2\/media\/56289"}],"wp:attachment":[{"href":"https:\/\/ikar.dev\/bceco-v2\/wp-json\/wp\/v2\/media?parent=56285"}],"wp:term":[{"taxonomy":"category","embeddable":true,"href":"https:\/\/ikar.dev\/bceco-v2\/wp-json\/wp\/v2\/categories?post=56285"},{"taxonomy":"post_tag","embeddable":true,"href":"https:\/\/ikar.dev\/bceco-v2\/wp-json\/wp\/v2\/tags?post=56285"}],"curies":[{"name":"wp","href":"https:\/\/api.w.org\/{rel}","templated":true}]}}