{"id":56284,"date":"2025-12-11T12:50:00","date_gmt":"2025-12-11T12:50:00","guid":{"rendered":"https:\/\/bceco.cd\/?p=55551"},"modified":"2025-12-23T17:22:07","modified_gmt":"2025-12-23T16:22:07","slug":"construction-des-infrastructures-socio-economiques-de-base-le-gouverneur-jean-bosco-kotongo-chez-le-bceco","status":"publish","type":"post","link":"https:\/\/ikar.dev\/bceco-v2\/construction-des-infrastructures-socio-economiques-de-base-le-gouverneur-jean-bosco-kotongo-chez-le-bceco\/","title":{"rendered":"Construction des infrastructures socio-\u00e9conomiques de base: le Gouverneur Jean Bosco Kotongo chez le BCECO !"},"content":{"rendered":"\t\t<div data-elementor-type=\"wp-post\" data-elementor-id=\"56284\" class=\"elementor elementor-56284\" data-elementor-post-type=\"post\">\n\t\t\t\t\t\t<section class=\"elementor-section elementor-top-section elementor-element elementor-element-324f1abe elementor-section-boxed elementor-section-height-default elementor-section-height-default\" data-id=\"324f1abe\" data-element_type=\"section\" data-e-type=\"section\">\n\t\t\t\t\t\t<div class=\"elementor-container elementor-column-gap-default\">\n\t\t\t\t\t<div class=\"elementor-column elementor-col-100 elementor-top-column elementor-element elementor-element-106dbfc2\" data-id=\"106dbfc2\" data-element_type=\"column\" data-e-type=\"column\">\n\t\t\t<div class=\"elementor-widget-wrap elementor-element-populated\">\n\t\t\t\t\t\t<div class=\"elementor-element elementor-element-43fca594 elementor-widget elementor-widget-text-editor\" data-id=\"43fca594\" data-element_type=\"widget\" data-e-type=\"widget\" data-widget_type=\"text-editor.default\">\n\t\t\t\t\t\t\t\t\t\n<p>Le gouverneur du Nord ubangi tient \u00e0 tout pris \u00e0 rendre meilleures les conditions de vie de sa population. Pour y arriver un certain nombre d&#8217;infrastructures doivent \u00eatre construites afin de mat\u00e9rialiser cette vision et rendre viable la province du Nord Ubangi qui a longtemps souffert des probl\u00e8mes li\u00e9s aux infrastructures.<\/p>\n\n\n\n<figure class=\"wp-block-image size-full\"><img decoding=\"async\" src=\"https:\/\/bceco.cd\/wp-content\/uploads\/2025\/12\/9F2A6486.jpg\" alt=\"\" class=\"wp-image-55552\"\/><\/figure>\n\n\n\n<p>c&#8217;est ainsi que son excellence Jean Bosco Kotongo Anfio a sign\u00e9 en date du 11 D\u00e9cembre 2025, un protocole d&#8217;accord avec le Bureau Central de Coordination BCECO pour la construction des routes et des b\u00e2timents publics pour renforcer l&#8217;Autorit\u00e9 de l&#8217;\u00c9tat.<\/p>\n\n\n\n<figure class=\"wp-block-image size-full\"><img decoding=\"async\" src=\"https:\/\/bceco.cd\/wp-content\/uploads\/2025\/12\/9F2A6482.jpg\" alt=\"\" class=\"wp-image-55553\"\/><\/figure>\n\n\n\n<p>Selon le premier citoyen de la province du Nord ubangi, ceci est un grand pas franchi ds la mat\u00e9rialisation de la vision du chef de l&#8217;\u00c9tat, celle de d\u00e9velopper le pays \u00e0 partir des entit\u00e9s de base.<\/p>\n\n\n\n<p>La province du Nord ubangi issue du d\u00e9membrement du grand \u00c9quateur conna\u00eet actuellement beaucoup des difficult\u00e9s. Elle a besoin de s&#8217;affirmer comme entit\u00e9 d\u00e9centralis\u00e9e.<br>Son gouverneur qui \u00e0 re\u00e7u mandant de sortir cette province de l&#8217;\u00e9tat o\u00f9 elle se trouve pr\u00e9sentement lutte co\u00fbte que co\u00fbte pour donner un sourire \u00e0 sa population.<\/p>\n\t\t\t\t\t\t\t\t<\/div>\n\t\t\t\t\t<\/div>\n\t\t<\/div>\n\t\t\t\t\t<\/div>\n\t\t<\/section>\n\t\t\t\t<section class=\"elementor-section elementor-top-section elementor-element elementor-element-9b4f9ab elementor-section-boxed elementor-section-height-default elementor-section-height-default\" data-id=\"9b4f9ab\" data-element_type=\"section\" data-e-type=\"section\">\n\t\t\t\t\t\t<div class=\"elementor-container elementor-column-gap-default\">\n\t\t\t\t\t<div class=\"elementor-column elementor-col-100 elementor-top-column elementor-element elementor-element-38b1ad5\" data-id=\"38b1ad5\" data-element_type=\"column\" data-e-type=\"column\">\n\t\t\t<div class=\"elementor-widget-wrap elementor-element-populated\">\n\t\t\t\t\t\t<div class=\"elementor-element elementor-element-0c62412 elementor-widget elementor-widget-video\" data-id=\"0c62412\" data-element_type=\"widget\" data-e-type=\"widget\" data-settings=\"{&quot;youtube_url&quot;:&quot;https:\\\/\\\/youtu.be\\\/ZX-VaZ8Qn_o?si=5SGwo6I7ZcCwcLHt&quot;,&quot;autoplay&quot;:&quot;yes&quot;,&quot;video_type&quot;:&quot;youtube&quot;,&quot;controls&quot;:&quot;yes&quot;}\" data-widget_type=\"video.default\">\n\t\t\t\t\t\t\t<div class=\"elementor-wrapper elementor-open-inline\">\n\t\t\t<div class=\"elementor-video\"><\/div>\t\t<\/div>\n\t\t\t\t\t\t<\/div>\n\t\t\t\t\t<\/div>\n\t\t<\/div>\n\t\t\t\t\t<\/div>\n\t\t<\/section>\n\t\t\t\t<\/div>\n\t\t","protected":false},"excerpt":{"rendered":"<p>Le gouverneur du Nord ubangi tient \u00e0 tout pris \u00e0 rendre meilleures les conditions de vie de sa population. Pour y arriver un certain nombre d&#8217;infrastructures doivent \u00eatre construites afin de mat\u00e9rialiser cette vision et rendre viable la province du Nord Ubangi qui a longtemps souffert des probl\u00e8mes li\u00e9s aux infrastructures. c&#8217;est ainsi que son<\/p>\n","protected":false},"author":1,"featured_media":56288,"comment_status":"open","ping_status":"open","sticky":false,"template":"","format":"standard","meta":{"footnotes":""},"categories":[69,62,63],"tags":[],"class_list":["post-56284","post","type-post","status-publish","format-standard","has-post-thumbnail","hentry","category-actualites","category-developpement","category-infrastructures"],"yoast_head":"<!-- This site is optimized with the Yoast SEO plugin v27.0 - https:\/\/yoast.com\/product\/yoast-seo-wordpress\/ -->\n<title>Construction des infrastructures socio-\u00e9conomiques de base: le Gouverneur Jean Bosco Kotongo chez le BCECO ! - Bureau Central de Coordination<\/title>\n<meta name=\"description\" content=\"Construction des infrastructures socio-\u00e9conomiques de base: le Gouverneur Jean Bosco Kotongo chez le BCECO !\" \/>\n<meta name=\"robots\" content=\"index, follow, max-snippet:-1, max-image-preview:large, max-video-preview:-1\" \/>\n<link rel=\"canonical\" href=\"https:\/\/ikar.dev\/bceco-v2\/construction-des-infrastructures-socio-economiques-de-base-le-gouverneur-jean-bosco-kotongo-chez-le-bceco\/\" \/>\n<meta property=\"og:locale\" content=\"en_US\" \/>\n<meta property=\"og:type\" content=\"article\" \/>\n<meta property=\"og:title\" content=\"Construction des infrastructures socio-\u00e9conomiques de base: le Gouverneur Jean Bosco Kotongo chez le BCECO ! - Bureau Central de Coordination\" \/>\n<meta property=\"og:description\" content=\"Construction des infrastructures socio-\u00e9conomiques de base: le Gouverneur Jean Bosco Kotongo chez le BCECO !\" \/>\n<meta property=\"og:url\" content=\"https:\/\/ikar.dev\/bceco-v2\/construction-des-infrastructures-socio-economiques-de-base-le-gouverneur-jean-bosco-kotongo-chez-le-bceco\/\" \/>\n<meta property=\"og:site_name\" content=\"Bureau Central de Coordination\" \/>\n<meta property=\"article:publisher\" content=\"https:\/\/www.facebook.com\/BCeCoRDC\" \/>\n<meta property=\"article:published_time\" content=\"2025-12-11T12:50:00+00:00\" \/>\n<meta property=\"article:modified_time\" content=\"2025-12-23T16:22:07+00:00\" \/>\n<meta property=\"og:image\" content=\"https:\/\/ikar.dev\/bceco-v2\/wp-content\/uploads\/2025\/12\/9F2A6495-scaled.jpg\" \/>\n\t<meta property=\"og:image:width\" content=\"2560\" \/>\n\t<meta property=\"og:image:height\" content=\"1707\" \/>\n\t<meta property=\"og:image:type\" content=\"image\/jpeg\" \/>\n<meta name=\"author\" content=\"bceco\" \/>\n<meta name=\"twitter:card\" content=\"summary_large_image\" \/>\n<meta name=\"twitter:creator\" content=\"@BCeCoRDC\" \/>\n<meta name=\"twitter:site\" content=\"@BCeCoRDC\" \/>\n<meta name=\"twitter:label1\" content=\"Written by\" \/>\n\t<meta name=\"twitter:data1\" content=\"bceco\" \/>\n\t<meta name=\"twitter:label2\" content=\"Est. reading time\" \/>\n\t<meta name=\"twitter:data2\" content=\"2 minutes\" \/>\n<script type=\"application\/ld+json\" class=\"yoast-schema-graph\">{\"@context\":\"https:\/\/schema.org\",\"@graph\":[{\"@type\":\"Article\",\"@id\":\"https:\/\/ikar.dev\/bceco-v2\/construction-des-infrastructures-socio-economiques-de-base-le-gouverneur-jean-bosco-kotongo-chez-le-bceco\/#article\",\"isPartOf\":{\"@id\":\"https:\/\/ikar.dev\/bceco-v2\/construction-des-infrastructures-socio-economiques-de-base-le-gouverneur-jean-bosco-kotongo-chez-le-bceco\/\"},\"author\":{\"name\":\"bceco\",\"@id\":\"https:\/\/ikar.dev\/bceco-v2\/#\/schema\/person\/6ee74807ffb016a78852fec6a295d503\"},\"headline\":\"Construction des infrastructures socio-\u00e9conomiques de base: le Gouverneur Jean Bosco Kotongo chez le BCECO !\",\"datePublished\":\"2025-12-11T12:50:00+00:00\",\"dateModified\":\"2025-12-23T16:22:07+00:00\",\"mainEntityOfPage\":{\"@id\":\"https:\/\/ikar.dev\/bceco-v2\/construction-des-infrastructures-socio-economiques-de-base-le-gouverneur-jean-bosco-kotongo-chez-le-bceco\/\"},\"wordCount\":224,\"commentCount\":0,\"publisher\":{\"@id\":\"https:\/\/ikar.dev\/bceco-v2\/#organization\"},\"image\":{\"@id\":\"https:\/\/ikar.dev\/bceco-v2\/construction-des-infrastructures-socio-economiques-de-base-le-gouverneur-jean-bosco-kotongo-chez-le-bceco\/#primaryimage\"},\"thumbnailUrl\":\"https:\/\/ikar.dev\/bceco-v2\/wp-content\/uploads\/2025\/12\/9F2A6495-scaled.jpg\",\"articleSection\":[\"Actualit\u00e9s\",\"D\u00e9veloppement\",\"Infrastructures\"],\"inLanguage\":\"en-US\",\"potentialAction\":[{\"@type\":\"CommentAction\",\"name\":\"Comment\",\"target\":[\"https:\/\/ikar.dev\/bceco-v2\/construction-des-infrastructures-socio-economiques-de-base-le-gouverneur-jean-bosco-kotongo-chez-le-bceco\/#respond\"]}]},{\"@type\":\"WebPage\",\"@id\":\"https:\/\/ikar.dev\/bceco-v2\/construction-des-infrastructures-socio-economiques-de-base-le-gouverneur-jean-bosco-kotongo-chez-le-bceco\/\",\"url\":\"https:\/\/ikar.dev\/bceco-v2\/construction-des-infrastructures-socio-economiques-de-base-le-gouverneur-jean-bosco-kotongo-chez-le-bceco\/\",\"name\":\"Construction des infrastructures socio-\u00e9conomiques de base: le Gouverneur Jean Bosco Kotongo chez le BCECO ! - Bureau Central de Coordination\",\"isPartOf\":{\"@id\":\"https:\/\/ikar.dev\/bceco-v2\/#website\"},\"primaryImageOfPage\":{\"@id\":\"https:\/\/ikar.dev\/bceco-v2\/construction-des-infrastructures-socio-economiques-de-base-le-gouverneur-jean-bosco-kotongo-chez-le-bceco\/#primaryimage\"},\"image\":{\"@id\":\"https:\/\/ikar.dev\/bceco-v2\/construction-des-infrastructures-socio-economiques-de-base-le-gouverneur-jean-bosco-kotongo-chez-le-bceco\/#primaryimage\"},\"thumbnailUrl\":\"https:\/\/ikar.dev\/bceco-v2\/wp-content\/uploads\/2025\/12\/9F2A6495-scaled.jpg\",\"datePublished\":\"2025-12-11T12:50:00+00:00\",\"dateModified\":\"2025-12-23T16:22:07+00:00\",\"description\":\"Construction des infrastructures socio-\u00e9conomiques de base: le Gouverneur Jean Bosco Kotongo chez le BCECO !\",\"breadcrumb\":{\"@id\":\"https:\/\/ikar.dev\/bceco-v2\/construction-des-infrastructures-socio-economiques-de-base-le-gouverneur-jean-bosco-kotongo-chez-le-bceco\/#breadcrumb\"},\"inLanguage\":\"en-US\",\"potentialAction\":[{\"@type\":\"ReadAction\",\"target\":[\"https:\/\/ikar.dev\/bceco-v2\/construction-des-infrastructures-socio-economiques-de-base-le-gouverneur-jean-bosco-kotongo-chez-le-bceco\/\"]}]},{\"@type\":\"ImageObject\",\"inLanguage\":\"en-US\",\"@id\":\"https:\/\/ikar.dev\/bceco-v2\/construction-des-infrastructures-socio-economiques-de-base-le-gouverneur-jean-bosco-kotongo-chez-le-bceco\/#primaryimage\",\"url\":\"https:\/\/ikar.dev\/bceco-v2\/wp-content\/uploads\/2025\/12\/9F2A6495-scaled.jpg\",\"contentUrl\":\"https:\/\/ikar.dev\/bceco-v2\/wp-content\/uploads\/2025\/12\/9F2A6495-scaled.jpg\",\"width\":2560,\"height\":1707},{\"@type\":\"BreadcrumbList\",\"@id\":\"https:\/\/ikar.dev\/bceco-v2\/construction-des-infrastructures-socio-economiques-de-base-le-gouverneur-jean-bosco-kotongo-chez-le-bceco\/#breadcrumb\",\"itemListElement\":[{\"@type\":\"ListItem\",\"position\":1,\"name\":\"Accueil\",\"item\":\"https:\/\/ikar.dev\/bceco-v2\/\"},{\"@type\":\"ListItem\",\"position\":2,\"name\":\"Construction des infrastructures socio-\u00e9conomiques de base: le Gouverneur Jean Bosco Kotongo chez le BCECO !\"}]},{\"@type\":\"WebSite\",\"@id\":\"https:\/\/ikar.dev\/bceco-v2\/#website\",\"url\":\"https:\/\/ikar.dev\/bceco-v2\/\",\"name\":\"Bureau Central de Coordination\",\"description\":\"B.Ce.Co \u2013 Au c\u0153ur de l\u2019ex\u00e9cution des projets de d\u00e9veloppement en RDC\",\"publisher\":{\"@id\":\"https:\/\/ikar.dev\/bceco-v2\/#organization\"},\"potentialAction\":[{\"@type\":\"SearchAction\",\"target\":{\"@type\":\"EntryPoint\",\"urlTemplate\":\"https:\/\/ikar.dev\/bceco-v2\/?s={search_term_string}\"},\"query-input\":{\"@type\":\"PropertyValueSpecification\",\"valueRequired\":true,\"valueName\":\"search_term_string\"}}],\"inLanguage\":\"en-US\"},{\"@type\":\"Organization\",\"@id\":\"https:\/\/ikar.dev\/bceco-v2\/#organization\",\"name\":\"Bureau Central de Coordination\",\"url\":\"https:\/\/ikar.dev\/bceco-v2\/\",\"logo\":{\"@type\":\"ImageObject\",\"inLanguage\":\"en-US\",\"@id\":\"https:\/\/ikar.dev\/bceco-v2\/#\/schema\/logo\/image\/\",\"url\":\"https:\/\/ikar.dev\/bceco-v2\/wp-content\/uploads\/2025\/12\/BCECO-Bureau-Central-de-Coordination.jpg\",\"contentUrl\":\"https:\/\/ikar.dev\/bceco-v2\/wp-content\/uploads\/2025\/12\/BCECO-Bureau-Central-de-Coordination.jpg\",\"width\":2048,\"height\":2048,\"caption\":\"Bureau Central de Coordination\"},\"image\":{\"@id\":\"https:\/\/ikar.dev\/bceco-v2\/#\/schema\/logo\/image\/\"},\"sameAs\":[\"https:\/\/www.facebook.com\/BCeCoRDC\",\"https:\/\/x.com\/BCeCoRDC\"]},{\"@type\":\"Person\",\"@id\":\"https:\/\/ikar.dev\/bceco-v2\/#\/schema\/person\/6ee74807ffb016a78852fec6a295d503\",\"name\":\"bceco\",\"image\":{\"@type\":\"ImageObject\",\"inLanguage\":\"en-US\",\"@id\":\"https:\/\/ikar.dev\/bceco-v2\/#\/schema\/person\/image\/\",\"url\":\"https:\/\/secure.gravatar.com\/avatar\/55c07e1707f50774ef3c842c9d074773a6b558a20fbd1608c8e4871bc88f3455?s=96&d=mm&r=g\",\"contentUrl\":\"https:\/\/secure.gravatar.com\/avatar\/55c07e1707f50774ef3c842c9d074773a6b558a20fbd1608c8e4871bc88f3455?s=96&d=mm&r=g\",\"caption\":\"bceco\"},\"sameAs\":[\"https:\/\/ikar.dev\/bceco-v2\"],\"url\":\"https:\/\/ikar.dev\/bceco-v2\/author\/bceco\/\"}]}<\/script>\n<!-- \/ Yoast SEO plugin. -->","yoast_head_json":{"title":"Construction des infrastructures socio-\u00e9conomiques de base: le Gouverneur Jean Bosco Kotongo chez le BCECO ! - Bureau Central de Coordination","description":"Construction des infrastructures socio-\u00e9conomiques de base: le Gouverneur Jean Bosco Kotongo chez le BCECO !","robots":{"index":"index","follow":"follow","max-snippet":"max-snippet:-1","max-image-preview":"max-image-preview:large","max-video-preview":"max-video-preview:-1"},"canonical":"https:\/\/ikar.dev\/bceco-v2\/construction-des-infrastructures-socio-economiques-de-base-le-gouverneur-jean-bosco-kotongo-chez-le-bceco\/","og_locale":"en_US","og_type":"article","og_title":"Construction des infrastructures socio-\u00e9conomiques de base: le Gouverneur Jean Bosco Kotongo chez le BCECO ! - Bureau Central de Coordination","og_description":"Construction des infrastructures socio-\u00e9conomiques de base: le Gouverneur Jean Bosco Kotongo chez le BCECO !","og_url":"https:\/\/ikar.dev\/bceco-v2\/construction-des-infrastructures-socio-economiques-de-base-le-gouverneur-jean-bosco-kotongo-chez-le-bceco\/","og_site_name":"Bureau Central de Coordination","article_publisher":"https:\/\/www.facebook.com\/BCeCoRDC","article_published_time":"2025-12-11T12:50:00+00:00","article_modified_time":"2025-12-23T16:22:07+00:00","og_image":[{"width":2560,"height":1707,"url":"https:\/\/ikar.dev\/bceco-v2\/wp-content\/uploads\/2025\/12\/9F2A6495-scaled.jpg","type":"image\/jpeg"}],"author":"bceco","twitter_card":"summary_large_image","twitter_creator":"@BCeCoRDC","twitter_site":"@BCeCoRDC","twitter_misc":{"Written by":"bceco","Est. reading time":"2 minutes"},"schema":{"@context":"https:\/\/schema.org","@graph":[{"@type":"Article","@id":"https:\/\/ikar.dev\/bceco-v2\/construction-des-infrastructures-socio-economiques-de-base-le-gouverneur-jean-bosco-kotongo-chez-le-bceco\/#article","isPartOf":{"@id":"https:\/\/ikar.dev\/bceco-v2\/construction-des-infrastructures-socio-economiques-de-base-le-gouverneur-jean-bosco-kotongo-chez-le-bceco\/"},"author":{"name":"bceco","@id":"https:\/\/ikar.dev\/bceco-v2\/#\/schema\/person\/6ee74807ffb016a78852fec6a295d503"},"headline":"Construction des infrastructures socio-\u00e9conomiques de base: le Gouverneur Jean Bosco Kotongo chez le BCECO !","datePublished":"2025-12-11T12:50:00+00:00","dateModified":"2025-12-23T16:22:07+00:00","mainEntityOfPage":{"@id":"https:\/\/ikar.dev\/bceco-v2\/construction-des-infrastructures-socio-economiques-de-base-le-gouverneur-jean-bosco-kotongo-chez-le-bceco\/"},"wordCount":224,"commentCount":0,"publisher":{"@id":"https:\/\/ikar.dev\/bceco-v2\/#organization"},"image":{"@id":"https:\/\/ikar.dev\/bceco-v2\/construction-des-infrastructures-socio-economiques-de-base-le-gouverneur-jean-bosco-kotongo-chez-le-bceco\/#primaryimage"},"thumbnailUrl":"https:\/\/ikar.dev\/bceco-v2\/wp-content\/uploads\/2025\/12\/9F2A6495-scaled.jpg","articleSection":["Actualit\u00e9s","D\u00e9veloppement","Infrastructures"],"inLanguage":"en-US","potentialAction":[{"@type":"CommentAction","name":"Comment","target":["https:\/\/ikar.dev\/bceco-v2\/construction-des-infrastructures-socio-economiques-de-base-le-gouverneur-jean-bosco-kotongo-chez-le-bceco\/#respond"]}]},{"@type":"WebPage","@id":"https:\/\/ikar.dev\/bceco-v2\/construction-des-infrastructures-socio-economiques-de-base-le-gouverneur-jean-bosco-kotongo-chez-le-bceco\/","url":"https:\/\/ikar.dev\/bceco-v2\/construction-des-infrastructures-socio-economiques-de-base-le-gouverneur-jean-bosco-kotongo-chez-le-bceco\/","name":"Construction des infrastructures socio-\u00e9conomiques de base: le Gouverneur Jean Bosco Kotongo chez le BCECO ! - Bureau Central de Coordination","isPartOf":{"@id":"https:\/\/ikar.dev\/bceco-v2\/#website"},"primaryImageOfPage":{"@id":"https:\/\/ikar.dev\/bceco-v2\/construction-des-infrastructures-socio-economiques-de-base-le-gouverneur-jean-bosco-kotongo-chez-le-bceco\/#primaryimage"},"image":{"@id":"https:\/\/ikar.dev\/bceco-v2\/construction-des-infrastructures-socio-economiques-de-base-le-gouverneur-jean-bosco-kotongo-chez-le-bceco\/#primaryimage"},"thumbnailUrl":"https:\/\/ikar.dev\/bceco-v2\/wp-content\/uploads\/2025\/12\/9F2A6495-scaled.jpg","datePublished":"2025-12-11T12:50:00+00:00","dateModified":"2025-12-23T16:22:07+00:00","description":"Construction des infrastructures socio-\u00e9conomiques de base: le Gouverneur Jean Bosco Kotongo chez le BCECO !","breadcrumb":{"@id":"https:\/\/ikar.dev\/bceco-v2\/construction-des-infrastructures-socio-economiques-de-base-le-gouverneur-jean-bosco-kotongo-chez-le-bceco\/#breadcrumb"},"inLanguage":"en-US","potentialAction":[{"@type":"ReadAction","target":["https:\/\/ikar.dev\/bceco-v2\/construction-des-infrastructures-socio-economiques-de-base-le-gouverneur-jean-bosco-kotongo-chez-le-bceco\/"]}]},{"@type":"ImageObject","inLanguage":"en-US","@id":"https:\/\/ikar.dev\/bceco-v2\/construction-des-infrastructures-socio-economiques-de-base-le-gouverneur-jean-bosco-kotongo-chez-le-bceco\/#primaryimage","url":"https:\/\/ikar.dev\/bceco-v2\/wp-content\/uploads\/2025\/12\/9F2A6495-scaled.jpg","contentUrl":"https:\/\/ikar.dev\/bceco-v2\/wp-content\/uploads\/2025\/12\/9F2A6495-scaled.jpg","width":2560,"height":1707},{"@type":"BreadcrumbList","@id":"https:\/\/ikar.dev\/bceco-v2\/construction-des-infrastructures-socio-economiques-de-base-le-gouverneur-jean-bosco-kotongo-chez-le-bceco\/#breadcrumb","itemListElement":[{"@type":"ListItem","position":1,"name":"Accueil","item":"https:\/\/ikar.dev\/bceco-v2\/"},{"@type":"ListItem","position":2,"name":"Construction des infrastructures socio-\u00e9conomiques de base: le Gouverneur Jean Bosco Kotongo chez le BCECO !"}]},{"@type":"WebSite","@id":"https:\/\/ikar.dev\/bceco-v2\/#website","url":"https:\/\/ikar.dev\/bceco-v2\/","name":"Bureau Central de Coordination","description":"B.Ce.Co \u2013 Au c\u0153ur de l\u2019ex\u00e9cution des projets de d\u00e9veloppement en RDC","publisher":{"@id":"https:\/\/ikar.dev\/bceco-v2\/#organization"},"potentialAction":[{"@type":"SearchAction","target":{"@type":"EntryPoint","urlTemplate":"https:\/\/ikar.dev\/bceco-v2\/?s={search_term_string}"},"query-input":{"@type":"PropertyValueSpecification","valueRequired":true,"valueName":"search_term_string"}}],"inLanguage":"en-US"},{"@type":"Organization","@id":"https:\/\/ikar.dev\/bceco-v2\/#organization","name":"Bureau Central de Coordination","url":"https:\/\/ikar.dev\/bceco-v2\/","logo":{"@type":"ImageObject","inLanguage":"en-US","@id":"https:\/\/ikar.dev\/bceco-v2\/#\/schema\/logo\/image\/","url":"https:\/\/ikar.dev\/bceco-v2\/wp-content\/uploads\/2025\/12\/BCECO-Bureau-Central-de-Coordination.jpg","contentUrl":"https:\/\/ikar.dev\/bceco-v2\/wp-content\/uploads\/2025\/12\/BCECO-Bureau-Central-de-Coordination.jpg","width":2048,"height":2048,"caption":"Bureau Central de Coordination"},"image":{"@id":"https:\/\/ikar.dev\/bceco-v2\/#\/schema\/logo\/image\/"},"sameAs":["https:\/\/www.facebook.com\/BCeCoRDC","https:\/\/x.com\/BCeCoRDC"]},{"@type":"Person","@id":"https:\/\/ikar.dev\/bceco-v2\/#\/schema\/person\/6ee74807ffb016a78852fec6a295d503","name":"bceco","image":{"@type":"ImageObject","inLanguage":"en-US","@id":"https:\/\/ikar.dev\/bceco-v2\/#\/schema\/person\/image\/","url":"https:\/\/secure.gravatar.com\/avatar\/55c07e1707f50774ef3c842c9d074773a6b558a20fbd1608c8e4871bc88f3455?s=96&d=mm&r=g","contentUrl":"https:\/\/secure.gravatar.com\/avatar\/55c07e1707f50774ef3c842c9d074773a6b558a20fbd1608c8e4871bc88f3455?s=96&d=mm&r=g","caption":"bceco"},"sameAs":["https:\/\/ikar.dev\/bceco-v2"],"url":"https:\/\/ikar.dev\/bceco-v2\/author\/bceco\/"}]}},"_links":{"self":[{"href":"https:\/\/ikar.dev\/bceco-v2\/wp-json\/wp\/v2\/posts\/56284","targetHints":{"allow":["GET"]}}],"collection":[{"href":"https:\/\/ikar.dev\/bceco-v2\/wp-json\/wp\/v2\/posts"}],"about":[{"href":"https:\/\/ikar.dev\/bceco-v2\/wp-json\/wp\/v2\/types\/post"}],"author":[{"embeddable":true,"href":"https:\/\/ikar.dev\/bceco-v2\/wp-json\/wp\/v2\/users\/1"}],"replies":[{"embeddable":true,"href":"https:\/\/ikar.dev\/bceco-v2\/wp-json\/wp\/v2\/comments?post=56284"}],"version-history":[{"count":1,"href":"https:\/\/ikar.dev\/bceco-v2\/wp-json\/wp\/v2\/posts\/56284\/revisions"}],"predecessor-version":[{"id":56336,"href":"https:\/\/ikar.dev\/bceco-v2\/wp-json\/wp\/v2\/posts\/56284\/revisions\/56336"}],"wp:featuredmedia":[{"embeddable":true,"href":"https:\/\/ikar.dev\/bceco-v2\/wp-json\/wp\/v2\/media\/56288"}],"wp:attachment":[{"href":"https:\/\/ikar.dev\/bceco-v2\/wp-json\/wp\/v2\/media?parent=56284"}],"wp:term":[{"taxonomy":"category","embeddable":true,"href":"https:\/\/ikar.dev\/bceco-v2\/wp-json\/wp\/v2\/categories?post=56284"},{"taxonomy":"post_tag","embeddable":true,"href":"https:\/\/ikar.dev\/bceco-v2\/wp-json\/wp\/v2\/tags?post=56284"}],"curies":[{"name":"wp","href":"https:\/\/api.w.org\/{rel}","templated":true}]}}