{"id":55538,"date":"2025-11-18T07:00:00","date_gmt":"2025-11-18T07:00:00","guid":{"rendered":"https:\/\/bceco.cd\/?p=55538"},"modified":"2025-12-23T17:21:55","modified_gmt":"2025-12-23T16:21:55","slug":"province-du-kasai-le-gouverneur-crispin-mukendi-signe-un-protocole-daccord-pour-la-construction-des-infrastructures","status":"publish","type":"post","link":"https:\/\/ikar.dev\/bceco-v2\/province-du-kasai-le-gouverneur-crispin-mukendi-signe-un-protocole-daccord-pour-la-construction-des-infrastructures\/","title":{"rendered":"Province du Kasa\u00ef : Le Gouverneur Crispin Mukendi signe un protocole d&#8217;accord pour la construction des infrastructures !"},"content":{"rendered":"\t\t<div data-elementor-type=\"wp-post\" data-elementor-id=\"55538\" class=\"elementor elementor-55538\" data-elementor-post-type=\"post\">\n\t\t\t\t\t\t<section class=\"elementor-section elementor-top-section elementor-element elementor-element-4413314c elementor-section-boxed elementor-section-height-default elementor-section-height-default\" data-id=\"4413314c\" data-element_type=\"section\" data-e-type=\"section\">\n\t\t\t\t\t\t<div class=\"elementor-container elementor-column-gap-default\">\n\t\t\t\t\t<div class=\"elementor-column elementor-col-100 elementor-top-column elementor-element elementor-element-2c8e74b9\" data-id=\"2c8e74b9\" data-element_type=\"column\" data-e-type=\"column\">\n\t\t\t<div class=\"elementor-widget-wrap elementor-element-populated\">\n\t\t\t\t\t\t<div class=\"elementor-element elementor-element-4237ddb4 elementor-widget elementor-widget-text-editor\" data-id=\"4237ddb4\" data-element_type=\"widget\" data-e-type=\"widget\" data-widget_type=\"text-editor.default\">\n\t\t\t\t\t\t\t\t\t\n<p>C&#8217;est une v\u00e9ritable bou\u00e9e de sauvetage pour la population de Kasa\u00ef.<\/p>\n\n\n\n<p>Le Gouverneur Crispin Mukendi Bukasa a fait un d\u00e9placement de kinshasa pour rencontrer le Directeur G\u00e9n\u00e9ral du Bureau Central de Coordination BCECO Jean Mabi Mulumba afin de signer le lundi 17 Novembre 2025,un protocole d&#8217;accord qui axe sur la construction et la modernisation des infrastructures socio-\u00e9conomiques de base.<br>Elu depuis plus d&#8217;une ann\u00e9e, Ce protocole est en r\u00e9alit\u00e9, la mat\u00e9rialisation de la vision du num\u00e9ro un de la province, qui d\u00e9sire donner \u00e0 son entit\u00e9 les infrastructures socio-\u00e9conomiques de base notamment les \u00e9coles, les centres de sant\u00e9, les routes et certains b\u00e2timents publics.<\/p>\n\n\n\n<figure class=\"wp-block-image size-full\"><img decoding=\"async\" src=\"https:\/\/bceco.cd\/wp-content\/uploads\/2025\/11\/9F2A6038.jpg\" alt=\"\" class=\"wp-image-55541\"\/><\/figure>\n\n\n\n<p>Pour le Gouverneur Crispin Mukendi Bukasa qui tient \u00e0 l&#8217;aboutissement heureux de ce processus, le pr\u00e9sent Protocole d&#8217;accord posera les bases du d\u00e9veloppement de la province qui souffre d&#8217;un manque criant d&#8217;infrastructures.<\/p>\n\n\n\n<p>Il rench\u00e9rit en disant qu&#8217;il compte sur l&#8217;accompagnement du BCECO dont le but est de mat\u00e9rialiser cette noble mission.<br>Ce Protocole d&#8217;accord tombe \u00e0 point nomm\u00e9 pour soulager la souffrance des populations de sa contr\u00e9e.<\/p>\n\n\n\n<figure class=\"wp-block-image size-full\"><img decoding=\"async\" src=\"https:\/\/bceco.cd\/wp-content\/uploads\/2025\/11\/9F2A6037.jpg\" alt=\"\" class=\"wp-image-55540\"\/><\/figure>\n\n\n\n<p>Issue du d\u00e9membrement de 2015, la province du Kasa\u00ef veut relever le d\u00e9fis afin de s&#8217;affirmer, et elle a choisi le BCECO pour cheminer vers un d\u00e9veloppement concret et durable.<\/p>\n\t\t\t\t\t\t\t\t<\/div>\n\t\t\t\t\t<\/div>\n\t\t<\/div>\n\t\t\t\t\t<\/div>\n\t\t<\/section>\n\t\t\t\t<section class=\"elementor-section elementor-top-section elementor-element elementor-element-e8795de elementor-section-boxed elementor-section-height-default elementor-section-height-default\" data-id=\"e8795de\" data-element_type=\"section\" data-e-type=\"section\">\n\t\t\t\t\t\t<div class=\"elementor-container elementor-column-gap-default\">\n\t\t\t\t\t<div class=\"elementor-column elementor-col-100 elementor-top-column elementor-element elementor-element-5620917\" data-id=\"5620917\" data-element_type=\"column\" data-e-type=\"column\">\n\t\t\t<div class=\"elementor-widget-wrap\">\n\t\t\t\t\t\t\t<\/div>\n\t\t<\/div>\n\t\t\t\t\t<\/div>\n\t\t<\/section>\n\t\t\t\t<section class=\"elementor-section elementor-top-section elementor-element elementor-element-03bc939 elementor-section-boxed elementor-section-height-default elementor-section-height-default\" data-id=\"03bc939\" data-element_type=\"section\" data-e-type=\"section\">\n\t\t\t\t\t\t<div class=\"elementor-container elementor-column-gap-default\">\n\t\t\t\t\t<div class=\"elementor-column elementor-col-100 elementor-top-column elementor-element elementor-element-87e290a\" data-id=\"87e290a\" data-element_type=\"column\" data-e-type=\"column\">\n\t\t\t<div class=\"elementor-widget-wrap elementor-element-populated\">\n\t\t\t\t\t\t<div class=\"elementor-element elementor-element-5993f59 elementor-widget elementor-widget-video\" data-id=\"5993f59\" data-element_type=\"widget\" data-e-type=\"widget\" data-settings=\"{&quot;youtube_url&quot;:&quot;https:\\\/\\\/youtu.be\\\/dG7cFab8K4c?si=xJRUP1MU3lGmmMsj&quot;,&quot;autoplay&quot;:&quot;yes&quot;,&quot;play_on_mobile&quot;:&quot;yes&quot;,&quot;video_type&quot;:&quot;youtube&quot;,&quot;controls&quot;:&quot;yes&quot;}\" data-widget_type=\"video.default\">\n\t\t\t\t\t\t\t<div class=\"elementor-wrapper elementor-open-inline\">\n\t\t\t<div class=\"elementor-video\"><\/div>\t\t<\/div>\n\t\t\t\t\t\t<\/div>\n\t\t\t\t\t<\/div>\n\t\t<\/div>\n\t\t\t\t\t<\/div>\n\t\t<\/section>\n\t\t\t\t<\/div>\n\t\t","protected":false},"excerpt":{"rendered":"<p>C&#8217;est une v\u00e9ritable bou\u00e9e de sauvetage pour la population de Kasa\u00ef. Le Gouverneur Crispin Mukendi Bukasa a fait un d\u00e9placement de kinshasa pour rencontrer le Directeur G\u00e9n\u00e9ral du Bureau Central de Coordination BCECO Jean Mabi Mulumba afin de signer le lundi 17 Novembre 2025,un protocole d&#8217;accord qui axe sur la construction et la modernisation des<\/p>\n","protected":false},"author":1,"featured_media":55573,"comment_status":"open","ping_status":"open","sticky":false,"template":"","format":"standard","meta":{"footnotes":""},"categories":[69,62,63],"tags":[],"class_list":["post-55538","post","type-post","status-publish","format-standard","has-post-thumbnail","hentry","category-actualites","category-developpement","category-infrastructures"],"yoast_head":"<!-- This site is optimized with the Yoast SEO plugin v27.0 - https:\/\/yoast.com\/product\/yoast-seo-wordpress\/ -->\n<title>Province du Kasa\u00ef : Le Gouverneur Crispin Mukendi signe un protocole d&#039;accord pour la construction des infrastructures ! - Bureau Central de Coordination<\/title>\n<meta name=\"description\" content=\"Province du Kasa\u00ef : Le Gouverneur Crispin Mukendi signe un protocole d&#039;accord pour la construction des infrastructures !\" \/>\n<meta name=\"robots\" content=\"index, follow, max-snippet:-1, max-image-preview:large, max-video-preview:-1\" \/>\n<link rel=\"canonical\" href=\"https:\/\/ikar.dev\/bceco-v2\/province-du-kasai-le-gouverneur-crispin-mukendi-signe-un-protocole-daccord-pour-la-construction-des-infrastructures\/\" \/>\n<meta property=\"og:locale\" content=\"en_US\" \/>\n<meta property=\"og:type\" content=\"article\" \/>\n<meta property=\"og:title\" content=\"Province du Kasa\u00ef : Le Gouverneur Crispin Mukendi signe un protocole d&#039;accord pour la construction des infrastructures ! - Bureau Central de Coordination\" \/>\n<meta property=\"og:description\" content=\"Province du Kasa\u00ef : Le Gouverneur Crispin Mukendi signe un protocole d&#039;accord pour la construction des infrastructures !\" \/>\n<meta property=\"og:url\" content=\"https:\/\/ikar.dev\/bceco-v2\/province-du-kasai-le-gouverneur-crispin-mukendi-signe-un-protocole-daccord-pour-la-construction-des-infrastructures\/\" \/>\n<meta property=\"og:site_name\" content=\"Bureau Central de Coordination\" \/>\n<meta property=\"article:publisher\" content=\"https:\/\/www.facebook.com\/BCeCoRDC\" \/>\n<meta property=\"article:published_time\" content=\"2025-11-18T07:00:00+00:00\" \/>\n<meta property=\"article:modified_time\" content=\"2025-12-23T16:21:55+00:00\" \/>\n<meta property=\"og:image\" content=\"https:\/\/ikar.dev\/bceco-v2\/wp-content\/uploads\/2025\/11\/9F2A6052-scaled.jpg\" \/>\n\t<meta property=\"og:image:width\" content=\"2560\" \/>\n\t<meta property=\"og:image:height\" content=\"1707\" \/>\n\t<meta property=\"og:image:type\" content=\"image\/jpeg\" \/>\n<meta name=\"author\" content=\"bceco\" \/>\n<meta name=\"twitter:card\" content=\"summary_large_image\" \/>\n<meta name=\"twitter:creator\" content=\"@BCeCoRDC\" \/>\n<meta name=\"twitter:site\" content=\"@BCeCoRDC\" \/>\n<meta name=\"twitter:label1\" content=\"Written by\" \/>\n\t<meta name=\"twitter:data1\" content=\"bceco\" \/>\n\t<meta name=\"twitter:label2\" content=\"Est. reading time\" \/>\n\t<meta name=\"twitter:data2\" content=\"2 minutes\" \/>\n<script type=\"application\/ld+json\" class=\"yoast-schema-graph\">{\"@context\":\"https:\/\/schema.org\",\"@graph\":[{\"@type\":\"Article\",\"@id\":\"https:\/\/ikar.dev\/bceco-v2\/province-du-kasai-le-gouverneur-crispin-mukendi-signe-un-protocole-daccord-pour-la-construction-des-infrastructures\/#article\",\"isPartOf\":{\"@id\":\"https:\/\/ikar.dev\/bceco-v2\/province-du-kasai-le-gouverneur-crispin-mukendi-signe-un-protocole-daccord-pour-la-construction-des-infrastructures\/\"},\"author\":{\"name\":\"bceco\",\"@id\":\"https:\/\/ikar.dev\/bceco-v2\/#\/schema\/person\/6ee74807ffb016a78852fec6a295d503\"},\"headline\":\"Province du Kasa\u00ef : Le Gouverneur Crispin Mukendi signe un protocole d&#8217;accord pour la construction des infrastructures !\",\"datePublished\":\"2025-11-18T07:00:00+00:00\",\"dateModified\":\"2025-12-23T16:21:55+00:00\",\"mainEntityOfPage\":{\"@id\":\"https:\/\/ikar.dev\/bceco-v2\/province-du-kasai-le-gouverneur-crispin-mukendi-signe-un-protocole-daccord-pour-la-construction-des-infrastructures\/\"},\"wordCount\":256,\"commentCount\":0,\"publisher\":{\"@id\":\"https:\/\/ikar.dev\/bceco-v2\/#organization\"},\"image\":{\"@id\":\"https:\/\/ikar.dev\/bceco-v2\/province-du-kasai-le-gouverneur-crispin-mukendi-signe-un-protocole-daccord-pour-la-construction-des-infrastructures\/#primaryimage\"},\"thumbnailUrl\":\"https:\/\/ikar.dev\/bceco-v2\/wp-content\/uploads\/2025\/11\/9F2A6052-scaled.jpg\",\"articleSection\":[\"Actualit\u00e9s\",\"D\u00e9veloppement\",\"Infrastructures\"],\"inLanguage\":\"en-US\",\"potentialAction\":[{\"@type\":\"CommentAction\",\"name\":\"Comment\",\"target\":[\"https:\/\/ikar.dev\/bceco-v2\/province-du-kasai-le-gouverneur-crispin-mukendi-signe-un-protocole-daccord-pour-la-construction-des-infrastructures\/#respond\"]}]},{\"@type\":\"WebPage\",\"@id\":\"https:\/\/ikar.dev\/bceco-v2\/province-du-kasai-le-gouverneur-crispin-mukendi-signe-un-protocole-daccord-pour-la-construction-des-infrastructures\/\",\"url\":\"https:\/\/ikar.dev\/bceco-v2\/province-du-kasai-le-gouverneur-crispin-mukendi-signe-un-protocole-daccord-pour-la-construction-des-infrastructures\/\",\"name\":\"Province du Kasa\u00ef : Le Gouverneur Crispin Mukendi signe un protocole d'accord pour la construction des infrastructures ! - Bureau Central de Coordination\",\"isPartOf\":{\"@id\":\"https:\/\/ikar.dev\/bceco-v2\/#website\"},\"primaryImageOfPage\":{\"@id\":\"https:\/\/ikar.dev\/bceco-v2\/province-du-kasai-le-gouverneur-crispin-mukendi-signe-un-protocole-daccord-pour-la-construction-des-infrastructures\/#primaryimage\"},\"image\":{\"@id\":\"https:\/\/ikar.dev\/bceco-v2\/province-du-kasai-le-gouverneur-crispin-mukendi-signe-un-protocole-daccord-pour-la-construction-des-infrastructures\/#primaryimage\"},\"thumbnailUrl\":\"https:\/\/ikar.dev\/bceco-v2\/wp-content\/uploads\/2025\/11\/9F2A6052-scaled.jpg\",\"datePublished\":\"2025-11-18T07:00:00+00:00\",\"dateModified\":\"2025-12-23T16:21:55+00:00\",\"description\":\"Province du Kasa\u00ef : Le Gouverneur Crispin Mukendi signe un protocole d'accord pour la construction des infrastructures !\",\"breadcrumb\":{\"@id\":\"https:\/\/ikar.dev\/bceco-v2\/province-du-kasai-le-gouverneur-crispin-mukendi-signe-un-protocole-daccord-pour-la-construction-des-infrastructures\/#breadcrumb\"},\"inLanguage\":\"en-US\",\"potentialAction\":[{\"@type\":\"ReadAction\",\"target\":[\"https:\/\/ikar.dev\/bceco-v2\/province-du-kasai-le-gouverneur-crispin-mukendi-signe-un-protocole-daccord-pour-la-construction-des-infrastructures\/\"]}]},{\"@type\":\"ImageObject\",\"inLanguage\":\"en-US\",\"@id\":\"https:\/\/ikar.dev\/bceco-v2\/province-du-kasai-le-gouverneur-crispin-mukendi-signe-un-protocole-daccord-pour-la-construction-des-infrastructures\/#primaryimage\",\"url\":\"https:\/\/ikar.dev\/bceco-v2\/wp-content\/uploads\/2025\/11\/9F2A6052-scaled.jpg\",\"contentUrl\":\"https:\/\/ikar.dev\/bceco-v2\/wp-content\/uploads\/2025\/11\/9F2A6052-scaled.jpg\",\"width\":2560,\"height\":1707},{\"@type\":\"BreadcrumbList\",\"@id\":\"https:\/\/ikar.dev\/bceco-v2\/province-du-kasai-le-gouverneur-crispin-mukendi-signe-un-protocole-daccord-pour-la-construction-des-infrastructures\/#breadcrumb\",\"itemListElement\":[{\"@type\":\"ListItem\",\"position\":1,\"name\":\"Accueil\",\"item\":\"https:\/\/ikar.dev\/bceco-v2\/\"},{\"@type\":\"ListItem\",\"position\":2,\"name\":\"Province du Kasa\u00ef : Le Gouverneur Crispin Mukendi signe un protocole d&rsquo;accord pour la construction des infrastructures !\"}]},{\"@type\":\"WebSite\",\"@id\":\"https:\/\/ikar.dev\/bceco-v2\/#website\",\"url\":\"https:\/\/ikar.dev\/bceco-v2\/\",\"name\":\"Bureau Central de Coordination\",\"description\":\"B.Ce.Co \u2013 Au c\u0153ur de l\u2019ex\u00e9cution des projets de d\u00e9veloppement en RDC\",\"publisher\":{\"@id\":\"https:\/\/ikar.dev\/bceco-v2\/#organization\"},\"potentialAction\":[{\"@type\":\"SearchAction\",\"target\":{\"@type\":\"EntryPoint\",\"urlTemplate\":\"https:\/\/ikar.dev\/bceco-v2\/?s={search_term_string}\"},\"query-input\":{\"@type\":\"PropertyValueSpecification\",\"valueRequired\":true,\"valueName\":\"search_term_string\"}}],\"inLanguage\":\"en-US\"},{\"@type\":\"Organization\",\"@id\":\"https:\/\/ikar.dev\/bceco-v2\/#organization\",\"name\":\"Bureau Central de Coordination\",\"url\":\"https:\/\/ikar.dev\/bceco-v2\/\",\"logo\":{\"@type\":\"ImageObject\",\"inLanguage\":\"en-US\",\"@id\":\"https:\/\/ikar.dev\/bceco-v2\/#\/schema\/logo\/image\/\",\"url\":\"https:\/\/ikar.dev\/bceco-v2\/wp-content\/uploads\/2025\/12\/BCECO-Bureau-Central-de-Coordination.jpg\",\"contentUrl\":\"https:\/\/ikar.dev\/bceco-v2\/wp-content\/uploads\/2025\/12\/BCECO-Bureau-Central-de-Coordination.jpg\",\"width\":2048,\"height\":2048,\"caption\":\"Bureau Central de Coordination\"},\"image\":{\"@id\":\"https:\/\/ikar.dev\/bceco-v2\/#\/schema\/logo\/image\/\"},\"sameAs\":[\"https:\/\/www.facebook.com\/BCeCoRDC\",\"https:\/\/x.com\/BCeCoRDC\"]},{\"@type\":\"Person\",\"@id\":\"https:\/\/ikar.dev\/bceco-v2\/#\/schema\/person\/6ee74807ffb016a78852fec6a295d503\",\"name\":\"bceco\",\"image\":{\"@type\":\"ImageObject\",\"inLanguage\":\"en-US\",\"@id\":\"https:\/\/ikar.dev\/bceco-v2\/#\/schema\/person\/image\/\",\"url\":\"https:\/\/secure.gravatar.com\/avatar\/55c07e1707f50774ef3c842c9d074773a6b558a20fbd1608c8e4871bc88f3455?s=96&d=mm&r=g\",\"contentUrl\":\"https:\/\/secure.gravatar.com\/avatar\/55c07e1707f50774ef3c842c9d074773a6b558a20fbd1608c8e4871bc88f3455?s=96&d=mm&r=g\",\"caption\":\"bceco\"},\"sameAs\":[\"https:\/\/ikar.dev\/bceco-v2\"],\"url\":\"https:\/\/ikar.dev\/bceco-v2\/author\/bceco\/\"}]}<\/script>\n<!-- \/ Yoast SEO plugin. -->","yoast_head_json":{"title":"Province du Kasa\u00ef : Le Gouverneur Crispin Mukendi signe un protocole d'accord pour la construction des infrastructures ! - Bureau Central de Coordination","description":"Province du Kasa\u00ef : Le Gouverneur Crispin Mukendi signe un protocole d'accord pour la construction des infrastructures !","robots":{"index":"index","follow":"follow","max-snippet":"max-snippet:-1","max-image-preview":"max-image-preview:large","max-video-preview":"max-video-preview:-1"},"canonical":"https:\/\/ikar.dev\/bceco-v2\/province-du-kasai-le-gouverneur-crispin-mukendi-signe-un-protocole-daccord-pour-la-construction-des-infrastructures\/","og_locale":"en_US","og_type":"article","og_title":"Province du Kasa\u00ef : Le Gouverneur Crispin Mukendi signe un protocole d'accord pour la construction des infrastructures ! - Bureau Central de Coordination","og_description":"Province du Kasa\u00ef : Le Gouverneur Crispin Mukendi signe un protocole d'accord pour la construction des infrastructures !","og_url":"https:\/\/ikar.dev\/bceco-v2\/province-du-kasai-le-gouverneur-crispin-mukendi-signe-un-protocole-daccord-pour-la-construction-des-infrastructures\/","og_site_name":"Bureau Central de Coordination","article_publisher":"https:\/\/www.facebook.com\/BCeCoRDC","article_published_time":"2025-11-18T07:00:00+00:00","article_modified_time":"2025-12-23T16:21:55+00:00","og_image":[{"width":2560,"height":1707,"url":"https:\/\/ikar.dev\/bceco-v2\/wp-content\/uploads\/2025\/11\/9F2A6052-scaled.jpg","type":"image\/jpeg"}],"author":"bceco","twitter_card":"summary_large_image","twitter_creator":"@BCeCoRDC","twitter_site":"@BCeCoRDC","twitter_misc":{"Written by":"bceco","Est. reading time":"2 minutes"},"schema":{"@context":"https:\/\/schema.org","@graph":[{"@type":"Article","@id":"https:\/\/ikar.dev\/bceco-v2\/province-du-kasai-le-gouverneur-crispin-mukendi-signe-un-protocole-daccord-pour-la-construction-des-infrastructures\/#article","isPartOf":{"@id":"https:\/\/ikar.dev\/bceco-v2\/province-du-kasai-le-gouverneur-crispin-mukendi-signe-un-protocole-daccord-pour-la-construction-des-infrastructures\/"},"author":{"name":"bceco","@id":"https:\/\/ikar.dev\/bceco-v2\/#\/schema\/person\/6ee74807ffb016a78852fec6a295d503"},"headline":"Province du Kasa\u00ef : Le Gouverneur Crispin Mukendi signe un protocole d&#8217;accord pour la construction des infrastructures !","datePublished":"2025-11-18T07:00:00+00:00","dateModified":"2025-12-23T16:21:55+00:00","mainEntityOfPage":{"@id":"https:\/\/ikar.dev\/bceco-v2\/province-du-kasai-le-gouverneur-crispin-mukendi-signe-un-protocole-daccord-pour-la-construction-des-infrastructures\/"},"wordCount":256,"commentCount":0,"publisher":{"@id":"https:\/\/ikar.dev\/bceco-v2\/#organization"},"image":{"@id":"https:\/\/ikar.dev\/bceco-v2\/province-du-kasai-le-gouverneur-crispin-mukendi-signe-un-protocole-daccord-pour-la-construction-des-infrastructures\/#primaryimage"},"thumbnailUrl":"https:\/\/ikar.dev\/bceco-v2\/wp-content\/uploads\/2025\/11\/9F2A6052-scaled.jpg","articleSection":["Actualit\u00e9s","D\u00e9veloppement","Infrastructures"],"inLanguage":"en-US","potentialAction":[{"@type":"CommentAction","name":"Comment","target":["https:\/\/ikar.dev\/bceco-v2\/province-du-kasai-le-gouverneur-crispin-mukendi-signe-un-protocole-daccord-pour-la-construction-des-infrastructures\/#respond"]}]},{"@type":"WebPage","@id":"https:\/\/ikar.dev\/bceco-v2\/province-du-kasai-le-gouverneur-crispin-mukendi-signe-un-protocole-daccord-pour-la-construction-des-infrastructures\/","url":"https:\/\/ikar.dev\/bceco-v2\/province-du-kasai-le-gouverneur-crispin-mukendi-signe-un-protocole-daccord-pour-la-construction-des-infrastructures\/","name":"Province du Kasa\u00ef : Le Gouverneur Crispin Mukendi signe un protocole d'accord pour la construction des infrastructures ! - Bureau Central de Coordination","isPartOf":{"@id":"https:\/\/ikar.dev\/bceco-v2\/#website"},"primaryImageOfPage":{"@id":"https:\/\/ikar.dev\/bceco-v2\/province-du-kasai-le-gouverneur-crispin-mukendi-signe-un-protocole-daccord-pour-la-construction-des-infrastructures\/#primaryimage"},"image":{"@id":"https:\/\/ikar.dev\/bceco-v2\/province-du-kasai-le-gouverneur-crispin-mukendi-signe-un-protocole-daccord-pour-la-construction-des-infrastructures\/#primaryimage"},"thumbnailUrl":"https:\/\/ikar.dev\/bceco-v2\/wp-content\/uploads\/2025\/11\/9F2A6052-scaled.jpg","datePublished":"2025-11-18T07:00:00+00:00","dateModified":"2025-12-23T16:21:55+00:00","description":"Province du Kasa\u00ef : Le Gouverneur Crispin Mukendi signe un protocole d'accord pour la construction des infrastructures !","breadcrumb":{"@id":"https:\/\/ikar.dev\/bceco-v2\/province-du-kasai-le-gouverneur-crispin-mukendi-signe-un-protocole-daccord-pour-la-construction-des-infrastructures\/#breadcrumb"},"inLanguage":"en-US","potentialAction":[{"@type":"ReadAction","target":["https:\/\/ikar.dev\/bceco-v2\/province-du-kasai-le-gouverneur-crispin-mukendi-signe-un-protocole-daccord-pour-la-construction-des-infrastructures\/"]}]},{"@type":"ImageObject","inLanguage":"en-US","@id":"https:\/\/ikar.dev\/bceco-v2\/province-du-kasai-le-gouverneur-crispin-mukendi-signe-un-protocole-daccord-pour-la-construction-des-infrastructures\/#primaryimage","url":"https:\/\/ikar.dev\/bceco-v2\/wp-content\/uploads\/2025\/11\/9F2A6052-scaled.jpg","contentUrl":"https:\/\/ikar.dev\/bceco-v2\/wp-content\/uploads\/2025\/11\/9F2A6052-scaled.jpg","width":2560,"height":1707},{"@type":"BreadcrumbList","@id":"https:\/\/ikar.dev\/bceco-v2\/province-du-kasai-le-gouverneur-crispin-mukendi-signe-un-protocole-daccord-pour-la-construction-des-infrastructures\/#breadcrumb","itemListElement":[{"@type":"ListItem","position":1,"name":"Accueil","item":"https:\/\/ikar.dev\/bceco-v2\/"},{"@type":"ListItem","position":2,"name":"Province du Kasa\u00ef : Le Gouverneur Crispin Mukendi signe un protocole d&rsquo;accord pour la construction des infrastructures !"}]},{"@type":"WebSite","@id":"https:\/\/ikar.dev\/bceco-v2\/#website","url":"https:\/\/ikar.dev\/bceco-v2\/","name":"Bureau Central de Coordination","description":"B.Ce.Co \u2013 Au c\u0153ur de l\u2019ex\u00e9cution des projets de d\u00e9veloppement en RDC","publisher":{"@id":"https:\/\/ikar.dev\/bceco-v2\/#organization"},"potentialAction":[{"@type":"SearchAction","target":{"@type":"EntryPoint","urlTemplate":"https:\/\/ikar.dev\/bceco-v2\/?s={search_term_string}"},"query-input":{"@type":"PropertyValueSpecification","valueRequired":true,"valueName":"search_term_string"}}],"inLanguage":"en-US"},{"@type":"Organization","@id":"https:\/\/ikar.dev\/bceco-v2\/#organization","name":"Bureau Central de Coordination","url":"https:\/\/ikar.dev\/bceco-v2\/","logo":{"@type":"ImageObject","inLanguage":"en-US","@id":"https:\/\/ikar.dev\/bceco-v2\/#\/schema\/logo\/image\/","url":"https:\/\/ikar.dev\/bceco-v2\/wp-content\/uploads\/2025\/12\/BCECO-Bureau-Central-de-Coordination.jpg","contentUrl":"https:\/\/ikar.dev\/bceco-v2\/wp-content\/uploads\/2025\/12\/BCECO-Bureau-Central-de-Coordination.jpg","width":2048,"height":2048,"caption":"Bureau Central de Coordination"},"image":{"@id":"https:\/\/ikar.dev\/bceco-v2\/#\/schema\/logo\/image\/"},"sameAs":["https:\/\/www.facebook.com\/BCeCoRDC","https:\/\/x.com\/BCeCoRDC"]},{"@type":"Person","@id":"https:\/\/ikar.dev\/bceco-v2\/#\/schema\/person\/6ee74807ffb016a78852fec6a295d503","name":"bceco","image":{"@type":"ImageObject","inLanguage":"en-US","@id":"https:\/\/ikar.dev\/bceco-v2\/#\/schema\/person\/image\/","url":"https:\/\/secure.gravatar.com\/avatar\/55c07e1707f50774ef3c842c9d074773a6b558a20fbd1608c8e4871bc88f3455?s=96&d=mm&r=g","contentUrl":"https:\/\/secure.gravatar.com\/avatar\/55c07e1707f50774ef3c842c9d074773a6b558a20fbd1608c8e4871bc88f3455?s=96&d=mm&r=g","caption":"bceco"},"sameAs":["https:\/\/ikar.dev\/bceco-v2"],"url":"https:\/\/ikar.dev\/bceco-v2\/author\/bceco\/"}]}},"_links":{"self":[{"href":"https:\/\/ikar.dev\/bceco-v2\/wp-json\/wp\/v2\/posts\/55538","targetHints":{"allow":["GET"]}}],"collection":[{"href":"https:\/\/ikar.dev\/bceco-v2\/wp-json\/wp\/v2\/posts"}],"about":[{"href":"https:\/\/ikar.dev\/bceco-v2\/wp-json\/wp\/v2\/types\/post"}],"author":[{"embeddable":true,"href":"https:\/\/ikar.dev\/bceco-v2\/wp-json\/wp\/v2\/users\/1"}],"replies":[{"embeddable":true,"href":"https:\/\/ikar.dev\/bceco-v2\/wp-json\/wp\/v2\/comments?post=55538"}],"version-history":[{"count":1,"href":"https:\/\/ikar.dev\/bceco-v2\/wp-json\/wp\/v2\/posts\/55538\/revisions"}],"predecessor-version":[{"id":56334,"href":"https:\/\/ikar.dev\/bceco-v2\/wp-json\/wp\/v2\/posts\/55538\/revisions\/56334"}],"wp:featuredmedia":[{"embeddable":true,"href":"https:\/\/ikar.dev\/bceco-v2\/wp-json\/wp\/v2\/media\/55573"}],"wp:attachment":[{"href":"https:\/\/ikar.dev\/bceco-v2\/wp-json\/wp\/v2\/media?parent=55538"}],"wp:term":[{"taxonomy":"category","embeddable":true,"href":"https:\/\/ikar.dev\/bceco-v2\/wp-json\/wp\/v2\/categories?post=55538"},{"taxonomy":"post_tag","embeddable":true,"href":"https:\/\/ikar.dev\/bceco-v2\/wp-json\/wp\/v2\/tags?post=55538"}],"curies":[{"name":"wp","href":"https:\/\/api.w.org\/{rel}","templated":true}]}}