{"id":55525,"date":"2025-11-11T17:20:44","date_gmt":"2025-11-11T17:20:44","guid":{"rendered":"https:\/\/bceco.cd\/?p=55525"},"modified":"2025-12-23T17:21:49","modified_gmt":"2025-12-23T16:21:49","slug":"modernisation-et-rehabilitation-de-la-voirie-urbaine-de-kinshasa-lavenue-kabinda-une-lueur-despoir-pour-les-riverains","status":"publish","type":"post","link":"https:\/\/ikar.dev\/bceco-v2\/modernisation-et-rehabilitation-de-la-voirie-urbaine-de-kinshasa-lavenue-kabinda-une-lueur-despoir-pour-les-riverains\/","title":{"rendered":"Modernisation et R\u00e9habilitation de la voirie urbaine de kinshasa : L&#8217;avenue kabinda, une lueur d&#8217;espoir pour les riverains !"},"content":{"rendered":"\t\t<div data-elementor-type=\"wp-post\" data-elementor-id=\"55525\" class=\"elementor elementor-55525\" data-elementor-post-type=\"post\">\n\t\t\t\t\t\t<section class=\"elementor-section elementor-top-section elementor-element elementor-element-7b045784 elementor-section-boxed elementor-section-height-default elementor-section-height-default\" data-id=\"7b045784\" data-element_type=\"section\" data-e-type=\"section\">\n\t\t\t\t\t\t<div class=\"elementor-container elementor-column-gap-default\">\n\t\t\t\t\t<div class=\"elementor-column elementor-col-100 elementor-top-column elementor-element elementor-element-5c3f10cc\" data-id=\"5c3f10cc\" data-element_type=\"column\" data-e-type=\"column\">\n\t\t\t<div class=\"elementor-widget-wrap elementor-element-populated\">\n\t\t\t\t\t\t<div class=\"elementor-element elementor-element-1263c9d elementor-widget elementor-widget-text-editor\" data-id=\"1263c9d\" data-element_type=\"widget\" data-e-type=\"widget\" data-widget_type=\"text-editor.default\">\n\t\t\t\t\t\t\t\t\t\n<p>Le projet de r\u00e9habilitation et modernisation de la ville de kinshasa se poursuit sans d\u00e9sempar\u00e9.<br>C&#8217;est le cas de l&#8217;avenue kabinda dans son tron\u00e7on Tshiela et Aviation o\u00f9 la route est compl\u00e8tement b\u00e9tonn\u00e9e \u00e0 la grande satisfaction des populations environnantes.<br>L&#8217;entreprise Soci\u00e9t\u00e9 Kin Prestige (SKP) sous le contr\u00f4le d&#8217;Engrenage Corporation, la surveillance de l&#8217;Office des voiries et drainage (OVD) , et la supervision du Bureau Central de Coordination (BCECO) a d\u00e9j\u00e0 assaini plusieurs km de cette voie longue de 3,77km allant de l&#8217;avenue de Lib\u00e9ration ex 24 novembre jusqu&#8217;\u00e0 l&#8217;avenue Flambeau.<\/p>\n\n\n\n<p>Ce projet qui a d\u00e9but\u00e9 au mois de mars 2025 a une dur\u00e9e d&#8217;ex\u00e9cution de 9 mois.<\/p>\n\n\n\n<p>Les habitants des communes de Barumbu, Kinshasa et Lingwala ont exprim\u00e9 leur joie face \u00e0 l&#8217;\u00e9vidence des faits.<br>Ils ont outre demand\u00e9 \u00e0 l&#8217;autorit\u00e9 provinciale de placer les poubelles publiques le long de cet art\u00e8re afin d&#8217;\u00e9viter que les immondices ne soient jet\u00e9s dans les caniveaux<\/p>\n\n\n\n<p>Le projet de r\u00e9habilitation et modernisation de la ville province de kinshasa tombe \u00e0 point nomm\u00e9 afin de d\u00e9sengorger la ville sujette \u00e0 des embouteillages&nbsp;monstres.<\/p>\n\t\t\t\t\t\t\t\t<\/div>\n\t\t\t\t\t<\/div>\n\t\t<\/div>\n\t\t\t\t\t<\/div>\n\t\t<\/section>\n\t\t\t\t<section class=\"elementor-section elementor-top-section elementor-element elementor-element-ab43a7c elementor-section-boxed elementor-section-height-default elementor-section-height-default\" data-id=\"ab43a7c\" data-element_type=\"section\" data-e-type=\"section\">\n\t\t\t\t\t\t<div class=\"elementor-container elementor-column-gap-default\">\n\t\t\t\t\t<div class=\"elementor-column elementor-col-100 elementor-top-column elementor-element elementor-element-1b7315d\" data-id=\"1b7315d\" data-element_type=\"column\" data-e-type=\"column\">\n\t\t\t<div class=\"elementor-widget-wrap elementor-element-populated\">\n\t\t\t\t\t\t<div class=\"elementor-element elementor-element-1810b70 elementor-widget elementor-widget-video\" data-id=\"1810b70\" data-element_type=\"widget\" data-e-type=\"widget\" data-settings=\"{&quot;youtube_url&quot;:&quot;https:\\\/\\\/youtu.be\\\/OPh8Lbmtrgc?si=nWuwhOUGEDR3B2EC&quot;,&quot;autoplay&quot;:&quot;yes&quot;,&quot;video_type&quot;:&quot;youtube&quot;,&quot;controls&quot;:&quot;yes&quot;}\" data-widget_type=\"video.default\">\n\t\t\t\t\t\t\t<div class=\"elementor-wrapper elementor-open-inline\">\n\t\t\t<div class=\"elementor-video\"><\/div>\t\t<\/div>\n\t\t\t\t\t\t<\/div>\n\t\t\t\t\t<\/div>\n\t\t<\/div>\n\t\t\t\t\t<\/div>\n\t\t<\/section>\n\t\t\t\t<\/div>\n\t\t","protected":false},"excerpt":{"rendered":"<p>Le projet de r\u00e9habilitation et modernisation de la ville de kinshasa se poursuit sans d\u00e9sempar\u00e9.C&#8217;est le cas de l&#8217;avenue kabinda dans son tron\u00e7on Tshiela et Aviation o\u00f9 la route est compl\u00e8tement b\u00e9tonn\u00e9e \u00e0 la grande satisfaction des populations environnantes.L&#8217;entreprise Soci\u00e9t\u00e9 Kin Prestige (SKP) sous le contr\u00f4le d&#8217;Engrenage Corporation, la surveillance de l&#8217;Office des voiries et<\/p>\n","protected":false},"author":1,"featured_media":55526,"comment_status":"open","ping_status":"open","sticky":false,"template":"","format":"standard","meta":{"footnotes":""},"categories":[69,62,63,61],"tags":[],"class_list":["post-55525","post","type-post","status-publish","format-standard","has-post-thumbnail","hentry","category-actualites","category-developpement","category-infrastructures","category-pdl145t"],"yoast_head":"<!-- This site is optimized with the Yoast SEO plugin v27.0 - https:\/\/yoast.com\/product\/yoast-seo-wordpress\/ -->\n<title>Modernisation et R\u00e9habilitation de la voirie urbaine de kinshasa : L&#039;avenue kabinda, une lueur d&#039;espoir pour les riverains ! - Bureau Central de Coordination<\/title>\n<meta name=\"robots\" content=\"index, follow, max-snippet:-1, max-image-preview:large, max-video-preview:-1\" \/>\n<link rel=\"canonical\" href=\"https:\/\/ikar.dev\/bceco-v2\/modernisation-et-rehabilitation-de-la-voirie-urbaine-de-kinshasa-lavenue-kabinda-une-lueur-despoir-pour-les-riverains\/\" \/>\n<meta property=\"og:locale\" content=\"en_US\" \/>\n<meta property=\"og:type\" content=\"article\" \/>\n<meta property=\"og:title\" content=\"Modernisation et R\u00e9habilitation de la voirie urbaine de kinshasa : L&#039;avenue kabinda, une lueur d&#039;espoir pour les riverains ! - Bureau Central de Coordination\" \/>\n<meta property=\"og:description\" content=\"Le projet de r\u00e9habilitation et modernisation de la ville de kinshasa se poursuit sans d\u00e9sempar\u00e9.C&#8217;est le cas de l&#8217;avenue kabinda dans son tron\u00e7on Tshiela et Aviation o\u00f9 la route est compl\u00e8tement b\u00e9tonn\u00e9e \u00e0 la grande satisfaction des populations environnantes.L&#8217;entreprise Soci\u00e9t\u00e9 Kin Prestige (SKP) sous le contr\u00f4le d&#8217;Engrenage Corporation, la surveillance de l&#8217;Office des voiries et\" \/>\n<meta property=\"og:url\" content=\"https:\/\/ikar.dev\/bceco-v2\/modernisation-et-rehabilitation-de-la-voirie-urbaine-de-kinshasa-lavenue-kabinda-une-lueur-despoir-pour-les-riverains\/\" \/>\n<meta property=\"og:site_name\" content=\"Bureau Central de Coordination\" \/>\n<meta property=\"article:publisher\" content=\"https:\/\/www.facebook.com\/BCeCoRDC\" \/>\n<meta property=\"article:published_time\" content=\"2025-11-11T17:20:44+00:00\" \/>\n<meta property=\"article:modified_time\" content=\"2025-12-23T16:21:49+00:00\" \/>\n<meta property=\"og:image\" content=\"https:\/\/ikar.dev\/bceco-v2\/wp-content\/uploads\/2025\/11\/9F2A4667-scaled.jpg\" \/>\n\t<meta property=\"og:image:width\" content=\"2560\" \/>\n\t<meta property=\"og:image:height\" content=\"1707\" \/>\n\t<meta property=\"og:image:type\" content=\"image\/jpeg\" \/>\n<meta name=\"author\" content=\"bceco\" \/>\n<meta name=\"twitter:card\" content=\"summary_large_image\" \/>\n<meta name=\"twitter:creator\" content=\"@BCeCoRDC\" \/>\n<meta name=\"twitter:site\" content=\"@BCeCoRDC\" \/>\n<meta name=\"twitter:label1\" content=\"Written by\" \/>\n\t<meta name=\"twitter:data1\" content=\"bceco\" \/>\n\t<meta name=\"twitter:label2\" content=\"Est. reading time\" \/>\n\t<meta name=\"twitter:data2\" content=\"2 minutes\" \/>\n<script type=\"application\/ld+json\" class=\"yoast-schema-graph\">{\"@context\":\"https:\/\/schema.org\",\"@graph\":[{\"@type\":\"Article\",\"@id\":\"https:\/\/ikar.dev\/bceco-v2\/modernisation-et-rehabilitation-de-la-voirie-urbaine-de-kinshasa-lavenue-kabinda-une-lueur-despoir-pour-les-riverains\/#article\",\"isPartOf\":{\"@id\":\"https:\/\/ikar.dev\/bceco-v2\/modernisation-et-rehabilitation-de-la-voirie-urbaine-de-kinshasa-lavenue-kabinda-une-lueur-despoir-pour-les-riverains\/\"},\"author\":{\"name\":\"bceco\",\"@id\":\"https:\/\/ikar.dev\/bceco-v2\/#\/schema\/person\/6ee74807ffb016a78852fec6a295d503\"},\"headline\":\"Modernisation et R\u00e9habilitation de la voirie urbaine de kinshasa : L&#8217;avenue kabinda, une lueur d&#8217;espoir pour les riverains !\",\"datePublished\":\"2025-11-11T17:20:44+00:00\",\"dateModified\":\"2025-12-23T16:21:49+00:00\",\"mainEntityOfPage\":{\"@id\":\"https:\/\/ikar.dev\/bceco-v2\/modernisation-et-rehabilitation-de-la-voirie-urbaine-de-kinshasa-lavenue-kabinda-une-lueur-despoir-pour-les-riverains\/\"},\"wordCount\":229,\"commentCount\":0,\"publisher\":{\"@id\":\"https:\/\/ikar.dev\/bceco-v2\/#organization\"},\"image\":{\"@id\":\"https:\/\/ikar.dev\/bceco-v2\/modernisation-et-rehabilitation-de-la-voirie-urbaine-de-kinshasa-lavenue-kabinda-une-lueur-despoir-pour-les-riverains\/#primaryimage\"},\"thumbnailUrl\":\"https:\/\/ikar.dev\/bceco-v2\/wp-content\/uploads\/2025\/11\/9F2A4667-scaled.jpg\",\"articleSection\":[\"Actualit\u00e9s\",\"D\u00e9veloppement\",\"Infrastructures\",\"PDL145T\"],\"inLanguage\":\"en-US\",\"potentialAction\":[{\"@type\":\"CommentAction\",\"name\":\"Comment\",\"target\":[\"https:\/\/ikar.dev\/bceco-v2\/modernisation-et-rehabilitation-de-la-voirie-urbaine-de-kinshasa-lavenue-kabinda-une-lueur-despoir-pour-les-riverains\/#respond\"]}]},{\"@type\":\"WebPage\",\"@id\":\"https:\/\/ikar.dev\/bceco-v2\/modernisation-et-rehabilitation-de-la-voirie-urbaine-de-kinshasa-lavenue-kabinda-une-lueur-despoir-pour-les-riverains\/\",\"url\":\"https:\/\/ikar.dev\/bceco-v2\/modernisation-et-rehabilitation-de-la-voirie-urbaine-de-kinshasa-lavenue-kabinda-une-lueur-despoir-pour-les-riverains\/\",\"name\":\"Modernisation et R\u00e9habilitation de la voirie urbaine de kinshasa : L'avenue kabinda, une lueur d'espoir pour les riverains ! - Bureau Central de Coordination\",\"isPartOf\":{\"@id\":\"https:\/\/ikar.dev\/bceco-v2\/#website\"},\"primaryImageOfPage\":{\"@id\":\"https:\/\/ikar.dev\/bceco-v2\/modernisation-et-rehabilitation-de-la-voirie-urbaine-de-kinshasa-lavenue-kabinda-une-lueur-despoir-pour-les-riverains\/#primaryimage\"},\"image\":{\"@id\":\"https:\/\/ikar.dev\/bceco-v2\/modernisation-et-rehabilitation-de-la-voirie-urbaine-de-kinshasa-lavenue-kabinda-une-lueur-despoir-pour-les-riverains\/#primaryimage\"},\"thumbnailUrl\":\"https:\/\/ikar.dev\/bceco-v2\/wp-content\/uploads\/2025\/11\/9F2A4667-scaled.jpg\",\"datePublished\":\"2025-11-11T17:20:44+00:00\",\"dateModified\":\"2025-12-23T16:21:49+00:00\",\"breadcrumb\":{\"@id\":\"https:\/\/ikar.dev\/bceco-v2\/modernisation-et-rehabilitation-de-la-voirie-urbaine-de-kinshasa-lavenue-kabinda-une-lueur-despoir-pour-les-riverains\/#breadcrumb\"},\"inLanguage\":\"en-US\",\"potentialAction\":[{\"@type\":\"ReadAction\",\"target\":[\"https:\/\/ikar.dev\/bceco-v2\/modernisation-et-rehabilitation-de-la-voirie-urbaine-de-kinshasa-lavenue-kabinda-une-lueur-despoir-pour-les-riverains\/\"]}]},{\"@type\":\"ImageObject\",\"inLanguage\":\"en-US\",\"@id\":\"https:\/\/ikar.dev\/bceco-v2\/modernisation-et-rehabilitation-de-la-voirie-urbaine-de-kinshasa-lavenue-kabinda-une-lueur-despoir-pour-les-riverains\/#primaryimage\",\"url\":\"https:\/\/ikar.dev\/bceco-v2\/wp-content\/uploads\/2025\/11\/9F2A4667-scaled.jpg\",\"contentUrl\":\"https:\/\/ikar.dev\/bceco-v2\/wp-content\/uploads\/2025\/11\/9F2A4667-scaled.jpg\",\"width\":2560,\"height\":1707},{\"@type\":\"BreadcrumbList\",\"@id\":\"https:\/\/ikar.dev\/bceco-v2\/modernisation-et-rehabilitation-de-la-voirie-urbaine-de-kinshasa-lavenue-kabinda-une-lueur-despoir-pour-les-riverains\/#breadcrumb\",\"itemListElement\":[{\"@type\":\"ListItem\",\"position\":1,\"name\":\"Accueil\",\"item\":\"https:\/\/ikar.dev\/bceco-v2\/\"},{\"@type\":\"ListItem\",\"position\":2,\"name\":\"Modernisation et R\u00e9habilitation de la voirie urbaine de kinshasa : L&rsquo;avenue kabinda, une lueur d&rsquo;espoir pour les riverains !\"}]},{\"@type\":\"WebSite\",\"@id\":\"https:\/\/ikar.dev\/bceco-v2\/#website\",\"url\":\"https:\/\/ikar.dev\/bceco-v2\/\",\"name\":\"Bureau Central de Coordination\",\"description\":\"B.Ce.Co \u2013 Au c\u0153ur de l\u2019ex\u00e9cution des projets de d\u00e9veloppement en RDC\",\"publisher\":{\"@id\":\"https:\/\/ikar.dev\/bceco-v2\/#organization\"},\"potentialAction\":[{\"@type\":\"SearchAction\",\"target\":{\"@type\":\"EntryPoint\",\"urlTemplate\":\"https:\/\/ikar.dev\/bceco-v2\/?s={search_term_string}\"},\"query-input\":{\"@type\":\"PropertyValueSpecification\",\"valueRequired\":true,\"valueName\":\"search_term_string\"}}],\"inLanguage\":\"en-US\"},{\"@type\":\"Organization\",\"@id\":\"https:\/\/ikar.dev\/bceco-v2\/#organization\",\"name\":\"Bureau Central de Coordination\",\"url\":\"https:\/\/ikar.dev\/bceco-v2\/\",\"logo\":{\"@type\":\"ImageObject\",\"inLanguage\":\"en-US\",\"@id\":\"https:\/\/ikar.dev\/bceco-v2\/#\/schema\/logo\/image\/\",\"url\":\"https:\/\/ikar.dev\/bceco-v2\/wp-content\/uploads\/2025\/12\/BCECO-Bureau-Central-de-Coordination.jpg\",\"contentUrl\":\"https:\/\/ikar.dev\/bceco-v2\/wp-content\/uploads\/2025\/12\/BCECO-Bureau-Central-de-Coordination.jpg\",\"width\":2048,\"height\":2048,\"caption\":\"Bureau Central de Coordination\"},\"image\":{\"@id\":\"https:\/\/ikar.dev\/bceco-v2\/#\/schema\/logo\/image\/\"},\"sameAs\":[\"https:\/\/www.facebook.com\/BCeCoRDC\",\"https:\/\/x.com\/BCeCoRDC\"]},{\"@type\":\"Person\",\"@id\":\"https:\/\/ikar.dev\/bceco-v2\/#\/schema\/person\/6ee74807ffb016a78852fec6a295d503\",\"name\":\"bceco\",\"image\":{\"@type\":\"ImageObject\",\"inLanguage\":\"en-US\",\"@id\":\"https:\/\/ikar.dev\/bceco-v2\/#\/schema\/person\/image\/\",\"url\":\"https:\/\/secure.gravatar.com\/avatar\/55c07e1707f50774ef3c842c9d074773a6b558a20fbd1608c8e4871bc88f3455?s=96&d=mm&r=g\",\"contentUrl\":\"https:\/\/secure.gravatar.com\/avatar\/55c07e1707f50774ef3c842c9d074773a6b558a20fbd1608c8e4871bc88f3455?s=96&d=mm&r=g\",\"caption\":\"bceco\"},\"sameAs\":[\"https:\/\/ikar.dev\/bceco-v2\"],\"url\":\"https:\/\/ikar.dev\/bceco-v2\/author\/bceco\/\"}]}<\/script>\n<!-- \/ Yoast SEO plugin. -->","yoast_head_json":{"title":"Modernisation et R\u00e9habilitation de la voirie urbaine de kinshasa : L'avenue kabinda, une lueur d'espoir pour les riverains ! - Bureau Central de Coordination","robots":{"index":"index","follow":"follow","max-snippet":"max-snippet:-1","max-image-preview":"max-image-preview:large","max-video-preview":"max-video-preview:-1"},"canonical":"https:\/\/ikar.dev\/bceco-v2\/modernisation-et-rehabilitation-de-la-voirie-urbaine-de-kinshasa-lavenue-kabinda-une-lueur-despoir-pour-les-riverains\/","og_locale":"en_US","og_type":"article","og_title":"Modernisation et R\u00e9habilitation de la voirie urbaine de kinshasa : L'avenue kabinda, une lueur d'espoir pour les riverains ! - Bureau Central de Coordination","og_description":"Le projet de r\u00e9habilitation et modernisation de la ville de kinshasa se poursuit sans d\u00e9sempar\u00e9.C&#8217;est le cas de l&#8217;avenue kabinda dans son tron\u00e7on Tshiela et Aviation o\u00f9 la route est compl\u00e8tement b\u00e9tonn\u00e9e \u00e0 la grande satisfaction des populations environnantes.L&#8217;entreprise Soci\u00e9t\u00e9 Kin Prestige (SKP) sous le contr\u00f4le d&#8217;Engrenage Corporation, la surveillance de l&#8217;Office des voiries et","og_url":"https:\/\/ikar.dev\/bceco-v2\/modernisation-et-rehabilitation-de-la-voirie-urbaine-de-kinshasa-lavenue-kabinda-une-lueur-despoir-pour-les-riverains\/","og_site_name":"Bureau Central de Coordination","article_publisher":"https:\/\/www.facebook.com\/BCeCoRDC","article_published_time":"2025-11-11T17:20:44+00:00","article_modified_time":"2025-12-23T16:21:49+00:00","og_image":[{"width":2560,"height":1707,"url":"https:\/\/ikar.dev\/bceco-v2\/wp-content\/uploads\/2025\/11\/9F2A4667-scaled.jpg","type":"image\/jpeg"}],"author":"bceco","twitter_card":"summary_large_image","twitter_creator":"@BCeCoRDC","twitter_site":"@BCeCoRDC","twitter_misc":{"Written by":"bceco","Est. reading time":"2 minutes"},"schema":{"@context":"https:\/\/schema.org","@graph":[{"@type":"Article","@id":"https:\/\/ikar.dev\/bceco-v2\/modernisation-et-rehabilitation-de-la-voirie-urbaine-de-kinshasa-lavenue-kabinda-une-lueur-despoir-pour-les-riverains\/#article","isPartOf":{"@id":"https:\/\/ikar.dev\/bceco-v2\/modernisation-et-rehabilitation-de-la-voirie-urbaine-de-kinshasa-lavenue-kabinda-une-lueur-despoir-pour-les-riverains\/"},"author":{"name":"bceco","@id":"https:\/\/ikar.dev\/bceco-v2\/#\/schema\/person\/6ee74807ffb016a78852fec6a295d503"},"headline":"Modernisation et R\u00e9habilitation de la voirie urbaine de kinshasa : L&#8217;avenue kabinda, une lueur d&#8217;espoir pour les riverains !","datePublished":"2025-11-11T17:20:44+00:00","dateModified":"2025-12-23T16:21:49+00:00","mainEntityOfPage":{"@id":"https:\/\/ikar.dev\/bceco-v2\/modernisation-et-rehabilitation-de-la-voirie-urbaine-de-kinshasa-lavenue-kabinda-une-lueur-despoir-pour-les-riverains\/"},"wordCount":229,"commentCount":0,"publisher":{"@id":"https:\/\/ikar.dev\/bceco-v2\/#organization"},"image":{"@id":"https:\/\/ikar.dev\/bceco-v2\/modernisation-et-rehabilitation-de-la-voirie-urbaine-de-kinshasa-lavenue-kabinda-une-lueur-despoir-pour-les-riverains\/#primaryimage"},"thumbnailUrl":"https:\/\/ikar.dev\/bceco-v2\/wp-content\/uploads\/2025\/11\/9F2A4667-scaled.jpg","articleSection":["Actualit\u00e9s","D\u00e9veloppement","Infrastructures","PDL145T"],"inLanguage":"en-US","potentialAction":[{"@type":"CommentAction","name":"Comment","target":["https:\/\/ikar.dev\/bceco-v2\/modernisation-et-rehabilitation-de-la-voirie-urbaine-de-kinshasa-lavenue-kabinda-une-lueur-despoir-pour-les-riverains\/#respond"]}]},{"@type":"WebPage","@id":"https:\/\/ikar.dev\/bceco-v2\/modernisation-et-rehabilitation-de-la-voirie-urbaine-de-kinshasa-lavenue-kabinda-une-lueur-despoir-pour-les-riverains\/","url":"https:\/\/ikar.dev\/bceco-v2\/modernisation-et-rehabilitation-de-la-voirie-urbaine-de-kinshasa-lavenue-kabinda-une-lueur-despoir-pour-les-riverains\/","name":"Modernisation et R\u00e9habilitation de la voirie urbaine de kinshasa : L'avenue kabinda, une lueur d'espoir pour les riverains ! - Bureau Central de Coordination","isPartOf":{"@id":"https:\/\/ikar.dev\/bceco-v2\/#website"},"primaryImageOfPage":{"@id":"https:\/\/ikar.dev\/bceco-v2\/modernisation-et-rehabilitation-de-la-voirie-urbaine-de-kinshasa-lavenue-kabinda-une-lueur-despoir-pour-les-riverains\/#primaryimage"},"image":{"@id":"https:\/\/ikar.dev\/bceco-v2\/modernisation-et-rehabilitation-de-la-voirie-urbaine-de-kinshasa-lavenue-kabinda-une-lueur-despoir-pour-les-riverains\/#primaryimage"},"thumbnailUrl":"https:\/\/ikar.dev\/bceco-v2\/wp-content\/uploads\/2025\/11\/9F2A4667-scaled.jpg","datePublished":"2025-11-11T17:20:44+00:00","dateModified":"2025-12-23T16:21:49+00:00","breadcrumb":{"@id":"https:\/\/ikar.dev\/bceco-v2\/modernisation-et-rehabilitation-de-la-voirie-urbaine-de-kinshasa-lavenue-kabinda-une-lueur-despoir-pour-les-riverains\/#breadcrumb"},"inLanguage":"en-US","potentialAction":[{"@type":"ReadAction","target":["https:\/\/ikar.dev\/bceco-v2\/modernisation-et-rehabilitation-de-la-voirie-urbaine-de-kinshasa-lavenue-kabinda-une-lueur-despoir-pour-les-riverains\/"]}]},{"@type":"ImageObject","inLanguage":"en-US","@id":"https:\/\/ikar.dev\/bceco-v2\/modernisation-et-rehabilitation-de-la-voirie-urbaine-de-kinshasa-lavenue-kabinda-une-lueur-despoir-pour-les-riverains\/#primaryimage","url":"https:\/\/ikar.dev\/bceco-v2\/wp-content\/uploads\/2025\/11\/9F2A4667-scaled.jpg","contentUrl":"https:\/\/ikar.dev\/bceco-v2\/wp-content\/uploads\/2025\/11\/9F2A4667-scaled.jpg","width":2560,"height":1707},{"@type":"BreadcrumbList","@id":"https:\/\/ikar.dev\/bceco-v2\/modernisation-et-rehabilitation-de-la-voirie-urbaine-de-kinshasa-lavenue-kabinda-une-lueur-despoir-pour-les-riverains\/#breadcrumb","itemListElement":[{"@type":"ListItem","position":1,"name":"Accueil","item":"https:\/\/ikar.dev\/bceco-v2\/"},{"@type":"ListItem","position":2,"name":"Modernisation et R\u00e9habilitation de la voirie urbaine de kinshasa : L&rsquo;avenue kabinda, une lueur d&rsquo;espoir pour les riverains !"}]},{"@type":"WebSite","@id":"https:\/\/ikar.dev\/bceco-v2\/#website","url":"https:\/\/ikar.dev\/bceco-v2\/","name":"Bureau Central de Coordination","description":"B.Ce.Co \u2013 Au c\u0153ur de l\u2019ex\u00e9cution des projets de d\u00e9veloppement en RDC","publisher":{"@id":"https:\/\/ikar.dev\/bceco-v2\/#organization"},"potentialAction":[{"@type":"SearchAction","target":{"@type":"EntryPoint","urlTemplate":"https:\/\/ikar.dev\/bceco-v2\/?s={search_term_string}"},"query-input":{"@type":"PropertyValueSpecification","valueRequired":true,"valueName":"search_term_string"}}],"inLanguage":"en-US"},{"@type":"Organization","@id":"https:\/\/ikar.dev\/bceco-v2\/#organization","name":"Bureau Central de Coordination","url":"https:\/\/ikar.dev\/bceco-v2\/","logo":{"@type":"ImageObject","inLanguage":"en-US","@id":"https:\/\/ikar.dev\/bceco-v2\/#\/schema\/logo\/image\/","url":"https:\/\/ikar.dev\/bceco-v2\/wp-content\/uploads\/2025\/12\/BCECO-Bureau-Central-de-Coordination.jpg","contentUrl":"https:\/\/ikar.dev\/bceco-v2\/wp-content\/uploads\/2025\/12\/BCECO-Bureau-Central-de-Coordination.jpg","width":2048,"height":2048,"caption":"Bureau Central de Coordination"},"image":{"@id":"https:\/\/ikar.dev\/bceco-v2\/#\/schema\/logo\/image\/"},"sameAs":["https:\/\/www.facebook.com\/BCeCoRDC","https:\/\/x.com\/BCeCoRDC"]},{"@type":"Person","@id":"https:\/\/ikar.dev\/bceco-v2\/#\/schema\/person\/6ee74807ffb016a78852fec6a295d503","name":"bceco","image":{"@type":"ImageObject","inLanguage":"en-US","@id":"https:\/\/ikar.dev\/bceco-v2\/#\/schema\/person\/image\/","url":"https:\/\/secure.gravatar.com\/avatar\/55c07e1707f50774ef3c842c9d074773a6b558a20fbd1608c8e4871bc88f3455?s=96&d=mm&r=g","contentUrl":"https:\/\/secure.gravatar.com\/avatar\/55c07e1707f50774ef3c842c9d074773a6b558a20fbd1608c8e4871bc88f3455?s=96&d=mm&r=g","caption":"bceco"},"sameAs":["https:\/\/ikar.dev\/bceco-v2"],"url":"https:\/\/ikar.dev\/bceco-v2\/author\/bceco\/"}]}},"_links":{"self":[{"href":"https:\/\/ikar.dev\/bceco-v2\/wp-json\/wp\/v2\/posts\/55525","targetHints":{"allow":["GET"]}}],"collection":[{"href":"https:\/\/ikar.dev\/bceco-v2\/wp-json\/wp\/v2\/posts"}],"about":[{"href":"https:\/\/ikar.dev\/bceco-v2\/wp-json\/wp\/v2\/types\/post"}],"author":[{"embeddable":true,"href":"https:\/\/ikar.dev\/bceco-v2\/wp-json\/wp\/v2\/users\/1"}],"replies":[{"embeddable":true,"href":"https:\/\/ikar.dev\/bceco-v2\/wp-json\/wp\/v2\/comments?post=55525"}],"version-history":[{"count":1,"href":"https:\/\/ikar.dev\/bceco-v2\/wp-json\/wp\/v2\/posts\/55525\/revisions"}],"predecessor-version":[{"id":56333,"href":"https:\/\/ikar.dev\/bceco-v2\/wp-json\/wp\/v2\/posts\/55525\/revisions\/56333"}],"wp:featuredmedia":[{"embeddable":true,"href":"https:\/\/ikar.dev\/bceco-v2\/wp-json\/wp\/v2\/media\/55526"}],"wp:attachment":[{"href":"https:\/\/ikar.dev\/bceco-v2\/wp-json\/wp\/v2\/media?parent=55525"}],"wp:term":[{"taxonomy":"category","embeddable":true,"href":"https:\/\/ikar.dev\/bceco-v2\/wp-json\/wp\/v2\/categories?post=55525"},{"taxonomy":"post_tag","embeddable":true,"href":"https:\/\/ikar.dev\/bceco-v2\/wp-json\/wp\/v2\/tags?post=55525"}],"curies":[{"name":"wp","href":"https:\/\/api.w.org\/{rel}","templated":true}]}}