{"id":55503,"date":"2025-11-04T14:32:10","date_gmt":"2025-11-04T14:32:10","guid":{"rendered":"https:\/\/bceco.cd\/?p=55503"},"modified":"2025-12-23T17:21:43","modified_gmt":"2025-12-23T16:21:43","slug":"ituri-pdl-145t-le-caucus-des-deputes-et-senateurs-chez-bceco","status":"publish","type":"post","link":"https:\/\/ikar.dev\/bceco-v2\/ituri-pdl-145t-le-caucus-des-deputes-et-senateurs-chez-bceco\/","title":{"rendered":"ITURI- PDL-145T\/ LE CAUCUS DES D\u00c9PUT\u00c9S ET S\u00c9NATEURS CHEZ BCECO !"},"content":{"rendered":"\t\t<div data-elementor-type=\"wp-post\" data-elementor-id=\"55503\" class=\"elementor elementor-55503\" data-elementor-post-type=\"post\">\n\t\t\t\t\t\t<section class=\"elementor-section elementor-top-section elementor-element elementor-element-302f72a0 elementor-section-boxed elementor-section-height-default elementor-section-height-default\" data-id=\"302f72a0\" data-element_type=\"section\" data-e-type=\"section\">\n\t\t\t\t\t\t<div class=\"elementor-container elementor-column-gap-default\">\n\t\t\t\t\t<div class=\"elementor-column elementor-col-100 elementor-top-column elementor-element elementor-element-7180583c\" data-id=\"7180583c\" data-element_type=\"column\" data-e-type=\"column\">\n\t\t\t<div class=\"elementor-widget-wrap elementor-element-populated\">\n\t\t\t\t\t\t<div class=\"elementor-element elementor-element-5c296f11 elementor-widget elementor-widget-text-editor\" data-id=\"5c296f11\" data-element_type=\"widget\" data-e-type=\"widget\" data-widget_type=\"text-editor.default\">\n\t\t\t\t\t\t\t\t\t\n<p>L&#8217;\u00e9volution du Programme de D\u00e9veloppement Local des 145 territoires, ce vaste programme du chef de l&#8217;Etat F\u00e9lix Antoine Tshisekedi \u00e9tait au centre d&#8217;un \u00e9change qui a eu lieu le jeudi 30\/ octobre\/ 2025 au caf\u00e9 du 19 entre les membres du caucus des parlementaires de l&#8217;ituri et le Bureau Central de Coordination Bceco.<\/p>\n\n\n\n<p>Au menu de cette rencontre, l&#8217;\u00e9tat d&#8217;avancement du PDL-145T dans leur province.<\/p>\n\n\n\n<p>Conduite, par l&#8217;honorable MBODINA IRIBI PIERRE C\u00c9LESTIN PITCHOU, Pr\u00e9sident du Caucus, les D\u00e9put\u00e9s et S\u00e9nateurs sont venus s&#8217;enqu\u00e9rir de la situation du PDL-145T, chacun selon sa circonscriptions \u00e9lectorales aupr\u00e8s du Bureau Central de Coordination( Bceco).<\/p>\n\n\n\n<figure class=\"wp-block-image size-full\"><img decoding=\"async\" src=\"https:\/\/bceco.cd\/wp-content\/uploads\/2025\/11\/9F2A5891.jpg\" alt=\"\" class=\"wp-image-55515\"\/><\/figure>\n\n\n\n<p>\u00c0 travers une matin\u00e9e d&#8217;information Jean mabi Directeur G\u00e9n\u00e9ral du BCECO<br>a expos\u00e9 sur toute le situation PDL dans la province de l&#8217;Ituri c-\u00e0-d territoires apr\u00e8s territoires, il a par la suite donn\u00e9 place \u00e0 un d\u00e9bat houleux qui a permis aux uns et aux autres de faire la lumi\u00e8re sur les zones d&#8217;ombres qui existaient.<\/p>\n\n\n\n<p>Jean Mabi a dispos\u00e9 pr\u00e8s de 4 heures pour r\u00e9pondre \u00e0 toutes les questions de ses interlocuteurs.<br>L&#8217;Ordre du jour \u00e9tant \u00e9puis\u00e9, l&#8217;honorable MBODINA PIERRE C\u00c9LESTIN PITCHOU s&#8217;est exprim\u00e9 en ce terme: &#8221; Nous saluons les \u00e9tapes parcourues jusqu&#8217;ici par le BCECO, n\u00e9anmoins, nous sommes conscients des difficult\u00e9s de deux ordres qui freinent le bon d\u00e9roulement des travaux, notamment les difficult\u00e9s financi\u00e8res et s\u00e9curitaires.<br>L&#8217;ins\u00e9curit\u00e9 qui r\u00e8gnent dans le territoire de Djugu ne permet pas au BCECO d&#8217;avancer rapidement avec les travaux. Nous appelons les autorit\u00e9s tant civiles que militaires \u00e0 tout mettre en oeuvre pour que la paix soit retrouv\u00e9e dans cette partie du territoire. Cette situation est tributaire de la disparit\u00e9 des taux d&#8217;ex\u00e9cution que nous observons, le niveau d&#8217;ex\u00e9cution des travaux diff\u00e8rent, dans certains territoires comme \u00e0 Irumu, il est de cent pour-cent alors que dans d&#8217;autres il varie.<br>Nous voulons que le BCECO actionne tous les m\u00e9canismes pour remettre tous les ouvrages dans un bref d\u00e9lai &#8220;<\/p>\n\n\n\n<figure class=\"wp-block-image size-full\"><img decoding=\"async\" src=\"https:\/\/bceco.cd\/wp-content\/uploads\/2025\/11\/9F2A5796.jpg\" alt=\"\" class=\"wp-image-55506\"\/><\/figure>\n\n\n\n<p>Ce premier atelier qui montre l&#8217;importance que rev\u00eat le Programme de D\u00e9veloppement Local des 145 territoires n&#8217;est sans doute pas le dernier car il a \u00e9t\u00e9 ent\u00e9rin\u00e9 comme cadre de concertations entre les deux institutions pour le suivi de ce vaste programme du Chef de l&#8217;\u00c9tat qui a pour objectif la r\u00e9duction de la pauvret\u00e9 entre les milieux urbains et ruraux<\/p>\n\n\n\n<p><\/p>\n\t\t\t\t\t\t\t\t<\/div>\n\t\t\t\t\t<\/div>\n\t\t<\/div>\n\t\t\t\t\t<\/div>\n\t\t<\/section>\n\t\t\t\t<section class=\"elementor-section elementor-top-section elementor-element elementor-element-90b742d elementor-section-boxed elementor-section-height-default elementor-section-height-default\" data-id=\"90b742d\" data-element_type=\"section\" data-e-type=\"section\">\n\t\t\t\t\t\t<div class=\"elementor-container elementor-column-gap-default\">\n\t\t\t\t\t<div class=\"elementor-column elementor-col-50 elementor-top-column elementor-element elementor-element-48fdc5b\" data-id=\"48fdc5b\" data-element_type=\"column\" data-e-type=\"column\">\n\t\t\t<div class=\"elementor-widget-wrap elementor-element-populated\">\n\t\t\t\t\t\t<div class=\"elementor-element elementor-element-7b992eb elementor-widget elementor-widget-video\" data-id=\"7b992eb\" data-element_type=\"widget\" data-e-type=\"widget\" data-settings=\"{&quot;youtube_url&quot;:&quot;https:\\\/\\\/www.youtube.com\\\/watch?v=Df9NftVoNNY&quot;,&quot;autoplay&quot;:&quot;yes&quot;,&quot;video_type&quot;:&quot;youtube&quot;,&quot;controls&quot;:&quot;yes&quot;}\" data-widget_type=\"video.default\">\n\t\t\t\t\t\t\t<div class=\"elementor-wrapper elementor-open-inline\">\n\t\t\t<div class=\"elementor-video\"><\/div>\t\t<\/div>\n\t\t\t\t\t\t<\/div>\n\t\t\t\t\t<\/div>\n\t\t<\/div>\n\t\t\t\t<div class=\"elementor-column elementor-col-50 elementor-top-column elementor-element elementor-element-334985f\" data-id=\"334985f\" data-element_type=\"column\" data-e-type=\"column\">\n\t\t\t<div class=\"elementor-widget-wrap elementor-element-populated\">\n\t\t\t\t\t\t<div class=\"elementor-element elementor-element-0a7efdb elementor-widget__width-initial elementor-arrows-position-inside elementor-pagination-position-outside elementor-widget elementor-widget-image-carousel\" data-id=\"0a7efdb\" data-element_type=\"widget\" data-e-type=\"widget\" data-settings=\"{&quot;slides_to_show&quot;:&quot;1&quot;,&quot;navigation&quot;:&quot;both&quot;,&quot;autoplay&quot;:&quot;yes&quot;,&quot;pause_on_hover&quot;:&quot;yes&quot;,&quot;pause_on_interaction&quot;:&quot;yes&quot;,&quot;autoplay_speed&quot;:5000,&quot;infinite&quot;:&quot;yes&quot;,&quot;effect&quot;:&quot;slide&quot;,&quot;speed&quot;:500}\" data-widget_type=\"image-carousel.default\">\n\t\t\t\t\t\t\t<div class=\"elementor-image-carousel-wrapper swiper\" role=\"region\" aria-roledescription=\"carousel\" aria-label=\"Image Carousel\" dir=\"ltr\">\n\t\t\t<div class=\"elementor-image-carousel swiper-wrapper\" aria-live=\"off\">\n\t\t\t\t\t\t\t\t<div class=\"swiper-slide\" role=\"group\" aria-roledescription=\"slide\" aria-label=\"1 of 11\"><figure class=\"swiper-slide-inner\"><img decoding=\"async\" class=\"swiper-slide-image\" src=\"https:\/\/ikar.dev\/bceco-v2\/wp-content\/uploads\/2025\/11\/9F2A5902-1170x694.jpg\" alt=\"9F2A5902\" \/><\/figure><\/div><div class=\"swiper-slide\" role=\"group\" aria-roledescription=\"slide\" aria-label=\"2 of 11\"><figure class=\"swiper-slide-inner\"><img decoding=\"async\" class=\"swiper-slide-image\" src=\"https:\/\/ikar.dev\/bceco-v2\/wp-content\/uploads\/2025\/11\/9F2A5860-1170x694.jpg\" alt=\"9F2A5860\" \/><\/figure><\/div><div class=\"swiper-slide\" role=\"group\" aria-roledescription=\"slide\" aria-label=\"3 of 11\"><figure class=\"swiper-slide-inner\"><img decoding=\"async\" class=\"swiper-slide-image\" src=\"https:\/\/ikar.dev\/bceco-v2\/wp-content\/uploads\/2025\/11\/9F2A5844-1170x694.jpg\" alt=\"9F2A5844\" \/><\/figure><\/div><div class=\"swiper-slide\" role=\"group\" aria-roledescription=\"slide\" aria-label=\"4 of 11\"><figure class=\"swiper-slide-inner\"><img decoding=\"async\" class=\"swiper-slide-image\" src=\"https:\/\/ikar.dev\/bceco-v2\/wp-content\/uploads\/2025\/11\/9F2A5888-1170x694.jpg\" alt=\"9F2A5888\" \/><\/figure><\/div><div class=\"swiper-slide\" role=\"group\" aria-roledescription=\"slide\" aria-label=\"5 of 11\"><figure class=\"swiper-slide-inner\"><img decoding=\"async\" class=\"swiper-slide-image\" src=\"https:\/\/ikar.dev\/bceco-v2\/wp-content\/uploads\/2025\/11\/9F2A5891-1170x694.jpg\" alt=\"9F2A5891\" \/><\/figure><\/div><div class=\"swiper-slide\" role=\"group\" aria-roledescription=\"slide\" aria-label=\"6 of 11\"><figure class=\"swiper-slide-inner\"><img decoding=\"async\" class=\"swiper-slide-image\" src=\"https:\/\/ikar.dev\/bceco-v2\/wp-content\/uploads\/2025\/11\/9F2A5868-1170x694.jpg\" alt=\"9F2A5868\" \/><\/figure><\/div><div class=\"swiper-slide\" role=\"group\" aria-roledescription=\"slide\" aria-label=\"7 of 11\"><figure class=\"swiper-slide-inner\"><img decoding=\"async\" class=\"swiper-slide-image\" src=\"https:\/\/ikar.dev\/bceco-v2\/wp-content\/uploads\/2025\/11\/9F2A5791-1170x694.jpg\" alt=\"9F2A5791\" \/><\/figure><\/div><div class=\"swiper-slide\" role=\"group\" aria-roledescription=\"slide\" aria-label=\"8 of 11\"><figure class=\"swiper-slide-inner\"><img decoding=\"async\" class=\"swiper-slide-image\" src=\"https:\/\/ikar.dev\/bceco-v2\/wp-content\/uploads\/2025\/11\/9F2A5796-1170x694.jpg\" alt=\"9F2A5796\" \/><\/figure><\/div><div class=\"swiper-slide\" role=\"group\" aria-roledescription=\"slide\" aria-label=\"9 of 11\"><figure class=\"swiper-slide-inner\"><img decoding=\"async\" class=\"swiper-slide-image\" src=\"https:\/\/ikar.dev\/bceco-v2\/wp-content\/uploads\/2025\/11\/9F2A5874-1170x694.jpg\" alt=\"9F2A5874\" \/><\/figure><\/div><div class=\"swiper-slide\" role=\"group\" aria-roledescription=\"slide\" aria-label=\"10 of 11\"><figure class=\"swiper-slide-inner\"><img decoding=\"async\" class=\"swiper-slide-image\" src=\"https:\/\/ikar.dev\/bceco-v2\/wp-content\/uploads\/2025\/11\/9F2A5884-1170x694.jpg\" alt=\"9F2A5884\" \/><\/figure><\/div><div class=\"swiper-slide\" role=\"group\" aria-roledescription=\"slide\" aria-label=\"11 of 11\"><figure class=\"swiper-slide-inner\"><img decoding=\"async\" class=\"swiper-slide-image\" src=\"https:\/\/ikar.dev\/bceco-v2\/wp-content\/uploads\/2025\/11\/9F2A5905-1170x694.jpg\" alt=\"9F2A5905\" \/><\/figure><\/div>\t\t\t<\/div>\n\t\t\t\t\t\t\t\t\t\t\t\t<div class=\"elementor-swiper-button elementor-swiper-button-prev\" role=\"button\" tabindex=\"0\">\n\t\t\t\t\t\t<svg aria-hidden=\"true\" class=\"e-font-icon-svg e-eicon-chevron-left\" viewBox=\"0 0 1000 1000\" xmlns=\"http:\/\/www.w3.org\/2000\/svg\"><path d=\"M646 125C629 125 613 133 604 142L308 442C296 454 292 471 292 487 292 504 296 521 308 533L604 854C617 867 629 875 646 875 663 875 679 871 692 858 704 846 713 829 713 812 713 796 708 779 692 767L438 487 692 225C700 217 708 204 708 187 708 171 704 154 692 142 675 129 663 125 646 125Z\"><\/path><\/svg>\t\t\t\t\t<\/div>\n\t\t\t\t\t<div class=\"elementor-swiper-button elementor-swiper-button-next\" role=\"button\" tabindex=\"0\">\n\t\t\t\t\t\t<svg aria-hidden=\"true\" class=\"e-font-icon-svg e-eicon-chevron-right\" viewBox=\"0 0 1000 1000\" xmlns=\"http:\/\/www.w3.org\/2000\/svg\"><path d=\"M696 533C708 521 713 504 713 487 713 471 708 454 696 446L400 146C388 133 375 125 354 125 338 125 325 129 313 142 300 154 292 171 292 187 292 204 296 221 308 233L563 492 304 771C292 783 288 800 288 817 288 833 296 850 308 863 321 871 338 875 354 875 371 875 388 867 400 854L696 533Z\"><\/path><\/svg>\t\t\t\t\t<\/div>\n\t\t\t\t\n\t\t\t\t\t\t\t\t\t<div class=\"swiper-pagination\"><\/div>\n\t\t\t\t\t\t\t\t\t<\/div>\n\t\t\t\t\t\t<\/div>\n\t\t\t\t\t<\/div>\n\t\t<\/div>\n\t\t\t\t\t<\/div>\n\t\t<\/section>\n\t\t\t\t<\/div>\n\t\t","protected":false},"excerpt":{"rendered":"<p>L&#8217;\u00e9volution du Programme de D\u00e9veloppement Local des 145 territoires, ce vaste programme du chef de l&#8217;Etat F\u00e9lix Antoine Tshisekedi \u00e9tait au centre d&#8217;un \u00e9change qui a eu lieu le jeudi 30\/ octobre\/ 2025 au caf\u00e9 du 19 entre les membres du caucus des parlementaires de l&#8217;ituri et le Bureau Central de Coordination Bceco. Au menu<\/p>\n","protected":false},"author":1,"featured_media":55523,"comment_status":"open","ping_status":"open","sticky":false,"template":"","format":"standard","meta":{"footnotes":""},"categories":[69,62,63,61,82],"tags":[],"class_list":["post-55503","post","type-post","status-publish","format-standard","has-post-thumbnail","hentry","category-actualites","category-developpement","category-infrastructures","category-pdl145t","category-sante"],"yoast_head":"<!-- This site is optimized with the Yoast SEO plugin v27.0 - https:\/\/yoast.com\/product\/yoast-seo-wordpress\/ -->\n<title>ITURI- PDL-145T\/ LE CAUCUS DES D\u00c9PUT\u00c9S ET S\u00c9NATEURS CHEZ BCECO ! - Bureau Central de Coordination<\/title>\n<meta name=\"robots\" content=\"index, follow, max-snippet:-1, max-image-preview:large, max-video-preview:-1\" \/>\n<link rel=\"canonical\" href=\"https:\/\/ikar.dev\/bceco-v2\/ituri-pdl-145t-le-caucus-des-deputes-et-senateurs-chez-bceco\/\" \/>\n<meta property=\"og:locale\" content=\"en_US\" \/>\n<meta property=\"og:type\" content=\"article\" \/>\n<meta property=\"og:title\" content=\"ITURI- PDL-145T\/ LE CAUCUS DES D\u00c9PUT\u00c9S ET S\u00c9NATEURS CHEZ BCECO ! - Bureau Central de Coordination\" \/>\n<meta property=\"og:description\" content=\"L&#8217;\u00e9volution du Programme de D\u00e9veloppement Local des 145 territoires, ce vaste programme du chef de l&#8217;Etat F\u00e9lix Antoine Tshisekedi \u00e9tait au centre d&#8217;un \u00e9change qui a eu lieu le jeudi 30\/ octobre\/ 2025 au caf\u00e9 du 19 entre les membres du caucus des parlementaires de l&#8217;ituri et le Bureau Central de Coordination Bceco. Au menu\" \/>\n<meta property=\"og:url\" content=\"https:\/\/ikar.dev\/bceco-v2\/ituri-pdl-145t-le-caucus-des-deputes-et-senateurs-chez-bceco\/\" \/>\n<meta property=\"og:site_name\" content=\"Bureau Central de Coordination\" \/>\n<meta property=\"article:publisher\" content=\"https:\/\/www.facebook.com\/BCeCoRDC\" \/>\n<meta property=\"article:published_time\" content=\"2025-11-04T14:32:10+00:00\" \/>\n<meta property=\"article:modified_time\" content=\"2025-12-23T16:21:43+00:00\" \/>\n<meta property=\"og:image\" content=\"https:\/\/ikar.dev\/bceco-v2\/wp-content\/uploads\/2025\/11\/9F2A5905-1-scaled.jpg\" \/>\n\t<meta property=\"og:image:width\" content=\"2560\" \/>\n\t<meta property=\"og:image:height\" content=\"1707\" \/>\n\t<meta property=\"og:image:type\" content=\"image\/jpeg\" \/>\n<meta name=\"author\" content=\"bceco\" \/>\n<meta name=\"twitter:card\" content=\"summary_large_image\" \/>\n<meta name=\"twitter:creator\" content=\"@BCeCoRDC\" \/>\n<meta name=\"twitter:site\" content=\"@BCeCoRDC\" \/>\n<meta name=\"twitter:label1\" content=\"Written by\" \/>\n\t<meta name=\"twitter:data1\" content=\"bceco\" \/>\n\t<meta name=\"twitter:label2\" content=\"Est. reading time\" \/>\n\t<meta name=\"twitter:data2\" content=\"5 minutes\" \/>\n<script type=\"application\/ld+json\" class=\"yoast-schema-graph\">{\"@context\":\"https:\/\/schema.org\",\"@graph\":[{\"@type\":\"Article\",\"@id\":\"https:\/\/ikar.dev\/bceco-v2\/ituri-pdl-145t-le-caucus-des-deputes-et-senateurs-chez-bceco\/#article\",\"isPartOf\":{\"@id\":\"https:\/\/ikar.dev\/bceco-v2\/ituri-pdl-145t-le-caucus-des-deputes-et-senateurs-chez-bceco\/\"},\"author\":{\"name\":\"bceco\",\"@id\":\"https:\/\/ikar.dev\/bceco-v2\/#\/schema\/person\/6ee74807ffb016a78852fec6a295d503\"},\"headline\":\"ITURI- PDL-145T\/ LE CAUCUS DES D\u00c9PUT\u00c9S ET S\u00c9NATEURS CHEZ BCECO !\",\"datePublished\":\"2025-11-04T14:32:10+00:00\",\"dateModified\":\"2025-12-23T16:21:43+00:00\",\"mainEntityOfPage\":{\"@id\":\"https:\/\/ikar.dev\/bceco-v2\/ituri-pdl-145t-le-caucus-des-deputes-et-senateurs-chez-bceco\/\"},\"wordCount\":449,\"commentCount\":0,\"publisher\":{\"@id\":\"https:\/\/ikar.dev\/bceco-v2\/#organization\"},\"image\":{\"@id\":\"https:\/\/ikar.dev\/bceco-v2\/ituri-pdl-145t-le-caucus-des-deputes-et-senateurs-chez-bceco\/#primaryimage\"},\"thumbnailUrl\":\"https:\/\/ikar.dev\/bceco-v2\/wp-content\/uploads\/2025\/11\/9F2A5905-1-scaled.jpg\",\"articleSection\":[\"Actualit\u00e9s\",\"D\u00e9veloppement\",\"Infrastructures\",\"PDL145T\",\"Sant\u00e9\"],\"inLanguage\":\"en-US\",\"potentialAction\":[{\"@type\":\"CommentAction\",\"name\":\"Comment\",\"target\":[\"https:\/\/ikar.dev\/bceco-v2\/ituri-pdl-145t-le-caucus-des-deputes-et-senateurs-chez-bceco\/#respond\"]}]},{\"@type\":\"WebPage\",\"@id\":\"https:\/\/ikar.dev\/bceco-v2\/ituri-pdl-145t-le-caucus-des-deputes-et-senateurs-chez-bceco\/\",\"url\":\"https:\/\/ikar.dev\/bceco-v2\/ituri-pdl-145t-le-caucus-des-deputes-et-senateurs-chez-bceco\/\",\"name\":\"ITURI- PDL-145T\/ LE CAUCUS DES D\u00c9PUT\u00c9S ET S\u00c9NATEURS CHEZ BCECO ! - Bureau Central de Coordination\",\"isPartOf\":{\"@id\":\"https:\/\/ikar.dev\/bceco-v2\/#website\"},\"primaryImageOfPage\":{\"@id\":\"https:\/\/ikar.dev\/bceco-v2\/ituri-pdl-145t-le-caucus-des-deputes-et-senateurs-chez-bceco\/#primaryimage\"},\"image\":{\"@id\":\"https:\/\/ikar.dev\/bceco-v2\/ituri-pdl-145t-le-caucus-des-deputes-et-senateurs-chez-bceco\/#primaryimage\"},\"thumbnailUrl\":\"https:\/\/ikar.dev\/bceco-v2\/wp-content\/uploads\/2025\/11\/9F2A5905-1-scaled.jpg\",\"datePublished\":\"2025-11-04T14:32:10+00:00\",\"dateModified\":\"2025-12-23T16:21:43+00:00\",\"breadcrumb\":{\"@id\":\"https:\/\/ikar.dev\/bceco-v2\/ituri-pdl-145t-le-caucus-des-deputes-et-senateurs-chez-bceco\/#breadcrumb\"},\"inLanguage\":\"en-US\",\"potentialAction\":[{\"@type\":\"ReadAction\",\"target\":[\"https:\/\/ikar.dev\/bceco-v2\/ituri-pdl-145t-le-caucus-des-deputes-et-senateurs-chez-bceco\/\"]}]},{\"@type\":\"ImageObject\",\"inLanguage\":\"en-US\",\"@id\":\"https:\/\/ikar.dev\/bceco-v2\/ituri-pdl-145t-le-caucus-des-deputes-et-senateurs-chez-bceco\/#primaryimage\",\"url\":\"https:\/\/ikar.dev\/bceco-v2\/wp-content\/uploads\/2025\/11\/9F2A5905-1-scaled.jpg\",\"contentUrl\":\"https:\/\/ikar.dev\/bceco-v2\/wp-content\/uploads\/2025\/11\/9F2A5905-1-scaled.jpg\",\"width\":2560,\"height\":1707},{\"@type\":\"BreadcrumbList\",\"@id\":\"https:\/\/ikar.dev\/bceco-v2\/ituri-pdl-145t-le-caucus-des-deputes-et-senateurs-chez-bceco\/#breadcrumb\",\"itemListElement\":[{\"@type\":\"ListItem\",\"position\":1,\"name\":\"Accueil\",\"item\":\"https:\/\/ikar.dev\/bceco-v2\/\"},{\"@type\":\"ListItem\",\"position\":2,\"name\":\"ITURI- PDL-145T\/ LE CAUCUS DES D\u00c9PUT\u00c9S ET S\u00c9NATEURS CHEZ BCECO !\"}]},{\"@type\":\"WebSite\",\"@id\":\"https:\/\/ikar.dev\/bceco-v2\/#website\",\"url\":\"https:\/\/ikar.dev\/bceco-v2\/\",\"name\":\"Bureau Central de Coordination\",\"description\":\"B.Ce.Co \u2013 Au c\u0153ur de l\u2019ex\u00e9cution des projets de d\u00e9veloppement en RDC\",\"publisher\":{\"@id\":\"https:\/\/ikar.dev\/bceco-v2\/#organization\"},\"potentialAction\":[{\"@type\":\"SearchAction\",\"target\":{\"@type\":\"EntryPoint\",\"urlTemplate\":\"https:\/\/ikar.dev\/bceco-v2\/?s={search_term_string}\"},\"query-input\":{\"@type\":\"PropertyValueSpecification\",\"valueRequired\":true,\"valueName\":\"search_term_string\"}}],\"inLanguage\":\"en-US\"},{\"@type\":\"Organization\",\"@id\":\"https:\/\/ikar.dev\/bceco-v2\/#organization\",\"name\":\"Bureau Central de Coordination\",\"url\":\"https:\/\/ikar.dev\/bceco-v2\/\",\"logo\":{\"@type\":\"ImageObject\",\"inLanguage\":\"en-US\",\"@id\":\"https:\/\/ikar.dev\/bceco-v2\/#\/schema\/logo\/image\/\",\"url\":\"https:\/\/ikar.dev\/bceco-v2\/wp-content\/uploads\/2025\/12\/BCECO-Bureau-Central-de-Coordination.jpg\",\"contentUrl\":\"https:\/\/ikar.dev\/bceco-v2\/wp-content\/uploads\/2025\/12\/BCECO-Bureau-Central-de-Coordination.jpg\",\"width\":2048,\"height\":2048,\"caption\":\"Bureau Central de Coordination\"},\"image\":{\"@id\":\"https:\/\/ikar.dev\/bceco-v2\/#\/schema\/logo\/image\/\"},\"sameAs\":[\"https:\/\/www.facebook.com\/BCeCoRDC\",\"https:\/\/x.com\/BCeCoRDC\"]},{\"@type\":\"Person\",\"@id\":\"https:\/\/ikar.dev\/bceco-v2\/#\/schema\/person\/6ee74807ffb016a78852fec6a295d503\",\"name\":\"bceco\",\"image\":{\"@type\":\"ImageObject\",\"inLanguage\":\"en-US\",\"@id\":\"https:\/\/ikar.dev\/bceco-v2\/#\/schema\/person\/image\/\",\"url\":\"https:\/\/secure.gravatar.com\/avatar\/55c07e1707f50774ef3c842c9d074773a6b558a20fbd1608c8e4871bc88f3455?s=96&d=mm&r=g\",\"contentUrl\":\"https:\/\/secure.gravatar.com\/avatar\/55c07e1707f50774ef3c842c9d074773a6b558a20fbd1608c8e4871bc88f3455?s=96&d=mm&r=g\",\"caption\":\"bceco\"},\"sameAs\":[\"https:\/\/ikar.dev\/bceco-v2\"],\"url\":\"https:\/\/ikar.dev\/bceco-v2\/author\/bceco\/\"}]}<\/script>\n<!-- \/ Yoast SEO plugin. -->","yoast_head_json":{"title":"ITURI- PDL-145T\/ LE CAUCUS DES D\u00c9PUT\u00c9S ET S\u00c9NATEURS CHEZ BCECO ! - Bureau Central de Coordination","robots":{"index":"index","follow":"follow","max-snippet":"max-snippet:-1","max-image-preview":"max-image-preview:large","max-video-preview":"max-video-preview:-1"},"canonical":"https:\/\/ikar.dev\/bceco-v2\/ituri-pdl-145t-le-caucus-des-deputes-et-senateurs-chez-bceco\/","og_locale":"en_US","og_type":"article","og_title":"ITURI- PDL-145T\/ LE CAUCUS DES D\u00c9PUT\u00c9S ET S\u00c9NATEURS CHEZ BCECO ! - Bureau Central de Coordination","og_description":"L&#8217;\u00e9volution du Programme de D\u00e9veloppement Local des 145 territoires, ce vaste programme du chef de l&#8217;Etat F\u00e9lix Antoine Tshisekedi \u00e9tait au centre d&#8217;un \u00e9change qui a eu lieu le jeudi 30\/ octobre\/ 2025 au caf\u00e9 du 19 entre les membres du caucus des parlementaires de l&#8217;ituri et le Bureau Central de Coordination Bceco. Au menu","og_url":"https:\/\/ikar.dev\/bceco-v2\/ituri-pdl-145t-le-caucus-des-deputes-et-senateurs-chez-bceco\/","og_site_name":"Bureau Central de Coordination","article_publisher":"https:\/\/www.facebook.com\/BCeCoRDC","article_published_time":"2025-11-04T14:32:10+00:00","article_modified_time":"2025-12-23T16:21:43+00:00","og_image":[{"width":2560,"height":1707,"url":"https:\/\/ikar.dev\/bceco-v2\/wp-content\/uploads\/2025\/11\/9F2A5905-1-scaled.jpg","type":"image\/jpeg"}],"author":"bceco","twitter_card":"summary_large_image","twitter_creator":"@BCeCoRDC","twitter_site":"@BCeCoRDC","twitter_misc":{"Written by":"bceco","Est. reading time":"5 minutes"},"schema":{"@context":"https:\/\/schema.org","@graph":[{"@type":"Article","@id":"https:\/\/ikar.dev\/bceco-v2\/ituri-pdl-145t-le-caucus-des-deputes-et-senateurs-chez-bceco\/#article","isPartOf":{"@id":"https:\/\/ikar.dev\/bceco-v2\/ituri-pdl-145t-le-caucus-des-deputes-et-senateurs-chez-bceco\/"},"author":{"name":"bceco","@id":"https:\/\/ikar.dev\/bceco-v2\/#\/schema\/person\/6ee74807ffb016a78852fec6a295d503"},"headline":"ITURI- PDL-145T\/ LE CAUCUS DES D\u00c9PUT\u00c9S ET S\u00c9NATEURS CHEZ BCECO !","datePublished":"2025-11-04T14:32:10+00:00","dateModified":"2025-12-23T16:21:43+00:00","mainEntityOfPage":{"@id":"https:\/\/ikar.dev\/bceco-v2\/ituri-pdl-145t-le-caucus-des-deputes-et-senateurs-chez-bceco\/"},"wordCount":449,"commentCount":0,"publisher":{"@id":"https:\/\/ikar.dev\/bceco-v2\/#organization"},"image":{"@id":"https:\/\/ikar.dev\/bceco-v2\/ituri-pdl-145t-le-caucus-des-deputes-et-senateurs-chez-bceco\/#primaryimage"},"thumbnailUrl":"https:\/\/ikar.dev\/bceco-v2\/wp-content\/uploads\/2025\/11\/9F2A5905-1-scaled.jpg","articleSection":["Actualit\u00e9s","D\u00e9veloppement","Infrastructures","PDL145T","Sant\u00e9"],"inLanguage":"en-US","potentialAction":[{"@type":"CommentAction","name":"Comment","target":["https:\/\/ikar.dev\/bceco-v2\/ituri-pdl-145t-le-caucus-des-deputes-et-senateurs-chez-bceco\/#respond"]}]},{"@type":"WebPage","@id":"https:\/\/ikar.dev\/bceco-v2\/ituri-pdl-145t-le-caucus-des-deputes-et-senateurs-chez-bceco\/","url":"https:\/\/ikar.dev\/bceco-v2\/ituri-pdl-145t-le-caucus-des-deputes-et-senateurs-chez-bceco\/","name":"ITURI- PDL-145T\/ LE CAUCUS DES D\u00c9PUT\u00c9S ET S\u00c9NATEURS CHEZ BCECO ! - Bureau Central de Coordination","isPartOf":{"@id":"https:\/\/ikar.dev\/bceco-v2\/#website"},"primaryImageOfPage":{"@id":"https:\/\/ikar.dev\/bceco-v2\/ituri-pdl-145t-le-caucus-des-deputes-et-senateurs-chez-bceco\/#primaryimage"},"image":{"@id":"https:\/\/ikar.dev\/bceco-v2\/ituri-pdl-145t-le-caucus-des-deputes-et-senateurs-chez-bceco\/#primaryimage"},"thumbnailUrl":"https:\/\/ikar.dev\/bceco-v2\/wp-content\/uploads\/2025\/11\/9F2A5905-1-scaled.jpg","datePublished":"2025-11-04T14:32:10+00:00","dateModified":"2025-12-23T16:21:43+00:00","breadcrumb":{"@id":"https:\/\/ikar.dev\/bceco-v2\/ituri-pdl-145t-le-caucus-des-deputes-et-senateurs-chez-bceco\/#breadcrumb"},"inLanguage":"en-US","potentialAction":[{"@type":"ReadAction","target":["https:\/\/ikar.dev\/bceco-v2\/ituri-pdl-145t-le-caucus-des-deputes-et-senateurs-chez-bceco\/"]}]},{"@type":"ImageObject","inLanguage":"en-US","@id":"https:\/\/ikar.dev\/bceco-v2\/ituri-pdl-145t-le-caucus-des-deputes-et-senateurs-chez-bceco\/#primaryimage","url":"https:\/\/ikar.dev\/bceco-v2\/wp-content\/uploads\/2025\/11\/9F2A5905-1-scaled.jpg","contentUrl":"https:\/\/ikar.dev\/bceco-v2\/wp-content\/uploads\/2025\/11\/9F2A5905-1-scaled.jpg","width":2560,"height":1707},{"@type":"BreadcrumbList","@id":"https:\/\/ikar.dev\/bceco-v2\/ituri-pdl-145t-le-caucus-des-deputes-et-senateurs-chez-bceco\/#breadcrumb","itemListElement":[{"@type":"ListItem","position":1,"name":"Accueil","item":"https:\/\/ikar.dev\/bceco-v2\/"},{"@type":"ListItem","position":2,"name":"ITURI- PDL-145T\/ LE CAUCUS DES D\u00c9PUT\u00c9S ET S\u00c9NATEURS CHEZ BCECO !"}]},{"@type":"WebSite","@id":"https:\/\/ikar.dev\/bceco-v2\/#website","url":"https:\/\/ikar.dev\/bceco-v2\/","name":"Bureau Central de Coordination","description":"B.Ce.Co \u2013 Au c\u0153ur de l\u2019ex\u00e9cution des projets de d\u00e9veloppement en RDC","publisher":{"@id":"https:\/\/ikar.dev\/bceco-v2\/#organization"},"potentialAction":[{"@type":"SearchAction","target":{"@type":"EntryPoint","urlTemplate":"https:\/\/ikar.dev\/bceco-v2\/?s={search_term_string}"},"query-input":{"@type":"PropertyValueSpecification","valueRequired":true,"valueName":"search_term_string"}}],"inLanguage":"en-US"},{"@type":"Organization","@id":"https:\/\/ikar.dev\/bceco-v2\/#organization","name":"Bureau Central de Coordination","url":"https:\/\/ikar.dev\/bceco-v2\/","logo":{"@type":"ImageObject","inLanguage":"en-US","@id":"https:\/\/ikar.dev\/bceco-v2\/#\/schema\/logo\/image\/","url":"https:\/\/ikar.dev\/bceco-v2\/wp-content\/uploads\/2025\/12\/BCECO-Bureau-Central-de-Coordination.jpg","contentUrl":"https:\/\/ikar.dev\/bceco-v2\/wp-content\/uploads\/2025\/12\/BCECO-Bureau-Central-de-Coordination.jpg","width":2048,"height":2048,"caption":"Bureau Central de Coordination"},"image":{"@id":"https:\/\/ikar.dev\/bceco-v2\/#\/schema\/logo\/image\/"},"sameAs":["https:\/\/www.facebook.com\/BCeCoRDC","https:\/\/x.com\/BCeCoRDC"]},{"@type":"Person","@id":"https:\/\/ikar.dev\/bceco-v2\/#\/schema\/person\/6ee74807ffb016a78852fec6a295d503","name":"bceco","image":{"@type":"ImageObject","inLanguage":"en-US","@id":"https:\/\/ikar.dev\/bceco-v2\/#\/schema\/person\/image\/","url":"https:\/\/secure.gravatar.com\/avatar\/55c07e1707f50774ef3c842c9d074773a6b558a20fbd1608c8e4871bc88f3455?s=96&d=mm&r=g","contentUrl":"https:\/\/secure.gravatar.com\/avatar\/55c07e1707f50774ef3c842c9d074773a6b558a20fbd1608c8e4871bc88f3455?s=96&d=mm&r=g","caption":"bceco"},"sameAs":["https:\/\/ikar.dev\/bceco-v2"],"url":"https:\/\/ikar.dev\/bceco-v2\/author\/bceco\/"}]}},"_links":{"self":[{"href":"https:\/\/ikar.dev\/bceco-v2\/wp-json\/wp\/v2\/posts\/55503","targetHints":{"allow":["GET"]}}],"collection":[{"href":"https:\/\/ikar.dev\/bceco-v2\/wp-json\/wp\/v2\/posts"}],"about":[{"href":"https:\/\/ikar.dev\/bceco-v2\/wp-json\/wp\/v2\/types\/post"}],"author":[{"embeddable":true,"href":"https:\/\/ikar.dev\/bceco-v2\/wp-json\/wp\/v2\/users\/1"}],"replies":[{"embeddable":true,"href":"https:\/\/ikar.dev\/bceco-v2\/wp-json\/wp\/v2\/comments?post=55503"}],"version-history":[{"count":1,"href":"https:\/\/ikar.dev\/bceco-v2\/wp-json\/wp\/v2\/posts\/55503\/revisions"}],"predecessor-version":[{"id":56332,"href":"https:\/\/ikar.dev\/bceco-v2\/wp-json\/wp\/v2\/posts\/55503\/revisions\/56332"}],"wp:featuredmedia":[{"embeddable":true,"href":"https:\/\/ikar.dev\/bceco-v2\/wp-json\/wp\/v2\/media\/55523"}],"wp:attachment":[{"href":"https:\/\/ikar.dev\/bceco-v2\/wp-json\/wp\/v2\/media?parent=55503"}],"wp:term":[{"taxonomy":"category","embeddable":true,"href":"https:\/\/ikar.dev\/bceco-v2\/wp-json\/wp\/v2\/categories?post=55503"},{"taxonomy":"post_tag","embeddable":true,"href":"https:\/\/ikar.dev\/bceco-v2\/wp-json\/wp\/v2\/tags?post=55503"}],"curies":[{"name":"wp","href":"https:\/\/api.w.org\/{rel}","templated":true}]}}