{"id":55476,"date":"2025-05-23T08:00:29","date_gmt":"2025-05-23T08:00:29","guid":{"rendered":"https:\/\/bceco.cd\/?p=55476"},"modified":"2025-12-23T17:20:50","modified_gmt":"2025-12-23T16:20:50","slug":"evolution-des-travaux-dans-les-provinces-de-la-tshuapa-et-du-kasai-central-quand-les-chefs-coutumiers-et-notables-sen-melent","status":"publish","type":"post","link":"https:\/\/ikar.dev\/bceco-v2\/evolution-des-travaux-dans-les-provinces-de-la-tshuapa-et-du-kasai-central-quand-les-chefs-coutumiers-et-notables-sen-melent\/","title":{"rendered":"\u00c9volution des travaux dans les provinces de la Tshuapa et du Kasa\u00ef Central : Quand les Chefs coutumiers et Notables s&#8217;en m\u00ealent !"},"content":{"rendered":"\t\t<div data-elementor-type=\"wp-post\" data-elementor-id=\"55476\" class=\"elementor elementor-55476\" data-elementor-post-type=\"post\">\n\t\t\t\t\t\t<section class=\"elementor-section elementor-top-section elementor-element elementor-element-263070fc elementor-section-boxed elementor-section-height-default elementor-section-height-default\" data-id=\"263070fc\" data-element_type=\"section\" data-e-type=\"section\">\n\t\t\t\t\t\t<div class=\"elementor-container elementor-column-gap-default\">\n\t\t\t\t\t<div class=\"elementor-column elementor-col-100 elementor-top-column elementor-element elementor-element-6b86aa6b\" data-id=\"6b86aa6b\" data-element_type=\"column\" data-e-type=\"column\">\n\t\t\t<div class=\"elementor-widget-wrap elementor-element-populated\">\n\t\t\t\t\t\t<div class=\"elementor-element elementor-element-27fefccc elementor-widget elementor-widget-text-editor\" data-id=\"27fefccc\" data-element_type=\"widget\" data-e-type=\"widget\" data-widget_type=\"text-editor.default\">\n\t\t\t\t\t\t\t\t\t\n<p>Il est de coutume de voir les autorit\u00e9s, la soci\u00e9t\u00e9 civile ou autres personnes d\u00e9barquer au si\u00e8ge du Bureau Central de Coordination ( BCeCo) se rendre compte du travail abattu par ce dernier.<\/p>\n\n\n\n<p>C&#8217;est ce qui a justifi\u00e9 la pr\u00e9sence des Chefs Coutumiers et Notables des provinces de la Tshuapa et du Kasa\u00ef- Central qui ont atterri dans ses installations en date du 22 mai 2025, avec pour objectif de comprendre les raisons du retard pris dans l&#8217;ex\u00e9cution de certains projets pilot\u00e9s par la premi\u00e8re Agence Gouvernementale de la R\u00e9publique D\u00e9mocratique du Congo.<\/p>\n\n\n\n<figure class=\"wp-block-image size-full\"><img decoding=\"async\" src=\"https:\/\/bceco.cd\/wp-content\/uploads\/2025\/10\/4M4A0222.jpg\" alt=\"\" class=\"wp-image-55492\"\/><\/figure>\n\n\n\n<p>Redevabilit\u00e9 et Transparence obligeant,<br>durant plus de deux heures, Jean Mabi a pass\u00e9 en revu tous les projets sous sa coordination.<\/p>\n\n\n\n<p>Du PDL-145T, en passant par la voirie urbaine ou encore aux b\u00e2timents institutionnels, ces diff\u00e9rents projets ont \u00e9t\u00e9 expliqu\u00e9s de mani\u00e8re claire et d\u00e9taill\u00e9e, ce qui a \u00e9tanch\u00e9 la soif de ses h\u00f4tes venus de diff\u00e9rents horizons et regroup\u00e9s au sein du Cercle des Naturalistes du Congo.<\/p>\n\n\n\n<p>Pour sa Majest\u00e9 Katenkesha Tshite (Grand Chef du Kasa\u00ef) : &#8220;les d\u00e9tenteurs de la tradition ancestrale sont satisfaits&#8221;. En effet, les \u00e9tudes pour l&#8217;ex\u00e9cution des travaux des projets sont finalis\u00e9es. , d&#8217;une part, et d&#8217;autre part, certains projets sont \u00e0 60% de leur ex\u00e9cution, d&#8217;autres sont \u00e0 48%. Ce qui leur a permis de comprendre que, contrairement \u00e0 ce qui se raconte, le BCECO ne bloque aucune ex\u00e9cution des projets. Outre, cette information, l&#8217;autre difficult\u00e9 est sujette \u00e0 l&#8217;alternance des saisons. La saison pluvieuse offre moins d&#8217;opportunit\u00e9s pour l&#8217; asphaltage des routes que la saison s\u00e8che.<\/p>\n\n\n\n\n\n<p>Pour le reste, ce Caucus des Notables et Chefs Coutumiers s&#8217;engage \u00e0 avoir un cadre de concertation avec le BCeCo pour mieux suivre l&#8217;\u00e9volution de travaux a t-il conclu.<\/p>\n\n\n\n<p>Le BCECO qui demeure engag\u00e9 \u00e0 ses us et coutumes, est pr\u00eat \u00e0 livrer toute information sur ses divers projets mais dans le respect des lois en vigueur en RDC<\/p>\n\n\n\n<p><\/p>\n\t\t\t\t\t\t\t\t<\/div>\n\t\t\t\t\t<\/div>\n\t\t<\/div>\n\t\t\t\t\t<\/div>\n\t\t<\/section>\n\t\t\t\t<section class=\"elementor-section elementor-top-section elementor-element elementor-element-5640daa elementor-section-boxed elementor-section-height-default elementor-section-height-default\" data-id=\"5640daa\" data-element_type=\"section\" data-e-type=\"section\">\n\t\t\t\t\t\t<div class=\"elementor-container elementor-column-gap-default\">\n\t\t\t\t\t<div class=\"elementor-column elementor-col-50 elementor-top-column elementor-element elementor-element-24289f3\" data-id=\"24289f3\" data-element_type=\"column\" data-e-type=\"column\">\n\t\t\t<div class=\"elementor-widget-wrap elementor-element-populated\">\n\t\t\t\t\t\t<div class=\"elementor-element elementor-element-02b31d5 elementor-widget elementor-widget-video\" data-id=\"02b31d5\" data-element_type=\"widget\" data-e-type=\"widget\" data-settings=\"{&quot;youtube_url&quot;:&quot;https:\\\/\\\/www.youtube.com\\\/watch?v=KwgmuiQBvoM&quot;,&quot;autoplay&quot;:&quot;yes&quot;,&quot;video_type&quot;:&quot;youtube&quot;,&quot;controls&quot;:&quot;yes&quot;}\" data-widget_type=\"video.default\">\n\t\t\t\t\t\t\t<div class=\"elementor-wrapper elementor-open-inline\">\n\t\t\t<div class=\"elementor-video\"><\/div>\t\t<\/div>\n\t\t\t\t\t\t<\/div>\n\t\t\t\t\t<\/div>\n\t\t<\/div>\n\t\t\t\t<div class=\"elementor-column elementor-col-50 elementor-top-column elementor-element elementor-element-fba6c35\" data-id=\"fba6c35\" data-element_type=\"column\" data-e-type=\"column\">\n\t\t\t<div class=\"elementor-widget-wrap elementor-element-populated\">\n\t\t\t\t\t\t<div class=\"elementor-element elementor-element-590c3e6 elementor-arrows-position-inside elementor-pagination-position-outside elementor-widget elementor-widget-image-carousel\" data-id=\"590c3e6\" data-element_type=\"widget\" data-e-type=\"widget\" data-settings=\"{&quot;slides_to_show&quot;:&quot;1&quot;,&quot;navigation&quot;:&quot;both&quot;,&quot;autoplay&quot;:&quot;yes&quot;,&quot;pause_on_hover&quot;:&quot;yes&quot;,&quot;pause_on_interaction&quot;:&quot;yes&quot;,&quot;autoplay_speed&quot;:5000,&quot;infinite&quot;:&quot;yes&quot;,&quot;effect&quot;:&quot;slide&quot;,&quot;speed&quot;:500}\" data-widget_type=\"image-carousel.default\">\n\t\t\t\t\t\t\t<div class=\"elementor-image-carousel-wrapper swiper\" role=\"region\" aria-roledescription=\"carousel\" aria-label=\"Image Carousel\" dir=\"ltr\">\n\t\t\t<div class=\"elementor-image-carousel swiper-wrapper\" aria-live=\"off\">\n\t\t\t\t\t\t\t\t<div class=\"swiper-slide\" role=\"group\" aria-roledescription=\"slide\" aria-label=\"1 of 6\"><figure class=\"swiper-slide-inner\"><img decoding=\"async\" class=\"swiper-slide-image\" src=\"https:\/\/ikar.dev\/bceco-v2\/wp-content\/uploads\/2025\/10\/4M4A0278-80x80.jpg\" alt=\"4M4A0278\" \/><\/figure><\/div><div class=\"swiper-slide\" role=\"group\" aria-roledescription=\"slide\" aria-label=\"2 of 6\"><figure class=\"swiper-slide-inner\"><img decoding=\"async\" class=\"swiper-slide-image\" src=\"https:\/\/ikar.dev\/bceco-v2\/wp-content\/uploads\/2025\/10\/4M4A0184-80x80.jpg\" alt=\"4M4A0184\" \/><\/figure><\/div><div class=\"swiper-slide\" role=\"group\" aria-roledescription=\"slide\" aria-label=\"3 of 6\"><figure class=\"swiper-slide-inner\"><img decoding=\"async\" class=\"swiper-slide-image\" src=\"https:\/\/ikar.dev\/bceco-v2\/wp-content\/uploads\/2025\/10\/4M4A0210-80x80.jpg\" alt=\"4M4A0210\" \/><\/figure><\/div><div class=\"swiper-slide\" role=\"group\" aria-roledescription=\"slide\" aria-label=\"4 of 6\"><figure class=\"swiper-slide-inner\"><img decoding=\"async\" class=\"swiper-slide-image\" src=\"https:\/\/ikar.dev\/bceco-v2\/wp-content\/uploads\/2025\/10\/4M4A0191-80x80.jpg\" alt=\"4M4A0191\" \/><\/figure><\/div><div class=\"swiper-slide\" role=\"group\" aria-roledescription=\"slide\" aria-label=\"5 of 6\"><figure class=\"swiper-slide-inner\"><img decoding=\"async\" class=\"swiper-slide-image\" src=\"https:\/\/ikar.dev\/bceco-v2\/wp-content\/uploads\/2025\/10\/4M4A0222-80x80.jpg\" alt=\"4M4A0222\" \/><\/figure><\/div><div class=\"swiper-slide\" role=\"group\" aria-roledescription=\"slide\" aria-label=\"6 of 6\"><figure class=\"swiper-slide-inner\"><img decoding=\"async\" class=\"swiper-slide-image\" src=\"https:\/\/ikar.dev\/bceco-v2\/wp-content\/uploads\/2025\/10\/4M4A0244-80x80.jpg\" alt=\"4M4A0244\" \/><\/figure><\/div>\t\t\t<\/div>\n\t\t\t\t\t\t\t\t\t\t\t\t<div class=\"elementor-swiper-button elementor-swiper-button-prev\" role=\"button\" tabindex=\"0\">\n\t\t\t\t\t\t<svg aria-hidden=\"true\" class=\"e-font-icon-svg e-eicon-chevron-left\" viewBox=\"0 0 1000 1000\" xmlns=\"http:\/\/www.w3.org\/2000\/svg\"><path d=\"M646 125C629 125 613 133 604 142L308 442C296 454 292 471 292 487 292 504 296 521 308 533L604 854C617 867 629 875 646 875 663 875 679 871 692 858 704 846 713 829 713 812 713 796 708 779 692 767L438 487 692 225C700 217 708 204 708 187 708 171 704 154 692 142 675 129 663 125 646 125Z\"><\/path><\/svg>\t\t\t\t\t<\/div>\n\t\t\t\t\t<div class=\"elementor-swiper-button elementor-swiper-button-next\" role=\"button\" tabindex=\"0\">\n\t\t\t\t\t\t<svg aria-hidden=\"true\" class=\"e-font-icon-svg e-eicon-chevron-right\" viewBox=\"0 0 1000 1000\" xmlns=\"http:\/\/www.w3.org\/2000\/svg\"><path d=\"M696 533C708 521 713 504 713 487 713 471 708 454 696 446L400 146C388 133 375 125 354 125 338 125 325 129 313 142 300 154 292 171 292 187 292 204 296 221 308 233L563 492 304 771C292 783 288 800 288 817 288 833 296 850 308 863 321 871 338 875 354 875 371 875 388 867 400 854L696 533Z\"><\/path><\/svg>\t\t\t\t\t<\/div>\n\t\t\t\t\n\t\t\t\t\t\t\t\t\t<div class=\"swiper-pagination\"><\/div>\n\t\t\t\t\t\t\t\t\t<\/div>\n\t\t\t\t\t\t<\/div>\n\t\t\t\t\t<\/div>\n\t\t<\/div>\n\t\t\t\t\t<\/div>\n\t\t<\/section>\n\t\t\t\t<\/div>\n\t\t","protected":false},"excerpt":{"rendered":"<p>Il est de coutume de voir les autorit\u00e9s, la soci\u00e9t\u00e9 civile ou autres personnes d\u00e9barquer au si\u00e8ge du Bureau Central de Coordination ( BCeCo) se rendre compte du travail abattu par ce dernier. C&#8217;est ce qui a justifi\u00e9 la pr\u00e9sence des Chefs Coutumiers et Notables des provinces de la Tshuapa et du Kasa\u00ef- Central qui<\/p>\n","protected":false},"author":1,"featured_media":55488,"comment_status":"open","ping_status":"open","sticky":false,"template":"","format":"standard","meta":{"footnotes":""},"categories":[69,62,63,61,82],"tags":[],"class_list":["post-55476","post","type-post","status-publish","format-standard","has-post-thumbnail","hentry","category-actualites","category-developpement","category-infrastructures","category-pdl145t","category-sante"],"yoast_head":"<!-- This site is optimized with the Yoast SEO plugin v27.0 - https:\/\/yoast.com\/product\/yoast-seo-wordpress\/ -->\n<title>\u00c9volution des travaux dans les provinces de la Tshuapa et du Kasa\u00ef Central : Quand les Chefs coutumiers et Notables s&#039;en m\u00ealent ! - Bureau Central de Coordination<\/title>\n<meta name=\"robots\" content=\"index, follow, max-snippet:-1, max-image-preview:large, max-video-preview:-1\" \/>\n<link rel=\"canonical\" href=\"https:\/\/ikar.dev\/bceco-v2\/evolution-des-travaux-dans-les-provinces-de-la-tshuapa-et-du-kasai-central-quand-les-chefs-coutumiers-et-notables-sen-melent\/\" \/>\n<meta property=\"og:locale\" content=\"en_US\" \/>\n<meta property=\"og:type\" content=\"article\" \/>\n<meta property=\"og:title\" content=\"\u00c9volution des travaux dans les provinces de la Tshuapa et du Kasa\u00ef Central : Quand les Chefs coutumiers et Notables s&#039;en m\u00ealent ! - Bureau Central de Coordination\" \/>\n<meta property=\"og:description\" content=\"Il est de coutume de voir les autorit\u00e9s, la soci\u00e9t\u00e9 civile ou autres personnes d\u00e9barquer au si\u00e8ge du Bureau Central de Coordination ( BCeCo) se rendre compte du travail abattu par ce dernier. C&#8217;est ce qui a justifi\u00e9 la pr\u00e9sence des Chefs Coutumiers et Notables des provinces de la Tshuapa et du Kasa\u00ef- Central qui\" \/>\n<meta property=\"og:url\" content=\"https:\/\/ikar.dev\/bceco-v2\/evolution-des-travaux-dans-les-provinces-de-la-tshuapa-et-du-kasai-central-quand-les-chefs-coutumiers-et-notables-sen-melent\/\" \/>\n<meta property=\"og:site_name\" content=\"Bureau Central de Coordination\" \/>\n<meta property=\"article:publisher\" content=\"https:\/\/www.facebook.com\/BCeCoRDC\" \/>\n<meta property=\"article:published_time\" content=\"2025-05-23T08:00:29+00:00\" \/>\n<meta property=\"article:modified_time\" content=\"2025-12-23T16:20:50+00:00\" \/>\n<meta property=\"og:image\" content=\"https:\/\/ikar.dev\/bceco-v2\/wp-content\/uploads\/2025\/10\/4M4A0278-scaled.jpg\" \/>\n\t<meta property=\"og:image:width\" content=\"2560\" \/>\n\t<meta property=\"og:image:height\" content=\"1678\" \/>\n\t<meta property=\"og:image:type\" content=\"image\/jpeg\" \/>\n<meta name=\"author\" content=\"bceco\" \/>\n<meta name=\"twitter:card\" content=\"summary_large_image\" \/>\n<meta name=\"twitter:creator\" content=\"@BCeCoRDC\" \/>\n<meta name=\"twitter:site\" content=\"@BCeCoRDC\" \/>\n<meta name=\"twitter:label1\" content=\"Written by\" \/>\n\t<meta name=\"twitter:data1\" content=\"bceco\" \/>\n\t<meta name=\"twitter:label2\" content=\"Est. reading time\" \/>\n\t<meta name=\"twitter:data2\" content=\"4 minutes\" \/>\n<script type=\"application\/ld+json\" class=\"yoast-schema-graph\">{\"@context\":\"https:\/\/schema.org\",\"@graph\":[{\"@type\":\"Article\",\"@id\":\"https:\/\/ikar.dev\/bceco-v2\/evolution-des-travaux-dans-les-provinces-de-la-tshuapa-et-du-kasai-central-quand-les-chefs-coutumiers-et-notables-sen-melent\/#article\",\"isPartOf\":{\"@id\":\"https:\/\/ikar.dev\/bceco-v2\/evolution-des-travaux-dans-les-provinces-de-la-tshuapa-et-du-kasai-central-quand-les-chefs-coutumiers-et-notables-sen-melent\/\"},\"author\":{\"name\":\"bceco\",\"@id\":\"https:\/\/ikar.dev\/bceco-v2\/#\/schema\/person\/6ee74807ffb016a78852fec6a295d503\"},\"headline\":\"\u00c9volution des travaux dans les provinces de la Tshuapa et du Kasa\u00ef Central : Quand les Chefs coutumiers et Notables s&#8217;en m\u00ealent !\",\"datePublished\":\"2025-05-23T08:00:29+00:00\",\"dateModified\":\"2025-12-23T16:20:50+00:00\",\"mainEntityOfPage\":{\"@id\":\"https:\/\/ikar.dev\/bceco-v2\/evolution-des-travaux-dans-les-provinces-de-la-tshuapa-et-du-kasai-central-quand-les-chefs-coutumiers-et-notables-sen-melent\/\"},\"wordCount\":372,\"commentCount\":0,\"publisher\":{\"@id\":\"https:\/\/ikar.dev\/bceco-v2\/#organization\"},\"image\":{\"@id\":\"https:\/\/ikar.dev\/bceco-v2\/evolution-des-travaux-dans-les-provinces-de-la-tshuapa-et-du-kasai-central-quand-les-chefs-coutumiers-et-notables-sen-melent\/#primaryimage\"},\"thumbnailUrl\":\"https:\/\/ikar.dev\/bceco-v2\/wp-content\/uploads\/2025\/10\/4M4A0278-scaled.jpg\",\"articleSection\":[\"Actualit\u00e9s\",\"D\u00e9veloppement\",\"Infrastructures\",\"PDL145T\",\"Sant\u00e9\"],\"inLanguage\":\"en-US\",\"potentialAction\":[{\"@type\":\"CommentAction\",\"name\":\"Comment\",\"target\":[\"https:\/\/ikar.dev\/bceco-v2\/evolution-des-travaux-dans-les-provinces-de-la-tshuapa-et-du-kasai-central-quand-les-chefs-coutumiers-et-notables-sen-melent\/#respond\"]}]},{\"@type\":\"WebPage\",\"@id\":\"https:\/\/ikar.dev\/bceco-v2\/evolution-des-travaux-dans-les-provinces-de-la-tshuapa-et-du-kasai-central-quand-les-chefs-coutumiers-et-notables-sen-melent\/\",\"url\":\"https:\/\/ikar.dev\/bceco-v2\/evolution-des-travaux-dans-les-provinces-de-la-tshuapa-et-du-kasai-central-quand-les-chefs-coutumiers-et-notables-sen-melent\/\",\"name\":\"\u00c9volution des travaux dans les provinces de la Tshuapa et du Kasa\u00ef Central : Quand les Chefs coutumiers et Notables s'en m\u00ealent ! - Bureau Central de Coordination\",\"isPartOf\":{\"@id\":\"https:\/\/ikar.dev\/bceco-v2\/#website\"},\"primaryImageOfPage\":{\"@id\":\"https:\/\/ikar.dev\/bceco-v2\/evolution-des-travaux-dans-les-provinces-de-la-tshuapa-et-du-kasai-central-quand-les-chefs-coutumiers-et-notables-sen-melent\/#primaryimage\"},\"image\":{\"@id\":\"https:\/\/ikar.dev\/bceco-v2\/evolution-des-travaux-dans-les-provinces-de-la-tshuapa-et-du-kasai-central-quand-les-chefs-coutumiers-et-notables-sen-melent\/#primaryimage\"},\"thumbnailUrl\":\"https:\/\/ikar.dev\/bceco-v2\/wp-content\/uploads\/2025\/10\/4M4A0278-scaled.jpg\",\"datePublished\":\"2025-05-23T08:00:29+00:00\",\"dateModified\":\"2025-12-23T16:20:50+00:00\",\"breadcrumb\":{\"@id\":\"https:\/\/ikar.dev\/bceco-v2\/evolution-des-travaux-dans-les-provinces-de-la-tshuapa-et-du-kasai-central-quand-les-chefs-coutumiers-et-notables-sen-melent\/#breadcrumb\"},\"inLanguage\":\"en-US\",\"potentialAction\":[{\"@type\":\"ReadAction\",\"target\":[\"https:\/\/ikar.dev\/bceco-v2\/evolution-des-travaux-dans-les-provinces-de-la-tshuapa-et-du-kasai-central-quand-les-chefs-coutumiers-et-notables-sen-melent\/\"]}]},{\"@type\":\"ImageObject\",\"inLanguage\":\"en-US\",\"@id\":\"https:\/\/ikar.dev\/bceco-v2\/evolution-des-travaux-dans-les-provinces-de-la-tshuapa-et-du-kasai-central-quand-les-chefs-coutumiers-et-notables-sen-melent\/#primaryimage\",\"url\":\"https:\/\/ikar.dev\/bceco-v2\/wp-content\/uploads\/2025\/10\/4M4A0278-scaled.jpg\",\"contentUrl\":\"https:\/\/ikar.dev\/bceco-v2\/wp-content\/uploads\/2025\/10\/4M4A0278-scaled.jpg\",\"width\":2560,\"height\":1678},{\"@type\":\"BreadcrumbList\",\"@id\":\"https:\/\/ikar.dev\/bceco-v2\/evolution-des-travaux-dans-les-provinces-de-la-tshuapa-et-du-kasai-central-quand-les-chefs-coutumiers-et-notables-sen-melent\/#breadcrumb\",\"itemListElement\":[{\"@type\":\"ListItem\",\"position\":1,\"name\":\"Accueil\",\"item\":\"https:\/\/ikar.dev\/bceco-v2\/\"},{\"@type\":\"ListItem\",\"position\":2,\"name\":\"\u00c9volution des travaux dans les provinces de la Tshuapa et du Kasa\u00ef Central : Quand les Chefs coutumiers et Notables s&rsquo;en m\u00ealent !\"}]},{\"@type\":\"WebSite\",\"@id\":\"https:\/\/ikar.dev\/bceco-v2\/#website\",\"url\":\"https:\/\/ikar.dev\/bceco-v2\/\",\"name\":\"Bureau Central de Coordination\",\"description\":\"B.Ce.Co \u2013 Au c\u0153ur de l\u2019ex\u00e9cution des projets de d\u00e9veloppement en RDC\",\"publisher\":{\"@id\":\"https:\/\/ikar.dev\/bceco-v2\/#organization\"},\"potentialAction\":[{\"@type\":\"SearchAction\",\"target\":{\"@type\":\"EntryPoint\",\"urlTemplate\":\"https:\/\/ikar.dev\/bceco-v2\/?s={search_term_string}\"},\"query-input\":{\"@type\":\"PropertyValueSpecification\",\"valueRequired\":true,\"valueName\":\"search_term_string\"}}],\"inLanguage\":\"en-US\"},{\"@type\":\"Organization\",\"@id\":\"https:\/\/ikar.dev\/bceco-v2\/#organization\",\"name\":\"Bureau Central de Coordination\",\"url\":\"https:\/\/ikar.dev\/bceco-v2\/\",\"logo\":{\"@type\":\"ImageObject\",\"inLanguage\":\"en-US\",\"@id\":\"https:\/\/ikar.dev\/bceco-v2\/#\/schema\/logo\/image\/\",\"url\":\"https:\/\/ikar.dev\/bceco-v2\/wp-content\/uploads\/2025\/12\/BCECO-Bureau-Central-de-Coordination.jpg\",\"contentUrl\":\"https:\/\/ikar.dev\/bceco-v2\/wp-content\/uploads\/2025\/12\/BCECO-Bureau-Central-de-Coordination.jpg\",\"width\":2048,\"height\":2048,\"caption\":\"Bureau Central de Coordination\"},\"image\":{\"@id\":\"https:\/\/ikar.dev\/bceco-v2\/#\/schema\/logo\/image\/\"},\"sameAs\":[\"https:\/\/www.facebook.com\/BCeCoRDC\",\"https:\/\/x.com\/BCeCoRDC\"]},{\"@type\":\"Person\",\"@id\":\"https:\/\/ikar.dev\/bceco-v2\/#\/schema\/person\/6ee74807ffb016a78852fec6a295d503\",\"name\":\"bceco\",\"image\":{\"@type\":\"ImageObject\",\"inLanguage\":\"en-US\",\"@id\":\"https:\/\/ikar.dev\/bceco-v2\/#\/schema\/person\/image\/\",\"url\":\"https:\/\/secure.gravatar.com\/avatar\/55c07e1707f50774ef3c842c9d074773a6b558a20fbd1608c8e4871bc88f3455?s=96&d=mm&r=g\",\"contentUrl\":\"https:\/\/secure.gravatar.com\/avatar\/55c07e1707f50774ef3c842c9d074773a6b558a20fbd1608c8e4871bc88f3455?s=96&d=mm&r=g\",\"caption\":\"bceco\"},\"sameAs\":[\"https:\/\/ikar.dev\/bceco-v2\"],\"url\":\"https:\/\/ikar.dev\/bceco-v2\/author\/bceco\/\"}]}<\/script>\n<!-- \/ Yoast SEO plugin. -->","yoast_head_json":{"title":"\u00c9volution des travaux dans les provinces de la Tshuapa et du Kasa\u00ef Central : Quand les Chefs coutumiers et Notables s'en m\u00ealent ! - Bureau Central de Coordination","robots":{"index":"index","follow":"follow","max-snippet":"max-snippet:-1","max-image-preview":"max-image-preview:large","max-video-preview":"max-video-preview:-1"},"canonical":"https:\/\/ikar.dev\/bceco-v2\/evolution-des-travaux-dans-les-provinces-de-la-tshuapa-et-du-kasai-central-quand-les-chefs-coutumiers-et-notables-sen-melent\/","og_locale":"en_US","og_type":"article","og_title":"\u00c9volution des travaux dans les provinces de la Tshuapa et du Kasa\u00ef Central : Quand les Chefs coutumiers et Notables s'en m\u00ealent ! - Bureau Central de Coordination","og_description":"Il est de coutume de voir les autorit\u00e9s, la soci\u00e9t\u00e9 civile ou autres personnes d\u00e9barquer au si\u00e8ge du Bureau Central de Coordination ( BCeCo) se rendre compte du travail abattu par ce dernier. C&#8217;est ce qui a justifi\u00e9 la pr\u00e9sence des Chefs Coutumiers et Notables des provinces de la Tshuapa et du Kasa\u00ef- Central qui","og_url":"https:\/\/ikar.dev\/bceco-v2\/evolution-des-travaux-dans-les-provinces-de-la-tshuapa-et-du-kasai-central-quand-les-chefs-coutumiers-et-notables-sen-melent\/","og_site_name":"Bureau Central de Coordination","article_publisher":"https:\/\/www.facebook.com\/BCeCoRDC","article_published_time":"2025-05-23T08:00:29+00:00","article_modified_time":"2025-12-23T16:20:50+00:00","og_image":[{"width":2560,"height":1678,"url":"https:\/\/ikar.dev\/bceco-v2\/wp-content\/uploads\/2025\/10\/4M4A0278-scaled.jpg","type":"image\/jpeg"}],"author":"bceco","twitter_card":"summary_large_image","twitter_creator":"@BCeCoRDC","twitter_site":"@BCeCoRDC","twitter_misc":{"Written by":"bceco","Est. reading time":"4 minutes"},"schema":{"@context":"https:\/\/schema.org","@graph":[{"@type":"Article","@id":"https:\/\/ikar.dev\/bceco-v2\/evolution-des-travaux-dans-les-provinces-de-la-tshuapa-et-du-kasai-central-quand-les-chefs-coutumiers-et-notables-sen-melent\/#article","isPartOf":{"@id":"https:\/\/ikar.dev\/bceco-v2\/evolution-des-travaux-dans-les-provinces-de-la-tshuapa-et-du-kasai-central-quand-les-chefs-coutumiers-et-notables-sen-melent\/"},"author":{"name":"bceco","@id":"https:\/\/ikar.dev\/bceco-v2\/#\/schema\/person\/6ee74807ffb016a78852fec6a295d503"},"headline":"\u00c9volution des travaux dans les provinces de la Tshuapa et du Kasa\u00ef Central : Quand les Chefs coutumiers et Notables s&#8217;en m\u00ealent !","datePublished":"2025-05-23T08:00:29+00:00","dateModified":"2025-12-23T16:20:50+00:00","mainEntityOfPage":{"@id":"https:\/\/ikar.dev\/bceco-v2\/evolution-des-travaux-dans-les-provinces-de-la-tshuapa-et-du-kasai-central-quand-les-chefs-coutumiers-et-notables-sen-melent\/"},"wordCount":372,"commentCount":0,"publisher":{"@id":"https:\/\/ikar.dev\/bceco-v2\/#organization"},"image":{"@id":"https:\/\/ikar.dev\/bceco-v2\/evolution-des-travaux-dans-les-provinces-de-la-tshuapa-et-du-kasai-central-quand-les-chefs-coutumiers-et-notables-sen-melent\/#primaryimage"},"thumbnailUrl":"https:\/\/ikar.dev\/bceco-v2\/wp-content\/uploads\/2025\/10\/4M4A0278-scaled.jpg","articleSection":["Actualit\u00e9s","D\u00e9veloppement","Infrastructures","PDL145T","Sant\u00e9"],"inLanguage":"en-US","potentialAction":[{"@type":"CommentAction","name":"Comment","target":["https:\/\/ikar.dev\/bceco-v2\/evolution-des-travaux-dans-les-provinces-de-la-tshuapa-et-du-kasai-central-quand-les-chefs-coutumiers-et-notables-sen-melent\/#respond"]}]},{"@type":"WebPage","@id":"https:\/\/ikar.dev\/bceco-v2\/evolution-des-travaux-dans-les-provinces-de-la-tshuapa-et-du-kasai-central-quand-les-chefs-coutumiers-et-notables-sen-melent\/","url":"https:\/\/ikar.dev\/bceco-v2\/evolution-des-travaux-dans-les-provinces-de-la-tshuapa-et-du-kasai-central-quand-les-chefs-coutumiers-et-notables-sen-melent\/","name":"\u00c9volution des travaux dans les provinces de la Tshuapa et du Kasa\u00ef Central : Quand les Chefs coutumiers et Notables s'en m\u00ealent ! - Bureau Central de Coordination","isPartOf":{"@id":"https:\/\/ikar.dev\/bceco-v2\/#website"},"primaryImageOfPage":{"@id":"https:\/\/ikar.dev\/bceco-v2\/evolution-des-travaux-dans-les-provinces-de-la-tshuapa-et-du-kasai-central-quand-les-chefs-coutumiers-et-notables-sen-melent\/#primaryimage"},"image":{"@id":"https:\/\/ikar.dev\/bceco-v2\/evolution-des-travaux-dans-les-provinces-de-la-tshuapa-et-du-kasai-central-quand-les-chefs-coutumiers-et-notables-sen-melent\/#primaryimage"},"thumbnailUrl":"https:\/\/ikar.dev\/bceco-v2\/wp-content\/uploads\/2025\/10\/4M4A0278-scaled.jpg","datePublished":"2025-05-23T08:00:29+00:00","dateModified":"2025-12-23T16:20:50+00:00","breadcrumb":{"@id":"https:\/\/ikar.dev\/bceco-v2\/evolution-des-travaux-dans-les-provinces-de-la-tshuapa-et-du-kasai-central-quand-les-chefs-coutumiers-et-notables-sen-melent\/#breadcrumb"},"inLanguage":"en-US","potentialAction":[{"@type":"ReadAction","target":["https:\/\/ikar.dev\/bceco-v2\/evolution-des-travaux-dans-les-provinces-de-la-tshuapa-et-du-kasai-central-quand-les-chefs-coutumiers-et-notables-sen-melent\/"]}]},{"@type":"ImageObject","inLanguage":"en-US","@id":"https:\/\/ikar.dev\/bceco-v2\/evolution-des-travaux-dans-les-provinces-de-la-tshuapa-et-du-kasai-central-quand-les-chefs-coutumiers-et-notables-sen-melent\/#primaryimage","url":"https:\/\/ikar.dev\/bceco-v2\/wp-content\/uploads\/2025\/10\/4M4A0278-scaled.jpg","contentUrl":"https:\/\/ikar.dev\/bceco-v2\/wp-content\/uploads\/2025\/10\/4M4A0278-scaled.jpg","width":2560,"height":1678},{"@type":"BreadcrumbList","@id":"https:\/\/ikar.dev\/bceco-v2\/evolution-des-travaux-dans-les-provinces-de-la-tshuapa-et-du-kasai-central-quand-les-chefs-coutumiers-et-notables-sen-melent\/#breadcrumb","itemListElement":[{"@type":"ListItem","position":1,"name":"Accueil","item":"https:\/\/ikar.dev\/bceco-v2\/"},{"@type":"ListItem","position":2,"name":"\u00c9volution des travaux dans les provinces de la Tshuapa et du Kasa\u00ef Central : Quand les Chefs coutumiers et Notables s&rsquo;en m\u00ealent !"}]},{"@type":"WebSite","@id":"https:\/\/ikar.dev\/bceco-v2\/#website","url":"https:\/\/ikar.dev\/bceco-v2\/","name":"Bureau Central de Coordination","description":"B.Ce.Co \u2013 Au c\u0153ur de l\u2019ex\u00e9cution des projets de d\u00e9veloppement en RDC","publisher":{"@id":"https:\/\/ikar.dev\/bceco-v2\/#organization"},"potentialAction":[{"@type":"SearchAction","target":{"@type":"EntryPoint","urlTemplate":"https:\/\/ikar.dev\/bceco-v2\/?s={search_term_string}"},"query-input":{"@type":"PropertyValueSpecification","valueRequired":true,"valueName":"search_term_string"}}],"inLanguage":"en-US"},{"@type":"Organization","@id":"https:\/\/ikar.dev\/bceco-v2\/#organization","name":"Bureau Central de Coordination","url":"https:\/\/ikar.dev\/bceco-v2\/","logo":{"@type":"ImageObject","inLanguage":"en-US","@id":"https:\/\/ikar.dev\/bceco-v2\/#\/schema\/logo\/image\/","url":"https:\/\/ikar.dev\/bceco-v2\/wp-content\/uploads\/2025\/12\/BCECO-Bureau-Central-de-Coordination.jpg","contentUrl":"https:\/\/ikar.dev\/bceco-v2\/wp-content\/uploads\/2025\/12\/BCECO-Bureau-Central-de-Coordination.jpg","width":2048,"height":2048,"caption":"Bureau Central de Coordination"},"image":{"@id":"https:\/\/ikar.dev\/bceco-v2\/#\/schema\/logo\/image\/"},"sameAs":["https:\/\/www.facebook.com\/BCeCoRDC","https:\/\/x.com\/BCeCoRDC"]},{"@type":"Person","@id":"https:\/\/ikar.dev\/bceco-v2\/#\/schema\/person\/6ee74807ffb016a78852fec6a295d503","name":"bceco","image":{"@type":"ImageObject","inLanguage":"en-US","@id":"https:\/\/ikar.dev\/bceco-v2\/#\/schema\/person\/image\/","url":"https:\/\/secure.gravatar.com\/avatar\/55c07e1707f50774ef3c842c9d074773a6b558a20fbd1608c8e4871bc88f3455?s=96&d=mm&r=g","contentUrl":"https:\/\/secure.gravatar.com\/avatar\/55c07e1707f50774ef3c842c9d074773a6b558a20fbd1608c8e4871bc88f3455?s=96&d=mm&r=g","caption":"bceco"},"sameAs":["https:\/\/ikar.dev\/bceco-v2"],"url":"https:\/\/ikar.dev\/bceco-v2\/author\/bceco\/"}]}},"_links":{"self":[{"href":"https:\/\/ikar.dev\/bceco-v2\/wp-json\/wp\/v2\/posts\/55476","targetHints":{"allow":["GET"]}}],"collection":[{"href":"https:\/\/ikar.dev\/bceco-v2\/wp-json\/wp\/v2\/posts"}],"about":[{"href":"https:\/\/ikar.dev\/bceco-v2\/wp-json\/wp\/v2\/types\/post"}],"author":[{"embeddable":true,"href":"https:\/\/ikar.dev\/bceco-v2\/wp-json\/wp\/v2\/users\/1"}],"replies":[{"embeddable":true,"href":"https:\/\/ikar.dev\/bceco-v2\/wp-json\/wp\/v2\/comments?post=55476"}],"version-history":[{"count":1,"href":"https:\/\/ikar.dev\/bceco-v2\/wp-json\/wp\/v2\/posts\/55476\/revisions"}],"predecessor-version":[{"id":56327,"href":"https:\/\/ikar.dev\/bceco-v2\/wp-json\/wp\/v2\/posts\/55476\/revisions\/56327"}],"wp:featuredmedia":[{"embeddable":true,"href":"https:\/\/ikar.dev\/bceco-v2\/wp-json\/wp\/v2\/media\/55488"}],"wp:attachment":[{"href":"https:\/\/ikar.dev\/bceco-v2\/wp-json\/wp\/v2\/media?parent=55476"}],"wp:term":[{"taxonomy":"category","embeddable":true,"href":"https:\/\/ikar.dev\/bceco-v2\/wp-json\/wp\/v2\/categories?post=55476"},{"taxonomy":"post_tag","embeddable":true,"href":"https:\/\/ikar.dev\/bceco-v2\/wp-json\/wp\/v2\/tags?post=55476"}],"curies":[{"name":"wp","href":"https:\/\/api.w.org\/{rel}","templated":true}]}}