{"id":55210,"date":"2025-09-15T15:35:53","date_gmt":"2025-09-15T15:35:53","guid":{"rendered":"https:\/\/bceco.cd\/?p=55210"},"modified":"2025-12-23T17:21:26","modified_gmt":"2025-12-23T16:21:26","slug":"kinshasa-voirie-jean-mabi-sur-terrain-pour-suivre-levolution-des-travaux","status":"publish","type":"post","link":"https:\/\/ikar.dev\/bceco-v2\/kinshasa-voirie-jean-mabi-sur-terrain-pour-suivre-levolution-des-travaux\/","title":{"rendered":"Kinshasa- Voirie : Jean Mabi sur terrain pour suivre l&#8217;\u00e9volution des travaux !"},"content":{"rendered":"\t\t<div data-elementor-type=\"wp-post\" data-elementor-id=\"55210\" class=\"elementor elementor-55210\" data-elementor-post-type=\"post\">\n\t\t\t\t\t\t<section class=\"elementor-section elementor-top-section elementor-element elementor-element-a299618 elementor-section-boxed elementor-section-height-default elementor-section-height-default\" data-id=\"a299618\" data-element_type=\"section\">\n\t\t\t\t\t\t<div class=\"elementor-container elementor-column-gap-default\">\n\t\t\t\t\t<div class=\"elementor-column elementor-col-100 elementor-top-column elementor-element elementor-element-4679aeab\" data-id=\"4679aeab\" data-element_type=\"column\">\n\t\t\t<div class=\"elementor-widget-wrap elementor-element-populated\">\n\t\t\t\t\t\t<div class=\"elementor-element elementor-element-70fe565a elementor-widget elementor-widget-text-editor\" data-id=\"70fe565a\" data-element_type=\"widget\" data-widget_type=\"text-editor.default\">\n\t\t\t\t\t\t\t\t\t\n<p class=\"has-text-align-justify\">Samedi 13 septembre 2025 \u00e9tait une journ\u00e9e marathon pour le Directeur G\u00e9n\u00e9ral du Bureau Central de Coordination, le BCeCo, et ses \u00e9quipes d\u00e9cid\u00e9s \u00e0 faire la ronde des chantiers supervis\u00e9s par son institution. De 09 h \u00e0 18 h, Jean Mabi a parcouru plusieurs communes inspectant minutieusement diverses art\u00e8res.<\/p>\n\n\n\n<p class=\"has-text-align-justify\">Cette visite a commenc\u00e9 par l&#8217;avenue de la Lib\u00e9ration, ex 24 Novembre, plus pr\u00e9cis\u00e9ment au niveau du rond- point Moulaert o\u00f9 un gros collecteur est en construction afin de recueillir toutes les eaux venant de ce coin ainsi qu&#8217;une chambre pour abriter les tuyaux de la Regideso.<\/p>\n\n\n\n<figure class=\"wp-block-image size-full\"><img decoding=\"async\" src=\"https:\/\/bceco.cd\/wp-content\/uploads\/2025\/09\/LIBERATION-6.jpg\" alt=\"\" class=\"wp-image-55230\"\/><\/figure>\n\n\n\n<p class=\"has-text-align-justify\">Au niveau du rond-point Kimbondo, les travaux d&#8217;assainissement sont termin\u00e9s, et la chauss\u00e9e en b\u00e9ton est entam\u00e9e. Toutefois, Malta Forest, l&#8217;entreprise en charge de cette voie se plaint des probl\u00e8mes li\u00e9s aux panneaux publicitaires, aux c\u00e2bles de la SNEL et des tuyaux de la REGIDESO. Le voyant sur terrain, les usagers de la route ont manifest\u00e9 leur m\u00e9contentement pour ce qu&#8217;ils consid\u00e8rent comme un retard dans l&#8217;ex\u00e9cution des travaux.<\/p>\n\n\n\n<p class=\"has-text-align-justify\">S\u00e9ance tenante, Jean Mabi s&#8217;est adress\u00e9 \u00e0 la population fournissant des informations et autres d\u00e9tails li\u00e9s \u00e0 l&#8217;ex\u00e9cution des travaux. Tout en f\u00e9licitant la population pour cet exercice de contr\u00f4le citoyen, le num\u00e9ro un du BCeCo \u00e0 appel\u00e9 la population \u00e0 la patience.<\/p>\n\n\n\n<figure class=\"wp-block-image size-full\"><img decoding=\"async\" src=\"https:\/\/bceco.cd\/wp-content\/uploads\/2025\/09\/LIBERATION-8.jpg\" alt=\"\" class=\"wp-image-55232\"\/><\/figure>\n\n\n\n<p class=\"has-text-align-justify\">De l&#8217;avenue de la Lib\u00e9ration, la mission d&#8217;inspection s&#8217;est poursuivie sur l&#8217;avenue Nyangwe qui passe de 2 \u00e0 4 voies. Dans son tron\u00e7on entre l&#8217;avenue Kutu et Mushi, les diff\u00e9rentes couches sont d\u00e9j\u00e0 pos\u00e9es, le trafic est ouvert momentan\u00e9ment dans le but de stabiliser la chauss\u00e9e pour finalement poser la couche de roulement en b\u00e9ton dans les tous prochains jours.<\/p>\n\n\n\n<figure class=\"wp-block-image size-full\"><img decoding=\"async\" src=\"https:\/\/bceco.cd\/wp-content\/uploads\/2025\/09\/NYANGWE-1.jpg\" alt=\"\" class=\"wp-image-55233\"\/><\/figure>\n\n\n\n<p class=\"has-text-align-justify\">L&#8217;avenue Kalembelembe n&#8217;\u00e9tait pas en reste. Dans sa partie comprise entre Kutu et Mushi, les \u00e9quipes travaillent sur une bande pour ne pas perturber totalement la circulation.<\/p>\n\n\n\n<p class=\"has-text-align-justify\">La visite s&#8217;est poursuivie sur l&#8217;avenue Itaga 2 et 3 o\u00f9 les \u00e9quipes travaillent d&#8217;arrache-pieds afin de finaliser les caniveaux et de stabiliser le terrain et ce, malgr\u00e9 les nombreux obstacles rencontr\u00e9s sur ce terrain.<br>Sur l&#8217;avenue Kasa- Vubu \u00e0 partir de l&#8217;avenue du Commerce jusqu&#8217;\u00e0 Isoke, les caniveaux sont pr\u00eats et la chauss\u00e9e totalement b\u00e9tonn\u00e9e. Le chantier progresse d\u00e9sormais vers le boulevard du 30 juin.<\/p>\n\n\n\n<figure class=\"wp-block-image size-full\"><img decoding=\"async\" src=\"https:\/\/bceco.cd\/wp-content\/uploads\/2025\/09\/ITANGA-2-2.jpg\" alt=\"\" class=\"wp-image-55221\"\/><\/figure>\n\n\n\n<p class=\"has-text-align-justify\">Sur l&#8217;avenue Rwakadingi dans le tron\u00e7on entre les avenues Kasa Vubu et Bokassa, Jean Mabi not\u00e9 : &#8220;qu&#8217; entre le mois d&#8217;ao\u00fbt et septembre, le progr\u00e8s est significatif&#8221;, voyant les efforts entrepris pour relier le collecteur construit dans le jardin botanique \u00e0 celui qui deverse toutes les eaux environnantes dans la rivi\u00e8re Bitshiaku-Tshiaku.<\/p>\n\n\n\n<p class=\"has-text-align-justify\">Pour celui qui a la charge du BCeCo, m\u00eame en saison pluvieuse, il n&#8217;y aura plus d&#8217;inondations aux alentours du grand March\u00e9 commun\u00e9ment appel\u00e9 &#8220;NZANDO&#8221;<\/p>\n\n\n\n<p class=\"has-text-align-justify\">L&#8217;avenue Rwakading, totalement b\u00e9tonn\u00e9e, de l&#8217;avenue kasa-vubu \u00e0 Bokassa offre n\u00e9anmoins un spectacle d\u00e9solant avec les marchands qui \u00e9talent leurs marchandises \u00e0 m\u00eame le sol.<\/p>\n\n\n\n<p class=\"has-text-align-justify\">De m\u00eame, sur luambo (ex Bokassa), entre Kabambare et le march\u00e9 Zigida, les travaux de b\u00e9tonnage sont d\u00e9j\u00e0 achev\u00e9s.<\/p>\n\n\n\n<figure class=\"wp-block-image size-full\"><img decoding=\"async\" src=\"https:\/\/bceco.cd\/wp-content\/uploads\/2025\/09\/BOKASA-3.jpg\" alt=\"\" class=\"wp-image-55213\"\/><\/figure>\n\n\n\n<p class=\"has-text-align-justify\">Quant \u00e0 l&#8217;avenue Kabambare longue de 3,2 kilom\u00e8tres, environs 900 m\u00e8tres sont pr\u00eats \u00e0 recevoir le b\u00e9ton.<br>Une avanc\u00e9e jug\u00e9e d\u00e9terminante pour la mobilit\u00e9 dans cette art\u00e8res vitale qu&#8217;il est impossible de fermer totalement<\/p>\n\n\n\n<p class=\"has-text-align-justify\">De l\u00e0, la d\u00e9l\u00e9gation s&#8217;est rendu sur l&#8217;avenue Kabinda, o\u00f9 le b\u00e9tonnage a d\u00e9j\u00e0 commenc\u00e9 \u00e0 partir de kasa-vubu ainsi que sur le tron\u00e7on Plateau- Bitshiaku-tshiaku o\u00f9 l&#8217;on peut d\u00e9j\u00e0 rouler sur les 2 voies, alors qu&#8217;entre Bitshiaku-tshiaku et ex Bokassa, on ne peut rouler que sur une bande pour ne pas g\u00eaner le trafic.<\/p>\n\n\n\n\n\n<p class=\"has-text-align-justify\">Enfin, les avenues Luambo Makiadi ex Bokassa entre Kabambare et Sendwe en passant par Dima ont constitu\u00e9 les derni\u00e8res \u00e9tapes de cette tourn\u00e9e.<\/p>\n\n\n\n<p class=\"has-text-align-justify\">\u00c0 la chute de cette journ\u00e9e d&#8217;inspection, Jean Mabi a exprim\u00e9 sa satisfaction g\u00e9n\u00e9rale. Selon lui, entre la derniere visite et celle du samedi 13 septembre, des progr\u00e8s sont palpables sur tous les chantiers.<\/p>\n\n\n\n<p class=\"has-text-align-justify\">Cette visite de terrain \u00c0 confirm\u00e9 le style rigoureux, m\u00e9thodique et d\u00e9termin\u00e9 du Directeur G\u00e9n\u00e9ral du Bceco de mat\u00e9rialiser la vision du chef de l&#8217;\u00c9tat, celle d&#8217;offrir un nouveau paysage \u00e0 la ville de Kinshasa, de faciliter la vie de kinois et kinoises et de fluidifier la circulation dans la capitale&nbsp;congolaise.<\/p>\n\t\t\t\t\t\t\t\t<\/div>\n\t\t\t\t\t<\/div>\n\t\t<\/div>\n\t\t\t\t\t<\/div>\n\t\t<\/section>\n\t\t\t\t<section class=\"elementor-section elementor-top-section elementor-element elementor-element-212d7a6 elementor-section-boxed elementor-section-height-default elementor-section-height-default\" data-id=\"212d7a6\" data-element_type=\"section\">\n\t\t\t\t\t\t<div class=\"elementor-container elementor-column-gap-default\">\n\t\t\t\t\t<div class=\"elementor-column elementor-col-100 elementor-top-column elementor-element elementor-element-c5a2478\" data-id=\"c5a2478\" data-element_type=\"column\">\n\t\t\t<div class=\"elementor-widget-wrap elementor-element-populated\">\n\t\t\t\t\t\t<div class=\"elementor-element elementor-element-39ad43d elementor-arrows-position-inside elementor-pagination-position-outside elementor-widget elementor-widget-image-carousel\" data-id=\"39ad43d\" data-element_type=\"widget\" data-settings=\"{&quot;slides_to_show&quot;:&quot;1&quot;,&quot;navigation&quot;:&quot;both&quot;,&quot;autoplay&quot;:&quot;yes&quot;,&quot;pause_on_hover&quot;:&quot;yes&quot;,&quot;pause_on_interaction&quot;:&quot;yes&quot;,&quot;autoplay_speed&quot;:5000,&quot;infinite&quot;:&quot;yes&quot;,&quot;effect&quot;:&quot;slide&quot;,&quot;speed&quot;:500}\" data-widget_type=\"image-carousel.default\">\n\t\t\t\t\t\t\t<div class=\"elementor-image-carousel-wrapper swiper\" role=\"region\" aria-roledescription=\"carousel\" aria-label=\"Image Carousel\" dir=\"ltr\">\n\t\t\t<div class=\"elementor-image-carousel swiper-wrapper\" aria-live=\"off\">\n\t\t\t\t\t\t\t\t<div class=\"swiper-slide\" role=\"group\" aria-roledescription=\"slide\" aria-label=\"1 of 23\"><figure class=\"swiper-slide-inner\"><img decoding=\"async\" class=\"swiper-slide-image\" src=\"https:\/\/ikar.dev\/bceco-v2\/wp-content\/uploads\/2025\/09\/LIBERATION-2-80x80.jpg\" alt=\"LIBERATION (2)\" \/><\/figure><\/div><div class=\"swiper-slide\" role=\"group\" aria-roledescription=\"slide\" aria-label=\"2 of 23\"><figure class=\"swiper-slide-inner\"><img decoding=\"async\" class=\"swiper-slide-image\" src=\"https:\/\/ikar.dev\/bceco-v2\/wp-content\/uploads\/2025\/09\/LIBERATION-6-80x80.jpg\" alt=\"LIBERATION (6)\" \/><\/figure><\/div><div class=\"swiper-slide\" role=\"group\" aria-roledescription=\"slide\" aria-label=\"3 of 23\"><figure class=\"swiper-slide-inner\"><img decoding=\"async\" class=\"swiper-slide-image\" src=\"https:\/\/ikar.dev\/bceco-v2\/wp-content\/uploads\/2025\/09\/LIBERATION-5-80x80.jpg\" alt=\"LIBERATION (5)\" \/><\/figure><\/div><div class=\"swiper-slide\" role=\"group\" aria-roledescription=\"slide\" aria-label=\"4 of 23\"><figure class=\"swiper-slide-inner\"><img decoding=\"async\" class=\"swiper-slide-image\" src=\"https:\/\/ikar.dev\/bceco-v2\/wp-content\/uploads\/2025\/09\/LIBERATION-4-80x80.jpg\" alt=\"LIBERATION (4)\" \/><\/figure><\/div><div class=\"swiper-slide\" role=\"group\" aria-roledescription=\"slide\" aria-label=\"5 of 23\"><figure class=\"swiper-slide-inner\"><img decoding=\"async\" class=\"swiper-slide-image\" src=\"https:\/\/ikar.dev\/bceco-v2\/wp-content\/uploads\/2025\/09\/LIBERATION-1-80x80.jpg\" alt=\"LIBERATION (1)\" \/><\/figure><\/div><div class=\"swiper-slide\" role=\"group\" aria-roledescription=\"slide\" aria-label=\"6 of 23\"><figure class=\"swiper-slide-inner\"><img decoding=\"async\" class=\"swiper-slide-image\" src=\"https:\/\/ikar.dev\/bceco-v2\/wp-content\/uploads\/2025\/09\/LIBERATION-7-80x80.jpg\" alt=\"LIBERATION (7)\" \/><\/figure><\/div><div class=\"swiper-slide\" role=\"group\" aria-roledescription=\"slide\" aria-label=\"7 of 23\"><figure class=\"swiper-slide-inner\"><img decoding=\"async\" class=\"swiper-slide-image\" src=\"https:\/\/ikar.dev\/bceco-v2\/wp-content\/uploads\/2025\/09\/LIBERATION-8-80x80.jpg\" alt=\"LIBERATION (8)\" \/><\/figure><\/div><div class=\"swiper-slide\" role=\"group\" aria-roledescription=\"slide\" aria-label=\"8 of 23\"><figure class=\"swiper-slide-inner\"><img decoding=\"async\" class=\"swiper-slide-image\" src=\"https:\/\/ikar.dev\/bceco-v2\/wp-content\/uploads\/2025\/09\/NYANGWE-1-80x80.jpg\" alt=\"NYANGWE (1)\" \/><\/figure><\/div><div class=\"swiper-slide\" role=\"group\" aria-roledescription=\"slide\" aria-label=\"9 of 23\"><figure class=\"swiper-slide-inner\"><img decoding=\"async\" class=\"swiper-slide-image\" src=\"https:\/\/ikar.dev\/bceco-v2\/wp-content\/uploads\/2025\/09\/NYANGWE-2-80x80.jpg\" alt=\"NYANGWE (2)\" \/><\/figure><\/div><div class=\"swiper-slide\" role=\"group\" aria-roledescription=\"slide\" aria-label=\"10 of 23\"><figure class=\"swiper-slide-inner\"><img decoding=\"async\" class=\"swiper-slide-image\" src=\"https:\/\/ikar.dev\/bceco-v2\/wp-content\/uploads\/2025\/09\/ITANGA-2-1-80x80.jpg\" alt=\"ITANGA 2 (1)\" \/><\/figure><\/div><div class=\"swiper-slide\" role=\"group\" aria-roledescription=\"slide\" aria-label=\"11 of 23\"><figure class=\"swiper-slide-inner\"><img decoding=\"async\" class=\"swiper-slide-image\" src=\"https:\/\/ikar.dev\/bceco-v2\/wp-content\/uploads\/2025\/09\/ITANGA-2-2-80x80.jpg\" alt=\"ITANGA 2 (2)\" \/><\/figure><\/div><div class=\"swiper-slide\" role=\"group\" aria-roledescription=\"slide\" aria-label=\"12 of 23\"><figure class=\"swiper-slide-inner\"><img decoding=\"async\" class=\"swiper-slide-image\" src=\"https:\/\/ikar.dev\/bceco-v2\/wp-content\/uploads\/2025\/09\/FLAMBEAU-2-80x80.jpg\" alt=\"FLAMBEAU (2)\" \/><\/figure><\/div><div class=\"swiper-slide\" role=\"group\" aria-roledescription=\"slide\" aria-label=\"13 of 23\"><figure class=\"swiper-slide-inner\"><img decoding=\"async\" class=\"swiper-slide-image\" src=\"https:\/\/ikar.dev\/bceco-v2\/wp-content\/uploads\/2025\/09\/FLAMBEAU-1-80x80.jpg\" alt=\"FLAMBEAU (1)\" \/><\/figure><\/div><div class=\"swiper-slide\" role=\"group\" aria-roledescription=\"slide\" aria-label=\"14 of 23\"><figure class=\"swiper-slide-inner\"><img decoding=\"async\" class=\"swiper-slide-image\" src=\"https:\/\/ikar.dev\/bceco-v2\/wp-content\/uploads\/2025\/09\/BOKASA-2-80x80.jpg\" alt=\"BOKASA (2)\" \/><\/figure><\/div><div class=\"swiper-slide\" role=\"group\" aria-roledescription=\"slide\" aria-label=\"15 of 23\"><figure class=\"swiper-slide-inner\"><img decoding=\"async\" class=\"swiper-slide-image\" src=\"https:\/\/ikar.dev\/bceco-v2\/wp-content\/uploads\/2025\/09\/BOKASA-3-80x80.jpg\" alt=\"BOKASA (3)\" \/><\/figure><\/div><div class=\"swiper-slide\" role=\"group\" aria-roledescription=\"slide\" aria-label=\"16 of 23\"><figure class=\"swiper-slide-inner\"><img decoding=\"async\" class=\"swiper-slide-image\" src=\"https:\/\/ikar.dev\/bceco-v2\/wp-content\/uploads\/2025\/09\/BOKASA-4-80x80.jpg\" alt=\"BOKASA (4)\" \/><\/figure><\/div><div class=\"swiper-slide\" role=\"group\" aria-roledescription=\"slide\" aria-label=\"17 of 23\"><figure class=\"swiper-slide-inner\"><img decoding=\"async\" class=\"swiper-slide-image\" src=\"https:\/\/ikar.dev\/bceco-v2\/wp-content\/uploads\/2025\/09\/KABINDA-3-80x80.jpg\" alt=\"KABINDA (3)\" \/><\/figure><\/div><div class=\"swiper-slide\" role=\"group\" aria-roledescription=\"slide\" aria-label=\"18 of 23\"><figure class=\"swiper-slide-inner\"><img decoding=\"async\" class=\"swiper-slide-image\" src=\"https:\/\/ikar.dev\/bceco-v2\/wp-content\/uploads\/2025\/09\/KABINDA-2-80x80.jpg\" alt=\"KABINDA (2)\" \/><\/figure><\/div><div class=\"swiper-slide\" role=\"group\" aria-roledescription=\"slide\" aria-label=\"19 of 23\"><figure class=\"swiper-slide-inner\"><img decoding=\"async\" class=\"swiper-slide-image\" src=\"https:\/\/ikar.dev\/bceco-v2\/wp-content\/uploads\/2025\/09\/KABINDA-1-80x80.jpg\" alt=\"KABINDA (1)\" \/><\/figure><\/div><div class=\"swiper-slide\" role=\"group\" aria-roledescription=\"slide\" aria-label=\"20 of 23\"><figure class=\"swiper-slide-inner\"><img decoding=\"async\" class=\"swiper-slide-image\" src=\"https:\/\/ikar.dev\/bceco-v2\/wp-content\/uploads\/2025\/09\/BOKASA-1-80x80.jpg\" alt=\"BOKASA (1)\" \/><\/figure><\/div><div class=\"swiper-slide\" role=\"group\" aria-roledescription=\"slide\" aria-label=\"21 of 23\"><figure class=\"swiper-slide-inner\"><img decoding=\"async\" class=\"swiper-slide-image\" src=\"https:\/\/ikar.dev\/bceco-v2\/wp-content\/uploads\/2025\/09\/FLAMBEAU-5-80x80.jpg\" alt=\"FLAMBEAU (5)\" \/><\/figure><\/div><div class=\"swiper-slide\" role=\"group\" aria-roledescription=\"slide\" aria-label=\"22 of 23\"><figure class=\"swiper-slide-inner\"><img decoding=\"async\" class=\"swiper-slide-image\" src=\"https:\/\/ikar.dev\/bceco-v2\/wp-content\/uploads\/2025\/09\/FLAMBEAU-3-80x80.jpg\" alt=\"FLAMBEAU (3)\" \/><\/figure><\/div><div class=\"swiper-slide\" role=\"group\" aria-roledescription=\"slide\" aria-label=\"23 of 23\"><figure class=\"swiper-slide-inner\"><img decoding=\"async\" class=\"swiper-slide-image\" src=\"https:\/\/ikar.dev\/bceco-v2\/wp-content\/uploads\/2025\/09\/FLAMBEAU-4-80x80.jpg\" alt=\"FLAMBEAU (4)\" \/><\/figure><\/div>\t\t\t<\/div>\n\t\t\t\t\t\t\t\t\t\t\t\t<div class=\"elementor-swiper-button elementor-swiper-button-prev\" role=\"button\" tabindex=\"0\">\n\t\t\t\t\t\t<svg aria-hidden=\"true\" class=\"e-font-icon-svg e-eicon-chevron-left\" viewBox=\"0 0 1000 1000\" xmlns=\"http:\/\/www.w3.org\/2000\/svg\"><path d=\"M646 125C629 125 613 133 604 142L308 442C296 454 292 471 292 487 292 504 296 521 308 533L604 854C617 867 629 875 646 875 663 875 679 871 692 858 704 846 713 829 713 812 713 796 708 779 692 767L438 487 692 225C700 217 708 204 708 187 708 171 704 154 692 142 675 129 663 125 646 125Z\"><\/path><\/svg>\t\t\t\t\t<\/div>\n\t\t\t\t\t<div class=\"elementor-swiper-button elementor-swiper-button-next\" role=\"button\" tabindex=\"0\">\n\t\t\t\t\t\t<svg aria-hidden=\"true\" class=\"e-font-icon-svg e-eicon-chevron-right\" viewBox=\"0 0 1000 1000\" xmlns=\"http:\/\/www.w3.org\/2000\/svg\"><path d=\"M696 533C708 521 713 504 713 487 713 471 708 454 696 446L400 146C388 133 375 125 354 125 338 125 325 129 313 142 300 154 292 171 292 187 292 204 296 221 308 233L563 492 304 771C292 783 288 800 288 817 288 833 296 850 308 863 321 871 338 875 354 875 371 875 388 867 400 854L696 533Z\"><\/path><\/svg>\t\t\t\t\t<\/div>\n\t\t\t\t\n\t\t\t\t\t\t\t\t\t<div class=\"swiper-pagination\"><\/div>\n\t\t\t\t\t\t\t\t\t<\/div>\n\t\t\t\t\t\t<\/div>\n\t\t\t\t\t<\/div>\n\t\t<\/div>\n\t\t\t\t\t<\/div>\n\t\t<\/section>\n\t\t\t\t<\/div>\n\t\t","protected":false},"excerpt":{"rendered":"<p>Samedi 13 septembre 2025 \u00e9tait une journ\u00e9e marathon pour le Directeur G\u00e9n\u00e9ral du Bureau Central de Coordination, le BCeCo, et ses \u00e9quipes d\u00e9cid\u00e9s \u00e0 faire la ronde des chantiers supervis\u00e9s par son institution. De 09 h \u00e0 18 h, Jean Mabi a parcouru plusieurs communes inspectant minutieusement diverses art\u00e8res. Cette visite a commenc\u00e9 par l&#8217;avenue<\/p>\n","protected":false},"author":1,"featured_media":55231,"comment_status":"open","ping_status":"open","sticky":false,"template":"","format":"standard","meta":{"footnotes":""},"categories":[69,62,63],"tags":[],"class_list":["post-55210","post","type-post","status-publish","format-standard","has-post-thumbnail","hentry","category-actualites","category-developpement","category-infrastructures"],"yoast_head":"<!-- This site is optimized with the Yoast SEO plugin v26.7 - https:\/\/yoast.com\/wordpress\/plugins\/seo\/ -->\n<title>Kinshasa- Voirie : Jean Mabi sur terrain pour suivre l&#039;\u00e9volution des travaux ! - Bureau Central de Coordination<\/title>\n<meta name=\"robots\" content=\"index, follow, max-snippet:-1, max-image-preview:large, max-video-preview:-1\" \/>\n<link rel=\"canonical\" href=\"https:\/\/ikar.dev\/bceco-v2\/kinshasa-voirie-jean-mabi-sur-terrain-pour-suivre-levolution-des-travaux\/\" \/>\n<meta property=\"og:locale\" content=\"en_US\" \/>\n<meta property=\"og:type\" content=\"article\" \/>\n<meta property=\"og:title\" content=\"Kinshasa- Voirie : Jean Mabi sur terrain pour suivre l&#039;\u00e9volution des travaux ! - Bureau Central de Coordination\" \/>\n<meta property=\"og:description\" content=\"Samedi 13 septembre 2025 \u00e9tait une journ\u00e9e marathon pour le Directeur G\u00e9n\u00e9ral du Bureau Central de Coordination, le BCeCo, et ses \u00e9quipes d\u00e9cid\u00e9s \u00e0 faire la ronde des chantiers supervis\u00e9s par son institution. De 09 h \u00e0 18 h, Jean Mabi a parcouru plusieurs communes inspectant minutieusement diverses art\u00e8res. Cette visite a commenc\u00e9 par l&#8217;avenue\" \/>\n<meta property=\"og:url\" content=\"https:\/\/ikar.dev\/bceco-v2\/kinshasa-voirie-jean-mabi-sur-terrain-pour-suivre-levolution-des-travaux\/\" \/>\n<meta property=\"og:site_name\" content=\"Bureau Central de Coordination\" \/>\n<meta property=\"article:publisher\" content=\"https:\/\/www.facebook.com\/BCeCoRDC\" \/>\n<meta property=\"article:published_time\" content=\"2025-09-15T15:35:53+00:00\" \/>\n<meta property=\"article:modified_time\" content=\"2025-12-23T16:21:26+00:00\" \/>\n<meta property=\"og:image\" content=\"https:\/\/ikar.dev\/bceco-v2\/wp-content\/uploads\/2025\/09\/LIBERATION-7-scaled.jpg\" \/>\n\t<meta property=\"og:image:width\" content=\"2560\" \/>\n\t<meta property=\"og:image:height\" content=\"1707\" \/>\n\t<meta property=\"og:image:type\" content=\"image\/jpeg\" \/>\n<meta name=\"author\" content=\"bceco\" \/>\n<meta name=\"twitter:card\" content=\"summary_large_image\" \/>\n<meta name=\"twitter:creator\" content=\"@BCeCoRDC\" \/>\n<meta name=\"twitter:site\" content=\"@BCeCoRDC\" \/>\n<meta name=\"twitter:label1\" content=\"Written by\" \/>\n\t<meta name=\"twitter:data1\" content=\"bceco\" \/>\n\t<meta name=\"twitter:label2\" content=\"Est. reading time\" \/>\n\t<meta name=\"twitter:data2\" content=\"10 minutes\" \/>\n<script type=\"application\/ld+json\" class=\"yoast-schema-graph\">{\"@context\":\"https:\/\/schema.org\",\"@graph\":[{\"@type\":\"Article\",\"@id\":\"https:\/\/ikar.dev\/bceco-v2\/kinshasa-voirie-jean-mabi-sur-terrain-pour-suivre-levolution-des-travaux\/#article\",\"isPartOf\":{\"@id\":\"https:\/\/ikar.dev\/bceco-v2\/kinshasa-voirie-jean-mabi-sur-terrain-pour-suivre-levolution-des-travaux\/\"},\"author\":{\"name\":\"bceco\",\"@id\":\"https:\/\/ikar.dev\/bceco-v2\/#\/schema\/person\/6ee74807ffb016a78852fec6a295d503\"},\"headline\":\"Kinshasa- Voirie : Jean Mabi sur terrain pour suivre l&#8217;\u00e9volution des travaux !\",\"datePublished\":\"2025-09-15T15:35:53+00:00\",\"dateModified\":\"2025-12-23T16:21:26+00:00\",\"mainEntityOfPage\":{\"@id\":\"https:\/\/ikar.dev\/bceco-v2\/kinshasa-voirie-jean-mabi-sur-terrain-pour-suivre-levolution-des-travaux\/\"},\"wordCount\":779,\"commentCount\":0,\"publisher\":{\"@id\":\"https:\/\/ikar.dev\/bceco-v2\/#organization\"},\"image\":{\"@id\":\"https:\/\/ikar.dev\/bceco-v2\/kinshasa-voirie-jean-mabi-sur-terrain-pour-suivre-levolution-des-travaux\/#primaryimage\"},\"thumbnailUrl\":\"https:\/\/ikar.dev\/bceco-v2\/wp-content\/uploads\/2025\/09\/LIBERATION-7-scaled.jpg\",\"articleSection\":[\"Actualit\u00e9s\",\"D\u00e9veloppement\",\"Infrastructures\"],\"inLanguage\":\"en-US\",\"potentialAction\":[{\"@type\":\"CommentAction\",\"name\":\"Comment\",\"target\":[\"https:\/\/ikar.dev\/bceco-v2\/kinshasa-voirie-jean-mabi-sur-terrain-pour-suivre-levolution-des-travaux\/#respond\"]}]},{\"@type\":\"WebPage\",\"@id\":\"https:\/\/ikar.dev\/bceco-v2\/kinshasa-voirie-jean-mabi-sur-terrain-pour-suivre-levolution-des-travaux\/\",\"url\":\"https:\/\/ikar.dev\/bceco-v2\/kinshasa-voirie-jean-mabi-sur-terrain-pour-suivre-levolution-des-travaux\/\",\"name\":\"Kinshasa- Voirie : Jean Mabi sur terrain pour suivre l'\u00e9volution des travaux ! - Bureau Central de Coordination\",\"isPartOf\":{\"@id\":\"https:\/\/ikar.dev\/bceco-v2\/#website\"},\"primaryImageOfPage\":{\"@id\":\"https:\/\/ikar.dev\/bceco-v2\/kinshasa-voirie-jean-mabi-sur-terrain-pour-suivre-levolution-des-travaux\/#primaryimage\"},\"image\":{\"@id\":\"https:\/\/ikar.dev\/bceco-v2\/kinshasa-voirie-jean-mabi-sur-terrain-pour-suivre-levolution-des-travaux\/#primaryimage\"},\"thumbnailUrl\":\"https:\/\/ikar.dev\/bceco-v2\/wp-content\/uploads\/2025\/09\/LIBERATION-7-scaled.jpg\",\"datePublished\":\"2025-09-15T15:35:53+00:00\",\"dateModified\":\"2025-12-23T16:21:26+00:00\",\"breadcrumb\":{\"@id\":\"https:\/\/ikar.dev\/bceco-v2\/kinshasa-voirie-jean-mabi-sur-terrain-pour-suivre-levolution-des-travaux\/#breadcrumb\"},\"inLanguage\":\"en-US\",\"potentialAction\":[{\"@type\":\"ReadAction\",\"target\":[\"https:\/\/ikar.dev\/bceco-v2\/kinshasa-voirie-jean-mabi-sur-terrain-pour-suivre-levolution-des-travaux\/\"]}]},{\"@type\":\"ImageObject\",\"inLanguage\":\"en-US\",\"@id\":\"https:\/\/ikar.dev\/bceco-v2\/kinshasa-voirie-jean-mabi-sur-terrain-pour-suivre-levolution-des-travaux\/#primaryimage\",\"url\":\"https:\/\/ikar.dev\/bceco-v2\/wp-content\/uploads\/2025\/09\/LIBERATION-7-scaled.jpg\",\"contentUrl\":\"https:\/\/ikar.dev\/bceco-v2\/wp-content\/uploads\/2025\/09\/LIBERATION-7-scaled.jpg\",\"width\":2560,\"height\":1707},{\"@type\":\"BreadcrumbList\",\"@id\":\"https:\/\/ikar.dev\/bceco-v2\/kinshasa-voirie-jean-mabi-sur-terrain-pour-suivre-levolution-des-travaux\/#breadcrumb\",\"itemListElement\":[{\"@type\":\"ListItem\",\"position\":1,\"name\":\"Accueil\",\"item\":\"https:\/\/ikar.dev\/bceco-v2\/\"},{\"@type\":\"ListItem\",\"position\":2,\"name\":\"Kinshasa- Voirie : Jean Mabi sur terrain pour suivre l&rsquo;\u00e9volution des travaux !\"}]},{\"@type\":\"WebSite\",\"@id\":\"https:\/\/ikar.dev\/bceco-v2\/#website\",\"url\":\"https:\/\/ikar.dev\/bceco-v2\/\",\"name\":\"Bureau Central de Coordination\",\"description\":\"B.Ce.Co \u2013 Au c\u0153ur de l\u2019ex\u00e9cution des projets de d\u00e9veloppement en RDC\",\"publisher\":{\"@id\":\"https:\/\/ikar.dev\/bceco-v2\/#organization\"},\"potentialAction\":[{\"@type\":\"SearchAction\",\"target\":{\"@type\":\"EntryPoint\",\"urlTemplate\":\"https:\/\/ikar.dev\/bceco-v2\/?s={search_term_string}\"},\"query-input\":{\"@type\":\"PropertyValueSpecification\",\"valueRequired\":true,\"valueName\":\"search_term_string\"}}],\"inLanguage\":\"en-US\"},{\"@type\":\"Organization\",\"@id\":\"https:\/\/ikar.dev\/bceco-v2\/#organization\",\"name\":\"Bureau Central de Coordination\",\"url\":\"https:\/\/ikar.dev\/bceco-v2\/\",\"logo\":{\"@type\":\"ImageObject\",\"inLanguage\":\"en-US\",\"@id\":\"https:\/\/ikar.dev\/bceco-v2\/#\/schema\/logo\/image\/\",\"url\":\"https:\/\/ikar.dev\/bceco-v2\/wp-content\/uploads\/2025\/12\/BCECO-Bureau-Central-de-Coordination.jpg\",\"contentUrl\":\"https:\/\/ikar.dev\/bceco-v2\/wp-content\/uploads\/2025\/12\/BCECO-Bureau-Central-de-Coordination.jpg\",\"width\":2048,\"height\":2048,\"caption\":\"Bureau Central de Coordination\"},\"image\":{\"@id\":\"https:\/\/ikar.dev\/bceco-v2\/#\/schema\/logo\/image\/\"},\"sameAs\":[\"https:\/\/www.facebook.com\/BCeCoRDC\",\"https:\/\/x.com\/BCeCoRDC\"]},{\"@type\":\"Person\",\"@id\":\"https:\/\/ikar.dev\/bceco-v2\/#\/schema\/person\/6ee74807ffb016a78852fec6a295d503\",\"name\":\"bceco\",\"image\":{\"@type\":\"ImageObject\",\"inLanguage\":\"en-US\",\"@id\":\"https:\/\/ikar.dev\/bceco-v2\/#\/schema\/person\/image\/\",\"url\":\"https:\/\/secure.gravatar.com\/avatar\/55c07e1707f50774ef3c842c9d074773a6b558a20fbd1608c8e4871bc88f3455?s=96&d=mm&r=g\",\"contentUrl\":\"https:\/\/secure.gravatar.com\/avatar\/55c07e1707f50774ef3c842c9d074773a6b558a20fbd1608c8e4871bc88f3455?s=96&d=mm&r=g\",\"caption\":\"bceco\"},\"sameAs\":[\"https:\/\/ikar.dev\/bceco-v2\"],\"url\":\"https:\/\/ikar.dev\/bceco-v2\/author\/bceco\/\"}]}<\/script>\n<!-- \/ Yoast SEO plugin. -->","yoast_head_json":{"title":"Kinshasa- Voirie : Jean Mabi sur terrain pour suivre l'\u00e9volution des travaux ! - Bureau Central de Coordination","robots":{"index":"index","follow":"follow","max-snippet":"max-snippet:-1","max-image-preview":"max-image-preview:large","max-video-preview":"max-video-preview:-1"},"canonical":"https:\/\/ikar.dev\/bceco-v2\/kinshasa-voirie-jean-mabi-sur-terrain-pour-suivre-levolution-des-travaux\/","og_locale":"en_US","og_type":"article","og_title":"Kinshasa- Voirie : Jean Mabi sur terrain pour suivre l'\u00e9volution des travaux ! - Bureau Central de Coordination","og_description":"Samedi 13 septembre 2025 \u00e9tait une journ\u00e9e marathon pour le Directeur G\u00e9n\u00e9ral du Bureau Central de Coordination, le BCeCo, et ses \u00e9quipes d\u00e9cid\u00e9s \u00e0 faire la ronde des chantiers supervis\u00e9s par son institution. De 09 h \u00e0 18 h, Jean Mabi a parcouru plusieurs communes inspectant minutieusement diverses art\u00e8res. Cette visite a commenc\u00e9 par l&#8217;avenue","og_url":"https:\/\/ikar.dev\/bceco-v2\/kinshasa-voirie-jean-mabi-sur-terrain-pour-suivre-levolution-des-travaux\/","og_site_name":"Bureau Central de Coordination","article_publisher":"https:\/\/www.facebook.com\/BCeCoRDC","article_published_time":"2025-09-15T15:35:53+00:00","article_modified_time":"2025-12-23T16:21:26+00:00","og_image":[{"width":2560,"height":1707,"url":"https:\/\/ikar.dev\/bceco-v2\/wp-content\/uploads\/2025\/09\/LIBERATION-7-scaled.jpg","type":"image\/jpeg"}],"author":"bceco","twitter_card":"summary_large_image","twitter_creator":"@BCeCoRDC","twitter_site":"@BCeCoRDC","twitter_misc":{"Written by":"bceco","Est. reading time":"10 minutes"},"schema":{"@context":"https:\/\/schema.org","@graph":[{"@type":"Article","@id":"https:\/\/ikar.dev\/bceco-v2\/kinshasa-voirie-jean-mabi-sur-terrain-pour-suivre-levolution-des-travaux\/#article","isPartOf":{"@id":"https:\/\/ikar.dev\/bceco-v2\/kinshasa-voirie-jean-mabi-sur-terrain-pour-suivre-levolution-des-travaux\/"},"author":{"name":"bceco","@id":"https:\/\/ikar.dev\/bceco-v2\/#\/schema\/person\/6ee74807ffb016a78852fec6a295d503"},"headline":"Kinshasa- Voirie : Jean Mabi sur terrain pour suivre l&#8217;\u00e9volution des travaux !","datePublished":"2025-09-15T15:35:53+00:00","dateModified":"2025-12-23T16:21:26+00:00","mainEntityOfPage":{"@id":"https:\/\/ikar.dev\/bceco-v2\/kinshasa-voirie-jean-mabi-sur-terrain-pour-suivre-levolution-des-travaux\/"},"wordCount":779,"commentCount":0,"publisher":{"@id":"https:\/\/ikar.dev\/bceco-v2\/#organization"},"image":{"@id":"https:\/\/ikar.dev\/bceco-v2\/kinshasa-voirie-jean-mabi-sur-terrain-pour-suivre-levolution-des-travaux\/#primaryimage"},"thumbnailUrl":"https:\/\/ikar.dev\/bceco-v2\/wp-content\/uploads\/2025\/09\/LIBERATION-7-scaled.jpg","articleSection":["Actualit\u00e9s","D\u00e9veloppement","Infrastructures"],"inLanguage":"en-US","potentialAction":[{"@type":"CommentAction","name":"Comment","target":["https:\/\/ikar.dev\/bceco-v2\/kinshasa-voirie-jean-mabi-sur-terrain-pour-suivre-levolution-des-travaux\/#respond"]}]},{"@type":"WebPage","@id":"https:\/\/ikar.dev\/bceco-v2\/kinshasa-voirie-jean-mabi-sur-terrain-pour-suivre-levolution-des-travaux\/","url":"https:\/\/ikar.dev\/bceco-v2\/kinshasa-voirie-jean-mabi-sur-terrain-pour-suivre-levolution-des-travaux\/","name":"Kinshasa- Voirie : Jean Mabi sur terrain pour suivre l'\u00e9volution des travaux ! - Bureau Central de Coordination","isPartOf":{"@id":"https:\/\/ikar.dev\/bceco-v2\/#website"},"primaryImageOfPage":{"@id":"https:\/\/ikar.dev\/bceco-v2\/kinshasa-voirie-jean-mabi-sur-terrain-pour-suivre-levolution-des-travaux\/#primaryimage"},"image":{"@id":"https:\/\/ikar.dev\/bceco-v2\/kinshasa-voirie-jean-mabi-sur-terrain-pour-suivre-levolution-des-travaux\/#primaryimage"},"thumbnailUrl":"https:\/\/ikar.dev\/bceco-v2\/wp-content\/uploads\/2025\/09\/LIBERATION-7-scaled.jpg","datePublished":"2025-09-15T15:35:53+00:00","dateModified":"2025-12-23T16:21:26+00:00","breadcrumb":{"@id":"https:\/\/ikar.dev\/bceco-v2\/kinshasa-voirie-jean-mabi-sur-terrain-pour-suivre-levolution-des-travaux\/#breadcrumb"},"inLanguage":"en-US","potentialAction":[{"@type":"ReadAction","target":["https:\/\/ikar.dev\/bceco-v2\/kinshasa-voirie-jean-mabi-sur-terrain-pour-suivre-levolution-des-travaux\/"]}]},{"@type":"ImageObject","inLanguage":"en-US","@id":"https:\/\/ikar.dev\/bceco-v2\/kinshasa-voirie-jean-mabi-sur-terrain-pour-suivre-levolution-des-travaux\/#primaryimage","url":"https:\/\/ikar.dev\/bceco-v2\/wp-content\/uploads\/2025\/09\/LIBERATION-7-scaled.jpg","contentUrl":"https:\/\/ikar.dev\/bceco-v2\/wp-content\/uploads\/2025\/09\/LIBERATION-7-scaled.jpg","width":2560,"height":1707},{"@type":"BreadcrumbList","@id":"https:\/\/ikar.dev\/bceco-v2\/kinshasa-voirie-jean-mabi-sur-terrain-pour-suivre-levolution-des-travaux\/#breadcrumb","itemListElement":[{"@type":"ListItem","position":1,"name":"Accueil","item":"https:\/\/ikar.dev\/bceco-v2\/"},{"@type":"ListItem","position":2,"name":"Kinshasa- Voirie : Jean Mabi sur terrain pour suivre l&rsquo;\u00e9volution des travaux !"}]},{"@type":"WebSite","@id":"https:\/\/ikar.dev\/bceco-v2\/#website","url":"https:\/\/ikar.dev\/bceco-v2\/","name":"Bureau Central de Coordination","description":"B.Ce.Co \u2013 Au c\u0153ur de l\u2019ex\u00e9cution des projets de d\u00e9veloppement en RDC","publisher":{"@id":"https:\/\/ikar.dev\/bceco-v2\/#organization"},"potentialAction":[{"@type":"SearchAction","target":{"@type":"EntryPoint","urlTemplate":"https:\/\/ikar.dev\/bceco-v2\/?s={search_term_string}"},"query-input":{"@type":"PropertyValueSpecification","valueRequired":true,"valueName":"search_term_string"}}],"inLanguage":"en-US"},{"@type":"Organization","@id":"https:\/\/ikar.dev\/bceco-v2\/#organization","name":"Bureau Central de Coordination","url":"https:\/\/ikar.dev\/bceco-v2\/","logo":{"@type":"ImageObject","inLanguage":"en-US","@id":"https:\/\/ikar.dev\/bceco-v2\/#\/schema\/logo\/image\/","url":"https:\/\/ikar.dev\/bceco-v2\/wp-content\/uploads\/2025\/12\/BCECO-Bureau-Central-de-Coordination.jpg","contentUrl":"https:\/\/ikar.dev\/bceco-v2\/wp-content\/uploads\/2025\/12\/BCECO-Bureau-Central-de-Coordination.jpg","width":2048,"height":2048,"caption":"Bureau Central de Coordination"},"image":{"@id":"https:\/\/ikar.dev\/bceco-v2\/#\/schema\/logo\/image\/"},"sameAs":["https:\/\/www.facebook.com\/BCeCoRDC","https:\/\/x.com\/BCeCoRDC"]},{"@type":"Person","@id":"https:\/\/ikar.dev\/bceco-v2\/#\/schema\/person\/6ee74807ffb016a78852fec6a295d503","name":"bceco","image":{"@type":"ImageObject","inLanguage":"en-US","@id":"https:\/\/ikar.dev\/bceco-v2\/#\/schema\/person\/image\/","url":"https:\/\/secure.gravatar.com\/avatar\/55c07e1707f50774ef3c842c9d074773a6b558a20fbd1608c8e4871bc88f3455?s=96&d=mm&r=g","contentUrl":"https:\/\/secure.gravatar.com\/avatar\/55c07e1707f50774ef3c842c9d074773a6b558a20fbd1608c8e4871bc88f3455?s=96&d=mm&r=g","caption":"bceco"},"sameAs":["https:\/\/ikar.dev\/bceco-v2"],"url":"https:\/\/ikar.dev\/bceco-v2\/author\/bceco\/"}]}},"_links":{"self":[{"href":"https:\/\/ikar.dev\/bceco-v2\/wp-json\/wp\/v2\/posts\/55210","targetHints":{"allow":["GET"]}}],"collection":[{"href":"https:\/\/ikar.dev\/bceco-v2\/wp-json\/wp\/v2\/posts"}],"about":[{"href":"https:\/\/ikar.dev\/bceco-v2\/wp-json\/wp\/v2\/types\/post"}],"author":[{"embeddable":true,"href":"https:\/\/ikar.dev\/bceco-v2\/wp-json\/wp\/v2\/users\/1"}],"replies":[{"embeddable":true,"href":"https:\/\/ikar.dev\/bceco-v2\/wp-json\/wp\/v2\/comments?post=55210"}],"version-history":[{"count":1,"href":"https:\/\/ikar.dev\/bceco-v2\/wp-json\/wp\/v2\/posts\/55210\/revisions"}],"predecessor-version":[{"id":56331,"href":"https:\/\/ikar.dev\/bceco-v2\/wp-json\/wp\/v2\/posts\/55210\/revisions\/56331"}],"wp:featuredmedia":[{"embeddable":true,"href":"https:\/\/ikar.dev\/bceco-v2\/wp-json\/wp\/v2\/media\/55231"}],"wp:attachment":[{"href":"https:\/\/ikar.dev\/bceco-v2\/wp-json\/wp\/v2\/media?parent=55210"}],"wp:term":[{"taxonomy":"category","embeddable":true,"href":"https:\/\/ikar.dev\/bceco-v2\/wp-json\/wp\/v2\/categories?post=55210"},{"taxonomy":"post_tag","embeddable":true,"href":"https:\/\/ikar.dev\/bceco-v2\/wp-json\/wp\/v2\/tags?post=55210"}],"curies":[{"name":"wp","href":"https:\/\/api.w.org\/{rel}","templated":true}]}}