{"id":55195,"date":"2025-06-06T15:00:16","date_gmt":"2025-06-06T15:00:16","guid":{"rendered":"https:\/\/bceco.cd\/?p=55195"},"modified":"2025-12-29T18:32:41","modified_gmt":"2025-12-29T17:32:41","slug":"kinshasa-voirie-la-reconstruction-de-la-route-bianda-un-enjeu-majeur-pour-la-population-de-ce-coin","status":"publish","type":"post","link":"https:\/\/ikar.dev\/bceco-v2\/kinshasa-voirie-la-reconstruction-de-la-route-bianda-un-enjeu-majeur-pour-la-population-de-ce-coin\/","title":{"rendered":"Kinshasa &#8211; voirie : la reconstruction de la route Bianda, un enjeu majeur pour la population de ce coin !"},"content":{"rendered":"\t\t<div data-elementor-type=\"wp-post\" data-elementor-id=\"55195\" class=\"elementor elementor-55195\" data-elementor-post-type=\"post\">\n\t\t\t\t\t\t<section class=\"elementor-section elementor-top-section elementor-element elementor-element-27a7ee8f elementor-section-boxed elementor-section-height-default elementor-section-height-default\" data-id=\"27a7ee8f\" data-element_type=\"section\">\n\t\t\t\t\t\t<div class=\"elementor-container elementor-column-gap-default\">\n\t\t\t\t\t<div class=\"elementor-column elementor-col-100 elementor-top-column elementor-element elementor-element-490a5078\" data-id=\"490a5078\" data-element_type=\"column\">\n\t\t\t<div class=\"elementor-widget-wrap elementor-element-populated\">\n\t\t\t\t\t\t<div class=\"elementor-element elementor-element-18369224 elementor-widget elementor-widget-text-editor\" data-id=\"18369224\" data-element_type=\"widget\" data-widget_type=\"text-editor.default\">\n\t\t\t\t\t\t\t\t\t\n<p class=\"has-text-align-justify\">Les habitants du quartier Bianda dans la commune de Mont- Ngafula vont bient\u00f4t pousser un ouf de soulagement. C&#8217;est ce qui ressort de la visite du Directeur G\u00e9n\u00e9ral du Bureau Central de Coordination BCECO, venu annoncer la bonne nouvelle \u00e0 la population de ce coin de la capitale, regroup\u00e9e au sein de l&#8217;Union des R\u00e9sidants de Bianda pour le D\u00e9veloppement &#8221; URBD&#8221; en sigle.<\/p>\n\n\n\n<p class=\"has-text-align-justify\">Le vendredi 6 juin 2025, Jean Mabi qui a rev\u00eatu sa casquette de p\u00e8lerin pour inspecter la route Bianda au niveau de l&#8217;arr\u00eat interface afin de vivre le calvaire que connaissent ses riverains depuis de longues ann\u00e9es.<\/p>\n\n\n\n<figure class=\"wp-block-image size-full\"><img fetchpriority=\"high\" decoding=\"async\" width=\"2048\" height=\"1366\" src=\"https:\/\/bceco.cd\/wp-content\/uploads\/2025\/09\/506100022_690125710585440_3671686420580579997_n.jpg\" alt=\"\" class=\"wp-image-55202\" srcset=\"https:\/\/ikar.dev\/bceco-v2\/wp-content\/uploads\/2025\/09\/506100022_690125710585440_3671686420580579997_n.jpg 2048w, https:\/\/ikar.dev\/bceco-v2\/wp-content\/uploads\/2025\/09\/506100022_690125710585440_3671686420580579997_n-768x512.jpg 768w, https:\/\/ikar.dev\/bceco-v2\/wp-content\/uploads\/2025\/09\/506100022_690125710585440_3671686420580579997_n-1536x1025.jpg 1536w, https:\/\/ikar.dev\/bceco-v2\/wp-content\/uploads\/2025\/09\/506100022_690125710585440_3671686420580579997_n-600x400.jpg 600w\" sizes=\"(max-width: 2048px) 100vw, 2048px\" \/><\/figure>\n\n\n\n<p class=\"has-text-align-justify\">En effet, les habitants de ce quartier qui ne jurent que sur la reconstruction de cette voie sont venus nombreux accueillir le num\u00e9ro un du BCeCo \u00e0 l&#8217;entr\u00e9e de cette derni\u00e8re afin de lui expliquer chemin faisant les difficult\u00e9s auxquelles ils sont confront\u00e9s.<\/p>\n\n\n\n<p class=\"has-text-align-justify\">Il a fallu plus d&#8217;une heure pour arriver \u00e0 bout d&#8217;un tron\u00e7on d&#8217;un peu plus de 1,5km jonch\u00e9 d&#8217;embuches et d&#8217;\u00e9rosions.<\/p>\n\n\n\n<p class=\"has-text-align-justify\">Au point de chute de cette marche cad au Bureau de cette ASBL, le num\u00e9ro un de BCeCo a annonc\u00e9 pour un bref d\u00e9lai le d\u00e9but des travaux sur cet art\u00e8re sens\u00e9 d\u00e9senclaver ce quartier.<\/p>\n\n\n\n<p class=\"has-text-align-justify\">Il a en outre expliqu\u00e9 que les \u00e9tudes pour la construction de cette route men\u00e9e par l&#8217;Entreprise Modulor agissant comme mission de contr\u00f4le, sont termin\u00e9es, qu&#8217;une Entreprise est recrut\u00e9e pour ex\u00e9cution des dits travaux. La reconstruction et la modernisation de cette route pourront commencer incessamment.<\/p>\n\n\n\n<figure class=\"wp-block-image size-full\"><img decoding=\"async\" width=\"2048\" height=\"1366\" src=\"https:\/\/bceco.cd\/wp-content\/uploads\/2025\/09\/505525819_690125633918781_3082850044156106697_n.jpg\" alt=\"\" class=\"wp-image-55198\" srcset=\"https:\/\/ikar.dev\/bceco-v2\/wp-content\/uploads\/2025\/09\/505525819_690125633918781_3082850044156106697_n.jpg 2048w, https:\/\/ikar.dev\/bceco-v2\/wp-content\/uploads\/2025\/09\/505525819_690125633918781_3082850044156106697_n-768x512.jpg 768w, https:\/\/ikar.dev\/bceco-v2\/wp-content\/uploads\/2025\/09\/505525819_690125633918781_3082850044156106697_n-1536x1025.jpg 1536w, https:\/\/ikar.dev\/bceco-v2\/wp-content\/uploads\/2025\/09\/505525819_690125633918781_3082850044156106697_n-600x400.jpg 600w\" sizes=\"(max-width: 2048px) 100vw, 2048px\" \/><\/figure>\n\n\n\n<p class=\"has-text-align-justify\">Tr\u00e8s \u00e9mus, ses habitants ont eu les mots justes pour remercier le Directeur G\u00e9n\u00e9ral du BCECO pour son leadership \u00e9clair\u00e9 et ont \u00e9mis le voeu de voir la Construction de cette derni\u00e8re qu&#8217;ils qualifient de la route de tous les espoirs<br>&#8221; Nous remercions premi\u00e8rement le Directeur G\u00e9n\u00e9ral du Bceco d&#8217;avoir fait le d\u00e9placement jusqu&#8217;ici et comptons beaucoup sur le Bceco pour voir notre r\u00eave \u00eatre enfin r\u00e9alise&#8221; a conclu une habitante du coin &#8220;<\/p>\n\n\n\n<p class=\"has-text-align-justify\">Au terme de tout, des applaudissements nourris ont cl\u00f4tur\u00e9 et scell\u00e9 l&#8217;Alliance qui d\u00e9sormais unit le Bceco et la population du quartier Bianda.<\/p>\n\t\t\t\t\t\t\t\t<\/div>\n\t\t\t\t\t<\/div>\n\t\t<\/div>\n\t\t\t\t\t<\/div>\n\t\t<\/section>\n\t\t\t\t<section class=\"elementor-section elementor-top-section elementor-element elementor-element-17a7f74 elementor-section-boxed elementor-section-height-default elementor-section-height-default\" data-id=\"17a7f74\" data-element_type=\"section\">\n\t\t\t\t\t\t<div class=\"elementor-container elementor-column-gap-default\">\n\t\t\t\t\t<div class=\"elementor-column elementor-col-100 elementor-top-column elementor-element elementor-element-5195ad1\" data-id=\"5195ad1\" data-element_type=\"column\">\n\t\t\t<div class=\"elementor-widget-wrap elementor-element-populated\">\n\t\t\t\t\t\t<div class=\"elementor-element elementor-element-41bd4ef elementor-widget elementor-widget-video\" data-id=\"41bd4ef\" data-element_type=\"widget\" data-settings=\"{&quot;youtube_url&quot;:&quot;https:\\\/\\\/youtu.be\\\/l3BAPS1gB38?si=FNeqepYV1raprrD0&quot;,&quot;autoplay&quot;:&quot;yes&quot;,&quot;video_type&quot;:&quot;youtube&quot;,&quot;controls&quot;:&quot;yes&quot;}\" data-widget_type=\"video.default\">\n\t\t\t\t\t\t\t<div class=\"elementor-wrapper elementor-open-inline\">\n\t\t\t<div class=\"elementor-video\"><\/div>\t\t<\/div>\n\t\t\t\t\t\t<\/div>\n\t\t\t\t\t<\/div>\n\t\t<\/div>\n\t\t\t\t\t<\/div>\n\t\t<\/section>\n\t\t\t\t<section class=\"elementor-section elementor-top-section elementor-element elementor-element-74d561b elementor-section-boxed elementor-section-height-default elementor-section-height-default\" data-id=\"74d561b\" data-element_type=\"section\">\n\t\t\t\t\t\t<div class=\"elementor-container elementor-column-gap-default\">\n\t\t\t\t\t<div class=\"elementor-column elementor-col-100 elementor-top-column elementor-element elementor-element-200d89c\" data-id=\"200d89c\" data-element_type=\"column\">\n\t\t\t<div class=\"elementor-widget-wrap elementor-element-populated\">\n\t\t\t\t\t\t<div class=\"elementor-element elementor-element-c2b1489 elementor-arrows-position-inside elementor-widget elementor-widget-image-carousel\" data-id=\"c2b1489\" data-element_type=\"widget\" data-settings=\"{&quot;slides_to_show&quot;:&quot;1&quot;,&quot;navigation&quot;:&quot;arrows&quot;,&quot;autoplay&quot;:&quot;yes&quot;,&quot;pause_on_hover&quot;:&quot;yes&quot;,&quot;pause_on_interaction&quot;:&quot;yes&quot;,&quot;autoplay_speed&quot;:5000,&quot;infinite&quot;:&quot;yes&quot;,&quot;effect&quot;:&quot;slide&quot;,&quot;speed&quot;:500}\" data-widget_type=\"image-carousel.default\">\n\t\t\t\t\t\t\t<div class=\"elementor-image-carousel-wrapper swiper\" role=\"region\" aria-roledescription=\"carousel\" aria-label=\"Carrousel d\u2019images\" dir=\"ltr\">\n\t\t\t<div class=\"elementor-image-carousel swiper-wrapper\" aria-live=\"off\">\n\t\t\t\t\t\t\t\t<div class=\"swiper-slide\" role=\"group\" aria-roledescription=\"slide\" aria-label=\"1 of 9\"><figure class=\"swiper-slide-inner\"><img decoding=\"async\" class=\"swiper-slide-image\" src=\"https:\/\/ikar.dev\/bceco-v2\/wp-content\/uploads\/2025\/09\/505361834_690125467252131_6151631641280086463_n.jpg\" alt=\"505361834_690125467252131_6151631641280086463_n\" \/><\/figure><\/div><div class=\"swiper-slide\" role=\"group\" aria-roledescription=\"slide\" aria-label=\"2 of 9\"><figure class=\"swiper-slide-inner\"><img decoding=\"async\" class=\"swiper-slide-image\" src=\"https:\/\/ikar.dev\/bceco-v2\/wp-content\/uploads\/2025\/09\/505918624_690125460585465_7867213105071071085_n.jpg\" alt=\"505918624_690125460585465_7867213105071071085_n\" \/><\/figure><\/div><div class=\"swiper-slide\" role=\"group\" aria-roledescription=\"slide\" aria-label=\"3 of 9\"><figure class=\"swiper-slide-inner\"><img decoding=\"async\" class=\"swiper-slide-image\" src=\"https:\/\/ikar.dev\/bceco-v2\/wp-content\/uploads\/2025\/09\/505848618_690125603918784_7197997095928245361_n.jpg\" alt=\"505848618_690125603918784_7197997095928245361_n\" \/><\/figure><\/div><div class=\"swiper-slide\" role=\"group\" aria-roledescription=\"slide\" aria-label=\"4 of 9\"><figure class=\"swiper-slide-inner\"><img decoding=\"async\" class=\"swiper-slide-image\" src=\"https:\/\/ikar.dev\/bceco-v2\/wp-content\/uploads\/2025\/09\/506821230_690125537252124_6575601106815550481_n.jpg\" alt=\"506821230_690125537252124_6575601106815550481_n\" \/><\/figure><\/div><div class=\"swiper-slide\" role=\"group\" aria-roledescription=\"slide\" aria-label=\"5 of 9\"><figure class=\"swiper-slide-inner\"><img decoding=\"async\" class=\"swiper-slide-image\" src=\"https:\/\/ikar.dev\/bceco-v2\/wp-content\/uploads\/2025\/09\/506504795_690125653918779_1887027702593459573_n.jpg\" alt=\"506504795_690125653918779_1887027702593459573_n\" \/><\/figure><\/div><div class=\"swiper-slide\" role=\"group\" aria-roledescription=\"slide\" aria-label=\"6 of 9\"><figure class=\"swiper-slide-inner\"><img decoding=\"async\" class=\"swiper-slide-image\" src=\"https:\/\/ikar.dev\/bceco-v2\/wp-content\/uploads\/2025\/09\/506100022_690125710585440_3671686420580579997_n.jpg\" alt=\"506100022_690125710585440_3671686420580579997_n\" \/><\/figure><\/div><div class=\"swiper-slide\" role=\"group\" aria-roledescription=\"slide\" aria-label=\"7 of 9\"><figure class=\"swiper-slide-inner\"><img decoding=\"async\" class=\"swiper-slide-image\" src=\"https:\/\/ikar.dev\/bceco-v2\/wp-content\/uploads\/2025\/09\/506180865_690125587252119_1601265274943043458_n.jpg\" alt=\"506180865_690125587252119_1601265274943043458_n\" \/><\/figure><\/div><div class=\"swiper-slide\" role=\"group\" aria-roledescription=\"slide\" aria-label=\"8 of 9\"><figure class=\"swiper-slide-inner\"><img decoding=\"async\" class=\"swiper-slide-image\" src=\"https:\/\/ikar.dev\/bceco-v2\/wp-content\/uploads\/2025\/09\/505525819_690125633918781_3082850044156106697_n.jpg\" alt=\"505525819_690125633918781_3082850044156106697_n\" \/><\/figure><\/div><div class=\"swiper-slide\" role=\"group\" aria-roledescription=\"slide\" aria-label=\"9 of 9\"><figure class=\"swiper-slide-inner\"><img decoding=\"async\" class=\"swiper-slide-image\" src=\"https:\/\/ikar.dev\/bceco-v2\/wp-content\/uploads\/2025\/09\/505603765_690125517252126_6730425562605326856_n.jpg\" alt=\"505603765_690125517252126_6730425562605326856_n\" \/><\/figure><\/div>\t\t\t<\/div>\n\t\t\t\t\t\t\t\t\t\t\t\t<div class=\"elementor-swiper-button elementor-swiper-button-prev\" role=\"button\" tabindex=\"0\">\n\t\t\t\t\t\t<svg aria-hidden=\"true\" class=\"e-font-icon-svg e-eicon-chevron-left\" viewBox=\"0 0 1000 1000\" xmlns=\"http:\/\/www.w3.org\/2000\/svg\"><path d=\"M646 125C629 125 613 133 604 142L308 442C296 454 292 471 292 487 292 504 296 521 308 533L604 854C617 867 629 875 646 875 663 875 679 871 692 858 704 846 713 829 713 812 713 796 708 779 692 767L438 487 692 225C700 217 708 204 708 187 708 171 704 154 692 142 675 129 663 125 646 125Z\"><\/path><\/svg>\t\t\t\t\t<\/div>\n\t\t\t\t\t<div class=\"elementor-swiper-button elementor-swiper-button-next\" role=\"button\" tabindex=\"0\">\n\t\t\t\t\t\t<svg aria-hidden=\"true\" class=\"e-font-icon-svg e-eicon-chevron-right\" viewBox=\"0 0 1000 1000\" xmlns=\"http:\/\/www.w3.org\/2000\/svg\"><path d=\"M696 533C708 521 713 504 713 487 713 471 708 454 696 446L400 146C388 133 375 125 354 125 338 125 325 129 313 142 300 154 292 171 292 187 292 204 296 221 308 233L563 492 304 771C292 783 288 800 288 817 288 833 296 850 308 863 321 871 338 875 354 875 371 875 388 867 400 854L696 533Z\"><\/path><\/svg>\t\t\t\t\t<\/div>\n\t\t\t\t\n\t\t\t\t\t\t\t\t\t<\/div>\n\t\t\t\t\t\t<\/div>\n\t\t\t\t\t<\/div>\n\t\t<\/div>\n\t\t\t\t\t<\/div>\n\t\t<\/section>\n\t\t\t\t<\/div>\n\t\t","protected":false},"excerpt":{"rendered":"<p>Les habitants du quartier Bianda dans la commune de Mont- Ngafula vont bient\u00f4t pousser un ouf de soulagement. C&#8217;est ce qui ressort de la visite du Directeur G\u00e9n\u00e9ral du Bureau Central de Coordination BCECO, venu annoncer la bonne nouvelle \u00e0 la population de ce coin de la capitale, regroup\u00e9e au sein de l&#8217;Union des R\u00e9sidants<\/p>\n","protected":false},"author":1,"featured_media":55199,"comment_status":"open","ping_status":"open","sticky":false,"template":"","format":"standard","meta":{"footnotes":""},"categories":[69,62,63],"tags":[],"class_list":["post-55195","post","type-post","status-publish","format-standard","has-post-thumbnail","hentry","category-actualites","category-developpement","category-infrastructures"],"yoast_head":"<!-- This site is optimized with the Yoast SEO plugin v26.7 - https:\/\/yoast.com\/wordpress\/plugins\/seo\/ -->\n<title>Kinshasa - voirie : la reconstruction de la route Bianda, un enjeu majeur pour la population de ce coin ! - Bureau Central de Coordination<\/title>\n<meta name=\"robots\" content=\"index, follow, max-snippet:-1, max-image-preview:large, max-video-preview:-1\" \/>\n<link rel=\"canonical\" href=\"https:\/\/ikar.dev\/bceco-v2\/kinshasa-voirie-la-reconstruction-de-la-route-bianda-un-enjeu-majeur-pour-la-population-de-ce-coin\/\" \/>\n<meta property=\"og:locale\" content=\"en_US\" \/>\n<meta property=\"og:type\" content=\"article\" \/>\n<meta property=\"og:title\" content=\"Kinshasa - voirie : la reconstruction de la route Bianda, un enjeu majeur pour la population de ce coin ! - Bureau Central de Coordination\" \/>\n<meta property=\"og:description\" content=\"Les habitants du quartier Bianda dans la commune de Mont- Ngafula vont bient\u00f4t pousser un ouf de soulagement. C&#8217;est ce qui ressort de la visite du Directeur G\u00e9n\u00e9ral du Bureau Central de Coordination BCECO, venu annoncer la bonne nouvelle \u00e0 la population de ce coin de la capitale, regroup\u00e9e au sein de l&#8217;Union des R\u00e9sidants\" \/>\n<meta property=\"og:url\" content=\"https:\/\/ikar.dev\/bceco-v2\/kinshasa-voirie-la-reconstruction-de-la-route-bianda-un-enjeu-majeur-pour-la-population-de-ce-coin\/\" \/>\n<meta property=\"og:site_name\" content=\"Bureau Central de Coordination\" \/>\n<meta property=\"article:publisher\" content=\"https:\/\/www.facebook.com\/BCeCoRDC\" \/>\n<meta property=\"article:published_time\" content=\"2025-06-06T15:00:16+00:00\" \/>\n<meta property=\"article:modified_time\" content=\"2025-12-29T17:32:41+00:00\" \/>\n<meta property=\"og:image\" content=\"https:\/\/ikar.dev\/bceco-v2\/wp-content\/uploads\/2025\/09\/505603765_690125517252126_6730425562605326856_n.jpg\" \/>\n\t<meta property=\"og:image:width\" content=\"2048\" \/>\n\t<meta property=\"og:image:height\" content=\"1366\" \/>\n\t<meta property=\"og:image:type\" content=\"image\/jpeg\" \/>\n<meta name=\"author\" content=\"bceco\" \/>\n<meta name=\"twitter:card\" content=\"summary_large_image\" \/>\n<meta name=\"twitter:creator\" content=\"@BCeCoRDC\" \/>\n<meta name=\"twitter:site\" content=\"@BCeCoRDC\" \/>\n<meta name=\"twitter:label1\" content=\"Written by\" \/>\n\t<meta name=\"twitter:data1\" content=\"bceco\" \/>\n\t<meta name=\"twitter:label2\" content=\"Est. reading time\" \/>\n\t<meta name=\"twitter:data2\" content=\"5 minutes\" \/>\n<script type=\"application\/ld+json\" class=\"yoast-schema-graph\">{\"@context\":\"https:\/\/schema.org\",\"@graph\":[{\"@type\":\"Article\",\"@id\":\"https:\/\/ikar.dev\/bceco-v2\/kinshasa-voirie-la-reconstruction-de-la-route-bianda-un-enjeu-majeur-pour-la-population-de-ce-coin\/#article\",\"isPartOf\":{\"@id\":\"https:\/\/ikar.dev\/bceco-v2\/kinshasa-voirie-la-reconstruction-de-la-route-bianda-un-enjeu-majeur-pour-la-population-de-ce-coin\/\"},\"author\":{\"name\":\"bceco\",\"@id\":\"https:\/\/ikar.dev\/bceco-v2\/#\/schema\/person\/6ee74807ffb016a78852fec6a295d503\"},\"headline\":\"Kinshasa &#8211; voirie : la reconstruction de la route Bianda, un enjeu majeur pour la population de ce coin !\",\"datePublished\":\"2025-06-06T15:00:16+00:00\",\"dateModified\":\"2025-12-29T17:32:41+00:00\",\"mainEntityOfPage\":{\"@id\":\"https:\/\/ikar.dev\/bceco-v2\/kinshasa-voirie-la-reconstruction-de-la-route-bianda-un-enjeu-majeur-pour-la-population-de-ce-coin\/\"},\"wordCount\":415,\"commentCount\":0,\"publisher\":{\"@id\":\"https:\/\/ikar.dev\/bceco-v2\/#organization\"},\"image\":{\"@id\":\"https:\/\/ikar.dev\/bceco-v2\/kinshasa-voirie-la-reconstruction-de-la-route-bianda-un-enjeu-majeur-pour-la-population-de-ce-coin\/#primaryimage\"},\"thumbnailUrl\":\"https:\/\/ikar.dev\/bceco-v2\/wp-content\/uploads\/2025\/09\/505603765_690125517252126_6730425562605326856_n.jpg\",\"articleSection\":[\"Actualit\u00e9s\",\"D\u00e9veloppement\",\"Infrastructures\"],\"inLanguage\":\"en-US\",\"potentialAction\":[{\"@type\":\"CommentAction\",\"name\":\"Comment\",\"target\":[\"https:\/\/ikar.dev\/bceco-v2\/kinshasa-voirie-la-reconstruction-de-la-route-bianda-un-enjeu-majeur-pour-la-population-de-ce-coin\/#respond\"]}]},{\"@type\":\"WebPage\",\"@id\":\"https:\/\/ikar.dev\/bceco-v2\/kinshasa-voirie-la-reconstruction-de-la-route-bianda-un-enjeu-majeur-pour-la-population-de-ce-coin\/\",\"url\":\"https:\/\/ikar.dev\/bceco-v2\/kinshasa-voirie-la-reconstruction-de-la-route-bianda-un-enjeu-majeur-pour-la-population-de-ce-coin\/\",\"name\":\"Kinshasa - voirie : la reconstruction de la route Bianda, un enjeu majeur pour la population de ce coin ! - Bureau Central de Coordination\",\"isPartOf\":{\"@id\":\"https:\/\/ikar.dev\/bceco-v2\/#website\"},\"primaryImageOfPage\":{\"@id\":\"https:\/\/ikar.dev\/bceco-v2\/kinshasa-voirie-la-reconstruction-de-la-route-bianda-un-enjeu-majeur-pour-la-population-de-ce-coin\/#primaryimage\"},\"image\":{\"@id\":\"https:\/\/ikar.dev\/bceco-v2\/kinshasa-voirie-la-reconstruction-de-la-route-bianda-un-enjeu-majeur-pour-la-population-de-ce-coin\/#primaryimage\"},\"thumbnailUrl\":\"https:\/\/ikar.dev\/bceco-v2\/wp-content\/uploads\/2025\/09\/505603765_690125517252126_6730425562605326856_n.jpg\",\"datePublished\":\"2025-06-06T15:00:16+00:00\",\"dateModified\":\"2025-12-29T17:32:41+00:00\",\"breadcrumb\":{\"@id\":\"https:\/\/ikar.dev\/bceco-v2\/kinshasa-voirie-la-reconstruction-de-la-route-bianda-un-enjeu-majeur-pour-la-population-de-ce-coin\/#breadcrumb\"},\"inLanguage\":\"en-US\",\"potentialAction\":[{\"@type\":\"ReadAction\",\"target\":[\"https:\/\/ikar.dev\/bceco-v2\/kinshasa-voirie-la-reconstruction-de-la-route-bianda-un-enjeu-majeur-pour-la-population-de-ce-coin\/\"]}]},{\"@type\":\"ImageObject\",\"inLanguage\":\"en-US\",\"@id\":\"https:\/\/ikar.dev\/bceco-v2\/kinshasa-voirie-la-reconstruction-de-la-route-bianda-un-enjeu-majeur-pour-la-population-de-ce-coin\/#primaryimage\",\"url\":\"https:\/\/ikar.dev\/bceco-v2\/wp-content\/uploads\/2025\/09\/505603765_690125517252126_6730425562605326856_n.jpg\",\"contentUrl\":\"https:\/\/ikar.dev\/bceco-v2\/wp-content\/uploads\/2025\/09\/505603765_690125517252126_6730425562605326856_n.jpg\",\"width\":2048,\"height\":1366},{\"@type\":\"BreadcrumbList\",\"@id\":\"https:\/\/ikar.dev\/bceco-v2\/kinshasa-voirie-la-reconstruction-de-la-route-bianda-un-enjeu-majeur-pour-la-population-de-ce-coin\/#breadcrumb\",\"itemListElement\":[{\"@type\":\"ListItem\",\"position\":1,\"name\":\"Accueil\",\"item\":\"https:\/\/ikar.dev\/bceco-v2\/\"},{\"@type\":\"ListItem\",\"position\":2,\"name\":\"Kinshasa &#8211; voirie : la reconstruction de la route Bianda, un enjeu majeur pour la population de ce coin !\"}]},{\"@type\":\"WebSite\",\"@id\":\"https:\/\/ikar.dev\/bceco-v2\/#website\",\"url\":\"https:\/\/ikar.dev\/bceco-v2\/\",\"name\":\"Bureau Central de Coordination\",\"description\":\"B.Ce.Co \u2013 Au c\u0153ur de l\u2019ex\u00e9cution des projets de d\u00e9veloppement en RDC\",\"publisher\":{\"@id\":\"https:\/\/ikar.dev\/bceco-v2\/#organization\"},\"potentialAction\":[{\"@type\":\"SearchAction\",\"target\":{\"@type\":\"EntryPoint\",\"urlTemplate\":\"https:\/\/ikar.dev\/bceco-v2\/?s={search_term_string}\"},\"query-input\":{\"@type\":\"PropertyValueSpecification\",\"valueRequired\":true,\"valueName\":\"search_term_string\"}}],\"inLanguage\":\"en-US\"},{\"@type\":\"Organization\",\"@id\":\"https:\/\/ikar.dev\/bceco-v2\/#organization\",\"name\":\"Bureau Central de Coordination\",\"url\":\"https:\/\/ikar.dev\/bceco-v2\/\",\"logo\":{\"@type\":\"ImageObject\",\"inLanguage\":\"en-US\",\"@id\":\"https:\/\/ikar.dev\/bceco-v2\/#\/schema\/logo\/image\/\",\"url\":\"https:\/\/ikar.dev\/bceco-v2\/wp-content\/uploads\/2025\/12\/BCECO-Bureau-Central-de-Coordination.jpg\",\"contentUrl\":\"https:\/\/ikar.dev\/bceco-v2\/wp-content\/uploads\/2025\/12\/BCECO-Bureau-Central-de-Coordination.jpg\",\"width\":2048,\"height\":2048,\"caption\":\"Bureau Central de Coordination\"},\"image\":{\"@id\":\"https:\/\/ikar.dev\/bceco-v2\/#\/schema\/logo\/image\/\"},\"sameAs\":[\"https:\/\/www.facebook.com\/BCeCoRDC\",\"https:\/\/x.com\/BCeCoRDC\"]},{\"@type\":\"Person\",\"@id\":\"https:\/\/ikar.dev\/bceco-v2\/#\/schema\/person\/6ee74807ffb016a78852fec6a295d503\",\"name\":\"bceco\",\"image\":{\"@type\":\"ImageObject\",\"inLanguage\":\"en-US\",\"@id\":\"https:\/\/ikar.dev\/bceco-v2\/#\/schema\/person\/image\/\",\"url\":\"https:\/\/secure.gravatar.com\/avatar\/55c07e1707f50774ef3c842c9d074773a6b558a20fbd1608c8e4871bc88f3455?s=96&d=mm&r=g\",\"contentUrl\":\"https:\/\/secure.gravatar.com\/avatar\/55c07e1707f50774ef3c842c9d074773a6b558a20fbd1608c8e4871bc88f3455?s=96&d=mm&r=g\",\"caption\":\"bceco\"},\"sameAs\":[\"https:\/\/ikar.dev\/bceco-v2\"],\"url\":\"https:\/\/ikar.dev\/bceco-v2\/author\/bceco\/\"}]}<\/script>\n<!-- \/ Yoast SEO plugin. -->","yoast_head_json":{"title":"Kinshasa - voirie : la reconstruction de la route Bianda, un enjeu majeur pour la population de ce coin ! - Bureau Central de Coordination","robots":{"index":"index","follow":"follow","max-snippet":"max-snippet:-1","max-image-preview":"max-image-preview:large","max-video-preview":"max-video-preview:-1"},"canonical":"https:\/\/ikar.dev\/bceco-v2\/kinshasa-voirie-la-reconstruction-de-la-route-bianda-un-enjeu-majeur-pour-la-population-de-ce-coin\/","og_locale":"en_US","og_type":"article","og_title":"Kinshasa - voirie : la reconstruction de la route Bianda, un enjeu majeur pour la population de ce coin ! - Bureau Central de Coordination","og_description":"Les habitants du quartier Bianda dans la commune de Mont- Ngafula vont bient\u00f4t pousser un ouf de soulagement. C&#8217;est ce qui ressort de la visite du Directeur G\u00e9n\u00e9ral du Bureau Central de Coordination BCECO, venu annoncer la bonne nouvelle \u00e0 la population de ce coin de la capitale, regroup\u00e9e au sein de l&#8217;Union des R\u00e9sidants","og_url":"https:\/\/ikar.dev\/bceco-v2\/kinshasa-voirie-la-reconstruction-de-la-route-bianda-un-enjeu-majeur-pour-la-population-de-ce-coin\/","og_site_name":"Bureau Central de Coordination","article_publisher":"https:\/\/www.facebook.com\/BCeCoRDC","article_published_time":"2025-06-06T15:00:16+00:00","article_modified_time":"2025-12-29T17:32:41+00:00","og_image":[{"width":2048,"height":1366,"url":"https:\/\/ikar.dev\/bceco-v2\/wp-content\/uploads\/2025\/09\/505603765_690125517252126_6730425562605326856_n.jpg","type":"image\/jpeg"}],"author":"bceco","twitter_card":"summary_large_image","twitter_creator":"@BCeCoRDC","twitter_site":"@BCeCoRDC","twitter_misc":{"Written by":"bceco","Est. reading time":"5 minutes"},"schema":{"@context":"https:\/\/schema.org","@graph":[{"@type":"Article","@id":"https:\/\/ikar.dev\/bceco-v2\/kinshasa-voirie-la-reconstruction-de-la-route-bianda-un-enjeu-majeur-pour-la-population-de-ce-coin\/#article","isPartOf":{"@id":"https:\/\/ikar.dev\/bceco-v2\/kinshasa-voirie-la-reconstruction-de-la-route-bianda-un-enjeu-majeur-pour-la-population-de-ce-coin\/"},"author":{"name":"bceco","@id":"https:\/\/ikar.dev\/bceco-v2\/#\/schema\/person\/6ee74807ffb016a78852fec6a295d503"},"headline":"Kinshasa &#8211; voirie : la reconstruction de la route Bianda, un enjeu majeur pour la population de ce coin !","datePublished":"2025-06-06T15:00:16+00:00","dateModified":"2025-12-29T17:32:41+00:00","mainEntityOfPage":{"@id":"https:\/\/ikar.dev\/bceco-v2\/kinshasa-voirie-la-reconstruction-de-la-route-bianda-un-enjeu-majeur-pour-la-population-de-ce-coin\/"},"wordCount":415,"commentCount":0,"publisher":{"@id":"https:\/\/ikar.dev\/bceco-v2\/#organization"},"image":{"@id":"https:\/\/ikar.dev\/bceco-v2\/kinshasa-voirie-la-reconstruction-de-la-route-bianda-un-enjeu-majeur-pour-la-population-de-ce-coin\/#primaryimage"},"thumbnailUrl":"https:\/\/ikar.dev\/bceco-v2\/wp-content\/uploads\/2025\/09\/505603765_690125517252126_6730425562605326856_n.jpg","articleSection":["Actualit\u00e9s","D\u00e9veloppement","Infrastructures"],"inLanguage":"en-US","potentialAction":[{"@type":"CommentAction","name":"Comment","target":["https:\/\/ikar.dev\/bceco-v2\/kinshasa-voirie-la-reconstruction-de-la-route-bianda-un-enjeu-majeur-pour-la-population-de-ce-coin\/#respond"]}]},{"@type":"WebPage","@id":"https:\/\/ikar.dev\/bceco-v2\/kinshasa-voirie-la-reconstruction-de-la-route-bianda-un-enjeu-majeur-pour-la-population-de-ce-coin\/","url":"https:\/\/ikar.dev\/bceco-v2\/kinshasa-voirie-la-reconstruction-de-la-route-bianda-un-enjeu-majeur-pour-la-population-de-ce-coin\/","name":"Kinshasa - voirie : la reconstruction de la route Bianda, un enjeu majeur pour la population de ce coin ! - Bureau Central de Coordination","isPartOf":{"@id":"https:\/\/ikar.dev\/bceco-v2\/#website"},"primaryImageOfPage":{"@id":"https:\/\/ikar.dev\/bceco-v2\/kinshasa-voirie-la-reconstruction-de-la-route-bianda-un-enjeu-majeur-pour-la-population-de-ce-coin\/#primaryimage"},"image":{"@id":"https:\/\/ikar.dev\/bceco-v2\/kinshasa-voirie-la-reconstruction-de-la-route-bianda-un-enjeu-majeur-pour-la-population-de-ce-coin\/#primaryimage"},"thumbnailUrl":"https:\/\/ikar.dev\/bceco-v2\/wp-content\/uploads\/2025\/09\/505603765_690125517252126_6730425562605326856_n.jpg","datePublished":"2025-06-06T15:00:16+00:00","dateModified":"2025-12-29T17:32:41+00:00","breadcrumb":{"@id":"https:\/\/ikar.dev\/bceco-v2\/kinshasa-voirie-la-reconstruction-de-la-route-bianda-un-enjeu-majeur-pour-la-population-de-ce-coin\/#breadcrumb"},"inLanguage":"en-US","potentialAction":[{"@type":"ReadAction","target":["https:\/\/ikar.dev\/bceco-v2\/kinshasa-voirie-la-reconstruction-de-la-route-bianda-un-enjeu-majeur-pour-la-population-de-ce-coin\/"]}]},{"@type":"ImageObject","inLanguage":"en-US","@id":"https:\/\/ikar.dev\/bceco-v2\/kinshasa-voirie-la-reconstruction-de-la-route-bianda-un-enjeu-majeur-pour-la-population-de-ce-coin\/#primaryimage","url":"https:\/\/ikar.dev\/bceco-v2\/wp-content\/uploads\/2025\/09\/505603765_690125517252126_6730425562605326856_n.jpg","contentUrl":"https:\/\/ikar.dev\/bceco-v2\/wp-content\/uploads\/2025\/09\/505603765_690125517252126_6730425562605326856_n.jpg","width":2048,"height":1366},{"@type":"BreadcrumbList","@id":"https:\/\/ikar.dev\/bceco-v2\/kinshasa-voirie-la-reconstruction-de-la-route-bianda-un-enjeu-majeur-pour-la-population-de-ce-coin\/#breadcrumb","itemListElement":[{"@type":"ListItem","position":1,"name":"Accueil","item":"https:\/\/ikar.dev\/bceco-v2\/"},{"@type":"ListItem","position":2,"name":"Kinshasa &#8211; voirie : la reconstruction de la route Bianda, un enjeu majeur pour la population de ce coin !"}]},{"@type":"WebSite","@id":"https:\/\/ikar.dev\/bceco-v2\/#website","url":"https:\/\/ikar.dev\/bceco-v2\/","name":"Bureau Central de Coordination","description":"B.Ce.Co \u2013 Au c\u0153ur de l\u2019ex\u00e9cution des projets de d\u00e9veloppement en RDC","publisher":{"@id":"https:\/\/ikar.dev\/bceco-v2\/#organization"},"potentialAction":[{"@type":"SearchAction","target":{"@type":"EntryPoint","urlTemplate":"https:\/\/ikar.dev\/bceco-v2\/?s={search_term_string}"},"query-input":{"@type":"PropertyValueSpecification","valueRequired":true,"valueName":"search_term_string"}}],"inLanguage":"en-US"},{"@type":"Organization","@id":"https:\/\/ikar.dev\/bceco-v2\/#organization","name":"Bureau Central de Coordination","url":"https:\/\/ikar.dev\/bceco-v2\/","logo":{"@type":"ImageObject","inLanguage":"en-US","@id":"https:\/\/ikar.dev\/bceco-v2\/#\/schema\/logo\/image\/","url":"https:\/\/ikar.dev\/bceco-v2\/wp-content\/uploads\/2025\/12\/BCECO-Bureau-Central-de-Coordination.jpg","contentUrl":"https:\/\/ikar.dev\/bceco-v2\/wp-content\/uploads\/2025\/12\/BCECO-Bureau-Central-de-Coordination.jpg","width":2048,"height":2048,"caption":"Bureau Central de Coordination"},"image":{"@id":"https:\/\/ikar.dev\/bceco-v2\/#\/schema\/logo\/image\/"},"sameAs":["https:\/\/www.facebook.com\/BCeCoRDC","https:\/\/x.com\/BCeCoRDC"]},{"@type":"Person","@id":"https:\/\/ikar.dev\/bceco-v2\/#\/schema\/person\/6ee74807ffb016a78852fec6a295d503","name":"bceco","image":{"@type":"ImageObject","inLanguage":"en-US","@id":"https:\/\/ikar.dev\/bceco-v2\/#\/schema\/person\/image\/","url":"https:\/\/secure.gravatar.com\/avatar\/55c07e1707f50774ef3c842c9d074773a6b558a20fbd1608c8e4871bc88f3455?s=96&d=mm&r=g","contentUrl":"https:\/\/secure.gravatar.com\/avatar\/55c07e1707f50774ef3c842c9d074773a6b558a20fbd1608c8e4871bc88f3455?s=96&d=mm&r=g","caption":"bceco"},"sameAs":["https:\/\/ikar.dev\/bceco-v2"],"url":"https:\/\/ikar.dev\/bceco-v2\/author\/bceco\/"}]}},"_links":{"self":[{"href":"https:\/\/ikar.dev\/bceco-v2\/wp-json\/wp\/v2\/posts\/55195","targetHints":{"allow":["GET"]}}],"collection":[{"href":"https:\/\/ikar.dev\/bceco-v2\/wp-json\/wp\/v2\/posts"}],"about":[{"href":"https:\/\/ikar.dev\/bceco-v2\/wp-json\/wp\/v2\/types\/post"}],"author":[{"embeddable":true,"href":"https:\/\/ikar.dev\/bceco-v2\/wp-json\/wp\/v2\/users\/1"}],"replies":[{"embeddable":true,"href":"https:\/\/ikar.dev\/bceco-v2\/wp-json\/wp\/v2\/comments?post=55195"}],"version-history":[{"count":4,"href":"https:\/\/ikar.dev\/bceco-v2\/wp-json\/wp\/v2\/posts\/55195\/revisions"}],"predecessor-version":[{"id":56466,"href":"https:\/\/ikar.dev\/bceco-v2\/wp-json\/wp\/v2\/posts\/55195\/revisions\/56466"}],"wp:featuredmedia":[{"embeddable":true,"href":"https:\/\/ikar.dev\/bceco-v2\/wp-json\/wp\/v2\/media\/55199"}],"wp:attachment":[{"href":"https:\/\/ikar.dev\/bceco-v2\/wp-json\/wp\/v2\/media?parent=55195"}],"wp:term":[{"taxonomy":"category","embeddable":true,"href":"https:\/\/ikar.dev\/bceco-v2\/wp-json\/wp\/v2\/categories?post=55195"},{"taxonomy":"post_tag","embeddable":true,"href":"https:\/\/ikar.dev\/bceco-v2\/wp-json\/wp\/v2\/tags?post=55195"}],"curies":[{"name":"wp","href":"https:\/\/api.w.org\/{rel}","templated":true}]}}