{"id":55033,"date":"2025-09-05T18:56:20","date_gmt":"2025-09-05T18:56:20","guid":{"rendered":"https:\/\/bceco.cd\/?p=55033"},"modified":"2025-12-23T17:21:07","modified_gmt":"2025-12-23T16:21:07","slug":"voirie-urbaine-de-kisangani-le-ministre-des-itp-satisfait-de-levolution-des-travaux","status":"publish","type":"post","link":"https:\/\/ikar.dev\/bceco-v2\/voirie-urbaine-de-kisangani-le-ministre-des-itp-satisfait-de-levolution-des-travaux\/","title":{"rendered":"Voirie urbaine de Kisangani : Le ministre des ITP satisfait de l&#8217;\u00e9volution des travaux !"},"content":{"rendered":"\t\t<div data-elementor-type=\"wp-post\" data-elementor-id=\"55033\" class=\"elementor elementor-55033\" data-elementor-post-type=\"post\">\n\t\t\t\t\t\t<section class=\"elementor-section elementor-top-section elementor-element elementor-element-2a3f5d10 elementor-section-boxed elementor-section-height-default elementor-section-height-default\" data-id=\"2a3f5d10\" data-element_type=\"section\" data-e-type=\"section\">\n\t\t\t\t\t\t<div class=\"elementor-container elementor-column-gap-default\">\n\t\t\t\t\t<div class=\"elementor-column elementor-col-100 elementor-top-column elementor-element elementor-element-1c931cde\" data-id=\"1c931cde\" data-element_type=\"column\" data-e-type=\"column\">\n\t\t\t<div class=\"elementor-widget-wrap elementor-element-populated\">\n\t\t\t\t\t\t<div class=\"elementor-element elementor-element-3b1a6465 elementor-widget elementor-widget-text-editor\" data-id=\"3b1a6465\" data-element_type=\"widget\" data-e-type=\"widget\" data-widget_type=\"text-editor.default\">\n\t\t\t\t\t\t\t\t\t\n<p class=\"has-text-align-justify\">Le nouveau Ministre des Infrastructures et Travaux Publics, Son Excellence Monsieur John Banza et le Directeur G\u00e9n\u00e9ral du Bureau Central de Coordination Monsieur Jean Mabi Mulumba, ont effectu\u00e9 du 1 au 4 ao\u00fbt 2025 une visite de travail dans la province de la Tshopo et plus pr\u00e9cis\u00e9ment dans la ville de Kisangani. C&#8217;est dans le soucis de s&#8217;impr\u00e9gner des r\u00e9alit\u00e9s de son minist\u00e8re que le nouveau patron des ITP a visit\u00e9 divers chantiers pour la r\u00e9habilitation et la modernisation de 88 km de la voirie urbaine dans la ville de Kisangani. Cette visite a commenc\u00e9 sur le boulevard Kitima dans la commune de Makiso o\u00f9 l&#8217;ex\u00e9cution des travaux est \u00e0 pr\u00e8s de 95%, ensuite la d\u00e9l\u00e9gation est pass\u00e9e par l&#8217;avenue du 4 janvier toujours \u00e0 Makiso. Sur cette derni\u00e8re tous les travaux sont termin\u00e9s.<br>La route est d\u00e9j\u00e0 ouverte au trafic alors que quelques r\u00e9am\u00e9nagements se poursuivent.<br>Le boulevard de l&#8217;Espagne n&#8217;\u00e9tait pas en reste, ici la pose de la couche de base est entam\u00e9e et se poursuit sans d\u00e9sempar\u00e9e, avant de chuter sur l&#8217;avenue Kasanda au quartier des musiciens o\u00f9 l&#8217;on assiste \u00e9galement \u00e0 la pose de la couche de base.<\/p>\n\n\n\n<figure class=\"wp-block-image size-full\"><img decoding=\"async\" src=\"https:\/\/bceco.cd\/wp-content\/uploads\/2025\/09\/IMG_6597.jpg\" alt=\"\" class=\"wp-image-55040\"\/><\/figure>\n\n\n\n<p class=\"has-text-align-justify\">10 mois apr\u00e8s le lancement des travaux, la ville de Kisangani pr\u00e9sente un paysage en pleine mutation.<br>Kisangani, ville martyre rev\u00eat un visage \u00e9clatant vue la transformation chirurgicale qu&#8217;elle subit jour apr\u00e8s jour.<\/p>\n\n\n\n<p class=\"has-text-align-justify\">\u00c0 titre de rappel, l&#8217;on se souviendra que ces travaux, totalement financ\u00e9s par le Tr\u00e9sor Public, avaient \u00e9t\u00e9 lanc\u00e9s le 24 octobre 2024 par le Chef de l&#8217;Etat, Son Excellence Monsieur F\u00e9lix Antoine Tshisekedi Tshilombo.<\/p>\n\n\n\n<figure class=\"wp-block-image size-full\"><img decoding=\"async\" src=\"https:\/\/bceco.cd\/wp-content\/uploads\/2025\/09\/IMG_6590.jpg\" alt=\"\" class=\"wp-image-55036\"\/><\/figure>\n\n\n\n<p class=\"has-text-align-justify\">Dans plusieurs communes comme \u00e0 Makiso, l&#8217;impact des travaux est visible. Satisfecit des riverains qui n&#8217;ont pas h\u00e9sit\u00e9 \u00e0 exprimer leur joie.<br>Madame Marie Makiese : &#8221; \u00c0 cet endroit, i&#8217; y&#8217;avait un grand trou qui ne permettait pas une bonne circulation, en plus quand il pleuvoir, l&#8217;eau de pluie Inondait nos maisons mais aujourd&#8217;hui nous sommes heureux de voir ce qui est fait Ici &#8220;<\/p>\n\n\n\n<figure class=\"wp-block-image size-full\"><img decoding=\"async\" src=\"https:\/\/bceco.cd\/wp-content\/uploads\/2025\/09\/IMG_6610.jpg\" alt=\"\" class=\"wp-image-55045\"\/><\/figure>\n\n\n\n<p class=\"has-text-align-justify\">Sous la conduite du Directeur G\u00e9n\u00e9ral du BCeCo, et durant plus de 2heures ,le Ministre des ITP et sa suite ont parcouru diff\u00e9rents axes routiers sous tutelle BCECO et partout o\u00f9 ils sont pass\u00e9s, le Ministre a re\u00e7u des explications claires sur ce qui se fait.<\/p>\n\n\n\n<figure class=\"wp-block-image size-full\"><img decoding=\"async\" src=\"https:\/\/bceco.cd\/wp-content\/uploads\/2025\/09\/IMG_6591.jpg\" alt=\"\" class=\"wp-image-55037\"\/><\/figure>\n\n\n\n<p class=\"has-text-align-justify\">Il convient de signaler que plusieurs membres du Gouvernent Provincial, des D\u00e9put\u00e9s nationaux et Provinciaux ont particip\u00e9 \u00e0 cette descente&nbsp;sur&nbsp;le&nbsp;terrain.<\/p>\n\t\t\t\t\t\t\t\t<\/div>\n\t\t\t\t\t<\/div>\n\t\t<\/div>\n\t\t\t\t\t<\/div>\n\t\t<\/section>\n\t\t\t\t<section class=\"elementor-section elementor-top-section elementor-element elementor-element-3d10efe elementor-section-boxed elementor-section-height-default elementor-section-height-default\" data-id=\"3d10efe\" data-element_type=\"section\" data-e-type=\"section\">\n\t\t\t\t\t\t<div class=\"elementor-container elementor-column-gap-default\">\n\t\t\t\t\t<div class=\"elementor-column elementor-col-50 elementor-top-column elementor-element elementor-element-2319f25\" data-id=\"2319f25\" data-element_type=\"column\" data-e-type=\"column\">\n\t\t\t<div class=\"elementor-widget-wrap elementor-element-populated\">\n\t\t\t\t\t\t<div class=\"elementor-element elementor-element-1244cf7 elementor-widget__width-initial elementor-widget elementor-widget-video\" data-id=\"1244cf7\" data-element_type=\"widget\" data-e-type=\"widget\" data-settings=\"{&quot;youtube_url&quot;:&quot;https:\\\/\\\/youtu.be\\\/vCKayFlA5fk?si=r5D72TnWVe_s25wt&quot;,&quot;start&quot;:12,&quot;autoplay&quot;:&quot;yes&quot;,&quot;video_type&quot;:&quot;youtube&quot;,&quot;controls&quot;:&quot;yes&quot;}\" data-widget_type=\"video.default\">\n\t\t\t\t\t\t\t<div class=\"elementor-wrapper elementor-open-inline\">\n\t\t\t<div class=\"elementor-video\"><\/div>\t\t<\/div>\n\t\t\t\t\t\t<\/div>\n\t\t\t\t\t<\/div>\n\t\t<\/div>\n\t\t\t\t<div class=\"elementor-column elementor-col-50 elementor-top-column elementor-element elementor-element-cc6a3b9\" data-id=\"cc6a3b9\" data-element_type=\"column\" data-e-type=\"column\">\n\t\t\t<div class=\"elementor-widget-wrap elementor-element-populated\">\n\t\t\t\t\t\t<div class=\"elementor-element elementor-element-2b3e05c elementor-arrows-position-inside elementor-pagination-position-outside elementor-widget elementor-widget-image-carousel\" data-id=\"2b3e05c\" data-element_type=\"widget\" data-e-type=\"widget\" data-settings=\"{&quot;slides_to_show&quot;:&quot;1&quot;,&quot;navigation&quot;:&quot;both&quot;,&quot;autoplay&quot;:&quot;yes&quot;,&quot;pause_on_hover&quot;:&quot;yes&quot;,&quot;pause_on_interaction&quot;:&quot;yes&quot;,&quot;autoplay_speed&quot;:5000,&quot;infinite&quot;:&quot;yes&quot;,&quot;effect&quot;:&quot;slide&quot;,&quot;speed&quot;:500}\" data-widget_type=\"image-carousel.default\">\n\t\t\t\t\t\t\t<div class=\"elementor-image-carousel-wrapper swiper\" role=\"region\" aria-roledescription=\"carousel\" aria-label=\"Image Carousel\" dir=\"ltr\">\n\t\t\t<div class=\"elementor-image-carousel swiper-wrapper\" aria-live=\"off\">\n\t\t\t\t\t\t\t\t<div class=\"swiper-slide\" role=\"group\" aria-roledescription=\"slide\" aria-label=\"1 of 11\"><figure class=\"swiper-slide-inner\"><img decoding=\"async\" class=\"swiper-slide-image\" src=\"https:\/\/ikar.dev\/bceco-v2\/wp-content\/uploads\/2025\/09\/IMG_6598-80x80.jpg\" alt=\"IMG_6598\" \/><\/figure><\/div><div class=\"swiper-slide\" role=\"group\" aria-roledescription=\"slide\" aria-label=\"2 of 11\"><figure class=\"swiper-slide-inner\"><img decoding=\"async\" class=\"swiper-slide-image\" src=\"https:\/\/ikar.dev\/bceco-v2\/wp-content\/uploads\/2025\/09\/IMG_6597-80x80.jpg\" alt=\"IMG_6597\" \/><\/figure><\/div><div class=\"swiper-slide\" role=\"group\" aria-roledescription=\"slide\" aria-label=\"3 of 11\"><figure class=\"swiper-slide-inner\"><img decoding=\"async\" class=\"swiper-slide-image\" src=\"https:\/\/ikar.dev\/bceco-v2\/wp-content\/uploads\/2025\/09\/IMG_6592-80x80.jpg\" alt=\"IMG_6592\" \/><\/figure><\/div><div class=\"swiper-slide\" role=\"group\" aria-roledescription=\"slide\" aria-label=\"4 of 11\"><figure class=\"swiper-slide-inner\"><img decoding=\"async\" class=\"swiper-slide-image\" src=\"https:\/\/ikar.dev\/bceco-v2\/wp-content\/uploads\/2025\/09\/IMG_6591-80x80.jpg\" alt=\"IMG_6591\" \/><\/figure><\/div><div class=\"swiper-slide\" role=\"group\" aria-roledescription=\"slide\" aria-label=\"5 of 11\"><figure class=\"swiper-slide-inner\"><img decoding=\"async\" class=\"swiper-slide-image\" src=\"https:\/\/ikar.dev\/bceco-v2\/wp-content\/uploads\/2025\/09\/IMG_6600-80x80.jpg\" alt=\"IMG_6600\" \/><\/figure><\/div><div class=\"swiper-slide\" role=\"group\" aria-roledescription=\"slide\" aria-label=\"6 of 11\"><figure class=\"swiper-slide-inner\"><img decoding=\"async\" class=\"swiper-slide-image\" src=\"https:\/\/ikar.dev\/bceco-v2\/wp-content\/uploads\/2025\/09\/IMG_6590-80x80.jpg\" alt=\"IMG_6590\" \/><\/figure><\/div><div class=\"swiper-slide\" role=\"group\" aria-roledescription=\"slide\" aria-label=\"7 of 11\"><figure class=\"swiper-slide-inner\"><img decoding=\"async\" class=\"swiper-slide-image\" src=\"https:\/\/ikar.dev\/bceco-v2\/wp-content\/uploads\/2025\/09\/IMG_6595-80x80.jpg\" alt=\"IMG_6595\" \/><\/figure><\/div><div class=\"swiper-slide\" role=\"group\" aria-roledescription=\"slide\" aria-label=\"8 of 11\"><figure class=\"swiper-slide-inner\"><img decoding=\"async\" class=\"swiper-slide-image\" src=\"https:\/\/ikar.dev\/bceco-v2\/wp-content\/uploads\/2025\/09\/IMG_6611-80x80.jpg\" alt=\"IMG_6611\" \/><\/figure><\/div><div class=\"swiper-slide\" role=\"group\" aria-roledescription=\"slide\" aria-label=\"9 of 11\"><figure class=\"swiper-slide-inner\"><img decoding=\"async\" class=\"swiper-slide-image\" src=\"https:\/\/ikar.dev\/bceco-v2\/wp-content\/uploads\/2025\/09\/IMG_6610-80x80.jpg\" alt=\"IMG_6610\" \/><\/figure><\/div><div class=\"swiper-slide\" role=\"group\" aria-roledescription=\"slide\" aria-label=\"10 of 11\"><figure class=\"swiper-slide-inner\"><img decoding=\"async\" class=\"swiper-slide-image\" src=\"https:\/\/ikar.dev\/bceco-v2\/wp-content\/uploads\/2025\/09\/IMG_6609-80x80.jpg\" alt=\"IMG_6609\" \/><\/figure><\/div><div class=\"swiper-slide\" role=\"group\" aria-roledescription=\"slide\" aria-label=\"11 of 11\"><figure class=\"swiper-slide-inner\"><img decoding=\"async\" class=\"swiper-slide-image\" src=\"https:\/\/ikar.dev\/bceco-v2\/wp-content\/uploads\/2025\/09\/IMG_6599-80x80.jpg\" alt=\"IMG_6599\" \/><\/figure><\/div>\t\t\t<\/div>\n\t\t\t\t\t\t\t\t\t\t\t\t<div class=\"elementor-swiper-button elementor-swiper-button-prev\" role=\"button\" tabindex=\"0\">\n\t\t\t\t\t\t<svg aria-hidden=\"true\" class=\"e-font-icon-svg e-eicon-chevron-left\" viewBox=\"0 0 1000 1000\" xmlns=\"http:\/\/www.w3.org\/2000\/svg\"><path d=\"M646 125C629 125 613 133 604 142L308 442C296 454 292 471 292 487 292 504 296 521 308 533L604 854C617 867 629 875 646 875 663 875 679 871 692 858 704 846 713 829 713 812 713 796 708 779 692 767L438 487 692 225C700 217 708 204 708 187 708 171 704 154 692 142 675 129 663 125 646 125Z\"><\/path><\/svg>\t\t\t\t\t<\/div>\n\t\t\t\t\t<div class=\"elementor-swiper-button elementor-swiper-button-next\" role=\"button\" tabindex=\"0\">\n\t\t\t\t\t\t<svg aria-hidden=\"true\" class=\"e-font-icon-svg e-eicon-chevron-right\" viewBox=\"0 0 1000 1000\" xmlns=\"http:\/\/www.w3.org\/2000\/svg\"><path d=\"M696 533C708 521 713 504 713 487 713 471 708 454 696 446L400 146C388 133 375 125 354 125 338 125 325 129 313 142 300 154 292 171 292 187 292 204 296 221 308 233L563 492 304 771C292 783 288 800 288 817 288 833 296 850 308 863 321 871 338 875 354 875 371 875 388 867 400 854L696 533Z\"><\/path><\/svg>\t\t\t\t\t<\/div>\n\t\t\t\t\n\t\t\t\t\t\t\t\t\t<div class=\"swiper-pagination\"><\/div>\n\t\t\t\t\t\t\t\t\t<\/div>\n\t\t\t\t\t\t<\/div>\n\t\t\t\t\t<\/div>\n\t\t<\/div>\n\t\t\t\t\t<\/div>\n\t\t<\/section>\n\t\t\t\t<\/div>\n\t\t","protected":false},"excerpt":{"rendered":"<p>Le nouveau Ministre des Infrastructures et Travaux Publics, Son Excellence Monsieur John Banza et le Directeur G\u00e9n\u00e9ral du Bureau Central de Coordination Monsieur Jean Mabi Mulumba, ont effectu\u00e9 du 1 au 4 ao\u00fbt 2025 une visite de travail dans la province de la Tshopo et plus pr\u00e9cis\u00e9ment dans la ville de Kisangani. C&#8217;est dans le<\/p>\n","protected":false},"author":1,"featured_media":55043,"comment_status":"open","ping_status":"open","sticky":false,"template":"","format":"standard","meta":{"footnotes":""},"categories":[69,62,63],"tags":[73,66,68],"class_list":["post-55033","post","type-post","status-publish","format-standard","has-post-thumbnail","hentry","category-actualites","category-developpement","category-infrastructures","tag-bceco","tag-developpement","tag-infrastructures"],"yoast_head":"<!-- This site is optimized with the Yoast SEO plugin v27.0 - https:\/\/yoast.com\/product\/yoast-seo-wordpress\/ -->\n<title>Voirie urbaine de Kisangani : Le ministre des ITP satisfait de l&#039;\u00e9volution des travaux ! - Bureau Central de Coordination<\/title>\n<meta name=\"description\" content=\"Voirie urbaine de Kisangani : Le ministre des ITP satisfait de l&#039;\u00e9volution des travaux !\" \/>\n<meta name=\"robots\" content=\"index, follow, max-snippet:-1, max-image-preview:large, max-video-preview:-1\" \/>\n<link rel=\"canonical\" href=\"https:\/\/ikar.dev\/bceco-v2\/voirie-urbaine-de-kisangani-le-ministre-des-itp-satisfait-de-levolution-des-travaux\/\" \/>\n<meta property=\"og:locale\" content=\"en_US\" \/>\n<meta property=\"og:type\" content=\"article\" \/>\n<meta property=\"og:title\" content=\"Voirie urbaine de Kisangani : Le ministre des ITP satisfait de l&#039;\u00e9volution des travaux ! - Bureau Central de Coordination\" \/>\n<meta property=\"og:description\" content=\"Voirie urbaine de Kisangani : Le ministre des ITP satisfait de l&#039;\u00e9volution des travaux !\" \/>\n<meta property=\"og:url\" content=\"https:\/\/ikar.dev\/bceco-v2\/voirie-urbaine-de-kisangani-le-ministre-des-itp-satisfait-de-levolution-des-travaux\/\" \/>\n<meta property=\"og:site_name\" content=\"Bureau Central de Coordination\" \/>\n<meta property=\"article:publisher\" content=\"https:\/\/www.facebook.com\/BCeCoRDC\" \/>\n<meta property=\"article:published_time\" content=\"2025-09-05T18:56:20+00:00\" \/>\n<meta property=\"article:modified_time\" content=\"2025-12-23T16:21:07+00:00\" \/>\n<meta property=\"og:image\" content=\"https:\/\/ikar.dev\/bceco-v2\/wp-content\/uploads\/2025\/09\/IMG_6600-scaled.jpg\" \/>\n\t<meta property=\"og:image:width\" content=\"2560\" \/>\n\t<meta property=\"og:image:height\" content=\"1707\" \/>\n\t<meta property=\"og:image:type\" content=\"image\/jpeg\" \/>\n<meta name=\"author\" content=\"bceco\" \/>\n<meta name=\"twitter:card\" content=\"summary_large_image\" \/>\n<meta name=\"twitter:creator\" content=\"@BCeCoRDC\" \/>\n<meta name=\"twitter:site\" content=\"@BCeCoRDC\" \/>\n<meta name=\"twitter:label1\" content=\"Written by\" \/>\n\t<meta name=\"twitter:data1\" content=\"bceco\" \/>\n\t<meta name=\"twitter:label2\" content=\"Est. reading time\" \/>\n\t<meta name=\"twitter:data2\" content=\"6 minutes\" \/>\n<script type=\"application\/ld+json\" class=\"yoast-schema-graph\">{\"@context\":\"https:\/\/schema.org\",\"@graph\":[{\"@type\":\"Article\",\"@id\":\"https:\/\/ikar.dev\/bceco-v2\/voirie-urbaine-de-kisangani-le-ministre-des-itp-satisfait-de-levolution-des-travaux\/#article\",\"isPartOf\":{\"@id\":\"https:\/\/ikar.dev\/bceco-v2\/voirie-urbaine-de-kisangani-le-ministre-des-itp-satisfait-de-levolution-des-travaux\/\"},\"author\":{\"name\":\"bceco\",\"@id\":\"https:\/\/ikar.dev\/bceco-v2\/#\/schema\/person\/6ee74807ffb016a78852fec6a295d503\"},\"headline\":\"Voirie urbaine de Kisangani : Le ministre des ITP satisfait de l&#8217;\u00e9volution des travaux !\",\"datePublished\":\"2025-09-05T18:56:20+00:00\",\"dateModified\":\"2025-12-23T16:21:07+00:00\",\"mainEntityOfPage\":{\"@id\":\"https:\/\/ikar.dev\/bceco-v2\/voirie-urbaine-de-kisangani-le-ministre-des-itp-satisfait-de-levolution-des-travaux\/\"},\"wordCount\":458,\"commentCount\":0,\"publisher\":{\"@id\":\"https:\/\/ikar.dev\/bceco-v2\/#organization\"},\"image\":{\"@id\":\"https:\/\/ikar.dev\/bceco-v2\/voirie-urbaine-de-kisangani-le-ministre-des-itp-satisfait-de-levolution-des-travaux\/#primaryimage\"},\"thumbnailUrl\":\"https:\/\/ikar.dev\/bceco-v2\/wp-content\/uploads\/2025\/09\/IMG_6600-scaled.jpg\",\"keywords\":[\"BCeCo\",\"D\u00e9veloppement\",\"Infrastructures\"],\"articleSection\":[\"Actualit\u00e9s\",\"D\u00e9veloppement\",\"Infrastructures\"],\"inLanguage\":\"en-US\",\"potentialAction\":[{\"@type\":\"CommentAction\",\"name\":\"Comment\",\"target\":[\"https:\/\/ikar.dev\/bceco-v2\/voirie-urbaine-de-kisangani-le-ministre-des-itp-satisfait-de-levolution-des-travaux\/#respond\"]}]},{\"@type\":\"WebPage\",\"@id\":\"https:\/\/ikar.dev\/bceco-v2\/voirie-urbaine-de-kisangani-le-ministre-des-itp-satisfait-de-levolution-des-travaux\/\",\"url\":\"https:\/\/ikar.dev\/bceco-v2\/voirie-urbaine-de-kisangani-le-ministre-des-itp-satisfait-de-levolution-des-travaux\/\",\"name\":\"Voirie urbaine de Kisangani : Le ministre des ITP satisfait de l'\u00e9volution des travaux ! - Bureau Central de Coordination\",\"isPartOf\":{\"@id\":\"https:\/\/ikar.dev\/bceco-v2\/#website\"},\"primaryImageOfPage\":{\"@id\":\"https:\/\/ikar.dev\/bceco-v2\/voirie-urbaine-de-kisangani-le-ministre-des-itp-satisfait-de-levolution-des-travaux\/#primaryimage\"},\"image\":{\"@id\":\"https:\/\/ikar.dev\/bceco-v2\/voirie-urbaine-de-kisangani-le-ministre-des-itp-satisfait-de-levolution-des-travaux\/#primaryimage\"},\"thumbnailUrl\":\"https:\/\/ikar.dev\/bceco-v2\/wp-content\/uploads\/2025\/09\/IMG_6600-scaled.jpg\",\"datePublished\":\"2025-09-05T18:56:20+00:00\",\"dateModified\":\"2025-12-23T16:21:07+00:00\",\"description\":\"Voirie urbaine de Kisangani : Le ministre des ITP satisfait de l'\u00e9volution des travaux !\",\"breadcrumb\":{\"@id\":\"https:\/\/ikar.dev\/bceco-v2\/voirie-urbaine-de-kisangani-le-ministre-des-itp-satisfait-de-levolution-des-travaux\/#breadcrumb\"},\"inLanguage\":\"en-US\",\"potentialAction\":[{\"@type\":\"ReadAction\",\"target\":[\"https:\/\/ikar.dev\/bceco-v2\/voirie-urbaine-de-kisangani-le-ministre-des-itp-satisfait-de-levolution-des-travaux\/\"]}]},{\"@type\":\"ImageObject\",\"inLanguage\":\"en-US\",\"@id\":\"https:\/\/ikar.dev\/bceco-v2\/voirie-urbaine-de-kisangani-le-ministre-des-itp-satisfait-de-levolution-des-travaux\/#primaryimage\",\"url\":\"https:\/\/ikar.dev\/bceco-v2\/wp-content\/uploads\/2025\/09\/IMG_6600-scaled.jpg\",\"contentUrl\":\"https:\/\/ikar.dev\/bceco-v2\/wp-content\/uploads\/2025\/09\/IMG_6600-scaled.jpg\",\"width\":2560,\"height\":1707},{\"@type\":\"BreadcrumbList\",\"@id\":\"https:\/\/ikar.dev\/bceco-v2\/voirie-urbaine-de-kisangani-le-ministre-des-itp-satisfait-de-levolution-des-travaux\/#breadcrumb\",\"itemListElement\":[{\"@type\":\"ListItem\",\"position\":1,\"name\":\"Accueil\",\"item\":\"https:\/\/ikar.dev\/bceco-v2\/\"},{\"@type\":\"ListItem\",\"position\":2,\"name\":\"Voirie urbaine de Kisangani : Le ministre des ITP satisfait de l&rsquo;\u00e9volution des travaux !\"}]},{\"@type\":\"WebSite\",\"@id\":\"https:\/\/ikar.dev\/bceco-v2\/#website\",\"url\":\"https:\/\/ikar.dev\/bceco-v2\/\",\"name\":\"Bureau Central de Coordination\",\"description\":\"B.Ce.Co \u2013 Au c\u0153ur de l\u2019ex\u00e9cution des projets de d\u00e9veloppement en RDC\",\"publisher\":{\"@id\":\"https:\/\/ikar.dev\/bceco-v2\/#organization\"},\"potentialAction\":[{\"@type\":\"SearchAction\",\"target\":{\"@type\":\"EntryPoint\",\"urlTemplate\":\"https:\/\/ikar.dev\/bceco-v2\/?s={search_term_string}\"},\"query-input\":{\"@type\":\"PropertyValueSpecification\",\"valueRequired\":true,\"valueName\":\"search_term_string\"}}],\"inLanguage\":\"en-US\"},{\"@type\":\"Organization\",\"@id\":\"https:\/\/ikar.dev\/bceco-v2\/#organization\",\"name\":\"Bureau Central de Coordination\",\"url\":\"https:\/\/ikar.dev\/bceco-v2\/\",\"logo\":{\"@type\":\"ImageObject\",\"inLanguage\":\"en-US\",\"@id\":\"https:\/\/ikar.dev\/bceco-v2\/#\/schema\/logo\/image\/\",\"url\":\"https:\/\/ikar.dev\/bceco-v2\/wp-content\/uploads\/2025\/12\/BCECO-Bureau-Central-de-Coordination.jpg\",\"contentUrl\":\"https:\/\/ikar.dev\/bceco-v2\/wp-content\/uploads\/2025\/12\/BCECO-Bureau-Central-de-Coordination.jpg\",\"width\":2048,\"height\":2048,\"caption\":\"Bureau Central de Coordination\"},\"image\":{\"@id\":\"https:\/\/ikar.dev\/bceco-v2\/#\/schema\/logo\/image\/\"},\"sameAs\":[\"https:\/\/www.facebook.com\/BCeCoRDC\",\"https:\/\/x.com\/BCeCoRDC\"]},{\"@type\":\"Person\",\"@id\":\"https:\/\/ikar.dev\/bceco-v2\/#\/schema\/person\/6ee74807ffb016a78852fec6a295d503\",\"name\":\"bceco\",\"image\":{\"@type\":\"ImageObject\",\"inLanguage\":\"en-US\",\"@id\":\"https:\/\/ikar.dev\/bceco-v2\/#\/schema\/person\/image\/\",\"url\":\"https:\/\/secure.gravatar.com\/avatar\/55c07e1707f50774ef3c842c9d074773a6b558a20fbd1608c8e4871bc88f3455?s=96&d=mm&r=g\",\"contentUrl\":\"https:\/\/secure.gravatar.com\/avatar\/55c07e1707f50774ef3c842c9d074773a6b558a20fbd1608c8e4871bc88f3455?s=96&d=mm&r=g\",\"caption\":\"bceco\"},\"sameAs\":[\"https:\/\/ikar.dev\/bceco-v2\"],\"url\":\"https:\/\/ikar.dev\/bceco-v2\/author\/bceco\/\"}]}<\/script>\n<!-- \/ Yoast SEO plugin. -->","yoast_head_json":{"title":"Voirie urbaine de Kisangani : Le ministre des ITP satisfait de l'\u00e9volution des travaux ! - Bureau Central de Coordination","description":"Voirie urbaine de Kisangani : Le ministre des ITP satisfait de l'\u00e9volution des travaux !","robots":{"index":"index","follow":"follow","max-snippet":"max-snippet:-1","max-image-preview":"max-image-preview:large","max-video-preview":"max-video-preview:-1"},"canonical":"https:\/\/ikar.dev\/bceco-v2\/voirie-urbaine-de-kisangani-le-ministre-des-itp-satisfait-de-levolution-des-travaux\/","og_locale":"en_US","og_type":"article","og_title":"Voirie urbaine de Kisangani : Le ministre des ITP satisfait de l'\u00e9volution des travaux ! - Bureau Central de Coordination","og_description":"Voirie urbaine de Kisangani : Le ministre des ITP satisfait de l'\u00e9volution des travaux !","og_url":"https:\/\/ikar.dev\/bceco-v2\/voirie-urbaine-de-kisangani-le-ministre-des-itp-satisfait-de-levolution-des-travaux\/","og_site_name":"Bureau Central de Coordination","article_publisher":"https:\/\/www.facebook.com\/BCeCoRDC","article_published_time":"2025-09-05T18:56:20+00:00","article_modified_time":"2025-12-23T16:21:07+00:00","og_image":[{"width":2560,"height":1707,"url":"https:\/\/ikar.dev\/bceco-v2\/wp-content\/uploads\/2025\/09\/IMG_6600-scaled.jpg","type":"image\/jpeg"}],"author":"bceco","twitter_card":"summary_large_image","twitter_creator":"@BCeCoRDC","twitter_site":"@BCeCoRDC","twitter_misc":{"Written by":"bceco","Est. reading time":"6 minutes"},"schema":{"@context":"https:\/\/schema.org","@graph":[{"@type":"Article","@id":"https:\/\/ikar.dev\/bceco-v2\/voirie-urbaine-de-kisangani-le-ministre-des-itp-satisfait-de-levolution-des-travaux\/#article","isPartOf":{"@id":"https:\/\/ikar.dev\/bceco-v2\/voirie-urbaine-de-kisangani-le-ministre-des-itp-satisfait-de-levolution-des-travaux\/"},"author":{"name":"bceco","@id":"https:\/\/ikar.dev\/bceco-v2\/#\/schema\/person\/6ee74807ffb016a78852fec6a295d503"},"headline":"Voirie urbaine de Kisangani : Le ministre des ITP satisfait de l&#8217;\u00e9volution des travaux !","datePublished":"2025-09-05T18:56:20+00:00","dateModified":"2025-12-23T16:21:07+00:00","mainEntityOfPage":{"@id":"https:\/\/ikar.dev\/bceco-v2\/voirie-urbaine-de-kisangani-le-ministre-des-itp-satisfait-de-levolution-des-travaux\/"},"wordCount":458,"commentCount":0,"publisher":{"@id":"https:\/\/ikar.dev\/bceco-v2\/#organization"},"image":{"@id":"https:\/\/ikar.dev\/bceco-v2\/voirie-urbaine-de-kisangani-le-ministre-des-itp-satisfait-de-levolution-des-travaux\/#primaryimage"},"thumbnailUrl":"https:\/\/ikar.dev\/bceco-v2\/wp-content\/uploads\/2025\/09\/IMG_6600-scaled.jpg","keywords":["BCeCo","D\u00e9veloppement","Infrastructures"],"articleSection":["Actualit\u00e9s","D\u00e9veloppement","Infrastructures"],"inLanguage":"en-US","potentialAction":[{"@type":"CommentAction","name":"Comment","target":["https:\/\/ikar.dev\/bceco-v2\/voirie-urbaine-de-kisangani-le-ministre-des-itp-satisfait-de-levolution-des-travaux\/#respond"]}]},{"@type":"WebPage","@id":"https:\/\/ikar.dev\/bceco-v2\/voirie-urbaine-de-kisangani-le-ministre-des-itp-satisfait-de-levolution-des-travaux\/","url":"https:\/\/ikar.dev\/bceco-v2\/voirie-urbaine-de-kisangani-le-ministre-des-itp-satisfait-de-levolution-des-travaux\/","name":"Voirie urbaine de Kisangani : Le ministre des ITP satisfait de l'\u00e9volution des travaux ! - Bureau Central de Coordination","isPartOf":{"@id":"https:\/\/ikar.dev\/bceco-v2\/#website"},"primaryImageOfPage":{"@id":"https:\/\/ikar.dev\/bceco-v2\/voirie-urbaine-de-kisangani-le-ministre-des-itp-satisfait-de-levolution-des-travaux\/#primaryimage"},"image":{"@id":"https:\/\/ikar.dev\/bceco-v2\/voirie-urbaine-de-kisangani-le-ministre-des-itp-satisfait-de-levolution-des-travaux\/#primaryimage"},"thumbnailUrl":"https:\/\/ikar.dev\/bceco-v2\/wp-content\/uploads\/2025\/09\/IMG_6600-scaled.jpg","datePublished":"2025-09-05T18:56:20+00:00","dateModified":"2025-12-23T16:21:07+00:00","description":"Voirie urbaine de Kisangani : Le ministre des ITP satisfait de l'\u00e9volution des travaux !","breadcrumb":{"@id":"https:\/\/ikar.dev\/bceco-v2\/voirie-urbaine-de-kisangani-le-ministre-des-itp-satisfait-de-levolution-des-travaux\/#breadcrumb"},"inLanguage":"en-US","potentialAction":[{"@type":"ReadAction","target":["https:\/\/ikar.dev\/bceco-v2\/voirie-urbaine-de-kisangani-le-ministre-des-itp-satisfait-de-levolution-des-travaux\/"]}]},{"@type":"ImageObject","inLanguage":"en-US","@id":"https:\/\/ikar.dev\/bceco-v2\/voirie-urbaine-de-kisangani-le-ministre-des-itp-satisfait-de-levolution-des-travaux\/#primaryimage","url":"https:\/\/ikar.dev\/bceco-v2\/wp-content\/uploads\/2025\/09\/IMG_6600-scaled.jpg","contentUrl":"https:\/\/ikar.dev\/bceco-v2\/wp-content\/uploads\/2025\/09\/IMG_6600-scaled.jpg","width":2560,"height":1707},{"@type":"BreadcrumbList","@id":"https:\/\/ikar.dev\/bceco-v2\/voirie-urbaine-de-kisangani-le-ministre-des-itp-satisfait-de-levolution-des-travaux\/#breadcrumb","itemListElement":[{"@type":"ListItem","position":1,"name":"Accueil","item":"https:\/\/ikar.dev\/bceco-v2\/"},{"@type":"ListItem","position":2,"name":"Voirie urbaine de Kisangani : Le ministre des ITP satisfait de l&rsquo;\u00e9volution des travaux !"}]},{"@type":"WebSite","@id":"https:\/\/ikar.dev\/bceco-v2\/#website","url":"https:\/\/ikar.dev\/bceco-v2\/","name":"Bureau Central de Coordination","description":"B.Ce.Co \u2013 Au c\u0153ur de l\u2019ex\u00e9cution des projets de d\u00e9veloppement en RDC","publisher":{"@id":"https:\/\/ikar.dev\/bceco-v2\/#organization"},"potentialAction":[{"@type":"SearchAction","target":{"@type":"EntryPoint","urlTemplate":"https:\/\/ikar.dev\/bceco-v2\/?s={search_term_string}"},"query-input":{"@type":"PropertyValueSpecification","valueRequired":true,"valueName":"search_term_string"}}],"inLanguage":"en-US"},{"@type":"Organization","@id":"https:\/\/ikar.dev\/bceco-v2\/#organization","name":"Bureau Central de Coordination","url":"https:\/\/ikar.dev\/bceco-v2\/","logo":{"@type":"ImageObject","inLanguage":"en-US","@id":"https:\/\/ikar.dev\/bceco-v2\/#\/schema\/logo\/image\/","url":"https:\/\/ikar.dev\/bceco-v2\/wp-content\/uploads\/2025\/12\/BCECO-Bureau-Central-de-Coordination.jpg","contentUrl":"https:\/\/ikar.dev\/bceco-v2\/wp-content\/uploads\/2025\/12\/BCECO-Bureau-Central-de-Coordination.jpg","width":2048,"height":2048,"caption":"Bureau Central de Coordination"},"image":{"@id":"https:\/\/ikar.dev\/bceco-v2\/#\/schema\/logo\/image\/"},"sameAs":["https:\/\/www.facebook.com\/BCeCoRDC","https:\/\/x.com\/BCeCoRDC"]},{"@type":"Person","@id":"https:\/\/ikar.dev\/bceco-v2\/#\/schema\/person\/6ee74807ffb016a78852fec6a295d503","name":"bceco","image":{"@type":"ImageObject","inLanguage":"en-US","@id":"https:\/\/ikar.dev\/bceco-v2\/#\/schema\/person\/image\/","url":"https:\/\/secure.gravatar.com\/avatar\/55c07e1707f50774ef3c842c9d074773a6b558a20fbd1608c8e4871bc88f3455?s=96&d=mm&r=g","contentUrl":"https:\/\/secure.gravatar.com\/avatar\/55c07e1707f50774ef3c842c9d074773a6b558a20fbd1608c8e4871bc88f3455?s=96&d=mm&r=g","caption":"bceco"},"sameAs":["https:\/\/ikar.dev\/bceco-v2"],"url":"https:\/\/ikar.dev\/bceco-v2\/author\/bceco\/"}]}},"_links":{"self":[{"href":"https:\/\/ikar.dev\/bceco-v2\/wp-json\/wp\/v2\/posts\/55033","targetHints":{"allow":["GET"]}}],"collection":[{"href":"https:\/\/ikar.dev\/bceco-v2\/wp-json\/wp\/v2\/posts"}],"about":[{"href":"https:\/\/ikar.dev\/bceco-v2\/wp-json\/wp\/v2\/types\/post"}],"author":[{"embeddable":true,"href":"https:\/\/ikar.dev\/bceco-v2\/wp-json\/wp\/v2\/users\/1"}],"replies":[{"embeddable":true,"href":"https:\/\/ikar.dev\/bceco-v2\/wp-json\/wp\/v2\/comments?post=55033"}],"version-history":[{"count":1,"href":"https:\/\/ikar.dev\/bceco-v2\/wp-json\/wp\/v2\/posts\/55033\/revisions"}],"predecessor-version":[{"id":56329,"href":"https:\/\/ikar.dev\/bceco-v2\/wp-json\/wp\/v2\/posts\/55033\/revisions\/56329"}],"wp:featuredmedia":[{"embeddable":true,"href":"https:\/\/ikar.dev\/bceco-v2\/wp-json\/wp\/v2\/media\/55043"}],"wp:attachment":[{"href":"https:\/\/ikar.dev\/bceco-v2\/wp-json\/wp\/v2\/media?parent=55033"}],"wp:term":[{"taxonomy":"category","embeddable":true,"href":"https:\/\/ikar.dev\/bceco-v2\/wp-json\/wp\/v2\/categories?post=55033"},{"taxonomy":"post_tag","embeddable":true,"href":"https:\/\/ikar.dev\/bceco-v2\/wp-json\/wp\/v2\/tags?post=55033"}],"curies":[{"name":"wp","href":"https:\/\/api.w.org\/{rel}","templated":true}]}}