{"id":54977,"date":"2025-02-08T17:06:00","date_gmt":"2025-02-08T17:06:00","guid":{"rendered":"https:\/\/bceco.cd\/?p=54977"},"modified":"2025-12-23T17:20:36","modified_gmt":"2025-12-23T16:20:36","slug":"rehabilitation-et-modernisation-des-routes-autour-du-grand-marche-de-kinshasa-daniel-bumba-inspecte-les-travaux","status":"publish","type":"post","link":"https:\/\/ikar.dev\/bceco-v2\/rehabilitation-et-modernisation-des-routes-autour-du-grand-marche-de-kinshasa-daniel-bumba-inspecte-les-travaux\/","title":{"rendered":"R\u00e9habilitation et Modernisation des routes autour du Grand March\u00e9 de Kinshasa, Daniel Bumba inspecte les travaux !"},"content":{"rendered":"\t\t<div data-elementor-type=\"wp-post\" data-elementor-id=\"54977\" class=\"elementor elementor-54977\" data-elementor-post-type=\"post\">\n\t\t\t\t\t\t<section class=\"elementor-section elementor-top-section elementor-element elementor-element-cba1579 elementor-section-boxed elementor-section-height-default elementor-section-height-default\" data-id=\"cba1579\" data-element_type=\"section\" data-e-type=\"section\">\n\t\t\t\t\t\t<div class=\"elementor-container elementor-column-gap-default\">\n\t\t\t\t\t<div class=\"elementor-column elementor-col-100 elementor-top-column elementor-element elementor-element-3f4fa7bd\" data-id=\"3f4fa7bd\" data-element_type=\"column\" data-e-type=\"column\">\n\t\t\t<div class=\"elementor-widget-wrap elementor-element-populated\">\n\t\t\t\t\t\t<div class=\"elementor-element elementor-element-5c5c7418 elementor-widget elementor-widget-text-editor\" data-id=\"5c5c7418\" data-element_type=\"widget\" data-e-type=\"widget\" data-widget_type=\"text-editor.default\">\n\t\t\t\t\t\t\t\t\t\n<p class=\"has-text-align-justify\">3 semaines apr\u00e8s le passage du Pr\u00e9sident de la R\u00e9publique sur les diff\u00e9rents art\u00e8res environnant le march\u00e9 central de Kinshasa commun\u00e9ment appel\u00e9 Zando, le Gouverneur de la ville Daniel Bumba a inspect\u00e9 le samedi 8 f\u00e9vrier 2025, les travaux de r\u00e9habilitation et modernisation de ces avenues.<\/p>\n\n\n\n<p class=\"has-text-align-justify\">Accompagn\u00e9 de Jean Mabi, Directeur G\u00e9n\u00e9ral du Bureau Central de Coordination BCeCo , qui agit comme ma\u00eetre d&#8217;ouvrage d\u00e9l\u00e9gu\u00e9 dans ce projet. La visite \u00e0 commenc\u00e9 au croisement des avenues du Commerce notamment dans le tron\u00e7on Kasa &#8211; Vubu et Rwakading o\u00f9 les travaux d&#8217;assainissement sont presque termin\u00e9s. Sur cette voie, les structures de coulage de b\u00e9ton sont mis en place et le coulage pr\u00e9vu dans les prochains jours.<\/p>\n\n\n\n<figure class=\"wp-block-image size-full\"><img decoding=\"async\" src=\"https:\/\/bceco.cd\/wp-content\/uploads\/2025\/09\/4M4A4746.jpg\" alt=\"\" class=\"wp-image-54982\"\/><\/figure>\n\n\n\n<p class=\"has-text-align-justify\">La deuxi\u00e8me \u00e9tape c&#8217;est celle de l&#8217;avenue Rwakadingi dans son tron\u00e7on Rwakading &#8211; Luambo Makiadi (ex Bokassa) . Sur cet axe les travaux de construction de grands collecteurs pour l&#8217; \u00e9vacuation des eaux de pluie et des eaux us\u00e9es vers le fleuve Congo via la rivi\u00e8re Bitshaku &#8211; Tshaku se poursuivent.<\/p>\n\n\n\n<p class=\"has-text-align-justify\">Sur l&#8217;avenue du Plateau qui a constitu\u00e9 la troisi\u00e8me \u00e9tape, les travaux de d\u00e9capage de la chauss\u00e9e et la construction des caniveaux ont d\u00e9but\u00e9 \u00e0 la grande satisfaction de ses riverains.<\/p>\n\n\n\n<p class=\"has-text-align-justify\">Maman Fatou, une habitante du quartier s&#8217;est r\u00e9jouie en ce terme :<br>&#8221; Nous sommes dans la joie de voir les travaux de construction de cette avenue apr\u00e8s pr\u00e8s de 40 ans, nous voulons voir ces travaux \u00e9voluer rapidement et arriver \u00e0 terme. Vraiment nous vous remercions beaucoup &#8220;<\/p>\n\n\n\n<figure class=\"wp-block-image size-full\"><img decoding=\"async\" src=\"https:\/\/bceco.cd\/wp-content\/uploads\/2025\/09\/4M4A4802.jpg\" alt=\"\" class=\"wp-image-54986\"\/><\/figure>\n\n\n\n<p class=\"has-text-align-justify\">Ces travaux sont pr\u00e9vus pour une dur\u00e9e de 6 \u00e0 12 mois selon les tron\u00e7ons.<br>Selon le Directeur G\u00e9n\u00e9ral de Safrimex, l&#8217;une des entreprises contractantes, son entreprise travaille dur pour respecter le d\u00e9lai convenu dans le contrat .<\/p>\n\n\n\n<p class=\"has-text-align-justify\">Le num\u00e9ro un de la ville se dit confiant quant \u00e0 l&#8217;aboutissement heureux de ce projet. Une fois termin\u00e9s, les travaux qui s&#8217;effectuent sur toutes ces avenues, contribueront \u00e0 donner de solution \u00e0 la probl\u00e9matique des embouteillages aux alentours du Boulevard du 30 juin.<br>Outre cet aspect, Daniel Bumba souligne une nette d\u00e9marcation depuis le passage du Chef de L&#8217;\u00c9tat et appelle par la m\u00eame occasion les Kinois et Kinoises \u00e0 prendre encore leur mal en patience , l&#8217;issue est tr\u00e8s proche.<\/p>\n\n\n\n<figure class=\"wp-block-image size-full\"><img decoding=\"async\" src=\"https:\/\/bceco.cd\/wp-content\/uploads\/2025\/09\/4M4A4724.jpg\" alt=\"\" class=\"wp-image-54980\"\/><\/figure>\n\n\n\n<p class=\"has-text-align-justify\">Il faut rappeler qu&#8217;au total 5 art\u00e8res environnant le march\u00e9 sont pris en compte tels que l&#8217;avenue Rwakading ou Plateau pour ne citer que celles l\u00e0 ainsi que les routes qui donnent acc\u00e8s au march\u00e9 central comme l&#8217;avenue Kasa &#8211; Vubu, Luambo Makiadi ex Bokassa,&nbsp;ou&nbsp;Kasa\u00ef.<\/p>\n\n\n\n<p><\/p>\n\t\t\t\t\t\t\t\t<\/div>\n\t\t\t\t\t<\/div>\n\t\t<\/div>\n\t\t\t\t\t<\/div>\n\t\t<\/section>\n\t\t\t\t<section class=\"elementor-section elementor-top-section elementor-element elementor-element-d03d8e1 elementor-section-boxed elementor-section-height-default elementor-section-height-default\" data-id=\"d03d8e1\" data-element_type=\"section\" data-e-type=\"section\">\n\t\t\t\t\t\t<div class=\"elementor-container elementor-column-gap-default\">\n\t\t\t\t\t<div class=\"elementor-column elementor-col-50 elementor-top-column elementor-element elementor-element-cddf0bc\" data-id=\"cddf0bc\" data-element_type=\"column\" data-e-type=\"column\">\n\t\t\t<div class=\"elementor-widget-wrap elementor-element-populated\">\n\t\t\t\t\t\t<div class=\"elementor-element elementor-element-0451fcd elementor-widget elementor-widget-video\" data-id=\"0451fcd\" data-element_type=\"widget\" data-e-type=\"widget\" data-settings=\"{&quot;youtube_url&quot;:&quot;https:\\\/\\\/youtu.be\\\/4EQFChE0D5A?si=q0Ta-83TwbhFHmfg&quot;,&quot;start&quot;:60,&quot;autoplay&quot;:&quot;yes&quot;,&quot;video_type&quot;:&quot;youtube&quot;,&quot;controls&quot;:&quot;yes&quot;}\" data-widget_type=\"video.default\">\n\t\t\t\t\t\t\t<div class=\"elementor-wrapper elementor-open-inline\">\n\t\t\t<div class=\"elementor-video\"><\/div>\t\t<\/div>\n\t\t\t\t\t\t<\/div>\n\t\t\t\t\t<\/div>\n\t\t<\/div>\n\t\t\t\t<div class=\"elementor-column elementor-col-50 elementor-top-column elementor-element elementor-element-d30ebbb\" data-id=\"d30ebbb\" data-element_type=\"column\" data-e-type=\"column\">\n\t\t\t<div class=\"elementor-widget-wrap elementor-element-populated\">\n\t\t\t\t\t\t<div class=\"elementor-element elementor-element-96bf26b elementor-arrows-position-inside elementor-pagination-position-outside elementor-widget elementor-widget-image-carousel\" data-id=\"96bf26b\" data-element_type=\"widget\" data-e-type=\"widget\" data-settings=\"{&quot;slides_to_show&quot;:&quot;1&quot;,&quot;navigation&quot;:&quot;both&quot;,&quot;autoplay&quot;:&quot;yes&quot;,&quot;pause_on_hover&quot;:&quot;yes&quot;,&quot;pause_on_interaction&quot;:&quot;yes&quot;,&quot;autoplay_speed&quot;:5000,&quot;infinite&quot;:&quot;yes&quot;,&quot;effect&quot;:&quot;slide&quot;,&quot;speed&quot;:500}\" data-widget_type=\"image-carousel.default\">\n\t\t\t\t\t\t\t<div class=\"elementor-image-carousel-wrapper swiper\" role=\"region\" aria-roledescription=\"carousel\" aria-label=\"Image Carousel\" dir=\"ltr\">\n\t\t\t<div class=\"elementor-image-carousel swiper-wrapper\" aria-live=\"off\">\n\t\t\t\t\t\t\t\t<div class=\"swiper-slide\" role=\"group\" aria-roledescription=\"slide\" aria-label=\"1 of 13\"><figure class=\"swiper-slide-inner\"><img decoding=\"async\" class=\"swiper-slide-image\" src=\"https:\/\/ikar.dev\/bceco-v2\/wp-content\/uploads\/2025\/09\/4M4A4746-80x80.jpg\" alt=\"4M4A4746\" \/><\/figure><\/div><div class=\"swiper-slide\" role=\"group\" aria-roledescription=\"slide\" aria-label=\"2 of 13\"><figure class=\"swiper-slide-inner\"><img decoding=\"async\" class=\"swiper-slide-image\" src=\"https:\/\/ikar.dev\/bceco-v2\/wp-content\/uploads\/2025\/09\/4M4A4772-80x80.jpg\" alt=\"4M4A4772\" \/><\/figure><\/div><div class=\"swiper-slide\" role=\"group\" aria-roledescription=\"slide\" aria-label=\"3 of 13\"><figure class=\"swiper-slide-inner\"><img decoding=\"async\" class=\"swiper-slide-image\" src=\"https:\/\/ikar.dev\/bceco-v2\/wp-content\/uploads\/2025\/09\/4M4A4798-80x80.jpg\" alt=\"4M4A4798\" \/><\/figure><\/div><div class=\"swiper-slide\" role=\"group\" aria-roledescription=\"slide\" aria-label=\"4 of 13\"><figure class=\"swiper-slide-inner\"><img decoding=\"async\" class=\"swiper-slide-image\" src=\"https:\/\/ikar.dev\/bceco-v2\/wp-content\/uploads\/2025\/09\/4M4A4827-80x80.jpg\" alt=\"4M4A4827\" \/><\/figure><\/div><div class=\"swiper-slide\" role=\"group\" aria-roledescription=\"slide\" aria-label=\"5 of 13\"><figure class=\"swiper-slide-inner\"><img decoding=\"async\" class=\"swiper-slide-image\" src=\"https:\/\/ikar.dev\/bceco-v2\/wp-content\/uploads\/2025\/09\/4M4A4724-80x80.jpg\" alt=\"4M4A4724\" \/><\/figure><\/div><div class=\"swiper-slide\" role=\"group\" aria-roledescription=\"slide\" aria-label=\"6 of 13\"><figure class=\"swiper-slide-inner\"><img decoding=\"async\" class=\"swiper-slide-image\" src=\"https:\/\/ikar.dev\/bceco-v2\/wp-content\/uploads\/2025\/09\/4M4A4691-80x80.jpg\" alt=\"4M4A4691\" \/><\/figure><\/div><div class=\"swiper-slide\" role=\"group\" aria-roledescription=\"slide\" aria-label=\"7 of 13\"><figure class=\"swiper-slide-inner\"><img decoding=\"async\" class=\"swiper-slide-image\" src=\"https:\/\/ikar.dev\/bceco-v2\/wp-content\/uploads\/2025\/09\/4M4A4792-80x80.jpg\" alt=\"4M4A4792\" \/><\/figure><\/div><div class=\"swiper-slide\" role=\"group\" aria-roledescription=\"slide\" aria-label=\"8 of 13\"><figure class=\"swiper-slide-inner\"><img decoding=\"async\" class=\"swiper-slide-image\" src=\"https:\/\/ikar.dev\/bceco-v2\/wp-content\/uploads\/2025\/09\/4M4A4802-80x80.jpg\" alt=\"4M4A4802\" \/><\/figure><\/div><div class=\"swiper-slide\" role=\"group\" aria-roledescription=\"slide\" aria-label=\"9 of 13\"><figure class=\"swiper-slide-inner\"><img decoding=\"async\" class=\"swiper-slide-image\" src=\"https:\/\/ikar.dev\/bceco-v2\/wp-content\/uploads\/2025\/09\/4M4A4812-80x80.jpg\" alt=\"4M4A4812\" \/><\/figure><\/div><div class=\"swiper-slide\" role=\"group\" aria-roledescription=\"slide\" aria-label=\"10 of 13\"><figure class=\"swiper-slide-inner\"><img decoding=\"async\" class=\"swiper-slide-image\" src=\"https:\/\/ikar.dev\/bceco-v2\/wp-content\/uploads\/2025\/09\/4M4A4821-80x80.jpg\" alt=\"4M4A4821\" \/><\/figure><\/div><div class=\"swiper-slide\" role=\"group\" aria-roledescription=\"slide\" aria-label=\"11 of 13\"><figure class=\"swiper-slide-inner\"><img decoding=\"async\" class=\"swiper-slide-image\" src=\"https:\/\/ikar.dev\/bceco-v2\/wp-content\/uploads\/2025\/09\/4M4A4865-80x80.jpg\" alt=\"4M4A4865\" \/><\/figure><\/div><div class=\"swiper-slide\" role=\"group\" aria-roledescription=\"slide\" aria-label=\"12 of 13\"><figure class=\"swiper-slide-inner\"><img decoding=\"async\" class=\"swiper-slide-image\" src=\"https:\/\/ikar.dev\/bceco-v2\/wp-content\/uploads\/2025\/09\/4M4A4876-80x80.jpg\" alt=\"4M4A4876\" \/><\/figure><\/div><div class=\"swiper-slide\" role=\"group\" aria-roledescription=\"slide\" aria-label=\"13 of 13\"><figure class=\"swiper-slide-inner\"><img decoding=\"async\" class=\"swiper-slide-image\" src=\"https:\/\/ikar.dev\/bceco-v2\/wp-content\/uploads\/2025\/09\/4M4A4726-80x80.jpg\" alt=\"4M4A4726\" \/><\/figure><\/div>\t\t\t<\/div>\n\t\t\t\t\t\t\t\t\t\t\t\t<div class=\"elementor-swiper-button elementor-swiper-button-prev\" role=\"button\" tabindex=\"0\">\n\t\t\t\t\t\t<svg aria-hidden=\"true\" class=\"e-font-icon-svg e-eicon-chevron-left\" viewBox=\"0 0 1000 1000\" xmlns=\"http:\/\/www.w3.org\/2000\/svg\"><path d=\"M646 125C629 125 613 133 604 142L308 442C296 454 292 471 292 487 292 504 296 521 308 533L604 854C617 867 629 875 646 875 663 875 679 871 692 858 704 846 713 829 713 812 713 796 708 779 692 767L438 487 692 225C700 217 708 204 708 187 708 171 704 154 692 142 675 129 663 125 646 125Z\"><\/path><\/svg>\t\t\t\t\t<\/div>\n\t\t\t\t\t<div class=\"elementor-swiper-button elementor-swiper-button-next\" role=\"button\" tabindex=\"0\">\n\t\t\t\t\t\t<svg aria-hidden=\"true\" class=\"e-font-icon-svg e-eicon-chevron-right\" viewBox=\"0 0 1000 1000\" xmlns=\"http:\/\/www.w3.org\/2000\/svg\"><path d=\"M696 533C708 521 713 504 713 487 713 471 708 454 696 446L400 146C388 133 375 125 354 125 338 125 325 129 313 142 300 154 292 171 292 187 292 204 296 221 308 233L563 492 304 771C292 783 288 800 288 817 288 833 296 850 308 863 321 871 338 875 354 875 371 875 388 867 400 854L696 533Z\"><\/path><\/svg>\t\t\t\t\t<\/div>\n\t\t\t\t\n\t\t\t\t\t\t\t\t\t<div class=\"swiper-pagination\"><\/div>\n\t\t\t\t\t\t\t\t\t<\/div>\n\t\t\t\t\t\t<\/div>\n\t\t\t\t\t<\/div>\n\t\t<\/div>\n\t\t\t\t\t<\/div>\n\t\t<\/section>\n\t\t\t\t<\/div>\n\t\t","protected":false},"excerpt":{"rendered":"<p>3 semaines apr\u00e8s le passage du Pr\u00e9sident de la R\u00e9publique sur les diff\u00e9rents art\u00e8res environnant le march\u00e9 central de Kinshasa commun\u00e9ment appel\u00e9 Zando, le Gouverneur de la ville Daniel Bumba a inspect\u00e9 le samedi 8 f\u00e9vrier 2025, les travaux de r\u00e9habilitation et modernisation de ces avenues. Accompagn\u00e9 de Jean Mabi, Directeur G\u00e9n\u00e9ral du Bureau Central<\/p>\n","protected":false},"author":1,"featured_media":54983,"comment_status":"open","ping_status":"open","sticky":false,"template":"","format":"standard","meta":{"footnotes":""},"categories":[69,62,63],"tags":[73,66,67,70,64],"class_list":["post-54977","post","type-post","status-publish","format-standard","has-post-thumbnail","hentry","category-actualites","category-developpement","category-infrastructures","tag-bceco","tag-developpement","tag-execution","tag-kasai-central","tag-pdl145t"],"yoast_head":"<!-- This site is optimized with the Yoast SEO plugin v27.0 - https:\/\/yoast.com\/product\/yoast-seo-wordpress\/ -->\n<title>R\u00e9habilitation et Modernisation des routes autour du Grand March\u00e9 de Kinshasa, Daniel Bumba inspecte les travaux ! - Bureau Central de Coordination<\/title>\n<meta name=\"description\" content=\"R\u00e9habilitation et Modernisation des routes autour du Grand March\u00e9 de Kinshasa, Daniel Bumba inspecte les travaux !\" \/>\n<meta name=\"robots\" content=\"index, follow, max-snippet:-1, max-image-preview:large, max-video-preview:-1\" \/>\n<link rel=\"canonical\" href=\"https:\/\/ikar.dev\/bceco-v2\/rehabilitation-et-modernisation-des-routes-autour-du-grand-marche-de-kinshasa-daniel-bumba-inspecte-les-travaux\/\" \/>\n<meta property=\"og:locale\" content=\"en_US\" \/>\n<meta property=\"og:type\" content=\"article\" \/>\n<meta property=\"og:title\" content=\"R\u00e9habilitation et Modernisation des routes autour du Grand March\u00e9 de Kinshasa, Daniel Bumba inspecte les travaux ! - Bureau Central de Coordination\" \/>\n<meta property=\"og:description\" content=\"R\u00e9habilitation et Modernisation des routes autour du Grand March\u00e9 de Kinshasa, Daniel Bumba inspecte les travaux !\" \/>\n<meta property=\"og:url\" content=\"https:\/\/ikar.dev\/bceco-v2\/rehabilitation-et-modernisation-des-routes-autour-du-grand-marche-de-kinshasa-daniel-bumba-inspecte-les-travaux\/\" \/>\n<meta property=\"og:site_name\" content=\"Bureau Central de Coordination\" \/>\n<meta property=\"article:publisher\" content=\"https:\/\/www.facebook.com\/BCeCoRDC\" \/>\n<meta property=\"article:published_time\" content=\"2025-02-08T17:06:00+00:00\" \/>\n<meta property=\"article:modified_time\" content=\"2025-12-23T16:20:36+00:00\" \/>\n<meta property=\"og:image\" content=\"https:\/\/ikar.dev\/bceco-v2\/wp-content\/uploads\/2025\/09\/4M4A4772-scaled.jpg\" \/>\n\t<meta property=\"og:image:width\" content=\"2560\" \/>\n\t<meta property=\"og:image:height\" content=\"1707\" \/>\n\t<meta property=\"og:image:type\" content=\"image\/jpeg\" \/>\n<meta name=\"author\" content=\"bceco\" \/>\n<meta name=\"twitter:card\" content=\"summary_large_image\" \/>\n<meta name=\"twitter:creator\" content=\"@BCeCoRDC\" \/>\n<meta name=\"twitter:site\" content=\"@BCeCoRDC\" \/>\n<meta name=\"twitter:label1\" content=\"Written by\" \/>\n\t<meta name=\"twitter:data1\" content=\"bceco\" \/>\n\t<meta name=\"twitter:label2\" content=\"Est. reading time\" \/>\n\t<meta name=\"twitter:data2\" content=\"6 minutes\" \/>\n<script type=\"application\/ld+json\" class=\"yoast-schema-graph\">{\"@context\":\"https:\/\/schema.org\",\"@graph\":[{\"@type\":\"Article\",\"@id\":\"https:\/\/ikar.dev\/bceco-v2\/rehabilitation-et-modernisation-des-routes-autour-du-grand-marche-de-kinshasa-daniel-bumba-inspecte-les-travaux\/#article\",\"isPartOf\":{\"@id\":\"https:\/\/ikar.dev\/bceco-v2\/rehabilitation-et-modernisation-des-routes-autour-du-grand-marche-de-kinshasa-daniel-bumba-inspecte-les-travaux\/\"},\"author\":{\"name\":\"bceco\",\"@id\":\"https:\/\/ikar.dev\/bceco-v2\/#\/schema\/person\/6ee74807ffb016a78852fec6a295d503\"},\"headline\":\"R\u00e9habilitation et Modernisation des routes autour du Grand March\u00e9 de Kinshasa, Daniel Bumba inspecte les travaux !\",\"datePublished\":\"2025-02-08T17:06:00+00:00\",\"dateModified\":\"2025-12-23T16:20:36+00:00\",\"mainEntityOfPage\":{\"@id\":\"https:\/\/ikar.dev\/bceco-v2\/rehabilitation-et-modernisation-des-routes-autour-du-grand-marche-de-kinshasa-daniel-bumba-inspecte-les-travaux\/\"},\"wordCount\":475,\"commentCount\":0,\"publisher\":{\"@id\":\"https:\/\/ikar.dev\/bceco-v2\/#organization\"},\"image\":{\"@id\":\"https:\/\/ikar.dev\/bceco-v2\/rehabilitation-et-modernisation-des-routes-autour-du-grand-marche-de-kinshasa-daniel-bumba-inspecte-les-travaux\/#primaryimage\"},\"thumbnailUrl\":\"https:\/\/ikar.dev\/bceco-v2\/wp-content\/uploads\/2025\/09\/4M4A4772-scaled.jpg\",\"keywords\":[\"BCeCo\",\"D\u00e9veloppement\",\"Ex\u00e9cution\",\"Kasa\u00ef Central\",\"PDL145T\"],\"articleSection\":[\"Actualit\u00e9s\",\"D\u00e9veloppement\",\"Infrastructures\"],\"inLanguage\":\"en-US\",\"potentialAction\":[{\"@type\":\"CommentAction\",\"name\":\"Comment\",\"target\":[\"https:\/\/ikar.dev\/bceco-v2\/rehabilitation-et-modernisation-des-routes-autour-du-grand-marche-de-kinshasa-daniel-bumba-inspecte-les-travaux\/#respond\"]}]},{\"@type\":\"WebPage\",\"@id\":\"https:\/\/ikar.dev\/bceco-v2\/rehabilitation-et-modernisation-des-routes-autour-du-grand-marche-de-kinshasa-daniel-bumba-inspecte-les-travaux\/\",\"url\":\"https:\/\/ikar.dev\/bceco-v2\/rehabilitation-et-modernisation-des-routes-autour-du-grand-marche-de-kinshasa-daniel-bumba-inspecte-les-travaux\/\",\"name\":\"R\u00e9habilitation et Modernisation des routes autour du Grand March\u00e9 de Kinshasa, Daniel Bumba inspecte les travaux ! - Bureau Central de Coordination\",\"isPartOf\":{\"@id\":\"https:\/\/ikar.dev\/bceco-v2\/#website\"},\"primaryImageOfPage\":{\"@id\":\"https:\/\/ikar.dev\/bceco-v2\/rehabilitation-et-modernisation-des-routes-autour-du-grand-marche-de-kinshasa-daniel-bumba-inspecte-les-travaux\/#primaryimage\"},\"image\":{\"@id\":\"https:\/\/ikar.dev\/bceco-v2\/rehabilitation-et-modernisation-des-routes-autour-du-grand-marche-de-kinshasa-daniel-bumba-inspecte-les-travaux\/#primaryimage\"},\"thumbnailUrl\":\"https:\/\/ikar.dev\/bceco-v2\/wp-content\/uploads\/2025\/09\/4M4A4772-scaled.jpg\",\"datePublished\":\"2025-02-08T17:06:00+00:00\",\"dateModified\":\"2025-12-23T16:20:36+00:00\",\"description\":\"R\u00e9habilitation et Modernisation des routes autour du Grand March\u00e9 de Kinshasa, Daniel Bumba inspecte les travaux !\",\"breadcrumb\":{\"@id\":\"https:\/\/ikar.dev\/bceco-v2\/rehabilitation-et-modernisation-des-routes-autour-du-grand-marche-de-kinshasa-daniel-bumba-inspecte-les-travaux\/#breadcrumb\"},\"inLanguage\":\"en-US\",\"potentialAction\":[{\"@type\":\"ReadAction\",\"target\":[\"https:\/\/ikar.dev\/bceco-v2\/rehabilitation-et-modernisation-des-routes-autour-du-grand-marche-de-kinshasa-daniel-bumba-inspecte-les-travaux\/\"]}]},{\"@type\":\"ImageObject\",\"inLanguage\":\"en-US\",\"@id\":\"https:\/\/ikar.dev\/bceco-v2\/rehabilitation-et-modernisation-des-routes-autour-du-grand-marche-de-kinshasa-daniel-bumba-inspecte-les-travaux\/#primaryimage\",\"url\":\"https:\/\/ikar.dev\/bceco-v2\/wp-content\/uploads\/2025\/09\/4M4A4772-scaled.jpg\",\"contentUrl\":\"https:\/\/ikar.dev\/bceco-v2\/wp-content\/uploads\/2025\/09\/4M4A4772-scaled.jpg\",\"width\":2560,\"height\":1707},{\"@type\":\"BreadcrumbList\",\"@id\":\"https:\/\/ikar.dev\/bceco-v2\/rehabilitation-et-modernisation-des-routes-autour-du-grand-marche-de-kinshasa-daniel-bumba-inspecte-les-travaux\/#breadcrumb\",\"itemListElement\":[{\"@type\":\"ListItem\",\"position\":1,\"name\":\"Accueil\",\"item\":\"https:\/\/ikar.dev\/bceco-v2\/\"},{\"@type\":\"ListItem\",\"position\":2,\"name\":\"R\u00e9habilitation et Modernisation des routes autour du Grand March\u00e9 de Kinshasa, Daniel Bumba inspecte les travaux !\"}]},{\"@type\":\"WebSite\",\"@id\":\"https:\/\/ikar.dev\/bceco-v2\/#website\",\"url\":\"https:\/\/ikar.dev\/bceco-v2\/\",\"name\":\"Bureau Central de Coordination\",\"description\":\"B.Ce.Co \u2013 Au c\u0153ur de l\u2019ex\u00e9cution des projets de d\u00e9veloppement en RDC\",\"publisher\":{\"@id\":\"https:\/\/ikar.dev\/bceco-v2\/#organization\"},\"potentialAction\":[{\"@type\":\"SearchAction\",\"target\":{\"@type\":\"EntryPoint\",\"urlTemplate\":\"https:\/\/ikar.dev\/bceco-v2\/?s={search_term_string}\"},\"query-input\":{\"@type\":\"PropertyValueSpecification\",\"valueRequired\":true,\"valueName\":\"search_term_string\"}}],\"inLanguage\":\"en-US\"},{\"@type\":\"Organization\",\"@id\":\"https:\/\/ikar.dev\/bceco-v2\/#organization\",\"name\":\"Bureau Central de Coordination\",\"url\":\"https:\/\/ikar.dev\/bceco-v2\/\",\"logo\":{\"@type\":\"ImageObject\",\"inLanguage\":\"en-US\",\"@id\":\"https:\/\/ikar.dev\/bceco-v2\/#\/schema\/logo\/image\/\",\"url\":\"https:\/\/ikar.dev\/bceco-v2\/wp-content\/uploads\/2025\/12\/BCECO-Bureau-Central-de-Coordination.jpg\",\"contentUrl\":\"https:\/\/ikar.dev\/bceco-v2\/wp-content\/uploads\/2025\/12\/BCECO-Bureau-Central-de-Coordination.jpg\",\"width\":2048,\"height\":2048,\"caption\":\"Bureau Central de Coordination\"},\"image\":{\"@id\":\"https:\/\/ikar.dev\/bceco-v2\/#\/schema\/logo\/image\/\"},\"sameAs\":[\"https:\/\/www.facebook.com\/BCeCoRDC\",\"https:\/\/x.com\/BCeCoRDC\"]},{\"@type\":\"Person\",\"@id\":\"https:\/\/ikar.dev\/bceco-v2\/#\/schema\/person\/6ee74807ffb016a78852fec6a295d503\",\"name\":\"bceco\",\"image\":{\"@type\":\"ImageObject\",\"inLanguage\":\"en-US\",\"@id\":\"https:\/\/ikar.dev\/bceco-v2\/#\/schema\/person\/image\/\",\"url\":\"https:\/\/secure.gravatar.com\/avatar\/55c07e1707f50774ef3c842c9d074773a6b558a20fbd1608c8e4871bc88f3455?s=96&d=mm&r=g\",\"contentUrl\":\"https:\/\/secure.gravatar.com\/avatar\/55c07e1707f50774ef3c842c9d074773a6b558a20fbd1608c8e4871bc88f3455?s=96&d=mm&r=g\",\"caption\":\"bceco\"},\"sameAs\":[\"https:\/\/ikar.dev\/bceco-v2\"],\"url\":\"https:\/\/ikar.dev\/bceco-v2\/author\/bceco\/\"}]}<\/script>\n<!-- \/ Yoast SEO plugin. -->","yoast_head_json":{"title":"R\u00e9habilitation et Modernisation des routes autour du Grand March\u00e9 de Kinshasa, Daniel Bumba inspecte les travaux ! - Bureau Central de Coordination","description":"R\u00e9habilitation et Modernisation des routes autour du Grand March\u00e9 de Kinshasa, Daniel Bumba inspecte les travaux !","robots":{"index":"index","follow":"follow","max-snippet":"max-snippet:-1","max-image-preview":"max-image-preview:large","max-video-preview":"max-video-preview:-1"},"canonical":"https:\/\/ikar.dev\/bceco-v2\/rehabilitation-et-modernisation-des-routes-autour-du-grand-marche-de-kinshasa-daniel-bumba-inspecte-les-travaux\/","og_locale":"en_US","og_type":"article","og_title":"R\u00e9habilitation et Modernisation des routes autour du Grand March\u00e9 de Kinshasa, Daniel Bumba inspecte les travaux ! - Bureau Central de Coordination","og_description":"R\u00e9habilitation et Modernisation des routes autour du Grand March\u00e9 de Kinshasa, Daniel Bumba inspecte les travaux !","og_url":"https:\/\/ikar.dev\/bceco-v2\/rehabilitation-et-modernisation-des-routes-autour-du-grand-marche-de-kinshasa-daniel-bumba-inspecte-les-travaux\/","og_site_name":"Bureau Central de Coordination","article_publisher":"https:\/\/www.facebook.com\/BCeCoRDC","article_published_time":"2025-02-08T17:06:00+00:00","article_modified_time":"2025-12-23T16:20:36+00:00","og_image":[{"width":2560,"height":1707,"url":"https:\/\/ikar.dev\/bceco-v2\/wp-content\/uploads\/2025\/09\/4M4A4772-scaled.jpg","type":"image\/jpeg"}],"author":"bceco","twitter_card":"summary_large_image","twitter_creator":"@BCeCoRDC","twitter_site":"@BCeCoRDC","twitter_misc":{"Written by":"bceco","Est. reading time":"6 minutes"},"schema":{"@context":"https:\/\/schema.org","@graph":[{"@type":"Article","@id":"https:\/\/ikar.dev\/bceco-v2\/rehabilitation-et-modernisation-des-routes-autour-du-grand-marche-de-kinshasa-daniel-bumba-inspecte-les-travaux\/#article","isPartOf":{"@id":"https:\/\/ikar.dev\/bceco-v2\/rehabilitation-et-modernisation-des-routes-autour-du-grand-marche-de-kinshasa-daniel-bumba-inspecte-les-travaux\/"},"author":{"name":"bceco","@id":"https:\/\/ikar.dev\/bceco-v2\/#\/schema\/person\/6ee74807ffb016a78852fec6a295d503"},"headline":"R\u00e9habilitation et Modernisation des routes autour du Grand March\u00e9 de Kinshasa, Daniel Bumba inspecte les travaux !","datePublished":"2025-02-08T17:06:00+00:00","dateModified":"2025-12-23T16:20:36+00:00","mainEntityOfPage":{"@id":"https:\/\/ikar.dev\/bceco-v2\/rehabilitation-et-modernisation-des-routes-autour-du-grand-marche-de-kinshasa-daniel-bumba-inspecte-les-travaux\/"},"wordCount":475,"commentCount":0,"publisher":{"@id":"https:\/\/ikar.dev\/bceco-v2\/#organization"},"image":{"@id":"https:\/\/ikar.dev\/bceco-v2\/rehabilitation-et-modernisation-des-routes-autour-du-grand-marche-de-kinshasa-daniel-bumba-inspecte-les-travaux\/#primaryimage"},"thumbnailUrl":"https:\/\/ikar.dev\/bceco-v2\/wp-content\/uploads\/2025\/09\/4M4A4772-scaled.jpg","keywords":["BCeCo","D\u00e9veloppement","Ex\u00e9cution","Kasa\u00ef Central","PDL145T"],"articleSection":["Actualit\u00e9s","D\u00e9veloppement","Infrastructures"],"inLanguage":"en-US","potentialAction":[{"@type":"CommentAction","name":"Comment","target":["https:\/\/ikar.dev\/bceco-v2\/rehabilitation-et-modernisation-des-routes-autour-du-grand-marche-de-kinshasa-daniel-bumba-inspecte-les-travaux\/#respond"]}]},{"@type":"WebPage","@id":"https:\/\/ikar.dev\/bceco-v2\/rehabilitation-et-modernisation-des-routes-autour-du-grand-marche-de-kinshasa-daniel-bumba-inspecte-les-travaux\/","url":"https:\/\/ikar.dev\/bceco-v2\/rehabilitation-et-modernisation-des-routes-autour-du-grand-marche-de-kinshasa-daniel-bumba-inspecte-les-travaux\/","name":"R\u00e9habilitation et Modernisation des routes autour du Grand March\u00e9 de Kinshasa, Daniel Bumba inspecte les travaux ! - Bureau Central de Coordination","isPartOf":{"@id":"https:\/\/ikar.dev\/bceco-v2\/#website"},"primaryImageOfPage":{"@id":"https:\/\/ikar.dev\/bceco-v2\/rehabilitation-et-modernisation-des-routes-autour-du-grand-marche-de-kinshasa-daniel-bumba-inspecte-les-travaux\/#primaryimage"},"image":{"@id":"https:\/\/ikar.dev\/bceco-v2\/rehabilitation-et-modernisation-des-routes-autour-du-grand-marche-de-kinshasa-daniel-bumba-inspecte-les-travaux\/#primaryimage"},"thumbnailUrl":"https:\/\/ikar.dev\/bceco-v2\/wp-content\/uploads\/2025\/09\/4M4A4772-scaled.jpg","datePublished":"2025-02-08T17:06:00+00:00","dateModified":"2025-12-23T16:20:36+00:00","description":"R\u00e9habilitation et Modernisation des routes autour du Grand March\u00e9 de Kinshasa, Daniel Bumba inspecte les travaux !","breadcrumb":{"@id":"https:\/\/ikar.dev\/bceco-v2\/rehabilitation-et-modernisation-des-routes-autour-du-grand-marche-de-kinshasa-daniel-bumba-inspecte-les-travaux\/#breadcrumb"},"inLanguage":"en-US","potentialAction":[{"@type":"ReadAction","target":["https:\/\/ikar.dev\/bceco-v2\/rehabilitation-et-modernisation-des-routes-autour-du-grand-marche-de-kinshasa-daniel-bumba-inspecte-les-travaux\/"]}]},{"@type":"ImageObject","inLanguage":"en-US","@id":"https:\/\/ikar.dev\/bceco-v2\/rehabilitation-et-modernisation-des-routes-autour-du-grand-marche-de-kinshasa-daniel-bumba-inspecte-les-travaux\/#primaryimage","url":"https:\/\/ikar.dev\/bceco-v2\/wp-content\/uploads\/2025\/09\/4M4A4772-scaled.jpg","contentUrl":"https:\/\/ikar.dev\/bceco-v2\/wp-content\/uploads\/2025\/09\/4M4A4772-scaled.jpg","width":2560,"height":1707},{"@type":"BreadcrumbList","@id":"https:\/\/ikar.dev\/bceco-v2\/rehabilitation-et-modernisation-des-routes-autour-du-grand-marche-de-kinshasa-daniel-bumba-inspecte-les-travaux\/#breadcrumb","itemListElement":[{"@type":"ListItem","position":1,"name":"Accueil","item":"https:\/\/ikar.dev\/bceco-v2\/"},{"@type":"ListItem","position":2,"name":"R\u00e9habilitation et Modernisation des routes autour du Grand March\u00e9 de Kinshasa, Daniel Bumba inspecte les travaux !"}]},{"@type":"WebSite","@id":"https:\/\/ikar.dev\/bceco-v2\/#website","url":"https:\/\/ikar.dev\/bceco-v2\/","name":"Bureau Central de Coordination","description":"B.Ce.Co \u2013 Au c\u0153ur de l\u2019ex\u00e9cution des projets de d\u00e9veloppement en RDC","publisher":{"@id":"https:\/\/ikar.dev\/bceco-v2\/#organization"},"potentialAction":[{"@type":"SearchAction","target":{"@type":"EntryPoint","urlTemplate":"https:\/\/ikar.dev\/bceco-v2\/?s={search_term_string}"},"query-input":{"@type":"PropertyValueSpecification","valueRequired":true,"valueName":"search_term_string"}}],"inLanguage":"en-US"},{"@type":"Organization","@id":"https:\/\/ikar.dev\/bceco-v2\/#organization","name":"Bureau Central de Coordination","url":"https:\/\/ikar.dev\/bceco-v2\/","logo":{"@type":"ImageObject","inLanguage":"en-US","@id":"https:\/\/ikar.dev\/bceco-v2\/#\/schema\/logo\/image\/","url":"https:\/\/ikar.dev\/bceco-v2\/wp-content\/uploads\/2025\/12\/BCECO-Bureau-Central-de-Coordination.jpg","contentUrl":"https:\/\/ikar.dev\/bceco-v2\/wp-content\/uploads\/2025\/12\/BCECO-Bureau-Central-de-Coordination.jpg","width":2048,"height":2048,"caption":"Bureau Central de Coordination"},"image":{"@id":"https:\/\/ikar.dev\/bceco-v2\/#\/schema\/logo\/image\/"},"sameAs":["https:\/\/www.facebook.com\/BCeCoRDC","https:\/\/x.com\/BCeCoRDC"]},{"@type":"Person","@id":"https:\/\/ikar.dev\/bceco-v2\/#\/schema\/person\/6ee74807ffb016a78852fec6a295d503","name":"bceco","image":{"@type":"ImageObject","inLanguage":"en-US","@id":"https:\/\/ikar.dev\/bceco-v2\/#\/schema\/person\/image\/","url":"https:\/\/secure.gravatar.com\/avatar\/55c07e1707f50774ef3c842c9d074773a6b558a20fbd1608c8e4871bc88f3455?s=96&d=mm&r=g","contentUrl":"https:\/\/secure.gravatar.com\/avatar\/55c07e1707f50774ef3c842c9d074773a6b558a20fbd1608c8e4871bc88f3455?s=96&d=mm&r=g","caption":"bceco"},"sameAs":["https:\/\/ikar.dev\/bceco-v2"],"url":"https:\/\/ikar.dev\/bceco-v2\/author\/bceco\/"}]}},"_links":{"self":[{"href":"https:\/\/ikar.dev\/bceco-v2\/wp-json\/wp\/v2\/posts\/54977","targetHints":{"allow":["GET"]}}],"collection":[{"href":"https:\/\/ikar.dev\/bceco-v2\/wp-json\/wp\/v2\/posts"}],"about":[{"href":"https:\/\/ikar.dev\/bceco-v2\/wp-json\/wp\/v2\/types\/post"}],"author":[{"embeddable":true,"href":"https:\/\/ikar.dev\/bceco-v2\/wp-json\/wp\/v2\/users\/1"}],"replies":[{"embeddable":true,"href":"https:\/\/ikar.dev\/bceco-v2\/wp-json\/wp\/v2\/comments?post=54977"}],"version-history":[{"count":1,"href":"https:\/\/ikar.dev\/bceco-v2\/wp-json\/wp\/v2\/posts\/54977\/revisions"}],"predecessor-version":[{"id":56325,"href":"https:\/\/ikar.dev\/bceco-v2\/wp-json\/wp\/v2\/posts\/54977\/revisions\/56325"}],"wp:featuredmedia":[{"embeddable":true,"href":"https:\/\/ikar.dev\/bceco-v2\/wp-json\/wp\/v2\/media\/54983"}],"wp:attachment":[{"href":"https:\/\/ikar.dev\/bceco-v2\/wp-json\/wp\/v2\/media?parent=54977"}],"wp:term":[{"taxonomy":"category","embeddable":true,"href":"https:\/\/ikar.dev\/bceco-v2\/wp-json\/wp\/v2\/categories?post=54977"},{"taxonomy":"post_tag","embeddable":true,"href":"https:\/\/ikar.dev\/bceco-v2\/wp-json\/wp\/v2\/tags?post=54977"}],"curies":[{"name":"wp","href":"https:\/\/api.w.org\/{rel}","templated":true}]}}