{"id":54952,"date":"2024-12-24T17:00:45","date_gmt":"2024-12-24T17:00:45","guid":{"rendered":"https:\/\/bceco.cd\/?p=54952"},"modified":"2025-12-23T17:20:23","modified_gmt":"2025-12-23T16:20:23","slug":"hopital-general-provincial-de-kananga-le-president-de-la-republique-remet-les-cles-du-centre-de-diagnostic-medical","status":"publish","type":"post","link":"https:\/\/ikar.dev\/bceco-v2\/hopital-general-provincial-de-kananga-le-president-de-la-republique-remet-les-cles-du-centre-de-diagnostic-medical\/","title":{"rendered":"H\u00f4pital G\u00e9n\u00e9ral provincial de kananga: Le Pr\u00e9sident de la R\u00e9publique remet les cl\u00e9s du Centre de Diagnostic M\u00e9dical !"},"content":{"rendered":"\t\t<div data-elementor-type=\"wp-post\" data-elementor-id=\"54952\" class=\"elementor elementor-54952\" data-elementor-post-type=\"post\">\n\t\t\t\t\t\t<section class=\"elementor-section elementor-top-section elementor-element elementor-element-d0e082c elementor-section-boxed elementor-section-height-default elementor-section-height-default\" data-id=\"d0e082c\" data-element_type=\"section\" data-e-type=\"section\">\n\t\t\t\t\t\t<div class=\"elementor-container elementor-column-gap-default\">\n\t\t\t\t\t<div class=\"elementor-column elementor-col-100 elementor-top-column elementor-element elementor-element-f2ac9cb\" data-id=\"f2ac9cb\" data-element_type=\"column\" data-e-type=\"column\">\n\t\t\t<div class=\"elementor-widget-wrap elementor-element-populated\">\n\t\t\t\t\t\t<div class=\"elementor-element elementor-element-707648a3 elementor-widget elementor-widget-text-editor\" data-id=\"707648a3\" data-element_type=\"widget\" data-e-type=\"widget\" data-widget_type=\"text-editor.default\">\n\t\t\t\t\t\t\t\t\t\n<p class=\"has-text-align-justify\">Arriv\u00e9 \u00e0 kananga le mardi 24 d\u00e9cembre 2024, et apr\u00e8s son adresse \u00e0 la population \u00e0 la place de l&#8217;ind\u00e9pendance, le Pr\u00e9sident de la R\u00e9publique F\u00e9lix Antoine Tshisekedi Tshilombo s&#8217;est rendu directement \u00e0 l&#8217;h\u00f4pital G\u00e9n\u00e9ral Provincial de kananga afin de proc\u00e9der \u00e0 la remise officielle du centre de Diagnostic M\u00e9dical.<\/p>\n\n\n\n<p class=\"has-text-align-justify\">Accueilli sur place par une d\u00e9l\u00e9gation compos\u00e9e des agents et cadres de la dite institution et aussi des officiels dont Jean mabi Mulumba Directeur G\u00e9n\u00e9ral du Bureau central de Coordination (BCECO).<\/p>\n\n\n\n<p class=\"has-text-align-justify\">Docteur Zed Ilunga, M\u00e9decin Directeur de cet h\u00f4pital a conduit une visite guid\u00e9e expliquant au premier de tous les congolais les diff\u00e9rentes machines et leur utilit\u00e9. Pour ce professionnel de sant\u00e9, ceci renforce la pr\u00e9cision dans la pose du diagnostic c&#8217;est le cas avec le scanner qui est un mat\u00e9riel plus sophistiqu\u00e9 que la radiographie. D\u00e9sormais, cet h\u00f4pital de niveau secondaire dispose des mat\u00e9riels de niveau tertiaire en ce qui concerne l&#8217;imagerie et permettra certaines prises en charge sur place \u00e0 kananga.<\/p>\n\n\n\n<figure class=\"wp-block-image size-full\"><img decoding=\"async\" src=\"https:\/\/bceco.cd\/wp-content\/uploads\/2025\/09\/4M4A3988.jpg\" alt=\"\" class=\"wp-image-54962\"\/><\/figure>\n\n\n\n<p class=\"has-text-align-justify\">Apr\u00e8s cette activit\u00e9, et sur instruction du pr\u00e9sident de la R\u00e9publique, chef de l&#8217;Etat, le ministre de la sant\u00e9 le Docteur Samuel Roger Kamba a aussi remis la nouvelle morgue aux b\u00e9n\u00e9ficiaires par le biais du M\u00e9decin Directeur.<\/p>\n\n\n\n<figure class=\"wp-block-image size-full\"><img decoding=\"async\" src=\"https:\/\/bceco.cd\/wp-content\/uploads\/2025\/09\/morgue-KNG-18.jpg\" alt=\"\" class=\"wp-image-54971\"\/><\/figure>\n\n\n\n<p class=\"has-text-align-justify\">Cette morgue nouvellement construite par Safrimex sous la coordination du Bureau Central de Coordination( BCECO) comprend 54 casiers pour garder les corps, une salle d&#8217;autopsie, une salle de mise en bi\u00e8re, une salle d&#8217;embaumement, et \u00e9galement des bureaux pour les personnels et les m\u00e9decins pratiquant la m\u00e9decine l\u00e9gale sans omettre une salle de vid\u00e9o surveillance et une place de recueillement pour les familles explor\u00e9es.<\/p>\n\n\n\n<p class=\"has-text-align-justify\">L&#8217;ouvrage ci- haut cit\u00e9 dispose de 3 sources d&#8217;\u00e9nergie. Des panneaux solaires et un g\u00e9n\u00e9rateur sont install\u00e9s afin de parlier au d\u00e9ficit du courant \u00e9lectrique.<\/p>\n\n\n\n<p class=\"has-text-align-justify\">Ce syst\u00e8me hybride est g\u00e9r\u00e9 automatiquement depuis une cabine regroupant les 3 lignes d&#8217;approvisionnement permettant ainsi un fonctionnement optimal de la morgue.<\/p>\n\n\n\n<p class=\"has-text-align-justify\">Il est \u00e0 signaler que cette morgue a une autonomie de pr\u00e8s de 15h en cas d&#8217;arr\u00eat complet de ces 3 sources nomm\u00e9es.<\/p>\n\n\n\n<figure class=\"wp-block-image size-full\"><img decoding=\"async\" src=\"https:\/\/bceco.cd\/wp-content\/uploads\/2025\/09\/morgue-KNG-9.jpg\" alt=\"\" class=\"wp-image-54964\"\/><\/figure>\n\n\n\n<p class=\"has-text-align-justify\">Un motif de satisf\u00e9cit et de fiert\u00e9 pour le num\u00e9ro un de la sant\u00e9 publique qui se r\u00e9jouit de voir cette infrastructure, qui selon lui rentre dans la vision du chef de l&#8217;\u00c9tat sur l&#8217;am\u00e9lioration des conditions de sant\u00e9, des \u00e9quipements , du personnel et des m\u00e9dicaments.<\/p>\n\n\n\n<p class=\"has-text-align-justify\">Quand Zed Ilunga qui n&#8217;a eu d&#8217;autre mot que de remercier le Pr\u00e9sident de la R\u00e9publique et les diff\u00e9rents partenaires pour la construction de cet ouvrage qui tombe \u00e0 point nomm\u00e9. D\u00e9sormais la population kanangaise pourra enterrer dignement ceux qui les pr\u00e9c\u00e8dent dans l&#8217;au-del\u00e0 a conclu le responsable&nbsp;de&nbsp;cet&nbsp;h\u00f4pital.<\/p>\n\t\t\t\t\t\t\t\t<\/div>\n\t\t\t\t\t<\/div>\n\t\t<\/div>\n\t\t\t\t\t<\/div>\n\t\t<\/section>\n\t\t\t\t<section class=\"elementor-section elementor-top-section elementor-element elementor-element-cdcbb73 elementor-section-boxed elementor-section-height-default elementor-section-height-default\" data-id=\"cdcbb73\" data-element_type=\"section\" data-e-type=\"section\">\n\t\t\t\t\t\t<div class=\"elementor-container elementor-column-gap-default\">\n\t\t\t\t\t<div class=\"elementor-column elementor-col-50 elementor-top-column elementor-element elementor-element-751c36b\" data-id=\"751c36b\" data-element_type=\"column\" data-e-type=\"column\">\n\t\t\t<div class=\"elementor-widget-wrap elementor-element-populated\">\n\t\t\t\t\t\t<div class=\"elementor-element elementor-element-1d268db elementor-widget elementor-widget-video\" data-id=\"1d268db\" data-element_type=\"widget\" data-e-type=\"widget\" data-settings=\"{&quot;youtube_url&quot;:&quot;https:\\\/\\\/youtu.be\\\/CwnHfYNOBGA?si=9Ym8J1UlqirpV1bH&quot;,&quot;autoplay&quot;:&quot;yes&quot;,&quot;video_type&quot;:&quot;youtube&quot;,&quot;controls&quot;:&quot;yes&quot;}\" data-widget_type=\"video.default\">\n\t\t\t\t\t\t\t<div class=\"elementor-wrapper elementor-open-inline\">\n\t\t\t<div class=\"elementor-video\"><\/div>\t\t<\/div>\n\t\t\t\t\t\t<\/div>\n\t\t\t\t\t<\/div>\n\t\t<\/div>\n\t\t\t\t<div class=\"elementor-column elementor-col-50 elementor-top-column elementor-element elementor-element-a07538b\" data-id=\"a07538b\" data-element_type=\"column\" data-e-type=\"column\">\n\t\t\t<div class=\"elementor-widget-wrap elementor-element-populated\">\n\t\t\t\t\t\t<div class=\"elementor-element elementor-element-b6e5eab elementor-arrows-position-inside elementor-pagination-position-outside elementor-widget elementor-widget-image-carousel\" data-id=\"b6e5eab\" data-element_type=\"widget\" data-e-type=\"widget\" data-settings=\"{&quot;slides_to_show&quot;:&quot;1&quot;,&quot;navigation&quot;:&quot;both&quot;,&quot;autoplay&quot;:&quot;yes&quot;,&quot;pause_on_hover&quot;:&quot;yes&quot;,&quot;pause_on_interaction&quot;:&quot;yes&quot;,&quot;autoplay_speed&quot;:5000,&quot;infinite&quot;:&quot;yes&quot;,&quot;effect&quot;:&quot;slide&quot;,&quot;speed&quot;:500}\" data-widget_type=\"image-carousel.default\">\n\t\t\t\t\t\t\t<div class=\"elementor-image-carousel-wrapper swiper\" role=\"region\" aria-roledescription=\"carousel\" aria-label=\"Image Carousel\" dir=\"ltr\">\n\t\t\t<div class=\"elementor-image-carousel swiper-wrapper\" aria-live=\"off\">\n\t\t\t\t\t\t\t\t<div class=\"swiper-slide\" role=\"group\" aria-roledescription=\"slide\" aria-label=\"1 of 15\"><figure class=\"swiper-slide-inner\"><img decoding=\"async\" class=\"swiper-slide-image\" src=\"https:\/\/ikar.dev\/bceco-v2\/wp-content\/uploads\/2025\/09\/4M4A3993-80x80.jpg\" alt=\"4M4A3993\" \/><\/figure><\/div><div class=\"swiper-slide\" role=\"group\" aria-roledescription=\"slide\" aria-label=\"2 of 15\"><figure class=\"swiper-slide-inner\"><img decoding=\"async\" class=\"swiper-slide-image\" src=\"https:\/\/ikar.dev\/bceco-v2\/wp-content\/uploads\/2025\/09\/4M4A3988-80x80.jpg\" alt=\"4M4A3988\" \/><\/figure><\/div><div class=\"swiper-slide\" role=\"group\" aria-roledescription=\"slide\" aria-label=\"3 of 15\"><figure class=\"swiper-slide-inner\"><img decoding=\"async\" class=\"swiper-slide-image\" src=\"https:\/\/ikar.dev\/bceco-v2\/wp-content\/uploads\/2025\/09\/4M4A3987-80x80.jpg\" alt=\"4M4A3987\" \/><\/figure><\/div><div class=\"swiper-slide\" role=\"group\" aria-roledescription=\"slide\" aria-label=\"4 of 15\"><figure class=\"swiper-slide-inner\"><img decoding=\"async\" class=\"swiper-slide-image\" src=\"https:\/\/ikar.dev\/bceco-v2\/wp-content\/uploads\/2025\/09\/4M4A3983-80x80.jpg\" alt=\"4M4A3983\" \/><\/figure><\/div><div class=\"swiper-slide\" role=\"group\" aria-roledescription=\"slide\" aria-label=\"5 of 15\"><figure class=\"swiper-slide-inner\"><img decoding=\"async\" class=\"swiper-slide-image\" src=\"https:\/\/ikar.dev\/bceco-v2\/wp-content\/uploads\/2025\/09\/4M4A3885-80x80.jpg\" alt=\"4M4A3885\" \/><\/figure><\/div><div class=\"swiper-slide\" role=\"group\" aria-roledescription=\"slide\" aria-label=\"6 of 15\"><figure class=\"swiper-slide-inner\"><img decoding=\"async\" class=\"swiper-slide-image\" src=\"https:\/\/ikar.dev\/bceco-v2\/wp-content\/uploads\/2025\/09\/4M4A3880-80x80.jpg\" alt=\"4M4A3880\" \/><\/figure><\/div><div class=\"swiper-slide\" role=\"group\" aria-roledescription=\"slide\" aria-label=\"7 of 15\"><figure class=\"swiper-slide-inner\"><img decoding=\"async\" class=\"swiper-slide-image\" src=\"https:\/\/ikar.dev\/bceco-v2\/wp-content\/uploads\/2025\/09\/4M4A3871-80x80.jpg\" alt=\"4M4A3871\" \/><\/figure><\/div><div class=\"swiper-slide\" role=\"group\" aria-roledescription=\"slide\" aria-label=\"8 of 15\"><figure class=\"swiper-slide-inner\"><img decoding=\"async\" class=\"swiper-slide-image\" src=\"https:\/\/ikar.dev\/bceco-v2\/wp-content\/uploads\/2025\/09\/4M4A3865-80x80.jpg\" alt=\"4M4A3865\" \/><\/figure><\/div><div class=\"swiper-slide\" role=\"group\" aria-roledescription=\"slide\" aria-label=\"9 of 15\"><figure class=\"swiper-slide-inner\"><img decoding=\"async\" class=\"swiper-slide-image\" src=\"https:\/\/ikar.dev\/bceco-v2\/wp-content\/uploads\/2025\/09\/morgue-KNG-10-80x80.jpg\" alt=\"morgue KNG (10)\" \/><\/figure><\/div><div class=\"swiper-slide\" role=\"group\" aria-roledescription=\"slide\" aria-label=\"10 of 15\"><figure class=\"swiper-slide-inner\"><img decoding=\"async\" class=\"swiper-slide-image\" src=\"https:\/\/ikar.dev\/bceco-v2\/wp-content\/uploads\/2025\/09\/morgue-KNG-12-80x80.jpg\" alt=\"morgue KNG (12)\" \/><\/figure><\/div><div class=\"swiper-slide\" role=\"group\" aria-roledescription=\"slide\" aria-label=\"11 of 15\"><figure class=\"swiper-slide-inner\"><img decoding=\"async\" class=\"swiper-slide-image\" src=\"https:\/\/ikar.dev\/bceco-v2\/wp-content\/uploads\/2025\/09\/morgue-KNG-9-80x80.jpg\" alt=\"morgue KNG (9)\" \/><\/figure><\/div><div class=\"swiper-slide\" role=\"group\" aria-roledescription=\"slide\" aria-label=\"12 of 15\"><figure class=\"swiper-slide-inner\"><img decoding=\"async\" class=\"swiper-slide-image\" src=\"https:\/\/ikar.dev\/bceco-v2\/wp-content\/uploads\/2025\/09\/morgue-KNG-18-80x80.jpg\" alt=\"morgue KNG (18)\" \/><\/figure><\/div><div class=\"swiper-slide\" role=\"group\" aria-roledescription=\"slide\" aria-label=\"13 of 15\"><figure class=\"swiper-slide-inner\"><img decoding=\"async\" class=\"swiper-slide-image\" src=\"https:\/\/ikar.dev\/bceco-v2\/wp-content\/uploads\/2025\/09\/morgue-KNG-17-80x80.jpg\" alt=\"morgue KNG (17)\" \/><\/figure><\/div><div class=\"swiper-slide\" role=\"group\" aria-roledescription=\"slide\" aria-label=\"14 of 15\"><figure class=\"swiper-slide-inner\"><img decoding=\"async\" class=\"swiper-slide-image\" src=\"https:\/\/ikar.dev\/bceco-v2\/wp-content\/uploads\/2025\/09\/morgue-KNG-16-80x80.jpg\" alt=\"morgue KNG (16)\" \/><\/figure><\/div><div class=\"swiper-slide\" role=\"group\" aria-roledescription=\"slide\" aria-label=\"15 of 15\"><figure class=\"swiper-slide-inner\"><img decoding=\"async\" class=\"swiper-slide-image\" src=\"https:\/\/ikar.dev\/bceco-v2\/wp-content\/uploads\/2025\/09\/morgue-KNG-14-80x80.jpg\" alt=\"morgue KNG (14)\" \/><\/figure><\/div>\t\t\t<\/div>\n\t\t\t\t\t\t\t\t\t\t\t\t<div class=\"elementor-swiper-button elementor-swiper-button-prev\" role=\"button\" tabindex=\"0\">\n\t\t\t\t\t\t<svg aria-hidden=\"true\" class=\"e-font-icon-svg e-eicon-chevron-left\" viewBox=\"0 0 1000 1000\" xmlns=\"http:\/\/www.w3.org\/2000\/svg\"><path d=\"M646 125C629 125 613 133 604 142L308 442C296 454 292 471 292 487 292 504 296 521 308 533L604 854C617 867 629 875 646 875 663 875 679 871 692 858 704 846 713 829 713 812 713 796 708 779 692 767L438 487 692 225C700 217 708 204 708 187 708 171 704 154 692 142 675 129 663 125 646 125Z\"><\/path><\/svg>\t\t\t\t\t<\/div>\n\t\t\t\t\t<div class=\"elementor-swiper-button elementor-swiper-button-next\" role=\"button\" tabindex=\"0\">\n\t\t\t\t\t\t<svg aria-hidden=\"true\" class=\"e-font-icon-svg e-eicon-chevron-right\" viewBox=\"0 0 1000 1000\" xmlns=\"http:\/\/www.w3.org\/2000\/svg\"><path d=\"M696 533C708 521 713 504 713 487 713 471 708 454 696 446L400 146C388 133 375 125 354 125 338 125 325 129 313 142 300 154 292 171 292 187 292 204 296 221 308 233L563 492 304 771C292 783 288 800 288 817 288 833 296 850 308 863 321 871 338 875 354 875 371 875 388 867 400 854L696 533Z\"><\/path><\/svg>\t\t\t\t\t<\/div>\n\t\t\t\t\n\t\t\t\t\t\t\t\t\t<div class=\"swiper-pagination\"><\/div>\n\t\t\t\t\t\t\t\t\t<\/div>\n\t\t\t\t\t\t<\/div>\n\t\t\t\t\t<\/div>\n\t\t<\/div>\n\t\t\t\t\t<\/div>\n\t\t<\/section>\n\t\t\t\t<\/div>\n\t\t","protected":false},"excerpt":{"rendered":"<p>Arriv\u00e9 \u00e0 kananga le mardi 24 d\u00e9cembre 2024, et apr\u00e8s son adresse \u00e0 la population \u00e0 la place de l&#8217;ind\u00e9pendance, le Pr\u00e9sident de la R\u00e9publique F\u00e9lix Antoine Tshisekedi Tshilombo s&#8217;est rendu directement \u00e0 l&#8217;h\u00f4pital G\u00e9n\u00e9ral Provincial de kananga afin de proc\u00e9der \u00e0 la remise officielle du centre de Diagnostic M\u00e9dical. Accueilli sur place par une<\/p>\n","protected":false},"author":1,"featured_media":54963,"comment_status":"open","ping_status":"open","sticky":false,"template":"","format":"standard","meta":{"footnotes":""},"categories":[62,63,82],"tags":[73,68,70],"class_list":["post-54952","post","type-post","status-publish","format-standard","has-post-thumbnail","hentry","category-developpement","category-infrastructures","category-sante","tag-bceco","tag-infrastructures","tag-kasai-central"],"yoast_head":"<!-- This site is optimized with the Yoast SEO plugin v27.0 - https:\/\/yoast.com\/product\/yoast-seo-wordpress\/ -->\n<title>H\u00f4pital G\u00e9n\u00e9ral provincial de kananga: Le Pr\u00e9sident de la R\u00e9publique remet les cl\u00e9s du Centre de Diagnostic M\u00e9dical ! - Bureau Central de Coordination<\/title>\n<meta name=\"description\" content=\"H\u00f4pital G\u00e9n\u00e9ral provincial de kananga: Le Pr\u00e9sident de la R\u00e9publique remet les cl\u00e9s du Centre de Diagnostic M\u00e9dical !\" \/>\n<meta name=\"robots\" content=\"index, follow, max-snippet:-1, max-image-preview:large, max-video-preview:-1\" \/>\n<link rel=\"canonical\" href=\"https:\/\/ikar.dev\/bceco-v2\/hopital-general-provincial-de-kananga-le-president-de-la-republique-remet-les-cles-du-centre-de-diagnostic-medical\/\" \/>\n<meta property=\"og:locale\" content=\"en_US\" \/>\n<meta property=\"og:type\" content=\"article\" \/>\n<meta property=\"og:title\" content=\"H\u00f4pital G\u00e9n\u00e9ral provincial de kananga: Le Pr\u00e9sident de la R\u00e9publique remet les cl\u00e9s du Centre de Diagnostic M\u00e9dical ! - Bureau Central de Coordination\" \/>\n<meta property=\"og:description\" content=\"H\u00f4pital G\u00e9n\u00e9ral provincial de kananga: Le Pr\u00e9sident de la R\u00e9publique remet les cl\u00e9s du Centre de Diagnostic M\u00e9dical !\" \/>\n<meta property=\"og:url\" content=\"https:\/\/ikar.dev\/bceco-v2\/hopital-general-provincial-de-kananga-le-president-de-la-republique-remet-les-cles-du-centre-de-diagnostic-medical\/\" \/>\n<meta property=\"og:site_name\" content=\"Bureau Central de Coordination\" \/>\n<meta property=\"article:publisher\" content=\"https:\/\/www.facebook.com\/BCeCoRDC\" \/>\n<meta property=\"article:published_time\" content=\"2024-12-24T17:00:45+00:00\" \/>\n<meta property=\"article:modified_time\" content=\"2025-12-23T16:20:23+00:00\" \/>\n<meta property=\"og:image\" content=\"https:\/\/ikar.dev\/bceco-v2\/wp-content\/uploads\/2025\/09\/4M4A3993-scaled.jpg\" \/>\n\t<meta property=\"og:image:width\" content=\"2560\" \/>\n\t<meta property=\"og:image:height\" content=\"1547\" \/>\n\t<meta property=\"og:image:type\" content=\"image\/jpeg\" \/>\n<meta name=\"author\" content=\"bceco\" \/>\n<meta name=\"twitter:card\" content=\"summary_large_image\" \/>\n<meta name=\"twitter:creator\" content=\"@BCeCoRDC\" \/>\n<meta name=\"twitter:site\" content=\"@BCeCoRDC\" \/>\n<meta name=\"twitter:label1\" content=\"Written by\" \/>\n\t<meta name=\"twitter:data1\" content=\"bceco\" \/>\n\t<meta name=\"twitter:label2\" content=\"Est. reading time\" \/>\n\t<meta name=\"twitter:data2\" content=\"7 minutes\" \/>\n<script type=\"application\/ld+json\" class=\"yoast-schema-graph\">{\"@context\":\"https:\/\/schema.org\",\"@graph\":[{\"@type\":\"Article\",\"@id\":\"https:\/\/ikar.dev\/bceco-v2\/hopital-general-provincial-de-kananga-le-president-de-la-republique-remet-les-cles-du-centre-de-diagnostic-medical\/#article\",\"isPartOf\":{\"@id\":\"https:\/\/ikar.dev\/bceco-v2\/hopital-general-provincial-de-kananga-le-president-de-la-republique-remet-les-cles-du-centre-de-diagnostic-medical\/\"},\"author\":{\"name\":\"bceco\",\"@id\":\"https:\/\/ikar.dev\/bceco-v2\/#\/schema\/person\/6ee74807ffb016a78852fec6a295d503\"},\"headline\":\"H\u00f4pital G\u00e9n\u00e9ral provincial de kananga: Le Pr\u00e9sident de la R\u00e9publique remet les cl\u00e9s du Centre de Diagnostic M\u00e9dical !\",\"datePublished\":\"2024-12-24T17:00:45+00:00\",\"dateModified\":\"2025-12-23T16:20:23+00:00\",\"mainEntityOfPage\":{\"@id\":\"https:\/\/ikar.dev\/bceco-v2\/hopital-general-provincial-de-kananga-le-president-de-la-republique-remet-les-cles-du-centre-de-diagnostic-medical\/\"},\"wordCount\":530,\"commentCount\":0,\"publisher\":{\"@id\":\"https:\/\/ikar.dev\/bceco-v2\/#organization\"},\"image\":{\"@id\":\"https:\/\/ikar.dev\/bceco-v2\/hopital-general-provincial-de-kananga-le-president-de-la-republique-remet-les-cles-du-centre-de-diagnostic-medical\/#primaryimage\"},\"thumbnailUrl\":\"https:\/\/ikar.dev\/bceco-v2\/wp-content\/uploads\/2025\/09\/4M4A3993-scaled.jpg\",\"keywords\":[\"BCeCo\",\"Infrastructures\",\"Kasa\u00ef Central\"],\"articleSection\":[\"D\u00e9veloppement\",\"Infrastructures\",\"Sant\u00e9\"],\"inLanguage\":\"en-US\",\"potentialAction\":[{\"@type\":\"CommentAction\",\"name\":\"Comment\",\"target\":[\"https:\/\/ikar.dev\/bceco-v2\/hopital-general-provincial-de-kananga-le-president-de-la-republique-remet-les-cles-du-centre-de-diagnostic-medical\/#respond\"]}]},{\"@type\":\"WebPage\",\"@id\":\"https:\/\/ikar.dev\/bceco-v2\/hopital-general-provincial-de-kananga-le-president-de-la-republique-remet-les-cles-du-centre-de-diagnostic-medical\/\",\"url\":\"https:\/\/ikar.dev\/bceco-v2\/hopital-general-provincial-de-kananga-le-president-de-la-republique-remet-les-cles-du-centre-de-diagnostic-medical\/\",\"name\":\"H\u00f4pital G\u00e9n\u00e9ral provincial de kananga: Le Pr\u00e9sident de la R\u00e9publique remet les cl\u00e9s du Centre de Diagnostic M\u00e9dical ! - Bureau Central de Coordination\",\"isPartOf\":{\"@id\":\"https:\/\/ikar.dev\/bceco-v2\/#website\"},\"primaryImageOfPage\":{\"@id\":\"https:\/\/ikar.dev\/bceco-v2\/hopital-general-provincial-de-kananga-le-president-de-la-republique-remet-les-cles-du-centre-de-diagnostic-medical\/#primaryimage\"},\"image\":{\"@id\":\"https:\/\/ikar.dev\/bceco-v2\/hopital-general-provincial-de-kananga-le-president-de-la-republique-remet-les-cles-du-centre-de-diagnostic-medical\/#primaryimage\"},\"thumbnailUrl\":\"https:\/\/ikar.dev\/bceco-v2\/wp-content\/uploads\/2025\/09\/4M4A3993-scaled.jpg\",\"datePublished\":\"2024-12-24T17:00:45+00:00\",\"dateModified\":\"2025-12-23T16:20:23+00:00\",\"description\":\"H\u00f4pital G\u00e9n\u00e9ral provincial de kananga: Le Pr\u00e9sident de la R\u00e9publique remet les cl\u00e9s du Centre de Diagnostic M\u00e9dical !\",\"breadcrumb\":{\"@id\":\"https:\/\/ikar.dev\/bceco-v2\/hopital-general-provincial-de-kananga-le-president-de-la-republique-remet-les-cles-du-centre-de-diagnostic-medical\/#breadcrumb\"},\"inLanguage\":\"en-US\",\"potentialAction\":[{\"@type\":\"ReadAction\",\"target\":[\"https:\/\/ikar.dev\/bceco-v2\/hopital-general-provincial-de-kananga-le-president-de-la-republique-remet-les-cles-du-centre-de-diagnostic-medical\/\"]}]},{\"@type\":\"ImageObject\",\"inLanguage\":\"en-US\",\"@id\":\"https:\/\/ikar.dev\/bceco-v2\/hopital-general-provincial-de-kananga-le-president-de-la-republique-remet-les-cles-du-centre-de-diagnostic-medical\/#primaryimage\",\"url\":\"https:\/\/ikar.dev\/bceco-v2\/wp-content\/uploads\/2025\/09\/4M4A3993-scaled.jpg\",\"contentUrl\":\"https:\/\/ikar.dev\/bceco-v2\/wp-content\/uploads\/2025\/09\/4M4A3993-scaled.jpg\",\"width\":2560,\"height\":1547},{\"@type\":\"BreadcrumbList\",\"@id\":\"https:\/\/ikar.dev\/bceco-v2\/hopital-general-provincial-de-kananga-le-president-de-la-republique-remet-les-cles-du-centre-de-diagnostic-medical\/#breadcrumb\",\"itemListElement\":[{\"@type\":\"ListItem\",\"position\":1,\"name\":\"Accueil\",\"item\":\"https:\/\/ikar.dev\/bceco-v2\/\"},{\"@type\":\"ListItem\",\"position\":2,\"name\":\"H\u00f4pital G\u00e9n\u00e9ral provincial de kananga: Le Pr\u00e9sident de la R\u00e9publique remet les cl\u00e9s du Centre de Diagnostic M\u00e9dical !\"}]},{\"@type\":\"WebSite\",\"@id\":\"https:\/\/ikar.dev\/bceco-v2\/#website\",\"url\":\"https:\/\/ikar.dev\/bceco-v2\/\",\"name\":\"Bureau Central de Coordination\",\"description\":\"B.Ce.Co \u2013 Au c\u0153ur de l\u2019ex\u00e9cution des projets de d\u00e9veloppement en RDC\",\"publisher\":{\"@id\":\"https:\/\/ikar.dev\/bceco-v2\/#organization\"},\"potentialAction\":[{\"@type\":\"SearchAction\",\"target\":{\"@type\":\"EntryPoint\",\"urlTemplate\":\"https:\/\/ikar.dev\/bceco-v2\/?s={search_term_string}\"},\"query-input\":{\"@type\":\"PropertyValueSpecification\",\"valueRequired\":true,\"valueName\":\"search_term_string\"}}],\"inLanguage\":\"en-US\"},{\"@type\":\"Organization\",\"@id\":\"https:\/\/ikar.dev\/bceco-v2\/#organization\",\"name\":\"Bureau Central de Coordination\",\"url\":\"https:\/\/ikar.dev\/bceco-v2\/\",\"logo\":{\"@type\":\"ImageObject\",\"inLanguage\":\"en-US\",\"@id\":\"https:\/\/ikar.dev\/bceco-v2\/#\/schema\/logo\/image\/\",\"url\":\"https:\/\/ikar.dev\/bceco-v2\/wp-content\/uploads\/2025\/12\/BCECO-Bureau-Central-de-Coordination.jpg\",\"contentUrl\":\"https:\/\/ikar.dev\/bceco-v2\/wp-content\/uploads\/2025\/12\/BCECO-Bureau-Central-de-Coordination.jpg\",\"width\":2048,\"height\":2048,\"caption\":\"Bureau Central de Coordination\"},\"image\":{\"@id\":\"https:\/\/ikar.dev\/bceco-v2\/#\/schema\/logo\/image\/\"},\"sameAs\":[\"https:\/\/www.facebook.com\/BCeCoRDC\",\"https:\/\/x.com\/BCeCoRDC\"]},{\"@type\":\"Person\",\"@id\":\"https:\/\/ikar.dev\/bceco-v2\/#\/schema\/person\/6ee74807ffb016a78852fec6a295d503\",\"name\":\"bceco\",\"image\":{\"@type\":\"ImageObject\",\"inLanguage\":\"en-US\",\"@id\":\"https:\/\/ikar.dev\/bceco-v2\/#\/schema\/person\/image\/\",\"url\":\"https:\/\/secure.gravatar.com\/avatar\/55c07e1707f50774ef3c842c9d074773a6b558a20fbd1608c8e4871bc88f3455?s=96&d=mm&r=g\",\"contentUrl\":\"https:\/\/secure.gravatar.com\/avatar\/55c07e1707f50774ef3c842c9d074773a6b558a20fbd1608c8e4871bc88f3455?s=96&d=mm&r=g\",\"caption\":\"bceco\"},\"sameAs\":[\"https:\/\/ikar.dev\/bceco-v2\"],\"url\":\"https:\/\/ikar.dev\/bceco-v2\/author\/bceco\/\"}]}<\/script>\n<!-- \/ Yoast SEO plugin. -->","yoast_head_json":{"title":"H\u00f4pital G\u00e9n\u00e9ral provincial de kananga: Le Pr\u00e9sident de la R\u00e9publique remet les cl\u00e9s du Centre de Diagnostic M\u00e9dical ! - Bureau Central de Coordination","description":"H\u00f4pital G\u00e9n\u00e9ral provincial de kananga: Le Pr\u00e9sident de la R\u00e9publique remet les cl\u00e9s du Centre de Diagnostic M\u00e9dical !","robots":{"index":"index","follow":"follow","max-snippet":"max-snippet:-1","max-image-preview":"max-image-preview:large","max-video-preview":"max-video-preview:-1"},"canonical":"https:\/\/ikar.dev\/bceco-v2\/hopital-general-provincial-de-kananga-le-president-de-la-republique-remet-les-cles-du-centre-de-diagnostic-medical\/","og_locale":"en_US","og_type":"article","og_title":"H\u00f4pital G\u00e9n\u00e9ral provincial de kananga: Le Pr\u00e9sident de la R\u00e9publique remet les cl\u00e9s du Centre de Diagnostic M\u00e9dical ! - Bureau Central de Coordination","og_description":"H\u00f4pital G\u00e9n\u00e9ral provincial de kananga: Le Pr\u00e9sident de la R\u00e9publique remet les cl\u00e9s du Centre de Diagnostic M\u00e9dical !","og_url":"https:\/\/ikar.dev\/bceco-v2\/hopital-general-provincial-de-kananga-le-president-de-la-republique-remet-les-cles-du-centre-de-diagnostic-medical\/","og_site_name":"Bureau Central de Coordination","article_publisher":"https:\/\/www.facebook.com\/BCeCoRDC","article_published_time":"2024-12-24T17:00:45+00:00","article_modified_time":"2025-12-23T16:20:23+00:00","og_image":[{"width":2560,"height":1547,"url":"https:\/\/ikar.dev\/bceco-v2\/wp-content\/uploads\/2025\/09\/4M4A3993-scaled.jpg","type":"image\/jpeg"}],"author":"bceco","twitter_card":"summary_large_image","twitter_creator":"@BCeCoRDC","twitter_site":"@BCeCoRDC","twitter_misc":{"Written by":"bceco","Est. reading time":"7 minutes"},"schema":{"@context":"https:\/\/schema.org","@graph":[{"@type":"Article","@id":"https:\/\/ikar.dev\/bceco-v2\/hopital-general-provincial-de-kananga-le-president-de-la-republique-remet-les-cles-du-centre-de-diagnostic-medical\/#article","isPartOf":{"@id":"https:\/\/ikar.dev\/bceco-v2\/hopital-general-provincial-de-kananga-le-president-de-la-republique-remet-les-cles-du-centre-de-diagnostic-medical\/"},"author":{"name":"bceco","@id":"https:\/\/ikar.dev\/bceco-v2\/#\/schema\/person\/6ee74807ffb016a78852fec6a295d503"},"headline":"H\u00f4pital G\u00e9n\u00e9ral provincial de kananga: Le Pr\u00e9sident de la R\u00e9publique remet les cl\u00e9s du Centre de Diagnostic M\u00e9dical !","datePublished":"2024-12-24T17:00:45+00:00","dateModified":"2025-12-23T16:20:23+00:00","mainEntityOfPage":{"@id":"https:\/\/ikar.dev\/bceco-v2\/hopital-general-provincial-de-kananga-le-president-de-la-republique-remet-les-cles-du-centre-de-diagnostic-medical\/"},"wordCount":530,"commentCount":0,"publisher":{"@id":"https:\/\/ikar.dev\/bceco-v2\/#organization"},"image":{"@id":"https:\/\/ikar.dev\/bceco-v2\/hopital-general-provincial-de-kananga-le-president-de-la-republique-remet-les-cles-du-centre-de-diagnostic-medical\/#primaryimage"},"thumbnailUrl":"https:\/\/ikar.dev\/bceco-v2\/wp-content\/uploads\/2025\/09\/4M4A3993-scaled.jpg","keywords":["BCeCo","Infrastructures","Kasa\u00ef Central"],"articleSection":["D\u00e9veloppement","Infrastructures","Sant\u00e9"],"inLanguage":"en-US","potentialAction":[{"@type":"CommentAction","name":"Comment","target":["https:\/\/ikar.dev\/bceco-v2\/hopital-general-provincial-de-kananga-le-president-de-la-republique-remet-les-cles-du-centre-de-diagnostic-medical\/#respond"]}]},{"@type":"WebPage","@id":"https:\/\/ikar.dev\/bceco-v2\/hopital-general-provincial-de-kananga-le-president-de-la-republique-remet-les-cles-du-centre-de-diagnostic-medical\/","url":"https:\/\/ikar.dev\/bceco-v2\/hopital-general-provincial-de-kananga-le-president-de-la-republique-remet-les-cles-du-centre-de-diagnostic-medical\/","name":"H\u00f4pital G\u00e9n\u00e9ral provincial de kananga: Le Pr\u00e9sident de la R\u00e9publique remet les cl\u00e9s du Centre de Diagnostic M\u00e9dical ! - Bureau Central de Coordination","isPartOf":{"@id":"https:\/\/ikar.dev\/bceco-v2\/#website"},"primaryImageOfPage":{"@id":"https:\/\/ikar.dev\/bceco-v2\/hopital-general-provincial-de-kananga-le-president-de-la-republique-remet-les-cles-du-centre-de-diagnostic-medical\/#primaryimage"},"image":{"@id":"https:\/\/ikar.dev\/bceco-v2\/hopital-general-provincial-de-kananga-le-president-de-la-republique-remet-les-cles-du-centre-de-diagnostic-medical\/#primaryimage"},"thumbnailUrl":"https:\/\/ikar.dev\/bceco-v2\/wp-content\/uploads\/2025\/09\/4M4A3993-scaled.jpg","datePublished":"2024-12-24T17:00:45+00:00","dateModified":"2025-12-23T16:20:23+00:00","description":"H\u00f4pital G\u00e9n\u00e9ral provincial de kananga: Le Pr\u00e9sident de la R\u00e9publique remet les cl\u00e9s du Centre de Diagnostic M\u00e9dical !","breadcrumb":{"@id":"https:\/\/ikar.dev\/bceco-v2\/hopital-general-provincial-de-kananga-le-president-de-la-republique-remet-les-cles-du-centre-de-diagnostic-medical\/#breadcrumb"},"inLanguage":"en-US","potentialAction":[{"@type":"ReadAction","target":["https:\/\/ikar.dev\/bceco-v2\/hopital-general-provincial-de-kananga-le-president-de-la-republique-remet-les-cles-du-centre-de-diagnostic-medical\/"]}]},{"@type":"ImageObject","inLanguage":"en-US","@id":"https:\/\/ikar.dev\/bceco-v2\/hopital-general-provincial-de-kananga-le-president-de-la-republique-remet-les-cles-du-centre-de-diagnostic-medical\/#primaryimage","url":"https:\/\/ikar.dev\/bceco-v2\/wp-content\/uploads\/2025\/09\/4M4A3993-scaled.jpg","contentUrl":"https:\/\/ikar.dev\/bceco-v2\/wp-content\/uploads\/2025\/09\/4M4A3993-scaled.jpg","width":2560,"height":1547},{"@type":"BreadcrumbList","@id":"https:\/\/ikar.dev\/bceco-v2\/hopital-general-provincial-de-kananga-le-president-de-la-republique-remet-les-cles-du-centre-de-diagnostic-medical\/#breadcrumb","itemListElement":[{"@type":"ListItem","position":1,"name":"Accueil","item":"https:\/\/ikar.dev\/bceco-v2\/"},{"@type":"ListItem","position":2,"name":"H\u00f4pital G\u00e9n\u00e9ral provincial de kananga: Le Pr\u00e9sident de la R\u00e9publique remet les cl\u00e9s du Centre de Diagnostic M\u00e9dical !"}]},{"@type":"WebSite","@id":"https:\/\/ikar.dev\/bceco-v2\/#website","url":"https:\/\/ikar.dev\/bceco-v2\/","name":"Bureau Central de Coordination","description":"B.Ce.Co \u2013 Au c\u0153ur de l\u2019ex\u00e9cution des projets de d\u00e9veloppement en RDC","publisher":{"@id":"https:\/\/ikar.dev\/bceco-v2\/#organization"},"potentialAction":[{"@type":"SearchAction","target":{"@type":"EntryPoint","urlTemplate":"https:\/\/ikar.dev\/bceco-v2\/?s={search_term_string}"},"query-input":{"@type":"PropertyValueSpecification","valueRequired":true,"valueName":"search_term_string"}}],"inLanguage":"en-US"},{"@type":"Organization","@id":"https:\/\/ikar.dev\/bceco-v2\/#organization","name":"Bureau Central de Coordination","url":"https:\/\/ikar.dev\/bceco-v2\/","logo":{"@type":"ImageObject","inLanguage":"en-US","@id":"https:\/\/ikar.dev\/bceco-v2\/#\/schema\/logo\/image\/","url":"https:\/\/ikar.dev\/bceco-v2\/wp-content\/uploads\/2025\/12\/BCECO-Bureau-Central-de-Coordination.jpg","contentUrl":"https:\/\/ikar.dev\/bceco-v2\/wp-content\/uploads\/2025\/12\/BCECO-Bureau-Central-de-Coordination.jpg","width":2048,"height":2048,"caption":"Bureau Central de Coordination"},"image":{"@id":"https:\/\/ikar.dev\/bceco-v2\/#\/schema\/logo\/image\/"},"sameAs":["https:\/\/www.facebook.com\/BCeCoRDC","https:\/\/x.com\/BCeCoRDC"]},{"@type":"Person","@id":"https:\/\/ikar.dev\/bceco-v2\/#\/schema\/person\/6ee74807ffb016a78852fec6a295d503","name":"bceco","image":{"@type":"ImageObject","inLanguage":"en-US","@id":"https:\/\/ikar.dev\/bceco-v2\/#\/schema\/person\/image\/","url":"https:\/\/secure.gravatar.com\/avatar\/55c07e1707f50774ef3c842c9d074773a6b558a20fbd1608c8e4871bc88f3455?s=96&d=mm&r=g","contentUrl":"https:\/\/secure.gravatar.com\/avatar\/55c07e1707f50774ef3c842c9d074773a6b558a20fbd1608c8e4871bc88f3455?s=96&d=mm&r=g","caption":"bceco"},"sameAs":["https:\/\/ikar.dev\/bceco-v2"],"url":"https:\/\/ikar.dev\/bceco-v2\/author\/bceco\/"}]}},"_links":{"self":[{"href":"https:\/\/ikar.dev\/bceco-v2\/wp-json\/wp\/v2\/posts\/54952","targetHints":{"allow":["GET"]}}],"collection":[{"href":"https:\/\/ikar.dev\/bceco-v2\/wp-json\/wp\/v2\/posts"}],"about":[{"href":"https:\/\/ikar.dev\/bceco-v2\/wp-json\/wp\/v2\/types\/post"}],"author":[{"embeddable":true,"href":"https:\/\/ikar.dev\/bceco-v2\/wp-json\/wp\/v2\/users\/1"}],"replies":[{"embeddable":true,"href":"https:\/\/ikar.dev\/bceco-v2\/wp-json\/wp\/v2\/comments?post=54952"}],"version-history":[{"count":1,"href":"https:\/\/ikar.dev\/bceco-v2\/wp-json\/wp\/v2\/posts\/54952\/revisions"}],"predecessor-version":[{"id":56323,"href":"https:\/\/ikar.dev\/bceco-v2\/wp-json\/wp\/v2\/posts\/54952\/revisions\/56323"}],"wp:featuredmedia":[{"embeddable":true,"href":"https:\/\/ikar.dev\/bceco-v2\/wp-json\/wp\/v2\/media\/54963"}],"wp:attachment":[{"href":"https:\/\/ikar.dev\/bceco-v2\/wp-json\/wp\/v2\/media?parent=54952"}],"wp:term":[{"taxonomy":"category","embeddable":true,"href":"https:\/\/ikar.dev\/bceco-v2\/wp-json\/wp\/v2\/categories?post=54952"},{"taxonomy":"post_tag","embeddable":true,"href":"https:\/\/ikar.dev\/bceco-v2\/wp-json\/wp\/v2\/tags?post=54952"}],"curies":[{"name":"wp","href":"https:\/\/api.w.org\/{rel}","templated":true}]}}