{"id":54933,"date":"2024-12-27T15:30:55","date_gmt":"2024-12-27T15:30:55","guid":{"rendered":"https:\/\/bceco.cd\/?p=54933"},"modified":"2025-12-23T17:20:29","modified_gmt":"2025-12-23T16:20:29","slug":"voirie-urbaine-de-kananga-jean-claude-tshilumbayi-inspecte-les-travaux","status":"publish","type":"post","link":"https:\/\/ikar.dev\/bceco-v2\/voirie-urbaine-de-kananga-jean-claude-tshilumbayi-inspecte-les-travaux\/","title":{"rendered":"Voirie urbaine de kananga : Jean Claude Tshilumbayi inspecte les travaux"},"content":{"rendered":"\t\t<div data-elementor-type=\"wp-post\" data-elementor-id=\"54933\" class=\"elementor elementor-54933\" data-elementor-post-type=\"post\">\n\t\t\t\t\t\t<section class=\"elementor-section elementor-top-section elementor-element elementor-element-1872db29 elementor-section-boxed elementor-section-height-default elementor-section-height-default\" data-id=\"1872db29\" data-element_type=\"section\">\n\t\t\t\t\t\t<div class=\"elementor-container elementor-column-gap-default\">\n\t\t\t\t\t<div class=\"elementor-column elementor-col-100 elementor-top-column elementor-element elementor-element-65d1ef53\" data-id=\"65d1ef53\" data-element_type=\"column\">\n\t\t\t<div class=\"elementor-widget-wrap elementor-element-populated\">\n\t\t\t\t\t\t<div class=\"elementor-element elementor-element-ebe0d20 elementor-widget elementor-widget-text-editor\" data-id=\"ebe0d20\" data-element_type=\"widget\" data-widget_type=\"text-editor.default\">\n\t\t\t\t\t\t\t\t\t\n<p class=\"has-text-align-justify\">En marge de la visite du Pr\u00e9sident de la R\u00e9publique F\u00e9lix Antoine Tshisekedi Tshilombo dans la ville de Kananga et voulant s&#8217;enqu\u00e9rir de l&#8217;\u00e9tat d&#8217;avancement des travaux de la voirie urbaine, que l&#8217;honorable Premier vice-pr\u00e9sident de l&#8217;Assembl\u00e9e Nationale Jean Claude Tshilumbayi a conduit une d\u00e9l\u00e9gation des d\u00e9put\u00e9s nationaux sur les diff\u00e9rents chantiers de r\u00e9habilitation et modernisation ex\u00e9cut\u00e9s par l&#8217;Entreprise Safrimex.<\/p>\n\n\n\n<p class=\"has-text-align-justify\">Sous la supervision du Directeur G\u00e9n\u00e9ral du Bureau central de Coordination ( BCECO) Jean Mabi Mulumba.<\/p>\n\n\n\n<figure class=\"wp-block-image size-full\"><img decoding=\"async\" src=\"https:\/\/bceco.cd\/wp-content\/uploads\/2025\/09\/4M4A4251.jpg\" alt=\"\" class=\"wp-image-54917\"\/><\/figure>\n\n\n\n<p class=\"has-text-align-justify\">Durant pr\u00e8s de 5 heures, cette d\u00e9l\u00e9gation a parcouru avenue apr\u00e8s avenue pour se rendre compte du grand travail abattu par Safrimex concernant l&#8217;assainissement de la voirie urbaine notamment par la construction de grandes glici\u00e8res afin de stopper les \u00e9rosions qui mena\u00e7aient de faire dispara\u00eetre cette ville. Cette inspection s&#8217;est poursuivi jusqu&#8217;au site de production d&#8217;enrob\u00e9s et m\u00eame celui qui abrite l&#8217;usine de concassage.<\/p>\n\n\n\n<p class=\"has-text-align-justify\">Jean Claude Tshilumbayi s&#8217;est dit \u00e9merveill\u00e9 et s&#8217;est exprim\u00e9 en ce terme :&#8221; C&#8217;est extraordinaire de voir ce qui se fait ici, pour nous qui avons v\u00e9cu dans ces milieux abandonn\u00e9s et laiss\u00e9s pour compte, nous n&#8217;avons jamais imagin\u00e9 voir ces endroits \u00eatre r\u00e9cup\u00e9r\u00e9s aussi vite, des vies, des familles et des maisons sont sauv\u00e9es &#8220;<br>Il rench\u00e9rit en disant que : &#8221; Les gens r\u00e9clament la voirie et pensent directement \u00e0 l&#8217;asphaltage, mais comment asphalter les routes si on ne sait pas canaliser les eaux qui envahissent toute la ville au quotidien ? &#8220;<\/p>\n\n\n\n<figure class=\"wp-block-image size-full\"><img decoding=\"async\" src=\"https:\/\/bceco.cd\/wp-content\/uploads\/2025\/09\/4M4A4240.jpg\" alt=\"\" class=\"wp-image-54914\"\/><\/figure>\n\n\n\n<p class=\"has-text-align-justify\">Au terme de cette activit\u00e9, le mandataire du chef de l&#8217;\u00c9tat \u00e0 initi\u00e9 un point de presse de restitution de sa visite et lever certains \u00e9quivoques qui planaient sur ce projet.<\/p>\n\n\n\n<p class=\"has-text-align-justify\">Somme toute, Jean Claude Tshilumbayi rassure la population que la ville de kananga retrouvera d&#8217;ici peu ses plus belles lettres&nbsp;de&nbsp;noblesse.<\/p>\n\t\t\t\t\t\t\t\t<\/div>\n\t\t\t\t\t<\/div>\n\t\t<\/div>\n\t\t\t\t\t<\/div>\n\t\t<\/section>\n\t\t\t\t<section class=\"elementor-section elementor-top-section elementor-element elementor-element-bd5fd2e elementor-section-boxed elementor-section-height-default elementor-section-height-default\" data-id=\"bd5fd2e\" data-element_type=\"section\">\n\t\t\t\t\t\t<div class=\"elementor-container elementor-column-gap-default\">\n\t\t\t\t\t<div class=\"elementor-column elementor-col-100 elementor-top-column elementor-element elementor-element-f6a3910\" data-id=\"f6a3910\" data-element_type=\"column\">\n\t\t\t<div class=\"elementor-widget-wrap elementor-element-populated\">\n\t\t\t\t\t\t<div class=\"elementor-element elementor-element-214f63a elementor-widget elementor-widget-video\" data-id=\"214f63a\" data-element_type=\"widget\" data-settings=\"{&quot;youtube_url&quot;:&quot;https:\\\/\\\/youtu.be\\\/bee6nA8DnAM?si=HLtmRNOoVMkeSOFu&quot;,&quot;start&quot;:2,&quot;video_type&quot;:&quot;youtube&quot;,&quot;controls&quot;:&quot;yes&quot;}\" data-widget_type=\"video.default\">\n\t\t\t\t\t\t\t<div class=\"elementor-wrapper elementor-open-inline\">\n\t\t\t<div class=\"elementor-video\"><\/div>\t\t<\/div>\n\t\t\t\t\t\t<\/div>\n\t\t\t\t\t<\/div>\n\t\t<\/div>\n\t\t\t\t\t<\/div>\n\t\t<\/section>\n\t\t\t\t<\/div>\n\t\t","protected":false},"excerpt":{"rendered":"<p>En marge de la visite du Pr\u00e9sident de la R\u00e9publique F\u00e9lix Antoine Tshisekedi Tshilombo dans la ville de Kananga et voulant s&#8217;enqu\u00e9rir de l&#8217;\u00e9tat d&#8217;avancement des travaux de la voirie urbaine, que l&#8217;honorable Premier vice-pr\u00e9sident de l&#8217;Assembl\u00e9e Nationale Jean Claude Tshilumbayi a conduit une d\u00e9l\u00e9gation des d\u00e9put\u00e9s nationaux sur les diff\u00e9rents chantiers de r\u00e9habilitation et<\/p>\n","protected":false},"author":1,"featured_media":54934,"comment_status":"open","ping_status":"open","sticky":false,"template":"","format":"standard","meta":{"footnotes":""},"categories":[69,62,63],"tags":[],"class_list":["post-54933","post","type-post","status-publish","format-standard","has-post-thumbnail","hentry","category-actualites","category-developpement","category-infrastructures"],"yoast_head":"<!-- This site is optimized with the Yoast SEO plugin v26.7 - https:\/\/yoast.com\/wordpress\/plugins\/seo\/ -->\n<title>Voirie urbaine de kananga : Jean Claude Tshilumbayi inspecte les travaux - Bureau Central de Coordination<\/title>\n<meta name=\"robots\" content=\"index, follow, max-snippet:-1, max-image-preview:large, max-video-preview:-1\" \/>\n<link rel=\"canonical\" href=\"https:\/\/ikar.dev\/bceco-v2\/voirie-urbaine-de-kananga-jean-claude-tshilumbayi-inspecte-les-travaux\/\" \/>\n<meta property=\"og:locale\" content=\"en_US\" \/>\n<meta property=\"og:type\" content=\"article\" \/>\n<meta property=\"og:title\" content=\"Voirie urbaine de kananga : Jean Claude Tshilumbayi inspecte les travaux - Bureau Central de Coordination\" \/>\n<meta property=\"og:description\" content=\"En marge de la visite du Pr\u00e9sident de la R\u00e9publique F\u00e9lix Antoine Tshisekedi Tshilombo dans la ville de Kananga et voulant s&#8217;enqu\u00e9rir de l&#8217;\u00e9tat d&#8217;avancement des travaux de la voirie urbaine, que l&#8217;honorable Premier vice-pr\u00e9sident de l&#8217;Assembl\u00e9e Nationale Jean Claude Tshilumbayi a conduit une d\u00e9l\u00e9gation des d\u00e9put\u00e9s nationaux sur les diff\u00e9rents chantiers de r\u00e9habilitation et\" \/>\n<meta property=\"og:url\" content=\"https:\/\/ikar.dev\/bceco-v2\/voirie-urbaine-de-kananga-jean-claude-tshilumbayi-inspecte-les-travaux\/\" \/>\n<meta property=\"og:site_name\" content=\"Bureau Central de Coordination\" \/>\n<meta property=\"article:publisher\" content=\"https:\/\/www.facebook.com\/BCeCoRDC\" \/>\n<meta property=\"article:published_time\" content=\"2024-12-27T15:30:55+00:00\" \/>\n<meta property=\"article:modified_time\" content=\"2025-12-23T16:20:29+00:00\" \/>\n<meta property=\"og:image\" content=\"https:\/\/ikar.dev\/bceco-v2\/wp-content\/uploads\/2025\/09\/4M4A4195-1-scaled.jpg\" \/>\n\t<meta property=\"og:image:width\" content=\"2560\" \/>\n\t<meta property=\"og:image:height\" content=\"1707\" \/>\n\t<meta property=\"og:image:type\" content=\"image\/jpeg\" \/>\n<meta name=\"author\" content=\"bceco\" \/>\n<meta name=\"twitter:card\" content=\"summary_large_image\" \/>\n<meta name=\"twitter:creator\" content=\"@BCeCoRDC\" \/>\n<meta name=\"twitter:site\" content=\"@BCeCoRDC\" \/>\n<meta name=\"twitter:label1\" content=\"Written by\" \/>\n\t<meta name=\"twitter:data1\" content=\"bceco\" \/>\n\t<meta name=\"twitter:label2\" content=\"Est. reading time\" \/>\n\t<meta name=\"twitter:data2\" content=\"3 minutes\" \/>\n<script type=\"application\/ld+json\" class=\"yoast-schema-graph\">{\"@context\":\"https:\/\/schema.org\",\"@graph\":[{\"@type\":\"Article\",\"@id\":\"https:\/\/ikar.dev\/bceco-v2\/voirie-urbaine-de-kananga-jean-claude-tshilumbayi-inspecte-les-travaux\/#article\",\"isPartOf\":{\"@id\":\"https:\/\/ikar.dev\/bceco-v2\/voirie-urbaine-de-kananga-jean-claude-tshilumbayi-inspecte-les-travaux\/\"},\"author\":{\"name\":\"bceco\",\"@id\":\"https:\/\/ikar.dev\/bceco-v2\/#\/schema\/person\/6ee74807ffb016a78852fec6a295d503\"},\"headline\":\"Voirie urbaine de kananga : Jean Claude Tshilumbayi inspecte les travaux\",\"datePublished\":\"2024-12-27T15:30:55+00:00\",\"dateModified\":\"2025-12-23T16:20:29+00:00\",\"mainEntityOfPage\":{\"@id\":\"https:\/\/ikar.dev\/bceco-v2\/voirie-urbaine-de-kananga-jean-claude-tshilumbayi-inspecte-les-travaux\/\"},\"wordCount\":350,\"commentCount\":0,\"publisher\":{\"@id\":\"https:\/\/ikar.dev\/bceco-v2\/#organization\"},\"image\":{\"@id\":\"https:\/\/ikar.dev\/bceco-v2\/voirie-urbaine-de-kananga-jean-claude-tshilumbayi-inspecte-les-travaux\/#primaryimage\"},\"thumbnailUrl\":\"https:\/\/ikar.dev\/bceco-v2\/wp-content\/uploads\/2025\/09\/4M4A4195-1-scaled.jpg\",\"articleSection\":[\"Actualit\u00e9s\",\"D\u00e9veloppement\",\"Infrastructures\"],\"inLanguage\":\"en-US\",\"potentialAction\":[{\"@type\":\"CommentAction\",\"name\":\"Comment\",\"target\":[\"https:\/\/ikar.dev\/bceco-v2\/voirie-urbaine-de-kananga-jean-claude-tshilumbayi-inspecte-les-travaux\/#respond\"]}]},{\"@type\":\"WebPage\",\"@id\":\"https:\/\/ikar.dev\/bceco-v2\/voirie-urbaine-de-kananga-jean-claude-tshilumbayi-inspecte-les-travaux\/\",\"url\":\"https:\/\/ikar.dev\/bceco-v2\/voirie-urbaine-de-kananga-jean-claude-tshilumbayi-inspecte-les-travaux\/\",\"name\":\"Voirie urbaine de kananga : Jean Claude Tshilumbayi inspecte les travaux - Bureau Central de Coordination\",\"isPartOf\":{\"@id\":\"https:\/\/ikar.dev\/bceco-v2\/#website\"},\"primaryImageOfPage\":{\"@id\":\"https:\/\/ikar.dev\/bceco-v2\/voirie-urbaine-de-kananga-jean-claude-tshilumbayi-inspecte-les-travaux\/#primaryimage\"},\"image\":{\"@id\":\"https:\/\/ikar.dev\/bceco-v2\/voirie-urbaine-de-kananga-jean-claude-tshilumbayi-inspecte-les-travaux\/#primaryimage\"},\"thumbnailUrl\":\"https:\/\/ikar.dev\/bceco-v2\/wp-content\/uploads\/2025\/09\/4M4A4195-1-scaled.jpg\",\"datePublished\":\"2024-12-27T15:30:55+00:00\",\"dateModified\":\"2025-12-23T16:20:29+00:00\",\"breadcrumb\":{\"@id\":\"https:\/\/ikar.dev\/bceco-v2\/voirie-urbaine-de-kananga-jean-claude-tshilumbayi-inspecte-les-travaux\/#breadcrumb\"},\"inLanguage\":\"en-US\",\"potentialAction\":[{\"@type\":\"ReadAction\",\"target\":[\"https:\/\/ikar.dev\/bceco-v2\/voirie-urbaine-de-kananga-jean-claude-tshilumbayi-inspecte-les-travaux\/\"]}]},{\"@type\":\"ImageObject\",\"inLanguage\":\"en-US\",\"@id\":\"https:\/\/ikar.dev\/bceco-v2\/voirie-urbaine-de-kananga-jean-claude-tshilumbayi-inspecte-les-travaux\/#primaryimage\",\"url\":\"https:\/\/ikar.dev\/bceco-v2\/wp-content\/uploads\/2025\/09\/4M4A4195-1-scaled.jpg\",\"contentUrl\":\"https:\/\/ikar.dev\/bceco-v2\/wp-content\/uploads\/2025\/09\/4M4A4195-1-scaled.jpg\",\"width\":2560,\"height\":1707},{\"@type\":\"BreadcrumbList\",\"@id\":\"https:\/\/ikar.dev\/bceco-v2\/voirie-urbaine-de-kananga-jean-claude-tshilumbayi-inspecte-les-travaux\/#breadcrumb\",\"itemListElement\":[{\"@type\":\"ListItem\",\"position\":1,\"name\":\"Accueil\",\"item\":\"https:\/\/ikar.dev\/bceco-v2\/\"},{\"@type\":\"ListItem\",\"position\":2,\"name\":\"Voirie urbaine de kananga : Jean Claude Tshilumbayi inspecte les travaux\"}]},{\"@type\":\"WebSite\",\"@id\":\"https:\/\/ikar.dev\/bceco-v2\/#website\",\"url\":\"https:\/\/ikar.dev\/bceco-v2\/\",\"name\":\"Bureau Central de Coordination\",\"description\":\"B.Ce.Co \u2013 Au c\u0153ur de l\u2019ex\u00e9cution des projets de d\u00e9veloppement en RDC\",\"publisher\":{\"@id\":\"https:\/\/ikar.dev\/bceco-v2\/#organization\"},\"potentialAction\":[{\"@type\":\"SearchAction\",\"target\":{\"@type\":\"EntryPoint\",\"urlTemplate\":\"https:\/\/ikar.dev\/bceco-v2\/?s={search_term_string}\"},\"query-input\":{\"@type\":\"PropertyValueSpecification\",\"valueRequired\":true,\"valueName\":\"search_term_string\"}}],\"inLanguage\":\"en-US\"},{\"@type\":\"Organization\",\"@id\":\"https:\/\/ikar.dev\/bceco-v2\/#organization\",\"name\":\"Bureau Central de Coordination\",\"url\":\"https:\/\/ikar.dev\/bceco-v2\/\",\"logo\":{\"@type\":\"ImageObject\",\"inLanguage\":\"en-US\",\"@id\":\"https:\/\/ikar.dev\/bceco-v2\/#\/schema\/logo\/image\/\",\"url\":\"https:\/\/ikar.dev\/bceco-v2\/wp-content\/uploads\/2025\/12\/BCECO-Bureau-Central-de-Coordination.jpg\",\"contentUrl\":\"https:\/\/ikar.dev\/bceco-v2\/wp-content\/uploads\/2025\/12\/BCECO-Bureau-Central-de-Coordination.jpg\",\"width\":2048,\"height\":2048,\"caption\":\"Bureau Central de Coordination\"},\"image\":{\"@id\":\"https:\/\/ikar.dev\/bceco-v2\/#\/schema\/logo\/image\/\"},\"sameAs\":[\"https:\/\/www.facebook.com\/BCeCoRDC\",\"https:\/\/x.com\/BCeCoRDC\"]},{\"@type\":\"Person\",\"@id\":\"https:\/\/ikar.dev\/bceco-v2\/#\/schema\/person\/6ee74807ffb016a78852fec6a295d503\",\"name\":\"bceco\",\"image\":{\"@type\":\"ImageObject\",\"inLanguage\":\"en-US\",\"@id\":\"https:\/\/ikar.dev\/bceco-v2\/#\/schema\/person\/image\/\",\"url\":\"https:\/\/secure.gravatar.com\/avatar\/55c07e1707f50774ef3c842c9d074773a6b558a20fbd1608c8e4871bc88f3455?s=96&d=mm&r=g\",\"contentUrl\":\"https:\/\/secure.gravatar.com\/avatar\/55c07e1707f50774ef3c842c9d074773a6b558a20fbd1608c8e4871bc88f3455?s=96&d=mm&r=g\",\"caption\":\"bceco\"},\"sameAs\":[\"https:\/\/ikar.dev\/bceco-v2\"],\"url\":\"https:\/\/ikar.dev\/bceco-v2\/author\/bceco\/\"}]}<\/script>\n<!-- \/ Yoast SEO plugin. -->","yoast_head_json":{"title":"Voirie urbaine de kananga : Jean Claude Tshilumbayi inspecte les travaux - Bureau Central de Coordination","robots":{"index":"index","follow":"follow","max-snippet":"max-snippet:-1","max-image-preview":"max-image-preview:large","max-video-preview":"max-video-preview:-1"},"canonical":"https:\/\/ikar.dev\/bceco-v2\/voirie-urbaine-de-kananga-jean-claude-tshilumbayi-inspecte-les-travaux\/","og_locale":"en_US","og_type":"article","og_title":"Voirie urbaine de kananga : Jean Claude Tshilumbayi inspecte les travaux - Bureau Central de Coordination","og_description":"En marge de la visite du Pr\u00e9sident de la R\u00e9publique F\u00e9lix Antoine Tshisekedi Tshilombo dans la ville de Kananga et voulant s&#8217;enqu\u00e9rir de l&#8217;\u00e9tat d&#8217;avancement des travaux de la voirie urbaine, que l&#8217;honorable Premier vice-pr\u00e9sident de l&#8217;Assembl\u00e9e Nationale Jean Claude Tshilumbayi a conduit une d\u00e9l\u00e9gation des d\u00e9put\u00e9s nationaux sur les diff\u00e9rents chantiers de r\u00e9habilitation et","og_url":"https:\/\/ikar.dev\/bceco-v2\/voirie-urbaine-de-kananga-jean-claude-tshilumbayi-inspecte-les-travaux\/","og_site_name":"Bureau Central de Coordination","article_publisher":"https:\/\/www.facebook.com\/BCeCoRDC","article_published_time":"2024-12-27T15:30:55+00:00","article_modified_time":"2025-12-23T16:20:29+00:00","og_image":[{"width":2560,"height":1707,"url":"https:\/\/ikar.dev\/bceco-v2\/wp-content\/uploads\/2025\/09\/4M4A4195-1-scaled.jpg","type":"image\/jpeg"}],"author":"bceco","twitter_card":"summary_large_image","twitter_creator":"@BCeCoRDC","twitter_site":"@BCeCoRDC","twitter_misc":{"Written by":"bceco","Est. reading time":"3 minutes"},"schema":{"@context":"https:\/\/schema.org","@graph":[{"@type":"Article","@id":"https:\/\/ikar.dev\/bceco-v2\/voirie-urbaine-de-kananga-jean-claude-tshilumbayi-inspecte-les-travaux\/#article","isPartOf":{"@id":"https:\/\/ikar.dev\/bceco-v2\/voirie-urbaine-de-kananga-jean-claude-tshilumbayi-inspecte-les-travaux\/"},"author":{"name":"bceco","@id":"https:\/\/ikar.dev\/bceco-v2\/#\/schema\/person\/6ee74807ffb016a78852fec6a295d503"},"headline":"Voirie urbaine de kananga : Jean Claude Tshilumbayi inspecte les travaux","datePublished":"2024-12-27T15:30:55+00:00","dateModified":"2025-12-23T16:20:29+00:00","mainEntityOfPage":{"@id":"https:\/\/ikar.dev\/bceco-v2\/voirie-urbaine-de-kananga-jean-claude-tshilumbayi-inspecte-les-travaux\/"},"wordCount":350,"commentCount":0,"publisher":{"@id":"https:\/\/ikar.dev\/bceco-v2\/#organization"},"image":{"@id":"https:\/\/ikar.dev\/bceco-v2\/voirie-urbaine-de-kananga-jean-claude-tshilumbayi-inspecte-les-travaux\/#primaryimage"},"thumbnailUrl":"https:\/\/ikar.dev\/bceco-v2\/wp-content\/uploads\/2025\/09\/4M4A4195-1-scaled.jpg","articleSection":["Actualit\u00e9s","D\u00e9veloppement","Infrastructures"],"inLanguage":"en-US","potentialAction":[{"@type":"CommentAction","name":"Comment","target":["https:\/\/ikar.dev\/bceco-v2\/voirie-urbaine-de-kananga-jean-claude-tshilumbayi-inspecte-les-travaux\/#respond"]}]},{"@type":"WebPage","@id":"https:\/\/ikar.dev\/bceco-v2\/voirie-urbaine-de-kananga-jean-claude-tshilumbayi-inspecte-les-travaux\/","url":"https:\/\/ikar.dev\/bceco-v2\/voirie-urbaine-de-kananga-jean-claude-tshilumbayi-inspecte-les-travaux\/","name":"Voirie urbaine de kananga : Jean Claude Tshilumbayi inspecte les travaux - Bureau Central de Coordination","isPartOf":{"@id":"https:\/\/ikar.dev\/bceco-v2\/#website"},"primaryImageOfPage":{"@id":"https:\/\/ikar.dev\/bceco-v2\/voirie-urbaine-de-kananga-jean-claude-tshilumbayi-inspecte-les-travaux\/#primaryimage"},"image":{"@id":"https:\/\/ikar.dev\/bceco-v2\/voirie-urbaine-de-kananga-jean-claude-tshilumbayi-inspecte-les-travaux\/#primaryimage"},"thumbnailUrl":"https:\/\/ikar.dev\/bceco-v2\/wp-content\/uploads\/2025\/09\/4M4A4195-1-scaled.jpg","datePublished":"2024-12-27T15:30:55+00:00","dateModified":"2025-12-23T16:20:29+00:00","breadcrumb":{"@id":"https:\/\/ikar.dev\/bceco-v2\/voirie-urbaine-de-kananga-jean-claude-tshilumbayi-inspecte-les-travaux\/#breadcrumb"},"inLanguage":"en-US","potentialAction":[{"@type":"ReadAction","target":["https:\/\/ikar.dev\/bceco-v2\/voirie-urbaine-de-kananga-jean-claude-tshilumbayi-inspecte-les-travaux\/"]}]},{"@type":"ImageObject","inLanguage":"en-US","@id":"https:\/\/ikar.dev\/bceco-v2\/voirie-urbaine-de-kananga-jean-claude-tshilumbayi-inspecte-les-travaux\/#primaryimage","url":"https:\/\/ikar.dev\/bceco-v2\/wp-content\/uploads\/2025\/09\/4M4A4195-1-scaled.jpg","contentUrl":"https:\/\/ikar.dev\/bceco-v2\/wp-content\/uploads\/2025\/09\/4M4A4195-1-scaled.jpg","width":2560,"height":1707},{"@type":"BreadcrumbList","@id":"https:\/\/ikar.dev\/bceco-v2\/voirie-urbaine-de-kananga-jean-claude-tshilumbayi-inspecte-les-travaux\/#breadcrumb","itemListElement":[{"@type":"ListItem","position":1,"name":"Accueil","item":"https:\/\/ikar.dev\/bceco-v2\/"},{"@type":"ListItem","position":2,"name":"Voirie urbaine de kananga : Jean Claude Tshilumbayi inspecte les travaux"}]},{"@type":"WebSite","@id":"https:\/\/ikar.dev\/bceco-v2\/#website","url":"https:\/\/ikar.dev\/bceco-v2\/","name":"Bureau Central de Coordination","description":"B.Ce.Co \u2013 Au c\u0153ur de l\u2019ex\u00e9cution des projets de d\u00e9veloppement en RDC","publisher":{"@id":"https:\/\/ikar.dev\/bceco-v2\/#organization"},"potentialAction":[{"@type":"SearchAction","target":{"@type":"EntryPoint","urlTemplate":"https:\/\/ikar.dev\/bceco-v2\/?s={search_term_string}"},"query-input":{"@type":"PropertyValueSpecification","valueRequired":true,"valueName":"search_term_string"}}],"inLanguage":"en-US"},{"@type":"Organization","@id":"https:\/\/ikar.dev\/bceco-v2\/#organization","name":"Bureau Central de Coordination","url":"https:\/\/ikar.dev\/bceco-v2\/","logo":{"@type":"ImageObject","inLanguage":"en-US","@id":"https:\/\/ikar.dev\/bceco-v2\/#\/schema\/logo\/image\/","url":"https:\/\/ikar.dev\/bceco-v2\/wp-content\/uploads\/2025\/12\/BCECO-Bureau-Central-de-Coordination.jpg","contentUrl":"https:\/\/ikar.dev\/bceco-v2\/wp-content\/uploads\/2025\/12\/BCECO-Bureau-Central-de-Coordination.jpg","width":2048,"height":2048,"caption":"Bureau Central de Coordination"},"image":{"@id":"https:\/\/ikar.dev\/bceco-v2\/#\/schema\/logo\/image\/"},"sameAs":["https:\/\/www.facebook.com\/BCeCoRDC","https:\/\/x.com\/BCeCoRDC"]},{"@type":"Person","@id":"https:\/\/ikar.dev\/bceco-v2\/#\/schema\/person\/6ee74807ffb016a78852fec6a295d503","name":"bceco","image":{"@type":"ImageObject","inLanguage":"en-US","@id":"https:\/\/ikar.dev\/bceco-v2\/#\/schema\/person\/image\/","url":"https:\/\/secure.gravatar.com\/avatar\/55c07e1707f50774ef3c842c9d074773a6b558a20fbd1608c8e4871bc88f3455?s=96&d=mm&r=g","contentUrl":"https:\/\/secure.gravatar.com\/avatar\/55c07e1707f50774ef3c842c9d074773a6b558a20fbd1608c8e4871bc88f3455?s=96&d=mm&r=g","caption":"bceco"},"sameAs":["https:\/\/ikar.dev\/bceco-v2"],"url":"https:\/\/ikar.dev\/bceco-v2\/author\/bceco\/"}]}},"_links":{"self":[{"href":"https:\/\/ikar.dev\/bceco-v2\/wp-json\/wp\/v2\/posts\/54933","targetHints":{"allow":["GET"]}}],"collection":[{"href":"https:\/\/ikar.dev\/bceco-v2\/wp-json\/wp\/v2\/posts"}],"about":[{"href":"https:\/\/ikar.dev\/bceco-v2\/wp-json\/wp\/v2\/types\/post"}],"author":[{"embeddable":true,"href":"https:\/\/ikar.dev\/bceco-v2\/wp-json\/wp\/v2\/users\/1"}],"replies":[{"embeddable":true,"href":"https:\/\/ikar.dev\/bceco-v2\/wp-json\/wp\/v2\/comments?post=54933"}],"version-history":[{"count":1,"href":"https:\/\/ikar.dev\/bceco-v2\/wp-json\/wp\/v2\/posts\/54933\/revisions"}],"predecessor-version":[{"id":56324,"href":"https:\/\/ikar.dev\/bceco-v2\/wp-json\/wp\/v2\/posts\/54933\/revisions\/56324"}],"wp:featuredmedia":[{"embeddable":true,"href":"https:\/\/ikar.dev\/bceco-v2\/wp-json\/wp\/v2\/media\/54934"}],"wp:attachment":[{"href":"https:\/\/ikar.dev\/bceco-v2\/wp-json\/wp\/v2\/media?parent=54933"}],"wp:term":[{"taxonomy":"category","embeddable":true,"href":"https:\/\/ikar.dev\/bceco-v2\/wp-json\/wp\/v2\/categories?post=54933"},{"taxonomy":"post_tag","embeddable":true,"href":"https:\/\/ikar.dev\/bceco-v2\/wp-json\/wp\/v2\/tags?post=54933"}],"curies":[{"name":"wp","href":"https:\/\/api.w.org\/{rel}","templated":true}]}}