{"id":54866,"date":"2025-09-08T11:00:01","date_gmt":"2025-09-08T11:00:01","guid":{"rendered":"https:\/\/bceco.cd\/?p=54866"},"modified":"2025-12-23T17:21:13","modified_gmt":"2025-12-23T16:21:13","slug":"transparence-et-redevabilite-sur-les-projets-au-kasai-central-jean-mabi-fait-le-point-avec-la-notabilite-de-cette-province","status":"publish","type":"post","link":"https:\/\/ikar.dev\/bceco-v2\/transparence-et-redevabilite-sur-les-projets-au-kasai-central-jean-mabi-fait-le-point-avec-la-notabilite-de-cette-province\/","title":{"rendered":"Transparence et Redevabilit\u00e9 sur les projets au Kasa\u00ef-central : Jean Mabi fait le point avec la notabilit\u00e9 de cette province"},"content":{"rendered":"\t\t<div data-elementor-type=\"wp-post\" data-elementor-id=\"54866\" class=\"elementor elementor-54866\" data-elementor-post-type=\"post\">\n\t\t\t\t\t\t<section class=\"elementor-section elementor-top-section elementor-element elementor-element-7f06bed3 elementor-section-boxed elementor-section-height-default elementor-section-height-default\" data-id=\"7f06bed3\" data-element_type=\"section\">\n\t\t\t\t\t\t<div class=\"elementor-container elementor-column-gap-default\">\n\t\t\t\t\t<div class=\"elementor-column elementor-col-100 elementor-top-column elementor-element elementor-element-33ee0ff4\" data-id=\"33ee0ff4\" data-element_type=\"column\">\n\t\t\t<div class=\"elementor-widget-wrap elementor-element-populated\">\n\t\t\t\t\t\t<div class=\"elementor-element elementor-element-1e1fae96 elementor-widget elementor-widget-text-editor\" data-id=\"1e1fae96\" data-element_type=\"widget\" data-widget_type=\"text-editor.default\">\n\t\t\t\t\t\t\t\t\t\n<p class=\"has-text-align-justify\">Le Directeur G\u00e9n\u00e9ral du Bureau Central de Coordination ( BCECO) Jean Mabi Mulumba \u00e9tait face \u00e0 la notabilit\u00e9 du Kasa\u00ef central ce lundi 18 novembre 2024 \u00e0 la maison de France. Cet exercice de redevabilit\u00e9 du num\u00e9ro un de cette agence gouvernementale avait pour but de donner la bonne information sur l&#8217;\u00e9tat d&#8217;avancement des travaux de diff\u00e9rents projets qui s&#8217;ex\u00e9cutent dans cette province. Durant plus de 4 heures jean Mabi s&#8217;est livr\u00e9 \u00e0 un jeu de questions r\u00e9ponses afin d&#8217;\u00e9clairer la lanterne de ses convives. Tous les projets ont \u00e9t\u00e9 pass\u00e9s au peigne fin.<\/p>\n\n\n\n<figure class=\"wp-block-image size-full\"><img decoding=\"async\" src=\"https:\/\/bceco.cd\/wp-content\/uploads\/2025\/09\/4M4A2537.jpg\" alt=\"\" class=\"wp-image-54871\"\/><\/figure>\n\n\n\n<p class=\"has-text-align-justify\">D&#8217;abord le PDL-145T: Ce vaste programme de chef de l&#8217;Etat pour la r\u00e9duction des disparit\u00e9s sociales entre les grandes villes et les milieux ruraux n&#8217;\u00e9tait pas en reste. A ce jour, plusieurs ouvrages ont \u00e9t\u00e9 r\u00e9ceptionn\u00e9s dans 3 territoires \u00e0 savoir les territoires de Kazumba, celui de Luiza et Dimbelenge, quand aux territoires de Dibaya et Demba, les travaux \u00e9voluent malgr\u00e9 le mauvais \u00e9tat de route.<\/p>\n\n\n\n<p class=\"has-text-align-justify\">La voirie urbaine \u00e0 aussi fait l&#8217;objet d&#8217;une attention particuli\u00e8re. La bonne nouvelle est que toutes les routes du chef-lieu vont rev\u00eatir une peau neuve. Tous les travaux d&#8217;assainissement sont termin\u00e9s, l&#8217;asphaltage va bient\u00f4t commencer \u00e0 l&#8217;installation du concasseur et de la centrale d&#8217;enrob\u00e9s<\/p>\n\n\n\n<p class=\"has-text-align-justify\">Les autres projets de construction des \u00e9difices publics sont \u00e9galement tr\u00e8s avanc\u00e9s, \u00e0 titre d&#8217;exemple nous citerons la r\u00e9sidence officielle du gouverneur de province qui est en phase de finition, le B\u00e2timent de l&#8217;assembl\u00e9e provinciale pour ne citer que ceux-l\u00e0.<\/p>\n\n\n\n<figure class=\"wp-block-image size-full\"><img decoding=\"async\" src=\"https:\/\/bceco.cd\/wp-content\/uploads\/2025\/09\/4M4A2529.jpg\" alt=\"\" class=\"wp-image-54868\"\/><\/figure>\n\n\n\n<p class=\"has-text-align-justify\">Certains projets ont m\u00eame fait d\u00e9bat. C&#8217;est le cas du projet sur la construction du barrage Hydro \u00e9lectrique sur les chutes mbombo. Pour le Directeur G\u00e9n\u00e9ral du BCeCo, l&#8217;occasion \u00e9tait offerte d&#8217;expliquer la quintessence de ce projet propos\u00e9 au chef de l&#8217;Etat depuis son d\u00e9but jusqu&#8217;\u00e0 ce stade o\u00f9 les \u00e9tudes de faisabilit\u00e9 sont \u00e0 79\u2105 de r\u00e9alisation.<\/p>\n\n\n\n<p class=\"has-text-align-justify\">Face \u00e0 l&#8217;\u00e9vidence des faits expos\u00e9s, les notables et dignitaires du Kasa\u00ef Central se sont dits satisfaits. Pour Emmanuel Kabukabu, notable Kasa\u00ef &#8211; Central et chef de la d\u00e9l\u00e9gation : &#8221; Tout ce que le Directeur G\u00e9n\u00e9ral du BCeCo nous a montr\u00e9, est v\u00e9ridique parce que nous venons de Kananga et nous l&#8217;avons vu de nos propres yeux &#8220;<\/p>\n\n\n\n<p class=\"has-text-align-justify\">Au finish la notabilit\u00e9 du Kasa\u00ef central a \u00e9mis le v\u0153u de cr\u00e9er un cadre de concertation en vue de s&#8217;informer \u00e0 la Source pour \u00e9viter&nbsp;toute&nbsp;rumeur.<\/p>\n\t\t\t\t\t\t\t\t<\/div>\n\t\t\t\t\t<\/div>\n\t\t<\/div>\n\t\t\t\t\t<\/div>\n\t\t<\/section>\n\t\t\t\t<section class=\"elementor-section elementor-top-section elementor-element elementor-element-1357399 elementor-section-boxed elementor-section-height-default elementor-section-height-default\" data-id=\"1357399\" data-element_type=\"section\">\n\t\t\t\t\t\t<div class=\"elementor-container elementor-column-gap-default\">\n\t\t\t\t\t<div class=\"elementor-column elementor-col-100 elementor-top-column elementor-element elementor-element-cffa127\" data-id=\"cffa127\" data-element_type=\"column\">\n\t\t\t<div class=\"elementor-widget-wrap elementor-element-populated\">\n\t\t\t\t\t\t<div class=\"elementor-element elementor-element-621a6d3 elementor-arrows-position-inside elementor-pagination-position-outside elementor-widget elementor-widget-image-carousel\" data-id=\"621a6d3\" data-element_type=\"widget\" data-settings=\"{&quot;slides_to_show&quot;:&quot;1&quot;,&quot;navigation&quot;:&quot;both&quot;,&quot;autoplay&quot;:&quot;yes&quot;,&quot;pause_on_hover&quot;:&quot;yes&quot;,&quot;pause_on_interaction&quot;:&quot;yes&quot;,&quot;autoplay_speed&quot;:5000,&quot;infinite&quot;:&quot;yes&quot;,&quot;effect&quot;:&quot;slide&quot;,&quot;speed&quot;:500}\" data-widget_type=\"image-carousel.default\">\n\t\t\t\t\t\t\t<div class=\"elementor-image-carousel-wrapper swiper\" role=\"region\" aria-roledescription=\"carousel\" aria-label=\"Image Carousel\" dir=\"ltr\">\n\t\t\t<div class=\"elementor-image-carousel swiper-wrapper\" aria-live=\"off\">\n\t\t\t\t\t\t\t\t<div class=\"swiper-slide\" role=\"group\" aria-roledescription=\"slide\" aria-label=\"1 of 6\"><figure class=\"swiper-slide-inner\"><img decoding=\"async\" class=\"swiper-slide-image\" src=\"https:\/\/ikar.dev\/bceco-v2\/wp-content\/uploads\/2025\/09\/4M4A2579-80x80.jpg\" alt=\"4M4A2579\" \/><\/figure><\/div><div class=\"swiper-slide\" role=\"group\" aria-roledescription=\"slide\" aria-label=\"2 of 6\"><figure class=\"swiper-slide-inner\"><img decoding=\"async\" class=\"swiper-slide-image\" src=\"https:\/\/ikar.dev\/bceco-v2\/wp-content\/uploads\/2025\/09\/4M4A2549-80x80.jpg\" alt=\"4M4A2549\" \/><\/figure><\/div><div class=\"swiper-slide\" role=\"group\" aria-roledescription=\"slide\" aria-label=\"3 of 6\"><figure class=\"swiper-slide-inner\"><img decoding=\"async\" class=\"swiper-slide-image\" src=\"https:\/\/ikar.dev\/bceco-v2\/wp-content\/uploads\/2025\/09\/4M4A2535-80x80.jpg\" alt=\"4M4A2535\" \/><\/figure><\/div><div class=\"swiper-slide\" role=\"group\" aria-roledescription=\"slide\" aria-label=\"4 of 6\"><figure class=\"swiper-slide-inner\"><img decoding=\"async\" class=\"swiper-slide-image\" src=\"https:\/\/ikar.dev\/bceco-v2\/wp-content\/uploads\/2025\/09\/4M4A2563-80x80.jpg\" alt=\"4M4A2563\" \/><\/figure><\/div><div class=\"swiper-slide\" role=\"group\" aria-roledescription=\"slide\" aria-label=\"5 of 6\"><figure class=\"swiper-slide-inner\"><img decoding=\"async\" class=\"swiper-slide-image\" src=\"https:\/\/ikar.dev\/bceco-v2\/wp-content\/uploads\/2025\/09\/4M4A2504-80x80.jpg\" alt=\"4M4A2504\" \/><\/figure><\/div><div class=\"swiper-slide\" role=\"group\" aria-roledescription=\"slide\" aria-label=\"6 of 6\"><figure class=\"swiper-slide-inner\"><img decoding=\"async\" class=\"swiper-slide-image\" src=\"https:\/\/ikar.dev\/bceco-v2\/wp-content\/uploads\/2025\/09\/4M4A2533-80x80.jpg\" alt=\"4M4A2533\" \/><\/figure><\/div>\t\t\t<\/div>\n\t\t\t\t\t\t\t\t\t\t\t\t<div class=\"elementor-swiper-button elementor-swiper-button-prev\" role=\"button\" tabindex=\"0\">\n\t\t\t\t\t\t<svg aria-hidden=\"true\" class=\"e-font-icon-svg e-eicon-chevron-left\" viewBox=\"0 0 1000 1000\" xmlns=\"http:\/\/www.w3.org\/2000\/svg\"><path d=\"M646 125C629 125 613 133 604 142L308 442C296 454 292 471 292 487 292 504 296 521 308 533L604 854C617 867 629 875 646 875 663 875 679 871 692 858 704 846 713 829 713 812 713 796 708 779 692 767L438 487 692 225C700 217 708 204 708 187 708 171 704 154 692 142 675 129 663 125 646 125Z\"><\/path><\/svg>\t\t\t\t\t<\/div>\n\t\t\t\t\t<div class=\"elementor-swiper-button elementor-swiper-button-next\" role=\"button\" tabindex=\"0\">\n\t\t\t\t\t\t<svg aria-hidden=\"true\" class=\"e-font-icon-svg e-eicon-chevron-right\" viewBox=\"0 0 1000 1000\" xmlns=\"http:\/\/www.w3.org\/2000\/svg\"><path d=\"M696 533C708 521 713 504 713 487 713 471 708 454 696 446L400 146C388 133 375 125 354 125 338 125 325 129 313 142 300 154 292 171 292 187 292 204 296 221 308 233L563 492 304 771C292 783 288 800 288 817 288 833 296 850 308 863 321 871 338 875 354 875 371 875 388 867 400 854L696 533Z\"><\/path><\/svg>\t\t\t\t\t<\/div>\n\t\t\t\t\n\t\t\t\t\t\t\t\t\t<div class=\"swiper-pagination\"><\/div>\n\t\t\t\t\t\t\t\t\t<\/div>\n\t\t\t\t\t\t<\/div>\n\t\t\t\t\t<\/div>\n\t\t<\/div>\n\t\t\t\t\t<\/div>\n\t\t<\/section>\n\t\t\t\t<\/div>\n\t\t","protected":false},"excerpt":{"rendered":"<p>Le Directeur G\u00e9n\u00e9ral du Bureau Central de Coordination ( BCECO) Jean Mabi Mulumba \u00e9tait face \u00e0 la notabilit\u00e9 du Kasa\u00ef central ce lundi 18 novembre 2024 \u00e0 la maison de France. Cet exercice de redevabilit\u00e9 du num\u00e9ro un de cette agence gouvernementale avait pour but de donner la bonne information sur l&#8217;\u00e9tat d&#8217;avancement des travaux<\/p>\n","protected":false},"author":1,"featured_media":54875,"comment_status":"open","ping_status":"open","sticky":false,"template":"","format":"standard","meta":{"footnotes":""},"categories":[69,62,63,61],"tags":[],"class_list":["post-54866","post","type-post","status-publish","format-standard","has-post-thumbnail","hentry","category-actualites","category-developpement","category-infrastructures","category-pdl145t"],"yoast_head":"<!-- This site is optimized with the Yoast SEO plugin v26.7 - https:\/\/yoast.com\/wordpress\/plugins\/seo\/ -->\n<title>Transparence et Redevabilit\u00e9 sur les projets au Kasa\u00ef-central : Jean Mabi fait le point avec la notabilit\u00e9 de cette province - Bureau Central de Coordination<\/title>\n<meta name=\"robots\" content=\"index, follow, max-snippet:-1, max-image-preview:large, max-video-preview:-1\" \/>\n<link rel=\"canonical\" href=\"https:\/\/ikar.dev\/bceco-v2\/transparence-et-redevabilite-sur-les-projets-au-kasai-central-jean-mabi-fait-le-point-avec-la-notabilite-de-cette-province\/\" \/>\n<meta property=\"og:locale\" content=\"en_US\" \/>\n<meta property=\"og:type\" content=\"article\" \/>\n<meta property=\"og:title\" content=\"Transparence et Redevabilit\u00e9 sur les projets au Kasa\u00ef-central : Jean Mabi fait le point avec la notabilit\u00e9 de cette province - Bureau Central de Coordination\" \/>\n<meta property=\"og:description\" content=\"Le Directeur G\u00e9n\u00e9ral du Bureau Central de Coordination ( BCECO) Jean Mabi Mulumba \u00e9tait face \u00e0 la notabilit\u00e9 du Kasa\u00ef central ce lundi 18 novembre 2024 \u00e0 la maison de France. Cet exercice de redevabilit\u00e9 du num\u00e9ro un de cette agence gouvernementale avait pour but de donner la bonne information sur l&#8217;\u00e9tat d&#8217;avancement des travaux\" \/>\n<meta property=\"og:url\" content=\"https:\/\/ikar.dev\/bceco-v2\/transparence-et-redevabilite-sur-les-projets-au-kasai-central-jean-mabi-fait-le-point-avec-la-notabilite-de-cette-province\/\" \/>\n<meta property=\"og:site_name\" content=\"Bureau Central de Coordination\" \/>\n<meta property=\"article:publisher\" content=\"https:\/\/www.facebook.com\/BCeCoRDC\" \/>\n<meta property=\"article:published_time\" content=\"2025-09-08T11:00:01+00:00\" \/>\n<meta property=\"article:modified_time\" content=\"2025-12-23T16:21:13+00:00\" \/>\n<meta property=\"og:image\" content=\"https:\/\/ikar.dev\/bceco-v2\/wp-content\/uploads\/2025\/09\/4M4A2611-scaled.jpg\" \/>\n\t<meta property=\"og:image:width\" content=\"2560\" \/>\n\t<meta property=\"og:image:height\" content=\"1707\" \/>\n\t<meta property=\"og:image:type\" content=\"image\/jpeg\" \/>\n<meta name=\"author\" content=\"bceco\" \/>\n<meta name=\"twitter:card\" content=\"summary_large_image\" \/>\n<meta name=\"twitter:creator\" content=\"@BCeCoRDC\" \/>\n<meta name=\"twitter:site\" content=\"@BCeCoRDC\" \/>\n<meta name=\"twitter:label1\" content=\"Written by\" \/>\n\t<meta name=\"twitter:data1\" content=\"bceco\" \/>\n\t<meta name=\"twitter:label2\" content=\"Est. reading time\" \/>\n\t<meta name=\"twitter:data2\" content=\"4 minutes\" \/>\n<script type=\"application\/ld+json\" class=\"yoast-schema-graph\">{\"@context\":\"https:\/\/schema.org\",\"@graph\":[{\"@type\":\"Article\",\"@id\":\"https:\/\/ikar.dev\/bceco-v2\/transparence-et-redevabilite-sur-les-projets-au-kasai-central-jean-mabi-fait-le-point-avec-la-notabilite-de-cette-province\/#article\",\"isPartOf\":{\"@id\":\"https:\/\/ikar.dev\/bceco-v2\/transparence-et-redevabilite-sur-les-projets-au-kasai-central-jean-mabi-fait-le-point-avec-la-notabilite-de-cette-province\/\"},\"author\":{\"name\":\"bceco\",\"@id\":\"https:\/\/ikar.dev\/bceco-v2\/#\/schema\/person\/6ee74807ffb016a78852fec6a295d503\"},\"headline\":\"Transparence et Redevabilit\u00e9 sur les projets au Kasa\u00ef-central : Jean Mabi fait le point avec la notabilit\u00e9 de cette province\",\"datePublished\":\"2025-09-08T11:00:01+00:00\",\"dateModified\":\"2025-12-23T16:21:13+00:00\",\"mainEntityOfPage\":{\"@id\":\"https:\/\/ikar.dev\/bceco-v2\/transparence-et-redevabilite-sur-les-projets-au-kasai-central-jean-mabi-fait-le-point-avec-la-notabilite-de-cette-province\/\"},\"wordCount\":451,\"commentCount\":0,\"publisher\":{\"@id\":\"https:\/\/ikar.dev\/bceco-v2\/#organization\"},\"image\":{\"@id\":\"https:\/\/ikar.dev\/bceco-v2\/transparence-et-redevabilite-sur-les-projets-au-kasai-central-jean-mabi-fait-le-point-avec-la-notabilite-de-cette-province\/#primaryimage\"},\"thumbnailUrl\":\"https:\/\/ikar.dev\/bceco-v2\/wp-content\/uploads\/2025\/09\/4M4A2611-scaled.jpg\",\"articleSection\":[\"Actualit\u00e9s\",\"D\u00e9veloppement\",\"Infrastructures\",\"PDL145T\"],\"inLanguage\":\"en-US\",\"potentialAction\":[{\"@type\":\"CommentAction\",\"name\":\"Comment\",\"target\":[\"https:\/\/ikar.dev\/bceco-v2\/transparence-et-redevabilite-sur-les-projets-au-kasai-central-jean-mabi-fait-le-point-avec-la-notabilite-de-cette-province\/#respond\"]}]},{\"@type\":\"WebPage\",\"@id\":\"https:\/\/ikar.dev\/bceco-v2\/transparence-et-redevabilite-sur-les-projets-au-kasai-central-jean-mabi-fait-le-point-avec-la-notabilite-de-cette-province\/\",\"url\":\"https:\/\/ikar.dev\/bceco-v2\/transparence-et-redevabilite-sur-les-projets-au-kasai-central-jean-mabi-fait-le-point-avec-la-notabilite-de-cette-province\/\",\"name\":\"Transparence et Redevabilit\u00e9 sur les projets au Kasa\u00ef-central : Jean Mabi fait le point avec la notabilit\u00e9 de cette province - Bureau Central de Coordination\",\"isPartOf\":{\"@id\":\"https:\/\/ikar.dev\/bceco-v2\/#website\"},\"primaryImageOfPage\":{\"@id\":\"https:\/\/ikar.dev\/bceco-v2\/transparence-et-redevabilite-sur-les-projets-au-kasai-central-jean-mabi-fait-le-point-avec-la-notabilite-de-cette-province\/#primaryimage\"},\"image\":{\"@id\":\"https:\/\/ikar.dev\/bceco-v2\/transparence-et-redevabilite-sur-les-projets-au-kasai-central-jean-mabi-fait-le-point-avec-la-notabilite-de-cette-province\/#primaryimage\"},\"thumbnailUrl\":\"https:\/\/ikar.dev\/bceco-v2\/wp-content\/uploads\/2025\/09\/4M4A2611-scaled.jpg\",\"datePublished\":\"2025-09-08T11:00:01+00:00\",\"dateModified\":\"2025-12-23T16:21:13+00:00\",\"breadcrumb\":{\"@id\":\"https:\/\/ikar.dev\/bceco-v2\/transparence-et-redevabilite-sur-les-projets-au-kasai-central-jean-mabi-fait-le-point-avec-la-notabilite-de-cette-province\/#breadcrumb\"},\"inLanguage\":\"en-US\",\"potentialAction\":[{\"@type\":\"ReadAction\",\"target\":[\"https:\/\/ikar.dev\/bceco-v2\/transparence-et-redevabilite-sur-les-projets-au-kasai-central-jean-mabi-fait-le-point-avec-la-notabilite-de-cette-province\/\"]}]},{\"@type\":\"ImageObject\",\"inLanguage\":\"en-US\",\"@id\":\"https:\/\/ikar.dev\/bceco-v2\/transparence-et-redevabilite-sur-les-projets-au-kasai-central-jean-mabi-fait-le-point-avec-la-notabilite-de-cette-province\/#primaryimage\",\"url\":\"https:\/\/ikar.dev\/bceco-v2\/wp-content\/uploads\/2025\/09\/4M4A2611-scaled.jpg\",\"contentUrl\":\"https:\/\/ikar.dev\/bceco-v2\/wp-content\/uploads\/2025\/09\/4M4A2611-scaled.jpg\",\"width\":2560,\"height\":1707},{\"@type\":\"BreadcrumbList\",\"@id\":\"https:\/\/ikar.dev\/bceco-v2\/transparence-et-redevabilite-sur-les-projets-au-kasai-central-jean-mabi-fait-le-point-avec-la-notabilite-de-cette-province\/#breadcrumb\",\"itemListElement\":[{\"@type\":\"ListItem\",\"position\":1,\"name\":\"Accueil\",\"item\":\"https:\/\/ikar.dev\/bceco-v2\/\"},{\"@type\":\"ListItem\",\"position\":2,\"name\":\"Transparence et Redevabilit\u00e9 sur les projets au Kasa\u00ef-central : Jean Mabi fait le point avec la notabilit\u00e9 de cette province\"}]},{\"@type\":\"WebSite\",\"@id\":\"https:\/\/ikar.dev\/bceco-v2\/#website\",\"url\":\"https:\/\/ikar.dev\/bceco-v2\/\",\"name\":\"Bureau Central de Coordination\",\"description\":\"B.Ce.Co \u2013 Au c\u0153ur de l\u2019ex\u00e9cution des projets de d\u00e9veloppement en RDC\",\"publisher\":{\"@id\":\"https:\/\/ikar.dev\/bceco-v2\/#organization\"},\"potentialAction\":[{\"@type\":\"SearchAction\",\"target\":{\"@type\":\"EntryPoint\",\"urlTemplate\":\"https:\/\/ikar.dev\/bceco-v2\/?s={search_term_string}\"},\"query-input\":{\"@type\":\"PropertyValueSpecification\",\"valueRequired\":true,\"valueName\":\"search_term_string\"}}],\"inLanguage\":\"en-US\"},{\"@type\":\"Organization\",\"@id\":\"https:\/\/ikar.dev\/bceco-v2\/#organization\",\"name\":\"Bureau Central de Coordination\",\"url\":\"https:\/\/ikar.dev\/bceco-v2\/\",\"logo\":{\"@type\":\"ImageObject\",\"inLanguage\":\"en-US\",\"@id\":\"https:\/\/ikar.dev\/bceco-v2\/#\/schema\/logo\/image\/\",\"url\":\"https:\/\/ikar.dev\/bceco-v2\/wp-content\/uploads\/2025\/12\/BCECO-Bureau-Central-de-Coordination.jpg\",\"contentUrl\":\"https:\/\/ikar.dev\/bceco-v2\/wp-content\/uploads\/2025\/12\/BCECO-Bureau-Central-de-Coordination.jpg\",\"width\":2048,\"height\":2048,\"caption\":\"Bureau Central de Coordination\"},\"image\":{\"@id\":\"https:\/\/ikar.dev\/bceco-v2\/#\/schema\/logo\/image\/\"},\"sameAs\":[\"https:\/\/www.facebook.com\/BCeCoRDC\",\"https:\/\/x.com\/BCeCoRDC\"]},{\"@type\":\"Person\",\"@id\":\"https:\/\/ikar.dev\/bceco-v2\/#\/schema\/person\/6ee74807ffb016a78852fec6a295d503\",\"name\":\"bceco\",\"image\":{\"@type\":\"ImageObject\",\"inLanguage\":\"en-US\",\"@id\":\"https:\/\/ikar.dev\/bceco-v2\/#\/schema\/person\/image\/\",\"url\":\"https:\/\/secure.gravatar.com\/avatar\/55c07e1707f50774ef3c842c9d074773a6b558a20fbd1608c8e4871bc88f3455?s=96&d=mm&r=g\",\"contentUrl\":\"https:\/\/secure.gravatar.com\/avatar\/55c07e1707f50774ef3c842c9d074773a6b558a20fbd1608c8e4871bc88f3455?s=96&d=mm&r=g\",\"caption\":\"bceco\"},\"sameAs\":[\"https:\/\/ikar.dev\/bceco-v2\"],\"url\":\"https:\/\/ikar.dev\/bceco-v2\/author\/bceco\/\"}]}<\/script>\n<!-- \/ Yoast SEO plugin. -->","yoast_head_json":{"title":"Transparence et Redevabilit\u00e9 sur les projets au Kasa\u00ef-central : Jean Mabi fait le point avec la notabilit\u00e9 de cette province - Bureau Central de Coordination","robots":{"index":"index","follow":"follow","max-snippet":"max-snippet:-1","max-image-preview":"max-image-preview:large","max-video-preview":"max-video-preview:-1"},"canonical":"https:\/\/ikar.dev\/bceco-v2\/transparence-et-redevabilite-sur-les-projets-au-kasai-central-jean-mabi-fait-le-point-avec-la-notabilite-de-cette-province\/","og_locale":"en_US","og_type":"article","og_title":"Transparence et Redevabilit\u00e9 sur les projets au Kasa\u00ef-central : Jean Mabi fait le point avec la notabilit\u00e9 de cette province - Bureau Central de Coordination","og_description":"Le Directeur G\u00e9n\u00e9ral du Bureau Central de Coordination ( BCECO) Jean Mabi Mulumba \u00e9tait face \u00e0 la notabilit\u00e9 du Kasa\u00ef central ce lundi 18 novembre 2024 \u00e0 la maison de France. Cet exercice de redevabilit\u00e9 du num\u00e9ro un de cette agence gouvernementale avait pour but de donner la bonne information sur l&#8217;\u00e9tat d&#8217;avancement des travaux","og_url":"https:\/\/ikar.dev\/bceco-v2\/transparence-et-redevabilite-sur-les-projets-au-kasai-central-jean-mabi-fait-le-point-avec-la-notabilite-de-cette-province\/","og_site_name":"Bureau Central de Coordination","article_publisher":"https:\/\/www.facebook.com\/BCeCoRDC","article_published_time":"2025-09-08T11:00:01+00:00","article_modified_time":"2025-12-23T16:21:13+00:00","og_image":[{"width":2560,"height":1707,"url":"https:\/\/ikar.dev\/bceco-v2\/wp-content\/uploads\/2025\/09\/4M4A2611-scaled.jpg","type":"image\/jpeg"}],"author":"bceco","twitter_card":"summary_large_image","twitter_creator":"@BCeCoRDC","twitter_site":"@BCeCoRDC","twitter_misc":{"Written by":"bceco","Est. reading time":"4 minutes"},"schema":{"@context":"https:\/\/schema.org","@graph":[{"@type":"Article","@id":"https:\/\/ikar.dev\/bceco-v2\/transparence-et-redevabilite-sur-les-projets-au-kasai-central-jean-mabi-fait-le-point-avec-la-notabilite-de-cette-province\/#article","isPartOf":{"@id":"https:\/\/ikar.dev\/bceco-v2\/transparence-et-redevabilite-sur-les-projets-au-kasai-central-jean-mabi-fait-le-point-avec-la-notabilite-de-cette-province\/"},"author":{"name":"bceco","@id":"https:\/\/ikar.dev\/bceco-v2\/#\/schema\/person\/6ee74807ffb016a78852fec6a295d503"},"headline":"Transparence et Redevabilit\u00e9 sur les projets au Kasa\u00ef-central : Jean Mabi fait le point avec la notabilit\u00e9 de cette province","datePublished":"2025-09-08T11:00:01+00:00","dateModified":"2025-12-23T16:21:13+00:00","mainEntityOfPage":{"@id":"https:\/\/ikar.dev\/bceco-v2\/transparence-et-redevabilite-sur-les-projets-au-kasai-central-jean-mabi-fait-le-point-avec-la-notabilite-de-cette-province\/"},"wordCount":451,"commentCount":0,"publisher":{"@id":"https:\/\/ikar.dev\/bceco-v2\/#organization"},"image":{"@id":"https:\/\/ikar.dev\/bceco-v2\/transparence-et-redevabilite-sur-les-projets-au-kasai-central-jean-mabi-fait-le-point-avec-la-notabilite-de-cette-province\/#primaryimage"},"thumbnailUrl":"https:\/\/ikar.dev\/bceco-v2\/wp-content\/uploads\/2025\/09\/4M4A2611-scaled.jpg","articleSection":["Actualit\u00e9s","D\u00e9veloppement","Infrastructures","PDL145T"],"inLanguage":"en-US","potentialAction":[{"@type":"CommentAction","name":"Comment","target":["https:\/\/ikar.dev\/bceco-v2\/transparence-et-redevabilite-sur-les-projets-au-kasai-central-jean-mabi-fait-le-point-avec-la-notabilite-de-cette-province\/#respond"]}]},{"@type":"WebPage","@id":"https:\/\/ikar.dev\/bceco-v2\/transparence-et-redevabilite-sur-les-projets-au-kasai-central-jean-mabi-fait-le-point-avec-la-notabilite-de-cette-province\/","url":"https:\/\/ikar.dev\/bceco-v2\/transparence-et-redevabilite-sur-les-projets-au-kasai-central-jean-mabi-fait-le-point-avec-la-notabilite-de-cette-province\/","name":"Transparence et Redevabilit\u00e9 sur les projets au Kasa\u00ef-central : Jean Mabi fait le point avec la notabilit\u00e9 de cette province - Bureau Central de Coordination","isPartOf":{"@id":"https:\/\/ikar.dev\/bceco-v2\/#website"},"primaryImageOfPage":{"@id":"https:\/\/ikar.dev\/bceco-v2\/transparence-et-redevabilite-sur-les-projets-au-kasai-central-jean-mabi-fait-le-point-avec-la-notabilite-de-cette-province\/#primaryimage"},"image":{"@id":"https:\/\/ikar.dev\/bceco-v2\/transparence-et-redevabilite-sur-les-projets-au-kasai-central-jean-mabi-fait-le-point-avec-la-notabilite-de-cette-province\/#primaryimage"},"thumbnailUrl":"https:\/\/ikar.dev\/bceco-v2\/wp-content\/uploads\/2025\/09\/4M4A2611-scaled.jpg","datePublished":"2025-09-08T11:00:01+00:00","dateModified":"2025-12-23T16:21:13+00:00","breadcrumb":{"@id":"https:\/\/ikar.dev\/bceco-v2\/transparence-et-redevabilite-sur-les-projets-au-kasai-central-jean-mabi-fait-le-point-avec-la-notabilite-de-cette-province\/#breadcrumb"},"inLanguage":"en-US","potentialAction":[{"@type":"ReadAction","target":["https:\/\/ikar.dev\/bceco-v2\/transparence-et-redevabilite-sur-les-projets-au-kasai-central-jean-mabi-fait-le-point-avec-la-notabilite-de-cette-province\/"]}]},{"@type":"ImageObject","inLanguage":"en-US","@id":"https:\/\/ikar.dev\/bceco-v2\/transparence-et-redevabilite-sur-les-projets-au-kasai-central-jean-mabi-fait-le-point-avec-la-notabilite-de-cette-province\/#primaryimage","url":"https:\/\/ikar.dev\/bceco-v2\/wp-content\/uploads\/2025\/09\/4M4A2611-scaled.jpg","contentUrl":"https:\/\/ikar.dev\/bceco-v2\/wp-content\/uploads\/2025\/09\/4M4A2611-scaled.jpg","width":2560,"height":1707},{"@type":"BreadcrumbList","@id":"https:\/\/ikar.dev\/bceco-v2\/transparence-et-redevabilite-sur-les-projets-au-kasai-central-jean-mabi-fait-le-point-avec-la-notabilite-de-cette-province\/#breadcrumb","itemListElement":[{"@type":"ListItem","position":1,"name":"Accueil","item":"https:\/\/ikar.dev\/bceco-v2\/"},{"@type":"ListItem","position":2,"name":"Transparence et Redevabilit\u00e9 sur les projets au Kasa\u00ef-central : Jean Mabi fait le point avec la notabilit\u00e9 de cette province"}]},{"@type":"WebSite","@id":"https:\/\/ikar.dev\/bceco-v2\/#website","url":"https:\/\/ikar.dev\/bceco-v2\/","name":"Bureau Central de Coordination","description":"B.Ce.Co \u2013 Au c\u0153ur de l\u2019ex\u00e9cution des projets de d\u00e9veloppement en RDC","publisher":{"@id":"https:\/\/ikar.dev\/bceco-v2\/#organization"},"potentialAction":[{"@type":"SearchAction","target":{"@type":"EntryPoint","urlTemplate":"https:\/\/ikar.dev\/bceco-v2\/?s={search_term_string}"},"query-input":{"@type":"PropertyValueSpecification","valueRequired":true,"valueName":"search_term_string"}}],"inLanguage":"en-US"},{"@type":"Organization","@id":"https:\/\/ikar.dev\/bceco-v2\/#organization","name":"Bureau Central de Coordination","url":"https:\/\/ikar.dev\/bceco-v2\/","logo":{"@type":"ImageObject","inLanguage":"en-US","@id":"https:\/\/ikar.dev\/bceco-v2\/#\/schema\/logo\/image\/","url":"https:\/\/ikar.dev\/bceco-v2\/wp-content\/uploads\/2025\/12\/BCECO-Bureau-Central-de-Coordination.jpg","contentUrl":"https:\/\/ikar.dev\/bceco-v2\/wp-content\/uploads\/2025\/12\/BCECO-Bureau-Central-de-Coordination.jpg","width":2048,"height":2048,"caption":"Bureau Central de Coordination"},"image":{"@id":"https:\/\/ikar.dev\/bceco-v2\/#\/schema\/logo\/image\/"},"sameAs":["https:\/\/www.facebook.com\/BCeCoRDC","https:\/\/x.com\/BCeCoRDC"]},{"@type":"Person","@id":"https:\/\/ikar.dev\/bceco-v2\/#\/schema\/person\/6ee74807ffb016a78852fec6a295d503","name":"bceco","image":{"@type":"ImageObject","inLanguage":"en-US","@id":"https:\/\/ikar.dev\/bceco-v2\/#\/schema\/person\/image\/","url":"https:\/\/secure.gravatar.com\/avatar\/55c07e1707f50774ef3c842c9d074773a6b558a20fbd1608c8e4871bc88f3455?s=96&d=mm&r=g","contentUrl":"https:\/\/secure.gravatar.com\/avatar\/55c07e1707f50774ef3c842c9d074773a6b558a20fbd1608c8e4871bc88f3455?s=96&d=mm&r=g","caption":"bceco"},"sameAs":["https:\/\/ikar.dev\/bceco-v2"],"url":"https:\/\/ikar.dev\/bceco-v2\/author\/bceco\/"}]}},"_links":{"self":[{"href":"https:\/\/ikar.dev\/bceco-v2\/wp-json\/wp\/v2\/posts\/54866","targetHints":{"allow":["GET"]}}],"collection":[{"href":"https:\/\/ikar.dev\/bceco-v2\/wp-json\/wp\/v2\/posts"}],"about":[{"href":"https:\/\/ikar.dev\/bceco-v2\/wp-json\/wp\/v2\/types\/post"}],"author":[{"embeddable":true,"href":"https:\/\/ikar.dev\/bceco-v2\/wp-json\/wp\/v2\/users\/1"}],"replies":[{"embeddable":true,"href":"https:\/\/ikar.dev\/bceco-v2\/wp-json\/wp\/v2\/comments?post=54866"}],"version-history":[{"count":1,"href":"https:\/\/ikar.dev\/bceco-v2\/wp-json\/wp\/v2\/posts\/54866\/revisions"}],"predecessor-version":[{"id":56330,"href":"https:\/\/ikar.dev\/bceco-v2\/wp-json\/wp\/v2\/posts\/54866\/revisions\/56330"}],"wp:featuredmedia":[{"embeddable":true,"href":"https:\/\/ikar.dev\/bceco-v2\/wp-json\/wp\/v2\/media\/54875"}],"wp:attachment":[{"href":"https:\/\/ikar.dev\/bceco-v2\/wp-json\/wp\/v2\/media?parent=54866"}],"wp:term":[{"taxonomy":"category","embeddable":true,"href":"https:\/\/ikar.dev\/bceco-v2\/wp-json\/wp\/v2\/categories?post=54866"},{"taxonomy":"post_tag","embeddable":true,"href":"https:\/\/ikar.dev\/bceco-v2\/wp-json\/wp\/v2\/tags?post=54866"}],"curies":[{"name":"wp","href":"https:\/\/api.w.org\/{rel}","templated":true}]}}