{"id":45014,"date":"2024-11-23T14:59:26","date_gmt":"2024-11-23T14:59:26","guid":{"rendered":"https:\/\/bceco.cd\/?p=45014"},"modified":"2025-12-23T17:20:17","modified_gmt":"2025-12-23T16:20:17","slug":"construction-de-la-centrale-hydroelectrique-de-mbombo-a-kananga-79-des-etudes-deja-realises-selon-pierre-luabeya","status":"publish","type":"post","link":"https:\/\/ikar.dev\/bceco-v2\/construction-de-la-centrale-hydroelectrique-de-mbombo-a-kananga-79-des-etudes-deja-realises-selon-pierre-luabeya\/","title":{"rendered":"Construction de la centrale hydro\u00e9lectrique de Mbombo \u00e0 Kananga\u00a0: 79% des \u00e9tudes d\u00e9j\u00e0 r\u00e9alis\u00e9s, selon Pierre Luabeya\u00a0"},"content":{"rendered":"<p style=\"text-align: justify;\"><sub><em>Monsieur Pierre Luabeya Mukendi faisant son expos\u00e9 devant les membres du gouvernement provincial<\/em><strong>\uff5c<\/strong>Photo\u00a0: Finance-cd.com<\/sub><\/p>\n<p style=\"text-align: justify;\">L\u2019ing\u00e9nieur Pierre Luabeya Mukendi a pr\u00e9sent\u00e9 ce jeudi 21 novembre 2024, au gouvernement provincial du Kasa\u00ef central, les \u00e9tudes d\u00e9j\u00e0 men\u00e9e sur la rivi\u00e8re Lulua pour la construction d\u2019une centrale hydro\u00e9lectrique. Apr\u00e8s une ann\u00e9e d\u2019\u00e9tude,\u00a0 le responsable du bureau d\u2019\u00e9tudes PLM Ingineering a d\u00e9j\u00e0 r\u00e9alis\u00e9 79% d\u2019\u00e9tudes g\u00e9n\u00e9rales.<\/p>\n<p style=\"text-align: justify;\">A l\u2019occasion, un plaidoyer a \u00e9t\u00e9 fait au gouvernement provincial du Kasa\u00ef central par le Directeur G\u00e9n\u00e9ral du bureau central de coordination Bceco, Jean Mabi. Apr\u00e8s la pr\u00e9sentation du d\u00e9roulement des \u00e9tudes au gouvernement provincial suivi de questions et r\u00e9ponses, le gouvernement provincial par le biais du gouverneur de province, a \u00e9mis les v\u0153ux de voir ce projet se r\u00e9aliser afin de donner du courant \u00e0 la population kanangaise.<\/p>\n<p style=\"text-align: justify;\">D\u00e9termin\u00e9 \u00e0 accomplir la vision du pr\u00e9sident de la R\u00e9publique, Jean Mabi, Directeur g\u00e9n\u00e9ral du Bureau central de coordination, r\u00e9it\u00e8re sa volont\u00e9 de tout faire pour la mat\u00e9rialisation de ce projet tant attendu par la population du Kasa\u00ef central.<\/p>\n<p style=\"text-align: justify;\">Toutefois, Jean Mabi pr\u00e9cise que, la proc\u00e9dure de d\u00e9caissement de fonds pour l\u2019ex\u00e9cution de ce projet est d\u00e9j\u00e0 en cours au minist\u00e8re de Finances. \u00abNous avons d\u00e9j\u00e0 sign\u00e9 le contrat, le ministre de Finances s\u2019appr\u00eate pour le d\u00e9caissement de fonds afin que les travaux d\u00e9butent d\u2019ici d\u00e9cembre2024\u00bb, a-t-il pr\u00e9cis\u00e9.<\/p>\n<p style=\"text-align: justify;\">Cette activit\u00e9 s\u2019est d\u00e9roul\u00e9e dans la salle des conf\u00e9rences du gouvernement provincial au b\u00e2timent administratif du Kasa\u00ef central.<\/p>\n","protected":false},"excerpt":{"rendered":"<p>Monsieur Pierre Luabeya Mukendi faisant son expos\u00e9 devant les membres du gouvernement provincial\uff5cPhoto\u00a0: Finance-cd.com L\u2019ing\u00e9nieur Pierre Luabeya Mukendi a pr\u00e9sent\u00e9 ce jeudi 21 novembre 2024, au gouvernement provincial du Kasa\u00ef central, les \u00e9tudes d\u00e9j\u00e0 men\u00e9e sur la rivi\u00e8re Lulua pour la construction d\u2019une centrale hydro\u00e9lectrique. Apr\u00e8s une ann\u00e9e d\u2019\u00e9tude,\u00a0 le responsable du bureau d\u2019\u00e9tudes PLM<\/p>\n","protected":false},"author":1,"featured_media":45015,"comment_status":"open","ping_status":"open","sticky":false,"template":"","format":"standard","meta":{"footnotes":""},"categories":[69],"tags":[],"class_list":["post-45014","post","type-post","status-publish","format-standard","has-post-thumbnail","hentry","category-actualites"],"yoast_head":"<!-- This site is optimized with the Yoast SEO plugin v26.7 - https:\/\/yoast.com\/wordpress\/plugins\/seo\/ -->\n<title>Construction de la centrale hydro\u00e9lectrique de Mbombo \u00e0 Kananga\u00a0: 79% des \u00e9tudes d\u00e9j\u00e0 r\u00e9alis\u00e9s, selon Pierre Luabeya\u00a0 - Bureau Central de Coordination<\/title>\n<meta name=\"robots\" content=\"index, follow, max-snippet:-1, max-image-preview:large, max-video-preview:-1\" \/>\n<link rel=\"canonical\" href=\"https:\/\/ikar.dev\/bceco-v2\/construction-de-la-centrale-hydroelectrique-de-mbombo-a-kananga-79-des-etudes-deja-realises-selon-pierre-luabeya\/\" \/>\n<meta property=\"og:locale\" content=\"en_US\" \/>\n<meta property=\"og:type\" content=\"article\" \/>\n<meta property=\"og:title\" content=\"Construction de la centrale hydro\u00e9lectrique de Mbombo \u00e0 Kananga\u00a0: 79% des \u00e9tudes d\u00e9j\u00e0 r\u00e9alis\u00e9s, selon Pierre Luabeya\u00a0 - Bureau Central de Coordination\" \/>\n<meta property=\"og:description\" content=\"Monsieur Pierre Luabeya Mukendi faisant son expos\u00e9 devant les membres du gouvernement provincial\uff5cPhoto\u00a0: Finance-cd.com L\u2019ing\u00e9nieur Pierre Luabeya Mukendi a pr\u00e9sent\u00e9 ce jeudi 21 novembre 2024, au gouvernement provincial du Kasa\u00ef central, les \u00e9tudes d\u00e9j\u00e0 men\u00e9e sur la rivi\u00e8re Lulua pour la construction d\u2019une centrale hydro\u00e9lectrique. Apr\u00e8s une ann\u00e9e d\u2019\u00e9tude,\u00a0 le responsable du bureau d\u2019\u00e9tudes PLM\" \/>\n<meta property=\"og:url\" content=\"https:\/\/ikar.dev\/bceco-v2\/construction-de-la-centrale-hydroelectrique-de-mbombo-a-kananga-79-des-etudes-deja-realises-selon-pierre-luabeya\/\" \/>\n<meta property=\"og:site_name\" content=\"Bureau Central de Coordination\" \/>\n<meta property=\"article:publisher\" content=\"https:\/\/www.facebook.com\/BCeCoRDC\" \/>\n<meta property=\"article:published_time\" content=\"2024-11-23T14:59:26+00:00\" \/>\n<meta property=\"article:modified_time\" content=\"2025-12-23T16:20:17+00:00\" \/>\n<meta property=\"og:image\" content=\"https:\/\/ikar.dev\/bceco-v2\/wp-content\/uploads\/2024\/11\/IMG-20241122-WA0082.jpg\" \/>\n\t<meta property=\"og:image:width\" content=\"1080\" \/>\n\t<meta property=\"og:image:height\" content=\"720\" \/>\n\t<meta property=\"og:image:type\" content=\"image\/jpeg\" \/>\n<meta name=\"author\" content=\"bceco\" \/>\n<meta name=\"twitter:card\" content=\"summary_large_image\" \/>\n<meta name=\"twitter:creator\" content=\"@BCeCoRDC\" \/>\n<meta name=\"twitter:site\" content=\"@BCeCoRDC\" \/>\n<meta name=\"twitter:label1\" content=\"Written by\" \/>\n\t<meta name=\"twitter:data1\" content=\"bceco\" \/>\n\t<meta name=\"twitter:label2\" content=\"Est. reading time\" \/>\n\t<meta name=\"twitter:data2\" content=\"2 minutes\" \/>\n<script type=\"application\/ld+json\" class=\"yoast-schema-graph\">{\"@context\":\"https:\/\/schema.org\",\"@graph\":[{\"@type\":\"Article\",\"@id\":\"https:\/\/ikar.dev\/bceco-v2\/construction-de-la-centrale-hydroelectrique-de-mbombo-a-kananga-79-des-etudes-deja-realises-selon-pierre-luabeya\/#article\",\"isPartOf\":{\"@id\":\"https:\/\/ikar.dev\/bceco-v2\/construction-de-la-centrale-hydroelectrique-de-mbombo-a-kananga-79-des-etudes-deja-realises-selon-pierre-luabeya\/\"},\"author\":{\"name\":\"bceco\",\"@id\":\"https:\/\/ikar.dev\/bceco-v2\/#\/schema\/person\/6ee74807ffb016a78852fec6a295d503\"},\"headline\":\"Construction de la centrale hydro\u00e9lectrique de Mbombo \u00e0 Kananga\u00a0: 79% des \u00e9tudes d\u00e9j\u00e0 r\u00e9alis\u00e9s, selon Pierre Luabeya\u00a0\",\"datePublished\":\"2024-11-23T14:59:26+00:00\",\"dateModified\":\"2025-12-23T16:20:17+00:00\",\"mainEntityOfPage\":{\"@id\":\"https:\/\/ikar.dev\/bceco-v2\/construction-de-la-centrale-hydroelectrique-de-mbombo-a-kananga-79-des-etudes-deja-realises-selon-pierre-luabeya\/\"},\"wordCount\":307,\"commentCount\":0,\"publisher\":{\"@id\":\"https:\/\/ikar.dev\/bceco-v2\/#organization\"},\"image\":{\"@id\":\"https:\/\/ikar.dev\/bceco-v2\/construction-de-la-centrale-hydroelectrique-de-mbombo-a-kananga-79-des-etudes-deja-realises-selon-pierre-luabeya\/#primaryimage\"},\"thumbnailUrl\":\"https:\/\/ikar.dev\/bceco-v2\/wp-content\/uploads\/2024\/11\/IMG-20241122-WA0082.jpg\",\"articleSection\":[\"Actualit\u00e9s\"],\"inLanguage\":\"en-US\",\"potentialAction\":[{\"@type\":\"CommentAction\",\"name\":\"Comment\",\"target\":[\"https:\/\/ikar.dev\/bceco-v2\/construction-de-la-centrale-hydroelectrique-de-mbombo-a-kananga-79-des-etudes-deja-realises-selon-pierre-luabeya\/#respond\"]}]},{\"@type\":\"WebPage\",\"@id\":\"https:\/\/ikar.dev\/bceco-v2\/construction-de-la-centrale-hydroelectrique-de-mbombo-a-kananga-79-des-etudes-deja-realises-selon-pierre-luabeya\/\",\"url\":\"https:\/\/ikar.dev\/bceco-v2\/construction-de-la-centrale-hydroelectrique-de-mbombo-a-kananga-79-des-etudes-deja-realises-selon-pierre-luabeya\/\",\"name\":\"Construction de la centrale hydro\u00e9lectrique de Mbombo \u00e0 Kananga\u00a0: 79% des \u00e9tudes d\u00e9j\u00e0 r\u00e9alis\u00e9s, selon Pierre Luabeya\u00a0 - Bureau Central de Coordination\",\"isPartOf\":{\"@id\":\"https:\/\/ikar.dev\/bceco-v2\/#website\"},\"primaryImageOfPage\":{\"@id\":\"https:\/\/ikar.dev\/bceco-v2\/construction-de-la-centrale-hydroelectrique-de-mbombo-a-kananga-79-des-etudes-deja-realises-selon-pierre-luabeya\/#primaryimage\"},\"image\":{\"@id\":\"https:\/\/ikar.dev\/bceco-v2\/construction-de-la-centrale-hydroelectrique-de-mbombo-a-kananga-79-des-etudes-deja-realises-selon-pierre-luabeya\/#primaryimage\"},\"thumbnailUrl\":\"https:\/\/ikar.dev\/bceco-v2\/wp-content\/uploads\/2024\/11\/IMG-20241122-WA0082.jpg\",\"datePublished\":\"2024-11-23T14:59:26+00:00\",\"dateModified\":\"2025-12-23T16:20:17+00:00\",\"breadcrumb\":{\"@id\":\"https:\/\/ikar.dev\/bceco-v2\/construction-de-la-centrale-hydroelectrique-de-mbombo-a-kananga-79-des-etudes-deja-realises-selon-pierre-luabeya\/#breadcrumb\"},\"inLanguage\":\"en-US\",\"potentialAction\":[{\"@type\":\"ReadAction\",\"target\":[\"https:\/\/ikar.dev\/bceco-v2\/construction-de-la-centrale-hydroelectrique-de-mbombo-a-kananga-79-des-etudes-deja-realises-selon-pierre-luabeya\/\"]}]},{\"@type\":\"ImageObject\",\"inLanguage\":\"en-US\",\"@id\":\"https:\/\/ikar.dev\/bceco-v2\/construction-de-la-centrale-hydroelectrique-de-mbombo-a-kananga-79-des-etudes-deja-realises-selon-pierre-luabeya\/#primaryimage\",\"url\":\"https:\/\/ikar.dev\/bceco-v2\/wp-content\/uploads\/2024\/11\/IMG-20241122-WA0082.jpg\",\"contentUrl\":\"https:\/\/ikar.dev\/bceco-v2\/wp-content\/uploads\/2024\/11\/IMG-20241122-WA0082.jpg\",\"width\":1080,\"height\":720,\"caption\":\"Construction de la centrale hydro\u00e9lectrique de Mbombo \u00e0 Kananga : 79% des \u00e9tudes d\u00e9j\u00e0 r\u00e9alis\u00e9s, selon Pierre Luabeya\"},{\"@type\":\"BreadcrumbList\",\"@id\":\"https:\/\/ikar.dev\/bceco-v2\/construction-de-la-centrale-hydroelectrique-de-mbombo-a-kananga-79-des-etudes-deja-realises-selon-pierre-luabeya\/#breadcrumb\",\"itemListElement\":[{\"@type\":\"ListItem\",\"position\":1,\"name\":\"Accueil\",\"item\":\"https:\/\/ikar.dev\/bceco-v2\/\"},{\"@type\":\"ListItem\",\"position\":2,\"name\":\"Construction de la centrale hydro\u00e9lectrique de Mbombo \u00e0 Kananga\u00a0: 79% des \u00e9tudes d\u00e9j\u00e0 r\u00e9alis\u00e9s, selon Pierre Luabeya\u00a0\"}]},{\"@type\":\"WebSite\",\"@id\":\"https:\/\/ikar.dev\/bceco-v2\/#website\",\"url\":\"https:\/\/ikar.dev\/bceco-v2\/\",\"name\":\"Bureau Central de Coordination\",\"description\":\"B.Ce.Co \u2013 Au c\u0153ur de l\u2019ex\u00e9cution des projets de d\u00e9veloppement en RDC\",\"publisher\":{\"@id\":\"https:\/\/ikar.dev\/bceco-v2\/#organization\"},\"potentialAction\":[{\"@type\":\"SearchAction\",\"target\":{\"@type\":\"EntryPoint\",\"urlTemplate\":\"https:\/\/ikar.dev\/bceco-v2\/?s={search_term_string}\"},\"query-input\":{\"@type\":\"PropertyValueSpecification\",\"valueRequired\":true,\"valueName\":\"search_term_string\"}}],\"inLanguage\":\"en-US\"},{\"@type\":\"Organization\",\"@id\":\"https:\/\/ikar.dev\/bceco-v2\/#organization\",\"name\":\"Bureau Central de Coordination\",\"url\":\"https:\/\/ikar.dev\/bceco-v2\/\",\"logo\":{\"@type\":\"ImageObject\",\"inLanguage\":\"en-US\",\"@id\":\"https:\/\/ikar.dev\/bceco-v2\/#\/schema\/logo\/image\/\",\"url\":\"https:\/\/ikar.dev\/bceco-v2\/wp-content\/uploads\/2025\/12\/BCECO-Bureau-Central-de-Coordination.jpg\",\"contentUrl\":\"https:\/\/ikar.dev\/bceco-v2\/wp-content\/uploads\/2025\/12\/BCECO-Bureau-Central-de-Coordination.jpg\",\"width\":2048,\"height\":2048,\"caption\":\"Bureau Central de Coordination\"},\"image\":{\"@id\":\"https:\/\/ikar.dev\/bceco-v2\/#\/schema\/logo\/image\/\"},\"sameAs\":[\"https:\/\/www.facebook.com\/BCeCoRDC\",\"https:\/\/x.com\/BCeCoRDC\"]},{\"@type\":\"Person\",\"@id\":\"https:\/\/ikar.dev\/bceco-v2\/#\/schema\/person\/6ee74807ffb016a78852fec6a295d503\",\"name\":\"bceco\",\"image\":{\"@type\":\"ImageObject\",\"inLanguage\":\"en-US\",\"@id\":\"https:\/\/ikar.dev\/bceco-v2\/#\/schema\/person\/image\/\",\"url\":\"https:\/\/secure.gravatar.com\/avatar\/55c07e1707f50774ef3c842c9d074773a6b558a20fbd1608c8e4871bc88f3455?s=96&d=mm&r=g\",\"contentUrl\":\"https:\/\/secure.gravatar.com\/avatar\/55c07e1707f50774ef3c842c9d074773a6b558a20fbd1608c8e4871bc88f3455?s=96&d=mm&r=g\",\"caption\":\"bceco\"},\"sameAs\":[\"https:\/\/ikar.dev\/bceco-v2\"],\"url\":\"https:\/\/ikar.dev\/bceco-v2\/author\/bceco\/\"}]}<\/script>\n<!-- \/ Yoast SEO plugin. -->","yoast_head_json":{"title":"Construction de la centrale hydro\u00e9lectrique de Mbombo \u00e0 Kananga\u00a0: 79% des \u00e9tudes d\u00e9j\u00e0 r\u00e9alis\u00e9s, selon Pierre Luabeya\u00a0 - Bureau Central de Coordination","robots":{"index":"index","follow":"follow","max-snippet":"max-snippet:-1","max-image-preview":"max-image-preview:large","max-video-preview":"max-video-preview:-1"},"canonical":"https:\/\/ikar.dev\/bceco-v2\/construction-de-la-centrale-hydroelectrique-de-mbombo-a-kananga-79-des-etudes-deja-realises-selon-pierre-luabeya\/","og_locale":"en_US","og_type":"article","og_title":"Construction de la centrale hydro\u00e9lectrique de Mbombo \u00e0 Kananga\u00a0: 79% des \u00e9tudes d\u00e9j\u00e0 r\u00e9alis\u00e9s, selon Pierre Luabeya\u00a0 - Bureau Central de Coordination","og_description":"Monsieur Pierre Luabeya Mukendi faisant son expos\u00e9 devant les membres du gouvernement provincial\uff5cPhoto\u00a0: Finance-cd.com L\u2019ing\u00e9nieur Pierre Luabeya Mukendi a pr\u00e9sent\u00e9 ce jeudi 21 novembre 2024, au gouvernement provincial du Kasa\u00ef central, les \u00e9tudes d\u00e9j\u00e0 men\u00e9e sur la rivi\u00e8re Lulua pour la construction d\u2019une centrale hydro\u00e9lectrique. Apr\u00e8s une ann\u00e9e d\u2019\u00e9tude,\u00a0 le responsable du bureau d\u2019\u00e9tudes PLM","og_url":"https:\/\/ikar.dev\/bceco-v2\/construction-de-la-centrale-hydroelectrique-de-mbombo-a-kananga-79-des-etudes-deja-realises-selon-pierre-luabeya\/","og_site_name":"Bureau Central de Coordination","article_publisher":"https:\/\/www.facebook.com\/BCeCoRDC","article_published_time":"2024-11-23T14:59:26+00:00","article_modified_time":"2025-12-23T16:20:17+00:00","og_image":[{"width":1080,"height":720,"url":"https:\/\/ikar.dev\/bceco-v2\/wp-content\/uploads\/2024\/11\/IMG-20241122-WA0082.jpg","type":"image\/jpeg"}],"author":"bceco","twitter_card":"summary_large_image","twitter_creator":"@BCeCoRDC","twitter_site":"@BCeCoRDC","twitter_misc":{"Written by":"bceco","Est. reading time":"2 minutes"},"schema":{"@context":"https:\/\/schema.org","@graph":[{"@type":"Article","@id":"https:\/\/ikar.dev\/bceco-v2\/construction-de-la-centrale-hydroelectrique-de-mbombo-a-kananga-79-des-etudes-deja-realises-selon-pierre-luabeya\/#article","isPartOf":{"@id":"https:\/\/ikar.dev\/bceco-v2\/construction-de-la-centrale-hydroelectrique-de-mbombo-a-kananga-79-des-etudes-deja-realises-selon-pierre-luabeya\/"},"author":{"name":"bceco","@id":"https:\/\/ikar.dev\/bceco-v2\/#\/schema\/person\/6ee74807ffb016a78852fec6a295d503"},"headline":"Construction de la centrale hydro\u00e9lectrique de Mbombo \u00e0 Kananga\u00a0: 79% des \u00e9tudes d\u00e9j\u00e0 r\u00e9alis\u00e9s, selon Pierre Luabeya\u00a0","datePublished":"2024-11-23T14:59:26+00:00","dateModified":"2025-12-23T16:20:17+00:00","mainEntityOfPage":{"@id":"https:\/\/ikar.dev\/bceco-v2\/construction-de-la-centrale-hydroelectrique-de-mbombo-a-kananga-79-des-etudes-deja-realises-selon-pierre-luabeya\/"},"wordCount":307,"commentCount":0,"publisher":{"@id":"https:\/\/ikar.dev\/bceco-v2\/#organization"},"image":{"@id":"https:\/\/ikar.dev\/bceco-v2\/construction-de-la-centrale-hydroelectrique-de-mbombo-a-kananga-79-des-etudes-deja-realises-selon-pierre-luabeya\/#primaryimage"},"thumbnailUrl":"https:\/\/ikar.dev\/bceco-v2\/wp-content\/uploads\/2024\/11\/IMG-20241122-WA0082.jpg","articleSection":["Actualit\u00e9s"],"inLanguage":"en-US","potentialAction":[{"@type":"CommentAction","name":"Comment","target":["https:\/\/ikar.dev\/bceco-v2\/construction-de-la-centrale-hydroelectrique-de-mbombo-a-kananga-79-des-etudes-deja-realises-selon-pierre-luabeya\/#respond"]}]},{"@type":"WebPage","@id":"https:\/\/ikar.dev\/bceco-v2\/construction-de-la-centrale-hydroelectrique-de-mbombo-a-kananga-79-des-etudes-deja-realises-selon-pierre-luabeya\/","url":"https:\/\/ikar.dev\/bceco-v2\/construction-de-la-centrale-hydroelectrique-de-mbombo-a-kananga-79-des-etudes-deja-realises-selon-pierre-luabeya\/","name":"Construction de la centrale hydro\u00e9lectrique de Mbombo \u00e0 Kananga\u00a0: 79% des \u00e9tudes d\u00e9j\u00e0 r\u00e9alis\u00e9s, selon Pierre Luabeya\u00a0 - Bureau Central de Coordination","isPartOf":{"@id":"https:\/\/ikar.dev\/bceco-v2\/#website"},"primaryImageOfPage":{"@id":"https:\/\/ikar.dev\/bceco-v2\/construction-de-la-centrale-hydroelectrique-de-mbombo-a-kananga-79-des-etudes-deja-realises-selon-pierre-luabeya\/#primaryimage"},"image":{"@id":"https:\/\/ikar.dev\/bceco-v2\/construction-de-la-centrale-hydroelectrique-de-mbombo-a-kananga-79-des-etudes-deja-realises-selon-pierre-luabeya\/#primaryimage"},"thumbnailUrl":"https:\/\/ikar.dev\/bceco-v2\/wp-content\/uploads\/2024\/11\/IMG-20241122-WA0082.jpg","datePublished":"2024-11-23T14:59:26+00:00","dateModified":"2025-12-23T16:20:17+00:00","breadcrumb":{"@id":"https:\/\/ikar.dev\/bceco-v2\/construction-de-la-centrale-hydroelectrique-de-mbombo-a-kananga-79-des-etudes-deja-realises-selon-pierre-luabeya\/#breadcrumb"},"inLanguage":"en-US","potentialAction":[{"@type":"ReadAction","target":["https:\/\/ikar.dev\/bceco-v2\/construction-de-la-centrale-hydroelectrique-de-mbombo-a-kananga-79-des-etudes-deja-realises-selon-pierre-luabeya\/"]}]},{"@type":"ImageObject","inLanguage":"en-US","@id":"https:\/\/ikar.dev\/bceco-v2\/construction-de-la-centrale-hydroelectrique-de-mbombo-a-kananga-79-des-etudes-deja-realises-selon-pierre-luabeya\/#primaryimage","url":"https:\/\/ikar.dev\/bceco-v2\/wp-content\/uploads\/2024\/11\/IMG-20241122-WA0082.jpg","contentUrl":"https:\/\/ikar.dev\/bceco-v2\/wp-content\/uploads\/2024\/11\/IMG-20241122-WA0082.jpg","width":1080,"height":720,"caption":"Construction de la centrale hydro\u00e9lectrique de Mbombo \u00e0 Kananga : 79% des \u00e9tudes d\u00e9j\u00e0 r\u00e9alis\u00e9s, selon Pierre Luabeya"},{"@type":"BreadcrumbList","@id":"https:\/\/ikar.dev\/bceco-v2\/construction-de-la-centrale-hydroelectrique-de-mbombo-a-kananga-79-des-etudes-deja-realises-selon-pierre-luabeya\/#breadcrumb","itemListElement":[{"@type":"ListItem","position":1,"name":"Accueil","item":"https:\/\/ikar.dev\/bceco-v2\/"},{"@type":"ListItem","position":2,"name":"Construction de la centrale hydro\u00e9lectrique de Mbombo \u00e0 Kananga\u00a0: 79% des \u00e9tudes d\u00e9j\u00e0 r\u00e9alis\u00e9s, selon Pierre Luabeya\u00a0"}]},{"@type":"WebSite","@id":"https:\/\/ikar.dev\/bceco-v2\/#website","url":"https:\/\/ikar.dev\/bceco-v2\/","name":"Bureau Central de Coordination","description":"B.Ce.Co \u2013 Au c\u0153ur de l\u2019ex\u00e9cution des projets de d\u00e9veloppement en RDC","publisher":{"@id":"https:\/\/ikar.dev\/bceco-v2\/#organization"},"potentialAction":[{"@type":"SearchAction","target":{"@type":"EntryPoint","urlTemplate":"https:\/\/ikar.dev\/bceco-v2\/?s={search_term_string}"},"query-input":{"@type":"PropertyValueSpecification","valueRequired":true,"valueName":"search_term_string"}}],"inLanguage":"en-US"},{"@type":"Organization","@id":"https:\/\/ikar.dev\/bceco-v2\/#organization","name":"Bureau Central de Coordination","url":"https:\/\/ikar.dev\/bceco-v2\/","logo":{"@type":"ImageObject","inLanguage":"en-US","@id":"https:\/\/ikar.dev\/bceco-v2\/#\/schema\/logo\/image\/","url":"https:\/\/ikar.dev\/bceco-v2\/wp-content\/uploads\/2025\/12\/BCECO-Bureau-Central-de-Coordination.jpg","contentUrl":"https:\/\/ikar.dev\/bceco-v2\/wp-content\/uploads\/2025\/12\/BCECO-Bureau-Central-de-Coordination.jpg","width":2048,"height":2048,"caption":"Bureau Central de Coordination"},"image":{"@id":"https:\/\/ikar.dev\/bceco-v2\/#\/schema\/logo\/image\/"},"sameAs":["https:\/\/www.facebook.com\/BCeCoRDC","https:\/\/x.com\/BCeCoRDC"]},{"@type":"Person","@id":"https:\/\/ikar.dev\/bceco-v2\/#\/schema\/person\/6ee74807ffb016a78852fec6a295d503","name":"bceco","image":{"@type":"ImageObject","inLanguage":"en-US","@id":"https:\/\/ikar.dev\/bceco-v2\/#\/schema\/person\/image\/","url":"https:\/\/secure.gravatar.com\/avatar\/55c07e1707f50774ef3c842c9d074773a6b558a20fbd1608c8e4871bc88f3455?s=96&d=mm&r=g","contentUrl":"https:\/\/secure.gravatar.com\/avatar\/55c07e1707f50774ef3c842c9d074773a6b558a20fbd1608c8e4871bc88f3455?s=96&d=mm&r=g","caption":"bceco"},"sameAs":["https:\/\/ikar.dev\/bceco-v2"],"url":"https:\/\/ikar.dev\/bceco-v2\/author\/bceco\/"}]}},"_links":{"self":[{"href":"https:\/\/ikar.dev\/bceco-v2\/wp-json\/wp\/v2\/posts\/45014","targetHints":{"allow":["GET"]}}],"collection":[{"href":"https:\/\/ikar.dev\/bceco-v2\/wp-json\/wp\/v2\/posts"}],"about":[{"href":"https:\/\/ikar.dev\/bceco-v2\/wp-json\/wp\/v2\/types\/post"}],"author":[{"embeddable":true,"href":"https:\/\/ikar.dev\/bceco-v2\/wp-json\/wp\/v2\/users\/1"}],"replies":[{"embeddable":true,"href":"https:\/\/ikar.dev\/bceco-v2\/wp-json\/wp\/v2\/comments?post=45014"}],"version-history":[{"count":1,"href":"https:\/\/ikar.dev\/bceco-v2\/wp-json\/wp\/v2\/posts\/45014\/revisions"}],"predecessor-version":[{"id":56322,"href":"https:\/\/ikar.dev\/bceco-v2\/wp-json\/wp\/v2\/posts\/45014\/revisions\/56322"}],"wp:featuredmedia":[{"embeddable":true,"href":"https:\/\/ikar.dev\/bceco-v2\/wp-json\/wp\/v2\/media\/45015"}],"wp:attachment":[{"href":"https:\/\/ikar.dev\/bceco-v2\/wp-json\/wp\/v2\/media?parent=45014"}],"wp:term":[{"taxonomy":"category","embeddable":true,"href":"https:\/\/ikar.dev\/bceco-v2\/wp-json\/wp\/v2\/categories?post=45014"},{"taxonomy":"post_tag","embeddable":true,"href":"https:\/\/ikar.dev\/bceco-v2\/wp-json\/wp\/v2\/tags?post=45014"}],"curies":[{"name":"wp","href":"https:\/\/api.w.org\/{rel}","templated":true}]}}