{"id":44648,"date":"2024-11-14T09:25:00","date_gmt":"2024-11-14T09:25:00","guid":{"rendered":"https:\/\/bceco.cd\/?p=44648"},"modified":"2025-12-23T17:20:05","modified_gmt":"2025-12-23T16:20:05","slug":"bceco-rehabilite-90-kms-de-routes-a-kisangani","status":"publish","type":"post","link":"https:\/\/ikar.dev\/bceco-v2\/bceco-rehabilite-90-kms-de-routes-a-kisangani\/","title":{"rendered":"Programme pr\u00e9sidentiel acc\u00e9l\u00e9r\u00e9 de lutte contre la pauvret\u00e9 (PPA\/LCPI): LE BCECO rehabilite 90 kms de routes \u00e0 Kisangani !"},"content":{"rendered":"<p style=\"text-align: justify; margin-top: 15px;\">La ville de Kisangani, chef-lieu de la Province de la Tshopo va bient\u00f4t rev\u00eatir sa plus belle robe. Ceci est la suite logique des travaux qui s&#8217;effectuent dans la ville qui s&#8217;est transform\u00e9e en un vaste chantier depuis quelques semaines.<\/p>\n\n<p style=\"text-align: justify;\">Au total 90 kms de routes dans plusieurs quartiers et communes seront r\u00e9habilit\u00e9es gr\u00e2ce au programme pr\u00e9sidentiel acc\u00e9l\u00e9r\u00e9 de lutte contre la pauvret\u00e9 (PPA\/LCPI) afin de lutter non seulement contre l&#8217; ins\u00e9curit\u00e9 grandissant et le banditisme urbain mais aussi am\u00e9liorer les conditions vitales de la population. Le Directeur G\u00e9n\u00e9ral du Bureau Central de Coordination ( BCECO) qui agit comme Ma\u00eetre d&#8217;Ouvrage D\u00e9l\u00e9gu\u00e9 a effectu\u00e9 une descente sur terrain du 13 au 25 octobre 2024 pour inspecter les diff\u00e9rents travaux qui sont ex\u00e9cut\u00e9s dans cette partie du pays.<\/p>\n\n\n<figure class=\"wp-block-image size-full\"><img decoding=\"async\" src=\"https:\/\/ikar.dev\/bceco-v2\/wp-content\/uploads\/2024\/11\/LE-BCECO-rehabilite-90-kms-de-routes-a%CC%80-Kisangani2.jpg\" alt=\"\" class=\"wp-image-44656\"\/><\/figure>\n\n\n<p style=\"text-align: justify;\">Durant 2 semaines , Jean Mabi Mulumba a parcouru tous les tron\u00e7ons sous la supervision de son institution. Plusieurs avenues ont \u00e9t\u00e9 inspect\u00e9es \u00e0 cette fin. De l&#8217;avenue des musiciens dans la commune de Makisso, en passant par celle de l&#8217;Espagne ou du Stade o\u00f9 les travaux d&#8217;assainissement sont termin\u00e9s, sur ce dernier tron\u00e7on l&#8217;heure est au compactage du sol avant la pose de la couche d&#8217;asphalte.<\/p>\n\n\n<figure class=\"wp-block-image size-full\"><img decoding=\"async\" src=\"https:\/\/ikar.dev\/bceco-v2\/wp-content\/uploads\/2024\/11\/LE-BCECO-rehabilite-90-kms-de-routes-a%CC%80-Kisangani3.jpg\" alt=\"\" class=\"wp-image-44655\"\/><\/figure>\n\n\n<p style=\"text-align: justify;\">Profitant de son s\u00e9jour boyomais, le pr\u00e9sident de la R\u00e9publique F\u00e9lix Tshisekedi a aussi visit\u00e9 cette avenue qui jadis logeait les bandits de grand chemin appel\u00e9s &#8221; kulunas&#8221;. Aujourd&#8217;hui, gr\u00e2ce \u00e0 l&#8217;\u00e9clairage public, elle est de nouveau fr\u00e9quentable m\u00eame la nuit comme nous a confi\u00e9 Madame Fatou habitante du Quartier.<\/p>\n\n\n<figure class=\"wp-block-image size-full\"><img decoding=\"async\" src=\"https:\/\/ikar.dev\/bceco-v2\/wp-content\/uploads\/2024\/11\/LE-BCECO-rehabilite-90-kms-de-routes-a%CC%80-Kisangani5.jpg\" alt=\"\" class=\"wp-image-44653\"\/><\/figure>\n\n\n<p style=\"text-align: justify;\">Voulant faire de la m\u00eame pierre deux coups, le num\u00e9ro un du BCECO a aussi assist\u00e9 \u00e0 l&#8217;arriv\u00e9e des engins de Safrimex et visiter la carri\u00e8re d&#8217;approvisionnement en mat\u00e9riaux de cette entreprise.<\/p>\n<p style=\"text-align: justify;\">Ces travaux conduits d&#8217;une part par l&#8217;entreprise Safrimex et d&#8217;autre part par Mont Gabaon \u00e9voluent \u00e0 pas de g\u00e9ant sous la coordination de l&#8217;autorit\u00e9 provinciale Paulin Lendongolia.<\/p>\n\n\n<figure class=\"wp-block-embed is-type-video is-provider-youtube wp-block-embed-youtube wp-embed-aspect-16-9 wp-has-aspect-ratio\"><div class=\"wp-block-embed__wrapper\">\n<iframe title=\"#RDC #TSHOPO | BCECO : MISSION D&#039;INSPECTION DE LA VOIRIE URBAINE DE KISANGANI\" width=\"500\" height=\"281\" src=\"https:\/\/www.youtube.com\/embed\/bpvcTG43bxk?feature=oembed\" frameborder=\"0\" allow=\"accelerometer; autoplay; clipboard-write; encrypted-media; gyroscope; picture-in-picture; web-share\" referrerpolicy=\"strict-origin-when-cross-origin\" allowfullscreen><\/iframe>\n<\/div><figcaption class=\"wp-element-caption\"><a href=\"https:\/\/www.youtube.com\/watch?v=bpvcTG43bxk\" target=\"_blank\" rel=\"noreferrer noopener\">BCECO : MISSION D&#8217;INSPECTION DE LA VOIRIE URBAINE DE KISANGANI<\/a><\/figcaption><\/figure>\n","protected":false},"excerpt":{"rendered":"<p>La ville de Kisangani, chef-lieu de la Province de la Tshopo va bient\u00f4t rev\u00eatir sa plus belle robe. Ceci est la suite logique des travaux qui s&#8217;effectuent dans la ville qui s&#8217;est transform\u00e9e en un vaste chantier depuis quelques semaines. Au total 90 kms de routes dans plusieurs quartiers et communes seront r\u00e9habilit\u00e9es gr\u00e2ce au<\/p>\n","protected":false},"author":1,"featured_media":44657,"comment_status":"open","ping_status":"open","sticky":false,"template":"","format":"standard","meta":{"footnotes":""},"categories":[69],"tags":[],"class_list":["post-44648","post","type-post","status-publish","format-standard","has-post-thumbnail","hentry","category-actualites"],"yoast_head":"<!-- This site is optimized with the Yoast SEO plugin v27.0 - https:\/\/yoast.com\/product\/yoast-seo-wordpress\/ -->\n<title>Programme pr\u00e9sidentiel acc\u00e9l\u00e9r\u00e9 de lutte contre la pauvret\u00e9 (PPA\/LCPI): LE BCECO rehabilite 90 kms de routes \u00e0 Kisangani ! - Bureau Central de Coordination<\/title>\n<meta name=\"description\" content=\"Au total 90 kms de routes dans plusieurs quartiers et communes seront r\u00e9habilit\u00e9es gr\u00e2ce au programme pr\u00e9sidentiel acc\u00e9l\u00e9r\u00e9 de lutte contre la pauvret\u00e9 (PPA\/LCPI) afin de lutter non seulement contre l&#039; ins\u00e9curit\u00e9 grandissant et le banditisme urbain mais aussi am\u00e9liorer les conditions vitales de la population\" \/>\n<meta name=\"robots\" content=\"index, follow, max-snippet:-1, max-image-preview:large, max-video-preview:-1\" \/>\n<link rel=\"canonical\" href=\"https:\/\/ikar.dev\/bceco-v2\/bceco-rehabilite-90-kms-de-routes-a-kisangani\/\" \/>\n<meta property=\"og:locale\" content=\"en_US\" \/>\n<meta property=\"og:type\" content=\"article\" \/>\n<meta property=\"og:title\" content=\"Programme pr\u00e9sidentiel acc\u00e9l\u00e9r\u00e9 de lutte contre la pauvret\u00e9 (PPA\/LCPI): LE BCECO rehabilite 90 kms de routes \u00e0 Kisangani ! - Bureau Central de Coordination\" \/>\n<meta property=\"og:description\" content=\"Au total 90 kms de routes dans plusieurs quartiers et communes seront r\u00e9habilit\u00e9es gr\u00e2ce au programme pr\u00e9sidentiel acc\u00e9l\u00e9r\u00e9 de lutte contre la pauvret\u00e9 (PPA\/LCPI) afin de lutter non seulement contre l&#039; ins\u00e9curit\u00e9 grandissant et le banditisme urbain mais aussi am\u00e9liorer les conditions vitales de la population\" \/>\n<meta property=\"og:url\" content=\"https:\/\/ikar.dev\/bceco-v2\/bceco-rehabilite-90-kms-de-routes-a-kisangani\/\" \/>\n<meta property=\"og:site_name\" content=\"Bureau Central de Coordination\" \/>\n<meta property=\"article:publisher\" content=\"https:\/\/www.facebook.com\/BCeCoRDC\" \/>\n<meta property=\"article:published_time\" content=\"2024-11-14T09:25:00+00:00\" \/>\n<meta property=\"article:modified_time\" content=\"2025-12-23T16:20:05+00:00\" \/>\n<meta property=\"og:image\" content=\"https:\/\/ikar.dev\/bceco-v2\/wp-content\/uploads\/2024\/11\/LE-BCECO-rehabilite-90-kms-de-routes-a-Kisangani.jpg\" \/>\n\t<meta property=\"og:image:width\" content=\"1500\" \/>\n\t<meta property=\"og:image:height\" content=\"1000\" \/>\n\t<meta property=\"og:image:type\" content=\"image\/jpeg\" \/>\n<meta name=\"author\" content=\"bceco\" \/>\n<meta name=\"twitter:card\" content=\"summary_large_image\" \/>\n<meta name=\"twitter:creator\" content=\"@BCeCoRDC\" \/>\n<meta name=\"twitter:site\" content=\"@BCeCoRDC\" \/>\n<meta name=\"twitter:label1\" content=\"Written by\" \/>\n\t<meta name=\"twitter:data1\" content=\"bceco\" \/>\n\t<meta name=\"twitter:label2\" content=\"Est. reading time\" \/>\n\t<meta name=\"twitter:data2\" content=\"3 minutes\" \/>\n<script type=\"application\/ld+json\" class=\"yoast-schema-graph\">{\"@context\":\"https:\/\/schema.org\",\"@graph\":[{\"@type\":\"Article\",\"@id\":\"https:\/\/ikar.dev\/bceco-v2\/bceco-rehabilite-90-kms-de-routes-a-kisangani\/#article\",\"isPartOf\":{\"@id\":\"https:\/\/ikar.dev\/bceco-v2\/bceco-rehabilite-90-kms-de-routes-a-kisangani\/\"},\"author\":{\"name\":\"bceco\",\"@id\":\"https:\/\/ikar.dev\/bceco-v2\/#\/schema\/person\/6ee74807ffb016a78852fec6a295d503\"},\"headline\":\"Programme pr\u00e9sidentiel acc\u00e9l\u00e9r\u00e9 de lutte contre la pauvret\u00e9 (PPA\/LCPI): LE BCECO rehabilite 90 kms de routes \u00e0 Kisangani !\",\"datePublished\":\"2024-11-14T09:25:00+00:00\",\"dateModified\":\"2025-12-23T16:20:05+00:00\",\"mainEntityOfPage\":{\"@id\":\"https:\/\/ikar.dev\/bceco-v2\/bceco-rehabilite-90-kms-de-routes-a-kisangani\/\"},\"wordCount\":383,\"commentCount\":0,\"publisher\":{\"@id\":\"https:\/\/ikar.dev\/bceco-v2\/#organization\"},\"image\":{\"@id\":\"https:\/\/ikar.dev\/bceco-v2\/bceco-rehabilite-90-kms-de-routes-a-kisangani\/#primaryimage\"},\"thumbnailUrl\":\"https:\/\/ikar.dev\/bceco-v2\/wp-content\/uploads\/2024\/11\/LE-BCECO-rehabilite-90-kms-de-routes-a-Kisangani.jpg\",\"articleSection\":[\"Actualit\u00e9s\"],\"inLanguage\":\"en-US\",\"potentialAction\":[{\"@type\":\"CommentAction\",\"name\":\"Comment\",\"target\":[\"https:\/\/ikar.dev\/bceco-v2\/bceco-rehabilite-90-kms-de-routes-a-kisangani\/#respond\"]}]},{\"@type\":\"WebPage\",\"@id\":\"https:\/\/ikar.dev\/bceco-v2\/bceco-rehabilite-90-kms-de-routes-a-kisangani\/\",\"url\":\"https:\/\/ikar.dev\/bceco-v2\/bceco-rehabilite-90-kms-de-routes-a-kisangani\/\",\"name\":\"Programme pr\u00e9sidentiel acc\u00e9l\u00e9r\u00e9 de lutte contre la pauvret\u00e9 (PPA\/LCPI): LE BCECO rehabilite 90 kms de routes \u00e0 Kisangani ! - Bureau Central de Coordination\",\"isPartOf\":{\"@id\":\"https:\/\/ikar.dev\/bceco-v2\/#website\"},\"primaryImageOfPage\":{\"@id\":\"https:\/\/ikar.dev\/bceco-v2\/bceco-rehabilite-90-kms-de-routes-a-kisangani\/#primaryimage\"},\"image\":{\"@id\":\"https:\/\/ikar.dev\/bceco-v2\/bceco-rehabilite-90-kms-de-routes-a-kisangani\/#primaryimage\"},\"thumbnailUrl\":\"https:\/\/ikar.dev\/bceco-v2\/wp-content\/uploads\/2024\/11\/LE-BCECO-rehabilite-90-kms-de-routes-a-Kisangani.jpg\",\"datePublished\":\"2024-11-14T09:25:00+00:00\",\"dateModified\":\"2025-12-23T16:20:05+00:00\",\"description\":\"Au total 90 kms de routes dans plusieurs quartiers et communes seront r\u00e9habilit\u00e9es gr\u00e2ce au programme pr\u00e9sidentiel acc\u00e9l\u00e9r\u00e9 de lutte contre la pauvret\u00e9 (PPA\/LCPI) afin de lutter non seulement contre l' ins\u00e9curit\u00e9 grandissant et le banditisme urbain mais aussi am\u00e9liorer les conditions vitales de la population\",\"breadcrumb\":{\"@id\":\"https:\/\/ikar.dev\/bceco-v2\/bceco-rehabilite-90-kms-de-routes-a-kisangani\/#breadcrumb\"},\"inLanguage\":\"en-US\",\"potentialAction\":[{\"@type\":\"ReadAction\",\"target\":[\"https:\/\/ikar.dev\/bceco-v2\/bceco-rehabilite-90-kms-de-routes-a-kisangani\/\"]}]},{\"@type\":\"ImageObject\",\"inLanguage\":\"en-US\",\"@id\":\"https:\/\/ikar.dev\/bceco-v2\/bceco-rehabilite-90-kms-de-routes-a-kisangani\/#primaryimage\",\"url\":\"https:\/\/ikar.dev\/bceco-v2\/wp-content\/uploads\/2024\/11\/LE-BCECO-rehabilite-90-kms-de-routes-a-Kisangani.jpg\",\"contentUrl\":\"https:\/\/ikar.dev\/bceco-v2\/wp-content\/uploads\/2024\/11\/LE-BCECO-rehabilite-90-kms-de-routes-a-Kisangani.jpg\",\"width\":1500,\"height\":1000},{\"@type\":\"BreadcrumbList\",\"@id\":\"https:\/\/ikar.dev\/bceco-v2\/bceco-rehabilite-90-kms-de-routes-a-kisangani\/#breadcrumb\",\"itemListElement\":[{\"@type\":\"ListItem\",\"position\":1,\"name\":\"Accueil\",\"item\":\"https:\/\/ikar.dev\/bceco-v2\/\"},{\"@type\":\"ListItem\",\"position\":2,\"name\":\"Programme pr\u00e9sidentiel acc\u00e9l\u00e9r\u00e9 de lutte contre la pauvret\u00e9 (PPA\/LCPI): LE BCECO rehabilite 90 kms de routes \u00e0 Kisangani !\"}]},{\"@type\":\"WebSite\",\"@id\":\"https:\/\/ikar.dev\/bceco-v2\/#website\",\"url\":\"https:\/\/ikar.dev\/bceco-v2\/\",\"name\":\"Bureau Central de Coordination\",\"description\":\"B.Ce.Co \u2013 Au c\u0153ur de l\u2019ex\u00e9cution des projets de d\u00e9veloppement en RDC\",\"publisher\":{\"@id\":\"https:\/\/ikar.dev\/bceco-v2\/#organization\"},\"potentialAction\":[{\"@type\":\"SearchAction\",\"target\":{\"@type\":\"EntryPoint\",\"urlTemplate\":\"https:\/\/ikar.dev\/bceco-v2\/?s={search_term_string}\"},\"query-input\":{\"@type\":\"PropertyValueSpecification\",\"valueRequired\":true,\"valueName\":\"search_term_string\"}}],\"inLanguage\":\"en-US\"},{\"@type\":\"Organization\",\"@id\":\"https:\/\/ikar.dev\/bceco-v2\/#organization\",\"name\":\"Bureau Central de Coordination\",\"url\":\"https:\/\/ikar.dev\/bceco-v2\/\",\"logo\":{\"@type\":\"ImageObject\",\"inLanguage\":\"en-US\",\"@id\":\"https:\/\/ikar.dev\/bceco-v2\/#\/schema\/logo\/image\/\",\"url\":\"https:\/\/ikar.dev\/bceco-v2\/wp-content\/uploads\/2025\/12\/BCECO-Bureau-Central-de-Coordination.jpg\",\"contentUrl\":\"https:\/\/ikar.dev\/bceco-v2\/wp-content\/uploads\/2025\/12\/BCECO-Bureau-Central-de-Coordination.jpg\",\"width\":2048,\"height\":2048,\"caption\":\"Bureau Central de Coordination\"},\"image\":{\"@id\":\"https:\/\/ikar.dev\/bceco-v2\/#\/schema\/logo\/image\/\"},\"sameAs\":[\"https:\/\/www.facebook.com\/BCeCoRDC\",\"https:\/\/x.com\/BCeCoRDC\"]},{\"@type\":\"Person\",\"@id\":\"https:\/\/ikar.dev\/bceco-v2\/#\/schema\/person\/6ee74807ffb016a78852fec6a295d503\",\"name\":\"bceco\",\"image\":{\"@type\":\"ImageObject\",\"inLanguage\":\"en-US\",\"@id\":\"https:\/\/ikar.dev\/bceco-v2\/#\/schema\/person\/image\/\",\"url\":\"https:\/\/secure.gravatar.com\/avatar\/55c07e1707f50774ef3c842c9d074773a6b558a20fbd1608c8e4871bc88f3455?s=96&d=mm&r=g\",\"contentUrl\":\"https:\/\/secure.gravatar.com\/avatar\/55c07e1707f50774ef3c842c9d074773a6b558a20fbd1608c8e4871bc88f3455?s=96&d=mm&r=g\",\"caption\":\"bceco\"},\"sameAs\":[\"https:\/\/ikar.dev\/bceco-v2\"],\"url\":\"https:\/\/ikar.dev\/bceco-v2\/author\/bceco\/\"}]}<\/script>\n<!-- \/ Yoast SEO plugin. -->","yoast_head_json":{"title":"Programme pr\u00e9sidentiel acc\u00e9l\u00e9r\u00e9 de lutte contre la pauvret\u00e9 (PPA\/LCPI): LE BCECO rehabilite 90 kms de routes \u00e0 Kisangani ! - Bureau Central de Coordination","description":"Au total 90 kms de routes dans plusieurs quartiers et communes seront r\u00e9habilit\u00e9es gr\u00e2ce au programme pr\u00e9sidentiel acc\u00e9l\u00e9r\u00e9 de lutte contre la pauvret\u00e9 (PPA\/LCPI) afin de lutter non seulement contre l' ins\u00e9curit\u00e9 grandissant et le banditisme urbain mais aussi am\u00e9liorer les conditions vitales de la population","robots":{"index":"index","follow":"follow","max-snippet":"max-snippet:-1","max-image-preview":"max-image-preview:large","max-video-preview":"max-video-preview:-1"},"canonical":"https:\/\/ikar.dev\/bceco-v2\/bceco-rehabilite-90-kms-de-routes-a-kisangani\/","og_locale":"en_US","og_type":"article","og_title":"Programme pr\u00e9sidentiel acc\u00e9l\u00e9r\u00e9 de lutte contre la pauvret\u00e9 (PPA\/LCPI): LE BCECO rehabilite 90 kms de routes \u00e0 Kisangani ! - Bureau Central de Coordination","og_description":"Au total 90 kms de routes dans plusieurs quartiers et communes seront r\u00e9habilit\u00e9es gr\u00e2ce au programme pr\u00e9sidentiel acc\u00e9l\u00e9r\u00e9 de lutte contre la pauvret\u00e9 (PPA\/LCPI) afin de lutter non seulement contre l' ins\u00e9curit\u00e9 grandissant et le banditisme urbain mais aussi am\u00e9liorer les conditions vitales de la population","og_url":"https:\/\/ikar.dev\/bceco-v2\/bceco-rehabilite-90-kms-de-routes-a-kisangani\/","og_site_name":"Bureau Central de Coordination","article_publisher":"https:\/\/www.facebook.com\/BCeCoRDC","article_published_time":"2024-11-14T09:25:00+00:00","article_modified_time":"2025-12-23T16:20:05+00:00","og_image":[{"width":1500,"height":1000,"url":"https:\/\/ikar.dev\/bceco-v2\/wp-content\/uploads\/2024\/11\/LE-BCECO-rehabilite-90-kms-de-routes-a-Kisangani.jpg","type":"image\/jpeg"}],"author":"bceco","twitter_card":"summary_large_image","twitter_creator":"@BCeCoRDC","twitter_site":"@BCeCoRDC","twitter_misc":{"Written by":"bceco","Est. reading time":"3 minutes"},"schema":{"@context":"https:\/\/schema.org","@graph":[{"@type":"Article","@id":"https:\/\/ikar.dev\/bceco-v2\/bceco-rehabilite-90-kms-de-routes-a-kisangani\/#article","isPartOf":{"@id":"https:\/\/ikar.dev\/bceco-v2\/bceco-rehabilite-90-kms-de-routes-a-kisangani\/"},"author":{"name":"bceco","@id":"https:\/\/ikar.dev\/bceco-v2\/#\/schema\/person\/6ee74807ffb016a78852fec6a295d503"},"headline":"Programme pr\u00e9sidentiel acc\u00e9l\u00e9r\u00e9 de lutte contre la pauvret\u00e9 (PPA\/LCPI): LE BCECO rehabilite 90 kms de routes \u00e0 Kisangani !","datePublished":"2024-11-14T09:25:00+00:00","dateModified":"2025-12-23T16:20:05+00:00","mainEntityOfPage":{"@id":"https:\/\/ikar.dev\/bceco-v2\/bceco-rehabilite-90-kms-de-routes-a-kisangani\/"},"wordCount":383,"commentCount":0,"publisher":{"@id":"https:\/\/ikar.dev\/bceco-v2\/#organization"},"image":{"@id":"https:\/\/ikar.dev\/bceco-v2\/bceco-rehabilite-90-kms-de-routes-a-kisangani\/#primaryimage"},"thumbnailUrl":"https:\/\/ikar.dev\/bceco-v2\/wp-content\/uploads\/2024\/11\/LE-BCECO-rehabilite-90-kms-de-routes-a-Kisangani.jpg","articleSection":["Actualit\u00e9s"],"inLanguage":"en-US","potentialAction":[{"@type":"CommentAction","name":"Comment","target":["https:\/\/ikar.dev\/bceco-v2\/bceco-rehabilite-90-kms-de-routes-a-kisangani\/#respond"]}]},{"@type":"WebPage","@id":"https:\/\/ikar.dev\/bceco-v2\/bceco-rehabilite-90-kms-de-routes-a-kisangani\/","url":"https:\/\/ikar.dev\/bceco-v2\/bceco-rehabilite-90-kms-de-routes-a-kisangani\/","name":"Programme pr\u00e9sidentiel acc\u00e9l\u00e9r\u00e9 de lutte contre la pauvret\u00e9 (PPA\/LCPI): LE BCECO rehabilite 90 kms de routes \u00e0 Kisangani ! - Bureau Central de Coordination","isPartOf":{"@id":"https:\/\/ikar.dev\/bceco-v2\/#website"},"primaryImageOfPage":{"@id":"https:\/\/ikar.dev\/bceco-v2\/bceco-rehabilite-90-kms-de-routes-a-kisangani\/#primaryimage"},"image":{"@id":"https:\/\/ikar.dev\/bceco-v2\/bceco-rehabilite-90-kms-de-routes-a-kisangani\/#primaryimage"},"thumbnailUrl":"https:\/\/ikar.dev\/bceco-v2\/wp-content\/uploads\/2024\/11\/LE-BCECO-rehabilite-90-kms-de-routes-a-Kisangani.jpg","datePublished":"2024-11-14T09:25:00+00:00","dateModified":"2025-12-23T16:20:05+00:00","description":"Au total 90 kms de routes dans plusieurs quartiers et communes seront r\u00e9habilit\u00e9es gr\u00e2ce au programme pr\u00e9sidentiel acc\u00e9l\u00e9r\u00e9 de lutte contre la pauvret\u00e9 (PPA\/LCPI) afin de lutter non seulement contre l' ins\u00e9curit\u00e9 grandissant et le banditisme urbain mais aussi am\u00e9liorer les conditions vitales de la population","breadcrumb":{"@id":"https:\/\/ikar.dev\/bceco-v2\/bceco-rehabilite-90-kms-de-routes-a-kisangani\/#breadcrumb"},"inLanguage":"en-US","potentialAction":[{"@type":"ReadAction","target":["https:\/\/ikar.dev\/bceco-v2\/bceco-rehabilite-90-kms-de-routes-a-kisangani\/"]}]},{"@type":"ImageObject","inLanguage":"en-US","@id":"https:\/\/ikar.dev\/bceco-v2\/bceco-rehabilite-90-kms-de-routes-a-kisangani\/#primaryimage","url":"https:\/\/ikar.dev\/bceco-v2\/wp-content\/uploads\/2024\/11\/LE-BCECO-rehabilite-90-kms-de-routes-a-Kisangani.jpg","contentUrl":"https:\/\/ikar.dev\/bceco-v2\/wp-content\/uploads\/2024\/11\/LE-BCECO-rehabilite-90-kms-de-routes-a-Kisangani.jpg","width":1500,"height":1000},{"@type":"BreadcrumbList","@id":"https:\/\/ikar.dev\/bceco-v2\/bceco-rehabilite-90-kms-de-routes-a-kisangani\/#breadcrumb","itemListElement":[{"@type":"ListItem","position":1,"name":"Accueil","item":"https:\/\/ikar.dev\/bceco-v2\/"},{"@type":"ListItem","position":2,"name":"Programme pr\u00e9sidentiel acc\u00e9l\u00e9r\u00e9 de lutte contre la pauvret\u00e9 (PPA\/LCPI): LE BCECO rehabilite 90 kms de routes \u00e0 Kisangani !"}]},{"@type":"WebSite","@id":"https:\/\/ikar.dev\/bceco-v2\/#website","url":"https:\/\/ikar.dev\/bceco-v2\/","name":"Bureau Central de Coordination","description":"B.Ce.Co \u2013 Au c\u0153ur de l\u2019ex\u00e9cution des projets de d\u00e9veloppement en RDC","publisher":{"@id":"https:\/\/ikar.dev\/bceco-v2\/#organization"},"potentialAction":[{"@type":"SearchAction","target":{"@type":"EntryPoint","urlTemplate":"https:\/\/ikar.dev\/bceco-v2\/?s={search_term_string}"},"query-input":{"@type":"PropertyValueSpecification","valueRequired":true,"valueName":"search_term_string"}}],"inLanguage":"en-US"},{"@type":"Organization","@id":"https:\/\/ikar.dev\/bceco-v2\/#organization","name":"Bureau Central de Coordination","url":"https:\/\/ikar.dev\/bceco-v2\/","logo":{"@type":"ImageObject","inLanguage":"en-US","@id":"https:\/\/ikar.dev\/bceco-v2\/#\/schema\/logo\/image\/","url":"https:\/\/ikar.dev\/bceco-v2\/wp-content\/uploads\/2025\/12\/BCECO-Bureau-Central-de-Coordination.jpg","contentUrl":"https:\/\/ikar.dev\/bceco-v2\/wp-content\/uploads\/2025\/12\/BCECO-Bureau-Central-de-Coordination.jpg","width":2048,"height":2048,"caption":"Bureau Central de Coordination"},"image":{"@id":"https:\/\/ikar.dev\/bceco-v2\/#\/schema\/logo\/image\/"},"sameAs":["https:\/\/www.facebook.com\/BCeCoRDC","https:\/\/x.com\/BCeCoRDC"]},{"@type":"Person","@id":"https:\/\/ikar.dev\/bceco-v2\/#\/schema\/person\/6ee74807ffb016a78852fec6a295d503","name":"bceco","image":{"@type":"ImageObject","inLanguage":"en-US","@id":"https:\/\/ikar.dev\/bceco-v2\/#\/schema\/person\/image\/","url":"https:\/\/secure.gravatar.com\/avatar\/55c07e1707f50774ef3c842c9d074773a6b558a20fbd1608c8e4871bc88f3455?s=96&d=mm&r=g","contentUrl":"https:\/\/secure.gravatar.com\/avatar\/55c07e1707f50774ef3c842c9d074773a6b558a20fbd1608c8e4871bc88f3455?s=96&d=mm&r=g","caption":"bceco"},"sameAs":["https:\/\/ikar.dev\/bceco-v2"],"url":"https:\/\/ikar.dev\/bceco-v2\/author\/bceco\/"}]}},"_links":{"self":[{"href":"https:\/\/ikar.dev\/bceco-v2\/wp-json\/wp\/v2\/posts\/44648","targetHints":{"allow":["GET"]}}],"collection":[{"href":"https:\/\/ikar.dev\/bceco-v2\/wp-json\/wp\/v2\/posts"}],"about":[{"href":"https:\/\/ikar.dev\/bceco-v2\/wp-json\/wp\/v2\/types\/post"}],"author":[{"embeddable":true,"href":"https:\/\/ikar.dev\/bceco-v2\/wp-json\/wp\/v2\/users\/1"}],"replies":[{"embeddable":true,"href":"https:\/\/ikar.dev\/bceco-v2\/wp-json\/wp\/v2\/comments?post=44648"}],"version-history":[{"count":1,"href":"https:\/\/ikar.dev\/bceco-v2\/wp-json\/wp\/v2\/posts\/44648\/revisions"}],"predecessor-version":[{"id":56321,"href":"https:\/\/ikar.dev\/bceco-v2\/wp-json\/wp\/v2\/posts\/44648\/revisions\/56321"}],"wp:featuredmedia":[{"embeddable":true,"href":"https:\/\/ikar.dev\/bceco-v2\/wp-json\/wp\/v2\/media\/44657"}],"wp:attachment":[{"href":"https:\/\/ikar.dev\/bceco-v2\/wp-json\/wp\/v2\/media?parent=44648"}],"wp:term":[{"taxonomy":"category","embeddable":true,"href":"https:\/\/ikar.dev\/bceco-v2\/wp-json\/wp\/v2\/categories?post=44648"},{"taxonomy":"post_tag","embeddable":true,"href":"https:\/\/ikar.dev\/bceco-v2\/wp-json\/wp\/v2\/tags?post=44648"}],"curies":[{"name":"wp","href":"https:\/\/api.w.org\/{rel}","templated":true}]}}