{"id":41158,"date":"2024-08-31T13:19:50","date_gmt":"2024-08-31T13:19:50","guid":{"rendered":"https:\/\/bceco.cd\/?p=41158"},"modified":"2025-12-23T17:19:53","modified_gmt":"2025-12-23T16:19:53","slug":"amelioration-des-conditions-de-vie-de-sa-population-bobo-boloko-signe-un-protocole-daccord-avec-le-bceco","status":"publish","type":"post","link":"https:\/\/ikar.dev\/bceco-v2\/amelioration-des-conditions-de-vie-de-sa-population-bobo-boloko-signe-un-protocole-daccord-avec-le-bceco\/","title":{"rendered":"Am\u00e9lioration des conditions de vie de sa population : BOBO BOLOKO signe un protocole d&#8217;accord avec le BCECO !"},"content":{"rendered":"<p style=\"text-align: justify;\">Soucieux des conditions pr\u00e9caires dans lesquelles vivent les populations de l&#8217;Equateur en g\u00e9n\u00e9ral et celle de Mbandaka en particulier, que son Excellence Bobo Boloko Bolumbu , gouverneur de province a sign\u00e9 en date du 22 ao\u00fbt 2024, un protocole d&#8217;accord avec le Bureau Central de Coordination (BCeCo).<\/p>\n\n<p style=\"text-align: justify;\">Ce protocole d&#8217;accord qui porte sur la construction, la r\u00e9habilitation et la modernisation des infrastructures socio- \u00e9conomiques de base dans cette province, reprend aussi les diff\u00e9rentes modalit\u00e9s et obligations des parties dans l&#8217;ex\u00e9cution de ce projet.<\/p>\n\n\n<figure class=\"wp-block-image size-full\"><img fetchpriority=\"high\" decoding=\"async\" width=\"1280\" height=\"854\" src=\"https:\/\/ikar.dev\/bceco-v2\/wp-content\/uploads\/2024\/08\/BOBO-BOLOKO-3.jpg\" alt=\"Am\u00e9lioration des conditions de vie de sa population : BOBO BOLOKO signe un protocole d'accord avec le BCECO !\" class=\"wp-image-41161\" srcset=\"https:\/\/ikar.dev\/bceco-v2\/wp-content\/uploads\/2024\/08\/BOBO-BOLOKO-3.jpg 1280w, https:\/\/ikar.dev\/bceco-v2\/wp-content\/uploads\/2024\/08\/BOBO-BOLOKO-3-768x512.jpg 768w, https:\/\/ikar.dev\/bceco-v2\/wp-content\/uploads\/2024\/08\/BOBO-BOLOKO-3-600x400.jpg 600w\" sizes=\"(max-width: 1280px) 100vw, 1280px\" \/><\/figure>\n\n\n<p style=\"text-align: justify;\">Se basant sur le savoir-faire de l&#8217;agence , l&#8217;expertise av\u00e9r\u00e9e de son personnel et surtout le leadership de Jean Mabi, Bobo Boloko dit \u00eatre confiant quant \u00e0 l&#8217;aboutissement heureux de ce programme, qui sans nul doute appuyera sa politique d&#8217;am\u00e9lioration des conditions vitales de ses concitoyens<\/p>\n\n<p style=\"text-align: justify;\">En tant que ma\u00eetre d&#8217;ouvrage d\u00e9l\u00e9gu\u00e9, le BCECO par l&#8217;entremise de son Directeur G\u00e9n\u00e9ral Jean Mabi Mulumba s&#8217;est dit volontier pour accompagner cette entit\u00e9 d\u00e9centralis\u00e9e dans la mat\u00e9rialisation de ce programme, il a ainsi \u00e9mis le v\u0153u de rencontrer les \u00e9lus nationaux et provinciaux de cette province dans les prochains jours pour une harmonisation et une meilleure prise de ce projet.<\/p>\n\n\n<figure class=\"wp-block-image size-full\"><img decoding=\"async\" width=\"1280\" height=\"854\" src=\"https:\/\/ikar.dev\/bceco-v2\/wp-content\/uploads\/2024\/08\/BOBO-BOLOKO-4.jpg\" alt=\"Am\u00e9lioration des conditions de vie de sa population : BOBO BOLOKO signe un protocole d'accord avec le BCECO !\" class=\"wp-image-41160\" srcset=\"https:\/\/ikar.dev\/bceco-v2\/wp-content\/uploads\/2024\/08\/BOBO-BOLOKO-4.jpg 1280w, https:\/\/ikar.dev\/bceco-v2\/wp-content\/uploads\/2024\/08\/BOBO-BOLOKO-4-768x512.jpg 768w, https:\/\/ikar.dev\/bceco-v2\/wp-content\/uploads\/2024\/08\/BOBO-BOLOKO-4-600x400.jpg 600w\" sizes=\"(max-width: 1280px) 100vw, 1280px\" \/><\/figure>\n\n\n<p style=\"text-align: justify;\">Le mariage entre BCECO et la province de l&#8217;\u00e9quateur \u00e9tant scell\u00e9, une commission mixte sera mise sur pied pour une bonne coordination.<\/p>","protected":false},"excerpt":{"rendered":"<p>Soucieux des conditions pr\u00e9caires dans lesquelles vivent les populations de l&#8217;Equateur en g\u00e9n\u00e9ral et celle de Mbandaka en particulier, que son Excellence Bobo Boloko Bolumbu , gouverneur de province a sign\u00e9 en date du 22 ao\u00fbt 2024, un protocole d&#8217;accord avec le Bureau Central de Coordination (BCeCo). Ce protocole d&#8217;accord qui porte sur la construction,<\/p>\n","protected":false},"author":1,"featured_media":41162,"comment_status":"open","ping_status":"open","sticky":false,"template":"","format":"standard","meta":{"footnotes":""},"categories":[69],"tags":[],"class_list":["post-41158","post","type-post","status-publish","format-standard","has-post-thumbnail","hentry","category-actualites"],"yoast_head":"<!-- This site is optimized with the Yoast SEO plugin v26.7 - https:\/\/yoast.com\/wordpress\/plugins\/seo\/ -->\n<title>Am\u00e9lioration des conditions de vie de sa population : BOBO BOLOKO signe un protocole d&#039;accord avec le BCECO ! - Bureau Central de Coordination<\/title>\n<meta name=\"description\" content=\"Soucieux des conditions pr\u00e9caires dans lesquelles vivent les populations de l&#039;Equateur en g\u00e9n\u00e9ral et celle de Mbandaka en particulier, que son Excellence Bobo Boloko Bolumbu , gouverneur de province a sign\u00e9 en date du 22 ao\u00fbt 2024, un protocole d&#039;accord avec le Bureau Central de Coordination (BCeCo).\" \/>\n<meta name=\"robots\" content=\"index, follow, max-snippet:-1, max-image-preview:large, max-video-preview:-1\" \/>\n<link rel=\"canonical\" href=\"https:\/\/ikar.dev\/bceco-v2\/amelioration-des-conditions-de-vie-de-sa-population-bobo-boloko-signe-un-protocole-daccord-avec-le-bceco\/\" \/>\n<meta property=\"og:locale\" content=\"en_US\" \/>\n<meta property=\"og:type\" content=\"article\" \/>\n<meta property=\"og:title\" content=\"Am\u00e9lioration des conditions de vie de sa population : BOBO BOLOKO signe un protocole d&#039;accord avec le BCECO ! - Bureau Central de Coordination\" \/>\n<meta property=\"og:description\" content=\"Soucieux des conditions pr\u00e9caires dans lesquelles vivent les populations de l&#039;Equateur en g\u00e9n\u00e9ral et celle de Mbandaka en particulier, que son Excellence Bobo Boloko Bolumbu , gouverneur de province a sign\u00e9 en date du 22 ao\u00fbt 2024, un protocole d&#039;accord avec le Bureau Central de Coordination (BCeCo).\" \/>\n<meta property=\"og:url\" content=\"https:\/\/ikar.dev\/bceco-v2\/amelioration-des-conditions-de-vie-de-sa-population-bobo-boloko-signe-un-protocole-daccord-avec-le-bceco\/\" \/>\n<meta property=\"og:site_name\" content=\"Bureau Central de Coordination\" \/>\n<meta property=\"article:publisher\" content=\"https:\/\/www.facebook.com\/BCeCoRDC\" \/>\n<meta property=\"article:published_time\" content=\"2024-08-31T13:19:50+00:00\" \/>\n<meta property=\"article:modified_time\" content=\"2025-12-23T16:19:53+00:00\" \/>\n<meta property=\"og:image\" content=\"https:\/\/ikar.dev\/bceco-v2\/wp-content\/uploads\/2024\/08\/BOBO-BOLOKO-2.jpg\" \/>\n\t<meta property=\"og:image:width\" content=\"1280\" \/>\n\t<meta property=\"og:image:height\" content=\"854\" \/>\n\t<meta property=\"og:image:type\" content=\"image\/jpeg\" \/>\n<meta name=\"author\" content=\"bceco\" \/>\n<meta name=\"twitter:card\" content=\"summary_large_image\" \/>\n<meta name=\"twitter:creator\" content=\"@BCeCoRDC\" \/>\n<meta name=\"twitter:site\" content=\"@BCeCoRDC\" \/>\n<meta name=\"twitter:label1\" content=\"Written by\" \/>\n\t<meta name=\"twitter:data1\" content=\"bceco\" \/>\n\t<meta name=\"twitter:label2\" content=\"Est. reading time\" \/>\n\t<meta name=\"twitter:data2\" content=\"2 minutes\" \/>\n<script type=\"application\/ld+json\" class=\"yoast-schema-graph\">{\"@context\":\"https:\/\/schema.org\",\"@graph\":[{\"@type\":\"Article\",\"@id\":\"https:\/\/ikar.dev\/bceco-v2\/amelioration-des-conditions-de-vie-de-sa-population-bobo-boloko-signe-un-protocole-daccord-avec-le-bceco\/#article\",\"isPartOf\":{\"@id\":\"https:\/\/ikar.dev\/bceco-v2\/amelioration-des-conditions-de-vie-de-sa-population-bobo-boloko-signe-un-protocole-daccord-avec-le-bceco\/\"},\"author\":{\"name\":\"bceco\",\"@id\":\"https:\/\/ikar.dev\/bceco-v2\/#\/schema\/person\/6ee74807ffb016a78852fec6a295d503\"},\"headline\":\"Am\u00e9lioration des conditions de vie de sa population : BOBO BOLOKO signe un protocole d&#8217;accord avec le BCECO !\",\"datePublished\":\"2024-08-31T13:19:50+00:00\",\"dateModified\":\"2025-12-23T16:19:53+00:00\",\"mainEntityOfPage\":{\"@id\":\"https:\/\/ikar.dev\/bceco-v2\/amelioration-des-conditions-de-vie-de-sa-population-bobo-boloko-signe-un-protocole-daccord-avec-le-bceco\/\"},\"wordCount\":258,\"commentCount\":0,\"publisher\":{\"@id\":\"https:\/\/ikar.dev\/bceco-v2\/#organization\"},\"image\":{\"@id\":\"https:\/\/ikar.dev\/bceco-v2\/amelioration-des-conditions-de-vie-de-sa-population-bobo-boloko-signe-un-protocole-daccord-avec-le-bceco\/#primaryimage\"},\"thumbnailUrl\":\"https:\/\/ikar.dev\/bceco-v2\/wp-content\/uploads\/2024\/08\/BOBO-BOLOKO-2.jpg\",\"articleSection\":[\"Actualit\u00e9s\"],\"inLanguage\":\"en-US\",\"potentialAction\":[{\"@type\":\"CommentAction\",\"name\":\"Comment\",\"target\":[\"https:\/\/ikar.dev\/bceco-v2\/amelioration-des-conditions-de-vie-de-sa-population-bobo-boloko-signe-un-protocole-daccord-avec-le-bceco\/#respond\"]}]},{\"@type\":\"WebPage\",\"@id\":\"https:\/\/ikar.dev\/bceco-v2\/amelioration-des-conditions-de-vie-de-sa-population-bobo-boloko-signe-un-protocole-daccord-avec-le-bceco\/\",\"url\":\"https:\/\/ikar.dev\/bceco-v2\/amelioration-des-conditions-de-vie-de-sa-population-bobo-boloko-signe-un-protocole-daccord-avec-le-bceco\/\",\"name\":\"Am\u00e9lioration des conditions de vie de sa population : BOBO BOLOKO signe un protocole d'accord avec le BCECO ! - Bureau Central de Coordination\",\"isPartOf\":{\"@id\":\"https:\/\/ikar.dev\/bceco-v2\/#website\"},\"primaryImageOfPage\":{\"@id\":\"https:\/\/ikar.dev\/bceco-v2\/amelioration-des-conditions-de-vie-de-sa-population-bobo-boloko-signe-un-protocole-daccord-avec-le-bceco\/#primaryimage\"},\"image\":{\"@id\":\"https:\/\/ikar.dev\/bceco-v2\/amelioration-des-conditions-de-vie-de-sa-population-bobo-boloko-signe-un-protocole-daccord-avec-le-bceco\/#primaryimage\"},\"thumbnailUrl\":\"https:\/\/ikar.dev\/bceco-v2\/wp-content\/uploads\/2024\/08\/BOBO-BOLOKO-2.jpg\",\"datePublished\":\"2024-08-31T13:19:50+00:00\",\"dateModified\":\"2025-12-23T16:19:53+00:00\",\"description\":\"Soucieux des conditions pr\u00e9caires dans lesquelles vivent les populations de l'Equateur en g\u00e9n\u00e9ral et celle de Mbandaka en particulier, que son Excellence Bobo Boloko Bolumbu , gouverneur de province a sign\u00e9 en date du 22 ao\u00fbt 2024, un protocole d'accord avec le Bureau Central de Coordination (BCeCo).\",\"breadcrumb\":{\"@id\":\"https:\/\/ikar.dev\/bceco-v2\/amelioration-des-conditions-de-vie-de-sa-population-bobo-boloko-signe-un-protocole-daccord-avec-le-bceco\/#breadcrumb\"},\"inLanguage\":\"en-US\",\"potentialAction\":[{\"@type\":\"ReadAction\",\"target\":[\"https:\/\/ikar.dev\/bceco-v2\/amelioration-des-conditions-de-vie-de-sa-population-bobo-boloko-signe-un-protocole-daccord-avec-le-bceco\/\"]}]},{\"@type\":\"ImageObject\",\"inLanguage\":\"en-US\",\"@id\":\"https:\/\/ikar.dev\/bceco-v2\/amelioration-des-conditions-de-vie-de-sa-population-bobo-boloko-signe-un-protocole-daccord-avec-le-bceco\/#primaryimage\",\"url\":\"https:\/\/ikar.dev\/bceco-v2\/wp-content\/uploads\/2024\/08\/BOBO-BOLOKO-2.jpg\",\"contentUrl\":\"https:\/\/ikar.dev\/bceco-v2\/wp-content\/uploads\/2024\/08\/BOBO-BOLOKO-2.jpg\",\"width\":1280,\"height\":854,\"caption\":\"Am\u00e9lioration des conditions de vie de sa population : BOBO BOLOKO signe un protocole d'accord avec le BCECO !\"},{\"@type\":\"BreadcrumbList\",\"@id\":\"https:\/\/ikar.dev\/bceco-v2\/amelioration-des-conditions-de-vie-de-sa-population-bobo-boloko-signe-un-protocole-daccord-avec-le-bceco\/#breadcrumb\",\"itemListElement\":[{\"@type\":\"ListItem\",\"position\":1,\"name\":\"Accueil\",\"item\":\"https:\/\/ikar.dev\/bceco-v2\/\"},{\"@type\":\"ListItem\",\"position\":2,\"name\":\"Am\u00e9lioration des conditions de vie de sa population : BOBO BOLOKO signe un protocole d&rsquo;accord avec le BCECO !\"}]},{\"@type\":\"WebSite\",\"@id\":\"https:\/\/ikar.dev\/bceco-v2\/#website\",\"url\":\"https:\/\/ikar.dev\/bceco-v2\/\",\"name\":\"Bureau Central de Coordination\",\"description\":\"B.Ce.Co \u2013 Au c\u0153ur de l\u2019ex\u00e9cution des projets de d\u00e9veloppement en RDC\",\"publisher\":{\"@id\":\"https:\/\/ikar.dev\/bceco-v2\/#organization\"},\"potentialAction\":[{\"@type\":\"SearchAction\",\"target\":{\"@type\":\"EntryPoint\",\"urlTemplate\":\"https:\/\/ikar.dev\/bceco-v2\/?s={search_term_string}\"},\"query-input\":{\"@type\":\"PropertyValueSpecification\",\"valueRequired\":true,\"valueName\":\"search_term_string\"}}],\"inLanguage\":\"en-US\"},{\"@type\":\"Organization\",\"@id\":\"https:\/\/ikar.dev\/bceco-v2\/#organization\",\"name\":\"Bureau Central de Coordination\",\"url\":\"https:\/\/ikar.dev\/bceco-v2\/\",\"logo\":{\"@type\":\"ImageObject\",\"inLanguage\":\"en-US\",\"@id\":\"https:\/\/ikar.dev\/bceco-v2\/#\/schema\/logo\/image\/\",\"url\":\"https:\/\/ikar.dev\/bceco-v2\/wp-content\/uploads\/2025\/12\/BCECO-Bureau-Central-de-Coordination.jpg\",\"contentUrl\":\"https:\/\/ikar.dev\/bceco-v2\/wp-content\/uploads\/2025\/12\/BCECO-Bureau-Central-de-Coordination.jpg\",\"width\":2048,\"height\":2048,\"caption\":\"Bureau Central de Coordination\"},\"image\":{\"@id\":\"https:\/\/ikar.dev\/bceco-v2\/#\/schema\/logo\/image\/\"},\"sameAs\":[\"https:\/\/www.facebook.com\/BCeCoRDC\",\"https:\/\/x.com\/BCeCoRDC\"]},{\"@type\":\"Person\",\"@id\":\"https:\/\/ikar.dev\/bceco-v2\/#\/schema\/person\/6ee74807ffb016a78852fec6a295d503\",\"name\":\"bceco\",\"image\":{\"@type\":\"ImageObject\",\"inLanguage\":\"en-US\",\"@id\":\"https:\/\/ikar.dev\/bceco-v2\/#\/schema\/person\/image\/\",\"url\":\"https:\/\/secure.gravatar.com\/avatar\/55c07e1707f50774ef3c842c9d074773a6b558a20fbd1608c8e4871bc88f3455?s=96&d=mm&r=g\",\"contentUrl\":\"https:\/\/secure.gravatar.com\/avatar\/55c07e1707f50774ef3c842c9d074773a6b558a20fbd1608c8e4871bc88f3455?s=96&d=mm&r=g\",\"caption\":\"bceco\"},\"sameAs\":[\"https:\/\/ikar.dev\/bceco-v2\"],\"url\":\"https:\/\/ikar.dev\/bceco-v2\/author\/bceco\/\"}]}<\/script>\n<!-- \/ Yoast SEO plugin. -->","yoast_head_json":{"title":"Am\u00e9lioration des conditions de vie de sa population : BOBO BOLOKO signe un protocole d'accord avec le BCECO ! - Bureau Central de Coordination","description":"Soucieux des conditions pr\u00e9caires dans lesquelles vivent les populations de l'Equateur en g\u00e9n\u00e9ral et celle de Mbandaka en particulier, que son Excellence Bobo Boloko Bolumbu , gouverneur de province a sign\u00e9 en date du 22 ao\u00fbt 2024, un protocole d'accord avec le Bureau Central de Coordination (BCeCo).","robots":{"index":"index","follow":"follow","max-snippet":"max-snippet:-1","max-image-preview":"max-image-preview:large","max-video-preview":"max-video-preview:-1"},"canonical":"https:\/\/ikar.dev\/bceco-v2\/amelioration-des-conditions-de-vie-de-sa-population-bobo-boloko-signe-un-protocole-daccord-avec-le-bceco\/","og_locale":"en_US","og_type":"article","og_title":"Am\u00e9lioration des conditions de vie de sa population : BOBO BOLOKO signe un protocole d'accord avec le BCECO ! - Bureau Central de Coordination","og_description":"Soucieux des conditions pr\u00e9caires dans lesquelles vivent les populations de l'Equateur en g\u00e9n\u00e9ral et celle de Mbandaka en particulier, que son Excellence Bobo Boloko Bolumbu , gouverneur de province a sign\u00e9 en date du 22 ao\u00fbt 2024, un protocole d'accord avec le Bureau Central de Coordination (BCeCo).","og_url":"https:\/\/ikar.dev\/bceco-v2\/amelioration-des-conditions-de-vie-de-sa-population-bobo-boloko-signe-un-protocole-daccord-avec-le-bceco\/","og_site_name":"Bureau Central de Coordination","article_publisher":"https:\/\/www.facebook.com\/BCeCoRDC","article_published_time":"2024-08-31T13:19:50+00:00","article_modified_time":"2025-12-23T16:19:53+00:00","og_image":[{"width":1280,"height":854,"url":"https:\/\/ikar.dev\/bceco-v2\/wp-content\/uploads\/2024\/08\/BOBO-BOLOKO-2.jpg","type":"image\/jpeg"}],"author":"bceco","twitter_card":"summary_large_image","twitter_creator":"@BCeCoRDC","twitter_site":"@BCeCoRDC","twitter_misc":{"Written by":"bceco","Est. reading time":"2 minutes"},"schema":{"@context":"https:\/\/schema.org","@graph":[{"@type":"Article","@id":"https:\/\/ikar.dev\/bceco-v2\/amelioration-des-conditions-de-vie-de-sa-population-bobo-boloko-signe-un-protocole-daccord-avec-le-bceco\/#article","isPartOf":{"@id":"https:\/\/ikar.dev\/bceco-v2\/amelioration-des-conditions-de-vie-de-sa-population-bobo-boloko-signe-un-protocole-daccord-avec-le-bceco\/"},"author":{"name":"bceco","@id":"https:\/\/ikar.dev\/bceco-v2\/#\/schema\/person\/6ee74807ffb016a78852fec6a295d503"},"headline":"Am\u00e9lioration des conditions de vie de sa population : BOBO BOLOKO signe un protocole d&#8217;accord avec le BCECO !","datePublished":"2024-08-31T13:19:50+00:00","dateModified":"2025-12-23T16:19:53+00:00","mainEntityOfPage":{"@id":"https:\/\/ikar.dev\/bceco-v2\/amelioration-des-conditions-de-vie-de-sa-population-bobo-boloko-signe-un-protocole-daccord-avec-le-bceco\/"},"wordCount":258,"commentCount":0,"publisher":{"@id":"https:\/\/ikar.dev\/bceco-v2\/#organization"},"image":{"@id":"https:\/\/ikar.dev\/bceco-v2\/amelioration-des-conditions-de-vie-de-sa-population-bobo-boloko-signe-un-protocole-daccord-avec-le-bceco\/#primaryimage"},"thumbnailUrl":"https:\/\/ikar.dev\/bceco-v2\/wp-content\/uploads\/2024\/08\/BOBO-BOLOKO-2.jpg","articleSection":["Actualit\u00e9s"],"inLanguage":"en-US","potentialAction":[{"@type":"CommentAction","name":"Comment","target":["https:\/\/ikar.dev\/bceco-v2\/amelioration-des-conditions-de-vie-de-sa-population-bobo-boloko-signe-un-protocole-daccord-avec-le-bceco\/#respond"]}]},{"@type":"WebPage","@id":"https:\/\/ikar.dev\/bceco-v2\/amelioration-des-conditions-de-vie-de-sa-population-bobo-boloko-signe-un-protocole-daccord-avec-le-bceco\/","url":"https:\/\/ikar.dev\/bceco-v2\/amelioration-des-conditions-de-vie-de-sa-population-bobo-boloko-signe-un-protocole-daccord-avec-le-bceco\/","name":"Am\u00e9lioration des conditions de vie de sa population : BOBO BOLOKO signe un protocole d'accord avec le BCECO ! - Bureau Central de Coordination","isPartOf":{"@id":"https:\/\/ikar.dev\/bceco-v2\/#website"},"primaryImageOfPage":{"@id":"https:\/\/ikar.dev\/bceco-v2\/amelioration-des-conditions-de-vie-de-sa-population-bobo-boloko-signe-un-protocole-daccord-avec-le-bceco\/#primaryimage"},"image":{"@id":"https:\/\/ikar.dev\/bceco-v2\/amelioration-des-conditions-de-vie-de-sa-population-bobo-boloko-signe-un-protocole-daccord-avec-le-bceco\/#primaryimage"},"thumbnailUrl":"https:\/\/ikar.dev\/bceco-v2\/wp-content\/uploads\/2024\/08\/BOBO-BOLOKO-2.jpg","datePublished":"2024-08-31T13:19:50+00:00","dateModified":"2025-12-23T16:19:53+00:00","description":"Soucieux des conditions pr\u00e9caires dans lesquelles vivent les populations de l'Equateur en g\u00e9n\u00e9ral et celle de Mbandaka en particulier, que son Excellence Bobo Boloko Bolumbu , gouverneur de province a sign\u00e9 en date du 22 ao\u00fbt 2024, un protocole d'accord avec le Bureau Central de Coordination (BCeCo).","breadcrumb":{"@id":"https:\/\/ikar.dev\/bceco-v2\/amelioration-des-conditions-de-vie-de-sa-population-bobo-boloko-signe-un-protocole-daccord-avec-le-bceco\/#breadcrumb"},"inLanguage":"en-US","potentialAction":[{"@type":"ReadAction","target":["https:\/\/ikar.dev\/bceco-v2\/amelioration-des-conditions-de-vie-de-sa-population-bobo-boloko-signe-un-protocole-daccord-avec-le-bceco\/"]}]},{"@type":"ImageObject","inLanguage":"en-US","@id":"https:\/\/ikar.dev\/bceco-v2\/amelioration-des-conditions-de-vie-de-sa-population-bobo-boloko-signe-un-protocole-daccord-avec-le-bceco\/#primaryimage","url":"https:\/\/ikar.dev\/bceco-v2\/wp-content\/uploads\/2024\/08\/BOBO-BOLOKO-2.jpg","contentUrl":"https:\/\/ikar.dev\/bceco-v2\/wp-content\/uploads\/2024\/08\/BOBO-BOLOKO-2.jpg","width":1280,"height":854,"caption":"Am\u00e9lioration des conditions de vie de sa population : BOBO BOLOKO signe un protocole d'accord avec le BCECO !"},{"@type":"BreadcrumbList","@id":"https:\/\/ikar.dev\/bceco-v2\/amelioration-des-conditions-de-vie-de-sa-population-bobo-boloko-signe-un-protocole-daccord-avec-le-bceco\/#breadcrumb","itemListElement":[{"@type":"ListItem","position":1,"name":"Accueil","item":"https:\/\/ikar.dev\/bceco-v2\/"},{"@type":"ListItem","position":2,"name":"Am\u00e9lioration des conditions de vie de sa population : BOBO BOLOKO signe un protocole d&rsquo;accord avec le BCECO !"}]},{"@type":"WebSite","@id":"https:\/\/ikar.dev\/bceco-v2\/#website","url":"https:\/\/ikar.dev\/bceco-v2\/","name":"Bureau Central de Coordination","description":"B.Ce.Co \u2013 Au c\u0153ur de l\u2019ex\u00e9cution des projets de d\u00e9veloppement en RDC","publisher":{"@id":"https:\/\/ikar.dev\/bceco-v2\/#organization"},"potentialAction":[{"@type":"SearchAction","target":{"@type":"EntryPoint","urlTemplate":"https:\/\/ikar.dev\/bceco-v2\/?s={search_term_string}"},"query-input":{"@type":"PropertyValueSpecification","valueRequired":true,"valueName":"search_term_string"}}],"inLanguage":"en-US"},{"@type":"Organization","@id":"https:\/\/ikar.dev\/bceco-v2\/#organization","name":"Bureau Central de Coordination","url":"https:\/\/ikar.dev\/bceco-v2\/","logo":{"@type":"ImageObject","inLanguage":"en-US","@id":"https:\/\/ikar.dev\/bceco-v2\/#\/schema\/logo\/image\/","url":"https:\/\/ikar.dev\/bceco-v2\/wp-content\/uploads\/2025\/12\/BCECO-Bureau-Central-de-Coordination.jpg","contentUrl":"https:\/\/ikar.dev\/bceco-v2\/wp-content\/uploads\/2025\/12\/BCECO-Bureau-Central-de-Coordination.jpg","width":2048,"height":2048,"caption":"Bureau Central de Coordination"},"image":{"@id":"https:\/\/ikar.dev\/bceco-v2\/#\/schema\/logo\/image\/"},"sameAs":["https:\/\/www.facebook.com\/BCeCoRDC","https:\/\/x.com\/BCeCoRDC"]},{"@type":"Person","@id":"https:\/\/ikar.dev\/bceco-v2\/#\/schema\/person\/6ee74807ffb016a78852fec6a295d503","name":"bceco","image":{"@type":"ImageObject","inLanguage":"en-US","@id":"https:\/\/ikar.dev\/bceco-v2\/#\/schema\/person\/image\/","url":"https:\/\/secure.gravatar.com\/avatar\/55c07e1707f50774ef3c842c9d074773a6b558a20fbd1608c8e4871bc88f3455?s=96&d=mm&r=g","contentUrl":"https:\/\/secure.gravatar.com\/avatar\/55c07e1707f50774ef3c842c9d074773a6b558a20fbd1608c8e4871bc88f3455?s=96&d=mm&r=g","caption":"bceco"},"sameAs":["https:\/\/ikar.dev\/bceco-v2"],"url":"https:\/\/ikar.dev\/bceco-v2\/author\/bceco\/"}]}},"_links":{"self":[{"href":"https:\/\/ikar.dev\/bceco-v2\/wp-json\/wp\/v2\/posts\/41158","targetHints":{"allow":["GET"]}}],"collection":[{"href":"https:\/\/ikar.dev\/bceco-v2\/wp-json\/wp\/v2\/posts"}],"about":[{"href":"https:\/\/ikar.dev\/bceco-v2\/wp-json\/wp\/v2\/types\/post"}],"author":[{"embeddable":true,"href":"https:\/\/ikar.dev\/bceco-v2\/wp-json\/wp\/v2\/users\/1"}],"replies":[{"embeddable":true,"href":"https:\/\/ikar.dev\/bceco-v2\/wp-json\/wp\/v2\/comments?post=41158"}],"version-history":[{"count":1,"href":"https:\/\/ikar.dev\/bceco-v2\/wp-json\/wp\/v2\/posts\/41158\/revisions"}],"predecessor-version":[{"id":56320,"href":"https:\/\/ikar.dev\/bceco-v2\/wp-json\/wp\/v2\/posts\/41158\/revisions\/56320"}],"wp:featuredmedia":[{"embeddable":true,"href":"https:\/\/ikar.dev\/bceco-v2\/wp-json\/wp\/v2\/media\/41162"}],"wp:attachment":[{"href":"https:\/\/ikar.dev\/bceco-v2\/wp-json\/wp\/v2\/media?parent=41158"}],"wp:term":[{"taxonomy":"category","embeddable":true,"href":"https:\/\/ikar.dev\/bceco-v2\/wp-json\/wp\/v2\/categories?post=41158"},{"taxonomy":"post_tag","embeddable":true,"href":"https:\/\/ikar.dev\/bceco-v2\/wp-json\/wp\/v2\/tags?post=41158"}],"curies":[{"name":"wp","href":"https:\/\/api.w.org\/{rel}","templated":true}]}}