{"id":40232,"date":"2024-07-30T17:26:20","date_gmt":"2024-07-30T17:26:20","guid":{"rendered":"https:\/\/bceco.cd\/?p=40232"},"modified":"2025-12-23T17:19:48","modified_gmt":"2025-12-23T16:19:48","slug":"pdl-145t-un-projet-ambitieux-pour-reduire-les-disparites-urbaines-et-rurales-en-rdc","status":"publish","type":"post","link":"https:\/\/ikar.dev\/bceco-v2\/pdl-145t-un-projet-ambitieux-pour-reduire-les-disparites-urbaines-et-rurales-en-rdc\/","title":{"rendered":"PDL- 145T : Un Projet Ambitieux pour R\u00e9duire les Disparit\u00e9s Urbaines et Rurales en RDC"},"content":{"rendered":"\n<p>Le Programme de D\u00e9veloppement Local de 145 territoires, cet ambitieux projet du Chef de l&#8217;\u00c9tat F\u00e9lix Antoine Tshisekedi Tshilombo visant \u00e0 r\u00e9duire les disparit\u00e9s entre les milieux urbains et ruraux, se poursuit sans rel\u00e2che. Le Bureau Central de Coordination (BCECO) propose une mise en \u0153uvre en trois \u00e9tapes : la gen\u00e8se, les difficult\u00e9s et contraintes, et enfin quelques r\u00e9alisations en collaboration avec les ALE et PME.<\/p>\n\n\n\n<p>*<strong>*1. La Gen\u00e8se<\/strong>**<br>Le programme a \u00e9t\u00e9 initi\u00e9 pour r\u00e9pondre \u00e0 un besoin pressant de d\u00e9veloppement \u00e9quilibr\u00e9 \u00e0 travers la R\u00e9publique D\u00e9mocratique du Congo. L&#8217;objectif principal est de fournir des infrastructures et des services de base aux populations du Congo profond souvent n\u00e9glig\u00e9es, afin de cr\u00e9er des opportunit\u00e9s de croissance et de d\u00e9veloppement durable.<\/p>\n\n\n\n<figure class=\"wp-block-embed is-type-video is-provider-youtube wp-block-embed-youtube wp-embed-aspect-16-9 wp-has-aspect-ratio\"><div class=\"wp-block-embed__wrapper\">\n<iframe title=\"#RDC #PDL145T | GENESE\" width=\"500\" height=\"281\" src=\"https:\/\/www.youtube.com\/embed\/xeW_X00_6tw?feature=oembed\" frameborder=\"0\" allow=\"accelerometer; autoplay; clipboard-write; encrypted-media; gyroscope; picture-in-picture; web-share\" referrerpolicy=\"strict-origin-when-cross-origin\" allowfullscreen><\/iframe>\n<\/div><\/figure>\n\n\n\n<p>*<strong>*2. Les Difficult\u00e9s et Contraintes<\/strong>**<br>La mise en \u0153uvre du programme a rencontr\u00e9 plusieurs d\u00e9fis, notamment des probl\u00e8mes logistiques li\u00e9s \u00e0 l&#8217;\u00e9tendue g\u00e9ographique du pays, des contraintes budg\u00e9taires&nbsp; environnementales et s\u00e9curitaires.<br>La coordination entre les diff\u00e9rents acteurs, tant au niveau national que local, a \u00e9galement n\u00e9cessit\u00e9 des ajustements continus pour assurer l&#8217;efficacit\u00e9 et l&#8217;efficience du projet.<\/p>\n\n\n\n<figure class=\"wp-block-embed is-type-video is-provider-youtube wp-block-embed-youtube wp-embed-aspect-16-9 wp-has-aspect-ratio\"><div class=\"wp-block-embed__wrapper\">\n<iframe title=\"#RDC #PDL145T | CONTRAINTES ET DIFFICULTES DE MISE EN OEUVRE DU PDL-145 TERRITOIRES. PART 2\" width=\"500\" height=\"281\" src=\"https:\/\/www.youtube.com\/embed\/fyWrfWXaQbM?feature=oembed\" frameborder=\"0\" allow=\"accelerometer; autoplay; clipboard-write; encrypted-media; gyroscope; picture-in-picture; web-share\" referrerpolicy=\"strict-origin-when-cross-origin\" allowfullscreen><\/iframe>\n<\/div><\/figure>\n\n\n\n<p>*<strong>*3. Quelques R\u00e9alisations avec les ALE et PME<\/strong>**<br>Malgr\u00e9 les d\u00e9fis, plusieurs r\u00e9alisations notables ont \u00e9t\u00e9 accomplies en collaboration avec les Agences Locales de d&#8217;\u00c9xecution (ALE) et les Petites et Moyennes Entreprises (PME).<br>Il est \u00e0 noter que ce projet s&#8217;ex\u00e9cutera en plusieurs phases. Pour cette premi\u00e8re \u00e9tape&nbsp; des infrastructures tels les \u00e9coles , centres de sant\u00e9 et b\u00e2timents administratifs&nbsp; ont vu le jour.<br>En outre, des initiatives pour promouvoir l&#8217;entrepreneuriat local et am\u00e9liorer les conditions de vie des populations rurales ont \u00e9t\u00e9 lanc\u00e9es, t\u00e9moignant de l&#8217;engagement du programme \u00e0 transformer les territoires concern\u00e9s.<\/p>\n\n\n\n<figure class=\"wp-block-embed is-type-video is-provider-youtube wp-block-embed-youtube wp-embed-aspect-16-9 wp-has-aspect-ratio\"><div class=\"wp-block-embed__wrapper\">\n<iframe title=\"#RDC #PDL145T : R\u00e9alisations avec les ALE et  PME\" width=\"500\" height=\"281\" src=\"https:\/\/www.youtube.com\/embed\/lmjitoOnhTQ?feature=oembed\" frameborder=\"0\" allow=\"accelerometer; autoplay; clipboard-write; encrypted-media; gyroscope; picture-in-picture; web-share\" referrerpolicy=\"strict-origin-when-cross-origin\" allowfullscreen><\/iframe>\n<\/div><\/figure>\n\n\n\n<p>En conclusion, le Programme de D\u00e9veloppement Local de 145 Territoires continue de progresser avec d\u00e9termination, incarnant la vision du Chef de l&#8217;\u00c9tat de cr\u00e9er un d\u00e9veloppement inclusif et harmonieux \u00e0 travers la RDC.<\/p>\n","protected":false},"excerpt":{"rendered":"<p>Le Programme de D\u00e9veloppement Local de 145 territoires, cet ambitieux projet du Chef de l&#8217;\u00c9tat F\u00e9lix Antoine Tshisekedi Tshilombo visant \u00e0 r\u00e9duire les disparit\u00e9s entre les milieux urbains et ruraux, se poursuit sans rel\u00e2che. Le Bureau Central de Coordination (BCECO) propose une mise en \u0153uvre en trois \u00e9tapes : la gen\u00e8se, les difficult\u00e9s et contraintes,<\/p>\n","protected":false},"author":1,"featured_media":30820,"comment_status":"open","ping_status":"open","sticky":false,"template":"","format":"standard","meta":{"footnotes":""},"categories":[69,61],"tags":[],"class_list":["post-40232","post","type-post","status-publish","format-standard","has-post-thumbnail","hentry","category-actualites","category-pdl145t"],"yoast_head":"<!-- This site is optimized with the Yoast SEO plugin v26.7 - https:\/\/yoast.com\/wordpress\/plugins\/seo\/ -->\n<title>PDL- 145T : Un Projet Ambitieux pour R\u00e9duire les Disparit\u00e9s Urbaines et Rurales en RDC - Bureau Central de Coordination<\/title>\n<meta name=\"description\" content=\"Le Programme de D\u00e9veloppement Local de 145 territoires, cet ambitieux projet du Chef de l&#039;\u00c9tat F\u00e9lix Antoine Tshisekedi Tshilombo visant \u00e0 r\u00e9duire les disparit\u00e9s entre les milieux urbains et ruraux, se poursuit sans rel\u00e2che. Le Bureau Central de Coordination (BCECO) propose une mise en \u0153uvre en trois \u00e9tapes : la gen\u00e8se, les difficult\u00e9s et contraintes, et enfin quelques r\u00e9alisations en collaboration avec les ALE et PME.\" \/>\n<meta name=\"robots\" content=\"index, follow, max-snippet:-1, max-image-preview:large, max-video-preview:-1\" \/>\n<link rel=\"canonical\" href=\"https:\/\/ikar.dev\/bceco-v2\/pdl-145t-un-projet-ambitieux-pour-reduire-les-disparites-urbaines-et-rurales-en-rdc\/\" \/>\n<meta property=\"og:locale\" content=\"en_US\" \/>\n<meta property=\"og:type\" content=\"article\" \/>\n<meta property=\"og:title\" content=\"PDL- 145T : Un Projet Ambitieux pour R\u00e9duire les Disparit\u00e9s Urbaines et Rurales en RDC - Bureau Central de Coordination\" \/>\n<meta property=\"og:description\" content=\"Le Programme de D\u00e9veloppement Local de 145 territoires, cet ambitieux projet du Chef de l&#039;\u00c9tat F\u00e9lix Antoine Tshisekedi Tshilombo visant \u00e0 r\u00e9duire les disparit\u00e9s entre les milieux urbains et ruraux, se poursuit sans rel\u00e2che. Le Bureau Central de Coordination (BCECO) propose une mise en \u0153uvre en trois \u00e9tapes : la gen\u00e8se, les difficult\u00e9s et contraintes, et enfin quelques r\u00e9alisations en collaboration avec les ALE et PME.\" \/>\n<meta property=\"og:url\" content=\"https:\/\/ikar.dev\/bceco-v2\/pdl-145t-un-projet-ambitieux-pour-reduire-les-disparites-urbaines-et-rurales-en-rdc\/\" \/>\n<meta property=\"og:site_name\" content=\"Bureau Central de Coordination\" \/>\n<meta property=\"article:publisher\" content=\"https:\/\/www.facebook.com\/BCeCoRDC\" \/>\n<meta property=\"article:published_time\" content=\"2024-07-30T17:26:20+00:00\" \/>\n<meta property=\"article:modified_time\" content=\"2025-12-23T16:19:48+00:00\" \/>\n<meta property=\"og:image\" content=\"https:\/\/ikar.dev\/bceco-v2\/wp-content\/uploads\/2023\/10\/PDL-145T_-LE-BCECO-REMET-OFFICIELLEMENT-LA-PREMIERE-ECOLE-AU-PRESIDENT-DE-LA-REPUBLIQUE-8.jpg\" \/>\n\t<meta property=\"og:image:width\" content=\"1500\" \/>\n\t<meta property=\"og:image:height\" content=\"1000\" \/>\n\t<meta property=\"og:image:type\" content=\"image\/jpeg\" \/>\n<meta name=\"author\" content=\"bceco\" \/>\n<meta name=\"twitter:card\" content=\"summary_large_image\" \/>\n<meta name=\"twitter:creator\" content=\"@BCeCoRDC\" \/>\n<meta name=\"twitter:site\" content=\"@BCeCoRDC\" \/>\n<meta name=\"twitter:label1\" content=\"Written by\" \/>\n\t<meta name=\"twitter:data1\" content=\"bceco\" \/>\n\t<meta name=\"twitter:label2\" content=\"Est. reading time\" \/>\n\t<meta name=\"twitter:data2\" content=\"2 minutes\" \/>\n<script type=\"application\/ld+json\" class=\"yoast-schema-graph\">{\"@context\":\"https:\/\/schema.org\",\"@graph\":[{\"@type\":\"Article\",\"@id\":\"https:\/\/ikar.dev\/bceco-v2\/pdl-145t-un-projet-ambitieux-pour-reduire-les-disparites-urbaines-et-rurales-en-rdc\/#article\",\"isPartOf\":{\"@id\":\"https:\/\/ikar.dev\/bceco-v2\/pdl-145t-un-projet-ambitieux-pour-reduire-les-disparites-urbaines-et-rurales-en-rdc\/\"},\"author\":{\"name\":\"bceco\",\"@id\":\"https:\/\/ikar.dev\/bceco-v2\/#\/schema\/person\/6ee74807ffb016a78852fec6a295d503\"},\"headline\":\"PDL- 145T : Un Projet Ambitieux pour R\u00e9duire les Disparit\u00e9s Urbaines et Rurales en RDC\",\"datePublished\":\"2024-07-30T17:26:20+00:00\",\"dateModified\":\"2025-12-23T16:19:48+00:00\",\"mainEntityOfPage\":{\"@id\":\"https:\/\/ikar.dev\/bceco-v2\/pdl-145t-un-projet-ambitieux-pour-reduire-les-disparites-urbaines-et-rurales-en-rdc\/\"},\"wordCount\":373,\"commentCount\":0,\"publisher\":{\"@id\":\"https:\/\/ikar.dev\/bceco-v2\/#organization\"},\"image\":{\"@id\":\"https:\/\/ikar.dev\/bceco-v2\/pdl-145t-un-projet-ambitieux-pour-reduire-les-disparites-urbaines-et-rurales-en-rdc\/#primaryimage\"},\"thumbnailUrl\":\"https:\/\/ikar.dev\/bceco-v2\/wp-content\/uploads\/2023\/10\/PDL-145T_-LE-BCECO-REMET-OFFICIELLEMENT-LA-PREMIERE-ECOLE-AU-PRESIDENT-DE-LA-REPUBLIQUE-8.jpg\",\"articleSection\":[\"Actualit\u00e9s\",\"PDL145T\"],\"inLanguage\":\"en-US\",\"potentialAction\":[{\"@type\":\"CommentAction\",\"name\":\"Comment\",\"target\":[\"https:\/\/ikar.dev\/bceco-v2\/pdl-145t-un-projet-ambitieux-pour-reduire-les-disparites-urbaines-et-rurales-en-rdc\/#respond\"]}]},{\"@type\":\"WebPage\",\"@id\":\"https:\/\/ikar.dev\/bceco-v2\/pdl-145t-un-projet-ambitieux-pour-reduire-les-disparites-urbaines-et-rurales-en-rdc\/\",\"url\":\"https:\/\/ikar.dev\/bceco-v2\/pdl-145t-un-projet-ambitieux-pour-reduire-les-disparites-urbaines-et-rurales-en-rdc\/\",\"name\":\"PDL- 145T : Un Projet Ambitieux pour R\u00e9duire les Disparit\u00e9s Urbaines et Rurales en RDC - Bureau Central de Coordination\",\"isPartOf\":{\"@id\":\"https:\/\/ikar.dev\/bceco-v2\/#website\"},\"primaryImageOfPage\":{\"@id\":\"https:\/\/ikar.dev\/bceco-v2\/pdl-145t-un-projet-ambitieux-pour-reduire-les-disparites-urbaines-et-rurales-en-rdc\/#primaryimage\"},\"image\":{\"@id\":\"https:\/\/ikar.dev\/bceco-v2\/pdl-145t-un-projet-ambitieux-pour-reduire-les-disparites-urbaines-et-rurales-en-rdc\/#primaryimage\"},\"thumbnailUrl\":\"https:\/\/ikar.dev\/bceco-v2\/wp-content\/uploads\/2023\/10\/PDL-145T_-LE-BCECO-REMET-OFFICIELLEMENT-LA-PREMIERE-ECOLE-AU-PRESIDENT-DE-LA-REPUBLIQUE-8.jpg\",\"datePublished\":\"2024-07-30T17:26:20+00:00\",\"dateModified\":\"2025-12-23T16:19:48+00:00\",\"description\":\"Le Programme de D\u00e9veloppement Local de 145 territoires, cet ambitieux projet du Chef de l'\u00c9tat F\u00e9lix Antoine Tshisekedi Tshilombo visant \u00e0 r\u00e9duire les disparit\u00e9s entre les milieux urbains et ruraux, se poursuit sans rel\u00e2che. Le Bureau Central de Coordination (BCECO) propose une mise en \u0153uvre en trois \u00e9tapes : la gen\u00e8se, les difficult\u00e9s et contraintes, et enfin quelques r\u00e9alisations en collaboration avec les ALE et PME.\",\"breadcrumb\":{\"@id\":\"https:\/\/ikar.dev\/bceco-v2\/pdl-145t-un-projet-ambitieux-pour-reduire-les-disparites-urbaines-et-rurales-en-rdc\/#breadcrumb\"},\"inLanguage\":\"en-US\",\"potentialAction\":[{\"@type\":\"ReadAction\",\"target\":[\"https:\/\/ikar.dev\/bceco-v2\/pdl-145t-un-projet-ambitieux-pour-reduire-les-disparites-urbaines-et-rurales-en-rdc\/\"]}]},{\"@type\":\"ImageObject\",\"inLanguage\":\"en-US\",\"@id\":\"https:\/\/ikar.dev\/bceco-v2\/pdl-145t-un-projet-ambitieux-pour-reduire-les-disparites-urbaines-et-rurales-en-rdc\/#primaryimage\",\"url\":\"https:\/\/ikar.dev\/bceco-v2\/wp-content\/uploads\/2023\/10\/PDL-145T_-LE-BCECO-REMET-OFFICIELLEMENT-LA-PREMIERE-ECOLE-AU-PRESIDENT-DE-LA-REPUBLIQUE-8.jpg\",\"contentUrl\":\"https:\/\/ikar.dev\/bceco-v2\/wp-content\/uploads\/2023\/10\/PDL-145T_-LE-BCECO-REMET-OFFICIELLEMENT-LA-PREMIERE-ECOLE-AU-PRESIDENT-DE-LA-REPUBLIQUE-8.jpg\",\"width\":1500,\"height\":1000},{\"@type\":\"BreadcrumbList\",\"@id\":\"https:\/\/ikar.dev\/bceco-v2\/pdl-145t-un-projet-ambitieux-pour-reduire-les-disparites-urbaines-et-rurales-en-rdc\/#breadcrumb\",\"itemListElement\":[{\"@type\":\"ListItem\",\"position\":1,\"name\":\"Accueil\",\"item\":\"https:\/\/ikar.dev\/bceco-v2\/\"},{\"@type\":\"ListItem\",\"position\":2,\"name\":\"PDL- 145T : Un Projet Ambitieux pour R\u00e9duire les Disparit\u00e9s Urbaines et Rurales en RDC\"}]},{\"@type\":\"WebSite\",\"@id\":\"https:\/\/ikar.dev\/bceco-v2\/#website\",\"url\":\"https:\/\/ikar.dev\/bceco-v2\/\",\"name\":\"Bureau Central de Coordination\",\"description\":\"B.Ce.Co \u2013 Au c\u0153ur de l\u2019ex\u00e9cution des projets de d\u00e9veloppement en RDC\",\"publisher\":{\"@id\":\"https:\/\/ikar.dev\/bceco-v2\/#organization\"},\"potentialAction\":[{\"@type\":\"SearchAction\",\"target\":{\"@type\":\"EntryPoint\",\"urlTemplate\":\"https:\/\/ikar.dev\/bceco-v2\/?s={search_term_string}\"},\"query-input\":{\"@type\":\"PropertyValueSpecification\",\"valueRequired\":true,\"valueName\":\"search_term_string\"}}],\"inLanguage\":\"en-US\"},{\"@type\":\"Organization\",\"@id\":\"https:\/\/ikar.dev\/bceco-v2\/#organization\",\"name\":\"Bureau Central de Coordination\",\"url\":\"https:\/\/ikar.dev\/bceco-v2\/\",\"logo\":{\"@type\":\"ImageObject\",\"inLanguage\":\"en-US\",\"@id\":\"https:\/\/ikar.dev\/bceco-v2\/#\/schema\/logo\/image\/\",\"url\":\"https:\/\/ikar.dev\/bceco-v2\/wp-content\/uploads\/2025\/12\/BCECO-Bureau-Central-de-Coordination.jpg\",\"contentUrl\":\"https:\/\/ikar.dev\/bceco-v2\/wp-content\/uploads\/2025\/12\/BCECO-Bureau-Central-de-Coordination.jpg\",\"width\":2048,\"height\":2048,\"caption\":\"Bureau Central de Coordination\"},\"image\":{\"@id\":\"https:\/\/ikar.dev\/bceco-v2\/#\/schema\/logo\/image\/\"},\"sameAs\":[\"https:\/\/www.facebook.com\/BCeCoRDC\",\"https:\/\/x.com\/BCeCoRDC\"]},{\"@type\":\"Person\",\"@id\":\"https:\/\/ikar.dev\/bceco-v2\/#\/schema\/person\/6ee74807ffb016a78852fec6a295d503\",\"name\":\"bceco\",\"image\":{\"@type\":\"ImageObject\",\"inLanguage\":\"en-US\",\"@id\":\"https:\/\/ikar.dev\/bceco-v2\/#\/schema\/person\/image\/\",\"url\":\"https:\/\/secure.gravatar.com\/avatar\/55c07e1707f50774ef3c842c9d074773a6b558a20fbd1608c8e4871bc88f3455?s=96&d=mm&r=g\",\"contentUrl\":\"https:\/\/secure.gravatar.com\/avatar\/55c07e1707f50774ef3c842c9d074773a6b558a20fbd1608c8e4871bc88f3455?s=96&d=mm&r=g\",\"caption\":\"bceco\"},\"sameAs\":[\"https:\/\/ikar.dev\/bceco-v2\"],\"url\":\"https:\/\/ikar.dev\/bceco-v2\/author\/bceco\/\"}]}<\/script>\n<!-- \/ Yoast SEO plugin. -->","yoast_head_json":{"title":"PDL- 145T : Un Projet Ambitieux pour R\u00e9duire les Disparit\u00e9s Urbaines et Rurales en RDC - Bureau Central de Coordination","description":"Le Programme de D\u00e9veloppement Local de 145 territoires, cet ambitieux projet du Chef de l'\u00c9tat F\u00e9lix Antoine Tshisekedi Tshilombo visant \u00e0 r\u00e9duire les disparit\u00e9s entre les milieux urbains et ruraux, se poursuit sans rel\u00e2che. Le Bureau Central de Coordination (BCECO) propose une mise en \u0153uvre en trois \u00e9tapes : la gen\u00e8se, les difficult\u00e9s et contraintes, et enfin quelques r\u00e9alisations en collaboration avec les ALE et PME.","robots":{"index":"index","follow":"follow","max-snippet":"max-snippet:-1","max-image-preview":"max-image-preview:large","max-video-preview":"max-video-preview:-1"},"canonical":"https:\/\/ikar.dev\/bceco-v2\/pdl-145t-un-projet-ambitieux-pour-reduire-les-disparites-urbaines-et-rurales-en-rdc\/","og_locale":"en_US","og_type":"article","og_title":"PDL- 145T : Un Projet Ambitieux pour R\u00e9duire les Disparit\u00e9s Urbaines et Rurales en RDC - Bureau Central de Coordination","og_description":"Le Programme de D\u00e9veloppement Local de 145 territoires, cet ambitieux projet du Chef de l'\u00c9tat F\u00e9lix Antoine Tshisekedi Tshilombo visant \u00e0 r\u00e9duire les disparit\u00e9s entre les milieux urbains et ruraux, se poursuit sans rel\u00e2che. Le Bureau Central de Coordination (BCECO) propose une mise en \u0153uvre en trois \u00e9tapes : la gen\u00e8se, les difficult\u00e9s et contraintes, et enfin quelques r\u00e9alisations en collaboration avec les ALE et PME.","og_url":"https:\/\/ikar.dev\/bceco-v2\/pdl-145t-un-projet-ambitieux-pour-reduire-les-disparites-urbaines-et-rurales-en-rdc\/","og_site_name":"Bureau Central de Coordination","article_publisher":"https:\/\/www.facebook.com\/BCeCoRDC","article_published_time":"2024-07-30T17:26:20+00:00","article_modified_time":"2025-12-23T16:19:48+00:00","og_image":[{"width":1500,"height":1000,"url":"https:\/\/ikar.dev\/bceco-v2\/wp-content\/uploads\/2023\/10\/PDL-145T_-LE-BCECO-REMET-OFFICIELLEMENT-LA-PREMIERE-ECOLE-AU-PRESIDENT-DE-LA-REPUBLIQUE-8.jpg","type":"image\/jpeg"}],"author":"bceco","twitter_card":"summary_large_image","twitter_creator":"@BCeCoRDC","twitter_site":"@BCeCoRDC","twitter_misc":{"Written by":"bceco","Est. reading time":"2 minutes"},"schema":{"@context":"https:\/\/schema.org","@graph":[{"@type":"Article","@id":"https:\/\/ikar.dev\/bceco-v2\/pdl-145t-un-projet-ambitieux-pour-reduire-les-disparites-urbaines-et-rurales-en-rdc\/#article","isPartOf":{"@id":"https:\/\/ikar.dev\/bceco-v2\/pdl-145t-un-projet-ambitieux-pour-reduire-les-disparites-urbaines-et-rurales-en-rdc\/"},"author":{"name":"bceco","@id":"https:\/\/ikar.dev\/bceco-v2\/#\/schema\/person\/6ee74807ffb016a78852fec6a295d503"},"headline":"PDL- 145T : Un Projet Ambitieux pour R\u00e9duire les Disparit\u00e9s Urbaines et Rurales en RDC","datePublished":"2024-07-30T17:26:20+00:00","dateModified":"2025-12-23T16:19:48+00:00","mainEntityOfPage":{"@id":"https:\/\/ikar.dev\/bceco-v2\/pdl-145t-un-projet-ambitieux-pour-reduire-les-disparites-urbaines-et-rurales-en-rdc\/"},"wordCount":373,"commentCount":0,"publisher":{"@id":"https:\/\/ikar.dev\/bceco-v2\/#organization"},"image":{"@id":"https:\/\/ikar.dev\/bceco-v2\/pdl-145t-un-projet-ambitieux-pour-reduire-les-disparites-urbaines-et-rurales-en-rdc\/#primaryimage"},"thumbnailUrl":"https:\/\/ikar.dev\/bceco-v2\/wp-content\/uploads\/2023\/10\/PDL-145T_-LE-BCECO-REMET-OFFICIELLEMENT-LA-PREMIERE-ECOLE-AU-PRESIDENT-DE-LA-REPUBLIQUE-8.jpg","articleSection":["Actualit\u00e9s","PDL145T"],"inLanguage":"en-US","potentialAction":[{"@type":"CommentAction","name":"Comment","target":["https:\/\/ikar.dev\/bceco-v2\/pdl-145t-un-projet-ambitieux-pour-reduire-les-disparites-urbaines-et-rurales-en-rdc\/#respond"]}]},{"@type":"WebPage","@id":"https:\/\/ikar.dev\/bceco-v2\/pdl-145t-un-projet-ambitieux-pour-reduire-les-disparites-urbaines-et-rurales-en-rdc\/","url":"https:\/\/ikar.dev\/bceco-v2\/pdl-145t-un-projet-ambitieux-pour-reduire-les-disparites-urbaines-et-rurales-en-rdc\/","name":"PDL- 145T : Un Projet Ambitieux pour R\u00e9duire les Disparit\u00e9s Urbaines et Rurales en RDC - Bureau Central de Coordination","isPartOf":{"@id":"https:\/\/ikar.dev\/bceco-v2\/#website"},"primaryImageOfPage":{"@id":"https:\/\/ikar.dev\/bceco-v2\/pdl-145t-un-projet-ambitieux-pour-reduire-les-disparites-urbaines-et-rurales-en-rdc\/#primaryimage"},"image":{"@id":"https:\/\/ikar.dev\/bceco-v2\/pdl-145t-un-projet-ambitieux-pour-reduire-les-disparites-urbaines-et-rurales-en-rdc\/#primaryimage"},"thumbnailUrl":"https:\/\/ikar.dev\/bceco-v2\/wp-content\/uploads\/2023\/10\/PDL-145T_-LE-BCECO-REMET-OFFICIELLEMENT-LA-PREMIERE-ECOLE-AU-PRESIDENT-DE-LA-REPUBLIQUE-8.jpg","datePublished":"2024-07-30T17:26:20+00:00","dateModified":"2025-12-23T16:19:48+00:00","description":"Le Programme de D\u00e9veloppement Local de 145 territoires, cet ambitieux projet du Chef de l'\u00c9tat F\u00e9lix Antoine Tshisekedi Tshilombo visant \u00e0 r\u00e9duire les disparit\u00e9s entre les milieux urbains et ruraux, se poursuit sans rel\u00e2che. Le Bureau Central de Coordination (BCECO) propose une mise en \u0153uvre en trois \u00e9tapes : la gen\u00e8se, les difficult\u00e9s et contraintes, et enfin quelques r\u00e9alisations en collaboration avec les ALE et PME.","breadcrumb":{"@id":"https:\/\/ikar.dev\/bceco-v2\/pdl-145t-un-projet-ambitieux-pour-reduire-les-disparites-urbaines-et-rurales-en-rdc\/#breadcrumb"},"inLanguage":"en-US","potentialAction":[{"@type":"ReadAction","target":["https:\/\/ikar.dev\/bceco-v2\/pdl-145t-un-projet-ambitieux-pour-reduire-les-disparites-urbaines-et-rurales-en-rdc\/"]}]},{"@type":"ImageObject","inLanguage":"en-US","@id":"https:\/\/ikar.dev\/bceco-v2\/pdl-145t-un-projet-ambitieux-pour-reduire-les-disparites-urbaines-et-rurales-en-rdc\/#primaryimage","url":"https:\/\/ikar.dev\/bceco-v2\/wp-content\/uploads\/2023\/10\/PDL-145T_-LE-BCECO-REMET-OFFICIELLEMENT-LA-PREMIERE-ECOLE-AU-PRESIDENT-DE-LA-REPUBLIQUE-8.jpg","contentUrl":"https:\/\/ikar.dev\/bceco-v2\/wp-content\/uploads\/2023\/10\/PDL-145T_-LE-BCECO-REMET-OFFICIELLEMENT-LA-PREMIERE-ECOLE-AU-PRESIDENT-DE-LA-REPUBLIQUE-8.jpg","width":1500,"height":1000},{"@type":"BreadcrumbList","@id":"https:\/\/ikar.dev\/bceco-v2\/pdl-145t-un-projet-ambitieux-pour-reduire-les-disparites-urbaines-et-rurales-en-rdc\/#breadcrumb","itemListElement":[{"@type":"ListItem","position":1,"name":"Accueil","item":"https:\/\/ikar.dev\/bceco-v2\/"},{"@type":"ListItem","position":2,"name":"PDL- 145T : Un Projet Ambitieux pour R\u00e9duire les Disparit\u00e9s Urbaines et Rurales en RDC"}]},{"@type":"WebSite","@id":"https:\/\/ikar.dev\/bceco-v2\/#website","url":"https:\/\/ikar.dev\/bceco-v2\/","name":"Bureau Central de Coordination","description":"B.Ce.Co \u2013 Au c\u0153ur de l\u2019ex\u00e9cution des projets de d\u00e9veloppement en RDC","publisher":{"@id":"https:\/\/ikar.dev\/bceco-v2\/#organization"},"potentialAction":[{"@type":"SearchAction","target":{"@type":"EntryPoint","urlTemplate":"https:\/\/ikar.dev\/bceco-v2\/?s={search_term_string}"},"query-input":{"@type":"PropertyValueSpecification","valueRequired":true,"valueName":"search_term_string"}}],"inLanguage":"en-US"},{"@type":"Organization","@id":"https:\/\/ikar.dev\/bceco-v2\/#organization","name":"Bureau Central de Coordination","url":"https:\/\/ikar.dev\/bceco-v2\/","logo":{"@type":"ImageObject","inLanguage":"en-US","@id":"https:\/\/ikar.dev\/bceco-v2\/#\/schema\/logo\/image\/","url":"https:\/\/ikar.dev\/bceco-v2\/wp-content\/uploads\/2025\/12\/BCECO-Bureau-Central-de-Coordination.jpg","contentUrl":"https:\/\/ikar.dev\/bceco-v2\/wp-content\/uploads\/2025\/12\/BCECO-Bureau-Central-de-Coordination.jpg","width":2048,"height":2048,"caption":"Bureau Central de Coordination"},"image":{"@id":"https:\/\/ikar.dev\/bceco-v2\/#\/schema\/logo\/image\/"},"sameAs":["https:\/\/www.facebook.com\/BCeCoRDC","https:\/\/x.com\/BCeCoRDC"]},{"@type":"Person","@id":"https:\/\/ikar.dev\/bceco-v2\/#\/schema\/person\/6ee74807ffb016a78852fec6a295d503","name":"bceco","image":{"@type":"ImageObject","inLanguage":"en-US","@id":"https:\/\/ikar.dev\/bceco-v2\/#\/schema\/person\/image\/","url":"https:\/\/secure.gravatar.com\/avatar\/55c07e1707f50774ef3c842c9d074773a6b558a20fbd1608c8e4871bc88f3455?s=96&d=mm&r=g","contentUrl":"https:\/\/secure.gravatar.com\/avatar\/55c07e1707f50774ef3c842c9d074773a6b558a20fbd1608c8e4871bc88f3455?s=96&d=mm&r=g","caption":"bceco"},"sameAs":["https:\/\/ikar.dev\/bceco-v2"],"url":"https:\/\/ikar.dev\/bceco-v2\/author\/bceco\/"}]}},"_links":{"self":[{"href":"https:\/\/ikar.dev\/bceco-v2\/wp-json\/wp\/v2\/posts\/40232","targetHints":{"allow":["GET"]}}],"collection":[{"href":"https:\/\/ikar.dev\/bceco-v2\/wp-json\/wp\/v2\/posts"}],"about":[{"href":"https:\/\/ikar.dev\/bceco-v2\/wp-json\/wp\/v2\/types\/post"}],"author":[{"embeddable":true,"href":"https:\/\/ikar.dev\/bceco-v2\/wp-json\/wp\/v2\/users\/1"}],"replies":[{"embeddable":true,"href":"https:\/\/ikar.dev\/bceco-v2\/wp-json\/wp\/v2\/comments?post=40232"}],"version-history":[{"count":1,"href":"https:\/\/ikar.dev\/bceco-v2\/wp-json\/wp\/v2\/posts\/40232\/revisions"}],"predecessor-version":[{"id":56319,"href":"https:\/\/ikar.dev\/bceco-v2\/wp-json\/wp\/v2\/posts\/40232\/revisions\/56319"}],"wp:featuredmedia":[{"embeddable":true,"href":"https:\/\/ikar.dev\/bceco-v2\/wp-json\/wp\/v2\/media\/30820"}],"wp:attachment":[{"href":"https:\/\/ikar.dev\/bceco-v2\/wp-json\/wp\/v2\/media?parent=40232"}],"wp:term":[{"taxonomy":"category","embeddable":true,"href":"https:\/\/ikar.dev\/bceco-v2\/wp-json\/wp\/v2\/categories?post=40232"},{"taxonomy":"post_tag","embeddable":true,"href":"https:\/\/ikar.dev\/bceco-v2\/wp-json\/wp\/v2\/tags?post=40232"}],"curies":[{"name":"wp","href":"https:\/\/api.w.org\/{rel}","templated":true}]}}