{"id":39975,"date":"2024-07-20T12:40:00","date_gmt":"2024-07-20T12:40:00","guid":{"rendered":"https:\/\/bceco.cd\/?p=39975"},"modified":"2025-12-23T17:19:36","modified_gmt":"2025-12-23T16:19:36","slug":"evolution-du-protocole-daccord-entre-le-bceco-et-la-province-de-la-tshopo-jean-mabi-mulumba-fait-le-deplacement-de-kisangani","status":"publish","type":"post","link":"https:\/\/ikar.dev\/bceco-v2\/evolution-du-protocole-daccord-entre-le-bceco-et-la-province-de-la-tshopo-jean-mabi-mulumba-fait-le-deplacement-de-kisangani\/","title":{"rendered":"\u00c9volution du protocole d&#8217;accord entre le BCECO et la province de la tshopo : Jean Mabi Mulumba fait le d\u00e9placement de Kisangani !"},"content":{"rendered":"<p style=\"text-align: justify;\">Kisangani, chef lieu de la province de la tshopo a accueilli du 7 au 12 juillet 2024 ,le directeur g\u00e9n\u00e9ral du bureau central de coordination Jean Mabi Mulumba venu rencontrer les autorit\u00e9s provinciales afin de faire le point sur le protocole d&#8217;accord sign\u00e9 entre le BCECO et l&#8217;ex gouverneure Madeleine nikomba.<\/p>\n<p style=\"text-align: justify;\">Apr\u00e8s civilit\u00e9s le num\u00e9ro un du bceco s&#8217;est entrenu le lundi 8 juillet au Gouvernorat de province avec le premier de tous les boyomais Paulin Lendongolia Lebabonga.<\/p>\n<p style=\"text-align: justify;\">Au menu de leur entretien le protocole d&#8217;accord sur la r\u00e9habilitation de 30kms de la voirie urbaine dans la ville de Kisangani et 30,5 kms dans les p\u00e9riph\u00e9ries de cette derni\u00e8re. Et sur demande du nouveau locataire de la province, 30 autres kms de route dans le chef- lieu seront ajout\u00e9s \u00e0 ce protocole.<\/p>\n<p style=\"text-align: justify;\">Durant son s\u00e9jour , le num\u00e9ro un de l&#8217;agence gouvernementale a encha\u00een\u00e9 r\u00e9union apr\u00e8s r\u00e9union afin de discuter avec tous les responsables impliqu\u00e9s dans la mat\u00e9rialisation de ce projet, notamment l&#8217;Office de voiries et drainages (OVD) , son directeur provincial l&#8217;ing\u00e9nieur Sother Kibomi a \u00e9voqu\u00e9 l&#8217;aspect de l&#8217;identification des axes d\u00e9j\u00e0 retenus, et ceux \u00e0 rajouter afin d&#8217;\u00e9viter le d\u00e9doublement des axes.<\/p>\n<p style=\"text-align: justify;\">Selon le directeur provincial de la direction provinciale de contr\u00f4le des march\u00e9s publics DPCMP qui intervient aussi dans le processus de passation des march\u00e9s, toute la proc\u00e9dure se fera dans les normes et lois en vigueur en R\u00e9publique D\u00e9mocratique du Congo<\/p>\n<p style=\"text-align: justify;\">Un autre acteur dans ce projet est la f\u00e9d\u00e9ration des entreprises du Congo (FEC), apr\u00e8s \u00e9changes entre sa direction provinciale et l&#8217;\u00e9quipe du Bceco,un renforcement des capacit\u00e9s de ses membres s&#8217;impose pour permettre \u00e0 ceux -ci de comp\u00e9tir et gagner des offres une fois lanc\u00e9es.<\/p>\n<p style=\"text-align: justify;\">Somme toute, jean Mabi Mulumba a eu des \u00e9changes tr\u00e8s fructueux, ainsi il a boucl\u00e9 sa mission en faisant un rapport au gouverneur sur toutes les activit\u00e9s men\u00e9es sur terrain, ce dernier tr\u00e8s content a promis son accompagnement sans condition en vue d&#8217;une concr\u00e9tisation rapide de ce projet ceci pour le bien de sa population.<\/p>\n\n\n<figure class=\"wp-block-embed is-type-video is-provider-youtube wp-block-embed-youtube wp-embed-aspect-16-9 wp-has-aspect-ratio\"><div class=\"wp-block-embed__wrapper\">\n<iframe title=\"RDC | MISSION DE TRAVAIL DU DIRECTEUR GENERAL DU BCECO A KISANGANI\/TSHOPO\" width=\"500\" height=\"281\" src=\"https:\/\/www.youtube.com\/embed\/798o0nOoXFE?feature=oembed\" frameborder=\"0\" allow=\"accelerometer; autoplay; clipboard-write; encrypted-media; gyroscope; picture-in-picture; web-share\" referrerpolicy=\"strict-origin-when-cross-origin\" allowfullscreen><\/iframe>\n<\/div><figcaption class=\"wp-element-caption\"><a href=\"https:\/\/www.youtube.com\/watch?v=798o0nOoXFE\" target=\"_blank\" rel=\"noreferrer noopener\">MISSION DE TRAVAIL DU DIRECTEUR GENERAL DU BCECO A KISANGANI\/TSHOPO<\/a><\/figcaption><\/figure>\n","protected":false},"excerpt":{"rendered":"<p>Kisangani, chef lieu de la province de la tshopo a accueilli du 7 au 12 juillet 2024 ,le directeur g\u00e9n\u00e9ral du bureau central de coordination Jean Mabi Mulumba venu rencontrer les autorit\u00e9s provinciales afin de faire le point sur le protocole d&#8217;accord sign\u00e9 entre le BCECO et l&#8217;ex gouverneure Madeleine nikomba. Apr\u00e8s civilit\u00e9s le num\u00e9ro<\/p>\n","protected":false},"author":1,"featured_media":39983,"comment_status":"open","ping_status":"open","sticky":false,"template":"","format":"standard","meta":{"footnotes":""},"categories":[69],"tags":[],"class_list":["post-39975","post","type-post","status-publish","format-standard","has-post-thumbnail","hentry","category-actualites"],"yoast_head":"<!-- This site is optimized with the Yoast SEO plugin v26.9 - https:\/\/yoast.com\/product\/yoast-seo-wordpress\/ -->\n<title>\u00c9volution du protocole d&#039;accord entre le BCECO et la province de la tshopo : Jean Mabi Mulumba fait le d\u00e9placement de Kisangani ! - Bureau Central de Coordination<\/title>\n<meta name=\"description\" content=\"Kisangani, chef lieu de la province de la tshopo a accueilli du 7 au 12 juillet 2024 ,le directeur g\u00e9n\u00e9ral du bureau central de coordination Jean Mabi Mulumba venu rencontrer les autorit\u00e9s provinciales afin de faire le point sur le protocole d&#039;accord sign\u00e9 entre le BCECO et l&#039;ex gouverneure Madeleine nikomba.\" \/>\n<meta name=\"robots\" content=\"index, follow, max-snippet:-1, max-image-preview:large, max-video-preview:-1\" \/>\n<link rel=\"canonical\" href=\"https:\/\/ikar.dev\/bceco-v2\/evolution-du-protocole-daccord-entre-le-bceco-et-la-province-de-la-tshopo-jean-mabi-mulumba-fait-le-deplacement-de-kisangani\/\" \/>\n<meta property=\"og:locale\" content=\"en_US\" \/>\n<meta property=\"og:type\" content=\"article\" \/>\n<meta property=\"og:title\" content=\"\u00c9volution du protocole d&#039;accord entre le BCECO et la province de la tshopo : Jean Mabi Mulumba fait le d\u00e9placement de Kisangani ! - Bureau Central de Coordination\" \/>\n<meta property=\"og:description\" content=\"Kisangani, chef lieu de la province de la tshopo a accueilli du 7 au 12 juillet 2024 ,le directeur g\u00e9n\u00e9ral du bureau central de coordination Jean Mabi Mulumba venu rencontrer les autorit\u00e9s provinciales afin de faire le point sur le protocole d&#039;accord sign\u00e9 entre le BCECO et l&#039;ex gouverneure Madeleine nikomba.\" \/>\n<meta property=\"og:url\" content=\"https:\/\/ikar.dev\/bceco-v2\/evolution-du-protocole-daccord-entre-le-bceco-et-la-province-de-la-tshopo-jean-mabi-mulumba-fait-le-deplacement-de-kisangani\/\" \/>\n<meta property=\"og:site_name\" content=\"Bureau Central de Coordination\" \/>\n<meta property=\"article:publisher\" content=\"https:\/\/www.facebook.com\/BCeCoRDC\" \/>\n<meta property=\"article:published_time\" content=\"2024-07-20T12:40:00+00:00\" \/>\n<meta property=\"article:modified_time\" content=\"2025-12-23T16:19:36+00:00\" \/>\n<meta property=\"og:image\" content=\"https:\/\/ikar.dev\/bceco-v2\/wp-content\/uploads\/2024\/07\/Evolution-du-protocole-daccord-entre-le-BCECO-et-la-province-de-la-tshopo-Jean-Mabi-Mulumba-fait-le-deplacement-de-Kisangani-1.jpg\" \/>\n\t<meta property=\"og:image:width\" content=\"1778\" \/>\n\t<meta property=\"og:image:height\" content=\"1000\" \/>\n\t<meta property=\"og:image:type\" content=\"image\/jpeg\" \/>\n<meta name=\"author\" content=\"bceco\" \/>\n<meta name=\"twitter:card\" content=\"summary_large_image\" \/>\n<meta name=\"twitter:creator\" content=\"@BCeCoRDC\" \/>\n<meta name=\"twitter:site\" content=\"@BCeCoRDC\" \/>\n<meta name=\"twitter:label1\" content=\"Written by\" \/>\n\t<meta name=\"twitter:data1\" content=\"bceco\" \/>\n\t<meta name=\"twitter:label2\" content=\"Est. reading time\" \/>\n\t<meta name=\"twitter:data2\" content=\"2 minutes\" \/>\n<script type=\"application\/ld+json\" class=\"yoast-schema-graph\">{\"@context\":\"https:\/\/schema.org\",\"@graph\":[{\"@type\":\"Article\",\"@id\":\"https:\/\/ikar.dev\/bceco-v2\/evolution-du-protocole-daccord-entre-le-bceco-et-la-province-de-la-tshopo-jean-mabi-mulumba-fait-le-deplacement-de-kisangani\/#article\",\"isPartOf\":{\"@id\":\"https:\/\/ikar.dev\/bceco-v2\/evolution-du-protocole-daccord-entre-le-bceco-et-la-province-de-la-tshopo-jean-mabi-mulumba-fait-le-deplacement-de-kisangani\/\"},\"author\":{\"name\":\"bceco\",\"@id\":\"https:\/\/ikar.dev\/bceco-v2\/#\/schema\/person\/6ee74807ffb016a78852fec6a295d503\"},\"headline\":\"\u00c9volution du protocole d&#8217;accord entre le BCECO et la province de la tshopo : Jean Mabi Mulumba fait le d\u00e9placement de Kisangani !\",\"datePublished\":\"2024-07-20T12:40:00+00:00\",\"dateModified\":\"2025-12-23T16:19:36+00:00\",\"mainEntityOfPage\":{\"@id\":\"https:\/\/ikar.dev\/bceco-v2\/evolution-du-protocole-daccord-entre-le-bceco-et-la-province-de-la-tshopo-jean-mabi-mulumba-fait-le-deplacement-de-kisangani\/\"},\"wordCount\":416,\"commentCount\":0,\"publisher\":{\"@id\":\"https:\/\/ikar.dev\/bceco-v2\/#organization\"},\"image\":{\"@id\":\"https:\/\/ikar.dev\/bceco-v2\/evolution-du-protocole-daccord-entre-le-bceco-et-la-province-de-la-tshopo-jean-mabi-mulumba-fait-le-deplacement-de-kisangani\/#primaryimage\"},\"thumbnailUrl\":\"https:\/\/ikar.dev\/bceco-v2\/wp-content\/uploads\/2024\/07\/Evolution-du-protocole-daccord-entre-le-BCECO-et-la-province-de-la-tshopo-Jean-Mabi-Mulumba-fait-le-deplacement-de-Kisangani-1.jpg\",\"articleSection\":[\"Actualit\u00e9s\"],\"inLanguage\":\"en-US\",\"potentialAction\":[{\"@type\":\"CommentAction\",\"name\":\"Comment\",\"target\":[\"https:\/\/ikar.dev\/bceco-v2\/evolution-du-protocole-daccord-entre-le-bceco-et-la-province-de-la-tshopo-jean-mabi-mulumba-fait-le-deplacement-de-kisangani\/#respond\"]}]},{\"@type\":\"WebPage\",\"@id\":\"https:\/\/ikar.dev\/bceco-v2\/evolution-du-protocole-daccord-entre-le-bceco-et-la-province-de-la-tshopo-jean-mabi-mulumba-fait-le-deplacement-de-kisangani\/\",\"url\":\"https:\/\/ikar.dev\/bceco-v2\/evolution-du-protocole-daccord-entre-le-bceco-et-la-province-de-la-tshopo-jean-mabi-mulumba-fait-le-deplacement-de-kisangani\/\",\"name\":\"\u00c9volution du protocole d'accord entre le BCECO et la province de la tshopo : Jean Mabi Mulumba fait le d\u00e9placement de Kisangani ! - Bureau Central de Coordination\",\"isPartOf\":{\"@id\":\"https:\/\/ikar.dev\/bceco-v2\/#website\"},\"primaryImageOfPage\":{\"@id\":\"https:\/\/ikar.dev\/bceco-v2\/evolution-du-protocole-daccord-entre-le-bceco-et-la-province-de-la-tshopo-jean-mabi-mulumba-fait-le-deplacement-de-kisangani\/#primaryimage\"},\"image\":{\"@id\":\"https:\/\/ikar.dev\/bceco-v2\/evolution-du-protocole-daccord-entre-le-bceco-et-la-province-de-la-tshopo-jean-mabi-mulumba-fait-le-deplacement-de-kisangani\/#primaryimage\"},\"thumbnailUrl\":\"https:\/\/ikar.dev\/bceco-v2\/wp-content\/uploads\/2024\/07\/Evolution-du-protocole-daccord-entre-le-BCECO-et-la-province-de-la-tshopo-Jean-Mabi-Mulumba-fait-le-deplacement-de-Kisangani-1.jpg\",\"datePublished\":\"2024-07-20T12:40:00+00:00\",\"dateModified\":\"2025-12-23T16:19:36+00:00\",\"description\":\"Kisangani, chef lieu de la province de la tshopo a accueilli du 7 au 12 juillet 2024 ,le directeur g\u00e9n\u00e9ral du bureau central de coordination Jean Mabi Mulumba venu rencontrer les autorit\u00e9s provinciales afin de faire le point sur le protocole d'accord sign\u00e9 entre le BCECO et l'ex gouverneure Madeleine nikomba.\",\"breadcrumb\":{\"@id\":\"https:\/\/ikar.dev\/bceco-v2\/evolution-du-protocole-daccord-entre-le-bceco-et-la-province-de-la-tshopo-jean-mabi-mulumba-fait-le-deplacement-de-kisangani\/#breadcrumb\"},\"inLanguage\":\"en-US\",\"potentialAction\":[{\"@type\":\"ReadAction\",\"target\":[\"https:\/\/ikar.dev\/bceco-v2\/evolution-du-protocole-daccord-entre-le-bceco-et-la-province-de-la-tshopo-jean-mabi-mulumba-fait-le-deplacement-de-kisangani\/\"]}]},{\"@type\":\"ImageObject\",\"inLanguage\":\"en-US\",\"@id\":\"https:\/\/ikar.dev\/bceco-v2\/evolution-du-protocole-daccord-entre-le-bceco-et-la-province-de-la-tshopo-jean-mabi-mulumba-fait-le-deplacement-de-kisangani\/#primaryimage\",\"url\":\"https:\/\/ikar.dev\/bceco-v2\/wp-content\/uploads\/2024\/07\/Evolution-du-protocole-daccord-entre-le-BCECO-et-la-province-de-la-tshopo-Jean-Mabi-Mulumba-fait-le-deplacement-de-Kisangani-1.jpg\",\"contentUrl\":\"https:\/\/ikar.dev\/bceco-v2\/wp-content\/uploads\/2024\/07\/Evolution-du-protocole-daccord-entre-le-BCECO-et-la-province-de-la-tshopo-Jean-Mabi-Mulumba-fait-le-deplacement-de-Kisangani-1.jpg\",\"width\":1778,\"height\":1000},{\"@type\":\"BreadcrumbList\",\"@id\":\"https:\/\/ikar.dev\/bceco-v2\/evolution-du-protocole-daccord-entre-le-bceco-et-la-province-de-la-tshopo-jean-mabi-mulumba-fait-le-deplacement-de-kisangani\/#breadcrumb\",\"itemListElement\":[{\"@type\":\"ListItem\",\"position\":1,\"name\":\"Accueil\",\"item\":\"https:\/\/ikar.dev\/bceco-v2\/\"},{\"@type\":\"ListItem\",\"position\":2,\"name\":\"\u00c9volution du protocole d&rsquo;accord entre le BCECO et la province de la tshopo : Jean Mabi Mulumba fait le d\u00e9placement de Kisangani !\"}]},{\"@type\":\"WebSite\",\"@id\":\"https:\/\/ikar.dev\/bceco-v2\/#website\",\"url\":\"https:\/\/ikar.dev\/bceco-v2\/\",\"name\":\"Bureau Central de Coordination\",\"description\":\"B.Ce.Co \u2013 Au c\u0153ur de l\u2019ex\u00e9cution des projets de d\u00e9veloppement en RDC\",\"publisher\":{\"@id\":\"https:\/\/ikar.dev\/bceco-v2\/#organization\"},\"potentialAction\":[{\"@type\":\"SearchAction\",\"target\":{\"@type\":\"EntryPoint\",\"urlTemplate\":\"https:\/\/ikar.dev\/bceco-v2\/?s={search_term_string}\"},\"query-input\":{\"@type\":\"PropertyValueSpecification\",\"valueRequired\":true,\"valueName\":\"search_term_string\"}}],\"inLanguage\":\"en-US\"},{\"@type\":\"Organization\",\"@id\":\"https:\/\/ikar.dev\/bceco-v2\/#organization\",\"name\":\"Bureau Central de Coordination\",\"url\":\"https:\/\/ikar.dev\/bceco-v2\/\",\"logo\":{\"@type\":\"ImageObject\",\"inLanguage\":\"en-US\",\"@id\":\"https:\/\/ikar.dev\/bceco-v2\/#\/schema\/logo\/image\/\",\"url\":\"https:\/\/ikar.dev\/bceco-v2\/wp-content\/uploads\/2025\/12\/BCECO-Bureau-Central-de-Coordination.jpg\",\"contentUrl\":\"https:\/\/ikar.dev\/bceco-v2\/wp-content\/uploads\/2025\/12\/BCECO-Bureau-Central-de-Coordination.jpg\",\"width\":2048,\"height\":2048,\"caption\":\"Bureau Central de Coordination\"},\"image\":{\"@id\":\"https:\/\/ikar.dev\/bceco-v2\/#\/schema\/logo\/image\/\"},\"sameAs\":[\"https:\/\/www.facebook.com\/BCeCoRDC\",\"https:\/\/x.com\/BCeCoRDC\"]},{\"@type\":\"Person\",\"@id\":\"https:\/\/ikar.dev\/bceco-v2\/#\/schema\/person\/6ee74807ffb016a78852fec6a295d503\",\"name\":\"bceco\",\"image\":{\"@type\":\"ImageObject\",\"inLanguage\":\"en-US\",\"@id\":\"https:\/\/ikar.dev\/bceco-v2\/#\/schema\/person\/image\/\",\"url\":\"https:\/\/secure.gravatar.com\/avatar\/55c07e1707f50774ef3c842c9d074773a6b558a20fbd1608c8e4871bc88f3455?s=96&d=mm&r=g\",\"contentUrl\":\"https:\/\/secure.gravatar.com\/avatar\/55c07e1707f50774ef3c842c9d074773a6b558a20fbd1608c8e4871bc88f3455?s=96&d=mm&r=g\",\"caption\":\"bceco\"},\"sameAs\":[\"https:\/\/ikar.dev\/bceco-v2\"],\"url\":\"https:\/\/ikar.dev\/bceco-v2\/author\/bceco\/\"}]}<\/script>\n<!-- \/ Yoast SEO plugin. -->","yoast_head_json":{"title":"\u00c9volution du protocole d'accord entre le BCECO et la province de la tshopo : Jean Mabi Mulumba fait le d\u00e9placement de Kisangani ! - Bureau Central de Coordination","description":"Kisangani, chef lieu de la province de la tshopo a accueilli du 7 au 12 juillet 2024 ,le directeur g\u00e9n\u00e9ral du bureau central de coordination Jean Mabi Mulumba venu rencontrer les autorit\u00e9s provinciales afin de faire le point sur le protocole d'accord sign\u00e9 entre le BCECO et l'ex gouverneure Madeleine nikomba.","robots":{"index":"index","follow":"follow","max-snippet":"max-snippet:-1","max-image-preview":"max-image-preview:large","max-video-preview":"max-video-preview:-1"},"canonical":"https:\/\/ikar.dev\/bceco-v2\/evolution-du-protocole-daccord-entre-le-bceco-et-la-province-de-la-tshopo-jean-mabi-mulumba-fait-le-deplacement-de-kisangani\/","og_locale":"en_US","og_type":"article","og_title":"\u00c9volution du protocole d'accord entre le BCECO et la province de la tshopo : Jean Mabi Mulumba fait le d\u00e9placement de Kisangani ! - Bureau Central de Coordination","og_description":"Kisangani, chef lieu de la province de la tshopo a accueilli du 7 au 12 juillet 2024 ,le directeur g\u00e9n\u00e9ral du bureau central de coordination Jean Mabi Mulumba venu rencontrer les autorit\u00e9s provinciales afin de faire le point sur le protocole d'accord sign\u00e9 entre le BCECO et l'ex gouverneure Madeleine nikomba.","og_url":"https:\/\/ikar.dev\/bceco-v2\/evolution-du-protocole-daccord-entre-le-bceco-et-la-province-de-la-tshopo-jean-mabi-mulumba-fait-le-deplacement-de-kisangani\/","og_site_name":"Bureau Central de Coordination","article_publisher":"https:\/\/www.facebook.com\/BCeCoRDC","article_published_time":"2024-07-20T12:40:00+00:00","article_modified_time":"2025-12-23T16:19:36+00:00","og_image":[{"width":1778,"height":1000,"url":"https:\/\/ikar.dev\/bceco-v2\/wp-content\/uploads\/2024\/07\/Evolution-du-protocole-daccord-entre-le-BCECO-et-la-province-de-la-tshopo-Jean-Mabi-Mulumba-fait-le-deplacement-de-Kisangani-1.jpg","type":"image\/jpeg"}],"author":"bceco","twitter_card":"summary_large_image","twitter_creator":"@BCeCoRDC","twitter_site":"@BCeCoRDC","twitter_misc":{"Written by":"bceco","Est. reading time":"2 minutes"},"schema":{"@context":"https:\/\/schema.org","@graph":[{"@type":"Article","@id":"https:\/\/ikar.dev\/bceco-v2\/evolution-du-protocole-daccord-entre-le-bceco-et-la-province-de-la-tshopo-jean-mabi-mulumba-fait-le-deplacement-de-kisangani\/#article","isPartOf":{"@id":"https:\/\/ikar.dev\/bceco-v2\/evolution-du-protocole-daccord-entre-le-bceco-et-la-province-de-la-tshopo-jean-mabi-mulumba-fait-le-deplacement-de-kisangani\/"},"author":{"name":"bceco","@id":"https:\/\/ikar.dev\/bceco-v2\/#\/schema\/person\/6ee74807ffb016a78852fec6a295d503"},"headline":"\u00c9volution du protocole d&#8217;accord entre le BCECO et la province de la tshopo : Jean Mabi Mulumba fait le d\u00e9placement de Kisangani !","datePublished":"2024-07-20T12:40:00+00:00","dateModified":"2025-12-23T16:19:36+00:00","mainEntityOfPage":{"@id":"https:\/\/ikar.dev\/bceco-v2\/evolution-du-protocole-daccord-entre-le-bceco-et-la-province-de-la-tshopo-jean-mabi-mulumba-fait-le-deplacement-de-kisangani\/"},"wordCount":416,"commentCount":0,"publisher":{"@id":"https:\/\/ikar.dev\/bceco-v2\/#organization"},"image":{"@id":"https:\/\/ikar.dev\/bceco-v2\/evolution-du-protocole-daccord-entre-le-bceco-et-la-province-de-la-tshopo-jean-mabi-mulumba-fait-le-deplacement-de-kisangani\/#primaryimage"},"thumbnailUrl":"https:\/\/ikar.dev\/bceco-v2\/wp-content\/uploads\/2024\/07\/Evolution-du-protocole-daccord-entre-le-BCECO-et-la-province-de-la-tshopo-Jean-Mabi-Mulumba-fait-le-deplacement-de-Kisangani-1.jpg","articleSection":["Actualit\u00e9s"],"inLanguage":"en-US","potentialAction":[{"@type":"CommentAction","name":"Comment","target":["https:\/\/ikar.dev\/bceco-v2\/evolution-du-protocole-daccord-entre-le-bceco-et-la-province-de-la-tshopo-jean-mabi-mulumba-fait-le-deplacement-de-kisangani\/#respond"]}]},{"@type":"WebPage","@id":"https:\/\/ikar.dev\/bceco-v2\/evolution-du-protocole-daccord-entre-le-bceco-et-la-province-de-la-tshopo-jean-mabi-mulumba-fait-le-deplacement-de-kisangani\/","url":"https:\/\/ikar.dev\/bceco-v2\/evolution-du-protocole-daccord-entre-le-bceco-et-la-province-de-la-tshopo-jean-mabi-mulumba-fait-le-deplacement-de-kisangani\/","name":"\u00c9volution du protocole d'accord entre le BCECO et la province de la tshopo : Jean Mabi Mulumba fait le d\u00e9placement de Kisangani ! - Bureau Central de Coordination","isPartOf":{"@id":"https:\/\/ikar.dev\/bceco-v2\/#website"},"primaryImageOfPage":{"@id":"https:\/\/ikar.dev\/bceco-v2\/evolution-du-protocole-daccord-entre-le-bceco-et-la-province-de-la-tshopo-jean-mabi-mulumba-fait-le-deplacement-de-kisangani\/#primaryimage"},"image":{"@id":"https:\/\/ikar.dev\/bceco-v2\/evolution-du-protocole-daccord-entre-le-bceco-et-la-province-de-la-tshopo-jean-mabi-mulumba-fait-le-deplacement-de-kisangani\/#primaryimage"},"thumbnailUrl":"https:\/\/ikar.dev\/bceco-v2\/wp-content\/uploads\/2024\/07\/Evolution-du-protocole-daccord-entre-le-BCECO-et-la-province-de-la-tshopo-Jean-Mabi-Mulumba-fait-le-deplacement-de-Kisangani-1.jpg","datePublished":"2024-07-20T12:40:00+00:00","dateModified":"2025-12-23T16:19:36+00:00","description":"Kisangani, chef lieu de la province de la tshopo a accueilli du 7 au 12 juillet 2024 ,le directeur g\u00e9n\u00e9ral du bureau central de coordination Jean Mabi Mulumba venu rencontrer les autorit\u00e9s provinciales afin de faire le point sur le protocole d'accord sign\u00e9 entre le BCECO et l'ex gouverneure Madeleine nikomba.","breadcrumb":{"@id":"https:\/\/ikar.dev\/bceco-v2\/evolution-du-protocole-daccord-entre-le-bceco-et-la-province-de-la-tshopo-jean-mabi-mulumba-fait-le-deplacement-de-kisangani\/#breadcrumb"},"inLanguage":"en-US","potentialAction":[{"@type":"ReadAction","target":["https:\/\/ikar.dev\/bceco-v2\/evolution-du-protocole-daccord-entre-le-bceco-et-la-province-de-la-tshopo-jean-mabi-mulumba-fait-le-deplacement-de-kisangani\/"]}]},{"@type":"ImageObject","inLanguage":"en-US","@id":"https:\/\/ikar.dev\/bceco-v2\/evolution-du-protocole-daccord-entre-le-bceco-et-la-province-de-la-tshopo-jean-mabi-mulumba-fait-le-deplacement-de-kisangani\/#primaryimage","url":"https:\/\/ikar.dev\/bceco-v2\/wp-content\/uploads\/2024\/07\/Evolution-du-protocole-daccord-entre-le-BCECO-et-la-province-de-la-tshopo-Jean-Mabi-Mulumba-fait-le-deplacement-de-Kisangani-1.jpg","contentUrl":"https:\/\/ikar.dev\/bceco-v2\/wp-content\/uploads\/2024\/07\/Evolution-du-protocole-daccord-entre-le-BCECO-et-la-province-de-la-tshopo-Jean-Mabi-Mulumba-fait-le-deplacement-de-Kisangani-1.jpg","width":1778,"height":1000},{"@type":"BreadcrumbList","@id":"https:\/\/ikar.dev\/bceco-v2\/evolution-du-protocole-daccord-entre-le-bceco-et-la-province-de-la-tshopo-jean-mabi-mulumba-fait-le-deplacement-de-kisangani\/#breadcrumb","itemListElement":[{"@type":"ListItem","position":1,"name":"Accueil","item":"https:\/\/ikar.dev\/bceco-v2\/"},{"@type":"ListItem","position":2,"name":"\u00c9volution du protocole d&rsquo;accord entre le BCECO et la province de la tshopo : Jean Mabi Mulumba fait le d\u00e9placement de Kisangani !"}]},{"@type":"WebSite","@id":"https:\/\/ikar.dev\/bceco-v2\/#website","url":"https:\/\/ikar.dev\/bceco-v2\/","name":"Bureau Central de Coordination","description":"B.Ce.Co \u2013 Au c\u0153ur de l\u2019ex\u00e9cution des projets de d\u00e9veloppement en RDC","publisher":{"@id":"https:\/\/ikar.dev\/bceco-v2\/#organization"},"potentialAction":[{"@type":"SearchAction","target":{"@type":"EntryPoint","urlTemplate":"https:\/\/ikar.dev\/bceco-v2\/?s={search_term_string}"},"query-input":{"@type":"PropertyValueSpecification","valueRequired":true,"valueName":"search_term_string"}}],"inLanguage":"en-US"},{"@type":"Organization","@id":"https:\/\/ikar.dev\/bceco-v2\/#organization","name":"Bureau Central de Coordination","url":"https:\/\/ikar.dev\/bceco-v2\/","logo":{"@type":"ImageObject","inLanguage":"en-US","@id":"https:\/\/ikar.dev\/bceco-v2\/#\/schema\/logo\/image\/","url":"https:\/\/ikar.dev\/bceco-v2\/wp-content\/uploads\/2025\/12\/BCECO-Bureau-Central-de-Coordination.jpg","contentUrl":"https:\/\/ikar.dev\/bceco-v2\/wp-content\/uploads\/2025\/12\/BCECO-Bureau-Central-de-Coordination.jpg","width":2048,"height":2048,"caption":"Bureau Central de Coordination"},"image":{"@id":"https:\/\/ikar.dev\/bceco-v2\/#\/schema\/logo\/image\/"},"sameAs":["https:\/\/www.facebook.com\/BCeCoRDC","https:\/\/x.com\/BCeCoRDC"]},{"@type":"Person","@id":"https:\/\/ikar.dev\/bceco-v2\/#\/schema\/person\/6ee74807ffb016a78852fec6a295d503","name":"bceco","image":{"@type":"ImageObject","inLanguage":"en-US","@id":"https:\/\/ikar.dev\/bceco-v2\/#\/schema\/person\/image\/","url":"https:\/\/secure.gravatar.com\/avatar\/55c07e1707f50774ef3c842c9d074773a6b558a20fbd1608c8e4871bc88f3455?s=96&d=mm&r=g","contentUrl":"https:\/\/secure.gravatar.com\/avatar\/55c07e1707f50774ef3c842c9d074773a6b558a20fbd1608c8e4871bc88f3455?s=96&d=mm&r=g","caption":"bceco"},"sameAs":["https:\/\/ikar.dev\/bceco-v2"],"url":"https:\/\/ikar.dev\/bceco-v2\/author\/bceco\/"}]}},"_links":{"self":[{"href":"https:\/\/ikar.dev\/bceco-v2\/wp-json\/wp\/v2\/posts\/39975","targetHints":{"allow":["GET"]}}],"collection":[{"href":"https:\/\/ikar.dev\/bceco-v2\/wp-json\/wp\/v2\/posts"}],"about":[{"href":"https:\/\/ikar.dev\/bceco-v2\/wp-json\/wp\/v2\/types\/post"}],"author":[{"embeddable":true,"href":"https:\/\/ikar.dev\/bceco-v2\/wp-json\/wp\/v2\/users\/1"}],"replies":[{"embeddable":true,"href":"https:\/\/ikar.dev\/bceco-v2\/wp-json\/wp\/v2\/comments?post=39975"}],"version-history":[{"count":1,"href":"https:\/\/ikar.dev\/bceco-v2\/wp-json\/wp\/v2\/posts\/39975\/revisions"}],"predecessor-version":[{"id":56317,"href":"https:\/\/ikar.dev\/bceco-v2\/wp-json\/wp\/v2\/posts\/39975\/revisions\/56317"}],"wp:featuredmedia":[{"embeddable":true,"href":"https:\/\/ikar.dev\/bceco-v2\/wp-json\/wp\/v2\/media\/39983"}],"wp:attachment":[{"href":"https:\/\/ikar.dev\/bceco-v2\/wp-json\/wp\/v2\/media?parent=39975"}],"wp:term":[{"taxonomy":"category","embeddable":true,"href":"https:\/\/ikar.dev\/bceco-v2\/wp-json\/wp\/v2\/categories?post=39975"},{"taxonomy":"post_tag","embeddable":true,"href":"https:\/\/ikar.dev\/bceco-v2\/wp-json\/wp\/v2\/tags?post=39975"}],"curies":[{"name":"wp","href":"https:\/\/api.w.org\/{rel}","templated":true}]}}