{"id":38412,"date":"2024-06-20T15:31:44","date_gmt":"2024-06-20T15:31:44","guid":{"rendered":"https:\/\/bceco.cd\/?p=38412"},"modified":"2025-12-23T17:24:18","modified_gmt":"2025-12-23T16:24:18","slug":"route-kananga-kalamba-mbuji-les-etudes-finalisees-la-route-prete-a-recevoir-sa-premiere-couche-dasphalte","status":"publish","type":"post","link":"https:\/\/ikar.dev\/bceco-v2\/route-kananga-kalamba-mbuji-les-etudes-finalisees-la-route-prete-a-recevoir-sa-premiere-couche-dasphalte\/","title":{"rendered":"Route Kananga-Kalamba Mbuji : Les \u00e9tudes finalis\u00e9es, la route pr\u00eate \u00e0 recevoir sa premi\u00e8re couche d&#8217;asphalte !"},"content":{"rendered":"<p style=\"text-align: justify;\">C&#8217;est dans l&#8217;objectif de permettre aux uns et aux autres de s&#8217;approprier ce projet que le Bureau Central de Coordination a organis\u00e9 le jeudi 13 juin 2024 un atelier de restitution des \u00e9tudes men\u00e9es depuis quelques mois par le bureau international d&#8217;\u00e9tudes BKA.<\/p>\n<p style=\"text-align: justify;\">Cet atelier qui a connu la participation du Ministre d&#8217;\u00c9tat Ministre des infrastructures, et travaux publics (ITPR), Alexis Gisaro, des \u00e9lus nationaux et locaux et aussi la soci\u00e9t\u00e9 civile du Grand Kasa\u00ef \u00e9tait en r\u00e9alit\u00e9 une v\u00e9ritable tribune d&#8217;\u00e9change entre les diff\u00e9rents participants. Apr\u00e8s plusieurs heures de pr\u00e9sentation des conclusions des \u00e9tudes expos\u00e9es par le bureau ci haut cit\u00e9, cette activit\u00e9 s&#8217;est poursuivie avec un jeu de questions &#8211; r\u00e9ponses pour \u00e9clairer la lanterne de ses h\u00f4tes.<\/p>\n<p style=\"text-align: justify;\">Selon Alexis Gisaro, Min\u00e9tat de L&#8217;ITPR ce projet permettra le d\u00e9senclavement de l&#8217;espace Grand Kasa\u00ef et aussi des provinces environnantes car la dite route sera reli\u00e9e \u00e0 la nationale num\u00e9ro 1 et aux autres routes d&#8217;int\u00e9r\u00eat public car les fonds sont disponibles<\/p>\n<p style=\"text-align: justify;\">Jean Mabi Mulumba , Directeur G\u00e9n\u00e9ral du Bureau Central de Coordination ( BCECO) parle lui de l&#8217;asphaltage de cette route en deux phases : la premi\u00e8re qui est en cours consiste \u00e0 stabiliser la route pour laisser libre cours aux trafics sans oublier qu&#8217;il un aura 2 bacs qui seront jet\u00e9s sur les rivi\u00e8res Lueta et Kasa\u00ef<\/p>\n<p style=\"text-align: justify;\">La deuxi\u00e8me phase portera sur l&#8217;asphaltage proprement dit, avec la construction des ponts sur les rivi\u00e8res sus mentionn\u00e9es.<\/p>\n<p style=\"text-align: justify;\">La route Kananga &#8211; Kalamba Mbuji qui demeure une voie de tous les enjeux pour la partie centre de la R\u00e9publique pourrait tr\u00e8s vite rev\u00eatir de sa plus belle robe parce que le premier d\u00e9caissement des fonds se fera cette ann\u00e9e.<\/p>\n","protected":false},"excerpt":{"rendered":"<p>C&#8217;est dans l&#8217;objectif de permettre aux uns et aux autres de s&#8217;approprier ce projet que le Bureau Central de Coordination a organis\u00e9 le jeudi 13 juin 2024 un atelier de restitution des \u00e9tudes men\u00e9es depuis quelques mois par le bureau international d&#8217;\u00e9tudes BKA. Cet atelier qui a connu la participation du Ministre d&#8217;\u00c9tat Ministre des<\/p>\n","protected":false},"author":1,"featured_media":38415,"comment_status":"open","ping_status":"open","sticky":false,"template":"","format":"standard","meta":{"footnotes":""},"categories":[69],"tags":[],"class_list":["post-38412","post","type-post","status-publish","format-standard","has-post-thumbnail","hentry","category-actualites"],"yoast_head":"<!-- This site is optimized with the Yoast SEO plugin v26.7 - https:\/\/yoast.com\/wordpress\/plugins\/seo\/ -->\n<title>Route Kananga-Kalamba Mbuji : Les \u00e9tudes finalis\u00e9es, la route pr\u00eate \u00e0 recevoir sa premi\u00e8re couche d&#039;asphalte ! - Bureau Central de Coordination<\/title>\n<meta name=\"description\" content=\"C&#039;est dans l&#039;objectif de permettre aux uns et aux autres de s&#039;approprier ce projet que le Bureau Central de Coordination a organis\u00e9 le jeudi 13juin 2024 un atelier de restitution des \u00e9tudes men\u00e9es depuis quelques mois par le bureau international d&#039;\u00e9tudes BKA.\" \/>\n<meta name=\"robots\" content=\"index, follow, max-snippet:-1, max-image-preview:large, max-video-preview:-1\" \/>\n<link rel=\"canonical\" href=\"https:\/\/ikar.dev\/bceco-v2\/route-kananga-kalamba-mbuji-les-etudes-finalisees-la-route-prete-a-recevoir-sa-premiere-couche-dasphalte\/\" \/>\n<meta property=\"og:locale\" content=\"en_US\" \/>\n<meta property=\"og:type\" content=\"article\" \/>\n<meta property=\"og:title\" content=\"Route Kananga-Kalamba Mbuji : Les \u00e9tudes finalis\u00e9es, la route pr\u00eate \u00e0 recevoir sa premi\u00e8re couche d&#039;asphalte ! - Bureau Central de Coordination\" \/>\n<meta property=\"og:description\" content=\"C&#039;est dans l&#039;objectif de permettre aux uns et aux autres de s&#039;approprier ce projet que le Bureau Central de Coordination a organis\u00e9 le jeudi 13juin 2024 un atelier de restitution des \u00e9tudes men\u00e9es depuis quelques mois par le bureau international d&#039;\u00e9tudes BKA.\" \/>\n<meta property=\"og:url\" content=\"https:\/\/ikar.dev\/bceco-v2\/route-kananga-kalamba-mbuji-les-etudes-finalisees-la-route-prete-a-recevoir-sa-premiere-couche-dasphalte\/\" \/>\n<meta property=\"og:site_name\" content=\"Bureau Central de Coordination\" \/>\n<meta property=\"article:publisher\" content=\"https:\/\/www.facebook.com\/BCeCoRDC\" \/>\n<meta property=\"article:published_time\" content=\"2024-06-20T15:31:44+00:00\" \/>\n<meta property=\"article:modified_time\" content=\"2025-12-23T16:24:18+00:00\" \/>\n<meta property=\"og:image\" content=\"https:\/\/ikar.dev\/bceco-v2\/wp-content\/uploads\/2024\/06\/Route-Kananga-Kalamba-Mbuji-Les-etudes-finalisees-la-route-prete-a-recevoir-sa-premiere-couche-dasphalte.jpg\" \/>\n\t<meta property=\"og:image:width\" content=\"1500\" \/>\n\t<meta property=\"og:image:height\" content=\"1000\" \/>\n\t<meta property=\"og:image:type\" content=\"image\/jpeg\" \/>\n<meta name=\"author\" content=\"bceco\" \/>\n<meta name=\"twitter:card\" content=\"summary_large_image\" \/>\n<meta name=\"twitter:creator\" content=\"@BCeCoRDC\" \/>\n<meta name=\"twitter:site\" content=\"@BCeCoRDC\" \/>\n<meta name=\"twitter:label1\" content=\"Written by\" \/>\n\t<meta name=\"twitter:data1\" content=\"bceco\" \/>\n\t<meta name=\"twitter:label2\" content=\"Est. reading time\" \/>\n\t<meta name=\"twitter:data2\" content=\"2 minutes\" \/>\n<script type=\"application\/ld+json\" class=\"yoast-schema-graph\">{\"@context\":\"https:\/\/schema.org\",\"@graph\":[{\"@type\":\"Article\",\"@id\":\"https:\/\/ikar.dev\/bceco-v2\/route-kananga-kalamba-mbuji-les-etudes-finalisees-la-route-prete-a-recevoir-sa-premiere-couche-dasphalte\/#article\",\"isPartOf\":{\"@id\":\"https:\/\/ikar.dev\/bceco-v2\/route-kananga-kalamba-mbuji-les-etudes-finalisees-la-route-prete-a-recevoir-sa-premiere-couche-dasphalte\/\"},\"author\":{\"name\":\"bceco\",\"@id\":\"https:\/\/ikar.dev\/bceco-v2\/#\/schema\/person\/6ee74807ffb016a78852fec6a295d503\"},\"headline\":\"Route Kananga-Kalamba Mbuji : Les \u00e9tudes finalis\u00e9es, la route pr\u00eate \u00e0 recevoir sa premi\u00e8re couche d&#8217;asphalte !\",\"datePublished\":\"2024-06-20T15:31:44+00:00\",\"dateModified\":\"2025-12-23T16:24:18+00:00\",\"mainEntityOfPage\":{\"@id\":\"https:\/\/ikar.dev\/bceco-v2\/route-kananga-kalamba-mbuji-les-etudes-finalisees-la-route-prete-a-recevoir-sa-premiere-couche-dasphalte\/\"},\"wordCount\":329,\"commentCount\":0,\"publisher\":{\"@id\":\"https:\/\/ikar.dev\/bceco-v2\/#organization\"},\"image\":{\"@id\":\"https:\/\/ikar.dev\/bceco-v2\/route-kananga-kalamba-mbuji-les-etudes-finalisees-la-route-prete-a-recevoir-sa-premiere-couche-dasphalte\/#primaryimage\"},\"thumbnailUrl\":\"https:\/\/ikar.dev\/bceco-v2\/wp-content\/uploads\/2024\/06\/Route-Kananga-Kalamba-Mbuji-Les-etudes-finalisees-la-route-prete-a-recevoir-sa-premiere-couche-dasphalte.jpg\",\"articleSection\":[\"Actualit\u00e9s\"],\"inLanguage\":\"en-US\",\"potentialAction\":[{\"@type\":\"CommentAction\",\"name\":\"Comment\",\"target\":[\"https:\/\/ikar.dev\/bceco-v2\/route-kananga-kalamba-mbuji-les-etudes-finalisees-la-route-prete-a-recevoir-sa-premiere-couche-dasphalte\/#respond\"]}]},{\"@type\":\"WebPage\",\"@id\":\"https:\/\/ikar.dev\/bceco-v2\/route-kananga-kalamba-mbuji-les-etudes-finalisees-la-route-prete-a-recevoir-sa-premiere-couche-dasphalte\/\",\"url\":\"https:\/\/ikar.dev\/bceco-v2\/route-kananga-kalamba-mbuji-les-etudes-finalisees-la-route-prete-a-recevoir-sa-premiere-couche-dasphalte\/\",\"name\":\"Route Kananga-Kalamba Mbuji : Les \u00e9tudes finalis\u00e9es, la route pr\u00eate \u00e0 recevoir sa premi\u00e8re couche d'asphalte ! - Bureau Central de Coordination\",\"isPartOf\":{\"@id\":\"https:\/\/ikar.dev\/bceco-v2\/#website\"},\"primaryImageOfPage\":{\"@id\":\"https:\/\/ikar.dev\/bceco-v2\/route-kananga-kalamba-mbuji-les-etudes-finalisees-la-route-prete-a-recevoir-sa-premiere-couche-dasphalte\/#primaryimage\"},\"image\":{\"@id\":\"https:\/\/ikar.dev\/bceco-v2\/route-kananga-kalamba-mbuji-les-etudes-finalisees-la-route-prete-a-recevoir-sa-premiere-couche-dasphalte\/#primaryimage\"},\"thumbnailUrl\":\"https:\/\/ikar.dev\/bceco-v2\/wp-content\/uploads\/2024\/06\/Route-Kananga-Kalamba-Mbuji-Les-etudes-finalisees-la-route-prete-a-recevoir-sa-premiere-couche-dasphalte.jpg\",\"datePublished\":\"2024-06-20T15:31:44+00:00\",\"dateModified\":\"2025-12-23T16:24:18+00:00\",\"description\":\"C'est dans l'objectif de permettre aux uns et aux autres de s'approprier ce projet que le Bureau Central de Coordination a organis\u00e9 le jeudi 13juin 2024 un atelier de restitution des \u00e9tudes men\u00e9es depuis quelques mois par le bureau international d'\u00e9tudes BKA.\",\"breadcrumb\":{\"@id\":\"https:\/\/ikar.dev\/bceco-v2\/route-kananga-kalamba-mbuji-les-etudes-finalisees-la-route-prete-a-recevoir-sa-premiere-couche-dasphalte\/#breadcrumb\"},\"inLanguage\":\"en-US\",\"potentialAction\":[{\"@type\":\"ReadAction\",\"target\":[\"https:\/\/ikar.dev\/bceco-v2\/route-kananga-kalamba-mbuji-les-etudes-finalisees-la-route-prete-a-recevoir-sa-premiere-couche-dasphalte\/\"]}]},{\"@type\":\"ImageObject\",\"inLanguage\":\"en-US\",\"@id\":\"https:\/\/ikar.dev\/bceco-v2\/route-kananga-kalamba-mbuji-les-etudes-finalisees-la-route-prete-a-recevoir-sa-premiere-couche-dasphalte\/#primaryimage\",\"url\":\"https:\/\/ikar.dev\/bceco-v2\/wp-content\/uploads\/2024\/06\/Route-Kananga-Kalamba-Mbuji-Les-etudes-finalisees-la-route-prete-a-recevoir-sa-premiere-couche-dasphalte.jpg\",\"contentUrl\":\"https:\/\/ikar.dev\/bceco-v2\/wp-content\/uploads\/2024\/06\/Route-Kananga-Kalamba-Mbuji-Les-etudes-finalisees-la-route-prete-a-recevoir-sa-premiere-couche-dasphalte.jpg\",\"width\":1500,\"height\":1000},{\"@type\":\"BreadcrumbList\",\"@id\":\"https:\/\/ikar.dev\/bceco-v2\/route-kananga-kalamba-mbuji-les-etudes-finalisees-la-route-prete-a-recevoir-sa-premiere-couche-dasphalte\/#breadcrumb\",\"itemListElement\":[{\"@type\":\"ListItem\",\"position\":1,\"name\":\"Accueil\",\"item\":\"https:\/\/ikar.dev\/bceco-v2\/\"},{\"@type\":\"ListItem\",\"position\":2,\"name\":\"Route Kananga-Kalamba Mbuji : Les \u00e9tudes finalis\u00e9es, la route pr\u00eate \u00e0 recevoir sa premi\u00e8re couche d&rsquo;asphalte !\"}]},{\"@type\":\"WebSite\",\"@id\":\"https:\/\/ikar.dev\/bceco-v2\/#website\",\"url\":\"https:\/\/ikar.dev\/bceco-v2\/\",\"name\":\"Bureau Central de Coordination\",\"description\":\"B.Ce.Co \u2013 Au c\u0153ur de l\u2019ex\u00e9cution des projets de d\u00e9veloppement en RDC\",\"publisher\":{\"@id\":\"https:\/\/ikar.dev\/bceco-v2\/#organization\"},\"potentialAction\":[{\"@type\":\"SearchAction\",\"target\":{\"@type\":\"EntryPoint\",\"urlTemplate\":\"https:\/\/ikar.dev\/bceco-v2\/?s={search_term_string}\"},\"query-input\":{\"@type\":\"PropertyValueSpecification\",\"valueRequired\":true,\"valueName\":\"search_term_string\"}}],\"inLanguage\":\"en-US\"},{\"@type\":\"Organization\",\"@id\":\"https:\/\/ikar.dev\/bceco-v2\/#organization\",\"name\":\"Bureau Central de Coordination\",\"url\":\"https:\/\/ikar.dev\/bceco-v2\/\",\"logo\":{\"@type\":\"ImageObject\",\"inLanguage\":\"en-US\",\"@id\":\"https:\/\/ikar.dev\/bceco-v2\/#\/schema\/logo\/image\/\",\"url\":\"https:\/\/ikar.dev\/bceco-v2\/wp-content\/uploads\/2025\/12\/BCECO-Bureau-Central-de-Coordination.jpg\",\"contentUrl\":\"https:\/\/ikar.dev\/bceco-v2\/wp-content\/uploads\/2025\/12\/BCECO-Bureau-Central-de-Coordination.jpg\",\"width\":2048,\"height\":2048,\"caption\":\"Bureau Central de Coordination\"},\"image\":{\"@id\":\"https:\/\/ikar.dev\/bceco-v2\/#\/schema\/logo\/image\/\"},\"sameAs\":[\"https:\/\/www.facebook.com\/BCeCoRDC\",\"https:\/\/x.com\/BCeCoRDC\"]},{\"@type\":\"Person\",\"@id\":\"https:\/\/ikar.dev\/bceco-v2\/#\/schema\/person\/6ee74807ffb016a78852fec6a295d503\",\"name\":\"bceco\",\"image\":{\"@type\":\"ImageObject\",\"inLanguage\":\"en-US\",\"@id\":\"https:\/\/ikar.dev\/bceco-v2\/#\/schema\/person\/image\/\",\"url\":\"https:\/\/secure.gravatar.com\/avatar\/55c07e1707f50774ef3c842c9d074773a6b558a20fbd1608c8e4871bc88f3455?s=96&d=mm&r=g\",\"contentUrl\":\"https:\/\/secure.gravatar.com\/avatar\/55c07e1707f50774ef3c842c9d074773a6b558a20fbd1608c8e4871bc88f3455?s=96&d=mm&r=g\",\"caption\":\"bceco\"},\"sameAs\":[\"https:\/\/ikar.dev\/bceco-v2\"],\"url\":\"https:\/\/ikar.dev\/bceco-v2\/author\/bceco\/\"}]}<\/script>\n<!-- \/ Yoast SEO plugin. -->","yoast_head_json":{"title":"Route Kananga-Kalamba Mbuji : Les \u00e9tudes finalis\u00e9es, la route pr\u00eate \u00e0 recevoir sa premi\u00e8re couche d'asphalte ! - Bureau Central de Coordination","description":"C'est dans l'objectif de permettre aux uns et aux autres de s'approprier ce projet que le Bureau Central de Coordination a organis\u00e9 le jeudi 13juin 2024 un atelier de restitution des \u00e9tudes men\u00e9es depuis quelques mois par le bureau international d'\u00e9tudes BKA.","robots":{"index":"index","follow":"follow","max-snippet":"max-snippet:-1","max-image-preview":"max-image-preview:large","max-video-preview":"max-video-preview:-1"},"canonical":"https:\/\/ikar.dev\/bceco-v2\/route-kananga-kalamba-mbuji-les-etudes-finalisees-la-route-prete-a-recevoir-sa-premiere-couche-dasphalte\/","og_locale":"en_US","og_type":"article","og_title":"Route Kananga-Kalamba Mbuji : Les \u00e9tudes finalis\u00e9es, la route pr\u00eate \u00e0 recevoir sa premi\u00e8re couche d'asphalte ! - Bureau Central de Coordination","og_description":"C'est dans l'objectif de permettre aux uns et aux autres de s'approprier ce projet que le Bureau Central de Coordination a organis\u00e9 le jeudi 13juin 2024 un atelier de restitution des \u00e9tudes men\u00e9es depuis quelques mois par le bureau international d'\u00e9tudes BKA.","og_url":"https:\/\/ikar.dev\/bceco-v2\/route-kananga-kalamba-mbuji-les-etudes-finalisees-la-route-prete-a-recevoir-sa-premiere-couche-dasphalte\/","og_site_name":"Bureau Central de Coordination","article_publisher":"https:\/\/www.facebook.com\/BCeCoRDC","article_published_time":"2024-06-20T15:31:44+00:00","article_modified_time":"2025-12-23T16:24:18+00:00","og_image":[{"width":1500,"height":1000,"url":"https:\/\/ikar.dev\/bceco-v2\/wp-content\/uploads\/2024\/06\/Route-Kananga-Kalamba-Mbuji-Les-etudes-finalisees-la-route-prete-a-recevoir-sa-premiere-couche-dasphalte.jpg","type":"image\/jpeg"}],"author":"bceco","twitter_card":"summary_large_image","twitter_creator":"@BCeCoRDC","twitter_site":"@BCeCoRDC","twitter_misc":{"Written by":"bceco","Est. reading time":"2 minutes"},"schema":{"@context":"https:\/\/schema.org","@graph":[{"@type":"Article","@id":"https:\/\/ikar.dev\/bceco-v2\/route-kananga-kalamba-mbuji-les-etudes-finalisees-la-route-prete-a-recevoir-sa-premiere-couche-dasphalte\/#article","isPartOf":{"@id":"https:\/\/ikar.dev\/bceco-v2\/route-kananga-kalamba-mbuji-les-etudes-finalisees-la-route-prete-a-recevoir-sa-premiere-couche-dasphalte\/"},"author":{"name":"bceco","@id":"https:\/\/ikar.dev\/bceco-v2\/#\/schema\/person\/6ee74807ffb016a78852fec6a295d503"},"headline":"Route Kananga-Kalamba Mbuji : Les \u00e9tudes finalis\u00e9es, la route pr\u00eate \u00e0 recevoir sa premi\u00e8re couche d&#8217;asphalte !","datePublished":"2024-06-20T15:31:44+00:00","dateModified":"2025-12-23T16:24:18+00:00","mainEntityOfPage":{"@id":"https:\/\/ikar.dev\/bceco-v2\/route-kananga-kalamba-mbuji-les-etudes-finalisees-la-route-prete-a-recevoir-sa-premiere-couche-dasphalte\/"},"wordCount":329,"commentCount":0,"publisher":{"@id":"https:\/\/ikar.dev\/bceco-v2\/#organization"},"image":{"@id":"https:\/\/ikar.dev\/bceco-v2\/route-kananga-kalamba-mbuji-les-etudes-finalisees-la-route-prete-a-recevoir-sa-premiere-couche-dasphalte\/#primaryimage"},"thumbnailUrl":"https:\/\/ikar.dev\/bceco-v2\/wp-content\/uploads\/2024\/06\/Route-Kananga-Kalamba-Mbuji-Les-etudes-finalisees-la-route-prete-a-recevoir-sa-premiere-couche-dasphalte.jpg","articleSection":["Actualit\u00e9s"],"inLanguage":"en-US","potentialAction":[{"@type":"CommentAction","name":"Comment","target":["https:\/\/ikar.dev\/bceco-v2\/route-kananga-kalamba-mbuji-les-etudes-finalisees-la-route-prete-a-recevoir-sa-premiere-couche-dasphalte\/#respond"]}]},{"@type":"WebPage","@id":"https:\/\/ikar.dev\/bceco-v2\/route-kananga-kalamba-mbuji-les-etudes-finalisees-la-route-prete-a-recevoir-sa-premiere-couche-dasphalte\/","url":"https:\/\/ikar.dev\/bceco-v2\/route-kananga-kalamba-mbuji-les-etudes-finalisees-la-route-prete-a-recevoir-sa-premiere-couche-dasphalte\/","name":"Route Kananga-Kalamba Mbuji : Les \u00e9tudes finalis\u00e9es, la route pr\u00eate \u00e0 recevoir sa premi\u00e8re couche d'asphalte ! - Bureau Central de Coordination","isPartOf":{"@id":"https:\/\/ikar.dev\/bceco-v2\/#website"},"primaryImageOfPage":{"@id":"https:\/\/ikar.dev\/bceco-v2\/route-kananga-kalamba-mbuji-les-etudes-finalisees-la-route-prete-a-recevoir-sa-premiere-couche-dasphalte\/#primaryimage"},"image":{"@id":"https:\/\/ikar.dev\/bceco-v2\/route-kananga-kalamba-mbuji-les-etudes-finalisees-la-route-prete-a-recevoir-sa-premiere-couche-dasphalte\/#primaryimage"},"thumbnailUrl":"https:\/\/ikar.dev\/bceco-v2\/wp-content\/uploads\/2024\/06\/Route-Kananga-Kalamba-Mbuji-Les-etudes-finalisees-la-route-prete-a-recevoir-sa-premiere-couche-dasphalte.jpg","datePublished":"2024-06-20T15:31:44+00:00","dateModified":"2025-12-23T16:24:18+00:00","description":"C'est dans l'objectif de permettre aux uns et aux autres de s'approprier ce projet que le Bureau Central de Coordination a organis\u00e9 le jeudi 13juin 2024 un atelier de restitution des \u00e9tudes men\u00e9es depuis quelques mois par le bureau international d'\u00e9tudes BKA.","breadcrumb":{"@id":"https:\/\/ikar.dev\/bceco-v2\/route-kananga-kalamba-mbuji-les-etudes-finalisees-la-route-prete-a-recevoir-sa-premiere-couche-dasphalte\/#breadcrumb"},"inLanguage":"en-US","potentialAction":[{"@type":"ReadAction","target":["https:\/\/ikar.dev\/bceco-v2\/route-kananga-kalamba-mbuji-les-etudes-finalisees-la-route-prete-a-recevoir-sa-premiere-couche-dasphalte\/"]}]},{"@type":"ImageObject","inLanguage":"en-US","@id":"https:\/\/ikar.dev\/bceco-v2\/route-kananga-kalamba-mbuji-les-etudes-finalisees-la-route-prete-a-recevoir-sa-premiere-couche-dasphalte\/#primaryimage","url":"https:\/\/ikar.dev\/bceco-v2\/wp-content\/uploads\/2024\/06\/Route-Kananga-Kalamba-Mbuji-Les-etudes-finalisees-la-route-prete-a-recevoir-sa-premiere-couche-dasphalte.jpg","contentUrl":"https:\/\/ikar.dev\/bceco-v2\/wp-content\/uploads\/2024\/06\/Route-Kananga-Kalamba-Mbuji-Les-etudes-finalisees-la-route-prete-a-recevoir-sa-premiere-couche-dasphalte.jpg","width":1500,"height":1000},{"@type":"BreadcrumbList","@id":"https:\/\/ikar.dev\/bceco-v2\/route-kananga-kalamba-mbuji-les-etudes-finalisees-la-route-prete-a-recevoir-sa-premiere-couche-dasphalte\/#breadcrumb","itemListElement":[{"@type":"ListItem","position":1,"name":"Accueil","item":"https:\/\/ikar.dev\/bceco-v2\/"},{"@type":"ListItem","position":2,"name":"Route Kananga-Kalamba Mbuji : Les \u00e9tudes finalis\u00e9es, la route pr\u00eate \u00e0 recevoir sa premi\u00e8re couche d&rsquo;asphalte !"}]},{"@type":"WebSite","@id":"https:\/\/ikar.dev\/bceco-v2\/#website","url":"https:\/\/ikar.dev\/bceco-v2\/","name":"Bureau Central de Coordination","description":"B.Ce.Co \u2013 Au c\u0153ur de l\u2019ex\u00e9cution des projets de d\u00e9veloppement en RDC","publisher":{"@id":"https:\/\/ikar.dev\/bceco-v2\/#organization"},"potentialAction":[{"@type":"SearchAction","target":{"@type":"EntryPoint","urlTemplate":"https:\/\/ikar.dev\/bceco-v2\/?s={search_term_string}"},"query-input":{"@type":"PropertyValueSpecification","valueRequired":true,"valueName":"search_term_string"}}],"inLanguage":"en-US"},{"@type":"Organization","@id":"https:\/\/ikar.dev\/bceco-v2\/#organization","name":"Bureau Central de Coordination","url":"https:\/\/ikar.dev\/bceco-v2\/","logo":{"@type":"ImageObject","inLanguage":"en-US","@id":"https:\/\/ikar.dev\/bceco-v2\/#\/schema\/logo\/image\/","url":"https:\/\/ikar.dev\/bceco-v2\/wp-content\/uploads\/2025\/12\/BCECO-Bureau-Central-de-Coordination.jpg","contentUrl":"https:\/\/ikar.dev\/bceco-v2\/wp-content\/uploads\/2025\/12\/BCECO-Bureau-Central-de-Coordination.jpg","width":2048,"height":2048,"caption":"Bureau Central de Coordination"},"image":{"@id":"https:\/\/ikar.dev\/bceco-v2\/#\/schema\/logo\/image\/"},"sameAs":["https:\/\/www.facebook.com\/BCeCoRDC","https:\/\/x.com\/BCeCoRDC"]},{"@type":"Person","@id":"https:\/\/ikar.dev\/bceco-v2\/#\/schema\/person\/6ee74807ffb016a78852fec6a295d503","name":"bceco","image":{"@type":"ImageObject","inLanguage":"en-US","@id":"https:\/\/ikar.dev\/bceco-v2\/#\/schema\/person\/image\/","url":"https:\/\/secure.gravatar.com\/avatar\/55c07e1707f50774ef3c842c9d074773a6b558a20fbd1608c8e4871bc88f3455?s=96&d=mm&r=g","contentUrl":"https:\/\/secure.gravatar.com\/avatar\/55c07e1707f50774ef3c842c9d074773a6b558a20fbd1608c8e4871bc88f3455?s=96&d=mm&r=g","caption":"bceco"},"sameAs":["https:\/\/ikar.dev\/bceco-v2"],"url":"https:\/\/ikar.dev\/bceco-v2\/author\/bceco\/"}]}},"_links":{"self":[{"href":"https:\/\/ikar.dev\/bceco-v2\/wp-json\/wp\/v2\/posts\/38412","targetHints":{"allow":["GET"]}}],"collection":[{"href":"https:\/\/ikar.dev\/bceco-v2\/wp-json\/wp\/v2\/posts"}],"about":[{"href":"https:\/\/ikar.dev\/bceco-v2\/wp-json\/wp\/v2\/types\/post"}],"author":[{"embeddable":true,"href":"https:\/\/ikar.dev\/bceco-v2\/wp-json\/wp\/v2\/users\/1"}],"replies":[{"embeddable":true,"href":"https:\/\/ikar.dev\/bceco-v2\/wp-json\/wp\/v2\/comments?post=38412"}],"version-history":[{"count":1,"href":"https:\/\/ikar.dev\/bceco-v2\/wp-json\/wp\/v2\/posts\/38412\/revisions"}],"predecessor-version":[{"id":56356,"href":"https:\/\/ikar.dev\/bceco-v2\/wp-json\/wp\/v2\/posts\/38412\/revisions\/56356"}],"wp:featuredmedia":[{"embeddable":true,"href":"https:\/\/ikar.dev\/bceco-v2\/wp-json\/wp\/v2\/media\/38415"}],"wp:attachment":[{"href":"https:\/\/ikar.dev\/bceco-v2\/wp-json\/wp\/v2\/media?parent=38412"}],"wp:term":[{"taxonomy":"category","embeddable":true,"href":"https:\/\/ikar.dev\/bceco-v2\/wp-json\/wp\/v2\/categories?post=38412"},{"taxonomy":"post_tag","embeddable":true,"href":"https:\/\/ikar.dev\/bceco-v2\/wp-json\/wp\/v2\/tags?post=38412"}],"curies":[{"name":"wp","href":"https:\/\/api.w.org\/{rel}","templated":true}]}}