{"id":36659,"date":"2024-04-30T13:19:00","date_gmt":"2024-04-30T13:19:00","guid":{"rendered":"https:\/\/bceco.cd\/?p=36659"},"modified":"2025-12-23T17:24:13","modified_gmt":"2025-12-23T16:24:13","slug":"evolution-des-travaux-de-differents-projets-le-bceco-decide-a-livrer-la-vraie-information","status":"publish","type":"post","link":"https:\/\/ikar.dev\/bceco-v2\/evolution-des-travaux-de-differents-projets-le-bceco-decide-a-livrer-la-vraie-information\/","title":{"rendered":"\u00c9volution des travaux de diff\u00e9rents projets : Le BCECO d\u00e9cid\u00e9 \u00e0 livrer la vraie information !"},"content":{"rendered":"<p style=\"text-align: justify;\">Le Bureau Central de Coordination, BCeCo, par l&#8217;entremise de son Directeur G\u00e9n\u00e9ral, Monsieur Jean Mabi Mulumba, s&#8217; adonne depuis quelques semaines \u00e0 l&#8217;organisation des journ\u00e9es d&#8217;information \u00e0 l&#8217;\u00e9gard des acteurs politiques et de la soci\u00e9t\u00e9 civile du Kasa\u00ef central et d&#8217;autres provinces durant tout le mois d&#8217;avril 2024.<\/p>\n\n<p style=\"text-align: justify;\">Ces activit\u00e9s qui se sont d\u00e9roul\u00e9es le 10, 19 et 26 avril dernier ont \u00e9t\u00e9 un r\u00e9el cadre d&#8217;\u00e9change qui ont r\u00e9uni d&#8217;une part, la partie BCeCo et d&#8217;autre part, les diverses d\u00e9l\u00e9gations selon le calendrier envoy\u00e9 aux uns et aux autres.<\/p>\n\n<p style=\"text-align: justify;\">Transparence et r\u00e9devabilit\u00e9 obligeant, \u00e0 chaque entrevue, Jean Mabi a expos\u00e9 \u00e0 ses h\u00f4tes l&#8217;\u00e9volution des travaux de divers projets en cours d&#8217;ex\u00e9cution, en g\u00e9n\u00e9ral et plus particuli\u00e8rement dans la province du Kasa\u00ef central<\/p>\n\n\n<figure class=\"wp-block-image size-full\"><img fetchpriority=\"high\" decoding=\"async\" width=\"1280\" height=\"853\" src=\"https:\/\/ikar.dev\/bceco-v2\/wp-content\/uploads\/2024\/04\/Le-BCECO-decide-a-livrer-la-vraie-information-15.jpg\" alt=\"\" class=\"wp-image-36676\" srcset=\"https:\/\/ikar.dev\/bceco-v2\/wp-content\/uploads\/2024\/04\/Le-BCECO-decide-a-livrer-la-vraie-information-15.jpg 1280w, https:\/\/ikar.dev\/bceco-v2\/wp-content\/uploads\/2024\/04\/Le-BCECO-decide-a-livrer-la-vraie-information-15-768x512.jpg 768w, https:\/\/ikar.dev\/bceco-v2\/wp-content\/uploads\/2024\/04\/Le-BCECO-decide-a-livrer-la-vraie-information-15-600x400.jpg 600w\" sizes=\"(max-width: 1280px) 100vw, 1280px\" \/><\/figure>\n\n\n<p style=\"text-align: justify;\">A ce jour trois organisations sont pass\u00e9es dans le cadre choisi pour abriter ces assises il s&#8217;agit notamment de la Soci\u00e9t\u00e9 Civile du Kasa\u00ef Central, du Forum R\u00e9gion Centre et de la Soci\u00e9t\u00e9 Civile Patriotique.<\/p>\n\n<p style=\"text-align: justify;\">Du PDL 145 Territoires en passant par la voirie urbaine de Kananga, la nouvelle morgue de l&#8217;H\u00f4pital G\u00e9n\u00e9ral Provincial de R\u00e9f\u00e9rence de Kananga, l&#8217;h\u00f4pital militaire du Camp Colonel Tshatshi, du Centre Hospitalier Universitaire Renaissance (ex Maman Yemo) ou encore la route Kalamba Mbuji et le barrage des chutes Mbombo, pour ne citer que ceux-l\u00e0, l&#8217;\u00e9tat d&#8217;avancement de tous ces projets a \u00e9t\u00e9 expos\u00e9 de mani\u00e8re claire et nette.<\/p>\n\n<p style=\"text-align: justify;\">Ensuite, un jeu des questions-r\u00e9ponses s&#8217;est engag\u00e9 en vue d&#8217;\u00e9clairer la lanterne des uns et des autres. Ces moments qui se sont av\u00e9r\u00e9s riches en \u00e9changes d&#8217;id\u00e9es et d&#8217;exp\u00e9riences \u00e9taient aussi des moments de convivialit\u00e9.<\/p>\n\n\n<figure class=\"wp-block-image size-full\"><img decoding=\"async\" width=\"1280\" height=\"853\" src=\"https:\/\/ikar.dev\/bceco-v2\/wp-content\/uploads\/2024\/04\/Le-BCECO-decide-a-livrer-la-vraie-information-13.jpg\" alt=\"\" class=\"wp-image-36674\" srcset=\"https:\/\/ikar.dev\/bceco-v2\/wp-content\/uploads\/2024\/04\/Le-BCECO-decide-a-livrer-la-vraie-information-13.jpg 1280w, https:\/\/ikar.dev\/bceco-v2\/wp-content\/uploads\/2024\/04\/Le-BCECO-decide-a-livrer-la-vraie-information-13-768x512.jpg 768w, https:\/\/ikar.dev\/bceco-v2\/wp-content\/uploads\/2024\/04\/Le-BCECO-decide-a-livrer-la-vraie-information-13-600x400.jpg 600w\" sizes=\"(max-width: 1280px) 100vw, 1280px\" \/><\/figure>\n\n\n<p style=\"text-align: justify;\">Pour ces acteurs de la soci\u00e9t\u00e9 civile, tous ces projets ont une grande importance et doivent \u00eatre men\u00e9s \u00e0 bon port.<\/p>\n\n<p style=\"text-align: justify;\">Ainsi pour chaque groupe re\u00e7u le message est le m\u00eame :&#8221; accompagner le Bureau Central de Coordination pour une issue heureuse des travaux d\u00e9j\u00e0 entam\u00e9s et d&#8217;autres en attente. De leur c\u00f4t\u00e9, tous ces acteurs de la Soci\u00e9t\u00e9 se sont engag\u00e9s \u00e0 mener des plaidoyers aupr\u00e8s de diff\u00e9rentes autorit\u00e9s nationales et provinciales afin que tous ces projets aboutissent dans les d\u00e9lais impartis.<\/p>\n\n<p style=\"text-align: justify;\">Ces entretiens qui en valent leur pesant d&#8217;or \u00e9taient aussi l&#8217;occasion pour la Soci\u00e9t\u00e9 Civile de s&#8217;engager, d\u00e9sormais, de trouver l&#8217;information \u00e0 la Source afin de passer le vrai message \u00e0 leurs populations respectives.<\/p>\n\n\n<figure class=\"wp-block-embed is-type-video is-provider-youtube wp-block-embed-youtube wp-embed-aspect-16-9 wp-has-aspect-ratio\"><div class=\"wp-block-embed__wrapper\">\n<iframe title=\"#RDC #Kinshasa | BCeCo : Une Matin\u00e9e d\u2019Information \u00e0 l\u2019attention du Forum R\u00e9gion\u00a0Centre\" width=\"500\" height=\"281\" src=\"https:\/\/www.youtube.com\/embed\/CerWCJWT28U?feature=oembed\" frameborder=\"0\" allow=\"accelerometer; autoplay; clipboard-write; encrypted-media; gyroscope; picture-in-picture; web-share\" referrerpolicy=\"strict-origin-when-cross-origin\" allowfullscreen><\/iframe>\n<\/div><figcaption class=\"wp-element-caption\"><a href=\"https:\/\/youtu.be\/CerWCJWT28U\" target=\"_blank\" rel=\"noreferrer noopener\">#RDC\u00a0#Kinshasa\u00a0| BCeCo : Une Matin\u00e9e d\u2019Information \u00e0 l\u2019attention du Forum R\u00e9gion\u00a0Centre<\/a><\/figcaption><\/figure>\n\n\n\n<figure class=\"wp-block-embed is-type-video is-provider-youtube wp-block-embed-youtube wp-embed-aspect-16-9 wp-has-aspect-ratio\"><div class=\"wp-block-embed__wrapper\">\n<iframe title=\"#RDC | Journ\u00e9e d&#039;information a l&#039;intention des acteurs de la soci\u00e9t\u00e9 civile Du\u00a0Kasa\u00ef-Central\" width=\"500\" height=\"281\" src=\"https:\/\/www.youtube.com\/embed\/hpzaFljMEMc?feature=oembed\" frameborder=\"0\" allow=\"accelerometer; autoplay; clipboard-write; encrypted-media; gyroscope; picture-in-picture; web-share\" referrerpolicy=\"strict-origin-when-cross-origin\" allowfullscreen><\/iframe>\n<\/div><figcaption class=\"wp-element-caption\"><a href=\"https:\/\/youtu.be\/hpzaFljMEMc\" target=\"_blank\" rel=\"noreferrer noopener\">#RDC\u00a0| Journ\u00e9e d&#8217;information a l&#8217;intention des acteurs de la soci\u00e9t\u00e9 civile Du\u00a0Kasa\u00ef-Central<\/a><\/figcaption><\/figure>\n\n\n\n<figure class=\"wp-block-embed is-type-video is-provider-youtube wp-block-embed-youtube wp-embed-aspect-16-9 wp-has-aspect-ratio\"><div class=\"wp-block-embed__wrapper\">\n<iframe title=\"#RDC | BCeCo : Journ\u00e9e d&#039;information \u00e0 l&#039;intention de la Soci\u00e9t\u00e9 Civile Patriotique et la Lizadeel.\" width=\"500\" height=\"281\" src=\"https:\/\/www.youtube.com\/embed\/yuhcch53WFA?feature=oembed\" frameborder=\"0\" allow=\"accelerometer; autoplay; clipboard-write; encrypted-media; gyroscope; picture-in-picture; web-share\" referrerpolicy=\"strict-origin-when-cross-origin\" allowfullscreen><\/iframe>\n<\/div><figcaption class=\"wp-element-caption\"><a href=\"https:\/\/youtu.be\/yuhcch53WFA\" target=\"_blank\" rel=\"noreferrer noopener\">#RDC\u00a0| BCeCo : Journ\u00e9e d&#8217;information \u00e0 l&#8217;intention de la Soci\u00e9t\u00e9 Civile Patriotique et la Lizadeel.<\/a><\/figcaption><\/figure>\n","protected":false},"excerpt":{"rendered":"<p>Le Bureau Central de Coordination, BCeCo, par l&#8217;entremise de son Directeur G\u00e9n\u00e9ral, Monsieur Jean Mabi Mulumba, s&#8217; adonne depuis quelques semaines \u00e0 l&#8217;organisation des journ\u00e9es d&#8217;information \u00e0 l&#8217;\u00e9gard des acteurs politiques et de la soci\u00e9t\u00e9 civile du Kasa\u00ef central et d&#8217;autres provinces durant tout le mois d&#8217;avril 2024. Ces activit\u00e9s qui se sont d\u00e9roul\u00e9es le<\/p>\n","protected":false},"author":1,"featured_media":36673,"comment_status":"open","ping_status":"open","sticky":false,"template":"","format":"standard","meta":{"footnotes":""},"categories":[69,61],"tags":[],"class_list":["post-36659","post","type-post","status-publish","format-standard","has-post-thumbnail","hentry","category-actualites","category-pdl145t"],"yoast_head":"<!-- This site is optimized with the Yoast SEO plugin v26.7 - https:\/\/yoast.com\/wordpress\/plugins\/seo\/ -->\n<title>\u00c9volution des travaux de diff\u00e9rents projets : Le BCECO d\u00e9cid\u00e9 \u00e0 livrer la vraie information ! - Bureau Central de Coordination<\/title>\n<meta name=\"description\" content=\"Le Bureau Central de Coordination, BCeCo, par l&#039;entremise de son Directeur G\u00e9n\u00e9ral, Monsieur Jean Mabi Mulumba, s&#039; adonne depuis quelques semaines \u00e0 l&#039;organisation des journ\u00e9es d&#039;information \u00e0 l&#039;\u00e9gard des acteurs politiques et de la soci\u00e9t\u00e9 civile du Kasa\u00ef central et d&#039;autres provinces durant tout le mois d&#039;avril 2024.\" \/>\n<meta name=\"robots\" content=\"index, follow, max-snippet:-1, max-image-preview:large, max-video-preview:-1\" \/>\n<link rel=\"canonical\" href=\"https:\/\/ikar.dev\/bceco-v2\/evolution-des-travaux-de-differents-projets-le-bceco-decide-a-livrer-la-vraie-information\/\" \/>\n<meta property=\"og:locale\" content=\"en_US\" \/>\n<meta property=\"og:type\" content=\"article\" \/>\n<meta property=\"og:title\" content=\"\u00c9volution des travaux de diff\u00e9rents projets : Le BCECO d\u00e9cid\u00e9 \u00e0 livrer la vraie information ! - Bureau Central de Coordination\" \/>\n<meta property=\"og:description\" content=\"Le Bureau Central de Coordination, BCeCo, par l&#039;entremise de son Directeur G\u00e9n\u00e9ral, Monsieur Jean Mabi Mulumba, s&#039; adonne depuis quelques semaines \u00e0 l&#039;organisation des journ\u00e9es d&#039;information \u00e0 l&#039;\u00e9gard des acteurs politiques et de la soci\u00e9t\u00e9 civile du Kasa\u00ef central et d&#039;autres provinces durant tout le mois d&#039;avril 2024.\" \/>\n<meta property=\"og:url\" content=\"https:\/\/ikar.dev\/bceco-v2\/evolution-des-travaux-de-differents-projets-le-bceco-decide-a-livrer-la-vraie-information\/\" \/>\n<meta property=\"og:site_name\" content=\"Bureau Central de Coordination\" \/>\n<meta property=\"article:publisher\" content=\"https:\/\/www.facebook.com\/BCeCoRDC\" \/>\n<meta property=\"article:published_time\" content=\"2024-04-30T13:19:00+00:00\" \/>\n<meta property=\"article:modified_time\" content=\"2025-12-23T16:24:13+00:00\" \/>\n<meta property=\"og:image\" content=\"https:\/\/ikar.dev\/bceco-v2\/wp-content\/uploads\/2024\/04\/Le-BCECO-decide-a-livrer-la-vraie-information-12.jpg\" \/>\n\t<meta property=\"og:image:width\" content=\"1280\" \/>\n\t<meta property=\"og:image:height\" content=\"853\" \/>\n\t<meta property=\"og:image:type\" content=\"image\/jpeg\" \/>\n<meta name=\"author\" content=\"bceco\" \/>\n<meta name=\"twitter:card\" content=\"summary_large_image\" \/>\n<meta name=\"twitter:creator\" content=\"@BCeCoRDC\" \/>\n<meta name=\"twitter:site\" content=\"@BCeCoRDC\" \/>\n<meta name=\"twitter:label1\" content=\"Written by\" \/>\n\t<meta name=\"twitter:data1\" content=\"bceco\" \/>\n\t<meta name=\"twitter:label2\" content=\"Est. reading time\" \/>\n\t<meta name=\"twitter:data2\" content=\"3 minutes\" \/>\n<script type=\"application\/ld+json\" class=\"yoast-schema-graph\">{\"@context\":\"https:\/\/schema.org\",\"@graph\":[{\"@type\":\"Article\",\"@id\":\"https:\/\/ikar.dev\/bceco-v2\/evolution-des-travaux-de-differents-projets-le-bceco-decide-a-livrer-la-vraie-information\/#article\",\"isPartOf\":{\"@id\":\"https:\/\/ikar.dev\/bceco-v2\/evolution-des-travaux-de-differents-projets-le-bceco-decide-a-livrer-la-vraie-information\/\"},\"author\":{\"name\":\"bceco\",\"@id\":\"https:\/\/ikar.dev\/bceco-v2\/#\/schema\/person\/6ee74807ffb016a78852fec6a295d503\"},\"headline\":\"\u00c9volution des travaux de diff\u00e9rents projets : Le BCECO d\u00e9cid\u00e9 \u00e0 livrer la vraie information !\",\"datePublished\":\"2024-04-30T13:19:00+00:00\",\"dateModified\":\"2025-12-23T16:24:13+00:00\",\"mainEntityOfPage\":{\"@id\":\"https:\/\/ikar.dev\/bceco-v2\/evolution-des-travaux-de-differents-projets-le-bceco-decide-a-livrer-la-vraie-information\/\"},\"wordCount\":517,\"commentCount\":1,\"publisher\":{\"@id\":\"https:\/\/ikar.dev\/bceco-v2\/#organization\"},\"image\":{\"@id\":\"https:\/\/ikar.dev\/bceco-v2\/evolution-des-travaux-de-differents-projets-le-bceco-decide-a-livrer-la-vraie-information\/#primaryimage\"},\"thumbnailUrl\":\"https:\/\/ikar.dev\/bceco-v2\/wp-content\/uploads\/2024\/04\/Le-BCECO-decide-a-livrer-la-vraie-information-12.jpg\",\"articleSection\":[\"Actualit\u00e9s\",\"PDL145T\"],\"inLanguage\":\"en-US\",\"potentialAction\":[{\"@type\":\"CommentAction\",\"name\":\"Comment\",\"target\":[\"https:\/\/ikar.dev\/bceco-v2\/evolution-des-travaux-de-differents-projets-le-bceco-decide-a-livrer-la-vraie-information\/#respond\"]}]},{\"@type\":\"WebPage\",\"@id\":\"https:\/\/ikar.dev\/bceco-v2\/evolution-des-travaux-de-differents-projets-le-bceco-decide-a-livrer-la-vraie-information\/\",\"url\":\"https:\/\/ikar.dev\/bceco-v2\/evolution-des-travaux-de-differents-projets-le-bceco-decide-a-livrer-la-vraie-information\/\",\"name\":\"\u00c9volution des travaux de diff\u00e9rents projets : Le BCECO d\u00e9cid\u00e9 \u00e0 livrer la vraie information ! - Bureau Central de Coordination\",\"isPartOf\":{\"@id\":\"https:\/\/ikar.dev\/bceco-v2\/#website\"},\"primaryImageOfPage\":{\"@id\":\"https:\/\/ikar.dev\/bceco-v2\/evolution-des-travaux-de-differents-projets-le-bceco-decide-a-livrer-la-vraie-information\/#primaryimage\"},\"image\":{\"@id\":\"https:\/\/ikar.dev\/bceco-v2\/evolution-des-travaux-de-differents-projets-le-bceco-decide-a-livrer-la-vraie-information\/#primaryimage\"},\"thumbnailUrl\":\"https:\/\/ikar.dev\/bceco-v2\/wp-content\/uploads\/2024\/04\/Le-BCECO-decide-a-livrer-la-vraie-information-12.jpg\",\"datePublished\":\"2024-04-30T13:19:00+00:00\",\"dateModified\":\"2025-12-23T16:24:13+00:00\",\"description\":\"Le Bureau Central de Coordination, BCeCo, par l'entremise de son Directeur G\u00e9n\u00e9ral, Monsieur Jean Mabi Mulumba, s' adonne depuis quelques semaines \u00e0 l'organisation des journ\u00e9es d'information \u00e0 l'\u00e9gard des acteurs politiques et de la soci\u00e9t\u00e9 civile du Kasa\u00ef central et d'autres provinces durant tout le mois d'avril 2024.\",\"breadcrumb\":{\"@id\":\"https:\/\/ikar.dev\/bceco-v2\/evolution-des-travaux-de-differents-projets-le-bceco-decide-a-livrer-la-vraie-information\/#breadcrumb\"},\"inLanguage\":\"en-US\",\"potentialAction\":[{\"@type\":\"ReadAction\",\"target\":[\"https:\/\/ikar.dev\/bceco-v2\/evolution-des-travaux-de-differents-projets-le-bceco-decide-a-livrer-la-vraie-information\/\"]}]},{\"@type\":\"ImageObject\",\"inLanguage\":\"en-US\",\"@id\":\"https:\/\/ikar.dev\/bceco-v2\/evolution-des-travaux-de-differents-projets-le-bceco-decide-a-livrer-la-vraie-information\/#primaryimage\",\"url\":\"https:\/\/ikar.dev\/bceco-v2\/wp-content\/uploads\/2024\/04\/Le-BCECO-decide-a-livrer-la-vraie-information-12.jpg\",\"contentUrl\":\"https:\/\/ikar.dev\/bceco-v2\/wp-content\/uploads\/2024\/04\/Le-BCECO-decide-a-livrer-la-vraie-information-12.jpg\",\"width\":1280,\"height\":853},{\"@type\":\"BreadcrumbList\",\"@id\":\"https:\/\/ikar.dev\/bceco-v2\/evolution-des-travaux-de-differents-projets-le-bceco-decide-a-livrer-la-vraie-information\/#breadcrumb\",\"itemListElement\":[{\"@type\":\"ListItem\",\"position\":1,\"name\":\"Accueil\",\"item\":\"https:\/\/ikar.dev\/bceco-v2\/\"},{\"@type\":\"ListItem\",\"position\":2,\"name\":\"\u00c9volution des travaux de diff\u00e9rents projets : Le BCECO d\u00e9cid\u00e9 \u00e0 livrer la vraie information !\"}]},{\"@type\":\"WebSite\",\"@id\":\"https:\/\/ikar.dev\/bceco-v2\/#website\",\"url\":\"https:\/\/ikar.dev\/bceco-v2\/\",\"name\":\"Bureau Central de Coordination\",\"description\":\"B.Ce.Co \u2013 Au c\u0153ur de l\u2019ex\u00e9cution des projets de d\u00e9veloppement en RDC\",\"publisher\":{\"@id\":\"https:\/\/ikar.dev\/bceco-v2\/#organization\"},\"potentialAction\":[{\"@type\":\"SearchAction\",\"target\":{\"@type\":\"EntryPoint\",\"urlTemplate\":\"https:\/\/ikar.dev\/bceco-v2\/?s={search_term_string}\"},\"query-input\":{\"@type\":\"PropertyValueSpecification\",\"valueRequired\":true,\"valueName\":\"search_term_string\"}}],\"inLanguage\":\"en-US\"},{\"@type\":\"Organization\",\"@id\":\"https:\/\/ikar.dev\/bceco-v2\/#organization\",\"name\":\"Bureau Central de Coordination\",\"url\":\"https:\/\/ikar.dev\/bceco-v2\/\",\"logo\":{\"@type\":\"ImageObject\",\"inLanguage\":\"en-US\",\"@id\":\"https:\/\/ikar.dev\/bceco-v2\/#\/schema\/logo\/image\/\",\"url\":\"https:\/\/ikar.dev\/bceco-v2\/wp-content\/uploads\/2025\/12\/BCECO-Bureau-Central-de-Coordination.jpg\",\"contentUrl\":\"https:\/\/ikar.dev\/bceco-v2\/wp-content\/uploads\/2025\/12\/BCECO-Bureau-Central-de-Coordination.jpg\",\"width\":2048,\"height\":2048,\"caption\":\"Bureau Central de Coordination\"},\"image\":{\"@id\":\"https:\/\/ikar.dev\/bceco-v2\/#\/schema\/logo\/image\/\"},\"sameAs\":[\"https:\/\/www.facebook.com\/BCeCoRDC\",\"https:\/\/x.com\/BCeCoRDC\"]},{\"@type\":\"Person\",\"@id\":\"https:\/\/ikar.dev\/bceco-v2\/#\/schema\/person\/6ee74807ffb016a78852fec6a295d503\",\"name\":\"bceco\",\"image\":{\"@type\":\"ImageObject\",\"inLanguage\":\"en-US\",\"@id\":\"https:\/\/ikar.dev\/bceco-v2\/#\/schema\/person\/image\/\",\"url\":\"https:\/\/secure.gravatar.com\/avatar\/55c07e1707f50774ef3c842c9d074773a6b558a20fbd1608c8e4871bc88f3455?s=96&d=mm&r=g\",\"contentUrl\":\"https:\/\/secure.gravatar.com\/avatar\/55c07e1707f50774ef3c842c9d074773a6b558a20fbd1608c8e4871bc88f3455?s=96&d=mm&r=g\",\"caption\":\"bceco\"},\"sameAs\":[\"https:\/\/ikar.dev\/bceco-v2\"],\"url\":\"https:\/\/ikar.dev\/bceco-v2\/author\/bceco\/\"}]}<\/script>\n<!-- \/ Yoast SEO plugin. -->","yoast_head_json":{"title":"\u00c9volution des travaux de diff\u00e9rents projets : Le BCECO d\u00e9cid\u00e9 \u00e0 livrer la vraie information ! - Bureau Central de Coordination","description":"Le Bureau Central de Coordination, BCeCo, par l'entremise de son Directeur G\u00e9n\u00e9ral, Monsieur Jean Mabi Mulumba, s' adonne depuis quelques semaines \u00e0 l'organisation des journ\u00e9es d'information \u00e0 l'\u00e9gard des acteurs politiques et de la soci\u00e9t\u00e9 civile du Kasa\u00ef central et d'autres provinces durant tout le mois d'avril 2024.","robots":{"index":"index","follow":"follow","max-snippet":"max-snippet:-1","max-image-preview":"max-image-preview:large","max-video-preview":"max-video-preview:-1"},"canonical":"https:\/\/ikar.dev\/bceco-v2\/evolution-des-travaux-de-differents-projets-le-bceco-decide-a-livrer-la-vraie-information\/","og_locale":"en_US","og_type":"article","og_title":"\u00c9volution des travaux de diff\u00e9rents projets : Le BCECO d\u00e9cid\u00e9 \u00e0 livrer la vraie information ! - Bureau Central de Coordination","og_description":"Le Bureau Central de Coordination, BCeCo, par l'entremise de son Directeur G\u00e9n\u00e9ral, Monsieur Jean Mabi Mulumba, s' adonne depuis quelques semaines \u00e0 l'organisation des journ\u00e9es d'information \u00e0 l'\u00e9gard des acteurs politiques et de la soci\u00e9t\u00e9 civile du Kasa\u00ef central et d'autres provinces durant tout le mois d'avril 2024.","og_url":"https:\/\/ikar.dev\/bceco-v2\/evolution-des-travaux-de-differents-projets-le-bceco-decide-a-livrer-la-vraie-information\/","og_site_name":"Bureau Central de Coordination","article_publisher":"https:\/\/www.facebook.com\/BCeCoRDC","article_published_time":"2024-04-30T13:19:00+00:00","article_modified_time":"2025-12-23T16:24:13+00:00","og_image":[{"width":1280,"height":853,"url":"https:\/\/ikar.dev\/bceco-v2\/wp-content\/uploads\/2024\/04\/Le-BCECO-decide-a-livrer-la-vraie-information-12.jpg","type":"image\/jpeg"}],"author":"bceco","twitter_card":"summary_large_image","twitter_creator":"@BCeCoRDC","twitter_site":"@BCeCoRDC","twitter_misc":{"Written by":"bceco","Est. reading time":"3 minutes"},"schema":{"@context":"https:\/\/schema.org","@graph":[{"@type":"Article","@id":"https:\/\/ikar.dev\/bceco-v2\/evolution-des-travaux-de-differents-projets-le-bceco-decide-a-livrer-la-vraie-information\/#article","isPartOf":{"@id":"https:\/\/ikar.dev\/bceco-v2\/evolution-des-travaux-de-differents-projets-le-bceco-decide-a-livrer-la-vraie-information\/"},"author":{"name":"bceco","@id":"https:\/\/ikar.dev\/bceco-v2\/#\/schema\/person\/6ee74807ffb016a78852fec6a295d503"},"headline":"\u00c9volution des travaux de diff\u00e9rents projets : Le BCECO d\u00e9cid\u00e9 \u00e0 livrer la vraie information !","datePublished":"2024-04-30T13:19:00+00:00","dateModified":"2025-12-23T16:24:13+00:00","mainEntityOfPage":{"@id":"https:\/\/ikar.dev\/bceco-v2\/evolution-des-travaux-de-differents-projets-le-bceco-decide-a-livrer-la-vraie-information\/"},"wordCount":517,"commentCount":1,"publisher":{"@id":"https:\/\/ikar.dev\/bceco-v2\/#organization"},"image":{"@id":"https:\/\/ikar.dev\/bceco-v2\/evolution-des-travaux-de-differents-projets-le-bceco-decide-a-livrer-la-vraie-information\/#primaryimage"},"thumbnailUrl":"https:\/\/ikar.dev\/bceco-v2\/wp-content\/uploads\/2024\/04\/Le-BCECO-decide-a-livrer-la-vraie-information-12.jpg","articleSection":["Actualit\u00e9s","PDL145T"],"inLanguage":"en-US","potentialAction":[{"@type":"CommentAction","name":"Comment","target":["https:\/\/ikar.dev\/bceco-v2\/evolution-des-travaux-de-differents-projets-le-bceco-decide-a-livrer-la-vraie-information\/#respond"]}]},{"@type":"WebPage","@id":"https:\/\/ikar.dev\/bceco-v2\/evolution-des-travaux-de-differents-projets-le-bceco-decide-a-livrer-la-vraie-information\/","url":"https:\/\/ikar.dev\/bceco-v2\/evolution-des-travaux-de-differents-projets-le-bceco-decide-a-livrer-la-vraie-information\/","name":"\u00c9volution des travaux de diff\u00e9rents projets : Le BCECO d\u00e9cid\u00e9 \u00e0 livrer la vraie information ! - Bureau Central de Coordination","isPartOf":{"@id":"https:\/\/ikar.dev\/bceco-v2\/#website"},"primaryImageOfPage":{"@id":"https:\/\/ikar.dev\/bceco-v2\/evolution-des-travaux-de-differents-projets-le-bceco-decide-a-livrer-la-vraie-information\/#primaryimage"},"image":{"@id":"https:\/\/ikar.dev\/bceco-v2\/evolution-des-travaux-de-differents-projets-le-bceco-decide-a-livrer-la-vraie-information\/#primaryimage"},"thumbnailUrl":"https:\/\/ikar.dev\/bceco-v2\/wp-content\/uploads\/2024\/04\/Le-BCECO-decide-a-livrer-la-vraie-information-12.jpg","datePublished":"2024-04-30T13:19:00+00:00","dateModified":"2025-12-23T16:24:13+00:00","description":"Le Bureau Central de Coordination, BCeCo, par l'entremise de son Directeur G\u00e9n\u00e9ral, Monsieur Jean Mabi Mulumba, s' adonne depuis quelques semaines \u00e0 l'organisation des journ\u00e9es d'information \u00e0 l'\u00e9gard des acteurs politiques et de la soci\u00e9t\u00e9 civile du Kasa\u00ef central et d'autres provinces durant tout le mois d'avril 2024.","breadcrumb":{"@id":"https:\/\/ikar.dev\/bceco-v2\/evolution-des-travaux-de-differents-projets-le-bceco-decide-a-livrer-la-vraie-information\/#breadcrumb"},"inLanguage":"en-US","potentialAction":[{"@type":"ReadAction","target":["https:\/\/ikar.dev\/bceco-v2\/evolution-des-travaux-de-differents-projets-le-bceco-decide-a-livrer-la-vraie-information\/"]}]},{"@type":"ImageObject","inLanguage":"en-US","@id":"https:\/\/ikar.dev\/bceco-v2\/evolution-des-travaux-de-differents-projets-le-bceco-decide-a-livrer-la-vraie-information\/#primaryimage","url":"https:\/\/ikar.dev\/bceco-v2\/wp-content\/uploads\/2024\/04\/Le-BCECO-decide-a-livrer-la-vraie-information-12.jpg","contentUrl":"https:\/\/ikar.dev\/bceco-v2\/wp-content\/uploads\/2024\/04\/Le-BCECO-decide-a-livrer-la-vraie-information-12.jpg","width":1280,"height":853},{"@type":"BreadcrumbList","@id":"https:\/\/ikar.dev\/bceco-v2\/evolution-des-travaux-de-differents-projets-le-bceco-decide-a-livrer-la-vraie-information\/#breadcrumb","itemListElement":[{"@type":"ListItem","position":1,"name":"Accueil","item":"https:\/\/ikar.dev\/bceco-v2\/"},{"@type":"ListItem","position":2,"name":"\u00c9volution des travaux de diff\u00e9rents projets : Le BCECO d\u00e9cid\u00e9 \u00e0 livrer la vraie information !"}]},{"@type":"WebSite","@id":"https:\/\/ikar.dev\/bceco-v2\/#website","url":"https:\/\/ikar.dev\/bceco-v2\/","name":"Bureau Central de Coordination","description":"B.Ce.Co \u2013 Au c\u0153ur de l\u2019ex\u00e9cution des projets de d\u00e9veloppement en RDC","publisher":{"@id":"https:\/\/ikar.dev\/bceco-v2\/#organization"},"potentialAction":[{"@type":"SearchAction","target":{"@type":"EntryPoint","urlTemplate":"https:\/\/ikar.dev\/bceco-v2\/?s={search_term_string}"},"query-input":{"@type":"PropertyValueSpecification","valueRequired":true,"valueName":"search_term_string"}}],"inLanguage":"en-US"},{"@type":"Organization","@id":"https:\/\/ikar.dev\/bceco-v2\/#organization","name":"Bureau Central de Coordination","url":"https:\/\/ikar.dev\/bceco-v2\/","logo":{"@type":"ImageObject","inLanguage":"en-US","@id":"https:\/\/ikar.dev\/bceco-v2\/#\/schema\/logo\/image\/","url":"https:\/\/ikar.dev\/bceco-v2\/wp-content\/uploads\/2025\/12\/BCECO-Bureau-Central-de-Coordination.jpg","contentUrl":"https:\/\/ikar.dev\/bceco-v2\/wp-content\/uploads\/2025\/12\/BCECO-Bureau-Central-de-Coordination.jpg","width":2048,"height":2048,"caption":"Bureau Central de Coordination"},"image":{"@id":"https:\/\/ikar.dev\/bceco-v2\/#\/schema\/logo\/image\/"},"sameAs":["https:\/\/www.facebook.com\/BCeCoRDC","https:\/\/x.com\/BCeCoRDC"]},{"@type":"Person","@id":"https:\/\/ikar.dev\/bceco-v2\/#\/schema\/person\/6ee74807ffb016a78852fec6a295d503","name":"bceco","image":{"@type":"ImageObject","inLanguage":"en-US","@id":"https:\/\/ikar.dev\/bceco-v2\/#\/schema\/person\/image\/","url":"https:\/\/secure.gravatar.com\/avatar\/55c07e1707f50774ef3c842c9d074773a6b558a20fbd1608c8e4871bc88f3455?s=96&d=mm&r=g","contentUrl":"https:\/\/secure.gravatar.com\/avatar\/55c07e1707f50774ef3c842c9d074773a6b558a20fbd1608c8e4871bc88f3455?s=96&d=mm&r=g","caption":"bceco"},"sameAs":["https:\/\/ikar.dev\/bceco-v2"],"url":"https:\/\/ikar.dev\/bceco-v2\/author\/bceco\/"}]}},"_links":{"self":[{"href":"https:\/\/ikar.dev\/bceco-v2\/wp-json\/wp\/v2\/posts\/36659","targetHints":{"allow":["GET"]}}],"collection":[{"href":"https:\/\/ikar.dev\/bceco-v2\/wp-json\/wp\/v2\/posts"}],"about":[{"href":"https:\/\/ikar.dev\/bceco-v2\/wp-json\/wp\/v2\/types\/post"}],"author":[{"embeddable":true,"href":"https:\/\/ikar.dev\/bceco-v2\/wp-json\/wp\/v2\/users\/1"}],"replies":[{"embeddable":true,"href":"https:\/\/ikar.dev\/bceco-v2\/wp-json\/wp\/v2\/comments?post=36659"}],"version-history":[{"count":1,"href":"https:\/\/ikar.dev\/bceco-v2\/wp-json\/wp\/v2\/posts\/36659\/revisions"}],"predecessor-version":[{"id":56355,"href":"https:\/\/ikar.dev\/bceco-v2\/wp-json\/wp\/v2\/posts\/36659\/revisions\/56355"}],"wp:featuredmedia":[{"embeddable":true,"href":"https:\/\/ikar.dev\/bceco-v2\/wp-json\/wp\/v2\/media\/36673"}],"wp:attachment":[{"href":"https:\/\/ikar.dev\/bceco-v2\/wp-json\/wp\/v2\/media?parent=36659"}],"wp:term":[{"taxonomy":"category","embeddable":true,"href":"https:\/\/ikar.dev\/bceco-v2\/wp-json\/wp\/v2\/categories?post=36659"},{"taxonomy":"post_tag","embeddable":true,"href":"https:\/\/ikar.dev\/bceco-v2\/wp-json\/wp\/v2\/tags?post=36659"}],"curies":[{"name":"wp","href":"https:\/\/api.w.org\/{rel}","templated":true}]}}