{"id":35851,"date":"2024-04-05T12:47:00","date_gmt":"2024-04-05T12:47:00","guid":{"rendered":"https:\/\/bceco.cd\/?p=35851"},"modified":"2025-12-23T17:24:09","modified_gmt":"2025-12-23T16:24:09","slug":"evolution-des-differents-projets-dans-le-kasai-central-le-bceco-organise-une-journee-dinformation-a-legard-de-ses-elus-nationaux","status":"publish","type":"post","link":"https:\/\/ikar.dev\/bceco-v2\/evolution-des-differents-projets-dans-le-kasai-central-le-bceco-organise-une-journee-dinformation-a-legard-de-ses-elus-nationaux\/","title":{"rendered":"\u00c9volution des diff\u00e9rents projets dans le Kasa\u00ef Central : Le BCECO organise une journ\u00e9e d&#8217;information \u00e0 l&#8217;\u00e9gard de ses \u00e9lus nationaux !"},"content":{"rendered":"<p class=\"has-text-align-justify\">La maison de France dans la commune de la Gombe a servi de cadre pour le d\u00e9roulement de cette activit\u00e9 qui a r\u00e9uni d&#8217;une part la partie Bceco repr\u00e9sent\u00e9e par son directeur g\u00e9n\u00e9ral Jean Mabi Mulumba et d&#8217;autre part la d\u00e9l\u00e9gation des d\u00e9put\u00e9s nationaux du Kasa\u00ef Central conduite par l&#8217;honorable Valentin Ngandu.<\/p>\n\n\n<figure class=\"wp-block-gallery has-nested-images columns-default is-cropped wp-block-gallery-1 is-layout-flex wp-block-gallery-is-layout-flex\">\n<figure class=\"wp-block-image size-large\"><img fetchpriority=\"high\" decoding=\"async\" width=\"1500\" height=\"1000\" data-id=\"35863\" src=\"https:\/\/ikar.dev\/bceco-v2\/wp-content\/uploads\/2024\/04\/Evolution-des-differents-projets-dans-le-Kasai-Central-_-Le-BCECO-organise-une-journee-dinformation-a-legard-de-ses-elus-nationaux-2.jpg\" alt=\"\" class=\"wp-image-35863\" srcset=\"https:\/\/ikar.dev\/bceco-v2\/wp-content\/uploads\/2024\/04\/Evolution-des-differents-projets-dans-le-Kasai-Central-_-Le-BCECO-organise-une-journee-dinformation-a-legard-de-ses-elus-nationaux-2.jpg 1500w, https:\/\/ikar.dev\/bceco-v2\/wp-content\/uploads\/2024\/04\/Evolution-des-differents-projets-dans-le-Kasai-Central-_-Le-BCECO-organise-une-journee-dinformation-a-legard-de-ses-elus-nationaux-2-768x512.jpg 768w, https:\/\/ikar.dev\/bceco-v2\/wp-content\/uploads\/2024\/04\/Evolution-des-differents-projets-dans-le-Kasai-Central-_-Le-BCECO-organise-une-journee-dinformation-a-legard-de-ses-elus-nationaux-2-600x400.jpg 600w\" sizes=\"(max-width: 1500px) 100vw, 1500px\" \/><\/figure>\n<\/figure>\n\n\n<p class=\"has-text-align-justify\">C&#8217;est dans le souci de la transparence et la r\u00e9devabilit\u00e9 pr\u00f4n\u00e9es par son Directeur G\u00e9n\u00e9ral que le Bureau Central de Coordination, BCeCo a organis\u00e9 le mercredi, 3 avril 2024 une journ\u00e9e d&#8217;information \u00e0 l&#8217;intention des D\u00e9put\u00e9s Nationaux du Kasa\u00ef Central. De prime abord, Jean Mabi Mulumba Directeur G\u00e9n\u00e9ral du BCeCo a pr\u00e9sent\u00e9 les divers projets que son institution conduit dans cette partie du pays.<\/p>\n\n<p class=\"has-text-align-justify\">Du PDL 145 Territoires en passant par la voirie urbaine de Kananga, la nouvelle morgue de l&#8217;h\u00f4pital g\u00e9n\u00e9ral provincial de r\u00e9f\u00e9rence de kananga, ou encore la route Kalamba Mbuji et le barrage des chutes Mbombo, l&#8217;\u00e9tat d&#8217;avancement de tous ces projets a \u00e9t\u00e9 expos\u00e9 de mani\u00e8re claire et nette par celui qui a la charge cette agence de d\u00e9veloppement.<\/p>\n\n\n<figure class=\"wp-block-gallery has-nested-images columns-default is-cropped wp-block-gallery-2 is-layout-flex wp-block-gallery-is-layout-flex\">\n<figure class=\"wp-block-image size-large\"><img decoding=\"async\" width=\"1500\" height=\"1000\" data-id=\"35862\" src=\"https:\/\/ikar.dev\/bceco-v2\/wp-content\/uploads\/2024\/04\/Evolution-des-differents-projets-dans-le-Kasai-Central-_-Le-BCECO-organise-une-journee-dinformation-a-legard-de-ses-elus-nationaux-3.jpg\" alt=\"\" class=\"wp-image-35862\" srcset=\"https:\/\/ikar.dev\/bceco-v2\/wp-content\/uploads\/2024\/04\/Evolution-des-differents-projets-dans-le-Kasai-Central-_-Le-BCECO-organise-une-journee-dinformation-a-legard-de-ses-elus-nationaux-3.jpg 1500w, https:\/\/ikar.dev\/bceco-v2\/wp-content\/uploads\/2024\/04\/Evolution-des-differents-projets-dans-le-Kasai-Central-_-Le-BCECO-organise-une-journee-dinformation-a-legard-de-ses-elus-nationaux-3-768x512.jpg 768w, https:\/\/ikar.dev\/bceco-v2\/wp-content\/uploads\/2024\/04\/Evolution-des-differents-projets-dans-le-Kasai-Central-_-Le-BCECO-organise-une-journee-dinformation-a-legard-de-ses-elus-nationaux-3-600x400.jpg 600w\" sizes=\"(max-width: 1500px) 100vw, 1500px\" \/><\/figure>\n\n\n\n<figure class=\"wp-block-image size-large\"><img decoding=\"async\" width=\"1500\" height=\"1000\" data-id=\"35859\" src=\"https:\/\/ikar.dev\/bceco-v2\/wp-content\/uploads\/2024\/04\/Evolution-des-differents-projets-dans-le-Kasai-Central-_-Le-BCECO-organise-une-journee-dinformation-a-legard-de-ses-elus-nationaux-6.jpg\" alt=\"La maison de France dans la commune de la Gombe a servi de cadre pour le d\u00e9roulement de cette activit\u00e9 qui a r\u00e9uni d'une part la partie Bceco repr\u00e9sent\u00e9e par son directeur g\u00e9n\u00e9ral Jean Mabi Mulumba et d'autre part la d\u00e9l\u00e9gation des d\u00e9put\u00e9s nationaux du Kasa\u00ef Central conduite par l'honorable Valentin Ngandu.\" class=\"wp-image-35859\" srcset=\"https:\/\/ikar.dev\/bceco-v2\/wp-content\/uploads\/2024\/04\/Evolution-des-differents-projets-dans-le-Kasai-Central-_-Le-BCECO-organise-une-journee-dinformation-a-legard-de-ses-elus-nationaux-6.jpg 1500w, https:\/\/ikar.dev\/bceco-v2\/wp-content\/uploads\/2024\/04\/Evolution-des-differents-projets-dans-le-Kasai-Central-_-Le-BCECO-organise-une-journee-dinformation-a-legard-de-ses-elus-nationaux-6-768x512.jpg 768w, https:\/\/ikar.dev\/bceco-v2\/wp-content\/uploads\/2024\/04\/Evolution-des-differents-projets-dans-le-Kasai-Central-_-Le-BCECO-organise-une-journee-dinformation-a-legard-de-ses-elus-nationaux-6-600x400.jpg 600w\" sizes=\"(max-width: 1500px) 100vw, 1500px\" \/><\/figure>\n<\/figure>\n\n\n<p class=\"has-text-align-justify\">A chaque projet expliqu\u00e9 un jeu de questions -r\u00e9ponses s&#8217;est invit\u00e9 engageant parfois un d\u00e9bat riche en \u00e9changes d&#8217;id\u00e9es et d&#8217;exp\u00e9riences.<\/p>\n\n<p class=\"has-text-align-justify\">Pour ces repr\u00e9sentants de la population du centre kasa\u00efen, tous ces projets ont une grande importance et doivent \u00eatre men\u00e9s \u00e0 bon port. Ainsi ils promettent leur implication dans la mobilisation des fonds cons\u00e9quents pour une issue heureuse des travaux d\u00e9j\u00e0 entam\u00e9s et d&#8217;autres en attente, pour ce faire des plaidoyers seront initi\u00e9s dans les jours \u00e0 venir.<\/p>\n\n\n<figure class=\"wp-block-gallery has-nested-images columns-default is-cropped wp-block-gallery-3 is-layout-flex wp-block-gallery-is-layout-flex\">\n<figure class=\"wp-block-image size-large\"><img loading=\"lazy\" decoding=\"async\" width=\"1500\" height=\"1000\" data-id=\"35858\" src=\"https:\/\/ikar.dev\/bceco-v2\/wp-content\/uploads\/2024\/04\/Evolution-des-differents-projets-dans-le-Kasai-Central-_-Le-BCECO-organise-une-journee-dinformation-a-legard-de-ses-elus-nationaux-7.jpg\" alt=\"\" class=\"wp-image-35858\" srcset=\"https:\/\/ikar.dev\/bceco-v2\/wp-content\/uploads\/2024\/04\/Evolution-des-differents-projets-dans-le-Kasai-Central-_-Le-BCECO-organise-une-journee-dinformation-a-legard-de-ses-elus-nationaux-7.jpg 1500w, https:\/\/ikar.dev\/bceco-v2\/wp-content\/uploads\/2024\/04\/Evolution-des-differents-projets-dans-le-Kasai-Central-_-Le-BCECO-organise-une-journee-dinformation-a-legard-de-ses-elus-nationaux-7-768x512.jpg 768w, https:\/\/ikar.dev\/bceco-v2\/wp-content\/uploads\/2024\/04\/Evolution-des-differents-projets-dans-le-Kasai-Central-_-Le-BCECO-organise-une-journee-dinformation-a-legard-de-ses-elus-nationaux-7-600x400.jpg 600w\" sizes=\"(max-width: 1500px) 100vw, 1500px\" \/><\/figure>\n\n\n\n<figure class=\"wp-block-image size-large\"><img loading=\"lazy\" decoding=\"async\" width=\"1500\" height=\"1000\" data-id=\"35857\" src=\"https:\/\/ikar.dev\/bceco-v2\/wp-content\/uploads\/2024\/04\/Evolution-des-differents-projets-dans-le-Kasai-Central-_-Le-BCECO-organise-une-journee-dinformation-a-legard-de-ses-elus-nationaux-8.jpg\" alt=\"\" class=\"wp-image-35857\" srcset=\"https:\/\/ikar.dev\/bceco-v2\/wp-content\/uploads\/2024\/04\/Evolution-des-differents-projets-dans-le-Kasai-Central-_-Le-BCECO-organise-une-journee-dinformation-a-legard-de-ses-elus-nationaux-8.jpg 1500w, https:\/\/ikar.dev\/bceco-v2\/wp-content\/uploads\/2024\/04\/Evolution-des-differents-projets-dans-le-Kasai-Central-_-Le-BCECO-organise-une-journee-dinformation-a-legard-de-ses-elus-nationaux-8-768x512.jpg 768w, https:\/\/ikar.dev\/bceco-v2\/wp-content\/uploads\/2024\/04\/Evolution-des-differents-projets-dans-le-Kasai-Central-_-Le-BCECO-organise-une-journee-dinformation-a-legard-de-ses-elus-nationaux-8-600x400.jpg 600w\" sizes=\"(max-width: 1500px) 100vw, 1500px\" \/><\/figure>\n<\/figure>\n\n\n<p class=\"has-text-align-justify\">Cinq heures c&#8217;est le temps consacr\u00e9 par le num\u00e9ro 1 du Bceco pour s&#8217;entretenir avec les participants qui en sont sortis inform\u00e9s et surtout satisfaits.<\/p>\n\n<p class=\"has-text-align-justify\">Cet entretien qui a valu son pesant d&#8217;or \u00e9tait aussi l&#8217;occasion pour ses \u00e9lus de s&#8217;engager \u00e0 trouver l&#8217;information \u00e0 la Source afin de passer le vrai message \u00e0 leur population.<\/p>\n\n\n<figure class=\"wp-block-gallery has-nested-images columns-default is-cropped wp-block-gallery-4 is-layout-flex wp-block-gallery-is-layout-flex\">\n<figure class=\"wp-block-image size-large\"><img loading=\"lazy\" decoding=\"async\" width=\"1500\" height=\"1000\" data-id=\"35856\" src=\"https:\/\/ikar.dev\/bceco-v2\/wp-content\/uploads\/2024\/04\/Evolution-des-differents-projets-dans-le-Kasai-Central-_-Le-BCECO-organise-une-journee-dinformation-a-legard-de-ses-elus-nationaux-9.jpg\" alt=\"\" class=\"wp-image-35856\" srcset=\"https:\/\/ikar.dev\/bceco-v2\/wp-content\/uploads\/2024\/04\/Evolution-des-differents-projets-dans-le-Kasai-Central-_-Le-BCECO-organise-une-journee-dinformation-a-legard-de-ses-elus-nationaux-9.jpg 1500w, https:\/\/ikar.dev\/bceco-v2\/wp-content\/uploads\/2024\/04\/Evolution-des-differents-projets-dans-le-Kasai-Central-_-Le-BCECO-organise-une-journee-dinformation-a-legard-de-ses-elus-nationaux-9-768x512.jpg 768w, https:\/\/ikar.dev\/bceco-v2\/wp-content\/uploads\/2024\/04\/Evolution-des-differents-projets-dans-le-Kasai-Central-_-Le-BCECO-organise-une-journee-dinformation-a-legard-de-ses-elus-nationaux-9-600x400.jpg 600w\" sizes=\"(max-width: 1500px) 100vw, 1500px\" \/><\/figure>\n\n\n\n<figure class=\"wp-block-image size-large\"><img loading=\"lazy\" decoding=\"async\" width=\"1500\" height=\"1000\" data-id=\"35855\" src=\"https:\/\/ikar.dev\/bceco-v2\/wp-content\/uploads\/2024\/04\/Evolution-des-differents-projets-dans-le-Kasai-Central-_-Le-BCECO-organise-une-journee-dinformation-a-legard-de-ses-elus-nationaux-10.jpg\" alt=\"\" class=\"wp-image-35855\" srcset=\"https:\/\/ikar.dev\/bceco-v2\/wp-content\/uploads\/2024\/04\/Evolution-des-differents-projets-dans-le-Kasai-Central-_-Le-BCECO-organise-une-journee-dinformation-a-legard-de-ses-elus-nationaux-10.jpg 1500w, https:\/\/ikar.dev\/bceco-v2\/wp-content\/uploads\/2024\/04\/Evolution-des-differents-projets-dans-le-Kasai-Central-_-Le-BCECO-organise-une-journee-dinformation-a-legard-de-ses-elus-nationaux-10-768x512.jpg 768w, https:\/\/ikar.dev\/bceco-v2\/wp-content\/uploads\/2024\/04\/Evolution-des-differents-projets-dans-le-Kasai-Central-_-Le-BCECO-organise-une-journee-dinformation-a-legard-de-ses-elus-nationaux-10-600x400.jpg 600w\" sizes=\"(max-width: 1500px) 100vw, 1500px\" \/><\/figure>\n\n\n\n<figure class=\"wp-block-image size-large\"><img loading=\"lazy\" decoding=\"async\" width=\"1500\" height=\"1000\" data-id=\"35854\" src=\"https:\/\/ikar.dev\/bceco-v2\/wp-content\/uploads\/2024\/04\/Evolution-des-differents-projets-dans-le-Kasai-Central-_-Le-BCECO-organise-une-journee-dinformation-a-legard-de-ses-elus-nationaux-11.jpg\" alt=\"\" class=\"wp-image-35854\" srcset=\"https:\/\/ikar.dev\/bceco-v2\/wp-content\/uploads\/2024\/04\/Evolution-des-differents-projets-dans-le-Kasai-Central-_-Le-BCECO-organise-une-journee-dinformation-a-legard-de-ses-elus-nationaux-11.jpg 1500w, https:\/\/ikar.dev\/bceco-v2\/wp-content\/uploads\/2024\/04\/Evolution-des-differents-projets-dans-le-Kasai-Central-_-Le-BCECO-organise-une-journee-dinformation-a-legard-de-ses-elus-nationaux-11-768x512.jpg 768w, https:\/\/ikar.dev\/bceco-v2\/wp-content\/uploads\/2024\/04\/Evolution-des-differents-projets-dans-le-Kasai-Central-_-Le-BCECO-organise-une-journee-dinformation-a-legard-de-ses-elus-nationaux-11-600x400.jpg 600w\" sizes=\"(max-width: 1500px) 100vw, 1500px\" \/><\/figure>\n\n\n\n<figure class=\"wp-block-image size-large\"><img loading=\"lazy\" decoding=\"async\" width=\"1500\" height=\"1000\" data-id=\"35852\" src=\"https:\/\/ikar.dev\/bceco-v2\/wp-content\/uploads\/2024\/04\/Evolution-des-differents-projets-dans-le-Kasai-Central-_-Le-BCECO-organise-une-journee-dinformation-a-legard-de-ses-elus-nationaux-13.jpg\" alt=\"\" class=\"wp-image-35852\" srcset=\"https:\/\/ikar.dev\/bceco-v2\/wp-content\/uploads\/2024\/04\/Evolution-des-differents-projets-dans-le-Kasai-Central-_-Le-BCECO-organise-une-journee-dinformation-a-legard-de-ses-elus-nationaux-13.jpg 1500w, https:\/\/ikar.dev\/bceco-v2\/wp-content\/uploads\/2024\/04\/Evolution-des-differents-projets-dans-le-Kasai-Central-_-Le-BCECO-organise-une-journee-dinformation-a-legard-de-ses-elus-nationaux-13-768x512.jpg 768w, https:\/\/ikar.dev\/bceco-v2\/wp-content\/uploads\/2024\/04\/Evolution-des-differents-projets-dans-le-Kasai-Central-_-Le-BCECO-organise-une-journee-dinformation-a-legard-de-ses-elus-nationaux-13-600x400.jpg 600w\" sizes=\"(max-width: 1500px) 100vw, 1500px\" \/><\/figure>\n<\/figure>\n\n\n\n<figure class=\"wp-block-embed is-type-video is-provider-tiktok wp-block-embed-tiktok\"><div class=\"wp-block-embed__wrapper\">\n<blockquote class=\"tiktok-embed\" cite=\"https:\/\/www.tiktok.com\/@bcecordc\/video\/7354381801047002373\" data-video-id=\"7354381801047002373\" data-embed-from=\"oembed\" style=\"max-width:605px; min-width:325px;\"> <section> <a target=\"_blank\" title=\"@bcecordc\" href=\"https:\/\/www.tiktok.com\/@bcecordc?refer=embed\">@bcecordc<\/a> <p><a title=\"rdc\" target=\"_blank\" href=\"https:\/\/www.tiktok.com\/tag\/rdc?refer=embed\">#RDC<\/a> <a title=\"kinshasa\" target=\"_blank\" href=\"https:\/\/www.tiktok.com\/tag\/kinshasa?refer=embed\">#KINSHASA<\/a> | 03.04.24 : Journ\u00e9e d&#8217;information \u00e0 l&#8217;attention des D\u00e9put\u00e9s Nationaux du Kasa\u00ef Central.  <a title=\"bceco\" target=\"_blank\" href=\"https:\/\/www.tiktok.com\/tag\/bceco?refer=embed\">#BCECO<\/a> <a title=\"auservicedelanation\ud83c\udde8\ud83c\udde9\" target=\"_blank\" href=\"https:\/\/www.tiktok.com\/tag\/auservicedelanation%F0%9F%87%A8%F0%9F%87%A9?refer=embed\">#AuServiceDeLaNation\ud83c\udde8\ud83c\udde9<\/a> <a title=\"kasaicentral\" target=\"_blank\" href=\"https:\/\/www.tiktok.com\/tag\/kasaicentral?refer=embed\">#KasaiCentral<\/a>   www.bceco.cd<\/p> <a target=\"_blank\" title=\"\u266c BCECO - Bureau Central de Coordination\" href=\"https:\/\/www.tiktok.com\/music\/BCECO-7273074538106161926?refer=embed\">\u266c BCECO &#8211; Bureau Central de Coordination<\/a> <\/section> <\/blockquote> <script async src=\"https:\/\/www.tiktok.com\/embed.js\"><\/script>\n<\/div><\/figure>\n","protected":false},"excerpt":{"rendered":"<p>La maison de France dans la commune de la Gombe a servi de cadre pour le d\u00e9roulement de cette activit\u00e9 qui a r\u00e9uni d&#8217;une part la partie Bceco repr\u00e9sent\u00e9e par son directeur g\u00e9n\u00e9ral Jean Mabi Mulumba et d&#8217;autre part la d\u00e9l\u00e9gation des d\u00e9put\u00e9s nationaux du Kasa\u00ef Central conduite par l&#8217;honorable Valentin Ngandu. C&#8217;est dans le<\/p>\n","protected":false},"author":1,"featured_media":35864,"comment_status":"open","ping_status":"open","sticky":false,"template":"","format":"standard","meta":{"footnotes":""},"categories":[69,63],"tags":[],"class_list":["post-35851","post","type-post","status-publish","format-standard","has-post-thumbnail","hentry","category-actualites","category-infrastructures"],"yoast_head":"<!-- This site is optimized with the Yoast SEO plugin v26.7 - https:\/\/yoast.com\/wordpress\/plugins\/seo\/ -->\n<title>\u00c9volution des diff\u00e9rents projets dans le Kasa\u00ef Central : Le BCECO organise une journ\u00e9e d&#039;information \u00e0 l&#039;\u00e9gard de ses \u00e9lus nationaux ! - Bureau Central de Coordination<\/title>\n<meta name=\"description\" content=\"La maison de France dans la commune de la Gombe a servi de cadre pour le d\u00e9roulement de cette activit\u00e9 qui a r\u00e9uni d&#039;une part la partie Bceco repr\u00e9sent\u00e9e par son directeur g\u00e9n\u00e9ral Jean Mabi Mulumba et d&#039;autre part la d\u00e9l\u00e9gation des d\u00e9put\u00e9s nationaux du Kasa\u00ef Central conduite par l&#039;honorable Valentin Ngandu.\" \/>\n<meta name=\"robots\" content=\"index, follow, max-snippet:-1, max-image-preview:large, max-video-preview:-1\" \/>\n<link rel=\"canonical\" href=\"https:\/\/ikar.dev\/bceco-v2\/evolution-des-differents-projets-dans-le-kasai-central-le-bceco-organise-une-journee-dinformation-a-legard-de-ses-elus-nationaux\/\" \/>\n<meta property=\"og:locale\" content=\"en_US\" \/>\n<meta property=\"og:type\" content=\"article\" \/>\n<meta property=\"og:title\" content=\"\u00c9volution des diff\u00e9rents projets dans le Kasa\u00ef Central : Le BCECO organise une journ\u00e9e d&#039;information \u00e0 l&#039;\u00e9gard de ses \u00e9lus nationaux ! - Bureau Central de Coordination\" \/>\n<meta property=\"og:description\" content=\"La maison de France dans la commune de la Gombe a servi de cadre pour le d\u00e9roulement de cette activit\u00e9 qui a r\u00e9uni d&#039;une part la partie Bceco repr\u00e9sent\u00e9e par son directeur g\u00e9n\u00e9ral Jean Mabi Mulumba et d&#039;autre part la d\u00e9l\u00e9gation des d\u00e9put\u00e9s nationaux du Kasa\u00ef Central conduite par l&#039;honorable Valentin Ngandu.\" \/>\n<meta property=\"og:url\" content=\"https:\/\/ikar.dev\/bceco-v2\/evolution-des-differents-projets-dans-le-kasai-central-le-bceco-organise-une-journee-dinformation-a-legard-de-ses-elus-nationaux\/\" \/>\n<meta property=\"og:site_name\" content=\"Bureau Central de Coordination\" \/>\n<meta property=\"article:publisher\" content=\"https:\/\/www.facebook.com\/BCeCoRDC\" \/>\n<meta property=\"article:published_time\" content=\"2024-04-05T12:47:00+00:00\" \/>\n<meta property=\"article:modified_time\" content=\"2025-12-23T16:24:09+00:00\" \/>\n<meta property=\"og:image\" content=\"https:\/\/ikar.dev\/bceco-v2\/wp-content\/uploads\/2024\/04\/Evolution-des-differents-projets-dans-le-Kasai-Central-_-Le-BCECO-organise-une-journee-dinformation-a-legard-de-ses-elus-nationaux.jpg\" \/>\n\t<meta property=\"og:image:width\" content=\"1500\" \/>\n\t<meta property=\"og:image:height\" content=\"1000\" \/>\n\t<meta property=\"og:image:type\" content=\"image\/jpeg\" \/>\n<meta name=\"author\" content=\"bceco\" \/>\n<meta name=\"twitter:card\" content=\"summary_large_image\" \/>\n<meta name=\"twitter:creator\" content=\"@BCeCoRDC\" \/>\n<meta name=\"twitter:site\" content=\"@BCeCoRDC\" \/>\n<meta name=\"twitter:label1\" content=\"Written by\" \/>\n\t<meta name=\"twitter:data1\" content=\"bceco\" \/>\n\t<meta name=\"twitter:label2\" content=\"Est. reading time\" \/>\n\t<meta name=\"twitter:data2\" content=\"4 minutes\" \/>\n<script type=\"application\/ld+json\" class=\"yoast-schema-graph\">{\"@context\":\"https:\/\/schema.org\",\"@graph\":[{\"@type\":\"Article\",\"@id\":\"https:\/\/ikar.dev\/bceco-v2\/evolution-des-differents-projets-dans-le-kasai-central-le-bceco-organise-une-journee-dinformation-a-legard-de-ses-elus-nationaux\/#article\",\"isPartOf\":{\"@id\":\"https:\/\/ikar.dev\/bceco-v2\/evolution-des-differents-projets-dans-le-kasai-central-le-bceco-organise-une-journee-dinformation-a-legard-de-ses-elus-nationaux\/\"},\"author\":{\"name\":\"bceco\",\"@id\":\"https:\/\/ikar.dev\/bceco-v2\/#\/schema\/person\/6ee74807ffb016a78852fec6a295d503\"},\"headline\":\"\u00c9volution des diff\u00e9rents projets dans le Kasa\u00ef Central : Le BCECO organise une journ\u00e9e d&#8217;information \u00e0 l&#8217;\u00e9gard de ses \u00e9lus nationaux !\",\"datePublished\":\"2024-04-05T12:47:00+00:00\",\"dateModified\":\"2025-12-23T16:24:09+00:00\",\"mainEntityOfPage\":{\"@id\":\"https:\/\/ikar.dev\/bceco-v2\/evolution-des-differents-projets-dans-le-kasai-central-le-bceco-organise-une-journee-dinformation-a-legard-de-ses-elus-nationaux\/\"},\"wordCount\":395,\"commentCount\":2,\"publisher\":{\"@id\":\"https:\/\/ikar.dev\/bceco-v2\/#organization\"},\"image\":{\"@id\":\"https:\/\/ikar.dev\/bceco-v2\/evolution-des-differents-projets-dans-le-kasai-central-le-bceco-organise-une-journee-dinformation-a-legard-de-ses-elus-nationaux\/#primaryimage\"},\"thumbnailUrl\":\"https:\/\/ikar.dev\/bceco-v2\/wp-content\/uploads\/2024\/04\/Evolution-des-differents-projets-dans-le-Kasai-Central-_-Le-BCECO-organise-une-journee-dinformation-a-legard-de-ses-elus-nationaux.jpg\",\"articleSection\":[\"Actualit\u00e9s\",\"Infrastructures\"],\"inLanguage\":\"en-US\",\"potentialAction\":[{\"@type\":\"CommentAction\",\"name\":\"Comment\",\"target\":[\"https:\/\/ikar.dev\/bceco-v2\/evolution-des-differents-projets-dans-le-kasai-central-le-bceco-organise-une-journee-dinformation-a-legard-de-ses-elus-nationaux\/#respond\"]}]},{\"@type\":\"WebPage\",\"@id\":\"https:\/\/ikar.dev\/bceco-v2\/evolution-des-differents-projets-dans-le-kasai-central-le-bceco-organise-une-journee-dinformation-a-legard-de-ses-elus-nationaux\/\",\"url\":\"https:\/\/ikar.dev\/bceco-v2\/evolution-des-differents-projets-dans-le-kasai-central-le-bceco-organise-une-journee-dinformation-a-legard-de-ses-elus-nationaux\/\",\"name\":\"\u00c9volution des diff\u00e9rents projets dans le Kasa\u00ef Central : Le BCECO organise une journ\u00e9e d'information \u00e0 l'\u00e9gard de ses \u00e9lus nationaux ! - Bureau Central de Coordination\",\"isPartOf\":{\"@id\":\"https:\/\/ikar.dev\/bceco-v2\/#website\"},\"primaryImageOfPage\":{\"@id\":\"https:\/\/ikar.dev\/bceco-v2\/evolution-des-differents-projets-dans-le-kasai-central-le-bceco-organise-une-journee-dinformation-a-legard-de-ses-elus-nationaux\/#primaryimage\"},\"image\":{\"@id\":\"https:\/\/ikar.dev\/bceco-v2\/evolution-des-differents-projets-dans-le-kasai-central-le-bceco-organise-une-journee-dinformation-a-legard-de-ses-elus-nationaux\/#primaryimage\"},\"thumbnailUrl\":\"https:\/\/ikar.dev\/bceco-v2\/wp-content\/uploads\/2024\/04\/Evolution-des-differents-projets-dans-le-Kasai-Central-_-Le-BCECO-organise-une-journee-dinformation-a-legard-de-ses-elus-nationaux.jpg\",\"datePublished\":\"2024-04-05T12:47:00+00:00\",\"dateModified\":\"2025-12-23T16:24:09+00:00\",\"description\":\"La maison de France dans la commune de la Gombe a servi de cadre pour le d\u00e9roulement de cette activit\u00e9 qui a r\u00e9uni d'une part la partie Bceco repr\u00e9sent\u00e9e par son directeur g\u00e9n\u00e9ral Jean Mabi Mulumba et d'autre part la d\u00e9l\u00e9gation des d\u00e9put\u00e9s nationaux du Kasa\u00ef Central conduite par l'honorable Valentin Ngandu.\",\"breadcrumb\":{\"@id\":\"https:\/\/ikar.dev\/bceco-v2\/evolution-des-differents-projets-dans-le-kasai-central-le-bceco-organise-une-journee-dinformation-a-legard-de-ses-elus-nationaux\/#breadcrumb\"},\"inLanguage\":\"en-US\",\"potentialAction\":[{\"@type\":\"ReadAction\",\"target\":[\"https:\/\/ikar.dev\/bceco-v2\/evolution-des-differents-projets-dans-le-kasai-central-le-bceco-organise-une-journee-dinformation-a-legard-de-ses-elus-nationaux\/\"]}]},{\"@type\":\"ImageObject\",\"inLanguage\":\"en-US\",\"@id\":\"https:\/\/ikar.dev\/bceco-v2\/evolution-des-differents-projets-dans-le-kasai-central-le-bceco-organise-une-journee-dinformation-a-legard-de-ses-elus-nationaux\/#primaryimage\",\"url\":\"https:\/\/ikar.dev\/bceco-v2\/wp-content\/uploads\/2024\/04\/Evolution-des-differents-projets-dans-le-Kasai-Central-_-Le-BCECO-organise-une-journee-dinformation-a-legard-de-ses-elus-nationaux.jpg\",\"contentUrl\":\"https:\/\/ikar.dev\/bceco-v2\/wp-content\/uploads\/2024\/04\/Evolution-des-differents-projets-dans-le-Kasai-Central-_-Le-BCECO-organise-une-journee-dinformation-a-legard-de-ses-elus-nationaux.jpg\",\"width\":1500,\"height\":1000,\"caption\":\"\u00c9volution des diff\u00e9rents projets dans le Kasa\u00ef Central : Le BCECO organise une journ\u00e9e d'information \u00e0 l'\u00e9gard de ses \u00e9lus nationaux !\"},{\"@type\":\"BreadcrumbList\",\"@id\":\"https:\/\/ikar.dev\/bceco-v2\/evolution-des-differents-projets-dans-le-kasai-central-le-bceco-organise-une-journee-dinformation-a-legard-de-ses-elus-nationaux\/#breadcrumb\",\"itemListElement\":[{\"@type\":\"ListItem\",\"position\":1,\"name\":\"Accueil\",\"item\":\"https:\/\/ikar.dev\/bceco-v2\/\"},{\"@type\":\"ListItem\",\"position\":2,\"name\":\"\u00c9volution des diff\u00e9rents projets dans le Kasa\u00ef Central : Le BCECO organise une journ\u00e9e d&rsquo;information \u00e0 l&rsquo;\u00e9gard de ses \u00e9lus nationaux !\"}]},{\"@type\":\"WebSite\",\"@id\":\"https:\/\/ikar.dev\/bceco-v2\/#website\",\"url\":\"https:\/\/ikar.dev\/bceco-v2\/\",\"name\":\"Bureau Central de Coordination\",\"description\":\"B.Ce.Co \u2013 Au c\u0153ur de l\u2019ex\u00e9cution des projets de d\u00e9veloppement en RDC\",\"publisher\":{\"@id\":\"https:\/\/ikar.dev\/bceco-v2\/#organization\"},\"potentialAction\":[{\"@type\":\"SearchAction\",\"target\":{\"@type\":\"EntryPoint\",\"urlTemplate\":\"https:\/\/ikar.dev\/bceco-v2\/?s={search_term_string}\"},\"query-input\":{\"@type\":\"PropertyValueSpecification\",\"valueRequired\":true,\"valueName\":\"search_term_string\"}}],\"inLanguage\":\"en-US\"},{\"@type\":\"Organization\",\"@id\":\"https:\/\/ikar.dev\/bceco-v2\/#organization\",\"name\":\"Bureau Central de Coordination\",\"url\":\"https:\/\/ikar.dev\/bceco-v2\/\",\"logo\":{\"@type\":\"ImageObject\",\"inLanguage\":\"en-US\",\"@id\":\"https:\/\/ikar.dev\/bceco-v2\/#\/schema\/logo\/image\/\",\"url\":\"https:\/\/ikar.dev\/bceco-v2\/wp-content\/uploads\/2025\/12\/BCECO-Bureau-Central-de-Coordination.jpg\",\"contentUrl\":\"https:\/\/ikar.dev\/bceco-v2\/wp-content\/uploads\/2025\/12\/BCECO-Bureau-Central-de-Coordination.jpg\",\"width\":2048,\"height\":2048,\"caption\":\"Bureau Central de Coordination\"},\"image\":{\"@id\":\"https:\/\/ikar.dev\/bceco-v2\/#\/schema\/logo\/image\/\"},\"sameAs\":[\"https:\/\/www.facebook.com\/BCeCoRDC\",\"https:\/\/x.com\/BCeCoRDC\"]},{\"@type\":\"Person\",\"@id\":\"https:\/\/ikar.dev\/bceco-v2\/#\/schema\/person\/6ee74807ffb016a78852fec6a295d503\",\"name\":\"bceco\",\"image\":{\"@type\":\"ImageObject\",\"inLanguage\":\"en-US\",\"@id\":\"https:\/\/ikar.dev\/bceco-v2\/#\/schema\/person\/image\/\",\"url\":\"https:\/\/secure.gravatar.com\/avatar\/55c07e1707f50774ef3c842c9d074773a6b558a20fbd1608c8e4871bc88f3455?s=96&d=mm&r=g\",\"contentUrl\":\"https:\/\/secure.gravatar.com\/avatar\/55c07e1707f50774ef3c842c9d074773a6b558a20fbd1608c8e4871bc88f3455?s=96&d=mm&r=g\",\"caption\":\"bceco\"},\"sameAs\":[\"https:\/\/ikar.dev\/bceco-v2\"],\"url\":\"https:\/\/ikar.dev\/bceco-v2\/author\/bceco\/\"}]}<\/script>\n<!-- \/ Yoast SEO plugin. -->","yoast_head_json":{"title":"\u00c9volution des diff\u00e9rents projets dans le Kasa\u00ef Central : Le BCECO organise une journ\u00e9e d'information \u00e0 l'\u00e9gard de ses \u00e9lus nationaux ! - Bureau Central de Coordination","description":"La maison de France dans la commune de la Gombe a servi de cadre pour le d\u00e9roulement de cette activit\u00e9 qui a r\u00e9uni d'une part la partie Bceco repr\u00e9sent\u00e9e par son directeur g\u00e9n\u00e9ral Jean Mabi Mulumba et d'autre part la d\u00e9l\u00e9gation des d\u00e9put\u00e9s nationaux du Kasa\u00ef Central conduite par l'honorable Valentin Ngandu.","robots":{"index":"index","follow":"follow","max-snippet":"max-snippet:-1","max-image-preview":"max-image-preview:large","max-video-preview":"max-video-preview:-1"},"canonical":"https:\/\/ikar.dev\/bceco-v2\/evolution-des-differents-projets-dans-le-kasai-central-le-bceco-organise-une-journee-dinformation-a-legard-de-ses-elus-nationaux\/","og_locale":"en_US","og_type":"article","og_title":"\u00c9volution des diff\u00e9rents projets dans le Kasa\u00ef Central : Le BCECO organise une journ\u00e9e d'information \u00e0 l'\u00e9gard de ses \u00e9lus nationaux ! - Bureau Central de Coordination","og_description":"La maison de France dans la commune de la Gombe a servi de cadre pour le d\u00e9roulement de cette activit\u00e9 qui a r\u00e9uni d'une part la partie Bceco repr\u00e9sent\u00e9e par son directeur g\u00e9n\u00e9ral Jean Mabi Mulumba et d'autre part la d\u00e9l\u00e9gation des d\u00e9put\u00e9s nationaux du Kasa\u00ef Central conduite par l'honorable Valentin Ngandu.","og_url":"https:\/\/ikar.dev\/bceco-v2\/evolution-des-differents-projets-dans-le-kasai-central-le-bceco-organise-une-journee-dinformation-a-legard-de-ses-elus-nationaux\/","og_site_name":"Bureau Central de Coordination","article_publisher":"https:\/\/www.facebook.com\/BCeCoRDC","article_published_time":"2024-04-05T12:47:00+00:00","article_modified_time":"2025-12-23T16:24:09+00:00","og_image":[{"width":1500,"height":1000,"url":"https:\/\/ikar.dev\/bceco-v2\/wp-content\/uploads\/2024\/04\/Evolution-des-differents-projets-dans-le-Kasai-Central-_-Le-BCECO-organise-une-journee-dinformation-a-legard-de-ses-elus-nationaux.jpg","type":"image\/jpeg"}],"author":"bceco","twitter_card":"summary_large_image","twitter_creator":"@BCeCoRDC","twitter_site":"@BCeCoRDC","twitter_misc":{"Written by":"bceco","Est. reading time":"4 minutes"},"schema":{"@context":"https:\/\/schema.org","@graph":[{"@type":"Article","@id":"https:\/\/ikar.dev\/bceco-v2\/evolution-des-differents-projets-dans-le-kasai-central-le-bceco-organise-une-journee-dinformation-a-legard-de-ses-elus-nationaux\/#article","isPartOf":{"@id":"https:\/\/ikar.dev\/bceco-v2\/evolution-des-differents-projets-dans-le-kasai-central-le-bceco-organise-une-journee-dinformation-a-legard-de-ses-elus-nationaux\/"},"author":{"name":"bceco","@id":"https:\/\/ikar.dev\/bceco-v2\/#\/schema\/person\/6ee74807ffb016a78852fec6a295d503"},"headline":"\u00c9volution des diff\u00e9rents projets dans le Kasa\u00ef Central : Le BCECO organise une journ\u00e9e d&#8217;information \u00e0 l&#8217;\u00e9gard de ses \u00e9lus nationaux !","datePublished":"2024-04-05T12:47:00+00:00","dateModified":"2025-12-23T16:24:09+00:00","mainEntityOfPage":{"@id":"https:\/\/ikar.dev\/bceco-v2\/evolution-des-differents-projets-dans-le-kasai-central-le-bceco-organise-une-journee-dinformation-a-legard-de-ses-elus-nationaux\/"},"wordCount":395,"commentCount":2,"publisher":{"@id":"https:\/\/ikar.dev\/bceco-v2\/#organization"},"image":{"@id":"https:\/\/ikar.dev\/bceco-v2\/evolution-des-differents-projets-dans-le-kasai-central-le-bceco-organise-une-journee-dinformation-a-legard-de-ses-elus-nationaux\/#primaryimage"},"thumbnailUrl":"https:\/\/ikar.dev\/bceco-v2\/wp-content\/uploads\/2024\/04\/Evolution-des-differents-projets-dans-le-Kasai-Central-_-Le-BCECO-organise-une-journee-dinformation-a-legard-de-ses-elus-nationaux.jpg","articleSection":["Actualit\u00e9s","Infrastructures"],"inLanguage":"en-US","potentialAction":[{"@type":"CommentAction","name":"Comment","target":["https:\/\/ikar.dev\/bceco-v2\/evolution-des-differents-projets-dans-le-kasai-central-le-bceco-organise-une-journee-dinformation-a-legard-de-ses-elus-nationaux\/#respond"]}]},{"@type":"WebPage","@id":"https:\/\/ikar.dev\/bceco-v2\/evolution-des-differents-projets-dans-le-kasai-central-le-bceco-organise-une-journee-dinformation-a-legard-de-ses-elus-nationaux\/","url":"https:\/\/ikar.dev\/bceco-v2\/evolution-des-differents-projets-dans-le-kasai-central-le-bceco-organise-une-journee-dinformation-a-legard-de-ses-elus-nationaux\/","name":"\u00c9volution des diff\u00e9rents projets dans le Kasa\u00ef Central : Le BCECO organise une journ\u00e9e d'information \u00e0 l'\u00e9gard de ses \u00e9lus nationaux ! - Bureau Central de Coordination","isPartOf":{"@id":"https:\/\/ikar.dev\/bceco-v2\/#website"},"primaryImageOfPage":{"@id":"https:\/\/ikar.dev\/bceco-v2\/evolution-des-differents-projets-dans-le-kasai-central-le-bceco-organise-une-journee-dinformation-a-legard-de-ses-elus-nationaux\/#primaryimage"},"image":{"@id":"https:\/\/ikar.dev\/bceco-v2\/evolution-des-differents-projets-dans-le-kasai-central-le-bceco-organise-une-journee-dinformation-a-legard-de-ses-elus-nationaux\/#primaryimage"},"thumbnailUrl":"https:\/\/ikar.dev\/bceco-v2\/wp-content\/uploads\/2024\/04\/Evolution-des-differents-projets-dans-le-Kasai-Central-_-Le-BCECO-organise-une-journee-dinformation-a-legard-de-ses-elus-nationaux.jpg","datePublished":"2024-04-05T12:47:00+00:00","dateModified":"2025-12-23T16:24:09+00:00","description":"La maison de France dans la commune de la Gombe a servi de cadre pour le d\u00e9roulement de cette activit\u00e9 qui a r\u00e9uni d'une part la partie Bceco repr\u00e9sent\u00e9e par son directeur g\u00e9n\u00e9ral Jean Mabi Mulumba et d'autre part la d\u00e9l\u00e9gation des d\u00e9put\u00e9s nationaux du Kasa\u00ef Central conduite par l'honorable Valentin Ngandu.","breadcrumb":{"@id":"https:\/\/ikar.dev\/bceco-v2\/evolution-des-differents-projets-dans-le-kasai-central-le-bceco-organise-une-journee-dinformation-a-legard-de-ses-elus-nationaux\/#breadcrumb"},"inLanguage":"en-US","potentialAction":[{"@type":"ReadAction","target":["https:\/\/ikar.dev\/bceco-v2\/evolution-des-differents-projets-dans-le-kasai-central-le-bceco-organise-une-journee-dinformation-a-legard-de-ses-elus-nationaux\/"]}]},{"@type":"ImageObject","inLanguage":"en-US","@id":"https:\/\/ikar.dev\/bceco-v2\/evolution-des-differents-projets-dans-le-kasai-central-le-bceco-organise-une-journee-dinformation-a-legard-de-ses-elus-nationaux\/#primaryimage","url":"https:\/\/ikar.dev\/bceco-v2\/wp-content\/uploads\/2024\/04\/Evolution-des-differents-projets-dans-le-Kasai-Central-_-Le-BCECO-organise-une-journee-dinformation-a-legard-de-ses-elus-nationaux.jpg","contentUrl":"https:\/\/ikar.dev\/bceco-v2\/wp-content\/uploads\/2024\/04\/Evolution-des-differents-projets-dans-le-Kasai-Central-_-Le-BCECO-organise-une-journee-dinformation-a-legard-de-ses-elus-nationaux.jpg","width":1500,"height":1000,"caption":"\u00c9volution des diff\u00e9rents projets dans le Kasa\u00ef Central : Le BCECO organise une journ\u00e9e d'information \u00e0 l'\u00e9gard de ses \u00e9lus nationaux !"},{"@type":"BreadcrumbList","@id":"https:\/\/ikar.dev\/bceco-v2\/evolution-des-differents-projets-dans-le-kasai-central-le-bceco-organise-une-journee-dinformation-a-legard-de-ses-elus-nationaux\/#breadcrumb","itemListElement":[{"@type":"ListItem","position":1,"name":"Accueil","item":"https:\/\/ikar.dev\/bceco-v2\/"},{"@type":"ListItem","position":2,"name":"\u00c9volution des diff\u00e9rents projets dans le Kasa\u00ef Central : Le BCECO organise une journ\u00e9e d&rsquo;information \u00e0 l&rsquo;\u00e9gard de ses \u00e9lus nationaux !"}]},{"@type":"WebSite","@id":"https:\/\/ikar.dev\/bceco-v2\/#website","url":"https:\/\/ikar.dev\/bceco-v2\/","name":"Bureau Central de Coordination","description":"B.Ce.Co \u2013 Au c\u0153ur de l\u2019ex\u00e9cution des projets de d\u00e9veloppement en RDC","publisher":{"@id":"https:\/\/ikar.dev\/bceco-v2\/#organization"},"potentialAction":[{"@type":"SearchAction","target":{"@type":"EntryPoint","urlTemplate":"https:\/\/ikar.dev\/bceco-v2\/?s={search_term_string}"},"query-input":{"@type":"PropertyValueSpecification","valueRequired":true,"valueName":"search_term_string"}}],"inLanguage":"en-US"},{"@type":"Organization","@id":"https:\/\/ikar.dev\/bceco-v2\/#organization","name":"Bureau Central de Coordination","url":"https:\/\/ikar.dev\/bceco-v2\/","logo":{"@type":"ImageObject","inLanguage":"en-US","@id":"https:\/\/ikar.dev\/bceco-v2\/#\/schema\/logo\/image\/","url":"https:\/\/ikar.dev\/bceco-v2\/wp-content\/uploads\/2025\/12\/BCECO-Bureau-Central-de-Coordination.jpg","contentUrl":"https:\/\/ikar.dev\/bceco-v2\/wp-content\/uploads\/2025\/12\/BCECO-Bureau-Central-de-Coordination.jpg","width":2048,"height":2048,"caption":"Bureau Central de Coordination"},"image":{"@id":"https:\/\/ikar.dev\/bceco-v2\/#\/schema\/logo\/image\/"},"sameAs":["https:\/\/www.facebook.com\/BCeCoRDC","https:\/\/x.com\/BCeCoRDC"]},{"@type":"Person","@id":"https:\/\/ikar.dev\/bceco-v2\/#\/schema\/person\/6ee74807ffb016a78852fec6a295d503","name":"bceco","image":{"@type":"ImageObject","inLanguage":"en-US","@id":"https:\/\/ikar.dev\/bceco-v2\/#\/schema\/person\/image\/","url":"https:\/\/secure.gravatar.com\/avatar\/55c07e1707f50774ef3c842c9d074773a6b558a20fbd1608c8e4871bc88f3455?s=96&d=mm&r=g","contentUrl":"https:\/\/secure.gravatar.com\/avatar\/55c07e1707f50774ef3c842c9d074773a6b558a20fbd1608c8e4871bc88f3455?s=96&d=mm&r=g","caption":"bceco"},"sameAs":["https:\/\/ikar.dev\/bceco-v2"],"url":"https:\/\/ikar.dev\/bceco-v2\/author\/bceco\/"}]}},"_links":{"self":[{"href":"https:\/\/ikar.dev\/bceco-v2\/wp-json\/wp\/v2\/posts\/35851","targetHints":{"allow":["GET"]}}],"collection":[{"href":"https:\/\/ikar.dev\/bceco-v2\/wp-json\/wp\/v2\/posts"}],"about":[{"href":"https:\/\/ikar.dev\/bceco-v2\/wp-json\/wp\/v2\/types\/post"}],"author":[{"embeddable":true,"href":"https:\/\/ikar.dev\/bceco-v2\/wp-json\/wp\/v2\/users\/1"}],"replies":[{"embeddable":true,"href":"https:\/\/ikar.dev\/bceco-v2\/wp-json\/wp\/v2\/comments?post=35851"}],"version-history":[{"count":1,"href":"https:\/\/ikar.dev\/bceco-v2\/wp-json\/wp\/v2\/posts\/35851\/revisions"}],"predecessor-version":[{"id":56354,"href":"https:\/\/ikar.dev\/bceco-v2\/wp-json\/wp\/v2\/posts\/35851\/revisions\/56354"}],"wp:featuredmedia":[{"embeddable":true,"href":"https:\/\/ikar.dev\/bceco-v2\/wp-json\/wp\/v2\/media\/35864"}],"wp:attachment":[{"href":"https:\/\/ikar.dev\/bceco-v2\/wp-json\/wp\/v2\/media?parent=35851"}],"wp:term":[{"taxonomy":"category","embeddable":true,"href":"https:\/\/ikar.dev\/bceco-v2\/wp-json\/wp\/v2\/categories?post=35851"},{"taxonomy":"post_tag","embeddable":true,"href":"https:\/\/ikar.dev\/bceco-v2\/wp-json\/wp\/v2\/tags?post=35851"}],"curies":[{"name":"wp","href":"https:\/\/api.w.org\/{rel}","templated":true}]}}