{"id":32823,"date":"2024-01-19T12:27:35","date_gmt":"2024-01-19T12:27:35","guid":{"rendered":"https:\/\/bceco.cd\/?p=32823"},"modified":"2024-01-19T12:27:35","modified_gmt":"2024-01-19T12:27:35","slug":"amelioration-du-systeme-de-passation-des-marches-publics-la-delegation-de-larmp-en-reunion-de-travail-avec-lequipe-du-bceco","status":"publish","type":"post","link":"https:\/\/ikar.dev\/bceco-v2\/amelioration-du-systeme-de-passation-des-marches-publics-la-delegation-de-larmp-en-reunion-de-travail-avec-lequipe-du-bceco\/","title":{"rendered":"Am\u00e9lioration du syst\u00e8me de passation des march\u00e9s publics : la d\u00e9l\u00e9gation de L&#8217;ARMP en r\u00e9union de travail avec l&#8217;\u00e9quipe du BCECO !"},"content":{"rendered":"\t\t<div data-elementor-type=\"wp-post\" data-elementor-id=\"32823\" class=\"elementor elementor-32823\" data-elementor-post-type=\"post\">\n\t\t\t\t\t\t<section class=\"elementor-section elementor-top-section elementor-element elementor-element-3840cc96 elementor-section-boxed elementor-section-height-default elementor-section-height-default\" data-id=\"3840cc96\" data-element_type=\"section\">\n\t\t\t\t\t\t<div class=\"elementor-container elementor-column-gap-default\">\n\t\t\t\t\t<div class=\"elementor-column elementor-col-100 elementor-top-column elementor-element elementor-element-6274956\" data-id=\"6274956\" data-element_type=\"column\">\n\t\t\t<div class=\"elementor-widget-wrap elementor-element-populated\">\n\t\t\t\t\t\t<div class=\"elementor-element elementor-element-727df5d8 elementor-widget elementor-widget-text-editor\" data-id=\"727df5d8\" data-element_type=\"widget\" data-widget_type=\"text-editor.default\">\n\t\t\t\t\t\t\t\t\t<p style=\"text-align: justify;\">Jeudi 18 janvier 2024: la d\u00e9l\u00e9gation de l&#8217;autorit\u00e9 de r\u00e9gulation des march\u00e9s publics ARMP conduite par son directeur g\u00e9n\u00e9ral Beno\u00eet Kalikat accompagn\u00e9 du pr\u00e9sident de son conseil d&#8217;administration Mr Armand Tshiamala est descendue dans les installations du bureau central de coordination BCECO pour y rencontrer sa haute direction.<\/p>\t\t\t\t\t\t\t\t<\/div>\n\t\t\t\t<div class=\"elementor-element elementor-element-37d55fd elementor-widget elementor-widget-text-editor\" data-id=\"37d55fd\" data-element_type=\"widget\" data-widget_type=\"text-editor.default\">\n\t\t\t\t\t\t\t\t\t<p style=\"text-align:justify;\">S\u2019entretenir avec les grands op\u00e9rateurs et acteurs qui interviennent dans le syst\u00e8me de passation des march\u00e9s publics afin de baliser les passerelles de collaboration entre les deux institutions, ceci dans le but d\u2019am\u00e9liorer le syst\u00e8me de commande publique et arriver \u00e0 un protocole d\u2019accord tel \u00e9tait le menu \u00e0 l\u2019ordre du jour.<\/p>\t\t\t\t\t\t\t\t<\/div>\n\t\t\t\t<div class=\"elementor-element elementor-element-a7b7d1a elementor-arrows-position-inside elementor-pagination-position-outside elementor-widget elementor-widget-image-carousel\" data-id=\"a7b7d1a\" data-element_type=\"widget\" data-settings=\"{&quot;slides_to_show&quot;:&quot;1&quot;,&quot;navigation&quot;:&quot;both&quot;,&quot;autoplay&quot;:&quot;yes&quot;,&quot;pause_on_hover&quot;:&quot;yes&quot;,&quot;pause_on_interaction&quot;:&quot;yes&quot;,&quot;autoplay_speed&quot;:5000,&quot;infinite&quot;:&quot;yes&quot;,&quot;effect&quot;:&quot;slide&quot;,&quot;speed&quot;:500}\" data-widget_type=\"image-carousel.default\">\n\t\t\t\t\t\t\t<div class=\"elementor-image-carousel-wrapper swiper\" role=\"region\" aria-roledescription=\"carousel\" aria-label=\"Image Carousel\" dir=\"ltr\">\n\t\t\t<div class=\"elementor-image-carousel swiper-wrapper swiper-image-stretch\" aria-live=\"off\">\n\t\t\t\t\t\t\t\t<div class=\"swiper-slide\" role=\"group\" aria-roledescription=\"slide\" aria-label=\"1 of 10\"><figure class=\"swiper-slide-inner\"><img decoding=\"async\" class=\"swiper-slide-image\" src=\"https:\/\/ikar.dev\/bceco-v2\/wp-content\/uploads\/2024\/01\/Amelioration-du-systeme-de-passation-des-marches-publics-la-delegation-de-LARMP-en-reunion-de-travail-avec-lequipe-du-BCECO-9-768x512.jpg\" alt=\"Ame\u0301lioration du syste\u0300me de passation des marche\u0301s publics : la de\u0301le\u0301gation de L&#039;ARMP en re\u0301union de travail avec l&#039;e\u0301quipe du BCECO 9\" \/><\/figure><\/div><div class=\"swiper-slide\" role=\"group\" aria-roledescription=\"slide\" aria-label=\"2 of 10\"><figure class=\"swiper-slide-inner\"><img decoding=\"async\" class=\"swiper-slide-image\" src=\"https:\/\/ikar.dev\/bceco-v2\/wp-content\/uploads\/2024\/01\/Amelioration-du-systeme-de-passation-des-marches-publics-la-delegation-de-LARMP-en-reunion-de-travail-avec-lequipe-du-BCECO-8-768x512.jpg\" alt=\"Ame\u0301lioration du syste\u0300me de passation des marche\u0301s publics : la de\u0301le\u0301gation de L&#039;ARMP en re\u0301union de travail avec l&#039;e\u0301quipe du BCECO 8\" \/><\/figure><\/div><div class=\"swiper-slide\" role=\"group\" aria-roledescription=\"slide\" aria-label=\"3 of 10\"><figure class=\"swiper-slide-inner\"><img decoding=\"async\" class=\"swiper-slide-image\" src=\"https:\/\/ikar.dev\/bceco-v2\/wp-content\/uploads\/2024\/01\/Amelioration-du-systeme-de-passation-des-marches-publics-la-delegation-de-LARMP-en-reunion-de-travail-avec-lequipe-du-BCECO-10-768x512.jpg\" alt=\"Ame\u0301lioration du syste\u0300me de passation des marche\u0301s publics : la de\u0301le\u0301gation de L&#039;ARMP en re\u0301union de travail avec l&#039;e\u0301quipe du BCECO 10\" \/><\/figure><\/div><div class=\"swiper-slide\" role=\"group\" aria-roledescription=\"slide\" aria-label=\"4 of 10\"><figure class=\"swiper-slide-inner\"><img decoding=\"async\" class=\"swiper-slide-image\" src=\"https:\/\/ikar.dev\/bceco-v2\/wp-content\/uploads\/2024\/01\/Amelioration-du-systeme-de-passation-des-marches-publics-la-delegation-de-LARMP-en-reunion-de-travail-avec-lequipe-du-BCECO-6-768x512.jpg\" alt=\"Ame\u0301lioration du syste\u0300me de passation des marche\u0301s publics : la de\u0301le\u0301gation de L&#039;ARMP en re\u0301union de travail avec l&#039;e\u0301quipe du BCECO 6\" \/><\/figure><\/div><div class=\"swiper-slide\" role=\"group\" aria-roledescription=\"slide\" aria-label=\"5 of 10\"><figure class=\"swiper-slide-inner\"><img decoding=\"async\" class=\"swiper-slide-image\" src=\"https:\/\/ikar.dev\/bceco-v2\/wp-content\/uploads\/2024\/01\/Amelioration-du-systeme-de-passation-des-marches-publics-la-delegation-de-LARMP-en-reunion-de-travail-avec-lequipe-du-BCECO-5-768x512.jpg\" alt=\"Ame\u0301lioration du syste\u0300me de passation des marche\u0301s publics : la de\u0301le\u0301gation de L&#039;ARMP en re\u0301union de travail avec l&#039;e\u0301quipe du BCECO 5\" \/><\/figure><\/div><div class=\"swiper-slide\" role=\"group\" aria-roledescription=\"slide\" aria-label=\"6 of 10\"><figure class=\"swiper-slide-inner\"><img decoding=\"async\" class=\"swiper-slide-image\" src=\"https:\/\/ikar.dev\/bceco-v2\/wp-content\/uploads\/2024\/01\/Amelioration-du-systeme-de-passation-des-marches-publics-la-delegation-de-LARMP-en-reunion-de-travail-avec-lequipe-du-BCECO-7-768x512.jpg\" alt=\"Ame\u0301lioration du syste\u0300me de passation des marche\u0301s publics : la de\u0301le\u0301gation de L&#039;ARMP en re\u0301union de travail avec l&#039;e\u0301quipe du BCECO 7\" \/><\/figure><\/div><div class=\"swiper-slide\" role=\"group\" aria-roledescription=\"slide\" aria-label=\"7 of 10\"><figure class=\"swiper-slide-inner\"><img decoding=\"async\" class=\"swiper-slide-image\" src=\"https:\/\/ikar.dev\/bceco-v2\/wp-content\/uploads\/2024\/01\/Amelioration-du-systeme-de-passation-des-marches-publics-la-delegation-de-LARMP-en-reunion-de-travail-avec-lequipe-du-BCECO-3-768x512.jpg\" alt=\"Ame\u0301lioration du syste\u0300me de passation des marche\u0301s publics : la de\u0301le\u0301gation de L&#039;ARMP en re\u0301union de travail avec l&#039;e\u0301quipe du BCECO 3\" \/><\/figure><\/div><div class=\"swiper-slide\" role=\"group\" aria-roledescription=\"slide\" aria-label=\"8 of 10\"><figure class=\"swiper-slide-inner\"><img decoding=\"async\" class=\"swiper-slide-image\" src=\"https:\/\/ikar.dev\/bceco-v2\/wp-content\/uploads\/2024\/01\/Amelioration-du-systeme-de-passation-des-marches-publics-la-delegation-de-LARMP-en-reunion-de-travail-avec-lequipe-du-BCECO-2-768x512.jpg\" alt=\"Ame\u0301lioration du syste\u0300me de passation des marche\u0301s publics : la de\u0301le\u0301gation de L&#039;ARMP en re\u0301union de travail avec l&#039;e\u0301quipe du BCECO 2\" \/><\/figure><\/div><div class=\"swiper-slide\" role=\"group\" aria-roledescription=\"slide\" aria-label=\"9 of 10\"><figure class=\"swiper-slide-inner\"><img decoding=\"async\" class=\"swiper-slide-image\" src=\"https:\/\/ikar.dev\/bceco-v2\/wp-content\/uploads\/2024\/01\/Amelioration-du-systeme-de-passation-des-marches-publics-la-delegation-de-LARMP-en-reunion-de-travail-avec-lequipe-du-BCECO-4-768x512.jpg\" alt=\"Ame\u0301lioration du syste\u0300me de passation des marche\u0301s publics : la de\u0301le\u0301gation de L&#039;ARMP en re\u0301union de travail avec l&#039;e\u0301quipe du BCECO 4\" \/><\/figure><\/div><div class=\"swiper-slide\" role=\"group\" aria-roledescription=\"slide\" aria-label=\"10 of 10\"><figure class=\"swiper-slide-inner\"><img decoding=\"async\" class=\"swiper-slide-image\" src=\"https:\/\/ikar.dev\/bceco-v2\/wp-content\/uploads\/2024\/01\/Amelioration-du-systeme-de-passation-des-marches-publics-la-delegation-de-LARMP-en-reunion-de-travail-avec-lequipe-du-BCECO-1-768x512.jpg\" alt=\"Ame\u0301lioration du syste\u0300me de passation des marche\u0301s publics : la de\u0301le\u0301gation de L&#039;ARMP en re\u0301union de travail avec l&#039;e\u0301quipe du BCECO 1\" \/><\/figure><\/div>\t\t\t<\/div>\n\t\t\t\t\t\t\t\t\t\t\t\t<div class=\"elementor-swiper-button elementor-swiper-button-prev\" role=\"button\" tabindex=\"0\">\n\t\t\t\t\t\t<svg aria-hidden=\"true\" class=\"e-font-icon-svg e-eicon-chevron-left\" viewBox=\"0 0 1000 1000\" xmlns=\"http:\/\/www.w3.org\/2000\/svg\"><path d=\"M646 125C629 125 613 133 604 142L308 442C296 454 292 471 292 487 292 504 296 521 308 533L604 854C617 867 629 875 646 875 663 875 679 871 692 858 704 846 713 829 713 812 713 796 708 779 692 767L438 487 692 225C700 217 708 204 708 187 708 171 704 154 692 142 675 129 663 125 646 125Z\"><\/path><\/svg>\t\t\t\t\t<\/div>\n\t\t\t\t\t<div class=\"elementor-swiper-button elementor-swiper-button-next\" role=\"button\" tabindex=\"0\">\n\t\t\t\t\t\t<svg aria-hidden=\"true\" class=\"e-font-icon-svg e-eicon-chevron-right\" viewBox=\"0 0 1000 1000\" xmlns=\"http:\/\/www.w3.org\/2000\/svg\"><path d=\"M696 533C708 521 713 504 713 487 713 471 708 454 696 446L400 146C388 133 375 125 354 125 338 125 325 129 313 142 300 154 292 171 292 187 292 204 296 221 308 233L563 492 304 771C292 783 288 800 288 817 288 833 296 850 308 863 321 871 338 875 354 875 371 875 388 867 400 854L696 533Z\"><\/path><\/svg>\t\t\t\t\t<\/div>\n\t\t\t\t\n\t\t\t\t\t\t\t\t\t<div class=\"swiper-pagination\"><\/div>\n\t\t\t\t\t\t\t\t\t<\/div>\n\t\t\t\t\t\t<\/div>\n\t\t\t\t<div class=\"elementor-element elementor-element-ede6689 elementor-widget elementor-widget-text-editor\" data-id=\"ede6689\" data-element_type=\"widget\" data-widget_type=\"text-editor.default\">\n\t\t\t\t\t\t\t\t\t<p style=\"text-align:justify;\">Durant pr\u00e8s d\u2019une heure d\u2019entrevue, les deux parties se sont mis d\u2019accord pour la feuille de route \u00e0 suivre et dans les tous prochains jours un comit\u00e9 de travail se r\u00e9unira pour la mat\u00e9rialisation de la dite feuille de route.<\/p>\t\t\t\t\t\t\t\t<\/div>\n\t\t\t\t<div class=\"elementor-element elementor-element-96d1a99 elementor-widget elementor-widget-text-editor\" data-id=\"96d1a99\" data-element_type=\"widget\" data-widget_type=\"text-editor.default\">\n\t\t\t\t\t\t\t\t\t<p style=\"text-align:justify;\">Il faut noter que cette rencontre marque le d\u00e9but d\u2019une s\u00e9rie de rencontres qui se tiendra entre l\u2019autorit\u00e9 de r\u00e9gulation des march\u00e9s publics ARMP et les diff\u00e9rents partenaires qui rentrent dans le syst\u00e8me de passation des march\u00e9s publics.<\/p>\t\t\t\t\t\t\t\t<\/div>\n\t\t\t\t<div class=\"elementor-element elementor-element-948e503 elementor-widget elementor-widget-text-editor\" data-id=\"948e503\" data-element_type=\"widget\" data-widget_type=\"text-editor.default\">\n\t\t\t\t\t\t\t\t\t<p style=\"text-align:justify;\">L\u2019ARMP qui demeure un partenaire des institutions publiques en g\u00e9n\u00e9ral et du Bceco en particulier dans la proc\u00e9dure de passation des march\u00e9s publics dans la mesure o\u00f9 c\u2019est l\u2019organe de r\u00e9gulation et de conception des diff\u00e9rents march\u00e9s avant leur publication officielle.<\/p>\t\t\t\t\t\t\t\t<\/div>\n\t\t\t\t\t<\/div>\n\t\t<\/div>\n\t\t\t\t\t<\/div>\n\t\t<\/section>\n\t\t\t\t<\/div>\n\t\t","protected":false},"excerpt":{"rendered":"<p>Jeudi 18 janvier 2024: la d\u00e9l\u00e9gation de l&#8217;autorit\u00e9 de r\u00e9gulation des march\u00e9s publics ARMP conduite par son directeur g\u00e9n\u00e9ral Beno\u00eet Kalikat accompagn\u00e9 du pr\u00e9sident de son conseil d&#8217;administration Mr Armand Tshiamala est descendue dans les installations du bureau central de coordination BCECO pour y rencontrer sa haute direction. S\u2019entretenir avec les grands op\u00e9rateurs et acteurs<\/p>\n","protected":false},"author":1,"featured_media":32831,"comment_status":"open","ping_status":"open","sticky":false,"template":"","format":"standard","meta":{"footnotes":""},"categories":[69,63],"tags":[],"class_list":["post-32823","post","type-post","status-publish","format-standard","has-post-thumbnail","hentry","category-actualites","category-infrastructures"],"yoast_head":"<!-- This site is optimized with the Yoast SEO plugin v26.7 - https:\/\/yoast.com\/wordpress\/plugins\/seo\/ -->\n<title>Am\u00e9lioration du syst\u00e8me de passation des march\u00e9s publics : la d\u00e9l\u00e9gation de L&#039;ARMP en r\u00e9union de travail avec l&#039;\u00e9quipe du BCECO ! - Bureau Central de Coordination<\/title>\n<meta name=\"robots\" content=\"index, follow, max-snippet:-1, max-image-preview:large, max-video-preview:-1\" \/>\n<link rel=\"canonical\" href=\"https:\/\/ikar.dev\/bceco-v2\/amelioration-du-systeme-de-passation-des-marches-publics-la-delegation-de-larmp-en-reunion-de-travail-avec-lequipe-du-bceco\/\" \/>\n<meta property=\"og:locale\" content=\"en_US\" \/>\n<meta property=\"og:type\" content=\"article\" \/>\n<meta property=\"og:title\" content=\"Am\u00e9lioration du syst\u00e8me de passation des march\u00e9s publics : la d\u00e9l\u00e9gation de L&#039;ARMP en r\u00e9union de travail avec l&#039;\u00e9quipe du BCECO ! - Bureau Central de Coordination\" \/>\n<meta property=\"og:description\" content=\"Jeudi 18 janvier 2024: la d\u00e9l\u00e9gation de l&#8217;autorit\u00e9 de r\u00e9gulation des march\u00e9s publics ARMP conduite par son directeur g\u00e9n\u00e9ral Beno\u00eet Kalikat accompagn\u00e9 du pr\u00e9sident de son conseil d&#8217;administration Mr Armand Tshiamala est descendue dans les installations du bureau central de coordination BCECO pour y rencontrer sa haute direction. S\u2019entretenir avec les grands op\u00e9rateurs et acteurs\" \/>\n<meta property=\"og:url\" content=\"https:\/\/ikar.dev\/bceco-v2\/amelioration-du-systeme-de-passation-des-marches-publics-la-delegation-de-larmp-en-reunion-de-travail-avec-lequipe-du-bceco\/\" \/>\n<meta property=\"og:site_name\" content=\"Bureau Central de Coordination\" \/>\n<meta property=\"article:publisher\" content=\"https:\/\/www.facebook.com\/BCeCoRDC\" \/>\n<meta property=\"article:published_time\" content=\"2024-01-19T12:27:35+00:00\" \/>\n<meta property=\"og:image\" content=\"https:\/\/ikar.dev\/bceco-v2\/wp-content\/uploads\/2024\/01\/Amelioration-du-systeme-de-passation-des-marches-publics-la-delegation-de-LARMP-en-reunion-de-travail-avec-lequipe-du-BCECO-9.jpg\" \/>\n<meta name=\"author\" content=\"bceco\" \/>\n<meta name=\"twitter:card\" content=\"summary_large_image\" \/>\n<meta name=\"twitter:creator\" content=\"@BCeCoRDC\" \/>\n<meta name=\"twitter:site\" content=\"@BCeCoRDC\" \/>\n<meta name=\"twitter:label1\" content=\"Written by\" \/>\n\t<meta name=\"twitter:data1\" content=\"bceco\" \/>\n\t<meta name=\"twitter:label2\" content=\"Est. reading time\" \/>\n\t<meta name=\"twitter:data2\" content=\"1 minute\" \/>\n<script type=\"application\/ld+json\" class=\"yoast-schema-graph\">{\"@context\":\"https:\/\/schema.org\",\"@graph\":[{\"@type\":\"Article\",\"@id\":\"https:\/\/ikar.dev\/bceco-v2\/amelioration-du-systeme-de-passation-des-marches-publics-la-delegation-de-larmp-en-reunion-de-travail-avec-lequipe-du-bceco\/#article\",\"isPartOf\":{\"@id\":\"https:\/\/ikar.dev\/bceco-v2\/amelioration-du-systeme-de-passation-des-marches-publics-la-delegation-de-larmp-en-reunion-de-travail-avec-lequipe-du-bceco\/\"},\"author\":{\"name\":\"bceco\",\"@id\":\"https:\/\/ikar.dev\/bceco-v2\/#\/schema\/person\/6ee74807ffb016a78852fec6a295d503\"},\"headline\":\"Am\u00e9lioration du syst\u00e8me de passation des march\u00e9s publics : la d\u00e9l\u00e9gation de L&#8217;ARMP en r\u00e9union de travail avec l&#8217;\u00e9quipe du BCECO !\",\"datePublished\":\"2024-01-19T12:27:35+00:00\",\"mainEntityOfPage\":{\"@id\":\"https:\/\/ikar.dev\/bceco-v2\/amelioration-du-systeme-de-passation-des-marches-publics-la-delegation-de-larmp-en-reunion-de-travail-avec-lequipe-du-bceco\/\"},\"wordCount\":286,\"commentCount\":0,\"publisher\":{\"@id\":\"https:\/\/ikar.dev\/bceco-v2\/#organization\"},\"image\":{\"@id\":\"https:\/\/ikar.dev\/bceco-v2\/amelioration-du-systeme-de-passation-des-marches-publics-la-delegation-de-larmp-en-reunion-de-travail-avec-lequipe-du-bceco\/#primaryimage\"},\"thumbnailUrl\":\"https:\/\/ikar.dev\/bceco-v2\/wp-content\/uploads\/2024\/01\/IMG-20240125-WA0009.jpg\",\"articleSection\":[\"Actualit\u00e9s\",\"Infrastructures\"],\"inLanguage\":\"en-US\",\"potentialAction\":[{\"@type\":\"CommentAction\",\"name\":\"Comment\",\"target\":[\"https:\/\/ikar.dev\/bceco-v2\/amelioration-du-systeme-de-passation-des-marches-publics-la-delegation-de-larmp-en-reunion-de-travail-avec-lequipe-du-bceco\/#respond\"]}]},{\"@type\":\"WebPage\",\"@id\":\"https:\/\/ikar.dev\/bceco-v2\/amelioration-du-systeme-de-passation-des-marches-publics-la-delegation-de-larmp-en-reunion-de-travail-avec-lequipe-du-bceco\/\",\"url\":\"https:\/\/ikar.dev\/bceco-v2\/amelioration-du-systeme-de-passation-des-marches-publics-la-delegation-de-larmp-en-reunion-de-travail-avec-lequipe-du-bceco\/\",\"name\":\"Am\u00e9lioration du syst\u00e8me de passation des march\u00e9s publics : la d\u00e9l\u00e9gation de L'ARMP en r\u00e9union de travail avec l'\u00e9quipe du BCECO ! - Bureau Central de Coordination\",\"isPartOf\":{\"@id\":\"https:\/\/ikar.dev\/bceco-v2\/#website\"},\"primaryImageOfPage\":{\"@id\":\"https:\/\/ikar.dev\/bceco-v2\/amelioration-du-systeme-de-passation-des-marches-publics-la-delegation-de-larmp-en-reunion-de-travail-avec-lequipe-du-bceco\/#primaryimage\"},\"image\":{\"@id\":\"https:\/\/ikar.dev\/bceco-v2\/amelioration-du-systeme-de-passation-des-marches-publics-la-delegation-de-larmp-en-reunion-de-travail-avec-lequipe-du-bceco\/#primaryimage\"},\"thumbnailUrl\":\"https:\/\/ikar.dev\/bceco-v2\/wp-content\/uploads\/2024\/01\/IMG-20240125-WA0009.jpg\",\"datePublished\":\"2024-01-19T12:27:35+00:00\",\"breadcrumb\":{\"@id\":\"https:\/\/ikar.dev\/bceco-v2\/amelioration-du-systeme-de-passation-des-marches-publics-la-delegation-de-larmp-en-reunion-de-travail-avec-lequipe-du-bceco\/#breadcrumb\"},\"inLanguage\":\"en-US\",\"potentialAction\":[{\"@type\":\"ReadAction\",\"target\":[\"https:\/\/ikar.dev\/bceco-v2\/amelioration-du-systeme-de-passation-des-marches-publics-la-delegation-de-larmp-en-reunion-de-travail-avec-lequipe-du-bceco\/\"]}]},{\"@type\":\"ImageObject\",\"inLanguage\":\"en-US\",\"@id\":\"https:\/\/ikar.dev\/bceco-v2\/amelioration-du-systeme-de-passation-des-marches-publics-la-delegation-de-larmp-en-reunion-de-travail-avec-lequipe-du-bceco\/#primaryimage\",\"url\":\"https:\/\/ikar.dev\/bceco-v2\/wp-content\/uploads\/2024\/01\/IMG-20240125-WA0009.jpg\",\"contentUrl\":\"https:\/\/ikar.dev\/bceco-v2\/wp-content\/uploads\/2024\/01\/IMG-20240125-WA0009.jpg\",\"width\":1080,\"height\":720},{\"@type\":\"BreadcrumbList\",\"@id\":\"https:\/\/ikar.dev\/bceco-v2\/amelioration-du-systeme-de-passation-des-marches-publics-la-delegation-de-larmp-en-reunion-de-travail-avec-lequipe-du-bceco\/#breadcrumb\",\"itemListElement\":[{\"@type\":\"ListItem\",\"position\":1,\"name\":\"Accueil\",\"item\":\"https:\/\/ikar.dev\/bceco-v2\/\"},{\"@type\":\"ListItem\",\"position\":2,\"name\":\"Am\u00e9lioration du syst\u00e8me de passation des march\u00e9s publics : la d\u00e9l\u00e9gation de L&rsquo;ARMP en r\u00e9union de travail avec l&rsquo;\u00e9quipe du BCECO !\"}]},{\"@type\":\"WebSite\",\"@id\":\"https:\/\/ikar.dev\/bceco-v2\/#website\",\"url\":\"https:\/\/ikar.dev\/bceco-v2\/\",\"name\":\"Bureau Central de Coordination\",\"description\":\"B.Ce.Co \u2013 Au c\u0153ur de l\u2019ex\u00e9cution des projets de d\u00e9veloppement en RDC\",\"publisher\":{\"@id\":\"https:\/\/ikar.dev\/bceco-v2\/#organization\"},\"potentialAction\":[{\"@type\":\"SearchAction\",\"target\":{\"@type\":\"EntryPoint\",\"urlTemplate\":\"https:\/\/ikar.dev\/bceco-v2\/?s={search_term_string}\"},\"query-input\":{\"@type\":\"PropertyValueSpecification\",\"valueRequired\":true,\"valueName\":\"search_term_string\"}}],\"inLanguage\":\"en-US\"},{\"@type\":\"Organization\",\"@id\":\"https:\/\/ikar.dev\/bceco-v2\/#organization\",\"name\":\"Bureau Central de Coordination\",\"url\":\"https:\/\/ikar.dev\/bceco-v2\/\",\"logo\":{\"@type\":\"ImageObject\",\"inLanguage\":\"en-US\",\"@id\":\"https:\/\/ikar.dev\/bceco-v2\/#\/schema\/logo\/image\/\",\"url\":\"https:\/\/ikar.dev\/bceco-v2\/wp-content\/uploads\/2025\/12\/BCECO-Bureau-Central-de-Coordination.jpg\",\"contentUrl\":\"https:\/\/ikar.dev\/bceco-v2\/wp-content\/uploads\/2025\/12\/BCECO-Bureau-Central-de-Coordination.jpg\",\"width\":2048,\"height\":2048,\"caption\":\"Bureau Central de Coordination\"},\"image\":{\"@id\":\"https:\/\/ikar.dev\/bceco-v2\/#\/schema\/logo\/image\/\"},\"sameAs\":[\"https:\/\/www.facebook.com\/BCeCoRDC\",\"https:\/\/x.com\/BCeCoRDC\"]},{\"@type\":\"Person\",\"@id\":\"https:\/\/ikar.dev\/bceco-v2\/#\/schema\/person\/6ee74807ffb016a78852fec6a295d503\",\"name\":\"bceco\",\"image\":{\"@type\":\"ImageObject\",\"inLanguage\":\"en-US\",\"@id\":\"https:\/\/ikar.dev\/bceco-v2\/#\/schema\/person\/image\/\",\"url\":\"https:\/\/secure.gravatar.com\/avatar\/55c07e1707f50774ef3c842c9d074773a6b558a20fbd1608c8e4871bc88f3455?s=96&d=mm&r=g\",\"contentUrl\":\"https:\/\/secure.gravatar.com\/avatar\/55c07e1707f50774ef3c842c9d074773a6b558a20fbd1608c8e4871bc88f3455?s=96&d=mm&r=g\",\"caption\":\"bceco\"},\"sameAs\":[\"https:\/\/ikar.dev\/bceco-v2\"],\"url\":\"https:\/\/ikar.dev\/bceco-v2\/author\/bceco\/\"}]}<\/script>\n<!-- \/ Yoast SEO plugin. -->","yoast_head_json":{"title":"Am\u00e9lioration du syst\u00e8me de passation des march\u00e9s publics : la d\u00e9l\u00e9gation de L'ARMP en r\u00e9union de travail avec l'\u00e9quipe du BCECO ! - Bureau Central de Coordination","robots":{"index":"index","follow":"follow","max-snippet":"max-snippet:-1","max-image-preview":"max-image-preview:large","max-video-preview":"max-video-preview:-1"},"canonical":"https:\/\/ikar.dev\/bceco-v2\/amelioration-du-systeme-de-passation-des-marches-publics-la-delegation-de-larmp-en-reunion-de-travail-avec-lequipe-du-bceco\/","og_locale":"en_US","og_type":"article","og_title":"Am\u00e9lioration du syst\u00e8me de passation des march\u00e9s publics : la d\u00e9l\u00e9gation de L'ARMP en r\u00e9union de travail avec l'\u00e9quipe du BCECO ! - Bureau Central de Coordination","og_description":"Jeudi 18 janvier 2024: la d\u00e9l\u00e9gation de l&#8217;autorit\u00e9 de r\u00e9gulation des march\u00e9s publics ARMP conduite par son directeur g\u00e9n\u00e9ral Beno\u00eet Kalikat accompagn\u00e9 du pr\u00e9sident de son conseil d&#8217;administration Mr Armand Tshiamala est descendue dans les installations du bureau central de coordination BCECO pour y rencontrer sa haute direction. S\u2019entretenir avec les grands op\u00e9rateurs et acteurs","og_url":"https:\/\/ikar.dev\/bceco-v2\/amelioration-du-systeme-de-passation-des-marches-publics-la-delegation-de-larmp-en-reunion-de-travail-avec-lequipe-du-bceco\/","og_site_name":"Bureau Central de Coordination","article_publisher":"https:\/\/www.facebook.com\/BCeCoRDC","article_published_time":"2024-01-19T12:27:35+00:00","og_image":[{"url":"https:\/\/ikar.dev\/bceco-v2\/wp-content\/uploads\/2024\/01\/Amelioration-du-systeme-de-passation-des-marches-publics-la-delegation-de-LARMP-en-reunion-de-travail-avec-lequipe-du-BCECO-9.jpg","type":"","width":"","height":""}],"author":"bceco","twitter_card":"summary_large_image","twitter_creator":"@BCeCoRDC","twitter_site":"@BCeCoRDC","twitter_misc":{"Written by":"bceco","Est. reading time":"1 minute"},"schema":{"@context":"https:\/\/schema.org","@graph":[{"@type":"Article","@id":"https:\/\/ikar.dev\/bceco-v2\/amelioration-du-systeme-de-passation-des-marches-publics-la-delegation-de-larmp-en-reunion-de-travail-avec-lequipe-du-bceco\/#article","isPartOf":{"@id":"https:\/\/ikar.dev\/bceco-v2\/amelioration-du-systeme-de-passation-des-marches-publics-la-delegation-de-larmp-en-reunion-de-travail-avec-lequipe-du-bceco\/"},"author":{"name":"bceco","@id":"https:\/\/ikar.dev\/bceco-v2\/#\/schema\/person\/6ee74807ffb016a78852fec6a295d503"},"headline":"Am\u00e9lioration du syst\u00e8me de passation des march\u00e9s publics : la d\u00e9l\u00e9gation de L&#8217;ARMP en r\u00e9union de travail avec l&#8217;\u00e9quipe du BCECO !","datePublished":"2024-01-19T12:27:35+00:00","mainEntityOfPage":{"@id":"https:\/\/ikar.dev\/bceco-v2\/amelioration-du-systeme-de-passation-des-marches-publics-la-delegation-de-larmp-en-reunion-de-travail-avec-lequipe-du-bceco\/"},"wordCount":286,"commentCount":0,"publisher":{"@id":"https:\/\/ikar.dev\/bceco-v2\/#organization"},"image":{"@id":"https:\/\/ikar.dev\/bceco-v2\/amelioration-du-systeme-de-passation-des-marches-publics-la-delegation-de-larmp-en-reunion-de-travail-avec-lequipe-du-bceco\/#primaryimage"},"thumbnailUrl":"https:\/\/ikar.dev\/bceco-v2\/wp-content\/uploads\/2024\/01\/IMG-20240125-WA0009.jpg","articleSection":["Actualit\u00e9s","Infrastructures"],"inLanguage":"en-US","potentialAction":[{"@type":"CommentAction","name":"Comment","target":["https:\/\/ikar.dev\/bceco-v2\/amelioration-du-systeme-de-passation-des-marches-publics-la-delegation-de-larmp-en-reunion-de-travail-avec-lequipe-du-bceco\/#respond"]}]},{"@type":"WebPage","@id":"https:\/\/ikar.dev\/bceco-v2\/amelioration-du-systeme-de-passation-des-marches-publics-la-delegation-de-larmp-en-reunion-de-travail-avec-lequipe-du-bceco\/","url":"https:\/\/ikar.dev\/bceco-v2\/amelioration-du-systeme-de-passation-des-marches-publics-la-delegation-de-larmp-en-reunion-de-travail-avec-lequipe-du-bceco\/","name":"Am\u00e9lioration du syst\u00e8me de passation des march\u00e9s publics : la d\u00e9l\u00e9gation de L'ARMP en r\u00e9union de travail avec l'\u00e9quipe du BCECO ! - Bureau Central de Coordination","isPartOf":{"@id":"https:\/\/ikar.dev\/bceco-v2\/#website"},"primaryImageOfPage":{"@id":"https:\/\/ikar.dev\/bceco-v2\/amelioration-du-systeme-de-passation-des-marches-publics-la-delegation-de-larmp-en-reunion-de-travail-avec-lequipe-du-bceco\/#primaryimage"},"image":{"@id":"https:\/\/ikar.dev\/bceco-v2\/amelioration-du-systeme-de-passation-des-marches-publics-la-delegation-de-larmp-en-reunion-de-travail-avec-lequipe-du-bceco\/#primaryimage"},"thumbnailUrl":"https:\/\/ikar.dev\/bceco-v2\/wp-content\/uploads\/2024\/01\/IMG-20240125-WA0009.jpg","datePublished":"2024-01-19T12:27:35+00:00","breadcrumb":{"@id":"https:\/\/ikar.dev\/bceco-v2\/amelioration-du-systeme-de-passation-des-marches-publics-la-delegation-de-larmp-en-reunion-de-travail-avec-lequipe-du-bceco\/#breadcrumb"},"inLanguage":"en-US","potentialAction":[{"@type":"ReadAction","target":["https:\/\/ikar.dev\/bceco-v2\/amelioration-du-systeme-de-passation-des-marches-publics-la-delegation-de-larmp-en-reunion-de-travail-avec-lequipe-du-bceco\/"]}]},{"@type":"ImageObject","inLanguage":"en-US","@id":"https:\/\/ikar.dev\/bceco-v2\/amelioration-du-systeme-de-passation-des-marches-publics-la-delegation-de-larmp-en-reunion-de-travail-avec-lequipe-du-bceco\/#primaryimage","url":"https:\/\/ikar.dev\/bceco-v2\/wp-content\/uploads\/2024\/01\/IMG-20240125-WA0009.jpg","contentUrl":"https:\/\/ikar.dev\/bceco-v2\/wp-content\/uploads\/2024\/01\/IMG-20240125-WA0009.jpg","width":1080,"height":720},{"@type":"BreadcrumbList","@id":"https:\/\/ikar.dev\/bceco-v2\/amelioration-du-systeme-de-passation-des-marches-publics-la-delegation-de-larmp-en-reunion-de-travail-avec-lequipe-du-bceco\/#breadcrumb","itemListElement":[{"@type":"ListItem","position":1,"name":"Accueil","item":"https:\/\/ikar.dev\/bceco-v2\/"},{"@type":"ListItem","position":2,"name":"Am\u00e9lioration du syst\u00e8me de passation des march\u00e9s publics : la d\u00e9l\u00e9gation de L&rsquo;ARMP en r\u00e9union de travail avec l&rsquo;\u00e9quipe du BCECO !"}]},{"@type":"WebSite","@id":"https:\/\/ikar.dev\/bceco-v2\/#website","url":"https:\/\/ikar.dev\/bceco-v2\/","name":"Bureau Central de Coordination","description":"B.Ce.Co \u2013 Au c\u0153ur de l\u2019ex\u00e9cution des projets de d\u00e9veloppement en RDC","publisher":{"@id":"https:\/\/ikar.dev\/bceco-v2\/#organization"},"potentialAction":[{"@type":"SearchAction","target":{"@type":"EntryPoint","urlTemplate":"https:\/\/ikar.dev\/bceco-v2\/?s={search_term_string}"},"query-input":{"@type":"PropertyValueSpecification","valueRequired":true,"valueName":"search_term_string"}}],"inLanguage":"en-US"},{"@type":"Organization","@id":"https:\/\/ikar.dev\/bceco-v2\/#organization","name":"Bureau Central de Coordination","url":"https:\/\/ikar.dev\/bceco-v2\/","logo":{"@type":"ImageObject","inLanguage":"en-US","@id":"https:\/\/ikar.dev\/bceco-v2\/#\/schema\/logo\/image\/","url":"https:\/\/ikar.dev\/bceco-v2\/wp-content\/uploads\/2025\/12\/BCECO-Bureau-Central-de-Coordination.jpg","contentUrl":"https:\/\/ikar.dev\/bceco-v2\/wp-content\/uploads\/2025\/12\/BCECO-Bureau-Central-de-Coordination.jpg","width":2048,"height":2048,"caption":"Bureau Central de Coordination"},"image":{"@id":"https:\/\/ikar.dev\/bceco-v2\/#\/schema\/logo\/image\/"},"sameAs":["https:\/\/www.facebook.com\/BCeCoRDC","https:\/\/x.com\/BCeCoRDC"]},{"@type":"Person","@id":"https:\/\/ikar.dev\/bceco-v2\/#\/schema\/person\/6ee74807ffb016a78852fec6a295d503","name":"bceco","image":{"@type":"ImageObject","inLanguage":"en-US","@id":"https:\/\/ikar.dev\/bceco-v2\/#\/schema\/person\/image\/","url":"https:\/\/secure.gravatar.com\/avatar\/55c07e1707f50774ef3c842c9d074773a6b558a20fbd1608c8e4871bc88f3455?s=96&d=mm&r=g","contentUrl":"https:\/\/secure.gravatar.com\/avatar\/55c07e1707f50774ef3c842c9d074773a6b558a20fbd1608c8e4871bc88f3455?s=96&d=mm&r=g","caption":"bceco"},"sameAs":["https:\/\/ikar.dev\/bceco-v2"],"url":"https:\/\/ikar.dev\/bceco-v2\/author\/bceco\/"}]}},"_links":{"self":[{"href":"https:\/\/ikar.dev\/bceco-v2\/wp-json\/wp\/v2\/posts\/32823","targetHints":{"allow":["GET"]}}],"collection":[{"href":"https:\/\/ikar.dev\/bceco-v2\/wp-json\/wp\/v2\/posts"}],"about":[{"href":"https:\/\/ikar.dev\/bceco-v2\/wp-json\/wp\/v2\/types\/post"}],"author":[{"embeddable":true,"href":"https:\/\/ikar.dev\/bceco-v2\/wp-json\/wp\/v2\/users\/1"}],"replies":[{"embeddable":true,"href":"https:\/\/ikar.dev\/bceco-v2\/wp-json\/wp\/v2\/comments?post=32823"}],"version-history":[{"count":0,"href":"https:\/\/ikar.dev\/bceco-v2\/wp-json\/wp\/v2\/posts\/32823\/revisions"}],"wp:featuredmedia":[{"embeddable":true,"href":"https:\/\/ikar.dev\/bceco-v2\/wp-json\/wp\/v2\/media\/32831"}],"wp:attachment":[{"href":"https:\/\/ikar.dev\/bceco-v2\/wp-json\/wp\/v2\/media?parent=32823"}],"wp:term":[{"taxonomy":"category","embeddable":true,"href":"https:\/\/ikar.dev\/bceco-v2\/wp-json\/wp\/v2\/categories?post=32823"},{"taxonomy":"post_tag","embeddable":true,"href":"https:\/\/ikar.dev\/bceco-v2\/wp-json\/wp\/v2\/tags?post=32823"}],"curies":[{"name":"wp","href":"https:\/\/api.w.org\/{rel}","templated":true}]}}