{"id":32703,"date":"2024-01-12T14:40:00","date_gmt":"2024-01-12T14:40:00","guid":{"rendered":"https:\/\/bceco.cd\/?p=32703"},"modified":"2025-12-23T17:24:05","modified_gmt":"2025-12-23T16:24:05","slug":"couverture-sante-universelle-samuel-roger-kamba-suit-de-pres-les-travaux-la-troisieme-phase-du-centre-hospitalier-universitaire-renaissance","status":"publish","type":"post","link":"https:\/\/ikar.dev\/bceco-v2\/couverture-sante-universelle-samuel-roger-kamba-suit-de-pres-les-travaux-la-troisieme-phase-du-centre-hospitalier-universitaire-renaissance\/","title":{"rendered":"Couverture Sant\u00e9 Universelle : Samuel Roger Kamba suit de pr\u00e8s les travaux la troisi\u00e8me phase du centre hospitalier universitaire renaissance !"},"content":{"rendered":"\t\t<div data-elementor-type=\"wp-post\" data-elementor-id=\"32703\" class=\"elementor elementor-32703\" data-elementor-post-type=\"post\">\n\t\t\t\t\t\t<section class=\"elementor-section elementor-top-section elementor-element elementor-element-2a7baba6 elementor-section-boxed elementor-section-height-default elementor-section-height-default\" data-id=\"2a7baba6\" data-element_type=\"section\">\n\t\t\t\t\t\t<div class=\"elementor-container elementor-column-gap-default\">\n\t\t\t\t\t<div class=\"elementor-column elementor-col-100 elementor-top-column elementor-element elementor-element-14b5c03f\" data-id=\"14b5c03f\" data-element_type=\"column\">\n\t\t\t<div class=\"elementor-widget-wrap elementor-element-populated\">\n\t\t\t\t\t\t<div class=\"elementor-element elementor-element-85e02b7 elementor-widget elementor-widget-text-editor\" data-id=\"85e02b7\" data-element_type=\"widget\" data-widget_type=\"text-editor.default\">\n\t\t\t\t\t\t\t\t\t<p style=\"text-align: justify;\">Pr\u00e8s d\u2019un mois apr\u00e8s l\u2019inauguration du Centre Hospitalier Universitaire Renaissance ex mama Yemo par le Pr\u00e9sident de la R\u00e9publique F\u00e9lix Antoine Tshisekedi Tshibombo, le ministre de la sant\u00e9 publique hygi\u00e8ne et pr\u00e9vention le Dr Samuel Roger Kamba accompagn\u00e9 du directeur g\u00e9n\u00e9ral du Bureau Centrale de Coordination BCECO Jean Mabi Mulumba sont descendus sur le Site de cet l\u2019h\u00f4pital le jeudi 11 janvier 2024 afin s\u2019enqu\u00e9rir de l\u2019\u00e9tat d\u2019avancement des travaux de la troisi\u00e8me phase qui s\u2019ex\u00e9cutent d\u00e9j\u00e0.<\/p>\t\t\t\t\t\t\t\t<\/div>\n\t\t\t\t<div class=\"elementor-element elementor-element-5aa39ef elementor-widget elementor-widget-text-editor\" data-id=\"5aa39ef\" data-element_type=\"widget\" data-widget_type=\"text-editor.default\">\n\t\t\t\t\t\t\t\t\t<p style=\"text-align: justify;\">Sur place le num\u00e9ro un de la sant\u00e9 a t\u00e9nu une r\u00e9union technique dans laquelle \u00e9taient convi\u00e9s les responsables de Yambo agissant comme Bureau D\u2019\u00e9tudes et Contr\u00f4le,et ceux de l\u2019entreprise prestataire CCECC. S\u00e9ance tenante cette \u00e9quipe a eu droit aux explications venant de Mr Eug\u00e8ne Yala chef du projet et repr\u00e9sentant le bureau d\u2019\u00e9tudes Yambo et associ\u00e9s. Pour ce dernier la structure de l\u2019ouvrage ainsi que les diff\u00e9rents services qui y seront log\u00e9s notamment la p\u00e9diatrie et la maternit\u00e9 couvriront des services annexes rattach\u00e9s \u00e0 ces 2 domaines.<\/p>\t\t\t\t\t\t\t\t<\/div>\n\t\t\t\t<div class=\"elementor-element elementor-element-e2a724a elementor-arrows-position-inside elementor-pagination-position-outside elementor-widget elementor-widget-image-carousel\" data-id=\"e2a724a\" data-element_type=\"widget\" data-settings=\"{&quot;slides_to_show&quot;:&quot;1&quot;,&quot;navigation&quot;:&quot;both&quot;,&quot;autoplay&quot;:&quot;yes&quot;,&quot;pause_on_hover&quot;:&quot;yes&quot;,&quot;pause_on_interaction&quot;:&quot;yes&quot;,&quot;autoplay_speed&quot;:5000,&quot;infinite&quot;:&quot;yes&quot;,&quot;effect&quot;:&quot;slide&quot;,&quot;speed&quot;:500}\" data-widget_type=\"image-carousel.default\">\n\t\t\t\t\t\t\t<div class=\"elementor-image-carousel-wrapper swiper\" role=\"region\" aria-roledescription=\"carousel\" aria-label=\"Image Carousel\" dir=\"ltr\">\n\t\t\t<div class=\"elementor-image-carousel swiper-wrapper\" aria-live=\"off\">\n\t\t\t\t\t\t\t\t<div class=\"swiper-slide\" role=\"group\" aria-roledescription=\"slide\" aria-label=\"1 of 10\"><figure class=\"swiper-slide-inner\"><img decoding=\"async\" class=\"swiper-slide-image\" src=\"https:\/\/ikar.dev\/bceco-v2\/wp-content\/uploads\/2024\/01\/Couverture-Sante-Universelle-_-Samuel-Roger-Kamba-suit-de-pres-les-travaux-la-troisieme-phase-du-centre-hospitalier-universitaire-renaissance-3-768x512.jpg\" alt=\"Couverture Sante\u0301 Universelle _ Samuel Roger Kamba suit de pre\u0300s les travaux la troisie\u0300me phase du centre hospitalier universitaire renaissance 3\" \/><\/figure><\/div><div class=\"swiper-slide\" role=\"group\" aria-roledescription=\"slide\" aria-label=\"2 of 10\"><figure class=\"swiper-slide-inner\"><img decoding=\"async\" class=\"swiper-slide-image\" src=\"https:\/\/ikar.dev\/bceco-v2\/wp-content\/uploads\/2024\/01\/Couverture-Sante-Universelle-_-Samuel-Roger-Kamba-suit-de-pres-les-travaux-la-troisieme-phase-du-centre-hospitalier-universitaire-renaissance-4-768x512.jpg\" alt=\"Couverture Sante\u0301 Universelle _ Samuel Roger Kamba suit de pre\u0300s les travaux la troisie\u0300me phase du centre hospitalier universitaire renaissance 4\" \/><\/figure><\/div><div class=\"swiper-slide\" role=\"group\" aria-roledescription=\"slide\" aria-label=\"3 of 10\"><figure class=\"swiper-slide-inner\"><img decoding=\"async\" class=\"swiper-slide-image\" src=\"https:\/\/ikar.dev\/bceco-v2\/wp-content\/uploads\/2024\/01\/Couverture-Sante-Universelle-_-Samuel-Roger-Kamba-suit-de-pres-les-travaux-la-troisieme-phase-du-centre-hospitalier-universitaire-renaissance-5-768x512.jpg\" alt=\"Couverture Sante\u0301 Universelle _ Samuel Roger Kamba suit de pre\u0300s les travaux la troisie\u0300me phase du centre hospitalier universitaire renaissance 5\" \/><\/figure><\/div><div class=\"swiper-slide\" role=\"group\" aria-roledescription=\"slide\" aria-label=\"4 of 10\"><figure class=\"swiper-slide-inner\"><img decoding=\"async\" class=\"swiper-slide-image\" src=\"https:\/\/ikar.dev\/bceco-v2\/wp-content\/uploads\/2024\/01\/Couverture-Sante-Universelle-_-Samuel-Roger-Kamba-suit-de-pres-les-travaux-la-troisieme-phase-du-centre-hospitalier-universitaire-renaissance-1-768x512.jpg\" alt=\"Couverture Sante\u0301 Universelle _ Samuel Roger Kamba suit de pre\u0300s les travaux la troisie\u0300me phase du centre hospitalier universitaire renaissance 1\" \/><\/figure><\/div><div class=\"swiper-slide\" role=\"group\" aria-roledescription=\"slide\" aria-label=\"5 of 10\"><figure class=\"swiper-slide-inner\"><img decoding=\"async\" class=\"swiper-slide-image\" src=\"https:\/\/ikar.dev\/bceco-v2\/wp-content\/uploads\/2024\/01\/Couverture-Sante-Universelle-_-Samuel-Roger-Kamba-suit-de-pres-les-travaux-la-troisieme-phase-du-centre-hospitalier-universitaire-renaissance-6-768x512.jpg\" alt=\"Couverture Sante\u0301 Universelle _ Samuel Roger Kamba suit de pre\u0300s les travaux la troisie\u0300me phase du centre hospitalier universitaire renaissance 6\" \/><\/figure><\/div><div class=\"swiper-slide\" role=\"group\" aria-roledescription=\"slide\" aria-label=\"6 of 10\"><figure class=\"swiper-slide-inner\"><img decoding=\"async\" class=\"swiper-slide-image\" src=\"https:\/\/ikar.dev\/bceco-v2\/wp-content\/uploads\/2024\/01\/Couverture-Sante-Universelle-_-Samuel-Roger-Kamba-suit-de-pres-les-travaux-la-troisieme-phase-du-centre-hospitalier-universitaire-renaissance-8-768x512.jpg\" alt=\"Couverture Sante\u0301 Universelle _ Samuel Roger Kamba suit de pre\u0300s les travaux la troisie\u0300me phase du centre hospitalier universitaire renaissance 8\" \/><\/figure><\/div><div class=\"swiper-slide\" role=\"group\" aria-roledescription=\"slide\" aria-label=\"7 of 10\"><figure class=\"swiper-slide-inner\"><img decoding=\"async\" class=\"swiper-slide-image\" src=\"https:\/\/ikar.dev\/bceco-v2\/wp-content\/uploads\/2024\/01\/Couverture-Sante-Universelle-_-Samuel-Roger-Kamba-suit-de-pres-les-travaux-la-troisieme-phase-du-centre-hospitalier-universitaire-renaissance-9-768x512.jpg\" alt=\"Couverture Sante\u0301 Universelle _ Samuel Roger Kamba suit de pre\u0300s les travaux la troisie\u0300me phase du centre hospitalier universitaire renaissance 9\" \/><\/figure><\/div><div class=\"swiper-slide\" role=\"group\" aria-roledescription=\"slide\" aria-label=\"8 of 10\"><figure class=\"swiper-slide-inner\"><img decoding=\"async\" class=\"swiper-slide-image\" src=\"https:\/\/ikar.dev\/bceco-v2\/wp-content\/uploads\/2024\/01\/Couverture-Sante-Universelle-_-Samuel-Roger-Kamba-suit-de-pres-les-travaux-la-troisieme-phase-du-centre-hospitalier-universitaire-renaissance-11-768x512.jpg\" alt=\"Couverture Sante\u0301 Universelle _ Samuel Roger Kamba suit de pre\u0300s les travaux la troisie\u0300me phase du centre hospitalier universitaire renaissance 11\" \/><\/figure><\/div><div class=\"swiper-slide\" role=\"group\" aria-roledescription=\"slide\" aria-label=\"9 of 10\"><figure class=\"swiper-slide-inner\"><img decoding=\"async\" class=\"swiper-slide-image\" src=\"https:\/\/ikar.dev\/bceco-v2\/wp-content\/uploads\/2024\/01\/Couverture-Sante-Universelle-_-Samuel-Roger-Kamba-suit-de-pres-les-travaux-la-troisieme-phase-du-centre-hospitalier-universitaire-renaissance-7-768x512.jpg\" alt=\"Couverture Sante\u0301 Universelle _ Samuel Roger Kamba suit de pre\u0300s les travaux la troisie\u0300me phase du centre hospitalier universitaire renaissance 7\" \/><\/figure><\/div><div class=\"swiper-slide\" role=\"group\" aria-roledescription=\"slide\" aria-label=\"10 of 10\"><figure class=\"swiper-slide-inner\"><img decoding=\"async\" class=\"swiper-slide-image\" src=\"https:\/\/ikar.dev\/bceco-v2\/wp-content\/uploads\/2024\/01\/Couverture-Sante-Universelle-_-Samuel-Roger-Kamba-suit-de-pres-les-travaux-la-troisieme-phase-du-centre-hospitalier-universitaire-renaissance-10-768x512.jpg\" alt=\"Couverture Sante\u0301 Universelle _ Samuel Roger Kamba suit de pre\u0300s les travaux la troisie\u0300me phase du centre hospitalier universitaire renaissance 10\" \/><\/figure><\/div>\t\t\t<\/div>\n\t\t\t\t\t\t\t\t\t\t\t\t<div class=\"elementor-swiper-button elementor-swiper-button-prev\" role=\"button\" tabindex=\"0\">\n\t\t\t\t\t\t<svg aria-hidden=\"true\" class=\"e-font-icon-svg e-eicon-chevron-left\" viewBox=\"0 0 1000 1000\" xmlns=\"http:\/\/www.w3.org\/2000\/svg\"><path d=\"M646 125C629 125 613 133 604 142L308 442C296 454 292 471 292 487 292 504 296 521 308 533L604 854C617 867 629 875 646 875 663 875 679 871 692 858 704 846 713 829 713 812 713 796 708 779 692 767L438 487 692 225C700 217 708 204 708 187 708 171 704 154 692 142 675 129 663 125 646 125Z\"><\/path><\/svg>\t\t\t\t\t<\/div>\n\t\t\t\t\t<div class=\"elementor-swiper-button elementor-swiper-button-next\" role=\"button\" tabindex=\"0\">\n\t\t\t\t\t\t<svg aria-hidden=\"true\" class=\"e-font-icon-svg e-eicon-chevron-right\" viewBox=\"0 0 1000 1000\" xmlns=\"http:\/\/www.w3.org\/2000\/svg\"><path d=\"M696 533C708 521 713 504 713 487 713 471 708 454 696 446L400 146C388 133 375 125 354 125 338 125 325 129 313 142 300 154 292 171 292 187 292 204 296 221 308 233L563 492 304 771C292 783 288 800 288 817 288 833 296 850 308 863 321 871 338 875 354 875 371 875 388 867 400 854L696 533Z\"><\/path><\/svg>\t\t\t\t\t<\/div>\n\t\t\t\t\n\t\t\t\t\t\t\t\t\t<div class=\"swiper-pagination\"><\/div>\n\t\t\t\t\t\t\t\t\t<\/div>\n\t\t\t\t\t\t<\/div>\n\t\t\t\t<div class=\"elementor-element elementor-element-702878c elementor-widget elementor-widget-text-editor\" data-id=\"702878c\" data-element_type=\"widget\" data-widget_type=\"text-editor.default\">\n\t\t\t\t\t\t\t\t\t<p style=\"text-align: justify;\">Apr\u00e8s un jeu de questions-r\u00e9ponses, le ministre Roger kamba a donn\u00e9 quelques orientations quant \u00e0 la fonctionnalit\u00e9 de ce b\u00e2timent et se dit satisfait du rythme de l\u2019\u00e9volution des travaux . Il a par la m\u00eame occasion annonc\u00e9 que pour la premi\u00e8re phase inaugur\u00e9e le 19 d\u00e9cembre 2023 par le num\u00e9ro un de tous les congolais, l\u2019heure est \u00e0 l\u2019organisation des services et dans les tous prochains jours les malades pourront se faire soigner .<\/p>\t\t\t\t\t\t\t\t<\/div>\n\t\t\t\t<div class=\"elementor-element elementor-element-8184b0a elementor-widget elementor-widget-text-editor\" data-id=\"8184b0a\" data-element_type=\"widget\" data-widget_type=\"text-editor.default\">\n\t\t\t\t\t\t\t\t\t<p style=\"text-align: justify;\">Il faut rappeler que dans le cadre de la couverture sant\u00e9 universelle, le pr\u00e9sident de la r\u00e9publique F\u00e9lix Antoine Tshisekedi Tshibombo s\u2019est engag\u00e9 \u00e0 remettre \u00e0 la population cet ouvrage compl\u00e8tement achev\u00e9 et Cette troisi\u00e8me phase sera remise \u00e0 l\u2019\u00c9tat Congolais au mois de juin 2024.<\/p>\t\t\t\t\t\t\t\t<\/div>\n\t\t\t\t<div class=\"elementor-element elementor-element-9e972a9 elementor-widget elementor-widget-video\" data-id=\"9e972a9\" data-element_type=\"widget\" data-settings=\"{&quot;youtube_url&quot;:&quot;https:\\\/\\\/www.youtube.com\\\/watch?v=0HudYECnMnM&quot;,&quot;video_type&quot;:&quot;youtube&quot;,&quot;controls&quot;:&quot;yes&quot;}\" data-widget_type=\"video.default\">\n\t\t\t\t\t\t\t<div class=\"elementor-wrapper elementor-open-inline\">\n\t\t\t<div class=\"elementor-video\"><\/div>\t\t<\/div>\n\t\t\t\t\t\t<\/div>\n\t\t\t\t\t<\/div>\n\t\t<\/div>\n\t\t\t\t\t<\/div>\n\t\t<\/section>\n\t\t\t\t<\/div>\n\t\t","protected":false},"excerpt":{"rendered":"<p>Pr\u00e8s d\u2019un mois apr\u00e8s l\u2019inauguration du Centre Hospitalier Universitaire Renaissance ex mama Yemo par le Pr\u00e9sident de la R\u00e9publique F\u00e9lix Antoine Tshisekedi Tshibombo, le ministre de la sant\u00e9 publique hygi\u00e8ne et pr\u00e9vention le Dr Samuel Roger Kamba accompagn\u00e9 du directeur g\u00e9n\u00e9ral du Bureau Centrale de Coordination BCECO Jean Mabi Mulumba sont descendus sur le Site<\/p>\n","protected":false},"author":1,"featured_media":32713,"comment_status":"open","ping_status":"open","sticky":false,"template":"","format":"standard","meta":{"footnotes":""},"categories":[69],"tags":[],"class_list":["post-32703","post","type-post","status-publish","format-standard","has-post-thumbnail","hentry","category-actualites"],"yoast_head":"<!-- This site is optimized with the Yoast SEO plugin v26.7 - https:\/\/yoast.com\/wordpress\/plugins\/seo\/ -->\n<title>Couverture Sant\u00e9 Universelle : Samuel Roger Kamba suit de pr\u00e8s les travaux la troisi\u00e8me phase du centre hospitalier universitaire renaissance ! - Bureau Central de Coordination<\/title>\n<meta name=\"description\" content=\"Pr\u00e8s d&#039;un mois apr\u00e8s l&#039;inauguration du Centre Hospitalier Universitaire Renaissance ex mama Yemo par le Pr\u00e9sident de la R\u00e9publique F\u00e9lix Antoine Tshisekedi Tshibombo, le ministre de la sant\u00e9 publique hygi\u00e8ne et pr\u00e9vention le Dr Samuel Roger Kamba accompagn\u00e9 du directeur g\u00e9n\u00e9ral du Bureau Centrale de Coordination BCECO Jean Mabi Mulumba sont descendus sur le Site de cet l&#039;h\u00f4pital le jeudi 11 janvier 2024 afin s&#039;enqu\u00e9rir de l&#039;\u00e9tat d&#039;avancement des travaux de la troisi\u00e8me phase qui s&#039;ex\u00e9cutent d\u00e9j\u00e0.\" \/>\n<meta name=\"robots\" content=\"index, follow, max-snippet:-1, max-image-preview:large, max-video-preview:-1\" \/>\n<link rel=\"canonical\" href=\"https:\/\/ikar.dev\/bceco-v2\/couverture-sante-universelle-samuel-roger-kamba-suit-de-pres-les-travaux-la-troisieme-phase-du-centre-hospitalier-universitaire-renaissance\/\" \/>\n<meta property=\"og:locale\" content=\"en_US\" \/>\n<meta property=\"og:type\" content=\"article\" \/>\n<meta property=\"og:title\" content=\"Couverture Sant\u00e9 Universelle : Samuel Roger Kamba suit de pr\u00e8s les travaux la troisi\u00e8me phase du centre hospitalier universitaire renaissance ! - Bureau Central de Coordination\" \/>\n<meta property=\"og:description\" content=\"Pr\u00e8s d&#039;un mois apr\u00e8s l&#039;inauguration du Centre Hospitalier Universitaire Renaissance ex mama Yemo par le Pr\u00e9sident de la R\u00e9publique F\u00e9lix Antoine Tshisekedi Tshibombo, le ministre de la sant\u00e9 publique hygi\u00e8ne et pr\u00e9vention le Dr Samuel Roger Kamba accompagn\u00e9 du directeur g\u00e9n\u00e9ral du Bureau Centrale de Coordination BCECO Jean Mabi Mulumba sont descendus sur le Site de cet l&#039;h\u00f4pital le jeudi 11 janvier 2024 afin s&#039;enqu\u00e9rir de l&#039;\u00e9tat d&#039;avancement des travaux de la troisi\u00e8me phase qui s&#039;ex\u00e9cutent d\u00e9j\u00e0.\" \/>\n<meta property=\"og:url\" content=\"https:\/\/ikar.dev\/bceco-v2\/couverture-sante-universelle-samuel-roger-kamba-suit-de-pres-les-travaux-la-troisieme-phase-du-centre-hospitalier-universitaire-renaissance\/\" \/>\n<meta property=\"og:site_name\" content=\"Bureau Central de Coordination\" \/>\n<meta property=\"article:publisher\" content=\"https:\/\/www.facebook.com\/BCeCoRDC\" \/>\n<meta property=\"article:published_time\" content=\"2024-01-12T14:40:00+00:00\" \/>\n<meta property=\"article:modified_time\" content=\"2025-12-23T16:24:05+00:00\" \/>\n<meta property=\"og:image\" content=\"https:\/\/ikar.dev\/bceco-v2\/wp-content\/uploads\/2024\/01\/Couverture-Sante-Universelle-_-Samuel-Roger-Kamba-suit-de-pres-les-travaux-la-troisieme-phase-du-centre-hospitalier-universitaire-renaissance-2.jpg\" \/>\n\t<meta property=\"og:image:width\" content=\"1500\" \/>\n\t<meta property=\"og:image:height\" content=\"1000\" \/>\n\t<meta property=\"og:image:type\" content=\"image\/jpeg\" \/>\n<meta name=\"author\" content=\"bceco\" \/>\n<meta name=\"twitter:card\" content=\"summary_large_image\" \/>\n<meta name=\"twitter:creator\" content=\"@BCeCoRDC\" \/>\n<meta name=\"twitter:site\" content=\"@BCeCoRDC\" \/>\n<meta name=\"twitter:label1\" content=\"Written by\" \/>\n\t<meta name=\"twitter:data1\" content=\"bceco\" \/>\n\t<meta name=\"twitter:label2\" content=\"Est. reading time\" \/>\n\t<meta name=\"twitter:data2\" content=\"4 minutes\" \/>\n<script type=\"application\/ld+json\" class=\"yoast-schema-graph\">{\"@context\":\"https:\/\/schema.org\",\"@graph\":[{\"@type\":\"Article\",\"@id\":\"https:\/\/ikar.dev\/bceco-v2\/couverture-sante-universelle-samuel-roger-kamba-suit-de-pres-les-travaux-la-troisieme-phase-du-centre-hospitalier-universitaire-renaissance\/#article\",\"isPartOf\":{\"@id\":\"https:\/\/ikar.dev\/bceco-v2\/couverture-sante-universelle-samuel-roger-kamba-suit-de-pres-les-travaux-la-troisieme-phase-du-centre-hospitalier-universitaire-renaissance\/\"},\"author\":{\"name\":\"bceco\",\"@id\":\"https:\/\/ikar.dev\/bceco-v2\/#\/schema\/person\/6ee74807ffb016a78852fec6a295d503\"},\"headline\":\"Couverture Sant\u00e9 Universelle : Samuel Roger Kamba suit de pr\u00e8s les travaux la troisi\u00e8me phase du centre hospitalier universitaire renaissance !\",\"datePublished\":\"2024-01-12T14:40:00+00:00\",\"dateModified\":\"2025-12-23T16:24:05+00:00\",\"mainEntityOfPage\":{\"@id\":\"https:\/\/ikar.dev\/bceco-v2\/couverture-sante-universelle-samuel-roger-kamba-suit-de-pres-les-travaux-la-troisieme-phase-du-centre-hospitalier-universitaire-renaissance\/\"},\"wordCount\":357,\"commentCount\":0,\"publisher\":{\"@id\":\"https:\/\/ikar.dev\/bceco-v2\/#organization\"},\"image\":{\"@id\":\"https:\/\/ikar.dev\/bceco-v2\/couverture-sante-universelle-samuel-roger-kamba-suit-de-pres-les-travaux-la-troisieme-phase-du-centre-hospitalier-universitaire-renaissance\/#primaryimage\"},\"thumbnailUrl\":\"https:\/\/ikar.dev\/bceco-v2\/wp-content\/uploads\/2024\/01\/Couverture-Sante-Universelle-_-Samuel-Roger-Kamba-suit-de-pres-les-travaux-la-troisieme-phase-du-centre-hospitalier-universitaire-renaissance-2.jpg\",\"articleSection\":[\"Actualit\u00e9s\"],\"inLanguage\":\"en-US\",\"potentialAction\":[{\"@type\":\"CommentAction\",\"name\":\"Comment\",\"target\":[\"https:\/\/ikar.dev\/bceco-v2\/couverture-sante-universelle-samuel-roger-kamba-suit-de-pres-les-travaux-la-troisieme-phase-du-centre-hospitalier-universitaire-renaissance\/#respond\"]}]},{\"@type\":\"WebPage\",\"@id\":\"https:\/\/ikar.dev\/bceco-v2\/couverture-sante-universelle-samuel-roger-kamba-suit-de-pres-les-travaux-la-troisieme-phase-du-centre-hospitalier-universitaire-renaissance\/\",\"url\":\"https:\/\/ikar.dev\/bceco-v2\/couverture-sante-universelle-samuel-roger-kamba-suit-de-pres-les-travaux-la-troisieme-phase-du-centre-hospitalier-universitaire-renaissance\/\",\"name\":\"Couverture Sant\u00e9 Universelle : Samuel Roger Kamba suit de pr\u00e8s les travaux la troisi\u00e8me phase du centre hospitalier universitaire renaissance ! - Bureau Central de Coordination\",\"isPartOf\":{\"@id\":\"https:\/\/ikar.dev\/bceco-v2\/#website\"},\"primaryImageOfPage\":{\"@id\":\"https:\/\/ikar.dev\/bceco-v2\/couverture-sante-universelle-samuel-roger-kamba-suit-de-pres-les-travaux-la-troisieme-phase-du-centre-hospitalier-universitaire-renaissance\/#primaryimage\"},\"image\":{\"@id\":\"https:\/\/ikar.dev\/bceco-v2\/couverture-sante-universelle-samuel-roger-kamba-suit-de-pres-les-travaux-la-troisieme-phase-du-centre-hospitalier-universitaire-renaissance\/#primaryimage\"},\"thumbnailUrl\":\"https:\/\/ikar.dev\/bceco-v2\/wp-content\/uploads\/2024\/01\/Couverture-Sante-Universelle-_-Samuel-Roger-Kamba-suit-de-pres-les-travaux-la-troisieme-phase-du-centre-hospitalier-universitaire-renaissance-2.jpg\",\"datePublished\":\"2024-01-12T14:40:00+00:00\",\"dateModified\":\"2025-12-23T16:24:05+00:00\",\"description\":\"Pr\u00e8s d'un mois apr\u00e8s l'inauguration du Centre Hospitalier Universitaire Renaissance ex mama Yemo par le Pr\u00e9sident de la R\u00e9publique F\u00e9lix Antoine Tshisekedi Tshibombo, le ministre de la sant\u00e9 publique hygi\u00e8ne et pr\u00e9vention le Dr Samuel Roger Kamba accompagn\u00e9 du directeur g\u00e9n\u00e9ral du Bureau Centrale de Coordination BCECO Jean Mabi Mulumba sont descendus sur le Site de cet l'h\u00f4pital le jeudi 11 janvier 2024 afin s'enqu\u00e9rir de l'\u00e9tat d'avancement des travaux de la troisi\u00e8me phase qui s'ex\u00e9cutent d\u00e9j\u00e0.\",\"breadcrumb\":{\"@id\":\"https:\/\/ikar.dev\/bceco-v2\/couverture-sante-universelle-samuel-roger-kamba-suit-de-pres-les-travaux-la-troisieme-phase-du-centre-hospitalier-universitaire-renaissance\/#breadcrumb\"},\"inLanguage\":\"en-US\",\"potentialAction\":[{\"@type\":\"ReadAction\",\"target\":[\"https:\/\/ikar.dev\/bceco-v2\/couverture-sante-universelle-samuel-roger-kamba-suit-de-pres-les-travaux-la-troisieme-phase-du-centre-hospitalier-universitaire-renaissance\/\"]}]},{\"@type\":\"ImageObject\",\"inLanguage\":\"en-US\",\"@id\":\"https:\/\/ikar.dev\/bceco-v2\/couverture-sante-universelle-samuel-roger-kamba-suit-de-pres-les-travaux-la-troisieme-phase-du-centre-hospitalier-universitaire-renaissance\/#primaryimage\",\"url\":\"https:\/\/ikar.dev\/bceco-v2\/wp-content\/uploads\/2024\/01\/Couverture-Sante-Universelle-_-Samuel-Roger-Kamba-suit-de-pres-les-travaux-la-troisieme-phase-du-centre-hospitalier-universitaire-renaissance-2.jpg\",\"contentUrl\":\"https:\/\/ikar.dev\/bceco-v2\/wp-content\/uploads\/2024\/01\/Couverture-Sante-Universelle-_-Samuel-Roger-Kamba-suit-de-pres-les-travaux-la-troisieme-phase-du-centre-hospitalier-universitaire-renaissance-2.jpg\",\"width\":1500,\"height\":1000,\"caption\":\"Couverture Sant\u00e9 Universelle : Samuel Roger Kamba suit de pr\u00e8s les travaux la troisi\u00e8me phase du centre hospitalier universitaire renaissance\"},{\"@type\":\"BreadcrumbList\",\"@id\":\"https:\/\/ikar.dev\/bceco-v2\/couverture-sante-universelle-samuel-roger-kamba-suit-de-pres-les-travaux-la-troisieme-phase-du-centre-hospitalier-universitaire-renaissance\/#breadcrumb\",\"itemListElement\":[{\"@type\":\"ListItem\",\"position\":1,\"name\":\"Accueil\",\"item\":\"https:\/\/ikar.dev\/bceco-v2\/\"},{\"@type\":\"ListItem\",\"position\":2,\"name\":\"Couverture Sant\u00e9 Universelle : Samuel Roger Kamba suit de pr\u00e8s les travaux la troisi\u00e8me phase du centre hospitalier universitaire renaissance !\"}]},{\"@type\":\"WebSite\",\"@id\":\"https:\/\/ikar.dev\/bceco-v2\/#website\",\"url\":\"https:\/\/ikar.dev\/bceco-v2\/\",\"name\":\"Bureau Central de Coordination\",\"description\":\"B.Ce.Co \u2013 Au c\u0153ur de l\u2019ex\u00e9cution des projets de d\u00e9veloppement en RDC\",\"publisher\":{\"@id\":\"https:\/\/ikar.dev\/bceco-v2\/#organization\"},\"potentialAction\":[{\"@type\":\"SearchAction\",\"target\":{\"@type\":\"EntryPoint\",\"urlTemplate\":\"https:\/\/ikar.dev\/bceco-v2\/?s={search_term_string}\"},\"query-input\":{\"@type\":\"PropertyValueSpecification\",\"valueRequired\":true,\"valueName\":\"search_term_string\"}}],\"inLanguage\":\"en-US\"},{\"@type\":\"Organization\",\"@id\":\"https:\/\/ikar.dev\/bceco-v2\/#organization\",\"name\":\"Bureau Central de Coordination\",\"url\":\"https:\/\/ikar.dev\/bceco-v2\/\",\"logo\":{\"@type\":\"ImageObject\",\"inLanguage\":\"en-US\",\"@id\":\"https:\/\/ikar.dev\/bceco-v2\/#\/schema\/logo\/image\/\",\"url\":\"https:\/\/ikar.dev\/bceco-v2\/wp-content\/uploads\/2025\/12\/BCECO-Bureau-Central-de-Coordination.jpg\",\"contentUrl\":\"https:\/\/ikar.dev\/bceco-v2\/wp-content\/uploads\/2025\/12\/BCECO-Bureau-Central-de-Coordination.jpg\",\"width\":2048,\"height\":2048,\"caption\":\"Bureau Central de Coordination\"},\"image\":{\"@id\":\"https:\/\/ikar.dev\/bceco-v2\/#\/schema\/logo\/image\/\"},\"sameAs\":[\"https:\/\/www.facebook.com\/BCeCoRDC\",\"https:\/\/x.com\/BCeCoRDC\"]},{\"@type\":\"Person\",\"@id\":\"https:\/\/ikar.dev\/bceco-v2\/#\/schema\/person\/6ee74807ffb016a78852fec6a295d503\",\"name\":\"bceco\",\"image\":{\"@type\":\"ImageObject\",\"inLanguage\":\"en-US\",\"@id\":\"https:\/\/ikar.dev\/bceco-v2\/#\/schema\/person\/image\/\",\"url\":\"https:\/\/secure.gravatar.com\/avatar\/55c07e1707f50774ef3c842c9d074773a6b558a20fbd1608c8e4871bc88f3455?s=96&d=mm&r=g\",\"contentUrl\":\"https:\/\/secure.gravatar.com\/avatar\/55c07e1707f50774ef3c842c9d074773a6b558a20fbd1608c8e4871bc88f3455?s=96&d=mm&r=g\",\"caption\":\"bceco\"},\"sameAs\":[\"https:\/\/ikar.dev\/bceco-v2\"],\"url\":\"https:\/\/ikar.dev\/bceco-v2\/author\/bceco\/\"}]}<\/script>\n<!-- \/ Yoast SEO plugin. -->","yoast_head_json":{"title":"Couverture Sant\u00e9 Universelle : Samuel Roger Kamba suit de pr\u00e8s les travaux la troisi\u00e8me phase du centre hospitalier universitaire renaissance ! - Bureau Central de Coordination","description":"Pr\u00e8s d'un mois apr\u00e8s l'inauguration du Centre Hospitalier Universitaire Renaissance ex mama Yemo par le Pr\u00e9sident de la R\u00e9publique F\u00e9lix Antoine Tshisekedi Tshibombo, le ministre de la sant\u00e9 publique hygi\u00e8ne et pr\u00e9vention le Dr Samuel Roger Kamba accompagn\u00e9 du directeur g\u00e9n\u00e9ral du Bureau Centrale de Coordination BCECO Jean Mabi Mulumba sont descendus sur le Site de cet l'h\u00f4pital le jeudi 11 janvier 2024 afin s'enqu\u00e9rir de l'\u00e9tat d'avancement des travaux de la troisi\u00e8me phase qui s'ex\u00e9cutent d\u00e9j\u00e0.","robots":{"index":"index","follow":"follow","max-snippet":"max-snippet:-1","max-image-preview":"max-image-preview:large","max-video-preview":"max-video-preview:-1"},"canonical":"https:\/\/ikar.dev\/bceco-v2\/couverture-sante-universelle-samuel-roger-kamba-suit-de-pres-les-travaux-la-troisieme-phase-du-centre-hospitalier-universitaire-renaissance\/","og_locale":"en_US","og_type":"article","og_title":"Couverture Sant\u00e9 Universelle : Samuel Roger Kamba suit de pr\u00e8s les travaux la troisi\u00e8me phase du centre hospitalier universitaire renaissance ! - Bureau Central de Coordination","og_description":"Pr\u00e8s d'un mois apr\u00e8s l'inauguration du Centre Hospitalier Universitaire Renaissance ex mama Yemo par le Pr\u00e9sident de la R\u00e9publique F\u00e9lix Antoine Tshisekedi Tshibombo, le ministre de la sant\u00e9 publique hygi\u00e8ne et pr\u00e9vention le Dr Samuel Roger Kamba accompagn\u00e9 du directeur g\u00e9n\u00e9ral du Bureau Centrale de Coordination BCECO Jean Mabi Mulumba sont descendus sur le Site de cet l'h\u00f4pital le jeudi 11 janvier 2024 afin s'enqu\u00e9rir de l'\u00e9tat d'avancement des travaux de la troisi\u00e8me phase qui s'ex\u00e9cutent d\u00e9j\u00e0.","og_url":"https:\/\/ikar.dev\/bceco-v2\/couverture-sante-universelle-samuel-roger-kamba-suit-de-pres-les-travaux-la-troisieme-phase-du-centre-hospitalier-universitaire-renaissance\/","og_site_name":"Bureau Central de Coordination","article_publisher":"https:\/\/www.facebook.com\/BCeCoRDC","article_published_time":"2024-01-12T14:40:00+00:00","article_modified_time":"2025-12-23T16:24:05+00:00","og_image":[{"width":1500,"height":1000,"url":"https:\/\/ikar.dev\/bceco-v2\/wp-content\/uploads\/2024\/01\/Couverture-Sante-Universelle-_-Samuel-Roger-Kamba-suit-de-pres-les-travaux-la-troisieme-phase-du-centre-hospitalier-universitaire-renaissance-2.jpg","type":"image\/jpeg"}],"author":"bceco","twitter_card":"summary_large_image","twitter_creator":"@BCeCoRDC","twitter_site":"@BCeCoRDC","twitter_misc":{"Written by":"bceco","Est. reading time":"4 minutes"},"schema":{"@context":"https:\/\/schema.org","@graph":[{"@type":"Article","@id":"https:\/\/ikar.dev\/bceco-v2\/couverture-sante-universelle-samuel-roger-kamba-suit-de-pres-les-travaux-la-troisieme-phase-du-centre-hospitalier-universitaire-renaissance\/#article","isPartOf":{"@id":"https:\/\/ikar.dev\/bceco-v2\/couverture-sante-universelle-samuel-roger-kamba-suit-de-pres-les-travaux-la-troisieme-phase-du-centre-hospitalier-universitaire-renaissance\/"},"author":{"name":"bceco","@id":"https:\/\/ikar.dev\/bceco-v2\/#\/schema\/person\/6ee74807ffb016a78852fec6a295d503"},"headline":"Couverture Sant\u00e9 Universelle : Samuel Roger Kamba suit de pr\u00e8s les travaux la troisi\u00e8me phase du centre hospitalier universitaire renaissance !","datePublished":"2024-01-12T14:40:00+00:00","dateModified":"2025-12-23T16:24:05+00:00","mainEntityOfPage":{"@id":"https:\/\/ikar.dev\/bceco-v2\/couverture-sante-universelle-samuel-roger-kamba-suit-de-pres-les-travaux-la-troisieme-phase-du-centre-hospitalier-universitaire-renaissance\/"},"wordCount":357,"commentCount":0,"publisher":{"@id":"https:\/\/ikar.dev\/bceco-v2\/#organization"},"image":{"@id":"https:\/\/ikar.dev\/bceco-v2\/couverture-sante-universelle-samuel-roger-kamba-suit-de-pres-les-travaux-la-troisieme-phase-du-centre-hospitalier-universitaire-renaissance\/#primaryimage"},"thumbnailUrl":"https:\/\/ikar.dev\/bceco-v2\/wp-content\/uploads\/2024\/01\/Couverture-Sante-Universelle-_-Samuel-Roger-Kamba-suit-de-pres-les-travaux-la-troisieme-phase-du-centre-hospitalier-universitaire-renaissance-2.jpg","articleSection":["Actualit\u00e9s"],"inLanguage":"en-US","potentialAction":[{"@type":"CommentAction","name":"Comment","target":["https:\/\/ikar.dev\/bceco-v2\/couverture-sante-universelle-samuel-roger-kamba-suit-de-pres-les-travaux-la-troisieme-phase-du-centre-hospitalier-universitaire-renaissance\/#respond"]}]},{"@type":"WebPage","@id":"https:\/\/ikar.dev\/bceco-v2\/couverture-sante-universelle-samuel-roger-kamba-suit-de-pres-les-travaux-la-troisieme-phase-du-centre-hospitalier-universitaire-renaissance\/","url":"https:\/\/ikar.dev\/bceco-v2\/couverture-sante-universelle-samuel-roger-kamba-suit-de-pres-les-travaux-la-troisieme-phase-du-centre-hospitalier-universitaire-renaissance\/","name":"Couverture Sant\u00e9 Universelle : Samuel Roger Kamba suit de pr\u00e8s les travaux la troisi\u00e8me phase du centre hospitalier universitaire renaissance ! - Bureau Central de Coordination","isPartOf":{"@id":"https:\/\/ikar.dev\/bceco-v2\/#website"},"primaryImageOfPage":{"@id":"https:\/\/ikar.dev\/bceco-v2\/couverture-sante-universelle-samuel-roger-kamba-suit-de-pres-les-travaux-la-troisieme-phase-du-centre-hospitalier-universitaire-renaissance\/#primaryimage"},"image":{"@id":"https:\/\/ikar.dev\/bceco-v2\/couverture-sante-universelle-samuel-roger-kamba-suit-de-pres-les-travaux-la-troisieme-phase-du-centre-hospitalier-universitaire-renaissance\/#primaryimage"},"thumbnailUrl":"https:\/\/ikar.dev\/bceco-v2\/wp-content\/uploads\/2024\/01\/Couverture-Sante-Universelle-_-Samuel-Roger-Kamba-suit-de-pres-les-travaux-la-troisieme-phase-du-centre-hospitalier-universitaire-renaissance-2.jpg","datePublished":"2024-01-12T14:40:00+00:00","dateModified":"2025-12-23T16:24:05+00:00","description":"Pr\u00e8s d'un mois apr\u00e8s l'inauguration du Centre Hospitalier Universitaire Renaissance ex mama Yemo par le Pr\u00e9sident de la R\u00e9publique F\u00e9lix Antoine Tshisekedi Tshibombo, le ministre de la sant\u00e9 publique hygi\u00e8ne et pr\u00e9vention le Dr Samuel Roger Kamba accompagn\u00e9 du directeur g\u00e9n\u00e9ral du Bureau Centrale de Coordination BCECO Jean Mabi Mulumba sont descendus sur le Site de cet l'h\u00f4pital le jeudi 11 janvier 2024 afin s'enqu\u00e9rir de l'\u00e9tat d'avancement des travaux de la troisi\u00e8me phase qui s'ex\u00e9cutent d\u00e9j\u00e0.","breadcrumb":{"@id":"https:\/\/ikar.dev\/bceco-v2\/couverture-sante-universelle-samuel-roger-kamba-suit-de-pres-les-travaux-la-troisieme-phase-du-centre-hospitalier-universitaire-renaissance\/#breadcrumb"},"inLanguage":"en-US","potentialAction":[{"@type":"ReadAction","target":["https:\/\/ikar.dev\/bceco-v2\/couverture-sante-universelle-samuel-roger-kamba-suit-de-pres-les-travaux-la-troisieme-phase-du-centre-hospitalier-universitaire-renaissance\/"]}]},{"@type":"ImageObject","inLanguage":"en-US","@id":"https:\/\/ikar.dev\/bceco-v2\/couverture-sante-universelle-samuel-roger-kamba-suit-de-pres-les-travaux-la-troisieme-phase-du-centre-hospitalier-universitaire-renaissance\/#primaryimage","url":"https:\/\/ikar.dev\/bceco-v2\/wp-content\/uploads\/2024\/01\/Couverture-Sante-Universelle-_-Samuel-Roger-Kamba-suit-de-pres-les-travaux-la-troisieme-phase-du-centre-hospitalier-universitaire-renaissance-2.jpg","contentUrl":"https:\/\/ikar.dev\/bceco-v2\/wp-content\/uploads\/2024\/01\/Couverture-Sante-Universelle-_-Samuel-Roger-Kamba-suit-de-pres-les-travaux-la-troisieme-phase-du-centre-hospitalier-universitaire-renaissance-2.jpg","width":1500,"height":1000,"caption":"Couverture Sant\u00e9 Universelle : Samuel Roger Kamba suit de pr\u00e8s les travaux la troisi\u00e8me phase du centre hospitalier universitaire renaissance"},{"@type":"BreadcrumbList","@id":"https:\/\/ikar.dev\/bceco-v2\/couverture-sante-universelle-samuel-roger-kamba-suit-de-pres-les-travaux-la-troisieme-phase-du-centre-hospitalier-universitaire-renaissance\/#breadcrumb","itemListElement":[{"@type":"ListItem","position":1,"name":"Accueil","item":"https:\/\/ikar.dev\/bceco-v2\/"},{"@type":"ListItem","position":2,"name":"Couverture Sant\u00e9 Universelle : Samuel Roger Kamba suit de pr\u00e8s les travaux la troisi\u00e8me phase du centre hospitalier universitaire renaissance !"}]},{"@type":"WebSite","@id":"https:\/\/ikar.dev\/bceco-v2\/#website","url":"https:\/\/ikar.dev\/bceco-v2\/","name":"Bureau Central de Coordination","description":"B.Ce.Co \u2013 Au c\u0153ur de l\u2019ex\u00e9cution des projets de d\u00e9veloppement en RDC","publisher":{"@id":"https:\/\/ikar.dev\/bceco-v2\/#organization"},"potentialAction":[{"@type":"SearchAction","target":{"@type":"EntryPoint","urlTemplate":"https:\/\/ikar.dev\/bceco-v2\/?s={search_term_string}"},"query-input":{"@type":"PropertyValueSpecification","valueRequired":true,"valueName":"search_term_string"}}],"inLanguage":"en-US"},{"@type":"Organization","@id":"https:\/\/ikar.dev\/bceco-v2\/#organization","name":"Bureau Central de Coordination","url":"https:\/\/ikar.dev\/bceco-v2\/","logo":{"@type":"ImageObject","inLanguage":"en-US","@id":"https:\/\/ikar.dev\/bceco-v2\/#\/schema\/logo\/image\/","url":"https:\/\/ikar.dev\/bceco-v2\/wp-content\/uploads\/2025\/12\/BCECO-Bureau-Central-de-Coordination.jpg","contentUrl":"https:\/\/ikar.dev\/bceco-v2\/wp-content\/uploads\/2025\/12\/BCECO-Bureau-Central-de-Coordination.jpg","width":2048,"height":2048,"caption":"Bureau Central de Coordination"},"image":{"@id":"https:\/\/ikar.dev\/bceco-v2\/#\/schema\/logo\/image\/"},"sameAs":["https:\/\/www.facebook.com\/BCeCoRDC","https:\/\/x.com\/BCeCoRDC"]},{"@type":"Person","@id":"https:\/\/ikar.dev\/bceco-v2\/#\/schema\/person\/6ee74807ffb016a78852fec6a295d503","name":"bceco","image":{"@type":"ImageObject","inLanguage":"en-US","@id":"https:\/\/ikar.dev\/bceco-v2\/#\/schema\/person\/image\/","url":"https:\/\/secure.gravatar.com\/avatar\/55c07e1707f50774ef3c842c9d074773a6b558a20fbd1608c8e4871bc88f3455?s=96&d=mm&r=g","contentUrl":"https:\/\/secure.gravatar.com\/avatar\/55c07e1707f50774ef3c842c9d074773a6b558a20fbd1608c8e4871bc88f3455?s=96&d=mm&r=g","caption":"bceco"},"sameAs":["https:\/\/ikar.dev\/bceco-v2"],"url":"https:\/\/ikar.dev\/bceco-v2\/author\/bceco\/"}]}},"_links":{"self":[{"href":"https:\/\/ikar.dev\/bceco-v2\/wp-json\/wp\/v2\/posts\/32703","targetHints":{"allow":["GET"]}}],"collection":[{"href":"https:\/\/ikar.dev\/bceco-v2\/wp-json\/wp\/v2\/posts"}],"about":[{"href":"https:\/\/ikar.dev\/bceco-v2\/wp-json\/wp\/v2\/types\/post"}],"author":[{"embeddable":true,"href":"https:\/\/ikar.dev\/bceco-v2\/wp-json\/wp\/v2\/users\/1"}],"replies":[{"embeddable":true,"href":"https:\/\/ikar.dev\/bceco-v2\/wp-json\/wp\/v2\/comments?post=32703"}],"version-history":[{"count":1,"href":"https:\/\/ikar.dev\/bceco-v2\/wp-json\/wp\/v2\/posts\/32703\/revisions"}],"predecessor-version":[{"id":56353,"href":"https:\/\/ikar.dev\/bceco-v2\/wp-json\/wp\/v2\/posts\/32703\/revisions\/56353"}],"wp:featuredmedia":[{"embeddable":true,"href":"https:\/\/ikar.dev\/bceco-v2\/wp-json\/wp\/v2\/media\/32713"}],"wp:attachment":[{"href":"https:\/\/ikar.dev\/bceco-v2\/wp-json\/wp\/v2\/media?parent=32703"}],"wp:term":[{"taxonomy":"category","embeddable":true,"href":"https:\/\/ikar.dev\/bceco-v2\/wp-json\/wp\/v2\/categories?post=32703"},{"taxonomy":"post_tag","embeddable":true,"href":"https:\/\/ikar.dev\/bceco-v2\/wp-json\/wp\/v2\/tags?post=32703"}],"curies":[{"name":"wp","href":"https:\/\/api.w.org\/{rel}","templated":true}]}}