{"id":32685,"date":"2023-12-24T00:35:00","date_gmt":"2023-12-24T00:35:00","guid":{"rendered":"https:\/\/bceco.cd\/?p=32685"},"modified":"2025-12-23T17:23:55","modified_gmt":"2025-12-23T16:23:55","slug":"appui-au-systeme-sanitaire-congolais-le-bceco-remet-un-lot-de-vehicules-a-linrb","status":"publish","type":"post","link":"https:\/\/ikar.dev\/bceco-v2\/appui-au-systeme-sanitaire-congolais-le-bceco-remet-un-lot-de-vehicules-a-linrb\/","title":{"rendered":"Appui au syst\u00e8me sanitaire congolais : Le BCECO remet un lot de v\u00e9hicules \u00e0 l&#8217;INRB !"},"content":{"rendered":"<p style=\"text-align: justify;\">Suivant l&#8217;appel d&#8217;offre n\u00b0602\/BADEA-PMUAIC19\/BCECO\/DG\/DPM\/AAS\/2022\/MF \u00e9mis en date du 12 octobre 2022 pour fourniture de 4 ambulances et 4 v\u00e9hicules de pr\u00e9l\u00e8vement d&#8217;\u00e9chantillons dans les villes de Kinshasa, Lubumbashi, Goma et Kisangani pour le compte du minist\u00e8re de la sant\u00e9 publique, hygi\u00e8ne et pr\u00e9vention et en rapport avec toutes les proc\u00e9dures des passations de march\u00e9 en vigueur en r\u00e9publique d\u00e9mocratique du Congo que le bureau central de coordination Bceco a remis un lot de 3 v\u00e9hicules \u00e0 l&#8217;institut national de recherche biom\u00e9dicale (INRB) le samedi 23 d\u00e9cembre 2023.<\/p>\n\n<p style=\"text-align: justify;\">Il s&#8217;agit notamment d&#8217;une ambulance m\u00e9dicalis\u00e9e et de deux jeeps Land Cruiser dans le but de renforcer l&#8217;efficacit\u00e9 des techniciens sur terrain lors de la prise des \u00e9chantillons sur toutes les \u00e9pid\u00e9mies suivies en RDC.<\/p>\n\n\n<figure class=\"wp-block-gallery has-nested-images columns-default is-cropped wp-block-gallery-1 is-layout-flex wp-block-gallery-is-layout-flex\">\n<figure class=\"wp-block-image size-large\"><img fetchpriority=\"high\" decoding=\"async\" width=\"1500\" height=\"1000\" data-id=\"32690\" src=\"https:\/\/ikar.dev\/bceco-v2\/wp-content\/uploads\/2023\/12\/Appui-au-systeme-sanitaire-congolais-_-Le-BCECO-remet-un-lot-de-vehicules-a-lINRB-5.jpg\" alt=\"\" class=\"wp-image-32690\" srcset=\"https:\/\/ikar.dev\/bceco-v2\/wp-content\/uploads\/2023\/12\/Appui-au-systeme-sanitaire-congolais-_-Le-BCECO-remet-un-lot-de-vehicules-a-lINRB-5.jpg 1500w, https:\/\/ikar.dev\/bceco-v2\/wp-content\/uploads\/2023\/12\/Appui-au-systeme-sanitaire-congolais-_-Le-BCECO-remet-un-lot-de-vehicules-a-lINRB-5-768x512.jpg 768w, https:\/\/ikar.dev\/bceco-v2\/wp-content\/uploads\/2023\/12\/Appui-au-systeme-sanitaire-congolais-_-Le-BCECO-remet-un-lot-de-vehicules-a-lINRB-5-600x400.jpg 600w\" sizes=\"(max-width: 1500px) 100vw, 1500px\" \/><\/figure>\n\n\n\n<figure class=\"wp-block-image size-large\"><img decoding=\"async\" width=\"1500\" height=\"1000\" data-id=\"32694\" src=\"https:\/\/ikar.dev\/bceco-v2\/wp-content\/uploads\/2023\/12\/Appui-au-systeme-sanitaire-congolais-_-Le-BCECO-remet-un-lot-de-vehicules-a-lINRB-1.jpg\" alt=\"\" class=\"wp-image-32694\" srcset=\"https:\/\/ikar.dev\/bceco-v2\/wp-content\/uploads\/2023\/12\/Appui-au-systeme-sanitaire-congolais-_-Le-BCECO-remet-un-lot-de-vehicules-a-lINRB-1.jpg 1500w, https:\/\/ikar.dev\/bceco-v2\/wp-content\/uploads\/2023\/12\/Appui-au-systeme-sanitaire-congolais-_-Le-BCECO-remet-un-lot-de-vehicules-a-lINRB-1-768x512.jpg 768w, https:\/\/ikar.dev\/bceco-v2\/wp-content\/uploads\/2023\/12\/Appui-au-systeme-sanitaire-congolais-_-Le-BCECO-remet-un-lot-de-vehicules-a-lINRB-1-600x400.jpg 600w\" sizes=\"(max-width: 1500px) 100vw, 1500px\" \/><\/figure>\n<\/figure>\n\n\n<p style=\"text-align: justify;\">Repr\u00e9sentant le directeur g\u00e9n\u00e9ral du bceco emp\u00each\u00e9, Mr Eddy Momat, charg\u00e9 de communication s&#8217;est exprim\u00e9 en ce terme: &#8220;le pr\u00e9sident de la r\u00e9publique F\u00e9lix Antoine Tshisekedi Tshibombo place la sant\u00e9 du congolais au centre de son programme, par l&#8217;entremise du BCECO qui agit comme ma\u00eetre d&#8217;ouvrage d\u00e9l\u00e9gu\u00e9, 3 cl\u00e9s ont \u00e9t\u00e9 remises au directeur g\u00e9n\u00e9ral de l&#8217;INRB le professeur Jean Jacques Muyembe Tanfum qui se dit heureux de l&#8217;aboutissement de ce projet malgr\u00e9 le temps pris pour la r\u00e9alisation et remercie le bureau central de coordination pour sa parfaite collaboration.<\/p>\n\n<p style=\"text-align: justify;\">Il sied de signaler que ce m\u00eame acte a d\u00e9j\u00e0 \u00e9t\u00e9 pos\u00e9 dans les chefs- lieu de 3 provinces \u00e0 savoir Lubumbashi, Kisangani et goma.<\/p>\n\n\n<figure class=\"wp-block-embed is-type-video is-provider-youtube wp-block-embed-youtube wp-embed-aspect-16-9 wp-has-aspect-ratio\"><div class=\"wp-block-embed__wrapper\">\n<iframe title=\"RDC | Le BCeCo livre 3 v\u00e9hicules \u00e0 l&#039;Institut National de Recherche Biom\u00e9dicale (INRB).\" width=\"500\" height=\"281\" src=\"https:\/\/www.youtube.com\/embed\/plV0nX-74jk?feature=oembed\" frameborder=\"0\" allow=\"accelerometer; autoplay; clipboard-write; encrypted-media; gyroscope; picture-in-picture; web-share\" referrerpolicy=\"strict-origin-when-cross-origin\" allowfullscreen><\/iframe>\n<\/div><figcaption class=\"wp-element-caption\"><a href=\"https:\/\/www.youtube.com\/watch?v=plV0nX-74jk\" target=\"_blank\" rel=\"noreferrer noopener\">RDC | Le BCeCo livre 3 v\u00e9hicules \u00e0 l&#8217;Institut National de Recherche Biom\u00e9dicale (INRB).<\/a><\/figcaption><\/figure>\n","protected":false},"excerpt":{"rendered":"<p>Suivant l&#8217;appel d&#8217;offre n\u00b0602\/BADEA-PMUAIC19\/BCECO\/DG\/DPM\/AAS\/2022\/MF \u00e9mis en date du 12 octobre 2022 pour fourniture de 4 ambulances et 4 v\u00e9hicules de pr\u00e9l\u00e8vement d&#8217;\u00e9chantillons dans les villes de Kinshasa, Lubumbashi, Goma et Kisangani pour le compte du minist\u00e8re de la sant\u00e9 publique, hygi\u00e8ne et pr\u00e9vention et en rapport avec toutes les proc\u00e9dures des passations de march\u00e9 en<\/p>\n","protected":false},"author":1,"featured_media":32692,"comment_status":"open","ping_status":"open","sticky":false,"template":"","format":"standard","meta":{"footnotes":""},"categories":[69],"tags":[],"class_list":["post-32685","post","type-post","status-publish","format-standard","has-post-thumbnail","hentry","category-actualites"],"yoast_head":"<!-- This site is optimized with the Yoast SEO plugin v26.7 - https:\/\/yoast.com\/wordpress\/plugins\/seo\/ -->\n<title>Appui au syst\u00e8me sanitaire congolais : Le BCECO remet un lot de v\u00e9hicules \u00e0 l&#039;INRB ! - Bureau Central de Coordination<\/title>\n<meta name=\"description\" content=\"Suivant l&#039;appel d&#039;offre n\u00b0602\/BADEA-PMUAIC19\/BCECO\/DG\/DPM\/AAS\/2022\/MF \u00e9mis en date du 12 octobre 2022 pour fourniture de 4 ambulances et 4 v\u00e9hicules de pr\u00e9l\u00e8vement d&#039;\u00e9chantillons dans les villes de Kinshasa, Lubumbashi, Goma et Kisangani pour le compte du minist\u00e8re de la sant\u00e9 publique, hygi\u00e8ne et pr\u00e9vention et en rapport avec toutes les proc\u00e9dures des passations de march\u00e9 en vigueur en r\u00e9publique d\u00e9mocratique du Congo que le bureau central de coordination Bceco a remis un lot de 3 v\u00e9hicules \u00e0 l&#039;institut national de recherche biom\u00e9dicale (INRB) le samedi 23 d\u00e9cembre 2023.\" \/>\n<meta name=\"robots\" content=\"index, follow, max-snippet:-1, max-image-preview:large, max-video-preview:-1\" \/>\n<link rel=\"canonical\" href=\"https:\/\/ikar.dev\/bceco-v2\/appui-au-systeme-sanitaire-congolais-le-bceco-remet-un-lot-de-vehicules-a-linrb\/\" \/>\n<meta property=\"og:locale\" content=\"en_US\" \/>\n<meta property=\"og:type\" content=\"article\" \/>\n<meta property=\"og:title\" content=\"Appui au syst\u00e8me sanitaire congolais : Le BCECO remet un lot de v\u00e9hicules \u00e0 l&#039;INRB ! - Bureau Central de Coordination\" \/>\n<meta property=\"og:description\" content=\"Suivant l&#039;appel d&#039;offre n\u00b0602\/BADEA-PMUAIC19\/BCECO\/DG\/DPM\/AAS\/2022\/MF \u00e9mis en date du 12 octobre 2022 pour fourniture de 4 ambulances et 4 v\u00e9hicules de pr\u00e9l\u00e8vement d&#039;\u00e9chantillons dans les villes de Kinshasa, Lubumbashi, Goma et Kisangani pour le compte du minist\u00e8re de la sant\u00e9 publique, hygi\u00e8ne et pr\u00e9vention et en rapport avec toutes les proc\u00e9dures des passations de march\u00e9 en vigueur en r\u00e9publique d\u00e9mocratique du Congo que le bureau central de coordination Bceco a remis un lot de 3 v\u00e9hicules \u00e0 l&#039;institut national de recherche biom\u00e9dicale (INRB) le samedi 23 d\u00e9cembre 2023.\" \/>\n<meta property=\"og:url\" content=\"https:\/\/ikar.dev\/bceco-v2\/appui-au-systeme-sanitaire-congolais-le-bceco-remet-un-lot-de-vehicules-a-linrb\/\" \/>\n<meta property=\"og:site_name\" content=\"Bureau Central de Coordination\" \/>\n<meta property=\"article:publisher\" content=\"https:\/\/www.facebook.com\/BCeCoRDC\" \/>\n<meta property=\"article:published_time\" content=\"2023-12-24T00:35:00+00:00\" \/>\n<meta property=\"article:modified_time\" content=\"2025-12-23T16:23:55+00:00\" \/>\n<meta property=\"og:image\" content=\"https:\/\/ikar.dev\/bceco-v2\/wp-content\/uploads\/2023\/12\/Appui-au-systeme-sanitaire-congolais-_-Le-BCECO-remet-un-lot-de-vehicules-a-lINRB-3.jpg\" \/>\n\t<meta property=\"og:image:width\" content=\"1500\" \/>\n\t<meta property=\"og:image:height\" content=\"1000\" \/>\n\t<meta property=\"og:image:type\" content=\"image\/jpeg\" \/>\n<meta name=\"author\" content=\"bceco\" \/>\n<meta name=\"twitter:card\" content=\"summary_large_image\" \/>\n<meta name=\"twitter:creator\" content=\"@BCeCoRDC\" \/>\n<meta name=\"twitter:site\" content=\"@BCeCoRDC\" \/>\n<meta name=\"twitter:label1\" content=\"Written by\" \/>\n\t<meta name=\"twitter:data1\" content=\"bceco\" \/>\n\t<meta name=\"twitter:label2\" content=\"Est. reading time\" \/>\n\t<meta name=\"twitter:data2\" content=\"2 minutes\" \/>\n<script type=\"application\/ld+json\" class=\"yoast-schema-graph\">{\"@context\":\"https:\/\/schema.org\",\"@graph\":[{\"@type\":\"Article\",\"@id\":\"https:\/\/ikar.dev\/bceco-v2\/appui-au-systeme-sanitaire-congolais-le-bceco-remet-un-lot-de-vehicules-a-linrb\/#article\",\"isPartOf\":{\"@id\":\"https:\/\/ikar.dev\/bceco-v2\/appui-au-systeme-sanitaire-congolais-le-bceco-remet-un-lot-de-vehicules-a-linrb\/\"},\"author\":{\"name\":\"bceco\",\"@id\":\"https:\/\/ikar.dev\/bceco-v2\/#\/schema\/person\/6ee74807ffb016a78852fec6a295d503\"},\"headline\":\"Appui au syst\u00e8me sanitaire congolais : Le BCECO remet un lot de v\u00e9hicules \u00e0 l&#8217;INRB !\",\"datePublished\":\"2023-12-24T00:35:00+00:00\",\"dateModified\":\"2025-12-23T16:23:55+00:00\",\"mainEntityOfPage\":{\"@id\":\"https:\/\/ikar.dev\/bceco-v2\/appui-au-systeme-sanitaire-congolais-le-bceco-remet-un-lot-de-vehicules-a-linrb\/\"},\"wordCount\":314,\"commentCount\":0,\"publisher\":{\"@id\":\"https:\/\/ikar.dev\/bceco-v2\/#organization\"},\"image\":{\"@id\":\"https:\/\/ikar.dev\/bceco-v2\/appui-au-systeme-sanitaire-congolais-le-bceco-remet-un-lot-de-vehicules-a-linrb\/#primaryimage\"},\"thumbnailUrl\":\"https:\/\/ikar.dev\/bceco-v2\/wp-content\/uploads\/2023\/12\/Appui-au-systeme-sanitaire-congolais-_-Le-BCECO-remet-un-lot-de-vehicules-a-lINRB-3.jpg\",\"articleSection\":[\"Actualit\u00e9s\"],\"inLanguage\":\"en-US\",\"potentialAction\":[{\"@type\":\"CommentAction\",\"name\":\"Comment\",\"target\":[\"https:\/\/ikar.dev\/bceco-v2\/appui-au-systeme-sanitaire-congolais-le-bceco-remet-un-lot-de-vehicules-a-linrb\/#respond\"]}]},{\"@type\":\"WebPage\",\"@id\":\"https:\/\/ikar.dev\/bceco-v2\/appui-au-systeme-sanitaire-congolais-le-bceco-remet-un-lot-de-vehicules-a-linrb\/\",\"url\":\"https:\/\/ikar.dev\/bceco-v2\/appui-au-systeme-sanitaire-congolais-le-bceco-remet-un-lot-de-vehicules-a-linrb\/\",\"name\":\"Appui au syst\u00e8me sanitaire congolais : Le BCECO remet un lot de v\u00e9hicules \u00e0 l'INRB ! - Bureau Central de Coordination\",\"isPartOf\":{\"@id\":\"https:\/\/ikar.dev\/bceco-v2\/#website\"},\"primaryImageOfPage\":{\"@id\":\"https:\/\/ikar.dev\/bceco-v2\/appui-au-systeme-sanitaire-congolais-le-bceco-remet-un-lot-de-vehicules-a-linrb\/#primaryimage\"},\"image\":{\"@id\":\"https:\/\/ikar.dev\/bceco-v2\/appui-au-systeme-sanitaire-congolais-le-bceco-remet-un-lot-de-vehicules-a-linrb\/#primaryimage\"},\"thumbnailUrl\":\"https:\/\/ikar.dev\/bceco-v2\/wp-content\/uploads\/2023\/12\/Appui-au-systeme-sanitaire-congolais-_-Le-BCECO-remet-un-lot-de-vehicules-a-lINRB-3.jpg\",\"datePublished\":\"2023-12-24T00:35:00+00:00\",\"dateModified\":\"2025-12-23T16:23:55+00:00\",\"description\":\"Suivant l'appel d'offre n\u00b0602\/BADEA-PMUAIC19\/BCECO\/DG\/DPM\/AAS\/2022\/MF \u00e9mis en date du 12 octobre 2022 pour fourniture de 4 ambulances et 4 v\u00e9hicules de pr\u00e9l\u00e8vement d'\u00e9chantillons dans les villes de Kinshasa, Lubumbashi, Goma et Kisangani pour le compte du minist\u00e8re de la sant\u00e9 publique, hygi\u00e8ne et pr\u00e9vention et en rapport avec toutes les proc\u00e9dures des passations de march\u00e9 en vigueur en r\u00e9publique d\u00e9mocratique du Congo que le bureau central de coordination Bceco a remis un lot de 3 v\u00e9hicules \u00e0 l'institut national de recherche biom\u00e9dicale (INRB) le samedi 23 d\u00e9cembre 2023.\",\"breadcrumb\":{\"@id\":\"https:\/\/ikar.dev\/bceco-v2\/appui-au-systeme-sanitaire-congolais-le-bceco-remet-un-lot-de-vehicules-a-linrb\/#breadcrumb\"},\"inLanguage\":\"en-US\",\"potentialAction\":[{\"@type\":\"ReadAction\",\"target\":[\"https:\/\/ikar.dev\/bceco-v2\/appui-au-systeme-sanitaire-congolais-le-bceco-remet-un-lot-de-vehicules-a-linrb\/\"]}]},{\"@type\":\"ImageObject\",\"inLanguage\":\"en-US\",\"@id\":\"https:\/\/ikar.dev\/bceco-v2\/appui-au-systeme-sanitaire-congolais-le-bceco-remet-un-lot-de-vehicules-a-linrb\/#primaryimage\",\"url\":\"https:\/\/ikar.dev\/bceco-v2\/wp-content\/uploads\/2023\/12\/Appui-au-systeme-sanitaire-congolais-_-Le-BCECO-remet-un-lot-de-vehicules-a-lINRB-3.jpg\",\"contentUrl\":\"https:\/\/ikar.dev\/bceco-v2\/wp-content\/uploads\/2023\/12\/Appui-au-systeme-sanitaire-congolais-_-Le-BCECO-remet-un-lot-de-vehicules-a-lINRB-3.jpg\",\"width\":1500,\"height\":1000,\"caption\":\"Appui au syst\u00e8me sanitaire congolais : Le BCECO remet un lot de v\u00e9hicules \u00e0 l'INRB !\"},{\"@type\":\"BreadcrumbList\",\"@id\":\"https:\/\/ikar.dev\/bceco-v2\/appui-au-systeme-sanitaire-congolais-le-bceco-remet-un-lot-de-vehicules-a-linrb\/#breadcrumb\",\"itemListElement\":[{\"@type\":\"ListItem\",\"position\":1,\"name\":\"Accueil\",\"item\":\"https:\/\/ikar.dev\/bceco-v2\/\"},{\"@type\":\"ListItem\",\"position\":2,\"name\":\"Appui au syst\u00e8me sanitaire congolais : Le BCECO remet un lot de v\u00e9hicules \u00e0 l&rsquo;INRB !\"}]},{\"@type\":\"WebSite\",\"@id\":\"https:\/\/ikar.dev\/bceco-v2\/#website\",\"url\":\"https:\/\/ikar.dev\/bceco-v2\/\",\"name\":\"Bureau Central de Coordination\",\"description\":\"B.Ce.Co \u2013 Au c\u0153ur de l\u2019ex\u00e9cution des projets de d\u00e9veloppement en RDC\",\"publisher\":{\"@id\":\"https:\/\/ikar.dev\/bceco-v2\/#organization\"},\"potentialAction\":[{\"@type\":\"SearchAction\",\"target\":{\"@type\":\"EntryPoint\",\"urlTemplate\":\"https:\/\/ikar.dev\/bceco-v2\/?s={search_term_string}\"},\"query-input\":{\"@type\":\"PropertyValueSpecification\",\"valueRequired\":true,\"valueName\":\"search_term_string\"}}],\"inLanguage\":\"en-US\"},{\"@type\":\"Organization\",\"@id\":\"https:\/\/ikar.dev\/bceco-v2\/#organization\",\"name\":\"Bureau Central de Coordination\",\"url\":\"https:\/\/ikar.dev\/bceco-v2\/\",\"logo\":{\"@type\":\"ImageObject\",\"inLanguage\":\"en-US\",\"@id\":\"https:\/\/ikar.dev\/bceco-v2\/#\/schema\/logo\/image\/\",\"url\":\"https:\/\/ikar.dev\/bceco-v2\/wp-content\/uploads\/2025\/12\/BCECO-Bureau-Central-de-Coordination.jpg\",\"contentUrl\":\"https:\/\/ikar.dev\/bceco-v2\/wp-content\/uploads\/2025\/12\/BCECO-Bureau-Central-de-Coordination.jpg\",\"width\":2048,\"height\":2048,\"caption\":\"Bureau Central de Coordination\"},\"image\":{\"@id\":\"https:\/\/ikar.dev\/bceco-v2\/#\/schema\/logo\/image\/\"},\"sameAs\":[\"https:\/\/www.facebook.com\/BCeCoRDC\",\"https:\/\/x.com\/BCeCoRDC\"]},{\"@type\":\"Person\",\"@id\":\"https:\/\/ikar.dev\/bceco-v2\/#\/schema\/person\/6ee74807ffb016a78852fec6a295d503\",\"name\":\"bceco\",\"image\":{\"@type\":\"ImageObject\",\"inLanguage\":\"en-US\",\"@id\":\"https:\/\/ikar.dev\/bceco-v2\/#\/schema\/person\/image\/\",\"url\":\"https:\/\/secure.gravatar.com\/avatar\/55c07e1707f50774ef3c842c9d074773a6b558a20fbd1608c8e4871bc88f3455?s=96&d=mm&r=g\",\"contentUrl\":\"https:\/\/secure.gravatar.com\/avatar\/55c07e1707f50774ef3c842c9d074773a6b558a20fbd1608c8e4871bc88f3455?s=96&d=mm&r=g\",\"caption\":\"bceco\"},\"sameAs\":[\"https:\/\/ikar.dev\/bceco-v2\"],\"url\":\"https:\/\/ikar.dev\/bceco-v2\/author\/bceco\/\"}]}<\/script>\n<!-- \/ Yoast SEO plugin. -->","yoast_head_json":{"title":"Appui au syst\u00e8me sanitaire congolais : Le BCECO remet un lot de v\u00e9hicules \u00e0 l'INRB ! - Bureau Central de Coordination","description":"Suivant l'appel d'offre n\u00b0602\/BADEA-PMUAIC19\/BCECO\/DG\/DPM\/AAS\/2022\/MF \u00e9mis en date du 12 octobre 2022 pour fourniture de 4 ambulances et 4 v\u00e9hicules de pr\u00e9l\u00e8vement d'\u00e9chantillons dans les villes de Kinshasa, Lubumbashi, Goma et Kisangani pour le compte du minist\u00e8re de la sant\u00e9 publique, hygi\u00e8ne et pr\u00e9vention et en rapport avec toutes les proc\u00e9dures des passations de march\u00e9 en vigueur en r\u00e9publique d\u00e9mocratique du Congo que le bureau central de coordination Bceco a remis un lot de 3 v\u00e9hicules \u00e0 l'institut national de recherche biom\u00e9dicale (INRB) le samedi 23 d\u00e9cembre 2023.","robots":{"index":"index","follow":"follow","max-snippet":"max-snippet:-1","max-image-preview":"max-image-preview:large","max-video-preview":"max-video-preview:-1"},"canonical":"https:\/\/ikar.dev\/bceco-v2\/appui-au-systeme-sanitaire-congolais-le-bceco-remet-un-lot-de-vehicules-a-linrb\/","og_locale":"en_US","og_type":"article","og_title":"Appui au syst\u00e8me sanitaire congolais : Le BCECO remet un lot de v\u00e9hicules \u00e0 l'INRB ! - Bureau Central de Coordination","og_description":"Suivant l'appel d'offre n\u00b0602\/BADEA-PMUAIC19\/BCECO\/DG\/DPM\/AAS\/2022\/MF \u00e9mis en date du 12 octobre 2022 pour fourniture de 4 ambulances et 4 v\u00e9hicules de pr\u00e9l\u00e8vement d'\u00e9chantillons dans les villes de Kinshasa, Lubumbashi, Goma et Kisangani pour le compte du minist\u00e8re de la sant\u00e9 publique, hygi\u00e8ne et pr\u00e9vention et en rapport avec toutes les proc\u00e9dures des passations de march\u00e9 en vigueur en r\u00e9publique d\u00e9mocratique du Congo que le bureau central de coordination Bceco a remis un lot de 3 v\u00e9hicules \u00e0 l'institut national de recherche biom\u00e9dicale (INRB) le samedi 23 d\u00e9cembre 2023.","og_url":"https:\/\/ikar.dev\/bceco-v2\/appui-au-systeme-sanitaire-congolais-le-bceco-remet-un-lot-de-vehicules-a-linrb\/","og_site_name":"Bureau Central de Coordination","article_publisher":"https:\/\/www.facebook.com\/BCeCoRDC","article_published_time":"2023-12-24T00:35:00+00:00","article_modified_time":"2025-12-23T16:23:55+00:00","og_image":[{"width":1500,"height":1000,"url":"https:\/\/ikar.dev\/bceco-v2\/wp-content\/uploads\/2023\/12\/Appui-au-systeme-sanitaire-congolais-_-Le-BCECO-remet-un-lot-de-vehicules-a-lINRB-3.jpg","type":"image\/jpeg"}],"author":"bceco","twitter_card":"summary_large_image","twitter_creator":"@BCeCoRDC","twitter_site":"@BCeCoRDC","twitter_misc":{"Written by":"bceco","Est. reading time":"2 minutes"},"schema":{"@context":"https:\/\/schema.org","@graph":[{"@type":"Article","@id":"https:\/\/ikar.dev\/bceco-v2\/appui-au-systeme-sanitaire-congolais-le-bceco-remet-un-lot-de-vehicules-a-linrb\/#article","isPartOf":{"@id":"https:\/\/ikar.dev\/bceco-v2\/appui-au-systeme-sanitaire-congolais-le-bceco-remet-un-lot-de-vehicules-a-linrb\/"},"author":{"name":"bceco","@id":"https:\/\/ikar.dev\/bceco-v2\/#\/schema\/person\/6ee74807ffb016a78852fec6a295d503"},"headline":"Appui au syst\u00e8me sanitaire congolais : Le BCECO remet un lot de v\u00e9hicules \u00e0 l&#8217;INRB !","datePublished":"2023-12-24T00:35:00+00:00","dateModified":"2025-12-23T16:23:55+00:00","mainEntityOfPage":{"@id":"https:\/\/ikar.dev\/bceco-v2\/appui-au-systeme-sanitaire-congolais-le-bceco-remet-un-lot-de-vehicules-a-linrb\/"},"wordCount":314,"commentCount":0,"publisher":{"@id":"https:\/\/ikar.dev\/bceco-v2\/#organization"},"image":{"@id":"https:\/\/ikar.dev\/bceco-v2\/appui-au-systeme-sanitaire-congolais-le-bceco-remet-un-lot-de-vehicules-a-linrb\/#primaryimage"},"thumbnailUrl":"https:\/\/ikar.dev\/bceco-v2\/wp-content\/uploads\/2023\/12\/Appui-au-systeme-sanitaire-congolais-_-Le-BCECO-remet-un-lot-de-vehicules-a-lINRB-3.jpg","articleSection":["Actualit\u00e9s"],"inLanguage":"en-US","potentialAction":[{"@type":"CommentAction","name":"Comment","target":["https:\/\/ikar.dev\/bceco-v2\/appui-au-systeme-sanitaire-congolais-le-bceco-remet-un-lot-de-vehicules-a-linrb\/#respond"]}]},{"@type":"WebPage","@id":"https:\/\/ikar.dev\/bceco-v2\/appui-au-systeme-sanitaire-congolais-le-bceco-remet-un-lot-de-vehicules-a-linrb\/","url":"https:\/\/ikar.dev\/bceco-v2\/appui-au-systeme-sanitaire-congolais-le-bceco-remet-un-lot-de-vehicules-a-linrb\/","name":"Appui au syst\u00e8me sanitaire congolais : Le BCECO remet un lot de v\u00e9hicules \u00e0 l'INRB ! - Bureau Central de Coordination","isPartOf":{"@id":"https:\/\/ikar.dev\/bceco-v2\/#website"},"primaryImageOfPage":{"@id":"https:\/\/ikar.dev\/bceco-v2\/appui-au-systeme-sanitaire-congolais-le-bceco-remet-un-lot-de-vehicules-a-linrb\/#primaryimage"},"image":{"@id":"https:\/\/ikar.dev\/bceco-v2\/appui-au-systeme-sanitaire-congolais-le-bceco-remet-un-lot-de-vehicules-a-linrb\/#primaryimage"},"thumbnailUrl":"https:\/\/ikar.dev\/bceco-v2\/wp-content\/uploads\/2023\/12\/Appui-au-systeme-sanitaire-congolais-_-Le-BCECO-remet-un-lot-de-vehicules-a-lINRB-3.jpg","datePublished":"2023-12-24T00:35:00+00:00","dateModified":"2025-12-23T16:23:55+00:00","description":"Suivant l'appel d'offre n\u00b0602\/BADEA-PMUAIC19\/BCECO\/DG\/DPM\/AAS\/2022\/MF \u00e9mis en date du 12 octobre 2022 pour fourniture de 4 ambulances et 4 v\u00e9hicules de pr\u00e9l\u00e8vement d'\u00e9chantillons dans les villes de Kinshasa, Lubumbashi, Goma et Kisangani pour le compte du minist\u00e8re de la sant\u00e9 publique, hygi\u00e8ne et pr\u00e9vention et en rapport avec toutes les proc\u00e9dures des passations de march\u00e9 en vigueur en r\u00e9publique d\u00e9mocratique du Congo que le bureau central de coordination Bceco a remis un lot de 3 v\u00e9hicules \u00e0 l'institut national de recherche biom\u00e9dicale (INRB) le samedi 23 d\u00e9cembre 2023.","breadcrumb":{"@id":"https:\/\/ikar.dev\/bceco-v2\/appui-au-systeme-sanitaire-congolais-le-bceco-remet-un-lot-de-vehicules-a-linrb\/#breadcrumb"},"inLanguage":"en-US","potentialAction":[{"@type":"ReadAction","target":["https:\/\/ikar.dev\/bceco-v2\/appui-au-systeme-sanitaire-congolais-le-bceco-remet-un-lot-de-vehicules-a-linrb\/"]}]},{"@type":"ImageObject","inLanguage":"en-US","@id":"https:\/\/ikar.dev\/bceco-v2\/appui-au-systeme-sanitaire-congolais-le-bceco-remet-un-lot-de-vehicules-a-linrb\/#primaryimage","url":"https:\/\/ikar.dev\/bceco-v2\/wp-content\/uploads\/2023\/12\/Appui-au-systeme-sanitaire-congolais-_-Le-BCECO-remet-un-lot-de-vehicules-a-lINRB-3.jpg","contentUrl":"https:\/\/ikar.dev\/bceco-v2\/wp-content\/uploads\/2023\/12\/Appui-au-systeme-sanitaire-congolais-_-Le-BCECO-remet-un-lot-de-vehicules-a-lINRB-3.jpg","width":1500,"height":1000,"caption":"Appui au syst\u00e8me sanitaire congolais : Le BCECO remet un lot de v\u00e9hicules \u00e0 l'INRB !"},{"@type":"BreadcrumbList","@id":"https:\/\/ikar.dev\/bceco-v2\/appui-au-systeme-sanitaire-congolais-le-bceco-remet-un-lot-de-vehicules-a-linrb\/#breadcrumb","itemListElement":[{"@type":"ListItem","position":1,"name":"Accueil","item":"https:\/\/ikar.dev\/bceco-v2\/"},{"@type":"ListItem","position":2,"name":"Appui au syst\u00e8me sanitaire congolais : Le BCECO remet un lot de v\u00e9hicules \u00e0 l&rsquo;INRB !"}]},{"@type":"WebSite","@id":"https:\/\/ikar.dev\/bceco-v2\/#website","url":"https:\/\/ikar.dev\/bceco-v2\/","name":"Bureau Central de Coordination","description":"B.Ce.Co \u2013 Au c\u0153ur de l\u2019ex\u00e9cution des projets de d\u00e9veloppement en RDC","publisher":{"@id":"https:\/\/ikar.dev\/bceco-v2\/#organization"},"potentialAction":[{"@type":"SearchAction","target":{"@type":"EntryPoint","urlTemplate":"https:\/\/ikar.dev\/bceco-v2\/?s={search_term_string}"},"query-input":{"@type":"PropertyValueSpecification","valueRequired":true,"valueName":"search_term_string"}}],"inLanguage":"en-US"},{"@type":"Organization","@id":"https:\/\/ikar.dev\/bceco-v2\/#organization","name":"Bureau Central de Coordination","url":"https:\/\/ikar.dev\/bceco-v2\/","logo":{"@type":"ImageObject","inLanguage":"en-US","@id":"https:\/\/ikar.dev\/bceco-v2\/#\/schema\/logo\/image\/","url":"https:\/\/ikar.dev\/bceco-v2\/wp-content\/uploads\/2025\/12\/BCECO-Bureau-Central-de-Coordination.jpg","contentUrl":"https:\/\/ikar.dev\/bceco-v2\/wp-content\/uploads\/2025\/12\/BCECO-Bureau-Central-de-Coordination.jpg","width":2048,"height":2048,"caption":"Bureau Central de Coordination"},"image":{"@id":"https:\/\/ikar.dev\/bceco-v2\/#\/schema\/logo\/image\/"},"sameAs":["https:\/\/www.facebook.com\/BCeCoRDC","https:\/\/x.com\/BCeCoRDC"]},{"@type":"Person","@id":"https:\/\/ikar.dev\/bceco-v2\/#\/schema\/person\/6ee74807ffb016a78852fec6a295d503","name":"bceco","image":{"@type":"ImageObject","inLanguage":"en-US","@id":"https:\/\/ikar.dev\/bceco-v2\/#\/schema\/person\/image\/","url":"https:\/\/secure.gravatar.com\/avatar\/55c07e1707f50774ef3c842c9d074773a6b558a20fbd1608c8e4871bc88f3455?s=96&d=mm&r=g","contentUrl":"https:\/\/secure.gravatar.com\/avatar\/55c07e1707f50774ef3c842c9d074773a6b558a20fbd1608c8e4871bc88f3455?s=96&d=mm&r=g","caption":"bceco"},"sameAs":["https:\/\/ikar.dev\/bceco-v2"],"url":"https:\/\/ikar.dev\/bceco-v2\/author\/bceco\/"}]}},"_links":{"self":[{"href":"https:\/\/ikar.dev\/bceco-v2\/wp-json\/wp\/v2\/posts\/32685","targetHints":{"allow":["GET"]}}],"collection":[{"href":"https:\/\/ikar.dev\/bceco-v2\/wp-json\/wp\/v2\/posts"}],"about":[{"href":"https:\/\/ikar.dev\/bceco-v2\/wp-json\/wp\/v2\/types\/post"}],"author":[{"embeddable":true,"href":"https:\/\/ikar.dev\/bceco-v2\/wp-json\/wp\/v2\/users\/1"}],"replies":[{"embeddable":true,"href":"https:\/\/ikar.dev\/bceco-v2\/wp-json\/wp\/v2\/comments?post=32685"}],"version-history":[{"count":1,"href":"https:\/\/ikar.dev\/bceco-v2\/wp-json\/wp\/v2\/posts\/32685\/revisions"}],"predecessor-version":[{"id":56351,"href":"https:\/\/ikar.dev\/bceco-v2\/wp-json\/wp\/v2\/posts\/32685\/revisions\/56351"}],"wp:featuredmedia":[{"embeddable":true,"href":"https:\/\/ikar.dev\/bceco-v2\/wp-json\/wp\/v2\/media\/32692"}],"wp:attachment":[{"href":"https:\/\/ikar.dev\/bceco-v2\/wp-json\/wp\/v2\/media?parent=32685"}],"wp:term":[{"taxonomy":"category","embeddable":true,"href":"https:\/\/ikar.dev\/bceco-v2\/wp-json\/wp\/v2\/categories?post=32685"},{"taxonomy":"post_tag","embeddable":true,"href":"https:\/\/ikar.dev\/bceco-v2\/wp-json\/wp\/v2\/tags?post=32685"}],"curies":[{"name":"wp","href":"https:\/\/api.w.org\/{rel}","templated":true}]}}