{"id":32680,"date":"2024-01-01T09:10:00","date_gmt":"2024-01-01T09:10:00","guid":{"rendered":"https:\/\/bceco.cd\/?p=32680"},"modified":"2025-12-23T17:24:00","modified_gmt":"2025-12-23T16:24:00","slug":"message-de-felicitations-adresse-a-son-excellence-monsieur-le-president-de-la-republique-chef-de-letat-a-loccasion-de-sa-brillante-et-historique-reelection","status":"publish","type":"post","link":"https:\/\/ikar.dev\/bceco-v2\/message-de-felicitations-adresse-a-son-excellence-monsieur-le-president-de-la-republique-chef-de-letat-a-loccasion-de-sa-brillante-et-historique-reelection\/","title":{"rendered":"Message de f\u00e9licitations adress\u00e9 \u00e0 son Excellence Monsieur le Pr\u00e9sident de la R\u00e9publique, Chef de l&#8217;\u00c9tat, \u00e0 l&#8217;occasion de sa brillante et historique r\u00e9\u00e9lection"},"content":{"rendered":"<p style=\"text-align: justify;\">Son Excellence Monsieur, le Pr\u00e9sident de la R\u00e9publique, Chef de l&#8217;\u00c9tat (avec l&#8217;expression de nos hommages les plus diff\u00e9rends).<\/p>\n<p style=\"text-align: justify;\">L&#8217;honneur nous \u00e9choit, en ce jour de vous pr\u00e9senter nos tr\u00e8s sinc\u00e8res et chaleureuses f\u00e9licitations pour votre brillante et historique r\u00e9\u00e9lection \u00e0 la magistrature supr\u00eame, \u00e0 l&#8217;issue des scrutins qui se sont tenus le 20 d\u00e9cembre 2023.<\/p>\n<p style=\"text-align: justify;\">Conscient de la responsabilit\u00e9 qui est la V\u00f4tre dans les lourdes charges que vous assumez \u00e0 la t\u00eate de notre m\u00e8re patrie, le BCECO salue l&#8217;\u00e9lan du d\u00e9veloppement durable impuls\u00e9 par votre leadership, notamment dans la construction des infrastructures de base \u00e0 travers le Programme de D\u00e9veloppement local de 145 Territoires pour lesquels diff\u00e9rents projets ont \u00e9t\u00e9 lanc\u00e9s dans plusieurs provinces \u00e0 travers le pays, dans le but de booster son d\u00e9veloppement int\u00e9gral visant l&#8217;am\u00e9lioration des conditions de vies de nos concitoyens.<\/p>\n<p style=\"text-align: justify;\">Se rangeant sur votre vision clairvoyante, le BCECO est r\u00e9solument engag\u00e9 \u00e0 vous accompagner, au cours de ce deuxi\u00e8me quinquennat vous confi\u00e9 par le peuple congolais, \u00e0 consolider les acquis de d\u00e9veloppement des infrastructures de tout genre, conform\u00e9ment aux missions lui assign\u00e9es, pour l&#8217;\u00e9mergence d&#8217;un Congo Plus Uni, Plus S\u00e9curis\u00e9 et Plus Prosp\u00e8re.<\/p>\n<p style=\"text-align: justify;\">Puisse l&#8217;\u00c9ternel Dieu Tout Puissant vous assister dans la consolidation de la paix, le d\u00e9veloppement et la sauvegarde de l&#8217;int\u00e9grit\u00e9 territoriale de notre cher et beau pays.<\/p>\n<p style=\"text-align: justify;\">Nous vous souhaitons plein succ\u00e8s dans l&#8217;accomplissement de votre nouveau mandat au b\u00e9n\u00e9fice de la grandeur de la R\u00e9publique D\u00e9mocratique du Congo et de tous ses enfants.<\/p>\n<p style=\"text-align: justify;\">Profonds respects<\/p>\n<p style=\"text-align: justify;\">Jean MABI MULUMBA <br \/>DIRECTEUR G\u00c9N\u00c9RAL<\/p>\n","protected":false},"excerpt":{"rendered":"<p>Son Excellence Monsieur, le Pr\u00e9sident de la R\u00e9publique, Chef de l&#8217;\u00c9tat (avec l&#8217;expression de nos hommages les plus diff\u00e9rends). L&#8217;honneur nous \u00e9choit, en ce jour de vous pr\u00e9senter nos tr\u00e8s sinc\u00e8res et chaleureuses f\u00e9licitations pour votre brillante et historique r\u00e9\u00e9lection \u00e0 la magistrature supr\u00eame, \u00e0 l&#8217;issue des scrutins qui se sont tenus le 20 d\u00e9cembre<\/p>\n","protected":false},"author":1,"featured_media":32681,"comment_status":"open","ping_status":"open","sticky":false,"template":"","format":"standard","meta":{"footnotes":""},"categories":[69],"tags":[],"class_list":["post-32680","post","type-post","status-publish","format-standard","has-post-thumbnail","hentry","category-actualites"],"yoast_head":"<!-- This site is optimized with the Yoast SEO plugin v26.7 - https:\/\/yoast.com\/wordpress\/plugins\/seo\/ -->\n<title>Message de f\u00e9licitations adress\u00e9 \u00e0 son Excellence Monsieur le Pr\u00e9sident de la R\u00e9publique, Chef de l&#039;\u00c9tat, \u00e0 l&#039;occasion de sa brillante et historique r\u00e9\u00e9lection - Bureau Central de Coordination<\/title>\n<meta name=\"description\" content=\"Son Excellence Monsieur, le Pr\u00e9sident de la R\u00e9publique, Chef de l&#039;\u00c9tat (avec l&#039;expression de nos hommages les plus diff\u00e9rends).\" \/>\n<meta name=\"robots\" content=\"index, follow, max-snippet:-1, max-image-preview:large, max-video-preview:-1\" \/>\n<link rel=\"canonical\" href=\"https:\/\/ikar.dev\/bceco-v2\/message-de-felicitations-adresse-a-son-excellence-monsieur-le-president-de-la-republique-chef-de-letat-a-loccasion-de-sa-brillante-et-historique-reelection\/\" \/>\n<meta property=\"og:locale\" content=\"en_US\" \/>\n<meta property=\"og:type\" content=\"article\" \/>\n<meta property=\"og:title\" content=\"Message de f\u00e9licitations adress\u00e9 \u00e0 son Excellence Monsieur le Pr\u00e9sident de la R\u00e9publique, Chef de l&#039;\u00c9tat, \u00e0 l&#039;occasion de sa brillante et historique r\u00e9\u00e9lection - Bureau Central de Coordination\" \/>\n<meta property=\"og:description\" content=\"Son Excellence Monsieur, le Pr\u00e9sident de la R\u00e9publique, Chef de l&#039;\u00c9tat (avec l&#039;expression de nos hommages les plus diff\u00e9rends).\" \/>\n<meta property=\"og:url\" content=\"https:\/\/ikar.dev\/bceco-v2\/message-de-felicitations-adresse-a-son-excellence-monsieur-le-president-de-la-republique-chef-de-letat-a-loccasion-de-sa-brillante-et-historique-reelection\/\" \/>\n<meta property=\"og:site_name\" content=\"Bureau Central de Coordination\" \/>\n<meta property=\"article:publisher\" content=\"https:\/\/www.facebook.com\/BCeCoRDC\" \/>\n<meta property=\"article:published_time\" content=\"2024-01-01T09:10:00+00:00\" \/>\n<meta property=\"article:modified_time\" content=\"2025-12-23T16:24:00+00:00\" \/>\n<meta property=\"og:image\" content=\"https:\/\/ikar.dev\/bceco-v2\/wp-content\/uploads\/2024\/01\/Message-de-felicitations-adresse-a-son-Excellence-Monsieur-le-President-de-la-Republique-Chef-de-lEtat-a-loccasion-de-sa-brillante-et-historique-reelection.jpg\" \/>\n\t<meta property=\"og:image:width\" content=\"877\" \/>\n\t<meta property=\"og:image:height\" content=\"620\" \/>\n\t<meta property=\"og:image:type\" content=\"image\/jpeg\" \/>\n<meta name=\"author\" content=\"bceco\" \/>\n<meta name=\"twitter:card\" content=\"summary_large_image\" \/>\n<meta name=\"twitter:creator\" content=\"@BCeCoRDC\" \/>\n<meta name=\"twitter:site\" content=\"@BCeCoRDC\" \/>\n<meta name=\"twitter:label1\" content=\"Written by\" \/>\n\t<meta name=\"twitter:data1\" content=\"bceco\" \/>\n\t<meta name=\"twitter:label2\" content=\"Est. reading time\" \/>\n\t<meta name=\"twitter:data2\" content=\"2 minutes\" \/>\n<script type=\"application\/ld+json\" class=\"yoast-schema-graph\">{\"@context\":\"https:\/\/schema.org\",\"@graph\":[{\"@type\":\"Article\",\"@id\":\"https:\/\/ikar.dev\/bceco-v2\/message-de-felicitations-adresse-a-son-excellence-monsieur-le-president-de-la-republique-chef-de-letat-a-loccasion-de-sa-brillante-et-historique-reelection\/#article\",\"isPartOf\":{\"@id\":\"https:\/\/ikar.dev\/bceco-v2\/message-de-felicitations-adresse-a-son-excellence-monsieur-le-president-de-la-republique-chef-de-letat-a-loccasion-de-sa-brillante-et-historique-reelection\/\"},\"author\":{\"name\":\"bceco\",\"@id\":\"https:\/\/ikar.dev\/bceco-v2\/#\/schema\/person\/6ee74807ffb016a78852fec6a295d503\"},\"headline\":\"Message de f\u00e9licitations adress\u00e9 \u00e0 son Excellence Monsieur le Pr\u00e9sident de la R\u00e9publique, Chef de l&#8217;\u00c9tat, \u00e0 l&#8217;occasion de sa brillante et historique r\u00e9\u00e9lection\",\"datePublished\":\"2024-01-01T09:10:00+00:00\",\"dateModified\":\"2025-12-23T16:24:00+00:00\",\"mainEntityOfPage\":{\"@id\":\"https:\/\/ikar.dev\/bceco-v2\/message-de-felicitations-adresse-a-son-excellence-monsieur-le-president-de-la-republique-chef-de-letat-a-loccasion-de-sa-brillante-et-historique-reelection\/\"},\"wordCount\":317,\"commentCount\":0,\"publisher\":{\"@id\":\"https:\/\/ikar.dev\/bceco-v2\/#organization\"},\"image\":{\"@id\":\"https:\/\/ikar.dev\/bceco-v2\/message-de-felicitations-adresse-a-son-excellence-monsieur-le-president-de-la-republique-chef-de-letat-a-loccasion-de-sa-brillante-et-historique-reelection\/#primaryimage\"},\"thumbnailUrl\":\"https:\/\/ikar.dev\/bceco-v2\/wp-content\/uploads\/2024\/01\/Message-de-felicitations-adresse-a-son-Excellence-Monsieur-le-President-de-la-Republique-Chef-de-lEtat-a-loccasion-de-sa-brillante-et-historique-reelection.jpg\",\"articleSection\":[\"Actualit\u00e9s\"],\"inLanguage\":\"en-US\",\"potentialAction\":[{\"@type\":\"CommentAction\",\"name\":\"Comment\",\"target\":[\"https:\/\/ikar.dev\/bceco-v2\/message-de-felicitations-adresse-a-son-excellence-monsieur-le-president-de-la-republique-chef-de-letat-a-loccasion-de-sa-brillante-et-historique-reelection\/#respond\"]}]},{\"@type\":\"WebPage\",\"@id\":\"https:\/\/ikar.dev\/bceco-v2\/message-de-felicitations-adresse-a-son-excellence-monsieur-le-president-de-la-republique-chef-de-letat-a-loccasion-de-sa-brillante-et-historique-reelection\/\",\"url\":\"https:\/\/ikar.dev\/bceco-v2\/message-de-felicitations-adresse-a-son-excellence-monsieur-le-president-de-la-republique-chef-de-letat-a-loccasion-de-sa-brillante-et-historique-reelection\/\",\"name\":\"Message de f\u00e9licitations adress\u00e9 \u00e0 son Excellence Monsieur le Pr\u00e9sident de la R\u00e9publique, Chef de l'\u00c9tat, \u00e0 l'occasion de sa brillante et historique r\u00e9\u00e9lection - Bureau Central de Coordination\",\"isPartOf\":{\"@id\":\"https:\/\/ikar.dev\/bceco-v2\/#website\"},\"primaryImageOfPage\":{\"@id\":\"https:\/\/ikar.dev\/bceco-v2\/message-de-felicitations-adresse-a-son-excellence-monsieur-le-president-de-la-republique-chef-de-letat-a-loccasion-de-sa-brillante-et-historique-reelection\/#primaryimage\"},\"image\":{\"@id\":\"https:\/\/ikar.dev\/bceco-v2\/message-de-felicitations-adresse-a-son-excellence-monsieur-le-president-de-la-republique-chef-de-letat-a-loccasion-de-sa-brillante-et-historique-reelection\/#primaryimage\"},\"thumbnailUrl\":\"https:\/\/ikar.dev\/bceco-v2\/wp-content\/uploads\/2024\/01\/Message-de-felicitations-adresse-a-son-Excellence-Monsieur-le-President-de-la-Republique-Chef-de-lEtat-a-loccasion-de-sa-brillante-et-historique-reelection.jpg\",\"datePublished\":\"2024-01-01T09:10:00+00:00\",\"dateModified\":\"2025-12-23T16:24:00+00:00\",\"description\":\"Son Excellence Monsieur, le Pr\u00e9sident de la R\u00e9publique, Chef de l'\u00c9tat (avec l'expression de nos hommages les plus diff\u00e9rends).\",\"breadcrumb\":{\"@id\":\"https:\/\/ikar.dev\/bceco-v2\/message-de-felicitations-adresse-a-son-excellence-monsieur-le-president-de-la-republique-chef-de-letat-a-loccasion-de-sa-brillante-et-historique-reelection\/#breadcrumb\"},\"inLanguage\":\"en-US\",\"potentialAction\":[{\"@type\":\"ReadAction\",\"target\":[\"https:\/\/ikar.dev\/bceco-v2\/message-de-felicitations-adresse-a-son-excellence-monsieur-le-president-de-la-republique-chef-de-letat-a-loccasion-de-sa-brillante-et-historique-reelection\/\"]}]},{\"@type\":\"ImageObject\",\"inLanguage\":\"en-US\",\"@id\":\"https:\/\/ikar.dev\/bceco-v2\/message-de-felicitations-adresse-a-son-excellence-monsieur-le-president-de-la-republique-chef-de-letat-a-loccasion-de-sa-brillante-et-historique-reelection\/#primaryimage\",\"url\":\"https:\/\/ikar.dev\/bceco-v2\/wp-content\/uploads\/2024\/01\/Message-de-felicitations-adresse-a-son-Excellence-Monsieur-le-President-de-la-Republique-Chef-de-lEtat-a-loccasion-de-sa-brillante-et-historique-reelection.jpg\",\"contentUrl\":\"https:\/\/ikar.dev\/bceco-v2\/wp-content\/uploads\/2024\/01\/Message-de-felicitations-adresse-a-son-Excellence-Monsieur-le-President-de-la-Republique-Chef-de-lEtat-a-loccasion-de-sa-brillante-et-historique-reelection.jpg\",\"width\":877,\"height\":620,\"caption\":\"Message de f\u00e9licitations adress\u00e9 \u00e0 son Excellence Monsieur le Pr\u00e9sident de la R\u00e9publique, Chef de l'\u00c9tat, \u00e0 l'occasion de sa brillante et historique r\u00e9\u00e9lection\"},{\"@type\":\"BreadcrumbList\",\"@id\":\"https:\/\/ikar.dev\/bceco-v2\/message-de-felicitations-adresse-a-son-excellence-monsieur-le-president-de-la-republique-chef-de-letat-a-loccasion-de-sa-brillante-et-historique-reelection\/#breadcrumb\",\"itemListElement\":[{\"@type\":\"ListItem\",\"position\":1,\"name\":\"Accueil\",\"item\":\"https:\/\/ikar.dev\/bceco-v2\/\"},{\"@type\":\"ListItem\",\"position\":2,\"name\":\"Message de f\u00e9licitations adress\u00e9 \u00e0 son Excellence Monsieur le Pr\u00e9sident de la R\u00e9publique, Chef de l&rsquo;\u00c9tat, \u00e0 l&rsquo;occasion de sa brillante et historique r\u00e9\u00e9lection\"}]},{\"@type\":\"WebSite\",\"@id\":\"https:\/\/ikar.dev\/bceco-v2\/#website\",\"url\":\"https:\/\/ikar.dev\/bceco-v2\/\",\"name\":\"Bureau Central de Coordination\",\"description\":\"B.Ce.Co \u2013 Au c\u0153ur de l\u2019ex\u00e9cution des projets de d\u00e9veloppement en RDC\",\"publisher\":{\"@id\":\"https:\/\/ikar.dev\/bceco-v2\/#organization\"},\"potentialAction\":[{\"@type\":\"SearchAction\",\"target\":{\"@type\":\"EntryPoint\",\"urlTemplate\":\"https:\/\/ikar.dev\/bceco-v2\/?s={search_term_string}\"},\"query-input\":{\"@type\":\"PropertyValueSpecification\",\"valueRequired\":true,\"valueName\":\"search_term_string\"}}],\"inLanguage\":\"en-US\"},{\"@type\":\"Organization\",\"@id\":\"https:\/\/ikar.dev\/bceco-v2\/#organization\",\"name\":\"Bureau Central de Coordination\",\"url\":\"https:\/\/ikar.dev\/bceco-v2\/\",\"logo\":{\"@type\":\"ImageObject\",\"inLanguage\":\"en-US\",\"@id\":\"https:\/\/ikar.dev\/bceco-v2\/#\/schema\/logo\/image\/\",\"url\":\"https:\/\/ikar.dev\/bceco-v2\/wp-content\/uploads\/2025\/12\/BCECO-Bureau-Central-de-Coordination.jpg\",\"contentUrl\":\"https:\/\/ikar.dev\/bceco-v2\/wp-content\/uploads\/2025\/12\/BCECO-Bureau-Central-de-Coordination.jpg\",\"width\":2048,\"height\":2048,\"caption\":\"Bureau Central de Coordination\"},\"image\":{\"@id\":\"https:\/\/ikar.dev\/bceco-v2\/#\/schema\/logo\/image\/\"},\"sameAs\":[\"https:\/\/www.facebook.com\/BCeCoRDC\",\"https:\/\/x.com\/BCeCoRDC\"]},{\"@type\":\"Person\",\"@id\":\"https:\/\/ikar.dev\/bceco-v2\/#\/schema\/person\/6ee74807ffb016a78852fec6a295d503\",\"name\":\"bceco\",\"image\":{\"@type\":\"ImageObject\",\"inLanguage\":\"en-US\",\"@id\":\"https:\/\/ikar.dev\/bceco-v2\/#\/schema\/person\/image\/\",\"url\":\"https:\/\/secure.gravatar.com\/avatar\/55c07e1707f50774ef3c842c9d074773a6b558a20fbd1608c8e4871bc88f3455?s=96&d=mm&r=g\",\"contentUrl\":\"https:\/\/secure.gravatar.com\/avatar\/55c07e1707f50774ef3c842c9d074773a6b558a20fbd1608c8e4871bc88f3455?s=96&d=mm&r=g\",\"caption\":\"bceco\"},\"sameAs\":[\"https:\/\/ikar.dev\/bceco-v2\"],\"url\":\"https:\/\/ikar.dev\/bceco-v2\/author\/bceco\/\"}]}<\/script>\n<!-- \/ Yoast SEO plugin. -->","yoast_head_json":{"title":"Message de f\u00e9licitations adress\u00e9 \u00e0 son Excellence Monsieur le Pr\u00e9sident de la R\u00e9publique, Chef de l'\u00c9tat, \u00e0 l'occasion de sa brillante et historique r\u00e9\u00e9lection - Bureau Central de Coordination","description":"Son Excellence Monsieur, le Pr\u00e9sident de la R\u00e9publique, Chef de l'\u00c9tat (avec l'expression de nos hommages les plus diff\u00e9rends).","robots":{"index":"index","follow":"follow","max-snippet":"max-snippet:-1","max-image-preview":"max-image-preview:large","max-video-preview":"max-video-preview:-1"},"canonical":"https:\/\/ikar.dev\/bceco-v2\/message-de-felicitations-adresse-a-son-excellence-monsieur-le-president-de-la-republique-chef-de-letat-a-loccasion-de-sa-brillante-et-historique-reelection\/","og_locale":"en_US","og_type":"article","og_title":"Message de f\u00e9licitations adress\u00e9 \u00e0 son Excellence Monsieur le Pr\u00e9sident de la R\u00e9publique, Chef de l'\u00c9tat, \u00e0 l'occasion de sa brillante et historique r\u00e9\u00e9lection - Bureau Central de Coordination","og_description":"Son Excellence Monsieur, le Pr\u00e9sident de la R\u00e9publique, Chef de l'\u00c9tat (avec l'expression de nos hommages les plus diff\u00e9rends).","og_url":"https:\/\/ikar.dev\/bceco-v2\/message-de-felicitations-adresse-a-son-excellence-monsieur-le-president-de-la-republique-chef-de-letat-a-loccasion-de-sa-brillante-et-historique-reelection\/","og_site_name":"Bureau Central de Coordination","article_publisher":"https:\/\/www.facebook.com\/BCeCoRDC","article_published_time":"2024-01-01T09:10:00+00:00","article_modified_time":"2025-12-23T16:24:00+00:00","og_image":[{"width":877,"height":620,"url":"https:\/\/ikar.dev\/bceco-v2\/wp-content\/uploads\/2024\/01\/Message-de-felicitations-adresse-a-son-Excellence-Monsieur-le-President-de-la-Republique-Chef-de-lEtat-a-loccasion-de-sa-brillante-et-historique-reelection.jpg","type":"image\/jpeg"}],"author":"bceco","twitter_card":"summary_large_image","twitter_creator":"@BCeCoRDC","twitter_site":"@BCeCoRDC","twitter_misc":{"Written by":"bceco","Est. reading time":"2 minutes"},"schema":{"@context":"https:\/\/schema.org","@graph":[{"@type":"Article","@id":"https:\/\/ikar.dev\/bceco-v2\/message-de-felicitations-adresse-a-son-excellence-monsieur-le-president-de-la-republique-chef-de-letat-a-loccasion-de-sa-brillante-et-historique-reelection\/#article","isPartOf":{"@id":"https:\/\/ikar.dev\/bceco-v2\/message-de-felicitations-adresse-a-son-excellence-monsieur-le-president-de-la-republique-chef-de-letat-a-loccasion-de-sa-brillante-et-historique-reelection\/"},"author":{"name":"bceco","@id":"https:\/\/ikar.dev\/bceco-v2\/#\/schema\/person\/6ee74807ffb016a78852fec6a295d503"},"headline":"Message de f\u00e9licitations adress\u00e9 \u00e0 son Excellence Monsieur le Pr\u00e9sident de la R\u00e9publique, Chef de l&#8217;\u00c9tat, \u00e0 l&#8217;occasion de sa brillante et historique r\u00e9\u00e9lection","datePublished":"2024-01-01T09:10:00+00:00","dateModified":"2025-12-23T16:24:00+00:00","mainEntityOfPage":{"@id":"https:\/\/ikar.dev\/bceco-v2\/message-de-felicitations-adresse-a-son-excellence-monsieur-le-president-de-la-republique-chef-de-letat-a-loccasion-de-sa-brillante-et-historique-reelection\/"},"wordCount":317,"commentCount":0,"publisher":{"@id":"https:\/\/ikar.dev\/bceco-v2\/#organization"},"image":{"@id":"https:\/\/ikar.dev\/bceco-v2\/message-de-felicitations-adresse-a-son-excellence-monsieur-le-president-de-la-republique-chef-de-letat-a-loccasion-de-sa-brillante-et-historique-reelection\/#primaryimage"},"thumbnailUrl":"https:\/\/ikar.dev\/bceco-v2\/wp-content\/uploads\/2024\/01\/Message-de-felicitations-adresse-a-son-Excellence-Monsieur-le-President-de-la-Republique-Chef-de-lEtat-a-loccasion-de-sa-brillante-et-historique-reelection.jpg","articleSection":["Actualit\u00e9s"],"inLanguage":"en-US","potentialAction":[{"@type":"CommentAction","name":"Comment","target":["https:\/\/ikar.dev\/bceco-v2\/message-de-felicitations-adresse-a-son-excellence-monsieur-le-president-de-la-republique-chef-de-letat-a-loccasion-de-sa-brillante-et-historique-reelection\/#respond"]}]},{"@type":"WebPage","@id":"https:\/\/ikar.dev\/bceco-v2\/message-de-felicitations-adresse-a-son-excellence-monsieur-le-president-de-la-republique-chef-de-letat-a-loccasion-de-sa-brillante-et-historique-reelection\/","url":"https:\/\/ikar.dev\/bceco-v2\/message-de-felicitations-adresse-a-son-excellence-monsieur-le-president-de-la-republique-chef-de-letat-a-loccasion-de-sa-brillante-et-historique-reelection\/","name":"Message de f\u00e9licitations adress\u00e9 \u00e0 son Excellence Monsieur le Pr\u00e9sident de la R\u00e9publique, Chef de l'\u00c9tat, \u00e0 l'occasion de sa brillante et historique r\u00e9\u00e9lection - Bureau Central de Coordination","isPartOf":{"@id":"https:\/\/ikar.dev\/bceco-v2\/#website"},"primaryImageOfPage":{"@id":"https:\/\/ikar.dev\/bceco-v2\/message-de-felicitations-adresse-a-son-excellence-monsieur-le-president-de-la-republique-chef-de-letat-a-loccasion-de-sa-brillante-et-historique-reelection\/#primaryimage"},"image":{"@id":"https:\/\/ikar.dev\/bceco-v2\/message-de-felicitations-adresse-a-son-excellence-monsieur-le-president-de-la-republique-chef-de-letat-a-loccasion-de-sa-brillante-et-historique-reelection\/#primaryimage"},"thumbnailUrl":"https:\/\/ikar.dev\/bceco-v2\/wp-content\/uploads\/2024\/01\/Message-de-felicitations-adresse-a-son-Excellence-Monsieur-le-President-de-la-Republique-Chef-de-lEtat-a-loccasion-de-sa-brillante-et-historique-reelection.jpg","datePublished":"2024-01-01T09:10:00+00:00","dateModified":"2025-12-23T16:24:00+00:00","description":"Son Excellence Monsieur, le Pr\u00e9sident de la R\u00e9publique, Chef de l'\u00c9tat (avec l'expression de nos hommages les plus diff\u00e9rends).","breadcrumb":{"@id":"https:\/\/ikar.dev\/bceco-v2\/message-de-felicitations-adresse-a-son-excellence-monsieur-le-president-de-la-republique-chef-de-letat-a-loccasion-de-sa-brillante-et-historique-reelection\/#breadcrumb"},"inLanguage":"en-US","potentialAction":[{"@type":"ReadAction","target":["https:\/\/ikar.dev\/bceco-v2\/message-de-felicitations-adresse-a-son-excellence-monsieur-le-president-de-la-republique-chef-de-letat-a-loccasion-de-sa-brillante-et-historique-reelection\/"]}]},{"@type":"ImageObject","inLanguage":"en-US","@id":"https:\/\/ikar.dev\/bceco-v2\/message-de-felicitations-adresse-a-son-excellence-monsieur-le-president-de-la-republique-chef-de-letat-a-loccasion-de-sa-brillante-et-historique-reelection\/#primaryimage","url":"https:\/\/ikar.dev\/bceco-v2\/wp-content\/uploads\/2024\/01\/Message-de-felicitations-adresse-a-son-Excellence-Monsieur-le-President-de-la-Republique-Chef-de-lEtat-a-loccasion-de-sa-brillante-et-historique-reelection.jpg","contentUrl":"https:\/\/ikar.dev\/bceco-v2\/wp-content\/uploads\/2024\/01\/Message-de-felicitations-adresse-a-son-Excellence-Monsieur-le-President-de-la-Republique-Chef-de-lEtat-a-loccasion-de-sa-brillante-et-historique-reelection.jpg","width":877,"height":620,"caption":"Message de f\u00e9licitations adress\u00e9 \u00e0 son Excellence Monsieur le Pr\u00e9sident de la R\u00e9publique, Chef de l'\u00c9tat, \u00e0 l'occasion de sa brillante et historique r\u00e9\u00e9lection"},{"@type":"BreadcrumbList","@id":"https:\/\/ikar.dev\/bceco-v2\/message-de-felicitations-adresse-a-son-excellence-monsieur-le-president-de-la-republique-chef-de-letat-a-loccasion-de-sa-brillante-et-historique-reelection\/#breadcrumb","itemListElement":[{"@type":"ListItem","position":1,"name":"Accueil","item":"https:\/\/ikar.dev\/bceco-v2\/"},{"@type":"ListItem","position":2,"name":"Message de f\u00e9licitations adress\u00e9 \u00e0 son Excellence Monsieur le Pr\u00e9sident de la R\u00e9publique, Chef de l&rsquo;\u00c9tat, \u00e0 l&rsquo;occasion de sa brillante et historique r\u00e9\u00e9lection"}]},{"@type":"WebSite","@id":"https:\/\/ikar.dev\/bceco-v2\/#website","url":"https:\/\/ikar.dev\/bceco-v2\/","name":"Bureau Central de Coordination","description":"B.Ce.Co \u2013 Au c\u0153ur de l\u2019ex\u00e9cution des projets de d\u00e9veloppement en RDC","publisher":{"@id":"https:\/\/ikar.dev\/bceco-v2\/#organization"},"potentialAction":[{"@type":"SearchAction","target":{"@type":"EntryPoint","urlTemplate":"https:\/\/ikar.dev\/bceco-v2\/?s={search_term_string}"},"query-input":{"@type":"PropertyValueSpecification","valueRequired":true,"valueName":"search_term_string"}}],"inLanguage":"en-US"},{"@type":"Organization","@id":"https:\/\/ikar.dev\/bceco-v2\/#organization","name":"Bureau Central de Coordination","url":"https:\/\/ikar.dev\/bceco-v2\/","logo":{"@type":"ImageObject","inLanguage":"en-US","@id":"https:\/\/ikar.dev\/bceco-v2\/#\/schema\/logo\/image\/","url":"https:\/\/ikar.dev\/bceco-v2\/wp-content\/uploads\/2025\/12\/BCECO-Bureau-Central-de-Coordination.jpg","contentUrl":"https:\/\/ikar.dev\/bceco-v2\/wp-content\/uploads\/2025\/12\/BCECO-Bureau-Central-de-Coordination.jpg","width":2048,"height":2048,"caption":"Bureau Central de Coordination"},"image":{"@id":"https:\/\/ikar.dev\/bceco-v2\/#\/schema\/logo\/image\/"},"sameAs":["https:\/\/www.facebook.com\/BCeCoRDC","https:\/\/x.com\/BCeCoRDC"]},{"@type":"Person","@id":"https:\/\/ikar.dev\/bceco-v2\/#\/schema\/person\/6ee74807ffb016a78852fec6a295d503","name":"bceco","image":{"@type":"ImageObject","inLanguage":"en-US","@id":"https:\/\/ikar.dev\/bceco-v2\/#\/schema\/person\/image\/","url":"https:\/\/secure.gravatar.com\/avatar\/55c07e1707f50774ef3c842c9d074773a6b558a20fbd1608c8e4871bc88f3455?s=96&d=mm&r=g","contentUrl":"https:\/\/secure.gravatar.com\/avatar\/55c07e1707f50774ef3c842c9d074773a6b558a20fbd1608c8e4871bc88f3455?s=96&d=mm&r=g","caption":"bceco"},"sameAs":["https:\/\/ikar.dev\/bceco-v2"],"url":"https:\/\/ikar.dev\/bceco-v2\/author\/bceco\/"}]}},"_links":{"self":[{"href":"https:\/\/ikar.dev\/bceco-v2\/wp-json\/wp\/v2\/posts\/32680","targetHints":{"allow":["GET"]}}],"collection":[{"href":"https:\/\/ikar.dev\/bceco-v2\/wp-json\/wp\/v2\/posts"}],"about":[{"href":"https:\/\/ikar.dev\/bceco-v2\/wp-json\/wp\/v2\/types\/post"}],"author":[{"embeddable":true,"href":"https:\/\/ikar.dev\/bceco-v2\/wp-json\/wp\/v2\/users\/1"}],"replies":[{"embeddable":true,"href":"https:\/\/ikar.dev\/bceco-v2\/wp-json\/wp\/v2\/comments?post=32680"}],"version-history":[{"count":1,"href":"https:\/\/ikar.dev\/bceco-v2\/wp-json\/wp\/v2\/posts\/32680\/revisions"}],"predecessor-version":[{"id":56352,"href":"https:\/\/ikar.dev\/bceco-v2\/wp-json\/wp\/v2\/posts\/32680\/revisions\/56352"}],"wp:featuredmedia":[{"embeddable":true,"href":"https:\/\/ikar.dev\/bceco-v2\/wp-json\/wp\/v2\/media\/32681"}],"wp:attachment":[{"href":"https:\/\/ikar.dev\/bceco-v2\/wp-json\/wp\/v2\/media?parent=32680"}],"wp:term":[{"taxonomy":"category","embeddable":true,"href":"https:\/\/ikar.dev\/bceco-v2\/wp-json\/wp\/v2\/categories?post=32680"},{"taxonomy":"post_tag","embeddable":true,"href":"https:\/\/ikar.dev\/bceco-v2\/wp-json\/wp\/v2\/tags?post=32680"}],"curies":[{"name":"wp","href":"https:\/\/api.w.org\/{rel}","templated":true}]}}