{"id":32273,"date":"2023-12-19T12:42:00","date_gmt":"2023-12-19T12:42:00","guid":{"rendered":"https:\/\/bceco.cd\/?p=32273"},"modified":"2025-12-23T17:23:38","modified_gmt":"2025-12-23T16:23:38","slug":"rdc-couverture-sante-universelle-en-marche-lex-hopital-mama-yemo-inaugure","status":"publish","type":"post","link":"https:\/\/ikar.dev\/bceco-v2\/rdc-couverture-sante-universelle-en-marche-lex-hopital-mama-yemo-inaugure\/","title":{"rendered":"RDC: Couverture sant\u00e9 universelle en marche, l&#8217;ex H\u00f4pital Mama Yemo Inaugur\u00e9 !"},"content":{"rendered":"\t\t<div data-elementor-type=\"wp-post\" data-elementor-id=\"32273\" class=\"elementor elementor-32273\" data-elementor-post-type=\"post\">\n\t\t\t\t\t\t<section class=\"elementor-section elementor-top-section elementor-element elementor-element-f769524 elementor-section-boxed elementor-section-height-default elementor-section-height-default\" data-id=\"f769524\" data-element_type=\"section\" data-e-type=\"section\">\n\t\t\t\t\t\t<div class=\"elementor-container elementor-column-gap-default\">\n\t\t\t\t\t<div class=\"elementor-column elementor-col-100 elementor-top-column elementor-element elementor-element-30e74d7\" data-id=\"30e74d7\" data-element_type=\"column\" data-e-type=\"column\">\n\t\t\t<div class=\"elementor-widget-wrap elementor-element-populated\">\n\t\t\t\t\t\t<div class=\"elementor-element elementor-element-a2e5246 elementor-widget elementor-widget-text-editor\" data-id=\"a2e5246\" data-element_type=\"widget\" data-e-type=\"widget\" data-widget_type=\"text-editor.default\">\n\t\t\t\t\t\t\t\t\t<p style=\"text-align: justify;\">C&#8217;est fait la premi\u00e8re phase des travaux de l&#8217;H\u00f4pital G\u00e9n\u00e9ral de R\u00e9f\u00e9rence de Kinshasa ex Mama Yemo\u00a0 sont achev\u00e9s et l&#8217;ouvrage remis aux b\u00e9n\u00e9ficiaires. ce mardi 19 d\u00e9cembre 2023\u00a0 reste une date \u00e0 jamais grav\u00e9e dans les annales de\u00a0 cet H\u00f4pital\u00a0 rebaptis\u00e9 Centre Hospitalier\u00a0 Universitaire Renaissance.<\/p>\n<p style=\"text-align: justify;\">En effet , le Pr\u00e9sident de la R\u00e9publique F\u00e9lix Antoine Tshisekedi\u00a0 Tshibombo a\u00a0 inaugur\u00e9 cette premi\u00e8re phase de la construction de cet imposant complexe hospitalier r\u00e9pondant aux normes\u00a0 et standards internationaux.\u00a0<\/p>\n<p style=\"text-align: justify;\">Voulant concr\u00e9tiser sa politique de la couverture sant\u00e9 universelle, le premier de tous les Congolais a tenu \u00e0 rehausser de sa pr\u00e9sence\u00a0 cette grande c\u00e9r\u00e9monie d&#8217;inauguration.<\/p>\n<p style=\"text-align: justify;\">Construit depuis 110 ans, cet h\u00f4pital pour indig\u00e8nes travaillant pour le compte des colons n&#8217;avait jamais connu de tels travaux.<\/p>\t\t\t\t\t\t\t\t<\/div>\n\t\t\t\t\t<\/div>\n\t\t<\/div>\n\t\t\t\t\t<\/div>\n\t\t<\/section>\n\t\t\t\t<section class=\"elementor-section elementor-top-section elementor-element elementor-element-3d6ab41 elementor-section-boxed elementor-section-height-default elementor-section-height-default\" data-id=\"3d6ab41\" data-element_type=\"section\" data-e-type=\"section\">\n\t\t\t\t\t\t<div class=\"elementor-container elementor-column-gap-default\">\n\t\t\t\t\t<div class=\"elementor-column elementor-col-100 elementor-top-column elementor-element elementor-element-2197972\" data-id=\"2197972\" data-element_type=\"column\" data-e-type=\"column\">\n\t\t\t<div class=\"elementor-widget-wrap elementor-element-populated\">\n\t\t\t\t\t\t<div class=\"elementor-element elementor-element-90e731a elementor-widget elementor-widget-text-editor\" data-id=\"90e731a\" data-element_type=\"widget\" data-e-type=\"widget\" data-widget_type=\"text-editor.default\">\n\t\t\t\t\t\t\t\t\t<p style=\"text-align: justify;\">Et dans le souci\u00a0 de mat\u00e9rialiser la vision ch\u00e8re au chef de l&#8217;\u00e9tat,\u00a0 celle d&#8217;offrir aux congolais de tout rang social,\u00a0 des soins de sant\u00e9\u00a0 de qualit\u00e9 sans encourir une ruine financi\u00e8re et \u00e9conomique, que Jean Mabi Mulumba, directeur g\u00e9n\u00e9ral du bureau central de coordination Bceco a tenu\u00a0 contre vents et mar\u00e9es\u00a0 \u00e0 livrer\u00a0 ce jour un Bijou dont les sp\u00e9cificit\u00e9s\u00a0 sont notamment :<\/p>\n<p style=\"text-align: justify;\">La construction d&#8217;un b\u00e2timent de type R+4 + sous -sol comprenant la cave, destin\u00e9e aux services techniques ( ancenseurs, caisse, buanderie, salle de machines etc&#8230;) et dispose de deux b\u00e2ches \u00e0 eau dont une voile mince pour l&#8217;anti- incendie d&#8217;une capacit\u00e9 de 300m\u00e8tres carr\u00e9 et l&#8217;autre\u00a0 en inox d&#8217;une capacit\u00e9 de 100 m\u00e8tres carr\u00e9\u00a0 d&#8217;eau potable ainsi que des parkings.<\/p>\t\t\t\t\t\t\t\t<\/div>\n\t\t\t\t\t<\/div>\n\t\t<\/div>\n\t\t\t\t\t<\/div>\n\t\t<\/section>\n\t\t\t\t<section class=\"elementor-section elementor-top-section elementor-element elementor-element-2739b2f elementor-section-boxed elementor-section-height-default elementor-section-height-default\" data-id=\"2739b2f\" data-element_type=\"section\" data-e-type=\"section\">\n\t\t\t\t\t\t<div class=\"elementor-container elementor-column-gap-default\">\n\t\t\t\t\t<div class=\"elementor-column elementor-col-100 elementor-top-column elementor-element elementor-element-a381442\" data-id=\"a381442\" data-element_type=\"column\" data-e-type=\"column\">\n\t\t\t<div class=\"elementor-widget-wrap elementor-element-populated\">\n\t\t\t\t\t\t<div class=\"elementor-element elementor-element-1fba0cd elementor-arrows-position-inside elementor-pagination-position-outside elementor-widget elementor-widget-image-carousel\" data-id=\"1fba0cd\" data-element_type=\"widget\" data-e-type=\"widget\" data-settings=\"{&quot;slides_to_show&quot;:&quot;1&quot;,&quot;navigation&quot;:&quot;both&quot;,&quot;autoplay&quot;:&quot;yes&quot;,&quot;pause_on_hover&quot;:&quot;yes&quot;,&quot;pause_on_interaction&quot;:&quot;yes&quot;,&quot;autoplay_speed&quot;:5000,&quot;infinite&quot;:&quot;yes&quot;,&quot;effect&quot;:&quot;slide&quot;,&quot;speed&quot;:500}\" data-widget_type=\"image-carousel.default\">\n\t\t\t\t\t\t\t<div class=\"elementor-image-carousel-wrapper swiper\" role=\"region\" aria-roledescription=\"carousel\" aria-label=\"Image Carousel\" dir=\"ltr\">\n\t\t\t<div class=\"elementor-image-carousel swiper-wrapper\" aria-live=\"off\">\n\t\t\t\t\t\t\t\t<div class=\"swiper-slide\" role=\"group\" aria-roledescription=\"slide\" aria-label=\"1 of 8\"><figure class=\"swiper-slide-inner\"><img decoding=\"async\" class=\"swiper-slide-image\" src=\"https:\/\/ikar.dev\/bceco-v2\/wp-content\/uploads\/2023\/12\/Couverture-sante-universelle-en-marche-lex-Hopital-Mama-Yemo-Inaugure-1-80x80.jpg\" alt=\"Couverture sante\u0301 universelle en marche, l&#039;ex Ho\u0302pital Mama Yemo Inaugure\u0301 1\" \/><\/figure><\/div><div class=\"swiper-slide\" role=\"group\" aria-roledescription=\"slide\" aria-label=\"2 of 8\"><figure class=\"swiper-slide-inner\"><img decoding=\"async\" class=\"swiper-slide-image\" src=\"https:\/\/ikar.dev\/bceco-v2\/wp-content\/uploads\/2023\/12\/Couverture-sante-universelle-en-marche-lex-Hopital-Mama-Yemo-Inaugure-5-80x80.jpg\" alt=\"Couverture sante\u0301 universelle en marche, l&#039;ex Ho\u0302pital Mama Yemo Inaugure\u0301 5\" \/><\/figure><\/div><div class=\"swiper-slide\" role=\"group\" aria-roledescription=\"slide\" aria-label=\"3 of 8\"><figure class=\"swiper-slide-inner\"><img decoding=\"async\" class=\"swiper-slide-image\" src=\"https:\/\/ikar.dev\/bceco-v2\/wp-content\/uploads\/2023\/12\/Couverture-sante-universelle-en-marche-lex-Hopital-Mama-Yemo-Inaugure-9-80x80.jpg\" alt=\"Couverture sante\u0301 universelle en marche, l&#039;ex Ho\u0302pital Mama Yemo Inaugure\u0301 9\" \/><\/figure><\/div><div class=\"swiper-slide\" role=\"group\" aria-roledescription=\"slide\" aria-label=\"4 of 8\"><figure class=\"swiper-slide-inner\"><img decoding=\"async\" class=\"swiper-slide-image\" src=\"https:\/\/ikar.dev\/bceco-v2\/wp-content\/uploads\/2023\/12\/Couverture-sante-universelle-en-marche-lex-Hopital-Mama-Yemo-Inaugure-11-80x80.jpg\" alt=\"Couverture sante\u0301 universelle en marche, l&#039;ex Ho\u0302pital Mama Yemo Inaugure\u0301 11\" \/><\/figure><\/div><div class=\"swiper-slide\" role=\"group\" aria-roledescription=\"slide\" aria-label=\"5 of 8\"><figure class=\"swiper-slide-inner\"><img decoding=\"async\" class=\"swiper-slide-image\" src=\"https:\/\/ikar.dev\/bceco-v2\/wp-content\/uploads\/2023\/12\/Couverture-sante-universelle-en-marche-lex-Hopital-Mama-Yemo-Inaugure-10-80x80.jpg\" alt=\"Couverture sante\u0301 universelle en marche, l&#039;ex Ho\u0302pital Mama Yemo Inaugure\u0301 10\" \/><\/figure><\/div><div class=\"swiper-slide\" role=\"group\" aria-roledescription=\"slide\" aria-label=\"6 of 8\"><figure class=\"swiper-slide-inner\"><img decoding=\"async\" class=\"swiper-slide-image\" src=\"https:\/\/ikar.dev\/bceco-v2\/wp-content\/uploads\/2023\/12\/Couverture-sante-universelle-en-marche-lex-Hopital-Mama-Yemo-Inaugure-12-80x80.jpg\" alt=\"Couverture sante\u0301 universelle en marche, l&#039;ex Ho\u0302pital Mama Yemo Inaugure\u0301 12\" \/><\/figure><\/div><div class=\"swiper-slide\" role=\"group\" aria-roledescription=\"slide\" aria-label=\"7 of 8\"><figure class=\"swiper-slide-inner\"><img decoding=\"async\" class=\"swiper-slide-image\" src=\"https:\/\/ikar.dev\/bceco-v2\/wp-content\/uploads\/2023\/12\/Couverture-sante-universelle-en-marche-lex-Hopital-Mama-Yemo-Inaugure-6-80x80.jpg\" alt=\"Couverture sante\u0301 universelle en marche, l&#039;ex Ho\u0302pital Mama Yemo Inaugure\u0301 6\" \/><\/figure><\/div><div class=\"swiper-slide\" role=\"group\" aria-roledescription=\"slide\" aria-label=\"8 of 8\"><figure class=\"swiper-slide-inner\"><img decoding=\"async\" class=\"swiper-slide-image\" src=\"https:\/\/ikar.dev\/bceco-v2\/wp-content\/uploads\/2023\/12\/Couverture-sante-universelle-en-marche-lex-Hopital-Mama-Yemo-Inaugure-4-80x80.jpg\" alt=\"Couverture sante\u0301 universelle en marche, l&#039;ex Ho\u0302pital Mama Yemo Inaugure\u0301 4\" \/><\/figure><\/div>\t\t\t<\/div>\n\t\t\t\t\t\t\t\t\t\t\t\t<div class=\"elementor-swiper-button elementor-swiper-button-prev\" role=\"button\" tabindex=\"0\">\n\t\t\t\t\t\t<svg aria-hidden=\"true\" class=\"e-font-icon-svg e-eicon-chevron-left\" viewBox=\"0 0 1000 1000\" xmlns=\"http:\/\/www.w3.org\/2000\/svg\"><path d=\"M646 125C629 125 613 133 604 142L308 442C296 454 292 471 292 487 292 504 296 521 308 533L604 854C617 867 629 875 646 875 663 875 679 871 692 858 704 846 713 829 713 812 713 796 708 779 692 767L438 487 692 225C700 217 708 204 708 187 708 171 704 154 692 142 675 129 663 125 646 125Z\"><\/path><\/svg>\t\t\t\t\t<\/div>\n\t\t\t\t\t<div class=\"elementor-swiper-button elementor-swiper-button-next\" role=\"button\" tabindex=\"0\">\n\t\t\t\t\t\t<svg aria-hidden=\"true\" class=\"e-font-icon-svg e-eicon-chevron-right\" viewBox=\"0 0 1000 1000\" xmlns=\"http:\/\/www.w3.org\/2000\/svg\"><path d=\"M696 533C708 521 713 504 713 487 713 471 708 454 696 446L400 146C388 133 375 125 354 125 338 125 325 129 313 142 300 154 292 171 292 187 292 204 296 221 308 233L563 492 304 771C292 783 288 800 288 817 288 833 296 850 308 863 321 871 338 875 354 875 371 875 388 867 400 854L696 533Z\"><\/path><\/svg>\t\t\t\t\t<\/div>\n\t\t\t\t\n\t\t\t\t\t\t\t\t\t<div class=\"swiper-pagination\"><\/div>\n\t\t\t\t\t\t\t\t\t<\/div>\n\t\t\t\t\t\t<\/div>\n\t\t\t\t\t<\/div>\n\t\t<\/div>\n\t\t\t\t\t<\/div>\n\t\t<\/section>\n\t\t\t\t<section class=\"elementor-section elementor-top-section elementor-element elementor-element-5e8ee901 elementor-section-boxed elementor-section-height-default elementor-section-height-default\" data-id=\"5e8ee901\" data-element_type=\"section\" data-e-type=\"section\">\n\t\t\t\t\t\t<div class=\"elementor-container elementor-column-gap-default\">\n\t\t\t\t\t<div class=\"elementor-column elementor-col-100 elementor-top-column elementor-element elementor-element-35f821cd\" data-id=\"35f821cd\" data-element_type=\"column\" data-e-type=\"column\">\n\t\t\t<div class=\"elementor-widget-wrap elementor-element-populated\">\n\t\t\t\t\t\t<div class=\"elementor-element elementor-element-ed41654 elementor-widget elementor-widget-text-editor\" data-id=\"ed41654\" data-element_type=\"widget\" data-e-type=\"widget\" data-widget_type=\"text-editor.default\">\n\t\t\t\t\t\t\t\t\t<p style=\"text-align:justify;\">Le rez-de-chauss\u00e9e destin\u00e9 aux bureaux de l&#8217;administration et des consultations sp\u00e9cialis\u00e9es telles que la m\u00e9decine interne, la gyn\u00e9cologie- obst\u00e9trique,la chirurgie et la p\u00e9diatrie<\/p>\n<p>Le 1er\u00a0 \u00e9tage qui servira pour l&#8217;hospitalisation de la chirurgie et le bloc op\u00e9ratoire<\/p>\n<p style=\"text-align:justify;\">Le 2\u00e8me \u00e9tage consacr\u00e9 \u00e0 la gyn\u00e9cologie et la p\u00e9diatrie, le bloc op\u00e9ratoire pour maternit\u00e9 et salle d&#8217;accouchement<\/p>\n<p>Le 3\u00e8me \u00e9tage qui comprendra une unit\u00e9 d&#8217;hospitalisation<\/p>\n<p>Le 4 \u00e8me \u00e9tage pour les services VIP de l&#8217;hospitalisation de la m\u00e9decine interne et chirurgie<\/p>\n<p style=\"text-align:justify;\">La construction de l&#8217;h\u00f4pital du jour disposant d&#8217;un bloc technique pour dialyse, imagerie et urgences de 729m\u00e8tres carr\u00e9 de superficie<\/p>\n<p style=\"text-align:justify;\">La construction de la morgue de 590m\u00e8tres carr\u00e9 d&#8217;une capacit\u00e9 de 116corps comprenant la partie technique et la partie publique<\/p>\n<p>La r\u00e9habilitation du b\u00e2timent patrimoine (pavillon 1)<\/p>\n<p>L&#8217;assainissement du site<\/p>\n<p>L&#8217;am\u00e9nagement ext\u00e9rieur<\/p>\n<p>Sur le plan \u00e9nerg\u00e9tique :<\/p>\n<p>Le b\u00e2timent de l&#8217;h\u00f4pital du jour et les urgences dispose d&#8217;un groupe \u00e9lectrog\u00e8ne de 400Kva<\/p>\n<p>Le b\u00e2timent de l&#8217;hospitalisation a deux groupes \u00e9lectrog\u00e8nes de 400Kva chacun<\/p>\n<p>La morgue a \u00e9galement un groupe \u00e9lectrog\u00e8ne de 400Kva.<\/p>\n<p style=\"text-align:justify;\">Quant aux \u00e9quipements m\u00e9dicaux et non m\u00e9dicaux, il convient de citer un scanner de 168 coupes, des mat\u00e9riels de laboratoire et une usine de production de gaz m\u00e9dicaux install\u00e9e \u00e0 la cave pour produire l&#8217;oxyg\u00e8ne et l&#8217;air comprim\u00e9, dont la production journali\u00e8re est estim\u00e9e \u00e0 10m\u00e8tres cube.<\/p>\t\t\t\t\t\t\t\t<\/div>\n\t\t\t\t\t<\/div>\n\t\t<\/div>\n\t\t\t\t\t<\/div>\n\t\t<\/section>\n\t\t\t\t<section class=\"elementor-section elementor-top-section elementor-element elementor-element-c9990ef elementor-section-boxed elementor-section-height-default elementor-section-height-default\" data-id=\"c9990ef\" data-element_type=\"section\" data-e-type=\"section\">\n\t\t\t\t\t\t<div class=\"elementor-container elementor-column-gap-default\">\n\t\t\t\t\t<div class=\"elementor-column elementor-col-100 elementor-top-column elementor-element elementor-element-b5aeb7b\" data-id=\"b5aeb7b\" data-element_type=\"column\" data-e-type=\"column\">\n\t\t\t<div class=\"elementor-widget-wrap elementor-element-populated\">\n\t\t\t\t\t\t<div class=\"elementor-element elementor-element-8e4afb3 elementor-arrows-position-inside elementor-pagination-position-outside elementor-widget elementor-widget-image-carousel\" data-id=\"8e4afb3\" data-element_type=\"widget\" data-e-type=\"widget\" data-settings=\"{&quot;slides_to_show&quot;:&quot;1&quot;,&quot;navigation&quot;:&quot;both&quot;,&quot;autoplay&quot;:&quot;yes&quot;,&quot;pause_on_hover&quot;:&quot;yes&quot;,&quot;pause_on_interaction&quot;:&quot;yes&quot;,&quot;autoplay_speed&quot;:5000,&quot;infinite&quot;:&quot;yes&quot;,&quot;effect&quot;:&quot;slide&quot;,&quot;speed&quot;:500}\" data-widget_type=\"image-carousel.default\">\n\t\t\t\t\t\t\t<div class=\"elementor-image-carousel-wrapper swiper\" role=\"region\" aria-roledescription=\"carousel\" aria-label=\"Image Carousel\" dir=\"ltr\">\n\t\t\t<div class=\"elementor-image-carousel swiper-wrapper\" aria-live=\"off\">\n\t\t\t\t\t\t\t\t<div class=\"swiper-slide\" role=\"group\" aria-roledescription=\"slide\" aria-label=\"1 of 9\"><figure class=\"swiper-slide-inner\"><img decoding=\"async\" class=\"swiper-slide-image\" src=\"https:\/\/ikar.dev\/bceco-v2\/wp-content\/uploads\/2023\/12\/Couverture-sante-universelle-en-marche-lex-Hopital-Mama-Yemo-Inaugure-2-80x80.jpg\" alt=\"Couverture sante\u0301 universelle en marche, l&#039;ex Ho\u0302pital Mama Yemo Inaugure\u0301 2\" \/><\/figure><\/div><div class=\"swiper-slide\" role=\"group\" aria-roledescription=\"slide\" aria-label=\"2 of 9\"><figure class=\"swiper-slide-inner\"><img decoding=\"async\" class=\"swiper-slide-image\" src=\"https:\/\/ikar.dev\/bceco-v2\/wp-content\/uploads\/2023\/12\/Couverture-sante-universelle-en-marche-lex-Hopital-Mama-Yemo-Inaugure-7-80x80.jpg\" alt=\"Couverture sant\u00e9 universelle en marche, l&#039;ex H\u00f4pital Mama Yemo Inaugur\u00e9\" \/><\/figure><\/div><div class=\"swiper-slide\" role=\"group\" aria-roledescription=\"slide\" aria-label=\"3 of 9\"><figure class=\"swiper-slide-inner\"><img decoding=\"async\" class=\"swiper-slide-image\" src=\"https:\/\/ikar.dev\/bceco-v2\/wp-content\/uploads\/2023\/12\/Couverture-sante-universelle-en-marche-lex-Hopital-Mama-Yemo-Inaugure-3-80x80.jpg\" alt=\"Couverture sante\u0301 universelle en marche, l&#039;ex Ho\u0302pital Mama Yemo Inaugure\u0301 3\" \/><\/figure><\/div><div class=\"swiper-slide\" role=\"group\" aria-roledescription=\"slide\" aria-label=\"4 of 9\"><figure class=\"swiper-slide-inner\"><img decoding=\"async\" class=\"swiper-slide-image\" src=\"https:\/\/ikar.dev\/bceco-v2\/wp-content\/uploads\/2023\/12\/Couverture-sante-universelle-en-marche-lex-Hopital-Mama-Yemo-Inaugure-15-80x80.jpg\" alt=\"Couverture sante\u0301 universelle en marche, l&#039;ex Ho\u0302pital Mama Yemo Inaugure\u0301 15\" \/><\/figure><\/div><div class=\"swiper-slide\" role=\"group\" aria-roledescription=\"slide\" aria-label=\"5 of 9\"><figure class=\"swiper-slide-inner\"><img decoding=\"async\" class=\"swiper-slide-image\" src=\"https:\/\/ikar.dev\/bceco-v2\/wp-content\/uploads\/2023\/12\/Couverture-sante-universelle-en-marche-lex-Hopital-Mama-Yemo-Inaugure-18-80x80.jpg\" alt=\"Couverture sante\u0301 universelle en marche, l&#039;ex Ho\u0302pital Mama Yemo Inaugure\u0301 18\" \/><\/figure><\/div><div class=\"swiper-slide\" role=\"group\" aria-roledescription=\"slide\" aria-label=\"6 of 9\"><figure class=\"swiper-slide-inner\"><img decoding=\"async\" class=\"swiper-slide-image\" src=\"https:\/\/ikar.dev\/bceco-v2\/wp-content\/uploads\/2023\/12\/Couverture-sante-universelle-en-marche-lex-Hopital-Mama-Yemo-Inaugure-13-80x80.jpg\" alt=\"Couverture sante\u0301 universelle en marche, l&#039;ex Ho\u0302pital Mama Yemo Inaugure\u0301 13\" \/><\/figure><\/div><div class=\"swiper-slide\" role=\"group\" aria-roledescription=\"slide\" aria-label=\"7 of 9\"><figure class=\"swiper-slide-inner\"><img decoding=\"async\" class=\"swiper-slide-image\" src=\"https:\/\/ikar.dev\/bceco-v2\/wp-content\/uploads\/2023\/12\/Couverture-sante-universelle-en-marche-lex-Hopital-Mama-Yemo-Inaugure-17-80x80.jpg\" alt=\"Couverture sante\u0301 universelle en marche, l&#039;ex Ho\u0302pital Mama Yemo Inaugure\u0301 17\" \/><\/figure><\/div><div class=\"swiper-slide\" role=\"group\" aria-roledescription=\"slide\" aria-label=\"8 of 9\"><figure class=\"swiper-slide-inner\"><img decoding=\"async\" class=\"swiper-slide-image\" src=\"https:\/\/ikar.dev\/bceco-v2\/wp-content\/uploads\/2023\/12\/Couverture-sante-universelle-en-marche-lex-Hopital-Mama-Yemo-Inaugure-16-80x80.jpg\" alt=\"Couverture sante\u0301 universelle en marche, l&#039;ex Ho\u0302pital Mama Yemo Inaugure\u0301 16\" \/><\/figure><\/div><div class=\"swiper-slide\" role=\"group\" aria-roledescription=\"slide\" aria-label=\"9 of 9\"><figure class=\"swiper-slide-inner\"><img decoding=\"async\" class=\"swiper-slide-image\" src=\"https:\/\/ikar.dev\/bceco-v2\/wp-content\/uploads\/2023\/12\/Couverture-sante-universelle-en-marche-lex-Hopital-Mama-Yemo-Inaugure-14-80x80.jpg\" alt=\"Couverture sante\u0301 universelle en marche, l&#039;ex Ho\u0302pital Mama Yemo Inaugure\u0301 14\" \/><\/figure><\/div>\t\t\t<\/div>\n\t\t\t\t\t\t\t\t\t\t\t\t<div class=\"elementor-swiper-button elementor-swiper-button-prev\" role=\"button\" tabindex=\"0\">\n\t\t\t\t\t\t<svg aria-hidden=\"true\" class=\"e-font-icon-svg e-eicon-chevron-left\" viewBox=\"0 0 1000 1000\" xmlns=\"http:\/\/www.w3.org\/2000\/svg\"><path d=\"M646 125C629 125 613 133 604 142L308 442C296 454 292 471 292 487 292 504 296 521 308 533L604 854C617 867 629 875 646 875 663 875 679 871 692 858 704 846 713 829 713 812 713 796 708 779 692 767L438 487 692 225C700 217 708 204 708 187 708 171 704 154 692 142 675 129 663 125 646 125Z\"><\/path><\/svg>\t\t\t\t\t<\/div>\n\t\t\t\t\t<div class=\"elementor-swiper-button elementor-swiper-button-next\" role=\"button\" tabindex=\"0\">\n\t\t\t\t\t\t<svg aria-hidden=\"true\" class=\"e-font-icon-svg e-eicon-chevron-right\" viewBox=\"0 0 1000 1000\" xmlns=\"http:\/\/www.w3.org\/2000\/svg\"><path d=\"M696 533C708 521 713 504 713 487 713 471 708 454 696 446L400 146C388 133 375 125 354 125 338 125 325 129 313 142 300 154 292 171 292 187 292 204 296 221 308 233L563 492 304 771C292 783 288 800 288 817 288 833 296 850 308 863 321 871 338 875 354 875 371 875 388 867 400 854L696 533Z\"><\/path><\/svg>\t\t\t\t\t<\/div>\n\t\t\t\t\n\t\t\t\t\t\t\t\t\t<div class=\"swiper-pagination\"><\/div>\n\t\t\t\t\t\t\t\t\t<\/div>\n\t\t\t\t\t\t<\/div>\n\t\t\t\t\t<\/div>\n\t\t<\/div>\n\t\t\t\t\t<\/div>\n\t\t<\/section>\n\t\t\t\t<section class=\"elementor-section elementor-top-section elementor-element elementor-element-7813815 elementor-section-boxed elementor-section-height-default elementor-section-height-default\" data-id=\"7813815\" data-element_type=\"section\" data-e-type=\"section\">\n\t\t\t\t\t\t<div class=\"elementor-container elementor-column-gap-default\">\n\t\t\t\t\t<div class=\"elementor-column elementor-col-100 elementor-top-column elementor-element elementor-element-6a1edf1\" data-id=\"6a1edf1\" data-element_type=\"column\" data-e-type=\"column\">\n\t\t\t<div class=\"elementor-widget-wrap elementor-element-populated\">\n\t\t\t\t\t\t<div class=\"elementor-element elementor-element-428e8ab elementor-widget elementor-widget-text-editor\" data-id=\"428e8ab\" data-element_type=\"widget\" data-e-type=\"widget\" data-widget_type=\"text-editor.default\">\n\t\t\t\t\t\t\t\t\t<p style=\"text-align:justify;\">Pour sa part le m\u00e9decin directeur de cette institution hospitali\u00e8re : le nouvel h\u00f4pital se veut un centre hospitalier qui accueille les gens de toutes les bourses, l&#8217;occasion\u00a0 faisant le larron il a plaid\u00e9 pour la reconnaissance des anciens personnels afin qu&#8217;ils puissent \u00eatre d\u00e9corer, avant du chuter sur les \u00e9loges vou\u00e9s au bceco particuli\u00e8rement et\u00a0\u00a0 remercier le Pr\u00e9sident de la R\u00e9publique son Excellence Monsieur Felix Antoine Tshisekedi Tshilombo pour la transformation de l&#8217;Ex Maman en un h\u00f4pital moderne.\u00a0 Par ailleurs Le Docteur Divengi a \u00e9galement retrac\u00e9 le parcours de cette institution de Sant\u00e9\u00a0 vieille de plus de 110ans.<\/p>\n<p style=\"text-align:justify;\">Il faut noter qu&#8217;il\u00a0 a fallu deux bonnes ann\u00e9es au bureau central de coordination, le Bceco, pour mener \u00e0 bon port cette premi\u00e8re phase du projet et sortir des cendres de l&#8217;ex mama yemo 3 joyaux qui feront sans nul doute la fiert\u00e9 du syst\u00e8me sanitaire congolais en l&#8217;occurrence, les Urgences et l&#8217;Hopital du jour le b\u00e2timent d&#8217;hospitalisation et la morgue. A ce stade l&#8217;heure est au relogement des malades afin de permettre au Bceco de poursuivre la 2eme et la 3eme phases dont les travaux sont d\u00e9j\u00e0 en cours. Le Bceco qui s&#8217;impose aujourd&#8217;hui comme une v\u00e9ritable agence de d\u00e9veloppement se veut \u00e9galement un partenaire du gouvernement congolais dans la mat\u00e9rialisation de diff\u00e9rents projets.<\/p>\t\t\t\t\t\t\t\t<\/div>\n\t\t\t\t\t<\/div>\n\t\t<\/div>\n\t\t\t\t\t<\/div>\n\t\t<\/section>\n\t\t\t\t<section class=\"elementor-section elementor-top-section elementor-element elementor-element-8f372e8 elementor-section-boxed elementor-section-height-default elementor-section-height-default\" data-id=\"8f372e8\" data-element_type=\"section\" data-e-type=\"section\">\n\t\t\t\t\t\t<div class=\"elementor-container elementor-column-gap-default\">\n\t\t\t\t\t<div class=\"elementor-column elementor-col-100 elementor-top-column elementor-element elementor-element-0ac52ec\" data-id=\"0ac52ec\" data-element_type=\"column\" data-e-type=\"column\">\n\t\t\t<div class=\"elementor-widget-wrap elementor-element-populated\">\n\t\t\t\t\t\t<div class=\"elementor-element elementor-element-707e06b elementor-widget elementor-widget-video\" data-id=\"707e06b\" data-element_type=\"widget\" data-e-type=\"widget\" data-settings=\"{&quot;youtube_url&quot;:&quot;https:\\\/\\\/www.youtube.com\\\/watch?v=gGGxYuQWdeU&quot;,&quot;video_type&quot;:&quot;youtube&quot;,&quot;controls&quot;:&quot;yes&quot;}\" data-widget_type=\"video.default\">\n\t\t\t\t\t\t\t<div class=\"elementor-wrapper elementor-open-inline\">\n\t\t\t<div class=\"elementor-video\"><\/div>\t\t<\/div>\n\t\t\t\t\t\t<\/div>\n\t\t\t\t\t<\/div>\n\t\t<\/div>\n\t\t\t\t\t<\/div>\n\t\t<\/section>\n\t\t\t\t<\/div>\n\t\t","protected":false},"excerpt":{"rendered":"<p>C&#8217;est fait la premi\u00e8re phase des travaux de l&#8217;H\u00f4pital G\u00e9n\u00e9ral de R\u00e9f\u00e9rence de Kinshasa ex Mama Yemo&nbsp; sont achev\u00e9s et l&#8217;ouvrage remis aux b\u00e9n\u00e9ficiaires. ce mardi 19 d\u00e9cembre 2023&nbsp; reste une date \u00e0 jamais grav\u00e9e dans les annales de&nbsp; cet H\u00f4pital&nbsp; rebaptis\u00e9 Centre Hospitalier&nbsp; Universitaire Renaissance. En effet , le Pr\u00e9sident de la R\u00e9publique F\u00e9lix<\/p>\n","protected":false},"author":1,"featured_media":32288,"comment_status":"open","ping_status":"open","sticky":false,"template":"","format":"standard","meta":{"footnotes":""},"categories":[69],"tags":[],"class_list":["post-32273","post","type-post","status-publish","format-standard","has-post-thumbnail","hentry","category-actualites"],"yoast_head":"<!-- This site is optimized with the Yoast SEO plugin v27.0 - https:\/\/yoast.com\/product\/yoast-seo-wordpress\/ -->\n<title>RDC: Couverture sant\u00e9 universelle en marche, l&#039;ex H\u00f4pital Mama Yemo Inaugur\u00e9 ! - Bureau Central de Coordination<\/title>\n<meta name=\"description\" content=\"C&#039;est fait la premi\u00e8re phase des travaux de l&#039;H\u00f4pital G\u00e9n\u00e9ral de R\u00e9f\u00e9rence de Kinshasa ex Mama Yemo sont achev\u00e9s et l&#039;ouvrage remis aux b\u00e9n\u00e9ficiaires.\" \/>\n<meta name=\"robots\" content=\"index, follow, max-snippet:-1, max-image-preview:large, max-video-preview:-1\" \/>\n<link rel=\"canonical\" href=\"https:\/\/ikar.dev\/bceco-v2\/rdc-couverture-sante-universelle-en-marche-lex-hopital-mama-yemo-inaugure\/\" \/>\n<meta property=\"og:locale\" content=\"en_US\" \/>\n<meta property=\"og:type\" content=\"article\" \/>\n<meta property=\"og:title\" content=\"RDC: Couverture sant\u00e9 universelle en marche, l&#039;ex H\u00f4pital Mama Yemo Inaugur\u00e9 ! - Bureau Central de Coordination\" \/>\n<meta property=\"og:description\" content=\"C&#039;est fait la premi\u00e8re phase des travaux de l&#039;H\u00f4pital G\u00e9n\u00e9ral de R\u00e9f\u00e9rence de Kinshasa ex Mama Yemo sont achev\u00e9s et l&#039;ouvrage remis aux b\u00e9n\u00e9ficiaires.\" \/>\n<meta property=\"og:url\" content=\"https:\/\/ikar.dev\/bceco-v2\/rdc-couverture-sante-universelle-en-marche-lex-hopital-mama-yemo-inaugure\/\" \/>\n<meta property=\"og:site_name\" content=\"Bureau Central de Coordination\" \/>\n<meta property=\"article:publisher\" content=\"https:\/\/www.facebook.com\/BCeCoRDC\" \/>\n<meta property=\"article:published_time\" content=\"2023-12-19T12:42:00+00:00\" \/>\n<meta property=\"article:modified_time\" content=\"2025-12-23T16:23:38+00:00\" \/>\n<meta property=\"og:image\" content=\"https:\/\/ikar.dev\/bceco-v2\/wp-content\/uploads\/2023\/12\/Couverture-sante-universelle-en-marche-lex-Hopital-Mama-Yemo-Inaugure-7.jpg\" \/>\n\t<meta property=\"og:image:width\" content=\"1500\" \/>\n\t<meta property=\"og:image:height\" content=\"1000\" \/>\n\t<meta property=\"og:image:type\" content=\"image\/jpeg\" \/>\n<meta name=\"author\" content=\"bceco\" \/>\n<meta name=\"twitter:card\" content=\"summary_large_image\" \/>\n<meta name=\"twitter:creator\" content=\"@BCeCoRDC\" \/>\n<meta name=\"twitter:site\" content=\"@BCeCoRDC\" \/>\n<meta name=\"twitter:label1\" content=\"Written by\" \/>\n\t<meta name=\"twitter:data1\" content=\"bceco\" \/>\n\t<meta name=\"twitter:label2\" content=\"Est. reading time\" \/>\n\t<meta name=\"twitter:data2\" content=\"7 minutes\" \/>\n<script type=\"application\/ld+json\" class=\"yoast-schema-graph\">{\"@context\":\"https:\/\/schema.org\",\"@graph\":[{\"@type\":\"Article\",\"@id\":\"https:\/\/ikar.dev\/bceco-v2\/rdc-couverture-sante-universelle-en-marche-lex-hopital-mama-yemo-inaugure\/#article\",\"isPartOf\":{\"@id\":\"https:\/\/ikar.dev\/bceco-v2\/rdc-couverture-sante-universelle-en-marche-lex-hopital-mama-yemo-inaugure\/\"},\"author\":{\"name\":\"bceco\",\"@id\":\"https:\/\/ikar.dev\/bceco-v2\/#\/schema\/person\/6ee74807ffb016a78852fec6a295d503\"},\"headline\":\"RDC: Couverture sant\u00e9 universelle en marche, l&#8217;ex H\u00f4pital Mama Yemo Inaugur\u00e9 !\",\"datePublished\":\"2023-12-19T12:42:00+00:00\",\"dateModified\":\"2025-12-23T16:23:38+00:00\",\"mainEntityOfPage\":{\"@id\":\"https:\/\/ikar.dev\/bceco-v2\/rdc-couverture-sante-universelle-en-marche-lex-hopital-mama-yemo-inaugure\/\"},\"wordCount\":833,\"commentCount\":0,\"publisher\":{\"@id\":\"https:\/\/ikar.dev\/bceco-v2\/#organization\"},\"image\":{\"@id\":\"https:\/\/ikar.dev\/bceco-v2\/rdc-couverture-sante-universelle-en-marche-lex-hopital-mama-yemo-inaugure\/#primaryimage\"},\"thumbnailUrl\":\"https:\/\/ikar.dev\/bceco-v2\/wp-content\/uploads\/2023\/12\/Couverture-sante-universelle-en-marche-lex-Hopital-Mama-Yemo-Inaugure-7.jpg\",\"articleSection\":[\"Actualit\u00e9s\"],\"inLanguage\":\"en-US\",\"potentialAction\":[{\"@type\":\"CommentAction\",\"name\":\"Comment\",\"target\":[\"https:\/\/ikar.dev\/bceco-v2\/rdc-couverture-sante-universelle-en-marche-lex-hopital-mama-yemo-inaugure\/#respond\"]}]},{\"@type\":\"WebPage\",\"@id\":\"https:\/\/ikar.dev\/bceco-v2\/rdc-couverture-sante-universelle-en-marche-lex-hopital-mama-yemo-inaugure\/\",\"url\":\"https:\/\/ikar.dev\/bceco-v2\/rdc-couverture-sante-universelle-en-marche-lex-hopital-mama-yemo-inaugure\/\",\"name\":\"RDC: Couverture sant\u00e9 universelle en marche, l'ex H\u00f4pital Mama Yemo Inaugur\u00e9 ! - Bureau Central de Coordination\",\"isPartOf\":{\"@id\":\"https:\/\/ikar.dev\/bceco-v2\/#website\"},\"primaryImageOfPage\":{\"@id\":\"https:\/\/ikar.dev\/bceco-v2\/rdc-couverture-sante-universelle-en-marche-lex-hopital-mama-yemo-inaugure\/#primaryimage\"},\"image\":{\"@id\":\"https:\/\/ikar.dev\/bceco-v2\/rdc-couverture-sante-universelle-en-marche-lex-hopital-mama-yemo-inaugure\/#primaryimage\"},\"thumbnailUrl\":\"https:\/\/ikar.dev\/bceco-v2\/wp-content\/uploads\/2023\/12\/Couverture-sante-universelle-en-marche-lex-Hopital-Mama-Yemo-Inaugure-7.jpg\",\"datePublished\":\"2023-12-19T12:42:00+00:00\",\"dateModified\":\"2025-12-23T16:23:38+00:00\",\"description\":\"C'est fait la premi\u00e8re phase des travaux de l'H\u00f4pital G\u00e9n\u00e9ral de R\u00e9f\u00e9rence de Kinshasa ex Mama Yemo sont achev\u00e9s et l'ouvrage remis aux b\u00e9n\u00e9ficiaires.\",\"breadcrumb\":{\"@id\":\"https:\/\/ikar.dev\/bceco-v2\/rdc-couverture-sante-universelle-en-marche-lex-hopital-mama-yemo-inaugure\/#breadcrumb\"},\"inLanguage\":\"en-US\",\"potentialAction\":[{\"@type\":\"ReadAction\",\"target\":[\"https:\/\/ikar.dev\/bceco-v2\/rdc-couverture-sante-universelle-en-marche-lex-hopital-mama-yemo-inaugure\/\"]}]},{\"@type\":\"ImageObject\",\"inLanguage\":\"en-US\",\"@id\":\"https:\/\/ikar.dev\/bceco-v2\/rdc-couverture-sante-universelle-en-marche-lex-hopital-mama-yemo-inaugure\/#primaryimage\",\"url\":\"https:\/\/ikar.dev\/bceco-v2\/wp-content\/uploads\/2023\/12\/Couverture-sante-universelle-en-marche-lex-Hopital-Mama-Yemo-Inaugure-7.jpg\",\"contentUrl\":\"https:\/\/ikar.dev\/bceco-v2\/wp-content\/uploads\/2023\/12\/Couverture-sante-universelle-en-marche-lex-Hopital-Mama-Yemo-Inaugure-7.jpg\",\"width\":1500,\"height\":1000,\"caption\":\"Couverture sant\u00e9 universelle en marche, l'ex H\u00f4pital Mama Yemo Inaugur\u00e9\"},{\"@type\":\"BreadcrumbList\",\"@id\":\"https:\/\/ikar.dev\/bceco-v2\/rdc-couverture-sante-universelle-en-marche-lex-hopital-mama-yemo-inaugure\/#breadcrumb\",\"itemListElement\":[{\"@type\":\"ListItem\",\"position\":1,\"name\":\"Accueil\",\"item\":\"https:\/\/ikar.dev\/bceco-v2\/\"},{\"@type\":\"ListItem\",\"position\":2,\"name\":\"RDC: Couverture sant\u00e9 universelle en marche, l&rsquo;ex H\u00f4pital Mama Yemo Inaugur\u00e9 !\"}]},{\"@type\":\"WebSite\",\"@id\":\"https:\/\/ikar.dev\/bceco-v2\/#website\",\"url\":\"https:\/\/ikar.dev\/bceco-v2\/\",\"name\":\"Bureau Central de Coordination\",\"description\":\"B.Ce.Co \u2013 Au c\u0153ur de l\u2019ex\u00e9cution des projets de d\u00e9veloppement en RDC\",\"publisher\":{\"@id\":\"https:\/\/ikar.dev\/bceco-v2\/#organization\"},\"potentialAction\":[{\"@type\":\"SearchAction\",\"target\":{\"@type\":\"EntryPoint\",\"urlTemplate\":\"https:\/\/ikar.dev\/bceco-v2\/?s={search_term_string}\"},\"query-input\":{\"@type\":\"PropertyValueSpecification\",\"valueRequired\":true,\"valueName\":\"search_term_string\"}}],\"inLanguage\":\"en-US\"},{\"@type\":\"Organization\",\"@id\":\"https:\/\/ikar.dev\/bceco-v2\/#organization\",\"name\":\"Bureau Central de Coordination\",\"url\":\"https:\/\/ikar.dev\/bceco-v2\/\",\"logo\":{\"@type\":\"ImageObject\",\"inLanguage\":\"en-US\",\"@id\":\"https:\/\/ikar.dev\/bceco-v2\/#\/schema\/logo\/image\/\",\"url\":\"https:\/\/ikar.dev\/bceco-v2\/wp-content\/uploads\/2025\/12\/BCECO-Bureau-Central-de-Coordination.jpg\",\"contentUrl\":\"https:\/\/ikar.dev\/bceco-v2\/wp-content\/uploads\/2025\/12\/BCECO-Bureau-Central-de-Coordination.jpg\",\"width\":2048,\"height\":2048,\"caption\":\"Bureau Central de Coordination\"},\"image\":{\"@id\":\"https:\/\/ikar.dev\/bceco-v2\/#\/schema\/logo\/image\/\"},\"sameAs\":[\"https:\/\/www.facebook.com\/BCeCoRDC\",\"https:\/\/x.com\/BCeCoRDC\"]},{\"@type\":\"Person\",\"@id\":\"https:\/\/ikar.dev\/bceco-v2\/#\/schema\/person\/6ee74807ffb016a78852fec6a295d503\",\"name\":\"bceco\",\"image\":{\"@type\":\"ImageObject\",\"inLanguage\":\"en-US\",\"@id\":\"https:\/\/ikar.dev\/bceco-v2\/#\/schema\/person\/image\/\",\"url\":\"https:\/\/secure.gravatar.com\/avatar\/55c07e1707f50774ef3c842c9d074773a6b558a20fbd1608c8e4871bc88f3455?s=96&d=mm&r=g\",\"contentUrl\":\"https:\/\/secure.gravatar.com\/avatar\/55c07e1707f50774ef3c842c9d074773a6b558a20fbd1608c8e4871bc88f3455?s=96&d=mm&r=g\",\"caption\":\"bceco\"},\"sameAs\":[\"https:\/\/ikar.dev\/bceco-v2\"],\"url\":\"https:\/\/ikar.dev\/bceco-v2\/author\/bceco\/\"}]}<\/script>\n<!-- \/ Yoast SEO plugin. -->","yoast_head_json":{"title":"RDC: Couverture sant\u00e9 universelle en marche, l'ex H\u00f4pital Mama Yemo Inaugur\u00e9 ! - Bureau Central de Coordination","description":"C'est fait la premi\u00e8re phase des travaux de l'H\u00f4pital G\u00e9n\u00e9ral de R\u00e9f\u00e9rence de Kinshasa ex Mama Yemo sont achev\u00e9s et l'ouvrage remis aux b\u00e9n\u00e9ficiaires.","robots":{"index":"index","follow":"follow","max-snippet":"max-snippet:-1","max-image-preview":"max-image-preview:large","max-video-preview":"max-video-preview:-1"},"canonical":"https:\/\/ikar.dev\/bceco-v2\/rdc-couverture-sante-universelle-en-marche-lex-hopital-mama-yemo-inaugure\/","og_locale":"en_US","og_type":"article","og_title":"RDC: Couverture sant\u00e9 universelle en marche, l'ex H\u00f4pital Mama Yemo Inaugur\u00e9 ! - Bureau Central de Coordination","og_description":"C'est fait la premi\u00e8re phase des travaux de l'H\u00f4pital G\u00e9n\u00e9ral de R\u00e9f\u00e9rence de Kinshasa ex Mama Yemo sont achev\u00e9s et l'ouvrage remis aux b\u00e9n\u00e9ficiaires.","og_url":"https:\/\/ikar.dev\/bceco-v2\/rdc-couverture-sante-universelle-en-marche-lex-hopital-mama-yemo-inaugure\/","og_site_name":"Bureau Central de Coordination","article_publisher":"https:\/\/www.facebook.com\/BCeCoRDC","article_published_time":"2023-12-19T12:42:00+00:00","article_modified_time":"2025-12-23T16:23:38+00:00","og_image":[{"width":1500,"height":1000,"url":"https:\/\/ikar.dev\/bceco-v2\/wp-content\/uploads\/2023\/12\/Couverture-sante-universelle-en-marche-lex-Hopital-Mama-Yemo-Inaugure-7.jpg","type":"image\/jpeg"}],"author":"bceco","twitter_card":"summary_large_image","twitter_creator":"@BCeCoRDC","twitter_site":"@BCeCoRDC","twitter_misc":{"Written by":"bceco","Est. reading time":"7 minutes"},"schema":{"@context":"https:\/\/schema.org","@graph":[{"@type":"Article","@id":"https:\/\/ikar.dev\/bceco-v2\/rdc-couverture-sante-universelle-en-marche-lex-hopital-mama-yemo-inaugure\/#article","isPartOf":{"@id":"https:\/\/ikar.dev\/bceco-v2\/rdc-couverture-sante-universelle-en-marche-lex-hopital-mama-yemo-inaugure\/"},"author":{"name":"bceco","@id":"https:\/\/ikar.dev\/bceco-v2\/#\/schema\/person\/6ee74807ffb016a78852fec6a295d503"},"headline":"RDC: Couverture sant\u00e9 universelle en marche, l&#8217;ex H\u00f4pital Mama Yemo Inaugur\u00e9 !","datePublished":"2023-12-19T12:42:00+00:00","dateModified":"2025-12-23T16:23:38+00:00","mainEntityOfPage":{"@id":"https:\/\/ikar.dev\/bceco-v2\/rdc-couverture-sante-universelle-en-marche-lex-hopital-mama-yemo-inaugure\/"},"wordCount":833,"commentCount":0,"publisher":{"@id":"https:\/\/ikar.dev\/bceco-v2\/#organization"},"image":{"@id":"https:\/\/ikar.dev\/bceco-v2\/rdc-couverture-sante-universelle-en-marche-lex-hopital-mama-yemo-inaugure\/#primaryimage"},"thumbnailUrl":"https:\/\/ikar.dev\/bceco-v2\/wp-content\/uploads\/2023\/12\/Couverture-sante-universelle-en-marche-lex-Hopital-Mama-Yemo-Inaugure-7.jpg","articleSection":["Actualit\u00e9s"],"inLanguage":"en-US","potentialAction":[{"@type":"CommentAction","name":"Comment","target":["https:\/\/ikar.dev\/bceco-v2\/rdc-couverture-sante-universelle-en-marche-lex-hopital-mama-yemo-inaugure\/#respond"]}]},{"@type":"WebPage","@id":"https:\/\/ikar.dev\/bceco-v2\/rdc-couverture-sante-universelle-en-marche-lex-hopital-mama-yemo-inaugure\/","url":"https:\/\/ikar.dev\/bceco-v2\/rdc-couverture-sante-universelle-en-marche-lex-hopital-mama-yemo-inaugure\/","name":"RDC: Couverture sant\u00e9 universelle en marche, l'ex H\u00f4pital Mama Yemo Inaugur\u00e9 ! - Bureau Central de Coordination","isPartOf":{"@id":"https:\/\/ikar.dev\/bceco-v2\/#website"},"primaryImageOfPage":{"@id":"https:\/\/ikar.dev\/bceco-v2\/rdc-couverture-sante-universelle-en-marche-lex-hopital-mama-yemo-inaugure\/#primaryimage"},"image":{"@id":"https:\/\/ikar.dev\/bceco-v2\/rdc-couverture-sante-universelle-en-marche-lex-hopital-mama-yemo-inaugure\/#primaryimage"},"thumbnailUrl":"https:\/\/ikar.dev\/bceco-v2\/wp-content\/uploads\/2023\/12\/Couverture-sante-universelle-en-marche-lex-Hopital-Mama-Yemo-Inaugure-7.jpg","datePublished":"2023-12-19T12:42:00+00:00","dateModified":"2025-12-23T16:23:38+00:00","description":"C'est fait la premi\u00e8re phase des travaux de l'H\u00f4pital G\u00e9n\u00e9ral de R\u00e9f\u00e9rence de Kinshasa ex Mama Yemo sont achev\u00e9s et l'ouvrage remis aux b\u00e9n\u00e9ficiaires.","breadcrumb":{"@id":"https:\/\/ikar.dev\/bceco-v2\/rdc-couverture-sante-universelle-en-marche-lex-hopital-mama-yemo-inaugure\/#breadcrumb"},"inLanguage":"en-US","potentialAction":[{"@type":"ReadAction","target":["https:\/\/ikar.dev\/bceco-v2\/rdc-couverture-sante-universelle-en-marche-lex-hopital-mama-yemo-inaugure\/"]}]},{"@type":"ImageObject","inLanguage":"en-US","@id":"https:\/\/ikar.dev\/bceco-v2\/rdc-couverture-sante-universelle-en-marche-lex-hopital-mama-yemo-inaugure\/#primaryimage","url":"https:\/\/ikar.dev\/bceco-v2\/wp-content\/uploads\/2023\/12\/Couverture-sante-universelle-en-marche-lex-Hopital-Mama-Yemo-Inaugure-7.jpg","contentUrl":"https:\/\/ikar.dev\/bceco-v2\/wp-content\/uploads\/2023\/12\/Couverture-sante-universelle-en-marche-lex-Hopital-Mama-Yemo-Inaugure-7.jpg","width":1500,"height":1000,"caption":"Couverture sant\u00e9 universelle en marche, l'ex H\u00f4pital Mama Yemo Inaugur\u00e9"},{"@type":"BreadcrumbList","@id":"https:\/\/ikar.dev\/bceco-v2\/rdc-couverture-sante-universelle-en-marche-lex-hopital-mama-yemo-inaugure\/#breadcrumb","itemListElement":[{"@type":"ListItem","position":1,"name":"Accueil","item":"https:\/\/ikar.dev\/bceco-v2\/"},{"@type":"ListItem","position":2,"name":"RDC: Couverture sant\u00e9 universelle en marche, l&rsquo;ex H\u00f4pital Mama Yemo Inaugur\u00e9 !"}]},{"@type":"WebSite","@id":"https:\/\/ikar.dev\/bceco-v2\/#website","url":"https:\/\/ikar.dev\/bceco-v2\/","name":"Bureau Central de Coordination","description":"B.Ce.Co \u2013 Au c\u0153ur de l\u2019ex\u00e9cution des projets de d\u00e9veloppement en RDC","publisher":{"@id":"https:\/\/ikar.dev\/bceco-v2\/#organization"},"potentialAction":[{"@type":"SearchAction","target":{"@type":"EntryPoint","urlTemplate":"https:\/\/ikar.dev\/bceco-v2\/?s={search_term_string}"},"query-input":{"@type":"PropertyValueSpecification","valueRequired":true,"valueName":"search_term_string"}}],"inLanguage":"en-US"},{"@type":"Organization","@id":"https:\/\/ikar.dev\/bceco-v2\/#organization","name":"Bureau Central de Coordination","url":"https:\/\/ikar.dev\/bceco-v2\/","logo":{"@type":"ImageObject","inLanguage":"en-US","@id":"https:\/\/ikar.dev\/bceco-v2\/#\/schema\/logo\/image\/","url":"https:\/\/ikar.dev\/bceco-v2\/wp-content\/uploads\/2025\/12\/BCECO-Bureau-Central-de-Coordination.jpg","contentUrl":"https:\/\/ikar.dev\/bceco-v2\/wp-content\/uploads\/2025\/12\/BCECO-Bureau-Central-de-Coordination.jpg","width":2048,"height":2048,"caption":"Bureau Central de Coordination"},"image":{"@id":"https:\/\/ikar.dev\/bceco-v2\/#\/schema\/logo\/image\/"},"sameAs":["https:\/\/www.facebook.com\/BCeCoRDC","https:\/\/x.com\/BCeCoRDC"]},{"@type":"Person","@id":"https:\/\/ikar.dev\/bceco-v2\/#\/schema\/person\/6ee74807ffb016a78852fec6a295d503","name":"bceco","image":{"@type":"ImageObject","inLanguage":"en-US","@id":"https:\/\/ikar.dev\/bceco-v2\/#\/schema\/person\/image\/","url":"https:\/\/secure.gravatar.com\/avatar\/55c07e1707f50774ef3c842c9d074773a6b558a20fbd1608c8e4871bc88f3455?s=96&d=mm&r=g","contentUrl":"https:\/\/secure.gravatar.com\/avatar\/55c07e1707f50774ef3c842c9d074773a6b558a20fbd1608c8e4871bc88f3455?s=96&d=mm&r=g","caption":"bceco"},"sameAs":["https:\/\/ikar.dev\/bceco-v2"],"url":"https:\/\/ikar.dev\/bceco-v2\/author\/bceco\/"}]}},"_links":{"self":[{"href":"https:\/\/ikar.dev\/bceco-v2\/wp-json\/wp\/v2\/posts\/32273","targetHints":{"allow":["GET"]}}],"collection":[{"href":"https:\/\/ikar.dev\/bceco-v2\/wp-json\/wp\/v2\/posts"}],"about":[{"href":"https:\/\/ikar.dev\/bceco-v2\/wp-json\/wp\/v2\/types\/post"}],"author":[{"embeddable":true,"href":"https:\/\/ikar.dev\/bceco-v2\/wp-json\/wp\/v2\/users\/1"}],"replies":[{"embeddable":true,"href":"https:\/\/ikar.dev\/bceco-v2\/wp-json\/wp\/v2\/comments?post=32273"}],"version-history":[{"count":1,"href":"https:\/\/ikar.dev\/bceco-v2\/wp-json\/wp\/v2\/posts\/32273\/revisions"}],"predecessor-version":[{"id":56350,"href":"https:\/\/ikar.dev\/bceco-v2\/wp-json\/wp\/v2\/posts\/32273\/revisions\/56350"}],"wp:featuredmedia":[{"embeddable":true,"href":"https:\/\/ikar.dev\/bceco-v2\/wp-json\/wp\/v2\/media\/32288"}],"wp:attachment":[{"href":"https:\/\/ikar.dev\/bceco-v2\/wp-json\/wp\/v2\/media?parent=32273"}],"wp:term":[{"taxonomy":"category","embeddable":true,"href":"https:\/\/ikar.dev\/bceco-v2\/wp-json\/wp\/v2\/categories?post=32273"},{"taxonomy":"post_tag","embeddable":true,"href":"https:\/\/ikar.dev\/bceco-v2\/wp-json\/wp\/v2\/tags?post=32273"}],"curies":[{"name":"wp","href":"https:\/\/api.w.org\/{rel}","templated":true}]}}