{"id":32010,"date":"2023-11-24T12:19:00","date_gmt":"2023-11-24T12:19:00","guid":{"rendered":"https:\/\/bceco.cd\/?p=32010"},"modified":"2025-12-23T17:23:26","modified_gmt":"2025-12-23T16:23:26","slug":"8-mois-apres-le-lancement-des-travaux-de-construction-la-nouvelle-morgue-de-kananga-prete-a-etre-livree","status":"publish","type":"post","link":"https:\/\/ikar.dev\/bceco-v2\/8-mois-apres-le-lancement-des-travaux-de-construction-la-nouvelle-morgue-de-kananga-prete-a-etre-livree\/","title":{"rendered":"8 mois apr\u00e8s le lancement des travaux de construction : la nouvelle morgue de kananga pr\u00eate \u00e0 \u00eatre livr\u00e9e !"},"content":{"rendered":"<p style=\"text-align: justify; margin-top: 15px;\">Le Directeur G\u00e9n\u00e9ral du Bureau Central de Coordination, BCeCo, Monsieur Jean Mabi Mulumba a effectu\u00e9 le 23 novembre dernier une mission d&#8217;inspection dans la Province du Kasa\u00ef Central plus pr\u00e9cis\u00e9ment, \u00e0 Kananga. Dans son agenda figurait, entre autres, l&#8217;inspection des travaux pour la construction de la morgue de l&#8217;H\u00f4pital G\u00e9n\u00e9ral Provincial de R\u00e9f\u00e9rence de Kananga. Le constat est clair : les travaux sont termin\u00e9s et l&#8217;ouvrage pr\u00eat \u00e0 \u00eatre livr\u00e9 aux usagers.<\/p>\n\n<p style=\"text-align: justify;\">La nouvelle morgue qui comprend 54 casiers pour les corps, une salle d&#8217;embaumement, une salle d&#8217;autopsie une salle de mise en bi\u00e8re, un bureau pour le service m\u00e9dico- l\u00e9gal, un bureau pour le personnel travaillant \u00e0 la morgue, et deux salles de recueillement pour les familles.<\/p>\n\n\n<figure class=\"wp-block-gallery has-nested-images columns-default is-cropped wp-block-gallery-1 is-layout-flex wp-block-gallery-is-layout-flex\">\n<figure class=\"wp-block-image size-large\"><img fetchpriority=\"high\" decoding=\"async\" width=\"1500\" height=\"1000\" data-id=\"32013\" src=\"https:\/\/ikar.dev\/bceco-v2\/wp-content\/uploads\/2023\/12\/8-mois-apres-le-lancement-des-travaux-de-construction-_-la-nouvelle-morgue-de-kananga-prete-a-etre-livree-4.jpg\" alt=\"8 mois apr\u00e8s le lancement des travaux de construction : la nouvelle morgue de kananga pr\u00eate \u00e0 \u00eatre livr\u00e9e !\" class=\"wp-image-32013\" srcset=\"https:\/\/ikar.dev\/bceco-v2\/wp-content\/uploads\/2023\/12\/8-mois-apres-le-lancement-des-travaux-de-construction-_-la-nouvelle-morgue-de-kananga-prete-a-etre-livree-4.jpg 1500w, https:\/\/ikar.dev\/bceco-v2\/wp-content\/uploads\/2023\/12\/8-mois-apres-le-lancement-des-travaux-de-construction-_-la-nouvelle-morgue-de-kananga-prete-a-etre-livree-4-768x512.jpg 768w, https:\/\/ikar.dev\/bceco-v2\/wp-content\/uploads\/2023\/12\/8-mois-apres-le-lancement-des-travaux-de-construction-_-la-nouvelle-morgue-de-kananga-prete-a-etre-livree-4-600x400.jpg 600w\" sizes=\"(max-width: 1500px) 100vw, 1500px\" \/><\/figure>\n\n\n\n<figure class=\"wp-block-image size-large\"><img decoding=\"async\" width=\"1500\" height=\"1000\" data-id=\"32014\" src=\"https:\/\/ikar.dev\/bceco-v2\/wp-content\/uploads\/2023\/12\/8-mois-apres-le-lancement-des-travaux-de-construction-_-la-nouvelle-morgue-de-kananga-prete-a-etre-livree-3.jpg\" alt=\"8 mois apr\u00e8s le lancement des travaux de construction : la nouvelle morgue de kananga pr\u00eate \u00e0 \u00eatre livr\u00e9e !\" class=\"wp-image-32014\" srcset=\"https:\/\/ikar.dev\/bceco-v2\/wp-content\/uploads\/2023\/12\/8-mois-apres-le-lancement-des-travaux-de-construction-_-la-nouvelle-morgue-de-kananga-prete-a-etre-livree-3.jpg 1500w, https:\/\/ikar.dev\/bceco-v2\/wp-content\/uploads\/2023\/12\/8-mois-apres-le-lancement-des-travaux-de-construction-_-la-nouvelle-morgue-de-kananga-prete-a-etre-livree-3-768x512.jpg 768w, https:\/\/ikar.dev\/bceco-v2\/wp-content\/uploads\/2023\/12\/8-mois-apres-le-lancement-des-travaux-de-construction-_-la-nouvelle-morgue-de-kananga-prete-a-etre-livree-3-600x400.jpg 600w\" sizes=\"(max-width: 1500px) 100vw, 1500px\" \/><\/figure>\n<\/figure>\n\n\n<p style=\"text-align: justify;\">En plus la morgue est aliment\u00e9e en eau par un forage et en \u00e9lectricit\u00e9 par un syst\u00e8me photovolta\u00efque et un g\u00e9n\u00e9rateur.<\/p>\n\n<p style=\"text-align: justify;\">Cette morgue de standing international vient pallier au d\u00e9ficit de l&#8217;ancienne qui n&#8217;avait que 9 casiers pour le corps sans syst\u00e8me frigorifique pour la conservation des corps.<\/p>\n\n\n<figure class=\"wp-block-gallery has-nested-images columns-default is-cropped wp-block-gallery-2 is-layout-flex wp-block-gallery-is-layout-flex\">\n<figure class=\"wp-block-image size-large\"><img decoding=\"async\" width=\"1500\" height=\"1000\" data-id=\"32015\" src=\"https:\/\/ikar.dev\/bceco-v2\/wp-content\/uploads\/2023\/12\/8-mois-apres-le-lancement-des-travaux-de-construction-_-la-nouvelle-morgue-de-kananga-prete-a-etre-livree-2.jpg\" alt=\"8 mois apr\u00e8s le lancement des travaux de construction : la nouvelle morgue de kananga pr\u00eate \u00e0 \u00eatre livr\u00e9e !\" class=\"wp-image-32015\" srcset=\"https:\/\/ikar.dev\/bceco-v2\/wp-content\/uploads\/2023\/12\/8-mois-apres-le-lancement-des-travaux-de-construction-_-la-nouvelle-morgue-de-kananga-prete-a-etre-livree-2.jpg 1500w, https:\/\/ikar.dev\/bceco-v2\/wp-content\/uploads\/2023\/12\/8-mois-apres-le-lancement-des-travaux-de-construction-_-la-nouvelle-morgue-de-kananga-prete-a-etre-livree-2-768x512.jpg 768w, https:\/\/ikar.dev\/bceco-v2\/wp-content\/uploads\/2023\/12\/8-mois-apres-le-lancement-des-travaux-de-construction-_-la-nouvelle-morgue-de-kananga-prete-a-etre-livree-2-600x400.jpg 600w\" sizes=\"(max-width: 1500px) 100vw, 1500px\" \/><\/figure>\n\n\n\n<figure class=\"wp-block-image size-large\"><img loading=\"lazy\" decoding=\"async\" width=\"1500\" height=\"1000\" data-id=\"32011\" src=\"https:\/\/ikar.dev\/bceco-v2\/wp-content\/uploads\/2023\/12\/8-mois-apres-le-lancement-des-travaux-de-construction-_-la-nouvelle-morgue-de-kananga-prete-a-etre-livree-6.jpg\" alt=\"8 mois apr\u00e8s le lancement des travaux de construction : la nouvelle morgue de kananga pr\u00eate \u00e0 \u00eatre livr\u00e9e !\" class=\"wp-image-32011\" srcset=\"https:\/\/ikar.dev\/bceco-v2\/wp-content\/uploads\/2023\/12\/8-mois-apres-le-lancement-des-travaux-de-construction-_-la-nouvelle-morgue-de-kananga-prete-a-etre-livree-6.jpg 1500w, https:\/\/ikar.dev\/bceco-v2\/wp-content\/uploads\/2023\/12\/8-mois-apres-le-lancement-des-travaux-de-construction-_-la-nouvelle-morgue-de-kananga-prete-a-etre-livree-6-768x512.jpg 768w, https:\/\/ikar.dev\/bceco-v2\/wp-content\/uploads\/2023\/12\/8-mois-apres-le-lancement-des-travaux-de-construction-_-la-nouvelle-morgue-de-kananga-prete-a-etre-livree-6-600x400.jpg 600w\" sizes=\"(max-width: 1500px) 100vw, 1500px\" \/><\/figure>\n<\/figure>\n\n\n\n<p>Le lancement des travaux de cet ouvrage avaient eu lieu le 27 f\u00e9vrier 2023 en pr\u00e9sence du Gouverneur de province et de toute son \u00e9quipe. Et il a fallu 8 mois seulement au BCeCo pour construire cette infrastructure qui rentre dans le cadre du Programme d&#8217;Urgence du Chef de l&#8217;Etat pour la construction des infrastructures socio -\u00e9conomiques de base dans les milieux peri-urbains et ruraux.<\/p>\n\n\n\n<figure class=\"wp-block-embed is-type-video is-provider-youtube wp-block-embed-youtube wp-embed-aspect-16-9 wp-has-aspect-ratio\"><div class=\"wp-block-embed__wrapper\">\n<iframe title=\"RDC | La Morgue de l&#039;H\u00f4pital Provincial G\u00e9n\u00e9ral de R\u00e9f\u00e9rence de Kananga\" width=\"500\" height=\"281\" src=\"https:\/\/www.youtube.com\/embed\/BwH6fNE2fqI?feature=oembed\" frameborder=\"0\" allow=\"accelerometer; autoplay; clipboard-write; encrypted-media; gyroscope; picture-in-picture; web-share\" referrerpolicy=\"strict-origin-when-cross-origin\" allowfullscreen><\/iframe>\n<\/div><figcaption class=\"wp-element-caption\"><a href=\"https:\/\/www.youtube.com\/watch?v=BwH6fNE2fqI\" target=\"_blank\" rel=\"noreferrer noopener\">RDC | La Morgue de l&#8217;H\u00f4pital Provincial G\u00e9n\u00e9ral de R\u00e9f\u00e9rence de Kananga<\/a><\/figcaption><\/figure>\n","protected":false},"excerpt":{"rendered":"<p>Le Directeur G\u00e9n\u00e9ral du Bureau Central de Coordination, BCeCo, Monsieur Jean Mabi Mulumba a effectu\u00e9 le 23 novembre dernier une mission d&#8217;inspection dans la Province du Kasa\u00ef Central plus pr\u00e9cis\u00e9ment, \u00e0 Kananga. Dans son agenda figurait, entre autres, l&#8217;inspection des travaux pour la construction de la morgue de l&#8217;H\u00f4pital G\u00e9n\u00e9ral Provincial de R\u00e9f\u00e9rence de Kananga.<\/p>\n","protected":false},"author":1,"featured_media":32016,"comment_status":"open","ping_status":"open","sticky":false,"template":"","format":"standard","meta":{"footnotes":""},"categories":[69],"tags":[],"class_list":["post-32010","post","type-post","status-publish","format-standard","has-post-thumbnail","hentry","category-actualites"],"yoast_head":"<!-- This site is optimized with the Yoast SEO plugin v26.7 - https:\/\/yoast.com\/wordpress\/plugins\/seo\/ -->\n<title>8 mois apr\u00e8s le lancement des travaux de construction : la nouvelle morgue de kananga pr\u00eate \u00e0 \u00eatre livr\u00e9e ! - Bureau Central de Coordination<\/title>\n<meta name=\"description\" content=\"Le Directeur G\u00e9n\u00e9ral du Bureau Central de Coordination, Monsieur Jean Mabi Mulumba a effectu\u00e9 le 23 novembre dernier une mission d&#039;inspection des travaux pour la construction de la morgue de l&#039;H\u00f4pital G\u00e9n\u00e9ral Provincial de R\u00e9f\u00e9rence de Kananga.\" \/>\n<meta name=\"robots\" content=\"index, follow, max-snippet:-1, max-image-preview:large, max-video-preview:-1\" \/>\n<link rel=\"canonical\" href=\"https:\/\/ikar.dev\/bceco-v2\/8-mois-apres-le-lancement-des-travaux-de-construction-la-nouvelle-morgue-de-kananga-prete-a-etre-livree\/\" \/>\n<meta property=\"og:locale\" content=\"en_US\" \/>\n<meta property=\"og:type\" content=\"article\" \/>\n<meta property=\"og:title\" content=\"8 mois apr\u00e8s le lancement des travaux de construction : la nouvelle morgue de kananga pr\u00eate \u00e0 \u00eatre livr\u00e9e ! - Bureau Central de Coordination\" \/>\n<meta property=\"og:description\" content=\"Le Directeur G\u00e9n\u00e9ral du Bureau Central de Coordination, Monsieur Jean Mabi Mulumba a effectu\u00e9 le 23 novembre dernier une mission d&#039;inspection des travaux pour la construction de la morgue de l&#039;H\u00f4pital G\u00e9n\u00e9ral Provincial de R\u00e9f\u00e9rence de Kananga.\" \/>\n<meta property=\"og:url\" content=\"https:\/\/ikar.dev\/bceco-v2\/8-mois-apres-le-lancement-des-travaux-de-construction-la-nouvelle-morgue-de-kananga-prete-a-etre-livree\/\" \/>\n<meta property=\"og:site_name\" content=\"Bureau Central de Coordination\" \/>\n<meta property=\"article:publisher\" content=\"https:\/\/www.facebook.com\/BCeCoRDC\" \/>\n<meta property=\"article:published_time\" content=\"2023-11-24T12:19:00+00:00\" \/>\n<meta property=\"article:modified_time\" content=\"2025-12-23T16:23:26+00:00\" \/>\n<meta property=\"og:image\" content=\"https:\/\/ikar.dev\/bceco-v2\/wp-content\/uploads\/2023\/12\/8-mois-apres-le-lancement-des-travaux-de-construction-la-nouvelle-morgue-de-kananga-prete-a-etre-livree-1.jpg\" \/>\n\t<meta property=\"og:image:width\" content=\"1500\" \/>\n\t<meta property=\"og:image:height\" content=\"1000\" \/>\n\t<meta property=\"og:image:type\" content=\"image\/jpeg\" \/>\n<meta name=\"author\" content=\"bceco\" \/>\n<meta name=\"twitter:card\" content=\"summary_large_image\" \/>\n<meta name=\"twitter:creator\" content=\"@BCeCoRDC\" \/>\n<meta name=\"twitter:site\" content=\"@BCeCoRDC\" \/>\n<meta name=\"twitter:label1\" content=\"Written by\" \/>\n\t<meta name=\"twitter:data1\" content=\"bceco\" \/>\n\t<meta name=\"twitter:label2\" content=\"Est. reading time\" \/>\n\t<meta name=\"twitter:data2\" content=\"3 minutes\" \/>\n<script type=\"application\/ld+json\" class=\"yoast-schema-graph\">{\"@context\":\"https:\/\/schema.org\",\"@graph\":[{\"@type\":\"Article\",\"@id\":\"https:\/\/ikar.dev\/bceco-v2\/8-mois-apres-le-lancement-des-travaux-de-construction-la-nouvelle-morgue-de-kananga-prete-a-etre-livree\/#article\",\"isPartOf\":{\"@id\":\"https:\/\/ikar.dev\/bceco-v2\/8-mois-apres-le-lancement-des-travaux-de-construction-la-nouvelle-morgue-de-kananga-prete-a-etre-livree\/\"},\"author\":{\"name\":\"bceco\",\"@id\":\"https:\/\/ikar.dev\/bceco-v2\/#\/schema\/person\/6ee74807ffb016a78852fec6a295d503\"},\"headline\":\"8 mois apr\u00e8s le lancement des travaux de construction : la nouvelle morgue de kananga pr\u00eate \u00e0 \u00eatre livr\u00e9e !\",\"datePublished\":\"2023-11-24T12:19:00+00:00\",\"dateModified\":\"2025-12-23T16:23:26+00:00\",\"mainEntityOfPage\":{\"@id\":\"https:\/\/ikar.dev\/bceco-v2\/8-mois-apres-le-lancement-des-travaux-de-construction-la-nouvelle-morgue-de-kananga-prete-a-etre-livree\/\"},\"wordCount\":300,\"commentCount\":0,\"publisher\":{\"@id\":\"https:\/\/ikar.dev\/bceco-v2\/#organization\"},\"image\":{\"@id\":\"https:\/\/ikar.dev\/bceco-v2\/8-mois-apres-le-lancement-des-travaux-de-construction-la-nouvelle-morgue-de-kananga-prete-a-etre-livree\/#primaryimage\"},\"thumbnailUrl\":\"https:\/\/ikar.dev\/bceco-v2\/wp-content\/uploads\/2023\/12\/8-mois-apres-le-lancement-des-travaux-de-construction-la-nouvelle-morgue-de-kananga-prete-a-etre-livree-1.jpg\",\"articleSection\":[\"Actualit\u00e9s\"],\"inLanguage\":\"en-US\",\"potentialAction\":[{\"@type\":\"CommentAction\",\"name\":\"Comment\",\"target\":[\"https:\/\/ikar.dev\/bceco-v2\/8-mois-apres-le-lancement-des-travaux-de-construction-la-nouvelle-morgue-de-kananga-prete-a-etre-livree\/#respond\"]}]},{\"@type\":\"WebPage\",\"@id\":\"https:\/\/ikar.dev\/bceco-v2\/8-mois-apres-le-lancement-des-travaux-de-construction-la-nouvelle-morgue-de-kananga-prete-a-etre-livree\/\",\"url\":\"https:\/\/ikar.dev\/bceco-v2\/8-mois-apres-le-lancement-des-travaux-de-construction-la-nouvelle-morgue-de-kananga-prete-a-etre-livree\/\",\"name\":\"8 mois apr\u00e8s le lancement des travaux de construction : la nouvelle morgue de kananga pr\u00eate \u00e0 \u00eatre livr\u00e9e ! - Bureau Central de Coordination\",\"isPartOf\":{\"@id\":\"https:\/\/ikar.dev\/bceco-v2\/#website\"},\"primaryImageOfPage\":{\"@id\":\"https:\/\/ikar.dev\/bceco-v2\/8-mois-apres-le-lancement-des-travaux-de-construction-la-nouvelle-morgue-de-kananga-prete-a-etre-livree\/#primaryimage\"},\"image\":{\"@id\":\"https:\/\/ikar.dev\/bceco-v2\/8-mois-apres-le-lancement-des-travaux-de-construction-la-nouvelle-morgue-de-kananga-prete-a-etre-livree\/#primaryimage\"},\"thumbnailUrl\":\"https:\/\/ikar.dev\/bceco-v2\/wp-content\/uploads\/2023\/12\/8-mois-apres-le-lancement-des-travaux-de-construction-la-nouvelle-morgue-de-kananga-prete-a-etre-livree-1.jpg\",\"datePublished\":\"2023-11-24T12:19:00+00:00\",\"dateModified\":\"2025-12-23T16:23:26+00:00\",\"description\":\"Le Directeur G\u00e9n\u00e9ral du Bureau Central de Coordination, Monsieur Jean Mabi Mulumba a effectu\u00e9 le 23 novembre dernier une mission d'inspection des travaux pour la construction de la morgue de l'H\u00f4pital G\u00e9n\u00e9ral Provincial de R\u00e9f\u00e9rence de Kananga.\",\"breadcrumb\":{\"@id\":\"https:\/\/ikar.dev\/bceco-v2\/8-mois-apres-le-lancement-des-travaux-de-construction-la-nouvelle-morgue-de-kananga-prete-a-etre-livree\/#breadcrumb\"},\"inLanguage\":\"en-US\",\"potentialAction\":[{\"@type\":\"ReadAction\",\"target\":[\"https:\/\/ikar.dev\/bceco-v2\/8-mois-apres-le-lancement-des-travaux-de-construction-la-nouvelle-morgue-de-kananga-prete-a-etre-livree\/\"]}]},{\"@type\":\"ImageObject\",\"inLanguage\":\"en-US\",\"@id\":\"https:\/\/ikar.dev\/bceco-v2\/8-mois-apres-le-lancement-des-travaux-de-construction-la-nouvelle-morgue-de-kananga-prete-a-etre-livree\/#primaryimage\",\"url\":\"https:\/\/ikar.dev\/bceco-v2\/wp-content\/uploads\/2023\/12\/8-mois-apres-le-lancement-des-travaux-de-construction-la-nouvelle-morgue-de-kananga-prete-a-etre-livree-1.jpg\",\"contentUrl\":\"https:\/\/ikar.dev\/bceco-v2\/wp-content\/uploads\/2023\/12\/8-mois-apres-le-lancement-des-travaux-de-construction-la-nouvelle-morgue-de-kananga-prete-a-etre-livree-1.jpg\",\"width\":1500,\"height\":1000},{\"@type\":\"BreadcrumbList\",\"@id\":\"https:\/\/ikar.dev\/bceco-v2\/8-mois-apres-le-lancement-des-travaux-de-construction-la-nouvelle-morgue-de-kananga-prete-a-etre-livree\/#breadcrumb\",\"itemListElement\":[{\"@type\":\"ListItem\",\"position\":1,\"name\":\"Accueil\",\"item\":\"https:\/\/ikar.dev\/bceco-v2\/\"},{\"@type\":\"ListItem\",\"position\":2,\"name\":\"8 mois apr\u00e8s le lancement des travaux de construction : la nouvelle morgue de kananga pr\u00eate \u00e0 \u00eatre livr\u00e9e !\"}]},{\"@type\":\"WebSite\",\"@id\":\"https:\/\/ikar.dev\/bceco-v2\/#website\",\"url\":\"https:\/\/ikar.dev\/bceco-v2\/\",\"name\":\"Bureau Central de Coordination\",\"description\":\"B.Ce.Co \u2013 Au c\u0153ur de l\u2019ex\u00e9cution des projets de d\u00e9veloppement en RDC\",\"publisher\":{\"@id\":\"https:\/\/ikar.dev\/bceco-v2\/#organization\"},\"potentialAction\":[{\"@type\":\"SearchAction\",\"target\":{\"@type\":\"EntryPoint\",\"urlTemplate\":\"https:\/\/ikar.dev\/bceco-v2\/?s={search_term_string}\"},\"query-input\":{\"@type\":\"PropertyValueSpecification\",\"valueRequired\":true,\"valueName\":\"search_term_string\"}}],\"inLanguage\":\"en-US\"},{\"@type\":\"Organization\",\"@id\":\"https:\/\/ikar.dev\/bceco-v2\/#organization\",\"name\":\"Bureau Central de Coordination\",\"url\":\"https:\/\/ikar.dev\/bceco-v2\/\",\"logo\":{\"@type\":\"ImageObject\",\"inLanguage\":\"en-US\",\"@id\":\"https:\/\/ikar.dev\/bceco-v2\/#\/schema\/logo\/image\/\",\"url\":\"https:\/\/ikar.dev\/bceco-v2\/wp-content\/uploads\/2025\/12\/BCECO-Bureau-Central-de-Coordination.jpg\",\"contentUrl\":\"https:\/\/ikar.dev\/bceco-v2\/wp-content\/uploads\/2025\/12\/BCECO-Bureau-Central-de-Coordination.jpg\",\"width\":2048,\"height\":2048,\"caption\":\"Bureau Central de Coordination\"},\"image\":{\"@id\":\"https:\/\/ikar.dev\/bceco-v2\/#\/schema\/logo\/image\/\"},\"sameAs\":[\"https:\/\/www.facebook.com\/BCeCoRDC\",\"https:\/\/x.com\/BCeCoRDC\"]},{\"@type\":\"Person\",\"@id\":\"https:\/\/ikar.dev\/bceco-v2\/#\/schema\/person\/6ee74807ffb016a78852fec6a295d503\",\"name\":\"bceco\",\"image\":{\"@type\":\"ImageObject\",\"inLanguage\":\"en-US\",\"@id\":\"https:\/\/ikar.dev\/bceco-v2\/#\/schema\/person\/image\/\",\"url\":\"https:\/\/secure.gravatar.com\/avatar\/55c07e1707f50774ef3c842c9d074773a6b558a20fbd1608c8e4871bc88f3455?s=96&d=mm&r=g\",\"contentUrl\":\"https:\/\/secure.gravatar.com\/avatar\/55c07e1707f50774ef3c842c9d074773a6b558a20fbd1608c8e4871bc88f3455?s=96&d=mm&r=g\",\"caption\":\"bceco\"},\"sameAs\":[\"https:\/\/ikar.dev\/bceco-v2\"],\"url\":\"https:\/\/ikar.dev\/bceco-v2\/author\/bceco\/\"}]}<\/script>\n<!-- \/ Yoast SEO plugin. -->","yoast_head_json":{"title":"8 mois apr\u00e8s le lancement des travaux de construction : la nouvelle morgue de kananga pr\u00eate \u00e0 \u00eatre livr\u00e9e ! - Bureau Central de Coordination","description":"Le Directeur G\u00e9n\u00e9ral du Bureau Central de Coordination, Monsieur Jean Mabi Mulumba a effectu\u00e9 le 23 novembre dernier une mission d'inspection des travaux pour la construction de la morgue de l'H\u00f4pital G\u00e9n\u00e9ral Provincial de R\u00e9f\u00e9rence de Kananga.","robots":{"index":"index","follow":"follow","max-snippet":"max-snippet:-1","max-image-preview":"max-image-preview:large","max-video-preview":"max-video-preview:-1"},"canonical":"https:\/\/ikar.dev\/bceco-v2\/8-mois-apres-le-lancement-des-travaux-de-construction-la-nouvelle-morgue-de-kananga-prete-a-etre-livree\/","og_locale":"en_US","og_type":"article","og_title":"8 mois apr\u00e8s le lancement des travaux de construction : la nouvelle morgue de kananga pr\u00eate \u00e0 \u00eatre livr\u00e9e ! - Bureau Central de Coordination","og_description":"Le Directeur G\u00e9n\u00e9ral du Bureau Central de Coordination, Monsieur Jean Mabi Mulumba a effectu\u00e9 le 23 novembre dernier une mission d'inspection des travaux pour la construction de la morgue de l'H\u00f4pital G\u00e9n\u00e9ral Provincial de R\u00e9f\u00e9rence de Kananga.","og_url":"https:\/\/ikar.dev\/bceco-v2\/8-mois-apres-le-lancement-des-travaux-de-construction-la-nouvelle-morgue-de-kananga-prete-a-etre-livree\/","og_site_name":"Bureau Central de Coordination","article_publisher":"https:\/\/www.facebook.com\/BCeCoRDC","article_published_time":"2023-11-24T12:19:00+00:00","article_modified_time":"2025-12-23T16:23:26+00:00","og_image":[{"width":1500,"height":1000,"url":"https:\/\/ikar.dev\/bceco-v2\/wp-content\/uploads\/2023\/12\/8-mois-apres-le-lancement-des-travaux-de-construction-la-nouvelle-morgue-de-kananga-prete-a-etre-livree-1.jpg","type":"image\/jpeg"}],"author":"bceco","twitter_card":"summary_large_image","twitter_creator":"@BCeCoRDC","twitter_site":"@BCeCoRDC","twitter_misc":{"Written by":"bceco","Est. reading time":"3 minutes"},"schema":{"@context":"https:\/\/schema.org","@graph":[{"@type":"Article","@id":"https:\/\/ikar.dev\/bceco-v2\/8-mois-apres-le-lancement-des-travaux-de-construction-la-nouvelle-morgue-de-kananga-prete-a-etre-livree\/#article","isPartOf":{"@id":"https:\/\/ikar.dev\/bceco-v2\/8-mois-apres-le-lancement-des-travaux-de-construction-la-nouvelle-morgue-de-kananga-prete-a-etre-livree\/"},"author":{"name":"bceco","@id":"https:\/\/ikar.dev\/bceco-v2\/#\/schema\/person\/6ee74807ffb016a78852fec6a295d503"},"headline":"8 mois apr\u00e8s le lancement des travaux de construction : la nouvelle morgue de kananga pr\u00eate \u00e0 \u00eatre livr\u00e9e !","datePublished":"2023-11-24T12:19:00+00:00","dateModified":"2025-12-23T16:23:26+00:00","mainEntityOfPage":{"@id":"https:\/\/ikar.dev\/bceco-v2\/8-mois-apres-le-lancement-des-travaux-de-construction-la-nouvelle-morgue-de-kananga-prete-a-etre-livree\/"},"wordCount":300,"commentCount":0,"publisher":{"@id":"https:\/\/ikar.dev\/bceco-v2\/#organization"},"image":{"@id":"https:\/\/ikar.dev\/bceco-v2\/8-mois-apres-le-lancement-des-travaux-de-construction-la-nouvelle-morgue-de-kananga-prete-a-etre-livree\/#primaryimage"},"thumbnailUrl":"https:\/\/ikar.dev\/bceco-v2\/wp-content\/uploads\/2023\/12\/8-mois-apres-le-lancement-des-travaux-de-construction-la-nouvelle-morgue-de-kananga-prete-a-etre-livree-1.jpg","articleSection":["Actualit\u00e9s"],"inLanguage":"en-US","potentialAction":[{"@type":"CommentAction","name":"Comment","target":["https:\/\/ikar.dev\/bceco-v2\/8-mois-apres-le-lancement-des-travaux-de-construction-la-nouvelle-morgue-de-kananga-prete-a-etre-livree\/#respond"]}]},{"@type":"WebPage","@id":"https:\/\/ikar.dev\/bceco-v2\/8-mois-apres-le-lancement-des-travaux-de-construction-la-nouvelle-morgue-de-kananga-prete-a-etre-livree\/","url":"https:\/\/ikar.dev\/bceco-v2\/8-mois-apres-le-lancement-des-travaux-de-construction-la-nouvelle-morgue-de-kananga-prete-a-etre-livree\/","name":"8 mois apr\u00e8s le lancement des travaux de construction : la nouvelle morgue de kananga pr\u00eate \u00e0 \u00eatre livr\u00e9e ! - Bureau Central de Coordination","isPartOf":{"@id":"https:\/\/ikar.dev\/bceco-v2\/#website"},"primaryImageOfPage":{"@id":"https:\/\/ikar.dev\/bceco-v2\/8-mois-apres-le-lancement-des-travaux-de-construction-la-nouvelle-morgue-de-kananga-prete-a-etre-livree\/#primaryimage"},"image":{"@id":"https:\/\/ikar.dev\/bceco-v2\/8-mois-apres-le-lancement-des-travaux-de-construction-la-nouvelle-morgue-de-kananga-prete-a-etre-livree\/#primaryimage"},"thumbnailUrl":"https:\/\/ikar.dev\/bceco-v2\/wp-content\/uploads\/2023\/12\/8-mois-apres-le-lancement-des-travaux-de-construction-la-nouvelle-morgue-de-kananga-prete-a-etre-livree-1.jpg","datePublished":"2023-11-24T12:19:00+00:00","dateModified":"2025-12-23T16:23:26+00:00","description":"Le Directeur G\u00e9n\u00e9ral du Bureau Central de Coordination, Monsieur Jean Mabi Mulumba a effectu\u00e9 le 23 novembre dernier une mission d'inspection des travaux pour la construction de la morgue de l'H\u00f4pital G\u00e9n\u00e9ral Provincial de R\u00e9f\u00e9rence de Kananga.","breadcrumb":{"@id":"https:\/\/ikar.dev\/bceco-v2\/8-mois-apres-le-lancement-des-travaux-de-construction-la-nouvelle-morgue-de-kananga-prete-a-etre-livree\/#breadcrumb"},"inLanguage":"en-US","potentialAction":[{"@type":"ReadAction","target":["https:\/\/ikar.dev\/bceco-v2\/8-mois-apres-le-lancement-des-travaux-de-construction-la-nouvelle-morgue-de-kananga-prete-a-etre-livree\/"]}]},{"@type":"ImageObject","inLanguage":"en-US","@id":"https:\/\/ikar.dev\/bceco-v2\/8-mois-apres-le-lancement-des-travaux-de-construction-la-nouvelle-morgue-de-kananga-prete-a-etre-livree\/#primaryimage","url":"https:\/\/ikar.dev\/bceco-v2\/wp-content\/uploads\/2023\/12\/8-mois-apres-le-lancement-des-travaux-de-construction-la-nouvelle-morgue-de-kananga-prete-a-etre-livree-1.jpg","contentUrl":"https:\/\/ikar.dev\/bceco-v2\/wp-content\/uploads\/2023\/12\/8-mois-apres-le-lancement-des-travaux-de-construction-la-nouvelle-morgue-de-kananga-prete-a-etre-livree-1.jpg","width":1500,"height":1000},{"@type":"BreadcrumbList","@id":"https:\/\/ikar.dev\/bceco-v2\/8-mois-apres-le-lancement-des-travaux-de-construction-la-nouvelle-morgue-de-kananga-prete-a-etre-livree\/#breadcrumb","itemListElement":[{"@type":"ListItem","position":1,"name":"Accueil","item":"https:\/\/ikar.dev\/bceco-v2\/"},{"@type":"ListItem","position":2,"name":"8 mois apr\u00e8s le lancement des travaux de construction : la nouvelle morgue de kananga pr\u00eate \u00e0 \u00eatre livr\u00e9e !"}]},{"@type":"WebSite","@id":"https:\/\/ikar.dev\/bceco-v2\/#website","url":"https:\/\/ikar.dev\/bceco-v2\/","name":"Bureau Central de Coordination","description":"B.Ce.Co \u2013 Au c\u0153ur de l\u2019ex\u00e9cution des projets de d\u00e9veloppement en RDC","publisher":{"@id":"https:\/\/ikar.dev\/bceco-v2\/#organization"},"potentialAction":[{"@type":"SearchAction","target":{"@type":"EntryPoint","urlTemplate":"https:\/\/ikar.dev\/bceco-v2\/?s={search_term_string}"},"query-input":{"@type":"PropertyValueSpecification","valueRequired":true,"valueName":"search_term_string"}}],"inLanguage":"en-US"},{"@type":"Organization","@id":"https:\/\/ikar.dev\/bceco-v2\/#organization","name":"Bureau Central de Coordination","url":"https:\/\/ikar.dev\/bceco-v2\/","logo":{"@type":"ImageObject","inLanguage":"en-US","@id":"https:\/\/ikar.dev\/bceco-v2\/#\/schema\/logo\/image\/","url":"https:\/\/ikar.dev\/bceco-v2\/wp-content\/uploads\/2025\/12\/BCECO-Bureau-Central-de-Coordination.jpg","contentUrl":"https:\/\/ikar.dev\/bceco-v2\/wp-content\/uploads\/2025\/12\/BCECO-Bureau-Central-de-Coordination.jpg","width":2048,"height":2048,"caption":"Bureau Central de Coordination"},"image":{"@id":"https:\/\/ikar.dev\/bceco-v2\/#\/schema\/logo\/image\/"},"sameAs":["https:\/\/www.facebook.com\/BCeCoRDC","https:\/\/x.com\/BCeCoRDC"]},{"@type":"Person","@id":"https:\/\/ikar.dev\/bceco-v2\/#\/schema\/person\/6ee74807ffb016a78852fec6a295d503","name":"bceco","image":{"@type":"ImageObject","inLanguage":"en-US","@id":"https:\/\/ikar.dev\/bceco-v2\/#\/schema\/person\/image\/","url":"https:\/\/secure.gravatar.com\/avatar\/55c07e1707f50774ef3c842c9d074773a6b558a20fbd1608c8e4871bc88f3455?s=96&d=mm&r=g","contentUrl":"https:\/\/secure.gravatar.com\/avatar\/55c07e1707f50774ef3c842c9d074773a6b558a20fbd1608c8e4871bc88f3455?s=96&d=mm&r=g","caption":"bceco"},"sameAs":["https:\/\/ikar.dev\/bceco-v2"],"url":"https:\/\/ikar.dev\/bceco-v2\/author\/bceco\/"}]}},"_links":{"self":[{"href":"https:\/\/ikar.dev\/bceco-v2\/wp-json\/wp\/v2\/posts\/32010","targetHints":{"allow":["GET"]}}],"collection":[{"href":"https:\/\/ikar.dev\/bceco-v2\/wp-json\/wp\/v2\/posts"}],"about":[{"href":"https:\/\/ikar.dev\/bceco-v2\/wp-json\/wp\/v2\/types\/post"}],"author":[{"embeddable":true,"href":"https:\/\/ikar.dev\/bceco-v2\/wp-json\/wp\/v2\/users\/1"}],"replies":[{"embeddable":true,"href":"https:\/\/ikar.dev\/bceco-v2\/wp-json\/wp\/v2\/comments?post=32010"}],"version-history":[{"count":1,"href":"https:\/\/ikar.dev\/bceco-v2\/wp-json\/wp\/v2\/posts\/32010\/revisions"}],"predecessor-version":[{"id":56348,"href":"https:\/\/ikar.dev\/bceco-v2\/wp-json\/wp\/v2\/posts\/32010\/revisions\/56348"}],"wp:featuredmedia":[{"embeddable":true,"href":"https:\/\/ikar.dev\/bceco-v2\/wp-json\/wp\/v2\/media\/32016"}],"wp:attachment":[{"href":"https:\/\/ikar.dev\/bceco-v2\/wp-json\/wp\/v2\/media?parent=32010"}],"wp:term":[{"taxonomy":"category","embeddable":true,"href":"https:\/\/ikar.dev\/bceco-v2\/wp-json\/wp\/v2\/categories?post=32010"},{"taxonomy":"post_tag","embeddable":true,"href":"https:\/\/ikar.dev\/bceco-v2\/wp-json\/wp\/v2\/tags?post=32010"}],"curies":[{"name":"wp","href":"https:\/\/api.w.org\/{rel}","templated":true}]}}