{"id":31932,"date":"2023-11-22T00:06:00","date_gmt":"2023-11-22T00:06:00","guid":{"rendered":"https:\/\/bceco.cd\/?p=31932"},"modified":"2025-12-23T17:23:15","modified_gmt":"2025-12-23T16:23:15","slug":"modernisation-et-rehabilitation-de-la-route-kalamba-mbuji-les-travaux-vont-bon-train-malgre-les-pluies-diluviennes","status":"publish","type":"post","link":"https:\/\/ikar.dev\/bceco-v2\/modernisation-et-rehabilitation-de-la-route-kalamba-mbuji-les-travaux-vont-bon-train-malgre-les-pluies-diluviennes\/","title":{"rendered":"Modernisation et R\u00e9habilitation de la route Kalamba Mbuji : Les travaux vont bon train malgr\u00e9 les pluies diluviennes !"},"content":{"rendered":"<p style=\"text-align: justify; margin-top: 15px;\">Les travaux de r\u00e9habilitation et modernisation de la route kalamba mbuji dans la province du Kasa\u00ef central se poursuivent sans d\u00e9sempar\u00e9s malgr\u00e9 les pluies diluviennes qui s&#8217;abattent ces jours-ci dans cette partie du territoire.<\/p>\n\n<p style=\"text-align: justify;\">C&#8217;est le constat fait par la d\u00e9l\u00e9gation conduite par John kabeya Shikay gouverneur de province et Jean Mabi Mulumba directeur g\u00e9n\u00e9ral du bureau central de coordination Bceco accompagn\u00e9 de Mr Ali responsable \u00e0 toha investissement en date du 22 novembre 2023.<\/p>\n\n\n<figure class=\"wp-block-gallery has-nested-images columns-default is-cropped wp-block-gallery-1 is-layout-flex wp-block-gallery-is-layout-flex\">\n<figure class=\"wp-block-image size-large\"><img fetchpriority=\"high\" decoding=\"async\" width=\"1500\" height=\"1000\" data-id=\"32024\" src=\"https:\/\/ikar.dev\/bceco-v2\/wp-content\/uploads\/2023\/11\/Modernisation-et-Rehabilitation-de-la-route-Kalamba-Mbuji-_-Les-travaux-vont-bon-train-malgre-les-pluies-diluviennes-3.jpg\" alt=\"Modernisation et R\u00e9habilitation de la route Kalamba Mbuji : Les travaux vont bon train malgr\u00e9 les pluies diluviennes !\" class=\"wp-image-32024\" srcset=\"https:\/\/ikar.dev\/bceco-v2\/wp-content\/uploads\/2023\/11\/Modernisation-et-Rehabilitation-de-la-route-Kalamba-Mbuji-_-Les-travaux-vont-bon-train-malgre-les-pluies-diluviennes-3.jpg 1500w, https:\/\/ikar.dev\/bceco-v2\/wp-content\/uploads\/2023\/11\/Modernisation-et-Rehabilitation-de-la-route-Kalamba-Mbuji-_-Les-travaux-vont-bon-train-malgre-les-pluies-diluviennes-3-768x512.jpg 768w, https:\/\/ikar.dev\/bceco-v2\/wp-content\/uploads\/2023\/11\/Modernisation-et-Rehabilitation-de-la-route-Kalamba-Mbuji-_-Les-travaux-vont-bon-train-malgre-les-pluies-diluviennes-3-600x400.jpg 600w\" sizes=\"(max-width: 1500px) 100vw, 1500px\" \/><\/figure>\n\n\n\n<figure class=\"wp-block-image size-full\"><img decoding=\"async\" width=\"1500\" height=\"1000\" data-id=\"32022\" src=\"https:\/\/ikar.dev\/bceco-v2\/wp-content\/uploads\/2023\/11\/Modernisation-et-Rehabilitation-de-la-route-Kalamba-Mbuji-_-Les-travaux-vont-bon-train-malgre-les-pluies-diluviennes-1.jpg\" alt=\"Modernisation et R\u00e9habilitation de la route Kalamba Mbuji : Les travaux vont bon train malgr\u00e9 les pluies diluviennes !\" class=\"wp-image-32022\" srcset=\"https:\/\/ikar.dev\/bceco-v2\/wp-content\/uploads\/2023\/11\/Modernisation-et-Rehabilitation-de-la-route-Kalamba-Mbuji-_-Les-travaux-vont-bon-train-malgre-les-pluies-diluviennes-1.jpg 1500w, https:\/\/ikar.dev\/bceco-v2\/wp-content\/uploads\/2023\/11\/Modernisation-et-Rehabilitation-de-la-route-Kalamba-Mbuji-_-Les-travaux-vont-bon-train-malgre-les-pluies-diluviennes-1-768x512.jpg 768w, https:\/\/ikar.dev\/bceco-v2\/wp-content\/uploads\/2023\/11\/Modernisation-et-Rehabilitation-de-la-route-Kalamba-Mbuji-_-Les-travaux-vont-bon-train-malgre-les-pluies-diluviennes-1-600x400.jpg 600w\" sizes=\"(max-width: 1500px) 100vw, 1500px\" \/><\/figure>\n\n\n\n<figure class=\"wp-block-image size-large\"><img decoding=\"async\" width=\"1500\" height=\"1000\" data-id=\"32027\" src=\"https:\/\/ikar.dev\/bceco-v2\/wp-content\/uploads\/2023\/11\/Modernisation-et-Rehabilitation-de-la-route-Kalamba-Mbuji-_-Les-travaux-vont-bon-train-malgre-les-pluies-diluviennes-6.jpg\" alt=\"Modernisation et R\u00e9habilitation de la route Kalamba Mbuji : Les travaux vont bon train malgr\u00e9 les pluies diluviennes !\" class=\"wp-image-32027\" srcset=\"https:\/\/ikar.dev\/bceco-v2\/wp-content\/uploads\/2023\/11\/Modernisation-et-Rehabilitation-de-la-route-Kalamba-Mbuji-_-Les-travaux-vont-bon-train-malgre-les-pluies-diluviennes-6.jpg 1500w, https:\/\/ikar.dev\/bceco-v2\/wp-content\/uploads\/2023\/11\/Modernisation-et-Rehabilitation-de-la-route-Kalamba-Mbuji-_-Les-travaux-vont-bon-train-malgre-les-pluies-diluviennes-6-768x512.jpg 768w, https:\/\/ikar.dev\/bceco-v2\/wp-content\/uploads\/2023\/11\/Modernisation-et-Rehabilitation-de-la-route-Kalamba-Mbuji-_-Les-travaux-vont-bon-train-malgre-les-pluies-diluviennes-6-600x400.jpg 600w\" sizes=\"(max-width: 1500px) 100vw, 1500px\" \/><\/figure>\n<\/figure>\n\n\n<p style=\"text-align: justify;\">En effet, en Mission d&#8217;inspection sur cette route, cette d\u00e9l\u00e9gation s&#8217;est \u00e9branl\u00e9e vers bilomba \u00e0 110km de kananga afin de se rendre compte de l&#8217; \u00e9tat d&#8217;avancement des travaux.<\/p>\n\n<p style=\"text-align: justify;\">Chemin faisant, elle s&#8217;est arr\u00eat\u00e9e \u00e0 plusieurs endroits qui sont devenus des bourbiers apr\u00e8s des pluies pour demander au prestataire de vite proc\u00e9der au compactage de ces lieux afin de stabiliser la route pour assurer le trafic.<\/p>\n\n<p style=\"text-align: justify;\">Selon Mr Ali responsable \u00e0 toha, pour un rendement efficace trois de ses \u00e9quipes sont post\u00e9es le long de la route. La premi\u00e8re au PK 10 , la deuxi\u00e8me au PK 28, et la troisi\u00e8me au PK 40 pour travailler et entretenir la route \u00e0 chaque fois que c&#8217;est n\u00e9cessaire. A ce jour les travaux ont d\u00e9j\u00e0 atteint la rivi\u00e8re lueta.<\/p>\n\n\n<figure class=\"wp-block-gallery has-nested-images columns-default is-cropped wp-block-gallery-2 is-layout-flex wp-block-gallery-is-layout-flex\">\n<figure class=\"wp-block-image size-large\"><img loading=\"lazy\" decoding=\"async\" width=\"1500\" height=\"1000\" data-id=\"32023\" src=\"https:\/\/ikar.dev\/bceco-v2\/wp-content\/uploads\/2023\/11\/Modernisation-et-Rehabilitation-de-la-route-Kalamba-Mbuji-_-Les-travaux-vont-bon-train-malgre-les-pluies-diluviennes-2.jpg\" alt=\"Modernisation et R\u00e9habilitation de la route Kalamba Mbuji : Les travaux vont bon train malgr\u00e9 les pluies diluviennes !\" class=\"wp-image-32023\" srcset=\"https:\/\/ikar.dev\/bceco-v2\/wp-content\/uploads\/2023\/11\/Modernisation-et-Rehabilitation-de-la-route-Kalamba-Mbuji-_-Les-travaux-vont-bon-train-malgre-les-pluies-diluviennes-2.jpg 1500w, https:\/\/ikar.dev\/bceco-v2\/wp-content\/uploads\/2023\/11\/Modernisation-et-Rehabilitation-de-la-route-Kalamba-Mbuji-_-Les-travaux-vont-bon-train-malgre-les-pluies-diluviennes-2-768x512.jpg 768w, https:\/\/ikar.dev\/bceco-v2\/wp-content\/uploads\/2023\/11\/Modernisation-et-Rehabilitation-de-la-route-Kalamba-Mbuji-_-Les-travaux-vont-bon-train-malgre-les-pluies-diluviennes-2-600x400.jpg 600w\" sizes=\"(max-width: 1500px) 100vw, 1500px\" \/><\/figure>\n<\/figure>\n\n\n<p style=\"text-align: justify;\">Au niveau de cette rivi\u00e8re l&#8217;\u00e9quipe de toha r\u00e9fl\u00e9chit \u00e0 comment faire pour traverser ses engins de l&#8217;autre c\u00f4t\u00e9 de la rive vu que le pont qui fait office de traverser se trouve dans un \u00e9tat de d\u00e9labrement tr\u00e8s avanc\u00e9.<\/p>\n\n<p style=\"text-align: justify;\">Deux heures et 30 minutes est le temps qui a permis \u00e0 l&#8217;ex\u00e9cutif provincial et son h\u00f4te de parcourir le trajet compris entre kananga et bilomba longue de 110km.<\/p>\n\n\n<figure class=\"wp-block-gallery has-nested-images columns-default is-cropped wp-block-gallery-3 is-layout-flex wp-block-gallery-is-layout-flex\">\n<figure class=\"wp-block-image size-large\"><img loading=\"lazy\" decoding=\"async\" width=\"1500\" height=\"1000\" data-id=\"32026\" src=\"https:\/\/ikar.dev\/bceco-v2\/wp-content\/uploads\/2023\/11\/Modernisation-et-Rehabilitation-de-la-route-Kalamba-Mbuji-_-Les-travaux-vont-bon-train-malgre-les-pluies-diluviennes-5.jpg\" alt=\"Modernisation et R\u00e9habilitation de la route Kalamba Mbuji : Les travaux vont bon train malgr\u00e9 les pluies diluviennes !\" class=\"wp-image-32026\" srcset=\"https:\/\/ikar.dev\/bceco-v2\/wp-content\/uploads\/2023\/11\/Modernisation-et-Rehabilitation-de-la-route-Kalamba-Mbuji-_-Les-travaux-vont-bon-train-malgre-les-pluies-diluviennes-5.jpg 1500w, https:\/\/ikar.dev\/bceco-v2\/wp-content\/uploads\/2023\/11\/Modernisation-et-Rehabilitation-de-la-route-Kalamba-Mbuji-_-Les-travaux-vont-bon-train-malgre-les-pluies-diluviennes-5-768x512.jpg 768w, https:\/\/ikar.dev\/bceco-v2\/wp-content\/uploads\/2023\/11\/Modernisation-et-Rehabilitation-de-la-route-Kalamba-Mbuji-_-Les-travaux-vont-bon-train-malgre-les-pluies-diluviennes-5-600x400.jpg 600w\" sizes=\"(max-width: 1500px) 100vw, 1500px\" \/><\/figure>\n\n\n\n<figure class=\"wp-block-image size-large\"><img loading=\"lazy\" decoding=\"async\" width=\"1500\" height=\"1000\" data-id=\"32028\" src=\"https:\/\/ikar.dev\/bceco-v2\/wp-content\/uploads\/2023\/11\/Modernisation-et-Rehabilitation-de-la-route-Kalamba-Mbuji-_-Les-travaux-vont-bon-train-malgre-les-pluies-diluviennes-7.jpg\" alt=\"Modernisation et R\u00e9habilitation de la route Kalamba Mbuji : Les travaux vont bon train malgr\u00e9 les pluies diluviennes !\" class=\"wp-image-32028\" srcset=\"https:\/\/ikar.dev\/bceco-v2\/wp-content\/uploads\/2023\/11\/Modernisation-et-Rehabilitation-de-la-route-Kalamba-Mbuji-_-Les-travaux-vont-bon-train-malgre-les-pluies-diluviennes-7.jpg 1500w, https:\/\/ikar.dev\/bceco-v2\/wp-content\/uploads\/2023\/11\/Modernisation-et-Rehabilitation-de-la-route-Kalamba-Mbuji-_-Les-travaux-vont-bon-train-malgre-les-pluies-diluviennes-7-768x512.jpg 768w, https:\/\/ikar.dev\/bceco-v2\/wp-content\/uploads\/2023\/11\/Modernisation-et-Rehabilitation-de-la-route-Kalamba-Mbuji-_-Les-travaux-vont-bon-train-malgre-les-pluies-diluviennes-7-600x400.jpg 600w\" sizes=\"(max-width: 1500px) 100vw, 1500px\" \/><\/figure>\n<\/figure>\n\n\n<p style=\"text-align: justify;\">Cette visite minutieuse leur a donn\u00e9 l&#8217;id\u00e9e sur le comportement de la route en cette p\u00e9riode pluvieuse. C&#8217;est avec une note de satisfaction que la d\u00e9l\u00e9gation a cl\u00f4tur\u00e9 sa visite et est rentr\u00e9e en d\u00e9but de soir\u00e9e sur Kananga chef-lieu de province.<\/p>\n\n<p style=\"text-align: justify;\">Notons que cette route a une grande importance car elle permet de relier dans un premier temps la province du Kasa\u00ef central au port de lobito en Angola et ensuite de d\u00e9senclaver les provinces du Kasa\u00ef Oriental, central et du kwilu.<\/p>\n\n\n<figure class=\"wp-block-embed is-type-video is-provider-youtube wp-block-embed-youtube wp-embed-aspect-16-9 wp-has-aspect-ratio\"><div class=\"wp-block-embed__wrapper\">\n<iframe title=\"RDC | Les travaux de r\u00e9habilitation et modernisation de la route Kalamba Mbuji au Kasa\u00ef\u00a0Central\" width=\"500\" height=\"281\" src=\"https:\/\/www.youtube.com\/embed\/0RS1dO43ITU?feature=oembed\" frameborder=\"0\" allow=\"accelerometer; autoplay; clipboard-write; encrypted-media; gyroscope; picture-in-picture; web-share\" referrerpolicy=\"strict-origin-when-cross-origin\" allowfullscreen><\/iframe>\n<\/div><figcaption class=\"wp-element-caption\"><a href=\"https:\/\/www.youtube.com\/watch?v=0RS1dO43ITU\" target=\"_blank\" rel=\"noreferrer noopener\">RDC | Les travaux de r\u00e9habilitation et modernisation de la route Kalamba Mbuji au Kasa\u00ef\u00a0Central<\/a><\/figcaption><\/figure>\n","protected":false},"excerpt":{"rendered":"<p>Les travaux de r\u00e9habilitation et modernisation de la route kalamba mbuji dans la province du Kasa\u00ef central se poursuivent sans d\u00e9sempar\u00e9s malgr\u00e9 les pluies diluviennes qui s&#8217;abattent ces jours-ci dans cette partie du territoire. C&#8217;est le constat fait par la d\u00e9l\u00e9gation conduite par John kabeya Shikay gouverneur de province et Jean Mabi Mulumba directeur g\u00e9n\u00e9ral<\/p>\n","protected":false},"author":1,"featured_media":32025,"comment_status":"open","ping_status":"open","sticky":false,"template":"","format":"standard","meta":{"footnotes":""},"categories":[69],"tags":[],"class_list":["post-31932","post","type-post","status-publish","format-standard","has-post-thumbnail","hentry","category-actualites"],"yoast_head":"<!-- This site is optimized with the Yoast SEO plugin v26.7 - https:\/\/yoast.com\/wordpress\/plugins\/seo\/ -->\n<title>Modernisation et R\u00e9habilitation de la route Kalamba Mbuji : Les travaux vont bon train malgr\u00e9 les pluies diluviennes ! - Bureau Central de Coordination<\/title>\n<meta name=\"description\" content=\"Les travaux de r\u00e9habilitation et modernisation de la route kalamba mbuji dans la province du Kasa\u00ef central se poursuivent sans d\u00e9sempar\u00e9s malgr\u00e9 les pluies diluviennes qui s&#039;abattent ces jours-ci dans cette partie du territoire.\" \/>\n<meta name=\"robots\" content=\"index, follow, max-snippet:-1, max-image-preview:large, max-video-preview:-1\" \/>\n<link rel=\"canonical\" href=\"https:\/\/ikar.dev\/bceco-v2\/modernisation-et-rehabilitation-de-la-route-kalamba-mbuji-les-travaux-vont-bon-train-malgre-les-pluies-diluviennes\/\" \/>\n<meta property=\"og:locale\" content=\"en_US\" \/>\n<meta property=\"og:type\" content=\"article\" \/>\n<meta property=\"og:title\" content=\"Modernisation et R\u00e9habilitation de la route Kalamba Mbuji : Les travaux vont bon train malgr\u00e9 les pluies diluviennes ! - Bureau Central de Coordination\" \/>\n<meta property=\"og:description\" content=\"Les travaux de r\u00e9habilitation et modernisation de la route kalamba mbuji dans la province du Kasa\u00ef central se poursuivent sans d\u00e9sempar\u00e9s malgr\u00e9 les pluies diluviennes qui s&#039;abattent ces jours-ci dans cette partie du territoire.\" \/>\n<meta property=\"og:url\" content=\"https:\/\/ikar.dev\/bceco-v2\/modernisation-et-rehabilitation-de-la-route-kalamba-mbuji-les-travaux-vont-bon-train-malgre-les-pluies-diluviennes\/\" \/>\n<meta property=\"og:site_name\" content=\"Bureau Central de Coordination\" \/>\n<meta property=\"article:publisher\" content=\"https:\/\/www.facebook.com\/BCeCoRDC\" \/>\n<meta property=\"article:published_time\" content=\"2023-11-22T00:06:00+00:00\" \/>\n<meta property=\"article:modified_time\" content=\"2025-12-23T16:23:15+00:00\" \/>\n<meta property=\"og:image\" content=\"https:\/\/ikar.dev\/bceco-v2\/wp-content\/uploads\/2023\/11\/Modernisation-et-Rehabilitation-de-la-route-Kalamba-Mbuji-_-Les-travaux-vont-bon-train-malgre-les-pluies-diluviennes-4.jpg\" \/>\n\t<meta property=\"og:image:width\" content=\"1500\" \/>\n\t<meta property=\"og:image:height\" content=\"1000\" \/>\n\t<meta property=\"og:image:type\" content=\"image\/jpeg\" \/>\n<meta name=\"author\" content=\"bceco\" \/>\n<meta name=\"twitter:card\" content=\"summary_large_image\" \/>\n<meta name=\"twitter:creator\" content=\"@BCeCoRDC\" \/>\n<meta name=\"twitter:site\" content=\"@BCeCoRDC\" \/>\n<meta name=\"twitter:label1\" content=\"Written by\" \/>\n\t<meta name=\"twitter:data1\" content=\"bceco\" \/>\n\t<meta name=\"twitter:label2\" content=\"Est. reading time\" \/>\n\t<meta name=\"twitter:data2\" content=\"4 minutes\" \/>\n<script type=\"application\/ld+json\" class=\"yoast-schema-graph\">{\"@context\":\"https:\/\/schema.org\",\"@graph\":[{\"@type\":\"Article\",\"@id\":\"https:\/\/ikar.dev\/bceco-v2\/modernisation-et-rehabilitation-de-la-route-kalamba-mbuji-les-travaux-vont-bon-train-malgre-les-pluies-diluviennes\/#article\",\"isPartOf\":{\"@id\":\"https:\/\/ikar.dev\/bceco-v2\/modernisation-et-rehabilitation-de-la-route-kalamba-mbuji-les-travaux-vont-bon-train-malgre-les-pluies-diluviennes\/\"},\"author\":{\"name\":\"bceco\",\"@id\":\"https:\/\/ikar.dev\/bceco-v2\/#\/schema\/person\/6ee74807ffb016a78852fec6a295d503\"},\"headline\":\"Modernisation et R\u00e9habilitation de la route Kalamba Mbuji : Les travaux vont bon train malgr\u00e9 les pluies diluviennes !\",\"datePublished\":\"2023-11-22T00:06:00+00:00\",\"dateModified\":\"2025-12-23T16:23:15+00:00\",\"mainEntityOfPage\":{\"@id\":\"https:\/\/ikar.dev\/bceco-v2\/modernisation-et-rehabilitation-de-la-route-kalamba-mbuji-les-travaux-vont-bon-train-malgre-les-pluies-diluviennes\/\"},\"wordCount\":433,\"commentCount\":0,\"publisher\":{\"@id\":\"https:\/\/ikar.dev\/bceco-v2\/#organization\"},\"image\":{\"@id\":\"https:\/\/ikar.dev\/bceco-v2\/modernisation-et-rehabilitation-de-la-route-kalamba-mbuji-les-travaux-vont-bon-train-malgre-les-pluies-diluviennes\/#primaryimage\"},\"thumbnailUrl\":\"https:\/\/ikar.dev\/bceco-v2\/wp-content\/uploads\/2023\/11\/Modernisation-et-Rehabilitation-de-la-route-Kalamba-Mbuji-_-Les-travaux-vont-bon-train-malgre-les-pluies-diluviennes-4.jpg\",\"articleSection\":[\"Actualit\u00e9s\"],\"inLanguage\":\"en-US\",\"potentialAction\":[{\"@type\":\"CommentAction\",\"name\":\"Comment\",\"target\":[\"https:\/\/ikar.dev\/bceco-v2\/modernisation-et-rehabilitation-de-la-route-kalamba-mbuji-les-travaux-vont-bon-train-malgre-les-pluies-diluviennes\/#respond\"]}]},{\"@type\":\"WebPage\",\"@id\":\"https:\/\/ikar.dev\/bceco-v2\/modernisation-et-rehabilitation-de-la-route-kalamba-mbuji-les-travaux-vont-bon-train-malgre-les-pluies-diluviennes\/\",\"url\":\"https:\/\/ikar.dev\/bceco-v2\/modernisation-et-rehabilitation-de-la-route-kalamba-mbuji-les-travaux-vont-bon-train-malgre-les-pluies-diluviennes\/\",\"name\":\"Modernisation et R\u00e9habilitation de la route Kalamba Mbuji : Les travaux vont bon train malgr\u00e9 les pluies diluviennes ! - Bureau Central de Coordination\",\"isPartOf\":{\"@id\":\"https:\/\/ikar.dev\/bceco-v2\/#website\"},\"primaryImageOfPage\":{\"@id\":\"https:\/\/ikar.dev\/bceco-v2\/modernisation-et-rehabilitation-de-la-route-kalamba-mbuji-les-travaux-vont-bon-train-malgre-les-pluies-diluviennes\/#primaryimage\"},\"image\":{\"@id\":\"https:\/\/ikar.dev\/bceco-v2\/modernisation-et-rehabilitation-de-la-route-kalamba-mbuji-les-travaux-vont-bon-train-malgre-les-pluies-diluviennes\/#primaryimage\"},\"thumbnailUrl\":\"https:\/\/ikar.dev\/bceco-v2\/wp-content\/uploads\/2023\/11\/Modernisation-et-Rehabilitation-de-la-route-Kalamba-Mbuji-_-Les-travaux-vont-bon-train-malgre-les-pluies-diluviennes-4.jpg\",\"datePublished\":\"2023-11-22T00:06:00+00:00\",\"dateModified\":\"2025-12-23T16:23:15+00:00\",\"description\":\"Les travaux de r\u00e9habilitation et modernisation de la route kalamba mbuji dans la province du Kasa\u00ef central se poursuivent sans d\u00e9sempar\u00e9s malgr\u00e9 les pluies diluviennes qui s'abattent ces jours-ci dans cette partie du territoire.\",\"breadcrumb\":{\"@id\":\"https:\/\/ikar.dev\/bceco-v2\/modernisation-et-rehabilitation-de-la-route-kalamba-mbuji-les-travaux-vont-bon-train-malgre-les-pluies-diluviennes\/#breadcrumb\"},\"inLanguage\":\"en-US\",\"potentialAction\":[{\"@type\":\"ReadAction\",\"target\":[\"https:\/\/ikar.dev\/bceco-v2\/modernisation-et-rehabilitation-de-la-route-kalamba-mbuji-les-travaux-vont-bon-train-malgre-les-pluies-diluviennes\/\"]}]},{\"@type\":\"ImageObject\",\"inLanguage\":\"en-US\",\"@id\":\"https:\/\/ikar.dev\/bceco-v2\/modernisation-et-rehabilitation-de-la-route-kalamba-mbuji-les-travaux-vont-bon-train-malgre-les-pluies-diluviennes\/#primaryimage\",\"url\":\"https:\/\/ikar.dev\/bceco-v2\/wp-content\/uploads\/2023\/11\/Modernisation-et-Rehabilitation-de-la-route-Kalamba-Mbuji-_-Les-travaux-vont-bon-train-malgre-les-pluies-diluviennes-4.jpg\",\"contentUrl\":\"https:\/\/ikar.dev\/bceco-v2\/wp-content\/uploads\/2023\/11\/Modernisation-et-Rehabilitation-de-la-route-Kalamba-Mbuji-_-Les-travaux-vont-bon-train-malgre-les-pluies-diluviennes-4.jpg\",\"width\":1500,\"height\":1000,\"caption\":\"Modernisation et R\u00e9habilitation de la route Kalamba Mbuji : Les travaux vont bon train malgr\u00e9 les pluies diluviennes !\"},{\"@type\":\"BreadcrumbList\",\"@id\":\"https:\/\/ikar.dev\/bceco-v2\/modernisation-et-rehabilitation-de-la-route-kalamba-mbuji-les-travaux-vont-bon-train-malgre-les-pluies-diluviennes\/#breadcrumb\",\"itemListElement\":[{\"@type\":\"ListItem\",\"position\":1,\"name\":\"Accueil\",\"item\":\"https:\/\/ikar.dev\/bceco-v2\/\"},{\"@type\":\"ListItem\",\"position\":2,\"name\":\"Modernisation et R\u00e9habilitation de la route Kalamba Mbuji : Les travaux vont bon train malgr\u00e9 les pluies diluviennes !\"}]},{\"@type\":\"WebSite\",\"@id\":\"https:\/\/ikar.dev\/bceco-v2\/#website\",\"url\":\"https:\/\/ikar.dev\/bceco-v2\/\",\"name\":\"Bureau Central de Coordination\",\"description\":\"B.Ce.Co \u2013 Au c\u0153ur de l\u2019ex\u00e9cution des projets de d\u00e9veloppement en RDC\",\"publisher\":{\"@id\":\"https:\/\/ikar.dev\/bceco-v2\/#organization\"},\"potentialAction\":[{\"@type\":\"SearchAction\",\"target\":{\"@type\":\"EntryPoint\",\"urlTemplate\":\"https:\/\/ikar.dev\/bceco-v2\/?s={search_term_string}\"},\"query-input\":{\"@type\":\"PropertyValueSpecification\",\"valueRequired\":true,\"valueName\":\"search_term_string\"}}],\"inLanguage\":\"en-US\"},{\"@type\":\"Organization\",\"@id\":\"https:\/\/ikar.dev\/bceco-v2\/#organization\",\"name\":\"Bureau Central de Coordination\",\"url\":\"https:\/\/ikar.dev\/bceco-v2\/\",\"logo\":{\"@type\":\"ImageObject\",\"inLanguage\":\"en-US\",\"@id\":\"https:\/\/ikar.dev\/bceco-v2\/#\/schema\/logo\/image\/\",\"url\":\"https:\/\/ikar.dev\/bceco-v2\/wp-content\/uploads\/2025\/12\/BCECO-Bureau-Central-de-Coordination.jpg\",\"contentUrl\":\"https:\/\/ikar.dev\/bceco-v2\/wp-content\/uploads\/2025\/12\/BCECO-Bureau-Central-de-Coordination.jpg\",\"width\":2048,\"height\":2048,\"caption\":\"Bureau Central de Coordination\"},\"image\":{\"@id\":\"https:\/\/ikar.dev\/bceco-v2\/#\/schema\/logo\/image\/\"},\"sameAs\":[\"https:\/\/www.facebook.com\/BCeCoRDC\",\"https:\/\/x.com\/BCeCoRDC\"]},{\"@type\":\"Person\",\"@id\":\"https:\/\/ikar.dev\/bceco-v2\/#\/schema\/person\/6ee74807ffb016a78852fec6a295d503\",\"name\":\"bceco\",\"image\":{\"@type\":\"ImageObject\",\"inLanguage\":\"en-US\",\"@id\":\"https:\/\/ikar.dev\/bceco-v2\/#\/schema\/person\/image\/\",\"url\":\"https:\/\/secure.gravatar.com\/avatar\/55c07e1707f50774ef3c842c9d074773a6b558a20fbd1608c8e4871bc88f3455?s=96&d=mm&r=g\",\"contentUrl\":\"https:\/\/secure.gravatar.com\/avatar\/55c07e1707f50774ef3c842c9d074773a6b558a20fbd1608c8e4871bc88f3455?s=96&d=mm&r=g\",\"caption\":\"bceco\"},\"sameAs\":[\"https:\/\/ikar.dev\/bceco-v2\"],\"url\":\"https:\/\/ikar.dev\/bceco-v2\/author\/bceco\/\"}]}<\/script>\n<!-- \/ Yoast SEO plugin. -->","yoast_head_json":{"title":"Modernisation et R\u00e9habilitation de la route Kalamba Mbuji : Les travaux vont bon train malgr\u00e9 les pluies diluviennes ! - Bureau Central de Coordination","description":"Les travaux de r\u00e9habilitation et modernisation de la route kalamba mbuji dans la province du Kasa\u00ef central se poursuivent sans d\u00e9sempar\u00e9s malgr\u00e9 les pluies diluviennes qui s'abattent ces jours-ci dans cette partie du territoire.","robots":{"index":"index","follow":"follow","max-snippet":"max-snippet:-1","max-image-preview":"max-image-preview:large","max-video-preview":"max-video-preview:-1"},"canonical":"https:\/\/ikar.dev\/bceco-v2\/modernisation-et-rehabilitation-de-la-route-kalamba-mbuji-les-travaux-vont-bon-train-malgre-les-pluies-diluviennes\/","og_locale":"en_US","og_type":"article","og_title":"Modernisation et R\u00e9habilitation de la route Kalamba Mbuji : Les travaux vont bon train malgr\u00e9 les pluies diluviennes ! - Bureau Central de Coordination","og_description":"Les travaux de r\u00e9habilitation et modernisation de la route kalamba mbuji dans la province du Kasa\u00ef central se poursuivent sans d\u00e9sempar\u00e9s malgr\u00e9 les pluies diluviennes qui s'abattent ces jours-ci dans cette partie du territoire.","og_url":"https:\/\/ikar.dev\/bceco-v2\/modernisation-et-rehabilitation-de-la-route-kalamba-mbuji-les-travaux-vont-bon-train-malgre-les-pluies-diluviennes\/","og_site_name":"Bureau Central de Coordination","article_publisher":"https:\/\/www.facebook.com\/BCeCoRDC","article_published_time":"2023-11-22T00:06:00+00:00","article_modified_time":"2025-12-23T16:23:15+00:00","og_image":[{"width":1500,"height":1000,"url":"https:\/\/ikar.dev\/bceco-v2\/wp-content\/uploads\/2023\/11\/Modernisation-et-Rehabilitation-de-la-route-Kalamba-Mbuji-_-Les-travaux-vont-bon-train-malgre-les-pluies-diluviennes-4.jpg","type":"image\/jpeg"}],"author":"bceco","twitter_card":"summary_large_image","twitter_creator":"@BCeCoRDC","twitter_site":"@BCeCoRDC","twitter_misc":{"Written by":"bceco","Est. reading time":"4 minutes"},"schema":{"@context":"https:\/\/schema.org","@graph":[{"@type":"Article","@id":"https:\/\/ikar.dev\/bceco-v2\/modernisation-et-rehabilitation-de-la-route-kalamba-mbuji-les-travaux-vont-bon-train-malgre-les-pluies-diluviennes\/#article","isPartOf":{"@id":"https:\/\/ikar.dev\/bceco-v2\/modernisation-et-rehabilitation-de-la-route-kalamba-mbuji-les-travaux-vont-bon-train-malgre-les-pluies-diluviennes\/"},"author":{"name":"bceco","@id":"https:\/\/ikar.dev\/bceco-v2\/#\/schema\/person\/6ee74807ffb016a78852fec6a295d503"},"headline":"Modernisation et R\u00e9habilitation de la route Kalamba Mbuji : Les travaux vont bon train malgr\u00e9 les pluies diluviennes !","datePublished":"2023-11-22T00:06:00+00:00","dateModified":"2025-12-23T16:23:15+00:00","mainEntityOfPage":{"@id":"https:\/\/ikar.dev\/bceco-v2\/modernisation-et-rehabilitation-de-la-route-kalamba-mbuji-les-travaux-vont-bon-train-malgre-les-pluies-diluviennes\/"},"wordCount":433,"commentCount":0,"publisher":{"@id":"https:\/\/ikar.dev\/bceco-v2\/#organization"},"image":{"@id":"https:\/\/ikar.dev\/bceco-v2\/modernisation-et-rehabilitation-de-la-route-kalamba-mbuji-les-travaux-vont-bon-train-malgre-les-pluies-diluviennes\/#primaryimage"},"thumbnailUrl":"https:\/\/ikar.dev\/bceco-v2\/wp-content\/uploads\/2023\/11\/Modernisation-et-Rehabilitation-de-la-route-Kalamba-Mbuji-_-Les-travaux-vont-bon-train-malgre-les-pluies-diluviennes-4.jpg","articleSection":["Actualit\u00e9s"],"inLanguage":"en-US","potentialAction":[{"@type":"CommentAction","name":"Comment","target":["https:\/\/ikar.dev\/bceco-v2\/modernisation-et-rehabilitation-de-la-route-kalamba-mbuji-les-travaux-vont-bon-train-malgre-les-pluies-diluviennes\/#respond"]}]},{"@type":"WebPage","@id":"https:\/\/ikar.dev\/bceco-v2\/modernisation-et-rehabilitation-de-la-route-kalamba-mbuji-les-travaux-vont-bon-train-malgre-les-pluies-diluviennes\/","url":"https:\/\/ikar.dev\/bceco-v2\/modernisation-et-rehabilitation-de-la-route-kalamba-mbuji-les-travaux-vont-bon-train-malgre-les-pluies-diluviennes\/","name":"Modernisation et R\u00e9habilitation de la route Kalamba Mbuji : Les travaux vont bon train malgr\u00e9 les pluies diluviennes ! - Bureau Central de Coordination","isPartOf":{"@id":"https:\/\/ikar.dev\/bceco-v2\/#website"},"primaryImageOfPage":{"@id":"https:\/\/ikar.dev\/bceco-v2\/modernisation-et-rehabilitation-de-la-route-kalamba-mbuji-les-travaux-vont-bon-train-malgre-les-pluies-diluviennes\/#primaryimage"},"image":{"@id":"https:\/\/ikar.dev\/bceco-v2\/modernisation-et-rehabilitation-de-la-route-kalamba-mbuji-les-travaux-vont-bon-train-malgre-les-pluies-diluviennes\/#primaryimage"},"thumbnailUrl":"https:\/\/ikar.dev\/bceco-v2\/wp-content\/uploads\/2023\/11\/Modernisation-et-Rehabilitation-de-la-route-Kalamba-Mbuji-_-Les-travaux-vont-bon-train-malgre-les-pluies-diluviennes-4.jpg","datePublished":"2023-11-22T00:06:00+00:00","dateModified":"2025-12-23T16:23:15+00:00","description":"Les travaux de r\u00e9habilitation et modernisation de la route kalamba mbuji dans la province du Kasa\u00ef central se poursuivent sans d\u00e9sempar\u00e9s malgr\u00e9 les pluies diluviennes qui s'abattent ces jours-ci dans cette partie du territoire.","breadcrumb":{"@id":"https:\/\/ikar.dev\/bceco-v2\/modernisation-et-rehabilitation-de-la-route-kalamba-mbuji-les-travaux-vont-bon-train-malgre-les-pluies-diluviennes\/#breadcrumb"},"inLanguage":"en-US","potentialAction":[{"@type":"ReadAction","target":["https:\/\/ikar.dev\/bceco-v2\/modernisation-et-rehabilitation-de-la-route-kalamba-mbuji-les-travaux-vont-bon-train-malgre-les-pluies-diluviennes\/"]}]},{"@type":"ImageObject","inLanguage":"en-US","@id":"https:\/\/ikar.dev\/bceco-v2\/modernisation-et-rehabilitation-de-la-route-kalamba-mbuji-les-travaux-vont-bon-train-malgre-les-pluies-diluviennes\/#primaryimage","url":"https:\/\/ikar.dev\/bceco-v2\/wp-content\/uploads\/2023\/11\/Modernisation-et-Rehabilitation-de-la-route-Kalamba-Mbuji-_-Les-travaux-vont-bon-train-malgre-les-pluies-diluviennes-4.jpg","contentUrl":"https:\/\/ikar.dev\/bceco-v2\/wp-content\/uploads\/2023\/11\/Modernisation-et-Rehabilitation-de-la-route-Kalamba-Mbuji-_-Les-travaux-vont-bon-train-malgre-les-pluies-diluviennes-4.jpg","width":1500,"height":1000,"caption":"Modernisation et R\u00e9habilitation de la route Kalamba Mbuji : Les travaux vont bon train malgr\u00e9 les pluies diluviennes !"},{"@type":"BreadcrumbList","@id":"https:\/\/ikar.dev\/bceco-v2\/modernisation-et-rehabilitation-de-la-route-kalamba-mbuji-les-travaux-vont-bon-train-malgre-les-pluies-diluviennes\/#breadcrumb","itemListElement":[{"@type":"ListItem","position":1,"name":"Accueil","item":"https:\/\/ikar.dev\/bceco-v2\/"},{"@type":"ListItem","position":2,"name":"Modernisation et R\u00e9habilitation de la route Kalamba Mbuji : Les travaux vont bon train malgr\u00e9 les pluies diluviennes !"}]},{"@type":"WebSite","@id":"https:\/\/ikar.dev\/bceco-v2\/#website","url":"https:\/\/ikar.dev\/bceco-v2\/","name":"Bureau Central de Coordination","description":"B.Ce.Co \u2013 Au c\u0153ur de l\u2019ex\u00e9cution des projets de d\u00e9veloppement en RDC","publisher":{"@id":"https:\/\/ikar.dev\/bceco-v2\/#organization"},"potentialAction":[{"@type":"SearchAction","target":{"@type":"EntryPoint","urlTemplate":"https:\/\/ikar.dev\/bceco-v2\/?s={search_term_string}"},"query-input":{"@type":"PropertyValueSpecification","valueRequired":true,"valueName":"search_term_string"}}],"inLanguage":"en-US"},{"@type":"Organization","@id":"https:\/\/ikar.dev\/bceco-v2\/#organization","name":"Bureau Central de Coordination","url":"https:\/\/ikar.dev\/bceco-v2\/","logo":{"@type":"ImageObject","inLanguage":"en-US","@id":"https:\/\/ikar.dev\/bceco-v2\/#\/schema\/logo\/image\/","url":"https:\/\/ikar.dev\/bceco-v2\/wp-content\/uploads\/2025\/12\/BCECO-Bureau-Central-de-Coordination.jpg","contentUrl":"https:\/\/ikar.dev\/bceco-v2\/wp-content\/uploads\/2025\/12\/BCECO-Bureau-Central-de-Coordination.jpg","width":2048,"height":2048,"caption":"Bureau Central de Coordination"},"image":{"@id":"https:\/\/ikar.dev\/bceco-v2\/#\/schema\/logo\/image\/"},"sameAs":["https:\/\/www.facebook.com\/BCeCoRDC","https:\/\/x.com\/BCeCoRDC"]},{"@type":"Person","@id":"https:\/\/ikar.dev\/bceco-v2\/#\/schema\/person\/6ee74807ffb016a78852fec6a295d503","name":"bceco","image":{"@type":"ImageObject","inLanguage":"en-US","@id":"https:\/\/ikar.dev\/bceco-v2\/#\/schema\/person\/image\/","url":"https:\/\/secure.gravatar.com\/avatar\/55c07e1707f50774ef3c842c9d074773a6b558a20fbd1608c8e4871bc88f3455?s=96&d=mm&r=g","contentUrl":"https:\/\/secure.gravatar.com\/avatar\/55c07e1707f50774ef3c842c9d074773a6b558a20fbd1608c8e4871bc88f3455?s=96&d=mm&r=g","caption":"bceco"},"sameAs":["https:\/\/ikar.dev\/bceco-v2"],"url":"https:\/\/ikar.dev\/bceco-v2\/author\/bceco\/"}]}},"_links":{"self":[{"href":"https:\/\/ikar.dev\/bceco-v2\/wp-json\/wp\/v2\/posts\/31932","targetHints":{"allow":["GET"]}}],"collection":[{"href":"https:\/\/ikar.dev\/bceco-v2\/wp-json\/wp\/v2\/posts"}],"about":[{"href":"https:\/\/ikar.dev\/bceco-v2\/wp-json\/wp\/v2\/types\/post"}],"author":[{"embeddable":true,"href":"https:\/\/ikar.dev\/bceco-v2\/wp-json\/wp\/v2\/users\/1"}],"replies":[{"embeddable":true,"href":"https:\/\/ikar.dev\/bceco-v2\/wp-json\/wp\/v2\/comments?post=31932"}],"version-history":[{"count":1,"href":"https:\/\/ikar.dev\/bceco-v2\/wp-json\/wp\/v2\/posts\/31932\/revisions"}],"predecessor-version":[{"id":56346,"href":"https:\/\/ikar.dev\/bceco-v2\/wp-json\/wp\/v2\/posts\/31932\/revisions\/56346"}],"wp:featuredmedia":[{"embeddable":true,"href":"https:\/\/ikar.dev\/bceco-v2\/wp-json\/wp\/v2\/media\/32025"}],"wp:attachment":[{"href":"https:\/\/ikar.dev\/bceco-v2\/wp-json\/wp\/v2\/media?parent=31932"}],"wp:term":[{"taxonomy":"category","embeddable":true,"href":"https:\/\/ikar.dev\/bceco-v2\/wp-json\/wp\/v2\/categories?post=31932"},{"taxonomy":"post_tag","embeddable":true,"href":"https:\/\/ikar.dev\/bceco-v2\/wp-json\/wp\/v2\/tags?post=31932"}],"curies":[{"name":"wp","href":"https:\/\/api.w.org\/{rel}","templated":true}]}}