{"id":31921,"date":"2023-11-23T09:20:00","date_gmt":"2023-11-23T09:20:00","guid":{"rendered":"https:\/\/bceco.cd\/?p=31921"},"modified":"2025-12-23T17:23:20","modified_gmt":"2025-12-23T16:23:20","slug":"pdl-145t-john-kabeya-remet-officiellement-lep-muana-bute-aux-beneficiaires","status":"publish","type":"post","link":"https:\/\/ikar.dev\/bceco-v2\/pdl-145t-john-kabeya-remet-officiellement-lep-muana-bute-aux-beneficiaires\/","title":{"rendered":"PDL 145T: John Kabeya remet officiellement l&#8217;Ep MUANA BUT\u00c9 aux b\u00e9n\u00e9ficiaires !"},"content":{"rendered":"<p style=\"text-align: justify;\">Le gouverneur du Kasa\u00ef central John Kabeya Shikay a remis provisoirement les cl\u00e9s de l&#8217;\u00e9cole primaire MUANA BUT\u00c9 aux b\u00e9n\u00e9ficiaires.<\/p>\n<p style=\"text-align: justify;\">Situ\u00e9e \u00e0 \u00b1 50 km du chef-lieu kananga dans le secteur de Matamba en territoire de Kazumba dans la province du Kasa\u00ef Central l&#8217;Ep MUANA BUT\u00c9 est construit dans le cadre du programme de d\u00e9veloppement local des 145 territoires.<\/p>\n<p style=\"text-align: justify;\">En effet, la d\u00e9l\u00e9gation compos\u00e9e de Jean Mabi directeur g\u00e9n\u00e9ral du bceco et de John Kabeya Shikay gouverneur de province s&#8217;est rendue sur place dans le territoire ci haut cit\u00e9. Accueillie en grande pompe sous l&#8217;ambiance des fanfares, chants et danses cette d\u00e9l\u00e9gation a proc\u00e9d\u00e9 ce mercredi 22 novembre 2023 dans la matin\u00e9e \u00e0 la remise de l&#8217;ouvrage.<\/p>\n<p style=\"text-align: justify;\">Le directeur de cette \u00e9cole heureux et confiant du devenir de son institution a lanc\u00e9 un message de remerciement \u00e0 l&#8217;endroit du pr\u00e9sident de la r\u00e9publique F\u00e9lix Antoine Tshisekedi, initiateur du projet. John Kabeya a lui demandait aux \u00e9l\u00e8ves ainsi qu&#8217;aux personnels d&#8217;\u00e9cole d&#8217;en faire bon usage.<\/p>\n<p style=\"text-align: justify;\">Il faut noter que pour la premi\u00e8re phase de l&#8217;ex\u00e9cution de ce projet 731 ouvrages \u00e9taient confi\u00e9s au bceco, \u00e0 l&#8217;heure actuelle 183 ouvrages ( 103 \u00e9coles et 80 centres de sant\u00e9) sur les 313 ouvrages confi\u00e9s aux agences locales d&#8217;ex\u00e9cution sont r\u00e9ceptionn\u00e9s , les travaux des 50 ouvrages sont \u00e0 l&#8217;arr\u00eat dans les provinces du nord Kivu et de l&#8217;ituri de suite de l&#8217;ins\u00e9curit\u00e9 et pr\u00e8s d&#8217;une centaine seront remis d&#8217;ici peu.<\/p>\n<p style=\"text-align: justify;\">Quant aux petites et moyennes entreprises PME les travaux avancent \u00e0 pas de g\u00e9ant et seront remis aux autorit\u00e9s incessamment.<\/p>\n\n\n<figure class=\"wp-block-embed is-type-video is-provider-youtube wp-block-embed-youtube wp-embed-aspect-16-9 wp-has-aspect-ratio\"><div class=\"wp-block-embed__wrapper\">\n<iframe title=\"RDC | PDL-145 T. EN MARCHE : Remise provisoire de l&#039;\u00e9cole primaire MUANA BUTE en terr. de Kazumba\" width=\"500\" height=\"281\" src=\"https:\/\/www.youtube.com\/embed\/5-Id4lGHlN0?feature=oembed\" frameborder=\"0\" allow=\"accelerometer; autoplay; clipboard-write; encrypted-media; gyroscope; picture-in-picture; web-share\" referrerpolicy=\"strict-origin-when-cross-origin\" allowfullscreen><\/iframe>\n<\/div><figcaption class=\"wp-element-caption\"><a href=\"https:\/\/www.youtube.com\/watch?v=5-Id4lGHlN0\" target=\"_blank\" rel=\"noreferrer noopener\">RDC | PDL-145 T. EN MARCHE : Remise provisoire de l&#8217;\u00e9cole primaire MUANA BUTE en terre de Kazumba<\/a><\/figcaption><\/figure>\n","protected":false},"excerpt":{"rendered":"<p>Le gouverneur du Kasa\u00ef central John Kabeya Shikay a remis provisoirement les cl\u00e9s de l&#8217;\u00e9cole primaire MUANA BUT\u00c9 aux b\u00e9n\u00e9ficiaires. Situ\u00e9e \u00e0 \u00b1 50 km du chef-lieu kananga dans le secteur de Matamba en territoire de Kazumba dans la province du Kasa\u00ef Central l&#8217;Ep MUANA BUT\u00c9 est construit dans le cadre du programme de d\u00e9veloppement<\/p>\n","protected":false},"author":1,"featured_media":31920,"comment_status":"open","ping_status":"open","sticky":false,"template":"","format":"standard","meta":{"footnotes":""},"categories":[69],"tags":[],"class_list":["post-31921","post","type-post","status-publish","format-standard","has-post-thumbnail","hentry","category-actualites"],"yoast_head":"<!-- This site is optimized with the Yoast SEO plugin v26.7 - https:\/\/yoast.com\/wordpress\/plugins\/seo\/ -->\n<title>PDL 145T: John Kabeya remet officiellement l&#039;Ep MUANA BUT\u00c9 aux b\u00e9n\u00e9ficiaires ! - Bureau Central de Coordination<\/title>\n<meta name=\"description\" content=\"Le gouverneur du Kasa\u00ef central John Kabeya Shikay a remis provisoirement les cl\u00e9s de l&#039;\u00e9cole primaire MUANA BUT\u00c9 aux b\u00e9n\u00e9ficiaires.\" \/>\n<meta name=\"robots\" content=\"index, follow, max-snippet:-1, max-image-preview:large, max-video-preview:-1\" \/>\n<link rel=\"canonical\" href=\"https:\/\/ikar.dev\/bceco-v2\/pdl-145t-john-kabeya-remet-officiellement-lep-muana-bute-aux-beneficiaires\/\" \/>\n<meta property=\"og:locale\" content=\"en_US\" \/>\n<meta property=\"og:type\" content=\"article\" \/>\n<meta property=\"og:title\" content=\"PDL 145T: John Kabeya remet officiellement l&#039;Ep MUANA BUT\u00c9 aux b\u00e9n\u00e9ficiaires ! - Bureau Central de Coordination\" \/>\n<meta property=\"og:description\" content=\"Le gouverneur du Kasa\u00ef central John Kabeya Shikay a remis provisoirement les cl\u00e9s de l&#039;\u00e9cole primaire MUANA BUT\u00c9 aux b\u00e9n\u00e9ficiaires.\" \/>\n<meta property=\"og:url\" content=\"https:\/\/ikar.dev\/bceco-v2\/pdl-145t-john-kabeya-remet-officiellement-lep-muana-bute-aux-beneficiaires\/\" \/>\n<meta property=\"og:site_name\" content=\"Bureau Central de Coordination\" \/>\n<meta property=\"article:publisher\" content=\"https:\/\/www.facebook.com\/BCeCoRDC\" \/>\n<meta property=\"article:published_time\" content=\"2023-11-23T09:20:00+00:00\" \/>\n<meta property=\"article:modified_time\" content=\"2025-12-23T16:23:20+00:00\" \/>\n<meta property=\"og:image\" content=\"https:\/\/ikar.dev\/bceco-v2\/wp-content\/uploads\/2023\/12\/Provinces-dintervention-du-BCECO.webp\" \/>\n\t<meta property=\"og:image:width\" content=\"2048\" \/>\n\t<meta property=\"og:image:height\" content=\"1448\" \/>\n\t<meta property=\"og:image:type\" content=\"image\/webp\" \/>\n<meta name=\"author\" content=\"bceco\" \/>\n<meta name=\"twitter:card\" content=\"summary_large_image\" \/>\n<meta name=\"twitter:creator\" content=\"@BCeCoRDC\" \/>\n<meta name=\"twitter:site\" content=\"@BCeCoRDC\" \/>\n<meta name=\"twitter:label1\" content=\"Written by\" \/>\n\t<meta name=\"twitter:data1\" content=\"bceco\" \/>\n\t<meta name=\"twitter:label2\" content=\"Est. reading time\" \/>\n\t<meta name=\"twitter:data2\" content=\"2 minutes\" \/>\n<script type=\"application\/ld+json\" class=\"yoast-schema-graph\">{\"@context\":\"https:\/\/schema.org\",\"@graph\":[{\"@type\":\"Article\",\"@id\":\"https:\/\/ikar.dev\/bceco-v2\/pdl-145t-john-kabeya-remet-officiellement-lep-muana-bute-aux-beneficiaires\/#article\",\"isPartOf\":{\"@id\":\"https:\/\/ikar.dev\/bceco-v2\/pdl-145t-john-kabeya-remet-officiellement-lep-muana-bute-aux-beneficiaires\/\"},\"author\":{\"name\":\"bceco\",\"@id\":\"https:\/\/ikar.dev\/bceco-v2\/#\/schema\/person\/6ee74807ffb016a78852fec6a295d503\"},\"headline\":\"PDL 145T: John Kabeya remet officiellement l&#8217;Ep MUANA BUT\u00c9 aux b\u00e9n\u00e9ficiaires !\",\"datePublished\":\"2023-11-23T09:20:00+00:00\",\"dateModified\":\"2025-12-23T16:23:20+00:00\",\"mainEntityOfPage\":{\"@id\":\"https:\/\/ikar.dev\/bceco-v2\/pdl-145t-john-kabeya-remet-officiellement-lep-muana-bute-aux-beneficiaires\/\"},\"wordCount\":324,\"commentCount\":0,\"publisher\":{\"@id\":\"https:\/\/ikar.dev\/bceco-v2\/#organization\"},\"image\":{\"@id\":\"https:\/\/ikar.dev\/bceco-v2\/pdl-145t-john-kabeya-remet-officiellement-lep-muana-bute-aux-beneficiaires\/#primaryimage\"},\"thumbnailUrl\":\"https:\/\/ikar.dev\/bceco-v2\/wp-content\/uploads\/2023\/12\/Provinces-dintervention-du-BCECO.webp\",\"articleSection\":[\"Actualit\u00e9s\"],\"inLanguage\":\"en-US\",\"potentialAction\":[{\"@type\":\"CommentAction\",\"name\":\"Comment\",\"target\":[\"https:\/\/ikar.dev\/bceco-v2\/pdl-145t-john-kabeya-remet-officiellement-lep-muana-bute-aux-beneficiaires\/#respond\"]}]},{\"@type\":\"WebPage\",\"@id\":\"https:\/\/ikar.dev\/bceco-v2\/pdl-145t-john-kabeya-remet-officiellement-lep-muana-bute-aux-beneficiaires\/\",\"url\":\"https:\/\/ikar.dev\/bceco-v2\/pdl-145t-john-kabeya-remet-officiellement-lep-muana-bute-aux-beneficiaires\/\",\"name\":\"PDL 145T: John Kabeya remet officiellement l'Ep MUANA BUT\u00c9 aux b\u00e9n\u00e9ficiaires ! - Bureau Central de Coordination\",\"isPartOf\":{\"@id\":\"https:\/\/ikar.dev\/bceco-v2\/#website\"},\"primaryImageOfPage\":{\"@id\":\"https:\/\/ikar.dev\/bceco-v2\/pdl-145t-john-kabeya-remet-officiellement-lep-muana-bute-aux-beneficiaires\/#primaryimage\"},\"image\":{\"@id\":\"https:\/\/ikar.dev\/bceco-v2\/pdl-145t-john-kabeya-remet-officiellement-lep-muana-bute-aux-beneficiaires\/#primaryimage\"},\"thumbnailUrl\":\"https:\/\/ikar.dev\/bceco-v2\/wp-content\/uploads\/2023\/12\/Provinces-dintervention-du-BCECO.webp\",\"datePublished\":\"2023-11-23T09:20:00+00:00\",\"dateModified\":\"2025-12-23T16:23:20+00:00\",\"description\":\"Le gouverneur du Kasa\u00ef central John Kabeya Shikay a remis provisoirement les cl\u00e9s de l'\u00e9cole primaire MUANA BUT\u00c9 aux b\u00e9n\u00e9ficiaires.\",\"breadcrumb\":{\"@id\":\"https:\/\/ikar.dev\/bceco-v2\/pdl-145t-john-kabeya-remet-officiellement-lep-muana-bute-aux-beneficiaires\/#breadcrumb\"},\"inLanguage\":\"en-US\",\"potentialAction\":[{\"@type\":\"ReadAction\",\"target\":[\"https:\/\/ikar.dev\/bceco-v2\/pdl-145t-john-kabeya-remet-officiellement-lep-muana-bute-aux-beneficiaires\/\"]}]},{\"@type\":\"ImageObject\",\"inLanguage\":\"en-US\",\"@id\":\"https:\/\/ikar.dev\/bceco-v2\/pdl-145t-john-kabeya-remet-officiellement-lep-muana-bute-aux-beneficiaires\/#primaryimage\",\"url\":\"https:\/\/ikar.dev\/bceco-v2\/wp-content\/uploads\/2023\/12\/Provinces-dintervention-du-BCECO.webp\",\"contentUrl\":\"https:\/\/ikar.dev\/bceco-v2\/wp-content\/uploads\/2023\/12\/Provinces-dintervention-du-BCECO.webp\",\"width\":2048,\"height\":1448,\"caption\":\"Modernisation et R\u00e9habilitation de la route Kalamba Mbuji : Les travaux vont bon train malgr\u00e9 les pluies diluviennes !\"},{\"@type\":\"BreadcrumbList\",\"@id\":\"https:\/\/ikar.dev\/bceco-v2\/pdl-145t-john-kabeya-remet-officiellement-lep-muana-bute-aux-beneficiaires\/#breadcrumb\",\"itemListElement\":[{\"@type\":\"ListItem\",\"position\":1,\"name\":\"Accueil\",\"item\":\"https:\/\/ikar.dev\/bceco-v2\/\"},{\"@type\":\"ListItem\",\"position\":2,\"name\":\"PDL 145T: John Kabeya remet officiellement l&rsquo;Ep MUANA BUT\u00c9 aux b\u00e9n\u00e9ficiaires !\"}]},{\"@type\":\"WebSite\",\"@id\":\"https:\/\/ikar.dev\/bceco-v2\/#website\",\"url\":\"https:\/\/ikar.dev\/bceco-v2\/\",\"name\":\"Bureau Central de Coordination\",\"description\":\"B.Ce.Co \u2013 Au c\u0153ur de l\u2019ex\u00e9cution des projets de d\u00e9veloppement en RDC\",\"publisher\":{\"@id\":\"https:\/\/ikar.dev\/bceco-v2\/#organization\"},\"potentialAction\":[{\"@type\":\"SearchAction\",\"target\":{\"@type\":\"EntryPoint\",\"urlTemplate\":\"https:\/\/ikar.dev\/bceco-v2\/?s={search_term_string}\"},\"query-input\":{\"@type\":\"PropertyValueSpecification\",\"valueRequired\":true,\"valueName\":\"search_term_string\"}}],\"inLanguage\":\"en-US\"},{\"@type\":\"Organization\",\"@id\":\"https:\/\/ikar.dev\/bceco-v2\/#organization\",\"name\":\"Bureau Central de Coordination\",\"url\":\"https:\/\/ikar.dev\/bceco-v2\/\",\"logo\":{\"@type\":\"ImageObject\",\"inLanguage\":\"en-US\",\"@id\":\"https:\/\/ikar.dev\/bceco-v2\/#\/schema\/logo\/image\/\",\"url\":\"https:\/\/ikar.dev\/bceco-v2\/wp-content\/uploads\/2025\/12\/BCECO-Bureau-Central-de-Coordination.jpg\",\"contentUrl\":\"https:\/\/ikar.dev\/bceco-v2\/wp-content\/uploads\/2025\/12\/BCECO-Bureau-Central-de-Coordination.jpg\",\"width\":2048,\"height\":2048,\"caption\":\"Bureau Central de Coordination\"},\"image\":{\"@id\":\"https:\/\/ikar.dev\/bceco-v2\/#\/schema\/logo\/image\/\"},\"sameAs\":[\"https:\/\/www.facebook.com\/BCeCoRDC\",\"https:\/\/x.com\/BCeCoRDC\"]},{\"@type\":\"Person\",\"@id\":\"https:\/\/ikar.dev\/bceco-v2\/#\/schema\/person\/6ee74807ffb016a78852fec6a295d503\",\"name\":\"bceco\",\"image\":{\"@type\":\"ImageObject\",\"inLanguage\":\"en-US\",\"@id\":\"https:\/\/ikar.dev\/bceco-v2\/#\/schema\/person\/image\/\",\"url\":\"https:\/\/secure.gravatar.com\/avatar\/55c07e1707f50774ef3c842c9d074773a6b558a20fbd1608c8e4871bc88f3455?s=96&d=mm&r=g\",\"contentUrl\":\"https:\/\/secure.gravatar.com\/avatar\/55c07e1707f50774ef3c842c9d074773a6b558a20fbd1608c8e4871bc88f3455?s=96&d=mm&r=g\",\"caption\":\"bceco\"},\"sameAs\":[\"https:\/\/ikar.dev\/bceco-v2\"],\"url\":\"https:\/\/ikar.dev\/bceco-v2\/author\/bceco\/\"}]}<\/script>\n<!-- \/ Yoast SEO plugin. -->","yoast_head_json":{"title":"PDL 145T: John Kabeya remet officiellement l'Ep MUANA BUT\u00c9 aux b\u00e9n\u00e9ficiaires ! - Bureau Central de Coordination","description":"Le gouverneur du Kasa\u00ef central John Kabeya Shikay a remis provisoirement les cl\u00e9s de l'\u00e9cole primaire MUANA BUT\u00c9 aux b\u00e9n\u00e9ficiaires.","robots":{"index":"index","follow":"follow","max-snippet":"max-snippet:-1","max-image-preview":"max-image-preview:large","max-video-preview":"max-video-preview:-1"},"canonical":"https:\/\/ikar.dev\/bceco-v2\/pdl-145t-john-kabeya-remet-officiellement-lep-muana-bute-aux-beneficiaires\/","og_locale":"en_US","og_type":"article","og_title":"PDL 145T: John Kabeya remet officiellement l'Ep MUANA BUT\u00c9 aux b\u00e9n\u00e9ficiaires ! - Bureau Central de Coordination","og_description":"Le gouverneur du Kasa\u00ef central John Kabeya Shikay a remis provisoirement les cl\u00e9s de l'\u00e9cole primaire MUANA BUT\u00c9 aux b\u00e9n\u00e9ficiaires.","og_url":"https:\/\/ikar.dev\/bceco-v2\/pdl-145t-john-kabeya-remet-officiellement-lep-muana-bute-aux-beneficiaires\/","og_site_name":"Bureau Central de Coordination","article_publisher":"https:\/\/www.facebook.com\/BCeCoRDC","article_published_time":"2023-11-23T09:20:00+00:00","article_modified_time":"2025-12-23T16:23:20+00:00","og_image":[{"width":2048,"height":1448,"url":"https:\/\/ikar.dev\/bceco-v2\/wp-content\/uploads\/2023\/12\/Provinces-dintervention-du-BCECO.webp","type":"image\/webp"}],"author":"bceco","twitter_card":"summary_large_image","twitter_creator":"@BCeCoRDC","twitter_site":"@BCeCoRDC","twitter_misc":{"Written by":"bceco","Est. reading time":"2 minutes"},"schema":{"@context":"https:\/\/schema.org","@graph":[{"@type":"Article","@id":"https:\/\/ikar.dev\/bceco-v2\/pdl-145t-john-kabeya-remet-officiellement-lep-muana-bute-aux-beneficiaires\/#article","isPartOf":{"@id":"https:\/\/ikar.dev\/bceco-v2\/pdl-145t-john-kabeya-remet-officiellement-lep-muana-bute-aux-beneficiaires\/"},"author":{"name":"bceco","@id":"https:\/\/ikar.dev\/bceco-v2\/#\/schema\/person\/6ee74807ffb016a78852fec6a295d503"},"headline":"PDL 145T: John Kabeya remet officiellement l&#8217;Ep MUANA BUT\u00c9 aux b\u00e9n\u00e9ficiaires !","datePublished":"2023-11-23T09:20:00+00:00","dateModified":"2025-12-23T16:23:20+00:00","mainEntityOfPage":{"@id":"https:\/\/ikar.dev\/bceco-v2\/pdl-145t-john-kabeya-remet-officiellement-lep-muana-bute-aux-beneficiaires\/"},"wordCount":324,"commentCount":0,"publisher":{"@id":"https:\/\/ikar.dev\/bceco-v2\/#organization"},"image":{"@id":"https:\/\/ikar.dev\/bceco-v2\/pdl-145t-john-kabeya-remet-officiellement-lep-muana-bute-aux-beneficiaires\/#primaryimage"},"thumbnailUrl":"https:\/\/ikar.dev\/bceco-v2\/wp-content\/uploads\/2023\/12\/Provinces-dintervention-du-BCECO.webp","articleSection":["Actualit\u00e9s"],"inLanguage":"en-US","potentialAction":[{"@type":"CommentAction","name":"Comment","target":["https:\/\/ikar.dev\/bceco-v2\/pdl-145t-john-kabeya-remet-officiellement-lep-muana-bute-aux-beneficiaires\/#respond"]}]},{"@type":"WebPage","@id":"https:\/\/ikar.dev\/bceco-v2\/pdl-145t-john-kabeya-remet-officiellement-lep-muana-bute-aux-beneficiaires\/","url":"https:\/\/ikar.dev\/bceco-v2\/pdl-145t-john-kabeya-remet-officiellement-lep-muana-bute-aux-beneficiaires\/","name":"PDL 145T: John Kabeya remet officiellement l'Ep MUANA BUT\u00c9 aux b\u00e9n\u00e9ficiaires ! - Bureau Central de Coordination","isPartOf":{"@id":"https:\/\/ikar.dev\/bceco-v2\/#website"},"primaryImageOfPage":{"@id":"https:\/\/ikar.dev\/bceco-v2\/pdl-145t-john-kabeya-remet-officiellement-lep-muana-bute-aux-beneficiaires\/#primaryimage"},"image":{"@id":"https:\/\/ikar.dev\/bceco-v2\/pdl-145t-john-kabeya-remet-officiellement-lep-muana-bute-aux-beneficiaires\/#primaryimage"},"thumbnailUrl":"https:\/\/ikar.dev\/bceco-v2\/wp-content\/uploads\/2023\/12\/Provinces-dintervention-du-BCECO.webp","datePublished":"2023-11-23T09:20:00+00:00","dateModified":"2025-12-23T16:23:20+00:00","description":"Le gouverneur du Kasa\u00ef central John Kabeya Shikay a remis provisoirement les cl\u00e9s de l'\u00e9cole primaire MUANA BUT\u00c9 aux b\u00e9n\u00e9ficiaires.","breadcrumb":{"@id":"https:\/\/ikar.dev\/bceco-v2\/pdl-145t-john-kabeya-remet-officiellement-lep-muana-bute-aux-beneficiaires\/#breadcrumb"},"inLanguage":"en-US","potentialAction":[{"@type":"ReadAction","target":["https:\/\/ikar.dev\/bceco-v2\/pdl-145t-john-kabeya-remet-officiellement-lep-muana-bute-aux-beneficiaires\/"]}]},{"@type":"ImageObject","inLanguage":"en-US","@id":"https:\/\/ikar.dev\/bceco-v2\/pdl-145t-john-kabeya-remet-officiellement-lep-muana-bute-aux-beneficiaires\/#primaryimage","url":"https:\/\/ikar.dev\/bceco-v2\/wp-content\/uploads\/2023\/12\/Provinces-dintervention-du-BCECO.webp","contentUrl":"https:\/\/ikar.dev\/bceco-v2\/wp-content\/uploads\/2023\/12\/Provinces-dintervention-du-BCECO.webp","width":2048,"height":1448,"caption":"Modernisation et R\u00e9habilitation de la route Kalamba Mbuji : Les travaux vont bon train malgr\u00e9 les pluies diluviennes !"},{"@type":"BreadcrumbList","@id":"https:\/\/ikar.dev\/bceco-v2\/pdl-145t-john-kabeya-remet-officiellement-lep-muana-bute-aux-beneficiaires\/#breadcrumb","itemListElement":[{"@type":"ListItem","position":1,"name":"Accueil","item":"https:\/\/ikar.dev\/bceco-v2\/"},{"@type":"ListItem","position":2,"name":"PDL 145T: John Kabeya remet officiellement l&rsquo;Ep MUANA BUT\u00c9 aux b\u00e9n\u00e9ficiaires !"}]},{"@type":"WebSite","@id":"https:\/\/ikar.dev\/bceco-v2\/#website","url":"https:\/\/ikar.dev\/bceco-v2\/","name":"Bureau Central de Coordination","description":"B.Ce.Co \u2013 Au c\u0153ur de l\u2019ex\u00e9cution des projets de d\u00e9veloppement en RDC","publisher":{"@id":"https:\/\/ikar.dev\/bceco-v2\/#organization"},"potentialAction":[{"@type":"SearchAction","target":{"@type":"EntryPoint","urlTemplate":"https:\/\/ikar.dev\/bceco-v2\/?s={search_term_string}"},"query-input":{"@type":"PropertyValueSpecification","valueRequired":true,"valueName":"search_term_string"}}],"inLanguage":"en-US"},{"@type":"Organization","@id":"https:\/\/ikar.dev\/bceco-v2\/#organization","name":"Bureau Central de Coordination","url":"https:\/\/ikar.dev\/bceco-v2\/","logo":{"@type":"ImageObject","inLanguage":"en-US","@id":"https:\/\/ikar.dev\/bceco-v2\/#\/schema\/logo\/image\/","url":"https:\/\/ikar.dev\/bceco-v2\/wp-content\/uploads\/2025\/12\/BCECO-Bureau-Central-de-Coordination.jpg","contentUrl":"https:\/\/ikar.dev\/bceco-v2\/wp-content\/uploads\/2025\/12\/BCECO-Bureau-Central-de-Coordination.jpg","width":2048,"height":2048,"caption":"Bureau Central de Coordination"},"image":{"@id":"https:\/\/ikar.dev\/bceco-v2\/#\/schema\/logo\/image\/"},"sameAs":["https:\/\/www.facebook.com\/BCeCoRDC","https:\/\/x.com\/BCeCoRDC"]},{"@type":"Person","@id":"https:\/\/ikar.dev\/bceco-v2\/#\/schema\/person\/6ee74807ffb016a78852fec6a295d503","name":"bceco","image":{"@type":"ImageObject","inLanguage":"en-US","@id":"https:\/\/ikar.dev\/bceco-v2\/#\/schema\/person\/image\/","url":"https:\/\/secure.gravatar.com\/avatar\/55c07e1707f50774ef3c842c9d074773a6b558a20fbd1608c8e4871bc88f3455?s=96&d=mm&r=g","contentUrl":"https:\/\/secure.gravatar.com\/avatar\/55c07e1707f50774ef3c842c9d074773a6b558a20fbd1608c8e4871bc88f3455?s=96&d=mm&r=g","caption":"bceco"},"sameAs":["https:\/\/ikar.dev\/bceco-v2"],"url":"https:\/\/ikar.dev\/bceco-v2\/author\/bceco\/"}]}},"_links":{"self":[{"href":"https:\/\/ikar.dev\/bceco-v2\/wp-json\/wp\/v2\/posts\/31921","targetHints":{"allow":["GET"]}}],"collection":[{"href":"https:\/\/ikar.dev\/bceco-v2\/wp-json\/wp\/v2\/posts"}],"about":[{"href":"https:\/\/ikar.dev\/bceco-v2\/wp-json\/wp\/v2\/types\/post"}],"author":[{"embeddable":true,"href":"https:\/\/ikar.dev\/bceco-v2\/wp-json\/wp\/v2\/users\/1"}],"replies":[{"embeddable":true,"href":"https:\/\/ikar.dev\/bceco-v2\/wp-json\/wp\/v2\/comments?post=31921"}],"version-history":[{"count":1,"href":"https:\/\/ikar.dev\/bceco-v2\/wp-json\/wp\/v2\/posts\/31921\/revisions"}],"predecessor-version":[{"id":56347,"href":"https:\/\/ikar.dev\/bceco-v2\/wp-json\/wp\/v2\/posts\/31921\/revisions\/56347"}],"wp:featuredmedia":[{"embeddable":true,"href":"https:\/\/ikar.dev\/bceco-v2\/wp-json\/wp\/v2\/media\/31920"}],"wp:attachment":[{"href":"https:\/\/ikar.dev\/bceco-v2\/wp-json\/wp\/v2\/media?parent=31921"}],"wp:term":[{"taxonomy":"category","embeddable":true,"href":"https:\/\/ikar.dev\/bceco-v2\/wp-json\/wp\/v2\/categories?post=31921"},{"taxonomy":"post_tag","embeddable":true,"href":"https:\/\/ikar.dev\/bceco-v2\/wp-json\/wp\/v2\/tags?post=31921"}],"curies":[{"name":"wp","href":"https:\/\/api.w.org\/{rel}","templated":true}]}}