{"id":31918,"date":"2023-11-24T17:10:00","date_gmt":"2023-11-24T17:10:00","guid":{"rendered":"https:\/\/bceco.cd\/?p=31918"},"modified":"2025-12-23T17:23:34","modified_gmt":"2025-12-23T16:23:34","slug":"voirie-urbaine-de-kananga-jean-mabi-sur-terrain-pour-suivre-les-travaux","status":"publish","type":"post","link":"https:\/\/ikar.dev\/bceco-v2\/voirie-urbaine-de-kananga-jean-mabi-sur-terrain-pour-suivre-les-travaux\/","title":{"rendered":"Voirie urbaine de Kananga : Jean Mabi sur terrain pour suivre les travaux !"},"content":{"rendered":"<p style=\"text-align: justify; margin-top: 15px;\">Le Bureau Central de Coordination avait sign\u00e9 il ya quelques mois un contrat avec l\u2019entreprise safrimex en vue de la r\u00e9habilitation de la voirie urbaine dans la ville de kananga pour suivre de pr\u00e8s l\u2019\u00e9volution des travaux .<\/p>\n<p style=\"text-align: justify;\">Le directeur g\u00e9n\u00e9ral du bureau central de coordination Bceco Jean Mabi a effectu\u00e9 une descente sur terrain en date du 23 novembre 2023.<\/p>\n<p style=\"text-align: justify;\">Durant pr\u00e8s de 8heures le num\u00e9ro1 du bceco a parcouru toute la ville , avenue apr\u00e8s avenue, commune apr\u00e8s commune inspectant le travail r\u00e9alis\u00e9 par le prestataire.<\/p>\n<p style=\"text-align: justify;\">Au total 5 communes sont concern\u00e9es par ce contrat il s\u2019agit notamment de la commune de katoka, ndesha, nganza, kananga et lukonga.<\/p>\n\n\n<figure class=\"wp-block-gallery has-nested-images columns-default is-cropped wp-block-gallery-1 is-layout-flex wp-block-gallery-is-layout-flex\">\n<figure class=\"wp-block-image size-large\"><img fetchpriority=\"high\" decoding=\"async\" width=\"1500\" height=\"1000\" data-id=\"32005\" src=\"https:\/\/ikar.dev\/bceco-v2\/wp-content\/uploads\/2023\/11\/Voirie-urbaine-de-Kananga-_-Jean-Mabi-sur-terrain-pour-suivre-les-travaux-2.jpg\" alt=\"\" class=\"wp-image-32005\" srcset=\"https:\/\/ikar.dev\/bceco-v2\/wp-content\/uploads\/2023\/11\/Voirie-urbaine-de-Kananga-_-Jean-Mabi-sur-terrain-pour-suivre-les-travaux-2.jpg 1500w, https:\/\/ikar.dev\/bceco-v2\/wp-content\/uploads\/2023\/11\/Voirie-urbaine-de-Kananga-_-Jean-Mabi-sur-terrain-pour-suivre-les-travaux-2-768x512.jpg 768w, https:\/\/ikar.dev\/bceco-v2\/wp-content\/uploads\/2023\/11\/Voirie-urbaine-de-Kananga-_-Jean-Mabi-sur-terrain-pour-suivre-les-travaux-2-600x400.jpg 600w\" sizes=\"(max-width: 1500px) 100vw, 1500px\" \/><\/figure>\n\n\n\n<figure class=\"wp-block-image size-large\"><img decoding=\"async\" width=\"1500\" height=\"1000\" data-id=\"32004\" src=\"https:\/\/ikar.dev\/bceco-v2\/wp-content\/uploads\/2023\/11\/Voirie-urbaine-de-Kananga-_-Jean-Mabi-sur-terrain-pour-suivre-les-travaux-3.jpg\" alt=\"\" class=\"wp-image-32004\" srcset=\"https:\/\/ikar.dev\/bceco-v2\/wp-content\/uploads\/2023\/11\/Voirie-urbaine-de-Kananga-_-Jean-Mabi-sur-terrain-pour-suivre-les-travaux-3.jpg 1500w, https:\/\/ikar.dev\/bceco-v2\/wp-content\/uploads\/2023\/11\/Voirie-urbaine-de-Kananga-_-Jean-Mabi-sur-terrain-pour-suivre-les-travaux-3-768x512.jpg 768w, https:\/\/ikar.dev\/bceco-v2\/wp-content\/uploads\/2023\/11\/Voirie-urbaine-de-Kananga-_-Jean-Mabi-sur-terrain-pour-suivre-les-travaux-3-600x400.jpg 600w\" sizes=\"(max-width: 1500px) 100vw, 1500px\" \/><\/figure>\n\n\n\n<figure class=\"wp-block-image size-large\"><img decoding=\"async\" width=\"1500\" height=\"1000\" data-id=\"32003\" src=\"https:\/\/ikar.dev\/bceco-v2\/wp-content\/uploads\/2023\/11\/Voirie-urbaine-de-Kananga-_-Jean-Mabi-sur-terrain-pour-suivre-les-travaux-4.jpg\" alt=\"\" class=\"wp-image-32003\" srcset=\"https:\/\/ikar.dev\/bceco-v2\/wp-content\/uploads\/2023\/11\/Voirie-urbaine-de-Kananga-_-Jean-Mabi-sur-terrain-pour-suivre-les-travaux-4.jpg 1500w, https:\/\/ikar.dev\/bceco-v2\/wp-content\/uploads\/2023\/11\/Voirie-urbaine-de-Kananga-_-Jean-Mabi-sur-terrain-pour-suivre-les-travaux-4-768x512.jpg 768w, https:\/\/ikar.dev\/bceco-v2\/wp-content\/uploads\/2023\/11\/Voirie-urbaine-de-Kananga-_-Jean-Mabi-sur-terrain-pour-suivre-les-travaux-4-600x400.jpg 600w\" sizes=\"(max-width: 1500px) 100vw, 1500px\" \/><\/figure>\n<\/figure>\n\n\n<p style=\"text-align: justify;\">Cette visite \u00e0 d\u00e9but\u00e9 \u00e0 la commune de katoka le quartier katoka 2 o\u00f9 les ing\u00e9nieurs de safrimex construisent une grande gliciaire pour permettre l\u2019\u00e9vacuation des eaux des plusieurs avenues environnantes et \u00e9viter la disparition des avenues kandindi et lunyeka coup\u00e9es jadis par l\u2019\u00e9rosion qui mena\u00e7ait le quartier. Selon Jean Mbuela directeur technique de l\u2019entreprise trouv\u00e9 sur place, les travaux avancent \u00e0 pas de g\u00e9ant \u00e0 ce jour les travaux d\u2019assainissement sur les avenues kandindi et lunyeka sont termin\u00e9s et ils s\u2019emploient \u00e0 stopper l\u2019\u00e9rosion a la grande satisfaction des riverains.le travaux sont tr\u00e8s avanc\u00e9s.<\/p>\n<p style=\"text-align: justify;\">Mme Micheline Mputu se r\u00e9jouit du fait que sa maison soit sauv\u00e9e de justesse. Elle rench\u00e9rit en disant qu\u2019elle dormait avec ses enfants au salon pour leur s\u00e9curit\u00e9 mais avec ses travaux sa famille est en s\u00e9curit\u00e9 et remercie par la m\u00eame occasion les autorit\u00e9s.<\/p>\n\n\n<figure class=\"wp-block-image size-full\"><img loading=\"lazy\" decoding=\"async\" width=\"1500\" height=\"1000\" src=\"https:\/\/ikar.dev\/bceco-v2\/wp-content\/uploads\/2023\/11\/Voirie-urbaine-de-Kananga-_-Jean-Mabi-sur-terrain-pour-suivre-les-travaux-5.jpg\" alt=\"Voirie urbaine de Kananga _ Jean Mabi sur terrain pour suivre les travaux !\" class=\"wp-image-32002\" srcset=\"https:\/\/ikar.dev\/bceco-v2\/wp-content\/uploads\/2023\/11\/Voirie-urbaine-de-Kananga-_-Jean-Mabi-sur-terrain-pour-suivre-les-travaux-5.jpg 1500w, https:\/\/ikar.dev\/bceco-v2\/wp-content\/uploads\/2023\/11\/Voirie-urbaine-de-Kananga-_-Jean-Mabi-sur-terrain-pour-suivre-les-travaux-5-768x512.jpg 768w, https:\/\/ikar.dev\/bceco-v2\/wp-content\/uploads\/2023\/11\/Voirie-urbaine-de-Kananga-_-Jean-Mabi-sur-terrain-pour-suivre-les-travaux-5-600x400.jpg 600w\" sizes=\"(max-width: 1500px) 100vw, 1500px\" \/><\/figure>\n\n\n<p style=\"text-align: justify;\">Toujours \u00e0 katoka 2 l\u2019\u00e9quipe conduite par jean Mabi s\u2019est rendu sur l\u2019avenue de contournement qui dont les eaux se d\u00e9versent dans la buse 60 construite par l\u2019entreprise Greg 7. Ne pouvant Supporter le trop plein des eaux ce d\u00e9bordement cr\u00e9e d\u00e9j\u00e0 une \u00e9rosion sur ce tron\u00e7on. Ce qui n\u00e9cessite une intervention urgente pour r\u00e9soudre le probl\u00e8me. Il faut signaler que cette avenue ne fait pas partie des avenues prises en charge dans le contrat qu\u2019\u00e0 cela ne tienne une discussion doit \u00eatre vite engag\u00e9e avec toutes les parties prenantes afin de r\u00e9soudre le probl\u00e8me.<\/p>\n<p style=\"text-align: justify;\">De l\u00e0 la d\u00e9l\u00e9gation est arriv\u00e9e sur l\u2019avenue moyo qui envoie ces eaux sur Sankuru afin de finir plus bas dans la rivi\u00e8re mpokolo.<\/p>\n<p style=\"text-align: justify;\">La commune de katoka qui compte 15 avenues , 10 sont d\u00e9j\u00e0 prises en charge par safrimex et 5 autres attendent encore faute des mat\u00e9riaux.<\/p>\n\n\n<figure class=\"wp-block-gallery has-nested-images columns-default is-cropped wp-block-gallery-2 is-layout-flex wp-block-gallery-is-layout-flex\">\n<figure class=\"wp-block-image size-large\"><img loading=\"lazy\" decoding=\"async\" width=\"1500\" height=\"1000\" data-id=\"32001\" src=\"https:\/\/ikar.dev\/bceco-v2\/wp-content\/uploads\/2023\/11\/Voirie-urbaine-de-Kananga-_-Jean-Mabi-sur-terrain-pour-suivre-les-travaux-6.jpg\" alt=\"Voirie urbaine de Kananga _ Jean Mabi sur terrain pour suivre les travaux !\" class=\"wp-image-32001\" srcset=\"https:\/\/ikar.dev\/bceco-v2\/wp-content\/uploads\/2023\/11\/Voirie-urbaine-de-Kananga-_-Jean-Mabi-sur-terrain-pour-suivre-les-travaux-6.jpg 1500w, https:\/\/ikar.dev\/bceco-v2\/wp-content\/uploads\/2023\/11\/Voirie-urbaine-de-Kananga-_-Jean-Mabi-sur-terrain-pour-suivre-les-travaux-6-768x512.jpg 768w, https:\/\/ikar.dev\/bceco-v2\/wp-content\/uploads\/2023\/11\/Voirie-urbaine-de-Kananga-_-Jean-Mabi-sur-terrain-pour-suivre-les-travaux-6-600x400.jpg 600w\" sizes=\"(max-width: 1500px) 100vw, 1500px\" \/><\/figure>\n\n\n\n<figure class=\"wp-block-image size-large\"><img loading=\"lazy\" decoding=\"async\" width=\"1500\" height=\"1000\" data-id=\"32000\" src=\"https:\/\/ikar.dev\/bceco-v2\/wp-content\/uploads\/2023\/11\/Voirie-urbaine-de-Kananga-_-Jean-Mabi-sur-terrain-pour-suivre-les-travaux-7.jpg\" alt=\"Voirie urbaine de Kananga _ Jean Mabi sur terrain pour suivre les travaux !\" class=\"wp-image-32000\" srcset=\"https:\/\/ikar.dev\/bceco-v2\/wp-content\/uploads\/2023\/11\/Voirie-urbaine-de-Kananga-_-Jean-Mabi-sur-terrain-pour-suivre-les-travaux-7.jpg 1500w, https:\/\/ikar.dev\/bceco-v2\/wp-content\/uploads\/2023\/11\/Voirie-urbaine-de-Kananga-_-Jean-Mabi-sur-terrain-pour-suivre-les-travaux-7-768x512.jpg 768w, https:\/\/ikar.dev\/bceco-v2\/wp-content\/uploads\/2023\/11\/Voirie-urbaine-de-Kananga-_-Jean-Mabi-sur-terrain-pour-suivre-les-travaux-7-600x400.jpg 600w\" sizes=\"(max-width: 1500px) 100vw, 1500px\" \/><\/figure>\n<\/figure>\n\n\n<p style=\"text-align: justify;\">Apr\u00e8s katoka le cap est mis vers la commune de ndesha qui compte 7 avenues. A ce jour faute de mat\u00e9riaux une seule avenue est prise en charge par l\u2019entreprise il s\u2019agit de l\u2019avenue dibindi kamilabi longue de 2300m . Ici un Dalo est construit pour drainer toutes les eaux d\u00e9bordantes . Toujours sur cette derni\u00e8re c\u2019est une autre \u00e9rosion qui est prise en charge et un mur de sout\u00e8nement est en construction.<\/p>\n<p style=\"text-align: justify;\">D\u2019une commune \u00e0 une autre la d\u00e9l\u00e9gation est arriv\u00e9e \u00e0 nganza qui a comme ndesha 7 avenues. La grande avenue konko longue de 10km est assainie jusque 5km et n\u2019attend que les mat\u00e9riaux pour son asphaltage.<\/p>\n<p style=\"text-align: justify;\">M\u00eame la population s\u2019approprie le projet. Des mamans apportant leur soutien en puisant de l\u2019eau moyennant une r\u00e9mun\u00e9ration se disent heureuses de contribuer \u00e0 l\u2019avancement du projet et de leurs familles.<\/p>\n\n\n<figure class=\"wp-block-image size-full\"><img loading=\"lazy\" decoding=\"async\" width=\"1500\" height=\"1000\" src=\"https:\/\/ikar.dev\/bceco-v2\/wp-content\/uploads\/2023\/11\/Voirie-urbaine-de-Kananga-_-Jean-Mabi-sur-terrain-pour-suivre-les-travaux-8.jpg\" alt=\"Voirie urbaine de Kananga _ Jean Mabi sur terrain pour suivre les travaux !\" class=\"wp-image-32006\" srcset=\"https:\/\/ikar.dev\/bceco-v2\/wp-content\/uploads\/2023\/11\/Voirie-urbaine-de-Kananga-_-Jean-Mabi-sur-terrain-pour-suivre-les-travaux-8.jpg 1500w, https:\/\/ikar.dev\/bceco-v2\/wp-content\/uploads\/2023\/11\/Voirie-urbaine-de-Kananga-_-Jean-Mabi-sur-terrain-pour-suivre-les-travaux-8-768x512.jpg 768w, https:\/\/ikar.dev\/bceco-v2\/wp-content\/uploads\/2023\/11\/Voirie-urbaine-de-Kananga-_-Jean-Mabi-sur-terrain-pour-suivre-les-travaux-8-600x400.jpg 600w\" sizes=\"(max-width: 1500px) 100vw, 1500px\" \/><\/figure>\n\n\n<p style=\"text-align: justify;\">La ronde a pris fin dans la commune de kananga o\u00f9, Jean Mabi et sa suite sont pass\u00e9s inspecter les travaux d\u2019assainissement des avenues bakwa bisambu et lulua.<\/p>\n<p style=\"text-align: justify;\">Voulant comprendre le probl\u00e8me de manque des mat\u00e9riaux Jean Mabi est all\u00e9 jusqu\u2019\u00e0 la carri\u00e8re d\u2019approvisionnement de l\u2019entreprise. L\u00e0 le constat est amer faute de concasseur les mat\u00e9riaux s\u2019obtiennent de mani\u00e8re artisanale ce qui constitue un frein \u00e0 l\u2019\u00e9volution rapide des travaux.<\/p>\n<p style=\"text-align: justify;\">A la chute de cette activit\u00e9 un seul message \u00ab&nbsp;Kanangais et Kanangaise doivent prendre leur mal en patience en attendant l\u2019arriv\u00e9e du concasseur pr\u00e9vu incessamment &nbsp;\u00bb a conclu ce haut cadre de safrimex.<\/p>\n\n\n<figure class=\"wp-block-embed is-type-video is-provider-youtube wp-block-embed-youtube wp-embed-aspect-16-9 wp-has-aspect-ratio\"><div class=\"wp-block-embed__wrapper\">\n<iframe title=\"RDC | Voirie urbaine de Kananga : Le DG du BCeCo sur terrain pour suivre les travaux.\" width=\"500\" height=\"281\" src=\"https:\/\/www.youtube.com\/embed\/6B1vaR-rUUs?feature=oembed\" frameborder=\"0\" allow=\"accelerometer; autoplay; clipboard-write; encrypted-media; gyroscope; picture-in-picture; web-share\" referrerpolicy=\"strict-origin-when-cross-origin\" allowfullscreen><\/iframe>\n<\/div><figcaption class=\"wp-element-caption\"><a href=\"https:\/\/www.youtube.com\/watch?v=6B1vaR-rUUs\" target=\"_blank\" rel=\"noreferrer noopener\">RDC | Voirie urbaine de Kananga : Le DG du BCeCo sur terrain pour suivre les travaux.<\/a><\/figcaption><\/figure>\n","protected":false},"excerpt":{"rendered":"<p>Le Bureau Central de Coordination avait sign\u00e9 il ya quelques mois un contrat avec l\u2019entreprise safrimex en vue de la r\u00e9habilitation de la voirie urbaine dans la ville de kananga pour suivre de pr\u00e8s l\u2019\u00e9volution des travaux . Le directeur g\u00e9n\u00e9ral du bureau central de coordination Bceco Jean Mabi a effectu\u00e9 une descente sur terrain<\/p>\n","protected":false},"author":1,"featured_media":32007,"comment_status":"open","ping_status":"open","sticky":false,"template":"","format":"standard","meta":{"footnotes":""},"categories":[69],"tags":[],"class_list":["post-31918","post","type-post","status-publish","format-standard","has-post-thumbnail","hentry","category-actualites"],"yoast_head":"<!-- This site is optimized with the Yoast SEO plugin v26.7 - https:\/\/yoast.com\/wordpress\/plugins\/seo\/ -->\n<title>Voirie urbaine de Kananga : Jean Mabi sur terrain pour suivre les travaux ! - Bureau Central de Coordination<\/title>\n<meta name=\"description\" content=\"Le Bureau Central de Coordination avait sign\u00e9 il ya quelques mois un contrat avec l&#039;entreprise safrimex en vue de la r\u00e9habilitation de la voirie urbaine dans la ville de kananga pour suivre de pr\u00e8s l&#039;\u00e9volution des travaux.\" \/>\n<meta name=\"robots\" content=\"index, follow, max-snippet:-1, max-image-preview:large, max-video-preview:-1\" \/>\n<link rel=\"canonical\" href=\"https:\/\/ikar.dev\/bceco-v2\/voirie-urbaine-de-kananga-jean-mabi-sur-terrain-pour-suivre-les-travaux\/\" \/>\n<meta property=\"og:locale\" content=\"en_US\" \/>\n<meta property=\"og:type\" content=\"article\" \/>\n<meta property=\"og:title\" content=\"Voirie urbaine de Kananga : Jean Mabi sur terrain pour suivre les travaux ! - Bureau Central de Coordination\" \/>\n<meta property=\"og:description\" content=\"Le Bureau Central de Coordination avait sign\u00e9 il ya quelques mois un contrat avec l&#039;entreprise safrimex en vue de la r\u00e9habilitation de la voirie urbaine dans la ville de kananga pour suivre de pr\u00e8s l&#039;\u00e9volution des travaux.\" \/>\n<meta property=\"og:url\" content=\"https:\/\/ikar.dev\/bceco-v2\/voirie-urbaine-de-kananga-jean-mabi-sur-terrain-pour-suivre-les-travaux\/\" \/>\n<meta property=\"og:site_name\" content=\"Bureau Central de Coordination\" \/>\n<meta property=\"article:publisher\" content=\"https:\/\/www.facebook.com\/BCeCoRDC\" \/>\n<meta property=\"article:published_time\" content=\"2023-11-24T17:10:00+00:00\" \/>\n<meta property=\"article:modified_time\" content=\"2025-12-23T16:23:34+00:00\" \/>\n<meta property=\"og:image\" content=\"https:\/\/ikar.dev\/bceco-v2\/wp-content\/uploads\/2023\/11\/Voirie-urbaine-de-Kananga-_-Jean-Mabi-sur-terrain-pour-suivre-les-travaux.jpg\" \/>\n\t<meta property=\"og:image:width\" content=\"1500\" \/>\n\t<meta property=\"og:image:height\" content=\"1000\" \/>\n\t<meta property=\"og:image:type\" content=\"image\/jpeg\" \/>\n<meta name=\"author\" content=\"bceco\" \/>\n<meta name=\"twitter:card\" content=\"summary_large_image\" \/>\n<meta name=\"twitter:creator\" content=\"@BCeCoRDC\" \/>\n<meta name=\"twitter:site\" content=\"@BCeCoRDC\" \/>\n<meta name=\"twitter:label1\" content=\"Written by\" \/>\n\t<meta name=\"twitter:data1\" content=\"bceco\" \/>\n\t<meta name=\"twitter:label2\" content=\"Est. reading time\" \/>\n\t<meta name=\"twitter:data2\" content=\"5 minutes\" \/>\n<script type=\"application\/ld+json\" class=\"yoast-schema-graph\">{\"@context\":\"https:\/\/schema.org\",\"@graph\":[{\"@type\":\"Article\",\"@id\":\"https:\/\/ikar.dev\/bceco-v2\/voirie-urbaine-de-kananga-jean-mabi-sur-terrain-pour-suivre-les-travaux\/#article\",\"isPartOf\":{\"@id\":\"https:\/\/ikar.dev\/bceco-v2\/voirie-urbaine-de-kananga-jean-mabi-sur-terrain-pour-suivre-les-travaux\/\"},\"author\":{\"name\":\"bceco\",\"@id\":\"https:\/\/ikar.dev\/bceco-v2\/#\/schema\/person\/6ee74807ffb016a78852fec6a295d503\"},\"headline\":\"Voirie urbaine de Kananga : Jean Mabi sur terrain pour suivre les travaux !\",\"datePublished\":\"2023-11-24T17:10:00+00:00\",\"dateModified\":\"2025-12-23T16:23:34+00:00\",\"mainEntityOfPage\":{\"@id\":\"https:\/\/ikar.dev\/bceco-v2\/voirie-urbaine-de-kananga-jean-mabi-sur-terrain-pour-suivre-les-travaux\/\"},\"wordCount\":739,\"commentCount\":0,\"publisher\":{\"@id\":\"https:\/\/ikar.dev\/bceco-v2\/#organization\"},\"image\":{\"@id\":\"https:\/\/ikar.dev\/bceco-v2\/voirie-urbaine-de-kananga-jean-mabi-sur-terrain-pour-suivre-les-travaux\/#primaryimage\"},\"thumbnailUrl\":\"https:\/\/ikar.dev\/bceco-v2\/wp-content\/uploads\/2023\/11\/Voirie-urbaine-de-Kananga-_-Jean-Mabi-sur-terrain-pour-suivre-les-travaux.jpg\",\"articleSection\":[\"Actualit\u00e9s\"],\"inLanguage\":\"en-US\",\"potentialAction\":[{\"@type\":\"CommentAction\",\"name\":\"Comment\",\"target\":[\"https:\/\/ikar.dev\/bceco-v2\/voirie-urbaine-de-kananga-jean-mabi-sur-terrain-pour-suivre-les-travaux\/#respond\"]}]},{\"@type\":\"WebPage\",\"@id\":\"https:\/\/ikar.dev\/bceco-v2\/voirie-urbaine-de-kananga-jean-mabi-sur-terrain-pour-suivre-les-travaux\/\",\"url\":\"https:\/\/ikar.dev\/bceco-v2\/voirie-urbaine-de-kananga-jean-mabi-sur-terrain-pour-suivre-les-travaux\/\",\"name\":\"Voirie urbaine de Kananga : Jean Mabi sur terrain pour suivre les travaux ! - Bureau Central de Coordination\",\"isPartOf\":{\"@id\":\"https:\/\/ikar.dev\/bceco-v2\/#website\"},\"primaryImageOfPage\":{\"@id\":\"https:\/\/ikar.dev\/bceco-v2\/voirie-urbaine-de-kananga-jean-mabi-sur-terrain-pour-suivre-les-travaux\/#primaryimage\"},\"image\":{\"@id\":\"https:\/\/ikar.dev\/bceco-v2\/voirie-urbaine-de-kananga-jean-mabi-sur-terrain-pour-suivre-les-travaux\/#primaryimage\"},\"thumbnailUrl\":\"https:\/\/ikar.dev\/bceco-v2\/wp-content\/uploads\/2023\/11\/Voirie-urbaine-de-Kananga-_-Jean-Mabi-sur-terrain-pour-suivre-les-travaux.jpg\",\"datePublished\":\"2023-11-24T17:10:00+00:00\",\"dateModified\":\"2025-12-23T16:23:34+00:00\",\"description\":\"Le Bureau Central de Coordination avait sign\u00e9 il ya quelques mois un contrat avec l'entreprise safrimex en vue de la r\u00e9habilitation de la voirie urbaine dans la ville de kananga pour suivre de pr\u00e8s l'\u00e9volution des travaux.\",\"breadcrumb\":{\"@id\":\"https:\/\/ikar.dev\/bceco-v2\/voirie-urbaine-de-kananga-jean-mabi-sur-terrain-pour-suivre-les-travaux\/#breadcrumb\"},\"inLanguage\":\"en-US\",\"potentialAction\":[{\"@type\":\"ReadAction\",\"target\":[\"https:\/\/ikar.dev\/bceco-v2\/voirie-urbaine-de-kananga-jean-mabi-sur-terrain-pour-suivre-les-travaux\/\"]}]},{\"@type\":\"ImageObject\",\"inLanguage\":\"en-US\",\"@id\":\"https:\/\/ikar.dev\/bceco-v2\/voirie-urbaine-de-kananga-jean-mabi-sur-terrain-pour-suivre-les-travaux\/#primaryimage\",\"url\":\"https:\/\/ikar.dev\/bceco-v2\/wp-content\/uploads\/2023\/11\/Voirie-urbaine-de-Kananga-_-Jean-Mabi-sur-terrain-pour-suivre-les-travaux.jpg\",\"contentUrl\":\"https:\/\/ikar.dev\/bceco-v2\/wp-content\/uploads\/2023\/11\/Voirie-urbaine-de-Kananga-_-Jean-Mabi-sur-terrain-pour-suivre-les-travaux.jpg\",\"width\":1500,\"height\":1000},{\"@type\":\"BreadcrumbList\",\"@id\":\"https:\/\/ikar.dev\/bceco-v2\/voirie-urbaine-de-kananga-jean-mabi-sur-terrain-pour-suivre-les-travaux\/#breadcrumb\",\"itemListElement\":[{\"@type\":\"ListItem\",\"position\":1,\"name\":\"Accueil\",\"item\":\"https:\/\/ikar.dev\/bceco-v2\/\"},{\"@type\":\"ListItem\",\"position\":2,\"name\":\"Voirie urbaine de Kananga : Jean Mabi sur terrain pour suivre les travaux !\"}]},{\"@type\":\"WebSite\",\"@id\":\"https:\/\/ikar.dev\/bceco-v2\/#website\",\"url\":\"https:\/\/ikar.dev\/bceco-v2\/\",\"name\":\"Bureau Central de Coordination\",\"description\":\"B.Ce.Co \u2013 Au c\u0153ur de l\u2019ex\u00e9cution des projets de d\u00e9veloppement en RDC\",\"publisher\":{\"@id\":\"https:\/\/ikar.dev\/bceco-v2\/#organization\"},\"potentialAction\":[{\"@type\":\"SearchAction\",\"target\":{\"@type\":\"EntryPoint\",\"urlTemplate\":\"https:\/\/ikar.dev\/bceco-v2\/?s={search_term_string}\"},\"query-input\":{\"@type\":\"PropertyValueSpecification\",\"valueRequired\":true,\"valueName\":\"search_term_string\"}}],\"inLanguage\":\"en-US\"},{\"@type\":\"Organization\",\"@id\":\"https:\/\/ikar.dev\/bceco-v2\/#organization\",\"name\":\"Bureau Central de Coordination\",\"url\":\"https:\/\/ikar.dev\/bceco-v2\/\",\"logo\":{\"@type\":\"ImageObject\",\"inLanguage\":\"en-US\",\"@id\":\"https:\/\/ikar.dev\/bceco-v2\/#\/schema\/logo\/image\/\",\"url\":\"https:\/\/ikar.dev\/bceco-v2\/wp-content\/uploads\/2025\/12\/BCECO-Bureau-Central-de-Coordination.jpg\",\"contentUrl\":\"https:\/\/ikar.dev\/bceco-v2\/wp-content\/uploads\/2025\/12\/BCECO-Bureau-Central-de-Coordination.jpg\",\"width\":2048,\"height\":2048,\"caption\":\"Bureau Central de Coordination\"},\"image\":{\"@id\":\"https:\/\/ikar.dev\/bceco-v2\/#\/schema\/logo\/image\/\"},\"sameAs\":[\"https:\/\/www.facebook.com\/BCeCoRDC\",\"https:\/\/x.com\/BCeCoRDC\"]},{\"@type\":\"Person\",\"@id\":\"https:\/\/ikar.dev\/bceco-v2\/#\/schema\/person\/6ee74807ffb016a78852fec6a295d503\",\"name\":\"bceco\",\"image\":{\"@type\":\"ImageObject\",\"inLanguage\":\"en-US\",\"@id\":\"https:\/\/ikar.dev\/bceco-v2\/#\/schema\/person\/image\/\",\"url\":\"https:\/\/secure.gravatar.com\/avatar\/55c07e1707f50774ef3c842c9d074773a6b558a20fbd1608c8e4871bc88f3455?s=96&d=mm&r=g\",\"contentUrl\":\"https:\/\/secure.gravatar.com\/avatar\/55c07e1707f50774ef3c842c9d074773a6b558a20fbd1608c8e4871bc88f3455?s=96&d=mm&r=g\",\"caption\":\"bceco\"},\"sameAs\":[\"https:\/\/ikar.dev\/bceco-v2\"],\"url\":\"https:\/\/ikar.dev\/bceco-v2\/author\/bceco\/\"}]}<\/script>\n<!-- \/ Yoast SEO plugin. -->","yoast_head_json":{"title":"Voirie urbaine de Kananga : Jean Mabi sur terrain pour suivre les travaux ! - Bureau Central de Coordination","description":"Le Bureau Central de Coordination avait sign\u00e9 il ya quelques mois un contrat avec l'entreprise safrimex en vue de la r\u00e9habilitation de la voirie urbaine dans la ville de kananga pour suivre de pr\u00e8s l'\u00e9volution des travaux.","robots":{"index":"index","follow":"follow","max-snippet":"max-snippet:-1","max-image-preview":"max-image-preview:large","max-video-preview":"max-video-preview:-1"},"canonical":"https:\/\/ikar.dev\/bceco-v2\/voirie-urbaine-de-kananga-jean-mabi-sur-terrain-pour-suivre-les-travaux\/","og_locale":"en_US","og_type":"article","og_title":"Voirie urbaine de Kananga : Jean Mabi sur terrain pour suivre les travaux ! - Bureau Central de Coordination","og_description":"Le Bureau Central de Coordination avait sign\u00e9 il ya quelques mois un contrat avec l'entreprise safrimex en vue de la r\u00e9habilitation de la voirie urbaine dans la ville de kananga pour suivre de pr\u00e8s l'\u00e9volution des travaux.","og_url":"https:\/\/ikar.dev\/bceco-v2\/voirie-urbaine-de-kananga-jean-mabi-sur-terrain-pour-suivre-les-travaux\/","og_site_name":"Bureau Central de Coordination","article_publisher":"https:\/\/www.facebook.com\/BCeCoRDC","article_published_time":"2023-11-24T17:10:00+00:00","article_modified_time":"2025-12-23T16:23:34+00:00","og_image":[{"width":1500,"height":1000,"url":"https:\/\/ikar.dev\/bceco-v2\/wp-content\/uploads\/2023\/11\/Voirie-urbaine-de-Kananga-_-Jean-Mabi-sur-terrain-pour-suivre-les-travaux.jpg","type":"image\/jpeg"}],"author":"bceco","twitter_card":"summary_large_image","twitter_creator":"@BCeCoRDC","twitter_site":"@BCeCoRDC","twitter_misc":{"Written by":"bceco","Est. reading time":"5 minutes"},"schema":{"@context":"https:\/\/schema.org","@graph":[{"@type":"Article","@id":"https:\/\/ikar.dev\/bceco-v2\/voirie-urbaine-de-kananga-jean-mabi-sur-terrain-pour-suivre-les-travaux\/#article","isPartOf":{"@id":"https:\/\/ikar.dev\/bceco-v2\/voirie-urbaine-de-kananga-jean-mabi-sur-terrain-pour-suivre-les-travaux\/"},"author":{"name":"bceco","@id":"https:\/\/ikar.dev\/bceco-v2\/#\/schema\/person\/6ee74807ffb016a78852fec6a295d503"},"headline":"Voirie urbaine de Kananga : Jean Mabi sur terrain pour suivre les travaux !","datePublished":"2023-11-24T17:10:00+00:00","dateModified":"2025-12-23T16:23:34+00:00","mainEntityOfPage":{"@id":"https:\/\/ikar.dev\/bceco-v2\/voirie-urbaine-de-kananga-jean-mabi-sur-terrain-pour-suivre-les-travaux\/"},"wordCount":739,"commentCount":0,"publisher":{"@id":"https:\/\/ikar.dev\/bceco-v2\/#organization"},"image":{"@id":"https:\/\/ikar.dev\/bceco-v2\/voirie-urbaine-de-kananga-jean-mabi-sur-terrain-pour-suivre-les-travaux\/#primaryimage"},"thumbnailUrl":"https:\/\/ikar.dev\/bceco-v2\/wp-content\/uploads\/2023\/11\/Voirie-urbaine-de-Kananga-_-Jean-Mabi-sur-terrain-pour-suivre-les-travaux.jpg","articleSection":["Actualit\u00e9s"],"inLanguage":"en-US","potentialAction":[{"@type":"CommentAction","name":"Comment","target":["https:\/\/ikar.dev\/bceco-v2\/voirie-urbaine-de-kananga-jean-mabi-sur-terrain-pour-suivre-les-travaux\/#respond"]}]},{"@type":"WebPage","@id":"https:\/\/ikar.dev\/bceco-v2\/voirie-urbaine-de-kananga-jean-mabi-sur-terrain-pour-suivre-les-travaux\/","url":"https:\/\/ikar.dev\/bceco-v2\/voirie-urbaine-de-kananga-jean-mabi-sur-terrain-pour-suivre-les-travaux\/","name":"Voirie urbaine de Kananga : Jean Mabi sur terrain pour suivre les travaux ! - Bureau Central de Coordination","isPartOf":{"@id":"https:\/\/ikar.dev\/bceco-v2\/#website"},"primaryImageOfPage":{"@id":"https:\/\/ikar.dev\/bceco-v2\/voirie-urbaine-de-kananga-jean-mabi-sur-terrain-pour-suivre-les-travaux\/#primaryimage"},"image":{"@id":"https:\/\/ikar.dev\/bceco-v2\/voirie-urbaine-de-kananga-jean-mabi-sur-terrain-pour-suivre-les-travaux\/#primaryimage"},"thumbnailUrl":"https:\/\/ikar.dev\/bceco-v2\/wp-content\/uploads\/2023\/11\/Voirie-urbaine-de-Kananga-_-Jean-Mabi-sur-terrain-pour-suivre-les-travaux.jpg","datePublished":"2023-11-24T17:10:00+00:00","dateModified":"2025-12-23T16:23:34+00:00","description":"Le Bureau Central de Coordination avait sign\u00e9 il ya quelques mois un contrat avec l'entreprise safrimex en vue de la r\u00e9habilitation de la voirie urbaine dans la ville de kananga pour suivre de pr\u00e8s l'\u00e9volution des travaux.","breadcrumb":{"@id":"https:\/\/ikar.dev\/bceco-v2\/voirie-urbaine-de-kananga-jean-mabi-sur-terrain-pour-suivre-les-travaux\/#breadcrumb"},"inLanguage":"en-US","potentialAction":[{"@type":"ReadAction","target":["https:\/\/ikar.dev\/bceco-v2\/voirie-urbaine-de-kananga-jean-mabi-sur-terrain-pour-suivre-les-travaux\/"]}]},{"@type":"ImageObject","inLanguage":"en-US","@id":"https:\/\/ikar.dev\/bceco-v2\/voirie-urbaine-de-kananga-jean-mabi-sur-terrain-pour-suivre-les-travaux\/#primaryimage","url":"https:\/\/ikar.dev\/bceco-v2\/wp-content\/uploads\/2023\/11\/Voirie-urbaine-de-Kananga-_-Jean-Mabi-sur-terrain-pour-suivre-les-travaux.jpg","contentUrl":"https:\/\/ikar.dev\/bceco-v2\/wp-content\/uploads\/2023\/11\/Voirie-urbaine-de-Kananga-_-Jean-Mabi-sur-terrain-pour-suivre-les-travaux.jpg","width":1500,"height":1000},{"@type":"BreadcrumbList","@id":"https:\/\/ikar.dev\/bceco-v2\/voirie-urbaine-de-kananga-jean-mabi-sur-terrain-pour-suivre-les-travaux\/#breadcrumb","itemListElement":[{"@type":"ListItem","position":1,"name":"Accueil","item":"https:\/\/ikar.dev\/bceco-v2\/"},{"@type":"ListItem","position":2,"name":"Voirie urbaine de Kananga : Jean Mabi sur terrain pour suivre les travaux !"}]},{"@type":"WebSite","@id":"https:\/\/ikar.dev\/bceco-v2\/#website","url":"https:\/\/ikar.dev\/bceco-v2\/","name":"Bureau Central de Coordination","description":"B.Ce.Co \u2013 Au c\u0153ur de l\u2019ex\u00e9cution des projets de d\u00e9veloppement en RDC","publisher":{"@id":"https:\/\/ikar.dev\/bceco-v2\/#organization"},"potentialAction":[{"@type":"SearchAction","target":{"@type":"EntryPoint","urlTemplate":"https:\/\/ikar.dev\/bceco-v2\/?s={search_term_string}"},"query-input":{"@type":"PropertyValueSpecification","valueRequired":true,"valueName":"search_term_string"}}],"inLanguage":"en-US"},{"@type":"Organization","@id":"https:\/\/ikar.dev\/bceco-v2\/#organization","name":"Bureau Central de Coordination","url":"https:\/\/ikar.dev\/bceco-v2\/","logo":{"@type":"ImageObject","inLanguage":"en-US","@id":"https:\/\/ikar.dev\/bceco-v2\/#\/schema\/logo\/image\/","url":"https:\/\/ikar.dev\/bceco-v2\/wp-content\/uploads\/2025\/12\/BCECO-Bureau-Central-de-Coordination.jpg","contentUrl":"https:\/\/ikar.dev\/bceco-v2\/wp-content\/uploads\/2025\/12\/BCECO-Bureau-Central-de-Coordination.jpg","width":2048,"height":2048,"caption":"Bureau Central de Coordination"},"image":{"@id":"https:\/\/ikar.dev\/bceco-v2\/#\/schema\/logo\/image\/"},"sameAs":["https:\/\/www.facebook.com\/BCeCoRDC","https:\/\/x.com\/BCeCoRDC"]},{"@type":"Person","@id":"https:\/\/ikar.dev\/bceco-v2\/#\/schema\/person\/6ee74807ffb016a78852fec6a295d503","name":"bceco","image":{"@type":"ImageObject","inLanguage":"en-US","@id":"https:\/\/ikar.dev\/bceco-v2\/#\/schema\/person\/image\/","url":"https:\/\/secure.gravatar.com\/avatar\/55c07e1707f50774ef3c842c9d074773a6b558a20fbd1608c8e4871bc88f3455?s=96&d=mm&r=g","contentUrl":"https:\/\/secure.gravatar.com\/avatar\/55c07e1707f50774ef3c842c9d074773a6b558a20fbd1608c8e4871bc88f3455?s=96&d=mm&r=g","caption":"bceco"},"sameAs":["https:\/\/ikar.dev\/bceco-v2"],"url":"https:\/\/ikar.dev\/bceco-v2\/author\/bceco\/"}]}},"_links":{"self":[{"href":"https:\/\/ikar.dev\/bceco-v2\/wp-json\/wp\/v2\/posts\/31918","targetHints":{"allow":["GET"]}}],"collection":[{"href":"https:\/\/ikar.dev\/bceco-v2\/wp-json\/wp\/v2\/posts"}],"about":[{"href":"https:\/\/ikar.dev\/bceco-v2\/wp-json\/wp\/v2\/types\/post"}],"author":[{"embeddable":true,"href":"https:\/\/ikar.dev\/bceco-v2\/wp-json\/wp\/v2\/users\/1"}],"replies":[{"embeddable":true,"href":"https:\/\/ikar.dev\/bceco-v2\/wp-json\/wp\/v2\/comments?post=31918"}],"version-history":[{"count":1,"href":"https:\/\/ikar.dev\/bceco-v2\/wp-json\/wp\/v2\/posts\/31918\/revisions"}],"predecessor-version":[{"id":56349,"href":"https:\/\/ikar.dev\/bceco-v2\/wp-json\/wp\/v2\/posts\/31918\/revisions\/56349"}],"wp:featuredmedia":[{"embeddable":true,"href":"https:\/\/ikar.dev\/bceco-v2\/wp-json\/wp\/v2\/media\/32007"}],"wp:attachment":[{"href":"https:\/\/ikar.dev\/bceco-v2\/wp-json\/wp\/v2\/media?parent=31918"}],"wp:term":[{"taxonomy":"category","embeddable":true,"href":"https:\/\/ikar.dev\/bceco-v2\/wp-json\/wp\/v2\/categories?post=31918"},{"taxonomy":"post_tag","embeddable":true,"href":"https:\/\/ikar.dev\/bceco-v2\/wp-json\/wp\/v2\/tags?post=31918"}],"curies":[{"name":"wp","href":"https:\/\/api.w.org\/{rel}","templated":true}]}}