{"id":30899,"date":"2023-09-21T12:55:00","date_gmt":"2023-09-21T12:55:00","guid":{"rendered":"https:\/\/bceco.cd\/?p=30899"},"modified":"2025-12-23T17:22:29","modified_gmt":"2025-12-23T16:22:29","slug":"la-province-de-la-mongala-a-lheure-de-la-modernisation-cesar-limbaya-scelle-le-pacte-avec-le-bceco","status":"publish","type":"post","link":"https:\/\/ikar.dev\/bceco-v2\/la-province-de-la-mongala-a-lheure-de-la-modernisation-cesar-limbaya-scelle-le-pacte-avec-le-bceco\/","title":{"rendered":"La Province de la Mongala \u00e0 l&#8217;heure de la modernisation : C\u00e9sar Limbaya sc\u00e8lle le pacte avec le BCECO !"},"content":{"rendered":"<p style=\"text-align: justify;\">Le Gouverneur de la Mongala Me C\u00e9sar Limbaya Bangisa a sign\u00e9 en date du 21 septembre 2023 un protocole d&#8217;accord avec le Bureau Central de Coordination, le BCeCo.<\/p>\n\n<p style=\"text-align: justify;\">Souffrant d&#8217;un manque criant des infrastructures la province de la Mongala issue du d\u00e9membrement de 2015 n&#8217;a \u00e0 ce jour aucune infrastructure viable. Pas des routes, pas des b\u00e2timent pour les services publics, pas de gouvernorat, pas des bureaux pour l&#8217;Assembl\u00e9e provinciale, et de surcro\u00eet, des \u00e9rosions qui menacent le morcellement de la ville qui se vide de sa population. Voil\u00e0 autant des maux qui rongent la province selon son gouverneur.<\/p>\n\n\n<figure class=\"wp-block-image size-full\"><img fetchpriority=\"high\" decoding=\"async\" width=\"1500\" height=\"1000\" src=\"https:\/\/ikar.dev\/bceco-v2\/wp-content\/uploads\/2023\/10\/La-Province-de-la-Mongala-a-lheure-de-la-modernisation-_-Cesar-Limbaya-scelle-le-pacte-avec-le-BCECO-4.jpg\" alt=\"La Province de la Mongala \u00e0 l'heure de la modernisation :\nC\u00e9sar Limbaya sc\u00e8lle le pacte avec le BCECO !\" class=\"wp-image-30904\" srcset=\"https:\/\/ikar.dev\/bceco-v2\/wp-content\/uploads\/2023\/10\/La-Province-de-la-Mongala-a-lheure-de-la-modernisation-_-Cesar-Limbaya-scelle-le-pacte-avec-le-BCECO-4.jpg 1500w, https:\/\/ikar.dev\/bceco-v2\/wp-content\/uploads\/2023\/10\/La-Province-de-la-Mongala-a-lheure-de-la-modernisation-_-Cesar-Limbaya-scelle-le-pacte-avec-le-BCECO-4-768x512.jpg 768w, https:\/\/ikar.dev\/bceco-v2\/wp-content\/uploads\/2023\/10\/La-Province-de-la-Mongala-a-lheure-de-la-modernisation-_-Cesar-Limbaya-scelle-le-pacte-avec-le-BCECO-4-600x400.jpg 600w\" sizes=\"(max-width: 1500px) 100vw, 1500px\" \/><\/figure>\n\n\n<p style=\"text-align: justify;\">C&#8217;est \u00e0 ce titre que le num\u00e9ro un de la Mongala a scell\u00e9 ce protocole pour la construction et la modernisation de quelques ouvrages phares symboles de l&#8217;\u00e9tat ainsi que des infrastructures sociales de base \u00e0 m\u00eame de soulager tant soit peu la mis\u00e8re de la population a conclu le Chef de l&#8217;ex\u00e9cutif provincial.<\/p>\n\n<p style=\"text-align: justify;\">Par ailleurs, le BCeCo qui intervient comme ma\u00eetre d&#8217;ouvrage d\u00e9l\u00e9gu\u00e9 pourrait, \u00e9ventuellement, conseiller l&#8217;ex\u00e9cutif provincial sur les questions li\u00e9es \u00e0 la gouvernance.<\/p>\n\n\n<figure class=\"wp-block-image size-full\"><img decoding=\"async\" width=\"1500\" height=\"1000\" src=\"https:\/\/ikar.dev\/bceco-v2\/wp-content\/uploads\/2023\/10\/La-Province-de-la-Mongala-a-lheure-de-la-modernisation-_-Cesar-Limbaya-scelle-le-pacte-avec-le-BCECO-2.jpg\" alt=\"\" class=\"wp-image-30906\" srcset=\"https:\/\/ikar.dev\/bceco-v2\/wp-content\/uploads\/2023\/10\/La-Province-de-la-Mongala-a-lheure-de-la-modernisation-_-Cesar-Limbaya-scelle-le-pacte-avec-le-BCECO-2.jpg 1500w, https:\/\/ikar.dev\/bceco-v2\/wp-content\/uploads\/2023\/10\/La-Province-de-la-Mongala-a-lheure-de-la-modernisation-_-Cesar-Limbaya-scelle-le-pacte-avec-le-BCECO-2-768x512.jpg 768w, https:\/\/ikar.dev\/bceco-v2\/wp-content\/uploads\/2023\/10\/La-Province-de-la-Mongala-a-lheure-de-la-modernisation-_-Cesar-Limbaya-scelle-le-pacte-avec-le-BCECO-2-600x400.jpg 600w\" sizes=\"(max-width: 1500px) 100vw, 1500px\" \/><\/figure>\n\n\n<p style=\"text-align: justify;\">La province de la Mongala qui se situe dans la partie Nord de la R\u00e9publique D\u00e9mocratique du Congo a 3 territoires \u00e0 savoir Lisala (chef-lieu), Bumba et Bongandanga ( le plus grand de tous les territoires).<\/p>","protected":false},"excerpt":{"rendered":"<p>Le Gouverneur de la Mongala Me C\u00e9sar Limbaya Bangisa a sign\u00e9 en date du 21 septembre 2023 un protocole d&#8217;accord avec le Bureau Central de Coordination, le BCeCo. Souffrant d&#8217;un manque criant des infrastructures la province de la Mongala issue du d\u00e9membrement de 2015 n&#8217;a \u00e0 ce jour aucune infrastructure viable. Pas des routes, pas<\/p>\n","protected":false},"author":1,"featured_media":30907,"comment_status":"open","ping_status":"open","sticky":false,"template":"","format":"standard","meta":{"footnotes":""},"categories":[69],"tags":[],"class_list":["post-30899","post","type-post","status-publish","format-standard","has-post-thumbnail","hentry","category-actualites"],"yoast_head":"<!-- This site is optimized with the Yoast SEO plugin v26.7 - https:\/\/yoast.com\/wordpress\/plugins\/seo\/ -->\n<title>La Province de la Mongala \u00e0 l&#039;heure de la modernisation<\/title>\n<meta name=\"description\" content=\"Le Gouverneur de la Mongala Me C\u00e9sar Limbaya Bangisa a sign\u00e9 en date du 21 septembre 2023 un protocole d&#039;accord avec le Bureau Central de Coordination, le BCeCo.\" \/>\n<meta name=\"robots\" content=\"index, follow, max-snippet:-1, max-image-preview:large, max-video-preview:-1\" \/>\n<link rel=\"canonical\" href=\"https:\/\/ikar.dev\/bceco-v2\/la-province-de-la-mongala-a-lheure-de-la-modernisation-cesar-limbaya-scelle-le-pacte-avec-le-bceco\/\" \/>\n<meta property=\"og:locale\" content=\"en_US\" \/>\n<meta property=\"og:type\" content=\"article\" \/>\n<meta property=\"og:title\" content=\"La Province de la Mongala \u00e0 l&#039;heure de la modernisation\" \/>\n<meta property=\"og:description\" content=\"Le Gouverneur de la Mongala Me C\u00e9sar Limbaya Bangisa a sign\u00e9 en date du 21 septembre 2023 un protocole d&#039;accord avec le Bureau Central de Coordination, le BCeCo.\" \/>\n<meta property=\"og:url\" content=\"https:\/\/ikar.dev\/bceco-v2\/la-province-de-la-mongala-a-lheure-de-la-modernisation-cesar-limbaya-scelle-le-pacte-avec-le-bceco\/\" \/>\n<meta property=\"og:site_name\" content=\"Bureau Central de Coordination\" \/>\n<meta property=\"article:publisher\" content=\"https:\/\/www.facebook.com\/BCeCoRDC\" \/>\n<meta property=\"article:published_time\" content=\"2023-09-21T12:55:00+00:00\" \/>\n<meta property=\"article:modified_time\" content=\"2025-12-23T16:22:29+00:00\" \/>\n<meta property=\"og:image\" content=\"https:\/\/ikar.dev\/bceco-v2\/wp-content\/uploads\/2023\/10\/La-Province-de-la-Mongala-a-lheure-de-la-modernisation-_-Cesar-Limbaya-scelle-le-pacte-avec-le-BCECO-1.jpg\" \/>\n\t<meta property=\"og:image:width\" content=\"1500\" \/>\n\t<meta property=\"og:image:height\" content=\"1000\" \/>\n\t<meta property=\"og:image:type\" content=\"image\/jpeg\" \/>\n<meta name=\"author\" content=\"bceco\" \/>\n<meta name=\"twitter:card\" content=\"summary_large_image\" \/>\n<meta name=\"twitter:creator\" content=\"@BCeCoRDC\" \/>\n<meta name=\"twitter:site\" content=\"@BCeCoRDC\" \/>\n<meta name=\"twitter:label1\" content=\"Written by\" \/>\n\t<meta name=\"twitter:data1\" content=\"bceco\" \/>\n\t<meta name=\"twitter:label2\" content=\"Est. reading time\" \/>\n\t<meta name=\"twitter:data2\" content=\"2 minutes\" \/>\n<script type=\"application\/ld+json\" class=\"yoast-schema-graph\">{\"@context\":\"https:\/\/schema.org\",\"@graph\":[{\"@type\":\"Article\",\"@id\":\"https:\/\/ikar.dev\/bceco-v2\/la-province-de-la-mongala-a-lheure-de-la-modernisation-cesar-limbaya-scelle-le-pacte-avec-le-bceco\/#article\",\"isPartOf\":{\"@id\":\"https:\/\/ikar.dev\/bceco-v2\/la-province-de-la-mongala-a-lheure-de-la-modernisation-cesar-limbaya-scelle-le-pacte-avec-le-bceco\/\"},\"author\":{\"name\":\"bceco\",\"@id\":\"https:\/\/ikar.dev\/bceco-v2\/#\/schema\/person\/6ee74807ffb016a78852fec6a295d503\"},\"headline\":\"La Province de la Mongala \u00e0 l&#8217;heure de la modernisation : C\u00e9sar Limbaya sc\u00e8lle le pacte avec le BCECO !\",\"datePublished\":\"2023-09-21T12:55:00+00:00\",\"dateModified\":\"2025-12-23T16:22:29+00:00\",\"mainEntityOfPage\":{\"@id\":\"https:\/\/ikar.dev\/bceco-v2\/la-province-de-la-mongala-a-lheure-de-la-modernisation-cesar-limbaya-scelle-le-pacte-avec-le-bceco\/\"},\"wordCount\":246,\"commentCount\":0,\"publisher\":{\"@id\":\"https:\/\/ikar.dev\/bceco-v2\/#organization\"},\"image\":{\"@id\":\"https:\/\/ikar.dev\/bceco-v2\/la-province-de-la-mongala-a-lheure-de-la-modernisation-cesar-limbaya-scelle-le-pacte-avec-le-bceco\/#primaryimage\"},\"thumbnailUrl\":\"https:\/\/ikar.dev\/bceco-v2\/wp-content\/uploads\/2023\/10\/La-Province-de-la-Mongala-a-lheure-de-la-modernisation-_-Cesar-Limbaya-scelle-le-pacte-avec-le-BCECO-1.jpg\",\"articleSection\":[\"Actualit\u00e9s\"],\"inLanguage\":\"en-US\",\"potentialAction\":[{\"@type\":\"CommentAction\",\"name\":\"Comment\",\"target\":[\"https:\/\/ikar.dev\/bceco-v2\/la-province-de-la-mongala-a-lheure-de-la-modernisation-cesar-limbaya-scelle-le-pacte-avec-le-bceco\/#respond\"]}]},{\"@type\":\"WebPage\",\"@id\":\"https:\/\/ikar.dev\/bceco-v2\/la-province-de-la-mongala-a-lheure-de-la-modernisation-cesar-limbaya-scelle-le-pacte-avec-le-bceco\/\",\"url\":\"https:\/\/ikar.dev\/bceco-v2\/la-province-de-la-mongala-a-lheure-de-la-modernisation-cesar-limbaya-scelle-le-pacte-avec-le-bceco\/\",\"name\":\"La Province de la Mongala \u00e0 l'heure de la modernisation\",\"isPartOf\":{\"@id\":\"https:\/\/ikar.dev\/bceco-v2\/#website\"},\"primaryImageOfPage\":{\"@id\":\"https:\/\/ikar.dev\/bceco-v2\/la-province-de-la-mongala-a-lheure-de-la-modernisation-cesar-limbaya-scelle-le-pacte-avec-le-bceco\/#primaryimage\"},\"image\":{\"@id\":\"https:\/\/ikar.dev\/bceco-v2\/la-province-de-la-mongala-a-lheure-de-la-modernisation-cesar-limbaya-scelle-le-pacte-avec-le-bceco\/#primaryimage\"},\"thumbnailUrl\":\"https:\/\/ikar.dev\/bceco-v2\/wp-content\/uploads\/2023\/10\/La-Province-de-la-Mongala-a-lheure-de-la-modernisation-_-Cesar-Limbaya-scelle-le-pacte-avec-le-BCECO-1.jpg\",\"datePublished\":\"2023-09-21T12:55:00+00:00\",\"dateModified\":\"2025-12-23T16:22:29+00:00\",\"description\":\"Le Gouverneur de la Mongala Me C\u00e9sar Limbaya Bangisa a sign\u00e9 en date du 21 septembre 2023 un protocole d'accord avec le Bureau Central de Coordination, le BCeCo.\",\"breadcrumb\":{\"@id\":\"https:\/\/ikar.dev\/bceco-v2\/la-province-de-la-mongala-a-lheure-de-la-modernisation-cesar-limbaya-scelle-le-pacte-avec-le-bceco\/#breadcrumb\"},\"inLanguage\":\"en-US\",\"potentialAction\":[{\"@type\":\"ReadAction\",\"target\":[\"https:\/\/ikar.dev\/bceco-v2\/la-province-de-la-mongala-a-lheure-de-la-modernisation-cesar-limbaya-scelle-le-pacte-avec-le-bceco\/\"]}]},{\"@type\":\"ImageObject\",\"inLanguage\":\"en-US\",\"@id\":\"https:\/\/ikar.dev\/bceco-v2\/la-province-de-la-mongala-a-lheure-de-la-modernisation-cesar-limbaya-scelle-le-pacte-avec-le-bceco\/#primaryimage\",\"url\":\"https:\/\/ikar.dev\/bceco-v2\/wp-content\/uploads\/2023\/10\/La-Province-de-la-Mongala-a-lheure-de-la-modernisation-_-Cesar-Limbaya-scelle-le-pacte-avec-le-BCECO-1.jpg\",\"contentUrl\":\"https:\/\/ikar.dev\/bceco-v2\/wp-content\/uploads\/2023\/10\/La-Province-de-la-Mongala-a-lheure-de-la-modernisation-_-Cesar-Limbaya-scelle-le-pacte-avec-le-BCECO-1.jpg\",\"width\":1500,\"height\":1000,\"caption\":\"La Province de la Mongala \u00e0 l'heure de la modernisation : C\u00e9sar Limbaya sc\u00e8lle le pacte avec le BCECO !\"},{\"@type\":\"BreadcrumbList\",\"@id\":\"https:\/\/ikar.dev\/bceco-v2\/la-province-de-la-mongala-a-lheure-de-la-modernisation-cesar-limbaya-scelle-le-pacte-avec-le-bceco\/#breadcrumb\",\"itemListElement\":[{\"@type\":\"ListItem\",\"position\":1,\"name\":\"Accueil\",\"item\":\"https:\/\/ikar.dev\/bceco-v2\/\"},{\"@type\":\"ListItem\",\"position\":2,\"name\":\"La Province de la Mongala \u00e0 l&rsquo;heure de la modernisation : C\u00e9sar Limbaya sc\u00e8lle le pacte avec le BCECO !\"}]},{\"@type\":\"WebSite\",\"@id\":\"https:\/\/ikar.dev\/bceco-v2\/#website\",\"url\":\"https:\/\/ikar.dev\/bceco-v2\/\",\"name\":\"Bureau Central de Coordination\",\"description\":\"B.Ce.Co \u2013 Au c\u0153ur de l\u2019ex\u00e9cution des projets de d\u00e9veloppement en RDC\",\"publisher\":{\"@id\":\"https:\/\/ikar.dev\/bceco-v2\/#organization\"},\"potentialAction\":[{\"@type\":\"SearchAction\",\"target\":{\"@type\":\"EntryPoint\",\"urlTemplate\":\"https:\/\/ikar.dev\/bceco-v2\/?s={search_term_string}\"},\"query-input\":{\"@type\":\"PropertyValueSpecification\",\"valueRequired\":true,\"valueName\":\"search_term_string\"}}],\"inLanguage\":\"en-US\"},{\"@type\":\"Organization\",\"@id\":\"https:\/\/ikar.dev\/bceco-v2\/#organization\",\"name\":\"Bureau Central de Coordination\",\"url\":\"https:\/\/ikar.dev\/bceco-v2\/\",\"logo\":{\"@type\":\"ImageObject\",\"inLanguage\":\"en-US\",\"@id\":\"https:\/\/ikar.dev\/bceco-v2\/#\/schema\/logo\/image\/\",\"url\":\"https:\/\/ikar.dev\/bceco-v2\/wp-content\/uploads\/2025\/12\/BCECO-Bureau-Central-de-Coordination.jpg\",\"contentUrl\":\"https:\/\/ikar.dev\/bceco-v2\/wp-content\/uploads\/2025\/12\/BCECO-Bureau-Central-de-Coordination.jpg\",\"width\":2048,\"height\":2048,\"caption\":\"Bureau Central de Coordination\"},\"image\":{\"@id\":\"https:\/\/ikar.dev\/bceco-v2\/#\/schema\/logo\/image\/\"},\"sameAs\":[\"https:\/\/www.facebook.com\/BCeCoRDC\",\"https:\/\/x.com\/BCeCoRDC\"]},{\"@type\":\"Person\",\"@id\":\"https:\/\/ikar.dev\/bceco-v2\/#\/schema\/person\/6ee74807ffb016a78852fec6a295d503\",\"name\":\"bceco\",\"image\":{\"@type\":\"ImageObject\",\"inLanguage\":\"en-US\",\"@id\":\"https:\/\/ikar.dev\/bceco-v2\/#\/schema\/person\/image\/\",\"url\":\"https:\/\/secure.gravatar.com\/avatar\/55c07e1707f50774ef3c842c9d074773a6b558a20fbd1608c8e4871bc88f3455?s=96&d=mm&r=g\",\"contentUrl\":\"https:\/\/secure.gravatar.com\/avatar\/55c07e1707f50774ef3c842c9d074773a6b558a20fbd1608c8e4871bc88f3455?s=96&d=mm&r=g\",\"caption\":\"bceco\"},\"sameAs\":[\"https:\/\/ikar.dev\/bceco-v2\"],\"url\":\"https:\/\/ikar.dev\/bceco-v2\/author\/bceco\/\"}]}<\/script>\n<!-- \/ Yoast SEO plugin. -->","yoast_head_json":{"title":"La Province de la Mongala \u00e0 l'heure de la modernisation","description":"Le Gouverneur de la Mongala Me C\u00e9sar Limbaya Bangisa a sign\u00e9 en date du 21 septembre 2023 un protocole d'accord avec le Bureau Central de Coordination, le BCeCo.","robots":{"index":"index","follow":"follow","max-snippet":"max-snippet:-1","max-image-preview":"max-image-preview:large","max-video-preview":"max-video-preview:-1"},"canonical":"https:\/\/ikar.dev\/bceco-v2\/la-province-de-la-mongala-a-lheure-de-la-modernisation-cesar-limbaya-scelle-le-pacte-avec-le-bceco\/","og_locale":"en_US","og_type":"article","og_title":"La Province de la Mongala \u00e0 l'heure de la modernisation","og_description":"Le Gouverneur de la Mongala Me C\u00e9sar Limbaya Bangisa a sign\u00e9 en date du 21 septembre 2023 un protocole d'accord avec le Bureau Central de Coordination, le BCeCo.","og_url":"https:\/\/ikar.dev\/bceco-v2\/la-province-de-la-mongala-a-lheure-de-la-modernisation-cesar-limbaya-scelle-le-pacte-avec-le-bceco\/","og_site_name":"Bureau Central de Coordination","article_publisher":"https:\/\/www.facebook.com\/BCeCoRDC","article_published_time":"2023-09-21T12:55:00+00:00","article_modified_time":"2025-12-23T16:22:29+00:00","og_image":[{"width":1500,"height":1000,"url":"https:\/\/ikar.dev\/bceco-v2\/wp-content\/uploads\/2023\/10\/La-Province-de-la-Mongala-a-lheure-de-la-modernisation-_-Cesar-Limbaya-scelle-le-pacte-avec-le-BCECO-1.jpg","type":"image\/jpeg"}],"author":"bceco","twitter_card":"summary_large_image","twitter_creator":"@BCeCoRDC","twitter_site":"@BCeCoRDC","twitter_misc":{"Written by":"bceco","Est. reading time":"2 minutes"},"schema":{"@context":"https:\/\/schema.org","@graph":[{"@type":"Article","@id":"https:\/\/ikar.dev\/bceco-v2\/la-province-de-la-mongala-a-lheure-de-la-modernisation-cesar-limbaya-scelle-le-pacte-avec-le-bceco\/#article","isPartOf":{"@id":"https:\/\/ikar.dev\/bceco-v2\/la-province-de-la-mongala-a-lheure-de-la-modernisation-cesar-limbaya-scelle-le-pacte-avec-le-bceco\/"},"author":{"name":"bceco","@id":"https:\/\/ikar.dev\/bceco-v2\/#\/schema\/person\/6ee74807ffb016a78852fec6a295d503"},"headline":"La Province de la Mongala \u00e0 l&#8217;heure de la modernisation : C\u00e9sar Limbaya sc\u00e8lle le pacte avec le BCECO !","datePublished":"2023-09-21T12:55:00+00:00","dateModified":"2025-12-23T16:22:29+00:00","mainEntityOfPage":{"@id":"https:\/\/ikar.dev\/bceco-v2\/la-province-de-la-mongala-a-lheure-de-la-modernisation-cesar-limbaya-scelle-le-pacte-avec-le-bceco\/"},"wordCount":246,"commentCount":0,"publisher":{"@id":"https:\/\/ikar.dev\/bceco-v2\/#organization"},"image":{"@id":"https:\/\/ikar.dev\/bceco-v2\/la-province-de-la-mongala-a-lheure-de-la-modernisation-cesar-limbaya-scelle-le-pacte-avec-le-bceco\/#primaryimage"},"thumbnailUrl":"https:\/\/ikar.dev\/bceco-v2\/wp-content\/uploads\/2023\/10\/La-Province-de-la-Mongala-a-lheure-de-la-modernisation-_-Cesar-Limbaya-scelle-le-pacte-avec-le-BCECO-1.jpg","articleSection":["Actualit\u00e9s"],"inLanguage":"en-US","potentialAction":[{"@type":"CommentAction","name":"Comment","target":["https:\/\/ikar.dev\/bceco-v2\/la-province-de-la-mongala-a-lheure-de-la-modernisation-cesar-limbaya-scelle-le-pacte-avec-le-bceco\/#respond"]}]},{"@type":"WebPage","@id":"https:\/\/ikar.dev\/bceco-v2\/la-province-de-la-mongala-a-lheure-de-la-modernisation-cesar-limbaya-scelle-le-pacte-avec-le-bceco\/","url":"https:\/\/ikar.dev\/bceco-v2\/la-province-de-la-mongala-a-lheure-de-la-modernisation-cesar-limbaya-scelle-le-pacte-avec-le-bceco\/","name":"La Province de la Mongala \u00e0 l'heure de la modernisation","isPartOf":{"@id":"https:\/\/ikar.dev\/bceco-v2\/#website"},"primaryImageOfPage":{"@id":"https:\/\/ikar.dev\/bceco-v2\/la-province-de-la-mongala-a-lheure-de-la-modernisation-cesar-limbaya-scelle-le-pacte-avec-le-bceco\/#primaryimage"},"image":{"@id":"https:\/\/ikar.dev\/bceco-v2\/la-province-de-la-mongala-a-lheure-de-la-modernisation-cesar-limbaya-scelle-le-pacte-avec-le-bceco\/#primaryimage"},"thumbnailUrl":"https:\/\/ikar.dev\/bceco-v2\/wp-content\/uploads\/2023\/10\/La-Province-de-la-Mongala-a-lheure-de-la-modernisation-_-Cesar-Limbaya-scelle-le-pacte-avec-le-BCECO-1.jpg","datePublished":"2023-09-21T12:55:00+00:00","dateModified":"2025-12-23T16:22:29+00:00","description":"Le Gouverneur de la Mongala Me C\u00e9sar Limbaya Bangisa a sign\u00e9 en date du 21 septembre 2023 un protocole d'accord avec le Bureau Central de Coordination, le BCeCo.","breadcrumb":{"@id":"https:\/\/ikar.dev\/bceco-v2\/la-province-de-la-mongala-a-lheure-de-la-modernisation-cesar-limbaya-scelle-le-pacte-avec-le-bceco\/#breadcrumb"},"inLanguage":"en-US","potentialAction":[{"@type":"ReadAction","target":["https:\/\/ikar.dev\/bceco-v2\/la-province-de-la-mongala-a-lheure-de-la-modernisation-cesar-limbaya-scelle-le-pacte-avec-le-bceco\/"]}]},{"@type":"ImageObject","inLanguage":"en-US","@id":"https:\/\/ikar.dev\/bceco-v2\/la-province-de-la-mongala-a-lheure-de-la-modernisation-cesar-limbaya-scelle-le-pacte-avec-le-bceco\/#primaryimage","url":"https:\/\/ikar.dev\/bceco-v2\/wp-content\/uploads\/2023\/10\/La-Province-de-la-Mongala-a-lheure-de-la-modernisation-_-Cesar-Limbaya-scelle-le-pacte-avec-le-BCECO-1.jpg","contentUrl":"https:\/\/ikar.dev\/bceco-v2\/wp-content\/uploads\/2023\/10\/La-Province-de-la-Mongala-a-lheure-de-la-modernisation-_-Cesar-Limbaya-scelle-le-pacte-avec-le-BCECO-1.jpg","width":1500,"height":1000,"caption":"La Province de la Mongala \u00e0 l'heure de la modernisation : C\u00e9sar Limbaya sc\u00e8lle le pacte avec le BCECO !"},{"@type":"BreadcrumbList","@id":"https:\/\/ikar.dev\/bceco-v2\/la-province-de-la-mongala-a-lheure-de-la-modernisation-cesar-limbaya-scelle-le-pacte-avec-le-bceco\/#breadcrumb","itemListElement":[{"@type":"ListItem","position":1,"name":"Accueil","item":"https:\/\/ikar.dev\/bceco-v2\/"},{"@type":"ListItem","position":2,"name":"La Province de la Mongala \u00e0 l&rsquo;heure de la modernisation : C\u00e9sar Limbaya sc\u00e8lle le pacte avec le BCECO !"}]},{"@type":"WebSite","@id":"https:\/\/ikar.dev\/bceco-v2\/#website","url":"https:\/\/ikar.dev\/bceco-v2\/","name":"Bureau Central de Coordination","description":"B.Ce.Co \u2013 Au c\u0153ur de l\u2019ex\u00e9cution des projets de d\u00e9veloppement en RDC","publisher":{"@id":"https:\/\/ikar.dev\/bceco-v2\/#organization"},"potentialAction":[{"@type":"SearchAction","target":{"@type":"EntryPoint","urlTemplate":"https:\/\/ikar.dev\/bceco-v2\/?s={search_term_string}"},"query-input":{"@type":"PropertyValueSpecification","valueRequired":true,"valueName":"search_term_string"}}],"inLanguage":"en-US"},{"@type":"Organization","@id":"https:\/\/ikar.dev\/bceco-v2\/#organization","name":"Bureau Central de Coordination","url":"https:\/\/ikar.dev\/bceco-v2\/","logo":{"@type":"ImageObject","inLanguage":"en-US","@id":"https:\/\/ikar.dev\/bceco-v2\/#\/schema\/logo\/image\/","url":"https:\/\/ikar.dev\/bceco-v2\/wp-content\/uploads\/2025\/12\/BCECO-Bureau-Central-de-Coordination.jpg","contentUrl":"https:\/\/ikar.dev\/bceco-v2\/wp-content\/uploads\/2025\/12\/BCECO-Bureau-Central-de-Coordination.jpg","width":2048,"height":2048,"caption":"Bureau Central de Coordination"},"image":{"@id":"https:\/\/ikar.dev\/bceco-v2\/#\/schema\/logo\/image\/"},"sameAs":["https:\/\/www.facebook.com\/BCeCoRDC","https:\/\/x.com\/BCeCoRDC"]},{"@type":"Person","@id":"https:\/\/ikar.dev\/bceco-v2\/#\/schema\/person\/6ee74807ffb016a78852fec6a295d503","name":"bceco","image":{"@type":"ImageObject","inLanguage":"en-US","@id":"https:\/\/ikar.dev\/bceco-v2\/#\/schema\/person\/image\/","url":"https:\/\/secure.gravatar.com\/avatar\/55c07e1707f50774ef3c842c9d074773a6b558a20fbd1608c8e4871bc88f3455?s=96&d=mm&r=g","contentUrl":"https:\/\/secure.gravatar.com\/avatar\/55c07e1707f50774ef3c842c9d074773a6b558a20fbd1608c8e4871bc88f3455?s=96&d=mm&r=g","caption":"bceco"},"sameAs":["https:\/\/ikar.dev\/bceco-v2"],"url":"https:\/\/ikar.dev\/bceco-v2\/author\/bceco\/"}]}},"_links":{"self":[{"href":"https:\/\/ikar.dev\/bceco-v2\/wp-json\/wp\/v2\/posts\/30899","targetHints":{"allow":["GET"]}}],"collection":[{"href":"https:\/\/ikar.dev\/bceco-v2\/wp-json\/wp\/v2\/posts"}],"about":[{"href":"https:\/\/ikar.dev\/bceco-v2\/wp-json\/wp\/v2\/types\/post"}],"author":[{"embeddable":true,"href":"https:\/\/ikar.dev\/bceco-v2\/wp-json\/wp\/v2\/users\/1"}],"replies":[{"embeddable":true,"href":"https:\/\/ikar.dev\/bceco-v2\/wp-json\/wp\/v2\/comments?post=30899"}],"version-history":[{"count":1,"href":"https:\/\/ikar.dev\/bceco-v2\/wp-json\/wp\/v2\/posts\/30899\/revisions"}],"predecessor-version":[{"id":56339,"href":"https:\/\/ikar.dev\/bceco-v2\/wp-json\/wp\/v2\/posts\/30899\/revisions\/56339"}],"wp:featuredmedia":[{"embeddable":true,"href":"https:\/\/ikar.dev\/bceco-v2\/wp-json\/wp\/v2\/media\/30907"}],"wp:attachment":[{"href":"https:\/\/ikar.dev\/bceco-v2\/wp-json\/wp\/v2\/media?parent=30899"}],"wp:term":[{"taxonomy":"category","embeddable":true,"href":"https:\/\/ikar.dev\/bceco-v2\/wp-json\/wp\/v2\/categories?post=30899"},{"taxonomy":"post_tag","embeddable":true,"href":"https:\/\/ikar.dev\/bceco-v2\/wp-json\/wp\/v2\/tags?post=30899"}],"curies":[{"name":"wp","href":"https:\/\/api.w.org\/{rel}","templated":true}]}}