{"id":30877,"date":"2023-10-18T10:58:00","date_gmt":"2023-10-18T10:58:00","guid":{"rendered":"https:\/\/bceco.cd\/?p=30877"},"modified":"2025-12-23T17:22:55","modified_gmt":"2025-12-23T16:22:55","slug":"modernisation-de-la-province-du-sankuru-le-gouverneur-jules-lodi-signe-un-protocole-daccord-avec-le-bceco","status":"publish","type":"post","link":"https:\/\/ikar.dev\/bceco-v2\/modernisation-de-la-province-du-sankuru-le-gouverneur-jules-lodi-signe-un-protocole-daccord-avec-le-bceco\/","title":{"rendered":"Modernisation de la Province du Sankuru :Le gouverneur Jules Lodi signe un protocole d&#8217;accord avec le BCECO !"},"content":{"rendered":"<p style=\"text-align: justify;\">Soucieux du bien \u00eatre de sa population le Gouverneur du Sankuru Jules Lodi Emongo a sign\u00e9 ce mardi 17 octobre 2023 dans la soir\u00e9e un protocole d&#8217;accord avec le bureau central de coordination BCeCo.<\/p>\n\n<p style=\"text-align: justify;\">Ce protocole sign\u00e9 \u00e0 ce jour porte sur la modernisation et la construction des infrastructures Socio-\u00e9conomiques de base afin de r\u00e9duire les disparit\u00e9s entre les territoires et les villes naissantes dans sa juridiction car selon lui le PDL -145T ne concerne que les territoires alors que son entit\u00e9 s&#8217;est agrandie, aujourd&#8217;hui elle compte 6 territoires , 6 communes et 2 villes.<\/p>\n\n\n<figure class=\"wp-block-image size-full\"><img fetchpriority=\"high\" decoding=\"async\" width=\"1500\" height=\"1000\" src=\"https:\/\/ikar.dev\/bceco-v2\/wp-content\/uploads\/2023\/10\/Modernisation-de-la-Province-du-Sankuru-_-Le-gouverneur-Jules-Lodi-signe-un-protocole-daccord-avec-le-BCECO-3.jpg\" alt=\"Modernisation de la Province du Sankuru : \nLe gouverneur Jules Lodi signe un protocole d'accord avec le BCECO !\" class=\"wp-image-30884\" srcset=\"https:\/\/ikar.dev\/bceco-v2\/wp-content\/uploads\/2023\/10\/Modernisation-de-la-Province-du-Sankuru-_-Le-gouverneur-Jules-Lodi-signe-un-protocole-daccord-avec-le-BCECO-3.jpg 1500w, https:\/\/ikar.dev\/bceco-v2\/wp-content\/uploads\/2023\/10\/Modernisation-de-la-Province-du-Sankuru-_-Le-gouverneur-Jules-Lodi-signe-un-protocole-daccord-avec-le-BCECO-3-768x512.jpg 768w, https:\/\/ikar.dev\/bceco-v2\/wp-content\/uploads\/2023\/10\/Modernisation-de-la-Province-du-Sankuru-_-Le-gouverneur-Jules-Lodi-signe-un-protocole-daccord-avec-le-BCECO-3-600x400.jpg 600w\" sizes=\"(max-width: 1500px) 100vw, 1500px\" \/><\/figure>\n\n\n<p style=\"text-align: justify;\">Jean Mabi Mulumba directeur g\u00e9n\u00e9ral du bceco parle de renforcement de relation avec la dite province pour la construction de certains ouvrages. Il s&#8217;agit notamment des routes, des b\u00e2timents, de l&#8217;eau, de l&#8217;\u00e9lectricit\u00e9 etc.<\/p>\n\n<p style=\"text-align: justify;\">Jules Lodi a aussi \u00e9mis le v\u0153u de voir les travaux d\u00e9marrer rapidement et s&#8217;est dit heureux de collaborer avec le BCECO qui regorge en son sein l&#8217;expertise av\u00e9r\u00e9e pour ce genre de projet.<\/p>\n\n<p style=\"text-align: justify;\">Le BCECO qui laisse d\u00e9sormais ses portes ouvertes pour le gouvernorat du sankuru \u00e0 travers son gouverneur se met dor\u00e9navant \u00e0 pied d&#8217;\u0153uvre pour la concr\u00e9tisation de ce projet.<\/p>\n\n\n<figure class=\"wp-block-image size-full\"><img decoding=\"async\" width=\"1500\" height=\"1000\" src=\"https:\/\/ikar.dev\/bceco-v2\/wp-content\/uploads\/2023\/10\/Modernisation-de-la-Province-du-Sankuru-_-Le-gouverneur-Jules-Lodi-signe-un-protocole-daccord-avec-le-BCECO-2.jpg\" alt=\"Modernisation de la Province du Sankuru : Le gouverneur Jules Lodi signe un protocole d'accord avec le BCECO !\" class=\"wp-image-30885\" srcset=\"https:\/\/ikar.dev\/bceco-v2\/wp-content\/uploads\/2023\/10\/Modernisation-de-la-Province-du-Sankuru-_-Le-gouverneur-Jules-Lodi-signe-un-protocole-daccord-avec-le-BCECO-2.jpg 1500w, https:\/\/ikar.dev\/bceco-v2\/wp-content\/uploads\/2023\/10\/Modernisation-de-la-Province-du-Sankuru-_-Le-gouverneur-Jules-Lodi-signe-un-protocole-daccord-avec-le-BCECO-2-768x512.jpg 768w, https:\/\/ikar.dev\/bceco-v2\/wp-content\/uploads\/2023\/10\/Modernisation-de-la-Province-du-Sankuru-_-Le-gouverneur-Jules-Lodi-signe-un-protocole-daccord-avec-le-BCECO-2-600x400.jpg 600w\" sizes=\"(max-width: 1500px) 100vw, 1500px\" \/><\/figure>\n","protected":false},"excerpt":{"rendered":"<p>Soucieux du bien \u00eatre de sa population le Gouverneur du Sankuru Jules Lodi Emongo a sign\u00e9 ce mardi 17 octobre 2023 dans la soir\u00e9e un protocole d&#8217;accord avec le bureau central de coordination BCeCo. Ce protocole sign\u00e9 \u00e0 ce jour porte sur la modernisation et la construction des infrastructures Socio-\u00e9conomiques de base afin de r\u00e9duire<\/p>\n","protected":false},"author":1,"featured_media":30879,"comment_status":"open","ping_status":"open","sticky":false,"template":"","format":"standard","meta":{"footnotes":""},"categories":[69],"tags":[],"class_list":["post-30877","post","type-post","status-publish","format-standard","has-post-thumbnail","hentry","category-actualites"],"yoast_head":"<!-- This site is optimized with the Yoast SEO plugin v26.7 - https:\/\/yoast.com\/wordpress\/plugins\/seo\/ -->\n<title>Modernisation de la Province du Sankuru :Le gouverneur Jules Lodi signe un protocole d&#039;accord avec le BCECO ! - Bureau Central de Coordination<\/title>\n<meta name=\"description\" content=\"Soucieux du bien \u00eatre de sa population le Gouverneur du Sankuru Jules Lodi Emongo a sign\u00e9 ce mardi 17 octobre 2023 dans la soir\u00e9e un protocole d&#039;accord avec le bureau central de coordination BCeCo.\" \/>\n<meta name=\"robots\" content=\"index, follow, max-snippet:-1, max-image-preview:large, max-video-preview:-1\" \/>\n<link rel=\"canonical\" href=\"https:\/\/ikar.dev\/bceco-v2\/modernisation-de-la-province-du-sankuru-le-gouverneur-jules-lodi-signe-un-protocole-daccord-avec-le-bceco\/\" \/>\n<meta property=\"og:locale\" content=\"en_US\" \/>\n<meta property=\"og:type\" content=\"article\" \/>\n<meta property=\"og:title\" content=\"Modernisation de la Province du Sankuru :Le gouverneur Jules Lodi signe un protocole d&#039;accord avec le BCECO ! - Bureau Central de Coordination\" \/>\n<meta property=\"og:description\" content=\"Soucieux du bien \u00eatre de sa population le Gouverneur du Sankuru Jules Lodi Emongo a sign\u00e9 ce mardi 17 octobre 2023 dans la soir\u00e9e un protocole d&#039;accord avec le bureau central de coordination BCeCo.\" \/>\n<meta property=\"og:url\" content=\"https:\/\/ikar.dev\/bceco-v2\/modernisation-de-la-province-du-sankuru-le-gouverneur-jules-lodi-signe-un-protocole-daccord-avec-le-bceco\/\" \/>\n<meta property=\"og:site_name\" content=\"Bureau Central de Coordination\" \/>\n<meta property=\"article:publisher\" content=\"https:\/\/www.facebook.com\/BCeCoRDC\" \/>\n<meta property=\"article:published_time\" content=\"2023-10-18T10:58:00+00:00\" \/>\n<meta property=\"article:modified_time\" content=\"2025-12-23T16:22:55+00:00\" \/>\n<meta property=\"og:image\" content=\"https:\/\/ikar.dev\/bceco-v2\/wp-content\/uploads\/2023\/10\/Modernisation-de-la-Province-du-Sankuru-_-Le-gouverneur-Jules-Lodi-signe-un-protocole-daccord-avec-le-BCECO-.jpg\" \/>\n\t<meta property=\"og:image:width\" content=\"1500\" \/>\n\t<meta property=\"og:image:height\" content=\"1000\" \/>\n\t<meta property=\"og:image:type\" content=\"image\/jpeg\" \/>\n<meta name=\"author\" content=\"bceco\" \/>\n<meta name=\"twitter:card\" content=\"summary_large_image\" \/>\n<meta name=\"twitter:creator\" content=\"@BCeCoRDC\" \/>\n<meta name=\"twitter:site\" content=\"@BCeCoRDC\" \/>\n<meta name=\"twitter:label1\" content=\"Written by\" \/>\n\t<meta name=\"twitter:data1\" content=\"bceco\" \/>\n\t<meta name=\"twitter:label2\" content=\"Est. reading time\" \/>\n\t<meta name=\"twitter:data2\" content=\"2 minutes\" \/>\n<script type=\"application\/ld+json\" class=\"yoast-schema-graph\">{\"@context\":\"https:\/\/schema.org\",\"@graph\":[{\"@type\":\"Article\",\"@id\":\"https:\/\/ikar.dev\/bceco-v2\/modernisation-de-la-province-du-sankuru-le-gouverneur-jules-lodi-signe-un-protocole-daccord-avec-le-bceco\/#article\",\"isPartOf\":{\"@id\":\"https:\/\/ikar.dev\/bceco-v2\/modernisation-de-la-province-du-sankuru-le-gouverneur-jules-lodi-signe-un-protocole-daccord-avec-le-bceco\/\"},\"author\":{\"name\":\"bceco\",\"@id\":\"https:\/\/ikar.dev\/bceco-v2\/#\/schema\/person\/6ee74807ffb016a78852fec6a295d503\"},\"headline\":\"Modernisation de la Province du Sankuru :Le gouverneur Jules Lodi signe un protocole d&#8217;accord avec le BCECO !\",\"datePublished\":\"2023-10-18T10:58:00+00:00\",\"dateModified\":\"2025-12-23T16:22:55+00:00\",\"mainEntityOfPage\":{\"@id\":\"https:\/\/ikar.dev\/bceco-v2\/modernisation-de-la-province-du-sankuru-le-gouverneur-jules-lodi-signe-un-protocole-daccord-avec-le-bceco\/\"},\"wordCount\":225,\"commentCount\":1,\"publisher\":{\"@id\":\"https:\/\/ikar.dev\/bceco-v2\/#organization\"},\"image\":{\"@id\":\"https:\/\/ikar.dev\/bceco-v2\/modernisation-de-la-province-du-sankuru-le-gouverneur-jules-lodi-signe-un-protocole-daccord-avec-le-bceco\/#primaryimage\"},\"thumbnailUrl\":\"https:\/\/ikar.dev\/bceco-v2\/wp-content\/uploads\/2023\/10\/Modernisation-de-la-Province-du-Sankuru-_-Le-gouverneur-Jules-Lodi-signe-un-protocole-daccord-avec-le-BCECO-.jpg\",\"articleSection\":[\"Actualit\u00e9s\"],\"inLanguage\":\"en-US\",\"potentialAction\":[{\"@type\":\"CommentAction\",\"name\":\"Comment\",\"target\":[\"https:\/\/ikar.dev\/bceco-v2\/modernisation-de-la-province-du-sankuru-le-gouverneur-jules-lodi-signe-un-protocole-daccord-avec-le-bceco\/#respond\"]}]},{\"@type\":\"WebPage\",\"@id\":\"https:\/\/ikar.dev\/bceco-v2\/modernisation-de-la-province-du-sankuru-le-gouverneur-jules-lodi-signe-un-protocole-daccord-avec-le-bceco\/\",\"url\":\"https:\/\/ikar.dev\/bceco-v2\/modernisation-de-la-province-du-sankuru-le-gouverneur-jules-lodi-signe-un-protocole-daccord-avec-le-bceco\/\",\"name\":\"Modernisation de la Province du Sankuru :Le gouverneur Jules Lodi signe un protocole d'accord avec le BCECO ! - Bureau Central de Coordination\",\"isPartOf\":{\"@id\":\"https:\/\/ikar.dev\/bceco-v2\/#website\"},\"primaryImageOfPage\":{\"@id\":\"https:\/\/ikar.dev\/bceco-v2\/modernisation-de-la-province-du-sankuru-le-gouverneur-jules-lodi-signe-un-protocole-daccord-avec-le-bceco\/#primaryimage\"},\"image\":{\"@id\":\"https:\/\/ikar.dev\/bceco-v2\/modernisation-de-la-province-du-sankuru-le-gouverneur-jules-lodi-signe-un-protocole-daccord-avec-le-bceco\/#primaryimage\"},\"thumbnailUrl\":\"https:\/\/ikar.dev\/bceco-v2\/wp-content\/uploads\/2023\/10\/Modernisation-de-la-Province-du-Sankuru-_-Le-gouverneur-Jules-Lodi-signe-un-protocole-daccord-avec-le-BCECO-.jpg\",\"datePublished\":\"2023-10-18T10:58:00+00:00\",\"dateModified\":\"2025-12-23T16:22:55+00:00\",\"description\":\"Soucieux du bien \u00eatre de sa population le Gouverneur du Sankuru Jules Lodi Emongo a sign\u00e9 ce mardi 17 octobre 2023 dans la soir\u00e9e un protocole d'accord avec le bureau central de coordination BCeCo.\",\"breadcrumb\":{\"@id\":\"https:\/\/ikar.dev\/bceco-v2\/modernisation-de-la-province-du-sankuru-le-gouverneur-jules-lodi-signe-un-protocole-daccord-avec-le-bceco\/#breadcrumb\"},\"inLanguage\":\"en-US\",\"potentialAction\":[{\"@type\":\"ReadAction\",\"target\":[\"https:\/\/ikar.dev\/bceco-v2\/modernisation-de-la-province-du-sankuru-le-gouverneur-jules-lodi-signe-un-protocole-daccord-avec-le-bceco\/\"]}]},{\"@type\":\"ImageObject\",\"inLanguage\":\"en-US\",\"@id\":\"https:\/\/ikar.dev\/bceco-v2\/modernisation-de-la-province-du-sankuru-le-gouverneur-jules-lodi-signe-un-protocole-daccord-avec-le-bceco\/#primaryimage\",\"url\":\"https:\/\/ikar.dev\/bceco-v2\/wp-content\/uploads\/2023\/10\/Modernisation-de-la-Province-du-Sankuru-_-Le-gouverneur-Jules-Lodi-signe-un-protocole-daccord-avec-le-BCECO-.jpg\",\"contentUrl\":\"https:\/\/ikar.dev\/bceco-v2\/wp-content\/uploads\/2023\/10\/Modernisation-de-la-Province-du-Sankuru-_-Le-gouverneur-Jules-Lodi-signe-un-protocole-daccord-avec-le-BCECO-.jpg\",\"width\":1500,\"height\":1000},{\"@type\":\"BreadcrumbList\",\"@id\":\"https:\/\/ikar.dev\/bceco-v2\/modernisation-de-la-province-du-sankuru-le-gouverneur-jules-lodi-signe-un-protocole-daccord-avec-le-bceco\/#breadcrumb\",\"itemListElement\":[{\"@type\":\"ListItem\",\"position\":1,\"name\":\"Accueil\",\"item\":\"https:\/\/ikar.dev\/bceco-v2\/\"},{\"@type\":\"ListItem\",\"position\":2,\"name\":\"Modernisation de la Province du Sankuru :Le gouverneur Jules Lodi signe un protocole d&rsquo;accord avec le BCECO !\"}]},{\"@type\":\"WebSite\",\"@id\":\"https:\/\/ikar.dev\/bceco-v2\/#website\",\"url\":\"https:\/\/ikar.dev\/bceco-v2\/\",\"name\":\"Bureau Central de Coordination\",\"description\":\"B.Ce.Co \u2013 Au c\u0153ur de l\u2019ex\u00e9cution des projets de d\u00e9veloppement en RDC\",\"publisher\":{\"@id\":\"https:\/\/ikar.dev\/bceco-v2\/#organization\"},\"potentialAction\":[{\"@type\":\"SearchAction\",\"target\":{\"@type\":\"EntryPoint\",\"urlTemplate\":\"https:\/\/ikar.dev\/bceco-v2\/?s={search_term_string}\"},\"query-input\":{\"@type\":\"PropertyValueSpecification\",\"valueRequired\":true,\"valueName\":\"search_term_string\"}}],\"inLanguage\":\"en-US\"},{\"@type\":\"Organization\",\"@id\":\"https:\/\/ikar.dev\/bceco-v2\/#organization\",\"name\":\"Bureau Central de Coordination\",\"url\":\"https:\/\/ikar.dev\/bceco-v2\/\",\"logo\":{\"@type\":\"ImageObject\",\"inLanguage\":\"en-US\",\"@id\":\"https:\/\/ikar.dev\/bceco-v2\/#\/schema\/logo\/image\/\",\"url\":\"https:\/\/ikar.dev\/bceco-v2\/wp-content\/uploads\/2025\/12\/BCECO-Bureau-Central-de-Coordination.jpg\",\"contentUrl\":\"https:\/\/ikar.dev\/bceco-v2\/wp-content\/uploads\/2025\/12\/BCECO-Bureau-Central-de-Coordination.jpg\",\"width\":2048,\"height\":2048,\"caption\":\"Bureau Central de Coordination\"},\"image\":{\"@id\":\"https:\/\/ikar.dev\/bceco-v2\/#\/schema\/logo\/image\/\"},\"sameAs\":[\"https:\/\/www.facebook.com\/BCeCoRDC\",\"https:\/\/x.com\/BCeCoRDC\"]},{\"@type\":\"Person\",\"@id\":\"https:\/\/ikar.dev\/bceco-v2\/#\/schema\/person\/6ee74807ffb016a78852fec6a295d503\",\"name\":\"bceco\",\"image\":{\"@type\":\"ImageObject\",\"inLanguage\":\"en-US\",\"@id\":\"https:\/\/ikar.dev\/bceco-v2\/#\/schema\/person\/image\/\",\"url\":\"https:\/\/secure.gravatar.com\/avatar\/55c07e1707f50774ef3c842c9d074773a6b558a20fbd1608c8e4871bc88f3455?s=96&d=mm&r=g\",\"contentUrl\":\"https:\/\/secure.gravatar.com\/avatar\/55c07e1707f50774ef3c842c9d074773a6b558a20fbd1608c8e4871bc88f3455?s=96&d=mm&r=g\",\"caption\":\"bceco\"},\"sameAs\":[\"https:\/\/ikar.dev\/bceco-v2\"],\"url\":\"https:\/\/ikar.dev\/bceco-v2\/author\/bceco\/\"}]}<\/script>\n<!-- \/ Yoast SEO plugin. -->","yoast_head_json":{"title":"Modernisation de la Province du Sankuru :Le gouverneur Jules Lodi signe un protocole d'accord avec le BCECO ! - Bureau Central de Coordination","description":"Soucieux du bien \u00eatre de sa population le Gouverneur du Sankuru Jules Lodi Emongo a sign\u00e9 ce mardi 17 octobre 2023 dans la soir\u00e9e un protocole d'accord avec le bureau central de coordination BCeCo.","robots":{"index":"index","follow":"follow","max-snippet":"max-snippet:-1","max-image-preview":"max-image-preview:large","max-video-preview":"max-video-preview:-1"},"canonical":"https:\/\/ikar.dev\/bceco-v2\/modernisation-de-la-province-du-sankuru-le-gouverneur-jules-lodi-signe-un-protocole-daccord-avec-le-bceco\/","og_locale":"en_US","og_type":"article","og_title":"Modernisation de la Province du Sankuru :Le gouverneur Jules Lodi signe un protocole d'accord avec le BCECO ! - Bureau Central de Coordination","og_description":"Soucieux du bien \u00eatre de sa population le Gouverneur du Sankuru Jules Lodi Emongo a sign\u00e9 ce mardi 17 octobre 2023 dans la soir\u00e9e un protocole d'accord avec le bureau central de coordination BCeCo.","og_url":"https:\/\/ikar.dev\/bceco-v2\/modernisation-de-la-province-du-sankuru-le-gouverneur-jules-lodi-signe-un-protocole-daccord-avec-le-bceco\/","og_site_name":"Bureau Central de Coordination","article_publisher":"https:\/\/www.facebook.com\/BCeCoRDC","article_published_time":"2023-10-18T10:58:00+00:00","article_modified_time":"2025-12-23T16:22:55+00:00","og_image":[{"width":1500,"height":1000,"url":"https:\/\/ikar.dev\/bceco-v2\/wp-content\/uploads\/2023\/10\/Modernisation-de-la-Province-du-Sankuru-_-Le-gouverneur-Jules-Lodi-signe-un-protocole-daccord-avec-le-BCECO-.jpg","type":"image\/jpeg"}],"author":"bceco","twitter_card":"summary_large_image","twitter_creator":"@BCeCoRDC","twitter_site":"@BCeCoRDC","twitter_misc":{"Written by":"bceco","Est. reading time":"2 minutes"},"schema":{"@context":"https:\/\/schema.org","@graph":[{"@type":"Article","@id":"https:\/\/ikar.dev\/bceco-v2\/modernisation-de-la-province-du-sankuru-le-gouverneur-jules-lodi-signe-un-protocole-daccord-avec-le-bceco\/#article","isPartOf":{"@id":"https:\/\/ikar.dev\/bceco-v2\/modernisation-de-la-province-du-sankuru-le-gouverneur-jules-lodi-signe-un-protocole-daccord-avec-le-bceco\/"},"author":{"name":"bceco","@id":"https:\/\/ikar.dev\/bceco-v2\/#\/schema\/person\/6ee74807ffb016a78852fec6a295d503"},"headline":"Modernisation de la Province du Sankuru :Le gouverneur Jules Lodi signe un protocole d&#8217;accord avec le BCECO !","datePublished":"2023-10-18T10:58:00+00:00","dateModified":"2025-12-23T16:22:55+00:00","mainEntityOfPage":{"@id":"https:\/\/ikar.dev\/bceco-v2\/modernisation-de-la-province-du-sankuru-le-gouverneur-jules-lodi-signe-un-protocole-daccord-avec-le-bceco\/"},"wordCount":225,"commentCount":1,"publisher":{"@id":"https:\/\/ikar.dev\/bceco-v2\/#organization"},"image":{"@id":"https:\/\/ikar.dev\/bceco-v2\/modernisation-de-la-province-du-sankuru-le-gouverneur-jules-lodi-signe-un-protocole-daccord-avec-le-bceco\/#primaryimage"},"thumbnailUrl":"https:\/\/ikar.dev\/bceco-v2\/wp-content\/uploads\/2023\/10\/Modernisation-de-la-Province-du-Sankuru-_-Le-gouverneur-Jules-Lodi-signe-un-protocole-daccord-avec-le-BCECO-.jpg","articleSection":["Actualit\u00e9s"],"inLanguage":"en-US","potentialAction":[{"@type":"CommentAction","name":"Comment","target":["https:\/\/ikar.dev\/bceco-v2\/modernisation-de-la-province-du-sankuru-le-gouverneur-jules-lodi-signe-un-protocole-daccord-avec-le-bceco\/#respond"]}]},{"@type":"WebPage","@id":"https:\/\/ikar.dev\/bceco-v2\/modernisation-de-la-province-du-sankuru-le-gouverneur-jules-lodi-signe-un-protocole-daccord-avec-le-bceco\/","url":"https:\/\/ikar.dev\/bceco-v2\/modernisation-de-la-province-du-sankuru-le-gouverneur-jules-lodi-signe-un-protocole-daccord-avec-le-bceco\/","name":"Modernisation de la Province du Sankuru :Le gouverneur Jules Lodi signe un protocole d'accord avec le BCECO ! - Bureau Central de Coordination","isPartOf":{"@id":"https:\/\/ikar.dev\/bceco-v2\/#website"},"primaryImageOfPage":{"@id":"https:\/\/ikar.dev\/bceco-v2\/modernisation-de-la-province-du-sankuru-le-gouverneur-jules-lodi-signe-un-protocole-daccord-avec-le-bceco\/#primaryimage"},"image":{"@id":"https:\/\/ikar.dev\/bceco-v2\/modernisation-de-la-province-du-sankuru-le-gouverneur-jules-lodi-signe-un-protocole-daccord-avec-le-bceco\/#primaryimage"},"thumbnailUrl":"https:\/\/ikar.dev\/bceco-v2\/wp-content\/uploads\/2023\/10\/Modernisation-de-la-Province-du-Sankuru-_-Le-gouverneur-Jules-Lodi-signe-un-protocole-daccord-avec-le-BCECO-.jpg","datePublished":"2023-10-18T10:58:00+00:00","dateModified":"2025-12-23T16:22:55+00:00","description":"Soucieux du bien \u00eatre de sa population le Gouverneur du Sankuru Jules Lodi Emongo a sign\u00e9 ce mardi 17 octobre 2023 dans la soir\u00e9e un protocole d'accord avec le bureau central de coordination BCeCo.","breadcrumb":{"@id":"https:\/\/ikar.dev\/bceco-v2\/modernisation-de-la-province-du-sankuru-le-gouverneur-jules-lodi-signe-un-protocole-daccord-avec-le-bceco\/#breadcrumb"},"inLanguage":"en-US","potentialAction":[{"@type":"ReadAction","target":["https:\/\/ikar.dev\/bceco-v2\/modernisation-de-la-province-du-sankuru-le-gouverneur-jules-lodi-signe-un-protocole-daccord-avec-le-bceco\/"]}]},{"@type":"ImageObject","inLanguage":"en-US","@id":"https:\/\/ikar.dev\/bceco-v2\/modernisation-de-la-province-du-sankuru-le-gouverneur-jules-lodi-signe-un-protocole-daccord-avec-le-bceco\/#primaryimage","url":"https:\/\/ikar.dev\/bceco-v2\/wp-content\/uploads\/2023\/10\/Modernisation-de-la-Province-du-Sankuru-_-Le-gouverneur-Jules-Lodi-signe-un-protocole-daccord-avec-le-BCECO-.jpg","contentUrl":"https:\/\/ikar.dev\/bceco-v2\/wp-content\/uploads\/2023\/10\/Modernisation-de-la-Province-du-Sankuru-_-Le-gouverneur-Jules-Lodi-signe-un-protocole-daccord-avec-le-BCECO-.jpg","width":1500,"height":1000},{"@type":"BreadcrumbList","@id":"https:\/\/ikar.dev\/bceco-v2\/modernisation-de-la-province-du-sankuru-le-gouverneur-jules-lodi-signe-un-protocole-daccord-avec-le-bceco\/#breadcrumb","itemListElement":[{"@type":"ListItem","position":1,"name":"Accueil","item":"https:\/\/ikar.dev\/bceco-v2\/"},{"@type":"ListItem","position":2,"name":"Modernisation de la Province du Sankuru :Le gouverneur Jules Lodi signe un protocole d&rsquo;accord avec le BCECO !"}]},{"@type":"WebSite","@id":"https:\/\/ikar.dev\/bceco-v2\/#website","url":"https:\/\/ikar.dev\/bceco-v2\/","name":"Bureau Central de Coordination","description":"B.Ce.Co \u2013 Au c\u0153ur de l\u2019ex\u00e9cution des projets de d\u00e9veloppement en RDC","publisher":{"@id":"https:\/\/ikar.dev\/bceco-v2\/#organization"},"potentialAction":[{"@type":"SearchAction","target":{"@type":"EntryPoint","urlTemplate":"https:\/\/ikar.dev\/bceco-v2\/?s={search_term_string}"},"query-input":{"@type":"PropertyValueSpecification","valueRequired":true,"valueName":"search_term_string"}}],"inLanguage":"en-US"},{"@type":"Organization","@id":"https:\/\/ikar.dev\/bceco-v2\/#organization","name":"Bureau Central de Coordination","url":"https:\/\/ikar.dev\/bceco-v2\/","logo":{"@type":"ImageObject","inLanguage":"en-US","@id":"https:\/\/ikar.dev\/bceco-v2\/#\/schema\/logo\/image\/","url":"https:\/\/ikar.dev\/bceco-v2\/wp-content\/uploads\/2025\/12\/BCECO-Bureau-Central-de-Coordination.jpg","contentUrl":"https:\/\/ikar.dev\/bceco-v2\/wp-content\/uploads\/2025\/12\/BCECO-Bureau-Central-de-Coordination.jpg","width":2048,"height":2048,"caption":"Bureau Central de Coordination"},"image":{"@id":"https:\/\/ikar.dev\/bceco-v2\/#\/schema\/logo\/image\/"},"sameAs":["https:\/\/www.facebook.com\/BCeCoRDC","https:\/\/x.com\/BCeCoRDC"]},{"@type":"Person","@id":"https:\/\/ikar.dev\/bceco-v2\/#\/schema\/person\/6ee74807ffb016a78852fec6a295d503","name":"bceco","image":{"@type":"ImageObject","inLanguage":"en-US","@id":"https:\/\/ikar.dev\/bceco-v2\/#\/schema\/person\/image\/","url":"https:\/\/secure.gravatar.com\/avatar\/55c07e1707f50774ef3c842c9d074773a6b558a20fbd1608c8e4871bc88f3455?s=96&d=mm&r=g","contentUrl":"https:\/\/secure.gravatar.com\/avatar\/55c07e1707f50774ef3c842c9d074773a6b558a20fbd1608c8e4871bc88f3455?s=96&d=mm&r=g","caption":"bceco"},"sameAs":["https:\/\/ikar.dev\/bceco-v2"],"url":"https:\/\/ikar.dev\/bceco-v2\/author\/bceco\/"}]}},"_links":{"self":[{"href":"https:\/\/ikar.dev\/bceco-v2\/wp-json\/wp\/v2\/posts\/30877","targetHints":{"allow":["GET"]}}],"collection":[{"href":"https:\/\/ikar.dev\/bceco-v2\/wp-json\/wp\/v2\/posts"}],"about":[{"href":"https:\/\/ikar.dev\/bceco-v2\/wp-json\/wp\/v2\/types\/post"}],"author":[{"embeddable":true,"href":"https:\/\/ikar.dev\/bceco-v2\/wp-json\/wp\/v2\/users\/1"}],"replies":[{"embeddable":true,"href":"https:\/\/ikar.dev\/bceco-v2\/wp-json\/wp\/v2\/comments?post=30877"}],"version-history":[{"count":1,"href":"https:\/\/ikar.dev\/bceco-v2\/wp-json\/wp\/v2\/posts\/30877\/revisions"}],"predecessor-version":[{"id":56343,"href":"https:\/\/ikar.dev\/bceco-v2\/wp-json\/wp\/v2\/posts\/30877\/revisions\/56343"}],"wp:featuredmedia":[{"embeddable":true,"href":"https:\/\/ikar.dev\/bceco-v2\/wp-json\/wp\/v2\/media\/30879"}],"wp:attachment":[{"href":"https:\/\/ikar.dev\/bceco-v2\/wp-json\/wp\/v2\/media?parent=30877"}],"wp:term":[{"taxonomy":"category","embeddable":true,"href":"https:\/\/ikar.dev\/bceco-v2\/wp-json\/wp\/v2\/categories?post=30877"},{"taxonomy":"post_tag","embeddable":true,"href":"https:\/\/ikar.dev\/bceco-v2\/wp-json\/wp\/v2\/tags?post=30877"}],"curies":[{"name":"wp","href":"https:\/\/api.w.org\/{rel}","templated":true}]}}