{"id":30870,"date":"2023-10-19T10:39:08","date_gmt":"2023-10-19T10:39:08","guid":{"rendered":"https:\/\/bceco.cd\/?p=30870"},"modified":"2025-12-23T17:23:01","modified_gmt":"2025-12-23T16:23:01","slug":"barrage-mbombo-le-bceco-explique-lavancee-des-travaux-au-codesko","status":"publish","type":"post","link":"https:\/\/ikar.dev\/bceco-v2\/barrage-mbombo-le-bceco-explique-lavancee-des-travaux-au-codesko\/","title":{"rendered":"Barrage Mbombo: Le BCECO explique l&#8217;avanc\u00e9e des travaux au CODESKO !"},"content":{"rendered":"\t\t<div data-elementor-type=\"wp-post\" data-elementor-id=\"30870\" class=\"elementor elementor-30870\" data-elementor-post-type=\"post\">\n\t\t\t\t\t\t<section class=\"elementor-section elementor-top-section elementor-element elementor-element-9a1d4f3 elementor-section-boxed elementor-section-height-default elementor-section-height-default\" data-id=\"9a1d4f3\" data-element_type=\"section\">\n\t\t\t\t\t\t<div class=\"elementor-container elementor-column-gap-default\">\n\t\t\t\t\t<div class=\"elementor-column elementor-col-100 elementor-top-column elementor-element elementor-element-8f02c03\" data-id=\"8f02c03\" data-element_type=\"column\">\n\t\t\t<div class=\"elementor-widget-wrap elementor-element-populated\">\n\t\t\t\t\t\t<div class=\"elementor-element elementor-element-b9b725c elementor-widget elementor-widget-text-editor\" data-id=\"b9b725c\" data-element_type=\"widget\" data-widget_type=\"text-editor.default\">\n\t\t\t\t\t\t\t\t\t<p style=\"text-align: justify;\">Le barrage Mbombo sur la rivi\u00e8re Lulua dans la province du Kasa\u00ef Central \u00e9tait au centre de la s\u00e9ance de travail que le Directeur G\u00e9n\u00e9ral du Bureau Central de Coordination Jean Mabi Mulumba a eu avec les membres du Comit\u00e9 de Gestion de la Conf\u00e9rence pour le D\u00e9veloppement Socio-\u00e9conomique du Kasa\u00ef Occidentale CODESKO en sigle. Au menu de leurs \u00e9changes, la pr\u00e9sentation des diff\u00e9rentes phases pour la r\u00e9alisation de ce projet dont le financement est d\u00e9j\u00e0 boucl\u00e9.<\/p>\t\t\t\t\t\t\t\t<\/div>\n\t\t\t\t<div class=\"elementor-element elementor-element-9ed18e0 elementor-widget elementor-widget-text-editor\" data-id=\"9ed18e0\" data-element_type=\"widget\" data-widget_type=\"text-editor.default\">\n\t\t\t\t\t\t\t\t\t<p style=\"text-align: justify;\">En effet la ville de kananga souffrant d\u2019un manque chronique d\u2019\u00e9nergie \u00e9lectrique, le gouvernement provincial du Kasa\u00ef central avait r\u00e9ussi \u00e0 disponibiliser des ressources n\u00e9cessaires afin d\u2019\u00e9riger un barrage hydro\u00e9lectrique sur les chutes Mbombo sur la rivi\u00e8re Lulua.<\/p>\t\t\t\t\t\t\t\t<\/div>\n\t\t\t\t<div class=\"elementor-element elementor-element-8a03379 elementor-widget elementor-widget-text-editor\" data-id=\"8a03379\" data-element_type=\"widget\" data-widget_type=\"text-editor.default\">\n\t\t\t\t\t\t\t\t\t<p style=\"text-align: justify;\">A ce stade le BCeCo a recrut\u00e9 un cabinet pour la construction de ce barrage appel\u00e9 \u00e0 produire 10 m\u00e9gawatts pour un premier temps afin de pallier au d\u00e9ficit \u00e9lectrique de la ville.<\/p>\t\t\t\t\t\t\t\t<\/div>\n\t\t\t\t<div class=\"elementor-element elementor-element-a461395 elementor-arrows-position-inside elementor-widget elementor-widget-image-carousel\" data-id=\"a461395\" data-element_type=\"widget\" data-settings=\"{&quot;slides_to_show&quot;:&quot;1&quot;,&quot;navigation&quot;:&quot;arrows&quot;,&quot;autoplay&quot;:&quot;yes&quot;,&quot;pause_on_hover&quot;:&quot;yes&quot;,&quot;pause_on_interaction&quot;:&quot;yes&quot;,&quot;autoplay_speed&quot;:5000,&quot;infinite&quot;:&quot;yes&quot;,&quot;effect&quot;:&quot;slide&quot;,&quot;speed&quot;:500}\" data-widget_type=\"image-carousel.default\">\n\t\t\t\t\t\t\t<div class=\"elementor-image-carousel-wrapper swiper\" role=\"region\" aria-roledescription=\"carousel\" aria-label=\"Image Carousel\" dir=\"ltr\">\n\t\t\t<div class=\"elementor-image-carousel swiper-wrapper\" aria-live=\"off\">\n\t\t\t\t\t\t\t\t<div class=\"swiper-slide\" role=\"group\" aria-roledescription=\"slide\" aria-label=\"1 of 9\"><figure class=\"swiper-slide-inner\"><img decoding=\"async\" class=\"swiper-slide-image\" src=\"https:\/\/ikar.dev\/bceco-v2\/wp-content\/uploads\/2023\/10\/Barrage-Mbombo_-Le-BCECO-explique-lavancee-des-travaux-au-CODESKO-5-80x80.jpg\" alt=\"Barrage Mbombo_ Le BCECO explique l&#039;avance\u0301e des travaux au CODESKO 5\" \/><\/figure><\/div><div class=\"swiper-slide\" role=\"group\" aria-roledescription=\"slide\" aria-label=\"2 of 9\"><figure class=\"swiper-slide-inner\"><img decoding=\"async\" class=\"swiper-slide-image\" src=\"https:\/\/ikar.dev\/bceco-v2\/wp-content\/uploads\/2023\/10\/Barrage-Mbombo_-Le-BCECO-explique-lavancee-des-travaux-au-CODESKO-1-80x80.jpg\" alt=\"Barrage Mbombo_ Le BCECO explique l&#039;avance\u0301e des travaux au CODESKO 1\" \/><\/figure><\/div><div class=\"swiper-slide\" role=\"group\" aria-roledescription=\"slide\" aria-label=\"3 of 9\"><figure class=\"swiper-slide-inner\"><img decoding=\"async\" class=\"swiper-slide-image\" src=\"https:\/\/ikar.dev\/bceco-v2\/wp-content\/uploads\/2023\/10\/Barrage-Mbombo_-Le-BCECO-explique-lavancee-des-travaux-au-CODESKO-2-80x80.jpg\" alt=\"Barrage Mbombo_ Le BCECO explique l&#039;avance\u0301e des travaux au CODESKO 2\" \/><\/figure><\/div><div class=\"swiper-slide\" role=\"group\" aria-roledescription=\"slide\" aria-label=\"4 of 9\"><figure class=\"swiper-slide-inner\"><img decoding=\"async\" class=\"swiper-slide-image\" src=\"https:\/\/ikar.dev\/bceco-v2\/wp-content\/uploads\/2023\/10\/Barrage-Mbombo_-Le-BCECO-explique-lavancee-des-travaux-au-CODESKO-3-80x80.jpg\" alt=\"Barrage Mbombo_ Le BCECO explique l&#039;avance\u0301e des travaux au CODESKO 3\" \/><\/figure><\/div><div class=\"swiper-slide\" role=\"group\" aria-roledescription=\"slide\" aria-label=\"5 of 9\"><figure class=\"swiper-slide-inner\"><img decoding=\"async\" class=\"swiper-slide-image\" src=\"https:\/\/ikar.dev\/bceco-v2\/wp-content\/uploads\/2023\/10\/Barrage-Mbombo_-Le-BCECO-explique-lavancee-des-travaux-au-CODESKO-4-80x80.jpg\" alt=\"Barrage Mbombo: Le BCECO explique l&#039;avanc\u00e9e des travaux au CODESKO !\" \/><\/figure><\/div><div class=\"swiper-slide\" role=\"group\" aria-roledescription=\"slide\" aria-label=\"6 of 9\"><figure class=\"swiper-slide-inner\"><img decoding=\"async\" class=\"swiper-slide-image\" src=\"https:\/\/ikar.dev\/bceco-v2\/wp-content\/uploads\/2023\/10\/Barrage-Mbombo_-Le-BCECO-explique-lavancee-des-travaux-au-CODESKO-6-80x80.jpg\" alt=\"Barrage Mbombo_ Le BCECO explique l&#039;avance\u0301e des travaux au CODESKO 6\" \/><\/figure><\/div><div class=\"swiper-slide\" role=\"group\" aria-roledescription=\"slide\" aria-label=\"7 of 9\"><figure class=\"swiper-slide-inner\"><img decoding=\"async\" class=\"swiper-slide-image\" src=\"https:\/\/ikar.dev\/bceco-v2\/wp-content\/uploads\/2023\/10\/Barrage-Mbombo_-Le-BCECO-explique-lavancee-des-travaux-au-CODESKO-7-80x80.jpg\" alt=\"Barrage Mbombo: Le BCECO explique l\u2019avanc\u00e9e des travaux au CODESKO !\" \/><\/figure><\/div><div class=\"swiper-slide\" role=\"group\" aria-roledescription=\"slide\" aria-label=\"8 of 9\"><figure class=\"swiper-slide-inner\"><img decoding=\"async\" class=\"swiper-slide-image\" src=\"https:\/\/ikar.dev\/bceco-v2\/wp-content\/uploads\/2023\/10\/Barrage-Mbombo_-Le-BCECO-explique-lavancee-des-travaux-au-CODESKO-8-80x80.jpg\" alt=\"Barrage Mbombo_ Le BCECO explique l&#039;avance\u0301e des travaux au CODESKO 8\" \/><\/figure><\/div><div class=\"swiper-slide\" role=\"group\" aria-roledescription=\"slide\" aria-label=\"9 of 9\"><figure class=\"swiper-slide-inner\"><img decoding=\"async\" class=\"swiper-slide-image\" src=\"https:\/\/ikar.dev\/bceco-v2\/wp-content\/uploads\/2023\/10\/Barrage-Mbombo_-Le-BCECO-explique-lavancee-des-travaux-au-CODESKO-9-80x80.jpg\" alt=\"Barrage Mbombo_ Le BCECO explique l&#039;avance\u0301e des travaux au CODESKO 9\" \/><\/figure><\/div>\t\t\t<\/div>\n\t\t\t\t\t\t\t\t\t\t\t\t<div class=\"elementor-swiper-button elementor-swiper-button-prev\" role=\"button\" tabindex=\"0\">\n\t\t\t\t\t\t<svg aria-hidden=\"true\" class=\"e-font-icon-svg e-eicon-chevron-left\" viewBox=\"0 0 1000 1000\" xmlns=\"http:\/\/www.w3.org\/2000\/svg\"><path d=\"M646 125C629 125 613 133 604 142L308 442C296 454 292 471 292 487 292 504 296 521 308 533L604 854C617 867 629 875 646 875 663 875 679 871 692 858 704 846 713 829 713 812 713 796 708 779 692 767L438 487 692 225C700 217 708 204 708 187 708 171 704 154 692 142 675 129 663 125 646 125Z\"><\/path><\/svg>\t\t\t\t\t<\/div>\n\t\t\t\t\t<div class=\"elementor-swiper-button elementor-swiper-button-next\" role=\"button\" tabindex=\"0\">\n\t\t\t\t\t\t<svg aria-hidden=\"true\" class=\"e-font-icon-svg e-eicon-chevron-right\" viewBox=\"0 0 1000 1000\" xmlns=\"http:\/\/www.w3.org\/2000\/svg\"><path d=\"M696 533C708 521 713 504 713 487 713 471 708 454 696 446L400 146C388 133 375 125 354 125 338 125 325 129 313 142 300 154 292 171 292 187 292 204 296 221 308 233L563 492 304 771C292 783 288 800 288 817 288 833 296 850 308 863 321 871 338 875 354 875 371 875 388 867 400 854L696 533Z\"><\/path><\/svg>\t\t\t\t\t<\/div>\n\t\t\t\t\n\t\t\t\t\t\t\t\t\t<\/div>\n\t\t\t\t\t\t<\/div>\n\t\t\t\t<div class=\"elementor-element elementor-element-49b48a2 elementor-widget elementor-widget-text-editor\" data-id=\"49b48a2\" data-element_type=\"widget\" data-widget_type=\"text-editor.default\">\n\t\t\t\t\t\t\t\t\t<p style=\"text-align: justify;\">Ce cabinet qui travaille en \u00e9troite collaboration avec l\u2019agence nationale de l\u2019\u00e9lectrification et des services \u00e9nerg\u00e9tiques en milieux rural et p\u00e9riurbain (ANSER) a d\u00e9j\u00e0 proc\u00e9d\u00e9 \u00e0 plusieurs \u00e9tudes sur l\u2019hydrologie, l\u2019hydrographie, la topologie, l\u2019am\u00e9nagement du site etc\u2026<\/p>\t\t\t\t\t\t\t\t<\/div>\n\t\t\t\t<div class=\"elementor-element elementor-element-6abf98a elementor-widget elementor-widget-text-editor\" data-id=\"6abf98a\" data-element_type=\"widget\" data-widget_type=\"text-editor.default\">\n\t\t\t\t\t\t\t\t\t<p style=\"text-align: justify;\">Selon l\u2019ing\u00e9nieur responsable du projet Pierre Mukendi, ce projet se r\u00e9alisera en 18 mois Vu que tous les fonds sont d\u00e9j\u00e0 disponibles.<\/p>\t\t\t\t\t\t\t\t<\/div>\n\t\t\t\t<div class=\"elementor-element elementor-element-c5ae099 elementor-widget elementor-widget-text-editor\" data-id=\"c5ae099\" data-element_type=\"widget\" data-widget_type=\"text-editor.default\">\n\t\t\t\t\t\t\t\t\t<p style=\"text-align: justify;\">L\u2019occasion faisant le larron le num\u00e9ro un du bceco a profit\u00e9 pour expliquer aux membres de cette Asbl les autres projets qui s\u2019ex\u00e9cutent dans cette province.<\/p>\t\t\t\t\t\t\t\t<\/div>\n\t\t\t\t<div class=\"elementor-element elementor-element-36ab36d elementor-widget elementor-widget-text-editor\" data-id=\"36ab36d\" data-element_type=\"widget\" data-widget_type=\"text-editor.default\">\n\t\t\t\t\t\t\t\t\t<p style=\"text-align: justify;\">Apr\u00e8s un jeu des questions-reponses, le comit\u00e9 de gestion du CODESKO dit soutenir le projet et une d\u00e9claration \u00e0 \u00e9t\u00e9 lue devant la presse.<\/p>\t\t\t\t\t\t\t\t<\/div>\n\t\t\t\t\t<\/div>\n\t\t<\/div>\n\t\t\t\t\t<\/div>\n\t\t<\/section>\n\t\t\t\t<\/div>\n\t\t","protected":false},"excerpt":{"rendered":"<p>Le barrage Mbombo sur la rivi\u00e8re Lulua dans la province du Kasa\u00ef Central \u00e9tait au centre de la s\u00e9ance de travail que le Directeur G\u00e9n\u00e9ral du Bureau Central de Coordination Jean Mabi Mulumba a eu avec les membres du Comit\u00e9 de Gestion de la Conf\u00e9rence pour le D\u00e9veloppement Socio-\u00e9conomique du Kasa\u00ef Occidentale CODESKO en sigle.<\/p>\n","protected":false},"author":1,"featured_media":30937,"comment_status":"open","ping_status":"open","sticky":false,"template":"","format":"standard","meta":{"footnotes":""},"categories":[69],"tags":[],"class_list":["post-30870","post","type-post","status-publish","format-standard","has-post-thumbnail","hentry","category-actualites"],"yoast_head":"<!-- This site is optimized with the Yoast SEO plugin v26.7 - https:\/\/yoast.com\/wordpress\/plugins\/seo\/ -->\n<title>Barrage Mbombo: Le BCECO explique l&#039;avanc\u00e9e des travaux au CODESKO ! - Bureau Central de Coordination<\/title>\n<meta name=\"description\" content=\"Le barrage Mbombo sur la rivi\u00e8re Lulua dans la province du Kasa\u00ef Central \u00e9tait au centre de la s\u00e9ance de travail que le Directeur G\u00e9n\u00e9ral du Bureau Central de Coordination Jean Mabi Mulumba a eu avec les membres du Comit\u00e9 de Gestion de la Conf\u00e9rence pour le D\u00e9veloppement Socio-\u00e9conomique du Kasa\u00ef Occidentale CODESKO en sigle.\" \/>\n<meta name=\"robots\" content=\"index, follow, max-snippet:-1, max-image-preview:large, max-video-preview:-1\" \/>\n<link rel=\"canonical\" href=\"https:\/\/ikar.dev\/bceco-v2\/barrage-mbombo-le-bceco-explique-lavancee-des-travaux-au-codesko\/\" \/>\n<meta property=\"og:locale\" content=\"en_US\" \/>\n<meta property=\"og:type\" content=\"article\" \/>\n<meta property=\"og:title\" content=\"Barrage Mbombo: Le BCECO explique l&#039;avanc\u00e9e des travaux au CODESKO ! - Bureau Central de Coordination\" \/>\n<meta property=\"og:description\" content=\"Le barrage Mbombo sur la rivi\u00e8re Lulua dans la province du Kasa\u00ef Central \u00e9tait au centre de la s\u00e9ance de travail que le Directeur G\u00e9n\u00e9ral du Bureau Central de Coordination Jean Mabi Mulumba a eu avec les membres du Comit\u00e9 de Gestion de la Conf\u00e9rence pour le D\u00e9veloppement Socio-\u00e9conomique du Kasa\u00ef Occidentale CODESKO en sigle.\" \/>\n<meta property=\"og:url\" content=\"https:\/\/ikar.dev\/bceco-v2\/barrage-mbombo-le-bceco-explique-lavancee-des-travaux-au-codesko\/\" \/>\n<meta property=\"og:site_name\" content=\"Bureau Central de Coordination\" \/>\n<meta property=\"article:publisher\" content=\"https:\/\/www.facebook.com\/BCeCoRDC\" \/>\n<meta property=\"article:published_time\" content=\"2023-10-19T10:39:08+00:00\" \/>\n<meta property=\"article:modified_time\" content=\"2025-12-23T16:23:01+00:00\" \/>\n<meta property=\"og:image\" content=\"https:\/\/ikar.dev\/bceco-v2\/wp-content\/uploads\/2023\/10\/Barrage-Mbombo_-Le-BCECO-explique-lavancee-des-travaux-au-CODESKO-4.jpg\" \/>\n\t<meta property=\"og:image:width\" content=\"1500\" \/>\n\t<meta property=\"og:image:height\" content=\"1000\" \/>\n\t<meta property=\"og:image:type\" content=\"image\/jpeg\" \/>\n<meta name=\"author\" content=\"bceco\" \/>\n<meta name=\"twitter:card\" content=\"summary_large_image\" \/>\n<meta name=\"twitter:creator\" content=\"@BCeCoRDC\" \/>\n<meta name=\"twitter:site\" content=\"@BCeCoRDC\" \/>\n<meta name=\"twitter:label1\" content=\"Written by\" \/>\n\t<meta name=\"twitter:data1\" content=\"bceco\" \/>\n\t<meta name=\"twitter:label2\" content=\"Est. reading time\" \/>\n\t<meta name=\"twitter:data2\" content=\"4 minutes\" \/>\n<script type=\"application\/ld+json\" class=\"yoast-schema-graph\">{\"@context\":\"https:\/\/schema.org\",\"@graph\":[{\"@type\":\"Article\",\"@id\":\"https:\/\/ikar.dev\/bceco-v2\/barrage-mbombo-le-bceco-explique-lavancee-des-travaux-au-codesko\/#article\",\"isPartOf\":{\"@id\":\"https:\/\/ikar.dev\/bceco-v2\/barrage-mbombo-le-bceco-explique-lavancee-des-travaux-au-codesko\/\"},\"author\":{\"name\":\"bceco\",\"@id\":\"https:\/\/ikar.dev\/bceco-v2\/#\/schema\/person\/6ee74807ffb016a78852fec6a295d503\"},\"headline\":\"Barrage Mbombo: Le BCECO explique l&#8217;avanc\u00e9e des travaux au CODESKO !\",\"datePublished\":\"2023-10-19T10:39:08+00:00\",\"dateModified\":\"2025-12-23T16:23:01+00:00\",\"mainEntityOfPage\":{\"@id\":\"https:\/\/ikar.dev\/bceco-v2\/barrage-mbombo-le-bceco-explique-lavancee-des-travaux-au-codesko\/\"},\"wordCount\":303,\"commentCount\":2,\"publisher\":{\"@id\":\"https:\/\/ikar.dev\/bceco-v2\/#organization\"},\"image\":{\"@id\":\"https:\/\/ikar.dev\/bceco-v2\/barrage-mbombo-le-bceco-explique-lavancee-des-travaux-au-codesko\/#primaryimage\"},\"thumbnailUrl\":\"https:\/\/ikar.dev\/bceco-v2\/wp-content\/uploads\/2023\/10\/Barrage-Mbombo_-Le-BCECO-explique-lavancee-des-travaux-au-CODESKO-4.jpg\",\"articleSection\":[\"Actualit\u00e9s\"],\"inLanguage\":\"en-US\",\"potentialAction\":[{\"@type\":\"CommentAction\",\"name\":\"Comment\",\"target\":[\"https:\/\/ikar.dev\/bceco-v2\/barrage-mbombo-le-bceco-explique-lavancee-des-travaux-au-codesko\/#respond\"]}]},{\"@type\":\"WebPage\",\"@id\":\"https:\/\/ikar.dev\/bceco-v2\/barrage-mbombo-le-bceco-explique-lavancee-des-travaux-au-codesko\/\",\"url\":\"https:\/\/ikar.dev\/bceco-v2\/barrage-mbombo-le-bceco-explique-lavancee-des-travaux-au-codesko\/\",\"name\":\"Barrage Mbombo: Le BCECO explique l'avanc\u00e9e des travaux au CODESKO ! - Bureau Central de Coordination\",\"isPartOf\":{\"@id\":\"https:\/\/ikar.dev\/bceco-v2\/#website\"},\"primaryImageOfPage\":{\"@id\":\"https:\/\/ikar.dev\/bceco-v2\/barrage-mbombo-le-bceco-explique-lavancee-des-travaux-au-codesko\/#primaryimage\"},\"image\":{\"@id\":\"https:\/\/ikar.dev\/bceco-v2\/barrage-mbombo-le-bceco-explique-lavancee-des-travaux-au-codesko\/#primaryimage\"},\"thumbnailUrl\":\"https:\/\/ikar.dev\/bceco-v2\/wp-content\/uploads\/2023\/10\/Barrage-Mbombo_-Le-BCECO-explique-lavancee-des-travaux-au-CODESKO-4.jpg\",\"datePublished\":\"2023-10-19T10:39:08+00:00\",\"dateModified\":\"2025-12-23T16:23:01+00:00\",\"description\":\"Le barrage Mbombo sur la rivi\u00e8re Lulua dans la province du Kasa\u00ef Central \u00e9tait au centre de la s\u00e9ance de travail que le Directeur G\u00e9n\u00e9ral du Bureau Central de Coordination Jean Mabi Mulumba a eu avec les membres du Comit\u00e9 de Gestion de la Conf\u00e9rence pour le D\u00e9veloppement Socio-\u00e9conomique du Kasa\u00ef Occidentale CODESKO en sigle.\",\"breadcrumb\":{\"@id\":\"https:\/\/ikar.dev\/bceco-v2\/barrage-mbombo-le-bceco-explique-lavancee-des-travaux-au-codesko\/#breadcrumb\"},\"inLanguage\":\"en-US\",\"potentialAction\":[{\"@type\":\"ReadAction\",\"target\":[\"https:\/\/ikar.dev\/bceco-v2\/barrage-mbombo-le-bceco-explique-lavancee-des-travaux-au-codesko\/\"]}]},{\"@type\":\"ImageObject\",\"inLanguage\":\"en-US\",\"@id\":\"https:\/\/ikar.dev\/bceco-v2\/barrage-mbombo-le-bceco-explique-lavancee-des-travaux-au-codesko\/#primaryimage\",\"url\":\"https:\/\/ikar.dev\/bceco-v2\/wp-content\/uploads\/2023\/10\/Barrage-Mbombo_-Le-BCECO-explique-lavancee-des-travaux-au-CODESKO-4.jpg\",\"contentUrl\":\"https:\/\/ikar.dev\/bceco-v2\/wp-content\/uploads\/2023\/10\/Barrage-Mbombo_-Le-BCECO-explique-lavancee-des-travaux-au-CODESKO-4.jpg\",\"width\":1500,\"height\":1000,\"caption\":\"Barrage Mbombo: Le BCECO explique l'avanc\u00e9e des travaux au CODESKO !\"},{\"@type\":\"BreadcrumbList\",\"@id\":\"https:\/\/ikar.dev\/bceco-v2\/barrage-mbombo-le-bceco-explique-lavancee-des-travaux-au-codesko\/#breadcrumb\",\"itemListElement\":[{\"@type\":\"ListItem\",\"position\":1,\"name\":\"Accueil\",\"item\":\"https:\/\/ikar.dev\/bceco-v2\/\"},{\"@type\":\"ListItem\",\"position\":2,\"name\":\"Barrage Mbombo: Le BCECO explique l&rsquo;avanc\u00e9e des travaux au CODESKO !\"}]},{\"@type\":\"WebSite\",\"@id\":\"https:\/\/ikar.dev\/bceco-v2\/#website\",\"url\":\"https:\/\/ikar.dev\/bceco-v2\/\",\"name\":\"Bureau Central de Coordination\",\"description\":\"B.Ce.Co \u2013 Au c\u0153ur de l\u2019ex\u00e9cution des projets de d\u00e9veloppement en RDC\",\"publisher\":{\"@id\":\"https:\/\/ikar.dev\/bceco-v2\/#organization\"},\"potentialAction\":[{\"@type\":\"SearchAction\",\"target\":{\"@type\":\"EntryPoint\",\"urlTemplate\":\"https:\/\/ikar.dev\/bceco-v2\/?s={search_term_string}\"},\"query-input\":{\"@type\":\"PropertyValueSpecification\",\"valueRequired\":true,\"valueName\":\"search_term_string\"}}],\"inLanguage\":\"en-US\"},{\"@type\":\"Organization\",\"@id\":\"https:\/\/ikar.dev\/bceco-v2\/#organization\",\"name\":\"Bureau Central de Coordination\",\"url\":\"https:\/\/ikar.dev\/bceco-v2\/\",\"logo\":{\"@type\":\"ImageObject\",\"inLanguage\":\"en-US\",\"@id\":\"https:\/\/ikar.dev\/bceco-v2\/#\/schema\/logo\/image\/\",\"url\":\"https:\/\/ikar.dev\/bceco-v2\/wp-content\/uploads\/2025\/12\/BCECO-Bureau-Central-de-Coordination.jpg\",\"contentUrl\":\"https:\/\/ikar.dev\/bceco-v2\/wp-content\/uploads\/2025\/12\/BCECO-Bureau-Central-de-Coordination.jpg\",\"width\":2048,\"height\":2048,\"caption\":\"Bureau Central de Coordination\"},\"image\":{\"@id\":\"https:\/\/ikar.dev\/bceco-v2\/#\/schema\/logo\/image\/\"},\"sameAs\":[\"https:\/\/www.facebook.com\/BCeCoRDC\",\"https:\/\/x.com\/BCeCoRDC\"]},{\"@type\":\"Person\",\"@id\":\"https:\/\/ikar.dev\/bceco-v2\/#\/schema\/person\/6ee74807ffb016a78852fec6a295d503\",\"name\":\"bceco\",\"image\":{\"@type\":\"ImageObject\",\"inLanguage\":\"en-US\",\"@id\":\"https:\/\/ikar.dev\/bceco-v2\/#\/schema\/person\/image\/\",\"url\":\"https:\/\/secure.gravatar.com\/avatar\/55c07e1707f50774ef3c842c9d074773a6b558a20fbd1608c8e4871bc88f3455?s=96&d=mm&r=g\",\"contentUrl\":\"https:\/\/secure.gravatar.com\/avatar\/55c07e1707f50774ef3c842c9d074773a6b558a20fbd1608c8e4871bc88f3455?s=96&d=mm&r=g\",\"caption\":\"bceco\"},\"sameAs\":[\"https:\/\/ikar.dev\/bceco-v2\"],\"url\":\"https:\/\/ikar.dev\/bceco-v2\/author\/bceco\/\"}]}<\/script>\n<!-- \/ Yoast SEO plugin. -->","yoast_head_json":{"title":"Barrage Mbombo: Le BCECO explique l'avanc\u00e9e des travaux au CODESKO ! - Bureau Central de Coordination","description":"Le barrage Mbombo sur la rivi\u00e8re Lulua dans la province du Kasa\u00ef Central \u00e9tait au centre de la s\u00e9ance de travail que le Directeur G\u00e9n\u00e9ral du Bureau Central de Coordination Jean Mabi Mulumba a eu avec les membres du Comit\u00e9 de Gestion de la Conf\u00e9rence pour le D\u00e9veloppement Socio-\u00e9conomique du Kasa\u00ef Occidentale CODESKO en sigle.","robots":{"index":"index","follow":"follow","max-snippet":"max-snippet:-1","max-image-preview":"max-image-preview:large","max-video-preview":"max-video-preview:-1"},"canonical":"https:\/\/ikar.dev\/bceco-v2\/barrage-mbombo-le-bceco-explique-lavancee-des-travaux-au-codesko\/","og_locale":"en_US","og_type":"article","og_title":"Barrage Mbombo: Le BCECO explique l'avanc\u00e9e des travaux au CODESKO ! - Bureau Central de Coordination","og_description":"Le barrage Mbombo sur la rivi\u00e8re Lulua dans la province du Kasa\u00ef Central \u00e9tait au centre de la s\u00e9ance de travail que le Directeur G\u00e9n\u00e9ral du Bureau Central de Coordination Jean Mabi Mulumba a eu avec les membres du Comit\u00e9 de Gestion de la Conf\u00e9rence pour le D\u00e9veloppement Socio-\u00e9conomique du Kasa\u00ef Occidentale CODESKO en sigle.","og_url":"https:\/\/ikar.dev\/bceco-v2\/barrage-mbombo-le-bceco-explique-lavancee-des-travaux-au-codesko\/","og_site_name":"Bureau Central de Coordination","article_publisher":"https:\/\/www.facebook.com\/BCeCoRDC","article_published_time":"2023-10-19T10:39:08+00:00","article_modified_time":"2025-12-23T16:23:01+00:00","og_image":[{"width":1500,"height":1000,"url":"https:\/\/ikar.dev\/bceco-v2\/wp-content\/uploads\/2023\/10\/Barrage-Mbombo_-Le-BCECO-explique-lavancee-des-travaux-au-CODESKO-4.jpg","type":"image\/jpeg"}],"author":"bceco","twitter_card":"summary_large_image","twitter_creator":"@BCeCoRDC","twitter_site":"@BCeCoRDC","twitter_misc":{"Written by":"bceco","Est. reading time":"4 minutes"},"schema":{"@context":"https:\/\/schema.org","@graph":[{"@type":"Article","@id":"https:\/\/ikar.dev\/bceco-v2\/barrage-mbombo-le-bceco-explique-lavancee-des-travaux-au-codesko\/#article","isPartOf":{"@id":"https:\/\/ikar.dev\/bceco-v2\/barrage-mbombo-le-bceco-explique-lavancee-des-travaux-au-codesko\/"},"author":{"name":"bceco","@id":"https:\/\/ikar.dev\/bceco-v2\/#\/schema\/person\/6ee74807ffb016a78852fec6a295d503"},"headline":"Barrage Mbombo: Le BCECO explique l&#8217;avanc\u00e9e des travaux au CODESKO !","datePublished":"2023-10-19T10:39:08+00:00","dateModified":"2025-12-23T16:23:01+00:00","mainEntityOfPage":{"@id":"https:\/\/ikar.dev\/bceco-v2\/barrage-mbombo-le-bceco-explique-lavancee-des-travaux-au-codesko\/"},"wordCount":303,"commentCount":2,"publisher":{"@id":"https:\/\/ikar.dev\/bceco-v2\/#organization"},"image":{"@id":"https:\/\/ikar.dev\/bceco-v2\/barrage-mbombo-le-bceco-explique-lavancee-des-travaux-au-codesko\/#primaryimage"},"thumbnailUrl":"https:\/\/ikar.dev\/bceco-v2\/wp-content\/uploads\/2023\/10\/Barrage-Mbombo_-Le-BCECO-explique-lavancee-des-travaux-au-CODESKO-4.jpg","articleSection":["Actualit\u00e9s"],"inLanguage":"en-US","potentialAction":[{"@type":"CommentAction","name":"Comment","target":["https:\/\/ikar.dev\/bceco-v2\/barrage-mbombo-le-bceco-explique-lavancee-des-travaux-au-codesko\/#respond"]}]},{"@type":"WebPage","@id":"https:\/\/ikar.dev\/bceco-v2\/barrage-mbombo-le-bceco-explique-lavancee-des-travaux-au-codesko\/","url":"https:\/\/ikar.dev\/bceco-v2\/barrage-mbombo-le-bceco-explique-lavancee-des-travaux-au-codesko\/","name":"Barrage Mbombo: Le BCECO explique l'avanc\u00e9e des travaux au CODESKO ! - Bureau Central de Coordination","isPartOf":{"@id":"https:\/\/ikar.dev\/bceco-v2\/#website"},"primaryImageOfPage":{"@id":"https:\/\/ikar.dev\/bceco-v2\/barrage-mbombo-le-bceco-explique-lavancee-des-travaux-au-codesko\/#primaryimage"},"image":{"@id":"https:\/\/ikar.dev\/bceco-v2\/barrage-mbombo-le-bceco-explique-lavancee-des-travaux-au-codesko\/#primaryimage"},"thumbnailUrl":"https:\/\/ikar.dev\/bceco-v2\/wp-content\/uploads\/2023\/10\/Barrage-Mbombo_-Le-BCECO-explique-lavancee-des-travaux-au-CODESKO-4.jpg","datePublished":"2023-10-19T10:39:08+00:00","dateModified":"2025-12-23T16:23:01+00:00","description":"Le barrage Mbombo sur la rivi\u00e8re Lulua dans la province du Kasa\u00ef Central \u00e9tait au centre de la s\u00e9ance de travail que le Directeur G\u00e9n\u00e9ral du Bureau Central de Coordination Jean Mabi Mulumba a eu avec les membres du Comit\u00e9 de Gestion de la Conf\u00e9rence pour le D\u00e9veloppement Socio-\u00e9conomique du Kasa\u00ef Occidentale CODESKO en sigle.","breadcrumb":{"@id":"https:\/\/ikar.dev\/bceco-v2\/barrage-mbombo-le-bceco-explique-lavancee-des-travaux-au-codesko\/#breadcrumb"},"inLanguage":"en-US","potentialAction":[{"@type":"ReadAction","target":["https:\/\/ikar.dev\/bceco-v2\/barrage-mbombo-le-bceco-explique-lavancee-des-travaux-au-codesko\/"]}]},{"@type":"ImageObject","inLanguage":"en-US","@id":"https:\/\/ikar.dev\/bceco-v2\/barrage-mbombo-le-bceco-explique-lavancee-des-travaux-au-codesko\/#primaryimage","url":"https:\/\/ikar.dev\/bceco-v2\/wp-content\/uploads\/2023\/10\/Barrage-Mbombo_-Le-BCECO-explique-lavancee-des-travaux-au-CODESKO-4.jpg","contentUrl":"https:\/\/ikar.dev\/bceco-v2\/wp-content\/uploads\/2023\/10\/Barrage-Mbombo_-Le-BCECO-explique-lavancee-des-travaux-au-CODESKO-4.jpg","width":1500,"height":1000,"caption":"Barrage Mbombo: Le BCECO explique l'avanc\u00e9e des travaux au CODESKO !"},{"@type":"BreadcrumbList","@id":"https:\/\/ikar.dev\/bceco-v2\/barrage-mbombo-le-bceco-explique-lavancee-des-travaux-au-codesko\/#breadcrumb","itemListElement":[{"@type":"ListItem","position":1,"name":"Accueil","item":"https:\/\/ikar.dev\/bceco-v2\/"},{"@type":"ListItem","position":2,"name":"Barrage Mbombo: Le BCECO explique l&rsquo;avanc\u00e9e des travaux au CODESKO !"}]},{"@type":"WebSite","@id":"https:\/\/ikar.dev\/bceco-v2\/#website","url":"https:\/\/ikar.dev\/bceco-v2\/","name":"Bureau Central de Coordination","description":"B.Ce.Co \u2013 Au c\u0153ur de l\u2019ex\u00e9cution des projets de d\u00e9veloppement en RDC","publisher":{"@id":"https:\/\/ikar.dev\/bceco-v2\/#organization"},"potentialAction":[{"@type":"SearchAction","target":{"@type":"EntryPoint","urlTemplate":"https:\/\/ikar.dev\/bceco-v2\/?s={search_term_string}"},"query-input":{"@type":"PropertyValueSpecification","valueRequired":true,"valueName":"search_term_string"}}],"inLanguage":"en-US"},{"@type":"Organization","@id":"https:\/\/ikar.dev\/bceco-v2\/#organization","name":"Bureau Central de Coordination","url":"https:\/\/ikar.dev\/bceco-v2\/","logo":{"@type":"ImageObject","inLanguage":"en-US","@id":"https:\/\/ikar.dev\/bceco-v2\/#\/schema\/logo\/image\/","url":"https:\/\/ikar.dev\/bceco-v2\/wp-content\/uploads\/2025\/12\/BCECO-Bureau-Central-de-Coordination.jpg","contentUrl":"https:\/\/ikar.dev\/bceco-v2\/wp-content\/uploads\/2025\/12\/BCECO-Bureau-Central-de-Coordination.jpg","width":2048,"height":2048,"caption":"Bureau Central de Coordination"},"image":{"@id":"https:\/\/ikar.dev\/bceco-v2\/#\/schema\/logo\/image\/"},"sameAs":["https:\/\/www.facebook.com\/BCeCoRDC","https:\/\/x.com\/BCeCoRDC"]},{"@type":"Person","@id":"https:\/\/ikar.dev\/bceco-v2\/#\/schema\/person\/6ee74807ffb016a78852fec6a295d503","name":"bceco","image":{"@type":"ImageObject","inLanguage":"en-US","@id":"https:\/\/ikar.dev\/bceco-v2\/#\/schema\/person\/image\/","url":"https:\/\/secure.gravatar.com\/avatar\/55c07e1707f50774ef3c842c9d074773a6b558a20fbd1608c8e4871bc88f3455?s=96&d=mm&r=g","contentUrl":"https:\/\/secure.gravatar.com\/avatar\/55c07e1707f50774ef3c842c9d074773a6b558a20fbd1608c8e4871bc88f3455?s=96&d=mm&r=g","caption":"bceco"},"sameAs":["https:\/\/ikar.dev\/bceco-v2"],"url":"https:\/\/ikar.dev\/bceco-v2\/author\/bceco\/"}]}},"_links":{"self":[{"href":"https:\/\/ikar.dev\/bceco-v2\/wp-json\/wp\/v2\/posts\/30870","targetHints":{"allow":["GET"]}}],"collection":[{"href":"https:\/\/ikar.dev\/bceco-v2\/wp-json\/wp\/v2\/posts"}],"about":[{"href":"https:\/\/ikar.dev\/bceco-v2\/wp-json\/wp\/v2\/types\/post"}],"author":[{"embeddable":true,"href":"https:\/\/ikar.dev\/bceco-v2\/wp-json\/wp\/v2\/users\/1"}],"replies":[{"embeddable":true,"href":"https:\/\/ikar.dev\/bceco-v2\/wp-json\/wp\/v2\/comments?post=30870"}],"version-history":[{"count":1,"href":"https:\/\/ikar.dev\/bceco-v2\/wp-json\/wp\/v2\/posts\/30870\/revisions"}],"predecessor-version":[{"id":56344,"href":"https:\/\/ikar.dev\/bceco-v2\/wp-json\/wp\/v2\/posts\/30870\/revisions\/56344"}],"wp:featuredmedia":[{"embeddable":true,"href":"https:\/\/ikar.dev\/bceco-v2\/wp-json\/wp\/v2\/media\/30937"}],"wp:attachment":[{"href":"https:\/\/ikar.dev\/bceco-v2\/wp-json\/wp\/v2\/media?parent=30870"}],"wp:term":[{"taxonomy":"category","embeddable":true,"href":"https:\/\/ikar.dev\/bceco-v2\/wp-json\/wp\/v2\/categories?post=30870"},{"taxonomy":"post_tag","embeddable":true,"href":"https:\/\/ikar.dev\/bceco-v2\/wp-json\/wp\/v2\/tags?post=30870"}],"curies":[{"name":"wp","href":"https:\/\/api.w.org\/{rel}","templated":true}]}}