{"id":30865,"date":"2023-09-09T09:09:00","date_gmt":"2023-09-09T09:09:00","guid":{"rendered":"https:\/\/bceco.cd\/?p=30865"},"modified":"2025-12-23T17:19:03","modified_gmt":"2025-12-23T16:19:03","slug":"modernisation-de-la-province-de-lomami-le-gouverneur-nathan-ilunga-numbi-dans-les-murs-du-bceco","status":"publish","type":"post","link":"https:\/\/ikar.dev\/bceco-v2\/modernisation-de-la-province-de-lomami-le-gouverneur-nathan-ilunga-numbi-dans-les-murs-du-bceco\/","title":{"rendered":"Modernisation de la Province de Lomami : le Gouverneur Nathan Ilunga Numbi dans les murs du BCeCo !"},"content":{"rendered":"<p style=\"text-align: justify;\">Le gouverneur de la Province du lomami a sign\u00e9 en date du 8 septembre 2023 un protocole d&#8217;accord avec le bureau central de coordination Bceco.<\/p>\n\n<p style=\"text-align: justify;\">Ce protocole porte sur la construction la r\u00e9habilitation et la modernisation des infrastructures de base notamment les b\u00e2timents administratifs et les routes de la province.<\/p>\n\n<p style=\"text-align: justify;\">Nathan Ilunga numbi, gouverneur de lomami confie au bceco la construction des infrastructures car dit-il Bceco a l&#8217;expertise av\u00e9r\u00e9e pour r\u00e9aliser ce genre de projet.<\/p>\n\n\n<figure class=\"wp-block-gallery has-nested-images columns-default is-cropped wp-block-gallery-1 is-layout-flex wp-block-gallery-is-layout-flex\">\n<figure class=\"wp-block-image size-large\"><img fetchpriority=\"high\" decoding=\"async\" width=\"1500\" height=\"1000\" data-id=\"30867\" src=\"https:\/\/ikar.dev\/bceco-v2\/wp-content\/uploads\/2023\/10\/Modernisation-de-la-province-de-lomami-_-le-gouverneur-Nathan-Ilunga-Numbi-dans-les-murs-du-bceco-3.jpg\" alt=\"Modernisation de la province de lomami : le gouverneur Nathan Ilunga Numbi dans les murs du bceco !\" class=\"wp-image-30867\" srcset=\"https:\/\/ikar.dev\/bceco-v2\/wp-content\/uploads\/2023\/10\/Modernisation-de-la-province-de-lomami-_-le-gouverneur-Nathan-Ilunga-Numbi-dans-les-murs-du-bceco-3.jpg 1500w, https:\/\/ikar.dev\/bceco-v2\/wp-content\/uploads\/2023\/10\/Modernisation-de-la-province-de-lomami-_-le-gouverneur-Nathan-Ilunga-Numbi-dans-les-murs-du-bceco-3-768x512.jpg 768w, https:\/\/ikar.dev\/bceco-v2\/wp-content\/uploads\/2023\/10\/Modernisation-de-la-province-de-lomami-_-le-gouverneur-Nathan-Ilunga-Numbi-dans-les-murs-du-bceco-3-600x400.jpg 600w\" sizes=\"(max-width: 1500px) 100vw, 1500px\" \/><\/figure>\n\n\n\n<figure class=\"wp-block-image size-large\"><img decoding=\"async\" width=\"1500\" height=\"1000\" data-id=\"30868\" src=\"https:\/\/ikar.dev\/bceco-v2\/wp-content\/uploads\/2023\/10\/Modernisation-de-la-province-de-lomami-_-le-gouverneur-Nathan-Ilunga-Numbi-dans-les-murs-du-bceco-2.jpg\" alt=\"Modernisation de la province de lomami : le gouverneur Nathan Ilunga Numbi dans les murs du bceco !\" class=\"wp-image-30868\" srcset=\"https:\/\/ikar.dev\/bceco-v2\/wp-content\/uploads\/2023\/10\/Modernisation-de-la-province-de-lomami-_-le-gouverneur-Nathan-Ilunga-Numbi-dans-les-murs-du-bceco-2.jpg 1500w, https:\/\/ikar.dev\/bceco-v2\/wp-content\/uploads\/2023\/10\/Modernisation-de-la-province-de-lomami-_-le-gouverneur-Nathan-Ilunga-Numbi-dans-les-murs-du-bceco-2-768x512.jpg 768w, https:\/\/ikar.dev\/bceco-v2\/wp-content\/uploads\/2023\/10\/Modernisation-de-la-province-de-lomami-_-le-gouverneur-Nathan-Ilunga-Numbi-dans-les-murs-du-bceco-2-600x400.jpg 600w\" sizes=\"(max-width: 1500px) 100vw, 1500px\" \/><\/figure>\n<\/figure>\n\n\n<p style=\"text-align: justify;\">Le PDL -145T s&#8217;est aussi invit\u00e9 au aux \u00e9changes et le num\u00e9ro 1 de la province se dit tr\u00e8s heureux d&#8217;\u00eatre b\u00e9n\u00e9ficiaire de ce projet pr\u00e9sidentiel, et rench\u00e9rit qu&#8217;il est confiant qu&#8217;\u00e0 son aboutissement.<\/p>\n\n<p style=\"text-align: justify;\">Jean Mabi Mulumba a rassur\u00e9 son interlocuteur quant \u00e0 la nouvelle collaboration et dit \u00eatre pr\u00eat pour un quelconque accompagnement<\/p>\n\n<p style=\"text-align: justify;\">Il faut signaler qu&#8217;un autre protocole d&#8217;accord \u00e9tait sign\u00e9 la vieille entre le BCeCo et le Bureau Technique de Contr\u00f4le, BTC. Ce protocole sign\u00e9 confie \u00e0 ce dernier la mission de contr\u00f4le des travaux de r\u00e9habilitation et construction des b\u00e2timents publics.<\/p>","protected":false},"excerpt":{"rendered":"<p>Le gouverneur de la Province du lomami a sign\u00e9 en date du 8 septembre 2023 un protocole d&#8217;accord avec le bureau central de coordination Bceco. Ce protocole porte sur la construction la r\u00e9habilitation et la modernisation des infrastructures de base notamment les b\u00e2timents administratifs et les routes de la province. Nathan Ilunga numbi, gouverneur de<\/p>\n","protected":false},"author":1,"featured_media":30866,"comment_status":"open","ping_status":"open","sticky":false,"template":"","format":"standard","meta":{"footnotes":""},"categories":[69],"tags":[],"class_list":["post-30865","post","type-post","status-publish","format-standard","has-post-thumbnail","hentry","category-actualites"],"yoast_head":"<!-- This site is optimized with the Yoast SEO plugin v26.7 - https:\/\/yoast.com\/wordpress\/plugins\/seo\/ -->\n<title>Modernisation de la Province de Lomami : le Gouverneur Nathan Ilunga Numbi dans les murs du BCeCo ! - Bureau Central de Coordination<\/title>\n<meta name=\"description\" content=\"Le gouverneur de la Province du lomami a sign\u00e9 en date du 8 septembre 2023 un protocole d&#039;accord avec le bureau central de coordination Bceco.\" \/>\n<meta name=\"robots\" content=\"index, follow, max-snippet:-1, max-image-preview:large, max-video-preview:-1\" \/>\n<link rel=\"canonical\" href=\"https:\/\/ikar.dev\/bceco-v2\/modernisation-de-la-province-de-lomami-le-gouverneur-nathan-ilunga-numbi-dans-les-murs-du-bceco\/\" \/>\n<meta property=\"og:locale\" content=\"en_US\" \/>\n<meta property=\"og:type\" content=\"article\" \/>\n<meta property=\"og:title\" content=\"Modernisation de la Province de Lomami : le Gouverneur Nathan Ilunga Numbi dans les murs du BCeCo ! - Bureau Central de Coordination\" \/>\n<meta property=\"og:description\" content=\"Le gouverneur de la Province du lomami a sign\u00e9 en date du 8 septembre 2023 un protocole d&#039;accord avec le bureau central de coordination Bceco.\" \/>\n<meta property=\"og:url\" content=\"https:\/\/ikar.dev\/bceco-v2\/modernisation-de-la-province-de-lomami-le-gouverneur-nathan-ilunga-numbi-dans-les-murs-du-bceco\/\" \/>\n<meta property=\"og:site_name\" content=\"Bureau Central de Coordination\" \/>\n<meta property=\"article:publisher\" content=\"https:\/\/www.facebook.com\/BCeCoRDC\" \/>\n<meta property=\"article:published_time\" content=\"2023-09-09T09:09:00+00:00\" \/>\n<meta property=\"article:modified_time\" content=\"2025-12-23T16:19:03+00:00\" \/>\n<meta property=\"og:image\" content=\"https:\/\/ikar.dev\/bceco-v2\/wp-content\/uploads\/2023\/10\/Modernisation-de-la-province-de-lomami-_-le-gouverneur-Nathan-Ilunga-Numbi-dans-les-murs-du-bceco-1.jpg\" \/>\n\t<meta property=\"og:image:width\" content=\"1500\" \/>\n\t<meta property=\"og:image:height\" content=\"1000\" \/>\n\t<meta property=\"og:image:type\" content=\"image\/jpeg\" \/>\n<meta name=\"author\" content=\"bceco\" \/>\n<meta name=\"twitter:card\" content=\"summary_large_image\" \/>\n<meta name=\"twitter:creator\" content=\"@BCeCoRDC\" \/>\n<meta name=\"twitter:site\" content=\"@BCeCoRDC\" \/>\n<meta name=\"twitter:label1\" content=\"Written by\" \/>\n\t<meta name=\"twitter:data1\" content=\"bceco\" \/>\n\t<meta name=\"twitter:label2\" content=\"Est. reading time\" \/>\n\t<meta name=\"twitter:data2\" content=\"2 minutes\" \/>\n<script type=\"application\/ld+json\" class=\"yoast-schema-graph\">{\"@context\":\"https:\/\/schema.org\",\"@graph\":[{\"@type\":\"Article\",\"@id\":\"https:\/\/ikar.dev\/bceco-v2\/modernisation-de-la-province-de-lomami-le-gouverneur-nathan-ilunga-numbi-dans-les-murs-du-bceco\/#article\",\"isPartOf\":{\"@id\":\"https:\/\/ikar.dev\/bceco-v2\/modernisation-de-la-province-de-lomami-le-gouverneur-nathan-ilunga-numbi-dans-les-murs-du-bceco\/\"},\"author\":{\"name\":\"bceco\",\"@id\":\"https:\/\/ikar.dev\/bceco-v2\/#\/schema\/person\/6ee74807ffb016a78852fec6a295d503\"},\"headline\":\"Modernisation de la Province de Lomami : le Gouverneur Nathan Ilunga Numbi dans les murs du BCeCo !\",\"datePublished\":\"2023-09-09T09:09:00+00:00\",\"dateModified\":\"2025-12-23T16:19:03+00:00\",\"mainEntityOfPage\":{\"@id\":\"https:\/\/ikar.dev\/bceco-v2\/modernisation-de-la-province-de-lomami-le-gouverneur-nathan-ilunga-numbi-dans-les-murs-du-bceco\/\"},\"wordCount\":205,\"commentCount\":0,\"publisher\":{\"@id\":\"https:\/\/ikar.dev\/bceco-v2\/#organization\"},\"image\":{\"@id\":\"https:\/\/ikar.dev\/bceco-v2\/modernisation-de-la-province-de-lomami-le-gouverneur-nathan-ilunga-numbi-dans-les-murs-du-bceco\/#primaryimage\"},\"thumbnailUrl\":\"https:\/\/ikar.dev\/bceco-v2\/wp-content\/uploads\/2023\/10\/Modernisation-de-la-province-de-lomami-_-le-gouverneur-Nathan-Ilunga-Numbi-dans-les-murs-du-bceco-1.jpg\",\"articleSection\":[\"Actualit\u00e9s\"],\"inLanguage\":\"en-US\",\"potentialAction\":[{\"@type\":\"CommentAction\",\"name\":\"Comment\",\"target\":[\"https:\/\/ikar.dev\/bceco-v2\/modernisation-de-la-province-de-lomami-le-gouverneur-nathan-ilunga-numbi-dans-les-murs-du-bceco\/#respond\"]}]},{\"@type\":\"WebPage\",\"@id\":\"https:\/\/ikar.dev\/bceco-v2\/modernisation-de-la-province-de-lomami-le-gouverneur-nathan-ilunga-numbi-dans-les-murs-du-bceco\/\",\"url\":\"https:\/\/ikar.dev\/bceco-v2\/modernisation-de-la-province-de-lomami-le-gouverneur-nathan-ilunga-numbi-dans-les-murs-du-bceco\/\",\"name\":\"Modernisation de la Province de Lomami : le Gouverneur Nathan Ilunga Numbi dans les murs du BCeCo ! - Bureau Central de Coordination\",\"isPartOf\":{\"@id\":\"https:\/\/ikar.dev\/bceco-v2\/#website\"},\"primaryImageOfPage\":{\"@id\":\"https:\/\/ikar.dev\/bceco-v2\/modernisation-de-la-province-de-lomami-le-gouverneur-nathan-ilunga-numbi-dans-les-murs-du-bceco\/#primaryimage\"},\"image\":{\"@id\":\"https:\/\/ikar.dev\/bceco-v2\/modernisation-de-la-province-de-lomami-le-gouverneur-nathan-ilunga-numbi-dans-les-murs-du-bceco\/#primaryimage\"},\"thumbnailUrl\":\"https:\/\/ikar.dev\/bceco-v2\/wp-content\/uploads\/2023\/10\/Modernisation-de-la-province-de-lomami-_-le-gouverneur-Nathan-Ilunga-Numbi-dans-les-murs-du-bceco-1.jpg\",\"datePublished\":\"2023-09-09T09:09:00+00:00\",\"dateModified\":\"2025-12-23T16:19:03+00:00\",\"description\":\"Le gouverneur de la Province du lomami a sign\u00e9 en date du 8 septembre 2023 un protocole d'accord avec le bureau central de coordination Bceco.\",\"breadcrumb\":{\"@id\":\"https:\/\/ikar.dev\/bceco-v2\/modernisation-de-la-province-de-lomami-le-gouverneur-nathan-ilunga-numbi-dans-les-murs-du-bceco\/#breadcrumb\"},\"inLanguage\":\"en-US\",\"potentialAction\":[{\"@type\":\"ReadAction\",\"target\":[\"https:\/\/ikar.dev\/bceco-v2\/modernisation-de-la-province-de-lomami-le-gouverneur-nathan-ilunga-numbi-dans-les-murs-du-bceco\/\"]}]},{\"@type\":\"ImageObject\",\"inLanguage\":\"en-US\",\"@id\":\"https:\/\/ikar.dev\/bceco-v2\/modernisation-de-la-province-de-lomami-le-gouverneur-nathan-ilunga-numbi-dans-les-murs-du-bceco\/#primaryimage\",\"url\":\"https:\/\/ikar.dev\/bceco-v2\/wp-content\/uploads\/2023\/10\/Modernisation-de-la-province-de-lomami-_-le-gouverneur-Nathan-Ilunga-Numbi-dans-les-murs-du-bceco-1.jpg\",\"contentUrl\":\"https:\/\/ikar.dev\/bceco-v2\/wp-content\/uploads\/2023\/10\/Modernisation-de-la-province-de-lomami-_-le-gouverneur-Nathan-Ilunga-Numbi-dans-les-murs-du-bceco-1.jpg\",\"width\":1500,\"height\":1000,\"caption\":\"Modernisation de la province de lomami : le gouverneur Nathan Ilunga Numbi dans les murs du bceco !\"},{\"@type\":\"BreadcrumbList\",\"@id\":\"https:\/\/ikar.dev\/bceco-v2\/modernisation-de-la-province-de-lomami-le-gouverneur-nathan-ilunga-numbi-dans-les-murs-du-bceco\/#breadcrumb\",\"itemListElement\":[{\"@type\":\"ListItem\",\"position\":1,\"name\":\"Accueil\",\"item\":\"https:\/\/ikar.dev\/bceco-v2\/\"},{\"@type\":\"ListItem\",\"position\":2,\"name\":\"Modernisation de la Province de Lomami : le Gouverneur Nathan Ilunga Numbi dans les murs du BCeCo !\"}]},{\"@type\":\"WebSite\",\"@id\":\"https:\/\/ikar.dev\/bceco-v2\/#website\",\"url\":\"https:\/\/ikar.dev\/bceco-v2\/\",\"name\":\"Bureau Central de Coordination\",\"description\":\"B.Ce.Co \u2013 Au c\u0153ur de l\u2019ex\u00e9cution des projets de d\u00e9veloppement en RDC\",\"publisher\":{\"@id\":\"https:\/\/ikar.dev\/bceco-v2\/#organization\"},\"potentialAction\":[{\"@type\":\"SearchAction\",\"target\":{\"@type\":\"EntryPoint\",\"urlTemplate\":\"https:\/\/ikar.dev\/bceco-v2\/?s={search_term_string}\"},\"query-input\":{\"@type\":\"PropertyValueSpecification\",\"valueRequired\":true,\"valueName\":\"search_term_string\"}}],\"inLanguage\":\"en-US\"},{\"@type\":\"Organization\",\"@id\":\"https:\/\/ikar.dev\/bceco-v2\/#organization\",\"name\":\"Bureau Central de Coordination\",\"url\":\"https:\/\/ikar.dev\/bceco-v2\/\",\"logo\":{\"@type\":\"ImageObject\",\"inLanguage\":\"en-US\",\"@id\":\"https:\/\/ikar.dev\/bceco-v2\/#\/schema\/logo\/image\/\",\"url\":\"https:\/\/ikar.dev\/bceco-v2\/wp-content\/uploads\/2025\/12\/BCECO-Bureau-Central-de-Coordination.jpg\",\"contentUrl\":\"https:\/\/ikar.dev\/bceco-v2\/wp-content\/uploads\/2025\/12\/BCECO-Bureau-Central-de-Coordination.jpg\",\"width\":2048,\"height\":2048,\"caption\":\"Bureau Central de Coordination\"},\"image\":{\"@id\":\"https:\/\/ikar.dev\/bceco-v2\/#\/schema\/logo\/image\/\"},\"sameAs\":[\"https:\/\/www.facebook.com\/BCeCoRDC\",\"https:\/\/x.com\/BCeCoRDC\"]},{\"@type\":\"Person\",\"@id\":\"https:\/\/ikar.dev\/bceco-v2\/#\/schema\/person\/6ee74807ffb016a78852fec6a295d503\",\"name\":\"bceco\",\"image\":{\"@type\":\"ImageObject\",\"inLanguage\":\"en-US\",\"@id\":\"https:\/\/ikar.dev\/bceco-v2\/#\/schema\/person\/image\/\",\"url\":\"https:\/\/secure.gravatar.com\/avatar\/55c07e1707f50774ef3c842c9d074773a6b558a20fbd1608c8e4871bc88f3455?s=96&d=mm&r=g\",\"contentUrl\":\"https:\/\/secure.gravatar.com\/avatar\/55c07e1707f50774ef3c842c9d074773a6b558a20fbd1608c8e4871bc88f3455?s=96&d=mm&r=g\",\"caption\":\"bceco\"},\"sameAs\":[\"https:\/\/ikar.dev\/bceco-v2\"],\"url\":\"https:\/\/ikar.dev\/bceco-v2\/author\/bceco\/\"}]}<\/script>\n<!-- \/ Yoast SEO plugin. -->","yoast_head_json":{"title":"Modernisation de la Province de Lomami : le Gouverneur Nathan Ilunga Numbi dans les murs du BCeCo ! - Bureau Central de Coordination","description":"Le gouverneur de la Province du lomami a sign\u00e9 en date du 8 septembre 2023 un protocole d'accord avec le bureau central de coordination Bceco.","robots":{"index":"index","follow":"follow","max-snippet":"max-snippet:-1","max-image-preview":"max-image-preview:large","max-video-preview":"max-video-preview:-1"},"canonical":"https:\/\/ikar.dev\/bceco-v2\/modernisation-de-la-province-de-lomami-le-gouverneur-nathan-ilunga-numbi-dans-les-murs-du-bceco\/","og_locale":"en_US","og_type":"article","og_title":"Modernisation de la Province de Lomami : le Gouverneur Nathan Ilunga Numbi dans les murs du BCeCo ! - Bureau Central de Coordination","og_description":"Le gouverneur de la Province du lomami a sign\u00e9 en date du 8 septembre 2023 un protocole d'accord avec le bureau central de coordination Bceco.","og_url":"https:\/\/ikar.dev\/bceco-v2\/modernisation-de-la-province-de-lomami-le-gouverneur-nathan-ilunga-numbi-dans-les-murs-du-bceco\/","og_site_name":"Bureau Central de Coordination","article_publisher":"https:\/\/www.facebook.com\/BCeCoRDC","article_published_time":"2023-09-09T09:09:00+00:00","article_modified_time":"2025-12-23T16:19:03+00:00","og_image":[{"width":1500,"height":1000,"url":"https:\/\/ikar.dev\/bceco-v2\/wp-content\/uploads\/2023\/10\/Modernisation-de-la-province-de-lomami-_-le-gouverneur-Nathan-Ilunga-Numbi-dans-les-murs-du-bceco-1.jpg","type":"image\/jpeg"}],"author":"bceco","twitter_card":"summary_large_image","twitter_creator":"@BCeCoRDC","twitter_site":"@BCeCoRDC","twitter_misc":{"Written by":"bceco","Est. reading time":"2 minutes"},"schema":{"@context":"https:\/\/schema.org","@graph":[{"@type":"Article","@id":"https:\/\/ikar.dev\/bceco-v2\/modernisation-de-la-province-de-lomami-le-gouverneur-nathan-ilunga-numbi-dans-les-murs-du-bceco\/#article","isPartOf":{"@id":"https:\/\/ikar.dev\/bceco-v2\/modernisation-de-la-province-de-lomami-le-gouverneur-nathan-ilunga-numbi-dans-les-murs-du-bceco\/"},"author":{"name":"bceco","@id":"https:\/\/ikar.dev\/bceco-v2\/#\/schema\/person\/6ee74807ffb016a78852fec6a295d503"},"headline":"Modernisation de la Province de Lomami : le Gouverneur Nathan Ilunga Numbi dans les murs du BCeCo !","datePublished":"2023-09-09T09:09:00+00:00","dateModified":"2025-12-23T16:19:03+00:00","mainEntityOfPage":{"@id":"https:\/\/ikar.dev\/bceco-v2\/modernisation-de-la-province-de-lomami-le-gouverneur-nathan-ilunga-numbi-dans-les-murs-du-bceco\/"},"wordCount":205,"commentCount":0,"publisher":{"@id":"https:\/\/ikar.dev\/bceco-v2\/#organization"},"image":{"@id":"https:\/\/ikar.dev\/bceco-v2\/modernisation-de-la-province-de-lomami-le-gouverneur-nathan-ilunga-numbi-dans-les-murs-du-bceco\/#primaryimage"},"thumbnailUrl":"https:\/\/ikar.dev\/bceco-v2\/wp-content\/uploads\/2023\/10\/Modernisation-de-la-province-de-lomami-_-le-gouverneur-Nathan-Ilunga-Numbi-dans-les-murs-du-bceco-1.jpg","articleSection":["Actualit\u00e9s"],"inLanguage":"en-US","potentialAction":[{"@type":"CommentAction","name":"Comment","target":["https:\/\/ikar.dev\/bceco-v2\/modernisation-de-la-province-de-lomami-le-gouverneur-nathan-ilunga-numbi-dans-les-murs-du-bceco\/#respond"]}]},{"@type":"WebPage","@id":"https:\/\/ikar.dev\/bceco-v2\/modernisation-de-la-province-de-lomami-le-gouverneur-nathan-ilunga-numbi-dans-les-murs-du-bceco\/","url":"https:\/\/ikar.dev\/bceco-v2\/modernisation-de-la-province-de-lomami-le-gouverneur-nathan-ilunga-numbi-dans-les-murs-du-bceco\/","name":"Modernisation de la Province de Lomami : le Gouverneur Nathan Ilunga Numbi dans les murs du BCeCo ! - Bureau Central de Coordination","isPartOf":{"@id":"https:\/\/ikar.dev\/bceco-v2\/#website"},"primaryImageOfPage":{"@id":"https:\/\/ikar.dev\/bceco-v2\/modernisation-de-la-province-de-lomami-le-gouverneur-nathan-ilunga-numbi-dans-les-murs-du-bceco\/#primaryimage"},"image":{"@id":"https:\/\/ikar.dev\/bceco-v2\/modernisation-de-la-province-de-lomami-le-gouverneur-nathan-ilunga-numbi-dans-les-murs-du-bceco\/#primaryimage"},"thumbnailUrl":"https:\/\/ikar.dev\/bceco-v2\/wp-content\/uploads\/2023\/10\/Modernisation-de-la-province-de-lomami-_-le-gouverneur-Nathan-Ilunga-Numbi-dans-les-murs-du-bceco-1.jpg","datePublished":"2023-09-09T09:09:00+00:00","dateModified":"2025-12-23T16:19:03+00:00","description":"Le gouverneur de la Province du lomami a sign\u00e9 en date du 8 septembre 2023 un protocole d'accord avec le bureau central de coordination Bceco.","breadcrumb":{"@id":"https:\/\/ikar.dev\/bceco-v2\/modernisation-de-la-province-de-lomami-le-gouverneur-nathan-ilunga-numbi-dans-les-murs-du-bceco\/#breadcrumb"},"inLanguage":"en-US","potentialAction":[{"@type":"ReadAction","target":["https:\/\/ikar.dev\/bceco-v2\/modernisation-de-la-province-de-lomami-le-gouverneur-nathan-ilunga-numbi-dans-les-murs-du-bceco\/"]}]},{"@type":"ImageObject","inLanguage":"en-US","@id":"https:\/\/ikar.dev\/bceco-v2\/modernisation-de-la-province-de-lomami-le-gouverneur-nathan-ilunga-numbi-dans-les-murs-du-bceco\/#primaryimage","url":"https:\/\/ikar.dev\/bceco-v2\/wp-content\/uploads\/2023\/10\/Modernisation-de-la-province-de-lomami-_-le-gouverneur-Nathan-Ilunga-Numbi-dans-les-murs-du-bceco-1.jpg","contentUrl":"https:\/\/ikar.dev\/bceco-v2\/wp-content\/uploads\/2023\/10\/Modernisation-de-la-province-de-lomami-_-le-gouverneur-Nathan-Ilunga-Numbi-dans-les-murs-du-bceco-1.jpg","width":1500,"height":1000,"caption":"Modernisation de la province de lomami : le gouverneur Nathan Ilunga Numbi dans les murs du bceco !"},{"@type":"BreadcrumbList","@id":"https:\/\/ikar.dev\/bceco-v2\/modernisation-de-la-province-de-lomami-le-gouverneur-nathan-ilunga-numbi-dans-les-murs-du-bceco\/#breadcrumb","itemListElement":[{"@type":"ListItem","position":1,"name":"Accueil","item":"https:\/\/ikar.dev\/bceco-v2\/"},{"@type":"ListItem","position":2,"name":"Modernisation de la Province de Lomami : le Gouverneur Nathan Ilunga Numbi dans les murs du BCeCo !"}]},{"@type":"WebSite","@id":"https:\/\/ikar.dev\/bceco-v2\/#website","url":"https:\/\/ikar.dev\/bceco-v2\/","name":"Bureau Central de Coordination","description":"B.Ce.Co \u2013 Au c\u0153ur de l\u2019ex\u00e9cution des projets de d\u00e9veloppement en RDC","publisher":{"@id":"https:\/\/ikar.dev\/bceco-v2\/#organization"},"potentialAction":[{"@type":"SearchAction","target":{"@type":"EntryPoint","urlTemplate":"https:\/\/ikar.dev\/bceco-v2\/?s={search_term_string}"},"query-input":{"@type":"PropertyValueSpecification","valueRequired":true,"valueName":"search_term_string"}}],"inLanguage":"en-US"},{"@type":"Organization","@id":"https:\/\/ikar.dev\/bceco-v2\/#organization","name":"Bureau Central de Coordination","url":"https:\/\/ikar.dev\/bceco-v2\/","logo":{"@type":"ImageObject","inLanguage":"en-US","@id":"https:\/\/ikar.dev\/bceco-v2\/#\/schema\/logo\/image\/","url":"https:\/\/ikar.dev\/bceco-v2\/wp-content\/uploads\/2025\/12\/BCECO-Bureau-Central-de-Coordination.jpg","contentUrl":"https:\/\/ikar.dev\/bceco-v2\/wp-content\/uploads\/2025\/12\/BCECO-Bureau-Central-de-Coordination.jpg","width":2048,"height":2048,"caption":"Bureau Central de Coordination"},"image":{"@id":"https:\/\/ikar.dev\/bceco-v2\/#\/schema\/logo\/image\/"},"sameAs":["https:\/\/www.facebook.com\/BCeCoRDC","https:\/\/x.com\/BCeCoRDC"]},{"@type":"Person","@id":"https:\/\/ikar.dev\/bceco-v2\/#\/schema\/person\/6ee74807ffb016a78852fec6a295d503","name":"bceco","image":{"@type":"ImageObject","inLanguage":"en-US","@id":"https:\/\/ikar.dev\/bceco-v2\/#\/schema\/person\/image\/","url":"https:\/\/secure.gravatar.com\/avatar\/55c07e1707f50774ef3c842c9d074773a6b558a20fbd1608c8e4871bc88f3455?s=96&d=mm&r=g","contentUrl":"https:\/\/secure.gravatar.com\/avatar\/55c07e1707f50774ef3c842c9d074773a6b558a20fbd1608c8e4871bc88f3455?s=96&d=mm&r=g","caption":"bceco"},"sameAs":["https:\/\/ikar.dev\/bceco-v2"],"url":"https:\/\/ikar.dev\/bceco-v2\/author\/bceco\/"}]}},"_links":{"self":[{"href":"https:\/\/ikar.dev\/bceco-v2\/wp-json\/wp\/v2\/posts\/30865","targetHints":{"allow":["GET"]}}],"collection":[{"href":"https:\/\/ikar.dev\/bceco-v2\/wp-json\/wp\/v2\/posts"}],"about":[{"href":"https:\/\/ikar.dev\/bceco-v2\/wp-json\/wp\/v2\/types\/post"}],"author":[{"embeddable":true,"href":"https:\/\/ikar.dev\/bceco-v2\/wp-json\/wp\/v2\/users\/1"}],"replies":[{"embeddable":true,"href":"https:\/\/ikar.dev\/bceco-v2\/wp-json\/wp\/v2\/comments?post=30865"}],"version-history":[{"count":1,"href":"https:\/\/ikar.dev\/bceco-v2\/wp-json\/wp\/v2\/posts\/30865\/revisions"}],"predecessor-version":[{"id":56315,"href":"https:\/\/ikar.dev\/bceco-v2\/wp-json\/wp\/v2\/posts\/30865\/revisions\/56315"}],"wp:featuredmedia":[{"embeddable":true,"href":"https:\/\/ikar.dev\/bceco-v2\/wp-json\/wp\/v2\/media\/30866"}],"wp:attachment":[{"href":"https:\/\/ikar.dev\/bceco-v2\/wp-json\/wp\/v2\/media?parent=30865"}],"wp:term":[{"taxonomy":"category","embeddable":true,"href":"https:\/\/ikar.dev\/bceco-v2\/wp-json\/wp\/v2\/categories?post=30865"},{"taxonomy":"post_tag","embeddable":true,"href":"https:\/\/ikar.dev\/bceco-v2\/wp-json\/wp\/v2\/tags?post=30865"}],"curies":[{"name":"wp","href":"https:\/\/api.w.org\/{rel}","templated":true}]}}