{"id":30846,"date":"2023-09-16T12:26:00","date_gmt":"2023-09-16T12:26:00","guid":{"rendered":"https:\/\/bceco.cd\/?p=30846"},"modified":"2025-12-23T17:22:20","modified_gmt":"2025-12-23T16:22:20","slug":"kasai-central-mission-dinspection-de-construction-des-infrastructures-jean-mabi-et-john-kabeya-sur-terrain","status":"publish","type":"post","link":"https:\/\/ikar.dev\/bceco-v2\/kasai-central-mission-dinspection-de-construction-des-infrastructures-jean-mabi-et-john-kabeya-sur-terrain\/","title":{"rendered":"Kasa\u00ef-Central : Mission d&#8217;inspection de construction des infrastructures, Jean Mabi et John kabeya sur terrain !"},"content":{"rendered":"<p style=\"text-align: justify;\">Le Directeur G\u00e9n\u00e9ral du Bureau Central de Coordination, Monsieur Jean Mabi Mulumba a effectu\u00e9, du 12 au 15 septembre 2023, une mission de travail dans la Province du Kasa\u00ef-Central.<\/p>\n\n<p style=\"text-align: justify;\">Cette mission s\u2019inscrit dans le cadre du suivi et d\u2019inspection de divers chantiers conduits par le BCeCo dans cette partie du pays.<\/p>\n\n\n<figure class=\"wp-block-gallery has-nested-images columns-default is-cropped wp-block-gallery-1 is-layout-flex wp-block-gallery-is-layout-flex\">\n<figure class=\"wp-block-image size-large\"><img fetchpriority=\"high\" decoding=\"async\" width=\"1500\" height=\"1000\" data-id=\"30849\" src=\"https:\/\/ikar.dev\/bceco-v2\/wp-content\/uploads\/2023\/10\/Kasai-Central-_-Mission-dinspection-de-construction-des-infrastructures-Jean-Mabi-et-John-kabeya-sur-terrain-3.jpg\" alt=\"\" class=\"wp-image-30849\" srcset=\"https:\/\/ikar.dev\/bceco-v2\/wp-content\/uploads\/2023\/10\/Kasai-Central-_-Mission-dinspection-de-construction-des-infrastructures-Jean-Mabi-et-John-kabeya-sur-terrain-3.jpg 1500w, https:\/\/ikar.dev\/bceco-v2\/wp-content\/uploads\/2023\/10\/Kasai-Central-_-Mission-dinspection-de-construction-des-infrastructures-Jean-Mabi-et-John-kabeya-sur-terrain-3-768x512.jpg 768w, https:\/\/ikar.dev\/bceco-v2\/wp-content\/uploads\/2023\/10\/Kasai-Central-_-Mission-dinspection-de-construction-des-infrastructures-Jean-Mabi-et-John-kabeya-sur-terrain-3-600x400.jpg 600w\" sizes=\"(max-width: 1500px) 100vw, 1500px\" \/><\/figure>\n\n\n\n<figure class=\"wp-block-image size-large\"><img decoding=\"async\" width=\"1500\" height=\"1000\" data-id=\"30850\" src=\"https:\/\/ikar.dev\/bceco-v2\/wp-content\/uploads\/2023\/10\/Kasai-Central-_-Mission-dinspection-de-construction-des-infrastructures-Jean-Mabi-et-John-kabeya-sur-terrain-2.jpg\" alt=\"\" class=\"wp-image-30850\" srcset=\"https:\/\/ikar.dev\/bceco-v2\/wp-content\/uploads\/2023\/10\/Kasai-Central-_-Mission-dinspection-de-construction-des-infrastructures-Jean-Mabi-et-John-kabeya-sur-terrain-2.jpg 1500w, https:\/\/ikar.dev\/bceco-v2\/wp-content\/uploads\/2023\/10\/Kasai-Central-_-Mission-dinspection-de-construction-des-infrastructures-Jean-Mabi-et-John-kabeya-sur-terrain-2-768x512.jpg 768w, https:\/\/ikar.dev\/bceco-v2\/wp-content\/uploads\/2023\/10\/Kasai-Central-_-Mission-dinspection-de-construction-des-infrastructures-Jean-Mabi-et-John-kabeya-sur-terrain-2-600x400.jpg 600w\" sizes=\"(max-width: 1500px) 100vw, 1500px\" \/><\/figure>\n<\/figure>\n\n\n<p style=\"text-align: justify;\">A ce titre, le Directeur G\u00e9n\u00e9ral du BCeCo accompagn\u00e9 du Gouverneur de la Province, Son Excellence John Kabeya Shikayi se sont rendus compte de l\u2019\u00e9tat d\u2019avancement des travaux de construction de la morgue de l\u2019H\u00f4pital G\u00e9n\u00e9ral Provincial de R\u00e9f\u00e9rence de Kananga. La nouvelle morgue aux standards internationaux comprend 54 casiers pour la conservation et autres am\u00e9nagements pour le personnel travaillant en ce lieu ainsi que pour les familles \u00e9prouv\u00e9es. Cet ouvrage est en phase de finition et sa r\u00e9ception technique attendue \u00e0 la fin du mois d\u2019octobre 2023.<\/p>\n\n\n<figure class=\"wp-block-gallery has-nested-images columns-default is-cropped wp-block-gallery-2 is-layout-flex wp-block-gallery-is-layout-flex\">\n<figure class=\"wp-block-image size-large\"><img decoding=\"async\" width=\"1500\" height=\"1000\" data-id=\"30852\" src=\"https:\/\/ikar.dev\/bceco-v2\/wp-content\/uploads\/2023\/10\/Kasai-Central-_-Mission-dinspection-de-construction-des-infrastructures-Jean-Mabi-et-John-kabeya-sur-terrain-5.jpg\" alt=\"Kasa\u00ef-Central : Mission d'inspection de construction des infrastructures, Jean Mabi et John kabeya sur terrain !\" class=\"wp-image-30852\" srcset=\"https:\/\/ikar.dev\/bceco-v2\/wp-content\/uploads\/2023\/10\/Kasai-Central-_-Mission-dinspection-de-construction-des-infrastructures-Jean-Mabi-et-John-kabeya-sur-terrain-5.jpg 1500w, https:\/\/ikar.dev\/bceco-v2\/wp-content\/uploads\/2023\/10\/Kasai-Central-_-Mission-dinspection-de-construction-des-infrastructures-Jean-Mabi-et-John-kabeya-sur-terrain-5-768x512.jpg 768w, https:\/\/ikar.dev\/bceco-v2\/wp-content\/uploads\/2023\/10\/Kasai-Central-_-Mission-dinspection-de-construction-des-infrastructures-Jean-Mabi-et-John-kabeya-sur-terrain-5-600x400.jpg 600w\" sizes=\"(max-width: 1500px) 100vw, 1500px\" \/><\/figure>\n\n\n\n<figure class=\"wp-block-image size-large\"><img loading=\"lazy\" decoding=\"async\" width=\"1500\" height=\"1000\" data-id=\"30851\" src=\"https:\/\/ikar.dev\/bceco-v2\/wp-content\/uploads\/2023\/10\/Kasai-Central-_-Mission-dinspection-de-construction-des-infrastructures-Jean-Mabi-et-John-kabeya-sur-terrain-4.jpg\" alt=\"Kasa\u00ef-Central : Mission d'inspection de construction des infrastructures, Jean Mabi et John kabeya sur terrain !\" class=\"wp-image-30851\" srcset=\"https:\/\/ikar.dev\/bceco-v2\/wp-content\/uploads\/2023\/10\/Kasai-Central-_-Mission-dinspection-de-construction-des-infrastructures-Jean-Mabi-et-John-kabeya-sur-terrain-4.jpg 1500w, https:\/\/ikar.dev\/bceco-v2\/wp-content\/uploads\/2023\/10\/Kasai-Central-_-Mission-dinspection-de-construction-des-infrastructures-Jean-Mabi-et-John-kabeya-sur-terrain-4-768x512.jpg 768w, https:\/\/ikar.dev\/bceco-v2\/wp-content\/uploads\/2023\/10\/Kasai-Central-_-Mission-dinspection-de-construction-des-infrastructures-Jean-Mabi-et-John-kabeya-sur-terrain-4-600x400.jpg 600w\" sizes=\"(max-width: 1500px) 100vw, 1500px\" \/><\/figure>\n<\/figure>\n\n\n<p style=\"text-align: justify;\">Dans la foul\u00e9e, la d\u00e9l\u00e9gation s\u2019est \u00e9branl\u00e9e en direction de l\u2019a\u00e9roport de Kananga o\u00f9 s\u2019ex\u00e9cutent les travaux de modernisation et d\u2019agrandissement du terminal pour les voyageurs.<\/p>\n\n<p style=\"text-align: justify;\">La nouvelle a\u00e9rogare couvre une superficie de 7.600 m\u00e8tres permettra \u00e0 l a ville de Kananga de r\u00e9pondre \u00e0 sa vocation qui est celle de devenir un grand carrefour d\u2019\u00e9change au centre du pays. La premi\u00e8re pierre de ce vaste chantier a \u00e9t\u00e9 pos\u00e9e au mois de juillet 2023 pour des travaux qui vont prendre 18 mois, conform\u00e9ment au protocole d\u2019accord sign\u00e9 avec la Province du Kasa\u00ef-Central, le BCeCo avait pour mission de r\u00e9habiliter et de moderniser les infrastructures de base dont les b\u00e2timents administratifs en vue de restaurer l\u2019autorit\u00e9 de l\u2019Etat.<\/p>\n\n\n<figure class=\"wp-block-gallery has-nested-images columns-default is-cropped wp-block-gallery-3 is-layout-flex wp-block-gallery-is-layout-flex\">\n<figure class=\"wp-block-image size-large\"><img loading=\"lazy\" decoding=\"async\" width=\"1500\" height=\"1000\" data-id=\"30853\" src=\"https:\/\/ikar.dev\/bceco-v2\/wp-content\/uploads\/2023\/10\/Kasai-Central-_-Mission-dinspection-de-construction-des-infrastructures-Jean-Mabi-et-John-kabeya-sur-terrain-7.jpg\" alt=\"\" class=\"wp-image-30853\" srcset=\"https:\/\/ikar.dev\/bceco-v2\/wp-content\/uploads\/2023\/10\/Kasai-Central-_-Mission-dinspection-de-construction-des-infrastructures-Jean-Mabi-et-John-kabeya-sur-terrain-7.jpg 1500w, https:\/\/ikar.dev\/bceco-v2\/wp-content\/uploads\/2023\/10\/Kasai-Central-_-Mission-dinspection-de-construction-des-infrastructures-Jean-Mabi-et-John-kabeya-sur-terrain-7-768x512.jpg 768w, https:\/\/ikar.dev\/bceco-v2\/wp-content\/uploads\/2023\/10\/Kasai-Central-_-Mission-dinspection-de-construction-des-infrastructures-Jean-Mabi-et-John-kabeya-sur-terrain-7-600x400.jpg 600w\" sizes=\"(max-width: 1500px) 100vw, 1500px\" \/><\/figure>\n\n\n\n<figure class=\"wp-block-image size-large\"><img loading=\"lazy\" decoding=\"async\" width=\"1500\" height=\"1000\" data-id=\"30854\" src=\"https:\/\/ikar.dev\/bceco-v2\/wp-content\/uploads\/2023\/10\/Kasai-Central-_-Mission-dinspection-de-construction-des-infrastructures-Jean-Mabi-et-John-kabeya-sur-terrain-6.jpg\" alt=\"\" class=\"wp-image-30854\" srcset=\"https:\/\/ikar.dev\/bceco-v2\/wp-content\/uploads\/2023\/10\/Kasai-Central-_-Mission-dinspection-de-construction-des-infrastructures-Jean-Mabi-et-John-kabeya-sur-terrain-6.jpg 1500w, https:\/\/ikar.dev\/bceco-v2\/wp-content\/uploads\/2023\/10\/Kasai-Central-_-Mission-dinspection-de-construction-des-infrastructures-Jean-Mabi-et-John-kabeya-sur-terrain-6-768x512.jpg 768w, https:\/\/ikar.dev\/bceco-v2\/wp-content\/uploads\/2023\/10\/Kasai-Central-_-Mission-dinspection-de-construction-des-infrastructures-Jean-Mabi-et-John-kabeya-sur-terrain-6-600x400.jpg 600w\" sizes=\"(max-width: 1500px) 100vw, 1500px\" \/><\/figure>\n<\/figure>\n\n\n<p style=\"text-align: justify;\">C\u2019est dans ce cadre que se situe la visite du Directeur G\u00e9n\u00e9ral du BCeCo et de l\u2019Autorit\u00e9 Provinciale sur le site de la r\u00e9sidence officielle du gouverneur de la Province qui est en train de subir sa cure de jouvence. Ici \u00e9galement, le constat est le m\u00eame, les travaux avancent \u00e0 pas de g\u00e9ant et l\u2019ouvrage sera termin\u00e9 d\u2019ici la fin de l\u2019ann\u00e9e en cours.<\/p>","protected":false},"excerpt":{"rendered":"<p>Le Directeur G\u00e9n\u00e9ral du Bureau Central de Coordination, Monsieur Jean Mabi Mulumba a effectu\u00e9, du 12 au 15 septembre 2023, une mission de travail dans la Province du Kasa\u00ef-Central. Cette mission s\u2019inscrit dans le cadre du suivi et d\u2019inspection de divers chantiers conduits par le BCeCo dans cette partie du pays. A ce titre, le<\/p>\n","protected":false},"author":1,"featured_media":30848,"comment_status":"open","ping_status":"open","sticky":false,"template":"","format":"standard","meta":{"footnotes":""},"categories":[69,63],"tags":[],"class_list":["post-30846","post","type-post","status-publish","format-standard","has-post-thumbnail","hentry","category-actualites","category-infrastructures"],"yoast_head":"<!-- This site is optimized with the Yoast SEO plugin v26.7 - https:\/\/yoast.com\/wordpress\/plugins\/seo\/ -->\n<title>Kasa\u00ef-Central : Mission d&#039;inspection de construction des infrastructures, Jean Mabi et John kabeya sur terrain ! - Bureau Central de Coordination<\/title>\n<meta name=\"description\" content=\"Le Directeur G\u00e9n\u00e9ral du Bureau Central de Coordination, Monsieur Jean Mabi Mulumba a effectu\u00e9, du 12 au 15 septembre 2023, une mission de travail dans la Province du Kasa\u00ef-Central.\" \/>\n<meta name=\"robots\" content=\"index, follow, max-snippet:-1, max-image-preview:large, max-video-preview:-1\" \/>\n<link rel=\"canonical\" href=\"https:\/\/ikar.dev\/bceco-v2\/kasai-central-mission-dinspection-de-construction-des-infrastructures-jean-mabi-et-john-kabeya-sur-terrain\/\" \/>\n<meta property=\"og:locale\" content=\"en_US\" \/>\n<meta property=\"og:type\" content=\"article\" \/>\n<meta property=\"og:title\" content=\"Kasa\u00ef-Central : Mission d&#039;inspection de construction des infrastructures, Jean Mabi et John kabeya sur terrain ! - Bureau Central de Coordination\" \/>\n<meta property=\"og:description\" content=\"Le Directeur G\u00e9n\u00e9ral du Bureau Central de Coordination, Monsieur Jean Mabi Mulumba a effectu\u00e9, du 12 au 15 septembre 2023, une mission de travail dans la Province du Kasa\u00ef-Central.\" \/>\n<meta property=\"og:url\" content=\"https:\/\/ikar.dev\/bceco-v2\/kasai-central-mission-dinspection-de-construction-des-infrastructures-jean-mabi-et-john-kabeya-sur-terrain\/\" \/>\n<meta property=\"og:site_name\" content=\"Bureau Central de Coordination\" \/>\n<meta property=\"article:publisher\" content=\"https:\/\/www.facebook.com\/BCeCoRDC\" \/>\n<meta property=\"article:published_time\" content=\"2023-09-16T12:26:00+00:00\" \/>\n<meta property=\"article:modified_time\" content=\"2025-12-23T16:22:20+00:00\" \/>\n<meta property=\"og:image\" content=\"https:\/\/ikar.dev\/bceco-v2\/wp-content\/uploads\/2023\/10\/Kasai-Central-_-Mission-dinspection-de-construction-des-infrastructures-jean-Mabi-et-John-kabeya-sur-terrain.jpg\" \/>\n\t<meta property=\"og:image:width\" content=\"1500\" \/>\n\t<meta property=\"og:image:height\" content=\"1000\" \/>\n\t<meta property=\"og:image:type\" content=\"image\/jpeg\" \/>\n<meta name=\"author\" content=\"bceco\" \/>\n<meta name=\"twitter:card\" content=\"summary_large_image\" \/>\n<meta name=\"twitter:creator\" content=\"@BCeCoRDC\" \/>\n<meta name=\"twitter:site\" content=\"@BCeCoRDC\" \/>\n<meta name=\"twitter:label1\" content=\"Written by\" \/>\n\t<meta name=\"twitter:data1\" content=\"bceco\" \/>\n\t<meta name=\"twitter:label2\" content=\"Est. reading time\" \/>\n\t<meta name=\"twitter:data2\" content=\"3 minutes\" \/>\n<script type=\"application\/ld+json\" class=\"yoast-schema-graph\">{\"@context\":\"https:\/\/schema.org\",\"@graph\":[{\"@type\":\"Article\",\"@id\":\"https:\/\/ikar.dev\/bceco-v2\/kasai-central-mission-dinspection-de-construction-des-infrastructures-jean-mabi-et-john-kabeya-sur-terrain\/#article\",\"isPartOf\":{\"@id\":\"https:\/\/ikar.dev\/bceco-v2\/kasai-central-mission-dinspection-de-construction-des-infrastructures-jean-mabi-et-john-kabeya-sur-terrain\/\"},\"author\":{\"name\":\"bceco\",\"@id\":\"https:\/\/ikar.dev\/bceco-v2\/#\/schema\/person\/6ee74807ffb016a78852fec6a295d503\"},\"headline\":\"Kasa\u00ef-Central : Mission d&#8217;inspection de construction des infrastructures, Jean Mabi et John kabeya sur terrain !\",\"datePublished\":\"2023-09-16T12:26:00+00:00\",\"dateModified\":\"2025-12-23T16:22:20+00:00\",\"mainEntityOfPage\":{\"@id\":\"https:\/\/ikar.dev\/bceco-v2\/kasai-central-mission-dinspection-de-construction-des-infrastructures-jean-mabi-et-john-kabeya-sur-terrain\/\"},\"wordCount\":379,\"commentCount\":0,\"publisher\":{\"@id\":\"https:\/\/ikar.dev\/bceco-v2\/#organization\"},\"image\":{\"@id\":\"https:\/\/ikar.dev\/bceco-v2\/kasai-central-mission-dinspection-de-construction-des-infrastructures-jean-mabi-et-john-kabeya-sur-terrain\/#primaryimage\"},\"thumbnailUrl\":\"https:\/\/ikar.dev\/bceco-v2\/wp-content\/uploads\/2023\/10\/Kasai-Central-_-Mission-dinspection-de-construction-des-infrastructures-jean-Mabi-et-John-kabeya-sur-terrain.jpg\",\"articleSection\":[\"Actualit\u00e9s\",\"Infrastructures\"],\"inLanguage\":\"en-US\",\"potentialAction\":[{\"@type\":\"CommentAction\",\"name\":\"Comment\",\"target\":[\"https:\/\/ikar.dev\/bceco-v2\/kasai-central-mission-dinspection-de-construction-des-infrastructures-jean-mabi-et-john-kabeya-sur-terrain\/#respond\"]}]},{\"@type\":\"WebPage\",\"@id\":\"https:\/\/ikar.dev\/bceco-v2\/kasai-central-mission-dinspection-de-construction-des-infrastructures-jean-mabi-et-john-kabeya-sur-terrain\/\",\"url\":\"https:\/\/ikar.dev\/bceco-v2\/kasai-central-mission-dinspection-de-construction-des-infrastructures-jean-mabi-et-john-kabeya-sur-terrain\/\",\"name\":\"Kasa\u00ef-Central : Mission d'inspection de construction des infrastructures, Jean Mabi et John kabeya sur terrain ! - Bureau Central de Coordination\",\"isPartOf\":{\"@id\":\"https:\/\/ikar.dev\/bceco-v2\/#website\"},\"primaryImageOfPage\":{\"@id\":\"https:\/\/ikar.dev\/bceco-v2\/kasai-central-mission-dinspection-de-construction-des-infrastructures-jean-mabi-et-john-kabeya-sur-terrain\/#primaryimage\"},\"image\":{\"@id\":\"https:\/\/ikar.dev\/bceco-v2\/kasai-central-mission-dinspection-de-construction-des-infrastructures-jean-mabi-et-john-kabeya-sur-terrain\/#primaryimage\"},\"thumbnailUrl\":\"https:\/\/ikar.dev\/bceco-v2\/wp-content\/uploads\/2023\/10\/Kasai-Central-_-Mission-dinspection-de-construction-des-infrastructures-jean-Mabi-et-John-kabeya-sur-terrain.jpg\",\"datePublished\":\"2023-09-16T12:26:00+00:00\",\"dateModified\":\"2025-12-23T16:22:20+00:00\",\"description\":\"Le Directeur G\u00e9n\u00e9ral du Bureau Central de Coordination, Monsieur Jean Mabi Mulumba a effectu\u00e9, du 12 au 15 septembre 2023, une mission de travail dans la Province du Kasa\u00ef-Central.\",\"breadcrumb\":{\"@id\":\"https:\/\/ikar.dev\/bceco-v2\/kasai-central-mission-dinspection-de-construction-des-infrastructures-jean-mabi-et-john-kabeya-sur-terrain\/#breadcrumb\"},\"inLanguage\":\"en-US\",\"potentialAction\":[{\"@type\":\"ReadAction\",\"target\":[\"https:\/\/ikar.dev\/bceco-v2\/kasai-central-mission-dinspection-de-construction-des-infrastructures-jean-mabi-et-john-kabeya-sur-terrain\/\"]}]},{\"@type\":\"ImageObject\",\"inLanguage\":\"en-US\",\"@id\":\"https:\/\/ikar.dev\/bceco-v2\/kasai-central-mission-dinspection-de-construction-des-infrastructures-jean-mabi-et-john-kabeya-sur-terrain\/#primaryimage\",\"url\":\"https:\/\/ikar.dev\/bceco-v2\/wp-content\/uploads\/2023\/10\/Kasai-Central-_-Mission-dinspection-de-construction-des-infrastructures-jean-Mabi-et-John-kabeya-sur-terrain.jpg\",\"contentUrl\":\"https:\/\/ikar.dev\/bceco-v2\/wp-content\/uploads\/2023\/10\/Kasai-Central-_-Mission-dinspection-de-construction-des-infrastructures-jean-Mabi-et-John-kabeya-sur-terrain.jpg\",\"width\":1500,\"height\":1000,\"caption\":\"Kasa\u00ef-Central : Mission d'inspection de construction des infrastructures, jean Mabi et John kabeya sur terrain !\"},{\"@type\":\"BreadcrumbList\",\"@id\":\"https:\/\/ikar.dev\/bceco-v2\/kasai-central-mission-dinspection-de-construction-des-infrastructures-jean-mabi-et-john-kabeya-sur-terrain\/#breadcrumb\",\"itemListElement\":[{\"@type\":\"ListItem\",\"position\":1,\"name\":\"Accueil\",\"item\":\"https:\/\/ikar.dev\/bceco-v2\/\"},{\"@type\":\"ListItem\",\"position\":2,\"name\":\"Kasa\u00ef-Central : Mission d&rsquo;inspection de construction des infrastructures, Jean Mabi et John kabeya sur terrain !\"}]},{\"@type\":\"WebSite\",\"@id\":\"https:\/\/ikar.dev\/bceco-v2\/#website\",\"url\":\"https:\/\/ikar.dev\/bceco-v2\/\",\"name\":\"Bureau Central de Coordination\",\"description\":\"B.Ce.Co \u2013 Au c\u0153ur de l\u2019ex\u00e9cution des projets de d\u00e9veloppement en RDC\",\"publisher\":{\"@id\":\"https:\/\/ikar.dev\/bceco-v2\/#organization\"},\"potentialAction\":[{\"@type\":\"SearchAction\",\"target\":{\"@type\":\"EntryPoint\",\"urlTemplate\":\"https:\/\/ikar.dev\/bceco-v2\/?s={search_term_string}\"},\"query-input\":{\"@type\":\"PropertyValueSpecification\",\"valueRequired\":true,\"valueName\":\"search_term_string\"}}],\"inLanguage\":\"en-US\"},{\"@type\":\"Organization\",\"@id\":\"https:\/\/ikar.dev\/bceco-v2\/#organization\",\"name\":\"Bureau Central de Coordination\",\"url\":\"https:\/\/ikar.dev\/bceco-v2\/\",\"logo\":{\"@type\":\"ImageObject\",\"inLanguage\":\"en-US\",\"@id\":\"https:\/\/ikar.dev\/bceco-v2\/#\/schema\/logo\/image\/\",\"url\":\"https:\/\/ikar.dev\/bceco-v2\/wp-content\/uploads\/2025\/12\/BCECO-Bureau-Central-de-Coordination.jpg\",\"contentUrl\":\"https:\/\/ikar.dev\/bceco-v2\/wp-content\/uploads\/2025\/12\/BCECO-Bureau-Central-de-Coordination.jpg\",\"width\":2048,\"height\":2048,\"caption\":\"Bureau Central de Coordination\"},\"image\":{\"@id\":\"https:\/\/ikar.dev\/bceco-v2\/#\/schema\/logo\/image\/\"},\"sameAs\":[\"https:\/\/www.facebook.com\/BCeCoRDC\",\"https:\/\/x.com\/BCeCoRDC\"]},{\"@type\":\"Person\",\"@id\":\"https:\/\/ikar.dev\/bceco-v2\/#\/schema\/person\/6ee74807ffb016a78852fec6a295d503\",\"name\":\"bceco\",\"image\":{\"@type\":\"ImageObject\",\"inLanguage\":\"en-US\",\"@id\":\"https:\/\/ikar.dev\/bceco-v2\/#\/schema\/person\/image\/\",\"url\":\"https:\/\/secure.gravatar.com\/avatar\/55c07e1707f50774ef3c842c9d074773a6b558a20fbd1608c8e4871bc88f3455?s=96&d=mm&r=g\",\"contentUrl\":\"https:\/\/secure.gravatar.com\/avatar\/55c07e1707f50774ef3c842c9d074773a6b558a20fbd1608c8e4871bc88f3455?s=96&d=mm&r=g\",\"caption\":\"bceco\"},\"sameAs\":[\"https:\/\/ikar.dev\/bceco-v2\"],\"url\":\"https:\/\/ikar.dev\/bceco-v2\/author\/bceco\/\"}]}<\/script>\n<!-- \/ Yoast SEO plugin. -->","yoast_head_json":{"title":"Kasa\u00ef-Central : Mission d'inspection de construction des infrastructures, Jean Mabi et John kabeya sur terrain ! - Bureau Central de Coordination","description":"Le Directeur G\u00e9n\u00e9ral du Bureau Central de Coordination, Monsieur Jean Mabi Mulumba a effectu\u00e9, du 12 au 15 septembre 2023, une mission de travail dans la Province du Kasa\u00ef-Central.","robots":{"index":"index","follow":"follow","max-snippet":"max-snippet:-1","max-image-preview":"max-image-preview:large","max-video-preview":"max-video-preview:-1"},"canonical":"https:\/\/ikar.dev\/bceco-v2\/kasai-central-mission-dinspection-de-construction-des-infrastructures-jean-mabi-et-john-kabeya-sur-terrain\/","og_locale":"en_US","og_type":"article","og_title":"Kasa\u00ef-Central : Mission d'inspection de construction des infrastructures, Jean Mabi et John kabeya sur terrain ! - Bureau Central de Coordination","og_description":"Le Directeur G\u00e9n\u00e9ral du Bureau Central de Coordination, Monsieur Jean Mabi Mulumba a effectu\u00e9, du 12 au 15 septembre 2023, une mission de travail dans la Province du Kasa\u00ef-Central.","og_url":"https:\/\/ikar.dev\/bceco-v2\/kasai-central-mission-dinspection-de-construction-des-infrastructures-jean-mabi-et-john-kabeya-sur-terrain\/","og_site_name":"Bureau Central de Coordination","article_publisher":"https:\/\/www.facebook.com\/BCeCoRDC","article_published_time":"2023-09-16T12:26:00+00:00","article_modified_time":"2025-12-23T16:22:20+00:00","og_image":[{"width":1500,"height":1000,"url":"https:\/\/ikar.dev\/bceco-v2\/wp-content\/uploads\/2023\/10\/Kasai-Central-_-Mission-dinspection-de-construction-des-infrastructures-jean-Mabi-et-John-kabeya-sur-terrain.jpg","type":"image\/jpeg"}],"author":"bceco","twitter_card":"summary_large_image","twitter_creator":"@BCeCoRDC","twitter_site":"@BCeCoRDC","twitter_misc":{"Written by":"bceco","Est. reading time":"3 minutes"},"schema":{"@context":"https:\/\/schema.org","@graph":[{"@type":"Article","@id":"https:\/\/ikar.dev\/bceco-v2\/kasai-central-mission-dinspection-de-construction-des-infrastructures-jean-mabi-et-john-kabeya-sur-terrain\/#article","isPartOf":{"@id":"https:\/\/ikar.dev\/bceco-v2\/kasai-central-mission-dinspection-de-construction-des-infrastructures-jean-mabi-et-john-kabeya-sur-terrain\/"},"author":{"name":"bceco","@id":"https:\/\/ikar.dev\/bceco-v2\/#\/schema\/person\/6ee74807ffb016a78852fec6a295d503"},"headline":"Kasa\u00ef-Central : Mission d&#8217;inspection de construction des infrastructures, Jean Mabi et John kabeya sur terrain !","datePublished":"2023-09-16T12:26:00+00:00","dateModified":"2025-12-23T16:22:20+00:00","mainEntityOfPage":{"@id":"https:\/\/ikar.dev\/bceco-v2\/kasai-central-mission-dinspection-de-construction-des-infrastructures-jean-mabi-et-john-kabeya-sur-terrain\/"},"wordCount":379,"commentCount":0,"publisher":{"@id":"https:\/\/ikar.dev\/bceco-v2\/#organization"},"image":{"@id":"https:\/\/ikar.dev\/bceco-v2\/kasai-central-mission-dinspection-de-construction-des-infrastructures-jean-mabi-et-john-kabeya-sur-terrain\/#primaryimage"},"thumbnailUrl":"https:\/\/ikar.dev\/bceco-v2\/wp-content\/uploads\/2023\/10\/Kasai-Central-_-Mission-dinspection-de-construction-des-infrastructures-jean-Mabi-et-John-kabeya-sur-terrain.jpg","articleSection":["Actualit\u00e9s","Infrastructures"],"inLanguage":"en-US","potentialAction":[{"@type":"CommentAction","name":"Comment","target":["https:\/\/ikar.dev\/bceco-v2\/kasai-central-mission-dinspection-de-construction-des-infrastructures-jean-mabi-et-john-kabeya-sur-terrain\/#respond"]}]},{"@type":"WebPage","@id":"https:\/\/ikar.dev\/bceco-v2\/kasai-central-mission-dinspection-de-construction-des-infrastructures-jean-mabi-et-john-kabeya-sur-terrain\/","url":"https:\/\/ikar.dev\/bceco-v2\/kasai-central-mission-dinspection-de-construction-des-infrastructures-jean-mabi-et-john-kabeya-sur-terrain\/","name":"Kasa\u00ef-Central : Mission d'inspection de construction des infrastructures, Jean Mabi et John kabeya sur terrain ! - Bureau Central de Coordination","isPartOf":{"@id":"https:\/\/ikar.dev\/bceco-v2\/#website"},"primaryImageOfPage":{"@id":"https:\/\/ikar.dev\/bceco-v2\/kasai-central-mission-dinspection-de-construction-des-infrastructures-jean-mabi-et-john-kabeya-sur-terrain\/#primaryimage"},"image":{"@id":"https:\/\/ikar.dev\/bceco-v2\/kasai-central-mission-dinspection-de-construction-des-infrastructures-jean-mabi-et-john-kabeya-sur-terrain\/#primaryimage"},"thumbnailUrl":"https:\/\/ikar.dev\/bceco-v2\/wp-content\/uploads\/2023\/10\/Kasai-Central-_-Mission-dinspection-de-construction-des-infrastructures-jean-Mabi-et-John-kabeya-sur-terrain.jpg","datePublished":"2023-09-16T12:26:00+00:00","dateModified":"2025-12-23T16:22:20+00:00","description":"Le Directeur G\u00e9n\u00e9ral du Bureau Central de Coordination, Monsieur Jean Mabi Mulumba a effectu\u00e9, du 12 au 15 septembre 2023, une mission de travail dans la Province du Kasa\u00ef-Central.","breadcrumb":{"@id":"https:\/\/ikar.dev\/bceco-v2\/kasai-central-mission-dinspection-de-construction-des-infrastructures-jean-mabi-et-john-kabeya-sur-terrain\/#breadcrumb"},"inLanguage":"en-US","potentialAction":[{"@type":"ReadAction","target":["https:\/\/ikar.dev\/bceco-v2\/kasai-central-mission-dinspection-de-construction-des-infrastructures-jean-mabi-et-john-kabeya-sur-terrain\/"]}]},{"@type":"ImageObject","inLanguage":"en-US","@id":"https:\/\/ikar.dev\/bceco-v2\/kasai-central-mission-dinspection-de-construction-des-infrastructures-jean-mabi-et-john-kabeya-sur-terrain\/#primaryimage","url":"https:\/\/ikar.dev\/bceco-v2\/wp-content\/uploads\/2023\/10\/Kasai-Central-_-Mission-dinspection-de-construction-des-infrastructures-jean-Mabi-et-John-kabeya-sur-terrain.jpg","contentUrl":"https:\/\/ikar.dev\/bceco-v2\/wp-content\/uploads\/2023\/10\/Kasai-Central-_-Mission-dinspection-de-construction-des-infrastructures-jean-Mabi-et-John-kabeya-sur-terrain.jpg","width":1500,"height":1000,"caption":"Kasa\u00ef-Central : Mission d'inspection de construction des infrastructures, jean Mabi et John kabeya sur terrain !"},{"@type":"BreadcrumbList","@id":"https:\/\/ikar.dev\/bceco-v2\/kasai-central-mission-dinspection-de-construction-des-infrastructures-jean-mabi-et-john-kabeya-sur-terrain\/#breadcrumb","itemListElement":[{"@type":"ListItem","position":1,"name":"Accueil","item":"https:\/\/ikar.dev\/bceco-v2\/"},{"@type":"ListItem","position":2,"name":"Kasa\u00ef-Central : Mission d&rsquo;inspection de construction des infrastructures, Jean Mabi et John kabeya sur terrain !"}]},{"@type":"WebSite","@id":"https:\/\/ikar.dev\/bceco-v2\/#website","url":"https:\/\/ikar.dev\/bceco-v2\/","name":"Bureau Central de Coordination","description":"B.Ce.Co \u2013 Au c\u0153ur de l\u2019ex\u00e9cution des projets de d\u00e9veloppement en RDC","publisher":{"@id":"https:\/\/ikar.dev\/bceco-v2\/#organization"},"potentialAction":[{"@type":"SearchAction","target":{"@type":"EntryPoint","urlTemplate":"https:\/\/ikar.dev\/bceco-v2\/?s={search_term_string}"},"query-input":{"@type":"PropertyValueSpecification","valueRequired":true,"valueName":"search_term_string"}}],"inLanguage":"en-US"},{"@type":"Organization","@id":"https:\/\/ikar.dev\/bceco-v2\/#organization","name":"Bureau Central de Coordination","url":"https:\/\/ikar.dev\/bceco-v2\/","logo":{"@type":"ImageObject","inLanguage":"en-US","@id":"https:\/\/ikar.dev\/bceco-v2\/#\/schema\/logo\/image\/","url":"https:\/\/ikar.dev\/bceco-v2\/wp-content\/uploads\/2025\/12\/BCECO-Bureau-Central-de-Coordination.jpg","contentUrl":"https:\/\/ikar.dev\/bceco-v2\/wp-content\/uploads\/2025\/12\/BCECO-Bureau-Central-de-Coordination.jpg","width":2048,"height":2048,"caption":"Bureau Central de Coordination"},"image":{"@id":"https:\/\/ikar.dev\/bceco-v2\/#\/schema\/logo\/image\/"},"sameAs":["https:\/\/www.facebook.com\/BCeCoRDC","https:\/\/x.com\/BCeCoRDC"]},{"@type":"Person","@id":"https:\/\/ikar.dev\/bceco-v2\/#\/schema\/person\/6ee74807ffb016a78852fec6a295d503","name":"bceco","image":{"@type":"ImageObject","inLanguage":"en-US","@id":"https:\/\/ikar.dev\/bceco-v2\/#\/schema\/person\/image\/","url":"https:\/\/secure.gravatar.com\/avatar\/55c07e1707f50774ef3c842c9d074773a6b558a20fbd1608c8e4871bc88f3455?s=96&d=mm&r=g","contentUrl":"https:\/\/secure.gravatar.com\/avatar\/55c07e1707f50774ef3c842c9d074773a6b558a20fbd1608c8e4871bc88f3455?s=96&d=mm&r=g","caption":"bceco"},"sameAs":["https:\/\/ikar.dev\/bceco-v2"],"url":"https:\/\/ikar.dev\/bceco-v2\/author\/bceco\/"}]}},"_links":{"self":[{"href":"https:\/\/ikar.dev\/bceco-v2\/wp-json\/wp\/v2\/posts\/30846","targetHints":{"allow":["GET"]}}],"collection":[{"href":"https:\/\/ikar.dev\/bceco-v2\/wp-json\/wp\/v2\/posts"}],"about":[{"href":"https:\/\/ikar.dev\/bceco-v2\/wp-json\/wp\/v2\/types\/post"}],"author":[{"embeddable":true,"href":"https:\/\/ikar.dev\/bceco-v2\/wp-json\/wp\/v2\/users\/1"}],"replies":[{"embeddable":true,"href":"https:\/\/ikar.dev\/bceco-v2\/wp-json\/wp\/v2\/comments?post=30846"}],"version-history":[{"count":1,"href":"https:\/\/ikar.dev\/bceco-v2\/wp-json\/wp\/v2\/posts\/30846\/revisions"}],"predecessor-version":[{"id":56337,"href":"https:\/\/ikar.dev\/bceco-v2\/wp-json\/wp\/v2\/posts\/30846\/revisions\/56337"}],"wp:featuredmedia":[{"embeddable":true,"href":"https:\/\/ikar.dev\/bceco-v2\/wp-json\/wp\/v2\/media\/30848"}],"wp:attachment":[{"href":"https:\/\/ikar.dev\/bceco-v2\/wp-json\/wp\/v2\/media?parent=30846"}],"wp:term":[{"taxonomy":"category","embeddable":true,"href":"https:\/\/ikar.dev\/bceco-v2\/wp-json\/wp\/v2\/categories?post=30846"},{"taxonomy":"post_tag","embeddable":true,"href":"https:\/\/ikar.dev\/bceco-v2\/wp-json\/wp\/v2\/tags?post=30846"}],"curies":[{"name":"wp","href":"https:\/\/api.w.org\/{rel}","templated":true}]}}