{"id":30789,"date":"2023-10-03T16:20:44","date_gmt":"2023-10-03T16:20:44","guid":{"rendered":"https:\/\/bceco.cd\/?p=30789"},"modified":"2025-12-23T17:22:50","modified_gmt":"2025-12-23T16:22:50","slug":"pdl-145t-le-bceco-remet-officiellement-la-premiere-ecole-au-president-de-la-republique","status":"publish","type":"post","link":"https:\/\/ikar.dev\/bceco-v2\/pdl-145t-le-bceco-remet-officiellement-la-premiere-ecole-au-president-de-la-republique\/","title":{"rendered":"PDL-145T : Le BCECO remet officiellement la premi\u00e8re \u00e9cole au Pr\u00e9sident de la R\u00e9publique !"},"content":{"rendered":"<p style=\"text-align: justify;\">C&#8217;est une cl\u00e9 symbolique, remise \u00e0 ce jour au Pr\u00e9sident de la r\u00e9publique <a title=\"F\u00e9lix Antoine Tshisekedi Tshilombo\" href=\"https:\/\/www.presidence.cd\/president\/le-president\" target=\"_blank\" rel=\"noopener\">F\u00e9lix Antoine Tshisekedi Tshilombo<\/a> par la Ministre d&#8217;\u00c9tat Ministre du Plan Mme Judith Suminwa Tuluka qui marque la fin des travaux de construction d&#8217;un premier lot d&#8217;ouvrages confi\u00e9s au <a href=\"https:\/\/ikar.dev\/bceco-v2\/\" target=\"_blank\" rel=\"noopener\">BCECO<\/a> dans le cadre du programme de d\u00e9veloppement local des 145 territoires PDL-145T.<\/p>\n\n<p style=\"text-align: justify;\">En effet, la date du lundi 2 octobre 2023 restera \u00e0 jamais grav\u00e9e dans les annales de l&#8217;Ecole primaire Akili 2 \u00e0 Kasomeno, territoire de Kasenga dans la Province du Haut Katanga. C&#8217;est en lieu que le bureau central de coordination <a href=\"https:\/\/ikar.dev\/bceco-v2\/\" target=\"_blank\" rel=\"noopener\">BCECO<\/a> par l&#8217;entreprise de son Directeur G\u00e9n\u00e9ral Jean Mabi Mulumba se d\u00e9charge de la lourde t\u00e2che lui confi\u00e9 par le gouvernement de la R\u00e9publique.<\/p>\n\n\n<figure class=\"wp-block-gallery has-nested-images columns-default is-cropped wp-block-gallery-1 is-layout-flex wp-block-gallery-is-layout-flex\">\n<figure class=\"wp-block-image size-large\"><img fetchpriority=\"high\" decoding=\"async\" width=\"1435\" height=\"1000\" data-id=\"30818\" src=\"https:\/\/ikar.dev\/bceco-v2\/wp-content\/uploads\/2023\/10\/PDL-145T_-LE-BCECO-REMET-OFFICIELLEMENT-LA-PREMIERE-ECOLE-AU-PRESIDENT-DE-LA-REPUBLIQUE-10.jpg\" alt=\"PDL-145T : Le BCECO remet officiellement la premi\u00e8re \u00e9cole au Pr\u00e9sident de la R\u00e9publique !\" class=\"wp-image-30818\" srcset=\"https:\/\/ikar.dev\/bceco-v2\/wp-content\/uploads\/2023\/10\/PDL-145T_-LE-BCECO-REMET-OFFICIELLEMENT-LA-PREMIERE-ECOLE-AU-PRESIDENT-DE-LA-REPUBLIQUE-10.jpg 1435w, https:\/\/ikar.dev\/bceco-v2\/wp-content\/uploads\/2023\/10\/PDL-145T_-LE-BCECO-REMET-OFFICIELLEMENT-LA-PREMIERE-ECOLE-AU-PRESIDENT-DE-LA-REPUBLIQUE-10-768x535.jpg 768w, https:\/\/ikar.dev\/bceco-v2\/wp-content\/uploads\/2023\/10\/PDL-145T_-LE-BCECO-REMET-OFFICIELLEMENT-LA-PREMIERE-ECOLE-AU-PRESIDENT-DE-LA-REPUBLIQUE-10-600x418.jpg 600w\" sizes=\"(max-width: 1435px) 100vw, 1435px\" \/><\/figure>\n\n\n\n<figure class=\"wp-block-image size-large\"><img decoding=\"async\" width=\"1500\" height=\"1000\" data-id=\"30817\" src=\"https:\/\/ikar.dev\/bceco-v2\/wp-content\/uploads\/2023\/10\/PDL-145T_-LE-BCECO-REMET-OFFICIELLEMENT-LA-PREMIERE-ECOLE-AU-PRESIDENT-DE-LA-REPUBLIQUE-11.jpg\" alt=\"PDL-145T : Le BCECO remet officiellement la premi\u00e8re \u00e9cole au Pr\u00e9sident de la R\u00e9publique !\" class=\"wp-image-30817\" srcset=\"https:\/\/ikar.dev\/bceco-v2\/wp-content\/uploads\/2023\/10\/PDL-145T_-LE-BCECO-REMET-OFFICIELLEMENT-LA-PREMIERE-ECOLE-AU-PRESIDENT-DE-LA-REPUBLIQUE-11.jpg 1500w, https:\/\/ikar.dev\/bceco-v2\/wp-content\/uploads\/2023\/10\/PDL-145T_-LE-BCECO-REMET-OFFICIELLEMENT-LA-PREMIERE-ECOLE-AU-PRESIDENT-DE-LA-REPUBLIQUE-11-768x512.jpg 768w, https:\/\/ikar.dev\/bceco-v2\/wp-content\/uploads\/2023\/10\/PDL-145T_-LE-BCECO-REMET-OFFICIELLEMENT-LA-PREMIERE-ECOLE-AU-PRESIDENT-DE-LA-REPUBLIQUE-11-600x400.jpg 600w\" sizes=\"(max-width: 1500px) 100vw, 1500px\" \/><\/figure>\n<\/figure>\n\n\n<p style=\"text-align: justify;\">16 heures heures locale, le Premier de tous les citoyens vient officiellement installer les \u00e9l\u00e8ves de cette \u00e9cole dans les nouvelles salles de classe construites, inaugurant ainsi une s\u00e9rie de remise d&#8217;ouvrages r\u00e9ceptionn\u00e9s techniquement par le <a href=\"https:\/\/ikar.dev\/bceco-v2\/\" target=\"_blank\" rel=\"noopener\">BCECO<\/a> depuis quelques mois.<\/p>\n\n<p style=\"text-align: justify;\">Ces \u00e9coliers qui aborent un sourire de joie suivront d\u00e9sormais les cours dans les meilleures conditions.<\/p>\n\n<p style=\"text-align: justify;\">En bon p\u00e8re de famille et soucieux du devenir de ces \u00e9l\u00e8ves le garant de la nation a promis de tout mettre en \u0153uvre pour que la jeunesse b\u00e9n\u00e9ficie des richesses du pays.<\/p>\n\n<p style=\"text-align: justify;\">Par la suite, le pr\u00e9sident a visit\u00e9 tous le b\u00e2timent: des salles des classes en passant par la salle polyvalente et le bureau administratif de l&#8217;\u00e9cole, m\u00eame le tableau a \u00e9t\u00e9 inspect\u00e9 et a permis au Pr\u00e9sident d&#8217;\u00e9crire je cite &#8221; Que Dieu vous b\u00e9nisse&#8221;.<\/p>\n\n\n<figure class=\"wp-block-gallery has-nested-images columns-default is-cropped wp-block-gallery-2 is-layout-flex wp-block-gallery-is-layout-flex\">\n<figure class=\"wp-block-image size-large\"><img decoding=\"async\" width=\"1500\" height=\"1000\" data-id=\"30822\" src=\"https:\/\/ikar.dev\/bceco-v2\/wp-content\/uploads\/2023\/10\/PDL-145T_-LE-BCECO-REMET-OFFICIELLEMENT-LA-PREMIERE-ECOLE-AU-PRESIDENT-DE-LA-REPUBLIQUE-6.jpg\" alt=\"PDL-145T : Le BCECO remet officiellement la premi\u00e8re \u00e9cole au Pr\u00e9sident de la R\u00e9publique !\" class=\"wp-image-30822\" srcset=\"https:\/\/ikar.dev\/bceco-v2\/wp-content\/uploads\/2023\/10\/PDL-145T_-LE-BCECO-REMET-OFFICIELLEMENT-LA-PREMIERE-ECOLE-AU-PRESIDENT-DE-LA-REPUBLIQUE-6.jpg 1500w, https:\/\/ikar.dev\/bceco-v2\/wp-content\/uploads\/2023\/10\/PDL-145T_-LE-BCECO-REMET-OFFICIELLEMENT-LA-PREMIERE-ECOLE-AU-PRESIDENT-DE-LA-REPUBLIQUE-6-768x512.jpg 768w, https:\/\/ikar.dev\/bceco-v2\/wp-content\/uploads\/2023\/10\/PDL-145T_-LE-BCECO-REMET-OFFICIELLEMENT-LA-PREMIERE-ECOLE-AU-PRESIDENT-DE-LA-REPUBLIQUE-6-600x400.jpg 600w\" sizes=\"(max-width: 1500px) 100vw, 1500px\" \/><\/figure>\n\n\n\n<figure class=\"wp-block-image size-large\"><img loading=\"lazy\" decoding=\"async\" width=\"1500\" height=\"1000\" data-id=\"30826\" src=\"https:\/\/ikar.dev\/bceco-v2\/wp-content\/uploads\/2023\/10\/PDL-145T_-LE-BCECO-REMET-OFFICIELLEMENT-LA-PREMIERE-ECOLE-AU-PRESIDENT-DE-LA-REPUBLIQUE-2.jpg\" alt=\"PDL-145T : Le BCECO remet officiellement la premi\u00e8re \u00e9cole au Pr\u00e9sident de la R\u00e9publique !\" class=\"wp-image-30826\" srcset=\"https:\/\/ikar.dev\/bceco-v2\/wp-content\/uploads\/2023\/10\/PDL-145T_-LE-BCECO-REMET-OFFICIELLEMENT-LA-PREMIERE-ECOLE-AU-PRESIDENT-DE-LA-REPUBLIQUE-2.jpg 1500w, https:\/\/ikar.dev\/bceco-v2\/wp-content\/uploads\/2023\/10\/PDL-145T_-LE-BCECO-REMET-OFFICIELLEMENT-LA-PREMIERE-ECOLE-AU-PRESIDENT-DE-LA-REPUBLIQUE-2-768x512.jpg 768w, https:\/\/ikar.dev\/bceco-v2\/wp-content\/uploads\/2023\/10\/PDL-145T_-LE-BCECO-REMET-OFFICIELLEMENT-LA-PREMIERE-ECOLE-AU-PRESIDENT-DE-LA-REPUBLIQUE-2-600x400.jpg 600w\" sizes=\"(max-width: 1500px) 100vw, 1500px\" \/><\/figure>\n<\/figure>\n\n\n<p style=\"text-align: justify;\">La ministre d&#8217;Etat, ministre du plan Mme Judith Suminwa Tuluka qui a \u00e9clair\u00e9 la lanterne du chef de l&#8217;\u00e9tat dans cette ronde s&#8217;est exprim\u00e9r en ces termes : &#8220;Le Pr\u00e9sident de la R\u00e9publique a remis officiellement cette \u00e9cole AKILI 2 aux b\u00e9n\u00e9ficiaires, mais en m\u00eame temps son mot d&#8217;ordre est donn\u00e9 : <b>Que toutes les \u00e9coles d\u00e9j\u00e0 receptionn\u00e9es par le bceco soient op\u00e9rationnelles<\/b>&#8220;.<\/p>\n\n<p style=\"text-align: justify;\">Pour le DG du BCECO Jean Mabi Mulumba, il n&#8217;est pas question de dormir sur nos lauriers, mais plut\u00f4t c&#8217;est plutot une occasion de redoubler les efforts afin d&#8217;atteindre les objectifs assign\u00e9s.<\/p>\n\n<p style=\"text-align: justify;\">BCECO a encore des d\u00e9fis de continuer \u00e0 livrer les ouvrages de qualit\u00e9s dans le meilleur d\u00e9lai. Aujourd&#8217;hui mon institution a l&#8217;expertise requise pour l&#8217;ex\u00e9cution de ce genre de projet.<\/p>\n\n\n<figure class=\"wp-block-gallery has-nested-images columns-default is-cropped wp-block-gallery-3 is-layout-flex wp-block-gallery-is-layout-flex\">\n<figure class=\"wp-block-image size-large\"><img loading=\"lazy\" decoding=\"async\" width=\"1500\" height=\"1000\" data-id=\"30825\" src=\"https:\/\/ikar.dev\/bceco-v2\/wp-content\/uploads\/2023\/10\/PDL-145T_-LE-BCECO-REMET-OFFICIELLEMENT-LA-PREMIERE-ECOLE-AU-PRESIDENT-DE-LA-REPUBLIQUE-3.jpg\" alt=\"PDL-145T : Le BCECO remet officiellement la premi\u00e8re \u00e9cole au Pr\u00e9sident de la R\u00e9publique !\" class=\"wp-image-30825\" srcset=\"https:\/\/ikar.dev\/bceco-v2\/wp-content\/uploads\/2023\/10\/PDL-145T_-LE-BCECO-REMET-OFFICIELLEMENT-LA-PREMIERE-ECOLE-AU-PRESIDENT-DE-LA-REPUBLIQUE-3.jpg 1500w, https:\/\/ikar.dev\/bceco-v2\/wp-content\/uploads\/2023\/10\/PDL-145T_-LE-BCECO-REMET-OFFICIELLEMENT-LA-PREMIERE-ECOLE-AU-PRESIDENT-DE-LA-REPUBLIQUE-3-768x512.jpg 768w, https:\/\/ikar.dev\/bceco-v2\/wp-content\/uploads\/2023\/10\/PDL-145T_-LE-BCECO-REMET-OFFICIELLEMENT-LA-PREMIERE-ECOLE-AU-PRESIDENT-DE-LA-REPUBLIQUE-3-600x400.jpg 600w\" sizes=\"(max-width: 1500px) 100vw, 1500px\" \/><\/figure>\n\n\n\n<figure class=\"wp-block-image size-large\"><img loading=\"lazy\" decoding=\"async\" width=\"1500\" height=\"1000\" data-id=\"30824\" src=\"https:\/\/ikar.dev\/bceco-v2\/wp-content\/uploads\/2023\/10\/PDL-145T_-LE-BCECO-REMET-OFFICIELLEMENT-LA-PREMIERE-ECOLE-AU-PRESIDENT-DE-LA-REPUBLIQUE-4.jpg\" alt=\"PDL-145T : Le BCECO remet officiellement la premi\u00e8re \u00e9cole au Pr\u00e9sident de la R\u00e9publique !\" class=\"wp-image-30824\" srcset=\"https:\/\/ikar.dev\/bceco-v2\/wp-content\/uploads\/2023\/10\/PDL-145T_-LE-BCECO-REMET-OFFICIELLEMENT-LA-PREMIERE-ECOLE-AU-PRESIDENT-DE-LA-REPUBLIQUE-4.jpg 1500w, https:\/\/ikar.dev\/bceco-v2\/wp-content\/uploads\/2023\/10\/PDL-145T_-LE-BCECO-REMET-OFFICIELLEMENT-LA-PREMIERE-ECOLE-AU-PRESIDENT-DE-LA-REPUBLIQUE-4-768x512.jpg 768w, https:\/\/ikar.dev\/bceco-v2\/wp-content\/uploads\/2023\/10\/PDL-145T_-LE-BCECO-REMET-OFFICIELLEMENT-LA-PREMIERE-ECOLE-AU-PRESIDENT-DE-LA-REPUBLIQUE-4-600x400.jpg 600w\" sizes=\"(max-width: 1500px) 100vw, 1500px\" \/><\/figure>\n<\/figure>\n\n\n<p style=\"text-align: justify;\">Tr\u00e8s \u00e9mu et touch\u00e9, directeur de l&#8217;\u00e9cole Pius Tshola Mwandama n&#8217;a eu d&#8217;autres mots que de remercier sinc\u00e8rement le pr\u00e9sident de la r\u00e9publique pour l&#8217;accomplissement de l&#8217;ouvrage.<\/p>\n\n<p style=\"text-align: justify;\">Le Pr\u00e9sident de la r\u00e9publique s&#8217;est dit tr\u00e8s satisfait du travail abattu par le BCECO et a signal\u00e9 par la m\u00eame occasion n&#8217;avoir aucune remarque \u00e0 faire sur les travaux accomplis. Ces infrastructures livr\u00e9es m\u00e9ritent une attention particuli\u00e8re pour leur entretien afin de p\u00e9renniser l&#8217;\u0153uvre de g\u00e9n\u00e9ration en g\u00e9n\u00e9ration.<\/p>","protected":false},"excerpt":{"rendered":"<p>C&#8217;est une cl\u00e9 symbolique, remise \u00e0 ce jour au Pr\u00e9sident de la r\u00e9publique F\u00e9lix Antoine Tshisekedi Tshilombo par la Ministre d&#8217;\u00c9tat Ministre du Plan Mme Judith Suminwa Tuluka qui marque la fin des travaux de construction d&#8217;un premier lot d&#8217;ouvrages confi\u00e9s au BCECO dans le cadre du programme de d\u00e9veloppement local des 145 territoires PDL-145T.<\/p>\n","protected":false},"author":1,"featured_media":30816,"comment_status":"open","ping_status":"open","sticky":false,"template":"","format":"standard","meta":{"footnotes":""},"categories":[69,61],"tags":[],"class_list":["post-30789","post","type-post","status-publish","format-standard","has-post-thumbnail","hentry","category-actualites","category-pdl145t"],"yoast_head":"<!-- This site is optimized with the Yoast SEO plugin v26.7 - https:\/\/yoast.com\/wordpress\/plugins\/seo\/ -->\n<title>PDL-145T : Le BCECO remet officiellement la premi\u00e8re \u00e9cole au Pr\u00e9sident de la R\u00e9publique ! - Bureau Central de Coordination<\/title>\n<meta name=\"description\" content=\"C&#039;est une cl\u00e9 symbolique, remise \u00e0 ce jour au Pr\u00e9sident de la r\u00e9publique F\u00e9lix Antoine Tshisekedi Tshilombo par la ministre d&#039;\u00c9tat ministre du plan Mme Judith Suminwa Tuluka qui marque la fin des travaux de construction d&#039;un premier lot d&#039;ouvrages confi\u00e9s au bceco dans le cadre du programme de d\u00e9veloppement local des 145 territoires PDL-145T.\" \/>\n<meta name=\"robots\" content=\"index, follow, max-snippet:-1, max-image-preview:large, max-video-preview:-1\" \/>\n<link rel=\"canonical\" href=\"https:\/\/ikar.dev\/bceco-v2\/pdl-145t-le-bceco-remet-officiellement-la-premiere-ecole-au-president-de-la-republique\/\" \/>\n<meta property=\"og:locale\" content=\"en_US\" \/>\n<meta property=\"og:type\" content=\"article\" \/>\n<meta property=\"og:title\" content=\"PDL-145T : Le BCECO remet officiellement la premi\u00e8re \u00e9cole au Pr\u00e9sident de la R\u00e9publique ! - Bureau Central de Coordination\" \/>\n<meta property=\"og:description\" content=\"C&#039;est une cl\u00e9 symbolique, remise \u00e0 ce jour au Pr\u00e9sident de la r\u00e9publique F\u00e9lix Antoine Tshisekedi Tshilombo par la ministre d&#039;\u00c9tat ministre du plan Mme Judith Suminwa Tuluka qui marque la fin des travaux de construction d&#039;un premier lot d&#039;ouvrages confi\u00e9s au bceco dans le cadre du programme de d\u00e9veloppement local des 145 territoires PDL-145T.\" \/>\n<meta property=\"og:url\" content=\"https:\/\/ikar.dev\/bceco-v2\/pdl-145t-le-bceco-remet-officiellement-la-premiere-ecole-au-president-de-la-republique\/\" \/>\n<meta property=\"og:site_name\" content=\"Bureau Central de Coordination\" \/>\n<meta property=\"article:publisher\" content=\"https:\/\/www.facebook.com\/BCeCoRDC\" \/>\n<meta property=\"article:published_time\" content=\"2023-10-03T16:20:44+00:00\" \/>\n<meta property=\"article:modified_time\" content=\"2025-12-23T16:22:50+00:00\" \/>\n<meta property=\"og:image\" content=\"https:\/\/ikar.dev\/bceco-v2\/wp-content\/uploads\/2023\/10\/PDL-145T_-LE-BCECO-REMET-OFFICIELLEMENT-LA-PREMIERE-ECOLE-AU-PRESIDENT-DE-LA-REPUBLIQUE-.jpg\" \/>\n\t<meta property=\"og:image:width\" content=\"1500\" \/>\n\t<meta property=\"og:image:height\" content=\"1000\" \/>\n\t<meta property=\"og:image:type\" content=\"image\/jpeg\" \/>\n<meta name=\"author\" content=\"bceco\" \/>\n<meta name=\"twitter:card\" content=\"summary_large_image\" \/>\n<meta name=\"twitter:creator\" content=\"@BCeCoRDC\" \/>\n<meta name=\"twitter:site\" content=\"@BCeCoRDC\" \/>\n<meta name=\"twitter:label1\" content=\"Written by\" \/>\n\t<meta name=\"twitter:data1\" content=\"bceco\" \/>\n\t<meta name=\"twitter:label2\" content=\"Est. reading time\" \/>\n\t<meta name=\"twitter:data2\" content=\"4 minutes\" \/>\n<script type=\"application\/ld+json\" class=\"yoast-schema-graph\">{\"@context\":\"https:\/\/schema.org\",\"@graph\":[{\"@type\":\"Article\",\"@id\":\"https:\/\/ikar.dev\/bceco-v2\/pdl-145t-le-bceco-remet-officiellement-la-premiere-ecole-au-president-de-la-republique\/#article\",\"isPartOf\":{\"@id\":\"https:\/\/ikar.dev\/bceco-v2\/pdl-145t-le-bceco-remet-officiellement-la-premiere-ecole-au-president-de-la-republique\/\"},\"author\":{\"name\":\"bceco\",\"@id\":\"https:\/\/ikar.dev\/bceco-v2\/#\/schema\/person\/6ee74807ffb016a78852fec6a295d503\"},\"headline\":\"PDL-145T : Le BCECO remet officiellement la premi\u00e8re \u00e9cole au Pr\u00e9sident de la R\u00e9publique !\",\"datePublished\":\"2023-10-03T16:20:44+00:00\",\"dateModified\":\"2025-12-23T16:22:50+00:00\",\"mainEntityOfPage\":{\"@id\":\"https:\/\/ikar.dev\/bceco-v2\/pdl-145t-le-bceco-remet-officiellement-la-premiere-ecole-au-president-de-la-republique\/\"},\"wordCount\":543,\"commentCount\":0,\"publisher\":{\"@id\":\"https:\/\/ikar.dev\/bceco-v2\/#organization\"},\"image\":{\"@id\":\"https:\/\/ikar.dev\/bceco-v2\/pdl-145t-le-bceco-remet-officiellement-la-premiere-ecole-au-president-de-la-republique\/#primaryimage\"},\"thumbnailUrl\":\"https:\/\/ikar.dev\/bceco-v2\/wp-content\/uploads\/2023\/10\/PDL-145T_-LE-BCECO-REMET-OFFICIELLEMENT-LA-PREMIERE-ECOLE-AU-PRESIDENT-DE-LA-REPUBLIQUE-.jpg\",\"articleSection\":[\"Actualit\u00e9s\",\"PDL145T\"],\"inLanguage\":\"en-US\",\"potentialAction\":[{\"@type\":\"CommentAction\",\"name\":\"Comment\",\"target\":[\"https:\/\/ikar.dev\/bceco-v2\/pdl-145t-le-bceco-remet-officiellement-la-premiere-ecole-au-president-de-la-republique\/#respond\"]}]},{\"@type\":\"WebPage\",\"@id\":\"https:\/\/ikar.dev\/bceco-v2\/pdl-145t-le-bceco-remet-officiellement-la-premiere-ecole-au-president-de-la-republique\/\",\"url\":\"https:\/\/ikar.dev\/bceco-v2\/pdl-145t-le-bceco-remet-officiellement-la-premiere-ecole-au-president-de-la-republique\/\",\"name\":\"PDL-145T : Le BCECO remet officiellement la premi\u00e8re \u00e9cole au Pr\u00e9sident de la R\u00e9publique ! - Bureau Central de Coordination\",\"isPartOf\":{\"@id\":\"https:\/\/ikar.dev\/bceco-v2\/#website\"},\"primaryImageOfPage\":{\"@id\":\"https:\/\/ikar.dev\/bceco-v2\/pdl-145t-le-bceco-remet-officiellement-la-premiere-ecole-au-president-de-la-republique\/#primaryimage\"},\"image\":{\"@id\":\"https:\/\/ikar.dev\/bceco-v2\/pdl-145t-le-bceco-remet-officiellement-la-premiere-ecole-au-president-de-la-republique\/#primaryimage\"},\"thumbnailUrl\":\"https:\/\/ikar.dev\/bceco-v2\/wp-content\/uploads\/2023\/10\/PDL-145T_-LE-BCECO-REMET-OFFICIELLEMENT-LA-PREMIERE-ECOLE-AU-PRESIDENT-DE-LA-REPUBLIQUE-.jpg\",\"datePublished\":\"2023-10-03T16:20:44+00:00\",\"dateModified\":\"2025-12-23T16:22:50+00:00\",\"description\":\"C'est une cl\u00e9 symbolique, remise \u00e0 ce jour au Pr\u00e9sident de la r\u00e9publique F\u00e9lix Antoine Tshisekedi Tshilombo par la ministre d'\u00c9tat ministre du plan Mme Judith Suminwa Tuluka qui marque la fin des travaux de construction d'un premier lot d'ouvrages confi\u00e9s au bceco dans le cadre du programme de d\u00e9veloppement local des 145 territoires PDL-145T.\",\"breadcrumb\":{\"@id\":\"https:\/\/ikar.dev\/bceco-v2\/pdl-145t-le-bceco-remet-officiellement-la-premiere-ecole-au-president-de-la-republique\/#breadcrumb\"},\"inLanguage\":\"en-US\",\"potentialAction\":[{\"@type\":\"ReadAction\",\"target\":[\"https:\/\/ikar.dev\/bceco-v2\/pdl-145t-le-bceco-remet-officiellement-la-premiere-ecole-au-president-de-la-republique\/\"]}]},{\"@type\":\"ImageObject\",\"inLanguage\":\"en-US\",\"@id\":\"https:\/\/ikar.dev\/bceco-v2\/pdl-145t-le-bceco-remet-officiellement-la-premiere-ecole-au-president-de-la-republique\/#primaryimage\",\"url\":\"https:\/\/ikar.dev\/bceco-v2\/wp-content\/uploads\/2023\/10\/PDL-145T_-LE-BCECO-REMET-OFFICIELLEMENT-LA-PREMIERE-ECOLE-AU-PRESIDENT-DE-LA-REPUBLIQUE-.jpg\",\"contentUrl\":\"https:\/\/ikar.dev\/bceco-v2\/wp-content\/uploads\/2023\/10\/PDL-145T_-LE-BCECO-REMET-OFFICIELLEMENT-LA-PREMIERE-ECOLE-AU-PRESIDENT-DE-LA-REPUBLIQUE-.jpg\",\"width\":1500,\"height\":1000},{\"@type\":\"BreadcrumbList\",\"@id\":\"https:\/\/ikar.dev\/bceco-v2\/pdl-145t-le-bceco-remet-officiellement-la-premiere-ecole-au-president-de-la-republique\/#breadcrumb\",\"itemListElement\":[{\"@type\":\"ListItem\",\"position\":1,\"name\":\"Accueil\",\"item\":\"https:\/\/ikar.dev\/bceco-v2\/\"},{\"@type\":\"ListItem\",\"position\":2,\"name\":\"PDL-145T : Le BCECO remet officiellement la premi\u00e8re \u00e9cole au Pr\u00e9sident de la R\u00e9publique !\"}]},{\"@type\":\"WebSite\",\"@id\":\"https:\/\/ikar.dev\/bceco-v2\/#website\",\"url\":\"https:\/\/ikar.dev\/bceco-v2\/\",\"name\":\"Bureau Central de Coordination\",\"description\":\"B.Ce.Co \u2013 Au c\u0153ur de l\u2019ex\u00e9cution des projets de d\u00e9veloppement en RDC\",\"publisher\":{\"@id\":\"https:\/\/ikar.dev\/bceco-v2\/#organization\"},\"potentialAction\":[{\"@type\":\"SearchAction\",\"target\":{\"@type\":\"EntryPoint\",\"urlTemplate\":\"https:\/\/ikar.dev\/bceco-v2\/?s={search_term_string}\"},\"query-input\":{\"@type\":\"PropertyValueSpecification\",\"valueRequired\":true,\"valueName\":\"search_term_string\"}}],\"inLanguage\":\"en-US\"},{\"@type\":\"Organization\",\"@id\":\"https:\/\/ikar.dev\/bceco-v2\/#organization\",\"name\":\"Bureau Central de Coordination\",\"url\":\"https:\/\/ikar.dev\/bceco-v2\/\",\"logo\":{\"@type\":\"ImageObject\",\"inLanguage\":\"en-US\",\"@id\":\"https:\/\/ikar.dev\/bceco-v2\/#\/schema\/logo\/image\/\",\"url\":\"https:\/\/ikar.dev\/bceco-v2\/wp-content\/uploads\/2025\/12\/BCECO-Bureau-Central-de-Coordination.jpg\",\"contentUrl\":\"https:\/\/ikar.dev\/bceco-v2\/wp-content\/uploads\/2025\/12\/BCECO-Bureau-Central-de-Coordination.jpg\",\"width\":2048,\"height\":2048,\"caption\":\"Bureau Central de Coordination\"},\"image\":{\"@id\":\"https:\/\/ikar.dev\/bceco-v2\/#\/schema\/logo\/image\/\"},\"sameAs\":[\"https:\/\/www.facebook.com\/BCeCoRDC\",\"https:\/\/x.com\/BCeCoRDC\"]},{\"@type\":\"Person\",\"@id\":\"https:\/\/ikar.dev\/bceco-v2\/#\/schema\/person\/6ee74807ffb016a78852fec6a295d503\",\"name\":\"bceco\",\"image\":{\"@type\":\"ImageObject\",\"inLanguage\":\"en-US\",\"@id\":\"https:\/\/ikar.dev\/bceco-v2\/#\/schema\/person\/image\/\",\"url\":\"https:\/\/secure.gravatar.com\/avatar\/55c07e1707f50774ef3c842c9d074773a6b558a20fbd1608c8e4871bc88f3455?s=96&d=mm&r=g\",\"contentUrl\":\"https:\/\/secure.gravatar.com\/avatar\/55c07e1707f50774ef3c842c9d074773a6b558a20fbd1608c8e4871bc88f3455?s=96&d=mm&r=g\",\"caption\":\"bceco\"},\"sameAs\":[\"https:\/\/ikar.dev\/bceco-v2\"],\"url\":\"https:\/\/ikar.dev\/bceco-v2\/author\/bceco\/\"}]}<\/script>\n<!-- \/ Yoast SEO plugin. -->","yoast_head_json":{"title":"PDL-145T : Le BCECO remet officiellement la premi\u00e8re \u00e9cole au Pr\u00e9sident de la R\u00e9publique ! - Bureau Central de Coordination","description":"C'est une cl\u00e9 symbolique, remise \u00e0 ce jour au Pr\u00e9sident de la r\u00e9publique F\u00e9lix Antoine Tshisekedi Tshilombo par la ministre d'\u00c9tat ministre du plan Mme Judith Suminwa Tuluka qui marque la fin des travaux de construction d'un premier lot d'ouvrages confi\u00e9s au bceco dans le cadre du programme de d\u00e9veloppement local des 145 territoires PDL-145T.","robots":{"index":"index","follow":"follow","max-snippet":"max-snippet:-1","max-image-preview":"max-image-preview:large","max-video-preview":"max-video-preview:-1"},"canonical":"https:\/\/ikar.dev\/bceco-v2\/pdl-145t-le-bceco-remet-officiellement-la-premiere-ecole-au-president-de-la-republique\/","og_locale":"en_US","og_type":"article","og_title":"PDL-145T : Le BCECO remet officiellement la premi\u00e8re \u00e9cole au Pr\u00e9sident de la R\u00e9publique ! - Bureau Central de Coordination","og_description":"C'est une cl\u00e9 symbolique, remise \u00e0 ce jour au Pr\u00e9sident de la r\u00e9publique F\u00e9lix Antoine Tshisekedi Tshilombo par la ministre d'\u00c9tat ministre du plan Mme Judith Suminwa Tuluka qui marque la fin des travaux de construction d'un premier lot d'ouvrages confi\u00e9s au bceco dans le cadre du programme de d\u00e9veloppement local des 145 territoires PDL-145T.","og_url":"https:\/\/ikar.dev\/bceco-v2\/pdl-145t-le-bceco-remet-officiellement-la-premiere-ecole-au-president-de-la-republique\/","og_site_name":"Bureau Central de Coordination","article_publisher":"https:\/\/www.facebook.com\/BCeCoRDC","article_published_time":"2023-10-03T16:20:44+00:00","article_modified_time":"2025-12-23T16:22:50+00:00","og_image":[{"width":1500,"height":1000,"url":"https:\/\/ikar.dev\/bceco-v2\/wp-content\/uploads\/2023\/10\/PDL-145T_-LE-BCECO-REMET-OFFICIELLEMENT-LA-PREMIERE-ECOLE-AU-PRESIDENT-DE-LA-REPUBLIQUE-.jpg","type":"image\/jpeg"}],"author":"bceco","twitter_card":"summary_large_image","twitter_creator":"@BCeCoRDC","twitter_site":"@BCeCoRDC","twitter_misc":{"Written by":"bceco","Est. reading time":"4 minutes"},"schema":{"@context":"https:\/\/schema.org","@graph":[{"@type":"Article","@id":"https:\/\/ikar.dev\/bceco-v2\/pdl-145t-le-bceco-remet-officiellement-la-premiere-ecole-au-president-de-la-republique\/#article","isPartOf":{"@id":"https:\/\/ikar.dev\/bceco-v2\/pdl-145t-le-bceco-remet-officiellement-la-premiere-ecole-au-president-de-la-republique\/"},"author":{"name":"bceco","@id":"https:\/\/ikar.dev\/bceco-v2\/#\/schema\/person\/6ee74807ffb016a78852fec6a295d503"},"headline":"PDL-145T : Le BCECO remet officiellement la premi\u00e8re \u00e9cole au Pr\u00e9sident de la R\u00e9publique !","datePublished":"2023-10-03T16:20:44+00:00","dateModified":"2025-12-23T16:22:50+00:00","mainEntityOfPage":{"@id":"https:\/\/ikar.dev\/bceco-v2\/pdl-145t-le-bceco-remet-officiellement-la-premiere-ecole-au-president-de-la-republique\/"},"wordCount":543,"commentCount":0,"publisher":{"@id":"https:\/\/ikar.dev\/bceco-v2\/#organization"},"image":{"@id":"https:\/\/ikar.dev\/bceco-v2\/pdl-145t-le-bceco-remet-officiellement-la-premiere-ecole-au-president-de-la-republique\/#primaryimage"},"thumbnailUrl":"https:\/\/ikar.dev\/bceco-v2\/wp-content\/uploads\/2023\/10\/PDL-145T_-LE-BCECO-REMET-OFFICIELLEMENT-LA-PREMIERE-ECOLE-AU-PRESIDENT-DE-LA-REPUBLIQUE-.jpg","articleSection":["Actualit\u00e9s","PDL145T"],"inLanguage":"en-US","potentialAction":[{"@type":"CommentAction","name":"Comment","target":["https:\/\/ikar.dev\/bceco-v2\/pdl-145t-le-bceco-remet-officiellement-la-premiere-ecole-au-president-de-la-republique\/#respond"]}]},{"@type":"WebPage","@id":"https:\/\/ikar.dev\/bceco-v2\/pdl-145t-le-bceco-remet-officiellement-la-premiere-ecole-au-president-de-la-republique\/","url":"https:\/\/ikar.dev\/bceco-v2\/pdl-145t-le-bceco-remet-officiellement-la-premiere-ecole-au-president-de-la-republique\/","name":"PDL-145T : Le BCECO remet officiellement la premi\u00e8re \u00e9cole au Pr\u00e9sident de la R\u00e9publique ! - Bureau Central de Coordination","isPartOf":{"@id":"https:\/\/ikar.dev\/bceco-v2\/#website"},"primaryImageOfPage":{"@id":"https:\/\/ikar.dev\/bceco-v2\/pdl-145t-le-bceco-remet-officiellement-la-premiere-ecole-au-president-de-la-republique\/#primaryimage"},"image":{"@id":"https:\/\/ikar.dev\/bceco-v2\/pdl-145t-le-bceco-remet-officiellement-la-premiere-ecole-au-president-de-la-republique\/#primaryimage"},"thumbnailUrl":"https:\/\/ikar.dev\/bceco-v2\/wp-content\/uploads\/2023\/10\/PDL-145T_-LE-BCECO-REMET-OFFICIELLEMENT-LA-PREMIERE-ECOLE-AU-PRESIDENT-DE-LA-REPUBLIQUE-.jpg","datePublished":"2023-10-03T16:20:44+00:00","dateModified":"2025-12-23T16:22:50+00:00","description":"C'est une cl\u00e9 symbolique, remise \u00e0 ce jour au Pr\u00e9sident de la r\u00e9publique F\u00e9lix Antoine Tshisekedi Tshilombo par la ministre d'\u00c9tat ministre du plan Mme Judith Suminwa Tuluka qui marque la fin des travaux de construction d'un premier lot d'ouvrages confi\u00e9s au bceco dans le cadre du programme de d\u00e9veloppement local des 145 territoires PDL-145T.","breadcrumb":{"@id":"https:\/\/ikar.dev\/bceco-v2\/pdl-145t-le-bceco-remet-officiellement-la-premiere-ecole-au-president-de-la-republique\/#breadcrumb"},"inLanguage":"en-US","potentialAction":[{"@type":"ReadAction","target":["https:\/\/ikar.dev\/bceco-v2\/pdl-145t-le-bceco-remet-officiellement-la-premiere-ecole-au-president-de-la-republique\/"]}]},{"@type":"ImageObject","inLanguage":"en-US","@id":"https:\/\/ikar.dev\/bceco-v2\/pdl-145t-le-bceco-remet-officiellement-la-premiere-ecole-au-president-de-la-republique\/#primaryimage","url":"https:\/\/ikar.dev\/bceco-v2\/wp-content\/uploads\/2023\/10\/PDL-145T_-LE-BCECO-REMET-OFFICIELLEMENT-LA-PREMIERE-ECOLE-AU-PRESIDENT-DE-LA-REPUBLIQUE-.jpg","contentUrl":"https:\/\/ikar.dev\/bceco-v2\/wp-content\/uploads\/2023\/10\/PDL-145T_-LE-BCECO-REMET-OFFICIELLEMENT-LA-PREMIERE-ECOLE-AU-PRESIDENT-DE-LA-REPUBLIQUE-.jpg","width":1500,"height":1000},{"@type":"BreadcrumbList","@id":"https:\/\/ikar.dev\/bceco-v2\/pdl-145t-le-bceco-remet-officiellement-la-premiere-ecole-au-president-de-la-republique\/#breadcrumb","itemListElement":[{"@type":"ListItem","position":1,"name":"Accueil","item":"https:\/\/ikar.dev\/bceco-v2\/"},{"@type":"ListItem","position":2,"name":"PDL-145T : Le BCECO remet officiellement la premi\u00e8re \u00e9cole au Pr\u00e9sident de la R\u00e9publique !"}]},{"@type":"WebSite","@id":"https:\/\/ikar.dev\/bceco-v2\/#website","url":"https:\/\/ikar.dev\/bceco-v2\/","name":"Bureau Central de Coordination","description":"B.Ce.Co \u2013 Au c\u0153ur de l\u2019ex\u00e9cution des projets de d\u00e9veloppement en RDC","publisher":{"@id":"https:\/\/ikar.dev\/bceco-v2\/#organization"},"potentialAction":[{"@type":"SearchAction","target":{"@type":"EntryPoint","urlTemplate":"https:\/\/ikar.dev\/bceco-v2\/?s={search_term_string}"},"query-input":{"@type":"PropertyValueSpecification","valueRequired":true,"valueName":"search_term_string"}}],"inLanguage":"en-US"},{"@type":"Organization","@id":"https:\/\/ikar.dev\/bceco-v2\/#organization","name":"Bureau Central de Coordination","url":"https:\/\/ikar.dev\/bceco-v2\/","logo":{"@type":"ImageObject","inLanguage":"en-US","@id":"https:\/\/ikar.dev\/bceco-v2\/#\/schema\/logo\/image\/","url":"https:\/\/ikar.dev\/bceco-v2\/wp-content\/uploads\/2025\/12\/BCECO-Bureau-Central-de-Coordination.jpg","contentUrl":"https:\/\/ikar.dev\/bceco-v2\/wp-content\/uploads\/2025\/12\/BCECO-Bureau-Central-de-Coordination.jpg","width":2048,"height":2048,"caption":"Bureau Central de Coordination"},"image":{"@id":"https:\/\/ikar.dev\/bceco-v2\/#\/schema\/logo\/image\/"},"sameAs":["https:\/\/www.facebook.com\/BCeCoRDC","https:\/\/x.com\/BCeCoRDC"]},{"@type":"Person","@id":"https:\/\/ikar.dev\/bceco-v2\/#\/schema\/person\/6ee74807ffb016a78852fec6a295d503","name":"bceco","image":{"@type":"ImageObject","inLanguage":"en-US","@id":"https:\/\/ikar.dev\/bceco-v2\/#\/schema\/person\/image\/","url":"https:\/\/secure.gravatar.com\/avatar\/55c07e1707f50774ef3c842c9d074773a6b558a20fbd1608c8e4871bc88f3455?s=96&d=mm&r=g","contentUrl":"https:\/\/secure.gravatar.com\/avatar\/55c07e1707f50774ef3c842c9d074773a6b558a20fbd1608c8e4871bc88f3455?s=96&d=mm&r=g","caption":"bceco"},"sameAs":["https:\/\/ikar.dev\/bceco-v2"],"url":"https:\/\/ikar.dev\/bceco-v2\/author\/bceco\/"}]}},"_links":{"self":[{"href":"https:\/\/ikar.dev\/bceco-v2\/wp-json\/wp\/v2\/posts\/30789","targetHints":{"allow":["GET"]}}],"collection":[{"href":"https:\/\/ikar.dev\/bceco-v2\/wp-json\/wp\/v2\/posts"}],"about":[{"href":"https:\/\/ikar.dev\/bceco-v2\/wp-json\/wp\/v2\/types\/post"}],"author":[{"embeddable":true,"href":"https:\/\/ikar.dev\/bceco-v2\/wp-json\/wp\/v2\/users\/1"}],"replies":[{"embeddable":true,"href":"https:\/\/ikar.dev\/bceco-v2\/wp-json\/wp\/v2\/comments?post=30789"}],"version-history":[{"count":1,"href":"https:\/\/ikar.dev\/bceco-v2\/wp-json\/wp\/v2\/posts\/30789\/revisions"}],"predecessor-version":[{"id":56342,"href":"https:\/\/ikar.dev\/bceco-v2\/wp-json\/wp\/v2\/posts\/30789\/revisions\/56342"}],"wp:featuredmedia":[{"embeddable":true,"href":"https:\/\/ikar.dev\/bceco-v2\/wp-json\/wp\/v2\/media\/30816"}],"wp:attachment":[{"href":"https:\/\/ikar.dev\/bceco-v2\/wp-json\/wp\/v2\/media?parent=30789"}],"wp:term":[{"taxonomy":"category","embeddable":true,"href":"https:\/\/ikar.dev\/bceco-v2\/wp-json\/wp\/v2\/categories?post=30789"},{"taxonomy":"post_tag","embeddable":true,"href":"https:\/\/ikar.dev\/bceco-v2\/wp-json\/wp\/v2\/tags?post=30789"}],"curies":[{"name":"wp","href":"https:\/\/api.w.org\/{rel}","templated":true}]}}