{"id":30491,"date":"2023-09-21T19:58:57","date_gmt":"2023-09-21T19:58:57","guid":{"rendered":"https:\/\/bceco.cd\/?p=30491"},"modified":"2025-12-23T17:22:35","modified_gmt":"2025-12-23T16:22:35","slug":"hopital-general-de-reference-de-kinshasa-un-pari-gagne-pour-le-bceco","status":"publish","type":"post","link":"https:\/\/ikar.dev\/bceco-v2\/hopital-general-de-reference-de-kinshasa-un-pari-gagne-pour-le-bceco\/","title":{"rendered":"H\u00f4pital G\u00e9n\u00e9ral de R\u00e9f\u00e9rence de Kinshasa: un pari gagn\u00e9 pour le BCeCo !"},"content":{"rendered":"<p style=\"text-align: justify;\">Une d\u00e9l\u00e9gation compos\u00e9e du Directeur G\u00e9n\u00e9ral du Bureau Central de Coordination, BCeCo, Monsieur Jean Mabi Mulumba, du Charg\u00e9 de missions du Chef de l&#8217;Etat pour la Zone Ouest, Monsieur Yannick Luntadila ainsi que du M\u00e9decin Directeur de l&#8217;H\u00f4pital G\u00e9n\u00e9ral de R\u00e9f\u00e9rence de Kinshasa, ex mama yemo, a effectu\u00e9 une mission d&#8217;inspection des travaux sur le site de l&#8217;ex h\u00f4pital Mama Yemo.<\/p>\n<p style=\"text-align: justify;\">Pour cette premi\u00e8re phase , trois ouvrages ont vu le jour. Il s&#8217;agit d&#8217;un imposant immeuble de quatre niveaux destin\u00e9 \u00e0 l&#8217;hospitalisation, et de deux autres abritant l&#8217;h\u00f4pital jour pour l&#8217;un et la nouvelle morgue pour l&#8217;autre.<\/p>\n\n\n<figure class=\"wp-block-gallery has-nested-images columns-default is-cropped wp-block-gallery-1 is-layout-flex wp-block-gallery-is-layout-flex\">\n<figure class=\"wp-block-image size-large\"><img fetchpriority=\"high\" decoding=\"async\" width=\"1500\" height=\"1000\" data-id=\"30493\" src=\"https:\/\/ikar.dev\/bceco-v2\/wp-content\/uploads\/2023\/09\/Hopital-General-de-Reference-de-Kinshasa_-un-pari-gagne-pour-le-BCeCo-2.jpg\" alt=\"H\u00f4pital G\u00e9n\u00e9ral de R\u00e9f\u00e9rence de Kinshasa:  un pari gagn\u00e9 pour le BCeCo \" class=\"wp-image-30493\" srcset=\"https:\/\/ikar.dev\/bceco-v2\/wp-content\/uploads\/2023\/09\/Hopital-General-de-Reference-de-Kinshasa_-un-pari-gagne-pour-le-BCeCo-2.jpg 1500w, https:\/\/ikar.dev\/bceco-v2\/wp-content\/uploads\/2023\/09\/Hopital-General-de-Reference-de-Kinshasa_-un-pari-gagne-pour-le-BCeCo-2-768x512.jpg 768w, https:\/\/ikar.dev\/bceco-v2\/wp-content\/uploads\/2023\/09\/Hopital-General-de-Reference-de-Kinshasa_-un-pari-gagne-pour-le-BCeCo-2-600x400.jpg 600w\" sizes=\"(max-width: 1500px) 100vw, 1500px\" \/><\/figure>\n\n\n\n<figure class=\"wp-block-image size-large\"><img decoding=\"async\" width=\"1500\" height=\"1000\" data-id=\"30496\" src=\"https:\/\/ikar.dev\/bceco-v2\/wp-content\/uploads\/2023\/09\/Hopital-General-de-Reference-de-Kinshasa_-un-pari-gagne-pour-le-BCeCo-6.jpg\" alt=\"H\u00f4pital G\u00e9n\u00e9ral de R\u00e9f\u00e9rence de Kinshasa:  un pari gagn\u00e9 pour le BCeCo \" class=\"wp-image-30496\" srcset=\"https:\/\/ikar.dev\/bceco-v2\/wp-content\/uploads\/2023\/09\/Hopital-General-de-Reference-de-Kinshasa_-un-pari-gagne-pour-le-BCeCo-6.jpg 1500w, https:\/\/ikar.dev\/bceco-v2\/wp-content\/uploads\/2023\/09\/Hopital-General-de-Reference-de-Kinshasa_-un-pari-gagne-pour-le-BCeCo-6-768x512.jpg 768w, https:\/\/ikar.dev\/bceco-v2\/wp-content\/uploads\/2023\/09\/Hopital-General-de-Reference-de-Kinshasa_-un-pari-gagne-pour-le-BCeCo-6-600x400.jpg 600w\" sizes=\"(max-width: 1500px) 100vw, 1500px\" \/><\/figure>\n<\/figure>\n\n\n<p style=\"text-align: justify;\">Pendant 2 heures, accompagn\u00e9e de l&#8217;Architecte Yala Eug\u00e8ne, responsable du projet, la d\u00e9l\u00e9gation a commenc\u00e9 la visite par l&#8217;h\u00f4pital jour qui comprend, entre autres, le service de triage, l&#8217;hospitalisation ambulatoire, la pharmacie et les urgences, la salle d&#8217;op\u00e9ration, le scanner, pour ne citer que ceux-l\u00e0. Aucun d\u00e9tail n&#8217;a \u00e9t\u00e9 oubli\u00e9. Apr\u00e8s cette \u00e9tape, la d\u00e9l\u00e9gation s&#8217;est dirig\u00e9e dans le sous-sol de l&#8217;immeuble o\u00f9 plusieurs dispositifs m\u00e9dicaux et param\u00e9dicaux importants sont install\u00e9s. Il s&#8217;agit notamment du syst\u00e8me d&#8217;addiction de l&#8217;eau ou de fourniture d&#8217;\u00e9lectricit\u00e9.<\/p>\n<p style=\"text-align: justify;\">En ce qui concerne l&#8217;eau, en dehors de la traditionnelle regideso, il y a un forage connect\u00e9 \u00e0 un citerne de 300m3. Hormis le courant de la Snel, le nouvel h\u00f4pital dispose 2 g\u00e9n\u00e9rateurs de 400kva chacun. Ces groupes et les 2 autres install\u00e9s dans le service des urgences et a la morgue ont pour mission de pallier au d\u00e9ficit de l&#8217;\u00e9lectricit\u00e9 dans les 3 b\u00e2timents notamment en cas de coupure d&#8217;\u00e9lectricit\u00e9 fournie par la Snel. C&#8217;est \u00e9galement dans le sous-sol qu&#8217;on trouve l&#8217;usine de production oxyg\u00e8ne \u00e0 usage m\u00e9dical .<\/p>\n\n\n<figure class=\"wp-block-gallery has-nested-images columns-default is-cropped wp-block-gallery-2 is-layout-flex wp-block-gallery-is-layout-flex\">\n<figure class=\"wp-block-image size-large\"><img decoding=\"async\" width=\"1502\" height=\"1000\" data-id=\"30495\" src=\"https:\/\/ikar.dev\/bceco-v2\/wp-content\/uploads\/2023\/09\/Hopital-General-de-Reference-de-Kinshasa_-un-pari-gagne-pour-le-BCeCo-5.jpg\" alt=\"H\u00f4pital G\u00e9n\u00e9ral de R\u00e9f\u00e9rence de Kinshasa:  un pari gagn\u00e9 pour le BCeCo \" class=\"wp-image-30495\" srcset=\"https:\/\/ikar.dev\/bceco-v2\/wp-content\/uploads\/2023\/09\/Hopital-General-de-Reference-de-Kinshasa_-un-pari-gagne-pour-le-BCeCo-5.jpg 1502w, https:\/\/ikar.dev\/bceco-v2\/wp-content\/uploads\/2023\/09\/Hopital-General-de-Reference-de-Kinshasa_-un-pari-gagne-pour-le-BCeCo-5-768x511.jpg 768w, https:\/\/ikar.dev\/bceco-v2\/wp-content\/uploads\/2023\/09\/Hopital-General-de-Reference-de-Kinshasa_-un-pari-gagne-pour-le-BCeCo-5-600x399.jpg 600w\" sizes=\"(max-width: 1502px) 100vw, 1502px\" \/><\/figure>\n\n\n\n<figure class=\"wp-block-image size-large\"><img loading=\"lazy\" decoding=\"async\" width=\"1500\" height=\"1000\" data-id=\"30498\" src=\"https:\/\/ikar.dev\/bceco-v2\/wp-content\/uploads\/2023\/09\/Hopital-General-de-Reference-de-Kinshasa_-un-pari-gagne-pour-le-BCeCo-4.jpg\" alt=\"H\u00f4pital G\u00e9n\u00e9ral de R\u00e9f\u00e9rence de Kinshasa:  un pari gagn\u00e9 pour le BCeCo \" class=\"wp-image-30498\" srcset=\"https:\/\/ikar.dev\/bceco-v2\/wp-content\/uploads\/2023\/09\/Hopital-General-de-Reference-de-Kinshasa_-un-pari-gagne-pour-le-BCeCo-4.jpg 1500w, https:\/\/ikar.dev\/bceco-v2\/wp-content\/uploads\/2023\/09\/Hopital-General-de-Reference-de-Kinshasa_-un-pari-gagne-pour-le-BCeCo-4-768x512.jpg 768w, https:\/\/ikar.dev\/bceco-v2\/wp-content\/uploads\/2023\/09\/Hopital-General-de-Reference-de-Kinshasa_-un-pari-gagne-pour-le-BCeCo-4-600x400.jpg 600w\" sizes=\"(max-width: 1500px) 100vw, 1500px\" \/><\/figure>\n<\/figure>\n\n\n<p style=\"text-align: justify;\">Ce dispositif part du sous-sol pour aboutir au chevet du lit de chaque malade.on y trouve \u00e9galement plus de 200 bombones pouvant \u00eatre d\u00e9plac\u00e9es d&#8217;un point a un autre.<\/p>\n<p style=\"text-align: justify;\">D&#8217;un endroit \u00e0 un autre cette mission a \u00e9galement visit\u00e9 la nouvelle morgue. Celle-ci dispose de toutes les accomodations pour un tel endroit. la morgue comprend une salle de mise en bi\u00e8re de 120 casiers pour les corps, une salle d&#8217;embaumement, d&#8217;autopsie, de m\u00e9decine l\u00e9gale, des salles de formation ainsi que des bureaux pour le personnel travaillant en ce lieu. La d\u00e9l\u00e9gation a examin\u00e9 avec minutie chaque endroit visit\u00e9. Au terme de cette inspection, la d\u00e9l\u00e9gation a formul\u00e9 quelques recommandations afin d&#8217;am\u00e9liorer le travail fait.<\/p>\n<p style=\"text-align: justify;\">La d\u00e9l\u00e9gation a poursuivi son inspection au service d&#8217;hospitalisation dans le b\u00e2timent principal. A ce niveau, les travaux sont presque termin\u00e9s. Les chambres sont pr\u00eates \u00e0 recevoir les malades dans un avenir tr\u00e8s proche. Pour le une Charg\u00e9 de missions du Chef de l&#8217;Etat, Mr Yannick Luntadila, le niveau d&#8217;ex\u00e9cution et la qualit\u00e9 du travail constituent un motif de satisfaction. Il en a profit\u00e9 pour lancer un appel \u00e0 la population afin qu&#8217;elle s&#8217;approprie de cet ouvrage et en prenne soin. Pour sa part, le M\u00e9decin Directeur du l&#8217;h\u00f4pital n&#8217;a pas tari des \u00e9loges pour cet accomplissement. Il s&#8217;est dit heureux de travailler dans les meilleures conditions dans un avenir tr\u00e8s proche.<\/p>\n\n\n<figure class=\"wp-block-gallery has-nested-images columns-default is-cropped wp-block-gallery-3 is-layout-flex wp-block-gallery-is-layout-flex\">\n<figure class=\"wp-block-image size-large\"><img loading=\"lazy\" decoding=\"async\" width=\"1500\" height=\"1000\" data-id=\"30497\" src=\"https:\/\/ikar.dev\/bceco-v2\/wp-content\/uploads\/2023\/09\/Hopital-General-de-Reference-de-Kinshasa_-un-pari-gagne-pour-le-BCeCo-7.jpg\" alt=\"H\u00f4pital G\u00e9n\u00e9ral de R\u00e9f\u00e9rence de Kinshasa:  un pari gagn\u00e9 pour le BCeCo \" class=\"wp-image-30497\" srcset=\"https:\/\/ikar.dev\/bceco-v2\/wp-content\/uploads\/2023\/09\/Hopital-General-de-Reference-de-Kinshasa_-un-pari-gagne-pour-le-BCeCo-7.jpg 1500w, https:\/\/ikar.dev\/bceco-v2\/wp-content\/uploads\/2023\/09\/Hopital-General-de-Reference-de-Kinshasa_-un-pari-gagne-pour-le-BCeCo-7-768x512.jpg 768w, https:\/\/ikar.dev\/bceco-v2\/wp-content\/uploads\/2023\/09\/Hopital-General-de-Reference-de-Kinshasa_-un-pari-gagne-pour-le-BCeCo-7-600x400.jpg 600w\" sizes=\"(max-width: 1500px) 100vw, 1500px\" \/><\/figure>\n\n\n\n<figure class=\"wp-block-image size-large\"><img loading=\"lazy\" decoding=\"async\" width=\"1500\" height=\"1000\" data-id=\"30494\" src=\"https:\/\/ikar.dev\/bceco-v2\/wp-content\/uploads\/2023\/09\/Hopital-General-de-Reference-de-Kinshasa_-un-pari-gagne-pour-le-BCeCo-3.jpg\" alt=\"H\u00f4pital G\u00e9n\u00e9ral de R\u00e9f\u00e9rence de Kinshasa:  un pari gagn\u00e9 pour le BCeCo \" class=\"wp-image-30494\" srcset=\"https:\/\/ikar.dev\/bceco-v2\/wp-content\/uploads\/2023\/09\/Hopital-General-de-Reference-de-Kinshasa_-un-pari-gagne-pour-le-BCeCo-3.jpg 1500w, https:\/\/ikar.dev\/bceco-v2\/wp-content\/uploads\/2023\/09\/Hopital-General-de-Reference-de-Kinshasa_-un-pari-gagne-pour-le-BCeCo-3-768x512.jpg 768w, https:\/\/ikar.dev\/bceco-v2\/wp-content\/uploads\/2023\/09\/Hopital-General-de-Reference-de-Kinshasa_-un-pari-gagne-pour-le-BCeCo-3-600x400.jpg 600w\" sizes=\"(max-width: 1500px) 100vw, 1500px\" \/><\/figure>\n<\/figure>\n\n\n<p style=\"text-align: justify;\">Les travaux de construction de cet h\u00f4pital sont \u00e0 95% de leur r\u00e9alisation selon l&#8217;Architecte Eug\u00e8ne Yala, le responsable du chantier. A titre de rappel, signalons que cet \u00e9tablissement de soins a \u00e9t\u00e9 construit \u00e0 l&#8217;\u00e9poque coloniale en 1912. A l&#8217;origine, cet h\u00f4pital \u00e9tait destin\u00e9 aux populations indig\u00e8nes, notamment celle travaillant pour le compte des colons. En plus de 100 ans, cet h\u00f4pital n&#8217;a connu que quelques racommodages sommaires. Il a fallu plus de 100ans pour voir sortir de terre un joyau un bijou, un nouvel h\u00f4pital compl\u00e9tement reconstruit , dans les normes internationales.<\/p>","protected":false},"excerpt":{"rendered":"<p>Une d\u00e9l\u00e9gation compos\u00e9e du Directeur G\u00e9n\u00e9ral du Bureau Central de Coordination, BCeCo, Monsieur Jean Mabi Mulumba, du Charg\u00e9 de missions du Chef de l&#8217;Etat pour la Zone Ouest, Monsieur Yannick Luntadila ainsi que du M\u00e9decin Directeur de l&#8217;H\u00f4pital G\u00e9n\u00e9ral de R\u00e9f\u00e9rence de Kinshasa, ex mama yemo, a effectu\u00e9 une mission d&#8217;inspection des travaux sur le<\/p>\n","protected":false},"author":1,"featured_media":30492,"comment_status":"open","ping_status":"open","sticky":false,"template":"","format":"standard","meta":{"footnotes":""},"categories":[69,62,63,82],"tags":[],"class_list":["post-30491","post","type-post","status-publish","format-standard","has-post-thumbnail","hentry","category-actualites","category-developpement","category-infrastructures","category-sante"],"yoast_head":"<!-- This site is optimized with the Yoast SEO plugin v26.7 - https:\/\/yoast.com\/wordpress\/plugins\/seo\/ -->\n<title>H\u00f4pital G\u00e9n\u00e9ral de R\u00e9f\u00e9rence de Kinshasa: un pari gagn\u00e9 pour le BCeCo ! - Bureau Central de Coordination<\/title>\n<meta name=\"description\" content=\"Une d\u00e9l\u00e9gation compos\u00e9e du Directeur G\u00e9n\u00e9ral du Bureau Central de Coordination, BCeCo, Monsieur Jean Mabi Mulumba, du Charg\u00e9 de missions du Chef de l&#039;Etat pour la Zone Ouest, Monsieur Yannick Luntadila ainsi que du M\u00e9decin Directeur de l&#039;H\u00f4pital G\u00e9n\u00e9ral de R\u00e9f\u00e9rence de Kinshasa, ex mama yemo, a effectu\u00e9 une mission d&#039;inspection des travaux sur le site de l&#039;ex h\u00f4pital Mama Yemo.\" \/>\n<meta name=\"robots\" content=\"index, follow, max-snippet:-1, max-image-preview:large, max-video-preview:-1\" \/>\n<link rel=\"canonical\" href=\"https:\/\/ikar.dev\/bceco-v2\/hopital-general-de-reference-de-kinshasa-un-pari-gagne-pour-le-bceco\/\" \/>\n<meta property=\"og:locale\" content=\"en_US\" \/>\n<meta property=\"og:type\" content=\"article\" \/>\n<meta property=\"og:title\" content=\"H\u00f4pital G\u00e9n\u00e9ral de R\u00e9f\u00e9rence de Kinshasa: un pari gagn\u00e9 pour le BCeCo ! - Bureau Central de Coordination\" \/>\n<meta property=\"og:description\" content=\"Une d\u00e9l\u00e9gation compos\u00e9e du Directeur G\u00e9n\u00e9ral du Bureau Central de Coordination, BCeCo, Monsieur Jean Mabi Mulumba, du Charg\u00e9 de missions du Chef de l&#039;Etat pour la Zone Ouest, Monsieur Yannick Luntadila ainsi que du M\u00e9decin Directeur de l&#039;H\u00f4pital G\u00e9n\u00e9ral de R\u00e9f\u00e9rence de Kinshasa, ex mama yemo, a effectu\u00e9 une mission d&#039;inspection des travaux sur le site de l&#039;ex h\u00f4pital Mama Yemo.\" \/>\n<meta property=\"og:url\" content=\"https:\/\/ikar.dev\/bceco-v2\/hopital-general-de-reference-de-kinshasa-un-pari-gagne-pour-le-bceco\/\" \/>\n<meta property=\"og:site_name\" content=\"Bureau Central de Coordination\" \/>\n<meta property=\"article:publisher\" content=\"https:\/\/www.facebook.com\/BCeCoRDC\" \/>\n<meta property=\"article:published_time\" content=\"2023-09-21T19:58:57+00:00\" \/>\n<meta property=\"article:modified_time\" content=\"2025-12-23T16:22:35+00:00\" \/>\n<meta property=\"og:image\" content=\"https:\/\/ikar.dev\/bceco-v2\/wp-content\/uploads\/2023\/09\/Hopital-General-de-Reference-de-Kinshasa_-un-pari-gagne-pour-le-BCeCo-1.jpg\" \/>\n\t<meta property=\"og:image:width\" content=\"1500\" \/>\n\t<meta property=\"og:image:height\" content=\"1000\" \/>\n\t<meta property=\"og:image:type\" content=\"image\/jpeg\" \/>\n<meta name=\"author\" content=\"bceco\" \/>\n<meta name=\"twitter:card\" content=\"summary_large_image\" \/>\n<meta name=\"twitter:title\" content=\"H\u00f4pital G\u00e9n\u00e9ral de R\u00e9f\u00e9rence de Kinshasa: un pari gagn\u00e9 pour le BCeCo ! - Bureau Central de Coordination\" \/>\n<meta name=\"twitter:image\" content=\"https:\/\/ikar.dev\/bceco-v2\/wp-content\/uploads\/2023\/09\/Hopital-General-de-Reference-de-Kinshasa_-un-pari-gagne-pour-le-BCeCo-1.jpg\" \/>\n<meta name=\"twitter:creator\" content=\"@BCeCoRDC\" \/>\n<meta name=\"twitter:site\" content=\"@BCeCoRDC\" \/>\n<meta name=\"twitter:label1\" content=\"Written by\" \/>\n\t<meta name=\"twitter:data1\" content=\"bceco\" \/>\n\t<meta name=\"twitter:label2\" content=\"Est. reading time\" \/>\n\t<meta name=\"twitter:data2\" content=\"5 minutes\" \/>\n<script type=\"application\/ld+json\" class=\"yoast-schema-graph\">{\"@context\":\"https:\/\/schema.org\",\"@graph\":[{\"@type\":\"Article\",\"@id\":\"https:\/\/ikar.dev\/bceco-v2\/hopital-general-de-reference-de-kinshasa-un-pari-gagne-pour-le-bceco\/#article\",\"isPartOf\":{\"@id\":\"https:\/\/ikar.dev\/bceco-v2\/hopital-general-de-reference-de-kinshasa-un-pari-gagne-pour-le-bceco\/\"},\"author\":{\"name\":\"bceco\",\"@id\":\"https:\/\/ikar.dev\/bceco-v2\/#\/schema\/person\/6ee74807ffb016a78852fec6a295d503\"},\"headline\":\"H\u00f4pital G\u00e9n\u00e9ral de R\u00e9f\u00e9rence de Kinshasa: un pari gagn\u00e9 pour le BCeCo !\",\"datePublished\":\"2023-09-21T19:58:57+00:00\",\"dateModified\":\"2025-12-23T16:22:35+00:00\",\"mainEntityOfPage\":{\"@id\":\"https:\/\/ikar.dev\/bceco-v2\/hopital-general-de-reference-de-kinshasa-un-pari-gagne-pour-le-bceco\/\"},\"wordCount\":699,\"commentCount\":2,\"publisher\":{\"@id\":\"https:\/\/ikar.dev\/bceco-v2\/#organization\"},\"image\":{\"@id\":\"https:\/\/ikar.dev\/bceco-v2\/hopital-general-de-reference-de-kinshasa-un-pari-gagne-pour-le-bceco\/#primaryimage\"},\"thumbnailUrl\":\"https:\/\/ikar.dev\/bceco-v2\/wp-content\/uploads\/2023\/09\/Hopital-General-de-Reference-de-Kinshasa_-un-pari-gagne-pour-le-BCeCo-1.jpg\",\"articleSection\":[\"Actualit\u00e9s\",\"D\u00e9veloppement\",\"Infrastructures\",\"Sant\u00e9\"],\"inLanguage\":\"en-US\",\"potentialAction\":[{\"@type\":\"CommentAction\",\"name\":\"Comment\",\"target\":[\"https:\/\/ikar.dev\/bceco-v2\/hopital-general-de-reference-de-kinshasa-un-pari-gagne-pour-le-bceco\/#respond\"]}]},{\"@type\":\"WebPage\",\"@id\":\"https:\/\/ikar.dev\/bceco-v2\/hopital-general-de-reference-de-kinshasa-un-pari-gagne-pour-le-bceco\/\",\"url\":\"https:\/\/ikar.dev\/bceco-v2\/hopital-general-de-reference-de-kinshasa-un-pari-gagne-pour-le-bceco\/\",\"name\":\"H\u00f4pital G\u00e9n\u00e9ral de R\u00e9f\u00e9rence de Kinshasa: un pari gagn\u00e9 pour le BCeCo ! - Bureau Central de Coordination\",\"isPartOf\":{\"@id\":\"https:\/\/ikar.dev\/bceco-v2\/#website\"},\"primaryImageOfPage\":{\"@id\":\"https:\/\/ikar.dev\/bceco-v2\/hopital-general-de-reference-de-kinshasa-un-pari-gagne-pour-le-bceco\/#primaryimage\"},\"image\":{\"@id\":\"https:\/\/ikar.dev\/bceco-v2\/hopital-general-de-reference-de-kinshasa-un-pari-gagne-pour-le-bceco\/#primaryimage\"},\"thumbnailUrl\":\"https:\/\/ikar.dev\/bceco-v2\/wp-content\/uploads\/2023\/09\/Hopital-General-de-Reference-de-Kinshasa_-un-pari-gagne-pour-le-BCeCo-1.jpg\",\"datePublished\":\"2023-09-21T19:58:57+00:00\",\"dateModified\":\"2025-12-23T16:22:35+00:00\",\"description\":\"Une d\u00e9l\u00e9gation compos\u00e9e du Directeur G\u00e9n\u00e9ral du Bureau Central de Coordination, BCeCo, Monsieur Jean Mabi Mulumba, du Charg\u00e9 de missions du Chef de l'Etat pour la Zone Ouest, Monsieur Yannick Luntadila ainsi que du M\u00e9decin Directeur de l'H\u00f4pital G\u00e9n\u00e9ral de R\u00e9f\u00e9rence de Kinshasa, ex mama yemo, a effectu\u00e9 une mission d'inspection des travaux sur le site de l'ex h\u00f4pital Mama Yemo.\",\"breadcrumb\":{\"@id\":\"https:\/\/ikar.dev\/bceco-v2\/hopital-general-de-reference-de-kinshasa-un-pari-gagne-pour-le-bceco\/#breadcrumb\"},\"inLanguage\":\"en-US\",\"potentialAction\":[{\"@type\":\"ReadAction\",\"target\":[\"https:\/\/ikar.dev\/bceco-v2\/hopital-general-de-reference-de-kinshasa-un-pari-gagne-pour-le-bceco\/\"]}]},{\"@type\":\"ImageObject\",\"inLanguage\":\"en-US\",\"@id\":\"https:\/\/ikar.dev\/bceco-v2\/hopital-general-de-reference-de-kinshasa-un-pari-gagne-pour-le-bceco\/#primaryimage\",\"url\":\"https:\/\/ikar.dev\/bceco-v2\/wp-content\/uploads\/2023\/09\/Hopital-General-de-Reference-de-Kinshasa_-un-pari-gagne-pour-le-BCeCo-1.jpg\",\"contentUrl\":\"https:\/\/ikar.dev\/bceco-v2\/wp-content\/uploads\/2023\/09\/Hopital-General-de-Reference-de-Kinshasa_-un-pari-gagne-pour-le-BCeCo-1.jpg\",\"width\":1500,\"height\":1000,\"caption\":\"H\u00f4pital G\u00e9n\u00e9ral de R\u00e9f\u00e9rence de Kinshasa: un pari gagn\u00e9 pour le BCeCo\"},{\"@type\":\"BreadcrumbList\",\"@id\":\"https:\/\/ikar.dev\/bceco-v2\/hopital-general-de-reference-de-kinshasa-un-pari-gagne-pour-le-bceco\/#breadcrumb\",\"itemListElement\":[{\"@type\":\"ListItem\",\"position\":1,\"name\":\"Accueil\",\"item\":\"https:\/\/ikar.dev\/bceco-v2\/\"},{\"@type\":\"ListItem\",\"position\":2,\"name\":\"H\u00f4pital G\u00e9n\u00e9ral de R\u00e9f\u00e9rence de Kinshasa: un pari gagn\u00e9 pour le BCeCo !\"}]},{\"@type\":\"WebSite\",\"@id\":\"https:\/\/ikar.dev\/bceco-v2\/#website\",\"url\":\"https:\/\/ikar.dev\/bceco-v2\/\",\"name\":\"Bureau Central de Coordination\",\"description\":\"B.Ce.Co \u2013 Au c\u0153ur de l\u2019ex\u00e9cution des projets de d\u00e9veloppement en RDC\",\"publisher\":{\"@id\":\"https:\/\/ikar.dev\/bceco-v2\/#organization\"},\"potentialAction\":[{\"@type\":\"SearchAction\",\"target\":{\"@type\":\"EntryPoint\",\"urlTemplate\":\"https:\/\/ikar.dev\/bceco-v2\/?s={search_term_string}\"},\"query-input\":{\"@type\":\"PropertyValueSpecification\",\"valueRequired\":true,\"valueName\":\"search_term_string\"}}],\"inLanguage\":\"en-US\"},{\"@type\":\"Organization\",\"@id\":\"https:\/\/ikar.dev\/bceco-v2\/#organization\",\"name\":\"Bureau Central de Coordination\",\"url\":\"https:\/\/ikar.dev\/bceco-v2\/\",\"logo\":{\"@type\":\"ImageObject\",\"inLanguage\":\"en-US\",\"@id\":\"https:\/\/ikar.dev\/bceco-v2\/#\/schema\/logo\/image\/\",\"url\":\"https:\/\/ikar.dev\/bceco-v2\/wp-content\/uploads\/2025\/12\/BCECO-Bureau-Central-de-Coordination.jpg\",\"contentUrl\":\"https:\/\/ikar.dev\/bceco-v2\/wp-content\/uploads\/2025\/12\/BCECO-Bureau-Central-de-Coordination.jpg\",\"width\":2048,\"height\":2048,\"caption\":\"Bureau Central de Coordination\"},\"image\":{\"@id\":\"https:\/\/ikar.dev\/bceco-v2\/#\/schema\/logo\/image\/\"},\"sameAs\":[\"https:\/\/www.facebook.com\/BCeCoRDC\",\"https:\/\/x.com\/BCeCoRDC\"]},{\"@type\":\"Person\",\"@id\":\"https:\/\/ikar.dev\/bceco-v2\/#\/schema\/person\/6ee74807ffb016a78852fec6a295d503\",\"name\":\"bceco\",\"image\":{\"@type\":\"ImageObject\",\"inLanguage\":\"en-US\",\"@id\":\"https:\/\/ikar.dev\/bceco-v2\/#\/schema\/person\/image\/\",\"url\":\"https:\/\/secure.gravatar.com\/avatar\/55c07e1707f50774ef3c842c9d074773a6b558a20fbd1608c8e4871bc88f3455?s=96&d=mm&r=g\",\"contentUrl\":\"https:\/\/secure.gravatar.com\/avatar\/55c07e1707f50774ef3c842c9d074773a6b558a20fbd1608c8e4871bc88f3455?s=96&d=mm&r=g\",\"caption\":\"bceco\"},\"sameAs\":[\"https:\/\/ikar.dev\/bceco-v2\"],\"url\":\"https:\/\/ikar.dev\/bceco-v2\/author\/bceco\/\"}]}<\/script>\n<!-- \/ Yoast SEO plugin. -->","yoast_head_json":{"title":"H\u00f4pital G\u00e9n\u00e9ral de R\u00e9f\u00e9rence de Kinshasa: un pari gagn\u00e9 pour le BCeCo ! - Bureau Central de Coordination","description":"Une d\u00e9l\u00e9gation compos\u00e9e du Directeur G\u00e9n\u00e9ral du Bureau Central de Coordination, BCeCo, Monsieur Jean Mabi Mulumba, du Charg\u00e9 de missions du Chef de l'Etat pour la Zone Ouest, Monsieur Yannick Luntadila ainsi que du M\u00e9decin Directeur de l'H\u00f4pital G\u00e9n\u00e9ral de R\u00e9f\u00e9rence de Kinshasa, ex mama yemo, a effectu\u00e9 une mission d'inspection des travaux sur le site de l'ex h\u00f4pital Mama Yemo.","robots":{"index":"index","follow":"follow","max-snippet":"max-snippet:-1","max-image-preview":"max-image-preview:large","max-video-preview":"max-video-preview:-1"},"canonical":"https:\/\/ikar.dev\/bceco-v2\/hopital-general-de-reference-de-kinshasa-un-pari-gagne-pour-le-bceco\/","og_locale":"en_US","og_type":"article","og_title":"H\u00f4pital G\u00e9n\u00e9ral de R\u00e9f\u00e9rence de Kinshasa: un pari gagn\u00e9 pour le BCeCo ! - Bureau Central de Coordination","og_description":"Une d\u00e9l\u00e9gation compos\u00e9e du Directeur G\u00e9n\u00e9ral du Bureau Central de Coordination, BCeCo, Monsieur Jean Mabi Mulumba, du Charg\u00e9 de missions du Chef de l'Etat pour la Zone Ouest, Monsieur Yannick Luntadila ainsi que du M\u00e9decin Directeur de l'H\u00f4pital G\u00e9n\u00e9ral de R\u00e9f\u00e9rence de Kinshasa, ex mama yemo, a effectu\u00e9 une mission d'inspection des travaux sur le site de l'ex h\u00f4pital Mama Yemo.","og_url":"https:\/\/ikar.dev\/bceco-v2\/hopital-general-de-reference-de-kinshasa-un-pari-gagne-pour-le-bceco\/","og_site_name":"Bureau Central de Coordination","article_publisher":"https:\/\/www.facebook.com\/BCeCoRDC","article_published_time":"2023-09-21T19:58:57+00:00","article_modified_time":"2025-12-23T16:22:35+00:00","og_image":[{"width":1500,"height":1000,"url":"https:\/\/ikar.dev\/bceco-v2\/wp-content\/uploads\/2023\/09\/Hopital-General-de-Reference-de-Kinshasa_-un-pari-gagne-pour-le-BCeCo-1.jpg","type":"image\/jpeg"}],"author":"bceco","twitter_card":"summary_large_image","twitter_title":"H\u00f4pital G\u00e9n\u00e9ral de R\u00e9f\u00e9rence de Kinshasa: un pari gagn\u00e9 pour le BCeCo ! - Bureau Central de Coordination","twitter_image":"https:\/\/ikar.dev\/bceco-v2\/wp-content\/uploads\/2023\/09\/Hopital-General-de-Reference-de-Kinshasa_-un-pari-gagne-pour-le-BCeCo-1.jpg","twitter_creator":"@BCeCoRDC","twitter_site":"@BCeCoRDC","twitter_misc":{"Written by":"bceco","Est. reading time":"5 minutes"},"schema":{"@context":"https:\/\/schema.org","@graph":[{"@type":"Article","@id":"https:\/\/ikar.dev\/bceco-v2\/hopital-general-de-reference-de-kinshasa-un-pari-gagne-pour-le-bceco\/#article","isPartOf":{"@id":"https:\/\/ikar.dev\/bceco-v2\/hopital-general-de-reference-de-kinshasa-un-pari-gagne-pour-le-bceco\/"},"author":{"name":"bceco","@id":"https:\/\/ikar.dev\/bceco-v2\/#\/schema\/person\/6ee74807ffb016a78852fec6a295d503"},"headline":"H\u00f4pital G\u00e9n\u00e9ral de R\u00e9f\u00e9rence de Kinshasa: un pari gagn\u00e9 pour le BCeCo !","datePublished":"2023-09-21T19:58:57+00:00","dateModified":"2025-12-23T16:22:35+00:00","mainEntityOfPage":{"@id":"https:\/\/ikar.dev\/bceco-v2\/hopital-general-de-reference-de-kinshasa-un-pari-gagne-pour-le-bceco\/"},"wordCount":699,"commentCount":2,"publisher":{"@id":"https:\/\/ikar.dev\/bceco-v2\/#organization"},"image":{"@id":"https:\/\/ikar.dev\/bceco-v2\/hopital-general-de-reference-de-kinshasa-un-pari-gagne-pour-le-bceco\/#primaryimage"},"thumbnailUrl":"https:\/\/ikar.dev\/bceco-v2\/wp-content\/uploads\/2023\/09\/Hopital-General-de-Reference-de-Kinshasa_-un-pari-gagne-pour-le-BCeCo-1.jpg","articleSection":["Actualit\u00e9s","D\u00e9veloppement","Infrastructures","Sant\u00e9"],"inLanguage":"en-US","potentialAction":[{"@type":"CommentAction","name":"Comment","target":["https:\/\/ikar.dev\/bceco-v2\/hopital-general-de-reference-de-kinshasa-un-pari-gagne-pour-le-bceco\/#respond"]}]},{"@type":"WebPage","@id":"https:\/\/ikar.dev\/bceco-v2\/hopital-general-de-reference-de-kinshasa-un-pari-gagne-pour-le-bceco\/","url":"https:\/\/ikar.dev\/bceco-v2\/hopital-general-de-reference-de-kinshasa-un-pari-gagne-pour-le-bceco\/","name":"H\u00f4pital G\u00e9n\u00e9ral de R\u00e9f\u00e9rence de Kinshasa: un pari gagn\u00e9 pour le BCeCo ! - Bureau Central de Coordination","isPartOf":{"@id":"https:\/\/ikar.dev\/bceco-v2\/#website"},"primaryImageOfPage":{"@id":"https:\/\/ikar.dev\/bceco-v2\/hopital-general-de-reference-de-kinshasa-un-pari-gagne-pour-le-bceco\/#primaryimage"},"image":{"@id":"https:\/\/ikar.dev\/bceco-v2\/hopital-general-de-reference-de-kinshasa-un-pari-gagne-pour-le-bceco\/#primaryimage"},"thumbnailUrl":"https:\/\/ikar.dev\/bceco-v2\/wp-content\/uploads\/2023\/09\/Hopital-General-de-Reference-de-Kinshasa_-un-pari-gagne-pour-le-BCeCo-1.jpg","datePublished":"2023-09-21T19:58:57+00:00","dateModified":"2025-12-23T16:22:35+00:00","description":"Une d\u00e9l\u00e9gation compos\u00e9e du Directeur G\u00e9n\u00e9ral du Bureau Central de Coordination, BCeCo, Monsieur Jean Mabi Mulumba, du Charg\u00e9 de missions du Chef de l'Etat pour la Zone Ouest, Monsieur Yannick Luntadila ainsi que du M\u00e9decin Directeur de l'H\u00f4pital G\u00e9n\u00e9ral de R\u00e9f\u00e9rence de Kinshasa, ex mama yemo, a effectu\u00e9 une mission d'inspection des travaux sur le site de l'ex h\u00f4pital Mama Yemo.","breadcrumb":{"@id":"https:\/\/ikar.dev\/bceco-v2\/hopital-general-de-reference-de-kinshasa-un-pari-gagne-pour-le-bceco\/#breadcrumb"},"inLanguage":"en-US","potentialAction":[{"@type":"ReadAction","target":["https:\/\/ikar.dev\/bceco-v2\/hopital-general-de-reference-de-kinshasa-un-pari-gagne-pour-le-bceco\/"]}]},{"@type":"ImageObject","inLanguage":"en-US","@id":"https:\/\/ikar.dev\/bceco-v2\/hopital-general-de-reference-de-kinshasa-un-pari-gagne-pour-le-bceco\/#primaryimage","url":"https:\/\/ikar.dev\/bceco-v2\/wp-content\/uploads\/2023\/09\/Hopital-General-de-Reference-de-Kinshasa_-un-pari-gagne-pour-le-BCeCo-1.jpg","contentUrl":"https:\/\/ikar.dev\/bceco-v2\/wp-content\/uploads\/2023\/09\/Hopital-General-de-Reference-de-Kinshasa_-un-pari-gagne-pour-le-BCeCo-1.jpg","width":1500,"height":1000,"caption":"H\u00f4pital G\u00e9n\u00e9ral de R\u00e9f\u00e9rence de Kinshasa: un pari gagn\u00e9 pour le BCeCo"},{"@type":"BreadcrumbList","@id":"https:\/\/ikar.dev\/bceco-v2\/hopital-general-de-reference-de-kinshasa-un-pari-gagne-pour-le-bceco\/#breadcrumb","itemListElement":[{"@type":"ListItem","position":1,"name":"Accueil","item":"https:\/\/ikar.dev\/bceco-v2\/"},{"@type":"ListItem","position":2,"name":"H\u00f4pital G\u00e9n\u00e9ral de R\u00e9f\u00e9rence de Kinshasa: un pari gagn\u00e9 pour le BCeCo !"}]},{"@type":"WebSite","@id":"https:\/\/ikar.dev\/bceco-v2\/#website","url":"https:\/\/ikar.dev\/bceco-v2\/","name":"Bureau Central de Coordination","description":"B.Ce.Co \u2013 Au c\u0153ur de l\u2019ex\u00e9cution des projets de d\u00e9veloppement en RDC","publisher":{"@id":"https:\/\/ikar.dev\/bceco-v2\/#organization"},"potentialAction":[{"@type":"SearchAction","target":{"@type":"EntryPoint","urlTemplate":"https:\/\/ikar.dev\/bceco-v2\/?s={search_term_string}"},"query-input":{"@type":"PropertyValueSpecification","valueRequired":true,"valueName":"search_term_string"}}],"inLanguage":"en-US"},{"@type":"Organization","@id":"https:\/\/ikar.dev\/bceco-v2\/#organization","name":"Bureau Central de Coordination","url":"https:\/\/ikar.dev\/bceco-v2\/","logo":{"@type":"ImageObject","inLanguage":"en-US","@id":"https:\/\/ikar.dev\/bceco-v2\/#\/schema\/logo\/image\/","url":"https:\/\/ikar.dev\/bceco-v2\/wp-content\/uploads\/2025\/12\/BCECO-Bureau-Central-de-Coordination.jpg","contentUrl":"https:\/\/ikar.dev\/bceco-v2\/wp-content\/uploads\/2025\/12\/BCECO-Bureau-Central-de-Coordination.jpg","width":2048,"height":2048,"caption":"Bureau Central de Coordination"},"image":{"@id":"https:\/\/ikar.dev\/bceco-v2\/#\/schema\/logo\/image\/"},"sameAs":["https:\/\/www.facebook.com\/BCeCoRDC","https:\/\/x.com\/BCeCoRDC"]},{"@type":"Person","@id":"https:\/\/ikar.dev\/bceco-v2\/#\/schema\/person\/6ee74807ffb016a78852fec6a295d503","name":"bceco","image":{"@type":"ImageObject","inLanguage":"en-US","@id":"https:\/\/ikar.dev\/bceco-v2\/#\/schema\/person\/image\/","url":"https:\/\/secure.gravatar.com\/avatar\/55c07e1707f50774ef3c842c9d074773a6b558a20fbd1608c8e4871bc88f3455?s=96&d=mm&r=g","contentUrl":"https:\/\/secure.gravatar.com\/avatar\/55c07e1707f50774ef3c842c9d074773a6b558a20fbd1608c8e4871bc88f3455?s=96&d=mm&r=g","caption":"bceco"},"sameAs":["https:\/\/ikar.dev\/bceco-v2"],"url":"https:\/\/ikar.dev\/bceco-v2\/author\/bceco\/"}]}},"_links":{"self":[{"href":"https:\/\/ikar.dev\/bceco-v2\/wp-json\/wp\/v2\/posts\/30491","targetHints":{"allow":["GET"]}}],"collection":[{"href":"https:\/\/ikar.dev\/bceco-v2\/wp-json\/wp\/v2\/posts"}],"about":[{"href":"https:\/\/ikar.dev\/bceco-v2\/wp-json\/wp\/v2\/types\/post"}],"author":[{"embeddable":true,"href":"https:\/\/ikar.dev\/bceco-v2\/wp-json\/wp\/v2\/users\/1"}],"replies":[{"embeddable":true,"href":"https:\/\/ikar.dev\/bceco-v2\/wp-json\/wp\/v2\/comments?post=30491"}],"version-history":[{"count":1,"href":"https:\/\/ikar.dev\/bceco-v2\/wp-json\/wp\/v2\/posts\/30491\/revisions"}],"predecessor-version":[{"id":56340,"href":"https:\/\/ikar.dev\/bceco-v2\/wp-json\/wp\/v2\/posts\/30491\/revisions\/56340"}],"wp:featuredmedia":[{"embeddable":true,"href":"https:\/\/ikar.dev\/bceco-v2\/wp-json\/wp\/v2\/media\/30492"}],"wp:attachment":[{"href":"https:\/\/ikar.dev\/bceco-v2\/wp-json\/wp\/v2\/media?parent=30491"}],"wp:term":[{"taxonomy":"category","embeddable":true,"href":"https:\/\/ikar.dev\/bceco-v2\/wp-json\/wp\/v2\/categories?post=30491"},{"taxonomy":"post_tag","embeddable":true,"href":"https:\/\/ikar.dev\/bceco-v2\/wp-json\/wp\/v2\/tags?post=30491"}],"curies":[{"name":"wp","href":"https:\/\/api.w.org\/{rel}","templated":true}]}}