{"id":30343,"date":"2023-09-16T21:10:01","date_gmt":"2023-09-16T21:10:01","guid":{"rendered":"https:\/\/bceco.cd\/?p=30343"},"modified":"2025-12-23T17:22:24","modified_gmt":"2025-12-23T16:22:24","slug":"mission-accomplie-pour-le-directeur-general-du-bceco-dans-la-province-du-kasai-oriental","status":"publish","type":"post","link":"https:\/\/ikar.dev\/bceco-v2\/mission-accomplie-pour-le-directeur-general-du-bceco-dans-la-province-du-kasai-oriental\/","title":{"rendered":"Mission accomplie pour le directeur g\u00e9n\u00e9ral du BCeCo dans la province du Kasa\u00ef Oriental !"},"content":{"rendered":"<p style=\"text-align: justify;\">Le directeur g\u00e9n\u00e9ral du bureau central de coordination BCeCo a effectu\u00e9 du 10 septembre au 12 septembre 2023 une mission de travail dans la province du Kasa\u00ef Oriental.<\/p>\n\n<p style=\"text-align: justify;\">Le lundi 11 septembre , la journ\u00e9e du directeur g\u00e9n\u00e9ral n&#8217;a \u00e9t\u00e9 de tout repos. Plusieurs activit\u00e9s s&#8217;y sont d\u00e9roul\u00e9es. D&#8217;abord les civilit\u00e9s chez la gouverneure ai Mme Julie Kalenga Kabongo o\u00f9 le num\u00e9ro 1 du bceco a fait le rapport sur le programme de d\u00e9veloppement local de 145 Territoires (PDL-145T) ainsi que de quelques chantiers qui s&#8217;ex\u00e9cutent dans cette province.<\/p>\n\n\n<figure class=\"wp-block-image size-full\"><img fetchpriority=\"high\" decoding=\"async\" width=\"1500\" height=\"1000\" src=\"https:\/\/ikar.dev\/bceco-v2\/wp-content\/uploads\/2023\/09\/Mission-accomplie-pour-le-directeur-general-du-bceco-dans-la-province-du-Kasai-Oriental-7.jpg\" alt=\"\" class=\"wp-image-30354\" srcset=\"https:\/\/ikar.dev\/bceco-v2\/wp-content\/uploads\/2023\/09\/Mission-accomplie-pour-le-directeur-general-du-bceco-dans-la-province-du-Kasai-Oriental-7.jpg 1500w, https:\/\/ikar.dev\/bceco-v2\/wp-content\/uploads\/2023\/09\/Mission-accomplie-pour-le-directeur-general-du-bceco-dans-la-province-du-Kasai-Oriental-7-768x512.jpg 768w, https:\/\/ikar.dev\/bceco-v2\/wp-content\/uploads\/2023\/09\/Mission-accomplie-pour-le-directeur-general-du-bceco-dans-la-province-du-Kasai-Oriental-7-600x400.jpg 600w\" sizes=\"(max-width: 1500px) 100vw, 1500px\" \/><\/figure>\n\n\n<p style=\"text-align: justify;\">Ce rapport a r\u00e9jouit Mme la gouverneure qui a \u00e9mis le v\u0153u de visiter quelques chantiers ensemble avec le directeur g\u00e9n\u00e9ral ce qui fut fait.<\/p>\n\n<p style=\"text-align: justify;\">La dite visite a commenc\u00e9 dans les chantiers o\u00f9 quelques ouvrages PDL sont fin pr\u00eats \u00e0 \u00eatre remis au gouvernement.<\/p>\n\n<p style=\"text-align: justify;\">Sur place le directeur g\u00e9n\u00e9ral a indiqu\u00e9 qu&#8217;il y a 18 ouvrages d\u00e9j\u00e0 r\u00e9ceptionn\u00e9s par le bceco dont 10 \u00e9coles et 8 centres de sant\u00e9 qui attendent d&#8217;\u00eatre remis aux officiels ceci le but de permettre aux \u00e9l\u00e8ves d&#8217;\u00e9tudier dans les meilleures conditions. Cette visite s&#8217;est poursuivie en premier dans le territoire de Lupatapata, ici Jean Mabi et sa suite ont palp\u00e9 du doigt encore une fois les r\u00e9alisations du PDL -145T. Les travaux du centre de sant\u00e9 bakwa tshibuyi compl\u00e8tement termin\u00e9 et ce dernier n&#8217;attends que sa livraison provisoire pour \u00eatre op\u00e9rationnel.<\/p>\n\n\n<figure class=\"wp-block-image size-full\"><img decoding=\"async\" width=\"1500\" height=\"1000\" src=\"https:\/\/ikar.dev\/bceco-v2\/wp-content\/uploads\/2023\/09\/Mission-accomplie-pour-le-directeur-general-du-bceco-dans-la-province-du-Kasai-Oriental-4.jpg\" alt=\"\" class=\"wp-image-30359\" srcset=\"https:\/\/ikar.dev\/bceco-v2\/wp-content\/uploads\/2023\/09\/Mission-accomplie-pour-le-directeur-general-du-bceco-dans-la-province-du-Kasai-Oriental-4.jpg 1500w, https:\/\/ikar.dev\/bceco-v2\/wp-content\/uploads\/2023\/09\/Mission-accomplie-pour-le-directeur-general-du-bceco-dans-la-province-du-Kasai-Oriental-4-768x512.jpg 768w, https:\/\/ikar.dev\/bceco-v2\/wp-content\/uploads\/2023\/09\/Mission-accomplie-pour-le-directeur-general-du-bceco-dans-la-province-du-Kasai-Oriental-4-600x400.jpg 600w\" sizes=\"(max-width: 1500px) 100vw, 1500px\" \/><\/figure>\n\n\n<p style=\"text-align: justify;\">Accompagn\u00e9 de Mme Julie Kalenga Kabongo gouverneure ai de la province du Kasa\u00ef Oriental le cap est mis ensuite vers miabi o\u00f9 les travaux de construction du b\u00e2timent administratif sont tr\u00e8s avanc\u00e9s et la toiture est d\u00e9j\u00e0 pos\u00e9e<\/p>\n\n<p style=\"text-align: justify;\">Toujours dans ce territoire la d\u00e9l\u00e9gation a aussi parcouru la route kalonji Ditunga. Cette route qui relie Mbuji Mayi \u00e0 Miabi longue de 6 km dont 2 km sont d\u00e9j\u00e0 asphalt\u00e9s., \u00e0 la grande satisfaction des b\u00e9n\u00e9ficiaires. Mr Pierre Kalala habitant de Miabi dit:&#8221; n&#8217;avoir jamais vu une telle r\u00e9alisation depuis l&#8217;accession de notre pays \u00e0 la souverainet\u00e9 nationale et remercie le chef de l&#8217;\u00e9tat pour ce projet salutaire pour toute la population de Miabi.<\/p>\n\n<p style=\"text-align: justify;\">L&#8217;ing\u00e9nieur responsable du projet s&#8217;exprime en disant que tous les travaux d&#8217;assainissement se poursuivent et simultan\u00e9ment la pose de l&#8217;asphalte se d\u00e9roule aussi. A ce jour les travaux avancent bien a-t-il rench\u00e9ri<\/p>\n\n\n<figure class=\"wp-block-image size-full\"><img decoding=\"async\" width=\"1500\" height=\"1000\" src=\"https:\/\/ikar.dev\/bceco-v2\/wp-content\/uploads\/2023\/09\/Mission-accomplie-pour-le-directeur-general-du-bceco-dans-la-province-du-Kasai-Oriental-2.jpg\" alt=\"\" class=\"wp-image-30357\" srcset=\"https:\/\/ikar.dev\/bceco-v2\/wp-content\/uploads\/2023\/09\/Mission-accomplie-pour-le-directeur-general-du-bceco-dans-la-province-du-Kasai-Oriental-2.jpg 1500w, https:\/\/ikar.dev\/bceco-v2\/wp-content\/uploads\/2023\/09\/Mission-accomplie-pour-le-directeur-general-du-bceco-dans-la-province-du-Kasai-Oriental-2-768x512.jpg 768w, https:\/\/ikar.dev\/bceco-v2\/wp-content\/uploads\/2023\/09\/Mission-accomplie-pour-le-directeur-general-du-bceco-dans-la-province-du-Kasai-Oriental-2-600x400.jpg 600w\" sizes=\"(max-width: 1500px) 100vw, 1500px\" \/><\/figure>\n\n\n<p style=\"text-align: justify;\">17 kms plus loin \u00e0 boya la d\u00e9l\u00e9gation a visit\u00e9 une t\u00eate d&#8217;\u00e9rosion qui menace de couper la ville en deux, l\u00e0 encore le bceco se charge de stopper cette \u00e9rosion. Ce qui a boucl\u00e9 la ronde des activit\u00e9s du premier jour. Au deuxi\u00e8me jour c\u00e0d le mardi 12 septembre l&#8217;\u00e9quipe du bceco s&#8217;est rendu \u00e0 kabeya kamwanga pour le lancement des travaux de r\u00e9habilitation et modernisation des voiries de quatre territoires de la province du Kasa\u00ef Oriental.<\/p>\n\n<p style=\"text-align: justify;\">II s&#8217;agit du territoire de kabeya kamwanga, tshilenge lupatapata et katanda. C&#8217;est sur une note de satisfaction que le directeur g\u00e9n\u00e9ral du bceco et son \u00e9quipe ont quitt\u00e9 le Kasa\u00ef Oriental pour rejoindre la province voisine du Kasa\u00ef central.<\/p>","protected":false},"excerpt":{"rendered":"<p>Le directeur g\u00e9n\u00e9ral du bureau central de coordination BCeCo a effectu\u00e9 du 10 septembre au 12 septembre 2023 une mission de travail dans la province du Kasa\u00ef Oriental. Le lundi 11 septembre , la journ\u00e9e du directeur g\u00e9n\u00e9ral n&#8217;a \u00e9t\u00e9 de tout repos. Plusieurs activit\u00e9s s&#8217;y sont d\u00e9roul\u00e9es. D&#8217;abord les civilit\u00e9s chez la gouverneure ai<\/p>\n","protected":false},"author":1,"featured_media":30347,"comment_status":"open","ping_status":"open","sticky":false,"template":"","format":"standard","meta":{"footnotes":""},"categories":[69,61],"tags":[],"class_list":["post-30343","post","type-post","status-publish","format-standard","has-post-thumbnail","hentry","category-actualites","category-pdl145t"],"yoast_head":"<!-- This site is optimized with the Yoast SEO plugin v26.7 - https:\/\/yoast.com\/wordpress\/plugins\/seo\/ -->\n<title>Mission accomplie pour le directeur g\u00e9n\u00e9ral du BCeCo dans la province du Kasa\u00ef Oriental !<\/title>\n<meta name=\"description\" content=\"Le directeur g\u00e9n\u00e9ral du bureau central de coordination BCeCo a effectu\u00e9 du 10 septembre au 12 septembre 2023 une mission de travail dans la province du Kasa\u00ef Oriental.\" \/>\n<meta name=\"robots\" content=\"index, follow, max-snippet:-1, max-image-preview:large, max-video-preview:-1\" \/>\n<link rel=\"canonical\" href=\"https:\/\/ikar.dev\/bceco-v2\/mission-accomplie-pour-le-directeur-general-du-bceco-dans-la-province-du-kasai-oriental\/\" \/>\n<meta property=\"og:locale\" content=\"en_US\" \/>\n<meta property=\"og:type\" content=\"article\" \/>\n<meta property=\"og:title\" content=\"Mission accomplie pour le directeur g\u00e9n\u00e9ral du BCeCo dans la province du Kasa\u00ef Oriental !\" \/>\n<meta property=\"og:description\" content=\"Le directeur g\u00e9n\u00e9ral du bureau central de coordination BCeCo a effectu\u00e9 du 10 septembre au 12 septembre 2023 une mission de travail dans la province du Kasa\u00ef Oriental.\" \/>\n<meta property=\"og:url\" content=\"https:\/\/ikar.dev\/bceco-v2\/mission-accomplie-pour-le-directeur-general-du-bceco-dans-la-province-du-kasai-oriental\/\" \/>\n<meta property=\"og:site_name\" content=\"Bureau Central de Coordination\" \/>\n<meta property=\"article:publisher\" content=\"https:\/\/www.facebook.com\/BCeCoRDC\" \/>\n<meta property=\"article:published_time\" content=\"2023-09-16T21:10:01+00:00\" \/>\n<meta property=\"article:modified_time\" content=\"2025-12-23T16:22:24+00:00\" \/>\n<meta property=\"og:image\" content=\"https:\/\/ikar.dev\/bceco-v2\/wp-content\/uploads\/2023\/09\/Mission-accomplie-pour-le-directeur-general-du-bceco-dans-la-province-du-Kasai-Oriental.jpg\" \/>\n\t<meta property=\"og:image:width\" content=\"1500\" \/>\n\t<meta property=\"og:image:height\" content=\"1000\" \/>\n\t<meta property=\"og:image:type\" content=\"image\/jpeg\" \/>\n<meta name=\"author\" content=\"bceco\" \/>\n<meta name=\"twitter:card\" content=\"summary_large_image\" \/>\n<meta name=\"twitter:creator\" content=\"@BCeCoRDC\" \/>\n<meta name=\"twitter:site\" content=\"@BCeCoRDC\" \/>\n<meta name=\"twitter:label1\" content=\"Written by\" \/>\n\t<meta name=\"twitter:data1\" content=\"bceco\" \/>\n\t<meta name=\"twitter:label2\" content=\"Est. reading time\" \/>\n\t<meta name=\"twitter:data2\" content=\"4 minutes\" \/>\n<script type=\"application\/ld+json\" class=\"yoast-schema-graph\">{\"@context\":\"https:\/\/schema.org\",\"@graph\":[{\"@type\":\"Article\",\"@id\":\"https:\/\/ikar.dev\/bceco-v2\/mission-accomplie-pour-le-directeur-general-du-bceco-dans-la-province-du-kasai-oriental\/#article\",\"isPartOf\":{\"@id\":\"https:\/\/ikar.dev\/bceco-v2\/mission-accomplie-pour-le-directeur-general-du-bceco-dans-la-province-du-kasai-oriental\/\"},\"author\":{\"name\":\"bceco\",\"@id\":\"https:\/\/ikar.dev\/bceco-v2\/#\/schema\/person\/6ee74807ffb016a78852fec6a295d503\"},\"headline\":\"Mission accomplie pour le directeur g\u00e9n\u00e9ral du BCeCo dans la province du Kasa\u00ef Oriental !\",\"datePublished\":\"2023-09-16T21:10:01+00:00\",\"dateModified\":\"2025-12-23T16:22:24+00:00\",\"mainEntityOfPage\":{\"@id\":\"https:\/\/ikar.dev\/bceco-v2\/mission-accomplie-pour-le-directeur-general-du-bceco-dans-la-province-du-kasai-oriental\/\"},\"wordCount\":559,\"commentCount\":0,\"publisher\":{\"@id\":\"https:\/\/ikar.dev\/bceco-v2\/#organization\"},\"image\":{\"@id\":\"https:\/\/ikar.dev\/bceco-v2\/mission-accomplie-pour-le-directeur-general-du-bceco-dans-la-province-du-kasai-oriental\/#primaryimage\"},\"thumbnailUrl\":\"https:\/\/ikar.dev\/bceco-v2\/wp-content\/uploads\/2023\/09\/Mission-accomplie-pour-le-directeur-general-du-bceco-dans-la-province-du-Kasai-Oriental.jpg\",\"articleSection\":[\"Actualit\u00e9s\",\"PDL145T\"],\"inLanguage\":\"en-US\",\"potentialAction\":[{\"@type\":\"CommentAction\",\"name\":\"Comment\",\"target\":[\"https:\/\/ikar.dev\/bceco-v2\/mission-accomplie-pour-le-directeur-general-du-bceco-dans-la-province-du-kasai-oriental\/#respond\"]}]},{\"@type\":\"WebPage\",\"@id\":\"https:\/\/ikar.dev\/bceco-v2\/mission-accomplie-pour-le-directeur-general-du-bceco-dans-la-province-du-kasai-oriental\/\",\"url\":\"https:\/\/ikar.dev\/bceco-v2\/mission-accomplie-pour-le-directeur-general-du-bceco-dans-la-province-du-kasai-oriental\/\",\"name\":\"Mission accomplie pour le directeur g\u00e9n\u00e9ral du BCeCo dans la province du Kasa\u00ef Oriental !\",\"isPartOf\":{\"@id\":\"https:\/\/ikar.dev\/bceco-v2\/#website\"},\"primaryImageOfPage\":{\"@id\":\"https:\/\/ikar.dev\/bceco-v2\/mission-accomplie-pour-le-directeur-general-du-bceco-dans-la-province-du-kasai-oriental\/#primaryimage\"},\"image\":{\"@id\":\"https:\/\/ikar.dev\/bceco-v2\/mission-accomplie-pour-le-directeur-general-du-bceco-dans-la-province-du-kasai-oriental\/#primaryimage\"},\"thumbnailUrl\":\"https:\/\/ikar.dev\/bceco-v2\/wp-content\/uploads\/2023\/09\/Mission-accomplie-pour-le-directeur-general-du-bceco-dans-la-province-du-Kasai-Oriental.jpg\",\"datePublished\":\"2023-09-16T21:10:01+00:00\",\"dateModified\":\"2025-12-23T16:22:24+00:00\",\"description\":\"Le directeur g\u00e9n\u00e9ral du bureau central de coordination BCeCo a effectu\u00e9 du 10 septembre au 12 septembre 2023 une mission de travail dans la province du Kasa\u00ef Oriental.\",\"breadcrumb\":{\"@id\":\"https:\/\/ikar.dev\/bceco-v2\/mission-accomplie-pour-le-directeur-general-du-bceco-dans-la-province-du-kasai-oriental\/#breadcrumb\"},\"inLanguage\":\"en-US\",\"potentialAction\":[{\"@type\":\"ReadAction\",\"target\":[\"https:\/\/ikar.dev\/bceco-v2\/mission-accomplie-pour-le-directeur-general-du-bceco-dans-la-province-du-kasai-oriental\/\"]}]},{\"@type\":\"ImageObject\",\"inLanguage\":\"en-US\",\"@id\":\"https:\/\/ikar.dev\/bceco-v2\/mission-accomplie-pour-le-directeur-general-du-bceco-dans-la-province-du-kasai-oriental\/#primaryimage\",\"url\":\"https:\/\/ikar.dev\/bceco-v2\/wp-content\/uploads\/2023\/09\/Mission-accomplie-pour-le-directeur-general-du-bceco-dans-la-province-du-Kasai-Oriental.jpg\",\"contentUrl\":\"https:\/\/ikar.dev\/bceco-v2\/wp-content\/uploads\/2023\/09\/Mission-accomplie-pour-le-directeur-general-du-bceco-dans-la-province-du-Kasai-Oriental.jpg\",\"width\":1500,\"height\":1000},{\"@type\":\"BreadcrumbList\",\"@id\":\"https:\/\/ikar.dev\/bceco-v2\/mission-accomplie-pour-le-directeur-general-du-bceco-dans-la-province-du-kasai-oriental\/#breadcrumb\",\"itemListElement\":[{\"@type\":\"ListItem\",\"position\":1,\"name\":\"Accueil\",\"item\":\"https:\/\/ikar.dev\/bceco-v2\/\"},{\"@type\":\"ListItem\",\"position\":2,\"name\":\"Mission accomplie pour le directeur g\u00e9n\u00e9ral du BCeCo dans la province du Kasa\u00ef Oriental !\"}]},{\"@type\":\"WebSite\",\"@id\":\"https:\/\/ikar.dev\/bceco-v2\/#website\",\"url\":\"https:\/\/ikar.dev\/bceco-v2\/\",\"name\":\"Bureau Central de Coordination\",\"description\":\"B.Ce.Co \u2013 Au c\u0153ur de l\u2019ex\u00e9cution des projets de d\u00e9veloppement en RDC\",\"publisher\":{\"@id\":\"https:\/\/ikar.dev\/bceco-v2\/#organization\"},\"potentialAction\":[{\"@type\":\"SearchAction\",\"target\":{\"@type\":\"EntryPoint\",\"urlTemplate\":\"https:\/\/ikar.dev\/bceco-v2\/?s={search_term_string}\"},\"query-input\":{\"@type\":\"PropertyValueSpecification\",\"valueRequired\":true,\"valueName\":\"search_term_string\"}}],\"inLanguage\":\"en-US\"},{\"@type\":\"Organization\",\"@id\":\"https:\/\/ikar.dev\/bceco-v2\/#organization\",\"name\":\"Bureau Central de Coordination\",\"url\":\"https:\/\/ikar.dev\/bceco-v2\/\",\"logo\":{\"@type\":\"ImageObject\",\"inLanguage\":\"en-US\",\"@id\":\"https:\/\/ikar.dev\/bceco-v2\/#\/schema\/logo\/image\/\",\"url\":\"https:\/\/ikar.dev\/bceco-v2\/wp-content\/uploads\/2025\/12\/BCECO-Bureau-Central-de-Coordination.jpg\",\"contentUrl\":\"https:\/\/ikar.dev\/bceco-v2\/wp-content\/uploads\/2025\/12\/BCECO-Bureau-Central-de-Coordination.jpg\",\"width\":2048,\"height\":2048,\"caption\":\"Bureau Central de Coordination\"},\"image\":{\"@id\":\"https:\/\/ikar.dev\/bceco-v2\/#\/schema\/logo\/image\/\"},\"sameAs\":[\"https:\/\/www.facebook.com\/BCeCoRDC\",\"https:\/\/x.com\/BCeCoRDC\"]},{\"@type\":\"Person\",\"@id\":\"https:\/\/ikar.dev\/bceco-v2\/#\/schema\/person\/6ee74807ffb016a78852fec6a295d503\",\"name\":\"bceco\",\"image\":{\"@type\":\"ImageObject\",\"inLanguage\":\"en-US\",\"@id\":\"https:\/\/ikar.dev\/bceco-v2\/#\/schema\/person\/image\/\",\"url\":\"https:\/\/secure.gravatar.com\/avatar\/55c07e1707f50774ef3c842c9d074773a6b558a20fbd1608c8e4871bc88f3455?s=96&d=mm&r=g\",\"contentUrl\":\"https:\/\/secure.gravatar.com\/avatar\/55c07e1707f50774ef3c842c9d074773a6b558a20fbd1608c8e4871bc88f3455?s=96&d=mm&r=g\",\"caption\":\"bceco\"},\"sameAs\":[\"https:\/\/ikar.dev\/bceco-v2\"],\"url\":\"https:\/\/ikar.dev\/bceco-v2\/author\/bceco\/\"}]}<\/script>\n<!-- \/ Yoast SEO plugin. -->","yoast_head_json":{"title":"Mission accomplie pour le directeur g\u00e9n\u00e9ral du BCeCo dans la province du Kasa\u00ef Oriental !","description":"Le directeur g\u00e9n\u00e9ral du bureau central de coordination BCeCo a effectu\u00e9 du 10 septembre au 12 septembre 2023 une mission de travail dans la province du Kasa\u00ef Oriental.","robots":{"index":"index","follow":"follow","max-snippet":"max-snippet:-1","max-image-preview":"max-image-preview:large","max-video-preview":"max-video-preview:-1"},"canonical":"https:\/\/ikar.dev\/bceco-v2\/mission-accomplie-pour-le-directeur-general-du-bceco-dans-la-province-du-kasai-oriental\/","og_locale":"en_US","og_type":"article","og_title":"Mission accomplie pour le directeur g\u00e9n\u00e9ral du BCeCo dans la province du Kasa\u00ef Oriental !","og_description":"Le directeur g\u00e9n\u00e9ral du bureau central de coordination BCeCo a effectu\u00e9 du 10 septembre au 12 septembre 2023 une mission de travail dans la province du Kasa\u00ef Oriental.","og_url":"https:\/\/ikar.dev\/bceco-v2\/mission-accomplie-pour-le-directeur-general-du-bceco-dans-la-province-du-kasai-oriental\/","og_site_name":"Bureau Central de Coordination","article_publisher":"https:\/\/www.facebook.com\/BCeCoRDC","article_published_time":"2023-09-16T21:10:01+00:00","article_modified_time":"2025-12-23T16:22:24+00:00","og_image":[{"width":1500,"height":1000,"url":"https:\/\/ikar.dev\/bceco-v2\/wp-content\/uploads\/2023\/09\/Mission-accomplie-pour-le-directeur-general-du-bceco-dans-la-province-du-Kasai-Oriental.jpg","type":"image\/jpeg"}],"author":"bceco","twitter_card":"summary_large_image","twitter_creator":"@BCeCoRDC","twitter_site":"@BCeCoRDC","twitter_misc":{"Written by":"bceco","Est. reading time":"4 minutes"},"schema":{"@context":"https:\/\/schema.org","@graph":[{"@type":"Article","@id":"https:\/\/ikar.dev\/bceco-v2\/mission-accomplie-pour-le-directeur-general-du-bceco-dans-la-province-du-kasai-oriental\/#article","isPartOf":{"@id":"https:\/\/ikar.dev\/bceco-v2\/mission-accomplie-pour-le-directeur-general-du-bceco-dans-la-province-du-kasai-oriental\/"},"author":{"name":"bceco","@id":"https:\/\/ikar.dev\/bceco-v2\/#\/schema\/person\/6ee74807ffb016a78852fec6a295d503"},"headline":"Mission accomplie pour le directeur g\u00e9n\u00e9ral du BCeCo dans la province du Kasa\u00ef Oriental !","datePublished":"2023-09-16T21:10:01+00:00","dateModified":"2025-12-23T16:22:24+00:00","mainEntityOfPage":{"@id":"https:\/\/ikar.dev\/bceco-v2\/mission-accomplie-pour-le-directeur-general-du-bceco-dans-la-province-du-kasai-oriental\/"},"wordCount":559,"commentCount":0,"publisher":{"@id":"https:\/\/ikar.dev\/bceco-v2\/#organization"},"image":{"@id":"https:\/\/ikar.dev\/bceco-v2\/mission-accomplie-pour-le-directeur-general-du-bceco-dans-la-province-du-kasai-oriental\/#primaryimage"},"thumbnailUrl":"https:\/\/ikar.dev\/bceco-v2\/wp-content\/uploads\/2023\/09\/Mission-accomplie-pour-le-directeur-general-du-bceco-dans-la-province-du-Kasai-Oriental.jpg","articleSection":["Actualit\u00e9s","PDL145T"],"inLanguage":"en-US","potentialAction":[{"@type":"CommentAction","name":"Comment","target":["https:\/\/ikar.dev\/bceco-v2\/mission-accomplie-pour-le-directeur-general-du-bceco-dans-la-province-du-kasai-oriental\/#respond"]}]},{"@type":"WebPage","@id":"https:\/\/ikar.dev\/bceco-v2\/mission-accomplie-pour-le-directeur-general-du-bceco-dans-la-province-du-kasai-oriental\/","url":"https:\/\/ikar.dev\/bceco-v2\/mission-accomplie-pour-le-directeur-general-du-bceco-dans-la-province-du-kasai-oriental\/","name":"Mission accomplie pour le directeur g\u00e9n\u00e9ral du BCeCo dans la province du Kasa\u00ef Oriental !","isPartOf":{"@id":"https:\/\/ikar.dev\/bceco-v2\/#website"},"primaryImageOfPage":{"@id":"https:\/\/ikar.dev\/bceco-v2\/mission-accomplie-pour-le-directeur-general-du-bceco-dans-la-province-du-kasai-oriental\/#primaryimage"},"image":{"@id":"https:\/\/ikar.dev\/bceco-v2\/mission-accomplie-pour-le-directeur-general-du-bceco-dans-la-province-du-kasai-oriental\/#primaryimage"},"thumbnailUrl":"https:\/\/ikar.dev\/bceco-v2\/wp-content\/uploads\/2023\/09\/Mission-accomplie-pour-le-directeur-general-du-bceco-dans-la-province-du-Kasai-Oriental.jpg","datePublished":"2023-09-16T21:10:01+00:00","dateModified":"2025-12-23T16:22:24+00:00","description":"Le directeur g\u00e9n\u00e9ral du bureau central de coordination BCeCo a effectu\u00e9 du 10 septembre au 12 septembre 2023 une mission de travail dans la province du Kasa\u00ef Oriental.","breadcrumb":{"@id":"https:\/\/ikar.dev\/bceco-v2\/mission-accomplie-pour-le-directeur-general-du-bceco-dans-la-province-du-kasai-oriental\/#breadcrumb"},"inLanguage":"en-US","potentialAction":[{"@type":"ReadAction","target":["https:\/\/ikar.dev\/bceco-v2\/mission-accomplie-pour-le-directeur-general-du-bceco-dans-la-province-du-kasai-oriental\/"]}]},{"@type":"ImageObject","inLanguage":"en-US","@id":"https:\/\/ikar.dev\/bceco-v2\/mission-accomplie-pour-le-directeur-general-du-bceco-dans-la-province-du-kasai-oriental\/#primaryimage","url":"https:\/\/ikar.dev\/bceco-v2\/wp-content\/uploads\/2023\/09\/Mission-accomplie-pour-le-directeur-general-du-bceco-dans-la-province-du-Kasai-Oriental.jpg","contentUrl":"https:\/\/ikar.dev\/bceco-v2\/wp-content\/uploads\/2023\/09\/Mission-accomplie-pour-le-directeur-general-du-bceco-dans-la-province-du-Kasai-Oriental.jpg","width":1500,"height":1000},{"@type":"BreadcrumbList","@id":"https:\/\/ikar.dev\/bceco-v2\/mission-accomplie-pour-le-directeur-general-du-bceco-dans-la-province-du-kasai-oriental\/#breadcrumb","itemListElement":[{"@type":"ListItem","position":1,"name":"Accueil","item":"https:\/\/ikar.dev\/bceco-v2\/"},{"@type":"ListItem","position":2,"name":"Mission accomplie pour le directeur g\u00e9n\u00e9ral du BCeCo dans la province du Kasa\u00ef Oriental !"}]},{"@type":"WebSite","@id":"https:\/\/ikar.dev\/bceco-v2\/#website","url":"https:\/\/ikar.dev\/bceco-v2\/","name":"Bureau Central de Coordination","description":"B.Ce.Co \u2013 Au c\u0153ur de l\u2019ex\u00e9cution des projets de d\u00e9veloppement en RDC","publisher":{"@id":"https:\/\/ikar.dev\/bceco-v2\/#organization"},"potentialAction":[{"@type":"SearchAction","target":{"@type":"EntryPoint","urlTemplate":"https:\/\/ikar.dev\/bceco-v2\/?s={search_term_string}"},"query-input":{"@type":"PropertyValueSpecification","valueRequired":true,"valueName":"search_term_string"}}],"inLanguage":"en-US"},{"@type":"Organization","@id":"https:\/\/ikar.dev\/bceco-v2\/#organization","name":"Bureau Central de Coordination","url":"https:\/\/ikar.dev\/bceco-v2\/","logo":{"@type":"ImageObject","inLanguage":"en-US","@id":"https:\/\/ikar.dev\/bceco-v2\/#\/schema\/logo\/image\/","url":"https:\/\/ikar.dev\/bceco-v2\/wp-content\/uploads\/2025\/12\/BCECO-Bureau-Central-de-Coordination.jpg","contentUrl":"https:\/\/ikar.dev\/bceco-v2\/wp-content\/uploads\/2025\/12\/BCECO-Bureau-Central-de-Coordination.jpg","width":2048,"height":2048,"caption":"Bureau Central de Coordination"},"image":{"@id":"https:\/\/ikar.dev\/bceco-v2\/#\/schema\/logo\/image\/"},"sameAs":["https:\/\/www.facebook.com\/BCeCoRDC","https:\/\/x.com\/BCeCoRDC"]},{"@type":"Person","@id":"https:\/\/ikar.dev\/bceco-v2\/#\/schema\/person\/6ee74807ffb016a78852fec6a295d503","name":"bceco","image":{"@type":"ImageObject","inLanguage":"en-US","@id":"https:\/\/ikar.dev\/bceco-v2\/#\/schema\/person\/image\/","url":"https:\/\/secure.gravatar.com\/avatar\/55c07e1707f50774ef3c842c9d074773a6b558a20fbd1608c8e4871bc88f3455?s=96&d=mm&r=g","contentUrl":"https:\/\/secure.gravatar.com\/avatar\/55c07e1707f50774ef3c842c9d074773a6b558a20fbd1608c8e4871bc88f3455?s=96&d=mm&r=g","caption":"bceco"},"sameAs":["https:\/\/ikar.dev\/bceco-v2"],"url":"https:\/\/ikar.dev\/bceco-v2\/author\/bceco\/"}]}},"_links":{"self":[{"href":"https:\/\/ikar.dev\/bceco-v2\/wp-json\/wp\/v2\/posts\/30343","targetHints":{"allow":["GET"]}}],"collection":[{"href":"https:\/\/ikar.dev\/bceco-v2\/wp-json\/wp\/v2\/posts"}],"about":[{"href":"https:\/\/ikar.dev\/bceco-v2\/wp-json\/wp\/v2\/types\/post"}],"author":[{"embeddable":true,"href":"https:\/\/ikar.dev\/bceco-v2\/wp-json\/wp\/v2\/users\/1"}],"replies":[{"embeddable":true,"href":"https:\/\/ikar.dev\/bceco-v2\/wp-json\/wp\/v2\/comments?post=30343"}],"version-history":[{"count":1,"href":"https:\/\/ikar.dev\/bceco-v2\/wp-json\/wp\/v2\/posts\/30343\/revisions"}],"predecessor-version":[{"id":56338,"href":"https:\/\/ikar.dev\/bceco-v2\/wp-json\/wp\/v2\/posts\/30343\/revisions\/56338"}],"wp:featuredmedia":[{"embeddable":true,"href":"https:\/\/ikar.dev\/bceco-v2\/wp-json\/wp\/v2\/media\/30347"}],"wp:attachment":[{"href":"https:\/\/ikar.dev\/bceco-v2\/wp-json\/wp\/v2\/media?parent=30343"}],"wp:term":[{"taxonomy":"category","embeddable":true,"href":"https:\/\/ikar.dev\/bceco-v2\/wp-json\/wp\/v2\/categories?post=30343"},{"taxonomy":"post_tag","embeddable":true,"href":"https:\/\/ikar.dev\/bceco-v2\/wp-json\/wp\/v2\/tags?post=30343"}],"curies":[{"name":"wp","href":"https:\/\/api.w.org\/{rel}","templated":true}]}}