{"id":30312,"date":"2023-09-16T00:48:00","date_gmt":"2023-09-16T00:48:00","guid":{"rendered":"https:\/\/bceco.cd\/?p=30312"},"modified":"2025-12-23T17:19:12","modified_gmt":"2025-12-23T16:19:12","slug":"pdl-145t-nord-kivu-les-premieres-rentrees-scolaires-dans-les-ecoles-bceco","status":"publish","type":"post","link":"https:\/\/ikar.dev\/bceco-v2\/pdl-145t-nord-kivu-les-premieres-rentrees-scolaires-dans-les-ecoles-bceco\/","title":{"rendered":"PDL-145T Nord Kivu : Les premi\u00e8res rentr\u00e9es scolaires dans les \u00e9coles BCECO !"},"content":{"rendered":"<p style=\"text-align: justify;\">La rentr\u00e9e scolaire 2023-2024 a eu lieu le lundi 4 septembre 2023 sur toute l&#8217;\u00e9tendue de la r\u00e9publique d\u00e9mocratique du Congo.<\/p>\n\n<p style=\"text-align: justify;\">Une particularit\u00e9 cependant pour cette ann\u00e9e, il faut compter avec les nouvelles \u00e9coles construites dans le cadre du <a href=\"https:\/\/pdl145.gouv.cd\/\" target=\"_blank\" rel=\"noopener\">programme de d\u00e9veloppement local des 145T<\/a>.<\/p>\n\n\n<figure class=\"wp-block-gallery has-nested-images columns-default is-cropped wp-block-gallery-1 is-layout-flex wp-block-gallery-is-layout-flex\">\n<figure class=\"wp-block-image size-large\"><img fetchpriority=\"high\" decoding=\"async\" width=\"1080\" height=\"486\" data-id=\"30336\" src=\"https:\/\/ikar.dev\/bceco-v2\/wp-content\/uploads\/2023\/09\/Les-premieres-rentrees-scolaires-dans-les-ecoles-BCECO-23.jpeg\" alt=\"\" class=\"wp-image-30336\" srcset=\"https:\/\/ikar.dev\/bceco-v2\/wp-content\/uploads\/2023\/09\/Les-premieres-rentrees-scolaires-dans-les-ecoles-BCECO-23.jpeg 1080w, https:\/\/ikar.dev\/bceco-v2\/wp-content\/uploads\/2023\/09\/Les-premieres-rentrees-scolaires-dans-les-ecoles-BCECO-23-768x346.jpeg 768w, https:\/\/ikar.dev\/bceco-v2\/wp-content\/uploads\/2023\/09\/Les-premieres-rentrees-scolaires-dans-les-ecoles-BCECO-23-600x270.jpeg 600w\" sizes=\"(max-width: 1080px) 100vw, 1080px\" \/><\/figure>\n\n\n\n<figure class=\"wp-block-image size-large\"><img decoding=\"async\" width=\"1080\" height=\"486\" data-id=\"30314\" src=\"https:\/\/ikar.dev\/bceco-v2\/wp-content\/uploads\/2023\/09\/Les-premieres-rentrees-scolaires-dans-les-ecoles-BCECO-1.jpeg\" alt=\"\" class=\"wp-image-30314\" srcset=\"https:\/\/ikar.dev\/bceco-v2\/wp-content\/uploads\/2023\/09\/Les-premieres-rentrees-scolaires-dans-les-ecoles-BCECO-1.jpeg 1080w, https:\/\/ikar.dev\/bceco-v2\/wp-content\/uploads\/2023\/09\/Les-premieres-rentrees-scolaires-dans-les-ecoles-BCECO-1-768x346.jpeg 768w, https:\/\/ikar.dev\/bceco-v2\/wp-content\/uploads\/2023\/09\/Les-premieres-rentrees-scolaires-dans-les-ecoles-BCECO-1-600x270.jpeg 600w\" sizes=\"(max-width: 1080px) 100vw, 1080px\" \/><\/figure>\n<\/figure>\n\n\n<p style=\"text-align: justify;\">En effet apr\u00e8s avoir \u00e9t\u00e9 remises officiellement le 28 et 29 ao\u00fbt dernier au gouvernement congolais certaines \u00e9coles dont les \u00e9coles primaires Masosi, Maakehe et Busamba dans le territoire de B\u00e9ni dans le Nord Kivu ont ouvert leurs portes pour recevoir les \u00e9l\u00e8ves qui d\u00e9sormais vont devoir suivre les cours dans les meilleures conditions. Hormis le Nord Kivu d&#8217;autres provinces sous tutelle <a href=\"https:\/\/ikar.dev\/bceco-v2\/\" target=\"_blank\" rel=\"noopener\">BCeCo<\/a> ont aussi accueilli les \u00e9l\u00e8ves \u00e0 la grande satisfaction des autorit\u00e9s et surtout des b\u00e9n\u00e9ficiaires.<\/p>\n\n<p style=\"text-align: justify;\">Mr paluku Roger directeur de l&#8217;Ep Busamba \u00e0 B\u00e9ni relate ce premier jour de classe : &#8221; aussit\u00f4t que l&#8217;\u00e9cole a \u00e9t\u00e9 mise \u00e0 notre disposition, nous avons d\u00e9m\u00e9nag\u00e9 vers la nouvelle b\u00e2tisse afin de recevoir les enfants en toute qui\u00e9tude. Tout se passe bien. Nous sommes op\u00e9rationnels depuis le 4 septembre &#8220;<\/p>\n<p style=\"text-align: justify;\">Ce programme initi\u00e9 par le chef de l&#8217;\u00e9tat prend corps jour apr\u00e8s jour .<\/p>\n\n\n<figure class=\"wp-block-gallery has-nested-images columns-default is-cropped wp-block-gallery-2 is-layout-flex wp-block-gallery-is-layout-flex\">\n<figure class=\"wp-block-image size-large\"><img decoding=\"async\" width=\"1080\" height=\"486\" data-id=\"30326\" src=\"https:\/\/ikar.dev\/bceco-v2\/wp-content\/uploads\/2023\/09\/Les-premieres-rentrees-scolaires-dans-les-ecoles-BCECO-13.jpeg\" alt=\"\" class=\"wp-image-30326\" srcset=\"https:\/\/ikar.dev\/bceco-v2\/wp-content\/uploads\/2023\/09\/Les-premieres-rentrees-scolaires-dans-les-ecoles-BCECO-13.jpeg 1080w, https:\/\/ikar.dev\/bceco-v2\/wp-content\/uploads\/2023\/09\/Les-premieres-rentrees-scolaires-dans-les-ecoles-BCECO-13-768x346.jpeg 768w, https:\/\/ikar.dev\/bceco-v2\/wp-content\/uploads\/2023\/09\/Les-premieres-rentrees-scolaires-dans-les-ecoles-BCECO-13-600x270.jpeg 600w\" sizes=\"(max-width: 1080px) 100vw, 1080px\" \/><\/figure>\n\n\n\n<figure class=\"wp-block-image size-large\"><img loading=\"lazy\" decoding=\"async\" width=\"1080\" height=\"486\" data-id=\"30323\" src=\"https:\/\/ikar.dev\/bceco-v2\/wp-content\/uploads\/2023\/09\/Les-premieres-rentrees-scolaires-dans-les-ecoles-BCECO-10.jpeg\" alt=\"\" class=\"wp-image-30323\" srcset=\"https:\/\/ikar.dev\/bceco-v2\/wp-content\/uploads\/2023\/09\/Les-premieres-rentrees-scolaires-dans-les-ecoles-BCECO-10.jpeg 1080w, https:\/\/ikar.dev\/bceco-v2\/wp-content\/uploads\/2023\/09\/Les-premieres-rentrees-scolaires-dans-les-ecoles-BCECO-10-768x346.jpeg 768w, https:\/\/ikar.dev\/bceco-v2\/wp-content\/uploads\/2023\/09\/Les-premieres-rentrees-scolaires-dans-les-ecoles-BCECO-10-600x270.jpeg 600w\" sizes=\"(max-width: 1080px) 100vw, 1080px\" \/><\/figure>\n<\/figure>\n\n\n<p style=\"text-align: justify;\">Ces ouvrages plus d&#8217; une certaine au total dont le lancement des travaux est intervenu au mois d&#8217;octobre de l&#8217;ann\u00e9e derni\u00e8re, tombent \u00e0 pic pour r\u00e9soudre le probl\u00e8me de surpeuplement des \u00e9coles caus\u00e9 par la gratuit\u00e9 de l&#8217;enseignement de base.<\/p>\n\n<p style=\"text-align: justify;\">Aujourd&#8217;hui l&#8217;on peut affirmer sans peur d&#8217;\u00eatre contredit que le r\u00eave a rattrap\u00e9 la r\u00e9alit\u00e9 et en v\u00e9ritable agence de d\u00e9veloppement sous le leadership avis\u00e9 de son directeur g\u00e9n\u00e9ral Jean Mabi Mulumba, le BCeCo est pr\u00eat \u00e0 accompagner le gouvernement dans tout autre projet.<\/p>","protected":false},"excerpt":{"rendered":"<p>La rentr\u00e9e scolaire 2023-2024 a eu lieu le lundi 4 septembre 2023 sur toute l&#8217;\u00e9tendue de la r\u00e9publique d\u00e9mocratique du Congo. Une particularit\u00e9 cependant pour cette ann\u00e9e, il faut compter avec les nouvelles \u00e9coles construites dans le cadre du programme de d\u00e9veloppement local des 145T. En effet apr\u00e8s avoir \u00e9t\u00e9 remises officiellement le 28 et<\/p>\n","protected":false},"author":1,"featured_media":30331,"comment_status":"open","ping_status":"open","sticky":false,"template":"","format":"standard","meta":{"footnotes":""},"categories":[69,61],"tags":[],"class_list":["post-30312","post","type-post","status-publish","format-standard","has-post-thumbnail","hentry","category-actualites","category-pdl145t"],"yoast_head":"<!-- This site is optimized with the Yoast SEO plugin v27.0 - https:\/\/yoast.com\/product\/yoast-seo-wordpress\/ -->\n<title>Les premi\u00e8res rentr\u00e9es scolaires dans les \u00e9coles BCECO<\/title>\n<meta name=\"description\" content=\"La rentr\u00e9e scolaire 2023-2024 a eu lieu le lundi 4 septembre 2023 sur toute l&#039;\u00e9tendue de la r\u00e9publique d\u00e9mocratique du Congo.\" \/>\n<meta name=\"robots\" content=\"index, follow, max-snippet:-1, max-image-preview:large, max-video-preview:-1\" \/>\n<link rel=\"canonical\" href=\"https:\/\/ikar.dev\/bceco-v2\/pdl-145t-nord-kivu-les-premieres-rentrees-scolaires-dans-les-ecoles-bceco\/\" \/>\n<meta property=\"og:locale\" content=\"en_US\" \/>\n<meta property=\"og:type\" content=\"article\" \/>\n<meta property=\"og:title\" content=\"Les premi\u00e8res rentr\u00e9es scolaires dans les \u00e9coles BCECO\" \/>\n<meta property=\"og:description\" content=\"La rentr\u00e9e scolaire 2023-2024 a eu lieu le lundi 4 septembre 2023 sur toute l&#039;\u00e9tendue de la r\u00e9publique d\u00e9mocratique du Congo.\" \/>\n<meta property=\"og:url\" content=\"https:\/\/ikar.dev\/bceco-v2\/pdl-145t-nord-kivu-les-premieres-rentrees-scolaires-dans-les-ecoles-bceco\/\" \/>\n<meta property=\"og:site_name\" content=\"Bureau Central de Coordination\" \/>\n<meta property=\"article:publisher\" content=\"https:\/\/www.facebook.com\/BCeCoRDC\" \/>\n<meta property=\"article:published_time\" content=\"2023-09-16T00:48:00+00:00\" \/>\n<meta property=\"article:modified_time\" content=\"2025-12-23T16:19:12+00:00\" \/>\n<meta property=\"og:image\" content=\"https:\/\/ikar.dev\/bceco-v2\/wp-content\/uploads\/2023\/09\/Les-premieres-rentrees-scolaires-dans-les-ecoles-BCECO-18.jpeg\" \/>\n\t<meta property=\"og:image:width\" content=\"1080\" \/>\n\t<meta property=\"og:image:height\" content=\"486\" \/>\n\t<meta property=\"og:image:type\" content=\"image\/jpeg\" \/>\n<meta name=\"author\" content=\"bceco\" \/>\n<meta name=\"twitter:card\" content=\"summary_large_image\" \/>\n<meta name=\"twitter:creator\" content=\"@BCeCoRDC\" \/>\n<meta name=\"twitter:site\" content=\"@BCeCoRDC\" \/>\n<meta name=\"twitter:label1\" content=\"Written by\" \/>\n\t<meta name=\"twitter:data1\" content=\"bceco\" \/>\n\t<meta name=\"twitter:label2\" content=\"Est. reading time\" \/>\n\t<meta name=\"twitter:data2\" content=\"3 minutes\" \/>\n<script type=\"application\/ld+json\" class=\"yoast-schema-graph\">{\"@context\":\"https:\/\/schema.org\",\"@graph\":[{\"@type\":\"Article\",\"@id\":\"https:\/\/ikar.dev\/bceco-v2\/pdl-145t-nord-kivu-les-premieres-rentrees-scolaires-dans-les-ecoles-bceco\/#article\",\"isPartOf\":{\"@id\":\"https:\/\/ikar.dev\/bceco-v2\/pdl-145t-nord-kivu-les-premieres-rentrees-scolaires-dans-les-ecoles-bceco\/\"},\"author\":{\"name\":\"bceco\",\"@id\":\"https:\/\/ikar.dev\/bceco-v2\/#\/schema\/person\/6ee74807ffb016a78852fec6a295d503\"},\"headline\":\"PDL-145T Nord Kivu : Les premi\u00e8res rentr\u00e9es scolaires dans les \u00e9coles BCECO !\",\"datePublished\":\"2023-09-16T00:48:00+00:00\",\"dateModified\":\"2025-12-23T16:19:12+00:00\",\"mainEntityOfPage\":{\"@id\":\"https:\/\/ikar.dev\/bceco-v2\/pdl-145t-nord-kivu-les-premieres-rentrees-scolaires-dans-les-ecoles-bceco\/\"},\"wordCount\":318,\"commentCount\":0,\"publisher\":{\"@id\":\"https:\/\/ikar.dev\/bceco-v2\/#organization\"},\"image\":{\"@id\":\"https:\/\/ikar.dev\/bceco-v2\/pdl-145t-nord-kivu-les-premieres-rentrees-scolaires-dans-les-ecoles-bceco\/#primaryimage\"},\"thumbnailUrl\":\"https:\/\/ikar.dev\/bceco-v2\/wp-content\/uploads\/2023\/09\/Les-premieres-rentrees-scolaires-dans-les-ecoles-BCECO-18.jpeg\",\"articleSection\":[\"Actualit\u00e9s\",\"PDL145T\"],\"inLanguage\":\"en-US\",\"potentialAction\":[{\"@type\":\"CommentAction\",\"name\":\"Comment\",\"target\":[\"https:\/\/ikar.dev\/bceco-v2\/pdl-145t-nord-kivu-les-premieres-rentrees-scolaires-dans-les-ecoles-bceco\/#respond\"]}]},{\"@type\":\"WebPage\",\"@id\":\"https:\/\/ikar.dev\/bceco-v2\/pdl-145t-nord-kivu-les-premieres-rentrees-scolaires-dans-les-ecoles-bceco\/\",\"url\":\"https:\/\/ikar.dev\/bceco-v2\/pdl-145t-nord-kivu-les-premieres-rentrees-scolaires-dans-les-ecoles-bceco\/\",\"name\":\"Les premi\u00e8res rentr\u00e9es scolaires dans les \u00e9coles BCECO\",\"isPartOf\":{\"@id\":\"https:\/\/ikar.dev\/bceco-v2\/#website\"},\"primaryImageOfPage\":{\"@id\":\"https:\/\/ikar.dev\/bceco-v2\/pdl-145t-nord-kivu-les-premieres-rentrees-scolaires-dans-les-ecoles-bceco\/#primaryimage\"},\"image\":{\"@id\":\"https:\/\/ikar.dev\/bceco-v2\/pdl-145t-nord-kivu-les-premieres-rentrees-scolaires-dans-les-ecoles-bceco\/#primaryimage\"},\"thumbnailUrl\":\"https:\/\/ikar.dev\/bceco-v2\/wp-content\/uploads\/2023\/09\/Les-premieres-rentrees-scolaires-dans-les-ecoles-BCECO-18.jpeg\",\"datePublished\":\"2023-09-16T00:48:00+00:00\",\"dateModified\":\"2025-12-23T16:19:12+00:00\",\"description\":\"La rentr\u00e9e scolaire 2023-2024 a eu lieu le lundi 4 septembre 2023 sur toute l'\u00e9tendue de la r\u00e9publique d\u00e9mocratique du Congo.\",\"breadcrumb\":{\"@id\":\"https:\/\/ikar.dev\/bceco-v2\/pdl-145t-nord-kivu-les-premieres-rentrees-scolaires-dans-les-ecoles-bceco\/#breadcrumb\"},\"inLanguage\":\"en-US\",\"potentialAction\":[{\"@type\":\"ReadAction\",\"target\":[\"https:\/\/ikar.dev\/bceco-v2\/pdl-145t-nord-kivu-les-premieres-rentrees-scolaires-dans-les-ecoles-bceco\/\"]}]},{\"@type\":\"ImageObject\",\"inLanguage\":\"en-US\",\"@id\":\"https:\/\/ikar.dev\/bceco-v2\/pdl-145t-nord-kivu-les-premieres-rentrees-scolaires-dans-les-ecoles-bceco\/#primaryimage\",\"url\":\"https:\/\/ikar.dev\/bceco-v2\/wp-content\/uploads\/2023\/09\/Les-premieres-rentrees-scolaires-dans-les-ecoles-BCECO-18.jpeg\",\"contentUrl\":\"https:\/\/ikar.dev\/bceco-v2\/wp-content\/uploads\/2023\/09\/Les-premieres-rentrees-scolaires-dans-les-ecoles-BCECO-18.jpeg\",\"width\":1080,\"height\":486,\"caption\":\"PDL-145T Nord Kivu : Les premi\u00e8res rentr\u00e9es scolaires dans les \u00e9coles BCECO !\"},{\"@type\":\"BreadcrumbList\",\"@id\":\"https:\/\/ikar.dev\/bceco-v2\/pdl-145t-nord-kivu-les-premieres-rentrees-scolaires-dans-les-ecoles-bceco\/#breadcrumb\",\"itemListElement\":[{\"@type\":\"ListItem\",\"position\":1,\"name\":\"Accueil\",\"item\":\"https:\/\/ikar.dev\/bceco-v2\/\"},{\"@type\":\"ListItem\",\"position\":2,\"name\":\"PDL-145T Nord Kivu : Les premi\u00e8res rentr\u00e9es scolaires dans les \u00e9coles BCECO !\"}]},{\"@type\":\"WebSite\",\"@id\":\"https:\/\/ikar.dev\/bceco-v2\/#website\",\"url\":\"https:\/\/ikar.dev\/bceco-v2\/\",\"name\":\"Bureau Central de Coordination\",\"description\":\"B.Ce.Co \u2013 Au c\u0153ur de l\u2019ex\u00e9cution des projets de d\u00e9veloppement en RDC\",\"publisher\":{\"@id\":\"https:\/\/ikar.dev\/bceco-v2\/#organization\"},\"potentialAction\":[{\"@type\":\"SearchAction\",\"target\":{\"@type\":\"EntryPoint\",\"urlTemplate\":\"https:\/\/ikar.dev\/bceco-v2\/?s={search_term_string}\"},\"query-input\":{\"@type\":\"PropertyValueSpecification\",\"valueRequired\":true,\"valueName\":\"search_term_string\"}}],\"inLanguage\":\"en-US\"},{\"@type\":\"Organization\",\"@id\":\"https:\/\/ikar.dev\/bceco-v2\/#organization\",\"name\":\"Bureau Central de Coordination\",\"url\":\"https:\/\/ikar.dev\/bceco-v2\/\",\"logo\":{\"@type\":\"ImageObject\",\"inLanguage\":\"en-US\",\"@id\":\"https:\/\/ikar.dev\/bceco-v2\/#\/schema\/logo\/image\/\",\"url\":\"https:\/\/ikar.dev\/bceco-v2\/wp-content\/uploads\/2025\/12\/BCECO-Bureau-Central-de-Coordination.jpg\",\"contentUrl\":\"https:\/\/ikar.dev\/bceco-v2\/wp-content\/uploads\/2025\/12\/BCECO-Bureau-Central-de-Coordination.jpg\",\"width\":2048,\"height\":2048,\"caption\":\"Bureau Central de Coordination\"},\"image\":{\"@id\":\"https:\/\/ikar.dev\/bceco-v2\/#\/schema\/logo\/image\/\"},\"sameAs\":[\"https:\/\/www.facebook.com\/BCeCoRDC\",\"https:\/\/x.com\/BCeCoRDC\"]},{\"@type\":\"Person\",\"@id\":\"https:\/\/ikar.dev\/bceco-v2\/#\/schema\/person\/6ee74807ffb016a78852fec6a295d503\",\"name\":\"bceco\",\"image\":{\"@type\":\"ImageObject\",\"inLanguage\":\"en-US\",\"@id\":\"https:\/\/ikar.dev\/bceco-v2\/#\/schema\/person\/image\/\",\"url\":\"https:\/\/secure.gravatar.com\/avatar\/55c07e1707f50774ef3c842c9d074773a6b558a20fbd1608c8e4871bc88f3455?s=96&d=mm&r=g\",\"contentUrl\":\"https:\/\/secure.gravatar.com\/avatar\/55c07e1707f50774ef3c842c9d074773a6b558a20fbd1608c8e4871bc88f3455?s=96&d=mm&r=g\",\"caption\":\"bceco\"},\"sameAs\":[\"https:\/\/ikar.dev\/bceco-v2\"],\"url\":\"https:\/\/ikar.dev\/bceco-v2\/author\/bceco\/\"}]}<\/script>\n<!-- \/ Yoast SEO plugin. -->","yoast_head_json":{"title":"Les premi\u00e8res rentr\u00e9es scolaires dans les \u00e9coles BCECO","description":"La rentr\u00e9e scolaire 2023-2024 a eu lieu le lundi 4 septembre 2023 sur toute l'\u00e9tendue de la r\u00e9publique d\u00e9mocratique du Congo.","robots":{"index":"index","follow":"follow","max-snippet":"max-snippet:-1","max-image-preview":"max-image-preview:large","max-video-preview":"max-video-preview:-1"},"canonical":"https:\/\/ikar.dev\/bceco-v2\/pdl-145t-nord-kivu-les-premieres-rentrees-scolaires-dans-les-ecoles-bceco\/","og_locale":"en_US","og_type":"article","og_title":"Les premi\u00e8res rentr\u00e9es scolaires dans les \u00e9coles BCECO","og_description":"La rentr\u00e9e scolaire 2023-2024 a eu lieu le lundi 4 septembre 2023 sur toute l'\u00e9tendue de la r\u00e9publique d\u00e9mocratique du Congo.","og_url":"https:\/\/ikar.dev\/bceco-v2\/pdl-145t-nord-kivu-les-premieres-rentrees-scolaires-dans-les-ecoles-bceco\/","og_site_name":"Bureau Central de Coordination","article_publisher":"https:\/\/www.facebook.com\/BCeCoRDC","article_published_time":"2023-09-16T00:48:00+00:00","article_modified_time":"2025-12-23T16:19:12+00:00","og_image":[{"width":1080,"height":486,"url":"https:\/\/ikar.dev\/bceco-v2\/wp-content\/uploads\/2023\/09\/Les-premieres-rentrees-scolaires-dans-les-ecoles-BCECO-18.jpeg","type":"image\/jpeg"}],"author":"bceco","twitter_card":"summary_large_image","twitter_creator":"@BCeCoRDC","twitter_site":"@BCeCoRDC","twitter_misc":{"Written by":"bceco","Est. reading time":"3 minutes"},"schema":{"@context":"https:\/\/schema.org","@graph":[{"@type":"Article","@id":"https:\/\/ikar.dev\/bceco-v2\/pdl-145t-nord-kivu-les-premieres-rentrees-scolaires-dans-les-ecoles-bceco\/#article","isPartOf":{"@id":"https:\/\/ikar.dev\/bceco-v2\/pdl-145t-nord-kivu-les-premieres-rentrees-scolaires-dans-les-ecoles-bceco\/"},"author":{"name":"bceco","@id":"https:\/\/ikar.dev\/bceco-v2\/#\/schema\/person\/6ee74807ffb016a78852fec6a295d503"},"headline":"PDL-145T Nord Kivu : Les premi\u00e8res rentr\u00e9es scolaires dans les \u00e9coles BCECO !","datePublished":"2023-09-16T00:48:00+00:00","dateModified":"2025-12-23T16:19:12+00:00","mainEntityOfPage":{"@id":"https:\/\/ikar.dev\/bceco-v2\/pdl-145t-nord-kivu-les-premieres-rentrees-scolaires-dans-les-ecoles-bceco\/"},"wordCount":318,"commentCount":0,"publisher":{"@id":"https:\/\/ikar.dev\/bceco-v2\/#organization"},"image":{"@id":"https:\/\/ikar.dev\/bceco-v2\/pdl-145t-nord-kivu-les-premieres-rentrees-scolaires-dans-les-ecoles-bceco\/#primaryimage"},"thumbnailUrl":"https:\/\/ikar.dev\/bceco-v2\/wp-content\/uploads\/2023\/09\/Les-premieres-rentrees-scolaires-dans-les-ecoles-BCECO-18.jpeg","articleSection":["Actualit\u00e9s","PDL145T"],"inLanguage":"en-US","potentialAction":[{"@type":"CommentAction","name":"Comment","target":["https:\/\/ikar.dev\/bceco-v2\/pdl-145t-nord-kivu-les-premieres-rentrees-scolaires-dans-les-ecoles-bceco\/#respond"]}]},{"@type":"WebPage","@id":"https:\/\/ikar.dev\/bceco-v2\/pdl-145t-nord-kivu-les-premieres-rentrees-scolaires-dans-les-ecoles-bceco\/","url":"https:\/\/ikar.dev\/bceco-v2\/pdl-145t-nord-kivu-les-premieres-rentrees-scolaires-dans-les-ecoles-bceco\/","name":"Les premi\u00e8res rentr\u00e9es scolaires dans les \u00e9coles BCECO","isPartOf":{"@id":"https:\/\/ikar.dev\/bceco-v2\/#website"},"primaryImageOfPage":{"@id":"https:\/\/ikar.dev\/bceco-v2\/pdl-145t-nord-kivu-les-premieres-rentrees-scolaires-dans-les-ecoles-bceco\/#primaryimage"},"image":{"@id":"https:\/\/ikar.dev\/bceco-v2\/pdl-145t-nord-kivu-les-premieres-rentrees-scolaires-dans-les-ecoles-bceco\/#primaryimage"},"thumbnailUrl":"https:\/\/ikar.dev\/bceco-v2\/wp-content\/uploads\/2023\/09\/Les-premieres-rentrees-scolaires-dans-les-ecoles-BCECO-18.jpeg","datePublished":"2023-09-16T00:48:00+00:00","dateModified":"2025-12-23T16:19:12+00:00","description":"La rentr\u00e9e scolaire 2023-2024 a eu lieu le lundi 4 septembre 2023 sur toute l'\u00e9tendue de la r\u00e9publique d\u00e9mocratique du Congo.","breadcrumb":{"@id":"https:\/\/ikar.dev\/bceco-v2\/pdl-145t-nord-kivu-les-premieres-rentrees-scolaires-dans-les-ecoles-bceco\/#breadcrumb"},"inLanguage":"en-US","potentialAction":[{"@type":"ReadAction","target":["https:\/\/ikar.dev\/bceco-v2\/pdl-145t-nord-kivu-les-premieres-rentrees-scolaires-dans-les-ecoles-bceco\/"]}]},{"@type":"ImageObject","inLanguage":"en-US","@id":"https:\/\/ikar.dev\/bceco-v2\/pdl-145t-nord-kivu-les-premieres-rentrees-scolaires-dans-les-ecoles-bceco\/#primaryimage","url":"https:\/\/ikar.dev\/bceco-v2\/wp-content\/uploads\/2023\/09\/Les-premieres-rentrees-scolaires-dans-les-ecoles-BCECO-18.jpeg","contentUrl":"https:\/\/ikar.dev\/bceco-v2\/wp-content\/uploads\/2023\/09\/Les-premieres-rentrees-scolaires-dans-les-ecoles-BCECO-18.jpeg","width":1080,"height":486,"caption":"PDL-145T Nord Kivu : Les premi\u00e8res rentr\u00e9es scolaires dans les \u00e9coles BCECO !"},{"@type":"BreadcrumbList","@id":"https:\/\/ikar.dev\/bceco-v2\/pdl-145t-nord-kivu-les-premieres-rentrees-scolaires-dans-les-ecoles-bceco\/#breadcrumb","itemListElement":[{"@type":"ListItem","position":1,"name":"Accueil","item":"https:\/\/ikar.dev\/bceco-v2\/"},{"@type":"ListItem","position":2,"name":"PDL-145T Nord Kivu : Les premi\u00e8res rentr\u00e9es scolaires dans les \u00e9coles BCECO !"}]},{"@type":"WebSite","@id":"https:\/\/ikar.dev\/bceco-v2\/#website","url":"https:\/\/ikar.dev\/bceco-v2\/","name":"Bureau Central de Coordination","description":"B.Ce.Co \u2013 Au c\u0153ur de l\u2019ex\u00e9cution des projets de d\u00e9veloppement en RDC","publisher":{"@id":"https:\/\/ikar.dev\/bceco-v2\/#organization"},"potentialAction":[{"@type":"SearchAction","target":{"@type":"EntryPoint","urlTemplate":"https:\/\/ikar.dev\/bceco-v2\/?s={search_term_string}"},"query-input":{"@type":"PropertyValueSpecification","valueRequired":true,"valueName":"search_term_string"}}],"inLanguage":"en-US"},{"@type":"Organization","@id":"https:\/\/ikar.dev\/bceco-v2\/#organization","name":"Bureau Central de Coordination","url":"https:\/\/ikar.dev\/bceco-v2\/","logo":{"@type":"ImageObject","inLanguage":"en-US","@id":"https:\/\/ikar.dev\/bceco-v2\/#\/schema\/logo\/image\/","url":"https:\/\/ikar.dev\/bceco-v2\/wp-content\/uploads\/2025\/12\/BCECO-Bureau-Central-de-Coordination.jpg","contentUrl":"https:\/\/ikar.dev\/bceco-v2\/wp-content\/uploads\/2025\/12\/BCECO-Bureau-Central-de-Coordination.jpg","width":2048,"height":2048,"caption":"Bureau Central de Coordination"},"image":{"@id":"https:\/\/ikar.dev\/bceco-v2\/#\/schema\/logo\/image\/"},"sameAs":["https:\/\/www.facebook.com\/BCeCoRDC","https:\/\/x.com\/BCeCoRDC"]},{"@type":"Person","@id":"https:\/\/ikar.dev\/bceco-v2\/#\/schema\/person\/6ee74807ffb016a78852fec6a295d503","name":"bceco","image":{"@type":"ImageObject","inLanguage":"en-US","@id":"https:\/\/ikar.dev\/bceco-v2\/#\/schema\/person\/image\/","url":"https:\/\/secure.gravatar.com\/avatar\/55c07e1707f50774ef3c842c9d074773a6b558a20fbd1608c8e4871bc88f3455?s=96&d=mm&r=g","contentUrl":"https:\/\/secure.gravatar.com\/avatar\/55c07e1707f50774ef3c842c9d074773a6b558a20fbd1608c8e4871bc88f3455?s=96&d=mm&r=g","caption":"bceco"},"sameAs":["https:\/\/ikar.dev\/bceco-v2"],"url":"https:\/\/ikar.dev\/bceco-v2\/author\/bceco\/"}]}},"_links":{"self":[{"href":"https:\/\/ikar.dev\/bceco-v2\/wp-json\/wp\/v2\/posts\/30312","targetHints":{"allow":["GET"]}}],"collection":[{"href":"https:\/\/ikar.dev\/bceco-v2\/wp-json\/wp\/v2\/posts"}],"about":[{"href":"https:\/\/ikar.dev\/bceco-v2\/wp-json\/wp\/v2\/types\/post"}],"author":[{"embeddable":true,"href":"https:\/\/ikar.dev\/bceco-v2\/wp-json\/wp\/v2\/users\/1"}],"replies":[{"embeddable":true,"href":"https:\/\/ikar.dev\/bceco-v2\/wp-json\/wp\/v2\/comments?post=30312"}],"version-history":[{"count":1,"href":"https:\/\/ikar.dev\/bceco-v2\/wp-json\/wp\/v2\/posts\/30312\/revisions"}],"predecessor-version":[{"id":56316,"href":"https:\/\/ikar.dev\/bceco-v2\/wp-json\/wp\/v2\/posts\/30312\/revisions\/56316"}],"wp:featuredmedia":[{"embeddable":true,"href":"https:\/\/ikar.dev\/bceco-v2\/wp-json\/wp\/v2\/media\/30331"}],"wp:attachment":[{"href":"https:\/\/ikar.dev\/bceco-v2\/wp-json\/wp\/v2\/media?parent=30312"}],"wp:term":[{"taxonomy":"category","embeddable":true,"href":"https:\/\/ikar.dev\/bceco-v2\/wp-json\/wp\/v2\/categories?post=30312"},{"taxonomy":"post_tag","embeddable":true,"href":"https:\/\/ikar.dev\/bceco-v2\/wp-json\/wp\/v2\/tags?post=30312"}],"curies":[{"name":"wp","href":"https:\/\/api.w.org\/{rel}","templated":true}]}}