{"id":30023,"date":"2023-08-28T18:53:21","date_gmt":"2023-08-28T18:53:21","guid":{"rendered":"https:\/\/bceco.cd\/?p=30023"},"modified":"2025-12-23T17:18:34","modified_gmt":"2025-12-23T16:18:34","slug":"hopital-general-mama-yemo-modernise-bceco","status":"publish","type":"post","link":"https:\/\/ikar.dev\/bceco-v2\/hopital-general-mama-yemo-modernise-bceco\/","title":{"rendered":"Plus d\u2019un si\u00e8cle apr\u00e8s, l\u2019H\u00f4pital G\u00e9n\u00e9ral (ex-Mama Yemo) se pare de sa nouvelle robe moderne."},"content":{"rendered":"\t\t<div data-elementor-type=\"wp-post\" data-elementor-id=\"30023\" class=\"elementor elementor-30023\" data-elementor-post-type=\"post\">\n\t\t\t\t\t\t<section class=\"elementor-section elementor-top-section elementor-element elementor-element-6df74f8 elementor-section-boxed elementor-section-height-default elementor-section-height-default\" data-id=\"6df74f8\" data-element_type=\"section\" data-e-type=\"section\">\n\t\t\t\t\t\t<div class=\"elementor-container elementor-column-gap-default\">\n\t\t\t\t\t<div class=\"elementor-column elementor-col-100 elementor-top-column elementor-element elementor-element-2e9c9d5\" data-id=\"2e9c9d5\" data-element_type=\"column\" data-e-type=\"column\">\n\t\t\t<div class=\"elementor-widget-wrap elementor-element-populated\">\n\t\t\t\t\t\t<div class=\"elementor-element elementor-element-a7cb2bc elementor-widget elementor-widget-heading\" data-id=\"a7cb2bc\" data-element_type=\"widget\" data-e-type=\"widget\" data-widget_type=\"heading.default\">\n\t\t\t\t\t<h2 class=\"elementor-heading-title elementor-size-default\">Plus d\u2019un si\u00e8cle apr\u00e8s, l\u2019H\u00f4pital G\u00e9n\u00e9ral (ex-Mama Yemo) se pare de sa nouvelle robe moderne.<\/h2>\t\t\t\t<\/div>\n\t\t\t\t\t<\/div>\n\t\t<\/div>\n\t\t\t\t\t<\/div>\n\t\t<\/section>\n\t\t\t\t<section class=\"elementor-section elementor-top-section elementor-element elementor-element-baa411b elementor-section-boxed elementor-section-height-default elementor-section-height-default\" data-id=\"baa411b\" data-element_type=\"section\" data-e-type=\"section\">\n\t\t\t\t\t\t<div class=\"elementor-container elementor-column-gap-default\">\n\t\t\t\t\t<div class=\"elementor-column elementor-col-100 elementor-top-column elementor-element elementor-element-33bd38d\" data-id=\"33bd38d\" data-element_type=\"column\" data-e-type=\"column\">\n\t\t\t<div class=\"elementor-widget-wrap elementor-element-populated\">\n\t\t\t\t\t\t<div class=\"elementor-element elementor-element-71ff0d8 elementor-widget elementor-widget-text-editor\" data-id=\"71ff0d8\" data-element_type=\"widget\" data-e-type=\"widget\" data-widget_type=\"text-editor.default\">\n\t\t\t\t\t\t\t\t\t<p class=\"MsoNormal\" style=\"text-align: justify;\"><span lang=\"FR\" style=\"mso-ansi-language: FR;\">En 1912, le premier h\u00f4pital pour autochtones (h\u00f4pital des noirs) de L\u00e9opoldville \u00e0 l\u2019\u00e9poque, \u00e9tait cr\u00e9e afin de pr\u00e9venir la profusion de la maladie du sommeil aupr\u00e8s des autochtones qui \u00e9taient au service des colons.<\/span><\/p><p class=\"MsoNormal\" style=\"text-align: justify;\"><span lang=\"FR\" style=\"mso-ansi-language: FR;\">D\u2019abord constitu\u00e9 d\u2019un laboratoire et d\u2019un pavillon \u00e0 3 chambres, le dispensaire des autochtones s\u2019est vu, dans les ann\u00e9es 20, s\u2019\u00e9tendre de pavillons en pavillons jusqu\u2019\u00e0 constitu\u00e9 l\u2019h\u00f4pital G\u00e9n\u00e9ral de r\u00e9f\u00e9rence au soir de l\u2019ind\u00e9pendance de notre pays la RDC. Constitu\u00e9 essentiellement de 11 pavillons, l\u2019h\u00f4pital G\u00e9n\u00e9ral de r\u00e9f\u00e9rence a \u00e9t\u00e9 rebaptis\u00e9 dans les ann\u00e9es 60, <a href=\"https:\/\/hgrk-mamayemo.com\/\">H\u00f4pital Mama Yemo<\/a>.<\/span><\/p><p class=\"MsoNormal\" style=\"text-align: justify;\"><span lang=\"FR\" style=\"mso-ansi-language: FR;\">Cet h\u00f4pital, patrimoine de l\u2019histoire de notre ville de Kinshasa et de notre pays, n\u2019a subi aucune transformation de grande envergure jusqu\u2019en octobre 2021 o\u00f9 par d\u00e9cision du <a href=\"https:\/\/twitter.com\/Presidence_RDC\"><strong>Pr\u00e9sident de la R\u00e9publique F\u00e9lix-Antoine Tshisekedi<\/strong><\/a>, est lanc\u00e9 le projet de r\u00e9habilitation et de modernisation de l\u2019<a href=\"https:\/\/hgrk-mamayemo.com\/\">H\u00f4pital G\u00e9n\u00e9ral Mama Yemo<\/a>. Lequel projet est lanc\u00e9 dans le cadre du programme de r\u00e9novation des structures sanitaires de la RDC et est assign\u00e9 au Bureau Central de Coordination (<a href=\"https:\/\/twitter.com\/BCeCoRDC\">BCeCo<\/a>) pour l\u2019ex\u00e9cution d\u2019une partie des travaux. Les travaux sont financ\u00e9s \u00e0 100 % par le Gouvernement Congolais. Le prestataire de ces travaux a \u00e9t\u00e9 recrut\u00e9 par le <a href=\"https:\/\/www.facebook.com\/BCeCoRDC\">BCeCO<\/a> sur base\u00a0comp\u00e9titive.<\/span><\/p>\t\t\t\t\t\t\t\t<\/div>\n\t\t\t\t\t<\/div>\n\t\t<\/div>\n\t\t\t\t\t<\/div>\n\t\t<\/section>\n\t\t\t\t<section class=\"elementor-section elementor-top-section elementor-element elementor-element-e1a6e96 elementor-section-boxed elementor-section-height-default elementor-section-height-default\" data-id=\"e1a6e96\" data-element_type=\"section\" data-e-type=\"section\">\n\t\t\t\t\t\t<div class=\"elementor-container elementor-column-gap-default\">\n\t\t\t\t\t<div class=\"elementor-column elementor-col-50 elementor-top-column elementor-element elementor-element-11cfe33\" data-id=\"11cfe33\" data-element_type=\"column\" data-e-type=\"column\">\n\t\t\t<div class=\"elementor-widget-wrap elementor-element-populated\">\n\t\t\t\t\t\t<div class=\"elementor-element elementor-element-be8b7fd elementor-blockquote--skin-border elementor-blockquote--button-view-icon-text elementor-blockquote--button-skin-classic elementor-widget elementor-widget-blockquote\" data-id=\"be8b7fd\" data-element_type=\"widget\" data-e-type=\"widget\" data-widget_type=\"blockquote.default\">\n\t\t\t\t\t\t\t<blockquote class=\"elementor-blockquote\">\n\t\t\t<p class=\"elementor-blockquote__content\">\n\t\t\t\tLe BCeCo dans ce projet a eu pour objectifs sp\u00e9cifiques ; celui de r\u00e9habiliter et moderniser le service d\u2019urgences, la morgue, les pavillons 3 et 13. Cette r\u00e9habilitation s\u2019inscrit dans le cadre de la couverture sant\u00e9 universelle pr\u00f4n\u00e9e par le gouvernement congolais.\t\t\t<\/p>\n\t\t\t\t\t\t\t<div class=\"e-q-footer\">\n\t\t\t\t\t\t\t\t\t\t\t<cite class=\"elementor-blockquote__author\">Bureau Central de Coordination<\/cite>\n\t\t\t\t\t\t\t\t\t\t\t\t\t\t\t\t<a href=\"https:\/\/twitter.com\/intent\/tweet?text=Le+BCeCo+dans+ce+projet+a+eu+pour+objectifs+sp%C3%A9cifiques+%3B+celui+de+r%C3%A9habiliter+et+moderniser+le+service+d%E2%80%99urgences%2C+la+morgue%2C+les+pavillons+3+et+13.+Cette+r%C3%A9habilitation+s%E2%80%99inscrit+dans+le+cadre+de+la+couverture+sant%C3%A9+universelle+pr%C3%B4n%C3%A9e+par+le+gouvernement+congolais.+%E2%80%94+Bureau+Central+de+Coordination&amp;url=https%3A%2F%2Fikar.dev%2Fbceco-v2%2Fbceco-v2%2Fwp-json%2Fwp%2Fv2%2Fposts%2F30023\" class=\"elementor-blockquote__tweet-button\" target=\"_blank\">\n\t\t\t\t\t\t\t\t\t\t\t\t\t\t\t<svg aria-hidden=\"true\" class=\"e-font-icon-svg e-fab-twitter\" viewBox=\"0 0 512 512\" xmlns=\"http:\/\/www.w3.org\/2000\/svg\"><path d=\"M459.37 151.716c.325 4.548.325 9.097.325 13.645 0 138.72-105.583 298.558-298.558 298.558-59.452 0-114.68-17.219-161.137-47.106 8.447.974 16.568 1.299 25.34 1.299 49.055 0 94.213-16.568 130.274-44.832-46.132-.975-84.792-31.188-98.112-72.772 6.498.974 12.995 1.624 19.818 1.624 9.421 0 18.843-1.3 27.614-3.573-48.081-9.747-84.143-51.98-84.143-102.985v-1.299c13.969 7.797 30.214 12.67 47.431 13.319-28.264-18.843-46.781-51.005-46.781-87.391 0-19.492 5.197-37.36 14.294-52.954 51.655 63.675 129.3 105.258 216.365 109.807-1.624-7.797-2.599-15.918-2.599-24.04 0-57.828 46.782-104.934 104.934-104.934 30.213 0 57.502 12.67 76.67 33.137 23.715-4.548 46.456-13.32 66.599-25.34-7.798 24.366-24.366 44.833-46.132 57.827 21.117-2.273 41.584-8.122 60.426-16.243-14.292 20.791-32.161 39.308-52.628 54.253z\"><\/path><\/svg>\t\t\t\t\t\t\t\t\t\t\t\t\t\t\t\t\t\t\t\t\t\t\t\t\t\t\t\t\t\t<span class=\"elementor-blockquote__tweet-label\">Tweet<\/span>\n\t\t\t\t\t\t\t\t\t\t\t\t\t<\/a>\n\t\t\t\t\t\t\t\t\t<\/div>\n\t\t\t\t\t<\/blockquote>\n\t\t\t\t\t\t<\/div>\n\t\t\t\t\t<\/div>\n\t\t<\/div>\n\t\t\t\t<div class=\"elementor-column elementor-col-50 elementor-top-column elementor-element elementor-element-e5a23d2\" data-id=\"e5a23d2\" data-element_type=\"column\" data-e-type=\"column\">\n\t\t\t<div class=\"elementor-widget-wrap elementor-element-populated\">\n\t\t\t\t\t\t<div class=\"elementor-element elementor-element-b4022db elementor-widget elementor-widget-text-editor\" data-id=\"b4022db\" data-element_type=\"widget\" data-e-type=\"widget\" data-widget_type=\"text-editor.default\">\n\t\t\t\t\t\t\t\t\t<p>Aujourd\u2019hui, pr\u00e8s de deux ans apr\u00e8s le lancement des travaux de r\u00e9habilitation, l\u2019<a href=\"https:\/\/hgrk-mamayemo.com\/\">H\u00f4pital G\u00e9n\u00e9ral de Mama Yemo<\/a> est quasi achev\u00e9 et est pr\u00eat \u00e0 \u00eatre r\u00e9ceptionn\u00e9 techniquement.<\/p><p>De ce projet de grande envergure, le gouvernement congolais s\u2019engage \u00e0 l\u2019am\u00e9lioration des conditions d\u2019acc\u00e8s aux soins de sant\u00e9 de la population, un acc\u00e8s facile aux soins de sant\u00e9 de qualit\u00e9 pour l\u2019ensemble de la population et enfin offrir aux congolais des infrastructures sanitaires de qualit\u00e9.<\/p><p>Le <a href=\"https:\/\/twitter.com\/BCeCoRDC\">BCeCo<\/a> n\u2019en est pas \u00e0 son premier projet d\u2019infrastructures sanitaires, il supervise et accompagne la construction de milliers de centres de sant\u00e9 dans les milieux ruraux et a r\u00e9cemment livr\u00e9 l\u2019h\u00f4pital militaire colonel Tshatshi en avril dernier.<\/p>\t\t\t\t\t\t\t\t<\/div>\n\t\t\t\t\t<\/div>\n\t\t<\/div>\n\t\t\t\t\t<\/div>\n\t\t<\/section>\n\t\t\t\t<section class=\"elementor-section elementor-top-section elementor-element elementor-element-2c8692a elementor-section-boxed elementor-section-height-default elementor-section-height-default\" data-id=\"2c8692a\" data-element_type=\"section\" data-e-type=\"section\">\n\t\t\t\t\t\t<div class=\"elementor-container elementor-column-gap-default\">\n\t\t\t\t\t<div class=\"elementor-column elementor-col-100 elementor-top-column elementor-element elementor-element-a91904d\" data-id=\"a91904d\" data-element_type=\"column\" data-e-type=\"column\">\n\t\t\t<div class=\"elementor-widget-wrap elementor-element-populated\">\n\t\t\t\t\t\t<div class=\"elementor-element elementor-element-2fc4c08 elementor-widget elementor-widget-text-editor\" data-id=\"2fc4c08\" data-element_type=\"widget\" data-e-type=\"widget\" data-widget_type=\"text-editor.default\">\n\t\t\t\t\t\t\t\t\t<p>Il aura fallu plus d\u2019un si\u00e8cle et une vision claire pour offrir aux congolais un h\u00f4pital digne des standards internationaux. Le <a href=\"https:\/\/twitter.com\/BCeCoRDC\">BCeCO<\/a> s\u2019est engag\u00e9 \u00e0 accompagner le <a href=\"https:\/\/twitter.com\/Presidence_RDC\"><strong>Pr\u00e9sident F\u00e9lix Antoine Tshisekedi Tshilombo<\/strong><\/a>, Chef de l\u2019Etat, \u00e0 mat\u00e9rialiser sa volont\u00e9 de r\u00e9\u00e9crire l\u2019histoire de la R\u00e9publique D\u00e9mocratique\u00a0du\u00a0Congo.<\/p>\t\t\t\t\t\t\t\t<\/div>\n\t\t\t\t\t<\/div>\n\t\t<\/div>\n\t\t\t\t\t<\/div>\n\t\t<\/section>\n\t\t\t\t<section class=\"elementor-section elementor-top-section elementor-element elementor-element-0641840 elementor-section-boxed elementor-section-height-default elementor-section-height-default\" data-id=\"0641840\" data-element_type=\"section\" data-e-type=\"section\">\n\t\t\t\t\t\t<div class=\"elementor-container elementor-column-gap-default\">\n\t\t\t\t\t<div class=\"elementor-column elementor-col-100 elementor-top-column elementor-element elementor-element-3b9d249\" data-id=\"3b9d249\" data-element_type=\"column\" data-e-type=\"column\">\n\t\t\t<div class=\"elementor-widget-wrap elementor-element-populated\">\n\t\t\t\t\t\t<div class=\"elementor-element elementor-element-d897de2 elementor-widget elementor-widget-video\" data-id=\"d897de2\" data-element_type=\"widget\" data-e-type=\"widget\" data-settings=\"{&quot;youtube_url&quot;:&quot;https:\\\/\\\/www.youtube.com\\\/watch?v=8F_RQxtuq9M&quot;,&quot;video_type&quot;:&quot;youtube&quot;,&quot;controls&quot;:&quot;yes&quot;}\" data-widget_type=\"video.default\">\n\t\t\t\t\t\t\t<div class=\"elementor-wrapper elementor-open-inline\">\n\t\t\t<div class=\"elementor-video\"><\/div>\t\t<\/div>\n\t\t\t\t\t\t<\/div>\n\t\t\t\t\t<\/div>\n\t\t<\/div>\n\t\t\t\t\t<\/div>\n\t\t<\/section>\n\t\t\t\t<\/div>\n\t\t","protected":false},"excerpt":{"rendered":"<p>Plus d\u2019un si\u00e8cle apr\u00e8s, l\u2019H\u00f4pital G\u00e9n\u00e9ral (ex-Mama Yemo) se pare de sa nouvelle robe moderne. En 1912, le premier h\u00f4pital pour autochtones (h\u00f4pital des noirs) de L\u00e9opoldville \u00e0 l\u2019\u00e9poque, \u00e9tait cr\u00e9e afin de pr\u00e9venir la profusion de la maladie du sommeil aupr\u00e8s des autochtones qui \u00e9taient au service des colons. D\u2019abord constitu\u00e9 d\u2019un laboratoire et<\/p>\n","protected":false},"author":1,"featured_media":30060,"comment_status":"open","ping_status":"open","sticky":false,"template":"","format":"standard","meta":{"footnotes":""},"categories":[69,62,63,82],"tags":[73,66,67,68,76],"class_list":["post-30023","post","type-post","status-publish","format-standard","has-post-thumbnail","hentry","category-actualites","category-developpement","category-infrastructures","category-sante","tag-bceco","tag-developpement","tag-execution","tag-infrastructures","tag-sante"],"yoast_head":"<!-- This site is optimized with the Yoast SEO plugin v27.0 - https:\/\/yoast.com\/product\/yoast-seo-wordpress\/ -->\n<title>Plus d\u2019un si\u00e8cle apr\u00e8s, l\u2019H\u00f4pital G\u00e9n\u00e9ral (ex-Mama Yemo) se pare de sa nouvelle robe moderne. - Bureau Central de Coordination<\/title>\n<meta name=\"description\" content=\"Plus d\u2019un si\u00e8cle apr\u00e8s, l\u2019H\u00f4pital G\u00e9n\u00e9ral est par\u00e9 de sa nouvelle robe moderne. Le BCeCO s\u2019est engag\u00e9 \u00e0 accompagner la vision du Pr\u00e9sident\" \/>\n<meta name=\"robots\" content=\"index, follow, max-snippet:-1, max-image-preview:large, max-video-preview:-1\" \/>\n<link rel=\"canonical\" href=\"https:\/\/ikar.dev\/bceco-v2\/hopital-general-mama-yemo-modernise-bceco\/\" \/>\n<meta property=\"og:locale\" content=\"en_US\" \/>\n<meta property=\"og:type\" content=\"article\" \/>\n<meta property=\"og:title\" content=\"H\u00f4pital G\u00e9n\u00e9ral de r\u00e9f\u00e9rence (ex-Mama Yemo) modernis\u00e9\" \/>\n<meta property=\"og:description\" content=\"Plus d\u2019un si\u00e8cle apr\u00e8s, l\u2019H\u00f4pital G\u00e9n\u00e9ral est par\u00e9 de sa nouvelle robe moderne. Le BCeCO s\u2019est engag\u00e9 \u00e0 accompagner la vision du Pr\u00e9sident\" \/>\n<meta property=\"og:url\" content=\"https:\/\/ikar.dev\/bceco-v2\/hopital-general-mama-yemo-modernise-bceco\/\" \/>\n<meta property=\"og:site_name\" content=\"Bureau Central de Coordination\" \/>\n<meta property=\"article:publisher\" content=\"https:\/\/www.facebook.com\/BCeCoRDC\" \/>\n<meta property=\"article:published_time\" content=\"2023-08-28T18:53:21+00:00\" \/>\n<meta property=\"article:modified_time\" content=\"2025-12-23T16:18:34+00:00\" \/>\n<meta property=\"og:image\" content=\"https:\/\/ikar.dev\/bceco-v2\/wp-content\/uploads\/2023\/08\/WhatsApp-Image-2023-08-29-at-18.21.38.jpg\" \/>\n\t<meta property=\"og:image:width\" content=\"1080\" \/>\n\t<meta property=\"og:image:height\" content=\"719\" \/>\n\t<meta property=\"og:image:type\" content=\"image\/jpeg\" \/>\n<meta name=\"author\" content=\"bceco\" \/>\n<meta name=\"twitter:card\" content=\"summary_large_image\" \/>\n<meta name=\"twitter:title\" content=\"H\u00f4pital G\u00e9n\u00e9ral de r\u00e9f\u00e9rence (ex-Mama Yemo) modernis\u00e9\" \/>\n<meta name=\"twitter:description\" content=\"Plus d\u2019un si\u00e8cle apr\u00e8s, l\u2019H\u00f4pital G\u00e9n\u00e9ral est par\u00e9 de sa nouvelle robe moderne. Le BCeCO s\u2019est engag\u00e9 \u00e0 accompagner la vision du Pr\u00e9sident\" \/>\n<meta name=\"twitter:image\" content=\"https:\/\/ikar.dev\/bceco-v2\/wp-content\/uploads\/2023\/08\/WhatsApp-Image-2023-08-29-at-18.21.38.jpg\" \/>\n<meta name=\"twitter:creator\" content=\"@BCeCoRDC\" \/>\n<meta name=\"twitter:site\" content=\"@BCeCoRDC\" \/>\n<meta name=\"twitter:label1\" content=\"Written by\" \/>\n\t<meta name=\"twitter:data1\" content=\"bceco\" \/>\n\t<meta name=\"twitter:label2\" content=\"Est. reading time\" \/>\n\t<meta name=\"twitter:data2\" content=\"2 minutes\" \/>\n<script type=\"application\/ld+json\" class=\"yoast-schema-graph\">{\"@context\":\"https:\/\/schema.org\",\"@graph\":[{\"@type\":\"Article\",\"@id\":\"https:\/\/ikar.dev\/bceco-v2\/hopital-general-mama-yemo-modernise-bceco\/#article\",\"isPartOf\":{\"@id\":\"https:\/\/ikar.dev\/bceco-v2\/hopital-general-mama-yemo-modernise-bceco\/\"},\"author\":{\"name\":\"bceco\",\"@id\":\"https:\/\/ikar.dev\/bceco-v2\/#\/schema\/person\/6ee74807ffb016a78852fec6a295d503\"},\"headline\":\"Plus d\u2019un si\u00e8cle apr\u00e8s, l\u2019H\u00f4pital G\u00e9n\u00e9ral (ex-Mama Yemo) se pare de sa nouvelle robe moderne.\",\"datePublished\":\"2023-08-28T18:53:21+00:00\",\"dateModified\":\"2025-12-23T16:18:34+00:00\",\"mainEntityOfPage\":{\"@id\":\"https:\/\/ikar.dev\/bceco-v2\/hopital-general-mama-yemo-modernise-bceco\/\"},\"wordCount\":531,\"commentCount\":5,\"publisher\":{\"@id\":\"https:\/\/ikar.dev\/bceco-v2\/#organization\"},\"image\":{\"@id\":\"https:\/\/ikar.dev\/bceco-v2\/hopital-general-mama-yemo-modernise-bceco\/#primaryimage\"},\"thumbnailUrl\":\"https:\/\/ikar.dev\/bceco-v2\/wp-content\/uploads\/2023\/08\/WhatsApp-Image-2023-08-29-at-18.21.38.jpg\",\"keywords\":[\"BCeCo\",\"D\u00e9veloppement\",\"Ex\u00e9cution\",\"Infrastructures\",\"Sant\u00e9\"],\"articleSection\":[\"Actualit\u00e9s\",\"D\u00e9veloppement\",\"Infrastructures\",\"Sant\u00e9\"],\"inLanguage\":\"en-US\",\"potentialAction\":[{\"@type\":\"CommentAction\",\"name\":\"Comment\",\"target\":[\"https:\/\/ikar.dev\/bceco-v2\/hopital-general-mama-yemo-modernise-bceco\/#respond\"]}]},{\"@type\":\"WebPage\",\"@id\":\"https:\/\/ikar.dev\/bceco-v2\/hopital-general-mama-yemo-modernise-bceco\/\",\"url\":\"https:\/\/ikar.dev\/bceco-v2\/hopital-general-mama-yemo-modernise-bceco\/\",\"name\":\"Plus d\u2019un si\u00e8cle apr\u00e8s, l\u2019H\u00f4pital G\u00e9n\u00e9ral (ex-Mama Yemo) se pare de sa nouvelle robe moderne. - Bureau Central de Coordination\",\"isPartOf\":{\"@id\":\"https:\/\/ikar.dev\/bceco-v2\/#website\"},\"primaryImageOfPage\":{\"@id\":\"https:\/\/ikar.dev\/bceco-v2\/hopital-general-mama-yemo-modernise-bceco\/#primaryimage\"},\"image\":{\"@id\":\"https:\/\/ikar.dev\/bceco-v2\/hopital-general-mama-yemo-modernise-bceco\/#primaryimage\"},\"thumbnailUrl\":\"https:\/\/ikar.dev\/bceco-v2\/wp-content\/uploads\/2023\/08\/WhatsApp-Image-2023-08-29-at-18.21.38.jpg\",\"datePublished\":\"2023-08-28T18:53:21+00:00\",\"dateModified\":\"2025-12-23T16:18:34+00:00\",\"description\":\"Plus d\u2019un si\u00e8cle apr\u00e8s, l\u2019H\u00f4pital G\u00e9n\u00e9ral est par\u00e9 de sa nouvelle robe moderne. Le BCeCO s\u2019est engag\u00e9 \u00e0 accompagner la vision du Pr\u00e9sident\",\"breadcrumb\":{\"@id\":\"https:\/\/ikar.dev\/bceco-v2\/hopital-general-mama-yemo-modernise-bceco\/#breadcrumb\"},\"inLanguage\":\"en-US\",\"potentialAction\":[{\"@type\":\"ReadAction\",\"target\":[\"https:\/\/ikar.dev\/bceco-v2\/hopital-general-mama-yemo-modernise-bceco\/\"]}]},{\"@type\":\"ImageObject\",\"inLanguage\":\"en-US\",\"@id\":\"https:\/\/ikar.dev\/bceco-v2\/hopital-general-mama-yemo-modernise-bceco\/#primaryimage\",\"url\":\"https:\/\/ikar.dev\/bceco-v2\/wp-content\/uploads\/2023\/08\/WhatsApp-Image-2023-08-29-at-18.21.38.jpg\",\"contentUrl\":\"https:\/\/ikar.dev\/bceco-v2\/wp-content\/uploads\/2023\/08\/WhatsApp-Image-2023-08-29-at-18.21.38.jpg\",\"width\":1080,\"height\":719,\"caption\":\"Plus d\u2019un si\u00e8cle apr\u00e8s, l\u2019H\u00f4pital G\u00e9n\u00e9ral (ex-Mama Yemo) se pare de sa nouvelle robe moderne.\"},{\"@type\":\"BreadcrumbList\",\"@id\":\"https:\/\/ikar.dev\/bceco-v2\/hopital-general-mama-yemo-modernise-bceco\/#breadcrumb\",\"itemListElement\":[{\"@type\":\"ListItem\",\"position\":1,\"name\":\"Accueil\",\"item\":\"https:\/\/ikar.dev\/bceco-v2\/\"},{\"@type\":\"ListItem\",\"position\":2,\"name\":\"Plus d\u2019un si\u00e8cle apr\u00e8s, l\u2019H\u00f4pital G\u00e9n\u00e9ral (ex-Mama Yemo) se pare de sa nouvelle robe moderne.\"}]},{\"@type\":\"WebSite\",\"@id\":\"https:\/\/ikar.dev\/bceco-v2\/#website\",\"url\":\"https:\/\/ikar.dev\/bceco-v2\/\",\"name\":\"Bureau Central de Coordination\",\"description\":\"B.Ce.Co \u2013 Au c\u0153ur de l\u2019ex\u00e9cution des projets de d\u00e9veloppement en RDC\",\"publisher\":{\"@id\":\"https:\/\/ikar.dev\/bceco-v2\/#organization\"},\"potentialAction\":[{\"@type\":\"SearchAction\",\"target\":{\"@type\":\"EntryPoint\",\"urlTemplate\":\"https:\/\/ikar.dev\/bceco-v2\/?s={search_term_string}\"},\"query-input\":{\"@type\":\"PropertyValueSpecification\",\"valueRequired\":true,\"valueName\":\"search_term_string\"}}],\"inLanguage\":\"en-US\"},{\"@type\":\"Organization\",\"@id\":\"https:\/\/ikar.dev\/bceco-v2\/#organization\",\"name\":\"Bureau Central de Coordination\",\"url\":\"https:\/\/ikar.dev\/bceco-v2\/\",\"logo\":{\"@type\":\"ImageObject\",\"inLanguage\":\"en-US\",\"@id\":\"https:\/\/ikar.dev\/bceco-v2\/#\/schema\/logo\/image\/\",\"url\":\"https:\/\/ikar.dev\/bceco-v2\/wp-content\/uploads\/2025\/12\/BCECO-Bureau-Central-de-Coordination.jpg\",\"contentUrl\":\"https:\/\/ikar.dev\/bceco-v2\/wp-content\/uploads\/2025\/12\/BCECO-Bureau-Central-de-Coordination.jpg\",\"width\":2048,\"height\":2048,\"caption\":\"Bureau Central de Coordination\"},\"image\":{\"@id\":\"https:\/\/ikar.dev\/bceco-v2\/#\/schema\/logo\/image\/\"},\"sameAs\":[\"https:\/\/www.facebook.com\/BCeCoRDC\",\"https:\/\/x.com\/BCeCoRDC\"]},{\"@type\":\"Person\",\"@id\":\"https:\/\/ikar.dev\/bceco-v2\/#\/schema\/person\/6ee74807ffb016a78852fec6a295d503\",\"name\":\"bceco\",\"image\":{\"@type\":\"ImageObject\",\"inLanguage\":\"en-US\",\"@id\":\"https:\/\/ikar.dev\/bceco-v2\/#\/schema\/person\/image\/\",\"url\":\"https:\/\/secure.gravatar.com\/avatar\/55c07e1707f50774ef3c842c9d074773a6b558a20fbd1608c8e4871bc88f3455?s=96&d=mm&r=g\",\"contentUrl\":\"https:\/\/secure.gravatar.com\/avatar\/55c07e1707f50774ef3c842c9d074773a6b558a20fbd1608c8e4871bc88f3455?s=96&d=mm&r=g\",\"caption\":\"bceco\"},\"sameAs\":[\"https:\/\/ikar.dev\/bceco-v2\"],\"url\":\"https:\/\/ikar.dev\/bceco-v2\/author\/bceco\/\"}]}<\/script>\n<!-- \/ Yoast SEO plugin. -->","yoast_head_json":{"title":"Plus d\u2019un si\u00e8cle apr\u00e8s, l\u2019H\u00f4pital G\u00e9n\u00e9ral (ex-Mama Yemo) se pare de sa nouvelle robe moderne. - Bureau Central de Coordination","description":"Plus d\u2019un si\u00e8cle apr\u00e8s, l\u2019H\u00f4pital G\u00e9n\u00e9ral est par\u00e9 de sa nouvelle robe moderne. Le BCeCO s\u2019est engag\u00e9 \u00e0 accompagner la vision du Pr\u00e9sident","robots":{"index":"index","follow":"follow","max-snippet":"max-snippet:-1","max-image-preview":"max-image-preview:large","max-video-preview":"max-video-preview:-1"},"canonical":"https:\/\/ikar.dev\/bceco-v2\/hopital-general-mama-yemo-modernise-bceco\/","og_locale":"en_US","og_type":"article","og_title":"H\u00f4pital G\u00e9n\u00e9ral de r\u00e9f\u00e9rence (ex-Mama Yemo) modernis\u00e9","og_description":"Plus d\u2019un si\u00e8cle apr\u00e8s, l\u2019H\u00f4pital G\u00e9n\u00e9ral est par\u00e9 de sa nouvelle robe moderne. Le BCeCO s\u2019est engag\u00e9 \u00e0 accompagner la vision du Pr\u00e9sident","og_url":"https:\/\/ikar.dev\/bceco-v2\/hopital-general-mama-yemo-modernise-bceco\/","og_site_name":"Bureau Central de Coordination","article_publisher":"https:\/\/www.facebook.com\/BCeCoRDC","article_published_time":"2023-08-28T18:53:21+00:00","article_modified_time":"2025-12-23T16:18:34+00:00","og_image":[{"width":1080,"height":719,"url":"https:\/\/ikar.dev\/bceco-v2\/wp-content\/uploads\/2023\/08\/WhatsApp-Image-2023-08-29-at-18.21.38.jpg","type":"image\/jpeg"}],"author":"bceco","twitter_card":"summary_large_image","twitter_title":"H\u00f4pital G\u00e9n\u00e9ral de r\u00e9f\u00e9rence (ex-Mama Yemo) modernis\u00e9","twitter_description":"Plus d\u2019un si\u00e8cle apr\u00e8s, l\u2019H\u00f4pital G\u00e9n\u00e9ral est par\u00e9 de sa nouvelle robe moderne. Le BCeCO s\u2019est engag\u00e9 \u00e0 accompagner la vision du Pr\u00e9sident","twitter_image":"https:\/\/ikar.dev\/bceco-v2\/wp-content\/uploads\/2023\/08\/WhatsApp-Image-2023-08-29-at-18.21.38.jpg","twitter_creator":"@BCeCoRDC","twitter_site":"@BCeCoRDC","twitter_misc":{"Written by":"bceco","Est. reading time":"2 minutes"},"schema":{"@context":"https:\/\/schema.org","@graph":[{"@type":"Article","@id":"https:\/\/ikar.dev\/bceco-v2\/hopital-general-mama-yemo-modernise-bceco\/#article","isPartOf":{"@id":"https:\/\/ikar.dev\/bceco-v2\/hopital-general-mama-yemo-modernise-bceco\/"},"author":{"name":"bceco","@id":"https:\/\/ikar.dev\/bceco-v2\/#\/schema\/person\/6ee74807ffb016a78852fec6a295d503"},"headline":"Plus d\u2019un si\u00e8cle apr\u00e8s, l\u2019H\u00f4pital G\u00e9n\u00e9ral (ex-Mama Yemo) se pare de sa nouvelle robe moderne.","datePublished":"2023-08-28T18:53:21+00:00","dateModified":"2025-12-23T16:18:34+00:00","mainEntityOfPage":{"@id":"https:\/\/ikar.dev\/bceco-v2\/hopital-general-mama-yemo-modernise-bceco\/"},"wordCount":531,"commentCount":5,"publisher":{"@id":"https:\/\/ikar.dev\/bceco-v2\/#organization"},"image":{"@id":"https:\/\/ikar.dev\/bceco-v2\/hopital-general-mama-yemo-modernise-bceco\/#primaryimage"},"thumbnailUrl":"https:\/\/ikar.dev\/bceco-v2\/wp-content\/uploads\/2023\/08\/WhatsApp-Image-2023-08-29-at-18.21.38.jpg","keywords":["BCeCo","D\u00e9veloppement","Ex\u00e9cution","Infrastructures","Sant\u00e9"],"articleSection":["Actualit\u00e9s","D\u00e9veloppement","Infrastructures","Sant\u00e9"],"inLanguage":"en-US","potentialAction":[{"@type":"CommentAction","name":"Comment","target":["https:\/\/ikar.dev\/bceco-v2\/hopital-general-mama-yemo-modernise-bceco\/#respond"]}]},{"@type":"WebPage","@id":"https:\/\/ikar.dev\/bceco-v2\/hopital-general-mama-yemo-modernise-bceco\/","url":"https:\/\/ikar.dev\/bceco-v2\/hopital-general-mama-yemo-modernise-bceco\/","name":"Plus d\u2019un si\u00e8cle apr\u00e8s, l\u2019H\u00f4pital G\u00e9n\u00e9ral (ex-Mama Yemo) se pare de sa nouvelle robe moderne. - Bureau Central de Coordination","isPartOf":{"@id":"https:\/\/ikar.dev\/bceco-v2\/#website"},"primaryImageOfPage":{"@id":"https:\/\/ikar.dev\/bceco-v2\/hopital-general-mama-yemo-modernise-bceco\/#primaryimage"},"image":{"@id":"https:\/\/ikar.dev\/bceco-v2\/hopital-general-mama-yemo-modernise-bceco\/#primaryimage"},"thumbnailUrl":"https:\/\/ikar.dev\/bceco-v2\/wp-content\/uploads\/2023\/08\/WhatsApp-Image-2023-08-29-at-18.21.38.jpg","datePublished":"2023-08-28T18:53:21+00:00","dateModified":"2025-12-23T16:18:34+00:00","description":"Plus d\u2019un si\u00e8cle apr\u00e8s, l\u2019H\u00f4pital G\u00e9n\u00e9ral est par\u00e9 de sa nouvelle robe moderne. Le BCeCO s\u2019est engag\u00e9 \u00e0 accompagner la vision du Pr\u00e9sident","breadcrumb":{"@id":"https:\/\/ikar.dev\/bceco-v2\/hopital-general-mama-yemo-modernise-bceco\/#breadcrumb"},"inLanguage":"en-US","potentialAction":[{"@type":"ReadAction","target":["https:\/\/ikar.dev\/bceco-v2\/hopital-general-mama-yemo-modernise-bceco\/"]}]},{"@type":"ImageObject","inLanguage":"en-US","@id":"https:\/\/ikar.dev\/bceco-v2\/hopital-general-mama-yemo-modernise-bceco\/#primaryimage","url":"https:\/\/ikar.dev\/bceco-v2\/wp-content\/uploads\/2023\/08\/WhatsApp-Image-2023-08-29-at-18.21.38.jpg","contentUrl":"https:\/\/ikar.dev\/bceco-v2\/wp-content\/uploads\/2023\/08\/WhatsApp-Image-2023-08-29-at-18.21.38.jpg","width":1080,"height":719,"caption":"Plus d\u2019un si\u00e8cle apr\u00e8s, l\u2019H\u00f4pital G\u00e9n\u00e9ral (ex-Mama Yemo) se pare de sa nouvelle robe moderne."},{"@type":"BreadcrumbList","@id":"https:\/\/ikar.dev\/bceco-v2\/hopital-general-mama-yemo-modernise-bceco\/#breadcrumb","itemListElement":[{"@type":"ListItem","position":1,"name":"Accueil","item":"https:\/\/ikar.dev\/bceco-v2\/"},{"@type":"ListItem","position":2,"name":"Plus d\u2019un si\u00e8cle apr\u00e8s, l\u2019H\u00f4pital G\u00e9n\u00e9ral (ex-Mama Yemo) se pare de sa nouvelle robe moderne."}]},{"@type":"WebSite","@id":"https:\/\/ikar.dev\/bceco-v2\/#website","url":"https:\/\/ikar.dev\/bceco-v2\/","name":"Bureau Central de Coordination","description":"B.Ce.Co \u2013 Au c\u0153ur de l\u2019ex\u00e9cution des projets de d\u00e9veloppement en RDC","publisher":{"@id":"https:\/\/ikar.dev\/bceco-v2\/#organization"},"potentialAction":[{"@type":"SearchAction","target":{"@type":"EntryPoint","urlTemplate":"https:\/\/ikar.dev\/bceco-v2\/?s={search_term_string}"},"query-input":{"@type":"PropertyValueSpecification","valueRequired":true,"valueName":"search_term_string"}}],"inLanguage":"en-US"},{"@type":"Organization","@id":"https:\/\/ikar.dev\/bceco-v2\/#organization","name":"Bureau Central de Coordination","url":"https:\/\/ikar.dev\/bceco-v2\/","logo":{"@type":"ImageObject","inLanguage":"en-US","@id":"https:\/\/ikar.dev\/bceco-v2\/#\/schema\/logo\/image\/","url":"https:\/\/ikar.dev\/bceco-v2\/wp-content\/uploads\/2025\/12\/BCECO-Bureau-Central-de-Coordination.jpg","contentUrl":"https:\/\/ikar.dev\/bceco-v2\/wp-content\/uploads\/2025\/12\/BCECO-Bureau-Central-de-Coordination.jpg","width":2048,"height":2048,"caption":"Bureau Central de Coordination"},"image":{"@id":"https:\/\/ikar.dev\/bceco-v2\/#\/schema\/logo\/image\/"},"sameAs":["https:\/\/www.facebook.com\/BCeCoRDC","https:\/\/x.com\/BCeCoRDC"]},{"@type":"Person","@id":"https:\/\/ikar.dev\/bceco-v2\/#\/schema\/person\/6ee74807ffb016a78852fec6a295d503","name":"bceco","image":{"@type":"ImageObject","inLanguage":"en-US","@id":"https:\/\/ikar.dev\/bceco-v2\/#\/schema\/person\/image\/","url":"https:\/\/secure.gravatar.com\/avatar\/55c07e1707f50774ef3c842c9d074773a6b558a20fbd1608c8e4871bc88f3455?s=96&d=mm&r=g","contentUrl":"https:\/\/secure.gravatar.com\/avatar\/55c07e1707f50774ef3c842c9d074773a6b558a20fbd1608c8e4871bc88f3455?s=96&d=mm&r=g","caption":"bceco"},"sameAs":["https:\/\/ikar.dev\/bceco-v2"],"url":"https:\/\/ikar.dev\/bceco-v2\/author\/bceco\/"}]}},"_links":{"self":[{"href":"https:\/\/ikar.dev\/bceco-v2\/wp-json\/wp\/v2\/posts\/30023","targetHints":{"allow":["GET"]}}],"collection":[{"href":"https:\/\/ikar.dev\/bceco-v2\/wp-json\/wp\/v2\/posts"}],"about":[{"href":"https:\/\/ikar.dev\/bceco-v2\/wp-json\/wp\/v2\/types\/post"}],"author":[{"embeddable":true,"href":"https:\/\/ikar.dev\/bceco-v2\/wp-json\/wp\/v2\/users\/1"}],"replies":[{"embeddable":true,"href":"https:\/\/ikar.dev\/bceco-v2\/wp-json\/wp\/v2\/comments?post=30023"}],"version-history":[{"count":1,"href":"https:\/\/ikar.dev\/bceco-v2\/wp-json\/wp\/v2\/posts\/30023\/revisions"}],"predecessor-version":[{"id":56314,"href":"https:\/\/ikar.dev\/bceco-v2\/wp-json\/wp\/v2\/posts\/30023\/revisions\/56314"}],"wp:featuredmedia":[{"embeddable":true,"href":"https:\/\/ikar.dev\/bceco-v2\/wp-json\/wp\/v2\/media\/30060"}],"wp:attachment":[{"href":"https:\/\/ikar.dev\/bceco-v2\/wp-json\/wp\/v2\/media?parent=30023"}],"wp:term":[{"taxonomy":"category","embeddable":true,"href":"https:\/\/ikar.dev\/bceco-v2\/wp-json\/wp\/v2\/categories?post=30023"},{"taxonomy":"post_tag","embeddable":true,"href":"https:\/\/ikar.dev\/bceco-v2\/wp-json\/wp\/v2\/tags?post=30023"}],"curies":[{"name":"wp","href":"https:\/\/api.w.org\/{rel}","templated":true}]}}