{"id":30003,"date":"2023-08-26T09:36:21","date_gmt":"2023-08-26T09:36:21","guid":{"rendered":"https:\/\/bceco.cd\/?p=30003"},"modified":"2025-12-29T18:07:32","modified_gmt":"2025-12-29T17:07:32","slug":"gemena-signature-protocole-modernisation-bceco","status":"publish","type":"post","link":"https:\/\/ikar.dev\/bceco-v2\/gemena-signature-protocole-modernisation-bceco\/","title":{"rendered":"Gemena embo\u00eete le pas vers la modernisation"},"content":{"rendered":"\t\t<div data-elementor-type=\"wp-post\" data-elementor-id=\"30003\" class=\"elementor elementor-30003\" data-elementor-post-type=\"post\">\n\t\t\t\t\t\t<section class=\"elementor-section elementor-top-section elementor-element elementor-element-e529f89 elementor-section-boxed elementor-section-height-default elementor-section-height-default\" data-id=\"e529f89\" data-element_type=\"section\">\n\t\t\t\t\t\t<div class=\"elementor-container elementor-column-gap-default\">\n\t\t\t\t\t<div class=\"elementor-column elementor-col-100 elementor-top-column elementor-element elementor-element-1c4dc90\" data-id=\"1c4dc90\" data-element_type=\"column\">\n\t\t\t<div class=\"elementor-widget-wrap elementor-element-populated\">\n\t\t\t\t\t\t<div class=\"elementor-element elementor-element-482cb78 elementor-widget elementor-widget-heading\" data-id=\"482cb78\" data-element_type=\"widget\" data-widget_type=\"heading.default\">\n\t\t\t\t\t<h2 class=\"elementor-heading-title elementor-size-default\">Gemena embo\u00eete le pas vers la modernisation<\/h2>\t\t\t\t<\/div>\n\t\t\t\t\t<\/div>\n\t\t<\/div>\n\t\t\t\t\t<\/div>\n\t\t<\/section>\n\t\t\t\t<section class=\"elementor-section elementor-top-section elementor-element elementor-element-eddc7aa elementor-section-boxed elementor-section-height-default elementor-section-height-default\" data-id=\"eddc7aa\" data-element_type=\"section\">\n\t\t\t\t\t\t<div class=\"elementor-container elementor-column-gap-default\">\n\t\t\t\t\t<div class=\"elementor-column elementor-col-100 elementor-top-column elementor-element elementor-element-9b59ddc\" data-id=\"9b59ddc\" data-element_type=\"column\">\n\t\t\t<div class=\"elementor-widget-wrap\">\n\t\t\t\t\t\t\t<\/div>\n\t\t<\/div>\n\t\t\t\t\t<\/div>\n\t\t<\/section>\n\t\t\t\t<section class=\"elementor-section elementor-top-section elementor-element elementor-element-8ee903e elementor-section-boxed elementor-section-height-default elementor-section-height-default\" data-id=\"8ee903e\" data-element_type=\"section\">\n\t\t\t\t\t\t<div class=\"elementor-container elementor-column-gap-default\">\n\t\t\t\t\t<div class=\"elementor-column elementor-col-50 elementor-top-column elementor-element elementor-element-e4a2851\" data-id=\"e4a2851\" data-element_type=\"column\">\n\t\t\t<div class=\"elementor-widget-wrap elementor-element-populated\">\n\t\t\t\t\t\t<div class=\"elementor-element elementor-element-0e40b92 elementor-widget elementor-widget-text-editor\" data-id=\"0e40b92\" data-element_type=\"widget\" data-widget_type=\"text-editor.default\">\n\t\t\t\t\t\t\t\t\t<p>Gemena, chef-lieu de la province du Sud Ubangi, va bient\u00f4t se parer de sa plus belle robe gr\u00e2ce au lancement d&#8217;un programme de modernisation par le <a href=\"https:\/\/twitter.com\/Presidence_RDC\"><strong>Pr\u00e9sident F\u00e9lix Tshisekedi<\/strong><\/a>.<\/p><p>Lors d&#8217;une grande r\u00e9union tenue le mercredi 23 ao\u00fbt 2023 \u00e0 la pr\u00e9sidence de la R\u00e9publique, pr\u00e9sid\u00e9e par Mr <strong>Olivier Mondonge<\/strong>, Directeur de cabinet adjoint du Chef de l&#8217;Etat en charge de Progr\u00e8s Social, toutes les parties prenantes \u00e9taient pr\u00e9sentes : le Bureau Central de Coordination (<a href=\"https:\/\/twitter.com\/BCeCoRDC\">BCeCo<\/a>) en tant que ma\u00eetre d&#8217;ouvrage d\u00e9l\u00e9gu\u00e9, le Gouverneur du Sud-Ubangi <strong>Jean Claude Mabenze<\/strong> ainsi que deux prestataires s\u00e9lectionn\u00e9s par BCeCo.<\/p>\t\t\t\t\t\t\t\t<\/div>\n\t\t\t\t<div class=\"elementor-element elementor-element-505e0c6 elementor-widget elementor-widget-text-editor\" data-id=\"505e0c6\" data-element_type=\"widget\" data-widget_type=\"text-editor.default\">\n\t\t\t\t\t\t\t\t\t<p>Le projet se d\u00e9roulera en deux phases : le premier prestataire sera charg\u00e9 de la r\u00e9habilitation de quatre \u00e9coles embl\u00e9matiques de Gemena ainsi que du b\u00e2timent du gouvernorat de la province et de l&#8217;assembl\u00e9e provinciale. Quant au second, il aura pour mission la construction de 11km de voirie urbaine, trois ponts et des travaux anti-\u00e9rosifs. Le tout sera r\u00e9alis\u00e9 en six mois.<\/p>\t\t\t\t\t\t\t\t<\/div>\n\t\t\t\t\t<\/div>\n\t\t<\/div>\n\t\t\t\t<div class=\"elementor-column elementor-col-50 elementor-top-column elementor-element elementor-element-12886ea\" data-id=\"12886ea\" data-element_type=\"column\">\n\t\t\t<div class=\"elementor-widget-wrap elementor-element-populated\">\n\t\t\t\t\t\t<div class=\"elementor-element elementor-element-21e4909 elementor-widget elementor-widget-image\" data-id=\"21e4909\" data-element_type=\"widget\" data-widget_type=\"image.default\">\n\t\t\t\t\t\t\t\t\t\t\t\t\t\t\t<img fetchpriority=\"high\" decoding=\"async\" width=\"1170\" height=\"694\" src=\"https:\/\/ikar.dev\/bceco-v2\/wp-content\/uploads\/2023\/08\/WhatsApp-Image-2023-08-26-at-1.20.27-PM-1170x694.jpeg\" class=\"attachment-large size-large wp-image-30008\" alt=\"Lors d&#039;une grande r\u00e9union tenue le mercredi 23 ao\u00fbt 2023 \u00e0 la pr\u00e9sidence de la R\u00e9publique, pr\u00e9sid\u00e9e par Mr Olivier Mondonge, Directeur de cabinet adjoint du Chef de l&#039;Etat en charge de Progr\u00e8s Social, toutes les parties prenantes \u00e9taient pr\u00e9sentes : le Bureau Central de Coordination en tant que ma\u00eetre d&#039;ouvrage d\u00e9l\u00e9gu\u00e9, le Gouverneur du Sud-Ubangi Jean Claude Mabenze ainsi que deux prestataires s\u00e9lectionn\u00e9s par BCeCo.\" srcset=\"https:\/\/ikar.dev\/bceco-v2\/wp-content\/uploads\/2023\/08\/WhatsApp-Image-2023-08-26-at-1.20.27-PM-1170x694.jpeg 1170w, https:\/\/ikar.dev\/bceco-v2\/wp-content\/uploads\/2023\/08\/WhatsApp-Image-2023-08-26-at-1.20.27-PM-768x456.jpeg 768w\" sizes=\"(max-width: 1170px) 100vw, 1170px\" \/>\t\t\t\t\t\t\t\t\t\t\t\t\t\t\t<\/div>\n\t\t\t\t\t<\/div>\n\t\t<\/div>\n\t\t\t\t\t<\/div>\n\t\t<\/section>\n\t\t\t\t<section class=\"elementor-section elementor-top-section elementor-element elementor-element-986b6bf elementor-section-boxed elementor-section-height-default elementor-section-height-default\" data-id=\"986b6bf\" data-element_type=\"section\">\n\t\t\t\t\t\t<div class=\"elementor-container elementor-column-gap-default\">\n\t\t\t\t\t<div class=\"elementor-column elementor-col-100 elementor-top-column elementor-element elementor-element-f299444\" data-id=\"f299444\" data-element_type=\"column\">\n\t\t\t<div class=\"elementor-widget-wrap elementor-element-populated\">\n\t\t\t\t\t\t<div class=\"elementor-element elementor-element-4fbde3e elementor-widget elementor-widget-text-editor\" data-id=\"4fbde3e\" data-element_type=\"widget\" data-widget_type=\"text-editor.default\">\n\t\t\t\t\t\t\t\t\t<p>Cette initiative du Pr\u00e9sident Tshisekedi vise \u00e0 moderniser la province du Sud Ubangi et \u00e0 offrir aux habitants de Gemena des infrastructures de qualit\u00e9. Ces travaux permettront \u00e9galement de cr\u00e9er des emplois locaux et de dynamiser l&#8217;\u00e9conomie de la r\u00e9gion.<\/p><p>Les habitants de Gemena peuvent donc se r\u00e9jouir de cette annonce qui marquera un tournant dans l&#8217;histoire de leur ville. Ils pourront bient\u00f4t b\u00e9n\u00e9ficier d&#8217;\u00e9coles r\u00e9nov\u00e9es, d&#8217;une voirie urbaine moderne et de ponts solides. Le futur s&#8217;annonce radieux pour cette belle ville de la R\u00e9publique D\u00e9mocratique du Congo.<\/p>\t\t\t\t\t\t\t\t<\/div>\n\t\t\t\t\t<\/div>\n\t\t<\/div>\n\t\t\t\t\t<\/div>\n\t\t<\/section>\n\t\t\t\t<section class=\"elementor-section elementor-top-section elementor-element elementor-element-2dc4424 elementor-section-boxed elementor-section-height-default elementor-section-height-default\" data-id=\"2dc4424\" data-element_type=\"section\">\n\t\t\t\t\t\t<div class=\"elementor-container elementor-column-gap-default\">\n\t\t\t\t\t<div class=\"elementor-column elementor-col-33 elementor-top-column elementor-element elementor-element-0b76cb1\" data-id=\"0b76cb1\" data-element_type=\"column\">\n\t\t\t<div class=\"elementor-widget-wrap elementor-element-populated\">\n\t\t\t\t\t\t<div class=\"elementor-element elementor-element-e4dc4b6 elementor-widget elementor-widget-image\" data-id=\"e4dc4b6\" data-element_type=\"widget\" data-widget_type=\"image.default\">\n\t\t\t\t\t\t\t\t\t\t\t\t\t\t\t<img decoding=\"async\" width=\"1080\" height=\"694\" src=\"https:\/\/ikar.dev\/bceco-v2\/wp-content\/uploads\/2023\/08\/WhatsApp-Image-2023-08-26-at-1.20.29-PM-1080x694.jpeg\" class=\"attachment-large size-large wp-image-30009\" alt=\"Gemena, chef-lieu de la province du Sud Ubangi, va bient\u00f4t se parer de sa plus belle robe gr\u00e2ce au lancement d&#039;un programme de modernisation par le Pr\u00e9sident F\u00e9lix Tshisekedi.\" \/>\t\t\t\t\t\t\t\t\t\t\t\t\t\t\t<\/div>\n\t\t\t\t\t<\/div>\n\t\t<\/div>\n\t\t\t\t<div class=\"elementor-column elementor-col-33 elementor-top-column elementor-element elementor-element-2357a47\" data-id=\"2357a47\" data-element_type=\"column\">\n\t\t\t<div class=\"elementor-widget-wrap elementor-element-populated\">\n\t\t\t\t\t\t<div class=\"elementor-element elementor-element-da041fe elementor-widget elementor-widget-image\" data-id=\"da041fe\" data-element_type=\"widget\" data-widget_type=\"image.default\">\n\t\t\t\t\t\t\t\t\t\t\t\t\t\t\t<img fetchpriority=\"high\" decoding=\"async\" width=\"1170\" height=\"694\" src=\"https:\/\/ikar.dev\/bceco-v2\/wp-content\/uploads\/2023\/08\/WhatsApp-Image-2023-08-26-at-1.20.27-PM-1170x694.jpeg\" class=\"attachment-large size-large wp-image-30008\" alt=\"Lors d&#039;une grande r\u00e9union tenue le mercredi 23 ao\u00fbt 2023 \u00e0 la pr\u00e9sidence de la R\u00e9publique, pr\u00e9sid\u00e9e par Mr Olivier Mondonge, Directeur de cabinet adjoint du Chef de l&#039;Etat en charge de Progr\u00e8s Social, toutes les parties prenantes \u00e9taient pr\u00e9sentes : le Bureau Central de Coordination en tant que ma\u00eetre d&#039;ouvrage d\u00e9l\u00e9gu\u00e9, le Gouverneur du Sud-Ubangi Jean Claude Mabenze ainsi que deux prestataires s\u00e9lectionn\u00e9s par BCeCo.\" srcset=\"https:\/\/ikar.dev\/bceco-v2\/wp-content\/uploads\/2023\/08\/WhatsApp-Image-2023-08-26-at-1.20.27-PM-1170x694.jpeg 1170w, https:\/\/ikar.dev\/bceco-v2\/wp-content\/uploads\/2023\/08\/WhatsApp-Image-2023-08-26-at-1.20.27-PM-768x456.jpeg 768w\" sizes=\"(max-width: 1170px) 100vw, 1170px\" \/>\t\t\t\t\t\t\t\t\t\t\t\t\t\t\t<\/div>\n\t\t\t\t\t<\/div>\n\t\t<\/div>\n\t\t\t\t<div class=\"elementor-column elementor-col-33 elementor-top-column elementor-element elementor-element-c97469d\" data-id=\"c97469d\" data-element_type=\"column\">\n\t\t\t<div class=\"elementor-widget-wrap elementor-element-populated\">\n\t\t\t\t\t\t<div class=\"elementor-element elementor-element-e114960 elementor-widget elementor-widget-image\" data-id=\"e114960\" data-element_type=\"widget\" data-widget_type=\"image.default\">\n\t\t\t\t\t\t\t\t\t\t\t\t\t\t\t<img decoding=\"async\" width=\"1170\" height=\"694\" src=\"https:\/\/ikar.dev\/bceco-v2\/wp-content\/uploads\/2023\/08\/WhatsApp-Image-2023-08-26-at-1.20.29-PM-1-1170x694.jpeg\" class=\"attachment-large size-large wp-image-30004\" alt=\"23 Ao\u00fbt 2023, la Pr\u00e9sidence de la R\u00e9publique lance, par la signature d&#039;un protocole d&#039;accord, un projet de modernisation de la ville Gemena\" srcset=\"https:\/\/ikar.dev\/bceco-v2\/wp-content\/uploads\/2023\/08\/WhatsApp-Image-2023-08-26-at-1.20.29-PM-1-1170x694.jpeg 1170w, https:\/\/ikar.dev\/bceco-v2\/wp-content\/uploads\/2023\/08\/WhatsApp-Image-2023-08-26-at-1.20.29-PM-1-768x456.jpeg 768w\" sizes=\"(max-width: 1170px) 100vw, 1170px\" \/>\t\t\t\t\t\t\t\t\t\t\t\t\t\t\t<\/div>\n\t\t\t\t\t<\/div>\n\t\t<\/div>\n\t\t\t\t\t<\/div>\n\t\t<\/section>\n\t\t\t\t<\/div>\n\t\t","protected":false},"excerpt":{"rendered":"<p>Gemena embo\u00eete le pas vers la modernisation Gemena, chef-lieu de la province du Sud Ubangi, va bient\u00f4t se parer de sa plus belle robe gr\u00e2ce au lancement d&#8217;un programme de modernisation par le Pr\u00e9sident F\u00e9lix Tshisekedi. Lors d&#8217;une grande r\u00e9union tenue le mercredi 23 ao\u00fbt 2023 \u00e0 la pr\u00e9sidence de la R\u00e9publique, pr\u00e9sid\u00e9e par Mr<\/p>\n","protected":false},"author":1,"featured_media":30004,"comment_status":"open","ping_status":"open","sticky":false,"template":"","format":"standard","meta":{"footnotes":""},"categories":[69,62,63],"tags":[73,66,67,81,68,65],"class_list":["post-30003","post","type-post","status-publish","format-standard","has-post-thumbnail","hentry","category-actualites","category-developpement","category-infrastructures","tag-bceco","tag-developpement","tag-execution","tag-gemena","tag-infrastructures","tag-protocole-daccord"],"yoast_head":"<!-- This site is optimized with the Yoast SEO plugin v26.7 - https:\/\/yoast.com\/wordpress\/plugins\/seo\/ -->\n<title>Gemena embo\u00eete le pas vers la modernisation - Bureau Central de Coordination<\/title>\n<meta name=\"description\" content=\"23 Ao\u00fbt 2023, la Pr\u00e9sidence de la R\u00e9publique lance, par la signature d&#039;un protocole d&#039;accord, un projet de modernisation de la ville Gemena\" \/>\n<meta name=\"robots\" content=\"index, follow, max-snippet:-1, max-image-preview:large, max-video-preview:-1\" \/>\n<link rel=\"canonical\" href=\"https:\/\/ikar.dev\/bceco-v2\/gemena-signature-protocole-modernisation-bceco\/\" \/>\n<meta property=\"og:locale\" content=\"en_US\" \/>\n<meta property=\"og:type\" content=\"article\" \/>\n<meta property=\"og:title\" content=\"Gemena embo\u00eete le pas vers la modernisation\" \/>\n<meta property=\"og:description\" content=\"23 Ao\u00fbt 2023, la Pr\u00e9sidence de la R\u00e9publique lance, par la signature d&#039;un protocole d&#039;accord, un projet de modernisation de la ville Gemena. Parmi les diff\u00e9rentes parties prenantes, le Bureau Central de Coordination (BCeCo)\" \/>\n<meta property=\"og:url\" content=\"https:\/\/ikar.dev\/bceco-v2\/gemena-signature-protocole-modernisation-bceco\/\" \/>\n<meta property=\"og:site_name\" content=\"Bureau Central de Coordination\" \/>\n<meta property=\"article:publisher\" content=\"https:\/\/www.facebook.com\/BCeCoRDC\" \/>\n<meta property=\"article:published_time\" content=\"2023-08-26T09:36:21+00:00\" \/>\n<meta property=\"article:modified_time\" content=\"2025-12-29T17:07:32+00:00\" \/>\n<meta property=\"og:image\" content=\"https:\/\/ikar.dev\/bceco-v2\/wp-content\/uploads\/2023\/08\/WhatsApp-Image-2023-08-26-at-1.20.29-PM-1.jpeg\" \/>\n\t<meta property=\"og:image:width\" content=\"1280\" \/>\n\t<meta property=\"og:image:height\" content=\"852\" \/>\n\t<meta property=\"og:image:type\" content=\"image\/jpeg\" \/>\n<meta name=\"author\" content=\"bceco\" \/>\n<meta name=\"twitter:card\" content=\"summary_large_image\" \/>\n<meta name=\"twitter:title\" content=\"Gemena embo\u00eete le pas vers la modernisation\" \/>\n<meta name=\"twitter:description\" content=\"23 Ao\u00fbt 2023, la Pr\u00e9sidence de la R\u00e9publique lance, par la signature d&#039;un protocole d&#039;accord, un projet de modernisation de la ville Gemena. Parmi les diff\u00e9rentes parties prenantes, le Bureau Central de Coordination (BCeCo)\" \/>\n<meta name=\"twitter:image\" content=\"https:\/\/ikar.dev\/bceco-v2\/wp-content\/uploads\/2023\/08\/WhatsApp-Image-2023-08-26-at-1.20.29-PM-1.jpeg\" \/>\n<meta name=\"twitter:creator\" content=\"@BCeCoRDC\" \/>\n<meta name=\"twitter:site\" content=\"@BCeCoRDC\" \/>\n<meta name=\"twitter:label1\" content=\"Written by\" \/>\n\t<meta name=\"twitter:data1\" content=\"bceco\" \/>\n\t<meta name=\"twitter:label2\" content=\"Est. reading time\" \/>\n\t<meta name=\"twitter:data2\" content=\"3 minutes\" \/>\n<script type=\"application\/ld+json\" class=\"yoast-schema-graph\">{\"@context\":\"https:\/\/schema.org\",\"@graph\":[{\"@type\":\"Article\",\"@id\":\"https:\/\/ikar.dev\/bceco-v2\/gemena-signature-protocole-modernisation-bceco\/#article\",\"isPartOf\":{\"@id\":\"https:\/\/ikar.dev\/bceco-v2\/gemena-signature-protocole-modernisation-bceco\/\"},\"author\":{\"name\":\"bceco\",\"@id\":\"https:\/\/ikar.dev\/bceco-v2\/#\/schema\/person\/6ee74807ffb016a78852fec6a295d503\"},\"headline\":\"Gemena embo\u00eete le pas vers la modernisation\",\"datePublished\":\"2023-08-26T09:36:21+00:00\",\"dateModified\":\"2025-12-29T17:07:32+00:00\",\"mainEntityOfPage\":{\"@id\":\"https:\/\/ikar.dev\/bceco-v2\/gemena-signature-protocole-modernisation-bceco\/\"},\"wordCount\":300,\"commentCount\":0,\"publisher\":{\"@id\":\"https:\/\/ikar.dev\/bceco-v2\/#organization\"},\"image\":{\"@id\":\"https:\/\/ikar.dev\/bceco-v2\/gemena-signature-protocole-modernisation-bceco\/#primaryimage\"},\"thumbnailUrl\":\"https:\/\/ikar.dev\/bceco-v2\/wp-content\/uploads\/2023\/08\/WhatsApp-Image-2023-08-26-at-1.20.29-PM-1.jpeg\",\"keywords\":[\"BCeCo\",\"D\u00e9veloppement\",\"Ex\u00e9cution\",\"Gemena\",\"Infrastructures\",\"Protocole d'accord\"],\"articleSection\":[\"Actualit\u00e9s\",\"D\u00e9veloppement\",\"Infrastructures\"],\"inLanguage\":\"en-US\",\"potentialAction\":[{\"@type\":\"CommentAction\",\"name\":\"Comment\",\"target\":[\"https:\/\/ikar.dev\/bceco-v2\/gemena-signature-protocole-modernisation-bceco\/#respond\"]}]},{\"@type\":\"WebPage\",\"@id\":\"https:\/\/ikar.dev\/bceco-v2\/gemena-signature-protocole-modernisation-bceco\/\",\"url\":\"https:\/\/ikar.dev\/bceco-v2\/gemena-signature-protocole-modernisation-bceco\/\",\"name\":\"Gemena embo\u00eete le pas vers la modernisation - Bureau Central de Coordination\",\"isPartOf\":{\"@id\":\"https:\/\/ikar.dev\/bceco-v2\/#website\"},\"primaryImageOfPage\":{\"@id\":\"https:\/\/ikar.dev\/bceco-v2\/gemena-signature-protocole-modernisation-bceco\/#primaryimage\"},\"image\":{\"@id\":\"https:\/\/ikar.dev\/bceco-v2\/gemena-signature-protocole-modernisation-bceco\/#primaryimage\"},\"thumbnailUrl\":\"https:\/\/ikar.dev\/bceco-v2\/wp-content\/uploads\/2023\/08\/WhatsApp-Image-2023-08-26-at-1.20.29-PM-1.jpeg\",\"datePublished\":\"2023-08-26T09:36:21+00:00\",\"dateModified\":\"2025-12-29T17:07:32+00:00\",\"description\":\"23 Ao\u00fbt 2023, la Pr\u00e9sidence de la R\u00e9publique lance, par la signature d'un protocole d'accord, un projet de modernisation de la ville Gemena\",\"breadcrumb\":{\"@id\":\"https:\/\/ikar.dev\/bceco-v2\/gemena-signature-protocole-modernisation-bceco\/#breadcrumb\"},\"inLanguage\":\"en-US\",\"potentialAction\":[{\"@type\":\"ReadAction\",\"target\":[\"https:\/\/ikar.dev\/bceco-v2\/gemena-signature-protocole-modernisation-bceco\/\"]}]},{\"@type\":\"ImageObject\",\"inLanguage\":\"en-US\",\"@id\":\"https:\/\/ikar.dev\/bceco-v2\/gemena-signature-protocole-modernisation-bceco\/#primaryimage\",\"url\":\"https:\/\/ikar.dev\/bceco-v2\/wp-content\/uploads\/2023\/08\/WhatsApp-Image-2023-08-26-at-1.20.29-PM-1.jpeg\",\"contentUrl\":\"https:\/\/ikar.dev\/bceco-v2\/wp-content\/uploads\/2023\/08\/WhatsApp-Image-2023-08-26-at-1.20.29-PM-1.jpeg\",\"width\":1280,\"height\":852,\"caption\":\"23 Ao\u00fbt 2023, la Pr\u00e9sidence de la R\u00e9publique lance, par la signature d'un protocole d'accord, un projet de modernisation de la ville Gemena\"},{\"@type\":\"BreadcrumbList\",\"@id\":\"https:\/\/ikar.dev\/bceco-v2\/gemena-signature-protocole-modernisation-bceco\/#breadcrumb\",\"itemListElement\":[{\"@type\":\"ListItem\",\"position\":1,\"name\":\"Accueil\",\"item\":\"https:\/\/ikar.dev\/bceco-v2\/\"},{\"@type\":\"ListItem\",\"position\":2,\"name\":\"Gemena embo\u00eete le pas vers la modernisation\"}]},{\"@type\":\"WebSite\",\"@id\":\"https:\/\/ikar.dev\/bceco-v2\/#website\",\"url\":\"https:\/\/ikar.dev\/bceco-v2\/\",\"name\":\"Bureau Central de Coordination\",\"description\":\"B.Ce.Co \u2013 Au c\u0153ur de l\u2019ex\u00e9cution des projets de d\u00e9veloppement en RDC\",\"publisher\":{\"@id\":\"https:\/\/ikar.dev\/bceco-v2\/#organization\"},\"potentialAction\":[{\"@type\":\"SearchAction\",\"target\":{\"@type\":\"EntryPoint\",\"urlTemplate\":\"https:\/\/ikar.dev\/bceco-v2\/?s={search_term_string}\"},\"query-input\":{\"@type\":\"PropertyValueSpecification\",\"valueRequired\":true,\"valueName\":\"search_term_string\"}}],\"inLanguage\":\"en-US\"},{\"@type\":\"Organization\",\"@id\":\"https:\/\/ikar.dev\/bceco-v2\/#organization\",\"name\":\"Bureau Central de Coordination\",\"url\":\"https:\/\/ikar.dev\/bceco-v2\/\",\"logo\":{\"@type\":\"ImageObject\",\"inLanguage\":\"en-US\",\"@id\":\"https:\/\/ikar.dev\/bceco-v2\/#\/schema\/logo\/image\/\",\"url\":\"https:\/\/ikar.dev\/bceco-v2\/wp-content\/uploads\/2025\/12\/BCECO-Bureau-Central-de-Coordination.jpg\",\"contentUrl\":\"https:\/\/ikar.dev\/bceco-v2\/wp-content\/uploads\/2025\/12\/BCECO-Bureau-Central-de-Coordination.jpg\",\"width\":2048,\"height\":2048,\"caption\":\"Bureau Central de Coordination\"},\"image\":{\"@id\":\"https:\/\/ikar.dev\/bceco-v2\/#\/schema\/logo\/image\/\"},\"sameAs\":[\"https:\/\/www.facebook.com\/BCeCoRDC\",\"https:\/\/x.com\/BCeCoRDC\"]},{\"@type\":\"Person\",\"@id\":\"https:\/\/ikar.dev\/bceco-v2\/#\/schema\/person\/6ee74807ffb016a78852fec6a295d503\",\"name\":\"bceco\",\"image\":{\"@type\":\"ImageObject\",\"inLanguage\":\"en-US\",\"@id\":\"https:\/\/ikar.dev\/bceco-v2\/#\/schema\/person\/image\/\",\"url\":\"https:\/\/secure.gravatar.com\/avatar\/55c07e1707f50774ef3c842c9d074773a6b558a20fbd1608c8e4871bc88f3455?s=96&d=mm&r=g\",\"contentUrl\":\"https:\/\/secure.gravatar.com\/avatar\/55c07e1707f50774ef3c842c9d074773a6b558a20fbd1608c8e4871bc88f3455?s=96&d=mm&r=g\",\"caption\":\"bceco\"},\"sameAs\":[\"https:\/\/ikar.dev\/bceco-v2\"],\"url\":\"https:\/\/ikar.dev\/bceco-v2\/author\/bceco\/\"}]}<\/script>\n<!-- \/ Yoast SEO plugin. -->","yoast_head_json":{"title":"Gemena embo\u00eete le pas vers la modernisation - Bureau Central de Coordination","description":"23 Ao\u00fbt 2023, la Pr\u00e9sidence de la R\u00e9publique lance, par la signature d'un protocole d'accord, un projet de modernisation de la ville Gemena","robots":{"index":"index","follow":"follow","max-snippet":"max-snippet:-1","max-image-preview":"max-image-preview:large","max-video-preview":"max-video-preview:-1"},"canonical":"https:\/\/ikar.dev\/bceco-v2\/gemena-signature-protocole-modernisation-bceco\/","og_locale":"en_US","og_type":"article","og_title":"Gemena embo\u00eete le pas vers la modernisation","og_description":"23 Ao\u00fbt 2023, la Pr\u00e9sidence de la R\u00e9publique lance, par la signature d'un protocole d'accord, un projet de modernisation de la ville Gemena. Parmi les diff\u00e9rentes parties prenantes, le Bureau Central de Coordination (BCeCo)","og_url":"https:\/\/ikar.dev\/bceco-v2\/gemena-signature-protocole-modernisation-bceco\/","og_site_name":"Bureau Central de Coordination","article_publisher":"https:\/\/www.facebook.com\/BCeCoRDC","article_published_time":"2023-08-26T09:36:21+00:00","article_modified_time":"2025-12-29T17:07:32+00:00","og_image":[{"width":1280,"height":852,"url":"https:\/\/ikar.dev\/bceco-v2\/wp-content\/uploads\/2023\/08\/WhatsApp-Image-2023-08-26-at-1.20.29-PM-1.jpeg","type":"image\/jpeg"}],"author":"bceco","twitter_card":"summary_large_image","twitter_title":"Gemena embo\u00eete le pas vers la modernisation","twitter_description":"23 Ao\u00fbt 2023, la Pr\u00e9sidence de la R\u00e9publique lance, par la signature d'un protocole d'accord, un projet de modernisation de la ville Gemena. Parmi les diff\u00e9rentes parties prenantes, le Bureau Central de Coordination (BCeCo)","twitter_image":"https:\/\/ikar.dev\/bceco-v2\/wp-content\/uploads\/2023\/08\/WhatsApp-Image-2023-08-26-at-1.20.29-PM-1.jpeg","twitter_creator":"@BCeCoRDC","twitter_site":"@BCeCoRDC","twitter_misc":{"Written by":"bceco","Est. reading time":"3 minutes"},"schema":{"@context":"https:\/\/schema.org","@graph":[{"@type":"Article","@id":"https:\/\/ikar.dev\/bceco-v2\/gemena-signature-protocole-modernisation-bceco\/#article","isPartOf":{"@id":"https:\/\/ikar.dev\/bceco-v2\/gemena-signature-protocole-modernisation-bceco\/"},"author":{"name":"bceco","@id":"https:\/\/ikar.dev\/bceco-v2\/#\/schema\/person\/6ee74807ffb016a78852fec6a295d503"},"headline":"Gemena embo\u00eete le pas vers la modernisation","datePublished":"2023-08-26T09:36:21+00:00","dateModified":"2025-12-29T17:07:32+00:00","mainEntityOfPage":{"@id":"https:\/\/ikar.dev\/bceco-v2\/gemena-signature-protocole-modernisation-bceco\/"},"wordCount":300,"commentCount":0,"publisher":{"@id":"https:\/\/ikar.dev\/bceco-v2\/#organization"},"image":{"@id":"https:\/\/ikar.dev\/bceco-v2\/gemena-signature-protocole-modernisation-bceco\/#primaryimage"},"thumbnailUrl":"https:\/\/ikar.dev\/bceco-v2\/wp-content\/uploads\/2023\/08\/WhatsApp-Image-2023-08-26-at-1.20.29-PM-1.jpeg","keywords":["BCeCo","D\u00e9veloppement","Ex\u00e9cution","Gemena","Infrastructures","Protocole d'accord"],"articleSection":["Actualit\u00e9s","D\u00e9veloppement","Infrastructures"],"inLanguage":"en-US","potentialAction":[{"@type":"CommentAction","name":"Comment","target":["https:\/\/ikar.dev\/bceco-v2\/gemena-signature-protocole-modernisation-bceco\/#respond"]}]},{"@type":"WebPage","@id":"https:\/\/ikar.dev\/bceco-v2\/gemena-signature-protocole-modernisation-bceco\/","url":"https:\/\/ikar.dev\/bceco-v2\/gemena-signature-protocole-modernisation-bceco\/","name":"Gemena embo\u00eete le pas vers la modernisation - Bureau Central de Coordination","isPartOf":{"@id":"https:\/\/ikar.dev\/bceco-v2\/#website"},"primaryImageOfPage":{"@id":"https:\/\/ikar.dev\/bceco-v2\/gemena-signature-protocole-modernisation-bceco\/#primaryimage"},"image":{"@id":"https:\/\/ikar.dev\/bceco-v2\/gemena-signature-protocole-modernisation-bceco\/#primaryimage"},"thumbnailUrl":"https:\/\/ikar.dev\/bceco-v2\/wp-content\/uploads\/2023\/08\/WhatsApp-Image-2023-08-26-at-1.20.29-PM-1.jpeg","datePublished":"2023-08-26T09:36:21+00:00","dateModified":"2025-12-29T17:07:32+00:00","description":"23 Ao\u00fbt 2023, la Pr\u00e9sidence de la R\u00e9publique lance, par la signature d'un protocole d'accord, un projet de modernisation de la ville Gemena","breadcrumb":{"@id":"https:\/\/ikar.dev\/bceco-v2\/gemena-signature-protocole-modernisation-bceco\/#breadcrumb"},"inLanguage":"en-US","potentialAction":[{"@type":"ReadAction","target":["https:\/\/ikar.dev\/bceco-v2\/gemena-signature-protocole-modernisation-bceco\/"]}]},{"@type":"ImageObject","inLanguage":"en-US","@id":"https:\/\/ikar.dev\/bceco-v2\/gemena-signature-protocole-modernisation-bceco\/#primaryimage","url":"https:\/\/ikar.dev\/bceco-v2\/wp-content\/uploads\/2023\/08\/WhatsApp-Image-2023-08-26-at-1.20.29-PM-1.jpeg","contentUrl":"https:\/\/ikar.dev\/bceco-v2\/wp-content\/uploads\/2023\/08\/WhatsApp-Image-2023-08-26-at-1.20.29-PM-1.jpeg","width":1280,"height":852,"caption":"23 Ao\u00fbt 2023, la Pr\u00e9sidence de la R\u00e9publique lance, par la signature d'un protocole d'accord, un projet de modernisation de la ville Gemena"},{"@type":"BreadcrumbList","@id":"https:\/\/ikar.dev\/bceco-v2\/gemena-signature-protocole-modernisation-bceco\/#breadcrumb","itemListElement":[{"@type":"ListItem","position":1,"name":"Accueil","item":"https:\/\/ikar.dev\/bceco-v2\/"},{"@type":"ListItem","position":2,"name":"Gemena embo\u00eete le pas vers la modernisation"}]},{"@type":"WebSite","@id":"https:\/\/ikar.dev\/bceco-v2\/#website","url":"https:\/\/ikar.dev\/bceco-v2\/","name":"Bureau Central de Coordination","description":"B.Ce.Co \u2013 Au c\u0153ur de l\u2019ex\u00e9cution des projets de d\u00e9veloppement en RDC","publisher":{"@id":"https:\/\/ikar.dev\/bceco-v2\/#organization"},"potentialAction":[{"@type":"SearchAction","target":{"@type":"EntryPoint","urlTemplate":"https:\/\/ikar.dev\/bceco-v2\/?s={search_term_string}"},"query-input":{"@type":"PropertyValueSpecification","valueRequired":true,"valueName":"search_term_string"}}],"inLanguage":"en-US"},{"@type":"Organization","@id":"https:\/\/ikar.dev\/bceco-v2\/#organization","name":"Bureau Central de Coordination","url":"https:\/\/ikar.dev\/bceco-v2\/","logo":{"@type":"ImageObject","inLanguage":"en-US","@id":"https:\/\/ikar.dev\/bceco-v2\/#\/schema\/logo\/image\/","url":"https:\/\/ikar.dev\/bceco-v2\/wp-content\/uploads\/2025\/12\/BCECO-Bureau-Central-de-Coordination.jpg","contentUrl":"https:\/\/ikar.dev\/bceco-v2\/wp-content\/uploads\/2025\/12\/BCECO-Bureau-Central-de-Coordination.jpg","width":2048,"height":2048,"caption":"Bureau Central de Coordination"},"image":{"@id":"https:\/\/ikar.dev\/bceco-v2\/#\/schema\/logo\/image\/"},"sameAs":["https:\/\/www.facebook.com\/BCeCoRDC","https:\/\/x.com\/BCeCoRDC"]},{"@type":"Person","@id":"https:\/\/ikar.dev\/bceco-v2\/#\/schema\/person\/6ee74807ffb016a78852fec6a295d503","name":"bceco","image":{"@type":"ImageObject","inLanguage":"en-US","@id":"https:\/\/ikar.dev\/bceco-v2\/#\/schema\/person\/image\/","url":"https:\/\/secure.gravatar.com\/avatar\/55c07e1707f50774ef3c842c9d074773a6b558a20fbd1608c8e4871bc88f3455?s=96&d=mm&r=g","contentUrl":"https:\/\/secure.gravatar.com\/avatar\/55c07e1707f50774ef3c842c9d074773a6b558a20fbd1608c8e4871bc88f3455?s=96&d=mm&r=g","caption":"bceco"},"sameAs":["https:\/\/ikar.dev\/bceco-v2"],"url":"https:\/\/ikar.dev\/bceco-v2\/author\/bceco\/"}]}},"_links":{"self":[{"href":"https:\/\/ikar.dev\/bceco-v2\/wp-json\/wp\/v2\/posts\/30003","targetHints":{"allow":["GET"]}}],"collection":[{"href":"https:\/\/ikar.dev\/bceco-v2\/wp-json\/wp\/v2\/posts"}],"about":[{"href":"https:\/\/ikar.dev\/bceco-v2\/wp-json\/wp\/v2\/types\/post"}],"author":[{"embeddable":true,"href":"https:\/\/ikar.dev\/bceco-v2\/wp-json\/wp\/v2\/users\/1"}],"replies":[{"embeddable":true,"href":"https:\/\/ikar.dev\/bceco-v2\/wp-json\/wp\/v2\/comments?post=30003"}],"version-history":[{"count":1,"href":"https:\/\/ikar.dev\/bceco-v2\/wp-json\/wp\/v2\/posts\/30003\/revisions"}],"predecessor-version":[{"id":56313,"href":"https:\/\/ikar.dev\/bceco-v2\/wp-json\/wp\/v2\/posts\/30003\/revisions\/56313"}],"wp:featuredmedia":[{"embeddable":true,"href":"https:\/\/ikar.dev\/bceco-v2\/wp-json\/wp\/v2\/media\/30004"}],"wp:attachment":[{"href":"https:\/\/ikar.dev\/bceco-v2\/wp-json\/wp\/v2\/media?parent=30003"}],"wp:term":[{"taxonomy":"category","embeddable":true,"href":"https:\/\/ikar.dev\/bceco-v2\/wp-json\/wp\/v2\/categories?post=30003"},{"taxonomy":"post_tag","embeddable":true,"href":"https:\/\/ikar.dev\/bceco-v2\/wp-json\/wp\/v2\/tags?post=30003"}],"curies":[{"name":"wp","href":"https:\/\/api.w.org\/{rel}","templated":true}]}}