{"id":29954,"date":"2023-08-15T15:25:37","date_gmt":"2023-08-15T15:25:37","guid":{"rendered":"https:\/\/bceco.cd\/?p=29954"},"modified":"2025-12-23T17:18:15","modified_gmt":"2025-12-23T16:18:15","slug":"bceco-anser-signature-accord","status":"publish","type":"post","link":"https:\/\/ikar.dev\/bceco-v2\/bceco-anser-signature-accord\/","title":{"rendered":"BCeCo et ANSER pour l&#8217;\u00e9lectrification de la ville de Kananga"},"content":{"rendered":"\t\t<div data-elementor-type=\"wp-post\" data-elementor-id=\"29954\" class=\"elementor elementor-29954\" data-elementor-post-type=\"post\">\n\t\t\t\t\t\t<section class=\"elementor-section elementor-top-section elementor-element elementor-element-f378c8b elementor-section-boxed elementor-section-height-default elementor-section-height-default\" data-id=\"f378c8b\" data-element_type=\"section\">\n\t\t\t\t\t\t<div class=\"elementor-container elementor-column-gap-default\">\n\t\t\t\t\t<div class=\"elementor-column elementor-col-100 elementor-top-column elementor-element elementor-element-bee8c48\" data-id=\"bee8c48\" data-element_type=\"column\">\n\t\t\t<div class=\"elementor-widget-wrap elementor-element-populated\">\n\t\t\t\t\t\t<div class=\"elementor-element elementor-element-ac4af0e elementor-widget elementor-widget-heading\" data-id=\"ac4af0e\" data-element_type=\"widget\" data-widget_type=\"heading.default\">\n\t\t\t\t\t<h2 class=\"elementor-heading-title elementor-size-default\">BCeCo et ANSER pour l'\u00e9lectrification de la ville de Kananga<\/h2>\t\t\t\t<\/div>\n\t\t\t\t\t<\/div>\n\t\t<\/div>\n\t\t\t\t\t<\/div>\n\t\t<\/section>\n\t\t\t\t<section class=\"elementor-section elementor-top-section elementor-element elementor-element-deaa4a4 elementor-section-boxed elementor-section-height-default elementor-section-height-default\" data-id=\"deaa4a4\" data-element_type=\"section\">\n\t\t\t\t\t\t<div class=\"elementor-container elementor-column-gap-default\">\n\t\t\t\t\t<div class=\"elementor-column elementor-col-100 elementor-top-column elementor-element elementor-element-11f092a\" data-id=\"11f092a\" data-element_type=\"column\">\n\t\t\t<div class=\"elementor-widget-wrap\">\n\t\t\t\t\t\t\t<\/div>\n\t\t<\/div>\n\t\t\t\t\t<\/div>\n\t\t<\/section>\n\t\t\t\t<section class=\"elementor-section elementor-top-section elementor-element elementor-element-1546377 elementor-section-boxed elementor-section-height-default elementor-section-height-default\" data-id=\"1546377\" data-element_type=\"section\">\n\t\t\t\t\t\t<div class=\"elementor-container elementor-column-gap-default\">\n\t\t\t\t\t<div class=\"elementor-column elementor-col-100 elementor-top-column elementor-element elementor-element-c8e2a59\" data-id=\"c8e2a59\" data-element_type=\"column\">\n\t\t\t<div class=\"elementor-widget-wrap elementor-element-populated\">\n\t\t\t\t\t\t<div class=\"elementor-element elementor-element-11bae9b elementor-widget elementor-widget-text-editor\" data-id=\"11bae9b\" data-element_type=\"widget\" data-widget_type=\"text-editor.default\">\n\t\t\t\t\t\t\t\t\t<p>Le <a href=\"https:\/\/twitter.com\/BCeCoRDC\">BCeCo<\/a> et l&#8217;Agence Nationale de l&#8217;Electrification et des Services \u00c9nerg\u00e9tiques en milieu Rural et p\u00e9riurbain (<a href=\"https:\/\/twitter.com\/anser_rdc\">ANSER<\/a>) ont sign\u00e9 le 14 Ao\u00fbt dernier, un accord pour la construction d&#8217;une centrale hydro-\u00e9lectrique de 10 m\u00e9gawatts dans les chutes Mbombo sur la rivi\u00e8re Lulua dans le Kasa\u00ef Central. Ce projet ambitieux sera ex\u00e9cut\u00e9 en seulement 12 mois, ce qui repr\u00e9sente une prouesse technique et logistique consid\u00e9rable.<\/p><p>Cette centrale hydro-\u00e9lectrique permettra de fournir de l&#8217;\u00e9lectricit\u00e9 \u00e0 des milliers de personnes vivant en milieu rural et p\u00e9riurbain dans la ville de Kananga. Elle contribuera \u00e9galement \u00e0 la modernisation des infrastructures \u00e9nerg\u00e9tiques du pays, en offrant une source d&#8217;\u00e9nergie propre et renouvelable.<\/p>\t\t\t\t\t\t\t\t<\/div>\n\t\t\t\t<div class=\"elementor-element elementor-element-d7ede3a elementor-widget elementor-widget-text-editor\" data-id=\"d7ede3a\" data-element_type=\"widget\" data-widget_type=\"text-editor.default\">\n\t\t\t\t\t\t\t\t\t<p>La construction de cette centrale hydro-\u00e9lectrique est une \u00e9tape importante pour le d\u00e9veloppement \u00e9conomique et social du Kasa\u00ef Central. Elle permettra de cr\u00e9er de nombreux emplois locaux et d&#8217;am\u00e9liorer les conditions de vie de la population.<\/p><p>Le <a href=\"https:\/\/web.facebook.com\/BCeCoRDC\">BCeCo<\/a> et l&#8217;<a href=\"https:\/\/twitter.com\/anser_rdc\">ANSER<\/a> sont fiers de travailler ensemble sur ce projet d&#8217;envergure, qui t\u00e9moigne de leur engagement vis-\u00e0-vis du gouvernement dans son ambition de donner l&#8217;acc\u00e8s \u00e0 l&#8217;\u00e9nergie \u00e0 tous les congolais. Ils continueront \u00e0 collaborer pour d\u00e9velopper des projets innovants et durables dans le domaine de l&#8217;\u00e9nergie en R\u00e9publique D\u00e9mocratique du Congo.<\/p>\t\t\t\t\t\t\t\t<\/div>\n\t\t\t\t\t<\/div>\n\t\t<\/div>\n\t\t\t\t\t<\/div>\n\t\t<\/section>\n\t\t\t\t<section class=\"elementor-section elementor-top-section elementor-element elementor-element-2ac6a27 elementor-section-boxed elementor-section-height-default elementor-section-height-default\" data-id=\"2ac6a27\" data-element_type=\"section\">\n\t\t\t\t\t\t<div class=\"elementor-container elementor-column-gap-default\">\n\t\t\t\t\t<div class=\"elementor-column elementor-col-100 elementor-top-column elementor-element elementor-element-1eda2a3\" data-id=\"1eda2a3\" data-element_type=\"column\">\n\t\t\t<div class=\"elementor-widget-wrap elementor-element-populated\">\n\t\t\t\t\t\t<div class=\"elementor-element elementor-element-a2769bc elementor-skin-carousel elementor-arrows-yes elementor-pagination-type-bullets elementor-pagination-position-outside elementor-widget elementor-widget-media-carousel\" data-id=\"a2769bc\" data-element_type=\"widget\" data-settings=\"{&quot;skin&quot;:&quot;carousel&quot;,&quot;effect&quot;:&quot;slide&quot;,&quot;show_arrows&quot;:&quot;yes&quot;,&quot;pagination&quot;:&quot;bullets&quot;,&quot;speed&quot;:500,&quot;autoplay&quot;:&quot;yes&quot;,&quot;autoplay_speed&quot;:5000,&quot;loop&quot;:&quot;yes&quot;,&quot;pause_on_hover&quot;:&quot;yes&quot;,&quot;pause_on_interaction&quot;:&quot;yes&quot;,&quot;space_between&quot;:{&quot;unit&quot;:&quot;px&quot;,&quot;size&quot;:10,&quot;sizes&quot;:[]},&quot;space_between_tablet&quot;:{&quot;unit&quot;:&quot;px&quot;,&quot;size&quot;:10,&quot;sizes&quot;:[]},&quot;space_between_mobile&quot;:{&quot;unit&quot;:&quot;px&quot;,&quot;size&quot;:10,&quot;sizes&quot;:[]}}\" data-widget_type=\"media-carousel.default\">\n\t\t\t\t\t\t\t\t\t\t<div class=\"elementor-main-swiper swiper\" role=\"region\" aria-roledescription=\"carousel\" aria-label=\"Slides\">\n\t\t\t\t<div class=\"swiper-wrapper\">\n\t\t\t\t\t\t\t\t\t\t\t<div class=\"swiper-slide\" role=\"group\" aria-roledescription=\"slide\">\n\t\t\t\t\t\t\t\t\t<div class=\"elementor-carousel-image\" role=\"img\" aria-label=\"BCeCo et ANSER pour l&#039;\u00e9lectrification de la ville de Kananga\" style=\"background-image: url(&#039;https:\/\/ikar.dev\/bceco-v2\/wp-content\/uploads\/2023\/08\/4M4A1381-1-scaled.jpg&#039;)\">\n\n\t\t\t\n\t\t\t\t\t<\/div>\n\t\t\t\t\t\t\t\t<\/div>\n\t\t\t\t\t\t\t\t\t\t\t<div class=\"swiper-slide\" role=\"group\" aria-roledescription=\"slide\">\n\t\t\t\t\t\t\t\t\t<div class=\"elementor-carousel-image\" role=\"img\" aria-label=\"BCeCo et ANSER pour l&#039;\u00e9lectrification de la ville de Kananga\" style=\"background-image: url(&#039;https:\/\/ikar.dev\/bceco-v2\/wp-content\/uploads\/2023\/08\/4M4A1390-scaled.jpg&#039;)\">\n\n\t\t\t\n\t\t\t\t\t<\/div>\n\t\t\t\t\t\t\t\t<\/div>\n\t\t\t\t\t\t\t\t\t\t\t<div class=\"swiper-slide\" role=\"group\" aria-roledescription=\"slide\">\n\t\t\t\t\t\t\t\t\t<div class=\"elementor-carousel-image\" role=\"img\" aria-label=\"BCeCo et ANSER pour l&#039;\u00e9lectrification de la ville de Kananga\" style=\"background-image: url(&#039;https:\/\/ikar.dev\/bceco-v2\/wp-content\/uploads\/2023\/08\/4M4A1403-scaled.jpg&#039;)\">\n\n\t\t\t\n\t\t\t\t\t<\/div>\n\t\t\t\t\t\t\t\t<\/div>\n\t\t\t\t\t\t\t\t\t<\/div>\n\t\t\t\t\t\t\t\t\t\t\t\t\t\t\t<div class=\"elementor-swiper-button elementor-swiper-button-prev\" role=\"button\" tabindex=\"0\" aria-label=\"Previous\">\n\t\t\t\t\t\t\t<svg aria-hidden=\"true\" class=\"e-font-icon-svg e-eicon-chevron-left\" viewBox=\"0 0 1000 1000\" xmlns=\"http:\/\/www.w3.org\/2000\/svg\"><path d=\"M646 125C629 125 613 133 604 142L308 442C296 454 292 471 292 487 292 504 296 521 308 533L604 854C617 867 629 875 646 875 663 875 679 871 692 858 704 846 713 829 713 812 713 796 708 779 692 767L438 487 692 225C700 217 708 204 708 187 708 171 704 154 692 142 675 129 663 125 646 125Z\"><\/path><\/svg>\t\t\t\t\t\t<\/div>\n\t\t\t\t\t\t<div class=\"elementor-swiper-button elementor-swiper-button-next\" role=\"button\" tabindex=\"0\" aria-label=\"Next\">\n\t\t\t\t\t\t\t<svg aria-hidden=\"true\" class=\"e-font-icon-svg e-eicon-chevron-right\" viewBox=\"0 0 1000 1000\" xmlns=\"http:\/\/www.w3.org\/2000\/svg\"><path d=\"M696 533C708 521 713 504 713 487 713 471 708 454 696 446L400 146C388 133 375 125 354 125 338 125 325 129 313 142 300 154 292 171 292 187 292 204 296 221 308 233L563 492 304 771C292 783 288 800 288 817 288 833 296 850 308 863 321 871 338 875 354 875 371 875 388 867 400 854L696 533Z\"><\/path><\/svg>\t\t\t\t\t\t<\/div>\n\t\t\t\t\t\t\t\t\t\t\t\t\t\t\t\t<div class=\"swiper-pagination\"><\/div>\n\t\t\t\t\t\t\t\t\t\t\t\t<\/div>\n\t\t\t\t\t\t\t\t<\/div>\n\t\t\t\t\t<\/div>\n\t\t<\/div>\n\t\t\t\t\t<\/div>\n\t\t<\/section>\n\t\t\t\t<\/div>\n\t\t","protected":false},"excerpt":{"rendered":"<p>BCeCo et ANSER pour l&#8217;\u00e9lectrification de la ville de Kananga Le BCeCo et l&#8217;Agence Nationale de l&#8217;Electrification et des Services \u00c9nerg\u00e9tiques en milieu Rural et p\u00e9riurbain (ANSER) ont sign\u00e9 le 14 Ao\u00fbt dernier, un accord pour la construction d&#8217;une centrale hydro-\u00e9lectrique de 10 m\u00e9gawatts dans les chutes Mbombo sur la rivi\u00e8re Lulua dans le Kasa\u00ef<\/p>\n","protected":false},"author":1,"featured_media":29955,"comment_status":"open","ping_status":"open","sticky":false,"template":"","format":"standard","meta":{"footnotes":""},"categories":[69,62,63],"tags":[],"class_list":["post-29954","post","type-post","status-publish","format-standard","has-post-thumbnail","hentry","category-actualites","category-developpement","category-infrastructures"],"yoast_head":"<!-- This site is optimized with the Yoast SEO plugin v26.7 - https:\/\/yoast.com\/wordpress\/plugins\/seo\/ -->\n<title>BCeCo et ANSER pour l&#039;\u00e9lectrification de la ville de Kananga - Bureau Central de Coordination<\/title>\n<meta name=\"description\" content=\"14 Ao\u00fbt 2023, le BCeCo et l&#039;Agence Nationale de l&#039;Electrification et des Services \u00c9nerg\u00e9tiques en milieu Rural et p\u00e9riurbain (ANSER) signent\" \/>\n<meta name=\"robots\" content=\"index, follow, max-snippet:-1, max-image-preview:large, max-video-preview:-1\" \/>\n<link rel=\"canonical\" href=\"https:\/\/ikar.dev\/bceco-v2\/bceco-anser-signature-accord\/\" \/>\n<meta property=\"og:locale\" content=\"en_US\" \/>\n<meta property=\"og:type\" content=\"article\" \/>\n<meta property=\"og:title\" content=\"BCeCo et ANSER pour l&#039;\u00e9lectrification de la ville de Kananga\" \/>\n<meta property=\"og:description\" content=\"Le BCeCo et l&#039;Agence Nationale de l&#039;Electrification et des Services \u00c9nerg\u00e9tiques en milieu Rural et p\u00e9riurbain (ANSER) ont sign\u00e9 le 14 Ao\u00fbt dernier, un accord pour la construction d&#039;une centrale hydro-\u00e9lectrique de 10 m\u00e9gawatts dans les chutes Mbombo\" \/>\n<meta property=\"og:url\" content=\"https:\/\/ikar.dev\/bceco-v2\/bceco-anser-signature-accord\/\" \/>\n<meta property=\"og:site_name\" content=\"Bureau Central de Coordination\" \/>\n<meta property=\"article:publisher\" content=\"https:\/\/www.facebook.com\/BCeCoRDC\" \/>\n<meta property=\"article:published_time\" content=\"2023-08-15T15:25:37+00:00\" \/>\n<meta property=\"article:modified_time\" content=\"2025-12-23T16:18:15+00:00\" \/>\n<meta property=\"og:image\" content=\"https:\/\/ikar.dev\/bceco-v2\/wp-content\/uploads\/2023\/08\/4M4A1405-scaled.jpg\" \/>\n\t<meta property=\"og:image:width\" content=\"2560\" \/>\n\t<meta property=\"og:image:height\" content=\"1707\" \/>\n\t<meta property=\"og:image:type\" content=\"image\/jpeg\" \/>\n<meta name=\"author\" content=\"bceco\" \/>\n<meta name=\"twitter:card\" content=\"summary_large_image\" \/>\n<meta name=\"twitter:title\" content=\"BCeCo et ANSER pour l&#039;\u00e9lectrification de la ville de Kananga\" \/>\n<meta name=\"twitter:description\" content=\"Le BCeCo et l&#039;Agence Nationale de l&#039;Electrification et des Services \u00c9nerg\u00e9tiques en milieu Rural et p\u00e9riurbain (ANSER) ont sign\u00e9 le 14 Ao\u00fbt dernier, un accord pour la construction d&#039;une centrale hydro-\u00e9lectrique de 10 m\u00e9gawatts dans les chutes Mbombo\" \/>\n<meta name=\"twitter:image\" content=\"https:\/\/ikar.dev\/bceco-v2\/wp-content\/uploads\/2023\/08\/4M4A1405-scaled.jpg\" \/>\n<meta name=\"twitter:creator\" content=\"@BCeCoRDC\" \/>\n<meta name=\"twitter:site\" content=\"@BCeCoRDC\" \/>\n<meta name=\"twitter:label1\" content=\"Written by\" \/>\n\t<meta name=\"twitter:data1\" content=\"bceco\" \/>\n\t<meta name=\"twitter:label2\" content=\"Est. reading time\" \/>\n\t<meta name=\"twitter:data2\" content=\"2 minutes\" \/>\n<script type=\"application\/ld+json\" class=\"yoast-schema-graph\">{\"@context\":\"https:\/\/schema.org\",\"@graph\":[{\"@type\":\"Article\",\"@id\":\"https:\/\/ikar.dev\/bceco-v2\/bceco-anser-signature-accord\/#article\",\"isPartOf\":{\"@id\":\"https:\/\/ikar.dev\/bceco-v2\/bceco-anser-signature-accord\/\"},\"author\":{\"name\":\"bceco\",\"@id\":\"https:\/\/ikar.dev\/bceco-v2\/#\/schema\/person\/6ee74807ffb016a78852fec6a295d503\"},\"headline\":\"BCeCo et ANSER pour l&#8217;\u00e9lectrification de la ville de Kananga\",\"datePublished\":\"2023-08-15T15:25:37+00:00\",\"dateModified\":\"2025-12-23T16:18:15+00:00\",\"mainEntityOfPage\":{\"@id\":\"https:\/\/ikar.dev\/bceco-v2\/bceco-anser-signature-accord\/\"},\"wordCount\":248,\"commentCount\":0,\"publisher\":{\"@id\":\"https:\/\/ikar.dev\/bceco-v2\/#organization\"},\"image\":{\"@id\":\"https:\/\/ikar.dev\/bceco-v2\/bceco-anser-signature-accord\/#primaryimage\"},\"thumbnailUrl\":\"https:\/\/ikar.dev\/bceco-v2\/wp-content\/uploads\/2023\/08\/4M4A1405-scaled.jpg\",\"articleSection\":[\"Actualit\u00e9s\",\"D\u00e9veloppement\",\"Infrastructures\"],\"inLanguage\":\"en-US\",\"potentialAction\":[{\"@type\":\"CommentAction\",\"name\":\"Comment\",\"target\":[\"https:\/\/ikar.dev\/bceco-v2\/bceco-anser-signature-accord\/#respond\"]}]},{\"@type\":\"WebPage\",\"@id\":\"https:\/\/ikar.dev\/bceco-v2\/bceco-anser-signature-accord\/\",\"url\":\"https:\/\/ikar.dev\/bceco-v2\/bceco-anser-signature-accord\/\",\"name\":\"BCeCo et ANSER pour l'\u00e9lectrification de la ville de Kananga - Bureau Central de Coordination\",\"isPartOf\":{\"@id\":\"https:\/\/ikar.dev\/bceco-v2\/#website\"},\"primaryImageOfPage\":{\"@id\":\"https:\/\/ikar.dev\/bceco-v2\/bceco-anser-signature-accord\/#primaryimage\"},\"image\":{\"@id\":\"https:\/\/ikar.dev\/bceco-v2\/bceco-anser-signature-accord\/#primaryimage\"},\"thumbnailUrl\":\"https:\/\/ikar.dev\/bceco-v2\/wp-content\/uploads\/2023\/08\/4M4A1405-scaled.jpg\",\"datePublished\":\"2023-08-15T15:25:37+00:00\",\"dateModified\":\"2025-12-23T16:18:15+00:00\",\"description\":\"14 Ao\u00fbt 2023, le BCeCo et l'Agence Nationale de l'Electrification et des Services \u00c9nerg\u00e9tiques en milieu Rural et p\u00e9riurbain (ANSER) signent\",\"breadcrumb\":{\"@id\":\"https:\/\/ikar.dev\/bceco-v2\/bceco-anser-signature-accord\/#breadcrumb\"},\"inLanguage\":\"en-US\",\"potentialAction\":[{\"@type\":\"ReadAction\",\"target\":[\"https:\/\/ikar.dev\/bceco-v2\/bceco-anser-signature-accord\/\"]}]},{\"@type\":\"ImageObject\",\"inLanguage\":\"en-US\",\"@id\":\"https:\/\/ikar.dev\/bceco-v2\/bceco-anser-signature-accord\/#primaryimage\",\"url\":\"https:\/\/ikar.dev\/bceco-v2\/wp-content\/uploads\/2023\/08\/4M4A1405-scaled.jpg\",\"contentUrl\":\"https:\/\/ikar.dev\/bceco-v2\/wp-content\/uploads\/2023\/08\/4M4A1405-scaled.jpg\",\"width\":2560,\"height\":1707,\"caption\":\"BCeCo et ANSER pour l'\u00e9lectrification de la ville de Kananga\"},{\"@type\":\"BreadcrumbList\",\"@id\":\"https:\/\/ikar.dev\/bceco-v2\/bceco-anser-signature-accord\/#breadcrumb\",\"itemListElement\":[{\"@type\":\"ListItem\",\"position\":1,\"name\":\"Accueil\",\"item\":\"https:\/\/ikar.dev\/bceco-v2\/\"},{\"@type\":\"ListItem\",\"position\":2,\"name\":\"BCeCo et ANSER pour l&rsquo;\u00e9lectrification de la ville de Kananga\"}]},{\"@type\":\"WebSite\",\"@id\":\"https:\/\/ikar.dev\/bceco-v2\/#website\",\"url\":\"https:\/\/ikar.dev\/bceco-v2\/\",\"name\":\"Bureau Central de Coordination\",\"description\":\"B.Ce.Co \u2013 Au c\u0153ur de l\u2019ex\u00e9cution des projets de d\u00e9veloppement en RDC\",\"publisher\":{\"@id\":\"https:\/\/ikar.dev\/bceco-v2\/#organization\"},\"potentialAction\":[{\"@type\":\"SearchAction\",\"target\":{\"@type\":\"EntryPoint\",\"urlTemplate\":\"https:\/\/ikar.dev\/bceco-v2\/?s={search_term_string}\"},\"query-input\":{\"@type\":\"PropertyValueSpecification\",\"valueRequired\":true,\"valueName\":\"search_term_string\"}}],\"inLanguage\":\"en-US\"},{\"@type\":\"Organization\",\"@id\":\"https:\/\/ikar.dev\/bceco-v2\/#organization\",\"name\":\"Bureau Central de Coordination\",\"url\":\"https:\/\/ikar.dev\/bceco-v2\/\",\"logo\":{\"@type\":\"ImageObject\",\"inLanguage\":\"en-US\",\"@id\":\"https:\/\/ikar.dev\/bceco-v2\/#\/schema\/logo\/image\/\",\"url\":\"https:\/\/ikar.dev\/bceco-v2\/wp-content\/uploads\/2025\/12\/BCECO-Bureau-Central-de-Coordination.jpg\",\"contentUrl\":\"https:\/\/ikar.dev\/bceco-v2\/wp-content\/uploads\/2025\/12\/BCECO-Bureau-Central-de-Coordination.jpg\",\"width\":2048,\"height\":2048,\"caption\":\"Bureau Central de Coordination\"},\"image\":{\"@id\":\"https:\/\/ikar.dev\/bceco-v2\/#\/schema\/logo\/image\/\"},\"sameAs\":[\"https:\/\/www.facebook.com\/BCeCoRDC\",\"https:\/\/x.com\/BCeCoRDC\"]},{\"@type\":\"Person\",\"@id\":\"https:\/\/ikar.dev\/bceco-v2\/#\/schema\/person\/6ee74807ffb016a78852fec6a295d503\",\"name\":\"bceco\",\"image\":{\"@type\":\"ImageObject\",\"inLanguage\":\"en-US\",\"@id\":\"https:\/\/ikar.dev\/bceco-v2\/#\/schema\/person\/image\/\",\"url\":\"https:\/\/secure.gravatar.com\/avatar\/55c07e1707f50774ef3c842c9d074773a6b558a20fbd1608c8e4871bc88f3455?s=96&d=mm&r=g\",\"contentUrl\":\"https:\/\/secure.gravatar.com\/avatar\/55c07e1707f50774ef3c842c9d074773a6b558a20fbd1608c8e4871bc88f3455?s=96&d=mm&r=g\",\"caption\":\"bceco\"},\"sameAs\":[\"https:\/\/ikar.dev\/bceco-v2\"],\"url\":\"https:\/\/ikar.dev\/bceco-v2\/author\/bceco\/\"}]}<\/script>\n<!-- \/ Yoast SEO plugin. -->","yoast_head_json":{"title":"BCeCo et ANSER pour l'\u00e9lectrification de la ville de Kananga - Bureau Central de Coordination","description":"14 Ao\u00fbt 2023, le BCeCo et l'Agence Nationale de l'Electrification et des Services \u00c9nerg\u00e9tiques en milieu Rural et p\u00e9riurbain (ANSER) signent","robots":{"index":"index","follow":"follow","max-snippet":"max-snippet:-1","max-image-preview":"max-image-preview:large","max-video-preview":"max-video-preview:-1"},"canonical":"https:\/\/ikar.dev\/bceco-v2\/bceco-anser-signature-accord\/","og_locale":"en_US","og_type":"article","og_title":"BCeCo et ANSER pour l'\u00e9lectrification de la ville de Kananga","og_description":"Le BCeCo et l'Agence Nationale de l'Electrification et des Services \u00c9nerg\u00e9tiques en milieu Rural et p\u00e9riurbain (ANSER) ont sign\u00e9 le 14 Ao\u00fbt dernier, un accord pour la construction d'une centrale hydro-\u00e9lectrique de 10 m\u00e9gawatts dans les chutes Mbombo","og_url":"https:\/\/ikar.dev\/bceco-v2\/bceco-anser-signature-accord\/","og_site_name":"Bureau Central de Coordination","article_publisher":"https:\/\/www.facebook.com\/BCeCoRDC","article_published_time":"2023-08-15T15:25:37+00:00","article_modified_time":"2025-12-23T16:18:15+00:00","og_image":[{"width":2560,"height":1707,"url":"https:\/\/ikar.dev\/bceco-v2\/wp-content\/uploads\/2023\/08\/4M4A1405-scaled.jpg","type":"image\/jpeg"}],"author":"bceco","twitter_card":"summary_large_image","twitter_title":"BCeCo et ANSER pour l'\u00e9lectrification de la ville de Kananga","twitter_description":"Le BCeCo et l'Agence Nationale de l'Electrification et des Services \u00c9nerg\u00e9tiques en milieu Rural et p\u00e9riurbain (ANSER) ont sign\u00e9 le 14 Ao\u00fbt dernier, un accord pour la construction d'une centrale hydro-\u00e9lectrique de 10 m\u00e9gawatts dans les chutes Mbombo","twitter_image":"https:\/\/ikar.dev\/bceco-v2\/wp-content\/uploads\/2023\/08\/4M4A1405-scaled.jpg","twitter_creator":"@BCeCoRDC","twitter_site":"@BCeCoRDC","twitter_misc":{"Written by":"bceco","Est. reading time":"2 minutes"},"schema":{"@context":"https:\/\/schema.org","@graph":[{"@type":"Article","@id":"https:\/\/ikar.dev\/bceco-v2\/bceco-anser-signature-accord\/#article","isPartOf":{"@id":"https:\/\/ikar.dev\/bceco-v2\/bceco-anser-signature-accord\/"},"author":{"name":"bceco","@id":"https:\/\/ikar.dev\/bceco-v2\/#\/schema\/person\/6ee74807ffb016a78852fec6a295d503"},"headline":"BCeCo et ANSER pour l&#8217;\u00e9lectrification de la ville de Kananga","datePublished":"2023-08-15T15:25:37+00:00","dateModified":"2025-12-23T16:18:15+00:00","mainEntityOfPage":{"@id":"https:\/\/ikar.dev\/bceco-v2\/bceco-anser-signature-accord\/"},"wordCount":248,"commentCount":0,"publisher":{"@id":"https:\/\/ikar.dev\/bceco-v2\/#organization"},"image":{"@id":"https:\/\/ikar.dev\/bceco-v2\/bceco-anser-signature-accord\/#primaryimage"},"thumbnailUrl":"https:\/\/ikar.dev\/bceco-v2\/wp-content\/uploads\/2023\/08\/4M4A1405-scaled.jpg","articleSection":["Actualit\u00e9s","D\u00e9veloppement","Infrastructures"],"inLanguage":"en-US","potentialAction":[{"@type":"CommentAction","name":"Comment","target":["https:\/\/ikar.dev\/bceco-v2\/bceco-anser-signature-accord\/#respond"]}]},{"@type":"WebPage","@id":"https:\/\/ikar.dev\/bceco-v2\/bceco-anser-signature-accord\/","url":"https:\/\/ikar.dev\/bceco-v2\/bceco-anser-signature-accord\/","name":"BCeCo et ANSER pour l'\u00e9lectrification de la ville de Kananga - Bureau Central de Coordination","isPartOf":{"@id":"https:\/\/ikar.dev\/bceco-v2\/#website"},"primaryImageOfPage":{"@id":"https:\/\/ikar.dev\/bceco-v2\/bceco-anser-signature-accord\/#primaryimage"},"image":{"@id":"https:\/\/ikar.dev\/bceco-v2\/bceco-anser-signature-accord\/#primaryimage"},"thumbnailUrl":"https:\/\/ikar.dev\/bceco-v2\/wp-content\/uploads\/2023\/08\/4M4A1405-scaled.jpg","datePublished":"2023-08-15T15:25:37+00:00","dateModified":"2025-12-23T16:18:15+00:00","description":"14 Ao\u00fbt 2023, le BCeCo et l'Agence Nationale de l'Electrification et des Services \u00c9nerg\u00e9tiques en milieu Rural et p\u00e9riurbain (ANSER) signent","breadcrumb":{"@id":"https:\/\/ikar.dev\/bceco-v2\/bceco-anser-signature-accord\/#breadcrumb"},"inLanguage":"en-US","potentialAction":[{"@type":"ReadAction","target":["https:\/\/ikar.dev\/bceco-v2\/bceco-anser-signature-accord\/"]}]},{"@type":"ImageObject","inLanguage":"en-US","@id":"https:\/\/ikar.dev\/bceco-v2\/bceco-anser-signature-accord\/#primaryimage","url":"https:\/\/ikar.dev\/bceco-v2\/wp-content\/uploads\/2023\/08\/4M4A1405-scaled.jpg","contentUrl":"https:\/\/ikar.dev\/bceco-v2\/wp-content\/uploads\/2023\/08\/4M4A1405-scaled.jpg","width":2560,"height":1707,"caption":"BCeCo et ANSER pour l'\u00e9lectrification de la ville de Kananga"},{"@type":"BreadcrumbList","@id":"https:\/\/ikar.dev\/bceco-v2\/bceco-anser-signature-accord\/#breadcrumb","itemListElement":[{"@type":"ListItem","position":1,"name":"Accueil","item":"https:\/\/ikar.dev\/bceco-v2\/"},{"@type":"ListItem","position":2,"name":"BCeCo et ANSER pour l&rsquo;\u00e9lectrification de la ville de Kananga"}]},{"@type":"WebSite","@id":"https:\/\/ikar.dev\/bceco-v2\/#website","url":"https:\/\/ikar.dev\/bceco-v2\/","name":"Bureau Central de Coordination","description":"B.Ce.Co \u2013 Au c\u0153ur de l\u2019ex\u00e9cution des projets de d\u00e9veloppement en RDC","publisher":{"@id":"https:\/\/ikar.dev\/bceco-v2\/#organization"},"potentialAction":[{"@type":"SearchAction","target":{"@type":"EntryPoint","urlTemplate":"https:\/\/ikar.dev\/bceco-v2\/?s={search_term_string}"},"query-input":{"@type":"PropertyValueSpecification","valueRequired":true,"valueName":"search_term_string"}}],"inLanguage":"en-US"},{"@type":"Organization","@id":"https:\/\/ikar.dev\/bceco-v2\/#organization","name":"Bureau Central de Coordination","url":"https:\/\/ikar.dev\/bceco-v2\/","logo":{"@type":"ImageObject","inLanguage":"en-US","@id":"https:\/\/ikar.dev\/bceco-v2\/#\/schema\/logo\/image\/","url":"https:\/\/ikar.dev\/bceco-v2\/wp-content\/uploads\/2025\/12\/BCECO-Bureau-Central-de-Coordination.jpg","contentUrl":"https:\/\/ikar.dev\/bceco-v2\/wp-content\/uploads\/2025\/12\/BCECO-Bureau-Central-de-Coordination.jpg","width":2048,"height":2048,"caption":"Bureau Central de Coordination"},"image":{"@id":"https:\/\/ikar.dev\/bceco-v2\/#\/schema\/logo\/image\/"},"sameAs":["https:\/\/www.facebook.com\/BCeCoRDC","https:\/\/x.com\/BCeCoRDC"]},{"@type":"Person","@id":"https:\/\/ikar.dev\/bceco-v2\/#\/schema\/person\/6ee74807ffb016a78852fec6a295d503","name":"bceco","image":{"@type":"ImageObject","inLanguage":"en-US","@id":"https:\/\/ikar.dev\/bceco-v2\/#\/schema\/person\/image\/","url":"https:\/\/secure.gravatar.com\/avatar\/55c07e1707f50774ef3c842c9d074773a6b558a20fbd1608c8e4871bc88f3455?s=96&d=mm&r=g","contentUrl":"https:\/\/secure.gravatar.com\/avatar\/55c07e1707f50774ef3c842c9d074773a6b558a20fbd1608c8e4871bc88f3455?s=96&d=mm&r=g","caption":"bceco"},"sameAs":["https:\/\/ikar.dev\/bceco-v2"],"url":"https:\/\/ikar.dev\/bceco-v2\/author\/bceco\/"}]}},"_links":{"self":[{"href":"https:\/\/ikar.dev\/bceco-v2\/wp-json\/wp\/v2\/posts\/29954","targetHints":{"allow":["GET"]}}],"collection":[{"href":"https:\/\/ikar.dev\/bceco-v2\/wp-json\/wp\/v2\/posts"}],"about":[{"href":"https:\/\/ikar.dev\/bceco-v2\/wp-json\/wp\/v2\/types\/post"}],"author":[{"embeddable":true,"href":"https:\/\/ikar.dev\/bceco-v2\/wp-json\/wp\/v2\/users\/1"}],"replies":[{"embeddable":true,"href":"https:\/\/ikar.dev\/bceco-v2\/wp-json\/wp\/v2\/comments?post=29954"}],"version-history":[{"count":1,"href":"https:\/\/ikar.dev\/bceco-v2\/wp-json\/wp\/v2\/posts\/29954\/revisions"}],"predecessor-version":[{"id":56311,"href":"https:\/\/ikar.dev\/bceco-v2\/wp-json\/wp\/v2\/posts\/29954\/revisions\/56311"}],"wp:featuredmedia":[{"embeddable":true,"href":"https:\/\/ikar.dev\/bceco-v2\/wp-json\/wp\/v2\/media\/29955"}],"wp:attachment":[{"href":"https:\/\/ikar.dev\/bceco-v2\/wp-json\/wp\/v2\/media?parent=29954"}],"wp:term":[{"taxonomy":"category","embeddable":true,"href":"https:\/\/ikar.dev\/bceco-v2\/wp-json\/wp\/v2\/categories?post=29954"},{"taxonomy":"post_tag","embeddable":true,"href":"https:\/\/ikar.dev\/bceco-v2\/wp-json\/wp\/v2\/tags?post=29954"}],"curies":[{"name":"wp","href":"https:\/\/api.w.org\/{rel}","templated":true}]}}