{"id":29910,"date":"2023-08-02T10:57:38","date_gmt":"2023-08-02T10:57:38","guid":{"rendered":"https:\/\/bceco.cd\/?p=29910"},"modified":"2025-12-23T17:18:00","modified_gmt":"2025-12-23T16:18:00","slug":"kasai-oriental-et-central-jean-mabi-aux-premieres-loges-pour-linspection-des-ouvrages","status":"publish","type":"post","link":"https:\/\/ikar.dev\/bceco-v2\/kasai-oriental-et-central-jean-mabi-aux-premieres-loges-pour-linspection-des-ouvrages\/","title":{"rendered":"Kasa\u00ef Oriental et central : Jean Mabi aux premi\u00e8res loges pour l&#8217;inspection des ouvrages"},"content":{"rendered":"\t\t<div data-elementor-type=\"wp-post\" data-elementor-id=\"29910\" class=\"elementor elementor-29910\" data-elementor-post-type=\"post\">\n\t\t\t\t\t\t<section class=\"elementor-section elementor-top-section elementor-element elementor-element-ad1684f elementor-section-boxed elementor-section-height-default elementor-section-height-default\" data-id=\"ad1684f\" data-element_type=\"section\" data-e-type=\"section\">\n\t\t\t\t\t\t<div class=\"elementor-container elementor-column-gap-default\">\n\t\t\t\t\t<div class=\"elementor-column elementor-col-100 elementor-top-column elementor-element elementor-element-0541743\" data-id=\"0541743\" data-element_type=\"column\" data-e-type=\"column\">\n\t\t\t<div class=\"elementor-widget-wrap elementor-element-populated\">\n\t\t\t\t\t\t<div class=\"elementor-element elementor-element-a90260e elementor-widget elementor-widget-heading\" data-id=\"a90260e\" data-element_type=\"widget\" data-e-type=\"widget\" data-widget_type=\"heading.default\">\n\t\t\t\t\t<h2 class=\"elementor-heading-title elementor-size-default\">Kasa\u00ef Oriental et Central: Jean Mabi aux premi\u00e8res loges pour l'inspection des ouvrages<\/h2>\t\t\t\t<\/div>\n\t\t\t\t\t<\/div>\n\t\t<\/div>\n\t\t\t\t\t<\/div>\n\t\t<\/section>\n\t\t\t\t<section class=\"elementor-section elementor-top-section elementor-element elementor-element-a7d3d1c elementor-section-boxed elementor-section-height-default elementor-section-height-default\" data-id=\"a7d3d1c\" data-element_type=\"section\" data-e-type=\"section\">\n\t\t\t\t\t\t<div class=\"elementor-container elementor-column-gap-default\">\n\t\t\t\t\t<div class=\"elementor-column elementor-col-50 elementor-top-column elementor-element elementor-element-7d3ea81\" data-id=\"7d3ea81\" data-element_type=\"column\" data-e-type=\"column\">\n\t\t\t<div class=\"elementor-widget-wrap elementor-element-populated\">\n\t\t\t\t\t\t<div class=\"elementor-element elementor-element-a244992 elementor-widget elementor-widget-text-editor\" data-id=\"a244992\" data-element_type=\"widget\" data-e-type=\"widget\" data-widget_type=\"text-editor.default\">\n\t\t\t\t\t\t\t\t\t<p>Une forte d\u00e9l\u00e9gation dirig\u00e9e par <strong>Jean Mabi Mulumba<\/strong>, Directeur G\u00e9n\u00e9ral du <a href=\"https:\/\/twitter.com\/BCeCoRDC\">BCECO<\/a>, a r\u00e9cemment effectu\u00e9 une mission d&#8217;inspection des infrastructures en construction dans les provinces du Kasa\u00ef Oriental et Central. Cette mission, qui s&#8217;est d\u00e9roul\u00e9e du 29 juillet au 1er ao\u00fbt 2023, avait pour but de constater l&#8217;avancement des travaux et de rencontrer les populations locales.<\/p><p>Au cours de cette mission, Jean Mabi Mulumba a parcouru les cinq territoires de la province du Kasa\u00ef Oriental, de Katanda \u00e0 Miabi en passant par Lupatapata. Il a ainsi pu constater de visu les r\u00e9alisations PDL en cours, certaines \u00e9tant d\u00e9j\u00e0 \u00e0 l&#8217;\u00e9tape des r\u00e9ceptions techniques et provisoires pour les agences locales d&#8217;ex\u00e9cution (ALE). Les petites et moyennes entreprises qui ont commenc\u00e9 les travaux en avril 2023 ont \u00e9galement fait un travail remarquable, avec des ouvrages qui ont pouss\u00e9 comme de petits champignons. La population locale s&#8217;est montr\u00e9e tr\u00e8s satisfaite de ces r\u00e9alisations et n&#8217;a pas manqu\u00e9 d&#8217;exprimer sa gratitude envers le chef de l&#8217;\u00c9tat.<\/p>\t\t\t\t\t\t\t\t<\/div>\n\t\t\t\t\t<\/div>\n\t\t<\/div>\n\t\t\t\t<div class=\"elementor-column elementor-col-50 elementor-top-column elementor-element elementor-element-e10c26f\" data-id=\"e10c26f\" data-element_type=\"column\" data-e-type=\"column\">\n\t\t\t<div class=\"elementor-widget-wrap elementor-element-populated\">\n\t\t\t\t\t\t<div class=\"elementor-element elementor-element-9f127ee elementor-widget elementor-widget-image\" data-id=\"9f127ee\" data-element_type=\"widget\" data-e-type=\"widget\" data-widget_type=\"image.default\">\n\t\t\t\t\t\t\t\t\t\t\t\t\t\t\t<img fetchpriority=\"high\" decoding=\"async\" width=\"1170\" height=\"694\" src=\"https:\/\/ikar.dev\/bceco-v2\/wp-content\/uploads\/2023\/08\/4M4A1255-1170x694.jpg\" class=\"attachment-large size-large wp-image-29914\" alt=\"PDL145T: Mission d&#039;inspection Kasa\u00ef\" srcset=\"https:\/\/ikar.dev\/bceco-v2\/wp-content\/uploads\/2023\/08\/4M4A1255-1170x694.jpg 1170w, https:\/\/ikar.dev\/bceco-v2\/wp-content\/uploads\/2023\/08\/4M4A1255-768x456.jpg 768w\" sizes=\"(max-width: 1170px) 100vw, 1170px\" \/>\t\t\t\t\t\t\t\t\t\t\t\t\t\t\t<\/div>\n\t\t\t\t\t<\/div>\n\t\t<\/div>\n\t\t\t\t\t<\/div>\n\t\t<\/section>\n\t\t\t\t<section class=\"elementor-section elementor-top-section elementor-element elementor-element-3bf6547 elementor-section-boxed elementor-section-height-default elementor-section-height-default\" data-id=\"3bf6547\" data-element_type=\"section\" data-e-type=\"section\">\n\t\t\t\t\t\t<div class=\"elementor-container elementor-column-gap-default\">\n\t\t\t\t\t<div class=\"elementor-column elementor-col-50 elementor-top-column elementor-element elementor-element-0057027\" data-id=\"0057027\" data-element_type=\"column\" data-e-type=\"column\">\n\t\t\t<div class=\"elementor-widget-wrap elementor-element-populated\">\n\t\t\t\t\t\t<div class=\"elementor-element elementor-element-711fdb4 elementor-widget elementor-widget-image\" data-id=\"711fdb4\" data-element_type=\"widget\" data-e-type=\"widget\" data-widget_type=\"image.default\">\n\t\t\t\t\t\t\t\t\t\t\t\t\t\t\t<img decoding=\"async\" width=\"1170\" height=\"694\" src=\"https:\/\/ikar.dev\/bceco-v2\/wp-content\/uploads\/2023\/08\/4M4A0746-1170x694.jpg\" class=\"attachment-large size-large wp-image-29915\" alt=\"PDL145T: Mission d&#039;inspection ouvrages par Jean Mabi, DG du BCeCo\" srcset=\"https:\/\/ikar.dev\/bceco-v2\/wp-content\/uploads\/2023\/08\/4M4A0746-1170x694.jpg 1170w, https:\/\/ikar.dev\/bceco-v2\/wp-content\/uploads\/2023\/08\/4M4A0746-768x456.jpg 768w\" sizes=\"(max-width: 1170px) 100vw, 1170px\" \/>\t\t\t\t\t\t\t\t\t\t\t\t\t\t\t<\/div>\n\t\t\t\t\t<\/div>\n\t\t<\/div>\n\t\t\t\t<div class=\"elementor-column elementor-col-50 elementor-top-column elementor-element elementor-element-e7d7f84\" data-id=\"e7d7f84\" data-element_type=\"column\" data-e-type=\"column\">\n\t\t\t<div class=\"elementor-widget-wrap elementor-element-populated\">\n\t\t\t\t\t\t<div class=\"elementor-element elementor-element-716e162 elementor-blockquote--skin-border elementor-blockquote--button-view-icon-text elementor-blockquote--button-skin-classic elementor-widget elementor-widget-blockquote\" data-id=\"716e162\" data-element_type=\"widget\" data-e-type=\"widget\" data-widget_type=\"blockquote.default\">\n\t\t\t\t\t\t\t<blockquote class=\"elementor-blockquote\">\n\t\t\t<p class=\"elementor-blockquote__content\">\n\t\t\t\tNous remercions le chef de l'\u00c9tat pour la construction de ce centre qui vient \u00e0 point nomm\u00e9 pour soulager notre souffrance. Dans le temps, nos mamans allaient accoucher tr\u00e8s loin \u00e0 Bakwa Tshibuyi ou \u00e0 Miabi. Aujourd'hui, elles ne feront plus ces longues distances. Voil\u00e0 pourquoi nous sommes dans la joie et lui disons merci\t\t\t<\/p>\n\t\t\t\t\t\t\t<div class=\"e-q-footer\">\n\t\t\t\t\t\t\t\t\t\t\t<cite class=\"elementor-blockquote__author\">Jean-Pierre Kalala, habitant de Miabi<\/cite>\n\t\t\t\t\t\t\t\t\t\t\t\t\t\t\t\t<a href=\"https:\/\/twitter.com\/intent\/tweet?text=Nous+remercions+le+chef+de+l%27%C3%89tat+pour+la+construction+de+ce+centre+qui+vient+%C3%A0+point+nomm%C3%A9+pour+soulager+notre+souffrance.+Dans+le+temps%2C+nos+mamans+allaient+accoucher+tr%C3%A8s+loin+%C3%A0+Bakwa+Tshibuyi+ou+%C3%A0+Miabi.+Aujourd%27hui%2C+elles+ne+feront+plus+ces+longues+distances.+Voil%C3%A0+pourquoi+nous+sommes+dans+la+joie+et+lui+disons+merci+%E2%80%94+Jean-Pierre+Kalala%2C+habitant+de+Miabi&amp;url=https%3A%2F%2Fikar.dev%2Fbceco-v2%2Fbceco-v2%2Fwp-json%2Fwp%2Fv2%2Fposts%2F29910\" class=\"elementor-blockquote__tweet-button\" target=\"_blank\">\n\t\t\t\t\t\t\t\t\t\t\t\t\t\t\t<svg aria-hidden=\"true\" class=\"e-font-icon-svg e-fab-twitter\" viewBox=\"0 0 512 512\" xmlns=\"http:\/\/www.w3.org\/2000\/svg\"><path d=\"M459.37 151.716c.325 4.548.325 9.097.325 13.645 0 138.72-105.583 298.558-298.558 298.558-59.452 0-114.68-17.219-161.137-47.106 8.447.974 16.568 1.299 25.34 1.299 49.055 0 94.213-16.568 130.274-44.832-46.132-.975-84.792-31.188-98.112-72.772 6.498.974 12.995 1.624 19.818 1.624 9.421 0 18.843-1.3 27.614-3.573-48.081-9.747-84.143-51.98-84.143-102.985v-1.299c13.969 7.797 30.214 12.67 47.431 13.319-28.264-18.843-46.781-51.005-46.781-87.391 0-19.492 5.197-37.36 14.294-52.954 51.655 63.675 129.3 105.258 216.365 109.807-1.624-7.797-2.599-15.918-2.599-24.04 0-57.828 46.782-104.934 104.934-104.934 30.213 0 57.502 12.67 76.67 33.137 23.715-4.548 46.456-13.32 66.599-25.34-7.798 24.366-24.366 44.833-46.132 57.827 21.117-2.273 41.584-8.122 60.426-16.243-14.292 20.791-32.161 39.308-52.628 54.253z\"><\/path><\/svg>\t\t\t\t\t\t\t\t\t\t\t\t\t\t\t\t\t\t\t\t\t\t\t\t\t\t\t\t\t\t<span class=\"elementor-blockquote__tweet-label\">Tweet<\/span>\n\t\t\t\t\t\t\t\t\t\t\t\t\t<\/a>\n\t\t\t\t\t\t\t\t\t<\/div>\n\t\t\t\t\t<\/blockquote>\n\t\t\t\t\t\t<\/div>\n\t\t\t\t\t<\/div>\n\t\t<\/div>\n\t\t\t\t\t<\/div>\n\t\t<\/section>\n\t\t\t\t<section class=\"elementor-section elementor-top-section elementor-element elementor-element-15e58f3 elementor-section-boxed elementor-section-height-default elementor-section-height-default\" data-id=\"15e58f3\" data-element_type=\"section\" data-e-type=\"section\">\n\t\t\t\t\t\t<div class=\"elementor-container elementor-column-gap-default\">\n\t\t\t\t\t<div class=\"elementor-column elementor-col-50 elementor-top-column elementor-element elementor-element-c13f01d\" data-id=\"c13f01d\" data-element_type=\"column\" data-e-type=\"column\">\n\t\t\t<div class=\"elementor-widget-wrap elementor-element-populated\">\n\t\t\t\t\t\t<div class=\"elementor-element elementor-element-9948713 elementor-widget elementor-widget-text-editor\" data-id=\"9948713\" data-element_type=\"widget\" data-e-type=\"widget\" data-widget_type=\"text-editor.default\">\n\t\t\t\t\t\t\t\t\t<p>La d\u00e9l\u00e9gation a \u00e9galement rencontr\u00e9 la notabilit\u00e9 et la population de Tshilenge afin de dissiper le malentendu n\u00e9 de la destruction du b\u00e2timent administratif en construction dans ce territoire. Les deux parties ont \u00e9chang\u00e9 et la population de Tshilenge a demand\u00e9 pardon au chef de l&#8217;\u00c9tat pour cet incident. Elle a \u00e9galement \u00e9mis le v\u0153u de voir les travaux reprendre comme dans tous les autres territoires.<\/p><p>Apr\u00e8s avoir quitt\u00e9 la province du Kasa\u00ef Oriental, la d\u00e9l\u00e9gation s&#8217;est rendue dans le Kasa\u00ef Central. Elle a d&#8217;abord visit\u00e9 le b\u00e2timent administratif en construction dans le territoire de Dibaya, o\u00f9 les travaux \u00e9voluent \u00e0 pas de g\u00e9ant. Sur place, <strong>Jean Mabi Mulumba<\/strong> a \u00e9galement sensibilis\u00e9 la population sur l&#8217;appropriation du <a href=\"https:\/\/pdl145.gouv.cd\/\">PDL-145T<\/a>.<\/p>\t\t\t\t\t\t\t\t<\/div>\n\t\t\t\t\t<\/div>\n\t\t<\/div>\n\t\t\t\t<div class=\"elementor-column elementor-col-50 elementor-top-column elementor-element elementor-element-8d0cf2e\" data-id=\"8d0cf2e\" data-element_type=\"column\" data-e-type=\"column\">\n\t\t\t<div class=\"elementor-widget-wrap elementor-element-populated\">\n\t\t\t\t\t\t<div class=\"elementor-element elementor-element-3092361 elementor-widget elementor-widget-image\" data-id=\"3092361\" data-element_type=\"widget\" data-e-type=\"widget\" data-widget_type=\"image.default\">\n\t\t\t\t\t\t\t\t\t\t\t\t\t\t\t<img decoding=\"async\" width=\"1170\" height=\"694\" src=\"https:\/\/ikar.dev\/bceco-v2\/wp-content\/uploads\/2023\/08\/4M4A0761-1170x694.jpg\" class=\"attachment-large size-large wp-image-29919\" alt=\"PDL145T: Mission BCeCo dans les Kasa\u00ef Central et Oriental: Notabilit\u00e9s du Territoire de Tshilenge\" srcset=\"https:\/\/ikar.dev\/bceco-v2\/wp-content\/uploads\/2023\/08\/4M4A0761-1170x694.jpg 1170w, https:\/\/ikar.dev\/bceco-v2\/wp-content\/uploads\/2023\/08\/4M4A0761-768x456.jpg 768w\" sizes=\"(max-width: 1170px) 100vw, 1170px\" \/>\t\t\t\t\t\t\t\t\t\t\t\t\t\t\t<\/div>\n\t\t\t\t\t<\/div>\n\t\t<\/div>\n\t\t\t\t\t<\/div>\n\t\t<\/section>\n\t\t\t\t<section class=\"elementor-section elementor-top-section elementor-element elementor-element-f4d864c elementor-section-boxed elementor-section-height-default elementor-section-height-default\" data-id=\"f4d864c\" data-element_type=\"section\" data-e-type=\"section\">\n\t\t\t\t\t\t<div class=\"elementor-container elementor-column-gap-default\">\n\t\t\t\t\t<div class=\"elementor-column elementor-col-50 elementor-top-column elementor-element elementor-element-12296f1\" data-id=\"12296f1\" data-element_type=\"column\" data-e-type=\"column\">\n\t\t\t<div class=\"elementor-widget-wrap elementor-element-populated\">\n\t\t\t\t\t\t<div class=\"elementor-element elementor-element-3225898 elementor-widget elementor-widget-image\" data-id=\"3225898\" data-element_type=\"widget\" data-e-type=\"widget\" data-widget_type=\"image.default\">\n\t\t\t\t\t\t\t\t\t\t\t\t\t\t\t<img loading=\"lazy\" decoding=\"async\" width=\"1170\" height=\"694\" src=\"https:\/\/ikar.dev\/bceco-v2\/wp-content\/uploads\/2023\/08\/4M4A1162-1170x694.jpg\" class=\"attachment-large size-large wp-image-29920\" alt=\"Morgue de Kananga en construction, ouvrage Bceco\" srcset=\"https:\/\/ikar.dev\/bceco-v2\/wp-content\/uploads\/2023\/08\/4M4A1162-1170x694.jpg 1170w, https:\/\/ikar.dev\/bceco-v2\/wp-content\/uploads\/2023\/08\/4M4A1162-768x456.jpg 768w\" sizes=\"(max-width: 1170px) 100vw, 1170px\" \/>\t\t\t\t\t\t\t\t\t\t\t\t\t\t\t<\/div>\n\t\t\t\t<div class=\"elementor-element elementor-element-3d8181d elementor-widget elementor-widget-text-editor\" data-id=\"3d8181d\" data-element_type=\"widget\" data-e-type=\"widget\" data-widget_type=\"text-editor.default\">\n\t\t\t\t\t\t\t\t\t<p class=\"MsoNormal\"><span lang=\"FR\" style=\"mso-ansi-language: FR;\">En somme, la mission d&#8217;inspection des infrastructures en construction dans les provinces du Kasa\u00ef Oriental et Central a \u00e9t\u00e9 un succ\u00e8s. Les r\u00e9alisations PDL ont \u00e9t\u00e9 salu\u00e9es par la population locale qui y voit une am\u00e9lioration significative de ses conditions de vie. Le BCECO poursuit ainsi sa mission en faveur du d\u00e9veloppement \u00e9conomique et social du pays.<\/span><\/p>\t\t\t\t\t\t\t\t<\/div>\n\t\t\t\t\t<\/div>\n\t\t<\/div>\n\t\t\t\t<div class=\"elementor-column elementor-col-50 elementor-top-column elementor-element elementor-element-7722587\" data-id=\"7722587\" data-element_type=\"column\" data-e-type=\"column\">\n\t\t\t<div class=\"elementor-widget-wrap elementor-element-populated\">\n\t\t\t\t\t\t<div class=\"elementor-element elementor-element-412ea0d elementor-widget elementor-widget-text-editor\" data-id=\"412ea0d\" data-element_type=\"widget\" data-e-type=\"widget\" data-widget_type=\"text-editor.default\">\n\t\t\t\t\t\t\t\t\t<p>Le deuxi\u00e8me jour \u00e9tait consacr\u00e9 \u00e0 la morgue de l&#8217;h\u00f4pital g\u00e9n\u00e9ral provincial de Kananga ainsi qu&#8217;\u00e0 la voirie de la ville. Les travaux de la nouvelle morgue ont atteint leur vitesse de croisi\u00e8re et sont suffisamment avanc\u00e9s pour que la toiture soit d\u00e9j\u00e0 pos\u00e9e. La visite s&#8217;est poursuivie dans l&#8217;apr\u00e8s-midi avec les art\u00e8res de la ville. Pour l&#8217;instant, les travaux consistent en la stabilisation des routes, surtout en des endroits o\u00f9 les \u00e9rosions mena\u00e7aient de les couper. Par ailleurs, les travaux de canalisation des eaux sont finalis\u00e9s.<\/p><p>Enfin, la d\u00e9l\u00e9gation s&#8217;est rendue sur la route Kananga-Kalamba Mbuji, qui est d\u00e9j\u00e0 ouverte sur 92 km sur une largeur de 16 m dont 9 m consacr\u00e9s \u00e0 la circulation. Cette route est d&#8217;une importance capitale pour la population car elle permet de d\u00e9senclaver les provinces du Kasa\u00ef Central, Oriental et du Kwilu en reliant la RDC \u00e0 l&#8217;Afrique australe et m\u00eame \u00e0 l&#8217;Europe via le port de Lobito en Angola. La population kanangaise ne jure que par cette route qui repr\u00e9sente une v\u00e9ritable bouff\u00e9e d&#8217;air frais pour l&#8217;\u00e9conomie locale.<\/p>\t\t\t\t\t\t\t\t<\/div>\n\t\t\t\t<div class=\"elementor-element elementor-element-14d98c6 elementor-widget elementor-widget-image\" data-id=\"14d98c6\" data-element_type=\"widget\" data-e-type=\"widget\" data-widget_type=\"image.default\">\n\t\t\t\t\t\t\t\t\t\t\t\t\t\t\t<img loading=\"lazy\" decoding=\"async\" width=\"1170\" height=\"694\" src=\"https:\/\/ikar.dev\/bceco-v2\/wp-content\/uploads\/2023\/08\/4M4A1220-1170x694.jpg\" class=\"attachment-large size-large wp-image-29924\" alt=\"Voirie de Kananga en construction. BCeCo au service de la Nation.\" srcset=\"https:\/\/ikar.dev\/bceco-v2\/wp-content\/uploads\/2023\/08\/4M4A1220-1170x694.jpg 1170w, https:\/\/ikar.dev\/bceco-v2\/wp-content\/uploads\/2023\/08\/4M4A1220-768x456.jpg 768w\" sizes=\"(max-width: 1170px) 100vw, 1170px\" \/>\t\t\t\t\t\t\t\t\t\t\t\t\t\t\t<\/div>\n\t\t\t\t\t<\/div>\n\t\t<\/div>\n\t\t\t\t\t<\/div>\n\t\t<\/section>\n\t\t\t\t<section class=\"elementor-section elementor-top-section elementor-element elementor-element-572d1e6 elementor-section-boxed elementor-section-height-default elementor-section-height-default\" data-id=\"572d1e6\" data-element_type=\"section\" data-e-type=\"section\">\n\t\t\t\t\t\t<div class=\"elementor-container elementor-column-gap-default\">\n\t\t\t\t\t<div class=\"elementor-column elementor-col-100 elementor-top-column elementor-element elementor-element-b014195\" data-id=\"b014195\" data-element_type=\"column\" data-e-type=\"column\">\n\t\t\t<div class=\"elementor-widget-wrap elementor-element-populated\">\n\t\t\t\t\t\t<div class=\"elementor-element elementor-element-abfa633 elementor-skin-carousel elementor-arrows-yes elementor-pagination-type-bullets elementor-pagination-position-outside elementor-widget elementor-widget-media-carousel\" data-id=\"abfa633\" data-element_type=\"widget\" data-e-type=\"widget\" data-settings=\"{&quot;skin&quot;:&quot;carousel&quot;,&quot;effect&quot;:&quot;slide&quot;,&quot;show_arrows&quot;:&quot;yes&quot;,&quot;pagination&quot;:&quot;bullets&quot;,&quot;speed&quot;:500,&quot;autoplay&quot;:&quot;yes&quot;,&quot;autoplay_speed&quot;:5000,&quot;loop&quot;:&quot;yes&quot;,&quot;pause_on_hover&quot;:&quot;yes&quot;,&quot;pause_on_interaction&quot;:&quot;yes&quot;,&quot;space_between&quot;:{&quot;unit&quot;:&quot;px&quot;,&quot;size&quot;:10,&quot;sizes&quot;:[]},&quot;space_between_tablet&quot;:{&quot;unit&quot;:&quot;px&quot;,&quot;size&quot;:10,&quot;sizes&quot;:[]},&quot;space_between_mobile&quot;:{&quot;unit&quot;:&quot;px&quot;,&quot;size&quot;:10,&quot;sizes&quot;:[]}}\" data-widget_type=\"media-carousel.default\">\n\t\t\t\t\t\t\t\t\t\t<div class=\"elementor-main-swiper swiper\" role=\"region\" aria-roledescription=\"carousel\" aria-label=\"Slides\">\n\t\t\t\t<div class=\"swiper-wrapper\">\n\t\t\t\t\t\t\t\t\t\t\t<div class=\"swiper-slide\" role=\"group\" aria-roledescription=\"slide\">\n\t\t\t\t\t\t\t\t\t<div class=\"elementor-carousel-image\" role=\"img\" aria-label=\"Construction de la voirie de Kananga. BCeCo au service de la Nation\" style=\"background-image: url(&#039;https:\/\/ikar.dev\/bceco-v2\/wp-content\/uploads\/2023\/08\/4M4A1224-scaled.jpg&#039;)\">\n\n\t\t\t\n\t\t\t\t\t<\/div>\n\t\t\t\t\t\t\t\t<\/div>\n\t\t\t\t\t\t\t\t\t\t\t<div class=\"swiper-slide\" role=\"group\" aria-roledescription=\"slide\">\n\t\t\t\t\t\t\t\t\t<div class=\"elementor-carousel-image\" role=\"img\" aria-label=\"Voirie Kananga. BCeCo \u00e0 l&#039;ouvrage\" style=\"background-image: url(&#039;https:\/\/ikar.dev\/bceco-v2\/wp-content\/uploads\/2023\/08\/4M4A1209-scaled.jpg&#039;)\">\n\n\t\t\t\n\t\t\t\t\t<\/div>\n\t\t\t\t\t\t\t\t<\/div>\n\t\t\t\t\t\t\t\t\t\t\t<div class=\"swiper-slide\" role=\"group\" aria-roledescription=\"slide\">\n\t\t\t\t\t\t\t\t\t<div class=\"elementor-carousel-image\" role=\"img\" aria-label=\"Nouvelle voirie de Kananga en construction\" style=\"background-image: url(&#039;https:\/\/ikar.dev\/bceco-v2\/wp-content\/uploads\/2023\/08\/4M4A1271-scaled.jpg&#039;)\">\n\n\t\t\t\n\t\t\t\t\t<\/div>\n\t\t\t\t\t\t\t\t<\/div>\n\t\t\t\t\t\t\t\t\t\t\t<div class=\"swiper-slide\" role=\"group\" aria-roledescription=\"slide\">\n\t\t\t\t\t\t\t\t\t<div class=\"elementor-carousel-image\" role=\"img\" aria-label=\"Visite du BCeCo aupr\u00e8s des notables dans le Kasa\u00ef Central\" style=\"background-image: url(&#039;https:\/\/ikar.dev\/bceco-v2\/wp-content\/uploads\/2023\/08\/4M4A0817-scaled.jpg&#039;)\">\n\n\t\t\t\n\t\t\t\t\t<\/div>\n\t\t\t\t\t\t\t\t<\/div>\n\t\t\t\t\t\t\t\t\t\t\t<div class=\"swiper-slide\" role=\"group\" aria-roledescription=\"slide\">\n\t\t\t\t\t\t\t\t\t<div class=\"elementor-carousel-image\" role=\"img\" aria-label=\"Mission BCeCo dans les Kasa\u00ef Cenrral et Oriental\" style=\"background-image: url(&#039;https:\/\/ikar.dev\/bceco-v2\/wp-content\/uploads\/2023\/08\/4M4A0789-scaled.jpg&#039;)\">\n\n\t\t\t\n\t\t\t\t\t<\/div>\n\t\t\t\t\t\t\t\t<\/div>\n\t\t\t\t\t\t\t\t\t<\/div>\n\t\t\t\t\t\t\t\t\t\t\t\t\t\t\t<div class=\"elementor-swiper-button elementor-swiper-button-prev\" role=\"button\" tabindex=\"0\" aria-label=\"Previous\">\n\t\t\t\t\t\t\t<svg aria-hidden=\"true\" class=\"e-font-icon-svg e-eicon-chevron-left\" viewBox=\"0 0 1000 1000\" xmlns=\"http:\/\/www.w3.org\/2000\/svg\"><path d=\"M646 125C629 125 613 133 604 142L308 442C296 454 292 471 292 487 292 504 296 521 308 533L604 854C617 867 629 875 646 875 663 875 679 871 692 858 704 846 713 829 713 812 713 796 708 779 692 767L438 487 692 225C700 217 708 204 708 187 708 171 704 154 692 142 675 129 663 125 646 125Z\"><\/path><\/svg>\t\t\t\t\t\t<\/div>\n\t\t\t\t\t\t<div class=\"elementor-swiper-button elementor-swiper-button-next\" role=\"button\" tabindex=\"0\" aria-label=\"Next\">\n\t\t\t\t\t\t\t<svg aria-hidden=\"true\" class=\"e-font-icon-svg e-eicon-chevron-right\" viewBox=\"0 0 1000 1000\" xmlns=\"http:\/\/www.w3.org\/2000\/svg\"><path d=\"M696 533C708 521 713 504 713 487 713 471 708 454 696 446L400 146C388 133 375 125 354 125 338 125 325 129 313 142 300 154 292 171 292 187 292 204 296 221 308 233L563 492 304 771C292 783 288 800 288 817 288 833 296 850 308 863 321 871 338 875 354 875 371 875 388 867 400 854L696 533Z\"><\/path><\/svg>\t\t\t\t\t\t<\/div>\n\t\t\t\t\t\t\t\t\t\t\t\t\t\t\t\t<div class=\"swiper-pagination\"><\/div>\n\t\t\t\t\t\t\t\t\t\t\t\t<\/div>\n\t\t\t\t\t\t\t\t<\/div>\n\t\t\t\t\t<\/div>\n\t\t<\/div>\n\t\t\t\t\t<\/div>\n\t\t<\/section>\n\t\t\t\t<\/div>\n\t\t","protected":false},"excerpt":{"rendered":"<p>Kasa\u00ef Oriental et Central: Jean Mabi aux premi\u00e8res loges pour l&#8217;inspection des ouvrages Une forte d\u00e9l\u00e9gation dirig\u00e9e par Jean Mabi Mulumba, Directeur G\u00e9n\u00e9ral du BCECO, a r\u00e9cemment effectu\u00e9 une mission d&#8217;inspection des infrastructures en construction dans les provinces du Kasa\u00ef Oriental et Central. Cette mission, qui s&#8217;est d\u00e9roul\u00e9e du 29 juillet au 1er ao\u00fbt 2023,<\/p>\n","protected":false},"author":1,"featured_media":29911,"comment_status":"open","ping_status":"open","sticky":false,"template":"","format":"standard","meta":{"footnotes":""},"categories":[69],"tags":[73,66,68,80,70,71,64],"class_list":["post-29910","post","type-post","status-publish","format-standard","has-post-thumbnail","hentry","category-actualites","tag-bceco","tag-developpement","tag-infrastructures","tag-jean-mabi","tag-kasai-central","tag-kasai-oriental","tag-pdl145t"],"yoast_head":"<!-- This site is optimized with the Yoast SEO plugin v27.0 - https:\/\/yoast.com\/product\/yoast-seo-wordpress\/ -->\n<title>Kasa\u00ef Oriental et central : Jean Mabi aux premi\u00e8res loges pour l&#039;inspection des ouvrages - Bureau Central de Coordination<\/title>\n<meta name=\"description\" content=\"Jean Mabi Mulumba, DG du BCECO, a effectu\u00e9 une mission d&#039;inspection des infrastructures en construction dans les provinces du Kasa\u00ef\" \/>\n<meta name=\"robots\" content=\"index, follow, max-snippet:-1, max-image-preview:large, max-video-preview:-1\" \/>\n<link rel=\"canonical\" href=\"https:\/\/ikar.dev\/bceco-v2\/kasai-oriental-et-central-jean-mabi-aux-premieres-loges-pour-linspection-des-ouvrages\/\" \/>\n<meta property=\"og:locale\" content=\"en_US\" \/>\n<meta property=\"og:type\" content=\"article\" \/>\n<meta property=\"og:title\" content=\"Kasa\u00ef Oriental et central : Jean Mabi aux premi\u00e8res loges pour l&#039;inspection des ouvrages\" \/>\n<meta property=\"og:description\" content=\"Une forte d\u00e9l\u00e9gation dirig\u00e9e par Jean Mabi Mulumba, directeur g\u00e9n\u00e9ral du BCECO, a r\u00e9cemment effectu\u00e9 une mission d&#039;inspection des infrastructures en construction dans les provinces du Kasa\u00ef Oriental et Central. Cette mission\" \/>\n<meta property=\"og:url\" content=\"https:\/\/ikar.dev\/bceco-v2\/kasai-oriental-et-central-jean-mabi-aux-premieres-loges-pour-linspection-des-ouvrages\/\" \/>\n<meta property=\"og:site_name\" content=\"Bureau Central de Coordination\" \/>\n<meta property=\"article:publisher\" content=\"https:\/\/www.facebook.com\/BCeCoRDC\" \/>\n<meta property=\"article:published_time\" content=\"2023-08-02T10:57:38+00:00\" \/>\n<meta property=\"article:modified_time\" content=\"2025-12-23T16:18:00+00:00\" \/>\n<meta property=\"og:image\" content=\"https:\/\/ikar.dev\/bceco-v2\/wp-content\/uploads\/2023\/08\/4M4A1120-scaled.jpg\" \/>\n\t<meta property=\"og:image:width\" content=\"2560\" \/>\n\t<meta property=\"og:image:height\" content=\"1707\" \/>\n\t<meta property=\"og:image:type\" content=\"image\/jpeg\" \/>\n<meta name=\"author\" content=\"bceco\" \/>\n<meta name=\"twitter:card\" content=\"summary_large_image\" \/>\n<meta name=\"twitter:title\" content=\"Kasa\u00ef Oriental et central : Jean Mabi aux premi\u00e8res loges pour l&#039;inspection des ouvrages\" \/>\n<meta name=\"twitter:description\" content=\"Une forte d\u00e9l\u00e9gation dirig\u00e9e par Jean Mabi Mulumba, directeur g\u00e9n\u00e9ral du BCECO, a r\u00e9cemment effectu\u00e9 une mission d&#039;inspection des infrastructures en construction dans les provinces du Kasa\u00ef Oriental et Central. Cette mission\" \/>\n<meta name=\"twitter:image\" content=\"https:\/\/ikar.dev\/bceco-v2\/wp-content\/uploads\/2023\/08\/4M4A1120-scaled.jpg\" \/>\n<meta name=\"twitter:creator\" content=\"@BCeCoRDC\" \/>\n<meta name=\"twitter:site\" content=\"@BCeCoRDC\" \/>\n<meta name=\"twitter:label1\" content=\"Written by\" \/>\n\t<meta name=\"twitter:data1\" content=\"bceco\" \/>\n\t<meta name=\"twitter:label2\" content=\"Est. reading time\" \/>\n\t<meta name=\"twitter:data2\" content=\"4 minutes\" \/>\n<script type=\"application\/ld+json\" class=\"yoast-schema-graph\">{\"@context\":\"https:\/\/schema.org\",\"@graph\":[{\"@type\":\"Article\",\"@id\":\"https:\/\/ikar.dev\/bceco-v2\/kasai-oriental-et-central-jean-mabi-aux-premieres-loges-pour-linspection-des-ouvrages\/#article\",\"isPartOf\":{\"@id\":\"https:\/\/ikar.dev\/bceco-v2\/kasai-oriental-et-central-jean-mabi-aux-premieres-loges-pour-linspection-des-ouvrages\/\"},\"author\":{\"name\":\"bceco\",\"@id\":\"https:\/\/ikar.dev\/bceco-v2\/#\/schema\/person\/6ee74807ffb016a78852fec6a295d503\"},\"headline\":\"Kasa\u00ef Oriental et central : Jean Mabi aux premi\u00e8res loges pour l&#8217;inspection des ouvrages\",\"datePublished\":\"2023-08-02T10:57:38+00:00\",\"dateModified\":\"2025-12-23T16:18:00+00:00\",\"mainEntityOfPage\":{\"@id\":\"https:\/\/ikar.dev\/bceco-v2\/kasai-oriental-et-central-jean-mabi-aux-premieres-loges-pour-linspection-des-ouvrages\/\"},\"wordCount\":672,\"commentCount\":0,\"publisher\":{\"@id\":\"https:\/\/ikar.dev\/bceco-v2\/#organization\"},\"image\":{\"@id\":\"https:\/\/ikar.dev\/bceco-v2\/kasai-oriental-et-central-jean-mabi-aux-premieres-loges-pour-linspection-des-ouvrages\/#primaryimage\"},\"thumbnailUrl\":\"https:\/\/ikar.dev\/bceco-v2\/wp-content\/uploads\/2023\/08\/4M4A1120-scaled.jpg\",\"keywords\":[\"BCeCo\",\"D\u00e9veloppement\",\"Infrastructures\",\"Jean Mabi\",\"Kasa\u00ef Central\",\"Kasai Oriental\",\"PDL145T\"],\"articleSection\":[\"Actualit\u00e9s\"],\"inLanguage\":\"en-US\",\"potentialAction\":[{\"@type\":\"CommentAction\",\"name\":\"Comment\",\"target\":[\"https:\/\/ikar.dev\/bceco-v2\/kasai-oriental-et-central-jean-mabi-aux-premieres-loges-pour-linspection-des-ouvrages\/#respond\"]}]},{\"@type\":\"WebPage\",\"@id\":\"https:\/\/ikar.dev\/bceco-v2\/kasai-oriental-et-central-jean-mabi-aux-premieres-loges-pour-linspection-des-ouvrages\/\",\"url\":\"https:\/\/ikar.dev\/bceco-v2\/kasai-oriental-et-central-jean-mabi-aux-premieres-loges-pour-linspection-des-ouvrages\/\",\"name\":\"Kasa\u00ef Oriental et central : Jean Mabi aux premi\u00e8res loges pour l'inspection des ouvrages - Bureau Central de Coordination\",\"isPartOf\":{\"@id\":\"https:\/\/ikar.dev\/bceco-v2\/#website\"},\"primaryImageOfPage\":{\"@id\":\"https:\/\/ikar.dev\/bceco-v2\/kasai-oriental-et-central-jean-mabi-aux-premieres-loges-pour-linspection-des-ouvrages\/#primaryimage\"},\"image\":{\"@id\":\"https:\/\/ikar.dev\/bceco-v2\/kasai-oriental-et-central-jean-mabi-aux-premieres-loges-pour-linspection-des-ouvrages\/#primaryimage\"},\"thumbnailUrl\":\"https:\/\/ikar.dev\/bceco-v2\/wp-content\/uploads\/2023\/08\/4M4A1120-scaled.jpg\",\"datePublished\":\"2023-08-02T10:57:38+00:00\",\"dateModified\":\"2025-12-23T16:18:00+00:00\",\"description\":\"Jean Mabi Mulumba, DG du BCECO, a effectu\u00e9 une mission d'inspection des infrastructures en construction dans les provinces du Kasa\u00ef\",\"breadcrumb\":{\"@id\":\"https:\/\/ikar.dev\/bceco-v2\/kasai-oriental-et-central-jean-mabi-aux-premieres-loges-pour-linspection-des-ouvrages\/#breadcrumb\"},\"inLanguage\":\"en-US\",\"potentialAction\":[{\"@type\":\"ReadAction\",\"target\":[\"https:\/\/ikar.dev\/bceco-v2\/kasai-oriental-et-central-jean-mabi-aux-premieres-loges-pour-linspection-des-ouvrages\/\"]}]},{\"@type\":\"ImageObject\",\"inLanguage\":\"en-US\",\"@id\":\"https:\/\/ikar.dev\/bceco-v2\/kasai-oriental-et-central-jean-mabi-aux-premieres-loges-pour-linspection-des-ouvrages\/#primaryimage\",\"url\":\"https:\/\/ikar.dev\/bceco-v2\/wp-content\/uploads\/2023\/08\/4M4A1120-scaled.jpg\",\"contentUrl\":\"https:\/\/ikar.dev\/bceco-v2\/wp-content\/uploads\/2023\/08\/4M4A1120-scaled.jpg\",\"width\":2560,\"height\":1707,\"caption\":\"Inspection des ouvrages dans le Kasa\u00ef Centrrale par Jean Mabi, DG du BCeCo\"},{\"@type\":\"BreadcrumbList\",\"@id\":\"https:\/\/ikar.dev\/bceco-v2\/kasai-oriental-et-central-jean-mabi-aux-premieres-loges-pour-linspection-des-ouvrages\/#breadcrumb\",\"itemListElement\":[{\"@type\":\"ListItem\",\"position\":1,\"name\":\"Accueil\",\"item\":\"https:\/\/ikar.dev\/bceco-v2\/\"},{\"@type\":\"ListItem\",\"position\":2,\"name\":\"Kasa\u00ef Oriental et central : Jean Mabi aux premi\u00e8res loges pour l&rsquo;inspection des ouvrages\"}]},{\"@type\":\"WebSite\",\"@id\":\"https:\/\/ikar.dev\/bceco-v2\/#website\",\"url\":\"https:\/\/ikar.dev\/bceco-v2\/\",\"name\":\"Bureau Central de Coordination\",\"description\":\"B.Ce.Co \u2013 Au c\u0153ur de l\u2019ex\u00e9cution des projets de d\u00e9veloppement en RDC\",\"publisher\":{\"@id\":\"https:\/\/ikar.dev\/bceco-v2\/#organization\"},\"potentialAction\":[{\"@type\":\"SearchAction\",\"target\":{\"@type\":\"EntryPoint\",\"urlTemplate\":\"https:\/\/ikar.dev\/bceco-v2\/?s={search_term_string}\"},\"query-input\":{\"@type\":\"PropertyValueSpecification\",\"valueRequired\":true,\"valueName\":\"search_term_string\"}}],\"inLanguage\":\"en-US\"},{\"@type\":\"Organization\",\"@id\":\"https:\/\/ikar.dev\/bceco-v2\/#organization\",\"name\":\"Bureau Central de Coordination\",\"url\":\"https:\/\/ikar.dev\/bceco-v2\/\",\"logo\":{\"@type\":\"ImageObject\",\"inLanguage\":\"en-US\",\"@id\":\"https:\/\/ikar.dev\/bceco-v2\/#\/schema\/logo\/image\/\",\"url\":\"https:\/\/ikar.dev\/bceco-v2\/wp-content\/uploads\/2025\/12\/BCECO-Bureau-Central-de-Coordination.jpg\",\"contentUrl\":\"https:\/\/ikar.dev\/bceco-v2\/wp-content\/uploads\/2025\/12\/BCECO-Bureau-Central-de-Coordination.jpg\",\"width\":2048,\"height\":2048,\"caption\":\"Bureau Central de Coordination\"},\"image\":{\"@id\":\"https:\/\/ikar.dev\/bceco-v2\/#\/schema\/logo\/image\/\"},\"sameAs\":[\"https:\/\/www.facebook.com\/BCeCoRDC\",\"https:\/\/x.com\/BCeCoRDC\"]},{\"@type\":\"Person\",\"@id\":\"https:\/\/ikar.dev\/bceco-v2\/#\/schema\/person\/6ee74807ffb016a78852fec6a295d503\",\"name\":\"bceco\",\"image\":{\"@type\":\"ImageObject\",\"inLanguage\":\"en-US\",\"@id\":\"https:\/\/ikar.dev\/bceco-v2\/#\/schema\/person\/image\/\",\"url\":\"https:\/\/secure.gravatar.com\/avatar\/55c07e1707f50774ef3c842c9d074773a6b558a20fbd1608c8e4871bc88f3455?s=96&d=mm&r=g\",\"contentUrl\":\"https:\/\/secure.gravatar.com\/avatar\/55c07e1707f50774ef3c842c9d074773a6b558a20fbd1608c8e4871bc88f3455?s=96&d=mm&r=g\",\"caption\":\"bceco\"},\"sameAs\":[\"https:\/\/ikar.dev\/bceco-v2\"],\"url\":\"https:\/\/ikar.dev\/bceco-v2\/author\/bceco\/\"}]}<\/script>\n<!-- \/ Yoast SEO plugin. -->","yoast_head_json":{"title":"Kasa\u00ef Oriental et central : Jean Mabi aux premi\u00e8res loges pour l'inspection des ouvrages - Bureau Central de Coordination","description":"Jean Mabi Mulumba, DG du BCECO, a effectu\u00e9 une mission d'inspection des infrastructures en construction dans les provinces du Kasa\u00ef","robots":{"index":"index","follow":"follow","max-snippet":"max-snippet:-1","max-image-preview":"max-image-preview:large","max-video-preview":"max-video-preview:-1"},"canonical":"https:\/\/ikar.dev\/bceco-v2\/kasai-oriental-et-central-jean-mabi-aux-premieres-loges-pour-linspection-des-ouvrages\/","og_locale":"en_US","og_type":"article","og_title":"Kasa\u00ef Oriental et central : Jean Mabi aux premi\u00e8res loges pour l'inspection des ouvrages","og_description":"Une forte d\u00e9l\u00e9gation dirig\u00e9e par Jean Mabi Mulumba, directeur g\u00e9n\u00e9ral du BCECO, a r\u00e9cemment effectu\u00e9 une mission d'inspection des infrastructures en construction dans les provinces du Kasa\u00ef Oriental et Central. Cette mission","og_url":"https:\/\/ikar.dev\/bceco-v2\/kasai-oriental-et-central-jean-mabi-aux-premieres-loges-pour-linspection-des-ouvrages\/","og_site_name":"Bureau Central de Coordination","article_publisher":"https:\/\/www.facebook.com\/BCeCoRDC","article_published_time":"2023-08-02T10:57:38+00:00","article_modified_time":"2025-12-23T16:18:00+00:00","og_image":[{"width":2560,"height":1707,"url":"https:\/\/ikar.dev\/bceco-v2\/wp-content\/uploads\/2023\/08\/4M4A1120-scaled.jpg","type":"image\/jpeg"}],"author":"bceco","twitter_card":"summary_large_image","twitter_title":"Kasa\u00ef Oriental et central : Jean Mabi aux premi\u00e8res loges pour l'inspection des ouvrages","twitter_description":"Une forte d\u00e9l\u00e9gation dirig\u00e9e par Jean Mabi Mulumba, directeur g\u00e9n\u00e9ral du BCECO, a r\u00e9cemment effectu\u00e9 une mission d'inspection des infrastructures en construction dans les provinces du Kasa\u00ef Oriental et Central. Cette mission","twitter_image":"https:\/\/ikar.dev\/bceco-v2\/wp-content\/uploads\/2023\/08\/4M4A1120-scaled.jpg","twitter_creator":"@BCeCoRDC","twitter_site":"@BCeCoRDC","twitter_misc":{"Written by":"bceco","Est. reading time":"4 minutes"},"schema":{"@context":"https:\/\/schema.org","@graph":[{"@type":"Article","@id":"https:\/\/ikar.dev\/bceco-v2\/kasai-oriental-et-central-jean-mabi-aux-premieres-loges-pour-linspection-des-ouvrages\/#article","isPartOf":{"@id":"https:\/\/ikar.dev\/bceco-v2\/kasai-oriental-et-central-jean-mabi-aux-premieres-loges-pour-linspection-des-ouvrages\/"},"author":{"name":"bceco","@id":"https:\/\/ikar.dev\/bceco-v2\/#\/schema\/person\/6ee74807ffb016a78852fec6a295d503"},"headline":"Kasa\u00ef Oriental et central : Jean Mabi aux premi\u00e8res loges pour l&#8217;inspection des ouvrages","datePublished":"2023-08-02T10:57:38+00:00","dateModified":"2025-12-23T16:18:00+00:00","mainEntityOfPage":{"@id":"https:\/\/ikar.dev\/bceco-v2\/kasai-oriental-et-central-jean-mabi-aux-premieres-loges-pour-linspection-des-ouvrages\/"},"wordCount":672,"commentCount":0,"publisher":{"@id":"https:\/\/ikar.dev\/bceco-v2\/#organization"},"image":{"@id":"https:\/\/ikar.dev\/bceco-v2\/kasai-oriental-et-central-jean-mabi-aux-premieres-loges-pour-linspection-des-ouvrages\/#primaryimage"},"thumbnailUrl":"https:\/\/ikar.dev\/bceco-v2\/wp-content\/uploads\/2023\/08\/4M4A1120-scaled.jpg","keywords":["BCeCo","D\u00e9veloppement","Infrastructures","Jean Mabi","Kasa\u00ef Central","Kasai Oriental","PDL145T"],"articleSection":["Actualit\u00e9s"],"inLanguage":"en-US","potentialAction":[{"@type":"CommentAction","name":"Comment","target":["https:\/\/ikar.dev\/bceco-v2\/kasai-oriental-et-central-jean-mabi-aux-premieres-loges-pour-linspection-des-ouvrages\/#respond"]}]},{"@type":"WebPage","@id":"https:\/\/ikar.dev\/bceco-v2\/kasai-oriental-et-central-jean-mabi-aux-premieres-loges-pour-linspection-des-ouvrages\/","url":"https:\/\/ikar.dev\/bceco-v2\/kasai-oriental-et-central-jean-mabi-aux-premieres-loges-pour-linspection-des-ouvrages\/","name":"Kasa\u00ef Oriental et central : Jean Mabi aux premi\u00e8res loges pour l'inspection des ouvrages - Bureau Central de Coordination","isPartOf":{"@id":"https:\/\/ikar.dev\/bceco-v2\/#website"},"primaryImageOfPage":{"@id":"https:\/\/ikar.dev\/bceco-v2\/kasai-oriental-et-central-jean-mabi-aux-premieres-loges-pour-linspection-des-ouvrages\/#primaryimage"},"image":{"@id":"https:\/\/ikar.dev\/bceco-v2\/kasai-oriental-et-central-jean-mabi-aux-premieres-loges-pour-linspection-des-ouvrages\/#primaryimage"},"thumbnailUrl":"https:\/\/ikar.dev\/bceco-v2\/wp-content\/uploads\/2023\/08\/4M4A1120-scaled.jpg","datePublished":"2023-08-02T10:57:38+00:00","dateModified":"2025-12-23T16:18:00+00:00","description":"Jean Mabi Mulumba, DG du BCECO, a effectu\u00e9 une mission d'inspection des infrastructures en construction dans les provinces du Kasa\u00ef","breadcrumb":{"@id":"https:\/\/ikar.dev\/bceco-v2\/kasai-oriental-et-central-jean-mabi-aux-premieres-loges-pour-linspection-des-ouvrages\/#breadcrumb"},"inLanguage":"en-US","potentialAction":[{"@type":"ReadAction","target":["https:\/\/ikar.dev\/bceco-v2\/kasai-oriental-et-central-jean-mabi-aux-premieres-loges-pour-linspection-des-ouvrages\/"]}]},{"@type":"ImageObject","inLanguage":"en-US","@id":"https:\/\/ikar.dev\/bceco-v2\/kasai-oriental-et-central-jean-mabi-aux-premieres-loges-pour-linspection-des-ouvrages\/#primaryimage","url":"https:\/\/ikar.dev\/bceco-v2\/wp-content\/uploads\/2023\/08\/4M4A1120-scaled.jpg","contentUrl":"https:\/\/ikar.dev\/bceco-v2\/wp-content\/uploads\/2023\/08\/4M4A1120-scaled.jpg","width":2560,"height":1707,"caption":"Inspection des ouvrages dans le Kasa\u00ef Centrrale par Jean Mabi, DG du BCeCo"},{"@type":"BreadcrumbList","@id":"https:\/\/ikar.dev\/bceco-v2\/kasai-oriental-et-central-jean-mabi-aux-premieres-loges-pour-linspection-des-ouvrages\/#breadcrumb","itemListElement":[{"@type":"ListItem","position":1,"name":"Accueil","item":"https:\/\/ikar.dev\/bceco-v2\/"},{"@type":"ListItem","position":2,"name":"Kasa\u00ef Oriental et central : Jean Mabi aux premi\u00e8res loges pour l&rsquo;inspection des ouvrages"}]},{"@type":"WebSite","@id":"https:\/\/ikar.dev\/bceco-v2\/#website","url":"https:\/\/ikar.dev\/bceco-v2\/","name":"Bureau Central de Coordination","description":"B.Ce.Co \u2013 Au c\u0153ur de l\u2019ex\u00e9cution des projets de d\u00e9veloppement en RDC","publisher":{"@id":"https:\/\/ikar.dev\/bceco-v2\/#organization"},"potentialAction":[{"@type":"SearchAction","target":{"@type":"EntryPoint","urlTemplate":"https:\/\/ikar.dev\/bceco-v2\/?s={search_term_string}"},"query-input":{"@type":"PropertyValueSpecification","valueRequired":true,"valueName":"search_term_string"}}],"inLanguage":"en-US"},{"@type":"Organization","@id":"https:\/\/ikar.dev\/bceco-v2\/#organization","name":"Bureau Central de Coordination","url":"https:\/\/ikar.dev\/bceco-v2\/","logo":{"@type":"ImageObject","inLanguage":"en-US","@id":"https:\/\/ikar.dev\/bceco-v2\/#\/schema\/logo\/image\/","url":"https:\/\/ikar.dev\/bceco-v2\/wp-content\/uploads\/2025\/12\/BCECO-Bureau-Central-de-Coordination.jpg","contentUrl":"https:\/\/ikar.dev\/bceco-v2\/wp-content\/uploads\/2025\/12\/BCECO-Bureau-Central-de-Coordination.jpg","width":2048,"height":2048,"caption":"Bureau Central de Coordination"},"image":{"@id":"https:\/\/ikar.dev\/bceco-v2\/#\/schema\/logo\/image\/"},"sameAs":["https:\/\/www.facebook.com\/BCeCoRDC","https:\/\/x.com\/BCeCoRDC"]},{"@type":"Person","@id":"https:\/\/ikar.dev\/bceco-v2\/#\/schema\/person\/6ee74807ffb016a78852fec6a295d503","name":"bceco","image":{"@type":"ImageObject","inLanguage":"en-US","@id":"https:\/\/ikar.dev\/bceco-v2\/#\/schema\/person\/image\/","url":"https:\/\/secure.gravatar.com\/avatar\/55c07e1707f50774ef3c842c9d074773a6b558a20fbd1608c8e4871bc88f3455?s=96&d=mm&r=g","contentUrl":"https:\/\/secure.gravatar.com\/avatar\/55c07e1707f50774ef3c842c9d074773a6b558a20fbd1608c8e4871bc88f3455?s=96&d=mm&r=g","caption":"bceco"},"sameAs":["https:\/\/ikar.dev\/bceco-v2"],"url":"https:\/\/ikar.dev\/bceco-v2\/author\/bceco\/"}]}},"_links":{"self":[{"href":"https:\/\/ikar.dev\/bceco-v2\/wp-json\/wp\/v2\/posts\/29910","targetHints":{"allow":["GET"]}}],"collection":[{"href":"https:\/\/ikar.dev\/bceco-v2\/wp-json\/wp\/v2\/posts"}],"about":[{"href":"https:\/\/ikar.dev\/bceco-v2\/wp-json\/wp\/v2\/types\/post"}],"author":[{"embeddable":true,"href":"https:\/\/ikar.dev\/bceco-v2\/wp-json\/wp\/v2\/users\/1"}],"replies":[{"embeddable":true,"href":"https:\/\/ikar.dev\/bceco-v2\/wp-json\/wp\/v2\/comments?post=29910"}],"version-history":[{"count":1,"href":"https:\/\/ikar.dev\/bceco-v2\/wp-json\/wp\/v2\/posts\/29910\/revisions"}],"predecessor-version":[{"id":56310,"href":"https:\/\/ikar.dev\/bceco-v2\/wp-json\/wp\/v2\/posts\/29910\/revisions\/56310"}],"wp:featuredmedia":[{"embeddable":true,"href":"https:\/\/ikar.dev\/bceco-v2\/wp-json\/wp\/v2\/media\/29911"}],"wp:attachment":[{"href":"https:\/\/ikar.dev\/bceco-v2\/wp-json\/wp\/v2\/media?parent=29910"}],"wp:term":[{"taxonomy":"category","embeddable":true,"href":"https:\/\/ikar.dev\/bceco-v2\/wp-json\/wp\/v2\/categories?post=29910"},{"taxonomy":"post_tag","embeddable":true,"href":"https:\/\/ikar.dev\/bceco-v2\/wp-json\/wp\/v2\/tags?post=29910"}],"curies":[{"name":"wp","href":"https:\/\/api.w.org\/{rel}","templated":true}]}}