{"id":29887,"date":"2023-08-24T12:16:04","date_gmt":"2023-08-24T12:16:04","guid":{"rendered":"https:\/\/bceco.cd\/?p=29887"},"modified":"2025-12-23T17:18:24","modified_gmt":"2025-12-23T16:18:24","slug":"pdl145t-bceco-felicite-au-conseil-ministres","status":"publish","type":"post","link":"https:\/\/ikar.dev\/bceco-v2\/pdl145t-bceco-felicite-au-conseil-ministres\/","title":{"rendered":"\u00c9valuation du PDL-145T : Le Bceco f\u00e9licit\u00e9 au Conseil des Ministres"},"content":{"rendered":"\t\t<div data-elementor-type=\"wp-post\" data-elementor-id=\"29887\" class=\"elementor elementor-29887\" data-elementor-post-type=\"post\">\n\t\t\t\t\t\t<section class=\"elementor-section elementor-top-section elementor-element elementor-element-c8d0c91 elementor-section-boxed elementor-section-height-default elementor-section-height-default\" data-id=\"c8d0c91\" data-element_type=\"section\" data-e-type=\"section\">\n\t\t\t\t\t\t<div class=\"elementor-container elementor-column-gap-default\">\n\t\t\t\t\t<div class=\"elementor-column elementor-col-100 elementor-top-column elementor-element elementor-element-7445c96\" data-id=\"7445c96\" data-element_type=\"column\" data-e-type=\"column\">\n\t\t\t<div class=\"elementor-widget-wrap elementor-element-populated\">\n\t\t\t\t\t\t<div class=\"elementor-element elementor-element-68abe17 elementor-widget elementor-widget-heading\" data-id=\"68abe17\" data-element_type=\"widget\" data-e-type=\"widget\" data-widget_type=\"heading.default\">\n\t\t\t\t\t<h2 class=\"elementor-heading-title elementor-size-default\">\u00c9valuation du PDL-145T : Le Bceco f\u00e9licit\u00e9 au Conseil des Ministres<\/h2>\t\t\t\t<\/div>\n\t\t\t\t\t<\/div>\n\t\t<\/div>\n\t\t\t\t\t<\/div>\n\t\t<\/section>\n\t\t\t\t<section class=\"elementor-section elementor-top-section elementor-element elementor-element-4279b84 elementor-section-boxed elementor-section-height-default elementor-section-height-default\" data-id=\"4279b84\" data-element_type=\"section\" data-e-type=\"section\">\n\t\t\t\t\t\t<div class=\"elementor-container elementor-column-gap-default\">\n\t\t\t\t\t<div class=\"elementor-column elementor-col-100 elementor-top-column elementor-element elementor-element-9bc5b74\" data-id=\"9bc5b74\" data-element_type=\"column\" data-e-type=\"column\">\n\t\t\t<div class=\"elementor-widget-wrap\">\n\t\t\t\t\t\t\t<\/div>\n\t\t<\/div>\n\t\t\t\t\t<\/div>\n\t\t<\/section>\n\t\t\t\t<section class=\"elementor-section elementor-top-section elementor-element elementor-element-c69e4e9 elementor-section-boxed elementor-section-height-default elementor-section-height-default\" data-id=\"c69e4e9\" data-element_type=\"section\" data-e-type=\"section\">\n\t\t\t\t\t\t<div class=\"elementor-container elementor-column-gap-default\">\n\t\t\t\t\t<div class=\"elementor-column elementor-col-100 elementor-top-column elementor-element elementor-element-03aa55a\" data-id=\"03aa55a\" data-element_type=\"column\" data-e-type=\"column\">\n\t\t\t<div class=\"elementor-widget-wrap elementor-element-populated\">\n\t\t\t\t\t\t<div class=\"elementor-element elementor-element-25a72c1 elementor-widget elementor-widget-text-editor\" data-id=\"25a72c1\" data-element_type=\"widget\" data-e-type=\"widget\" data-widget_type=\"text-editor.default\">\n\t\t\t\t\t\t\t\t\t<p>Le Bureau Central de Coordination (<a href=\"https:\/\/twitter.com\/BCeCoRDC\">BCeCo<\/a>) a \u00e9t\u00e9 f\u00e9licit\u00e9 lors du dernier Conseil des Ministres pour le Programme de D\u00e9veloppement Local des 145 territoires (<a href=\"https:\/\/pdl145.gouv.cd\/\">PDL-145T<\/a>). La Ministre d&#8217;\u00c9tat, Ministre du Plan, Mme <a href=\"https:\/\/twitter.com\/SuminwaJudith\"><strong>Judith Suminwa Tuluka<\/strong><\/a>, a pr\u00e9sent\u00e9 un rapport d&#8217;\u00e9valuation satisfaisant pour le <a href=\"https:\/\/twitter.com\/PDL145T_RDC\">PDL-145T<\/a>. Selon le compte rendu de cette r\u00e9union, seul le <a href=\"https:\/\/web.facebook.com\/BCeCoRDC\">BCeCo<\/a> a \u00e9t\u00e9 cit\u00e9 avec chiffres \u00e0 l&#8217;appui.<\/p>\t\t\t\t\t\t\t\t<\/div>\n\t\t\t\t<section class=\"elementor-section elementor-inner-section elementor-element elementor-element-695be19 elementor-section-boxed elementor-section-height-default elementor-section-height-default\" data-id=\"695be19\" data-element_type=\"section\" data-e-type=\"section\">\n\t\t\t\t\t\t<div class=\"elementor-container elementor-column-gap-default\">\n\t\t\t\t\t<div class=\"elementor-column elementor-col-50 elementor-inner-column elementor-element elementor-element-076d167\" data-id=\"076d167\" data-element_type=\"column\" data-e-type=\"column\">\n\t\t\t<div class=\"elementor-widget-wrap elementor-element-populated\">\n\t\t\t\t\t\t<div class=\"elementor-element elementor-element-5cc176e elementor-blockquote--skin-border elementor-blockquote--button-view-icon-text elementor-blockquote--button-skin-classic elementor-widget elementor-widget-blockquote\" data-id=\"5cc176e\" data-element_type=\"widget\" data-e-type=\"widget\" data-widget_type=\"blockquote.default\">\n\t\t\t\t\t\t\t<blockquote class=\"elementor-blockquote\">\n\t\t\t<p class=\"elementor-blockquote__content\">\n\t\t\t\tA ce stade o\u00f9 les chantiers sont ouverts \u00e0 travers toute la R\u00e9publique, les Agences d\u2019ex\u00e9cution sont d\u00e9j\u00e0 dans la phase de r\u00e9ception technique. 121 ouvrages dont 73 \u00e9coles et 48 centres de sant\u00e9 ont connu leur r\u00e9ception technique par le Bureau Central de Coordination (BCECO)\u201d\t\t\t<\/p>\n\t\t\t\t\t\t\t<div class=\"e-q-footer\">\n\t\t\t\t\t\t\t\t\t\t\t<cite class=\"elementor-blockquote__author\">Judith Suminwa Tuluka<\/cite>\n\t\t\t\t\t\t\t\t\t\t\t\t\t\t\t\t<a href=\"https:\/\/twitter.com\/intent\/tweet?text=A+ce+stade+o%C3%B9+les+chantiers+sont+ouverts+%C3%A0+travers+toute+la+R%C3%A9publique%2C+les+Agences+d%E2%80%99ex%C3%A9cution+sont+d%C3%A9j%C3%A0+dans+la+phase+de+r%C3%A9ception+technique.+121+ouvrages+dont+73+%C3%A9coles+et+48+centres+de+sant%C3%A9+ont+connu+leur+r%C3%A9ception+technique+par+le+Bureau+Central+de+Coordination+%28BCECO%29%E2%80%9D+%E2%80%94+Judith+Suminwa+Tuluka&amp;url=https%3A%2F%2Fikar.dev%2Fbceco-v2%2Fbceco-v2%2Fwp-json%2Fwp%2Fv2%2Fposts%2F29887\" class=\"elementor-blockquote__tweet-button\" target=\"_blank\">\n\t\t\t\t\t\t\t\t\t\t\t\t\t\t\t<svg aria-hidden=\"true\" class=\"e-font-icon-svg e-fab-twitter\" viewBox=\"0 0 512 512\" xmlns=\"http:\/\/www.w3.org\/2000\/svg\"><path d=\"M459.37 151.716c.325 4.548.325 9.097.325 13.645 0 138.72-105.583 298.558-298.558 298.558-59.452 0-114.68-17.219-161.137-47.106 8.447.974 16.568 1.299 25.34 1.299 49.055 0 94.213-16.568 130.274-44.832-46.132-.975-84.792-31.188-98.112-72.772 6.498.974 12.995 1.624 19.818 1.624 9.421 0 18.843-1.3 27.614-3.573-48.081-9.747-84.143-51.98-84.143-102.985v-1.299c13.969 7.797 30.214 12.67 47.431 13.319-28.264-18.843-46.781-51.005-46.781-87.391 0-19.492 5.197-37.36 14.294-52.954 51.655 63.675 129.3 105.258 216.365 109.807-1.624-7.797-2.599-15.918-2.599-24.04 0-57.828 46.782-104.934 104.934-104.934 30.213 0 57.502 12.67 76.67 33.137 23.715-4.548 46.456-13.32 66.599-25.34-7.798 24.366-24.366 44.833-46.132 57.827 21.117-2.273 41.584-8.122 60.426-16.243-14.292 20.791-32.161 39.308-52.628 54.253z\"><\/path><\/svg>\t\t\t\t\t\t\t\t\t\t\t\t\t\t\t\t\t\t\t\t\t\t\t\t\t\t\t\t\t\t<span class=\"elementor-blockquote__tweet-label\">Tweet<\/span>\n\t\t\t\t\t\t\t\t\t\t\t\t\t<\/a>\n\t\t\t\t\t\t\t\t\t<\/div>\n\t\t\t\t\t<\/blockquote>\n\t\t\t\t\t\t<\/div>\n\t\t\t\t\t<\/div>\n\t\t<\/div>\n\t\t\t\t<div class=\"elementor-column elementor-col-50 elementor-inner-column elementor-element elementor-element-2dc237e\" data-id=\"2dc237e\" data-element_type=\"column\" data-e-type=\"column\">\n\t\t\t<div class=\"elementor-widget-wrap elementor-element-populated\">\n\t\t\t\t\t\t<div class=\"elementor-element elementor-element-67a9ce4 elementor-skin-carousel elementor-arrows-yes elementor-pagination-type-bullets elementor-pagination-position-outside elementor-widget elementor-widget-media-carousel\" data-id=\"67a9ce4\" data-element_type=\"widget\" data-e-type=\"widget\" data-settings=\"{&quot;skin&quot;:&quot;carousel&quot;,&quot;effect&quot;:&quot;slide&quot;,&quot;show_arrows&quot;:&quot;yes&quot;,&quot;pagination&quot;:&quot;bullets&quot;,&quot;speed&quot;:500,&quot;autoplay&quot;:&quot;yes&quot;,&quot;autoplay_speed&quot;:5000,&quot;loop&quot;:&quot;yes&quot;,&quot;pause_on_hover&quot;:&quot;yes&quot;,&quot;pause_on_interaction&quot;:&quot;yes&quot;,&quot;space_between&quot;:{&quot;unit&quot;:&quot;px&quot;,&quot;size&quot;:10,&quot;sizes&quot;:[]},&quot;space_between_tablet&quot;:{&quot;unit&quot;:&quot;px&quot;,&quot;size&quot;:10,&quot;sizes&quot;:[]},&quot;space_between_mobile&quot;:{&quot;unit&quot;:&quot;px&quot;,&quot;size&quot;:10,&quot;sizes&quot;:[]}}\" data-widget_type=\"media-carousel.default\">\n\t\t\t\t\t\t\t\t\t\t<div class=\"elementor-main-swiper swiper\" role=\"region\" aria-roledescription=\"carousel\" aria-label=\"Slides\">\n\t\t\t\t<div class=\"swiper-wrapper\">\n\t\t\t\t\t\t\t\t\t\t\t<div class=\"swiper-slide\" role=\"group\" aria-roledescription=\"slide\">\n\t\t\t\t\t\t\t\t\t<div class=\"elementor-carousel-image\" role=\"img\" aria-label=\"PDL145T: Ecole type, ouvrage BCeCo\" style=\"background-image: url(&#039;https:\/\/ikar.dev\/bceco-v2\/wp-content\/uploads\/2023\/08\/WhatsApp-Image-2023-08-16-at-11.29.55-2.jpeg&#039;)\">\n\n\t\t\t\n\t\t\t\t\t<\/div>\n\t\t\t\t\t\t\t\t<\/div>\n\t\t\t\t\t\t\t\t\t\t\t<div class=\"swiper-slide\" role=\"group\" aria-roledescription=\"slide\">\n\t\t\t\t\t\t\t\t\t<div class=\"elementor-carousel-image\" role=\"img\" aria-label=\"PDL-145T: BCeCo f\u00e9licit\u00e9 par le Conseil des Ministres!\" style=\"background-image: url(&#039;https:\/\/ikar.dev\/bceco-v2\/wp-content\/uploads\/2023\/08\/WhatsApp-Image-2023-08-16-at-11.29.54-1.jpeg&#039;)\">\n\n\t\t\t\n\t\t\t\t\t<\/div>\n\t\t\t\t\t\t\t\t<\/div>\n\t\t\t\t\t\t\t\t\t\t\t<div class=\"swiper-slide\" role=\"group\" aria-roledescription=\"slide\">\n\t\t\t\t\t\t\t\t\t<div class=\"elementor-carousel-image\" role=\"img\" aria-label=\"PDL145T: Ecole type, ouvrage BCeCo\" style=\"background-image: url(&#039;https:\/\/ikar.dev\/bceco-v2\/wp-content\/uploads\/2023\/08\/PDL-3.jpg&#039;)\">\n\n\t\t\t\n\t\t\t\t\t<\/div>\n\t\t\t\t\t\t\t\t<\/div>\n\t\t\t\t\t\t\t\t\t<\/div>\n\t\t\t\t\t\t\t\t\t\t\t\t\t\t\t<div class=\"elementor-swiper-button elementor-swiper-button-prev\" role=\"button\" tabindex=\"0\" aria-label=\"Previous\">\n\t\t\t\t\t\t\t<svg aria-hidden=\"true\" class=\"e-font-icon-svg e-eicon-chevron-left\" viewBox=\"0 0 1000 1000\" xmlns=\"http:\/\/www.w3.org\/2000\/svg\"><path d=\"M646 125C629 125 613 133 604 142L308 442C296 454 292 471 292 487 292 504 296 521 308 533L604 854C617 867 629 875 646 875 663 875 679 871 692 858 704 846 713 829 713 812 713 796 708 779 692 767L438 487 692 225C700 217 708 204 708 187 708 171 704 154 692 142 675 129 663 125 646 125Z\"><\/path><\/svg>\t\t\t\t\t\t<\/div>\n\t\t\t\t\t\t<div class=\"elementor-swiper-button elementor-swiper-button-next\" role=\"button\" tabindex=\"0\" aria-label=\"Next\">\n\t\t\t\t\t\t\t<svg aria-hidden=\"true\" class=\"e-font-icon-svg e-eicon-chevron-right\" viewBox=\"0 0 1000 1000\" xmlns=\"http:\/\/www.w3.org\/2000\/svg\"><path d=\"M696 533C708 521 713 504 713 487 713 471 708 454 696 446L400 146C388 133 375 125 354 125 338 125 325 129 313 142 300 154 292 171 292 187 292 204 296 221 308 233L563 492 304 771C292 783 288 800 288 817 288 833 296 850 308 863 321 871 338 875 354 875 371 875 388 867 400 854L696 533Z\"><\/path><\/svg>\t\t\t\t\t\t<\/div>\n\t\t\t\t\t\t\t\t\t\t\t\t\t\t\t\t<div class=\"swiper-pagination\"><\/div>\n\t\t\t\t\t\t\t\t\t\t\t\t<\/div>\n\t\t\t\t\t\t\t\t<\/div>\n\t\t\t\t<div class=\"elementor-element elementor-element-ece81a2 elementor-widget elementor-widget-text-editor\" data-id=\"ece81a2\" data-element_type=\"widget\" data-e-type=\"widget\" data-widget_type=\"text-editor.default\">\n\t\t\t\t\t\t\t\t\t<p>A ce jour,\u00a0 le <a href=\"https:\/\/twitter.com\/BCeCoRDC\">BCeCo<\/a> a\u00a0 d\u00e9j\u00e0 r\u00e9ceptionn\u00e9\u00a0 techniquement 121 ouvrages dont 73 \u00e9coles et 48 centres de sant\u00e9\u00a0 des ouvrages essentiellement attribu\u00e9s aux agences locales d&#8217;ex\u00e9cution (ALE) dont les travaux ont d\u00e9but\u00e9 en octobre 2022.<\/p>\n<p>Quant au programme des Nations-Unies pour le D\u00e9veloppement(<a href=\"https:\/\/twitter.com\/PNUDRDC\">PNUD<\/a>) et la Cellule d&#8217;Ex\u00e9cution des Financements en Faveur des \u00c9tats Fragiles (<a href=\"https:\/\/twitter.com\/CFEFRDC\">CFEF<\/a>), ils sont tous deux\u00a0 \u00e0 l&#8217;\u00e9tape de v\u00e9rification des ouvrages a rench\u00e9rit la Ministre d\u2019Etat.<\/p>\t\t\t\t\t\t\t\t<\/div>\n\t\t\t\t\t<\/div>\n\t\t<\/div>\n\t\t\t\t\t<\/div>\n\t\t<\/section>\n\t\t\t\t\t<\/div>\n\t\t<\/div>\n\t\t\t\t\t<\/div>\n\t\t<\/section>\n\t\t\t\t<section class=\"elementor-section elementor-top-section elementor-element elementor-element-98de0c8 elementor-section-boxed elementor-section-height-default elementor-section-height-default\" data-id=\"98de0c8\" data-element_type=\"section\" data-e-type=\"section\">\n\t\t\t\t\t\t<div class=\"elementor-container elementor-column-gap-default\">\n\t\t\t\t\t<div class=\"elementor-column elementor-col-50 elementor-top-column elementor-element elementor-element-148f34e\" data-id=\"148f34e\" data-element_type=\"column\" data-e-type=\"column\">\n\t\t\t<div class=\"elementor-widget-wrap elementor-element-populated\">\n\t\t\t\t\t\t<div class=\"elementor-element elementor-element-432c317 elementor-widget elementor-widget-video\" data-id=\"432c317\" data-element_type=\"widget\" data-e-type=\"widget\" data-settings=\"{&quot;youtube_url&quot;:&quot;https:\\\/\\\/www.youtube.com\\\/watch?v=5WSk5_OXkkU&quot;,&quot;video_type&quot;:&quot;youtube&quot;,&quot;controls&quot;:&quot;yes&quot;}\" data-widget_type=\"video.default\">\n\t\t\t\t\t\t\t<div class=\"elementor-wrapper elementor-open-inline\">\n\t\t\t<div class=\"elementor-video\"><\/div>\t\t<\/div>\n\t\t\t\t\t\t<\/div>\n\t\t\t\t\t<\/div>\n\t\t<\/div>\n\t\t\t\t<div class=\"elementor-column elementor-col-50 elementor-top-column elementor-element elementor-element-1695789\" data-id=\"1695789\" data-element_type=\"column\" data-e-type=\"column\">\n\t\t\t<div class=\"elementor-widget-wrap elementor-element-populated\">\n\t\t\t\t\t\t<div class=\"elementor-element elementor-element-a081298 elementor-widget elementor-widget-text-editor\" data-id=\"a081298\" data-element_type=\"widget\" data-e-type=\"widget\" data-widget_type=\"text-editor.default\">\n\t\t\t\t\t\t\t\t\t<p>La Ministre d\u2019Etat, Mme <a href=\"https:\/\/twitter.com\/SuminwaJudith\">Judith Suminwa Tuluka<\/a>, a inform\u00e9 que des co\u00fbts additionnels ont \u00e9t\u00e9 engendr\u00e9s en raison de diverses contraintes relatives \u00e0 la logistique et aux changements de la nature des routes. La prochaine \u00e9tape reste la poursuite du d\u00e9caissement afin de parachever d&#8217;une part le premier volet des ouvrages scolaires, sanitaires et administratifs et d&#8217;autre part entamer le deuxi\u00e8me volet qui porte sur les travaux des voies de desserte agricole. Cette enveloppe sera d\u00e9caiss\u00e9e progressivement \u00e0 partir de ce mois d&#8217;ao\u00fbt 2023.<\/p>\t\t\t\t\t\t\t\t<\/div>\n\t\t\t\t\t<\/div>\n\t\t<\/div>\n\t\t\t\t\t<\/div>\n\t\t<\/section>\n\t\t\t\t<section class=\"elementor-section elementor-top-section elementor-element elementor-element-523a810 elementor-section-boxed elementor-section-height-default elementor-section-height-default\" data-id=\"523a810\" data-element_type=\"section\" data-e-type=\"section\">\n\t\t\t\t\t\t<div class=\"elementor-container elementor-column-gap-default\">\n\t\t\t\t\t<div class=\"elementor-column elementor-col-50 elementor-top-column elementor-element elementor-element-e6beffa\" data-id=\"e6beffa\" data-element_type=\"column\" data-e-type=\"column\">\n\t\t\t<div class=\"elementor-widget-wrap elementor-element-populated\">\n\t\t\t\t\t\t<div class=\"elementor-element elementor-element-d538ee1 elementor-widget elementor-widget-text-editor\" data-id=\"d538ee1\" data-element_type=\"widget\" data-e-type=\"widget\" data-widget_type=\"text-editor.default\">\n\t\t\t\t\t\t\t\t\t<p>Pour tous ces travaux d&#8217;\u00e9tudes, de contr\u00f4le et de surveillance, le <a href=\"https:\/\/twitter.com\/BCeCoRDC\">BCeCo<\/a> a d\u00e9j\u00e0 re\u00e7u du gouvernement congolais une enveloppe de<strong> 159.383.531 USD<\/strong>. Il est \u00e0 noter que 80% des \u00e9coles construites par le BCeCo dans le cadre du <a href=\"https:\/\/pdl145.gouv.cd\/\">PDL-145T<\/a> ouvriront leurs portes \u00e0 la rentr\u00e9e scolaire de septembre 2023.<\/p>\n<p>Le <a href=\"https:\/\/pdl145.gouv.cd\/\">PDL-145T<\/a> est un programme ambitieux qui vise \u00e0 am\u00e9liorer les conditions de vie de la population congolaise en investissant dans des infrastructures essentielles telles que les \u00e9coles, les centres de sant\u00e9 et les b\u00e2timents administratifs. Le gouvernement congolais est d\u00e9termin\u00e9 \u00e0 poursuivre cet effort pour am\u00e9liorer les conditions de vie de sa population et le <a href=\"https:\/\/web.facebook.com\/BCeCoRDC\">BCeCo<\/a> s\u2019engage \u00e0 \u00eatre \u00e0 son service.<\/p>\t\t\t\t\t\t\t\t<\/div>\n\t\t\t\t\t<\/div>\n\t\t<\/div>\n\t\t\t\t<div class=\"elementor-column elementor-col-50 elementor-top-column elementor-element elementor-element-e098578\" data-id=\"e098578\" data-element_type=\"column\" data-e-type=\"column\">\n\t\t\t<div class=\"elementor-widget-wrap elementor-element-populated\">\n\t\t\t\t\t\t<div class=\"elementor-element elementor-element-cab284c elementor-widget elementor-widget-image\" data-id=\"cab284c\" data-element_type=\"widget\" data-e-type=\"widget\" data-widget_type=\"image.default\">\n\t\t\t\t\t\t\t\t\t\t\t\t\t\t\t<img fetchpriority=\"high\" decoding=\"async\" width=\"1170\" height=\"694\" src=\"https:\/\/ikar.dev\/bceco-v2\/wp-content\/uploads\/2023\/06\/WhatsApp-Image-2023-06-23-at-8.27.33-PM-1170x694.jpeg\" class=\"attachment-large size-large wp-image-29386\" alt=\"Journ\u00e9e d&#039;information de la soci\u00e9t\u00e9 civile sur le PDL-145 T\" srcset=\"https:\/\/ikar.dev\/bceco-v2\/wp-content\/uploads\/2023\/06\/WhatsApp-Image-2023-06-23-at-8.27.33-PM-1170x694.jpeg 1170w, https:\/\/ikar.dev\/bceco-v2\/wp-content\/uploads\/2023\/06\/WhatsApp-Image-2023-06-23-at-8.27.33-PM-768x456.jpeg 768w\" sizes=\"(max-width: 1170px) 100vw, 1170px\" \/>\t\t\t\t\t\t\t\t\t\t\t\t\t\t\t<\/div>\n\t\t\t\t\t<\/div>\n\t\t<\/div>\n\t\t\t\t\t<\/div>\n\t\t<\/section>\n\t\t\t\t<\/div>\n\t\t","protected":false},"excerpt":{"rendered":"<p>\u00c9valuation du PDL-145T : Le Bceco f\u00e9licit\u00e9 au Conseil des Ministres Le Bureau Central de Coordination (BCeCo) a \u00e9t\u00e9 f\u00e9licit\u00e9 lors du dernier Conseil des Ministres pour le Programme de D\u00e9veloppement Local des 145 territoires (PDL-145T). La Ministre d&#8217;\u00c9tat, Ministre du Plan, Mme Judith Suminwa Tuluka, a pr\u00e9sent\u00e9 un rapport d&#8217;\u00e9valuation satisfaisant pour le PDL-145T.<\/p>\n","protected":false},"author":1,"featured_media":29889,"comment_status":"open","ping_status":"open","sticky":false,"template":"","format":"standard","meta":{"footnotes":""},"categories":[69,62,63,61],"tags":[73,66,68,64],"class_list":["post-29887","post","type-post","status-publish","format-standard","has-post-thumbnail","hentry","category-actualites","category-developpement","category-infrastructures","category-pdl145t","tag-bceco","tag-developpement","tag-infrastructures","tag-pdl145t"],"yoast_head":"<!-- This site is optimized with the Yoast SEO plugin v27.0 - https:\/\/yoast.com\/product\/yoast-seo-wordpress\/ -->\n<title>\u00c9valuation du PDL-145T : Bceco f\u00e9licit\u00e9 au Conseil des Ministres<\/title>\n<meta name=\"description\" content=\"Le Bureau Central de Coordination (BCeCo) a \u00e9t\u00e9 f\u00e9licit\u00e9 lors du dernier Conseil des Ministres pour le Programme de D\u00e9veloppement Local des 145 territoires (PDL-145T).\" \/>\n<meta name=\"robots\" content=\"index, follow, max-snippet:-1, max-image-preview:large, max-video-preview:-1\" \/>\n<link rel=\"canonical\" href=\"https:\/\/ikar.dev\/bceco-v2\/pdl145t-bceco-felicite-au-conseil-ministres\/\" \/>\n<meta property=\"og:locale\" content=\"en_US\" \/>\n<meta property=\"og:type\" content=\"article\" \/>\n<meta property=\"og:title\" content=\"\u00c9valuation du PDL-145T : Le Bceco f\u00e9licit\u00e9 au Conseil des Ministres\" \/>\n<meta property=\"og:description\" content=\"Le Bureau Central de Coordination (BCeCo) a \u00e9t\u00e9 f\u00e9licit\u00e9 lors du dernier Conseil des Ministres pour le Programme de D\u00e9veloppement Local des 145 territoires (PDL-145T).\" \/>\n<meta property=\"og:url\" content=\"https:\/\/ikar.dev\/bceco-v2\/pdl145t-bceco-felicite-au-conseil-ministres\/\" \/>\n<meta property=\"og:site_name\" content=\"Bureau Central de Coordination\" \/>\n<meta property=\"article:publisher\" content=\"https:\/\/www.facebook.com\/BCeCoRDC\" \/>\n<meta property=\"article:published_time\" content=\"2023-08-24T12:16:04+00:00\" \/>\n<meta property=\"article:modified_time\" content=\"2025-12-23T16:18:24+00:00\" \/>\n<meta property=\"og:image\" content=\"https:\/\/ikar.dev\/bceco-v2\/wp-content\/uploads\/2023\/08\/PDL-3.jpg\" \/>\n\t<meta property=\"og:image:width\" content=\"800\" \/>\n\t<meta property=\"og:image:height\" content=\"705\" \/>\n\t<meta property=\"og:image:type\" content=\"image\/jpeg\" \/>\n<meta name=\"author\" content=\"bceco\" \/>\n<meta name=\"twitter:card\" content=\"summary_large_image\" \/>\n<meta name=\"twitter:title\" content=\"\u00c9valuation du PDL-145T : Le Bceco f\u00e9licit\u00e9 au Conseil des Ministres\" \/>\n<meta name=\"twitter:description\" content=\"Le Bureau Central de Coordination (BCeCo) a \u00e9t\u00e9 f\u00e9licit\u00e9 lors du dernier Conseil des Ministres pour le Programme de D\u00e9veloppement Local des 145 territoires (PDL-145T).\" \/>\n<meta name=\"twitter:image\" content=\"https:\/\/ikar.dev\/bceco-v2\/wp-content\/uploads\/2023\/08\/PDL-3.jpg\" \/>\n<meta name=\"twitter:creator\" content=\"@BCeCoRDC\" \/>\n<meta name=\"twitter:site\" content=\"@BCeCoRDC\" \/>\n<meta name=\"twitter:label1\" content=\"Written by\" \/>\n\t<meta name=\"twitter:data1\" content=\"bceco\" \/>\n\t<meta name=\"twitter:label2\" content=\"Est. reading time\" \/>\n\t<meta name=\"twitter:data2\" content=\"2 minutes\" \/>\n<script type=\"application\/ld+json\" class=\"yoast-schema-graph\">{\"@context\":\"https:\/\/schema.org\",\"@graph\":[{\"@type\":\"Article\",\"@id\":\"https:\/\/ikar.dev\/bceco-v2\/pdl145t-bceco-felicite-au-conseil-ministres\/#article\",\"isPartOf\":{\"@id\":\"https:\/\/ikar.dev\/bceco-v2\/pdl145t-bceco-felicite-au-conseil-ministres\/\"},\"author\":{\"name\":\"bceco\",\"@id\":\"https:\/\/ikar.dev\/bceco-v2\/#\/schema\/person\/6ee74807ffb016a78852fec6a295d503\"},\"headline\":\"\u00c9valuation du PDL-145T : Le Bceco f\u00e9licit\u00e9 au Conseil des Ministres\",\"datePublished\":\"2023-08-24T12:16:04+00:00\",\"dateModified\":\"2025-12-23T16:18:24+00:00\",\"mainEntityOfPage\":{\"@id\":\"https:\/\/ikar.dev\/bceco-v2\/pdl145t-bceco-felicite-au-conseil-ministres\/\"},\"wordCount\":449,\"commentCount\":4,\"publisher\":{\"@id\":\"https:\/\/ikar.dev\/bceco-v2\/#organization\"},\"image\":{\"@id\":\"https:\/\/ikar.dev\/bceco-v2\/pdl145t-bceco-felicite-au-conseil-ministres\/#primaryimage\"},\"thumbnailUrl\":\"https:\/\/ikar.dev\/bceco-v2\/wp-content\/uploads\/2023\/08\/PDL-3.jpg\",\"keywords\":[\"BCeCo\",\"D\u00e9veloppement\",\"Infrastructures\",\"PDL145T\"],\"articleSection\":[\"Actualit\u00e9s\",\"D\u00e9veloppement\",\"Infrastructures\",\"PDL145T\"],\"inLanguage\":\"en-US\",\"potentialAction\":[{\"@type\":\"CommentAction\",\"name\":\"Comment\",\"target\":[\"https:\/\/ikar.dev\/bceco-v2\/pdl145t-bceco-felicite-au-conseil-ministres\/#respond\"]}]},{\"@type\":\"WebPage\",\"@id\":\"https:\/\/ikar.dev\/bceco-v2\/pdl145t-bceco-felicite-au-conseil-ministres\/\",\"url\":\"https:\/\/ikar.dev\/bceco-v2\/pdl145t-bceco-felicite-au-conseil-ministres\/\",\"name\":\"\u00c9valuation du PDL-145T : Bceco f\u00e9licit\u00e9 au Conseil des Ministres\",\"isPartOf\":{\"@id\":\"https:\/\/ikar.dev\/bceco-v2\/#website\"},\"primaryImageOfPage\":{\"@id\":\"https:\/\/ikar.dev\/bceco-v2\/pdl145t-bceco-felicite-au-conseil-ministres\/#primaryimage\"},\"image\":{\"@id\":\"https:\/\/ikar.dev\/bceco-v2\/pdl145t-bceco-felicite-au-conseil-ministres\/#primaryimage\"},\"thumbnailUrl\":\"https:\/\/ikar.dev\/bceco-v2\/wp-content\/uploads\/2023\/08\/PDL-3.jpg\",\"datePublished\":\"2023-08-24T12:16:04+00:00\",\"dateModified\":\"2025-12-23T16:18:24+00:00\",\"description\":\"Le Bureau Central de Coordination (BCeCo) a \u00e9t\u00e9 f\u00e9licit\u00e9 lors du dernier Conseil des Ministres pour le Programme de D\u00e9veloppement Local des 145 territoires (PDL-145T).\",\"breadcrumb\":{\"@id\":\"https:\/\/ikar.dev\/bceco-v2\/pdl145t-bceco-felicite-au-conseil-ministres\/#breadcrumb\"},\"inLanguage\":\"en-US\",\"potentialAction\":[{\"@type\":\"ReadAction\",\"target\":[\"https:\/\/ikar.dev\/bceco-v2\/pdl145t-bceco-felicite-au-conseil-ministres\/\"]}]},{\"@type\":\"ImageObject\",\"inLanguage\":\"en-US\",\"@id\":\"https:\/\/ikar.dev\/bceco-v2\/pdl145t-bceco-felicite-au-conseil-ministres\/#primaryimage\",\"url\":\"https:\/\/ikar.dev\/bceco-v2\/wp-content\/uploads\/2023\/08\/PDL-3.jpg\",\"contentUrl\":\"https:\/\/ikar.dev\/bceco-v2\/wp-content\/uploads\/2023\/08\/PDL-3.jpg\",\"width\":800,\"height\":705,\"caption\":\"PDL145T: Ecole type, ouvrage BCeCo\"},{\"@type\":\"BreadcrumbList\",\"@id\":\"https:\/\/ikar.dev\/bceco-v2\/pdl145t-bceco-felicite-au-conseil-ministres\/#breadcrumb\",\"itemListElement\":[{\"@type\":\"ListItem\",\"position\":1,\"name\":\"Accueil\",\"item\":\"https:\/\/ikar.dev\/bceco-v2\/\"},{\"@type\":\"ListItem\",\"position\":2,\"name\":\"\u00c9valuation du PDL-145T : Le Bceco f\u00e9licit\u00e9 au Conseil des Ministres\"}]},{\"@type\":\"WebSite\",\"@id\":\"https:\/\/ikar.dev\/bceco-v2\/#website\",\"url\":\"https:\/\/ikar.dev\/bceco-v2\/\",\"name\":\"Bureau Central de Coordination\",\"description\":\"B.Ce.Co \u2013 Au c\u0153ur de l\u2019ex\u00e9cution des projets de d\u00e9veloppement en RDC\",\"publisher\":{\"@id\":\"https:\/\/ikar.dev\/bceco-v2\/#organization\"},\"potentialAction\":[{\"@type\":\"SearchAction\",\"target\":{\"@type\":\"EntryPoint\",\"urlTemplate\":\"https:\/\/ikar.dev\/bceco-v2\/?s={search_term_string}\"},\"query-input\":{\"@type\":\"PropertyValueSpecification\",\"valueRequired\":true,\"valueName\":\"search_term_string\"}}],\"inLanguage\":\"en-US\"},{\"@type\":\"Organization\",\"@id\":\"https:\/\/ikar.dev\/bceco-v2\/#organization\",\"name\":\"Bureau Central de Coordination\",\"url\":\"https:\/\/ikar.dev\/bceco-v2\/\",\"logo\":{\"@type\":\"ImageObject\",\"inLanguage\":\"en-US\",\"@id\":\"https:\/\/ikar.dev\/bceco-v2\/#\/schema\/logo\/image\/\",\"url\":\"https:\/\/ikar.dev\/bceco-v2\/wp-content\/uploads\/2025\/12\/BCECO-Bureau-Central-de-Coordination.jpg\",\"contentUrl\":\"https:\/\/ikar.dev\/bceco-v2\/wp-content\/uploads\/2025\/12\/BCECO-Bureau-Central-de-Coordination.jpg\",\"width\":2048,\"height\":2048,\"caption\":\"Bureau Central de Coordination\"},\"image\":{\"@id\":\"https:\/\/ikar.dev\/bceco-v2\/#\/schema\/logo\/image\/\"},\"sameAs\":[\"https:\/\/www.facebook.com\/BCeCoRDC\",\"https:\/\/x.com\/BCeCoRDC\"]},{\"@type\":\"Person\",\"@id\":\"https:\/\/ikar.dev\/bceco-v2\/#\/schema\/person\/6ee74807ffb016a78852fec6a295d503\",\"name\":\"bceco\",\"image\":{\"@type\":\"ImageObject\",\"inLanguage\":\"en-US\",\"@id\":\"https:\/\/ikar.dev\/bceco-v2\/#\/schema\/person\/image\/\",\"url\":\"https:\/\/secure.gravatar.com\/avatar\/55c07e1707f50774ef3c842c9d074773a6b558a20fbd1608c8e4871bc88f3455?s=96&d=mm&r=g\",\"contentUrl\":\"https:\/\/secure.gravatar.com\/avatar\/55c07e1707f50774ef3c842c9d074773a6b558a20fbd1608c8e4871bc88f3455?s=96&d=mm&r=g\",\"caption\":\"bceco\"},\"sameAs\":[\"https:\/\/ikar.dev\/bceco-v2\"],\"url\":\"https:\/\/ikar.dev\/bceco-v2\/author\/bceco\/\"}]}<\/script>\n<!-- \/ Yoast SEO plugin. -->","yoast_head_json":{"title":"\u00c9valuation du PDL-145T : Bceco f\u00e9licit\u00e9 au Conseil des Ministres","description":"Le Bureau Central de Coordination (BCeCo) a \u00e9t\u00e9 f\u00e9licit\u00e9 lors du dernier Conseil des Ministres pour le Programme de D\u00e9veloppement Local des 145 territoires (PDL-145T).","robots":{"index":"index","follow":"follow","max-snippet":"max-snippet:-1","max-image-preview":"max-image-preview:large","max-video-preview":"max-video-preview:-1"},"canonical":"https:\/\/ikar.dev\/bceco-v2\/pdl145t-bceco-felicite-au-conseil-ministres\/","og_locale":"en_US","og_type":"article","og_title":"\u00c9valuation du PDL-145T : Le Bceco f\u00e9licit\u00e9 au Conseil des Ministres","og_description":"Le Bureau Central de Coordination (BCeCo) a \u00e9t\u00e9 f\u00e9licit\u00e9 lors du dernier Conseil des Ministres pour le Programme de D\u00e9veloppement Local des 145 territoires (PDL-145T).","og_url":"https:\/\/ikar.dev\/bceco-v2\/pdl145t-bceco-felicite-au-conseil-ministres\/","og_site_name":"Bureau Central de Coordination","article_publisher":"https:\/\/www.facebook.com\/BCeCoRDC","article_published_time":"2023-08-24T12:16:04+00:00","article_modified_time":"2025-12-23T16:18:24+00:00","og_image":[{"width":800,"height":705,"url":"https:\/\/ikar.dev\/bceco-v2\/wp-content\/uploads\/2023\/08\/PDL-3.jpg","type":"image\/jpeg"}],"author":"bceco","twitter_card":"summary_large_image","twitter_title":"\u00c9valuation du PDL-145T : Le Bceco f\u00e9licit\u00e9 au Conseil des Ministres","twitter_description":"Le Bureau Central de Coordination (BCeCo) a \u00e9t\u00e9 f\u00e9licit\u00e9 lors du dernier Conseil des Ministres pour le Programme de D\u00e9veloppement Local des 145 territoires (PDL-145T).","twitter_image":"https:\/\/ikar.dev\/bceco-v2\/wp-content\/uploads\/2023\/08\/PDL-3.jpg","twitter_creator":"@BCeCoRDC","twitter_site":"@BCeCoRDC","twitter_misc":{"Written by":"bceco","Est. reading time":"2 minutes"},"schema":{"@context":"https:\/\/schema.org","@graph":[{"@type":"Article","@id":"https:\/\/ikar.dev\/bceco-v2\/pdl145t-bceco-felicite-au-conseil-ministres\/#article","isPartOf":{"@id":"https:\/\/ikar.dev\/bceco-v2\/pdl145t-bceco-felicite-au-conseil-ministres\/"},"author":{"name":"bceco","@id":"https:\/\/ikar.dev\/bceco-v2\/#\/schema\/person\/6ee74807ffb016a78852fec6a295d503"},"headline":"\u00c9valuation du PDL-145T : Le Bceco f\u00e9licit\u00e9 au Conseil des Ministres","datePublished":"2023-08-24T12:16:04+00:00","dateModified":"2025-12-23T16:18:24+00:00","mainEntityOfPage":{"@id":"https:\/\/ikar.dev\/bceco-v2\/pdl145t-bceco-felicite-au-conseil-ministres\/"},"wordCount":449,"commentCount":4,"publisher":{"@id":"https:\/\/ikar.dev\/bceco-v2\/#organization"},"image":{"@id":"https:\/\/ikar.dev\/bceco-v2\/pdl145t-bceco-felicite-au-conseil-ministres\/#primaryimage"},"thumbnailUrl":"https:\/\/ikar.dev\/bceco-v2\/wp-content\/uploads\/2023\/08\/PDL-3.jpg","keywords":["BCeCo","D\u00e9veloppement","Infrastructures","PDL145T"],"articleSection":["Actualit\u00e9s","D\u00e9veloppement","Infrastructures","PDL145T"],"inLanguage":"en-US","potentialAction":[{"@type":"CommentAction","name":"Comment","target":["https:\/\/ikar.dev\/bceco-v2\/pdl145t-bceco-felicite-au-conseil-ministres\/#respond"]}]},{"@type":"WebPage","@id":"https:\/\/ikar.dev\/bceco-v2\/pdl145t-bceco-felicite-au-conseil-ministres\/","url":"https:\/\/ikar.dev\/bceco-v2\/pdl145t-bceco-felicite-au-conseil-ministres\/","name":"\u00c9valuation du PDL-145T : Bceco f\u00e9licit\u00e9 au Conseil des Ministres","isPartOf":{"@id":"https:\/\/ikar.dev\/bceco-v2\/#website"},"primaryImageOfPage":{"@id":"https:\/\/ikar.dev\/bceco-v2\/pdl145t-bceco-felicite-au-conseil-ministres\/#primaryimage"},"image":{"@id":"https:\/\/ikar.dev\/bceco-v2\/pdl145t-bceco-felicite-au-conseil-ministres\/#primaryimage"},"thumbnailUrl":"https:\/\/ikar.dev\/bceco-v2\/wp-content\/uploads\/2023\/08\/PDL-3.jpg","datePublished":"2023-08-24T12:16:04+00:00","dateModified":"2025-12-23T16:18:24+00:00","description":"Le Bureau Central de Coordination (BCeCo) a \u00e9t\u00e9 f\u00e9licit\u00e9 lors du dernier Conseil des Ministres pour le Programme de D\u00e9veloppement Local des 145 territoires (PDL-145T).","breadcrumb":{"@id":"https:\/\/ikar.dev\/bceco-v2\/pdl145t-bceco-felicite-au-conseil-ministres\/#breadcrumb"},"inLanguage":"en-US","potentialAction":[{"@type":"ReadAction","target":["https:\/\/ikar.dev\/bceco-v2\/pdl145t-bceco-felicite-au-conseil-ministres\/"]}]},{"@type":"ImageObject","inLanguage":"en-US","@id":"https:\/\/ikar.dev\/bceco-v2\/pdl145t-bceco-felicite-au-conseil-ministres\/#primaryimage","url":"https:\/\/ikar.dev\/bceco-v2\/wp-content\/uploads\/2023\/08\/PDL-3.jpg","contentUrl":"https:\/\/ikar.dev\/bceco-v2\/wp-content\/uploads\/2023\/08\/PDL-3.jpg","width":800,"height":705,"caption":"PDL145T: Ecole type, ouvrage BCeCo"},{"@type":"BreadcrumbList","@id":"https:\/\/ikar.dev\/bceco-v2\/pdl145t-bceco-felicite-au-conseil-ministres\/#breadcrumb","itemListElement":[{"@type":"ListItem","position":1,"name":"Accueil","item":"https:\/\/ikar.dev\/bceco-v2\/"},{"@type":"ListItem","position":2,"name":"\u00c9valuation du PDL-145T : Le Bceco f\u00e9licit\u00e9 au Conseil des Ministres"}]},{"@type":"WebSite","@id":"https:\/\/ikar.dev\/bceco-v2\/#website","url":"https:\/\/ikar.dev\/bceco-v2\/","name":"Bureau Central de Coordination","description":"B.Ce.Co \u2013 Au c\u0153ur de l\u2019ex\u00e9cution des projets de d\u00e9veloppement en RDC","publisher":{"@id":"https:\/\/ikar.dev\/bceco-v2\/#organization"},"potentialAction":[{"@type":"SearchAction","target":{"@type":"EntryPoint","urlTemplate":"https:\/\/ikar.dev\/bceco-v2\/?s={search_term_string}"},"query-input":{"@type":"PropertyValueSpecification","valueRequired":true,"valueName":"search_term_string"}}],"inLanguage":"en-US"},{"@type":"Organization","@id":"https:\/\/ikar.dev\/bceco-v2\/#organization","name":"Bureau Central de Coordination","url":"https:\/\/ikar.dev\/bceco-v2\/","logo":{"@type":"ImageObject","inLanguage":"en-US","@id":"https:\/\/ikar.dev\/bceco-v2\/#\/schema\/logo\/image\/","url":"https:\/\/ikar.dev\/bceco-v2\/wp-content\/uploads\/2025\/12\/BCECO-Bureau-Central-de-Coordination.jpg","contentUrl":"https:\/\/ikar.dev\/bceco-v2\/wp-content\/uploads\/2025\/12\/BCECO-Bureau-Central-de-Coordination.jpg","width":2048,"height":2048,"caption":"Bureau Central de Coordination"},"image":{"@id":"https:\/\/ikar.dev\/bceco-v2\/#\/schema\/logo\/image\/"},"sameAs":["https:\/\/www.facebook.com\/BCeCoRDC","https:\/\/x.com\/BCeCoRDC"]},{"@type":"Person","@id":"https:\/\/ikar.dev\/bceco-v2\/#\/schema\/person\/6ee74807ffb016a78852fec6a295d503","name":"bceco","image":{"@type":"ImageObject","inLanguage":"en-US","@id":"https:\/\/ikar.dev\/bceco-v2\/#\/schema\/person\/image\/","url":"https:\/\/secure.gravatar.com\/avatar\/55c07e1707f50774ef3c842c9d074773a6b558a20fbd1608c8e4871bc88f3455?s=96&d=mm&r=g","contentUrl":"https:\/\/secure.gravatar.com\/avatar\/55c07e1707f50774ef3c842c9d074773a6b558a20fbd1608c8e4871bc88f3455?s=96&d=mm&r=g","caption":"bceco"},"sameAs":["https:\/\/ikar.dev\/bceco-v2"],"url":"https:\/\/ikar.dev\/bceco-v2\/author\/bceco\/"}]}},"_links":{"self":[{"href":"https:\/\/ikar.dev\/bceco-v2\/wp-json\/wp\/v2\/posts\/29887","targetHints":{"allow":["GET"]}}],"collection":[{"href":"https:\/\/ikar.dev\/bceco-v2\/wp-json\/wp\/v2\/posts"}],"about":[{"href":"https:\/\/ikar.dev\/bceco-v2\/wp-json\/wp\/v2\/types\/post"}],"author":[{"embeddable":true,"href":"https:\/\/ikar.dev\/bceco-v2\/wp-json\/wp\/v2\/users\/1"}],"replies":[{"embeddable":true,"href":"https:\/\/ikar.dev\/bceco-v2\/wp-json\/wp\/v2\/comments?post=29887"}],"version-history":[{"count":1,"href":"https:\/\/ikar.dev\/bceco-v2\/wp-json\/wp\/v2\/posts\/29887\/revisions"}],"predecessor-version":[{"id":56312,"href":"https:\/\/ikar.dev\/bceco-v2\/wp-json\/wp\/v2\/posts\/29887\/revisions\/56312"}],"wp:featuredmedia":[{"embeddable":true,"href":"https:\/\/ikar.dev\/bceco-v2\/wp-json\/wp\/v2\/media\/29889"}],"wp:attachment":[{"href":"https:\/\/ikar.dev\/bceco-v2\/wp-json\/wp\/v2\/media?parent=29887"}],"wp:term":[{"taxonomy":"category","embeddable":true,"href":"https:\/\/ikar.dev\/bceco-v2\/wp-json\/wp\/v2\/categories?post=29887"},{"taxonomy":"post_tag","embeddable":true,"href":"https:\/\/ikar.dev\/bceco-v2\/wp-json\/wp\/v2\/tags?post=29887"}],"curies":[{"name":"wp","href":"https:\/\/api.w.org\/{rel}","templated":true}]}}