{"id":29548,"date":"2023-07-08T12:50:15","date_gmt":"2023-07-08T12:50:15","guid":{"rendered":"https:\/\/bceco.cd\/?p=29548"},"modified":"2025-12-23T17:17:52","modified_gmt":"2025-12-23T16:17:52","slug":"cite-ditekemena-espoir-du-kasai-oriental","status":"publish","type":"post","link":"https:\/\/ikar.dev\/bceco-v2\/cite-ditekemena-espoir-du-kasai-oriental\/","title":{"rendered":"Cit\u00e9 de Ditekemena: l&#8217;espoir d&#8217;un avenir meilleur au Kasa\u00ef Oriental"},"content":{"rendered":"\t\t<div data-elementor-type=\"wp-post\" data-elementor-id=\"29548\" class=\"elementor elementor-29548\" data-elementor-post-type=\"post\">\n\t\t\t\t\t\t<section class=\"elementor-section elementor-top-section elementor-element elementor-element-977d3e8 elementor-section-boxed elementor-section-height-default elementor-section-height-default\" data-id=\"977d3e8\" data-element_type=\"section\">\n\t\t\t\t\t\t<div class=\"elementor-container elementor-column-gap-default\">\n\t\t\t\t\t<div class=\"elementor-column elementor-col-100 elementor-top-column elementor-element elementor-element-b533854\" data-id=\"b533854\" data-element_type=\"column\">\n\t\t\t<div class=\"elementor-widget-wrap elementor-element-populated\">\n\t\t\t\t\t\t<div class=\"elementor-element elementor-element-8750578 elementor-widget elementor-widget-heading\" data-id=\"8750578\" data-element_type=\"widget\" data-widget_type=\"heading.default\">\n\t\t\t\t\t<h2 class=\"elementor-heading-title elementor-size-default\">Cit\u00e9 Ditekemena ou l'espoir du d\u00e9veloppement du Kasa\u00ef Oriental<\/h2>\t\t\t\t<\/div>\n\t\t\t\t\t<\/div>\n\t\t<\/div>\n\t\t\t\t\t<\/div>\n\t\t<\/section>\n\t\t\t\t<section class=\"elementor-section elementor-top-section elementor-element elementor-element-d314dfe elementor-section-boxed elementor-section-height-default elementor-section-height-default\" data-id=\"d314dfe\" data-element_type=\"section\">\n\t\t\t\t\t\t<div class=\"elementor-container elementor-column-gap-default\">\n\t\t\t\t\t<div class=\"elementor-column elementor-col-100 elementor-top-column elementor-element elementor-element-8ce3d64\" data-id=\"8ce3d64\" data-element_type=\"column\">\n\t\t\t<div class=\"elementor-widget-wrap elementor-element-populated\">\n\t\t\t\t\t\t<div class=\"elementor-element elementor-element-669df7e elementor-widget elementor-widget-text-editor\" data-id=\"669df7e\" data-element_type=\"widget\" data-widget_type=\"text-editor.default\">\n\t\t\t\t\t\t\t\t\t<p>Le lancement des travaux de construction de la Cit\u00e9 de <strong>Ditekemena<\/strong> dans la Province du Kasa\u00ef Oriental marque une \u00e9tape importante dans la r\u00e9alisation de la vision du Chef de l&#8217;Etat de r\u00e9duire la pauvret\u00e9 et les disparit\u00e9s spatiales en milieu rural. Cette nouvelle cit\u00e9, \u00e9tendue sur une superficie de <strong>1.300 hectares<\/strong>, comprendra plusieurs zones d&#8217;activit\u00e9 telles que la zone administrative, commerciale, \u00e9ducative, r\u00e9sidentielle et autres.<\/p>\t\t\t\t\t\t\t\t<\/div>\n\t\t\t\t<section class=\"elementor-section elementor-inner-section elementor-element elementor-element-08a7324 elementor-section-boxed elementor-section-height-default elementor-section-height-default\" data-id=\"08a7324\" data-element_type=\"section\">\n\t\t\t\t\t\t<div class=\"elementor-container elementor-column-gap-default\">\n\t\t\t\t\t<div class=\"elementor-column elementor-col-50 elementor-inner-column elementor-element elementor-element-eeecec9\" data-id=\"eeecec9\" data-element_type=\"column\">\n\t\t\t<div class=\"elementor-widget-wrap elementor-element-populated\">\n\t\t\t\t\t\t<div class=\"elementor-element elementor-element-f564306 elementor-widget elementor-widget-image\" data-id=\"f564306\" data-element_type=\"widget\" data-widget_type=\"image.default\">\n\t\t\t\t\t\t\t\t\t\t\t\t<figure class=\"wp-caption\">\n\t\t\t\t\t\t\t\t\t\t<img fetchpriority=\"high\" decoding=\"async\" width=\"768\" height=\"512\" src=\"https:\/\/ikar.dev\/bceco-v2\/wp-content\/uploads\/2023\/07\/4M4A9612-768x512.jpg\" class=\"attachment-medium_large size-medium_large wp-image-29551\" alt=\"Lancement des travaux de construction de la cit\u00e9 Ditekemena\" srcset=\"https:\/\/ikar.dev\/bceco-v2\/wp-content\/uploads\/2023\/07\/4M4A9612-768x512.jpg 768w, https:\/\/ikar.dev\/bceco-v2\/wp-content\/uploads\/2023\/07\/4M4A9612-1536x1024.jpg 1536w, https:\/\/ikar.dev\/bceco-v2\/wp-content\/uploads\/2023\/07\/4M4A9612-2048x1365.jpg 2048w, https:\/\/ikar.dev\/bceco-v2\/wp-content\/uploads\/2023\/07\/4M4A9612-600x400.jpg 600w\" sizes=\"(max-width: 768px) 100vw, 768px\" \/>\t\t\t\t\t\t\t\t\t\t\t<figcaption class=\"widget-image-caption wp-caption-text\">Mathias Kabeya Matshiabidi , Gouverneur du Kasa\u00ef Oriental<\/figcaption>\n\t\t\t\t\t\t\t\t\t\t<\/figure>\n\t\t\t\t\t\t\t\t\t<\/div>\n\t\t\t\t\t<\/div>\n\t\t<\/div>\n\t\t\t\t<div class=\"elementor-column elementor-col-50 elementor-inner-column elementor-element elementor-element-390e3f5\" data-id=\"390e3f5\" data-element_type=\"column\">\n\t\t\t<div class=\"elementor-widget-wrap elementor-element-populated\">\n\t\t\t\t\t\t<div class=\"elementor-element elementor-element-be58348 elementor-widget elementor-widget-text-editor\" data-id=\"be58348\" data-element_type=\"widget\" data-widget_type=\"text-editor.default\">\n\t\t\t\t\t\t\t\t\t<p>Le Gouverneur de la Province du Kasa\u00ef Oriental, Monsieur <strong>Mathias Kabeya Matshiabidi<\/strong> et le Directeur G\u00e9n\u00e9ral du Bureau Central de Coordination, <a href=\"https:\/\/twitter.com\/BCeCoRDC\">BCeCo<\/a>, Monsieur <strong>Jean Mabi Mulumba<\/strong> ont assist\u00e9, le 8 Juillet dernier, \u00e0 la c\u00e9r\u00e9monie de lancement des travaux de construction de cette cit\u00e9 d&#8217;espoir. Le <a href=\"https:\/\/bceco.cd\/\">BCeCo<\/a> est le ma\u00eetre d&#8217;ouvrage d\u00e9l\u00e9gu\u00e9 pour ce projet ambitieux qui vise \u00e0 am\u00e9liorer les conditions de vie des populations vivant en milieu rural.<\/p><p>La Cit\u00e9 de <strong>Ditekemena<\/strong> sera un v\u00e9ritable centre \u00e9conomique pour la r\u00e9gion. Elle offrira des opportunit\u00e9s d&#8217;emploi dans les secteurs administratifs, commerciaux, \u00e9ducatifs et r\u00e9sidentiels. Les habitants de la r\u00e9gion pourront \u00e9galement b\u00e9n\u00e9ficier de services de qualit\u00e9 tels que des \u00e9coles, des h\u00f4pitaux, des centres commerciaux et des espaces verts.<\/p>\t\t\t\t\t\t\t\t<\/div>\n\t\t\t\t\t<\/div>\n\t\t<\/div>\n\t\t\t\t\t<\/div>\n\t\t<\/section>\n\t\t\t\t<section class=\"elementor-section elementor-inner-section elementor-element elementor-element-f667921 elementor-section-boxed elementor-section-height-default elementor-section-height-default\" data-id=\"f667921\" data-element_type=\"section\">\n\t\t\t\t\t\t<div class=\"elementor-container elementor-column-gap-default\">\n\t\t\t\t\t<div class=\"elementor-column elementor-col-50 elementor-inner-column elementor-element elementor-element-d32f71a\" data-id=\"d32f71a\" data-element_type=\"column\">\n\t\t\t<div class=\"elementor-widget-wrap elementor-element-populated\">\n\t\t\t\t\t\t<div class=\"elementor-element elementor-element-dbc55f5 elementor-widget elementor-widget-text-editor\" data-id=\"dbc55f5\" data-element_type=\"widget\" data-widget_type=\"text-editor.default\">\n\t\t\t\t\t\t\t\t\t<p>La construction de cette cit\u00e9 est une preuve tangible de l&#8217;engagement du gouvernement \u00e0 am\u00e9liorer les conditions de vie des populations en milieu rural. Elle permettra de r\u00e9duire les disparit\u00e9s spatiales et d&#8217;offrir aux habitants de la r\u00e9gion des opportunit\u00e9s \u00e9conomiques et \u00e9ducatives.<\/p><p>Ce projet est \u00e9galement un exemple de collaboration entre les autorit\u00e9s locales et le gouvernement central pour la r\u00e9alisation d&#8217;un objectif commun. Le Gouverneur de la Province du Kasa\u00ef Oriental et le Directeur G\u00e9n\u00e9ral du <a href=\"https:\/\/web.facebook.com\/BCeCoRDC\">BCeCo<\/a> travailleront en \u00e9troite collaboration pour assurer le succ\u00e8s de ce projet.<\/p>\t\t\t\t\t\t\t\t<\/div>\n\t\t\t\t\t<\/div>\n\t\t<\/div>\n\t\t\t\t<div class=\"elementor-column elementor-col-50 elementor-inner-column elementor-element elementor-element-061f40d\" data-id=\"061f40d\" data-element_type=\"column\">\n\t\t\t<div class=\"elementor-widget-wrap elementor-element-populated\">\n\t\t\t\t\t\t<div class=\"elementor-element elementor-element-eb4c133 elementor-widget elementor-widget-image\" data-id=\"eb4c133\" data-element_type=\"widget\" data-widget_type=\"image.default\">\n\t\t\t\t\t\t\t\t\t\t\t\t<figure class=\"wp-caption\">\n\t\t\t\t\t\t\t\t\t\t<img decoding=\"async\" width=\"768\" height=\"512\" src=\"https:\/\/ikar.dev\/bceco-v2\/wp-content\/uploads\/2023\/07\/4M4A9601-768x512.jpg\" class=\"attachment-medium_large size-medium_large wp-image-29552\" alt=\"lancement des travaux de construction de la Cit\u00e9 de Ditekemena dans la Province du Kasa\u00ef Oriental\" srcset=\"https:\/\/ikar.dev\/bceco-v2\/wp-content\/uploads\/2023\/07\/4M4A9601-768x512.jpg 768w, https:\/\/ikar.dev\/bceco-v2\/wp-content\/uploads\/2023\/07\/4M4A9601-1536x1024.jpg 1536w, https:\/\/ikar.dev\/bceco-v2\/wp-content\/uploads\/2023\/07\/4M4A9601-2048x1365.jpg 2048w, https:\/\/ikar.dev\/bceco-v2\/wp-content\/uploads\/2023\/07\/4M4A9601-600x400.jpg 600w\" sizes=\"(max-width: 768px) 100vw, 768px\" \/>\t\t\t\t\t\t\t\t\t\t\t<figcaption class=\"widget-image-caption wp-caption-text\">Jean Mabi Mulumba, Directeur G\u00e9n\u00e9ral BCeCo<\/figcaption>\n\t\t\t\t\t\t\t\t\t\t<\/figure>\n\t\t\t\t\t\t\t\t\t<\/div>\n\t\t\t\t\t<\/div>\n\t\t<\/div>\n\t\t\t\t\t<\/div>\n\t\t<\/section>\n\t\t\t\t<div class=\"elementor-element elementor-element-3885d3b elementor-widget elementor-widget-text-editor\" data-id=\"3885d3b\" data-element_type=\"widget\" data-widget_type=\"text-editor.default\">\n\t\t\t\t\t\t\t\t\t<p>En conclusion, la <strong>Cit\u00e9 de Ditekemena<\/strong> est un projet ambitieux qui permettra d&#8217;am\u00e9liorer les conditions de vie des populations en milieu rural. Elle offrira des opportunit\u00e9s \u00e9conomiques et \u00e9ducatives aux habitants de la r\u00e9gion et contribuera \u00e0 r\u00e9duire les disparit\u00e9s spatiales. Nous saluons l&#8217;engagement du gouvernement \u00e0 r\u00e9aliser cette vision ambitieuse pour le bien-\u00eatre des populations congolaises.<\/p>\t\t\t\t\t\t\t\t<\/div>\n\t\t\t\t\t<\/div>\n\t\t<\/div>\n\t\t\t\t\t<\/div>\n\t\t<\/section>\n\t\t\t\t<\/div>\n\t\t","protected":false},"excerpt":{"rendered":"<p>Cit\u00e9 Ditekemena ou l&#8217;espoir du d\u00e9veloppement du Kasa\u00ef Oriental Le lancement des travaux de construction de la Cit\u00e9 de Ditekemena dans la Province du Kasa\u00ef Oriental marque une \u00e9tape importante dans la r\u00e9alisation de la vision du Chef de l&#8217;Etat de r\u00e9duire la pauvret\u00e9 et les disparit\u00e9s spatiales en milieu rural. Cette nouvelle cit\u00e9, \u00e9tendue<\/p>\n","protected":false},"author":1,"featured_media":29549,"comment_status":"open","ping_status":"open","sticky":false,"template":"","format":"standard","meta":{"footnotes":""},"categories":[69,62,63],"tags":[73,79,68],"class_list":["post-29548","post","type-post","status-publish","format-standard","has-post-thumbnail","hentry","category-actualites","category-developpement","category-infrastructures","tag-bceco","tag-developpement-rural","tag-infrastructures"],"yoast_head":"<!-- This site is optimized with the Yoast SEO plugin v26.7 - https:\/\/yoast.com\/wordpress\/plugins\/seo\/ -->\n<title>Cit\u00e9 de Ditekemena: l&#039;espoir d&#039;un avenir meilleur au Kasa\u00ef Oriental - Bureau Central de Coordination<\/title>\n<meta name=\"description\" content=\"Signifiant espoir en fran\u00e7ais, la nouvelle cit\u00e9 Ditekemena a vu lancer les travaux de sa construction en pr\u00e9sence du Gouverneur de la Province du Kasa\u00ef Oriental, Mathias Kabeya Matshiabidi et le DG du BCeCo, Jean Mabi Mulumba\" \/>\n<meta name=\"robots\" content=\"index, follow, max-snippet:-1, max-image-preview:large, max-video-preview:-1\" \/>\n<link rel=\"canonical\" href=\"https:\/\/ikar.dev\/bceco-v2\/cite-ditekemena-espoir-du-kasai-oriental\/\" \/>\n<meta property=\"og:locale\" content=\"en_US\" \/>\n<meta property=\"og:type\" content=\"article\" \/>\n<meta property=\"og:title\" content=\"Cit\u00e9 de Ditekemena: l&#039;espoir d&#039;un avenir meilleur au Kasa\u00ef Oriental\" \/>\n<meta property=\"og:description\" content=\"Signifiant espoir en fran\u00e7ais, la nouvelle cit\u00e9 Ditekemena a vu lancer les travaux de sa construction en pr\u00e9sence du Gouverneur de la Province du Kasa\u00ef Oriental, Mathias Kabeya Matshiabidi et le DG du BCeCo, Jean Mabi Mulumba\" \/>\n<meta property=\"og:url\" content=\"https:\/\/ikar.dev\/bceco-v2\/cite-ditekemena-espoir-du-kasai-oriental\/\" \/>\n<meta property=\"og:site_name\" content=\"Bureau Central de Coordination\" \/>\n<meta property=\"article:publisher\" content=\"https:\/\/www.facebook.com\/BCeCoRDC\" \/>\n<meta property=\"article:published_time\" content=\"2023-07-08T12:50:15+00:00\" \/>\n<meta property=\"article:modified_time\" content=\"2025-12-23T16:17:52+00:00\" \/>\n<meta property=\"og:image\" content=\"https:\/\/ikar.dev\/bceco-v2\/wp-content\/uploads\/2023\/07\/4M4A9630-scaled.jpg\" \/>\n\t<meta property=\"og:image:width\" content=\"2560\" \/>\n\t<meta property=\"og:image:height\" content=\"1707\" \/>\n\t<meta property=\"og:image:type\" content=\"image\/jpeg\" \/>\n<meta name=\"author\" content=\"bceco\" \/>\n<meta name=\"twitter:card\" content=\"summary_large_image\" \/>\n<meta name=\"twitter:title\" content=\"Cit\u00e9 de Ditekemena: l&#039;espoir d&#039;un avenir meilleur au Kasa\u00ef Oriental\" \/>\n<meta name=\"twitter:description\" content=\"Signifiant espoir en fran\u00e7ais, la nouvelle cit\u00e9 Ditekemena a vu lancer les travaux de sa construction en pr\u00e9sence du Gouverneur de la Province du Kasa\u00ef Oriental, Mathias Kabeya Matshiabidi et le DG du BCeCo, Jean Mabi Mulumba\" \/>\n<meta name=\"twitter:image\" content=\"https:\/\/ikar.dev\/bceco-v2\/wp-content\/uploads\/2023\/07\/4M4A9630-scaled.jpg\" \/>\n<meta name=\"twitter:creator\" content=\"@BCeCoRDC\" \/>\n<meta name=\"twitter:site\" content=\"@BCeCoRDC\" \/>\n<meta name=\"twitter:label1\" content=\"Written by\" \/>\n\t<meta name=\"twitter:data1\" content=\"bceco\" \/>\n\t<meta name=\"twitter:label2\" content=\"Est. reading time\" \/>\n\t<meta name=\"twitter:data2\" content=\"3 minutes\" \/>\n<script type=\"application\/ld+json\" class=\"yoast-schema-graph\">{\"@context\":\"https:\/\/schema.org\",\"@graph\":[{\"@type\":\"Article\",\"@id\":\"https:\/\/ikar.dev\/bceco-v2\/cite-ditekemena-espoir-du-kasai-oriental\/#article\",\"isPartOf\":{\"@id\":\"https:\/\/ikar.dev\/bceco-v2\/cite-ditekemena-espoir-du-kasai-oriental\/\"},\"author\":{\"name\":\"bceco\",\"@id\":\"https:\/\/ikar.dev\/bceco-v2\/#\/schema\/person\/6ee74807ffb016a78852fec6a295d503\"},\"headline\":\"Cit\u00e9 de Ditekemena: l&#8217;espoir d&#8217;un avenir meilleur au Kasa\u00ef Oriental\",\"datePublished\":\"2023-07-08T12:50:15+00:00\",\"dateModified\":\"2025-12-23T16:17:52+00:00\",\"mainEntityOfPage\":{\"@id\":\"https:\/\/ikar.dev\/bceco-v2\/cite-ditekemena-espoir-du-kasai-oriental\/\"},\"wordCount\":411,\"commentCount\":0,\"publisher\":{\"@id\":\"https:\/\/ikar.dev\/bceco-v2\/#organization\"},\"image\":{\"@id\":\"https:\/\/ikar.dev\/bceco-v2\/cite-ditekemena-espoir-du-kasai-oriental\/#primaryimage\"},\"thumbnailUrl\":\"https:\/\/ikar.dev\/bceco-v2\/wp-content\/uploads\/2023\/07\/4M4A9630-scaled.jpg\",\"keywords\":[\"BCeCo\",\"d\u00e9veloppement rural\",\"Infrastructures\"],\"articleSection\":[\"Actualit\u00e9s\",\"D\u00e9veloppement\",\"Infrastructures\"],\"inLanguage\":\"en-US\",\"potentialAction\":[{\"@type\":\"CommentAction\",\"name\":\"Comment\",\"target\":[\"https:\/\/ikar.dev\/bceco-v2\/cite-ditekemena-espoir-du-kasai-oriental\/#respond\"]}]},{\"@type\":\"WebPage\",\"@id\":\"https:\/\/ikar.dev\/bceco-v2\/cite-ditekemena-espoir-du-kasai-oriental\/\",\"url\":\"https:\/\/ikar.dev\/bceco-v2\/cite-ditekemena-espoir-du-kasai-oriental\/\",\"name\":\"Cit\u00e9 de Ditekemena: l'espoir d'un avenir meilleur au Kasa\u00ef Oriental - Bureau Central de Coordination\",\"isPartOf\":{\"@id\":\"https:\/\/ikar.dev\/bceco-v2\/#website\"},\"primaryImageOfPage\":{\"@id\":\"https:\/\/ikar.dev\/bceco-v2\/cite-ditekemena-espoir-du-kasai-oriental\/#primaryimage\"},\"image\":{\"@id\":\"https:\/\/ikar.dev\/bceco-v2\/cite-ditekemena-espoir-du-kasai-oriental\/#primaryimage\"},\"thumbnailUrl\":\"https:\/\/ikar.dev\/bceco-v2\/wp-content\/uploads\/2023\/07\/4M4A9630-scaled.jpg\",\"datePublished\":\"2023-07-08T12:50:15+00:00\",\"dateModified\":\"2025-12-23T16:17:52+00:00\",\"description\":\"Signifiant espoir en fran\u00e7ais, la nouvelle cit\u00e9 Ditekemena a vu lancer les travaux de sa construction en pr\u00e9sence du Gouverneur de la Province du Kasa\u00ef Oriental, Mathias Kabeya Matshiabidi et le DG du BCeCo, Jean Mabi Mulumba\",\"breadcrumb\":{\"@id\":\"https:\/\/ikar.dev\/bceco-v2\/cite-ditekemena-espoir-du-kasai-oriental\/#breadcrumb\"},\"inLanguage\":\"en-US\",\"potentialAction\":[{\"@type\":\"ReadAction\",\"target\":[\"https:\/\/ikar.dev\/bceco-v2\/cite-ditekemena-espoir-du-kasai-oriental\/\"]}]},{\"@type\":\"ImageObject\",\"inLanguage\":\"en-US\",\"@id\":\"https:\/\/ikar.dev\/bceco-v2\/cite-ditekemena-espoir-du-kasai-oriental\/#primaryimage\",\"url\":\"https:\/\/ikar.dev\/bceco-v2\/wp-content\/uploads\/2023\/07\/4M4A9630-scaled.jpg\",\"contentUrl\":\"https:\/\/ikar.dev\/bceco-v2\/wp-content\/uploads\/2023\/07\/4M4A9630-scaled.jpg\",\"width\":2560,\"height\":1707,\"caption\":\"lancement des travaux de construction de la Cit\u00e9 de Ditekemena dans la Province du Kasa\u00ef Oriental\"},{\"@type\":\"BreadcrumbList\",\"@id\":\"https:\/\/ikar.dev\/bceco-v2\/cite-ditekemena-espoir-du-kasai-oriental\/#breadcrumb\",\"itemListElement\":[{\"@type\":\"ListItem\",\"position\":1,\"name\":\"Accueil\",\"item\":\"https:\/\/ikar.dev\/bceco-v2\/\"},{\"@type\":\"ListItem\",\"position\":2,\"name\":\"Cit\u00e9 de Ditekemena: l&rsquo;espoir d&rsquo;un avenir meilleur au Kasa\u00ef Oriental\"}]},{\"@type\":\"WebSite\",\"@id\":\"https:\/\/ikar.dev\/bceco-v2\/#website\",\"url\":\"https:\/\/ikar.dev\/bceco-v2\/\",\"name\":\"Bureau Central de Coordination\",\"description\":\"B.Ce.Co \u2013 Au c\u0153ur de l\u2019ex\u00e9cution des projets de d\u00e9veloppement en RDC\",\"publisher\":{\"@id\":\"https:\/\/ikar.dev\/bceco-v2\/#organization\"},\"potentialAction\":[{\"@type\":\"SearchAction\",\"target\":{\"@type\":\"EntryPoint\",\"urlTemplate\":\"https:\/\/ikar.dev\/bceco-v2\/?s={search_term_string}\"},\"query-input\":{\"@type\":\"PropertyValueSpecification\",\"valueRequired\":true,\"valueName\":\"search_term_string\"}}],\"inLanguage\":\"en-US\"},{\"@type\":\"Organization\",\"@id\":\"https:\/\/ikar.dev\/bceco-v2\/#organization\",\"name\":\"Bureau Central de Coordination\",\"url\":\"https:\/\/ikar.dev\/bceco-v2\/\",\"logo\":{\"@type\":\"ImageObject\",\"inLanguage\":\"en-US\",\"@id\":\"https:\/\/ikar.dev\/bceco-v2\/#\/schema\/logo\/image\/\",\"url\":\"https:\/\/ikar.dev\/bceco-v2\/wp-content\/uploads\/2025\/12\/BCECO-Bureau-Central-de-Coordination.jpg\",\"contentUrl\":\"https:\/\/ikar.dev\/bceco-v2\/wp-content\/uploads\/2025\/12\/BCECO-Bureau-Central-de-Coordination.jpg\",\"width\":2048,\"height\":2048,\"caption\":\"Bureau Central de Coordination\"},\"image\":{\"@id\":\"https:\/\/ikar.dev\/bceco-v2\/#\/schema\/logo\/image\/\"},\"sameAs\":[\"https:\/\/www.facebook.com\/BCeCoRDC\",\"https:\/\/x.com\/BCeCoRDC\"]},{\"@type\":\"Person\",\"@id\":\"https:\/\/ikar.dev\/bceco-v2\/#\/schema\/person\/6ee74807ffb016a78852fec6a295d503\",\"name\":\"bceco\",\"image\":{\"@type\":\"ImageObject\",\"inLanguage\":\"en-US\",\"@id\":\"https:\/\/ikar.dev\/bceco-v2\/#\/schema\/person\/image\/\",\"url\":\"https:\/\/secure.gravatar.com\/avatar\/55c07e1707f50774ef3c842c9d074773a6b558a20fbd1608c8e4871bc88f3455?s=96&d=mm&r=g\",\"contentUrl\":\"https:\/\/secure.gravatar.com\/avatar\/55c07e1707f50774ef3c842c9d074773a6b558a20fbd1608c8e4871bc88f3455?s=96&d=mm&r=g\",\"caption\":\"bceco\"},\"sameAs\":[\"https:\/\/ikar.dev\/bceco-v2\"],\"url\":\"https:\/\/ikar.dev\/bceco-v2\/author\/bceco\/\"}]}<\/script>\n<!-- \/ Yoast SEO plugin. -->","yoast_head_json":{"title":"Cit\u00e9 de Ditekemena: l'espoir d'un avenir meilleur au Kasa\u00ef Oriental - Bureau Central de Coordination","description":"Signifiant espoir en fran\u00e7ais, la nouvelle cit\u00e9 Ditekemena a vu lancer les travaux de sa construction en pr\u00e9sence du Gouverneur de la Province du Kasa\u00ef Oriental, Mathias Kabeya Matshiabidi et le DG du BCeCo, Jean Mabi Mulumba","robots":{"index":"index","follow":"follow","max-snippet":"max-snippet:-1","max-image-preview":"max-image-preview:large","max-video-preview":"max-video-preview:-1"},"canonical":"https:\/\/ikar.dev\/bceco-v2\/cite-ditekemena-espoir-du-kasai-oriental\/","og_locale":"en_US","og_type":"article","og_title":"Cit\u00e9 de Ditekemena: l'espoir d'un avenir meilleur au Kasa\u00ef Oriental","og_description":"Signifiant espoir en fran\u00e7ais, la nouvelle cit\u00e9 Ditekemena a vu lancer les travaux de sa construction en pr\u00e9sence du Gouverneur de la Province du Kasa\u00ef Oriental, Mathias Kabeya Matshiabidi et le DG du BCeCo, Jean Mabi Mulumba","og_url":"https:\/\/ikar.dev\/bceco-v2\/cite-ditekemena-espoir-du-kasai-oriental\/","og_site_name":"Bureau Central de Coordination","article_publisher":"https:\/\/www.facebook.com\/BCeCoRDC","article_published_time":"2023-07-08T12:50:15+00:00","article_modified_time":"2025-12-23T16:17:52+00:00","og_image":[{"width":2560,"height":1707,"url":"https:\/\/ikar.dev\/bceco-v2\/wp-content\/uploads\/2023\/07\/4M4A9630-scaled.jpg","type":"image\/jpeg"}],"author":"bceco","twitter_card":"summary_large_image","twitter_title":"Cit\u00e9 de Ditekemena: l'espoir d'un avenir meilleur au Kasa\u00ef Oriental","twitter_description":"Signifiant espoir en fran\u00e7ais, la nouvelle cit\u00e9 Ditekemena a vu lancer les travaux de sa construction en pr\u00e9sence du Gouverneur de la Province du Kasa\u00ef Oriental, Mathias Kabeya Matshiabidi et le DG du BCeCo, Jean Mabi Mulumba","twitter_image":"https:\/\/ikar.dev\/bceco-v2\/wp-content\/uploads\/2023\/07\/4M4A9630-scaled.jpg","twitter_creator":"@BCeCoRDC","twitter_site":"@BCeCoRDC","twitter_misc":{"Written by":"bceco","Est. reading time":"3 minutes"},"schema":{"@context":"https:\/\/schema.org","@graph":[{"@type":"Article","@id":"https:\/\/ikar.dev\/bceco-v2\/cite-ditekemena-espoir-du-kasai-oriental\/#article","isPartOf":{"@id":"https:\/\/ikar.dev\/bceco-v2\/cite-ditekemena-espoir-du-kasai-oriental\/"},"author":{"name":"bceco","@id":"https:\/\/ikar.dev\/bceco-v2\/#\/schema\/person\/6ee74807ffb016a78852fec6a295d503"},"headline":"Cit\u00e9 de Ditekemena: l&#8217;espoir d&#8217;un avenir meilleur au Kasa\u00ef Oriental","datePublished":"2023-07-08T12:50:15+00:00","dateModified":"2025-12-23T16:17:52+00:00","mainEntityOfPage":{"@id":"https:\/\/ikar.dev\/bceco-v2\/cite-ditekemena-espoir-du-kasai-oriental\/"},"wordCount":411,"commentCount":0,"publisher":{"@id":"https:\/\/ikar.dev\/bceco-v2\/#organization"},"image":{"@id":"https:\/\/ikar.dev\/bceco-v2\/cite-ditekemena-espoir-du-kasai-oriental\/#primaryimage"},"thumbnailUrl":"https:\/\/ikar.dev\/bceco-v2\/wp-content\/uploads\/2023\/07\/4M4A9630-scaled.jpg","keywords":["BCeCo","d\u00e9veloppement rural","Infrastructures"],"articleSection":["Actualit\u00e9s","D\u00e9veloppement","Infrastructures"],"inLanguage":"en-US","potentialAction":[{"@type":"CommentAction","name":"Comment","target":["https:\/\/ikar.dev\/bceco-v2\/cite-ditekemena-espoir-du-kasai-oriental\/#respond"]}]},{"@type":"WebPage","@id":"https:\/\/ikar.dev\/bceco-v2\/cite-ditekemena-espoir-du-kasai-oriental\/","url":"https:\/\/ikar.dev\/bceco-v2\/cite-ditekemena-espoir-du-kasai-oriental\/","name":"Cit\u00e9 de Ditekemena: l'espoir d'un avenir meilleur au Kasa\u00ef Oriental - Bureau Central de Coordination","isPartOf":{"@id":"https:\/\/ikar.dev\/bceco-v2\/#website"},"primaryImageOfPage":{"@id":"https:\/\/ikar.dev\/bceco-v2\/cite-ditekemena-espoir-du-kasai-oriental\/#primaryimage"},"image":{"@id":"https:\/\/ikar.dev\/bceco-v2\/cite-ditekemena-espoir-du-kasai-oriental\/#primaryimage"},"thumbnailUrl":"https:\/\/ikar.dev\/bceco-v2\/wp-content\/uploads\/2023\/07\/4M4A9630-scaled.jpg","datePublished":"2023-07-08T12:50:15+00:00","dateModified":"2025-12-23T16:17:52+00:00","description":"Signifiant espoir en fran\u00e7ais, la nouvelle cit\u00e9 Ditekemena a vu lancer les travaux de sa construction en pr\u00e9sence du Gouverneur de la Province du Kasa\u00ef Oriental, Mathias Kabeya Matshiabidi et le DG du BCeCo, Jean Mabi Mulumba","breadcrumb":{"@id":"https:\/\/ikar.dev\/bceco-v2\/cite-ditekemena-espoir-du-kasai-oriental\/#breadcrumb"},"inLanguage":"en-US","potentialAction":[{"@type":"ReadAction","target":["https:\/\/ikar.dev\/bceco-v2\/cite-ditekemena-espoir-du-kasai-oriental\/"]}]},{"@type":"ImageObject","inLanguage":"en-US","@id":"https:\/\/ikar.dev\/bceco-v2\/cite-ditekemena-espoir-du-kasai-oriental\/#primaryimage","url":"https:\/\/ikar.dev\/bceco-v2\/wp-content\/uploads\/2023\/07\/4M4A9630-scaled.jpg","contentUrl":"https:\/\/ikar.dev\/bceco-v2\/wp-content\/uploads\/2023\/07\/4M4A9630-scaled.jpg","width":2560,"height":1707,"caption":"lancement des travaux de construction de la Cit\u00e9 de Ditekemena dans la Province du Kasa\u00ef Oriental"},{"@type":"BreadcrumbList","@id":"https:\/\/ikar.dev\/bceco-v2\/cite-ditekemena-espoir-du-kasai-oriental\/#breadcrumb","itemListElement":[{"@type":"ListItem","position":1,"name":"Accueil","item":"https:\/\/ikar.dev\/bceco-v2\/"},{"@type":"ListItem","position":2,"name":"Cit\u00e9 de Ditekemena: l&rsquo;espoir d&rsquo;un avenir meilleur au Kasa\u00ef Oriental"}]},{"@type":"WebSite","@id":"https:\/\/ikar.dev\/bceco-v2\/#website","url":"https:\/\/ikar.dev\/bceco-v2\/","name":"Bureau Central de Coordination","description":"B.Ce.Co \u2013 Au c\u0153ur de l\u2019ex\u00e9cution des projets de d\u00e9veloppement en RDC","publisher":{"@id":"https:\/\/ikar.dev\/bceco-v2\/#organization"},"potentialAction":[{"@type":"SearchAction","target":{"@type":"EntryPoint","urlTemplate":"https:\/\/ikar.dev\/bceco-v2\/?s={search_term_string}"},"query-input":{"@type":"PropertyValueSpecification","valueRequired":true,"valueName":"search_term_string"}}],"inLanguage":"en-US"},{"@type":"Organization","@id":"https:\/\/ikar.dev\/bceco-v2\/#organization","name":"Bureau Central de Coordination","url":"https:\/\/ikar.dev\/bceco-v2\/","logo":{"@type":"ImageObject","inLanguage":"en-US","@id":"https:\/\/ikar.dev\/bceco-v2\/#\/schema\/logo\/image\/","url":"https:\/\/ikar.dev\/bceco-v2\/wp-content\/uploads\/2025\/12\/BCECO-Bureau-Central-de-Coordination.jpg","contentUrl":"https:\/\/ikar.dev\/bceco-v2\/wp-content\/uploads\/2025\/12\/BCECO-Bureau-Central-de-Coordination.jpg","width":2048,"height":2048,"caption":"Bureau Central de Coordination"},"image":{"@id":"https:\/\/ikar.dev\/bceco-v2\/#\/schema\/logo\/image\/"},"sameAs":["https:\/\/www.facebook.com\/BCeCoRDC","https:\/\/x.com\/BCeCoRDC"]},{"@type":"Person","@id":"https:\/\/ikar.dev\/bceco-v2\/#\/schema\/person\/6ee74807ffb016a78852fec6a295d503","name":"bceco","image":{"@type":"ImageObject","inLanguage":"en-US","@id":"https:\/\/ikar.dev\/bceco-v2\/#\/schema\/person\/image\/","url":"https:\/\/secure.gravatar.com\/avatar\/55c07e1707f50774ef3c842c9d074773a6b558a20fbd1608c8e4871bc88f3455?s=96&d=mm&r=g","contentUrl":"https:\/\/secure.gravatar.com\/avatar\/55c07e1707f50774ef3c842c9d074773a6b558a20fbd1608c8e4871bc88f3455?s=96&d=mm&r=g","caption":"bceco"},"sameAs":["https:\/\/ikar.dev\/bceco-v2"],"url":"https:\/\/ikar.dev\/bceco-v2\/author\/bceco\/"}]}},"_links":{"self":[{"href":"https:\/\/ikar.dev\/bceco-v2\/wp-json\/wp\/v2\/posts\/29548","targetHints":{"allow":["GET"]}}],"collection":[{"href":"https:\/\/ikar.dev\/bceco-v2\/wp-json\/wp\/v2\/posts"}],"about":[{"href":"https:\/\/ikar.dev\/bceco-v2\/wp-json\/wp\/v2\/types\/post"}],"author":[{"embeddable":true,"href":"https:\/\/ikar.dev\/bceco-v2\/wp-json\/wp\/v2\/users\/1"}],"replies":[{"embeddable":true,"href":"https:\/\/ikar.dev\/bceco-v2\/wp-json\/wp\/v2\/comments?post=29548"}],"version-history":[{"count":1,"href":"https:\/\/ikar.dev\/bceco-v2\/wp-json\/wp\/v2\/posts\/29548\/revisions"}],"predecessor-version":[{"id":56309,"href":"https:\/\/ikar.dev\/bceco-v2\/wp-json\/wp\/v2\/posts\/29548\/revisions\/56309"}],"wp:featuredmedia":[{"embeddable":true,"href":"https:\/\/ikar.dev\/bceco-v2\/wp-json\/wp\/v2\/media\/29549"}],"wp:attachment":[{"href":"https:\/\/ikar.dev\/bceco-v2\/wp-json\/wp\/v2\/media?parent=29548"}],"wp:term":[{"taxonomy":"category","embeddable":true,"href":"https:\/\/ikar.dev\/bceco-v2\/wp-json\/wp\/v2\/categories?post=29548"},{"taxonomy":"post_tag","embeddable":true,"href":"https:\/\/ikar.dev\/bceco-v2\/wp-json\/wp\/v2\/tags?post=29548"}],"curies":[{"name":"wp","href":"https:\/\/api.w.org\/{rel}","templated":true}]}}