{"id":29308,"date":"2023-04-08T17:58:47","date_gmt":"2023-04-08T17:58:47","guid":{"rendered":"https:\/\/bceco.cd\/?p=29308"},"modified":"2023-04-08T17:58:47","modified_gmt":"2023-04-08T17:58:47","slug":"inauguration-de-lhopital-militaire-du-camp-tshatshi","status":"publish","type":"post","link":"https:\/\/ikar.dev\/bceco-v2\/inauguration-de-lhopital-militaire-du-camp-tshatshi\/","title":{"rendered":"Inauguration de l&#8217;H\u00f4pital Militaire du Camp Tshatshi"},"content":{"rendered":"\t\t<div data-elementor-type=\"wp-post\" data-elementor-id=\"29308\" class=\"elementor elementor-29308\" data-elementor-post-type=\"post\">\n\t\t\t\t\t\t<section class=\"elementor-section elementor-top-section elementor-element elementor-element-4cd16d0 elementor-section-boxed elementor-section-height-default elementor-section-height-default\" data-id=\"4cd16d0\" data-element_type=\"section\">\n\t\t\t\t\t\t<div class=\"elementor-container elementor-column-gap-default\">\n\t\t\t\t\t<div class=\"elementor-column elementor-col-100 elementor-top-column elementor-element elementor-element-e86ccc1\" data-id=\"e86ccc1\" data-element_type=\"column\">\n\t\t\t<div class=\"elementor-widget-wrap elementor-element-populated\">\n\t\t\t\t\t\t<div class=\"elementor-element elementor-element-4a39573 elementor-widget elementor-widget-text-editor\" data-id=\"4a39573\" data-element_type=\"widget\" data-widget_type=\"text-editor.default\">\n\t\t\t\t\t\t\t\t\t<p>Le samedi 8 avril 2023 restera une date historique pour la R\u00e9publique D\u00e9mocratique du Congo, car le Pr\u00e9sident de la R\u00e9publique, Son Excellence Monsieur <a href=\"https:\/\/twitter.com\/Presidence_RDC\"><strong>Felix Antoine Tshisekedi Tshilombo<\/strong><\/a>, a inaugur\u00e9 l&#8217;<strong>H\u00f4pital Militaire du Camp Lieutenant-Colonel Tshatshi<\/strong>. Cette c\u00e9r\u00e9monie marque la concr\u00e9tisation d&#8217;une promesse faite par le Chef de l&#8217;Etat lors de sa visite en f\u00e9vrier 2019.<\/p>\t\t\t\t\t\t\t\t<\/div>\n\t\t\t\t<section class=\"elementor-section elementor-inner-section elementor-element elementor-element-44f6b5b elementor-section-boxed elementor-section-height-default elementor-section-height-default\" data-id=\"44f6b5b\" data-element_type=\"section\">\n\t\t\t\t\t\t<div class=\"elementor-container elementor-column-gap-default\">\n\t\t\t\t\t<div class=\"elementor-column elementor-col-50 elementor-inner-column elementor-element elementor-element-120da59\" data-id=\"120da59\" data-element_type=\"column\">\n\t\t\t<div class=\"elementor-widget-wrap elementor-element-populated\">\n\t\t\t\t\t\t<div class=\"elementor-element elementor-element-cc303d4 elementor-widget elementor-widget-image\" data-id=\"cc303d4\" data-element_type=\"widget\" data-widget_type=\"image.default\">\n\t\t\t\t\t\t\t\t\t\t\t\t<figure class=\"wp-caption\">\n\t\t\t\t\t\t\t\t\t\t<img fetchpriority=\"high\" decoding=\"async\" width=\"1170\" height=\"694\" src=\"https:\/\/ikar.dev\/bceco-v2\/wp-content\/uploads\/2023\/04\/4M4A4570-1170x694.jpg\" class=\"attachment-large size-large wp-image-29312\" alt=\"Le samedi 8 avril 2023 restera une date historique pour la R\u00e9publique D\u00e9mocratique du Congo, car le Pr\u00e9sident de la R\u00e9publique, Son Excellence Monsieur Felix Antoine Tshisekedi Tshilombo, a inaugur\u00e9 l&#039;h\u00f4pital militaire du Camp Lieutenant-Colonel Tshatshi.\" srcset=\"https:\/\/ikar.dev\/bceco-v2\/wp-content\/uploads\/2023\/04\/4M4A4570-1170x694.jpg 1170w, https:\/\/ikar.dev\/bceco-v2\/wp-content\/uploads\/2023\/04\/4M4A4570-768x456.jpg 768w\" sizes=\"(max-width: 1170px) 100vw, 1170px\" \/>\t\t\t\t\t\t\t\t\t\t\t<figcaption class=\"widget-image-caption wp-caption-text\">H\u00f4pital Militaire Lieutenant-Colonel Tshatshi<\/figcaption>\n\t\t\t\t\t\t\t\t\t\t<\/figure>\n\t\t\t\t\t\t\t\t\t<\/div>\n\t\t\t\t\t<\/div>\n\t\t<\/div>\n\t\t\t\t<div class=\"elementor-column elementor-col-50 elementor-inner-column elementor-element elementor-element-f2c1eae\" data-id=\"f2c1eae\" data-element_type=\"column\">\n\t\t\t<div class=\"elementor-widget-wrap elementor-element-populated\">\n\t\t\t\t\t\t<div class=\"elementor-element elementor-element-df8c0d5 elementor-widget elementor-widget-text-editor\" data-id=\"df8c0d5\" data-element_type=\"widget\" data-widget_type=\"text-editor.default\">\n\t\t\t\t\t\t\t\t\t<p>Cet h\u00f4pital est dot\u00e9 des standards les plus avanc\u00e9s en mati\u00e8re de sant\u00e9 et r\u00e9pond \u00e0 la vision du Pr\u00e9sident <a href=\"https:\/\/twitter.com\/Presidence_RDC\"><strong>Tshisekedi<\/strong><\/a> pour la sant\u00e9 des Congolais\u00a0:\u00a0avoir acc\u00e8s \u00e0 tous les soins et services de sant\u00e9 de base dont ils ont besoin, sans encourir une ruine financi\u00e8re ou \u00e9conomique.<\/p><p>Aujourd&#8217;hui, cette vision se concr\u00e9tise avec l&#8217;inauguration de l&#8217;<strong>H\u00f4pital Militaire du Camp Colonel Tshatshi<\/strong>, financ\u00e9 par le gouvernement avec le <a href=\"https:\/\/bceco.cd\/\"><strong>Bureau Central de coordination (BCECO)<\/strong><\/a> comme ma\u00eetre d&#8217;ouvrage d\u00e9l\u00e9gu\u00e9. Le Directeur G\u00e9n\u00e9ral du BCECO, Monsieur <strong>MABI MULUMBA<\/strong>, a pr\u00e9sent\u00e9 les sp\u00e9cificit\u00e9s de cet h\u00f4pital de standing international.<\/p>\t\t\t\t\t\t\t\t<\/div>\n\t\t\t\t\t<\/div>\n\t\t<\/div>\n\t\t\t\t\t<\/div>\n\t\t<\/section>\n\t\t\t\t<section class=\"elementor-section elementor-inner-section elementor-element elementor-element-88671df elementor-section-boxed elementor-section-height-default elementor-section-height-default\" data-id=\"88671df\" data-element_type=\"section\">\n\t\t\t\t\t\t<div class=\"elementor-container elementor-column-gap-default\">\n\t\t\t\t\t<div class=\"elementor-column elementor-col-50 elementor-inner-column elementor-element elementor-element-9cb63d4\" data-id=\"9cb63d4\" data-element_type=\"column\">\n\t\t\t<div class=\"elementor-widget-wrap elementor-element-populated\">\n\t\t\t\t\t\t<div class=\"elementor-element elementor-element-e29f5d9 elementor-widget elementor-widget-text-editor\" data-id=\"e29f5d9\" data-element_type=\"widget\" data-widget_type=\"text-editor.default\">\n\t\t\t\t\t\t\t\t\t<h4><em>\u00ab\u00a0<\/em><em>L\u2019H\u00f4pital que vous avez l\u2019honneur d\u2019inaugurer ce jour est de niveau tertiaire disposant de <strong>140 lits<\/strong> r\u00e9partis sur quatre services dont la p\u00e9diatrie, la chirurgie, la m\u00e9decine interne et la gyn\u00e9co obst\u00e9trique, avec un plateau technique performant dot\u00e9 en \u00e9quipements m\u00e9dicaux de pointe et de derni\u00e8re g\u00e9n\u00e9ration. \u00bb <strong>Jean Mabi Mulumba, DG BCeCo<\/strong><\/em><\/h4>\t\t\t\t\t\t\t\t<\/div>\n\t\t\t\t\t<\/div>\n\t\t<\/div>\n\t\t\t\t<div class=\"elementor-column elementor-col-50 elementor-inner-column elementor-element elementor-element-7d58119\" data-id=\"7d58119\" data-element_type=\"column\">\n\t\t\t<div class=\"elementor-widget-wrap elementor-element-populated\">\n\t\t\t\t\t\t<div class=\"elementor-element elementor-element-c7d463a elementor-widget elementor-widget-video\" data-id=\"c7d463a\" data-element_type=\"widget\" data-settings=\"{&quot;youtube_url&quot;:&quot;https:\\\/\\\/youtu.be\\\/_1hEg5Cbr74&quot;,&quot;video_type&quot;:&quot;youtube&quot;,&quot;controls&quot;:&quot;yes&quot;}\" data-widget_type=\"video.default\">\n\t\t\t\t\t\t\t<div class=\"elementor-wrapper elementor-open-inline\">\n\t\t\t<div class=\"elementor-video\"><\/div>\t\t<\/div>\n\t\t\t\t\t\t<\/div>\n\t\t\t\t\t<\/div>\n\t\t<\/div>\n\t\t\t\t\t<\/div>\n\t\t<\/section>\n\t\t\t\t<div class=\"elementor-element elementor-element-28d9cd7 elementor-widget elementor-widget-text-editor\" data-id=\"28d9cd7\" data-element_type=\"widget\" data-widget_type=\"text-editor.default\">\n\t\t\t\t\t\t\t\t\t<p>Le <a href=\"https:\/\/twitter.com\/Presidence_RDC\"><b>Pr\u00e9sident Tshisekedi<\/b><\/a> a conclu sa visite en signant le livre d&#8217;or de cet h\u00f4pital. Cette inauguration est un symbole fort de l&#8217;engagement du gouvernement congolais en faveur de la sant\u00e9 de ses citoyens et marque une \u00e9tape importante dans la modernisation des infrastructures sanitaires du pays.<\/p>\t\t\t\t\t\t\t\t<\/div>\n\t\t\t\t\t<\/div>\n\t\t<\/div>\n\t\t\t\t\t<\/div>\n\t\t<\/section>\n\t\t\t\t<section class=\"elementor-section elementor-top-section elementor-element elementor-element-7e6ec05 elementor-section-boxed elementor-section-height-default elementor-section-height-default\" data-id=\"7e6ec05\" data-element_type=\"section\">\n\t\t\t\t\t\t<div class=\"elementor-container elementor-column-gap-default\">\n\t\t\t\t\t<div class=\"elementor-column elementor-col-25 elementor-top-column elementor-element elementor-element-56f0197\" data-id=\"56f0197\" data-element_type=\"column\">\n\t\t\t<div class=\"elementor-widget-wrap elementor-element-populated\">\n\t\t\t\t\t\t<div class=\"elementor-element elementor-element-0c322a6 elementor-widget elementor-widget-image\" data-id=\"0c322a6\" data-element_type=\"widget\" data-widget_type=\"image.default\">\n\t\t\t\t\t\t\t\t\t\t\t\t\t\t\t<img decoding=\"async\" width=\"1170\" height=\"694\" src=\"https:\/\/ikar.dev\/bceco-v2\/wp-content\/uploads\/2023\/04\/4M4A4639-1170x694.jpg\" class=\"attachment-large size-large wp-image-29319\" alt=\"Inauguration de l&#039;h\u00f4pital militaire du Camp Tshatshi\" srcset=\"https:\/\/ikar.dev\/bceco-v2\/wp-content\/uploads\/2023\/04\/4M4A4639-1170x694.jpg 1170w, https:\/\/ikar.dev\/bceco-v2\/wp-content\/uploads\/2023\/04\/4M4A4639-768x456.jpg 768w\" sizes=\"(max-width: 1170px) 100vw, 1170px\" \/>\t\t\t\t\t\t\t\t\t\t\t\t\t\t\t<\/div>\n\t\t\t\t\t<\/div>\n\t\t<\/div>\n\t\t\t\t<div class=\"elementor-column elementor-col-25 elementor-top-column elementor-element elementor-element-785a314\" data-id=\"785a314\" data-element_type=\"column\">\n\t\t\t<div class=\"elementor-widget-wrap elementor-element-populated\">\n\t\t\t\t\t\t<div class=\"elementor-element elementor-element-fa886bb elementor-widget elementor-widget-image\" data-id=\"fa886bb\" data-element_type=\"widget\" data-widget_type=\"image.default\">\n\t\t\t\t\t\t\t\t\t\t\t\t\t\t\t<img decoding=\"async\" width=\"1170\" height=\"694\" src=\"https:\/\/ikar.dev\/bceco-v2\/wp-content\/uploads\/2023\/04\/4M4A4628-1170x694.jpg\" class=\"attachment-large size-large wp-image-29320\" alt=\"Inauguration de l&#039;h\u00f4pital militaire du Camp Tshatshi\" srcset=\"https:\/\/ikar.dev\/bceco-v2\/wp-content\/uploads\/2023\/04\/4M4A4628-1170x694.jpg 1170w, https:\/\/ikar.dev\/bceco-v2\/wp-content\/uploads\/2023\/04\/4M4A4628-768x456.jpg 768w\" sizes=\"(max-width: 1170px) 100vw, 1170px\" \/>\t\t\t\t\t\t\t\t\t\t\t\t\t\t\t<\/div>\n\t\t\t\t\t<\/div>\n\t\t<\/div>\n\t\t\t\t<div class=\"elementor-column elementor-col-25 elementor-top-column elementor-element elementor-element-e743484\" data-id=\"e743484\" data-element_type=\"column\">\n\t\t\t<div class=\"elementor-widget-wrap elementor-element-populated\">\n\t\t\t\t\t\t<div class=\"elementor-element elementor-element-a9b8a6d elementor-widget elementor-widget-image\" data-id=\"a9b8a6d\" data-element_type=\"widget\" data-widget_type=\"image.default\">\n\t\t\t\t\t\t\t\t\t\t\t\t\t\t\t<img loading=\"lazy\" decoding=\"async\" width=\"1170\" height=\"694\" src=\"https:\/\/ikar.dev\/bceco-v2\/wp-content\/uploads\/2023\/04\/4M4A4631-1170x694.jpg\" class=\"attachment-large size-large wp-image-29321\" alt=\"Inauguration de l&#039;h\u00f4pital militaire du Camp Tshatshi\" srcset=\"https:\/\/ikar.dev\/bceco-v2\/wp-content\/uploads\/2023\/04\/4M4A4631-1170x694.jpg 1170w, https:\/\/ikar.dev\/bceco-v2\/wp-content\/uploads\/2023\/04\/4M4A4631-768x456.jpg 768w\" sizes=\"(max-width: 1170px) 100vw, 1170px\" \/>\t\t\t\t\t\t\t\t\t\t\t\t\t\t\t<\/div>\n\t\t\t\t\t<\/div>\n\t\t<\/div>\n\t\t\t\t<div class=\"elementor-column elementor-col-25 elementor-top-column elementor-element elementor-element-b132f29\" data-id=\"b132f29\" data-element_type=\"column\">\n\t\t\t<div class=\"elementor-widget-wrap elementor-element-populated\">\n\t\t\t\t\t\t<div class=\"elementor-element elementor-element-3e91ca5 elementor-widget elementor-widget-image\" data-id=\"3e91ca5\" data-element_type=\"widget\" data-widget_type=\"image.default\">\n\t\t\t\t\t\t\t\t\t\t\t\t\t\t\t<img loading=\"lazy\" decoding=\"async\" width=\"1170\" height=\"694\" src=\"https:\/\/ikar.dev\/bceco-v2\/wp-content\/uploads\/2023\/04\/4M4A4594-1170x694.jpg\" class=\"attachment-large size-large wp-image-29322\" alt=\"Inauguration de l&#039;h\u00f4pital militaire du Camp Tshatshi\" srcset=\"https:\/\/ikar.dev\/bceco-v2\/wp-content\/uploads\/2023\/04\/4M4A4594-1170x694.jpg 1170w, https:\/\/ikar.dev\/bceco-v2\/wp-content\/uploads\/2023\/04\/4M4A4594-768x456.jpg 768w\" sizes=\"(max-width: 1170px) 100vw, 1170px\" \/>\t\t\t\t\t\t\t\t\t\t\t\t\t\t\t<\/div>\n\t\t\t\t\t<\/div>\n\t\t<\/div>\n\t\t\t\t\t<\/div>\n\t\t<\/section>\n\t\t\t\t<\/div>\n\t\t","protected":false},"excerpt":{"rendered":"<p>Le samedi 8 avril 2023 restera une date historique pour la R\u00e9publique D\u00e9mocratique du Congo, car le Pr\u00e9sident de la R\u00e9publique, Son Excellence Monsieur Felix Antoine Tshisekedi Tshilombo, a inaugur\u00e9 l&#8217;H\u00f4pital Militaire du Camp Lieutenant-Colonel Tshatshi. Cette c\u00e9r\u00e9monie marque la concr\u00e9tisation d&#8217;une promesse faite par le Chef de l&#8217;Etat lors de sa visite en f\u00e9vrier<\/p>\n","protected":false},"author":1,"featured_media":29310,"comment_status":"open","ping_status":"open","sticky":false,"template":"","format":"standard","meta":{"footnotes":""},"categories":[69,63],"tags":[73,74,75,76],"class_list":["post-29308","post","type-post","status-publish","format-standard","has-post-thumbnail","hentry","category-actualites","category-infrastructures","tag-bceco","tag-camp-tshatshi","tag-hopital-militaire","tag-sante"],"yoast_head":"<!-- This site is optimized with the Yoast SEO plugin v26.7 - https:\/\/yoast.com\/wordpress\/plugins\/seo\/ -->\n<title>Inauguration de l&#039;H\u00f4pital Militaire du Camp Tshatshi - Bureau Central de Coordination<\/title>\n<meta name=\"robots\" content=\"index, follow, max-snippet:-1, max-image-preview:large, max-video-preview:-1\" \/>\n<link rel=\"canonical\" href=\"https:\/\/ikar.dev\/bceco-v2\/inauguration-de-lhopital-militaire-du-camp-tshatshi\/\" \/>\n<meta property=\"og:locale\" content=\"en_US\" \/>\n<meta property=\"og:type\" content=\"article\" \/>\n<meta property=\"og:title\" content=\"Inauguration de l&#039;H\u00f4pital Militaire du Camp Tshatshi - Bureau Central de Coordination\" \/>\n<meta property=\"og:description\" content=\"Le samedi 8 avril 2023 restera une date historique pour la R\u00e9publique D\u00e9mocratique du Congo, car le Pr\u00e9sident de la R\u00e9publique, Son Excellence Monsieur Felix Antoine Tshisekedi Tshilombo, a inaugur\u00e9 l&#8217;H\u00f4pital Militaire du Camp Lieutenant-Colonel Tshatshi. Cette c\u00e9r\u00e9monie marque la concr\u00e9tisation d&#8217;une promesse faite par le Chef de l&#8217;Etat lors de sa visite en f\u00e9vrier\" \/>\n<meta property=\"og:url\" content=\"https:\/\/ikar.dev\/bceco-v2\/inauguration-de-lhopital-militaire-du-camp-tshatshi\/\" \/>\n<meta property=\"og:site_name\" content=\"Bureau Central de Coordination\" \/>\n<meta property=\"article:publisher\" content=\"https:\/\/www.facebook.com\/BCeCoRDC\" \/>\n<meta property=\"article:published_time\" content=\"2023-04-08T17:58:47+00:00\" \/>\n<meta property=\"og:image\" content=\"https:\/\/ikar.dev\/bceco-v2\/wp-content\/uploads\/2023\/04\/4M4A4570.jpg\" \/>\n<meta name=\"author\" content=\"bceco\" \/>\n<meta name=\"twitter:card\" content=\"summary_large_image\" \/>\n<meta name=\"twitter:creator\" content=\"@BCeCoRDC\" \/>\n<meta name=\"twitter:site\" content=\"@BCeCoRDC\" \/>\n<meta name=\"twitter:label1\" content=\"Written by\" \/>\n\t<meta name=\"twitter:data1\" content=\"bceco\" \/>\n\t<meta name=\"twitter:label2\" content=\"Est. reading time\" \/>\n\t<meta name=\"twitter:data2\" content=\"1 minute\" \/>\n<script type=\"application\/ld+json\" class=\"yoast-schema-graph\">{\"@context\":\"https:\/\/schema.org\",\"@graph\":[{\"@type\":\"Article\",\"@id\":\"https:\/\/ikar.dev\/bceco-v2\/inauguration-de-lhopital-militaire-du-camp-tshatshi\/#article\",\"isPartOf\":{\"@id\":\"https:\/\/ikar.dev\/bceco-v2\/inauguration-de-lhopital-militaire-du-camp-tshatshi\/\"},\"author\":{\"name\":\"bceco\",\"@id\":\"https:\/\/ikar.dev\/bceco-v2\/#\/schema\/person\/6ee74807ffb016a78852fec6a295d503\"},\"headline\":\"Inauguration de l&#8217;H\u00f4pital Militaire du Camp Tshatshi\",\"datePublished\":\"2023-04-08T17:58:47+00:00\",\"mainEntityOfPage\":{\"@id\":\"https:\/\/ikar.dev\/bceco-v2\/inauguration-de-lhopital-militaire-du-camp-tshatshi\/\"},\"wordCount\":315,\"commentCount\":1,\"publisher\":{\"@id\":\"https:\/\/ikar.dev\/bceco-v2\/#organization\"},\"image\":{\"@id\":\"https:\/\/ikar.dev\/bceco-v2\/inauguration-de-lhopital-militaire-du-camp-tshatshi\/#primaryimage\"},\"thumbnailUrl\":\"https:\/\/ikar.dev\/bceco-v2\/wp-content\/uploads\/2023\/04\/4M4A4684-scaled.jpg\",\"keywords\":[\"BCeCo\",\"Camp Tshatshi\",\"Hopital Militaire\",\"Sant\u00e9\"],\"articleSection\":[\"Actualit\u00e9s\",\"Infrastructures\"],\"inLanguage\":\"en-US\",\"potentialAction\":[{\"@type\":\"CommentAction\",\"name\":\"Comment\",\"target\":[\"https:\/\/ikar.dev\/bceco-v2\/inauguration-de-lhopital-militaire-du-camp-tshatshi\/#respond\"]}]},{\"@type\":\"WebPage\",\"@id\":\"https:\/\/ikar.dev\/bceco-v2\/inauguration-de-lhopital-militaire-du-camp-tshatshi\/\",\"url\":\"https:\/\/ikar.dev\/bceco-v2\/inauguration-de-lhopital-militaire-du-camp-tshatshi\/\",\"name\":\"Inauguration de l'H\u00f4pital Militaire du Camp Tshatshi - Bureau Central de Coordination\",\"isPartOf\":{\"@id\":\"https:\/\/ikar.dev\/bceco-v2\/#website\"},\"primaryImageOfPage\":{\"@id\":\"https:\/\/ikar.dev\/bceco-v2\/inauguration-de-lhopital-militaire-du-camp-tshatshi\/#primaryimage\"},\"image\":{\"@id\":\"https:\/\/ikar.dev\/bceco-v2\/inauguration-de-lhopital-militaire-du-camp-tshatshi\/#primaryimage\"},\"thumbnailUrl\":\"https:\/\/ikar.dev\/bceco-v2\/wp-content\/uploads\/2023\/04\/4M4A4684-scaled.jpg\",\"datePublished\":\"2023-04-08T17:58:47+00:00\",\"breadcrumb\":{\"@id\":\"https:\/\/ikar.dev\/bceco-v2\/inauguration-de-lhopital-militaire-du-camp-tshatshi\/#breadcrumb\"},\"inLanguage\":\"en-US\",\"potentialAction\":[{\"@type\":\"ReadAction\",\"target\":[\"https:\/\/ikar.dev\/bceco-v2\/inauguration-de-lhopital-militaire-du-camp-tshatshi\/\"]}]},{\"@type\":\"ImageObject\",\"inLanguage\":\"en-US\",\"@id\":\"https:\/\/ikar.dev\/bceco-v2\/inauguration-de-lhopital-militaire-du-camp-tshatshi\/#primaryimage\",\"url\":\"https:\/\/ikar.dev\/bceco-v2\/wp-content\/uploads\/2023\/04\/4M4A4684-scaled.jpg\",\"contentUrl\":\"https:\/\/ikar.dev\/bceco-v2\/wp-content\/uploads\/2023\/04\/4M4A4684-scaled.jpg\",\"width\":2560,\"height\":1707,\"caption\":\"Inauguration Hopital Militaire Tshatshi\"},{\"@type\":\"BreadcrumbList\",\"@id\":\"https:\/\/ikar.dev\/bceco-v2\/inauguration-de-lhopital-militaire-du-camp-tshatshi\/#breadcrumb\",\"itemListElement\":[{\"@type\":\"ListItem\",\"position\":1,\"name\":\"Accueil\",\"item\":\"https:\/\/ikar.dev\/bceco-v2\/\"},{\"@type\":\"ListItem\",\"position\":2,\"name\":\"Inauguration de l&rsquo;H\u00f4pital Militaire du Camp Tshatshi\"}]},{\"@type\":\"WebSite\",\"@id\":\"https:\/\/ikar.dev\/bceco-v2\/#website\",\"url\":\"https:\/\/ikar.dev\/bceco-v2\/\",\"name\":\"Bureau Central de Coordination\",\"description\":\"B.Ce.Co \u2013 Au c\u0153ur de l\u2019ex\u00e9cution des projets de d\u00e9veloppement en RDC\",\"publisher\":{\"@id\":\"https:\/\/ikar.dev\/bceco-v2\/#organization\"},\"potentialAction\":[{\"@type\":\"SearchAction\",\"target\":{\"@type\":\"EntryPoint\",\"urlTemplate\":\"https:\/\/ikar.dev\/bceco-v2\/?s={search_term_string}\"},\"query-input\":{\"@type\":\"PropertyValueSpecification\",\"valueRequired\":true,\"valueName\":\"search_term_string\"}}],\"inLanguage\":\"en-US\"},{\"@type\":\"Organization\",\"@id\":\"https:\/\/ikar.dev\/bceco-v2\/#organization\",\"name\":\"Bureau Central de Coordination\",\"url\":\"https:\/\/ikar.dev\/bceco-v2\/\",\"logo\":{\"@type\":\"ImageObject\",\"inLanguage\":\"en-US\",\"@id\":\"https:\/\/ikar.dev\/bceco-v2\/#\/schema\/logo\/image\/\",\"url\":\"https:\/\/ikar.dev\/bceco-v2\/wp-content\/uploads\/2025\/12\/BCECO-Bureau-Central-de-Coordination.jpg\",\"contentUrl\":\"https:\/\/ikar.dev\/bceco-v2\/wp-content\/uploads\/2025\/12\/BCECO-Bureau-Central-de-Coordination.jpg\",\"width\":2048,\"height\":2048,\"caption\":\"Bureau Central de Coordination\"},\"image\":{\"@id\":\"https:\/\/ikar.dev\/bceco-v2\/#\/schema\/logo\/image\/\"},\"sameAs\":[\"https:\/\/www.facebook.com\/BCeCoRDC\",\"https:\/\/x.com\/BCeCoRDC\"]},{\"@type\":\"Person\",\"@id\":\"https:\/\/ikar.dev\/bceco-v2\/#\/schema\/person\/6ee74807ffb016a78852fec6a295d503\",\"name\":\"bceco\",\"image\":{\"@type\":\"ImageObject\",\"inLanguage\":\"en-US\",\"@id\":\"https:\/\/ikar.dev\/bceco-v2\/#\/schema\/person\/image\/\",\"url\":\"https:\/\/secure.gravatar.com\/avatar\/55c07e1707f50774ef3c842c9d074773a6b558a20fbd1608c8e4871bc88f3455?s=96&d=mm&r=g\",\"contentUrl\":\"https:\/\/secure.gravatar.com\/avatar\/55c07e1707f50774ef3c842c9d074773a6b558a20fbd1608c8e4871bc88f3455?s=96&d=mm&r=g\",\"caption\":\"bceco\"},\"sameAs\":[\"https:\/\/ikar.dev\/bceco-v2\"],\"url\":\"https:\/\/ikar.dev\/bceco-v2\/author\/bceco\/\"}]}<\/script>\n<!-- \/ Yoast SEO plugin. -->","yoast_head_json":{"title":"Inauguration de l'H\u00f4pital Militaire du Camp Tshatshi - Bureau Central de Coordination","robots":{"index":"index","follow":"follow","max-snippet":"max-snippet:-1","max-image-preview":"max-image-preview:large","max-video-preview":"max-video-preview:-1"},"canonical":"https:\/\/ikar.dev\/bceco-v2\/inauguration-de-lhopital-militaire-du-camp-tshatshi\/","og_locale":"en_US","og_type":"article","og_title":"Inauguration de l'H\u00f4pital Militaire du Camp Tshatshi - Bureau Central de Coordination","og_description":"Le samedi 8 avril 2023 restera une date historique pour la R\u00e9publique D\u00e9mocratique du Congo, car le Pr\u00e9sident de la R\u00e9publique, Son Excellence Monsieur Felix Antoine Tshisekedi Tshilombo, a inaugur\u00e9 l&#8217;H\u00f4pital Militaire du Camp Lieutenant-Colonel Tshatshi. Cette c\u00e9r\u00e9monie marque la concr\u00e9tisation d&#8217;une promesse faite par le Chef de l&#8217;Etat lors de sa visite en f\u00e9vrier","og_url":"https:\/\/ikar.dev\/bceco-v2\/inauguration-de-lhopital-militaire-du-camp-tshatshi\/","og_site_name":"Bureau Central de Coordination","article_publisher":"https:\/\/www.facebook.com\/BCeCoRDC","article_published_time":"2023-04-08T17:58:47+00:00","og_image":[{"url":"https:\/\/ikar.dev\/bceco-v2\/wp-content\/uploads\/2023\/04\/4M4A4570.jpg","type":"","width":"","height":""}],"author":"bceco","twitter_card":"summary_large_image","twitter_creator":"@BCeCoRDC","twitter_site":"@BCeCoRDC","twitter_misc":{"Written by":"bceco","Est. reading time":"1 minute"},"schema":{"@context":"https:\/\/schema.org","@graph":[{"@type":"Article","@id":"https:\/\/ikar.dev\/bceco-v2\/inauguration-de-lhopital-militaire-du-camp-tshatshi\/#article","isPartOf":{"@id":"https:\/\/ikar.dev\/bceco-v2\/inauguration-de-lhopital-militaire-du-camp-tshatshi\/"},"author":{"name":"bceco","@id":"https:\/\/ikar.dev\/bceco-v2\/#\/schema\/person\/6ee74807ffb016a78852fec6a295d503"},"headline":"Inauguration de l&#8217;H\u00f4pital Militaire du Camp Tshatshi","datePublished":"2023-04-08T17:58:47+00:00","mainEntityOfPage":{"@id":"https:\/\/ikar.dev\/bceco-v2\/inauguration-de-lhopital-militaire-du-camp-tshatshi\/"},"wordCount":315,"commentCount":1,"publisher":{"@id":"https:\/\/ikar.dev\/bceco-v2\/#organization"},"image":{"@id":"https:\/\/ikar.dev\/bceco-v2\/inauguration-de-lhopital-militaire-du-camp-tshatshi\/#primaryimage"},"thumbnailUrl":"https:\/\/ikar.dev\/bceco-v2\/wp-content\/uploads\/2023\/04\/4M4A4684-scaled.jpg","keywords":["BCeCo","Camp Tshatshi","Hopital Militaire","Sant\u00e9"],"articleSection":["Actualit\u00e9s","Infrastructures"],"inLanguage":"en-US","potentialAction":[{"@type":"CommentAction","name":"Comment","target":["https:\/\/ikar.dev\/bceco-v2\/inauguration-de-lhopital-militaire-du-camp-tshatshi\/#respond"]}]},{"@type":"WebPage","@id":"https:\/\/ikar.dev\/bceco-v2\/inauguration-de-lhopital-militaire-du-camp-tshatshi\/","url":"https:\/\/ikar.dev\/bceco-v2\/inauguration-de-lhopital-militaire-du-camp-tshatshi\/","name":"Inauguration de l'H\u00f4pital Militaire du Camp Tshatshi - Bureau Central de Coordination","isPartOf":{"@id":"https:\/\/ikar.dev\/bceco-v2\/#website"},"primaryImageOfPage":{"@id":"https:\/\/ikar.dev\/bceco-v2\/inauguration-de-lhopital-militaire-du-camp-tshatshi\/#primaryimage"},"image":{"@id":"https:\/\/ikar.dev\/bceco-v2\/inauguration-de-lhopital-militaire-du-camp-tshatshi\/#primaryimage"},"thumbnailUrl":"https:\/\/ikar.dev\/bceco-v2\/wp-content\/uploads\/2023\/04\/4M4A4684-scaled.jpg","datePublished":"2023-04-08T17:58:47+00:00","breadcrumb":{"@id":"https:\/\/ikar.dev\/bceco-v2\/inauguration-de-lhopital-militaire-du-camp-tshatshi\/#breadcrumb"},"inLanguage":"en-US","potentialAction":[{"@type":"ReadAction","target":["https:\/\/ikar.dev\/bceco-v2\/inauguration-de-lhopital-militaire-du-camp-tshatshi\/"]}]},{"@type":"ImageObject","inLanguage":"en-US","@id":"https:\/\/ikar.dev\/bceco-v2\/inauguration-de-lhopital-militaire-du-camp-tshatshi\/#primaryimage","url":"https:\/\/ikar.dev\/bceco-v2\/wp-content\/uploads\/2023\/04\/4M4A4684-scaled.jpg","contentUrl":"https:\/\/ikar.dev\/bceco-v2\/wp-content\/uploads\/2023\/04\/4M4A4684-scaled.jpg","width":2560,"height":1707,"caption":"Inauguration Hopital Militaire Tshatshi"},{"@type":"BreadcrumbList","@id":"https:\/\/ikar.dev\/bceco-v2\/inauguration-de-lhopital-militaire-du-camp-tshatshi\/#breadcrumb","itemListElement":[{"@type":"ListItem","position":1,"name":"Accueil","item":"https:\/\/ikar.dev\/bceco-v2\/"},{"@type":"ListItem","position":2,"name":"Inauguration de l&rsquo;H\u00f4pital Militaire du Camp Tshatshi"}]},{"@type":"WebSite","@id":"https:\/\/ikar.dev\/bceco-v2\/#website","url":"https:\/\/ikar.dev\/bceco-v2\/","name":"Bureau Central de Coordination","description":"B.Ce.Co \u2013 Au c\u0153ur de l\u2019ex\u00e9cution des projets de d\u00e9veloppement en RDC","publisher":{"@id":"https:\/\/ikar.dev\/bceco-v2\/#organization"},"potentialAction":[{"@type":"SearchAction","target":{"@type":"EntryPoint","urlTemplate":"https:\/\/ikar.dev\/bceco-v2\/?s={search_term_string}"},"query-input":{"@type":"PropertyValueSpecification","valueRequired":true,"valueName":"search_term_string"}}],"inLanguage":"en-US"},{"@type":"Organization","@id":"https:\/\/ikar.dev\/bceco-v2\/#organization","name":"Bureau Central de Coordination","url":"https:\/\/ikar.dev\/bceco-v2\/","logo":{"@type":"ImageObject","inLanguage":"en-US","@id":"https:\/\/ikar.dev\/bceco-v2\/#\/schema\/logo\/image\/","url":"https:\/\/ikar.dev\/bceco-v2\/wp-content\/uploads\/2025\/12\/BCECO-Bureau-Central-de-Coordination.jpg","contentUrl":"https:\/\/ikar.dev\/bceco-v2\/wp-content\/uploads\/2025\/12\/BCECO-Bureau-Central-de-Coordination.jpg","width":2048,"height":2048,"caption":"Bureau Central de Coordination"},"image":{"@id":"https:\/\/ikar.dev\/bceco-v2\/#\/schema\/logo\/image\/"},"sameAs":["https:\/\/www.facebook.com\/BCeCoRDC","https:\/\/x.com\/BCeCoRDC"]},{"@type":"Person","@id":"https:\/\/ikar.dev\/bceco-v2\/#\/schema\/person\/6ee74807ffb016a78852fec6a295d503","name":"bceco","image":{"@type":"ImageObject","inLanguage":"en-US","@id":"https:\/\/ikar.dev\/bceco-v2\/#\/schema\/person\/image\/","url":"https:\/\/secure.gravatar.com\/avatar\/55c07e1707f50774ef3c842c9d074773a6b558a20fbd1608c8e4871bc88f3455?s=96&d=mm&r=g","contentUrl":"https:\/\/secure.gravatar.com\/avatar\/55c07e1707f50774ef3c842c9d074773a6b558a20fbd1608c8e4871bc88f3455?s=96&d=mm&r=g","caption":"bceco"},"sameAs":["https:\/\/ikar.dev\/bceco-v2"],"url":"https:\/\/ikar.dev\/bceco-v2\/author\/bceco\/"}]}},"_links":{"self":[{"href":"https:\/\/ikar.dev\/bceco-v2\/wp-json\/wp\/v2\/posts\/29308","targetHints":{"allow":["GET"]}}],"collection":[{"href":"https:\/\/ikar.dev\/bceco-v2\/wp-json\/wp\/v2\/posts"}],"about":[{"href":"https:\/\/ikar.dev\/bceco-v2\/wp-json\/wp\/v2\/types\/post"}],"author":[{"embeddable":true,"href":"https:\/\/ikar.dev\/bceco-v2\/wp-json\/wp\/v2\/users\/1"}],"replies":[{"embeddable":true,"href":"https:\/\/ikar.dev\/bceco-v2\/wp-json\/wp\/v2\/comments?post=29308"}],"version-history":[{"count":0,"href":"https:\/\/ikar.dev\/bceco-v2\/wp-json\/wp\/v2\/posts\/29308\/revisions"}],"wp:featuredmedia":[{"embeddable":true,"href":"https:\/\/ikar.dev\/bceco-v2\/wp-json\/wp\/v2\/media\/29310"}],"wp:attachment":[{"href":"https:\/\/ikar.dev\/bceco-v2\/wp-json\/wp\/v2\/media?parent=29308"}],"wp:term":[{"taxonomy":"category","embeddable":true,"href":"https:\/\/ikar.dev\/bceco-v2\/wp-json\/wp\/v2\/categories?post=29308"},{"taxonomy":"post_tag","embeddable":true,"href":"https:\/\/ikar.dev\/bceco-v2\/wp-json\/wp\/v2\/tags?post=29308"}],"curies":[{"name":"wp","href":"https:\/\/api.w.org\/{rel}","templated":true}]}}