{"id":29252,"date":"2023-06-14T18:19:06","date_gmt":"2023-06-14T18:19:06","guid":{"rendered":"https:\/\/bceco.cd\/?p=29252"},"modified":"2025-12-23T17:17:29","modified_gmt":"2025-12-23T16:17:29","slug":"pdl-145-territoires-visite-du-premier-ministre-s-e-sama-lukonde-dans-la-province-du-haut-katanga","status":"publish","type":"post","link":"https:\/\/ikar.dev\/bceco-v2\/pdl-145-territoires-visite-du-premier-ministre-s-e-sama-lukonde-dans-la-province-du-haut-katanga\/","title":{"rendered":"PDL 145 Territoires: Visite du Premier Ministre S.E. Sama Lukonde dans la province du Haut-Katanga"},"content":{"rendered":"\t\t<div data-elementor-type=\"wp-post\" data-elementor-id=\"29252\" class=\"elementor elementor-29252\" data-elementor-post-type=\"post\">\n\t\t\t\t\t\t<section class=\"elementor-section elementor-top-section elementor-element elementor-element-e9ce5b7 elementor-section-boxed elementor-section-height-default elementor-section-height-default\" data-id=\"e9ce5b7\" data-element_type=\"section\">\n\t\t\t\t\t\t<div class=\"elementor-container elementor-column-gap-default\">\n\t\t\t\t\t<div class=\"elementor-column elementor-col-100 elementor-top-column elementor-element elementor-element-699c9fd\" data-id=\"699c9fd\" data-element_type=\"column\">\n\t\t\t<div class=\"elementor-widget-wrap elementor-element-populated\">\n\t\t\t\t\t\t<div class=\"elementor-element elementor-element-3115fad elementor-widget elementor-widget-text-editor\" data-id=\"3115fad\" data-element_type=\"widget\" data-widget_type=\"text-editor.default\">\n\t\t\t\t\t\t\t\t\t<p>Le Premier Ministre de la R\u00e9publique D\u00e9mocratique du Congo, Son Excellence Monsieur <a href=\"https:\/\/twitter.com\/LukondeSama\"><strong>SAMA LUKONDE<\/strong><\/a>, accompagn\u00e9 du Directeur G\u00e9n\u00e9ral du <a href=\"https:\/\/twitter.com\/BCeCoRDC\">BCeCo<\/a>, Monsieur <strong>Jean Mabi Mulumba<\/strong>, a r\u00e9cemment effectu\u00e9 une mission de service dans la province du Haut-Katanga.<\/p><p>Cette mission avait pour objectif de suivre et \u00e9valuer la construction des infrastructures sociales et \u00e9conomiques de base ex\u00e9cut\u00e9es par le BCeCo dans le cadre du <a href=\"https:\/\/pdl145.gouv.cd\/indicateurs\">Programme de D\u00e9veloppement Local de 145 Territoires<\/a>.<\/p>\t\t\t\t\t\t\t\t<\/div>\n\t\t\t\t\t<\/div>\n\t\t<\/div>\n\t\t\t\t\t<\/div>\n\t\t<\/section>\n\t\t\t\t<section class=\"elementor-section elementor-top-section elementor-element elementor-element-2218754 elementor-section-boxed elementor-section-height-default elementor-section-height-default\" data-id=\"2218754\" data-element_type=\"section\">\n\t\t\t\t\t\t<div class=\"elementor-container elementor-column-gap-default\">\n\t\t\t\t\t<div class=\"elementor-column elementor-col-50 elementor-top-column elementor-element elementor-element-d418908\" data-id=\"d418908\" data-element_type=\"column\">\n\t\t\t<div class=\"elementor-widget-wrap elementor-element-populated\">\n\t\t\t\t\t\t<div class=\"elementor-element elementor-element-c3d37c1 elementor-widget elementor-widget-image\" data-id=\"c3d37c1\" data-element_type=\"widget\" data-widget_type=\"image.default\">\n\t\t\t\t\t\t\t\t\t\t\t\t<figure class=\"wp-caption\">\n\t\t\t\t\t\t\t\t\t\t<img fetchpriority=\"high\" decoding=\"async\" width=\"1170\" height=\"694\" src=\"https:\/\/ikar.dev\/bceco-v2\/wp-content\/uploads\/2023\/06\/4M4A6711-1170x694.jpg\" class=\"attachment-large size-large wp-image-29258\" alt=\"PDL145T: l&#039;\u00e9cole primaire AKILI 2 \u00e0 Kasomeno\" srcset=\"https:\/\/ikar.dev\/bceco-v2\/wp-content\/uploads\/2023\/06\/4M4A6711-1170x694.jpg 1170w, https:\/\/ikar.dev\/bceco-v2\/wp-content\/uploads\/2023\/06\/4M4A6711-768x456.jpg 768w\" sizes=\"(max-width: 1170px) 100vw, 1170px\" \/>\t\t\t\t\t\t\t\t\t\t\t<figcaption class=\"widget-image-caption wp-caption-text\">PDL145T: l'\u00e9cole primaire AKILI 2 \u00e0 Kasomeno<\/figcaption>\n\t\t\t\t\t\t\t\t\t\t<\/figure>\n\t\t\t\t\t\t\t\t\t<\/div>\n\t\t\t\t\t<\/div>\n\t\t<\/div>\n\t\t\t\t<div class=\"elementor-column elementor-col-50 elementor-top-column elementor-element elementor-element-ebfe9ce\" data-id=\"ebfe9ce\" data-element_type=\"column\">\n\t\t\t<div class=\"elementor-widget-wrap elementor-element-populated\">\n\t\t\t\t\t\t<div class=\"elementor-element elementor-element-408a624 elementor-widget elementor-widget-text-editor\" data-id=\"408a624\" data-element_type=\"widget\" data-widget_type=\"text-editor.default\">\n\t\t\t\t\t\t\t\t\t<p>La d\u00e9l\u00e9gation a visit\u00e9 deux infrastructures importantes : le <strong>Centre de Sant\u00e9 KIBUNDU<\/strong> au village Kibundu dans le Groupement Sapwe secteur de Kisamamba et l&#8217;<strong>Ecole Primaire AKILI 2<\/strong> \u00e0 Kasomeno.<\/p><p>Sous la conduite du Directeur G\u00e9n\u00e9ral du <a href=\"https:\/\/web.facebook.com\/BCeCoRDC\">BCeCo<\/a>, le Premier Ministre a fait le tour du Centre de Sant\u00e9 qui est en phase de livraison technique. \u00c0 Kasomeno, la d\u00e9l\u00e9gation a \u00e9t\u00e9 accueillie par une foule en d\u00e9lire et le Premier Ministre a fait le tour de l\u2019\u00e9cole.<\/p>\t\t\t\t\t\t\t\t<\/div>\n\t\t\t\t\t<\/div>\n\t\t<\/div>\n\t\t\t\t\t<\/div>\n\t\t<\/section>\n\t\t\t\t<section class=\"elementor-section elementor-top-section elementor-element elementor-element-ca5e297 elementor-section-boxed elementor-section-height-default elementor-section-height-default\" data-id=\"ca5e297\" data-element_type=\"section\">\n\t\t\t\t\t\t<div class=\"elementor-container elementor-column-gap-default\">\n\t\t\t\t\t<div class=\"elementor-column elementor-col-100 elementor-top-column elementor-element elementor-element-04d2769\" data-id=\"04d2769\" data-element_type=\"column\">\n\t\t\t<div class=\"elementor-widget-wrap elementor-element-populated\">\n\t\t\t\t\t\t<section class=\"elementor-section elementor-inner-section elementor-element elementor-element-e38a760 elementor-section-boxed elementor-section-height-default elementor-section-height-default\" data-id=\"e38a760\" data-element_type=\"section\">\n\t\t\t\t\t\t<div class=\"elementor-container elementor-column-gap-default\">\n\t\t\t\t\t<div class=\"elementor-column elementor-col-50 elementor-inner-column elementor-element elementor-element-adac5c5\" data-id=\"adac5c5\" data-element_type=\"column\">\n\t\t\t<div class=\"elementor-widget-wrap elementor-element-populated\">\n\t\t\t\t\t\t<div class=\"elementor-element elementor-element-f43356b elementor-widget elementor-widget-text-editor\" data-id=\"f43356b\" data-element_type=\"widget\" data-widget_type=\"text-editor.default\">\n\t\t\t\t\t\t\t\t\t<p>Au terme de cette visite, le Premier Ministre\u00a0<a href=\"https:\/\/twitter.com\/LukondeSama\"><strong>SAMA LUKONDE<\/strong><\/a>\u00a0s\u2019est exprim\u00e9 sur sa satisfaction quant \u00e0 la mat\u00e9rialisation du\u00a0<a href=\"https:\/\/pdl145.gouv.cd\/indicateurs\">PDL-145T<\/a>\u00a0dans le territoire de Kasenga.<\/p><p>Cette mission est un exemple concret de l\u2019engagement du gouvernement congolais \u00e0 am\u00e9liorer les infrastructures socio-\u00e9conomiques de base dans les r\u00e9gions les plus recul\u00e9es du pays. Ce programme\u00a0<a href=\"https:\/\/pdl145.gouv.cd\/indicateurs\">PDL145-T<\/a>\u00a0impacte positivement sur la vie des citoyens et contribuera au d\u00e9veloppement durable de la R\u00e9publique D\u00e9mocratique du Congo.<\/p>\t\t\t\t\t\t\t\t<\/div>\n\t\t\t\t\t<\/div>\n\t\t<\/div>\n\t\t\t\t<div class=\"elementor-column elementor-col-50 elementor-inner-column elementor-element elementor-element-f5bf965\" data-id=\"f5bf965\" data-element_type=\"column\">\n\t\t\t<div class=\"elementor-widget-wrap elementor-element-populated\">\n\t\t\t\t\t\t<div class=\"elementor-element elementor-element-4cc134e elementor-widget elementor-widget-video\" data-id=\"4cc134e\" data-element_type=\"widget\" data-settings=\"{&quot;youtube_url&quot;:&quot;https:\\\/\\\/youtu.be\\\/_RDgBORmBak&quot;,&quot;video_type&quot;:&quot;youtube&quot;,&quot;controls&quot;:&quot;yes&quot;}\" data-widget_type=\"video.default\">\n\t\t\t\t\t\t\t<div class=\"elementor-wrapper elementor-open-inline\">\n\t\t\t<div class=\"elementor-video\"><\/div>\t\t<\/div>\n\t\t\t\t\t\t<\/div>\n\t\t\t\t\t<\/div>\n\t\t<\/div>\n\t\t\t\t\t<\/div>\n\t\t<\/section>\n\t\t\t\t\t<\/div>\n\t\t<\/div>\n\t\t\t\t\t<\/div>\n\t\t<\/section>\n\t\t\t\t<section class=\"elementor-section elementor-top-section elementor-element elementor-element-c9f93f9 elementor-section-boxed elementor-section-height-default elementor-section-height-default\" data-id=\"c9f93f9\" data-element_type=\"section\">\n\t\t\t\t\t\t<div class=\"elementor-container elementor-column-gap-default\">\n\t\t\t\t\t<div class=\"elementor-column elementor-col-33 elementor-top-column elementor-element elementor-element-0cd0ba5\" data-id=\"0cd0ba5\" data-element_type=\"column\">\n\t\t\t<div class=\"elementor-widget-wrap elementor-element-populated\">\n\t\t\t\t\t\t<div class=\"elementor-element elementor-element-bed629f elementor-widget elementor-widget-image\" data-id=\"bed629f\" data-element_type=\"widget\" data-widget_type=\"image.default\">\n\t\t\t\t\t\t\t\t\t\t\t\t\t\t\t<img decoding=\"async\" width=\"1170\" height=\"694\" src=\"https:\/\/ikar.dev\/bceco-v2\/wp-content\/uploads\/2023\/06\/4M4A7147-1170x694.jpg\" class=\"attachment-large size-large wp-image-29260\" alt=\"PDL145T: \u00c0 Kasomeno, la d\u00e9l\u00e9gation a \u00e9t\u00e9 accueillie par une foule en d\u00e9lire et le Premier Ministre a fait le tour de l\u2019\u00e9cole.\" srcset=\"https:\/\/ikar.dev\/bceco-v2\/wp-content\/uploads\/2023\/06\/4M4A7147-1170x694.jpg 1170w, https:\/\/ikar.dev\/bceco-v2\/wp-content\/uploads\/2023\/06\/4M4A7147-768x456.jpg 768w\" sizes=\"(max-width: 1170px) 100vw, 1170px\" \/>\t\t\t\t\t\t\t\t\t\t\t\t\t\t\t<\/div>\n\t\t\t\t\t<\/div>\n\t\t<\/div>\n\t\t\t\t<div class=\"elementor-column elementor-col-33 elementor-top-column elementor-element elementor-element-bda6389\" data-id=\"bda6389\" data-element_type=\"column\">\n\t\t\t<div class=\"elementor-widget-wrap elementor-element-populated\">\n\t\t\t\t\t\t<div class=\"elementor-element elementor-element-1e5b189 elementor-widget elementor-widget-image\" data-id=\"1e5b189\" data-element_type=\"widget\" data-widget_type=\"image.default\">\n\t\t\t\t\t\t\t\t\t\t\t\t\t\t\t<img decoding=\"async\" width=\"1170\" height=\"694\" src=\"https:\/\/ikar.dev\/bceco-v2\/wp-content\/uploads\/2023\/06\/4M4A7181-1170x694.jpg\" class=\"attachment-large size-large wp-image-29261\" alt=\"PDL145T: Le Premier Ministre de la R\u00e9publique D\u00e9mocratique du Congo, Son Excellence Monsieur SAMA LUKONDE, accompagn\u00e9 du Directeur G\u00e9n\u00e9ral du BCeCo, Monsieur Jean Mabi Mulumba\" srcset=\"https:\/\/ikar.dev\/bceco-v2\/wp-content\/uploads\/2023\/06\/4M4A7181-1170x694.jpg 1170w, https:\/\/ikar.dev\/bceco-v2\/wp-content\/uploads\/2023\/06\/4M4A7181-768x456.jpg 768w\" sizes=\"(max-width: 1170px) 100vw, 1170px\" \/>\t\t\t\t\t\t\t\t\t\t\t\t\t\t\t<\/div>\n\t\t\t\t\t<\/div>\n\t\t<\/div>\n\t\t\t\t<div class=\"elementor-column elementor-col-33 elementor-top-column elementor-element elementor-element-d58a211\" data-id=\"d58a211\" data-element_type=\"column\">\n\t\t\t<div class=\"elementor-widget-wrap elementor-element-populated\">\n\t\t\t\t\t\t<div class=\"elementor-element elementor-element-10412f1 elementor-widget elementor-widget-image\" data-id=\"10412f1\" data-element_type=\"widget\" data-widget_type=\"image.default\">\n\t\t\t\t\t\t\t\t\t\t\t\t\t\t\t<img loading=\"lazy\" decoding=\"async\" width=\"1170\" height=\"694\" src=\"https:\/\/ikar.dev\/bceco-v2\/wp-content\/uploads\/2023\/06\/4M4A6685-1170x694.jpg\" class=\"attachment-large size-large wp-image-29259\" alt=\"PDL145T: le Centre de Sant\u00e9 KIBUNDU au village Kibundu\" srcset=\"https:\/\/ikar.dev\/bceco-v2\/wp-content\/uploads\/2023\/06\/4M4A6685-1170x694.jpg 1170w, https:\/\/ikar.dev\/bceco-v2\/wp-content\/uploads\/2023\/06\/4M4A6685-768x456.jpg 768w\" sizes=\"(max-width: 1170px) 100vw, 1170px\" \/>\t\t\t\t\t\t\t\t\t\t\t\t\t\t\t<\/div>\n\t\t\t\t\t<\/div>\n\t\t<\/div>\n\t\t\t\t\t<\/div>\n\t\t<\/section>\n\t\t\t\t<\/div>\n\t\t","protected":false},"excerpt":{"rendered":"<p>Le Premier Ministre de la R\u00e9publique D\u00e9mocratique du Congo, Son Excellence Monsieur SAMA LUKONDE, accompagn\u00e9 du Directeur G\u00e9n\u00e9ral du BCeCo, Monsieur Jean Mabi Mulumba, a r\u00e9cemment effectu\u00e9 une mission de service dans la province du Haut-Katanga. Cette mission avait pour objectif de suivre et \u00e9valuer la construction des infrastructures sociales et \u00e9conomiques de base ex\u00e9cut\u00e9es<\/p>\n","protected":false},"author":1,"featured_media":29255,"comment_status":"open","ping_status":"open","sticky":false,"template":"","format":"standard","meta":{"footnotes":""},"categories":[69,63,61],"tags":[72,64],"class_list":["post-29252","post","type-post","status-publish","format-standard","has-post-thumbnail","hentry","category-actualites","category-infrastructures","category-pdl145t","tag-haut-katanga","tag-pdl145t"],"yoast_head":"<!-- This site is optimized with the Yoast SEO plugin v26.7 - https:\/\/yoast.com\/wordpress\/plugins\/seo\/ -->\n<title>PDL 145 Territoires: Visite du Premier Ministre S.E. Sama Lukonde dans la province du Haut-Katanga - Bureau Central de Coordination<\/title>\n<meta name=\"description\" content=\"PDL 145 Territoires: Visite de Sama Lukonde, Premier Ministre de la RDC avec Jean Mabi, Directeur G\u00e9n\u00e9ral du BCeCo, dans le Haut-Katanga.\" \/>\n<meta name=\"robots\" content=\"index, follow, max-snippet:-1, max-image-preview:large, max-video-preview:-1\" \/>\n<link rel=\"canonical\" href=\"https:\/\/ikar.dev\/bceco-v2\/pdl-145-territoires-visite-du-premier-ministre-s-e-sama-lukonde-dans-la-province-du-haut-katanga\/\" \/>\n<meta property=\"og:locale\" content=\"en_US\" \/>\n<meta property=\"og:type\" content=\"article\" \/>\n<meta property=\"og:title\" content=\"PDL 145 Territoires: Visite du Premier Ministre S.E. Sama Lukonde dans la province du Haut-Katanga\" \/>\n<meta property=\"og:description\" content=\"Le Premier Ministre de la R\u00e9publique D\u00e9mocratique du Congo, Son Excellence Monsieur SAMA LUKONDE, accompagn\u00e9 du Directeur G\u00e9n\u00e9ral du BCeCo, Monsieur Jean Mabi Mulumba, a r\u00e9cemment effectu\u00e9 une mission de service dans la province du Haut-Katanga.\" \/>\n<meta property=\"og:url\" content=\"https:\/\/ikar.dev\/bceco-v2\/pdl-145-territoires-visite-du-premier-ministre-s-e-sama-lukonde-dans-la-province-du-haut-katanga\/\" \/>\n<meta property=\"og:site_name\" content=\"Bureau Central de Coordination\" \/>\n<meta property=\"article:publisher\" content=\"https:\/\/www.facebook.com\/BCeCoRDC\" \/>\n<meta property=\"article:published_time\" content=\"2023-06-14T18:19:06+00:00\" \/>\n<meta property=\"article:modified_time\" content=\"2025-12-23T16:17:29+00:00\" \/>\n<meta property=\"og:image\" content=\"https:\/\/ikar.dev\/bceco-v2\/wp-content\/uploads\/2023\/06\/4M4A7181-scaled.jpg\" \/>\n\t<meta property=\"og:image:width\" content=\"2560\" \/>\n\t<meta property=\"og:image:height\" content=\"1707\" \/>\n\t<meta property=\"og:image:type\" content=\"image\/jpeg\" \/>\n<meta name=\"author\" content=\"bceco\" \/>\n<meta name=\"twitter:card\" content=\"summary_large_image\" \/>\n<meta name=\"twitter:title\" content=\"PDL 145 Territoires: Visite du Premier Ministre S.E. Sama Lukonde dans la province du Haut-Katanga\" \/>\n<meta name=\"twitter:description\" content=\"Le Premier Ministre de la R\u00e9publique D\u00e9mocratique du Congo, Son Excellence Monsieur SAMA LUKONDE, accompagn\u00e9 du Directeur G\u00e9n\u00e9ral du BCeCo, Monsieur Jean Mabi Mulumba, a r\u00e9cemment effectu\u00e9 une mission de service dans la province du Haut-Katanga.\" \/>\n<meta name=\"twitter:image\" content=\"https:\/\/ikar.dev\/bceco-v2\/wp-content\/uploads\/2023\/06\/4M4A7181-scaled.jpg\" \/>\n<meta name=\"twitter:creator\" content=\"@BCeCoRDC\" \/>\n<meta name=\"twitter:site\" content=\"@BCeCoRDC\" \/>\n<meta name=\"twitter:label1\" content=\"Written by\" \/>\n\t<meta name=\"twitter:data1\" content=\"bceco\" \/>\n\t<meta name=\"twitter:label2\" content=\"Est. reading time\" \/>\n\t<meta name=\"twitter:data2\" content=\"2 minutes\" \/>\n<script type=\"application\/ld+json\" class=\"yoast-schema-graph\">{\"@context\":\"https:\/\/schema.org\",\"@graph\":[{\"@type\":\"Article\",\"@id\":\"https:\/\/ikar.dev\/bceco-v2\/pdl-145-territoires-visite-du-premier-ministre-s-e-sama-lukonde-dans-la-province-du-haut-katanga\/#article\",\"isPartOf\":{\"@id\":\"https:\/\/ikar.dev\/bceco-v2\/pdl-145-territoires-visite-du-premier-ministre-s-e-sama-lukonde-dans-la-province-du-haut-katanga\/\"},\"author\":{\"name\":\"bceco\",\"@id\":\"https:\/\/ikar.dev\/bceco-v2\/#\/schema\/person\/6ee74807ffb016a78852fec6a295d503\"},\"headline\":\"PDL 145 Territoires: Visite du Premier Ministre S.E. Sama Lukonde dans la province du Haut-Katanga\",\"datePublished\":\"2023-06-14T18:19:06+00:00\",\"dateModified\":\"2025-12-23T16:17:29+00:00\",\"mainEntityOfPage\":{\"@id\":\"https:\/\/ikar.dev\/bceco-v2\/pdl-145-territoires-visite-du-premier-ministre-s-e-sama-lukonde-dans-la-province-du-haut-katanga\/\"},\"wordCount\":268,\"commentCount\":0,\"publisher\":{\"@id\":\"https:\/\/ikar.dev\/bceco-v2\/#organization\"},\"image\":{\"@id\":\"https:\/\/ikar.dev\/bceco-v2\/pdl-145-territoires-visite-du-premier-ministre-s-e-sama-lukonde-dans-la-province-du-haut-katanga\/#primaryimage\"},\"thumbnailUrl\":\"https:\/\/ikar.dev\/bceco-v2\/wp-content\/uploads\/2023\/06\/4M4A7302-scaled.jpg\",\"keywords\":[\"Haut Katanga\",\"PDL145T\"],\"articleSection\":[\"Actualit\u00e9s\",\"Infrastructures\",\"PDL145T\"],\"inLanguage\":\"en-US\",\"potentialAction\":[{\"@type\":\"CommentAction\",\"name\":\"Comment\",\"target\":[\"https:\/\/ikar.dev\/bceco-v2\/pdl-145-territoires-visite-du-premier-ministre-s-e-sama-lukonde-dans-la-province-du-haut-katanga\/#respond\"]}]},{\"@type\":\"WebPage\",\"@id\":\"https:\/\/ikar.dev\/bceco-v2\/pdl-145-territoires-visite-du-premier-ministre-s-e-sama-lukonde-dans-la-province-du-haut-katanga\/\",\"url\":\"https:\/\/ikar.dev\/bceco-v2\/pdl-145-territoires-visite-du-premier-ministre-s-e-sama-lukonde-dans-la-province-du-haut-katanga\/\",\"name\":\"PDL 145 Territoires: Visite du Premier Ministre S.E. Sama Lukonde dans la province du Haut-Katanga - Bureau Central de Coordination\",\"isPartOf\":{\"@id\":\"https:\/\/ikar.dev\/bceco-v2\/#website\"},\"primaryImageOfPage\":{\"@id\":\"https:\/\/ikar.dev\/bceco-v2\/pdl-145-territoires-visite-du-premier-ministre-s-e-sama-lukonde-dans-la-province-du-haut-katanga\/#primaryimage\"},\"image\":{\"@id\":\"https:\/\/ikar.dev\/bceco-v2\/pdl-145-territoires-visite-du-premier-ministre-s-e-sama-lukonde-dans-la-province-du-haut-katanga\/#primaryimage\"},\"thumbnailUrl\":\"https:\/\/ikar.dev\/bceco-v2\/wp-content\/uploads\/2023\/06\/4M4A7302-scaled.jpg\",\"datePublished\":\"2023-06-14T18:19:06+00:00\",\"dateModified\":\"2025-12-23T16:17:29+00:00\",\"description\":\"PDL 145 Territoires: Visite de Sama Lukonde, Premier Ministre de la RDC avec Jean Mabi, Directeur G\u00e9n\u00e9ral du BCeCo, dans le Haut-Katanga.\",\"breadcrumb\":{\"@id\":\"https:\/\/ikar.dev\/bceco-v2\/pdl-145-territoires-visite-du-premier-ministre-s-e-sama-lukonde-dans-la-province-du-haut-katanga\/#breadcrumb\"},\"inLanguage\":\"en-US\",\"potentialAction\":[{\"@type\":\"ReadAction\",\"target\":[\"https:\/\/ikar.dev\/bceco-v2\/pdl-145-territoires-visite-du-premier-ministre-s-e-sama-lukonde-dans-la-province-du-haut-katanga\/\"]}]},{\"@type\":\"ImageObject\",\"inLanguage\":\"en-US\",\"@id\":\"https:\/\/ikar.dev\/bceco-v2\/pdl-145-territoires-visite-du-premier-ministre-s-e-sama-lukonde-dans-la-province-du-haut-katanga\/#primaryimage\",\"url\":\"https:\/\/ikar.dev\/bceco-v2\/wp-content\/uploads\/2023\/06\/4M4A7302-scaled.jpg\",\"contentUrl\":\"https:\/\/ikar.dev\/bceco-v2\/wp-content\/uploads\/2023\/06\/4M4A7302-scaled.jpg\",\"width\":2560,\"height\":1707,\"caption\":\"Le Premier Ministre de la R\u00e9publique D\u00e9mocratique du Congo, Son Excellence Monsieur SAMA LUKONDE, accompagn\u00e9 du Directeur G\u00e9n\u00e9ral du BCeCo, Monsieur Jean Mabi Mulumba, a r\u00e9cemment effectu\u00e9 une mission de service dans la province du Haut-Katanga.\"},{\"@type\":\"BreadcrumbList\",\"@id\":\"https:\/\/ikar.dev\/bceco-v2\/pdl-145-territoires-visite-du-premier-ministre-s-e-sama-lukonde-dans-la-province-du-haut-katanga\/#breadcrumb\",\"itemListElement\":[{\"@type\":\"ListItem\",\"position\":1,\"name\":\"Accueil\",\"item\":\"https:\/\/ikar.dev\/bceco-v2\/\"},{\"@type\":\"ListItem\",\"position\":2,\"name\":\"PDL 145 Territoires: Visite du Premier Ministre S.E. Sama Lukonde dans la province du Haut-Katanga\"}]},{\"@type\":\"WebSite\",\"@id\":\"https:\/\/ikar.dev\/bceco-v2\/#website\",\"url\":\"https:\/\/ikar.dev\/bceco-v2\/\",\"name\":\"Bureau Central de Coordination\",\"description\":\"B.Ce.Co \u2013 Au c\u0153ur de l\u2019ex\u00e9cution des projets de d\u00e9veloppement en RDC\",\"publisher\":{\"@id\":\"https:\/\/ikar.dev\/bceco-v2\/#organization\"},\"potentialAction\":[{\"@type\":\"SearchAction\",\"target\":{\"@type\":\"EntryPoint\",\"urlTemplate\":\"https:\/\/ikar.dev\/bceco-v2\/?s={search_term_string}\"},\"query-input\":{\"@type\":\"PropertyValueSpecification\",\"valueRequired\":true,\"valueName\":\"search_term_string\"}}],\"inLanguage\":\"en-US\"},{\"@type\":\"Organization\",\"@id\":\"https:\/\/ikar.dev\/bceco-v2\/#organization\",\"name\":\"Bureau Central de Coordination\",\"url\":\"https:\/\/ikar.dev\/bceco-v2\/\",\"logo\":{\"@type\":\"ImageObject\",\"inLanguage\":\"en-US\",\"@id\":\"https:\/\/ikar.dev\/bceco-v2\/#\/schema\/logo\/image\/\",\"url\":\"https:\/\/ikar.dev\/bceco-v2\/wp-content\/uploads\/2025\/12\/BCECO-Bureau-Central-de-Coordination.jpg\",\"contentUrl\":\"https:\/\/ikar.dev\/bceco-v2\/wp-content\/uploads\/2025\/12\/BCECO-Bureau-Central-de-Coordination.jpg\",\"width\":2048,\"height\":2048,\"caption\":\"Bureau Central de Coordination\"},\"image\":{\"@id\":\"https:\/\/ikar.dev\/bceco-v2\/#\/schema\/logo\/image\/\"},\"sameAs\":[\"https:\/\/www.facebook.com\/BCeCoRDC\",\"https:\/\/x.com\/BCeCoRDC\"]},{\"@type\":\"Person\",\"@id\":\"https:\/\/ikar.dev\/bceco-v2\/#\/schema\/person\/6ee74807ffb016a78852fec6a295d503\",\"name\":\"bceco\",\"image\":{\"@type\":\"ImageObject\",\"inLanguage\":\"en-US\",\"@id\":\"https:\/\/ikar.dev\/bceco-v2\/#\/schema\/person\/image\/\",\"url\":\"https:\/\/secure.gravatar.com\/avatar\/55c07e1707f50774ef3c842c9d074773a6b558a20fbd1608c8e4871bc88f3455?s=96&d=mm&r=g\",\"contentUrl\":\"https:\/\/secure.gravatar.com\/avatar\/55c07e1707f50774ef3c842c9d074773a6b558a20fbd1608c8e4871bc88f3455?s=96&d=mm&r=g\",\"caption\":\"bceco\"},\"sameAs\":[\"https:\/\/ikar.dev\/bceco-v2\"],\"url\":\"https:\/\/ikar.dev\/bceco-v2\/author\/bceco\/\"}]}<\/script>\n<!-- \/ Yoast SEO plugin. -->","yoast_head_json":{"title":"PDL 145 Territoires: Visite du Premier Ministre S.E. Sama Lukonde dans la province du Haut-Katanga - Bureau Central de Coordination","description":"PDL 145 Territoires: Visite de Sama Lukonde, Premier Ministre de la RDC avec Jean Mabi, Directeur G\u00e9n\u00e9ral du BCeCo, dans le Haut-Katanga.","robots":{"index":"index","follow":"follow","max-snippet":"max-snippet:-1","max-image-preview":"max-image-preview:large","max-video-preview":"max-video-preview:-1"},"canonical":"https:\/\/ikar.dev\/bceco-v2\/pdl-145-territoires-visite-du-premier-ministre-s-e-sama-lukonde-dans-la-province-du-haut-katanga\/","og_locale":"en_US","og_type":"article","og_title":"PDL 145 Territoires: Visite du Premier Ministre S.E. Sama Lukonde dans la province du Haut-Katanga","og_description":"Le Premier Ministre de la R\u00e9publique D\u00e9mocratique du Congo, Son Excellence Monsieur SAMA LUKONDE, accompagn\u00e9 du Directeur G\u00e9n\u00e9ral du BCeCo, Monsieur Jean Mabi Mulumba, a r\u00e9cemment effectu\u00e9 une mission de service dans la province du Haut-Katanga.","og_url":"https:\/\/ikar.dev\/bceco-v2\/pdl-145-territoires-visite-du-premier-ministre-s-e-sama-lukonde-dans-la-province-du-haut-katanga\/","og_site_name":"Bureau Central de Coordination","article_publisher":"https:\/\/www.facebook.com\/BCeCoRDC","article_published_time":"2023-06-14T18:19:06+00:00","article_modified_time":"2025-12-23T16:17:29+00:00","og_image":[{"width":2560,"height":1707,"url":"https:\/\/ikar.dev\/bceco-v2\/wp-content\/uploads\/2023\/06\/4M4A7181-scaled.jpg","type":"image\/jpeg"}],"author":"bceco","twitter_card":"summary_large_image","twitter_title":"PDL 145 Territoires: Visite du Premier Ministre S.E. Sama Lukonde dans la province du Haut-Katanga","twitter_description":"Le Premier Ministre de la R\u00e9publique D\u00e9mocratique du Congo, Son Excellence Monsieur SAMA LUKONDE, accompagn\u00e9 du Directeur G\u00e9n\u00e9ral du BCeCo, Monsieur Jean Mabi Mulumba, a r\u00e9cemment effectu\u00e9 une mission de service dans la province du Haut-Katanga.","twitter_image":"https:\/\/ikar.dev\/bceco-v2\/wp-content\/uploads\/2023\/06\/4M4A7181-scaled.jpg","twitter_creator":"@BCeCoRDC","twitter_site":"@BCeCoRDC","twitter_misc":{"Written by":"bceco","Est. reading time":"2 minutes"},"schema":{"@context":"https:\/\/schema.org","@graph":[{"@type":"Article","@id":"https:\/\/ikar.dev\/bceco-v2\/pdl-145-territoires-visite-du-premier-ministre-s-e-sama-lukonde-dans-la-province-du-haut-katanga\/#article","isPartOf":{"@id":"https:\/\/ikar.dev\/bceco-v2\/pdl-145-territoires-visite-du-premier-ministre-s-e-sama-lukonde-dans-la-province-du-haut-katanga\/"},"author":{"name":"bceco","@id":"https:\/\/ikar.dev\/bceco-v2\/#\/schema\/person\/6ee74807ffb016a78852fec6a295d503"},"headline":"PDL 145 Territoires: Visite du Premier Ministre S.E. Sama Lukonde dans la province du Haut-Katanga","datePublished":"2023-06-14T18:19:06+00:00","dateModified":"2025-12-23T16:17:29+00:00","mainEntityOfPage":{"@id":"https:\/\/ikar.dev\/bceco-v2\/pdl-145-territoires-visite-du-premier-ministre-s-e-sama-lukonde-dans-la-province-du-haut-katanga\/"},"wordCount":268,"commentCount":0,"publisher":{"@id":"https:\/\/ikar.dev\/bceco-v2\/#organization"},"image":{"@id":"https:\/\/ikar.dev\/bceco-v2\/pdl-145-territoires-visite-du-premier-ministre-s-e-sama-lukonde-dans-la-province-du-haut-katanga\/#primaryimage"},"thumbnailUrl":"https:\/\/ikar.dev\/bceco-v2\/wp-content\/uploads\/2023\/06\/4M4A7302-scaled.jpg","keywords":["Haut Katanga","PDL145T"],"articleSection":["Actualit\u00e9s","Infrastructures","PDL145T"],"inLanguage":"en-US","potentialAction":[{"@type":"CommentAction","name":"Comment","target":["https:\/\/ikar.dev\/bceco-v2\/pdl-145-territoires-visite-du-premier-ministre-s-e-sama-lukonde-dans-la-province-du-haut-katanga\/#respond"]}]},{"@type":"WebPage","@id":"https:\/\/ikar.dev\/bceco-v2\/pdl-145-territoires-visite-du-premier-ministre-s-e-sama-lukonde-dans-la-province-du-haut-katanga\/","url":"https:\/\/ikar.dev\/bceco-v2\/pdl-145-territoires-visite-du-premier-ministre-s-e-sama-lukonde-dans-la-province-du-haut-katanga\/","name":"PDL 145 Territoires: Visite du Premier Ministre S.E. Sama Lukonde dans la province du Haut-Katanga - Bureau Central de Coordination","isPartOf":{"@id":"https:\/\/ikar.dev\/bceco-v2\/#website"},"primaryImageOfPage":{"@id":"https:\/\/ikar.dev\/bceco-v2\/pdl-145-territoires-visite-du-premier-ministre-s-e-sama-lukonde-dans-la-province-du-haut-katanga\/#primaryimage"},"image":{"@id":"https:\/\/ikar.dev\/bceco-v2\/pdl-145-territoires-visite-du-premier-ministre-s-e-sama-lukonde-dans-la-province-du-haut-katanga\/#primaryimage"},"thumbnailUrl":"https:\/\/ikar.dev\/bceco-v2\/wp-content\/uploads\/2023\/06\/4M4A7302-scaled.jpg","datePublished":"2023-06-14T18:19:06+00:00","dateModified":"2025-12-23T16:17:29+00:00","description":"PDL 145 Territoires: Visite de Sama Lukonde, Premier Ministre de la RDC avec Jean Mabi, Directeur G\u00e9n\u00e9ral du BCeCo, dans le Haut-Katanga.","breadcrumb":{"@id":"https:\/\/ikar.dev\/bceco-v2\/pdl-145-territoires-visite-du-premier-ministre-s-e-sama-lukonde-dans-la-province-du-haut-katanga\/#breadcrumb"},"inLanguage":"en-US","potentialAction":[{"@type":"ReadAction","target":["https:\/\/ikar.dev\/bceco-v2\/pdl-145-territoires-visite-du-premier-ministre-s-e-sama-lukonde-dans-la-province-du-haut-katanga\/"]}]},{"@type":"ImageObject","inLanguage":"en-US","@id":"https:\/\/ikar.dev\/bceco-v2\/pdl-145-territoires-visite-du-premier-ministre-s-e-sama-lukonde-dans-la-province-du-haut-katanga\/#primaryimage","url":"https:\/\/ikar.dev\/bceco-v2\/wp-content\/uploads\/2023\/06\/4M4A7302-scaled.jpg","contentUrl":"https:\/\/ikar.dev\/bceco-v2\/wp-content\/uploads\/2023\/06\/4M4A7302-scaled.jpg","width":2560,"height":1707,"caption":"Le Premier Ministre de la R\u00e9publique D\u00e9mocratique du Congo, Son Excellence Monsieur SAMA LUKONDE, accompagn\u00e9 du Directeur G\u00e9n\u00e9ral du BCeCo, Monsieur Jean Mabi Mulumba, a r\u00e9cemment effectu\u00e9 une mission de service dans la province du Haut-Katanga."},{"@type":"BreadcrumbList","@id":"https:\/\/ikar.dev\/bceco-v2\/pdl-145-territoires-visite-du-premier-ministre-s-e-sama-lukonde-dans-la-province-du-haut-katanga\/#breadcrumb","itemListElement":[{"@type":"ListItem","position":1,"name":"Accueil","item":"https:\/\/ikar.dev\/bceco-v2\/"},{"@type":"ListItem","position":2,"name":"PDL 145 Territoires: Visite du Premier Ministre S.E. Sama Lukonde dans la province du Haut-Katanga"}]},{"@type":"WebSite","@id":"https:\/\/ikar.dev\/bceco-v2\/#website","url":"https:\/\/ikar.dev\/bceco-v2\/","name":"Bureau Central de Coordination","description":"B.Ce.Co \u2013 Au c\u0153ur de l\u2019ex\u00e9cution des projets de d\u00e9veloppement en RDC","publisher":{"@id":"https:\/\/ikar.dev\/bceco-v2\/#organization"},"potentialAction":[{"@type":"SearchAction","target":{"@type":"EntryPoint","urlTemplate":"https:\/\/ikar.dev\/bceco-v2\/?s={search_term_string}"},"query-input":{"@type":"PropertyValueSpecification","valueRequired":true,"valueName":"search_term_string"}}],"inLanguage":"en-US"},{"@type":"Organization","@id":"https:\/\/ikar.dev\/bceco-v2\/#organization","name":"Bureau Central de Coordination","url":"https:\/\/ikar.dev\/bceco-v2\/","logo":{"@type":"ImageObject","inLanguage":"en-US","@id":"https:\/\/ikar.dev\/bceco-v2\/#\/schema\/logo\/image\/","url":"https:\/\/ikar.dev\/bceco-v2\/wp-content\/uploads\/2025\/12\/BCECO-Bureau-Central-de-Coordination.jpg","contentUrl":"https:\/\/ikar.dev\/bceco-v2\/wp-content\/uploads\/2025\/12\/BCECO-Bureau-Central-de-Coordination.jpg","width":2048,"height":2048,"caption":"Bureau Central de Coordination"},"image":{"@id":"https:\/\/ikar.dev\/bceco-v2\/#\/schema\/logo\/image\/"},"sameAs":["https:\/\/www.facebook.com\/BCeCoRDC","https:\/\/x.com\/BCeCoRDC"]},{"@type":"Person","@id":"https:\/\/ikar.dev\/bceco-v2\/#\/schema\/person\/6ee74807ffb016a78852fec6a295d503","name":"bceco","image":{"@type":"ImageObject","inLanguage":"en-US","@id":"https:\/\/ikar.dev\/bceco-v2\/#\/schema\/person\/image\/","url":"https:\/\/secure.gravatar.com\/avatar\/55c07e1707f50774ef3c842c9d074773a6b558a20fbd1608c8e4871bc88f3455?s=96&d=mm&r=g","contentUrl":"https:\/\/secure.gravatar.com\/avatar\/55c07e1707f50774ef3c842c9d074773a6b558a20fbd1608c8e4871bc88f3455?s=96&d=mm&r=g","caption":"bceco"},"sameAs":["https:\/\/ikar.dev\/bceco-v2"],"url":"https:\/\/ikar.dev\/bceco-v2\/author\/bceco\/"}]}},"_links":{"self":[{"href":"https:\/\/ikar.dev\/bceco-v2\/wp-json\/wp\/v2\/posts\/29252","targetHints":{"allow":["GET"]}}],"collection":[{"href":"https:\/\/ikar.dev\/bceco-v2\/wp-json\/wp\/v2\/posts"}],"about":[{"href":"https:\/\/ikar.dev\/bceco-v2\/wp-json\/wp\/v2\/types\/post"}],"author":[{"embeddable":true,"href":"https:\/\/ikar.dev\/bceco-v2\/wp-json\/wp\/v2\/users\/1"}],"replies":[{"embeddable":true,"href":"https:\/\/ikar.dev\/bceco-v2\/wp-json\/wp\/v2\/comments?post=29252"}],"version-history":[{"count":1,"href":"https:\/\/ikar.dev\/bceco-v2\/wp-json\/wp\/v2\/posts\/29252\/revisions"}],"predecessor-version":[{"id":56305,"href":"https:\/\/ikar.dev\/bceco-v2\/wp-json\/wp\/v2\/posts\/29252\/revisions\/56305"}],"wp:featuredmedia":[{"embeddable":true,"href":"https:\/\/ikar.dev\/bceco-v2\/wp-json\/wp\/v2\/media\/29255"}],"wp:attachment":[{"href":"https:\/\/ikar.dev\/bceco-v2\/wp-json\/wp\/v2\/media?parent=29252"}],"wp:term":[{"taxonomy":"category","embeddable":true,"href":"https:\/\/ikar.dev\/bceco-v2\/wp-json\/wp\/v2\/categories?post=29252"},{"taxonomy":"post_tag","embeddable":true,"href":"https:\/\/ikar.dev\/bceco-v2\/wp-json\/wp\/v2\/tags?post=29252"}],"curies":[{"name":"wp","href":"https:\/\/api.w.org\/{rel}","templated":true}]}}