{"id":28950,"date":"2023-04-29T15:29:02","date_gmt":"2023-04-29T15:29:02","guid":{"rendered":"https:\/\/bceco.cd\/?p=28950"},"modified":"2025-12-23T17:17:20","modified_gmt":"2025-12-23T16:17:20","slug":"pdl-145-territoires-mission-supervision-travaux-dans-les-kasai-oriental-central","status":"publish","type":"post","link":"https:\/\/ikar.dev\/bceco-v2\/pdl-145-territoires-mission-supervision-travaux-dans-les-kasai-oriental-central\/","title":{"rendered":"PDL-145 Territoires: Mission de supervision des travaux dans les Kasa\u00ef Oriental et Central"},"content":{"rendered":"\t\t<div data-elementor-type=\"wp-post\" data-elementor-id=\"28950\" class=\"elementor elementor-28950\" data-elementor-post-type=\"post\">\n\t\t\t\t\t\t<section class=\"elementor-section elementor-top-section elementor-element elementor-element-3c57d9b1 elementor-section-boxed elementor-section-height-default elementor-section-height-default\" data-id=\"3c57d9b1\" data-element_type=\"section\" data-e-type=\"section\">\n\t\t\t\t\t\t<div class=\"elementor-container elementor-column-gap-default\">\n\t\t\t\t\t<div class=\"elementor-column elementor-col-100 elementor-top-column elementor-element elementor-element-10b46417\" data-id=\"10b46417\" data-element_type=\"column\" data-e-type=\"column\">\n\t\t\t<div class=\"elementor-widget-wrap elementor-element-populated\">\n\t\t\t\t\t\t<div class=\"elementor-element elementor-element-a2f5ac5 elementor-widget elementor-widget-text-editor\" data-id=\"a2f5ac5\" data-element_type=\"widget\" data-e-type=\"widget\" data-widget_type=\"text-editor.default\">\n\t\t\t\t\t\t\t\t\t<p><\/p>\n<p align=\"justify\">Le Directeur G\u00e9n\u00e9ral du Bureau Central de Coordination (<a href=\"https:\/\/web.facebook.com\/BCeCoRDC\">BCeCo<\/a>), Mr <strong>Jean MABI MULUMBA<\/strong> a effectu\u00e9 du 21 au 25 avril 2023 une visite d&#8217;inspection et d&#8217;\u00e9valuation des travaux du <a href=\"https:\/\/pdl145.gouv.cd\/\">PDL &#8211; 145T<\/a> dans le Kasa\u00ef central. A la t\u00eate d&#8217;une forte d\u00e9l\u00e9gation <strong>Jean MABI<\/strong> voulait palper du doigt les derni\u00e8res r\u00e9alisations de ce programme dans cette partie du territoire sous la responsabilit\u00e9 de son institution. Malgr\u00e9 les pluies diluviennes, le cort\u00e8ge du num\u00e9ro 1 du <a href=\"https:\/\/twitter.com\/BCeCoRDC\">BCeCo<\/a> a commenc\u00e9 sa visite \u00e0 la morgue de l&#8217;h\u00f4pital provincial g\u00e9n\u00e9ral de r\u00e9f\u00e9rence de Kananga pour suivre l&#8217;\u00e9volution des travaux lanc\u00e9s depuis le 27 fevrier dernier par le gouverneur de province.\u00a0<\/p>\n<p><\/p>\t\t\t\t\t\t\t\t<\/div>\n\t\t\t\t<section class=\"elementor-section elementor-inner-section elementor-element elementor-element-6196581 elementor-section-boxed elementor-section-height-default elementor-section-height-default\" data-id=\"6196581\" data-element_type=\"section\" data-e-type=\"section\">\n\t\t\t\t\t\t<div class=\"elementor-container elementor-column-gap-default\">\n\t\t\t\t\t<div class=\"elementor-column elementor-col-50 elementor-inner-column elementor-element elementor-element-ccfd35e\" data-id=\"ccfd35e\" data-element_type=\"column\" data-e-type=\"column\">\n\t\t\t<div class=\"elementor-widget-wrap elementor-element-populated\">\n\t\t\t\t\t\t<div class=\"elementor-element elementor-element-1f713b7 elementor-widget elementor-widget-image\" data-id=\"1f713b7\" data-element_type=\"widget\" data-e-type=\"widget\" data-widget_type=\"image.default\">\n\t\t\t\t\t\t\t\t\t\t\t\t\t\t\t<img fetchpriority=\"high\" decoding=\"async\" width=\"1170\" height=\"694\" src=\"https:\/\/ikar.dev\/bceco-v2\/wp-content\/uploads\/2023\/04\/4M4A5076-1170x694.jpg\" class=\"attachment-large size-large wp-image-28967\" alt=\"#PDL145T : Le DG du @BCeCoRDC Mr. Jean MABI a effectu\u00e9 deux missions d&#039;inspection et d&#039;\u00e9valuation des travaux du Programme de D\u00e9veloppement Local des 145 Territoires. La premi\u00e8re du 13 au 17 avril 2023 au Kasa\u00ef-Oriental et la deuxi\u00e8me du 21 au 25 avril 2023 au Kasa\u00ef-Central.\" srcset=\"https:\/\/ikar.dev\/bceco-v2\/wp-content\/uploads\/2023\/04\/4M4A5076-1170x694.jpg 1170w, https:\/\/ikar.dev\/bceco-v2\/wp-content\/uploads\/2023\/04\/4M4A5076-768x456.jpg 768w\" sizes=\"(max-width: 1170px) 100vw, 1170px\" \/>\t\t\t\t\t\t\t\t\t\t\t\t\t\t\t<\/div>\n\t\t\t\t\t<\/div>\n\t\t<\/div>\n\t\t\t\t<div class=\"elementor-column elementor-col-50 elementor-inner-column elementor-element elementor-element-6f1a570\" data-id=\"6f1a570\" data-element_type=\"column\" data-e-type=\"column\">\n\t\t\t<div class=\"elementor-widget-wrap elementor-element-populated\">\n\t\t\t\t\t\t<div class=\"elementor-element elementor-element-862cd6c elementor-widget elementor-widget-text-editor\" data-id=\"862cd6c\" data-element_type=\"widget\" data-e-type=\"widget\" data-widget_type=\"text-editor.default\">\n\t\t\t\t\t\t\t\t\t<p align=\"justify\">Sur place, le num\u00e9ro 1 du\u00a0<a href=\"https:\/\/bceco.cd\/\">BCeCo<\/a>\u00a0a fait un constat: les travaux s&#8217;ex\u00e9cutent tr\u00e8s bien. Apr\u00e8s la morgue la d\u00e9l\u00e9gation a pris la direction de la route Kalamba Mbuji afin de se rendre \u00e0 Matamba et \u00e0 Kempe dans le territoire de Kazumba \u00e0 plus de 50km de Kananga. Le premier site \u00e0 \u00eatre visit\u00e9 est le Centre de Sant\u00e9 de Matamba o\u00f9 les travaux \u00e9voluent \u00e0 pas de g\u00e9ant quelques instructions donn\u00e9es l&#8217;inspection va se poursuivre \u00e0 l&#8217;\u00e9cole primaire Muana But\u00e9 dans le village Kempe. Ici encore le m\u00eame constat est fait l&#8217;ouvrage sera livr\u00e9 dans le d\u00e9lai selon les informations fournies \u00e0 la mission par le charg\u00e9 de projet. Partout o\u00f9 il est pass\u00e9 Jean MABI n&#8217;a pas manqu\u00e9 de donner des recommandations en vue d&#8217;un bel aboutissement de ce programme. D\u2019ici fin mai, plusieurs r\u00e9ceptions techniques vont avoir lieu dans les diff\u00e9rentes provinces que supervise le\u00a0<a href=\"https:\/\/www.linkedin.com\/company\/bceco-bureau-central-de-coordination\/\">BCeCo<\/a>.<\/p>\n<p>\u00a0<\/p>\t\t\t\t\t\t\t\t<\/div>\n\t\t\t\t\t<\/div>\n\t\t<\/div>\n\t\t\t\t\t<\/div>\n\t\t<\/section>\n\t\t\t\t<section class=\"elementor-section elementor-inner-section elementor-element elementor-element-ec0b5c1 elementor-section-boxed elementor-section-height-default elementor-section-height-default\" data-id=\"ec0b5c1\" data-element_type=\"section\" data-e-type=\"section\">\n\t\t\t\t\t\t<div class=\"elementor-container elementor-column-gap-default\">\n\t\t\t\t\t<div class=\"elementor-column elementor-col-50 elementor-inner-column elementor-element elementor-element-34fa9cd\" data-id=\"34fa9cd\" data-element_type=\"column\" data-e-type=\"column\">\n\t\t\t<div class=\"elementor-widget-wrap elementor-element-populated\">\n\t\t\t\t\t\t<div class=\"elementor-element elementor-element-29912cd elementor-widget elementor-widget-text-editor\" data-id=\"29912cd\" data-element_type=\"widget\" data-e-type=\"widget\" data-widget_type=\"text-editor.default\">\n\t\t\t\t\t\t\t\t\t<p align=\"justify\">Une semaine avant, le DG du\u00a0<a href=\"https:\/\/web.facebook.com\/BCeCoRDC\">BCeCo<\/a>\u00a0avait, du 13 au 17 avril 2023, effectu\u00e9 la m\u00eame mission cette fois l\u00e0 dans la Province du Kasa\u00ef Oriental. De Tshilenge \u00e0 Katanda en passant par Lupatapata ou Miabi, en v\u00e9ritable p\u00e8lerin, celui qui a entre ses mains la direction du\u00a0<a href=\"https:\/\/web.facebook.com\/BCeCoRDC\">BCeCo<\/a>\u00a0a visit\u00e9 plusieurs ouvrages parmi lesquels le centre de sant\u00e9 de Kabwe 1 et 2, les \u00e9coles primaires Tshibila, Unvuanganayi, Nangangayi et le centre de sant\u00e9 de Molola dans le territoire de Katanda pour ne citer que ceux-l\u00e0. Avec sa suite Jean Mabi a \u00e9galement inspect\u00e9 d&#8217;autres sites tels le Centre de Sant\u00e9 de Tshibombo, de Bakwa-Tshibuyi ou encore l&#8217;\u00e9cole primaire Kalata et Nzevu dans le territoire de Lupatapata. Ceci avant d&#8217; assister au d\u00e9marrage des travaux de construction des b\u00e2timents administratifs dans les territoires de Katanda et Lupatapata. Signalons qu\u2019avant sa descente sur le terrain, Jean MABI s&#8217;\u00e9tait entretenu avec le Gouverneur de province du Kasa\u00ef oriental, Patrick Mathias Kabeya et le Pr\u00e9sident de l\u2019Assembl\u00e9e provinciale, l\u2019Honorable Kabongo Kalala Athanase.<\/p>\t\t\t\t\t\t\t\t<\/div>\n\t\t\t\t\t<\/div>\n\t\t<\/div>\n\t\t\t\t<div class=\"elementor-column elementor-col-50 elementor-inner-column elementor-element elementor-element-d0939b5\" data-id=\"d0939b5\" data-element_type=\"column\" data-e-type=\"column\">\n\t\t\t<div class=\"elementor-widget-wrap elementor-element-populated\">\n\t\t\t\t\t\t<div class=\"elementor-element elementor-element-ff82831 elementor-widget elementor-widget-image\" data-id=\"ff82831\" data-element_type=\"widget\" data-e-type=\"widget\" data-widget_type=\"image.default\">\n\t\t\t\t\t\t\t\t\t\t\t\t\t\t\t<img decoding=\"async\" width=\"1170\" height=\"694\" src=\"https:\/\/ikar.dev\/bceco-v2\/wp-content\/uploads\/2023\/04\/Visite-du-DG-aux-Kasais-1170x694.jpeg\" class=\"attachment-large size-large wp-image-28953\" alt=\"PDL-145 Territoires: Mission de supervision des travaux dans les Kasa\u00ef Oriental et Central\" srcset=\"https:\/\/ikar.dev\/bceco-v2\/wp-content\/uploads\/2023\/04\/Visite-du-DG-aux-Kasais-1170x694.jpeg 1170w, https:\/\/ikar.dev\/bceco-v2\/wp-content\/uploads\/2023\/04\/Visite-du-DG-aux-Kasais-768x456.jpeg 768w\" sizes=\"(max-width: 1170px) 100vw, 1170px\" \/>\t\t\t\t\t\t\t\t\t\t\t\t\t\t\t<\/div>\n\t\t\t\t\t<\/div>\n\t\t<\/div>\n\t\t\t\t\t<\/div>\n\t\t<\/section>\n\t\t\t\t\t<\/div>\n\t\t<\/div>\n\t\t\t\t\t<\/div>\n\t\t<\/section>\n\t\t\t\t<section class=\"elementor-section elementor-top-section elementor-element elementor-element-a28e34e elementor-section-boxed elementor-section-height-default elementor-section-height-default\" data-id=\"a28e34e\" data-element_type=\"section\" data-e-type=\"section\">\n\t\t\t\t\t\t<div class=\"elementor-container elementor-column-gap-default\">\n\t\t\t\t\t<div class=\"elementor-column elementor-col-25 elementor-top-column elementor-element elementor-element-93b3fcd\" data-id=\"93b3fcd\" data-element_type=\"column\" data-e-type=\"column\">\n\t\t\t<div class=\"elementor-widget-wrap elementor-element-populated\">\n\t\t\t\t\t\t<div class=\"elementor-element elementor-element-f3285de elementor-widget elementor-widget-image\" data-id=\"f3285de\" data-element_type=\"widget\" data-e-type=\"widget\" data-widget_type=\"image.default\">\n\t\t\t\t\t\t\t\t\t\t\t\t\t\t\t<img decoding=\"async\" width=\"1170\" height=\"694\" src=\"https:\/\/ikar.dev\/bceco-v2\/wp-content\/uploads\/2023\/04\/4M4A5465-1170x694.jpg\" class=\"attachment-large size-large wp-image-28969\" alt=\"PDL-145 Territoires: Mission de supervision des travaux dans les Kasa\u00ef Oriental et Central\" srcset=\"https:\/\/ikar.dev\/bceco-v2\/wp-content\/uploads\/2023\/04\/4M4A5465-1170x694.jpg 1170w, https:\/\/ikar.dev\/bceco-v2\/wp-content\/uploads\/2023\/04\/4M4A5465-768x456.jpg 768w\" sizes=\"(max-width: 1170px) 100vw, 1170px\" \/>\t\t\t\t\t\t\t\t\t\t\t\t\t\t\t<\/div>\n\t\t\t\t\t<\/div>\n\t\t<\/div>\n\t\t\t\t<div class=\"elementor-column elementor-col-25 elementor-top-column elementor-element elementor-element-d88dcb0\" data-id=\"d88dcb0\" data-element_type=\"column\" data-e-type=\"column\">\n\t\t\t<div class=\"elementor-widget-wrap elementor-element-populated\">\n\t\t\t\t\t\t<div class=\"elementor-element elementor-element-ddcd0b4 elementor-widget elementor-widget-image\" data-id=\"ddcd0b4\" data-element_type=\"widget\" data-e-type=\"widget\" data-widget_type=\"image.default\">\n\t\t\t\t\t\t\t\t\t\t\t\t\t\t\t<img loading=\"lazy\" decoding=\"async\" width=\"1170\" height=\"694\" src=\"https:\/\/ikar.dev\/bceco-v2\/wp-content\/uploads\/2023\/04\/4M4A5406-1170x694.jpg\" class=\"attachment-large size-large wp-image-28970\" alt=\"PDL-145 Territoires: Mission de supervision des travaux dans les Kasa\u00ef Oriental et Central\" srcset=\"https:\/\/ikar.dev\/bceco-v2\/wp-content\/uploads\/2023\/04\/4M4A5406-1170x694.jpg 1170w, https:\/\/ikar.dev\/bceco-v2\/wp-content\/uploads\/2023\/04\/4M4A5406-768x456.jpg 768w\" sizes=\"(max-width: 1170px) 100vw, 1170px\" \/>\t\t\t\t\t\t\t\t\t\t\t\t\t\t\t<\/div>\n\t\t\t\t\t<\/div>\n\t\t<\/div>\n\t\t\t\t<div class=\"elementor-column elementor-col-25 elementor-top-column elementor-element elementor-element-c50be14\" data-id=\"c50be14\" data-element_type=\"column\" data-e-type=\"column\">\n\t\t\t<div class=\"elementor-widget-wrap elementor-element-populated\">\n\t\t\t\t\t\t<div class=\"elementor-element elementor-element-f0fdf0a elementor-widget elementor-widget-image\" data-id=\"f0fdf0a\" data-element_type=\"widget\" data-e-type=\"widget\" data-widget_type=\"image.default\">\n\t\t\t\t\t\t\t\t\t\t\t\t\t\t\t<img loading=\"lazy\" decoding=\"async\" width=\"1170\" height=\"694\" src=\"https:\/\/ikar.dev\/bceco-v2\/wp-content\/uploads\/2023\/04\/4M4A5384-1170x694.jpg\" class=\"attachment-large size-large wp-image-28971\" alt=\"PDL-145 Territoires: Mission de supervision des travaux dans les Kasa\u00ef Oriental et Central\" srcset=\"https:\/\/ikar.dev\/bceco-v2\/wp-content\/uploads\/2023\/04\/4M4A5384-1170x694.jpg 1170w, https:\/\/ikar.dev\/bceco-v2\/wp-content\/uploads\/2023\/04\/4M4A5384-768x456.jpg 768w\" sizes=\"(max-width: 1170px) 100vw, 1170px\" \/>\t\t\t\t\t\t\t\t\t\t\t\t\t\t\t<\/div>\n\t\t\t\t\t<\/div>\n\t\t<\/div>\n\t\t\t\t<div class=\"elementor-column elementor-col-25 elementor-top-column elementor-element elementor-element-2c5ac5a\" data-id=\"2c5ac5a\" data-element_type=\"column\" data-e-type=\"column\">\n\t\t\t<div class=\"elementor-widget-wrap elementor-element-populated\">\n\t\t\t\t\t\t<div class=\"elementor-element elementor-element-bbb819d elementor-widget elementor-widget-image\" data-id=\"bbb819d\" data-element_type=\"widget\" data-e-type=\"widget\" data-widget_type=\"image.default\">\n\t\t\t\t\t\t\t\t\t\t\t\t\t\t\t<img loading=\"lazy\" decoding=\"async\" width=\"1170\" height=\"694\" src=\"https:\/\/ikar.dev\/bceco-v2\/wp-content\/uploads\/2023\/04\/4M4A5080-1170x694.jpg\" class=\"attachment-large size-large wp-image-28972\" alt=\"PDL-145 Territoires: Mission de supervision des travaux dans les Kasa\u00ef Oriental et Central\" srcset=\"https:\/\/ikar.dev\/bceco-v2\/wp-content\/uploads\/2023\/04\/4M4A5080-1170x694.jpg 1170w, https:\/\/ikar.dev\/bceco-v2\/wp-content\/uploads\/2023\/04\/4M4A5080-768x456.jpg 768w\" sizes=\"(max-width: 1170px) 100vw, 1170px\" \/>\t\t\t\t\t\t\t\t\t\t\t\t\t\t\t<\/div>\n\t\t\t\t\t<\/div>\n\t\t<\/div>\n\t\t\t\t\t<\/div>\n\t\t<\/section>\n\t\t\t\t<\/div>\n\t\t","protected":false},"excerpt":{"rendered":"<p>Le Directeur G\u00e9n\u00e9ral du Bureau Central de Coordination (BCeCo), Mr Jean MABI MULUMBA a effectu\u00e9 du 21 au 25 avril 2023 une visite d&#8217;inspection et d&#8217;\u00e9valuation des travaux du PDL &#8211; 145T dans le Kasa\u00ef central. A la t\u00eate d&#8217;une forte d\u00e9l\u00e9gation Jean MABI voulait palper du doigt les derni\u00e8res r\u00e9alisations de ce programme dans<\/p>\n","protected":false},"author":1,"featured_media":28974,"comment_status":"open","ping_status":"open","sticky":false,"template":"","format":"standard","meta":{"footnotes":""},"categories":[69,63,61],"tags":[70,71,64],"class_list":["post-28950","post","type-post","status-publish","format-standard","has-post-thumbnail","hentry","category-actualites","category-infrastructures","category-pdl145t","tag-kasai-central","tag-kasai-oriental","tag-pdl145t"],"yoast_head":"<!-- This site is optimized with the Yoast SEO plugin v27.0 - https:\/\/yoast.com\/product\/yoast-seo-wordpress\/ -->\n<title>PDL-145 Territoires: Mission de supervision des travaux dans les Kasa\u00ef Oriental et Central - Bureau Central de Coordination<\/title>\n<meta name=\"description\" content=\"Du 21 au 25 avril 2023, Jean Mabi, DG du Bureau Central de Coordination (BCECO) a effectu\u00e9 une visite d\u2019inspection et d\u2019\u00e9valuation des travaux dans les Kasa\u00ef Oriental et Central.\" \/>\n<meta name=\"robots\" content=\"index, follow, max-snippet:-1, max-image-preview:large, max-video-preview:-1\" \/>\n<link rel=\"canonical\" href=\"https:\/\/ikar.dev\/bceco-v2\/pdl-145-territoires-mission-supervision-travaux-dans-les-kasai-oriental-central\/\" \/>\n<meta property=\"og:locale\" content=\"en_US\" \/>\n<meta property=\"og:type\" content=\"article\" \/>\n<meta property=\"og:title\" content=\"PDL-145 Territoires: Mission de supervision des travaux dans les Kasa\u00ef Oriental et Central\" \/>\n<meta property=\"og:description\" content=\"Du 21 au 25 avril 2023, Jean Mabi, DG du Bureau Central de Coordination (BCECO) a effectu\u00e9 une visite d\u2019inspection et d\u2019\u00e9valuation des travaux dans les Kasa\u00ef Oriental et Central.\" \/>\n<meta property=\"og:url\" content=\"https:\/\/ikar.dev\/bceco-v2\/pdl-145-territoires-mission-supervision-travaux-dans-les-kasai-oriental-central\/\" \/>\n<meta property=\"og:site_name\" content=\"Bureau Central de Coordination\" \/>\n<meta property=\"article:publisher\" content=\"https:\/\/www.facebook.com\/BCeCoRDC\" \/>\n<meta property=\"article:published_time\" content=\"2023-04-29T15:29:02+00:00\" \/>\n<meta property=\"article:modified_time\" content=\"2025-12-23T16:17:20+00:00\" \/>\n<meta property=\"og:image\" content=\"https:\/\/ikar.dev\/bceco-v2\/wp-content\/uploads\/2023\/04\/4M4A5223-scaled.jpg\" \/>\n\t<meta property=\"og:image:width\" content=\"2560\" \/>\n\t<meta property=\"og:image:height\" content=\"1707\" \/>\n\t<meta property=\"og:image:type\" content=\"image\/jpeg\" \/>\n<meta name=\"author\" content=\"bceco\" \/>\n<meta name=\"twitter:card\" content=\"summary_large_image\" \/>\n<meta name=\"twitter:title\" content=\"PDL-145 Territoires: Mission de supervision des travaux dans les Kasa\u00ef Oriental et Central\" \/>\n<meta name=\"twitter:description\" content=\"Du 21 au 25 avril 2023, Jean Mabi, DG du Bureau Central de Coordination (BCECO) a effectu\u00e9 une visite d\u2019inspection et d\u2019\u00e9valuation des travaux dans les Kasa\u00ef Oriental et Central.\" \/>\n<meta name=\"twitter:image\" content=\"https:\/\/ikar.dev\/bceco-v2\/wp-content\/uploads\/2023\/04\/4M4A5223-scaled.jpg\" \/>\n<meta name=\"twitter:creator\" content=\"@BCeCoRDC\" \/>\n<meta name=\"twitter:site\" content=\"@BCeCoRDC\" \/>\n<meta name=\"twitter:label1\" content=\"Written by\" \/>\n\t<meta name=\"twitter:data1\" content=\"bceco\" \/>\n\t<meta name=\"twitter:label2\" content=\"Est. reading time\" \/>\n\t<meta name=\"twitter:data2\" content=\"4 minutes\" \/>\n<script type=\"application\/ld+json\" class=\"yoast-schema-graph\">{\"@context\":\"https:\/\/schema.org\",\"@graph\":[{\"@type\":\"Article\",\"@id\":\"https:\/\/ikar.dev\/bceco-v2\/pdl-145-territoires-mission-supervision-travaux-dans-les-kasai-oriental-central\/#article\",\"isPartOf\":{\"@id\":\"https:\/\/ikar.dev\/bceco-v2\/pdl-145-territoires-mission-supervision-travaux-dans-les-kasai-oriental-central\/\"},\"author\":{\"name\":\"bceco\",\"@id\":\"https:\/\/ikar.dev\/bceco-v2\/#\/schema\/person\/6ee74807ffb016a78852fec6a295d503\"},\"headline\":\"PDL-145 Territoires: Mission de supervision des travaux dans les Kasa\u00ef Oriental et Central\",\"datePublished\":\"2023-04-29T15:29:02+00:00\",\"dateModified\":\"2025-12-23T16:17:20+00:00\",\"mainEntityOfPage\":{\"@id\":\"https:\/\/ikar.dev\/bceco-v2\/pdl-145-territoires-mission-supervision-travaux-dans-les-kasai-oriental-central\/\"},\"wordCount\":474,\"commentCount\":10,\"publisher\":{\"@id\":\"https:\/\/ikar.dev\/bceco-v2\/#organization\"},\"image\":{\"@id\":\"https:\/\/ikar.dev\/bceco-v2\/pdl-145-territoires-mission-supervision-travaux-dans-les-kasai-oriental-central\/#primaryimage\"},\"thumbnailUrl\":\"https:\/\/ikar.dev\/bceco-v2\/wp-content\/uploads\/2023\/04\/4M4A5223-scaled.jpg\",\"keywords\":[\"Kasa\u00ef Central\",\"Kasai Oriental\",\"PDL145T\"],\"articleSection\":[\"Actualit\u00e9s\",\"Infrastructures\",\"PDL145T\"],\"inLanguage\":\"en-US\",\"potentialAction\":[{\"@type\":\"CommentAction\",\"name\":\"Comment\",\"target\":[\"https:\/\/ikar.dev\/bceco-v2\/pdl-145-territoires-mission-supervision-travaux-dans-les-kasai-oriental-central\/#respond\"]}]},{\"@type\":\"WebPage\",\"@id\":\"https:\/\/ikar.dev\/bceco-v2\/pdl-145-territoires-mission-supervision-travaux-dans-les-kasai-oriental-central\/\",\"url\":\"https:\/\/ikar.dev\/bceco-v2\/pdl-145-territoires-mission-supervision-travaux-dans-les-kasai-oriental-central\/\",\"name\":\"PDL-145 Territoires: Mission de supervision des travaux dans les Kasa\u00ef Oriental et Central - Bureau Central de Coordination\",\"isPartOf\":{\"@id\":\"https:\/\/ikar.dev\/bceco-v2\/#website\"},\"primaryImageOfPage\":{\"@id\":\"https:\/\/ikar.dev\/bceco-v2\/pdl-145-territoires-mission-supervision-travaux-dans-les-kasai-oriental-central\/#primaryimage\"},\"image\":{\"@id\":\"https:\/\/ikar.dev\/bceco-v2\/pdl-145-territoires-mission-supervision-travaux-dans-les-kasai-oriental-central\/#primaryimage\"},\"thumbnailUrl\":\"https:\/\/ikar.dev\/bceco-v2\/wp-content\/uploads\/2023\/04\/4M4A5223-scaled.jpg\",\"datePublished\":\"2023-04-29T15:29:02+00:00\",\"dateModified\":\"2025-12-23T16:17:20+00:00\",\"description\":\"Du 21 au 25 avril 2023, Jean Mabi, DG du Bureau Central de Coordination (BCECO) a effectu\u00e9 une visite d\u2019inspection et d\u2019\u00e9valuation des travaux dans les Kasa\u00ef Oriental et Central.\",\"breadcrumb\":{\"@id\":\"https:\/\/ikar.dev\/bceco-v2\/pdl-145-territoires-mission-supervision-travaux-dans-les-kasai-oriental-central\/#breadcrumb\"},\"inLanguage\":\"en-US\",\"potentialAction\":[{\"@type\":\"ReadAction\",\"target\":[\"https:\/\/ikar.dev\/bceco-v2\/pdl-145-territoires-mission-supervision-travaux-dans-les-kasai-oriental-central\/\"]}]},{\"@type\":\"ImageObject\",\"inLanguage\":\"en-US\",\"@id\":\"https:\/\/ikar.dev\/bceco-v2\/pdl-145-territoires-mission-supervision-travaux-dans-les-kasai-oriental-central\/#primaryimage\",\"url\":\"https:\/\/ikar.dev\/bceco-v2\/wp-content\/uploads\/2023\/04\/4M4A5223-scaled.jpg\",\"contentUrl\":\"https:\/\/ikar.dev\/bceco-v2\/wp-content\/uploads\/2023\/04\/4M4A5223-scaled.jpg\",\"width\":2560,\"height\":1707,\"caption\":\"Du 21 au 25 avril 2023, Jean Mabi, DG du Bureau Central de Coordination (BCECO) a effectu\u00e9 une visite d\u2019inspection et d\u2019\u00e9valuation des travaux dans les Kasa\u00ef Oriental et Central.\"},{\"@type\":\"BreadcrumbList\",\"@id\":\"https:\/\/ikar.dev\/bceco-v2\/pdl-145-territoires-mission-supervision-travaux-dans-les-kasai-oriental-central\/#breadcrumb\",\"itemListElement\":[{\"@type\":\"ListItem\",\"position\":1,\"name\":\"Accueil\",\"item\":\"https:\/\/ikar.dev\/bceco-v2\/\"},{\"@type\":\"ListItem\",\"position\":2,\"name\":\"PDL-145 Territoires: Mission de supervision des travaux dans les Kasa\u00ef Oriental et Central\"}]},{\"@type\":\"WebSite\",\"@id\":\"https:\/\/ikar.dev\/bceco-v2\/#website\",\"url\":\"https:\/\/ikar.dev\/bceco-v2\/\",\"name\":\"Bureau Central de Coordination\",\"description\":\"B.Ce.Co \u2013 Au c\u0153ur de l\u2019ex\u00e9cution des projets de d\u00e9veloppement en RDC\",\"publisher\":{\"@id\":\"https:\/\/ikar.dev\/bceco-v2\/#organization\"},\"potentialAction\":[{\"@type\":\"SearchAction\",\"target\":{\"@type\":\"EntryPoint\",\"urlTemplate\":\"https:\/\/ikar.dev\/bceco-v2\/?s={search_term_string}\"},\"query-input\":{\"@type\":\"PropertyValueSpecification\",\"valueRequired\":true,\"valueName\":\"search_term_string\"}}],\"inLanguage\":\"en-US\"},{\"@type\":\"Organization\",\"@id\":\"https:\/\/ikar.dev\/bceco-v2\/#organization\",\"name\":\"Bureau Central de Coordination\",\"url\":\"https:\/\/ikar.dev\/bceco-v2\/\",\"logo\":{\"@type\":\"ImageObject\",\"inLanguage\":\"en-US\",\"@id\":\"https:\/\/ikar.dev\/bceco-v2\/#\/schema\/logo\/image\/\",\"url\":\"https:\/\/ikar.dev\/bceco-v2\/wp-content\/uploads\/2025\/12\/BCECO-Bureau-Central-de-Coordination.jpg\",\"contentUrl\":\"https:\/\/ikar.dev\/bceco-v2\/wp-content\/uploads\/2025\/12\/BCECO-Bureau-Central-de-Coordination.jpg\",\"width\":2048,\"height\":2048,\"caption\":\"Bureau Central de Coordination\"},\"image\":{\"@id\":\"https:\/\/ikar.dev\/bceco-v2\/#\/schema\/logo\/image\/\"},\"sameAs\":[\"https:\/\/www.facebook.com\/BCeCoRDC\",\"https:\/\/x.com\/BCeCoRDC\"]},{\"@type\":\"Person\",\"@id\":\"https:\/\/ikar.dev\/bceco-v2\/#\/schema\/person\/6ee74807ffb016a78852fec6a295d503\",\"name\":\"bceco\",\"image\":{\"@type\":\"ImageObject\",\"inLanguage\":\"en-US\",\"@id\":\"https:\/\/ikar.dev\/bceco-v2\/#\/schema\/person\/image\/\",\"url\":\"https:\/\/secure.gravatar.com\/avatar\/55c07e1707f50774ef3c842c9d074773a6b558a20fbd1608c8e4871bc88f3455?s=96&d=mm&r=g\",\"contentUrl\":\"https:\/\/secure.gravatar.com\/avatar\/55c07e1707f50774ef3c842c9d074773a6b558a20fbd1608c8e4871bc88f3455?s=96&d=mm&r=g\",\"caption\":\"bceco\"},\"sameAs\":[\"https:\/\/ikar.dev\/bceco-v2\"],\"url\":\"https:\/\/ikar.dev\/bceco-v2\/author\/bceco\/\"}]}<\/script>\n<!-- \/ Yoast SEO plugin. -->","yoast_head_json":{"title":"PDL-145 Territoires: Mission de supervision des travaux dans les Kasa\u00ef Oriental et Central - Bureau Central de Coordination","description":"Du 21 au 25 avril 2023, Jean Mabi, DG du Bureau Central de Coordination (BCECO) a effectu\u00e9 une visite d\u2019inspection et d\u2019\u00e9valuation des travaux dans les Kasa\u00ef Oriental et Central.","robots":{"index":"index","follow":"follow","max-snippet":"max-snippet:-1","max-image-preview":"max-image-preview:large","max-video-preview":"max-video-preview:-1"},"canonical":"https:\/\/ikar.dev\/bceco-v2\/pdl-145-territoires-mission-supervision-travaux-dans-les-kasai-oriental-central\/","og_locale":"en_US","og_type":"article","og_title":"PDL-145 Territoires: Mission de supervision des travaux dans les Kasa\u00ef Oriental et Central","og_description":"Du 21 au 25 avril 2023, Jean Mabi, DG du Bureau Central de Coordination (BCECO) a effectu\u00e9 une visite d\u2019inspection et d\u2019\u00e9valuation des travaux dans les Kasa\u00ef Oriental et Central.","og_url":"https:\/\/ikar.dev\/bceco-v2\/pdl-145-territoires-mission-supervision-travaux-dans-les-kasai-oriental-central\/","og_site_name":"Bureau Central de Coordination","article_publisher":"https:\/\/www.facebook.com\/BCeCoRDC","article_published_time":"2023-04-29T15:29:02+00:00","article_modified_time":"2025-12-23T16:17:20+00:00","og_image":[{"width":2560,"height":1707,"url":"https:\/\/ikar.dev\/bceco-v2\/wp-content\/uploads\/2023\/04\/4M4A5223-scaled.jpg","type":"image\/jpeg"}],"author":"bceco","twitter_card":"summary_large_image","twitter_title":"PDL-145 Territoires: Mission de supervision des travaux dans les Kasa\u00ef Oriental et Central","twitter_description":"Du 21 au 25 avril 2023, Jean Mabi, DG du Bureau Central de Coordination (BCECO) a effectu\u00e9 une visite d\u2019inspection et d\u2019\u00e9valuation des travaux dans les Kasa\u00ef Oriental et Central.","twitter_image":"https:\/\/ikar.dev\/bceco-v2\/wp-content\/uploads\/2023\/04\/4M4A5223-scaled.jpg","twitter_creator":"@BCeCoRDC","twitter_site":"@BCeCoRDC","twitter_misc":{"Written by":"bceco","Est. reading time":"4 minutes"},"schema":{"@context":"https:\/\/schema.org","@graph":[{"@type":"Article","@id":"https:\/\/ikar.dev\/bceco-v2\/pdl-145-territoires-mission-supervision-travaux-dans-les-kasai-oriental-central\/#article","isPartOf":{"@id":"https:\/\/ikar.dev\/bceco-v2\/pdl-145-territoires-mission-supervision-travaux-dans-les-kasai-oriental-central\/"},"author":{"name":"bceco","@id":"https:\/\/ikar.dev\/bceco-v2\/#\/schema\/person\/6ee74807ffb016a78852fec6a295d503"},"headline":"PDL-145 Territoires: Mission de supervision des travaux dans les Kasa\u00ef Oriental et Central","datePublished":"2023-04-29T15:29:02+00:00","dateModified":"2025-12-23T16:17:20+00:00","mainEntityOfPage":{"@id":"https:\/\/ikar.dev\/bceco-v2\/pdl-145-territoires-mission-supervision-travaux-dans-les-kasai-oriental-central\/"},"wordCount":474,"commentCount":10,"publisher":{"@id":"https:\/\/ikar.dev\/bceco-v2\/#organization"},"image":{"@id":"https:\/\/ikar.dev\/bceco-v2\/pdl-145-territoires-mission-supervision-travaux-dans-les-kasai-oriental-central\/#primaryimage"},"thumbnailUrl":"https:\/\/ikar.dev\/bceco-v2\/wp-content\/uploads\/2023\/04\/4M4A5223-scaled.jpg","keywords":["Kasa\u00ef Central","Kasai Oriental","PDL145T"],"articleSection":["Actualit\u00e9s","Infrastructures","PDL145T"],"inLanguage":"en-US","potentialAction":[{"@type":"CommentAction","name":"Comment","target":["https:\/\/ikar.dev\/bceco-v2\/pdl-145-territoires-mission-supervision-travaux-dans-les-kasai-oriental-central\/#respond"]}]},{"@type":"WebPage","@id":"https:\/\/ikar.dev\/bceco-v2\/pdl-145-territoires-mission-supervision-travaux-dans-les-kasai-oriental-central\/","url":"https:\/\/ikar.dev\/bceco-v2\/pdl-145-territoires-mission-supervision-travaux-dans-les-kasai-oriental-central\/","name":"PDL-145 Territoires: Mission de supervision des travaux dans les Kasa\u00ef Oriental et Central - Bureau Central de Coordination","isPartOf":{"@id":"https:\/\/ikar.dev\/bceco-v2\/#website"},"primaryImageOfPage":{"@id":"https:\/\/ikar.dev\/bceco-v2\/pdl-145-territoires-mission-supervision-travaux-dans-les-kasai-oriental-central\/#primaryimage"},"image":{"@id":"https:\/\/ikar.dev\/bceco-v2\/pdl-145-territoires-mission-supervision-travaux-dans-les-kasai-oriental-central\/#primaryimage"},"thumbnailUrl":"https:\/\/ikar.dev\/bceco-v2\/wp-content\/uploads\/2023\/04\/4M4A5223-scaled.jpg","datePublished":"2023-04-29T15:29:02+00:00","dateModified":"2025-12-23T16:17:20+00:00","description":"Du 21 au 25 avril 2023, Jean Mabi, DG du Bureau Central de Coordination (BCECO) a effectu\u00e9 une visite d\u2019inspection et d\u2019\u00e9valuation des travaux dans les Kasa\u00ef Oriental et Central.","breadcrumb":{"@id":"https:\/\/ikar.dev\/bceco-v2\/pdl-145-territoires-mission-supervision-travaux-dans-les-kasai-oriental-central\/#breadcrumb"},"inLanguage":"en-US","potentialAction":[{"@type":"ReadAction","target":["https:\/\/ikar.dev\/bceco-v2\/pdl-145-territoires-mission-supervision-travaux-dans-les-kasai-oriental-central\/"]}]},{"@type":"ImageObject","inLanguage":"en-US","@id":"https:\/\/ikar.dev\/bceco-v2\/pdl-145-territoires-mission-supervision-travaux-dans-les-kasai-oriental-central\/#primaryimage","url":"https:\/\/ikar.dev\/bceco-v2\/wp-content\/uploads\/2023\/04\/4M4A5223-scaled.jpg","contentUrl":"https:\/\/ikar.dev\/bceco-v2\/wp-content\/uploads\/2023\/04\/4M4A5223-scaled.jpg","width":2560,"height":1707,"caption":"Du 21 au 25 avril 2023, Jean Mabi, DG du Bureau Central de Coordination (BCECO) a effectu\u00e9 une visite d\u2019inspection et d\u2019\u00e9valuation des travaux dans les Kasa\u00ef Oriental et Central."},{"@type":"BreadcrumbList","@id":"https:\/\/ikar.dev\/bceco-v2\/pdl-145-territoires-mission-supervision-travaux-dans-les-kasai-oriental-central\/#breadcrumb","itemListElement":[{"@type":"ListItem","position":1,"name":"Accueil","item":"https:\/\/ikar.dev\/bceco-v2\/"},{"@type":"ListItem","position":2,"name":"PDL-145 Territoires: Mission de supervision des travaux dans les Kasa\u00ef Oriental et Central"}]},{"@type":"WebSite","@id":"https:\/\/ikar.dev\/bceco-v2\/#website","url":"https:\/\/ikar.dev\/bceco-v2\/","name":"Bureau Central de Coordination","description":"B.Ce.Co \u2013 Au c\u0153ur de l\u2019ex\u00e9cution des projets de d\u00e9veloppement en RDC","publisher":{"@id":"https:\/\/ikar.dev\/bceco-v2\/#organization"},"potentialAction":[{"@type":"SearchAction","target":{"@type":"EntryPoint","urlTemplate":"https:\/\/ikar.dev\/bceco-v2\/?s={search_term_string}"},"query-input":{"@type":"PropertyValueSpecification","valueRequired":true,"valueName":"search_term_string"}}],"inLanguage":"en-US"},{"@type":"Organization","@id":"https:\/\/ikar.dev\/bceco-v2\/#organization","name":"Bureau Central de Coordination","url":"https:\/\/ikar.dev\/bceco-v2\/","logo":{"@type":"ImageObject","inLanguage":"en-US","@id":"https:\/\/ikar.dev\/bceco-v2\/#\/schema\/logo\/image\/","url":"https:\/\/ikar.dev\/bceco-v2\/wp-content\/uploads\/2025\/12\/BCECO-Bureau-Central-de-Coordination.jpg","contentUrl":"https:\/\/ikar.dev\/bceco-v2\/wp-content\/uploads\/2025\/12\/BCECO-Bureau-Central-de-Coordination.jpg","width":2048,"height":2048,"caption":"Bureau Central de Coordination"},"image":{"@id":"https:\/\/ikar.dev\/bceco-v2\/#\/schema\/logo\/image\/"},"sameAs":["https:\/\/www.facebook.com\/BCeCoRDC","https:\/\/x.com\/BCeCoRDC"]},{"@type":"Person","@id":"https:\/\/ikar.dev\/bceco-v2\/#\/schema\/person\/6ee74807ffb016a78852fec6a295d503","name":"bceco","image":{"@type":"ImageObject","inLanguage":"en-US","@id":"https:\/\/ikar.dev\/bceco-v2\/#\/schema\/person\/image\/","url":"https:\/\/secure.gravatar.com\/avatar\/55c07e1707f50774ef3c842c9d074773a6b558a20fbd1608c8e4871bc88f3455?s=96&d=mm&r=g","contentUrl":"https:\/\/secure.gravatar.com\/avatar\/55c07e1707f50774ef3c842c9d074773a6b558a20fbd1608c8e4871bc88f3455?s=96&d=mm&r=g","caption":"bceco"},"sameAs":["https:\/\/ikar.dev\/bceco-v2"],"url":"https:\/\/ikar.dev\/bceco-v2\/author\/bceco\/"}]}},"_links":{"self":[{"href":"https:\/\/ikar.dev\/bceco-v2\/wp-json\/wp\/v2\/posts\/28950","targetHints":{"allow":["GET"]}}],"collection":[{"href":"https:\/\/ikar.dev\/bceco-v2\/wp-json\/wp\/v2\/posts"}],"about":[{"href":"https:\/\/ikar.dev\/bceco-v2\/wp-json\/wp\/v2\/types\/post"}],"author":[{"embeddable":true,"href":"https:\/\/ikar.dev\/bceco-v2\/wp-json\/wp\/v2\/users\/1"}],"replies":[{"embeddable":true,"href":"https:\/\/ikar.dev\/bceco-v2\/wp-json\/wp\/v2\/comments?post=28950"}],"version-history":[{"count":1,"href":"https:\/\/ikar.dev\/bceco-v2\/wp-json\/wp\/v2\/posts\/28950\/revisions"}],"predecessor-version":[{"id":56303,"href":"https:\/\/ikar.dev\/bceco-v2\/wp-json\/wp\/v2\/posts\/28950\/revisions\/56303"}],"wp:featuredmedia":[{"embeddable":true,"href":"https:\/\/ikar.dev\/bceco-v2\/wp-json\/wp\/v2\/media\/28974"}],"wp:attachment":[{"href":"https:\/\/ikar.dev\/bceco-v2\/wp-json\/wp\/v2\/media?parent=28950"}],"wp:term":[{"taxonomy":"category","embeddable":true,"href":"https:\/\/ikar.dev\/bceco-v2\/wp-json\/wp\/v2\/categories?post=28950"},{"taxonomy":"post_tag","embeddable":true,"href":"https:\/\/ikar.dev\/bceco-v2\/wp-json\/wp\/v2\/tags?post=28950"}],"curies":[{"name":"wp","href":"https:\/\/api.w.org\/{rel}","templated":true}]}}