{"id":28932,"date":"2023-03-22T12:00:00","date_gmt":"2023-03-22T12:00:00","guid":{"rendered":"https:\/\/bceco.cd\/?p=28932"},"modified":"2023-03-22T12:00:00","modified_gmt":"2023-03-22T12:00:00","slug":"pdl-145t-le-bceco-fait-le-point-avec-les-agences-locales-dexecution","status":"publish","type":"post","link":"https:\/\/ikar.dev\/bceco-v2\/pdl-145t-le-bceco-fait-le-point-avec-les-agences-locales-dexecution\/","title":{"rendered":"PDL-145T : Le BCECO fait le point avec les Agences Locales d\u2019Ex\u00e9cution"},"content":{"rendered":"\t\t<div data-elementor-type=\"wp-post\" data-elementor-id=\"28932\" class=\"elementor elementor-28932\" data-elementor-post-type=\"post\">\n\t\t\t\t\t\t<section class=\"elementor-section elementor-top-section elementor-element elementor-element-eec9a89 elementor-section-boxed elementor-section-height-default elementor-section-height-default\" data-id=\"eec9a89\" data-element_type=\"section\">\n\t\t\t\t\t\t<div class=\"elementor-container elementor-column-gap-default\">\n\t\t\t\t\t<div class=\"elementor-column elementor-col-100 elementor-top-column elementor-element elementor-element-68acc89\" data-id=\"68acc89\" data-element_type=\"column\">\n\t\t\t<div class=\"elementor-widget-wrap elementor-element-populated\">\n\t\t\t\t\t\t<div class=\"elementor-element elementor-element-d8d8ee8 elementor-widget elementor-widget-text-editor\" data-id=\"d8d8ee8\" data-element_type=\"widget\" data-widget_type=\"text-editor.default\">\n\t\t\t\t\t\t\t\t\t<p>Ce 22 mars 2023 s\u2019est tenu, au Centre Nganda, un s\u00e9minaire d\u2019\u00e9change avec les Agences Locales d\u2019Ex\u00e9cution (ALE). Le <a href=\"https:\/\/twitter.com\/BCeCoRDC\" target=\"_blank\" rel=\"noopener\">BCeCo<\/a> a voulu, par cette session qui prendra deux jours, battre le rappel des troupes afin d&#8217;atterrir en douceur avec la premi\u00e8re phase du <a href=\"https:\/\/twitter.com\/PDL145T_RDC\" target=\"_blank\" rel=\"noopener\">PDL-145T<\/a>. Laquelle phase porte sur la construction de <strong>313<\/strong> ouvrages dont <strong>124<\/strong> centres de sant\u00e9 et <strong>189<\/strong> \u00e9coles.<\/p><p>La Strat\u00e9gie du <a href=\"https:\/\/www.facebook.com\/BCeCoRDC\" target=\"_blank\" rel=\"noopener\">BCECO<\/a> est de promouvoir, dans l\u2019ex\u00e9cution de chaque projet, la main d\u2019\u0153uvre locale. Ainsi, ce s\u00e9minaire qui a r\u00e9uni 82 repr\u00e9sentants des ALE venus des 9 provinces couvertes par le BCECO dans le cadre du <a href=\"https:\/\/pdl145.gouv.cd\/\" target=\"_blank\" rel=\"noopener\">PDL- 145T<\/a> a consacr\u00e9 cette premi\u00e8re journ\u00e9e au\u00a0 partage entre d&#8217;un c\u00f4t\u00e9 le Staff du <a href=\"https:\/\/www.facebook.com\/BCeCoRDC\" target=\"_blank\" rel=\"noopener\">BCECO<\/a>\u00a0 conduit par son Directeur Technique \u00c9DOUARD KOKO NFUSU\u00a0 et de l&#8217;autre les\u00a0 ALE.\u00a0<\/p><p>Ces agences ont expos\u00e9 leurs pr\u00e9occupations au travers des questions qui ont trouv\u00e9 des r\u00e9ponses\u00a0 satisfaisantes \u00e0 quelques semaines de la livraison technique des ouvrages.<\/p>\t\t\t\t\t\t\t\t<\/div>\n\t\t\t\t\t<\/div>\n\t\t<\/div>\n\t\t\t\t\t<\/div>\n\t\t<\/section>\n\t\t\t\t<section class=\"elementor-section elementor-top-section elementor-element elementor-element-4c2f636 elementor-section-boxed elementor-section-height-default elementor-section-height-default\" data-id=\"4c2f636\" data-element_type=\"section\">\n\t\t\t\t\t\t<div class=\"elementor-container elementor-column-gap-default\">\n\t\t\t\t\t<div class=\"elementor-column elementor-col-100 elementor-top-column elementor-element elementor-element-1064910\" data-id=\"1064910\" data-element_type=\"column\">\n\t\t\t<div class=\"elementor-widget-wrap elementor-element-populated\">\n\t\t\t\t\t\t<div class=\"elementor-element elementor-element-d6207f0 elementor-widget elementor-widget-image\" data-id=\"d6207f0\" data-element_type=\"widget\" data-widget_type=\"image.default\">\n\t\t\t\t\t\t\t\t\t\t\t\t\t\t\t<img fetchpriority=\"high\" decoding=\"async\" width=\"768\" height=\"512\" src=\"https:\/\/ikar.dev\/bceco-v2\/wp-content\/uploads\/2023\/03\/ale_2-768x512.jpg\" class=\"attachment-medium_large size-medium_large wp-image-28934\" alt=\"\" srcset=\"https:\/\/ikar.dev\/bceco-v2\/wp-content\/uploads\/2023\/03\/ale_2-768x512.jpg 768w, https:\/\/ikar.dev\/bceco-v2\/wp-content\/uploads\/2023\/03\/ale_2-600x400.jpg 600w, https:\/\/ikar.dev\/bceco-v2\/wp-content\/uploads\/2023\/03\/ale_2.jpg 1080w\" sizes=\"(max-width: 768px) 100vw, 768px\" \/>\t\t\t\t\t\t\t\t\t\t\t\t\t\t\t<\/div>\n\t\t\t\t\t<\/div>\n\t\t<\/div>\n\t\t\t\t\t<\/div>\n\t\t<\/section>\n\t\t\t\t<\/div>\n\t\t","protected":false},"excerpt":{"rendered":"<p>Ce 22 mars 2023 s\u2019est tenu, au Centre Nganda, un s\u00e9minaire d\u2019\u00e9change avec les Agences Locales d\u2019Ex\u00e9cution (ALE). Le BCeCo a voulu, par cette session qui prendra deux jours, battre le rappel des troupes afin d&#8217;atterrir en douceur avec la premi\u00e8re phase du PDL-145T. Laquelle phase porte sur la construction de 313 ouvrages dont 124<\/p>\n","protected":false},"author":1,"featured_media":28933,"comment_status":"open","ping_status":"open","sticky":false,"template":"","format":"standard","meta":{"footnotes":""},"categories":[69],"tags":[64],"class_list":["post-28932","post","type-post","status-publish","format-standard","has-post-thumbnail","hentry","category-actualites","tag-pdl145t"],"yoast_head":"<!-- This site is optimized with the Yoast SEO plugin v26.7 - https:\/\/yoast.com\/wordpress\/plugins\/seo\/ -->\n<title>PDL-145T : Le BCECO fait le point avec les Agences Locales d\u2019Ex\u00e9cution - Bureau Central de Coordination<\/title>\n<meta name=\"robots\" content=\"index, follow, max-snippet:-1, max-image-preview:large, max-video-preview:-1\" \/>\n<link rel=\"canonical\" href=\"https:\/\/ikar.dev\/bceco-v2\/pdl-145t-le-bceco-fait-le-point-avec-les-agences-locales-dexecution\/\" \/>\n<meta property=\"og:locale\" content=\"en_US\" \/>\n<meta property=\"og:type\" content=\"article\" \/>\n<meta property=\"og:title\" content=\"PDL-145T : Le BCECO fait le point avec les Agences Locales d\u2019Ex\u00e9cution - Bureau Central de Coordination\" \/>\n<meta property=\"og:description\" content=\"Ce 22 mars 2023 s\u2019est tenu, au Centre Nganda, un s\u00e9minaire d\u2019\u00e9change avec les Agences Locales d\u2019Ex\u00e9cution (ALE). Le BCeCo a voulu, par cette session qui prendra deux jours, battre le rappel des troupes afin d&#8217;atterrir en douceur avec la premi\u00e8re phase du PDL-145T. Laquelle phase porte sur la construction de 313 ouvrages dont 124\" \/>\n<meta property=\"og:url\" content=\"https:\/\/ikar.dev\/bceco-v2\/pdl-145t-le-bceco-fait-le-point-avec-les-agences-locales-dexecution\/\" \/>\n<meta property=\"og:site_name\" content=\"Bureau Central de Coordination\" \/>\n<meta property=\"article:publisher\" content=\"https:\/\/www.facebook.com\/BCeCoRDC\" \/>\n<meta property=\"article:published_time\" content=\"2023-03-22T12:00:00+00:00\" \/>\n<meta property=\"og:image\" content=\"https:\/\/ikar.dev\/bceco-v2\/wp-content\/uploads\/2023\/03\/ale_2.jpg\" \/>\n<meta name=\"author\" content=\"bceco\" \/>\n<meta name=\"twitter:card\" content=\"summary_large_image\" \/>\n<meta name=\"twitter:creator\" content=\"@BCeCoRDC\" \/>\n<meta name=\"twitter:site\" content=\"@BCeCoRDC\" \/>\n<meta name=\"twitter:label1\" content=\"Written by\" \/>\n\t<meta name=\"twitter:data1\" content=\"bceco\" \/>\n\t<meta name=\"twitter:label2\" content=\"Est. reading time\" \/>\n\t<meta name=\"twitter:data2\" content=\"1 minute\" \/>\n<script type=\"application\/ld+json\" class=\"yoast-schema-graph\">{\"@context\":\"https:\/\/schema.org\",\"@graph\":[{\"@type\":\"Article\",\"@id\":\"https:\/\/ikar.dev\/bceco-v2\/pdl-145t-le-bceco-fait-le-point-avec-les-agences-locales-dexecution\/#article\",\"isPartOf\":{\"@id\":\"https:\/\/ikar.dev\/bceco-v2\/pdl-145t-le-bceco-fait-le-point-avec-les-agences-locales-dexecution\/\"},\"author\":{\"name\":\"bceco\",\"@id\":\"https:\/\/ikar.dev\/bceco-v2\/#\/schema\/person\/6ee74807ffb016a78852fec6a295d503\"},\"headline\":\"PDL-145T : Le BCECO fait le point avec les Agences Locales d\u2019Ex\u00e9cution\",\"datePublished\":\"2023-03-22T12:00:00+00:00\",\"mainEntityOfPage\":{\"@id\":\"https:\/\/ikar.dev\/bceco-v2\/pdl-145t-le-bceco-fait-le-point-avec-les-agences-locales-dexecution\/\"},\"wordCount\":181,\"commentCount\":18,\"publisher\":{\"@id\":\"https:\/\/ikar.dev\/bceco-v2\/#organization\"},\"image\":{\"@id\":\"https:\/\/ikar.dev\/bceco-v2\/pdl-145t-le-bceco-fait-le-point-avec-les-agences-locales-dexecution\/#primaryimage\"},\"thumbnailUrl\":\"https:\/\/ikar.dev\/bceco-v2\/wp-content\/uploads\/2023\/03\/ale_1.jpg\",\"keywords\":[\"PDL145T\"],\"articleSection\":[\"Actualit\u00e9s\"],\"inLanguage\":\"en-US\",\"potentialAction\":[{\"@type\":\"CommentAction\",\"name\":\"Comment\",\"target\":[\"https:\/\/ikar.dev\/bceco-v2\/pdl-145t-le-bceco-fait-le-point-avec-les-agences-locales-dexecution\/#respond\"]}]},{\"@type\":\"WebPage\",\"@id\":\"https:\/\/ikar.dev\/bceco-v2\/pdl-145t-le-bceco-fait-le-point-avec-les-agences-locales-dexecution\/\",\"url\":\"https:\/\/ikar.dev\/bceco-v2\/pdl-145t-le-bceco-fait-le-point-avec-les-agences-locales-dexecution\/\",\"name\":\"PDL-145T : Le BCECO fait le point avec les Agences Locales d\u2019Ex\u00e9cution - Bureau Central de Coordination\",\"isPartOf\":{\"@id\":\"https:\/\/ikar.dev\/bceco-v2\/#website\"},\"primaryImageOfPage\":{\"@id\":\"https:\/\/ikar.dev\/bceco-v2\/pdl-145t-le-bceco-fait-le-point-avec-les-agences-locales-dexecution\/#primaryimage\"},\"image\":{\"@id\":\"https:\/\/ikar.dev\/bceco-v2\/pdl-145t-le-bceco-fait-le-point-avec-les-agences-locales-dexecution\/#primaryimage\"},\"thumbnailUrl\":\"https:\/\/ikar.dev\/bceco-v2\/wp-content\/uploads\/2023\/03\/ale_1.jpg\",\"datePublished\":\"2023-03-22T12:00:00+00:00\",\"breadcrumb\":{\"@id\":\"https:\/\/ikar.dev\/bceco-v2\/pdl-145t-le-bceco-fait-le-point-avec-les-agences-locales-dexecution\/#breadcrumb\"},\"inLanguage\":\"en-US\",\"potentialAction\":[{\"@type\":\"ReadAction\",\"target\":[\"https:\/\/ikar.dev\/bceco-v2\/pdl-145t-le-bceco-fait-le-point-avec-les-agences-locales-dexecution\/\"]}]},{\"@type\":\"ImageObject\",\"inLanguage\":\"en-US\",\"@id\":\"https:\/\/ikar.dev\/bceco-v2\/pdl-145t-le-bceco-fait-le-point-avec-les-agences-locales-dexecution\/#primaryimage\",\"url\":\"https:\/\/ikar.dev\/bceco-v2\/wp-content\/uploads\/2023\/03\/ale_1.jpg\",\"contentUrl\":\"https:\/\/ikar.dev\/bceco-v2\/wp-content\/uploads\/2023\/03\/ale_1.jpg\",\"width\":1080,\"height\":720},{\"@type\":\"BreadcrumbList\",\"@id\":\"https:\/\/ikar.dev\/bceco-v2\/pdl-145t-le-bceco-fait-le-point-avec-les-agences-locales-dexecution\/#breadcrumb\",\"itemListElement\":[{\"@type\":\"ListItem\",\"position\":1,\"name\":\"Accueil\",\"item\":\"https:\/\/ikar.dev\/bceco-v2\/\"},{\"@type\":\"ListItem\",\"position\":2,\"name\":\"PDL-145T : Le BCECO fait le point avec les Agences Locales d\u2019Ex\u00e9cution\"}]},{\"@type\":\"WebSite\",\"@id\":\"https:\/\/ikar.dev\/bceco-v2\/#website\",\"url\":\"https:\/\/ikar.dev\/bceco-v2\/\",\"name\":\"Bureau Central de Coordination\",\"description\":\"B.Ce.Co \u2013 Au c\u0153ur de l\u2019ex\u00e9cution des projets de d\u00e9veloppement en RDC\",\"publisher\":{\"@id\":\"https:\/\/ikar.dev\/bceco-v2\/#organization\"},\"potentialAction\":[{\"@type\":\"SearchAction\",\"target\":{\"@type\":\"EntryPoint\",\"urlTemplate\":\"https:\/\/ikar.dev\/bceco-v2\/?s={search_term_string}\"},\"query-input\":{\"@type\":\"PropertyValueSpecification\",\"valueRequired\":true,\"valueName\":\"search_term_string\"}}],\"inLanguage\":\"en-US\"},{\"@type\":\"Organization\",\"@id\":\"https:\/\/ikar.dev\/bceco-v2\/#organization\",\"name\":\"Bureau Central de Coordination\",\"url\":\"https:\/\/ikar.dev\/bceco-v2\/\",\"logo\":{\"@type\":\"ImageObject\",\"inLanguage\":\"en-US\",\"@id\":\"https:\/\/ikar.dev\/bceco-v2\/#\/schema\/logo\/image\/\",\"url\":\"https:\/\/ikar.dev\/bceco-v2\/wp-content\/uploads\/2025\/12\/BCECO-Bureau-Central-de-Coordination.jpg\",\"contentUrl\":\"https:\/\/ikar.dev\/bceco-v2\/wp-content\/uploads\/2025\/12\/BCECO-Bureau-Central-de-Coordination.jpg\",\"width\":2048,\"height\":2048,\"caption\":\"Bureau Central de Coordination\"},\"image\":{\"@id\":\"https:\/\/ikar.dev\/bceco-v2\/#\/schema\/logo\/image\/\"},\"sameAs\":[\"https:\/\/www.facebook.com\/BCeCoRDC\",\"https:\/\/x.com\/BCeCoRDC\"]},{\"@type\":\"Person\",\"@id\":\"https:\/\/ikar.dev\/bceco-v2\/#\/schema\/person\/6ee74807ffb016a78852fec6a295d503\",\"name\":\"bceco\",\"image\":{\"@type\":\"ImageObject\",\"inLanguage\":\"en-US\",\"@id\":\"https:\/\/ikar.dev\/bceco-v2\/#\/schema\/person\/image\/\",\"url\":\"https:\/\/secure.gravatar.com\/avatar\/55c07e1707f50774ef3c842c9d074773a6b558a20fbd1608c8e4871bc88f3455?s=96&d=mm&r=g\",\"contentUrl\":\"https:\/\/secure.gravatar.com\/avatar\/55c07e1707f50774ef3c842c9d074773a6b558a20fbd1608c8e4871bc88f3455?s=96&d=mm&r=g\",\"caption\":\"bceco\"},\"sameAs\":[\"https:\/\/ikar.dev\/bceco-v2\"],\"url\":\"https:\/\/ikar.dev\/bceco-v2\/author\/bceco\/\"}]}<\/script>\n<!-- \/ Yoast SEO plugin. -->","yoast_head_json":{"title":"PDL-145T : Le BCECO fait le point avec les Agences Locales d\u2019Ex\u00e9cution - Bureau Central de Coordination","robots":{"index":"index","follow":"follow","max-snippet":"max-snippet:-1","max-image-preview":"max-image-preview:large","max-video-preview":"max-video-preview:-1"},"canonical":"https:\/\/ikar.dev\/bceco-v2\/pdl-145t-le-bceco-fait-le-point-avec-les-agences-locales-dexecution\/","og_locale":"en_US","og_type":"article","og_title":"PDL-145T : Le BCECO fait le point avec les Agences Locales d\u2019Ex\u00e9cution - Bureau Central de Coordination","og_description":"Ce 22 mars 2023 s\u2019est tenu, au Centre Nganda, un s\u00e9minaire d\u2019\u00e9change avec les Agences Locales d\u2019Ex\u00e9cution (ALE). Le BCeCo a voulu, par cette session qui prendra deux jours, battre le rappel des troupes afin d&#8217;atterrir en douceur avec la premi\u00e8re phase du PDL-145T. Laquelle phase porte sur la construction de 313 ouvrages dont 124","og_url":"https:\/\/ikar.dev\/bceco-v2\/pdl-145t-le-bceco-fait-le-point-avec-les-agences-locales-dexecution\/","og_site_name":"Bureau Central de Coordination","article_publisher":"https:\/\/www.facebook.com\/BCeCoRDC","article_published_time":"2023-03-22T12:00:00+00:00","og_image":[{"url":"https:\/\/ikar.dev\/bceco-v2\/wp-content\/uploads\/2023\/03\/ale_2.jpg","type":"","width":"","height":""}],"author":"bceco","twitter_card":"summary_large_image","twitter_creator":"@BCeCoRDC","twitter_site":"@BCeCoRDC","twitter_misc":{"Written by":"bceco","Est. reading time":"1 minute"},"schema":{"@context":"https:\/\/schema.org","@graph":[{"@type":"Article","@id":"https:\/\/ikar.dev\/bceco-v2\/pdl-145t-le-bceco-fait-le-point-avec-les-agences-locales-dexecution\/#article","isPartOf":{"@id":"https:\/\/ikar.dev\/bceco-v2\/pdl-145t-le-bceco-fait-le-point-avec-les-agences-locales-dexecution\/"},"author":{"name":"bceco","@id":"https:\/\/ikar.dev\/bceco-v2\/#\/schema\/person\/6ee74807ffb016a78852fec6a295d503"},"headline":"PDL-145T : Le BCECO fait le point avec les Agences Locales d\u2019Ex\u00e9cution","datePublished":"2023-03-22T12:00:00+00:00","mainEntityOfPage":{"@id":"https:\/\/ikar.dev\/bceco-v2\/pdl-145t-le-bceco-fait-le-point-avec-les-agences-locales-dexecution\/"},"wordCount":181,"commentCount":18,"publisher":{"@id":"https:\/\/ikar.dev\/bceco-v2\/#organization"},"image":{"@id":"https:\/\/ikar.dev\/bceco-v2\/pdl-145t-le-bceco-fait-le-point-avec-les-agences-locales-dexecution\/#primaryimage"},"thumbnailUrl":"https:\/\/ikar.dev\/bceco-v2\/wp-content\/uploads\/2023\/03\/ale_1.jpg","keywords":["PDL145T"],"articleSection":["Actualit\u00e9s"],"inLanguage":"en-US","potentialAction":[{"@type":"CommentAction","name":"Comment","target":["https:\/\/ikar.dev\/bceco-v2\/pdl-145t-le-bceco-fait-le-point-avec-les-agences-locales-dexecution\/#respond"]}]},{"@type":"WebPage","@id":"https:\/\/ikar.dev\/bceco-v2\/pdl-145t-le-bceco-fait-le-point-avec-les-agences-locales-dexecution\/","url":"https:\/\/ikar.dev\/bceco-v2\/pdl-145t-le-bceco-fait-le-point-avec-les-agences-locales-dexecution\/","name":"PDL-145T : Le BCECO fait le point avec les Agences Locales d\u2019Ex\u00e9cution - Bureau Central de Coordination","isPartOf":{"@id":"https:\/\/ikar.dev\/bceco-v2\/#website"},"primaryImageOfPage":{"@id":"https:\/\/ikar.dev\/bceco-v2\/pdl-145t-le-bceco-fait-le-point-avec-les-agences-locales-dexecution\/#primaryimage"},"image":{"@id":"https:\/\/ikar.dev\/bceco-v2\/pdl-145t-le-bceco-fait-le-point-avec-les-agences-locales-dexecution\/#primaryimage"},"thumbnailUrl":"https:\/\/ikar.dev\/bceco-v2\/wp-content\/uploads\/2023\/03\/ale_1.jpg","datePublished":"2023-03-22T12:00:00+00:00","breadcrumb":{"@id":"https:\/\/ikar.dev\/bceco-v2\/pdl-145t-le-bceco-fait-le-point-avec-les-agences-locales-dexecution\/#breadcrumb"},"inLanguage":"en-US","potentialAction":[{"@type":"ReadAction","target":["https:\/\/ikar.dev\/bceco-v2\/pdl-145t-le-bceco-fait-le-point-avec-les-agences-locales-dexecution\/"]}]},{"@type":"ImageObject","inLanguage":"en-US","@id":"https:\/\/ikar.dev\/bceco-v2\/pdl-145t-le-bceco-fait-le-point-avec-les-agences-locales-dexecution\/#primaryimage","url":"https:\/\/ikar.dev\/bceco-v2\/wp-content\/uploads\/2023\/03\/ale_1.jpg","contentUrl":"https:\/\/ikar.dev\/bceco-v2\/wp-content\/uploads\/2023\/03\/ale_1.jpg","width":1080,"height":720},{"@type":"BreadcrumbList","@id":"https:\/\/ikar.dev\/bceco-v2\/pdl-145t-le-bceco-fait-le-point-avec-les-agences-locales-dexecution\/#breadcrumb","itemListElement":[{"@type":"ListItem","position":1,"name":"Accueil","item":"https:\/\/ikar.dev\/bceco-v2\/"},{"@type":"ListItem","position":2,"name":"PDL-145T : Le BCECO fait le point avec les Agences Locales d\u2019Ex\u00e9cution"}]},{"@type":"WebSite","@id":"https:\/\/ikar.dev\/bceco-v2\/#website","url":"https:\/\/ikar.dev\/bceco-v2\/","name":"Bureau Central de Coordination","description":"B.Ce.Co \u2013 Au c\u0153ur de l\u2019ex\u00e9cution des projets de d\u00e9veloppement en RDC","publisher":{"@id":"https:\/\/ikar.dev\/bceco-v2\/#organization"},"potentialAction":[{"@type":"SearchAction","target":{"@type":"EntryPoint","urlTemplate":"https:\/\/ikar.dev\/bceco-v2\/?s={search_term_string}"},"query-input":{"@type":"PropertyValueSpecification","valueRequired":true,"valueName":"search_term_string"}}],"inLanguage":"en-US"},{"@type":"Organization","@id":"https:\/\/ikar.dev\/bceco-v2\/#organization","name":"Bureau Central de Coordination","url":"https:\/\/ikar.dev\/bceco-v2\/","logo":{"@type":"ImageObject","inLanguage":"en-US","@id":"https:\/\/ikar.dev\/bceco-v2\/#\/schema\/logo\/image\/","url":"https:\/\/ikar.dev\/bceco-v2\/wp-content\/uploads\/2025\/12\/BCECO-Bureau-Central-de-Coordination.jpg","contentUrl":"https:\/\/ikar.dev\/bceco-v2\/wp-content\/uploads\/2025\/12\/BCECO-Bureau-Central-de-Coordination.jpg","width":2048,"height":2048,"caption":"Bureau Central de Coordination"},"image":{"@id":"https:\/\/ikar.dev\/bceco-v2\/#\/schema\/logo\/image\/"},"sameAs":["https:\/\/www.facebook.com\/BCeCoRDC","https:\/\/x.com\/BCeCoRDC"]},{"@type":"Person","@id":"https:\/\/ikar.dev\/bceco-v2\/#\/schema\/person\/6ee74807ffb016a78852fec6a295d503","name":"bceco","image":{"@type":"ImageObject","inLanguage":"en-US","@id":"https:\/\/ikar.dev\/bceco-v2\/#\/schema\/person\/image\/","url":"https:\/\/secure.gravatar.com\/avatar\/55c07e1707f50774ef3c842c9d074773a6b558a20fbd1608c8e4871bc88f3455?s=96&d=mm&r=g","contentUrl":"https:\/\/secure.gravatar.com\/avatar\/55c07e1707f50774ef3c842c9d074773a6b558a20fbd1608c8e4871bc88f3455?s=96&d=mm&r=g","caption":"bceco"},"sameAs":["https:\/\/ikar.dev\/bceco-v2"],"url":"https:\/\/ikar.dev\/bceco-v2\/author\/bceco\/"}]}},"_links":{"self":[{"href":"https:\/\/ikar.dev\/bceco-v2\/wp-json\/wp\/v2\/posts\/28932","targetHints":{"allow":["GET"]}}],"collection":[{"href":"https:\/\/ikar.dev\/bceco-v2\/wp-json\/wp\/v2\/posts"}],"about":[{"href":"https:\/\/ikar.dev\/bceco-v2\/wp-json\/wp\/v2\/types\/post"}],"author":[{"embeddable":true,"href":"https:\/\/ikar.dev\/bceco-v2\/wp-json\/wp\/v2\/users\/1"}],"replies":[{"embeddable":true,"href":"https:\/\/ikar.dev\/bceco-v2\/wp-json\/wp\/v2\/comments?post=28932"}],"version-history":[{"count":0,"href":"https:\/\/ikar.dev\/bceco-v2\/wp-json\/wp\/v2\/posts\/28932\/revisions"}],"wp:featuredmedia":[{"embeddable":true,"href":"https:\/\/ikar.dev\/bceco-v2\/wp-json\/wp\/v2\/media\/28933"}],"wp:attachment":[{"href":"https:\/\/ikar.dev\/bceco-v2\/wp-json\/wp\/v2\/media?parent=28932"}],"wp:term":[{"taxonomy":"category","embeddable":true,"href":"https:\/\/ikar.dev\/bceco-v2\/wp-json\/wp\/v2\/categories?post=28932"},{"taxonomy":"post_tag","embeddable":true,"href":"https:\/\/ikar.dev\/bceco-v2\/wp-json\/wp\/v2\/tags?post=28932"}],"curies":[{"name":"wp","href":"https:\/\/api.w.org\/{rel}","templated":true}]}}