{"id":28916,"date":"2023-03-15T10:15:00","date_gmt":"2023-03-15T10:15:00","guid":{"rendered":"https:\/\/bceco.cd\/?p=28916"},"modified":"2023-03-15T10:15:00","modified_gmt":"2023-03-15T10:15:00","slug":"pdl-145t-reception-technique-des-ouvrages-pour-mi-mars","status":"publish","type":"post","link":"https:\/\/ikar.dev\/bceco-v2\/pdl-145t-reception-technique-des-ouvrages-pour-mi-mars\/","title":{"rendered":"PDL-145T : R\u00e9ception technique des ouvrages pour mi-mars"},"content":{"rendered":"\t\t<div data-elementor-type=\"wp-post\" data-elementor-id=\"28916\" class=\"elementor elementor-28916\" data-elementor-post-type=\"post\">\n\t\t\t\t\t\t<section class=\"elementor-section elementor-top-section elementor-element elementor-element-96daa43 elementor-section-boxed elementor-section-height-default elementor-section-height-default\" data-id=\"96daa43\" data-element_type=\"section\">\n\t\t\t\t\t\t<div class=\"elementor-container elementor-column-gap-default\">\n\t\t\t\t\t<div class=\"elementor-column elementor-col-100 elementor-top-column elementor-element elementor-element-920d94b\" data-id=\"920d94b\" data-element_type=\"column\">\n\t\t\t<div class=\"elementor-widget-wrap elementor-element-populated\">\n\t\t\t\t\t\t<div class=\"elementor-element elementor-element-50b9439 elementor-widget elementor-widget-text-editor\" data-id=\"50b9439\" data-element_type=\"widget\" data-widget_type=\"text-editor.default\">\n\t\t\t\t\t\t\t\t\t<p>Kinshasa 14mars 2023, il s&#8217;est tenu un briefing anim\u00e9 conjointement par , ministre de la communication et m\u00e9dias, <strong>CRISPIN MBADU PHANZU<\/strong>, ministre du plan ainsi que les trois agences recrut\u00e9es dans l&#8217;ex\u00e9cution de ce programme. A l&#8217;issue de ce dernier, <strong>JEAN MABI MULUMBA, <\/strong>DG du<strong> BCECO<\/strong> annon\u00e7ait la r\u00e9ception technique des premiers ouvrages d\u00e8s ce 15 mars 2023 dans les 48 territoires lui confi\u00e9s..<\/p><p>\u00ab <strong>Le Chef de l\u2019\u00c9tat F\u00e9lix Antoine TSHISEKEDI TSHILOMBO a souhait\u00e9 que les flux financiers de ce programme profitent plus aux populations locales. A ce titre, nous avons exig\u00e9 dans tous les contrats qu\u2019au moins 40% des contrats soient sous-trait\u00e9s par des entreprises locales <\/strong>\u00bb Jean Mabi, DG BCeCo<\/p><p>Dans le cadre de la strat\u00e9gie de mise en \u0153uvre du BCeCO, 41 agences locales d&#8217;ex\u00e9cution (ALE) ont \u0153uvr\u00e9 depuis Octobre 2022 pour la r\u00e9alisation de ces infrastructures.<\/p><p>Au total <strong>711 infrastructures<\/strong> sont concern\u00e9es dont <strong>313 pour le compte des ALE<\/strong> pour un montant \u00e9quivalant \u00e0 <strong>85.5millions de dollars am\u00e9ricains<\/strong>, et <strong>398<\/strong> autres infrastructures sont confi\u00e9es \u00e0 <strong>70 Petites et Moyennes Entreprises (PME)<\/strong> pour un montant d\u2019environ <strong>104 millions de dollars am\u00e9ricains<\/strong>. La livraison des ouvrages des PME est pr\u00e9vue pour Juillet 2023.<\/p>\t\t\t\t\t\t\t\t<\/div>\n\t\t\t\t\t<\/div>\n\t\t<\/div>\n\t\t\t\t\t<\/div>\n\t\t<\/section>\n\t\t\t\t<section class=\"elementor-section elementor-top-section elementor-element elementor-element-bece5f1 elementor-section-boxed elementor-section-height-default elementor-section-height-default\" data-id=\"bece5f1\" data-element_type=\"section\">\n\t\t\t\t\t\t<div class=\"elementor-container elementor-column-gap-default\">\n\t\t\t\t\t<div class=\"elementor-column elementor-col-100 elementor-top-column elementor-element elementor-element-6100499\" data-id=\"6100499\" data-element_type=\"column\">\n\t\t\t<div class=\"elementor-widget-wrap elementor-element-populated\">\n\t\t\t\t\t\t<div class=\"elementor-element elementor-element-31426c8 elementor-widget elementor-widget-image\" data-id=\"31426c8\" data-element_type=\"widget\" data-widget_type=\"image.default\">\n\t\t\t\t\t\t\t\t\t\t\t\t\t\t\t<img fetchpriority=\"high\" decoding=\"async\" width=\"768\" height=\"768\" src=\"https:\/\/ikar.dev\/bceco-v2\/wp-content\/uploads\/2023\/03\/briefing_4-768x768.jpg\" class=\"attachment-medium_large size-medium_large wp-image-28925\" alt=\"\" srcset=\"https:\/\/ikar.dev\/bceco-v2\/wp-content\/uploads\/2023\/03\/briefing_4-768x768.jpg 768w, https:\/\/ikar.dev\/bceco-v2\/wp-content\/uploads\/2023\/03\/briefing_4-80x80.jpg 80w, https:\/\/ikar.dev\/bceco-v2\/wp-content\/uploads\/2023\/03\/briefing_4-300x300.jpg 300w, https:\/\/ikar.dev\/bceco-v2\/wp-content\/uploads\/2023\/03\/briefing_4-600x600.jpg 600w, https:\/\/ikar.dev\/bceco-v2\/wp-content\/uploads\/2023\/03\/briefing_4-100x100.jpg 100w, https:\/\/ikar.dev\/bceco-v2\/wp-content\/uploads\/2023\/03\/briefing_4.jpg 780w\" sizes=\"(max-width: 768px) 100vw, 768px\" \/>\t\t\t\t\t\t\t\t\t\t\t\t\t\t\t<\/div>\n\t\t\t\t\t<\/div>\n\t\t<\/div>\n\t\t\t\t\t<\/div>\n\t\t<\/section>\n\t\t\t\t<section class=\"elementor-section elementor-top-section elementor-element elementor-element-b29412f elementor-section-boxed elementor-section-height-default elementor-section-height-default\" data-id=\"b29412f\" data-element_type=\"section\">\n\t\t\t\t\t\t<div class=\"elementor-container elementor-column-gap-default\">\n\t\t\t\t\t<div class=\"elementor-column elementor-col-100 elementor-top-column elementor-element elementor-element-a6c886d\" data-id=\"a6c886d\" data-element_type=\"column\">\n\t\t\t<div class=\"elementor-widget-wrap elementor-element-populated\">\n\t\t\t\t\t\t<div class=\"elementor-element elementor-element-a17b7d3 elementor-widget elementor-widget-heading\" data-id=\"a17b7d3\" data-element_type=\"widget\" data-widget_type=\"heading.default\">\n\t\t\t\t\t<h3 class=\"elementor-heading-title elementor-size-default\">L\u2019impact sur les communaut\u00e9s<\/h3>\t\t\t\t<\/div>\n\t\t\t\t\t<\/div>\n\t\t<\/div>\n\t\t\t\t\t<\/div>\n\t\t<\/section>\n\t\t\t\t<section class=\"elementor-section elementor-top-section elementor-element elementor-element-57e2e1b elementor-section-boxed elementor-section-height-default elementor-section-height-default\" data-id=\"57e2e1b\" data-element_type=\"section\">\n\t\t\t\t\t\t<div class=\"elementor-container elementor-column-gap-default\">\n\t\t\t\t\t<div class=\"elementor-column elementor-col-100 elementor-top-column elementor-element elementor-element-4cdff77\" data-id=\"4cdff77\" data-element_type=\"column\">\n\t\t\t<div class=\"elementor-widget-wrap elementor-element-populated\">\n\t\t\t\t\t\t<div class=\"elementor-element elementor-element-152ce03 elementor-widget elementor-widget-text-editor\" data-id=\"152ce03\" data-element_type=\"widget\" data-widget_type=\"text-editor.default\">\n\t\t\t\t\t\t\t\t\t<p>Le BCeCo, dans sa strat\u00e9gie, implique les communaut\u00e9s locales d\u00e8s le d\u00e9but de l\u2019ex\u00e9cution de chaque projet. En effet, ce sont les autorit\u00e9s locales et la soci\u00e9t\u00e9 civile qui proc\u00e8dent au choix des diff\u00e9rents sites.<\/p><p>Ainsi, il a \u00e9t\u00e9 observ\u00e9 sur les chantiers des effets induits \u00e0 l\u2019\u00e9conomie. \u00ab <em>Nous avons constat\u00e9 que sur nos chantiers,\u00a0tous les mat\u00e9riaux de construction sont livr\u00e9s par des femmes<\/em>\u00a0\u00bb intervint Jean MABI<\/p>\t\t\t\t\t\t\t\t<\/div>\n\t\t\t\t\t<\/div>\n\t\t<\/div>\n\t\t\t\t\t<\/div>\n\t\t<\/section>\n\t\t\t\t<section class=\"elementor-section elementor-top-section elementor-element elementor-element-9d6b95d elementor-section-boxed elementor-section-height-default elementor-section-height-default\" data-id=\"9d6b95d\" data-element_type=\"section\">\n\t\t\t\t\t\t<div class=\"elementor-container elementor-column-gap-default\">\n\t\t\t\t\t<div class=\"elementor-column elementor-col-100 elementor-top-column elementor-element elementor-element-1e59ac0\" data-id=\"1e59ac0\" data-element_type=\"column\">\n\t\t\t<div class=\"elementor-widget-wrap elementor-element-populated\">\n\t\t\t\t\t\t<div class=\"elementor-element elementor-element-aa7aa25 elementor-widget elementor-widget-image\" data-id=\"aa7aa25\" data-element_type=\"widget\" data-widget_type=\"image.default\">\n\t\t\t\t\t\t\t\t\t\t\t\t\t\t\t<img decoding=\"async\" width=\"768\" height=\"768\" src=\"https:\/\/ikar.dev\/bceco-v2\/wp-content\/uploads\/2023\/03\/briefing_2-768x768.jpg\" class=\"attachment-medium_large size-medium_large wp-image-28923\" alt=\"\" srcset=\"https:\/\/ikar.dev\/bceco-v2\/wp-content\/uploads\/2023\/03\/briefing_2-768x768.jpg 768w, https:\/\/ikar.dev\/bceco-v2\/wp-content\/uploads\/2023\/03\/briefing_2-80x80.jpg 80w, https:\/\/ikar.dev\/bceco-v2\/wp-content\/uploads\/2023\/03\/briefing_2-300x300.jpg 300w, https:\/\/ikar.dev\/bceco-v2\/wp-content\/uploads\/2023\/03\/briefing_2-600x600.jpg 600w, https:\/\/ikar.dev\/bceco-v2\/wp-content\/uploads\/2023\/03\/briefing_2-100x100.jpg 100w, https:\/\/ikar.dev\/bceco-v2\/wp-content\/uploads\/2023\/03\/briefing_2.jpg 780w\" sizes=\"(max-width: 768px) 100vw, 768px\" \/>\t\t\t\t\t\t\t\t\t\t\t\t\t\t\t<\/div>\n\t\t\t\t\t<\/div>\n\t\t<\/div>\n\t\t\t\t\t<\/div>\n\t\t<\/section>\n\t\t\t\t<section class=\"elementor-section elementor-top-section elementor-element elementor-element-1fe3484 elementor-section-boxed elementor-section-height-default elementor-section-height-default\" data-id=\"1fe3484\" data-element_type=\"section\">\n\t\t\t\t\t\t<div class=\"elementor-container elementor-column-gap-default\">\n\t\t\t\t\t<div class=\"elementor-column elementor-col-100 elementor-top-column elementor-element elementor-element-544028a\" data-id=\"544028a\" data-element_type=\"column\">\n\t\t\t<div class=\"elementor-widget-wrap elementor-element-populated\">\n\t\t\t\t\t\t<div class=\"elementor-element elementor-element-a764c41 elementor-widget elementor-widget-text-editor\" data-id=\"a764c41\" data-element_type=\"widget\" data-widget_type=\"text-editor.default\">\n\t\t\t\t\t\t\t\t\t<p>A ce jour, le Gouvernement affirme avoir disponibilis\u00e9 plus de <strong>762 millions de dollars pour l\u2019ex\u00e9cution de ce projet<\/strong>. D\u00e9j\u00e0 511millions de dollars ont \u00e9t\u00e9 remis aux trois agences d\u2019ex\u00e9cution pour les travaux en cours dans les 145 territoires.<\/p>\t\t\t\t\t\t\t\t<\/div>\n\t\t\t\t\t<\/div>\n\t\t<\/div>\n\t\t\t\t\t<\/div>\n\t\t<\/section>\n\t\t\t\t<section class=\"elementor-section elementor-top-section elementor-element elementor-element-a81119c elementor-section-boxed elementor-section-height-default elementor-section-height-default\" data-id=\"a81119c\" data-element_type=\"section\">\n\t\t\t\t\t\t<div class=\"elementor-container elementor-column-gap-default\">\n\t\t\t\t\t<div class=\"elementor-column elementor-col-100 elementor-top-column elementor-element elementor-element-f3b0e76\" data-id=\"f3b0e76\" data-element_type=\"column\">\n\t\t\t<div class=\"elementor-widget-wrap elementor-element-populated\">\n\t\t\t\t\t\t<div class=\"elementor-element elementor-element-50c87a1 elementor-widget elementor-widget-heading\" data-id=\"50c87a1\" data-element_type=\"widget\" data-widget_type=\"heading.default\">\n\t\t\t\t\t<h3 class=\"elementor-heading-title elementor-size-default\">Perspectives d\u2019avenir<\/h3>\t\t\t\t<\/div>\n\t\t\t\t\t<\/div>\n\t\t<\/div>\n\t\t\t\t\t<\/div>\n\t\t<\/section>\n\t\t\t\t<section class=\"elementor-section elementor-top-section elementor-element elementor-element-56d266f elementor-section-boxed elementor-section-height-default elementor-section-height-default\" data-id=\"56d266f\" data-element_type=\"section\">\n\t\t\t\t\t\t<div class=\"elementor-container elementor-column-gap-default\">\n\t\t\t\t\t<div class=\"elementor-column elementor-col-100 elementor-top-column elementor-element elementor-element-2c09533\" data-id=\"2c09533\" data-element_type=\"column\">\n\t\t\t<div class=\"elementor-widget-wrap elementor-element-populated\">\n\t\t\t\t\t\t<div class=\"elementor-element elementor-element-6aefaf1 elementor-widget elementor-widget-text-editor\" data-id=\"6aefaf1\" data-element_type=\"widget\" data-widget_type=\"text-editor.default\">\n\t\t\t\t\t\t\t\t\t<p><strong><em>\u00ab <\/em><em>Si en moins d\u2019une ann\u00e9e nous avons des engagements qui aujourd\u2019hui s\u2019\u00e9l\u00e8vent \u00e0 pr\u00e8s \u00e0 205 millions de dollars d\u00e9pens\u00e9s dans ce pays, vous imaginez l\u2019impact financier au niveau des m\u00e9nages et au niveau de l\u2019\u00e9conomie. Donc \u00e7a c\u2019est un programme de grande envergure que nous vous demandons de soutenir \u00bb<\/em><\/strong>. Jean MABI.<\/p><p>A l\u2019issue de cette premi\u00e8re phase du PDL145T, plus de 1198 \u00e9coles, 786 Centres de Sant\u00e9 et 142 b\u00e2timents administratifs seront construits dans les 145 territoires que compte le pays.<\/p>\t\t\t\t\t\t\t\t<\/div>\n\t\t\t\t\t<\/div>\n\t\t<\/div>\n\t\t\t\t\t<\/div>\n\t\t<\/section>\n\t\t\t\t<section class=\"elementor-section elementor-top-section elementor-element elementor-element-a3e9838 elementor-section-boxed elementor-section-height-default elementor-section-height-default\" data-id=\"a3e9838\" data-element_type=\"section\">\n\t\t\t\t\t\t<div class=\"elementor-container elementor-column-gap-default\">\n\t\t\t\t\t<div class=\"elementor-column elementor-col-100 elementor-top-column elementor-element elementor-element-dd2423d\" data-id=\"dd2423d\" data-element_type=\"column\">\n\t\t\t<div class=\"elementor-widget-wrap elementor-element-populated\">\n\t\t\t\t\t\t<div class=\"elementor-element elementor-element-cfaca8e elementor-widget elementor-widget-image\" data-id=\"cfaca8e\" data-element_type=\"widget\" data-widget_type=\"image.default\">\n\t\t\t\t\t\t\t\t\t\t\t\t\t\t\t<img decoding=\"async\" width=\"768\" height=\"768\" src=\"https:\/\/ikar.dev\/bceco-v2\/wp-content\/uploads\/2023\/03\/briefing_3-768x768.jpg\" class=\"attachment-medium_large size-medium_large wp-image-28924\" alt=\"\" srcset=\"https:\/\/ikar.dev\/bceco-v2\/wp-content\/uploads\/2023\/03\/briefing_3-768x768.jpg 768w, https:\/\/ikar.dev\/bceco-v2\/wp-content\/uploads\/2023\/03\/briefing_3-80x80.jpg 80w, https:\/\/ikar.dev\/bceco-v2\/wp-content\/uploads\/2023\/03\/briefing_3-300x300.jpg 300w, https:\/\/ikar.dev\/bceco-v2\/wp-content\/uploads\/2023\/03\/briefing_3-600x600.jpg 600w, https:\/\/ikar.dev\/bceco-v2\/wp-content\/uploads\/2023\/03\/briefing_3-100x100.jpg 100w, https:\/\/ikar.dev\/bceco-v2\/wp-content\/uploads\/2023\/03\/briefing_3.jpg 780w\" sizes=\"(max-width: 768px) 100vw, 768px\" \/>\t\t\t\t\t\t\t\t\t\t\t\t\t\t\t<\/div>\n\t\t\t\t\t<\/div>\n\t\t<\/div>\n\t\t\t\t\t<\/div>\n\t\t<\/section>\n\t\t\t\t<section class=\"elementor-section elementor-top-section elementor-element elementor-element-803b605 elementor-section-boxed elementor-section-height-default elementor-section-height-default\" data-id=\"803b605\" data-element_type=\"section\">\n\t\t\t\t\t\t<div class=\"elementor-container elementor-column-gap-default\">\n\t\t\t\t\t<div class=\"elementor-column elementor-col-100 elementor-top-column elementor-element elementor-element-3786ed8\" data-id=\"3786ed8\" data-element_type=\"column\">\n\t\t\t<div class=\"elementor-widget-wrap elementor-element-populated\">\n\t\t\t\t\t\t<div class=\"elementor-element elementor-element-a476891 elementor-widget elementor-widget-text-editor\" data-id=\"a476891\" data-element_type=\"widget\" data-widget_type=\"text-editor.default\">\n\t\t\t\t\t\t\t\t\t<p>La deuxi\u00e8me phase quant \u00e0 elle sera consacr\u00e9e \u00e0 la construction et r\u00e9habilitation de plus de 38 milles kilom\u00e8tres des routes de dessertes agricoles. L\u2019eau et l\u2019\u00e9lectricit\u00e9 interviendront dans la 3\u00e8me phase. Notons que ce programme s\u2019\u00e9tend sur 2 ans.<\/p>\t\t\t\t\t\t\t\t<\/div>\n\t\t\t\t\t<\/div>\n\t\t<\/div>\n\t\t\t\t\t<\/div>\n\t\t<\/section>\n\t\t\t\t<\/div>\n\t\t","protected":false},"excerpt":{"rendered":"<p>Kinshasa 14mars 2023, il s&#8217;est tenu un briefing anim\u00e9 conjointement par , ministre de la communication et m\u00e9dias, CRISPIN MBADU PHANZU, ministre du plan ainsi que les trois agences recrut\u00e9es dans l&#8217;ex\u00e9cution de ce programme. A l&#8217;issue de ce dernier, JEAN MABI MULUMBA, DG du BCECO annon\u00e7ait la r\u00e9ception technique des premiers ouvrages d\u00e8s ce<\/p>\n","protected":false},"author":1,"featured_media":28917,"comment_status":"open","ping_status":"open","sticky":false,"template":"","format":"standard","meta":{"footnotes":""},"categories":[69],"tags":[64],"class_list":["post-28916","post","type-post","status-publish","format-standard","has-post-thumbnail","hentry","category-actualites","tag-pdl145t"],"yoast_head":"<!-- This site is optimized with the Yoast SEO plugin v26.7 - https:\/\/yoast.com\/wordpress\/plugins\/seo\/ -->\n<title>PDL-145T : R\u00e9ception technique des ouvrages pour mi-mars - Bureau Central de Coordination<\/title>\n<meta name=\"robots\" content=\"index, follow, max-snippet:-1, max-image-preview:large, max-video-preview:-1\" \/>\n<link rel=\"canonical\" href=\"https:\/\/ikar.dev\/bceco-v2\/pdl-145t-reception-technique-des-ouvrages-pour-mi-mars\/\" \/>\n<meta property=\"og:locale\" content=\"en_US\" \/>\n<meta property=\"og:type\" content=\"article\" \/>\n<meta property=\"og:title\" content=\"PDL-145T : R\u00e9ception technique des ouvrages pour mi-mars - Bureau Central de Coordination\" \/>\n<meta property=\"og:description\" content=\"Kinshasa 14mars 2023, il s&#8217;est tenu un briefing anim\u00e9 conjointement par , ministre de la communication et m\u00e9dias, CRISPIN MBADU PHANZU, ministre du plan ainsi que les trois agences recrut\u00e9es dans l&#8217;ex\u00e9cution de ce programme. A l&#8217;issue de ce dernier, JEAN MABI MULUMBA, DG du BCECO annon\u00e7ait la r\u00e9ception technique des premiers ouvrages d\u00e8s ce\" \/>\n<meta property=\"og:url\" content=\"https:\/\/ikar.dev\/bceco-v2\/pdl-145t-reception-technique-des-ouvrages-pour-mi-mars\/\" \/>\n<meta property=\"og:site_name\" content=\"Bureau Central de Coordination\" \/>\n<meta property=\"article:publisher\" content=\"https:\/\/www.facebook.com\/BCeCoRDC\" \/>\n<meta property=\"article:published_time\" content=\"2023-03-15T10:15:00+00:00\" \/>\n<meta property=\"og:image\" content=\"https:\/\/ikar.dev\/bceco-v2\/wp-content\/uploads\/2023\/03\/briefing_4.jpg\" \/>\n<meta name=\"author\" content=\"bceco\" \/>\n<meta name=\"twitter:card\" content=\"summary_large_image\" \/>\n<meta name=\"twitter:creator\" content=\"@BCeCoRDC\" \/>\n<meta name=\"twitter:site\" content=\"@BCeCoRDC\" \/>\n<meta name=\"twitter:label1\" content=\"Written by\" \/>\n\t<meta name=\"twitter:data1\" content=\"bceco\" \/>\n\t<meta name=\"twitter:label2\" content=\"Est. reading time\" \/>\n\t<meta name=\"twitter:data2\" content=\"2 minutes\" \/>\n<script type=\"application\/ld+json\" class=\"yoast-schema-graph\">{\"@context\":\"https:\/\/schema.org\",\"@graph\":[{\"@type\":\"Article\",\"@id\":\"https:\/\/ikar.dev\/bceco-v2\/pdl-145t-reception-technique-des-ouvrages-pour-mi-mars\/#article\",\"isPartOf\":{\"@id\":\"https:\/\/ikar.dev\/bceco-v2\/pdl-145t-reception-technique-des-ouvrages-pour-mi-mars\/\"},\"author\":{\"name\":\"bceco\",\"@id\":\"https:\/\/ikar.dev\/bceco-v2\/#\/schema\/person\/6ee74807ffb016a78852fec6a295d503\"},\"headline\":\"PDL-145T : R\u00e9ception technique des ouvrages pour mi-mars\",\"datePublished\":\"2023-03-15T10:15:00+00:00\",\"mainEntityOfPage\":{\"@id\":\"https:\/\/ikar.dev\/bceco-v2\/pdl-145t-reception-technique-des-ouvrages-pour-mi-mars\/\"},\"wordCount\":476,\"commentCount\":2,\"publisher\":{\"@id\":\"https:\/\/ikar.dev\/bceco-v2\/#organization\"},\"image\":{\"@id\":\"https:\/\/ikar.dev\/bceco-v2\/pdl-145t-reception-technique-des-ouvrages-pour-mi-mars\/#primaryimage\"},\"thumbnailUrl\":\"https:\/\/ikar.dev\/bceco-v2\/wp-content\/uploads\/2023\/03\/briefing_1.jpg\",\"keywords\":[\"PDL145T\"],\"articleSection\":[\"Actualit\u00e9s\"],\"inLanguage\":\"en-US\",\"potentialAction\":[{\"@type\":\"CommentAction\",\"name\":\"Comment\",\"target\":[\"https:\/\/ikar.dev\/bceco-v2\/pdl-145t-reception-technique-des-ouvrages-pour-mi-mars\/#respond\"]}]},{\"@type\":\"WebPage\",\"@id\":\"https:\/\/ikar.dev\/bceco-v2\/pdl-145t-reception-technique-des-ouvrages-pour-mi-mars\/\",\"url\":\"https:\/\/ikar.dev\/bceco-v2\/pdl-145t-reception-technique-des-ouvrages-pour-mi-mars\/\",\"name\":\"PDL-145T : R\u00e9ception technique des ouvrages pour mi-mars - Bureau Central de Coordination\",\"isPartOf\":{\"@id\":\"https:\/\/ikar.dev\/bceco-v2\/#website\"},\"primaryImageOfPage\":{\"@id\":\"https:\/\/ikar.dev\/bceco-v2\/pdl-145t-reception-technique-des-ouvrages-pour-mi-mars\/#primaryimage\"},\"image\":{\"@id\":\"https:\/\/ikar.dev\/bceco-v2\/pdl-145t-reception-technique-des-ouvrages-pour-mi-mars\/#primaryimage\"},\"thumbnailUrl\":\"https:\/\/ikar.dev\/bceco-v2\/wp-content\/uploads\/2023\/03\/briefing_1.jpg\",\"datePublished\":\"2023-03-15T10:15:00+00:00\",\"breadcrumb\":{\"@id\":\"https:\/\/ikar.dev\/bceco-v2\/pdl-145t-reception-technique-des-ouvrages-pour-mi-mars\/#breadcrumb\"},\"inLanguage\":\"en-US\",\"potentialAction\":[{\"@type\":\"ReadAction\",\"target\":[\"https:\/\/ikar.dev\/bceco-v2\/pdl-145t-reception-technique-des-ouvrages-pour-mi-mars\/\"]}]},{\"@type\":\"ImageObject\",\"inLanguage\":\"en-US\",\"@id\":\"https:\/\/ikar.dev\/bceco-v2\/pdl-145t-reception-technique-des-ouvrages-pour-mi-mars\/#primaryimage\",\"url\":\"https:\/\/ikar.dev\/bceco-v2\/wp-content\/uploads\/2023\/03\/briefing_1.jpg\",\"contentUrl\":\"https:\/\/ikar.dev\/bceco-v2\/wp-content\/uploads\/2023\/03\/briefing_1.jpg\",\"width\":1170,\"height\":780},{\"@type\":\"BreadcrumbList\",\"@id\":\"https:\/\/ikar.dev\/bceco-v2\/pdl-145t-reception-technique-des-ouvrages-pour-mi-mars\/#breadcrumb\",\"itemListElement\":[{\"@type\":\"ListItem\",\"position\":1,\"name\":\"Accueil\",\"item\":\"https:\/\/ikar.dev\/bceco-v2\/\"},{\"@type\":\"ListItem\",\"position\":2,\"name\":\"PDL-145T : R\u00e9ception technique des ouvrages pour mi-mars\"}]},{\"@type\":\"WebSite\",\"@id\":\"https:\/\/ikar.dev\/bceco-v2\/#website\",\"url\":\"https:\/\/ikar.dev\/bceco-v2\/\",\"name\":\"Bureau Central de Coordination\",\"description\":\"B.Ce.Co \u2013 Au c\u0153ur de l\u2019ex\u00e9cution des projets de d\u00e9veloppement en RDC\",\"publisher\":{\"@id\":\"https:\/\/ikar.dev\/bceco-v2\/#organization\"},\"potentialAction\":[{\"@type\":\"SearchAction\",\"target\":{\"@type\":\"EntryPoint\",\"urlTemplate\":\"https:\/\/ikar.dev\/bceco-v2\/?s={search_term_string}\"},\"query-input\":{\"@type\":\"PropertyValueSpecification\",\"valueRequired\":true,\"valueName\":\"search_term_string\"}}],\"inLanguage\":\"en-US\"},{\"@type\":\"Organization\",\"@id\":\"https:\/\/ikar.dev\/bceco-v2\/#organization\",\"name\":\"Bureau Central de Coordination\",\"url\":\"https:\/\/ikar.dev\/bceco-v2\/\",\"logo\":{\"@type\":\"ImageObject\",\"inLanguage\":\"en-US\",\"@id\":\"https:\/\/ikar.dev\/bceco-v2\/#\/schema\/logo\/image\/\",\"url\":\"https:\/\/ikar.dev\/bceco-v2\/wp-content\/uploads\/2025\/12\/BCECO-Bureau-Central-de-Coordination.jpg\",\"contentUrl\":\"https:\/\/ikar.dev\/bceco-v2\/wp-content\/uploads\/2025\/12\/BCECO-Bureau-Central-de-Coordination.jpg\",\"width\":2048,\"height\":2048,\"caption\":\"Bureau Central de Coordination\"},\"image\":{\"@id\":\"https:\/\/ikar.dev\/bceco-v2\/#\/schema\/logo\/image\/\"},\"sameAs\":[\"https:\/\/www.facebook.com\/BCeCoRDC\",\"https:\/\/x.com\/BCeCoRDC\"]},{\"@type\":\"Person\",\"@id\":\"https:\/\/ikar.dev\/bceco-v2\/#\/schema\/person\/6ee74807ffb016a78852fec6a295d503\",\"name\":\"bceco\",\"image\":{\"@type\":\"ImageObject\",\"inLanguage\":\"en-US\",\"@id\":\"https:\/\/ikar.dev\/bceco-v2\/#\/schema\/person\/image\/\",\"url\":\"https:\/\/secure.gravatar.com\/avatar\/55c07e1707f50774ef3c842c9d074773a6b558a20fbd1608c8e4871bc88f3455?s=96&d=mm&r=g\",\"contentUrl\":\"https:\/\/secure.gravatar.com\/avatar\/55c07e1707f50774ef3c842c9d074773a6b558a20fbd1608c8e4871bc88f3455?s=96&d=mm&r=g\",\"caption\":\"bceco\"},\"sameAs\":[\"https:\/\/ikar.dev\/bceco-v2\"],\"url\":\"https:\/\/ikar.dev\/bceco-v2\/author\/bceco\/\"}]}<\/script>\n<!-- \/ Yoast SEO plugin. -->","yoast_head_json":{"title":"PDL-145T : R\u00e9ception technique des ouvrages pour mi-mars - Bureau Central de Coordination","robots":{"index":"index","follow":"follow","max-snippet":"max-snippet:-1","max-image-preview":"max-image-preview:large","max-video-preview":"max-video-preview:-1"},"canonical":"https:\/\/ikar.dev\/bceco-v2\/pdl-145t-reception-technique-des-ouvrages-pour-mi-mars\/","og_locale":"en_US","og_type":"article","og_title":"PDL-145T : R\u00e9ception technique des ouvrages pour mi-mars - Bureau Central de Coordination","og_description":"Kinshasa 14mars 2023, il s&#8217;est tenu un briefing anim\u00e9 conjointement par , ministre de la communication et m\u00e9dias, CRISPIN MBADU PHANZU, ministre du plan ainsi que les trois agences recrut\u00e9es dans l&#8217;ex\u00e9cution de ce programme. A l&#8217;issue de ce dernier, JEAN MABI MULUMBA, DG du BCECO annon\u00e7ait la r\u00e9ception technique des premiers ouvrages d\u00e8s ce","og_url":"https:\/\/ikar.dev\/bceco-v2\/pdl-145t-reception-technique-des-ouvrages-pour-mi-mars\/","og_site_name":"Bureau Central de Coordination","article_publisher":"https:\/\/www.facebook.com\/BCeCoRDC","article_published_time":"2023-03-15T10:15:00+00:00","og_image":[{"url":"https:\/\/ikar.dev\/bceco-v2\/wp-content\/uploads\/2023\/03\/briefing_4.jpg","type":"","width":"","height":""}],"author":"bceco","twitter_card":"summary_large_image","twitter_creator":"@BCeCoRDC","twitter_site":"@BCeCoRDC","twitter_misc":{"Written by":"bceco","Est. reading time":"2 minutes"},"schema":{"@context":"https:\/\/schema.org","@graph":[{"@type":"Article","@id":"https:\/\/ikar.dev\/bceco-v2\/pdl-145t-reception-technique-des-ouvrages-pour-mi-mars\/#article","isPartOf":{"@id":"https:\/\/ikar.dev\/bceco-v2\/pdl-145t-reception-technique-des-ouvrages-pour-mi-mars\/"},"author":{"name":"bceco","@id":"https:\/\/ikar.dev\/bceco-v2\/#\/schema\/person\/6ee74807ffb016a78852fec6a295d503"},"headline":"PDL-145T : R\u00e9ception technique des ouvrages pour mi-mars","datePublished":"2023-03-15T10:15:00+00:00","mainEntityOfPage":{"@id":"https:\/\/ikar.dev\/bceco-v2\/pdl-145t-reception-technique-des-ouvrages-pour-mi-mars\/"},"wordCount":476,"commentCount":2,"publisher":{"@id":"https:\/\/ikar.dev\/bceco-v2\/#organization"},"image":{"@id":"https:\/\/ikar.dev\/bceco-v2\/pdl-145t-reception-technique-des-ouvrages-pour-mi-mars\/#primaryimage"},"thumbnailUrl":"https:\/\/ikar.dev\/bceco-v2\/wp-content\/uploads\/2023\/03\/briefing_1.jpg","keywords":["PDL145T"],"articleSection":["Actualit\u00e9s"],"inLanguage":"en-US","potentialAction":[{"@type":"CommentAction","name":"Comment","target":["https:\/\/ikar.dev\/bceco-v2\/pdl-145t-reception-technique-des-ouvrages-pour-mi-mars\/#respond"]}]},{"@type":"WebPage","@id":"https:\/\/ikar.dev\/bceco-v2\/pdl-145t-reception-technique-des-ouvrages-pour-mi-mars\/","url":"https:\/\/ikar.dev\/bceco-v2\/pdl-145t-reception-technique-des-ouvrages-pour-mi-mars\/","name":"PDL-145T : R\u00e9ception technique des ouvrages pour mi-mars - Bureau Central de Coordination","isPartOf":{"@id":"https:\/\/ikar.dev\/bceco-v2\/#website"},"primaryImageOfPage":{"@id":"https:\/\/ikar.dev\/bceco-v2\/pdl-145t-reception-technique-des-ouvrages-pour-mi-mars\/#primaryimage"},"image":{"@id":"https:\/\/ikar.dev\/bceco-v2\/pdl-145t-reception-technique-des-ouvrages-pour-mi-mars\/#primaryimage"},"thumbnailUrl":"https:\/\/ikar.dev\/bceco-v2\/wp-content\/uploads\/2023\/03\/briefing_1.jpg","datePublished":"2023-03-15T10:15:00+00:00","breadcrumb":{"@id":"https:\/\/ikar.dev\/bceco-v2\/pdl-145t-reception-technique-des-ouvrages-pour-mi-mars\/#breadcrumb"},"inLanguage":"en-US","potentialAction":[{"@type":"ReadAction","target":["https:\/\/ikar.dev\/bceco-v2\/pdl-145t-reception-technique-des-ouvrages-pour-mi-mars\/"]}]},{"@type":"ImageObject","inLanguage":"en-US","@id":"https:\/\/ikar.dev\/bceco-v2\/pdl-145t-reception-technique-des-ouvrages-pour-mi-mars\/#primaryimage","url":"https:\/\/ikar.dev\/bceco-v2\/wp-content\/uploads\/2023\/03\/briefing_1.jpg","contentUrl":"https:\/\/ikar.dev\/bceco-v2\/wp-content\/uploads\/2023\/03\/briefing_1.jpg","width":1170,"height":780},{"@type":"BreadcrumbList","@id":"https:\/\/ikar.dev\/bceco-v2\/pdl-145t-reception-technique-des-ouvrages-pour-mi-mars\/#breadcrumb","itemListElement":[{"@type":"ListItem","position":1,"name":"Accueil","item":"https:\/\/ikar.dev\/bceco-v2\/"},{"@type":"ListItem","position":2,"name":"PDL-145T : R\u00e9ception technique des ouvrages pour mi-mars"}]},{"@type":"WebSite","@id":"https:\/\/ikar.dev\/bceco-v2\/#website","url":"https:\/\/ikar.dev\/bceco-v2\/","name":"Bureau Central de Coordination","description":"B.Ce.Co \u2013 Au c\u0153ur de l\u2019ex\u00e9cution des projets de d\u00e9veloppement en RDC","publisher":{"@id":"https:\/\/ikar.dev\/bceco-v2\/#organization"},"potentialAction":[{"@type":"SearchAction","target":{"@type":"EntryPoint","urlTemplate":"https:\/\/ikar.dev\/bceco-v2\/?s={search_term_string}"},"query-input":{"@type":"PropertyValueSpecification","valueRequired":true,"valueName":"search_term_string"}}],"inLanguage":"en-US"},{"@type":"Organization","@id":"https:\/\/ikar.dev\/bceco-v2\/#organization","name":"Bureau Central de Coordination","url":"https:\/\/ikar.dev\/bceco-v2\/","logo":{"@type":"ImageObject","inLanguage":"en-US","@id":"https:\/\/ikar.dev\/bceco-v2\/#\/schema\/logo\/image\/","url":"https:\/\/ikar.dev\/bceco-v2\/wp-content\/uploads\/2025\/12\/BCECO-Bureau-Central-de-Coordination.jpg","contentUrl":"https:\/\/ikar.dev\/bceco-v2\/wp-content\/uploads\/2025\/12\/BCECO-Bureau-Central-de-Coordination.jpg","width":2048,"height":2048,"caption":"Bureau Central de Coordination"},"image":{"@id":"https:\/\/ikar.dev\/bceco-v2\/#\/schema\/logo\/image\/"},"sameAs":["https:\/\/www.facebook.com\/BCeCoRDC","https:\/\/x.com\/BCeCoRDC"]},{"@type":"Person","@id":"https:\/\/ikar.dev\/bceco-v2\/#\/schema\/person\/6ee74807ffb016a78852fec6a295d503","name":"bceco","image":{"@type":"ImageObject","inLanguage":"en-US","@id":"https:\/\/ikar.dev\/bceco-v2\/#\/schema\/person\/image\/","url":"https:\/\/secure.gravatar.com\/avatar\/55c07e1707f50774ef3c842c9d074773a6b558a20fbd1608c8e4871bc88f3455?s=96&d=mm&r=g","contentUrl":"https:\/\/secure.gravatar.com\/avatar\/55c07e1707f50774ef3c842c9d074773a6b558a20fbd1608c8e4871bc88f3455?s=96&d=mm&r=g","caption":"bceco"},"sameAs":["https:\/\/ikar.dev\/bceco-v2"],"url":"https:\/\/ikar.dev\/bceco-v2\/author\/bceco\/"}]}},"_links":{"self":[{"href":"https:\/\/ikar.dev\/bceco-v2\/wp-json\/wp\/v2\/posts\/28916","targetHints":{"allow":["GET"]}}],"collection":[{"href":"https:\/\/ikar.dev\/bceco-v2\/wp-json\/wp\/v2\/posts"}],"about":[{"href":"https:\/\/ikar.dev\/bceco-v2\/wp-json\/wp\/v2\/types\/post"}],"author":[{"embeddable":true,"href":"https:\/\/ikar.dev\/bceco-v2\/wp-json\/wp\/v2\/users\/1"}],"replies":[{"embeddable":true,"href":"https:\/\/ikar.dev\/bceco-v2\/wp-json\/wp\/v2\/comments?post=28916"}],"version-history":[{"count":0,"href":"https:\/\/ikar.dev\/bceco-v2\/wp-json\/wp\/v2\/posts\/28916\/revisions"}],"wp:featuredmedia":[{"embeddable":true,"href":"https:\/\/ikar.dev\/bceco-v2\/wp-json\/wp\/v2\/media\/28917"}],"wp:attachment":[{"href":"https:\/\/ikar.dev\/bceco-v2\/wp-json\/wp\/v2\/media?parent=28916"}],"wp:term":[{"taxonomy":"category","embeddable":true,"href":"https:\/\/ikar.dev\/bceco-v2\/wp-json\/wp\/v2\/categories?post=28916"},{"taxonomy":"post_tag","embeddable":true,"href":"https:\/\/ikar.dev\/bceco-v2\/wp-json\/wp\/v2\/tags?post=28916"}],"curies":[{"name":"wp","href":"https:\/\/api.w.org\/{rel}","templated":true}]}}